{"id":2785,"date":"2024-06-19T20:11:17","date_gmt":"2024-06-19T18:11:17","guid":{"rendered":"https:\/\/unaymilletras.com\/?p=2785"},"modified":"2024-08-21T18:11:47","modified_gmt":"2024-08-21T16:11:47","slug":"paul-mccartney-regresa-a-madrid-con-su-got-back-tour","status":"publish","type":"post","link":"https:\/\/unaymilletras.com\/en\/paul-mccartney-regresa-a-madrid-con-su-got-back-tour\/","title":{"rendered":"Paul McCartney regresa a Madrid con su Got Back Tour"},"content":{"rendered":"\t\t<div data-elementor-type=\"wp-post\" data-elementor-id=\"2785\" class=\"elementor elementor-2785\">\n\t\t\t\t\t\t<section class=\"elementor-section elementor-top-section elementor-element elementor-element-273e7d9 elementor-section-boxed elementor-section-height-default elementor-section-height-default\" data-id=\"273e7d9\" data-element_type=\"section\" data-e-type=\"section\">\n\t\t\t\t\t\t<div class=\"elementor-container elementor-column-gap-default\">\n\t\t\t\t\t<div class=\"elementor-column elementor-col-100 elementor-top-column elementor-element elementor-element-326516d\" data-id=\"326516d\" data-element_type=\"column\" data-e-type=\"column\">\n\t\t\t<div class=\"elementor-widget-wrap elementor-element-populated\">\n\t\t\t\t\t\t<div class=\"elementor-element elementor-element-8434202 elementor-widget elementor-widget-text-editor\" data-id=\"8434202\" data-element_type=\"widget\" data-e-type=\"widget\" data-widget_type=\"text-editor.default\">\n\t\t\t\t<div class=\"elementor-widget-container\">\n\t\t\t\t\t\t\t\t\t<h2 style=\"text-align: center;\"><span style=\"color: #808080;\"><em>Tras ocho a\u00f1os, el ex-beatle Paul McCartney anuncia su primera fecha en Espa\u00f1a el pr\u00f3ximo mes de diciembre<\/em><\/span><\/h2>\t\t\t\t\t\t\t\t<\/div>\n\t\t\t\t<\/div>\n\t\t\t\t\t<\/div>\n\t\t<\/div>\n\t\t\t\t\t<\/div>\n\t\t<\/section>\n\t\t\t\t<section class=\"elementor-section elementor-top-section elementor-element elementor-element-bd523e5 elementor-section-boxed elementor-section-height-default elementor-section-height-default\" data-id=\"bd523e5\" data-element_type=\"section\" data-e-type=\"section\">\n\t\t\t\t\t\t<div class=\"elementor-container elementor-column-gap-default\">\n\t\t\t\t\t<div class=\"elementor-column elementor-col-100 elementor-top-column elementor-element elementor-element-1d55e8b\" data-id=\"1d55e8b\" data-element_type=\"column\" data-e-type=\"column\">\n\t\t\t<div class=\"elementor-widget-wrap elementor-element-populated\">\n\t\t\t\t\t\t<div class=\"elementor-element elementor-element-b394228 elementor-widget elementor-widget-text-editor\" data-id=\"b394228\" data-element_type=\"widget\" data-e-type=\"widget\" data-widget_type=\"text-editor.default\">\n\t\t\t\t<div class=\"elementor-widget-container\">\n\t\t\t\t\t\t\t\t\t<p><strong>Paul McCartney<\/strong> vuelve a Madrid despu\u00e9s de ocho a\u00f1os con su<strong> Got Back Tour<\/strong>, que comenz\u00f3 en Estados Unidos en 2022. El ic\u00f3nico artista brit\u00e1nico se presentar\u00e1 en el <strong>WiZink Center<\/strong> los d\u00edas<strong> 9 y 10 de diciembre de 2024<\/strong>. McCartney hab\u00eda prometido en su \u00faltimo concierto en Madrid, en 2016, que volver\u00eda a Espa\u00f1a, y ahora cumple con su palabra.<\/p>\t\t\t\t\t\t\t\t<\/div>\n\t\t\t\t<\/div>\n\t\t\t\t\t<\/div>\n\t\t<\/div>\n\t\t\t\t\t<\/div>\n\t\t<\/section>\n\t\t\t\t<section class=\"elementor-section elementor-top-section elementor-element elementor-element-3476435 elementor-section-boxed elementor-section-height-default elementor-section-height-default\" data-id=\"3476435\" data-element_type=\"section\" data-e-type=\"section\">\n\t\t\t\t\t\t<div class=\"elementor-container elementor-column-gap-default\">\n\t\t\t\t\t<div class=\"elementor-column elementor-col-50 elementor-top-column elementor-element elementor-element-478121f\" data-id=\"478121f\" data-element_type=\"column\" data-e-type=\"column\">\n\t\t\t<div class=\"elementor-widget-wrap elementor-element-populated\">\n\t\t\t\t\t\t<div class=\"elementor-element elementor-element-f302ae1 elementor-widget elementor-widget-image\" data-id=\"f302ae1\" data-element_type=\"widget\" data-e-type=\"widget\" data-widget_type=\"image.default\">\n\t\t\t\t<div class=\"elementor-widget-container\">\n\t\t\t\t\t\t\t\t\t\t\t\t\t\t\t<img fetchpriority=\"high\" decoding=\"async\" width=\"640\" height=\"913\" src=\"https:\/\/unaymilletras.com\/wp-content\/uploads\/2024\/06\/5af31707-ed86-5bec-dc31-cbd9bb38-718x1024.jpg\" class=\"attachment-large size-large wp-image-2788\" alt=\"Paul McCartney\" srcset=\"https:\/\/unaymilletras.com\/wp-content\/uploads\/2024\/06\/5af31707-ed86-5bec-dc31-cbd9bb38-718x1024.jpg 718w, https:\/\/unaymilletras.com\/wp-content\/uploads\/2024\/06\/5af31707-ed86-5bec-dc31-cbd9bb38-210x300.jpg 210w, https:\/\/unaymilletras.com\/wp-content\/uploads\/2024\/06\/5af31707-ed86-5bec-dc31-cbd9bb38-768x1096.jpg 768w, https:\/\/unaymilletras.com\/wp-content\/uploads\/2024\/06\/5af31707-ed86-5bec-dc31-cbd9bb38-1076x1536.jpg 1076w, https:\/\/unaymilletras.com\/wp-content\/uploads\/2024\/06\/5af31707-ed86-5bec-dc31-cbd9bb38-1435x2048.jpg 1435w, https:\/\/unaymilletras.com\/wp-content\/uploads\/2024\/06\/5af31707-ed86-5bec-dc31-cbd9bb38-1024x1461.jpg 1024w, https:\/\/unaymilletras.com\/wp-content\/uploads\/2024\/06\/5af31707-ed86-5bec-dc31-cbd9bb38-e1718820825609.jpg 600w\" sizes=\"(max-width: 640px) 100vw, 640px\" \/>\t\t\t\t\t\t\t\t\t\t\t\t\t\t\t<\/div>\n\t\t\t\t<\/div>\n\t\t\t\t\t<\/div>\n\t\t<\/div>\n\t\t\t\t<div class=\"elementor-column elementor-col-50 elementor-top-column elementor-element elementor-element-e38d4af\" data-id=\"e38d4af\" data-element_type=\"column\" data-e-type=\"column\">\n\t\t\t<div class=\"elementor-widget-wrap elementor-element-populated\">\n\t\t\t\t\t\t<div class=\"elementor-element elementor-element-890a154 elementor-widget elementor-widget-text-editor\" data-id=\"890a154\" data-element_type=\"widget\" data-e-type=\"widget\" data-widget_type=\"text-editor.default\">\n\t\t\t\t<div class=\"elementor-widget-container\">\n\t\t\t\t\t\t\t\t\t<p>Las entradas para los conciertos de Madrid estar\u00e1n disponibles a partir del 21 de junio a las 10:00 horas en <b><a href=\"http:\/\/livenation.es\">Livenation.es<\/a><\/b>, <b>Ticketmaster<\/b> y <b>El Corte Ingl\u00e9s<\/b>. Las preventas comenzar\u00e1n el 19 de junio a las 10:00 horas en Livenation.es, con precios desde <b>45\u20ac<\/b> m\u00e1s gastos de distribuci\u00f3n.<\/p><p>Con una carrera de m\u00e1s de seis d\u00e9cadas, Paul McCartney ha compuesto algunos de los temas m\u00e1s emblem\u00e1ticos de la m\u00fasica. Sus conciertos son una celebraci\u00f3n de cl\u00e1sicos atemporales como <em>Hey Jude<\/em>, <em>Live and Let Die<\/em>, <em>Band on the Run y Let It Be<\/em>. Cada actuaci\u00f3n ofrece a los asistentes una experiencia inolvidable, recorriendo su \u00e9poca con los Beatles, su carrera en solitario y su trabajo con Wings.<\/p>\t\t\t\t\t\t\t\t<\/div>\n\t\t\t\t<\/div>\n\t\t\t\t\t<\/div>\n\t\t<\/div>\n\t\t\t\t\t<\/div>\n\t\t<\/section>\n\t\t\t\t<section class=\"elementor-section elementor-top-section elementor-element elementor-element-1efe492 elementor-section-boxed elementor-section-height-default elementor-section-height-default\" data-id=\"1efe492\" data-element_type=\"section\" data-e-type=\"section\">\n\t\t\t\t\t\t<div class=\"elementor-container elementor-column-gap-default\">\n\t\t\t\t\t<div class=\"elementor-column elementor-col-100 elementor-top-column elementor-element elementor-element-bb05f34\" data-id=\"bb05f34\" data-element_type=\"column\" data-e-type=\"column\">\n\t\t\t<div class=\"elementor-widget-wrap elementor-element-populated\">\n\t\t\t\t\t\t<div class=\"elementor-element elementor-element-f36cbfa elementor-widget elementor-widget-text-editor\" data-id=\"f36cbfa\" data-element_type=\"widget\" data-e-type=\"widget\" data-widget_type=\"text-editor.default\">\n\t\t\t\t<div class=\"elementor-widget-container\">\n\t\t\t\t\t\t\t\t\t<div class=\"flex flex-grow flex-col max-w-full\"><div class=\"min-h-[20px] text-message flex flex-col items-start whitespace-pre-wrap break-words [.text-message+&amp;]:mt-5 juice:w-full juice:items-end overflow-x-auto gap-2\" dir=\"auto\" data-message-author-role=\"assistant\" data-message-id=\"411d581e-1049-43f8-9123-6afd0167f90b\"><div class=\"flex w-full flex-col gap-1 juice:empty:hidden juice:first:pt-[3px]\"><div class=\"markdown prose w-full break-words dark:prose-invert light\"><p><span style=\"color: var( --e-global-color-text ); font-family: var( --e-global-typography-text-font-family ), Sans-serif; font-weight: var( --e-global-typography-text-font-weight );\">El Got Back Tour arranc\u00f3 en 2022 con 16 conciertos en Estados Unidos y ha sido aclamado por la cr\u00edtica. The Times lo describi\u00f3 como \u00abel mejor concierto de todos los tiempos\u00bb tras su actuaci\u00f3n en Glastonbury en junio de 2022. En 2023, McCartney continu\u00f3 con su exitosa gira, sumando 18 conciertos m\u00e1s en Australia, M\u00e9xico y Brasil.<\/span><\/p><p><span style=\"color: var( --e-global-color-text ); font-family: var( --e-global-typography-text-font-family ), Sans-serif; font-weight: var( --e-global-typography-text-font-weight );\">McCartney y su banda han actuado en lugares ic\u00f3nicos alrededor del mundo, incluyendo el Coliseo de Roma, la Plaza Roja de Mosc\u00fa, el Palacio de Buckingham y la Casa Blanca.\u00a0<\/span><span style=\"color: var( --e-global-color-text ); font-family: var( --e-global-typography-text-font-family ), Sans-serif; font-weight: var( --e-global-typography-text-font-weight );\">No te pierdas la oportunidad de ver a uno de los m\u00e1s grandes de la m\u00fasica en directo. Paul McCartney vuelve a Madrid para ofrecer un espect\u00e1culo inolvidable.<\/span><\/p><\/div><\/div><\/div><\/div>\t\t\t\t\t\t\t\t<\/div>\n\t\t\t\t<\/div>\n\t\t\t\t\t<\/div>\n\t\t<\/div>\n\t\t\t\t\t<\/div>\n\t\t<\/section>\n\t\t\t\t<\/div>\n\t\t","protected":false},"excerpt":{"rendered":"<p>Tras ocho a\u00f1os, el ex-beatle Paul McCartney anuncia su primera fecha en Espa\u00f1a el pr\u00f3ximo mes de diciembre Paul McCartney vuelve a Madrid despu\u00e9s de ocho a\u00f1os con su Got Back Tour, que comenz\u00f3 en Estados Unidos en 2022. El ic\u00f3nico artista brit\u00e1nico se presentar\u00e1 en el WiZink Center los d\u00edas 9 y 10 de [&hellip;]<\/p>\n","protected":false},"author":6,"featured_media":2788,"comment_status":"open","ping_status":"open","sticky":false,"template":"","format":"standard","meta":{"footnotes":""},"categories":[119,4],"tags":[],"class_list":["post-2785","post","type-post","status-publish","format-standard","has-post-thumbnail","hentry","category-eventos","category-musica"],"yoast_head":"<!-- This site is optimized with the Yoast SEO plugin v27.4 - https:\/\/yoast.com\/product\/yoast-seo-wordpress\/ -->\n<title>Paul McCartney regresa a Madrid con su Got Back Tour<\/title>\n<meta name=\"description\" content=\"Tras ocho a\u00f1os, el ex-beatle Paul McCartney anuncia su primera fecha en Espa\u00f1a el pr\u00f3ximo mes de diciembre\" \/>\n<meta name=\"robots\" content=\"index, follow, max-snippet:-1, max-image-preview:large, max-video-preview:-1\" \/>\n<link rel=\"canonical\" href=\"https:\/\/unaymilletras.com\/en\/paul-mccartney-regresa-a-madrid-con-su-got-back-tour\/\" \/>\n<meta property=\"og:locale\" content=\"en_GB\" \/>\n<meta property=\"og:type\" content=\"article\" \/>\n<meta property=\"og:title\" content=\"Paul McCartney regresa a Madrid con su Got Back Tour\" \/>\n<meta property=\"og:description\" content=\"Tras ocho a\u00f1os, el ex-beatle Paul McCartney anuncia su primera fecha en Espa\u00f1a el pr\u00f3ximo mes de diciembre\" \/>\n<meta property=\"og:url\" content=\"https:\/\/unaymilletras.com\/en\/paul-mccartney-regresa-a-madrid-con-su-got-back-tour\/\" \/>\n<meta property=\"og:site_name\" content=\"Una y Mil Letras\" \/>\n<meta property=\"article:published_time\" content=\"2024-06-19T18:11:17+00:00\" \/>\n<meta property=\"article:modified_time\" content=\"2024-08-21T16:11:47+00:00\" \/>\n<meta property=\"og:image\" content=\"http:\/\/unaymilletras.com\/wp-content\/uploads\/2024\/06\/5af31707-ed86-5bec-dc31-cbd9bb38-e1718820825609.jpg\" \/>\n\t<meta property=\"og:image:width\" content=\"600\" \/>\n\t<meta property=\"og:image:height\" content=\"856\" \/>\n\t<meta property=\"og:image:type\" content=\"image\/jpeg\" \/>\n<meta name=\"author\" content=\"Redacci\u00f3n\" \/>\n<meta name=\"twitter:card\" content=\"summary_large_image\" \/>\n<meta name=\"twitter:creator\" content=\"@UnaYMilLetras\" \/>\n<meta name=\"twitter:site\" content=\"@UnaYMilLetras\" \/>\n<meta name=\"twitter:label1\" content=\"Written by\" \/>\n\t<meta name=\"twitter:data1\" content=\"Redacci\u00f3n\" \/>\n\t<meta name=\"twitter:label2\" content=\"Estimated reading time\" \/>\n\t<meta name=\"twitter:data2\" content=\"2 minutes\" \/>\n<script type=\"application\/ld+json\" class=\"yoast-schema-graph\">{\"@context\":\"https:\\\/\\\/schema.org\",\"@graph\":[{\"@type\":\"Article\",\"@id\":\"https:\\\/\\\/unaymilletras.com\\\/paul-mccartney-regresa-a-madrid-con-su-got-back-tour\\\/#article\",\"isPartOf\":{\"@id\":\"https:\\\/\\\/unaymilletras.com\\\/paul-mccartney-regresa-a-madrid-con-su-got-back-tour\\\/\"},\"author\":{\"name\":\"Redacci\u00f3n\",\"@id\":\"http:\\\/\\\/unaymilletras.com\\\/#\\\/schema\\\/person\\\/0860dc8a218329991ee2c7591f4f849d\"},\"headline\":\"Paul McCartney regresa a Madrid con su Got Back Tour\",\"datePublished\":\"2024-06-19T18:11:17+00:00\",\"dateModified\":\"2024-08-21T16:11:47+00:00\",\"mainEntityOfPage\":{\"@id\":\"https:\\\/\\\/unaymilletras.com\\\/paul-mccartney-regresa-a-madrid-con-su-got-back-tour\\\/\"},\"wordCount\":339,\"commentCount\":0,\"publisher\":{\"@id\":\"http:\\\/\\\/unaymilletras.com\\\/#organization\"},\"image\":{\"@id\":\"https:\\\/\\\/unaymilletras.com\\\/paul-mccartney-regresa-a-madrid-con-su-got-back-tour\\\/#primaryimage\"},\"thumbnailUrl\":\"https:\\\/\\\/unaymilletras.com\\\/wp-content\\\/uploads\\\/2024\\\/06\\\/5af31707-ed86-5bec-dc31-cbd9bb38-e1718820825609.jpg\",\"articleSection\":[\"Eventos\",\"M\u00fasica\"],\"inLanguage\":\"en-GB\",\"potentialAction\":[{\"@type\":\"CommentAction\",\"name\":\"Comment\",\"target\":[\"https:\\\/\\\/unaymilletras.com\\\/paul-mccartney-regresa-a-madrid-con-su-got-back-tour\\\/#respond\"]}]},{\"@type\":\"WebPage\",\"@id\":\"https:\\\/\\\/unaymilletras.com\\\/paul-mccartney-regresa-a-madrid-con-su-got-back-tour\\\/\",\"url\":\"https:\\\/\\\/unaymilletras.com\\\/paul-mccartney-regresa-a-madrid-con-su-got-back-tour\\\/\",\"name\":\"Paul McCartney regresa a Madrid con su Got Back Tour\",\"isPartOf\":{\"@id\":\"http:\\\/\\\/unaymilletras.com\\\/#website\"},\"primaryImageOfPage\":{\"@id\":\"https:\\\/\\\/unaymilletras.com\\\/paul-mccartney-regresa-a-madrid-con-su-got-back-tour\\\/#primaryimage\"},\"image\":{\"@id\":\"https:\\\/\\\/unaymilletras.com\\\/paul-mccartney-regresa-a-madrid-con-su-got-back-tour\\\/#primaryimage\"},\"thumbnailUrl\":\"https:\\\/\\\/unaymilletras.com\\\/wp-content\\\/uploads\\\/2024\\\/06\\\/5af31707-ed86-5bec-dc31-cbd9bb38-e1718820825609.jpg\",\"datePublished\":\"2024-06-19T18:11:17+00:00\",\"dateModified\":\"2024-08-21T16:11:47+00:00\",\"description\":\"Tras ocho a\u00f1os, el ex-beatle Paul McCartney anuncia su primera fecha en Espa\u00f1a el pr\u00f3ximo mes de diciembre\",\"breadcrumb\":{\"@id\":\"https:\\\/\\\/unaymilletras.com\\\/paul-mccartney-regresa-a-madrid-con-su-got-back-tour\\\/#breadcrumb\"},\"inLanguage\":\"en-GB\",\"potentialAction\":[{\"@type\":\"ReadAction\",\"target\":[\"https:\\\/\\\/unaymilletras.com\\\/paul-mccartney-regresa-a-madrid-con-su-got-back-tour\\\/\"]}]},{\"@type\":\"ImageObject\",\"inLanguage\":\"en-GB\",\"@id\":\"https:\\\/\\\/unaymilletras.com\\\/paul-mccartney-regresa-a-madrid-con-su-got-back-tour\\\/#primaryimage\",\"url\":\"https:\\\/\\\/unaymilletras.com\\\/wp-content\\\/uploads\\\/2024\\\/06\\\/5af31707-ed86-5bec-dc31-cbd9bb38-e1718820825609.jpg\",\"contentUrl\":\"https:\\\/\\\/unaymilletras.com\\\/wp-content\\\/uploads\\\/2024\\\/06\\\/5af31707-ed86-5bec-dc31-cbd9bb38-e1718820825609.jpg\",\"width\":600,\"height\":856,\"caption\":\"Paul McCartney\"},{\"@type\":\"BreadcrumbList\",\"@id\":\"https:\\\/\\\/unaymilletras.com\\\/paul-mccartney-regresa-a-madrid-con-su-got-back-tour\\\/#breadcrumb\",\"itemListElement\":[{\"@type\":\"ListItem\",\"position\":1,\"name\":\"Home\",\"item\":\"http:\\\/\\\/unaymilletras.com\\\/\"},{\"@type\":\"ListItem\",\"position\":2,\"name\":\"Paul McCartney regresa a Madrid con su Got Back Tour\"}]},{\"@type\":\"WebSite\",\"@id\":\"http:\\\/\\\/unaymilletras.com\\\/#website\",\"url\":\"http:\\\/\\\/unaymilletras.com\\\/\",\"name\":\"Una y Mil Letras\",\"description\":\"\",\"publisher\":{\"@id\":\"http:\\\/\\\/unaymilletras.com\\\/#organization\"},\"potentialAction\":[{\"@type\":\"SearchAction\",\"target\":{\"@type\":\"EntryPoint\",\"urlTemplate\":\"http:\\\/\\\/unaymilletras.com\\\/?s={search_term_string}\"},\"query-input\":{\"@type\":\"PropertyValueSpecification\",\"valueRequired\":true,\"valueName\":\"search_term_string\"}}],\"inLanguage\":\"en-GB\"},{\"@type\":\"Organization\",\"@id\":\"http:\\\/\\\/unaymilletras.com\\\/#organization\",\"name\":\"Una y Mil Letras\",\"url\":\"http:\\\/\\\/unaymilletras.com\\\/\",\"logo\":{\"@type\":\"ImageObject\",\"inLanguage\":\"en-GB\",\"@id\":\"http:\\\/\\\/unaymilletras.com\\\/#\\\/schema\\\/logo\\\/image\\\/\",\"url\":\"https:\\\/\\\/unaymilletras.com\\\/wp-content\\\/uploads\\\/2024\\\/06\\\/cropped-Logo-removebg-preview.png\",\"contentUrl\":\"https:\\\/\\\/unaymilletras.com\\\/wp-content\\\/uploads\\\/2024\\\/06\\\/cropped-Logo-removebg-preview.png\",\"width\":512,\"height\":512,\"caption\":\"Una y Mil Letras\"},\"image\":{\"@id\":\"http:\\\/\\\/unaymilletras.com\\\/#\\\/schema\\\/logo\\\/image\\\/\"},\"sameAs\":[\"https:\\\/\\\/x.com\\\/UnaYMilLetras\",\"https:\\\/\\\/instagram.com\\\/UnaYMilLetras\"]},{\"@type\":\"Person\",\"@id\":\"http:\\\/\\\/unaymilletras.com\\\/#\\\/schema\\\/person\\\/0860dc8a218329991ee2c7591f4f849d\",\"name\":\"Redacci\u00f3n\",\"image\":{\"@type\":\"ImageObject\",\"inLanguage\":\"en-GB\",\"@id\":\"https:\\\/\\\/secure.gravatar.com\\\/avatar\\\/d8f55e05a8b6597e45c55a1dcbdbfe44f4a360d88b48e00de5216a79b7732796?s=96&d=mm&r=g\",\"url\":\"https:\\\/\\\/secure.gravatar.com\\\/avatar\\\/d8f55e05a8b6597e45c55a1dcbdbfe44f4a360d88b48e00de5216a79b7732796?s=96&d=mm&r=g\",\"contentUrl\":\"https:\\\/\\\/secure.gravatar.com\\\/avatar\\\/d8f55e05a8b6597e45c55a1dcbdbfe44f4a360d88b48e00de5216a79b7732796?s=96&d=mm&r=g\",\"caption\":\"Redacci\u00f3n\"},\"url\":\"https:\\\/\\\/unaymilletras.com\\\/en\\\/author\\\/redaccion\\\/\"}]}<\/script>\n<!-- \/ Yoast SEO plugin. -->","yoast_head_json":{"title":"Paul McCartney regresa a Madrid con su Got Back Tour","description":"Tras ocho a\u00f1os, el ex-beatle Paul McCartney anuncia su primera fecha en Espa\u00f1a el pr\u00f3ximo mes de diciembre","robots":{"index":"index","follow":"follow","max-snippet":"max-snippet:-1","max-image-preview":"max-image-preview:large","max-video-preview":"max-video-preview:-1"},"canonical":"https:\/\/unaymilletras.com\/en\/paul-mccartney-regresa-a-madrid-con-su-got-back-tour\/","og_locale":"en_GB","og_type":"article","og_title":"Paul McCartney regresa a Madrid con su Got Back Tour","og_description":"Tras ocho a\u00f1os, el ex-beatle Paul McCartney anuncia su primera fecha en Espa\u00f1a el pr\u00f3ximo mes de diciembre","og_url":"https:\/\/unaymilletras.com\/en\/paul-mccartney-regresa-a-madrid-con-su-got-back-tour\/","og_site_name":"Una y Mil Letras","article_published_time":"2024-06-19T18:11:17+00:00","article_modified_time":"2024-08-21T16:11:47+00:00","og_image":[{"width":600,"height":856,"url":"http:\/\/unaymilletras.com\/wp-content\/uploads\/2024\/06\/5af31707-ed86-5bec-dc31-cbd9bb38-e1718820825609.jpg","type":"image\/jpeg"}],"author":"Redacci\u00f3n","twitter_card":"summary_large_image","twitter_creator":"@UnaYMilLetras","twitter_site":"@UnaYMilLetras","twitter_misc":{"Written by":"Redacci\u00f3n","Estimated reading time":"2 minutes"},"schema":{"@context":"https:\/\/schema.org","@graph":[{"@type":"Article","@id":"https:\/\/unaymilletras.com\/paul-mccartney-regresa-a-madrid-con-su-got-back-tour\/#article","isPartOf":{"@id":"https:\/\/unaymilletras.com\/paul-mccartney-regresa-a-madrid-con-su-got-back-tour\/"},"author":{"name":"Redacci\u00f3n","@id":"http:\/\/unaymilletras.com\/#\/schema\/person\/0860dc8a218329991ee2c7591f4f849d"},"headline":"Paul McCartney regresa a Madrid con su Got Back Tour","datePublished":"2024-06-19T18:11:17+00:00","dateModified":"2024-08-21T16:11:47+00:00","mainEntityOfPage":{"@id":"https:\/\/unaymilletras.com\/paul-mccartney-regresa-a-madrid-con-su-got-back-tour\/"},"wordCount":339,"commentCount":0,"publisher":{"@id":"http:\/\/unaymilletras.com\/#organization"},"image":{"@id":"https:\/\/unaymilletras.com\/paul-mccartney-regresa-a-madrid-con-su-got-back-tour\/#primaryimage"},"thumbnailUrl":"https:\/\/unaymilletras.com\/wp-content\/uploads\/2024\/06\/5af31707-ed86-5bec-dc31-cbd9bb38-e1718820825609.jpg","articleSection":["Eventos","M\u00fasica"],"inLanguage":"en-GB","potentialAction":[{"@type":"CommentAction","name":"Comment","target":["https:\/\/unaymilletras.com\/paul-mccartney-regresa-a-madrid-con-su-got-back-tour\/#respond"]}]},{"@type":"WebPage","@id":"https:\/\/unaymilletras.com\/paul-mccartney-regresa-a-madrid-con-su-got-back-tour\/","url":"https:\/\/unaymilletras.com\/paul-mccartney-regresa-a-madrid-con-su-got-back-tour\/","name":"Paul McCartney regresa a Madrid con su Got Back Tour","isPartOf":{"@id":"http:\/\/unaymilletras.com\/#website"},"primaryImageOfPage":{"@id":"https:\/\/unaymilletras.com\/paul-mccartney-regresa-a-madrid-con-su-got-back-tour\/#primaryimage"},"image":{"@id":"https:\/\/unaymilletras.com\/paul-mccartney-regresa-a-madrid-con-su-got-back-tour\/#primaryimage"},"thumbnailUrl":"https:\/\/unaymilletras.com\/wp-content\/uploads\/2024\/06\/5af31707-ed86-5bec-dc31-cbd9bb38-e1718820825609.jpg","datePublished":"2024-06-19T18:11:17+00:00","dateModified":"2024-08-21T16:11:47+00:00","description":"Tras ocho a\u00f1os, el ex-beatle Paul McCartney anuncia su primera fecha en Espa\u00f1a el pr\u00f3ximo mes de diciembre","breadcrumb":{"@id":"https:\/\/unaymilletras.com\/paul-mccartney-regresa-a-madrid-con-su-got-back-tour\/#breadcrumb"},"inLanguage":"en-GB","potentialAction":[{"@type":"ReadAction","target":["https:\/\/unaymilletras.com\/paul-mccartney-regresa-a-madrid-con-su-got-back-tour\/"]}]},{"@type":"ImageObject","inLanguage":"en-GB","@id":"https:\/\/unaymilletras.com\/paul-mccartney-regresa-a-madrid-con-su-got-back-tour\/#primaryimage","url":"https:\/\/unaymilletras.com\/wp-content\/uploads\/2024\/06\/5af31707-ed86-5bec-dc31-cbd9bb38-e1718820825609.jpg","contentUrl":"https:\/\/unaymilletras.com\/wp-content\/uploads\/2024\/06\/5af31707-ed86-5bec-dc31-cbd9bb38-e1718820825609.jpg","width":600,"height":856,"caption":"Paul McCartney"},{"@type":"BreadcrumbList","@id":"https:\/\/unaymilletras.com\/paul-mccartney-regresa-a-madrid-con-su-got-back-tour\/#breadcrumb","itemListElement":[{"@type":"ListItem","position":1,"name":"Home","item":"http:\/\/unaymilletras.com\/"},{"@type":"ListItem","position":2,"name":"Paul McCartney regresa a Madrid con su Got Back Tour"}]},{"@type":"WebSite","@id":"http:\/\/unaymilletras.com\/#website","url":"http:\/\/unaymilletras.com\/","name":"Una y Mil Letras","description":"","publisher":{"@id":"http:\/\/unaymilletras.com\/#organization"},"potentialAction":[{"@type":"SearchAction","target":{"@type":"EntryPoint","urlTemplate":"http:\/\/unaymilletras.com\/?s={search_term_string}"},"query-input":{"@type":"PropertyValueSpecification","valueRequired":true,"valueName":"search_term_string"}}],"inLanguage":"en-GB"},{"@type":"Organization","@id":"http:\/\/unaymilletras.com\/#organization","name":"Una y Mil Letras","url":"http:\/\/unaymilletras.com\/","logo":{"@type":"ImageObject","inLanguage":"en-GB","@id":"http:\/\/unaymilletras.com\/#\/schema\/logo\/image\/","url":"https:\/\/unaymilletras.com\/wp-content\/uploads\/2024\/06\/cropped-Logo-removebg-preview.png","contentUrl":"https:\/\/unaymilletras.com\/wp-content\/uploads\/2024\/06\/cropped-Logo-removebg-preview.png","width":512,"height":512,"caption":"Una y Mil Letras"},"image":{"@id":"http:\/\/unaymilletras.com\/#\/schema\/logo\/image\/"},"sameAs":["https:\/\/x.com\/UnaYMilLetras","https:\/\/instagram.com\/UnaYMilLetras"]},{"@type":"Person","@id":"http:\/\/unaymilletras.com\/#\/schema\/person\/0860dc8a218329991ee2c7591f4f849d","name":"Redacci\u00f3n","image":{"@type":"ImageObject","inLanguage":"en-GB","@id":"https:\/\/secure.gravatar.com\/avatar\/d8f55e05a8b6597e45c55a1dcbdbfe44f4a360d88b48e00de5216a79b7732796?s=96&d=mm&r=g","url":"https:\/\/secure.gravatar.com\/avatar\/d8f55e05a8b6597e45c55a1dcbdbfe44f4a360d88b48e00de5216a79b7732796?s=96&d=mm&r=g","contentUrl":"https:\/\/secure.gravatar.com\/avatar\/d8f55e05a8b6597e45c55a1dcbdbfe44f4a360d88b48e00de5216a79b7732796?s=96&d=mm&r=g","caption":"Redacci\u00f3n"},"url":"https:\/\/unaymilletras.com\/en\/author\/redaccion\/"}]}},"_links":{"self":[{"href":"https:\/\/unaymilletras.com\/en\/wp-json\/wp\/v2\/posts\/2785","targetHints":{"allow":["GET"]}}],"collection":[{"href":"https:\/\/unaymilletras.com\/en\/wp-json\/wp\/v2\/posts"}],"about":[{"href":"https:\/\/unaymilletras.com\/en\/wp-json\/wp\/v2\/types\/post"}],"author":[{"embeddable":true,"href":"https:\/\/unaymilletras.com\/en\/wp-json\/wp\/v2\/users\/6"}],"replies":[{"embeddable":true,"href":"https:\/\/unaymilletras.com\/en\/wp-json\/wp\/v2\/comments?post=2785"}],"version-history":[{"count":5,"href":"https:\/\/unaymilletras.com\/en\/wp-json\/wp\/v2\/posts\/2785\/revisions"}],"predecessor-version":[{"id":2791,"href":"https:\/\/unaymilletras.com\/en\/wp-json\/wp\/v2\/posts\/2785\/revisions\/2791"}],"wp:featuredmedia":[{"embeddable":true,"href":"https:\/\/unaymilletras.com\/en\/wp-json\/wp\/v2\/media\/2788"}],"wp:attachment":[{"href":"https:\/\/unaymilletras.com\/en\/wp-json\/wp\/v2\/media?parent=2785"}],"wp:term":[{"taxonomy":"category","embeddable":true,"href":"https:\/\/unaymilletras.com\/en\/wp-json\/wp\/v2\/categories?post=2785"},{"taxonomy":"post_tag","embeddable":true,"href":"https:\/\/unaymilletras.com\/en\/wp-json\/wp\/v2\/tags?post=2785"}],"curies":[{"name":"wp","href":"https:\/\/api.w.org\/{rel}","templated":true}]}}