{"id":2792,"date":"2024-06-20T19:29:18","date_gmt":"2024-06-20T17:29:18","guid":{"rendered":"https:\/\/unaymilletras.com\/?p=2792"},"modified":"2024-08-21T18:11:41","modified_gmt":"2024-08-21T16:11:41","slug":"ya-estan-los-videoclips-de-los-que-faltaban-el-concurso","status":"publish","type":"post","link":"https:\/\/unaymilletras.com\/en\/ya-estan-los-videoclips-de-los-que-faltaban-el-concurso\/","title":{"rendered":"Ya est\u00e1n los videoclips de \u00abLos que Faltaban\u00bb, el concurso"},"content":{"rendered":"<div data-elementor-type=\"wp-post\" data-elementor-id=\"2792\" class=\"elementor elementor-2792\">\n\t\t\t\t\t\t<section class=\"elementor-section elementor-top-section elementor-element elementor-element-462d20b elementor-section-boxed elementor-section-height-default elementor-section-height-default\" data-id=\"462d20b\" data-element_type=\"section\" data-e-type=\"section\">\n\t\t\t\t\t\t<div class=\"elementor-container elementor-column-gap-default\">\n\t\t\t\t\t<div class=\"elementor-column elementor-col-100 elementor-top-column elementor-element elementor-element-82cb763\" data-id=\"82cb763\" data-element_type=\"column\" data-e-type=\"column\">\n\t\t\t<div class=\"elementor-widget-wrap elementor-element-populated\">\n\t\t\t\t\t\t<div class=\"elementor-element elementor-element-8bd6337 elementor-widget elementor-widget-text-editor\" data-id=\"8bd6337\" data-element_type=\"widget\" data-e-type=\"widget\" data-widget_type=\"text-editor.default\">\n\t\t\t\t<div class=\"elementor-widget-container\">\n\t\t\t\t\t\t\t\t\t<h2 style=\"text-align: center;\"><span style=\"color: #808080;\"><em>Cinco videoclips ganadores de \u00abLos que faltaban\u00bb con temas emblem\u00e1ticos de la m\u00fasica espa\u00f1ola presentados en Madrid<\/em><\/span><\/h2>\t\t\t\t\t\t\t\t<\/div>\n\t\t\t\t<\/div>\n\t\t\t\t\t<\/div>\n\t\t<\/div>\n\t\t\t\t\t<\/div>\n\t\t<\/section>\n\t\t\t\t<section class=\"elementor-section elementor-top-section elementor-element elementor-element-5a3dfca elementor-section-boxed elementor-section-height-default elementor-section-height-default\" data-id=\"5a3dfca\" data-element_type=\"section\" data-e-type=\"section\">\n\t\t\t\t\t\t<div class=\"elementor-container elementor-column-gap-default\">\n\t\t\t\t\t<div class=\"elementor-column elementor-col-100 elementor-top-column elementor-element elementor-element-7638970\" data-id=\"7638970\" data-element_type=\"column\" data-e-type=\"column\">\n\t\t\t<div class=\"elementor-widget-wrap elementor-element-populated\">\n\t\t\t\t\t\t<div class=\"elementor-element elementor-element-59c0f85 elementor-widget elementor-widget-text-editor\" data-id=\"59c0f85\" data-element_type=\"widget\" data-e-type=\"widget\" data-widget_type=\"text-editor.default\">\n\t\t\t\t<div class=\"elementor-widget-container\">\n\t\t\t\t\t\t\t\t\t<p><b>Warner Music Spain<\/b> y <b>Vibra Mahou<\/b> han revelado los videoclips ganadores del concurso <em><b>Los que Faltaban<\/b><\/em>. Este evento ret\u00f3 a creadores de contenido y profesionales de la imagen a producir videos oficiales para canciones ic\u00f3nicas.<\/p>\n<p>El concurso ha dado vida a los videoclips oficiales de temas legendarios. Entre ellos:&nbsp;<em>Cien Gaviotas<\/em> de Duncan Dhu, <em>Mucho Mejor<\/em> de Los Rodr\u00edguez y <em>Adi\u00f3s Pap\u00e1<\/em> de Los Ronaldos.&nbsp;<\/p>\t\t\t\t\t\t\t\t<\/div>\n\t\t\t\t<\/div>\n\t\t\t\t\t<\/div>\n\t\t<\/div>\n\t\t\t\t\t<\/div>\n\t\t<\/section>\n\t\t\t\t<section class=\"elementor-section elementor-top-section elementor-element elementor-element-498f6f3 elementor-section-boxed elementor-section-height-default elementor-section-height-default\" data-id=\"498f6f3\" data-element_type=\"section\" data-e-type=\"section\">\n\t\t\t\t\t\t<div class=\"elementor-container elementor-column-gap-default\">\n\t\t\t\t\t<div class=\"elementor-column elementor-col-100 elementor-top-column elementor-element elementor-element-e10e46e\" data-id=\"e10e46e\" data-element_type=\"column\" data-e-type=\"column\">\n\t\t\t<div class=\"elementor-widget-wrap elementor-element-populated\">\n\t\t\t\t\t\t<div class=\"elementor-element elementor-element-0703bb7 elementor-widget elementor-widget-image\" data-id=\"0703bb7\" data-element_type=\"widget\" data-e-type=\"widget\" data-widget_type=\"image.default\">\n\t\t\t\t<div class=\"elementor-widget-container\">\n\t\t\t\t\t\t\t\t\t\t\t\t\t\t\t<img fetchpriority=\"high\" decoding=\"async\" width=\"640\" height=\"479\" src=\"https:\/\/unaymilletras.com\/wp-content\/uploads\/2024\/06\/Captura-de-pantalla-2024-06-20-a-las-18.23.47-1024x766.png\" class=\"attachment-large size-large wp-image-2795\" alt=\"Los que faltaban\" srcset=\"https:\/\/unaymilletras.com\/wp-content\/uploads\/2024\/06\/Captura-de-pantalla-2024-06-20-a-las-18.23.47-1024x766.png 1024w, https:\/\/unaymilletras.com\/wp-content\/uploads\/2024\/06\/Captura-de-pantalla-2024-06-20-a-las-18.23.47-300x224.png 300w, https:\/\/unaymilletras.com\/wp-content\/uploads\/2024\/06\/Captura-de-pantalla-2024-06-20-a-las-18.23.47-768x575.png 768w, https:\/\/unaymilletras.com\/wp-content\/uploads\/2024\/06\/Captura-de-pantalla-2024-06-20-a-las-18.23.47-1536x1149.png 1536w, https:\/\/unaymilletras.com\/wp-content\/uploads\/2024\/06\/Captura-de-pantalla-2024-06-20-a-las-18.23.47-e1718904322145.png 600w\" sizes=\"(max-width: 640px) 100vw, 640px\" \/>\t\t\t\t\t\t\t\t\t\t\t\t\t\t\t<\/div>\n\t\t\t\t<\/div>\n\t\t\t\t\t<\/div>\n\t\t<\/div>\n\t\t\t\t\t<\/div>\n\t\t<\/section>\n\t\t\t\t<section class=\"elementor-section elementor-top-section elementor-element elementor-element-69c8d08 elementor-section-boxed elementor-section-height-default elementor-section-height-default\" data-id=\"69c8d08\" data-element_type=\"section\" data-e-type=\"section\">\n\t\t\t\t\t\t<div class=\"elementor-container elementor-column-gap-default\">\n\t\t\t\t\t<div class=\"elementor-column elementor-col-100 elementor-top-column elementor-element elementor-element-cf0a582\" data-id=\"cf0a582\" data-element_type=\"column\" data-e-type=\"column\">\n\t\t\t<div class=\"elementor-widget-wrap elementor-element-populated\">\n\t\t\t\t\t\t<div class=\"elementor-element elementor-element-38e2806 elementor-widget elementor-widget-text-editor\" data-id=\"38e2806\" data-element_type=\"widget\" data-e-type=\"widget\" data-widget_type=\"text-editor.default\">\n\t\t\t\t<div class=\"elementor-widget-container\">\n\t\t\t\t\t\t\t\t\t<p>La presentaci\u00f3n tuvo lugar en The Music Station, un hub creativo ubicado en la Antigua Estaci\u00f3n de Pr\u00edncipe P\u00edo. El teatro se transform\u00f3 en un bar de \u00e9poca, donde sonaron himnos que marcaron generaciones. La atm\u00f3sfera combin\u00f3 el pasado y el futuro, rindiendo homenaje a la m\u00fasica espa\u00f1ola y su poder atemporal.<\/p>\n<p>Las canciones seleccionadas para este concurso incluyen <em>El Calor del Amor en un Bar<\/em> de Gabinete Caligari o&nbsp;<em>El Imperio Contraataca<\/em> de Los Nikis. Estos temas han definido la identidad musical de varias generaciones.<\/p>\n<p>Los artistas de cada canci\u00f3n eligieron entre tres propuestas finalistas, previamente seleccionadas por un jurado compuesto por miembros de Vibra Mahou, Warner Music Spain y el Instituto del Cine de Madrid. El concurso recibi\u00f3 cientos de candidaturas, demostrando el gran talento y creatividad de los participantes.<\/p>\n<p>La iniciativa, impulsada por Warner Music Spain a trav\u00e9s de Gen Dro (DRO), busca mantener vivo el legado de los grandes artistas de las d\u00e9cadas de los 80, 90 y 00, y crear comunidad en torno a su m\u00fasica. Vibra Mahou, la plataforma de m\u00fasica de Mahou Cinco Estrellas, promueve encuentros en torno a la m\u00fasica en vivo y apoya la m\u00fasica en sus diversos formatos. Su colaboraci\u00f3n en este proyecto refuerza el compromiso con la creatividad y el talento.<\/p>\n<p>El Instituto del Cine de Madrid tambi\u00e9n ha respaldado esta iniciativa, uniendo fuerzas con el jurado para asegurar la calidad y creatividad de los proyectos presentados. Con esta colaboraci\u00f3n, <em>Los que Faltaban<\/em> se consolida como un concurso \u00fanico que celebra la historia y el futuro de la m\u00fasica espa\u00f1ola.<\/p>\t\t\t\t\t\t\t\t<\/div>\n\t\t\t\t<\/div>\n\t\t\t\t\t<\/div>\n\t\t<\/div>\n\t\t\t\t\t<\/div>\n\t\t<\/section>\n\t\t\t\t<\/div>","protected":false},"excerpt":{"rendered":"<p>Cinco videoclips ganadores de \u00abLos que faltaban\u00bb con temas emblem\u00e1ticos de la m\u00fasica espa\u00f1ola presentados en Madrid Warner Music Spain y Vibra Mahou han revelado los videoclips ganadores del concurso Los que Faltaban. Este evento ret\u00f3 a creadores de contenido y profesionales de la imagen a producir videos oficiales para canciones ic\u00f3nicas. El concurso ha [&hellip;]<\/p>\n","protected":false},"author":6,"featured_media":2795,"comment_status":"open","ping_status":"open","sticky":false,"template":"","format":"standard","meta":{"footnotes":""},"categories":[4],"tags":[],"class_list":["post-2792","post","type-post","status-publish","format-standard","has-post-thumbnail","hentry","category-musica"],"yoast_head":"<!-- This site is optimized with the Yoast SEO plugin v27.4 - https:\/\/yoast.com\/product\/yoast-seo-wordpress\/ -->\n<title>Ya est\u00e1n los videoclips de &quot;Los que Faltaban&quot;, el concurso<\/title>\n<meta name=\"description\" content=\"Cinco videoclips ganadores de &quot;Los que faltaban&quot; con temas emblem\u00e1ticos de la m\u00fasica espa\u00f1ola presentados en Madrid\" \/>\n<meta name=\"robots\" content=\"index, follow, max-snippet:-1, max-image-preview:large, max-video-preview:-1\" \/>\n<link rel=\"canonical\" href=\"https:\/\/unaymilletras.com\/en\/ya-estan-los-videoclips-de-los-que-faltaban-el-concurso\/\" \/>\n<meta property=\"og:locale\" content=\"en_GB\" \/>\n<meta property=\"og:type\" content=\"article\" \/>\n<meta property=\"og:title\" content=\"Ya est\u00e1n los videoclips de &quot;Los que Faltaban&quot;, el concurso\" \/>\n<meta property=\"og:description\" content=\"Cinco videoclips ganadores de &quot;Los que faltaban&quot; con temas emblem\u00e1ticos de la m\u00fasica espa\u00f1ola presentados en Madrid\" \/>\n<meta property=\"og:url\" content=\"https:\/\/unaymilletras.com\/en\/ya-estan-los-videoclips-de-los-que-faltaban-el-concurso\/\" \/>\n<meta property=\"og:site_name\" content=\"Una y Mil Letras\" \/>\n<meta property=\"article:published_time\" content=\"2024-06-20T17:29:18+00:00\" \/>\n<meta property=\"article:modified_time\" content=\"2024-08-21T16:11:41+00:00\" \/>\n<meta property=\"og:image\" content=\"http:\/\/unaymilletras.com\/wp-content\/uploads\/2024\/06\/Captura-de-pantalla-2024-06-20-a-las-18.23.47-1024x766.png\" \/>\n\t<meta property=\"og:image:width\" content=\"1024\" \/>\n\t<meta property=\"og:image:height\" content=\"766\" \/>\n\t<meta property=\"og:image:type\" content=\"image\/png\" \/>\n<meta name=\"author\" content=\"Redacci\u00f3n\" \/>\n<meta name=\"twitter:card\" content=\"summary_large_image\" \/>\n<meta name=\"twitter:creator\" content=\"@UnaYMilLetras\" \/>\n<meta name=\"twitter:site\" content=\"@UnaYMilLetras\" \/>\n<meta name=\"twitter:label1\" content=\"Written by\" \/>\n\t<meta name=\"twitter:data1\" content=\"Redacci\u00f3n\" \/>\n\t<meta name=\"twitter:label2\" content=\"Estimated reading time\" \/>\n\t<meta name=\"twitter:data2\" content=\"2 minutes\" \/>\n<script type=\"application\/ld+json\" class=\"yoast-schema-graph\">{\"@context\":\"https:\\\/\\\/schema.org\",\"@graph\":[{\"@type\":\"Article\",\"@id\":\"https:\\\/\\\/unaymilletras.com\\\/ya-estan-los-videoclips-de-los-que-faltaban-el-concurso\\\/#article\",\"isPartOf\":{\"@id\":\"https:\\\/\\\/unaymilletras.com\\\/ya-estan-los-videoclips-de-los-que-faltaban-el-concurso\\\/\"},\"author\":{\"name\":\"Redacci\u00f3n\",\"@id\":\"http:\\\/\\\/unaymilletras.com\\\/#\\\/schema\\\/person\\\/0860dc8a218329991ee2c7591f4f849d\"},\"headline\":\"Ya est\u00e1n los videoclips de \u00abLos que Faltaban\u00bb, el concurso\",\"datePublished\":\"2024-06-20T17:29:18+00:00\",\"dateModified\":\"2024-08-21T16:11:41+00:00\",\"mainEntityOfPage\":{\"@id\":\"https:\\\/\\\/unaymilletras.com\\\/ya-estan-los-videoclips-de-los-que-faltaban-el-concurso\\\/\"},\"wordCount\":379,\"commentCount\":0,\"publisher\":{\"@id\":\"http:\\\/\\\/unaymilletras.com\\\/#organization\"},\"image\":{\"@id\":\"https:\\\/\\\/unaymilletras.com\\\/ya-estan-los-videoclips-de-los-que-faltaban-el-concurso\\\/#primaryimage\"},\"thumbnailUrl\":\"https:\\\/\\\/unaymilletras.com\\\/wp-content\\\/uploads\\\/2024\\\/06\\\/Captura-de-pantalla-2024-06-20-a-las-18.23.47-e1718904322145.png\",\"articleSection\":[\"M\u00fasica\"],\"inLanguage\":\"en-GB\",\"potentialAction\":[{\"@type\":\"CommentAction\",\"name\":\"Comment\",\"target\":[\"https:\\\/\\\/unaymilletras.com\\\/ya-estan-los-videoclips-de-los-que-faltaban-el-concurso\\\/#respond\"]}]},{\"@type\":\"WebPage\",\"@id\":\"https:\\\/\\\/unaymilletras.com\\\/ya-estan-los-videoclips-de-los-que-faltaban-el-concurso\\\/\",\"url\":\"https:\\\/\\\/unaymilletras.com\\\/ya-estan-los-videoclips-de-los-que-faltaban-el-concurso\\\/\",\"name\":\"Ya est\u00e1n los videoclips de \\\"Los que Faltaban\\\", el concurso\",\"isPartOf\":{\"@id\":\"http:\\\/\\\/unaymilletras.com\\\/#website\"},\"primaryImageOfPage\":{\"@id\":\"https:\\\/\\\/unaymilletras.com\\\/ya-estan-los-videoclips-de-los-que-faltaban-el-concurso\\\/#primaryimage\"},\"image\":{\"@id\":\"https:\\\/\\\/unaymilletras.com\\\/ya-estan-los-videoclips-de-los-que-faltaban-el-concurso\\\/#primaryimage\"},\"thumbnailUrl\":\"https:\\\/\\\/unaymilletras.com\\\/wp-content\\\/uploads\\\/2024\\\/06\\\/Captura-de-pantalla-2024-06-20-a-las-18.23.47-e1718904322145.png\",\"datePublished\":\"2024-06-20T17:29:18+00:00\",\"dateModified\":\"2024-08-21T16:11:41+00:00\",\"description\":\"Cinco videoclips ganadores de \\\"Los que faltaban\\\" con temas emblem\u00e1ticos de la m\u00fasica espa\u00f1ola presentados en Madrid\",\"breadcrumb\":{\"@id\":\"https:\\\/\\\/unaymilletras.com\\\/ya-estan-los-videoclips-de-los-que-faltaban-el-concurso\\\/#breadcrumb\"},\"inLanguage\":\"en-GB\",\"potentialAction\":[{\"@type\":\"ReadAction\",\"target\":[\"https:\\\/\\\/unaymilletras.com\\\/ya-estan-los-videoclips-de-los-que-faltaban-el-concurso\\\/\"]}]},{\"@type\":\"ImageObject\",\"inLanguage\":\"en-GB\",\"@id\":\"https:\\\/\\\/unaymilletras.com\\\/ya-estan-los-videoclips-de-los-que-faltaban-el-concurso\\\/#primaryimage\",\"url\":\"https:\\\/\\\/unaymilletras.com\\\/wp-content\\\/uploads\\\/2024\\\/06\\\/Captura-de-pantalla-2024-06-20-a-las-18.23.47-e1718904322145.png\",\"contentUrl\":\"https:\\\/\\\/unaymilletras.com\\\/wp-content\\\/uploads\\\/2024\\\/06\\\/Captura-de-pantalla-2024-06-20-a-las-18.23.47-e1718904322145.png\",\"width\":600,\"height\":449,\"caption\":\"Los que faltaban\"},{\"@type\":\"BreadcrumbList\",\"@id\":\"https:\\\/\\\/unaymilletras.com\\\/ya-estan-los-videoclips-de-los-que-faltaban-el-concurso\\\/#breadcrumb\",\"itemListElement\":[{\"@type\":\"ListItem\",\"position\":1,\"name\":\"Home\",\"item\":\"http:\\\/\\\/unaymilletras.com\\\/\"},{\"@type\":\"ListItem\",\"position\":2,\"name\":\"Ya est\u00e1n los videoclips de \u00abLos que Faltaban\u00bb, el concurso\"}]},{\"@type\":\"WebSite\",\"@id\":\"http:\\\/\\\/unaymilletras.com\\\/#website\",\"url\":\"http:\\\/\\\/unaymilletras.com\\\/\",\"name\":\"Una y Mil Letras\",\"description\":\"\",\"publisher\":{\"@id\":\"http:\\\/\\\/unaymilletras.com\\\/#organization\"},\"potentialAction\":[{\"@type\":\"SearchAction\",\"target\":{\"@type\":\"EntryPoint\",\"urlTemplate\":\"http:\\\/\\\/unaymilletras.com\\\/?s={search_term_string}\"},\"query-input\":{\"@type\":\"PropertyValueSpecification\",\"valueRequired\":true,\"valueName\":\"search_term_string\"}}],\"inLanguage\":\"en-GB\"},{\"@type\":\"Organization\",\"@id\":\"http:\\\/\\\/unaymilletras.com\\\/#organization\",\"name\":\"Una y Mil Letras\",\"url\":\"http:\\\/\\\/unaymilletras.com\\\/\",\"logo\":{\"@type\":\"ImageObject\",\"inLanguage\":\"en-GB\",\"@id\":\"http:\\\/\\\/unaymilletras.com\\\/#\\\/schema\\\/logo\\\/image\\\/\",\"url\":\"https:\\\/\\\/unaymilletras.com\\\/wp-content\\\/uploads\\\/2024\\\/06\\\/cropped-Logo-removebg-preview.png\",\"contentUrl\":\"https:\\\/\\\/unaymilletras.com\\\/wp-content\\\/uploads\\\/2024\\\/06\\\/cropped-Logo-removebg-preview.png\",\"width\":512,\"height\":512,\"caption\":\"Una y Mil Letras\"},\"image\":{\"@id\":\"http:\\\/\\\/unaymilletras.com\\\/#\\\/schema\\\/logo\\\/image\\\/\"},\"sameAs\":[\"https:\\\/\\\/x.com\\\/UnaYMilLetras\",\"https:\\\/\\\/instagram.com\\\/UnaYMilLetras\"]},{\"@type\":\"Person\",\"@id\":\"http:\\\/\\\/unaymilletras.com\\\/#\\\/schema\\\/person\\\/0860dc8a218329991ee2c7591f4f849d\",\"name\":\"Redacci\u00f3n\",\"image\":{\"@type\":\"ImageObject\",\"inLanguage\":\"en-GB\",\"@id\":\"https:\\\/\\\/secure.gravatar.com\\\/avatar\\\/d8f55e05a8b6597e45c55a1dcbdbfe44f4a360d88b48e00de5216a79b7732796?s=96&d=mm&r=g\",\"url\":\"https:\\\/\\\/secure.gravatar.com\\\/avatar\\\/d8f55e05a8b6597e45c55a1dcbdbfe44f4a360d88b48e00de5216a79b7732796?s=96&d=mm&r=g\",\"contentUrl\":\"https:\\\/\\\/secure.gravatar.com\\\/avatar\\\/d8f55e05a8b6597e45c55a1dcbdbfe44f4a360d88b48e00de5216a79b7732796?s=96&d=mm&r=g\",\"caption\":\"Redacci\u00f3n\"},\"url\":\"https:\\\/\\\/unaymilletras.com\\\/en\\\/author\\\/redaccion\\\/\"}]}<\/script>\n<!-- \/ Yoast SEO plugin. -->","yoast_head_json":{"title":"Ya est\u00e1n los videoclips de \"Los que Faltaban\", el concurso","description":"Cinco videoclips ganadores de \"Los que faltaban\" con temas emblem\u00e1ticos de la m\u00fasica espa\u00f1ola presentados en Madrid","robots":{"index":"index","follow":"follow","max-snippet":"max-snippet:-1","max-image-preview":"max-image-preview:large","max-video-preview":"max-video-preview:-1"},"canonical":"https:\/\/unaymilletras.com\/en\/ya-estan-los-videoclips-de-los-que-faltaban-el-concurso\/","og_locale":"en_GB","og_type":"article","og_title":"Ya est\u00e1n los videoclips de \"Los que Faltaban\", el concurso","og_description":"Cinco videoclips ganadores de \"Los que faltaban\" con temas emblem\u00e1ticos de la m\u00fasica espa\u00f1ola presentados en Madrid","og_url":"https:\/\/unaymilletras.com\/en\/ya-estan-los-videoclips-de-los-que-faltaban-el-concurso\/","og_site_name":"Una y Mil Letras","article_published_time":"2024-06-20T17:29:18+00:00","article_modified_time":"2024-08-21T16:11:41+00:00","og_image":[{"width":1024,"height":766,"url":"http:\/\/unaymilletras.com\/wp-content\/uploads\/2024\/06\/Captura-de-pantalla-2024-06-20-a-las-18.23.47-1024x766.png","type":"image\/png"}],"author":"Redacci\u00f3n","twitter_card":"summary_large_image","twitter_creator":"@UnaYMilLetras","twitter_site":"@UnaYMilLetras","twitter_misc":{"Written by":"Redacci\u00f3n","Estimated reading time":"2 minutes"},"schema":{"@context":"https:\/\/schema.org","@graph":[{"@type":"Article","@id":"https:\/\/unaymilletras.com\/ya-estan-los-videoclips-de-los-que-faltaban-el-concurso\/#article","isPartOf":{"@id":"https:\/\/unaymilletras.com\/ya-estan-los-videoclips-de-los-que-faltaban-el-concurso\/"},"author":{"name":"Redacci\u00f3n","@id":"http:\/\/unaymilletras.com\/#\/schema\/person\/0860dc8a218329991ee2c7591f4f849d"},"headline":"Ya est\u00e1n los videoclips de \u00abLos que Faltaban\u00bb, el concurso","datePublished":"2024-06-20T17:29:18+00:00","dateModified":"2024-08-21T16:11:41+00:00","mainEntityOfPage":{"@id":"https:\/\/unaymilletras.com\/ya-estan-los-videoclips-de-los-que-faltaban-el-concurso\/"},"wordCount":379,"commentCount":0,"publisher":{"@id":"http:\/\/unaymilletras.com\/#organization"},"image":{"@id":"https:\/\/unaymilletras.com\/ya-estan-los-videoclips-de-los-que-faltaban-el-concurso\/#primaryimage"},"thumbnailUrl":"https:\/\/unaymilletras.com\/wp-content\/uploads\/2024\/06\/Captura-de-pantalla-2024-06-20-a-las-18.23.47-e1718904322145.png","articleSection":["M\u00fasica"],"inLanguage":"en-GB","potentialAction":[{"@type":"CommentAction","name":"Comment","target":["https:\/\/unaymilletras.com\/ya-estan-los-videoclips-de-los-que-faltaban-el-concurso\/#respond"]}]},{"@type":"WebPage","@id":"https:\/\/unaymilletras.com\/ya-estan-los-videoclips-de-los-que-faltaban-el-concurso\/","url":"https:\/\/unaymilletras.com\/ya-estan-los-videoclips-de-los-que-faltaban-el-concurso\/","name":"Ya est\u00e1n los videoclips de \"Los que Faltaban\", el concurso","isPartOf":{"@id":"http:\/\/unaymilletras.com\/#website"},"primaryImageOfPage":{"@id":"https:\/\/unaymilletras.com\/ya-estan-los-videoclips-de-los-que-faltaban-el-concurso\/#primaryimage"},"image":{"@id":"https:\/\/unaymilletras.com\/ya-estan-los-videoclips-de-los-que-faltaban-el-concurso\/#primaryimage"},"thumbnailUrl":"https:\/\/unaymilletras.com\/wp-content\/uploads\/2024\/06\/Captura-de-pantalla-2024-06-20-a-las-18.23.47-e1718904322145.png","datePublished":"2024-06-20T17:29:18+00:00","dateModified":"2024-08-21T16:11:41+00:00","description":"Cinco videoclips ganadores de \"Los que faltaban\" con temas emblem\u00e1ticos de la m\u00fasica espa\u00f1ola presentados en Madrid","breadcrumb":{"@id":"https:\/\/unaymilletras.com\/ya-estan-los-videoclips-de-los-que-faltaban-el-concurso\/#breadcrumb"},"inLanguage":"en-GB","potentialAction":[{"@type":"ReadAction","target":["https:\/\/unaymilletras.com\/ya-estan-los-videoclips-de-los-que-faltaban-el-concurso\/"]}]},{"@type":"ImageObject","inLanguage":"en-GB","@id":"https:\/\/unaymilletras.com\/ya-estan-los-videoclips-de-los-que-faltaban-el-concurso\/#primaryimage","url":"https:\/\/unaymilletras.com\/wp-content\/uploads\/2024\/06\/Captura-de-pantalla-2024-06-20-a-las-18.23.47-e1718904322145.png","contentUrl":"https:\/\/unaymilletras.com\/wp-content\/uploads\/2024\/06\/Captura-de-pantalla-2024-06-20-a-las-18.23.47-e1718904322145.png","width":600,"height":449,"caption":"Los que faltaban"},{"@type":"BreadcrumbList","@id":"https:\/\/unaymilletras.com\/ya-estan-los-videoclips-de-los-que-faltaban-el-concurso\/#breadcrumb","itemListElement":[{"@type":"ListItem","position":1,"name":"Home","item":"http:\/\/unaymilletras.com\/"},{"@type":"ListItem","position":2,"name":"Ya est\u00e1n los videoclips de \u00abLos que Faltaban\u00bb, el concurso"}]},{"@type":"WebSite","@id":"http:\/\/unaymilletras.com\/#website","url":"http:\/\/unaymilletras.com\/","name":"Una y Mil Letras","description":"","publisher":{"@id":"http:\/\/unaymilletras.com\/#organization"},"potentialAction":[{"@type":"SearchAction","target":{"@type":"EntryPoint","urlTemplate":"http:\/\/unaymilletras.com\/?s={search_term_string}"},"query-input":{"@type":"PropertyValueSpecification","valueRequired":true,"valueName":"search_term_string"}}],"inLanguage":"en-GB"},{"@type":"Organization","@id":"http:\/\/unaymilletras.com\/#organization","name":"Una y Mil Letras","url":"http:\/\/unaymilletras.com\/","logo":{"@type":"ImageObject","inLanguage":"en-GB","@id":"http:\/\/unaymilletras.com\/#\/schema\/logo\/image\/","url":"https:\/\/unaymilletras.com\/wp-content\/uploads\/2024\/06\/cropped-Logo-removebg-preview.png","contentUrl":"https:\/\/unaymilletras.com\/wp-content\/uploads\/2024\/06\/cropped-Logo-removebg-preview.png","width":512,"height":512,"caption":"Una y Mil Letras"},"image":{"@id":"http:\/\/unaymilletras.com\/#\/schema\/logo\/image\/"},"sameAs":["https:\/\/x.com\/UnaYMilLetras","https:\/\/instagram.com\/UnaYMilLetras"]},{"@type":"Person","@id":"http:\/\/unaymilletras.com\/#\/schema\/person\/0860dc8a218329991ee2c7591f4f849d","name":"Redacci\u00f3n","image":{"@type":"ImageObject","inLanguage":"en-GB","@id":"https:\/\/secure.gravatar.com\/avatar\/d8f55e05a8b6597e45c55a1dcbdbfe44f4a360d88b48e00de5216a79b7732796?s=96&d=mm&r=g","url":"https:\/\/secure.gravatar.com\/avatar\/d8f55e05a8b6597e45c55a1dcbdbfe44f4a360d88b48e00de5216a79b7732796?s=96&d=mm&r=g","contentUrl":"https:\/\/secure.gravatar.com\/avatar\/d8f55e05a8b6597e45c55a1dcbdbfe44f4a360d88b48e00de5216a79b7732796?s=96&d=mm&r=g","caption":"Redacci\u00f3n"},"url":"https:\/\/unaymilletras.com\/en\/author\/redaccion\/"}]}},"_links":{"self":[{"href":"https:\/\/unaymilletras.com\/en\/wp-json\/wp\/v2\/posts\/2792","targetHints":{"allow":["GET"]}}],"collection":[{"href":"https:\/\/unaymilletras.com\/en\/wp-json\/wp\/v2\/posts"}],"about":[{"href":"https:\/\/unaymilletras.com\/en\/wp-json\/wp\/v2\/types\/post"}],"author":[{"embeddable":true,"href":"https:\/\/unaymilletras.com\/en\/wp-json\/wp\/v2\/users\/6"}],"replies":[{"embeddable":true,"href":"https:\/\/unaymilletras.com\/en\/wp-json\/wp\/v2\/comments?post=2792"}],"version-history":[{"count":5,"href":"https:\/\/unaymilletras.com\/en\/wp-json\/wp\/v2\/posts\/2792\/revisions"}],"predecessor-version":[{"id":2798,"href":"https:\/\/unaymilletras.com\/en\/wp-json\/wp\/v2\/posts\/2792\/revisions\/2798"}],"wp:featuredmedia":[{"embeddable":true,"href":"https:\/\/unaymilletras.com\/en\/wp-json\/wp\/v2\/media\/2795"}],"wp:attachment":[{"href":"https:\/\/unaymilletras.com\/en\/wp-json\/wp\/v2\/media?parent=2792"}],"wp:term":[{"taxonomy":"category","embeddable":true,"href":"https:\/\/unaymilletras.com\/en\/wp-json\/wp\/v2\/categories?post=2792"},{"taxonomy":"post_tag","embeddable":true,"href":"https:\/\/unaymilletras.com\/en\/wp-json\/wp\/v2\/tags?post=2792"}],"curies":[{"name":"wp","href":"https:\/\/api.w.org\/{rel}","templated":true}]}}