{"id":2807,"date":"2024-06-27T13:08:42","date_gmt":"2024-06-27T11:08:42","guid":{"rendered":"https:\/\/unaymilletras.com\/?p=2807"},"modified":"2024-08-21T18:11:32","modified_gmt":"2024-08-21T16:11:32","slug":"alvaro-soler-publicara-este-viernes-su-nuevo-single-te-imaginaba","status":"publish","type":"post","link":"https:\/\/unaymilletras.com\/en\/alvaro-soler-publicara-este-viernes-su-nuevo-single-te-imaginaba\/","title":{"rendered":"\u00c1lvaro Soler publicar\u00e1 este viernes su nuevo single \u00abTe Imaginaba\u00bb"},"content":{"rendered":"\t\t<div data-elementor-type=\"wp-post\" data-elementor-id=\"2807\" class=\"elementor elementor-2807\">\n\t\t\t\t\t\t<section class=\"elementor-section elementor-top-section elementor-element elementor-element-cbcb8b9 elementor-section-boxed elementor-section-height-default elementor-section-height-default\" data-id=\"cbcb8b9\" data-element_type=\"section\" data-e-type=\"section\">\n\t\t\t\t\t\t<div class=\"elementor-container elementor-column-gap-default\">\n\t\t\t\t\t<div class=\"elementor-column elementor-col-100 elementor-top-column elementor-element elementor-element-0d416c2\" data-id=\"0d416c2\" data-element_type=\"column\" data-e-type=\"column\">\n\t\t\t<div class=\"elementor-widget-wrap elementor-element-populated\">\n\t\t\t\t\t\t<div class=\"elementor-element elementor-element-90e7c5b elementor-widget elementor-widget-text-editor\" data-id=\"90e7c5b\" data-element_type=\"widget\" data-e-type=\"widget\" data-widget_type=\"text-editor.default\">\n\t\t\t\t<div class=\"elementor-widget-container\">\n\t\t\t\t\t\t\t\t\t<h2 style=\"text-align: center;\"><em><span style=\"color: #808080;\">El cantante barcelon\u00e9s \u00c1lvaro Soler regresa este viernes con una emotiva canci\u00f3n inspirada en su vida personal<\/span><\/em><\/h2>\t\t\t\t\t\t\t\t<\/div>\n\t\t\t\t<\/div>\n\t\t\t\t\t<\/div>\n\t\t<\/div>\n\t\t\t\t\t<\/div>\n\t\t<\/section>\n\t\t\t\t<section class=\"elementor-section elementor-top-section elementor-element elementor-element-5891c6e elementor-section-boxed elementor-section-height-default elementor-section-height-default\" data-id=\"5891c6e\" data-element_type=\"section\" data-e-type=\"section\">\n\t\t\t\t\t\t<div class=\"elementor-container elementor-column-gap-default\">\n\t\t\t\t\t<div class=\"elementor-column elementor-col-100 elementor-top-column elementor-element elementor-element-6b8a347\" data-id=\"6b8a347\" data-element_type=\"column\" data-e-type=\"column\">\n\t\t\t<div class=\"elementor-widget-wrap elementor-element-populated\">\n\t\t\t\t\t\t<div class=\"elementor-element elementor-element-d059e9a elementor-widget elementor-widget-text-editor\" data-id=\"d059e9a\" data-element_type=\"widget\" data-e-type=\"widget\" data-widget_type=\"text-editor.default\">\n\t\t\t\t<div class=\"elementor-widget-container\">\n\t\t\t\t\t\t\t\t\t<p><strong>\u00c1lvaro Soler<\/strong> est\u00e1 de vuelta con nueva m\u00fasica. Este <strong>viernes 28 de junio<\/strong> lanzar\u00e1 su esperado single <em><strong>Te Imaginaba<\/strong><\/em>. La canci\u00f3n, inspirada en su propia vida, refleja el viaje junto a un ser querido y combina una m\u00fasica vibrante con una letra esperanzadora. En ella describiendo la sensaci\u00f3n de encontrar a la \u00abpersona adecuada\u00bb.<\/p>\t\t\t\t\t\t\t\t<\/div>\n\t\t\t\t<\/div>\n\t\t\t\t\t<\/div>\n\t\t<\/div>\n\t\t\t\t\t<\/div>\n\t\t<\/section>\n\t\t\t\t<section class=\"elementor-section elementor-top-section elementor-element elementor-element-38dff93 elementor-section-boxed elementor-section-height-default elementor-section-height-default\" data-id=\"38dff93\" data-element_type=\"section\" data-e-type=\"section\">\n\t\t\t\t\t\t<div class=\"elementor-container elementor-column-gap-default\">\n\t\t\t\t\t<div class=\"elementor-column elementor-col-100 elementor-top-column elementor-element elementor-element-8fd8493\" data-id=\"8fd8493\" data-element_type=\"column\" data-e-type=\"column\">\n\t\t\t<div class=\"elementor-widget-wrap elementor-element-populated\">\n\t\t\t\t\t\t<div class=\"elementor-element elementor-element-08f0306 elementor-widget elementor-widget-image\" data-id=\"08f0306\" data-element_type=\"widget\" data-e-type=\"widget\" data-widget_type=\"image.default\">\n\t\t\t\t<div class=\"elementor-widget-container\">\n\t\t\t\t\t\t\t\t\t\t\t\t\t\t\t<img fetchpriority=\"high\" decoding=\"async\" width=\"599\" height=\"386\" src=\"https:\/\/unaymilletras.com\/wp-content\/uploads\/2024\/06\/image-2.jpg\" class=\"attachment-large size-large wp-image-2809\" alt=\"\u00c1lvaro Soler\" srcset=\"https:\/\/unaymilletras.com\/wp-content\/uploads\/2024\/06\/image-2.jpg 599w, https:\/\/unaymilletras.com\/wp-content\/uploads\/2024\/06\/image-2-300x193.jpg 300w\" sizes=\"(max-width: 599px) 100vw, 599px\" \/>\t\t\t\t\t\t\t\t\t\t\t\t\t\t\t<\/div>\n\t\t\t\t<\/div>\n\t\t\t\t\t<\/div>\n\t\t<\/div>\n\t\t\t\t\t<\/div>\n\t\t<\/section>\n\t\t\t\t<section class=\"elementor-section elementor-top-section elementor-element elementor-element-65d345a elementor-section-boxed elementor-section-height-default elementor-section-height-default\" data-id=\"65d345a\" data-element_type=\"section\" data-e-type=\"section\">\n\t\t\t\t\t\t<div class=\"elementor-container elementor-column-gap-default\">\n\t\t\t\t\t<div class=\"elementor-column elementor-col-100 elementor-top-column elementor-element elementor-element-7a2e4bd\" data-id=\"7a2e4bd\" data-element_type=\"column\" data-e-type=\"column\">\n\t\t\t<div class=\"elementor-widget-wrap elementor-element-populated\">\n\t\t\t\t\t\t<div class=\"elementor-element elementor-element-f1518fb elementor-widget elementor-widget-text-editor\" data-id=\"f1518fb\" data-element_type=\"widget\" data-e-type=\"widget\" data-widget_type=\"text-editor.default\">\n\t\t\t\t<div class=\"elementor-widget-container\">\n\t\t\t\t\t\t\t\t\t<div class=\"flex flex-grow flex-col max-w-full\"><div class=\"min-h-[20px] text-message flex flex-col items-start whitespace-pre-wrap break-words [.text-message+&amp;]:mt-5 juice:w-full juice:items-end overflow-x-auto gap-2\" dir=\"auto\" data-message-author-role=\"assistant\" data-message-id=\"bceb35d4-4162-4c32-a5b4-7824bfbcb5b7\"><div class=\"flex w-full flex-col gap-1 juice:empty:hidden juice:first:pt-[3px]\"><div class=\"markdown prose w-full break-words dark:prose-invert light\"><p>El artista, que recientemente anunci\u00f3 que espera su primer hijo, busca que <em>Te Imaginaba<\/em>\u00a0sea un himno para todos los que emprenden un viaje significativo con alguien especial. Este single es el inicio de una serie de lanzamientos que Soler ha estado preparando durante los \u00faltimos tres a\u00f1os.<\/p><p><em>Te Imaginaba<\/em>\u00a0muestra a un \u00c1lvaro Soler que mantiene su esencia positiva y alegre, mientras explora nuevas influencias y sonidos. El lanzamiento estar\u00e1 acompa\u00f1ado de im\u00e1genes emotivas grabadas en <span style=\"color: #808080;\"><a style=\"color: #808080;\" href=\"https:\/\/unaymilletras.com\/joaquina-doble-sold-out-en-madrid-y-barcelona\/\">Barcelona<\/a><\/span> y la Costa Brava.<\/p><p>Con m\u00e1s de 6 millones de seguidores en TikTok, Instagram, <span style=\"color: #808080;\"><a style=\"color: #808080;\" href=\"https:\/\/www.youtube.com\/channel\/UCe24PRI-Jy5sOz0nmYXQMSA\">YouTube<\/a><\/span> y Facebook, y casi 2.000 millones de streams a nivel mundial, \u00c1lvaro Soler contin\u00faa expandiendo su impacto musical. <em>Te Imaginaba<\/em>\u00a0estar\u00e1 disponible en todas las plataformas digitales este viernes.<\/p><\/div><\/div><\/div><\/div>\t\t\t\t\t\t\t\t<\/div>\n\t\t\t\t<\/div>\n\t\t\t\t\t<\/div>\n\t\t<\/div>\n\t\t\t\t\t<\/div>\n\t\t<\/section>\n\t\t\t\t<\/div>\n\t\t","protected":false},"excerpt":{"rendered":"<p>El cantante barcelon\u00e9s \u00c1lvaro Soler regresa este viernes con una emotiva canci\u00f3n inspirada en su vida personal \u00c1lvaro Soler est\u00e1 de vuelta con nueva m\u00fasica. Este viernes 28 de junio lanzar\u00e1 su esperado single Te Imaginaba. La canci\u00f3n, inspirada en su propia vida, refleja el viaje junto a un ser querido y combina una m\u00fasica [&hellip;]<\/p>\n","protected":false},"author":6,"featured_media":2809,"comment_status":"open","ping_status":"open","sticky":false,"template":"","format":"standard","meta":{"footnotes":""},"categories":[4],"tags":[],"class_list":["post-2807","post","type-post","status-publish","format-standard","has-post-thumbnail","hentry","category-musica"],"yoast_head":"<!-- This site is optimized with the Yoast SEO plugin v27.4 - https:\/\/yoast.com\/product\/yoast-seo-wordpress\/ -->\n<title>\u00c1lvaro Soler publicar\u00e1 este viernes su nuevo single &quot;Te Imaginaba&quot;<\/title>\n<meta name=\"description\" content=\"El cantante barcelon\u00e9s \u00c1lvaro Soler regresa este viernes con una emotiva canci\u00f3n inspirada en su vida personal\" \/>\n<meta name=\"robots\" content=\"index, follow, max-snippet:-1, max-image-preview:large, max-video-preview:-1\" \/>\n<link rel=\"canonical\" href=\"https:\/\/unaymilletras.com\/en\/alvaro-soler-publicara-este-viernes-su-nuevo-single-te-imaginaba\/\" \/>\n<meta property=\"og:locale\" content=\"en_GB\" \/>\n<meta property=\"og:type\" content=\"article\" \/>\n<meta property=\"og:title\" content=\"\u00c1lvaro Soler publicar\u00e1 este viernes su nuevo single &quot;Te Imaginaba&quot;\" \/>\n<meta property=\"og:description\" content=\"El cantante barcelon\u00e9s \u00c1lvaro Soler regresa este viernes con una emotiva canci\u00f3n inspirada en su vida personal\" \/>\n<meta property=\"og:url\" content=\"https:\/\/unaymilletras.com\/en\/alvaro-soler-publicara-este-viernes-su-nuevo-single-te-imaginaba\/\" \/>\n<meta property=\"og:site_name\" content=\"Una y Mil Letras\" \/>\n<meta property=\"article:published_time\" content=\"2024-06-27T11:08:42+00:00\" \/>\n<meta property=\"article:modified_time\" content=\"2024-08-21T16:11:32+00:00\" \/>\n<meta property=\"og:image\" content=\"http:\/\/unaymilletras.com\/wp-content\/uploads\/2024\/06\/image-2.jpg\" \/>\n\t<meta property=\"og:image:width\" content=\"599\" \/>\n\t<meta property=\"og:image:height\" content=\"386\" \/>\n\t<meta property=\"og:image:type\" content=\"image\/jpeg\" \/>\n<meta name=\"author\" content=\"Redacci\u00f3n\" \/>\n<meta name=\"twitter:card\" content=\"summary_large_image\" \/>\n<meta name=\"twitter:creator\" content=\"@UnaYMilLetras\" \/>\n<meta name=\"twitter:site\" content=\"@UnaYMilLetras\" \/>\n<meta name=\"twitter:label1\" content=\"Written by\" \/>\n\t<meta name=\"twitter:data1\" content=\"Redacci\u00f3n\" \/>\n\t<meta name=\"twitter:label2\" content=\"Estimated reading time\" \/>\n\t<meta name=\"twitter:data2\" content=\"2 minutes\" \/>\n<script type=\"application\/ld+json\" class=\"yoast-schema-graph\">{\"@context\":\"https:\\\/\\\/schema.org\",\"@graph\":[{\"@type\":\"Article\",\"@id\":\"https:\\\/\\\/unaymilletras.com\\\/alvaro-soler-publicara-este-viernes-su-nuevo-single-te-imaginaba\\\/#article\",\"isPartOf\":{\"@id\":\"https:\\\/\\\/unaymilletras.com\\\/alvaro-soler-publicara-este-viernes-su-nuevo-single-te-imaginaba\\\/\"},\"author\":{\"name\":\"Redacci\u00f3n\",\"@id\":\"http:\\\/\\\/unaymilletras.com\\\/#\\\/schema\\\/person\\\/0860dc8a218329991ee2c7591f4f849d\"},\"headline\":\"\u00c1lvaro Soler publicar\u00e1 este viernes su nuevo single \u00abTe Imaginaba\u00bb\",\"datePublished\":\"2024-06-27T11:08:42+00:00\",\"dateModified\":\"2024-08-21T16:11:32+00:00\",\"mainEntityOfPage\":{\"@id\":\"https:\\\/\\\/unaymilletras.com\\\/alvaro-soler-publicara-este-viernes-su-nuevo-single-te-imaginaba\\\/\"},\"wordCount\":211,\"commentCount\":0,\"publisher\":{\"@id\":\"http:\\\/\\\/unaymilletras.com\\\/#organization\"},\"image\":{\"@id\":\"https:\\\/\\\/unaymilletras.com\\\/alvaro-soler-publicara-este-viernes-su-nuevo-single-te-imaginaba\\\/#primaryimage\"},\"thumbnailUrl\":\"https:\\\/\\\/unaymilletras.com\\\/wp-content\\\/uploads\\\/2024\\\/06\\\/image-2.jpg\",\"articleSection\":[\"M\u00fasica\"],\"inLanguage\":\"en-GB\",\"potentialAction\":[{\"@type\":\"CommentAction\",\"name\":\"Comment\",\"target\":[\"https:\\\/\\\/unaymilletras.com\\\/alvaro-soler-publicara-este-viernes-su-nuevo-single-te-imaginaba\\\/#respond\"]}]},{\"@type\":\"WebPage\",\"@id\":\"https:\\\/\\\/unaymilletras.com\\\/alvaro-soler-publicara-este-viernes-su-nuevo-single-te-imaginaba\\\/\",\"url\":\"https:\\\/\\\/unaymilletras.com\\\/alvaro-soler-publicara-este-viernes-su-nuevo-single-te-imaginaba\\\/\",\"name\":\"\u00c1lvaro Soler publicar\u00e1 este viernes su nuevo single \\\"Te Imaginaba\\\"\",\"isPartOf\":{\"@id\":\"http:\\\/\\\/unaymilletras.com\\\/#website\"},\"primaryImageOfPage\":{\"@id\":\"https:\\\/\\\/unaymilletras.com\\\/alvaro-soler-publicara-este-viernes-su-nuevo-single-te-imaginaba\\\/#primaryimage\"},\"image\":{\"@id\":\"https:\\\/\\\/unaymilletras.com\\\/alvaro-soler-publicara-este-viernes-su-nuevo-single-te-imaginaba\\\/#primaryimage\"},\"thumbnailUrl\":\"https:\\\/\\\/unaymilletras.com\\\/wp-content\\\/uploads\\\/2024\\\/06\\\/image-2.jpg\",\"datePublished\":\"2024-06-27T11:08:42+00:00\",\"dateModified\":\"2024-08-21T16:11:32+00:00\",\"description\":\"El cantante barcelon\u00e9s \u00c1lvaro Soler regresa este viernes con una emotiva canci\u00f3n inspirada en su vida personal\",\"breadcrumb\":{\"@id\":\"https:\\\/\\\/unaymilletras.com\\\/alvaro-soler-publicara-este-viernes-su-nuevo-single-te-imaginaba\\\/#breadcrumb\"},\"inLanguage\":\"en-GB\",\"potentialAction\":[{\"@type\":\"ReadAction\",\"target\":[\"https:\\\/\\\/unaymilletras.com\\\/alvaro-soler-publicara-este-viernes-su-nuevo-single-te-imaginaba\\\/\"]}]},{\"@type\":\"ImageObject\",\"inLanguage\":\"en-GB\",\"@id\":\"https:\\\/\\\/unaymilletras.com\\\/alvaro-soler-publicara-este-viernes-su-nuevo-single-te-imaginaba\\\/#primaryimage\",\"url\":\"https:\\\/\\\/unaymilletras.com\\\/wp-content\\\/uploads\\\/2024\\\/06\\\/image-2.jpg\",\"contentUrl\":\"https:\\\/\\\/unaymilletras.com\\\/wp-content\\\/uploads\\\/2024\\\/06\\\/image-2.jpg\",\"width\":599,\"height\":386,\"caption\":\"\u00c1lvaro Soler\"},{\"@type\":\"BreadcrumbList\",\"@id\":\"https:\\\/\\\/unaymilletras.com\\\/alvaro-soler-publicara-este-viernes-su-nuevo-single-te-imaginaba\\\/#breadcrumb\",\"itemListElement\":[{\"@type\":\"ListItem\",\"position\":1,\"name\":\"Home\",\"item\":\"http:\\\/\\\/unaymilletras.com\\\/\"},{\"@type\":\"ListItem\",\"position\":2,\"name\":\"\u00c1lvaro Soler publicar\u00e1 este viernes su nuevo single \u00abTe Imaginaba\u00bb\"}]},{\"@type\":\"WebSite\",\"@id\":\"http:\\\/\\\/unaymilletras.com\\\/#website\",\"url\":\"http:\\\/\\\/unaymilletras.com\\\/\",\"name\":\"Una y Mil Letras\",\"description\":\"\",\"publisher\":{\"@id\":\"http:\\\/\\\/unaymilletras.com\\\/#organization\"},\"potentialAction\":[{\"@type\":\"SearchAction\",\"target\":{\"@type\":\"EntryPoint\",\"urlTemplate\":\"http:\\\/\\\/unaymilletras.com\\\/?s={search_term_string}\"},\"query-input\":{\"@type\":\"PropertyValueSpecification\",\"valueRequired\":true,\"valueName\":\"search_term_string\"}}],\"inLanguage\":\"en-GB\"},{\"@type\":\"Organization\",\"@id\":\"http:\\\/\\\/unaymilletras.com\\\/#organization\",\"name\":\"Una y Mil Letras\",\"url\":\"http:\\\/\\\/unaymilletras.com\\\/\",\"logo\":{\"@type\":\"ImageObject\",\"inLanguage\":\"en-GB\",\"@id\":\"http:\\\/\\\/unaymilletras.com\\\/#\\\/schema\\\/logo\\\/image\\\/\",\"url\":\"https:\\\/\\\/unaymilletras.com\\\/wp-content\\\/uploads\\\/2024\\\/06\\\/cropped-Logo-removebg-preview.png\",\"contentUrl\":\"https:\\\/\\\/unaymilletras.com\\\/wp-content\\\/uploads\\\/2024\\\/06\\\/cropped-Logo-removebg-preview.png\",\"width\":512,\"height\":512,\"caption\":\"Una y Mil Letras\"},\"image\":{\"@id\":\"http:\\\/\\\/unaymilletras.com\\\/#\\\/schema\\\/logo\\\/image\\\/\"},\"sameAs\":[\"https:\\\/\\\/x.com\\\/UnaYMilLetras\",\"https:\\\/\\\/instagram.com\\\/UnaYMilLetras\"]},{\"@type\":\"Person\",\"@id\":\"http:\\\/\\\/unaymilletras.com\\\/#\\\/schema\\\/person\\\/0860dc8a218329991ee2c7591f4f849d\",\"name\":\"Redacci\u00f3n\",\"image\":{\"@type\":\"ImageObject\",\"inLanguage\":\"en-GB\",\"@id\":\"https:\\\/\\\/secure.gravatar.com\\\/avatar\\\/d8f55e05a8b6597e45c55a1dcbdbfe44f4a360d88b48e00de5216a79b7732796?s=96&d=mm&r=g\",\"url\":\"https:\\\/\\\/secure.gravatar.com\\\/avatar\\\/d8f55e05a8b6597e45c55a1dcbdbfe44f4a360d88b48e00de5216a79b7732796?s=96&d=mm&r=g\",\"contentUrl\":\"https:\\\/\\\/secure.gravatar.com\\\/avatar\\\/d8f55e05a8b6597e45c55a1dcbdbfe44f4a360d88b48e00de5216a79b7732796?s=96&d=mm&r=g\",\"caption\":\"Redacci\u00f3n\"},\"url\":\"https:\\\/\\\/unaymilletras.com\\\/en\\\/author\\\/redaccion\\\/\"}]}<\/script>\n<!-- \/ Yoast SEO plugin. -->","yoast_head_json":{"title":"\u00c1lvaro Soler publicar\u00e1 este viernes su nuevo single \"Te Imaginaba\"","description":"El cantante barcelon\u00e9s \u00c1lvaro Soler regresa este viernes con una emotiva canci\u00f3n inspirada en su vida personal","robots":{"index":"index","follow":"follow","max-snippet":"max-snippet:-1","max-image-preview":"max-image-preview:large","max-video-preview":"max-video-preview:-1"},"canonical":"https:\/\/unaymilletras.com\/en\/alvaro-soler-publicara-este-viernes-su-nuevo-single-te-imaginaba\/","og_locale":"en_GB","og_type":"article","og_title":"\u00c1lvaro Soler publicar\u00e1 este viernes su nuevo single \"Te Imaginaba\"","og_description":"El cantante barcelon\u00e9s \u00c1lvaro Soler regresa este viernes con una emotiva canci\u00f3n inspirada en su vida personal","og_url":"https:\/\/unaymilletras.com\/en\/alvaro-soler-publicara-este-viernes-su-nuevo-single-te-imaginaba\/","og_site_name":"Una y Mil Letras","article_published_time":"2024-06-27T11:08:42+00:00","article_modified_time":"2024-08-21T16:11:32+00:00","og_image":[{"width":599,"height":386,"url":"http:\/\/unaymilletras.com\/wp-content\/uploads\/2024\/06\/image-2.jpg","type":"image\/jpeg"}],"author":"Redacci\u00f3n","twitter_card":"summary_large_image","twitter_creator":"@UnaYMilLetras","twitter_site":"@UnaYMilLetras","twitter_misc":{"Written by":"Redacci\u00f3n","Estimated reading time":"2 minutes"},"schema":{"@context":"https:\/\/schema.org","@graph":[{"@type":"Article","@id":"https:\/\/unaymilletras.com\/alvaro-soler-publicara-este-viernes-su-nuevo-single-te-imaginaba\/#article","isPartOf":{"@id":"https:\/\/unaymilletras.com\/alvaro-soler-publicara-este-viernes-su-nuevo-single-te-imaginaba\/"},"author":{"name":"Redacci\u00f3n","@id":"http:\/\/unaymilletras.com\/#\/schema\/person\/0860dc8a218329991ee2c7591f4f849d"},"headline":"\u00c1lvaro Soler publicar\u00e1 este viernes su nuevo single \u00abTe Imaginaba\u00bb","datePublished":"2024-06-27T11:08:42+00:00","dateModified":"2024-08-21T16:11:32+00:00","mainEntityOfPage":{"@id":"https:\/\/unaymilletras.com\/alvaro-soler-publicara-este-viernes-su-nuevo-single-te-imaginaba\/"},"wordCount":211,"commentCount":0,"publisher":{"@id":"http:\/\/unaymilletras.com\/#organization"},"image":{"@id":"https:\/\/unaymilletras.com\/alvaro-soler-publicara-este-viernes-su-nuevo-single-te-imaginaba\/#primaryimage"},"thumbnailUrl":"https:\/\/unaymilletras.com\/wp-content\/uploads\/2024\/06\/image-2.jpg","articleSection":["M\u00fasica"],"inLanguage":"en-GB","potentialAction":[{"@type":"CommentAction","name":"Comment","target":["https:\/\/unaymilletras.com\/alvaro-soler-publicara-este-viernes-su-nuevo-single-te-imaginaba\/#respond"]}]},{"@type":"WebPage","@id":"https:\/\/unaymilletras.com\/alvaro-soler-publicara-este-viernes-su-nuevo-single-te-imaginaba\/","url":"https:\/\/unaymilletras.com\/alvaro-soler-publicara-este-viernes-su-nuevo-single-te-imaginaba\/","name":"\u00c1lvaro Soler publicar\u00e1 este viernes su nuevo single \"Te Imaginaba\"","isPartOf":{"@id":"http:\/\/unaymilletras.com\/#website"},"primaryImageOfPage":{"@id":"https:\/\/unaymilletras.com\/alvaro-soler-publicara-este-viernes-su-nuevo-single-te-imaginaba\/#primaryimage"},"image":{"@id":"https:\/\/unaymilletras.com\/alvaro-soler-publicara-este-viernes-su-nuevo-single-te-imaginaba\/#primaryimage"},"thumbnailUrl":"https:\/\/unaymilletras.com\/wp-content\/uploads\/2024\/06\/image-2.jpg","datePublished":"2024-06-27T11:08:42+00:00","dateModified":"2024-08-21T16:11:32+00:00","description":"El cantante barcelon\u00e9s \u00c1lvaro Soler regresa este viernes con una emotiva canci\u00f3n inspirada en su vida personal","breadcrumb":{"@id":"https:\/\/unaymilletras.com\/alvaro-soler-publicara-este-viernes-su-nuevo-single-te-imaginaba\/#breadcrumb"},"inLanguage":"en-GB","potentialAction":[{"@type":"ReadAction","target":["https:\/\/unaymilletras.com\/alvaro-soler-publicara-este-viernes-su-nuevo-single-te-imaginaba\/"]}]},{"@type":"ImageObject","inLanguage":"en-GB","@id":"https:\/\/unaymilletras.com\/alvaro-soler-publicara-este-viernes-su-nuevo-single-te-imaginaba\/#primaryimage","url":"https:\/\/unaymilletras.com\/wp-content\/uploads\/2024\/06\/image-2.jpg","contentUrl":"https:\/\/unaymilletras.com\/wp-content\/uploads\/2024\/06\/image-2.jpg","width":599,"height":386,"caption":"\u00c1lvaro Soler"},{"@type":"BreadcrumbList","@id":"https:\/\/unaymilletras.com\/alvaro-soler-publicara-este-viernes-su-nuevo-single-te-imaginaba\/#breadcrumb","itemListElement":[{"@type":"ListItem","position":1,"name":"Home","item":"http:\/\/unaymilletras.com\/"},{"@type":"ListItem","position":2,"name":"\u00c1lvaro Soler publicar\u00e1 este viernes su nuevo single \u00abTe Imaginaba\u00bb"}]},{"@type":"WebSite","@id":"http:\/\/unaymilletras.com\/#website","url":"http:\/\/unaymilletras.com\/","name":"Una y Mil Letras","description":"","publisher":{"@id":"http:\/\/unaymilletras.com\/#organization"},"potentialAction":[{"@type":"SearchAction","target":{"@type":"EntryPoint","urlTemplate":"http:\/\/unaymilletras.com\/?s={search_term_string}"},"query-input":{"@type":"PropertyValueSpecification","valueRequired":true,"valueName":"search_term_string"}}],"inLanguage":"en-GB"},{"@type":"Organization","@id":"http:\/\/unaymilletras.com\/#organization","name":"Una y Mil Letras","url":"http:\/\/unaymilletras.com\/","logo":{"@type":"ImageObject","inLanguage":"en-GB","@id":"http:\/\/unaymilletras.com\/#\/schema\/logo\/image\/","url":"https:\/\/unaymilletras.com\/wp-content\/uploads\/2024\/06\/cropped-Logo-removebg-preview.png","contentUrl":"https:\/\/unaymilletras.com\/wp-content\/uploads\/2024\/06\/cropped-Logo-removebg-preview.png","width":512,"height":512,"caption":"Una y Mil Letras"},"image":{"@id":"http:\/\/unaymilletras.com\/#\/schema\/logo\/image\/"},"sameAs":["https:\/\/x.com\/UnaYMilLetras","https:\/\/instagram.com\/UnaYMilLetras"]},{"@type":"Person","@id":"http:\/\/unaymilletras.com\/#\/schema\/person\/0860dc8a218329991ee2c7591f4f849d","name":"Redacci\u00f3n","image":{"@type":"ImageObject","inLanguage":"en-GB","@id":"https:\/\/secure.gravatar.com\/avatar\/d8f55e05a8b6597e45c55a1dcbdbfe44f4a360d88b48e00de5216a79b7732796?s=96&d=mm&r=g","url":"https:\/\/secure.gravatar.com\/avatar\/d8f55e05a8b6597e45c55a1dcbdbfe44f4a360d88b48e00de5216a79b7732796?s=96&d=mm&r=g","contentUrl":"https:\/\/secure.gravatar.com\/avatar\/d8f55e05a8b6597e45c55a1dcbdbfe44f4a360d88b48e00de5216a79b7732796?s=96&d=mm&r=g","caption":"Redacci\u00f3n"},"url":"https:\/\/unaymilletras.com\/en\/author\/redaccion\/"}]}},"_links":{"self":[{"href":"https:\/\/unaymilletras.com\/en\/wp-json\/wp\/v2\/posts\/2807","targetHints":{"allow":["GET"]}}],"collection":[{"href":"https:\/\/unaymilletras.com\/en\/wp-json\/wp\/v2\/posts"}],"about":[{"href":"https:\/\/unaymilletras.com\/en\/wp-json\/wp\/v2\/types\/post"}],"author":[{"embeddable":true,"href":"https:\/\/unaymilletras.com\/en\/wp-json\/wp\/v2\/users\/6"}],"replies":[{"embeddable":true,"href":"https:\/\/unaymilletras.com\/en\/wp-json\/wp\/v2\/comments?post=2807"}],"version-history":[{"count":4,"href":"https:\/\/unaymilletras.com\/en\/wp-json\/wp\/v2\/posts\/2807\/revisions"}],"predecessor-version":[{"id":2812,"href":"https:\/\/unaymilletras.com\/en\/wp-json\/wp\/v2\/posts\/2807\/revisions\/2812"}],"wp:featuredmedia":[{"embeddable":true,"href":"https:\/\/unaymilletras.com\/en\/wp-json\/wp\/v2\/media\/2809"}],"wp:attachment":[{"href":"https:\/\/unaymilletras.com\/en\/wp-json\/wp\/v2\/media?parent=2807"}],"wp:term":[{"taxonomy":"category","embeddable":true,"href":"https:\/\/unaymilletras.com\/en\/wp-json\/wp\/v2\/categories?post=2807"},{"taxonomy":"post_tag","embeddable":true,"href":"https:\/\/unaymilletras.com\/en\/wp-json\/wp\/v2\/tags?post=2807"}],"curies":[{"name":"wp","href":"https:\/\/api.w.org\/{rel}","templated":true}]}}