{"id":2820,"date":"2024-07-01T21:08:32","date_gmt":"2024-07-01T19:08:32","guid":{"rendered":"https:\/\/unaymilletras.com\/?p=2820"},"modified":"2024-08-21T18:11:17","modified_gmt":"2024-08-21T16:11:17","slug":"alba-reche-anuncia-su-esperada-con-mon-laferte-como-telonera","status":"publish","type":"post","link":"https:\/\/unaymilletras.com\/en\/alba-reche-anuncia-su-esperada-con-mon-laferte-como-telonera\/","title":{"rendered":"Alba Reche anuncia su esperada con Mon Laferte como telonera"},"content":{"rendered":"\t\t<div data-elementor-type=\"wp-post\" data-elementor-id=\"2820\" class=\"elementor elementor-2820\">\n\t\t\t\t\t\t<section class=\"elementor-section elementor-top-section elementor-element elementor-element-f484f16 elementor-section-boxed elementor-section-height-default elementor-section-height-default\" data-id=\"f484f16\" data-element_type=\"section\" data-e-type=\"section\">\n\t\t\t\t\t\t<div class=\"elementor-container elementor-column-gap-default\">\n\t\t\t\t\t<div class=\"elementor-column elementor-col-100 elementor-top-column elementor-element elementor-element-c0f38cf\" data-id=\"c0f38cf\" data-element_type=\"column\" data-e-type=\"column\">\n\t\t\t<div class=\"elementor-widget-wrap elementor-element-populated\">\n\t\t\t\t\t\t<div class=\"elementor-element elementor-element-eb7083b elementor-widget elementor-widget-text-editor\" data-id=\"eb7083b\" data-element_type=\"widget\" data-e-type=\"widget\" data-widget_type=\"text-editor.default\">\n\t\t\t\t<div class=\"elementor-widget-container\">\n\t\t\t\t\t\t\t\t\t<h2 style=\"text-align: center;\"><span style=\"color: #808080;\"><em>Alba Reche y Mon Laferte unir\u00e1n fuerzas en una gira internacional y nacional donde la chilena abrir\u00e1 los conciertos<\/em><\/span><\/h2>\t\t\t\t\t\t\t\t<\/div>\n\t\t\t\t<\/div>\n\t\t\t\t\t<\/div>\n\t\t<\/div>\n\t\t\t\t\t<\/div>\n\t\t<\/section>\n\t\t\t\t<section class=\"elementor-section elementor-top-section elementor-element elementor-element-717bab1 elementor-section-boxed elementor-section-height-default elementor-section-height-default\" data-id=\"717bab1\" data-element_type=\"section\" data-e-type=\"section\">\n\t\t\t\t\t\t<div class=\"elementor-container elementor-column-gap-default\">\n\t\t\t\t\t<div class=\"elementor-column elementor-col-100 elementor-top-column elementor-element elementor-element-1572a3f\" data-id=\"1572a3f\" data-element_type=\"column\" data-e-type=\"column\">\n\t\t\t<div class=\"elementor-widget-wrap elementor-element-populated\">\n\t\t\t\t\t\t<div class=\"elementor-element elementor-element-f619961 elementor-widget elementor-widget-text-editor\" data-id=\"f619961\" data-element_type=\"widget\" data-e-type=\"widget\" data-widget_type=\"text-editor.default\">\n\t\t\t\t<div class=\"elementor-widget-container\">\n\t\t\t\t\t\t\t\t\t<p><b>Alba Reche<\/b> ha anunciado una gira en la que compartir\u00e1 escenario con <b>Mon Laferte<\/b>, una de las voces m\u00e1s destacadas de la m\u00fasica en espa\u00f1ol. Esta colaboraci\u00f3n promete ofrecer una experiencia \u00fanica a sus fans, quienes podr\u00e1n disfrutar de dos artistas de gran calibre en una misma noche.<\/p>\t\t\t\t\t\t\t\t<\/div>\n\t\t\t\t<\/div>\n\t\t\t\t\t<\/div>\n\t\t<\/div>\n\t\t\t\t\t<\/div>\n\t\t<\/section>\n\t\t\t\t<section class=\"elementor-section elementor-top-section elementor-element elementor-element-3a2f499 elementor-section-boxed elementor-section-height-default elementor-section-height-default\" data-id=\"3a2f499\" data-element_type=\"section\" data-e-type=\"section\">\n\t\t\t\t\t\t<div class=\"elementor-container elementor-column-gap-default\">\n\t\t\t\t\t<div class=\"elementor-column elementor-col-33 elementor-top-column elementor-element elementor-element-2de978c\" data-id=\"2de978c\" data-element_type=\"column\" data-e-type=\"column\">\n\t\t\t<div class=\"elementor-widget-wrap elementor-element-populated\">\n\t\t\t\t\t\t<div class=\"elementor-element elementor-element-04b5b4c elementor-widget elementor-widget-image\" data-id=\"04b5b4c\" data-element_type=\"widget\" data-e-type=\"widget\" data-widget_type=\"image.default\">\n\t\t\t\t<div class=\"elementor-widget-container\">\n\t\t\t\t\t\t\t\t\t\t\t\t\t\t\t<img fetchpriority=\"high\" decoding=\"async\" width=\"640\" height=\"800\" src=\"https:\/\/unaymilletras.com\/wp-content\/uploads\/2024\/07\/w660_1049713_cartel-4.3-verano-2-1.jpg\" class=\"attachment-large size-large wp-image-2823\" alt=\"Alba Reche\" srcset=\"https:\/\/unaymilletras.com\/wp-content\/uploads\/2024\/07\/w660_1049713_cartel-4.3-verano-2-1.jpg 660w, https:\/\/unaymilletras.com\/wp-content\/uploads\/2024\/07\/w660_1049713_cartel-4.3-verano-2-1-240x300.jpg 240w\" sizes=\"(max-width: 640px) 100vw, 640px\" \/>\t\t\t\t\t\t\t\t\t\t\t\t\t\t\t<\/div>\n\t\t\t\t<\/div>\n\t\t\t\t\t<\/div>\n\t\t<\/div>\n\t\t\t\t<div class=\"elementor-column elementor-col-66 elementor-top-column elementor-element elementor-element-778df96\" data-id=\"778df96\" data-element_type=\"column\" data-e-type=\"column\">\n\t\t\t<div class=\"elementor-widget-wrap elementor-element-populated\">\n\t\t\t\t\t\t<div class=\"elementor-element elementor-element-e5fa277 elementor-widget elementor-widget-text-editor\" data-id=\"e5fa277\" data-element_type=\"widget\" data-e-type=\"widget\" data-widget_type=\"text-editor.default\">\n\t\t\t\t<div class=\"elementor-widget-container\">\n\t\t\t\t\t\t\t\t\t<p><span style=\"color: #808080;\">La gira de Alba Reche incluir\u00e1 actuaciones en importantes festivales como el <a style=\"color: #808080;\" href=\"https:\/\/bilbaobbklive.com\/\"><b>BBK<\/b> <b>de Bilbao<\/b><\/a> y visitar\u00e1 ciudades europeas como <b>Berl\u00edn<\/b>, <b>Par\u00eds<\/b> y <b>Londres<\/b>. La cantante, que se hizo conocida tras su paso por el programa \u00ab<a style=\"color: #808080;\" href=\"https:\/\/unaymilletras.com\/gala-7-de-operacion-triunfo-violeta-se-despide-y-bea-y-cris-enfrentan-la-nominacion\/\">Operaci\u00f3n Triunfo<\/a>\u00ab, est\u00e1 emocionada por comenzar esta nueva etapa y ver a sus seguidores disfrutar de sus canciones en vivo.<\/span><\/p><p><span style=\"color: #808080;\">La colaboraci\u00f3n con Mon Laferte a\u00f1ade un atractivo especial a esta gira, ya que ambas artistas son conocidas por sus potentes voces y emotivas interpretaciones. Mon Laferte, ganadora de m\u00faltiples premios y reconocida por su estilo vers\u00e1til, complementa perfectamente el talento de la alicantina, prometiendo noches inolvidables para el p\u00fablico.<\/span><\/p>\t\t\t\t\t\t\t\t<\/div>\n\t\t\t\t<\/div>\n\t\t\t\t\t<\/div>\n\t\t<\/div>\n\t\t\t\t\t<\/div>\n\t\t<\/section>\n\t\t\t\t<section class=\"elementor-section elementor-top-section elementor-element elementor-element-f9ee197 elementor-section-boxed elementor-section-height-default elementor-section-height-default\" data-id=\"f9ee197\" data-element_type=\"section\" data-e-type=\"section\">\n\t\t\t\t\t\t<div class=\"elementor-container elementor-column-gap-default\">\n\t\t\t\t\t<div class=\"elementor-column elementor-col-100 elementor-top-column elementor-element elementor-element-14b143c\" data-id=\"14b143c\" data-element_type=\"column\" data-e-type=\"column\">\n\t\t\t<div class=\"elementor-widget-wrap elementor-element-populated\">\n\t\t\t\t\t\t<div class=\"elementor-element elementor-element-571d023 elementor-widget elementor-widget-text-editor\" data-id=\"571d023\" data-element_type=\"widget\" data-e-type=\"widget\" data-widget_type=\"text-editor.default\">\n\t\t\t\t<div class=\"elementor-widget-container\">\n\t\t\t\t\t\t\t\t\t<div class=\"flex flex-grow flex-col max-w-full\"><div class=\"min-h-[20px] text-message flex flex-col items-start whitespace-pre-wrap break-words [.text-message+&amp;]:mt-5 juice:w-full juice:items-end overflow-x-auto gap-2\" dir=\"auto\" data-message-author-role=\"assistant\" data-message-id=\"a1a0ca6a-c8b0-428b-9f5e-6917fad0a962\"><div class=\"flex w-full flex-col gap-1 juice:empty:hidden juice:first:pt-[3px]\"><div class=\"markdown prose w-full break-words dark:prose-invert light\"><p>Esta gira no solo representa una oportunidad para Alba Reche de compartir su m\u00fasica con un p\u00fablico m\u00e1s amplio, sino tambi\u00e9n de consolidar su carrera internacional. Para los fans, ser\u00e1 una oportunidad imperdible de disfrutar de dos de las voces m\u00e1s bonitas de la m\u00fasica en espa\u00f1ol en un mismo escenario.<\/p><\/div><\/div><\/div><\/div>\t\t\t\t\t\t\t\t<\/div>\n\t\t\t\t<\/div>\n\t\t\t\t\t<\/div>\n\t\t<\/div>\n\t\t\t\t\t<\/div>\n\t\t<\/section>\n\t\t\t\t<\/div>\n\t\t","protected":false},"excerpt":{"rendered":"<p>Alba Reche y Mon Laferte unir\u00e1n fuerzas en una gira internacional y nacional donde la chilena abrir\u00e1 los conciertos Alba Reche ha anunciado una gira en la que compartir\u00e1 escenario con Mon Laferte, una de las voces m\u00e1s destacadas de la m\u00fasica en espa\u00f1ol. Esta colaboraci\u00f3n promete ofrecer una experiencia \u00fanica a sus fans, quienes [&hellip;]<\/p>\n","protected":false},"author":6,"featured_media":2823,"comment_status":"open","ping_status":"open","sticky":false,"template":"","format":"standard","meta":{"footnotes":""},"categories":[119,4],"tags":[],"class_list":["post-2820","post","type-post","status-publish","format-standard","has-post-thumbnail","hentry","category-eventos","category-musica"],"yoast_head":"<!-- This site is optimized with the Yoast SEO plugin v27.4 - https:\/\/yoast.com\/product\/yoast-seo-wordpress\/ -->\n<title>Alba Reche anuncia su esperada con Mon Laferte como telonera<\/title>\n<meta name=\"description\" content=\"Alba Reche y Mon Laferte unir\u00e1n fuerzas en una gira internacional y nacional donde la chilena abrir\u00e1 los conciertos\" \/>\n<meta name=\"robots\" content=\"index, follow, max-snippet:-1, max-image-preview:large, max-video-preview:-1\" \/>\n<link rel=\"canonical\" href=\"https:\/\/unaymilletras.com\/en\/alba-reche-anuncia-su-esperada-con-mon-laferte-como-telonera\/\" \/>\n<meta property=\"og:locale\" content=\"en_GB\" \/>\n<meta property=\"og:type\" content=\"article\" \/>\n<meta property=\"og:title\" content=\"Alba Reche anuncia su esperada con Mon Laferte como telonera\" \/>\n<meta property=\"og:description\" content=\"Alba Reche y Mon Laferte unir\u00e1n fuerzas en una gira internacional y nacional donde la chilena abrir\u00e1 los conciertos\" \/>\n<meta property=\"og:url\" content=\"https:\/\/unaymilletras.com\/en\/alba-reche-anuncia-su-esperada-con-mon-laferte-como-telonera\/\" \/>\n<meta property=\"og:site_name\" content=\"Una y Mil Letras\" \/>\n<meta property=\"article:published_time\" content=\"2024-07-01T19:08:32+00:00\" \/>\n<meta property=\"article:modified_time\" content=\"2024-08-21T16:11:17+00:00\" \/>\n<meta property=\"og:image\" content=\"http:\/\/unaymilletras.com\/wp-content\/uploads\/2024\/07\/w660_1049713_cartel-4.3-verano-2-1.jpg\" \/>\n\t<meta property=\"og:image:width\" content=\"660\" \/>\n\t<meta property=\"og:image:height\" content=\"825\" \/>\n\t<meta property=\"og:image:type\" content=\"image\/jpeg\" \/>\n<meta name=\"author\" content=\"Redacci\u00f3n\" \/>\n<meta name=\"twitter:card\" content=\"summary_large_image\" \/>\n<meta name=\"twitter:creator\" content=\"@UnaYMilLetras\" \/>\n<meta name=\"twitter:site\" content=\"@UnaYMilLetras\" \/>\n<meta name=\"twitter:label1\" content=\"Written by\" \/>\n\t<meta name=\"twitter:data1\" content=\"Redacci\u00f3n\" \/>\n\t<meta name=\"twitter:label2\" content=\"Estimated reading time\" \/>\n\t<meta name=\"twitter:data2\" content=\"2 minutes\" \/>\n<script type=\"application\/ld+json\" class=\"yoast-schema-graph\">{\"@context\":\"https:\\\/\\\/schema.org\",\"@graph\":[{\"@type\":\"Article\",\"@id\":\"https:\\\/\\\/unaymilletras.com\\\/alba-reche-anuncia-su-esperada-con-mon-laferte-como-telonera\\\/#article\",\"isPartOf\":{\"@id\":\"https:\\\/\\\/unaymilletras.com\\\/alba-reche-anuncia-su-esperada-con-mon-laferte-como-telonera\\\/\"},\"author\":{\"name\":\"Redacci\u00f3n\",\"@id\":\"http:\\\/\\\/unaymilletras.com\\\/#\\\/schema\\\/person\\\/0860dc8a218329991ee2c7591f4f849d\"},\"headline\":\"Alba Reche anuncia su esperada con Mon Laferte como telonera\",\"datePublished\":\"2024-07-01T19:08:32+00:00\",\"dateModified\":\"2024-08-21T16:11:17+00:00\",\"mainEntityOfPage\":{\"@id\":\"https:\\\/\\\/unaymilletras.com\\\/alba-reche-anuncia-su-esperada-con-mon-laferte-como-telonera\\\/\"},\"wordCount\":255,\"commentCount\":0,\"publisher\":{\"@id\":\"http:\\\/\\\/unaymilletras.com\\\/#organization\"},\"image\":{\"@id\":\"https:\\\/\\\/unaymilletras.com\\\/alba-reche-anuncia-su-esperada-con-mon-laferte-como-telonera\\\/#primaryimage\"},\"thumbnailUrl\":\"https:\\\/\\\/unaymilletras.com\\\/wp-content\\\/uploads\\\/2024\\\/07\\\/w660_1049713_cartel-4.3-verano-2-1.jpg\",\"articleSection\":[\"Eventos\",\"M\u00fasica\"],\"inLanguage\":\"en-GB\",\"potentialAction\":[{\"@type\":\"CommentAction\",\"name\":\"Comment\",\"target\":[\"https:\\\/\\\/unaymilletras.com\\\/alba-reche-anuncia-su-esperada-con-mon-laferte-como-telonera\\\/#respond\"]}]},{\"@type\":\"WebPage\",\"@id\":\"https:\\\/\\\/unaymilletras.com\\\/alba-reche-anuncia-su-esperada-con-mon-laferte-como-telonera\\\/\",\"url\":\"https:\\\/\\\/unaymilletras.com\\\/alba-reche-anuncia-su-esperada-con-mon-laferte-como-telonera\\\/\",\"name\":\"Alba Reche anuncia su esperada con Mon Laferte como telonera\",\"isPartOf\":{\"@id\":\"http:\\\/\\\/unaymilletras.com\\\/#website\"},\"primaryImageOfPage\":{\"@id\":\"https:\\\/\\\/unaymilletras.com\\\/alba-reche-anuncia-su-esperada-con-mon-laferte-como-telonera\\\/#primaryimage\"},\"image\":{\"@id\":\"https:\\\/\\\/unaymilletras.com\\\/alba-reche-anuncia-su-esperada-con-mon-laferte-como-telonera\\\/#primaryimage\"},\"thumbnailUrl\":\"https:\\\/\\\/unaymilletras.com\\\/wp-content\\\/uploads\\\/2024\\\/07\\\/w660_1049713_cartel-4.3-verano-2-1.jpg\",\"datePublished\":\"2024-07-01T19:08:32+00:00\",\"dateModified\":\"2024-08-21T16:11:17+00:00\",\"description\":\"Alba Reche y Mon Laferte unir\u00e1n fuerzas en una gira internacional y nacional donde la chilena abrir\u00e1 los conciertos\",\"breadcrumb\":{\"@id\":\"https:\\\/\\\/unaymilletras.com\\\/alba-reche-anuncia-su-esperada-con-mon-laferte-como-telonera\\\/#breadcrumb\"},\"inLanguage\":\"en-GB\",\"potentialAction\":[{\"@type\":\"ReadAction\",\"target\":[\"https:\\\/\\\/unaymilletras.com\\\/alba-reche-anuncia-su-esperada-con-mon-laferte-como-telonera\\\/\"]}]},{\"@type\":\"ImageObject\",\"inLanguage\":\"en-GB\",\"@id\":\"https:\\\/\\\/unaymilletras.com\\\/alba-reche-anuncia-su-esperada-con-mon-laferte-como-telonera\\\/#primaryimage\",\"url\":\"https:\\\/\\\/unaymilletras.com\\\/wp-content\\\/uploads\\\/2024\\\/07\\\/w660_1049713_cartel-4.3-verano-2-1.jpg\",\"contentUrl\":\"https:\\\/\\\/unaymilletras.com\\\/wp-content\\\/uploads\\\/2024\\\/07\\\/w660_1049713_cartel-4.3-verano-2-1.jpg\",\"width\":660,\"height\":825,\"caption\":\"Alba Reche\"},{\"@type\":\"BreadcrumbList\",\"@id\":\"https:\\\/\\\/unaymilletras.com\\\/alba-reche-anuncia-su-esperada-con-mon-laferte-como-telonera\\\/#breadcrumb\",\"itemListElement\":[{\"@type\":\"ListItem\",\"position\":1,\"name\":\"Home\",\"item\":\"http:\\\/\\\/unaymilletras.com\\\/\"},{\"@type\":\"ListItem\",\"position\":2,\"name\":\"Alba Reche anuncia su esperada con Mon Laferte como telonera\"}]},{\"@type\":\"WebSite\",\"@id\":\"http:\\\/\\\/unaymilletras.com\\\/#website\",\"url\":\"http:\\\/\\\/unaymilletras.com\\\/\",\"name\":\"Una y Mil Letras\",\"description\":\"\",\"publisher\":{\"@id\":\"http:\\\/\\\/unaymilletras.com\\\/#organization\"},\"potentialAction\":[{\"@type\":\"SearchAction\",\"target\":{\"@type\":\"EntryPoint\",\"urlTemplate\":\"http:\\\/\\\/unaymilletras.com\\\/?s={search_term_string}\"},\"query-input\":{\"@type\":\"PropertyValueSpecification\",\"valueRequired\":true,\"valueName\":\"search_term_string\"}}],\"inLanguage\":\"en-GB\"},{\"@type\":\"Organization\",\"@id\":\"http:\\\/\\\/unaymilletras.com\\\/#organization\",\"name\":\"Una y Mil Letras\",\"url\":\"http:\\\/\\\/unaymilletras.com\\\/\",\"logo\":{\"@type\":\"ImageObject\",\"inLanguage\":\"en-GB\",\"@id\":\"http:\\\/\\\/unaymilletras.com\\\/#\\\/schema\\\/logo\\\/image\\\/\",\"url\":\"https:\\\/\\\/unaymilletras.com\\\/wp-content\\\/uploads\\\/2024\\\/06\\\/cropped-Logo-removebg-preview.png\",\"contentUrl\":\"https:\\\/\\\/unaymilletras.com\\\/wp-content\\\/uploads\\\/2024\\\/06\\\/cropped-Logo-removebg-preview.png\",\"width\":512,\"height\":512,\"caption\":\"Una y Mil Letras\"},\"image\":{\"@id\":\"http:\\\/\\\/unaymilletras.com\\\/#\\\/schema\\\/logo\\\/image\\\/\"},\"sameAs\":[\"https:\\\/\\\/x.com\\\/UnaYMilLetras\",\"https:\\\/\\\/instagram.com\\\/UnaYMilLetras\"]},{\"@type\":\"Person\",\"@id\":\"http:\\\/\\\/unaymilletras.com\\\/#\\\/schema\\\/person\\\/0860dc8a218329991ee2c7591f4f849d\",\"name\":\"Redacci\u00f3n\",\"image\":{\"@type\":\"ImageObject\",\"inLanguage\":\"en-GB\",\"@id\":\"https:\\\/\\\/secure.gravatar.com\\\/avatar\\\/d8f55e05a8b6597e45c55a1dcbdbfe44f4a360d88b48e00de5216a79b7732796?s=96&d=mm&r=g\",\"url\":\"https:\\\/\\\/secure.gravatar.com\\\/avatar\\\/d8f55e05a8b6597e45c55a1dcbdbfe44f4a360d88b48e00de5216a79b7732796?s=96&d=mm&r=g\",\"contentUrl\":\"https:\\\/\\\/secure.gravatar.com\\\/avatar\\\/d8f55e05a8b6597e45c55a1dcbdbfe44f4a360d88b48e00de5216a79b7732796?s=96&d=mm&r=g\",\"caption\":\"Redacci\u00f3n\"},\"url\":\"https:\\\/\\\/unaymilletras.com\\\/en\\\/author\\\/redaccion\\\/\"}]}<\/script>\n<!-- \/ Yoast SEO plugin. -->","yoast_head_json":{"title":"Alba Reche anuncia su esperada con Mon Laferte como telonera","description":"Alba Reche y Mon Laferte unir\u00e1n fuerzas en una gira internacional y nacional donde la chilena abrir\u00e1 los conciertos","robots":{"index":"index","follow":"follow","max-snippet":"max-snippet:-1","max-image-preview":"max-image-preview:large","max-video-preview":"max-video-preview:-1"},"canonical":"https:\/\/unaymilletras.com\/en\/alba-reche-anuncia-su-esperada-con-mon-laferte-como-telonera\/","og_locale":"en_GB","og_type":"article","og_title":"Alba Reche anuncia su esperada con Mon Laferte como telonera","og_description":"Alba Reche y Mon Laferte unir\u00e1n fuerzas en una gira internacional y nacional donde la chilena abrir\u00e1 los conciertos","og_url":"https:\/\/unaymilletras.com\/en\/alba-reche-anuncia-su-esperada-con-mon-laferte-como-telonera\/","og_site_name":"Una y Mil Letras","article_published_time":"2024-07-01T19:08:32+00:00","article_modified_time":"2024-08-21T16:11:17+00:00","og_image":[{"width":660,"height":825,"url":"http:\/\/unaymilletras.com\/wp-content\/uploads\/2024\/07\/w660_1049713_cartel-4.3-verano-2-1.jpg","type":"image\/jpeg"}],"author":"Redacci\u00f3n","twitter_card":"summary_large_image","twitter_creator":"@UnaYMilLetras","twitter_site":"@UnaYMilLetras","twitter_misc":{"Written by":"Redacci\u00f3n","Estimated reading time":"2 minutes"},"schema":{"@context":"https:\/\/schema.org","@graph":[{"@type":"Article","@id":"https:\/\/unaymilletras.com\/alba-reche-anuncia-su-esperada-con-mon-laferte-como-telonera\/#article","isPartOf":{"@id":"https:\/\/unaymilletras.com\/alba-reche-anuncia-su-esperada-con-mon-laferte-como-telonera\/"},"author":{"name":"Redacci\u00f3n","@id":"http:\/\/unaymilletras.com\/#\/schema\/person\/0860dc8a218329991ee2c7591f4f849d"},"headline":"Alba Reche anuncia su esperada con Mon Laferte como telonera","datePublished":"2024-07-01T19:08:32+00:00","dateModified":"2024-08-21T16:11:17+00:00","mainEntityOfPage":{"@id":"https:\/\/unaymilletras.com\/alba-reche-anuncia-su-esperada-con-mon-laferte-como-telonera\/"},"wordCount":255,"commentCount":0,"publisher":{"@id":"http:\/\/unaymilletras.com\/#organization"},"image":{"@id":"https:\/\/unaymilletras.com\/alba-reche-anuncia-su-esperada-con-mon-laferte-como-telonera\/#primaryimage"},"thumbnailUrl":"https:\/\/unaymilletras.com\/wp-content\/uploads\/2024\/07\/w660_1049713_cartel-4.3-verano-2-1.jpg","articleSection":["Eventos","M\u00fasica"],"inLanguage":"en-GB","potentialAction":[{"@type":"CommentAction","name":"Comment","target":["https:\/\/unaymilletras.com\/alba-reche-anuncia-su-esperada-con-mon-laferte-como-telonera\/#respond"]}]},{"@type":"WebPage","@id":"https:\/\/unaymilletras.com\/alba-reche-anuncia-su-esperada-con-mon-laferte-como-telonera\/","url":"https:\/\/unaymilletras.com\/alba-reche-anuncia-su-esperada-con-mon-laferte-como-telonera\/","name":"Alba Reche anuncia su esperada con Mon Laferte como telonera","isPartOf":{"@id":"http:\/\/unaymilletras.com\/#website"},"primaryImageOfPage":{"@id":"https:\/\/unaymilletras.com\/alba-reche-anuncia-su-esperada-con-mon-laferte-como-telonera\/#primaryimage"},"image":{"@id":"https:\/\/unaymilletras.com\/alba-reche-anuncia-su-esperada-con-mon-laferte-como-telonera\/#primaryimage"},"thumbnailUrl":"https:\/\/unaymilletras.com\/wp-content\/uploads\/2024\/07\/w660_1049713_cartel-4.3-verano-2-1.jpg","datePublished":"2024-07-01T19:08:32+00:00","dateModified":"2024-08-21T16:11:17+00:00","description":"Alba Reche y Mon Laferte unir\u00e1n fuerzas en una gira internacional y nacional donde la chilena abrir\u00e1 los conciertos","breadcrumb":{"@id":"https:\/\/unaymilletras.com\/alba-reche-anuncia-su-esperada-con-mon-laferte-como-telonera\/#breadcrumb"},"inLanguage":"en-GB","potentialAction":[{"@type":"ReadAction","target":["https:\/\/unaymilletras.com\/alba-reche-anuncia-su-esperada-con-mon-laferte-como-telonera\/"]}]},{"@type":"ImageObject","inLanguage":"en-GB","@id":"https:\/\/unaymilletras.com\/alba-reche-anuncia-su-esperada-con-mon-laferte-como-telonera\/#primaryimage","url":"https:\/\/unaymilletras.com\/wp-content\/uploads\/2024\/07\/w660_1049713_cartel-4.3-verano-2-1.jpg","contentUrl":"https:\/\/unaymilletras.com\/wp-content\/uploads\/2024\/07\/w660_1049713_cartel-4.3-verano-2-1.jpg","width":660,"height":825,"caption":"Alba Reche"},{"@type":"BreadcrumbList","@id":"https:\/\/unaymilletras.com\/alba-reche-anuncia-su-esperada-con-mon-laferte-como-telonera\/#breadcrumb","itemListElement":[{"@type":"ListItem","position":1,"name":"Home","item":"http:\/\/unaymilletras.com\/"},{"@type":"ListItem","position":2,"name":"Alba Reche anuncia su esperada con Mon Laferte como telonera"}]},{"@type":"WebSite","@id":"http:\/\/unaymilletras.com\/#website","url":"http:\/\/unaymilletras.com\/","name":"Una y Mil Letras","description":"","publisher":{"@id":"http:\/\/unaymilletras.com\/#organization"},"potentialAction":[{"@type":"SearchAction","target":{"@type":"EntryPoint","urlTemplate":"http:\/\/unaymilletras.com\/?s={search_term_string}"},"query-input":{"@type":"PropertyValueSpecification","valueRequired":true,"valueName":"search_term_string"}}],"inLanguage":"en-GB"},{"@type":"Organization","@id":"http:\/\/unaymilletras.com\/#organization","name":"Una y Mil Letras","url":"http:\/\/unaymilletras.com\/","logo":{"@type":"ImageObject","inLanguage":"en-GB","@id":"http:\/\/unaymilletras.com\/#\/schema\/logo\/image\/","url":"https:\/\/unaymilletras.com\/wp-content\/uploads\/2024\/06\/cropped-Logo-removebg-preview.png","contentUrl":"https:\/\/unaymilletras.com\/wp-content\/uploads\/2024\/06\/cropped-Logo-removebg-preview.png","width":512,"height":512,"caption":"Una y Mil Letras"},"image":{"@id":"http:\/\/unaymilletras.com\/#\/schema\/logo\/image\/"},"sameAs":["https:\/\/x.com\/UnaYMilLetras","https:\/\/instagram.com\/UnaYMilLetras"]},{"@type":"Person","@id":"http:\/\/unaymilletras.com\/#\/schema\/person\/0860dc8a218329991ee2c7591f4f849d","name":"Redacci\u00f3n","image":{"@type":"ImageObject","inLanguage":"en-GB","@id":"https:\/\/secure.gravatar.com\/avatar\/d8f55e05a8b6597e45c55a1dcbdbfe44f4a360d88b48e00de5216a79b7732796?s=96&d=mm&r=g","url":"https:\/\/secure.gravatar.com\/avatar\/d8f55e05a8b6597e45c55a1dcbdbfe44f4a360d88b48e00de5216a79b7732796?s=96&d=mm&r=g","contentUrl":"https:\/\/secure.gravatar.com\/avatar\/d8f55e05a8b6597e45c55a1dcbdbfe44f4a360d88b48e00de5216a79b7732796?s=96&d=mm&r=g","caption":"Redacci\u00f3n"},"url":"https:\/\/unaymilletras.com\/en\/author\/redaccion\/"}]}},"_links":{"self":[{"href":"https:\/\/unaymilletras.com\/en\/wp-json\/wp\/v2\/posts\/2820","targetHints":{"allow":["GET"]}}],"collection":[{"href":"https:\/\/unaymilletras.com\/en\/wp-json\/wp\/v2\/posts"}],"about":[{"href":"https:\/\/unaymilletras.com\/en\/wp-json\/wp\/v2\/types\/post"}],"author":[{"embeddable":true,"href":"https:\/\/unaymilletras.com\/en\/wp-json\/wp\/v2\/users\/6"}],"replies":[{"embeddable":true,"href":"https:\/\/unaymilletras.com\/en\/wp-json\/wp\/v2\/comments?post=2820"}],"version-history":[{"count":8,"href":"https:\/\/unaymilletras.com\/en\/wp-json\/wp\/v2\/posts\/2820\/revisions"}],"predecessor-version":[{"id":2829,"href":"https:\/\/unaymilletras.com\/en\/wp-json\/wp\/v2\/posts\/2820\/revisions\/2829"}],"wp:featuredmedia":[{"embeddable":true,"href":"https:\/\/unaymilletras.com\/en\/wp-json\/wp\/v2\/media\/2823"}],"wp:attachment":[{"href":"https:\/\/unaymilletras.com\/en\/wp-json\/wp\/v2\/media?parent=2820"}],"wp:term":[{"taxonomy":"category","embeddable":true,"href":"https:\/\/unaymilletras.com\/en\/wp-json\/wp\/v2\/categories?post=2820"},{"taxonomy":"post_tag","embeddable":true,"href":"https:\/\/unaymilletras.com\/en\/wp-json\/wp\/v2\/tags?post=2820"}],"curies":[{"name":"wp","href":"https:\/\/api.w.org\/{rel}","templated":true}]}}