{"id":2830,"date":"2024-07-03T11:35:07","date_gmt":"2024-07-03T09:35:07","guid":{"rendered":"https:\/\/unaymilletras.com\/?p=2830"},"modified":"2024-08-21T18:11:12","modified_gmt":"2024-08-21T16:11:12","slug":"christian-meier-y-mikel-erentxun-versionan-deja-vu","status":"publish","type":"post","link":"https:\/\/unaymilletras.com\/en\/christian-meier-y-mikel-erentxun-versionan-deja-vu\/","title":{"rendered":"Christian Meier y Mikel Erentxun versionan \u00abDeja Vu\u00bb"},"content":{"rendered":"\t\t<div data-elementor-type=\"wp-post\" data-elementor-id=\"2830\" class=\"elementor elementor-2830\">\n\t\t\t\t\t\t<section class=\"elementor-section elementor-top-section elementor-element elementor-element-aade812 elementor-section-boxed elementor-section-height-default elementor-section-height-default\" data-id=\"aade812\" data-element_type=\"section\" data-e-type=\"section\">\n\t\t\t\t\t\t<div class=\"elementor-container elementor-column-gap-default\">\n\t\t\t\t\t<div class=\"elementor-column elementor-col-100 elementor-top-column elementor-element elementor-element-42a485e\" data-id=\"42a485e\" data-element_type=\"column\" data-e-type=\"column\">\n\t\t\t<div class=\"elementor-widget-wrap elementor-element-populated\">\n\t\t\t\t\t\t<div class=\"elementor-element elementor-element-6f3ab1c elementor-widget elementor-widget-text-editor\" data-id=\"6f3ab1c\" data-element_type=\"widget\" data-e-type=\"widget\" data-widget_type=\"text-editor.default\">\n\t\t\t\t<div class=\"elementor-widget-container\">\n\t\t\t\t\t\t\t\t\t<h2 style=\"text-align: center;\"><span style=\"color: #808080;\"><em>Adem\u00e1s de lanzar esta nueva versi\u00f3n, Christian Meier ha anunciado que, por primera vez, dar\u00e1 dos conciertos por Espa\u00f1a<\/em><\/span><\/h2>\t\t\t\t\t\t\t\t<\/div>\n\t\t\t\t<\/div>\n\t\t\t\t\t<\/div>\n\t\t<\/div>\n\t\t\t\t\t<\/div>\n\t\t<\/section>\n\t\t\t\t<section class=\"elementor-section elementor-top-section elementor-element elementor-element-53a51ae elementor-section-boxed elementor-section-height-default elementor-section-height-default\" data-id=\"53a51ae\" data-element_type=\"section\" data-e-type=\"section\">\n\t\t\t\t\t\t<div class=\"elementor-container elementor-column-gap-default\">\n\t\t\t\t\t<div class=\"elementor-column elementor-col-100 elementor-top-column elementor-element elementor-element-e70a6ef\" data-id=\"e70a6ef\" data-element_type=\"column\" data-e-type=\"column\">\n\t\t\t<div class=\"elementor-widget-wrap elementor-element-populated\">\n\t\t\t\t\t\t<div class=\"elementor-element elementor-element-61bdcb5 elementor-widget elementor-widget-text-editor\" data-id=\"61bdcb5\" data-element_type=\"widget\" data-e-type=\"widget\" data-widget_type=\"text-editor.default\">\n\t\t\t\t<div class=\"elementor-widget-container\">\n\t\t\t\t\t\t\t\t\t<p><strong>Christian Meier<\/strong> ha lanzado una nueva versi\u00f3n de su \u00e9xito <strong><em>Deja Vu<\/em><\/strong>, en colaboraci\u00f3n con Mikel Erentxun. Este lanzamiento marca un reencuentro musical para ambos artistas, quienes trabajaron juntos hace m\u00e1s de 20 a\u00f1os en el sencillo <em>Novia de Nadie<\/em>. Meier ha vuelto a sus ra\u00edces musicales con su reciente \u00e1lbum <em>He Vuelto a Casa<\/em>.\u00a0<\/p><p>Despu\u00e9s de dedicarse a la actuaci\u00f3n durante dos d\u00e9cadas, el peruano ha regresado a la m\u00fasica. Ha compuesto y producido todas las canciones de su nuevo \u00e1lbum en Los \u00c1ngeles. El \u00e9xito inicial de <em>Deja Vu<\/em>\u00a0inspir\u00f3 a Meier a buscar una colaboraci\u00f3n que a\u00f1adiera una nueva dimensi\u00f3n a la canci\u00f3n, y Erentxun, ex miembro de la banda espa\u00f1ola Duncan Dhu, fue la elecci\u00f3n perfecta.<\/p>\t\t\t\t\t\t\t\t<\/div>\n\t\t\t\t<\/div>\n\t\t\t\t\t<\/div>\n\t\t<\/div>\n\t\t\t\t\t<\/div>\n\t\t<\/section>\n\t\t\t\t<section class=\"elementor-section elementor-top-section elementor-element elementor-element-d887a64 elementor-section-boxed elementor-section-height-default elementor-section-height-default\" data-id=\"d887a64\" data-element_type=\"section\" data-e-type=\"section\">\n\t\t\t\t\t\t<div class=\"elementor-container elementor-column-gap-default\">\n\t\t\t\t\t<div class=\"elementor-column elementor-col-50 elementor-top-column elementor-element elementor-element-b4243c3\" data-id=\"b4243c3\" data-element_type=\"column\" data-e-type=\"column\">\n\t\t\t<div class=\"elementor-widget-wrap elementor-element-populated\">\n\t\t\t\t\t\t<div class=\"elementor-element elementor-element-ee7ec96 elementor-widget elementor-widget-image\" data-id=\"ee7ec96\" data-element_type=\"widget\" data-e-type=\"widget\" data-widget_type=\"image.default\">\n\t\t\t\t<div class=\"elementor-widget-container\">\n\t\t\t\t\t\t\t\t\t\t\t\t\t\t\t<img fetchpriority=\"high\" decoding=\"async\" width=\"640\" height=\"638\" src=\"https:\/\/unaymilletras.com\/wp-content\/uploads\/2024\/07\/Captura-de-pantalla-2024-07-02-a-las-16.57.18-1024x1020.png\" class=\"attachment-large size-large wp-image-2833\" alt=\"CHRISTIAN MEIER\" srcset=\"https:\/\/unaymilletras.com\/wp-content\/uploads\/2024\/07\/Captura-de-pantalla-2024-07-02-a-las-16.57.18-1024x1020.png 1024w, https:\/\/unaymilletras.com\/wp-content\/uploads\/2024\/07\/Captura-de-pantalla-2024-07-02-a-las-16.57.18-300x300.png 300w, https:\/\/unaymilletras.com\/wp-content\/uploads\/2024\/07\/Captura-de-pantalla-2024-07-02-a-las-16.57.18-150x150.png 150w, https:\/\/unaymilletras.com\/wp-content\/uploads\/2024\/07\/Captura-de-pantalla-2024-07-02-a-las-16.57.18-768x765.png 768w, https:\/\/unaymilletras.com\/wp-content\/uploads\/2024\/07\/Captura-de-pantalla-2024-07-02-a-las-16.57.18-e1719932275146.png 600w\" sizes=\"(max-width: 640px) 100vw, 640px\" \/>\t\t\t\t\t\t\t\t\t\t\t\t\t\t\t<\/div>\n\t\t\t\t<\/div>\n\t\t\t\t\t<\/div>\n\t\t<\/div>\n\t\t\t\t<div class=\"elementor-column elementor-col-50 elementor-top-column elementor-element elementor-element-0994cdc\" data-id=\"0994cdc\" data-element_type=\"column\" data-e-type=\"column\">\n\t\t\t<div class=\"elementor-widget-wrap elementor-element-populated\">\n\t\t\t\t\t\t<div class=\"elementor-element elementor-element-b8e5a10 elementor-widget elementor-widget-text-editor\" data-id=\"b8e5a10\" data-element_type=\"widget\" data-e-type=\"widget\" data-widget_type=\"text-editor.default\">\n\t\t\t\t<div class=\"elementor-widget-container\">\n\t\t\t\t\t\t\t\t\t<p>Christian Meier ha anunciado dos conciertos en Espa\u00f1a, donde actuar\u00e1 por primera vez. Estas citas ser\u00e1n el 22 de octubre en la Sala La Riviera de Madrid y el 24 de octubre en la Sala Razzmatazz de Barcelona. Los fans tendr\u00e1n la oportunidad de disfrutar en vivo de sus nuevos temas y de esta esperada colaboraci\u00f3n con Erentxun.<\/p><p><em>Deja Vu<\/em> forma parte del \u00e1lbum <em>He Vuelto a Casa<\/em>\u00a0y habla sobre regresar a lo que nos hace sentir bien, seg\u00fan Meier. El videoclip de esta colaboraci\u00f3n, disponible en YouTube desde el 4 de julio, muestra la experiencia de Meier y Erentxun grabando en San Sebasti\u00e1n, ciudad natal de Erentxun. Este video documental destaca la qu\u00edmica y la amistad entre ambos m\u00fasicos, aportando una autenticidad especial a la canci\u00f3n.<\/p>\t\t\t\t\t\t\t\t<\/div>\n\t\t\t\t<\/div>\n\t\t\t\t\t<\/div>\n\t\t<\/div>\n\t\t\t\t\t<\/div>\n\t\t<\/section>\n\t\t\t\t<section class=\"elementor-section elementor-top-section elementor-element elementor-element-afbc5bc elementor-section-boxed elementor-section-height-default elementor-section-height-default\" data-id=\"afbc5bc\" data-element_type=\"section\" data-e-type=\"section\">\n\t\t\t\t\t\t<div class=\"elementor-container elementor-column-gap-default\">\n\t\t\t\t\t<div class=\"elementor-column elementor-col-100 elementor-top-column elementor-element elementor-element-6aae019\" data-id=\"6aae019\" data-element_type=\"column\" data-e-type=\"column\">\n\t\t\t<div class=\"elementor-widget-wrap elementor-element-populated\">\n\t\t\t\t\t\t<div class=\"elementor-element elementor-element-09eb5bb elementor-widget elementor-widget-text-editor\" data-id=\"09eb5bb\" data-element_type=\"widget\" data-e-type=\"widget\" data-widget_type=\"text-editor.default\">\n\t\t\t\t<div class=\"elementor-widget-container\">\n\t\t\t\t\t\t\t\t\t<div class=\"flex flex-grow flex-col max-w-full\"><div class=\"min-h-[20px] text-message flex flex-col items-start whitespace-pre-wrap break-words [.text-message+&amp;]:mt-5 juice:w-full juice:items-end overflow-x-auto gap-2\" dir=\"auto\" data-message-author-role=\"assistant\" data-message-id=\"5ddeb392-24cd-4ae2-8bbf-c1335bea68b8\"><div class=\"flex w-full flex-col gap-1 juice:empty:hidden juice:first:pt-[3px]\"><div class=\"markdown prose w-full break-words dark:prose-invert light\"><p>Christian Meier comenz\u00f3 su carrera musical en 1988 con la banda peruana de rock Arena Hash y m\u00e1s tarde se lanz\u00f3 como solista. Paralelamente, inici\u00f3 una exitosa carrera actoral en telenovelas populares como <em>La Tormenta<\/em> y <em>Do\u00f1a B\u00e1rbara<\/em>. Despu\u00e9s de a\u00f1os de dedicarse a la actuaci\u00f3n, Meier ha vuelto a sus ra\u00edces musicales, continuando su proyecto como solista con el lanzamiento de \u00abHe Vuelto a Casa\u00bb y un EP de versiones en vivo. La colaboraci\u00f3n con Mikel Erentxun en <em>Deja Vu<\/em>\u00a0no solo celebra el regreso de Meier a la m\u00fasica, sino tambi\u00e9n la amistad y el respeto mutuo entre ambos artistas, ofreciendo a sus seguidores una obra cargada de emoci\u00f3n y nostalgia.<\/p><\/div><\/div><\/div><\/div>\t\t\t\t\t\t\t\t<\/div>\n\t\t\t\t<\/div>\n\t\t\t\t\t<\/div>\n\t\t<\/div>\n\t\t\t\t\t<\/div>\n\t\t<\/section>\n\t\t\t\t<\/div>\n\t\t","protected":false},"excerpt":{"rendered":"<p>Adem\u00e1s de lanzar esta nueva versi\u00f3n, Christian Meier ha anunciado que, por primera vez, dar\u00e1 dos conciertos por Espa\u00f1a Christian Meier ha lanzado una nueva versi\u00f3n de su \u00e9xito Deja Vu, en colaboraci\u00f3n con Mikel Erentxun. Este lanzamiento marca un reencuentro musical para ambos artistas, quienes trabajaron juntos hace m\u00e1s de 20 a\u00f1os en el [&hellip;]<\/p>\n","protected":false},"author":6,"featured_media":2833,"comment_status":"open","ping_status":"open","sticky":false,"template":"","format":"standard","meta":{"footnotes":""},"categories":[119,4],"tags":[],"class_list":["post-2830","post","type-post","status-publish","format-standard","has-post-thumbnail","hentry","category-eventos","category-musica"],"yoast_head":"<!-- This site is optimized with the Yoast SEO plugin v27.4 - https:\/\/yoast.com\/product\/yoast-seo-wordpress\/ -->\n<title>Christian Meier y Mikel Erentxun versionan &quot;Deja Vu&quot;<\/title>\n<meta name=\"description\" content=\"Adem\u00e1s de lanzar esta nueva versi\u00f3n, Christian Meier ha anunciado que, por primera vez, dar\u00e1 dos conciertos por Espa\u00f1a\" \/>\n<meta name=\"robots\" content=\"index, follow, max-snippet:-1, max-image-preview:large, max-video-preview:-1\" \/>\n<link rel=\"canonical\" href=\"https:\/\/unaymilletras.com\/en\/christian-meier-y-mikel-erentxun-versionan-deja-vu\/\" \/>\n<meta property=\"og:locale\" content=\"en_GB\" \/>\n<meta property=\"og:type\" content=\"article\" \/>\n<meta property=\"og:title\" content=\"Christian Meier y Mikel Erentxun versionan &quot;Deja Vu&quot;\" \/>\n<meta property=\"og:description\" content=\"Adem\u00e1s de lanzar esta nueva versi\u00f3n, Christian Meier ha anunciado que, por primera vez, dar\u00e1 dos conciertos por Espa\u00f1a\" \/>\n<meta property=\"og:url\" content=\"https:\/\/unaymilletras.com\/en\/christian-meier-y-mikel-erentxun-versionan-deja-vu\/\" \/>\n<meta property=\"og:site_name\" content=\"Una y Mil Letras\" \/>\n<meta property=\"article:published_time\" content=\"2024-07-03T09:35:07+00:00\" \/>\n<meta property=\"article:modified_time\" content=\"2024-08-21T16:11:12+00:00\" \/>\n<meta property=\"og:image\" content=\"http:\/\/unaymilletras.com\/wp-content\/uploads\/2024\/07\/Captura-de-pantalla-2024-07-02-a-las-16.57.18-1024x1020.png\" \/>\n\t<meta property=\"og:image:width\" content=\"1024\" \/>\n\t<meta property=\"og:image:height\" content=\"1020\" \/>\n\t<meta property=\"og:image:type\" content=\"image\/png\" \/>\n<meta name=\"author\" content=\"Redacci\u00f3n\" \/>\n<meta name=\"twitter:card\" content=\"summary_large_image\" \/>\n<meta name=\"twitter:creator\" content=\"@UnaYMilLetras\" \/>\n<meta name=\"twitter:site\" content=\"@UnaYMilLetras\" \/>\n<meta name=\"twitter:label1\" content=\"Written by\" \/>\n\t<meta name=\"twitter:data1\" content=\"Redacci\u00f3n\" \/>\n\t<meta name=\"twitter:label2\" content=\"Estimated reading time\" \/>\n\t<meta name=\"twitter:data2\" content=\"1 minute\" \/>\n<script type=\"application\/ld+json\" class=\"yoast-schema-graph\">{\"@context\":\"https:\\\/\\\/schema.org\",\"@graph\":[{\"@type\":\"Article\",\"@id\":\"https:\\\/\\\/unaymilletras.com\\\/christian-meier-y-mikel-erentxun-versionan-deja-vu\\\/#article\",\"isPartOf\":{\"@id\":\"https:\\\/\\\/unaymilletras.com\\\/christian-meier-y-mikel-erentxun-versionan-deja-vu\\\/\"},\"author\":{\"name\":\"Redacci\u00f3n\",\"@id\":\"http:\\\/\\\/unaymilletras.com\\\/#\\\/schema\\\/person\\\/0860dc8a218329991ee2c7591f4f849d\"},\"headline\":\"Christian Meier y Mikel Erentxun versionan \u00abDeja Vu\u00bb\",\"datePublished\":\"2024-07-03T09:35:07+00:00\",\"dateModified\":\"2024-08-21T16:11:12+00:00\",\"mainEntityOfPage\":{\"@id\":\"https:\\\/\\\/unaymilletras.com\\\/christian-meier-y-mikel-erentxun-versionan-deja-vu\\\/\"},\"wordCount\":422,\"commentCount\":0,\"publisher\":{\"@id\":\"http:\\\/\\\/unaymilletras.com\\\/#organization\"},\"image\":{\"@id\":\"https:\\\/\\\/unaymilletras.com\\\/christian-meier-y-mikel-erentxun-versionan-deja-vu\\\/#primaryimage\"},\"thumbnailUrl\":\"https:\\\/\\\/unaymilletras.com\\\/wp-content\\\/uploads\\\/2024\\\/07\\\/Captura-de-pantalla-2024-07-02-a-las-16.57.18-e1719932275146.png\",\"articleSection\":[\"Eventos\",\"M\u00fasica\"],\"inLanguage\":\"en-GB\",\"potentialAction\":[{\"@type\":\"CommentAction\",\"name\":\"Comment\",\"target\":[\"https:\\\/\\\/unaymilletras.com\\\/christian-meier-y-mikel-erentxun-versionan-deja-vu\\\/#respond\"]}]},{\"@type\":\"WebPage\",\"@id\":\"https:\\\/\\\/unaymilletras.com\\\/christian-meier-y-mikel-erentxun-versionan-deja-vu\\\/\",\"url\":\"https:\\\/\\\/unaymilletras.com\\\/christian-meier-y-mikel-erentxun-versionan-deja-vu\\\/\",\"name\":\"Christian Meier y Mikel Erentxun versionan \\\"Deja Vu\\\"\",\"isPartOf\":{\"@id\":\"http:\\\/\\\/unaymilletras.com\\\/#website\"},\"primaryImageOfPage\":{\"@id\":\"https:\\\/\\\/unaymilletras.com\\\/christian-meier-y-mikel-erentxun-versionan-deja-vu\\\/#primaryimage\"},\"image\":{\"@id\":\"https:\\\/\\\/unaymilletras.com\\\/christian-meier-y-mikel-erentxun-versionan-deja-vu\\\/#primaryimage\"},\"thumbnailUrl\":\"https:\\\/\\\/unaymilletras.com\\\/wp-content\\\/uploads\\\/2024\\\/07\\\/Captura-de-pantalla-2024-07-02-a-las-16.57.18-e1719932275146.png\",\"datePublished\":\"2024-07-03T09:35:07+00:00\",\"dateModified\":\"2024-08-21T16:11:12+00:00\",\"description\":\"Adem\u00e1s de lanzar esta nueva versi\u00f3n, Christian Meier ha anunciado que, por primera vez, dar\u00e1 dos conciertos por Espa\u00f1a\",\"breadcrumb\":{\"@id\":\"https:\\\/\\\/unaymilletras.com\\\/christian-meier-y-mikel-erentxun-versionan-deja-vu\\\/#breadcrumb\"},\"inLanguage\":\"en-GB\",\"potentialAction\":[{\"@type\":\"ReadAction\",\"target\":[\"https:\\\/\\\/unaymilletras.com\\\/christian-meier-y-mikel-erentxun-versionan-deja-vu\\\/\"]}]},{\"@type\":\"ImageObject\",\"inLanguage\":\"en-GB\",\"@id\":\"https:\\\/\\\/unaymilletras.com\\\/christian-meier-y-mikel-erentxun-versionan-deja-vu\\\/#primaryimage\",\"url\":\"https:\\\/\\\/unaymilletras.com\\\/wp-content\\\/uploads\\\/2024\\\/07\\\/Captura-de-pantalla-2024-07-02-a-las-16.57.18-e1719932275146.png\",\"contentUrl\":\"https:\\\/\\\/unaymilletras.com\\\/wp-content\\\/uploads\\\/2024\\\/07\\\/Captura-de-pantalla-2024-07-02-a-las-16.57.18-e1719932275146.png\",\"width\":600,\"height\":598,\"caption\":\"CHRISTIAN MEIER\"},{\"@type\":\"BreadcrumbList\",\"@id\":\"https:\\\/\\\/unaymilletras.com\\\/christian-meier-y-mikel-erentxun-versionan-deja-vu\\\/#breadcrumb\",\"itemListElement\":[{\"@type\":\"ListItem\",\"position\":1,\"name\":\"Home\",\"item\":\"http:\\\/\\\/unaymilletras.com\\\/\"},{\"@type\":\"ListItem\",\"position\":2,\"name\":\"Christian Meier y Mikel Erentxun versionan \u00abDeja Vu\u00bb\"}]},{\"@type\":\"WebSite\",\"@id\":\"http:\\\/\\\/unaymilletras.com\\\/#website\",\"url\":\"http:\\\/\\\/unaymilletras.com\\\/\",\"name\":\"Una y Mil Letras\",\"description\":\"\",\"publisher\":{\"@id\":\"http:\\\/\\\/unaymilletras.com\\\/#organization\"},\"potentialAction\":[{\"@type\":\"SearchAction\",\"target\":{\"@type\":\"EntryPoint\",\"urlTemplate\":\"http:\\\/\\\/unaymilletras.com\\\/?s={search_term_string}\"},\"query-input\":{\"@type\":\"PropertyValueSpecification\",\"valueRequired\":true,\"valueName\":\"search_term_string\"}}],\"inLanguage\":\"en-GB\"},{\"@type\":\"Organization\",\"@id\":\"http:\\\/\\\/unaymilletras.com\\\/#organization\",\"name\":\"Una y Mil Letras\",\"url\":\"http:\\\/\\\/unaymilletras.com\\\/\",\"logo\":{\"@type\":\"ImageObject\",\"inLanguage\":\"en-GB\",\"@id\":\"http:\\\/\\\/unaymilletras.com\\\/#\\\/schema\\\/logo\\\/image\\\/\",\"url\":\"https:\\\/\\\/unaymilletras.com\\\/wp-content\\\/uploads\\\/2024\\\/06\\\/cropped-Logo-removebg-preview.png\",\"contentUrl\":\"https:\\\/\\\/unaymilletras.com\\\/wp-content\\\/uploads\\\/2024\\\/06\\\/cropped-Logo-removebg-preview.png\",\"width\":512,\"height\":512,\"caption\":\"Una y Mil Letras\"},\"image\":{\"@id\":\"http:\\\/\\\/unaymilletras.com\\\/#\\\/schema\\\/logo\\\/image\\\/\"},\"sameAs\":[\"https:\\\/\\\/x.com\\\/UnaYMilLetras\",\"https:\\\/\\\/instagram.com\\\/UnaYMilLetras\"]},{\"@type\":\"Person\",\"@id\":\"http:\\\/\\\/unaymilletras.com\\\/#\\\/schema\\\/person\\\/0860dc8a218329991ee2c7591f4f849d\",\"name\":\"Redacci\u00f3n\",\"image\":{\"@type\":\"ImageObject\",\"inLanguage\":\"en-GB\",\"@id\":\"https:\\\/\\\/secure.gravatar.com\\\/avatar\\\/d8f55e05a8b6597e45c55a1dcbdbfe44f4a360d88b48e00de5216a79b7732796?s=96&d=mm&r=g\",\"url\":\"https:\\\/\\\/secure.gravatar.com\\\/avatar\\\/d8f55e05a8b6597e45c55a1dcbdbfe44f4a360d88b48e00de5216a79b7732796?s=96&d=mm&r=g\",\"contentUrl\":\"https:\\\/\\\/secure.gravatar.com\\\/avatar\\\/d8f55e05a8b6597e45c55a1dcbdbfe44f4a360d88b48e00de5216a79b7732796?s=96&d=mm&r=g\",\"caption\":\"Redacci\u00f3n\"},\"url\":\"https:\\\/\\\/unaymilletras.com\\\/en\\\/author\\\/redaccion\\\/\"}]}<\/script>\n<!-- \/ Yoast SEO plugin. -->","yoast_head_json":{"title":"Christian Meier y Mikel Erentxun versionan \"Deja Vu\"","description":"Adem\u00e1s de lanzar esta nueva versi\u00f3n, Christian Meier ha anunciado que, por primera vez, dar\u00e1 dos conciertos por Espa\u00f1a","robots":{"index":"index","follow":"follow","max-snippet":"max-snippet:-1","max-image-preview":"max-image-preview:large","max-video-preview":"max-video-preview:-1"},"canonical":"https:\/\/unaymilletras.com\/en\/christian-meier-y-mikel-erentxun-versionan-deja-vu\/","og_locale":"en_GB","og_type":"article","og_title":"Christian Meier y Mikel Erentxun versionan \"Deja Vu\"","og_description":"Adem\u00e1s de lanzar esta nueva versi\u00f3n, Christian Meier ha anunciado que, por primera vez, dar\u00e1 dos conciertos por Espa\u00f1a","og_url":"https:\/\/unaymilletras.com\/en\/christian-meier-y-mikel-erentxun-versionan-deja-vu\/","og_site_name":"Una y Mil Letras","article_published_time":"2024-07-03T09:35:07+00:00","article_modified_time":"2024-08-21T16:11:12+00:00","og_image":[{"width":1024,"height":1020,"url":"http:\/\/unaymilletras.com\/wp-content\/uploads\/2024\/07\/Captura-de-pantalla-2024-07-02-a-las-16.57.18-1024x1020.png","type":"image\/png"}],"author":"Redacci\u00f3n","twitter_card":"summary_large_image","twitter_creator":"@UnaYMilLetras","twitter_site":"@UnaYMilLetras","twitter_misc":{"Written by":"Redacci\u00f3n","Estimated reading time":"1 minute"},"schema":{"@context":"https:\/\/schema.org","@graph":[{"@type":"Article","@id":"https:\/\/unaymilletras.com\/christian-meier-y-mikel-erentxun-versionan-deja-vu\/#article","isPartOf":{"@id":"https:\/\/unaymilletras.com\/christian-meier-y-mikel-erentxun-versionan-deja-vu\/"},"author":{"name":"Redacci\u00f3n","@id":"http:\/\/unaymilletras.com\/#\/schema\/person\/0860dc8a218329991ee2c7591f4f849d"},"headline":"Christian Meier y Mikel Erentxun versionan \u00abDeja Vu\u00bb","datePublished":"2024-07-03T09:35:07+00:00","dateModified":"2024-08-21T16:11:12+00:00","mainEntityOfPage":{"@id":"https:\/\/unaymilletras.com\/christian-meier-y-mikel-erentxun-versionan-deja-vu\/"},"wordCount":422,"commentCount":0,"publisher":{"@id":"http:\/\/unaymilletras.com\/#organization"},"image":{"@id":"https:\/\/unaymilletras.com\/christian-meier-y-mikel-erentxun-versionan-deja-vu\/#primaryimage"},"thumbnailUrl":"https:\/\/unaymilletras.com\/wp-content\/uploads\/2024\/07\/Captura-de-pantalla-2024-07-02-a-las-16.57.18-e1719932275146.png","articleSection":["Eventos","M\u00fasica"],"inLanguage":"en-GB","potentialAction":[{"@type":"CommentAction","name":"Comment","target":["https:\/\/unaymilletras.com\/christian-meier-y-mikel-erentxun-versionan-deja-vu\/#respond"]}]},{"@type":"WebPage","@id":"https:\/\/unaymilletras.com\/christian-meier-y-mikel-erentxun-versionan-deja-vu\/","url":"https:\/\/unaymilletras.com\/christian-meier-y-mikel-erentxun-versionan-deja-vu\/","name":"Christian Meier y Mikel Erentxun versionan \"Deja Vu\"","isPartOf":{"@id":"http:\/\/unaymilletras.com\/#website"},"primaryImageOfPage":{"@id":"https:\/\/unaymilletras.com\/christian-meier-y-mikel-erentxun-versionan-deja-vu\/#primaryimage"},"image":{"@id":"https:\/\/unaymilletras.com\/christian-meier-y-mikel-erentxun-versionan-deja-vu\/#primaryimage"},"thumbnailUrl":"https:\/\/unaymilletras.com\/wp-content\/uploads\/2024\/07\/Captura-de-pantalla-2024-07-02-a-las-16.57.18-e1719932275146.png","datePublished":"2024-07-03T09:35:07+00:00","dateModified":"2024-08-21T16:11:12+00:00","description":"Adem\u00e1s de lanzar esta nueva versi\u00f3n, Christian Meier ha anunciado que, por primera vez, dar\u00e1 dos conciertos por Espa\u00f1a","breadcrumb":{"@id":"https:\/\/unaymilletras.com\/christian-meier-y-mikel-erentxun-versionan-deja-vu\/#breadcrumb"},"inLanguage":"en-GB","potentialAction":[{"@type":"ReadAction","target":["https:\/\/unaymilletras.com\/christian-meier-y-mikel-erentxun-versionan-deja-vu\/"]}]},{"@type":"ImageObject","inLanguage":"en-GB","@id":"https:\/\/unaymilletras.com\/christian-meier-y-mikel-erentxun-versionan-deja-vu\/#primaryimage","url":"https:\/\/unaymilletras.com\/wp-content\/uploads\/2024\/07\/Captura-de-pantalla-2024-07-02-a-las-16.57.18-e1719932275146.png","contentUrl":"https:\/\/unaymilletras.com\/wp-content\/uploads\/2024\/07\/Captura-de-pantalla-2024-07-02-a-las-16.57.18-e1719932275146.png","width":600,"height":598,"caption":"CHRISTIAN MEIER"},{"@type":"BreadcrumbList","@id":"https:\/\/unaymilletras.com\/christian-meier-y-mikel-erentxun-versionan-deja-vu\/#breadcrumb","itemListElement":[{"@type":"ListItem","position":1,"name":"Home","item":"http:\/\/unaymilletras.com\/"},{"@type":"ListItem","position":2,"name":"Christian Meier y Mikel Erentxun versionan \u00abDeja Vu\u00bb"}]},{"@type":"WebSite","@id":"http:\/\/unaymilletras.com\/#website","url":"http:\/\/unaymilletras.com\/","name":"Una y Mil Letras","description":"","publisher":{"@id":"http:\/\/unaymilletras.com\/#organization"},"potentialAction":[{"@type":"SearchAction","target":{"@type":"EntryPoint","urlTemplate":"http:\/\/unaymilletras.com\/?s={search_term_string}"},"query-input":{"@type":"PropertyValueSpecification","valueRequired":true,"valueName":"search_term_string"}}],"inLanguage":"en-GB"},{"@type":"Organization","@id":"http:\/\/unaymilletras.com\/#organization","name":"Una y Mil Letras","url":"http:\/\/unaymilletras.com\/","logo":{"@type":"ImageObject","inLanguage":"en-GB","@id":"http:\/\/unaymilletras.com\/#\/schema\/logo\/image\/","url":"https:\/\/unaymilletras.com\/wp-content\/uploads\/2024\/06\/cropped-Logo-removebg-preview.png","contentUrl":"https:\/\/unaymilletras.com\/wp-content\/uploads\/2024\/06\/cropped-Logo-removebg-preview.png","width":512,"height":512,"caption":"Una y Mil Letras"},"image":{"@id":"http:\/\/unaymilletras.com\/#\/schema\/logo\/image\/"},"sameAs":["https:\/\/x.com\/UnaYMilLetras","https:\/\/instagram.com\/UnaYMilLetras"]},{"@type":"Person","@id":"http:\/\/unaymilletras.com\/#\/schema\/person\/0860dc8a218329991ee2c7591f4f849d","name":"Redacci\u00f3n","image":{"@type":"ImageObject","inLanguage":"en-GB","@id":"https:\/\/secure.gravatar.com\/avatar\/d8f55e05a8b6597e45c55a1dcbdbfe44f4a360d88b48e00de5216a79b7732796?s=96&d=mm&r=g","url":"https:\/\/secure.gravatar.com\/avatar\/d8f55e05a8b6597e45c55a1dcbdbfe44f4a360d88b48e00de5216a79b7732796?s=96&d=mm&r=g","contentUrl":"https:\/\/secure.gravatar.com\/avatar\/d8f55e05a8b6597e45c55a1dcbdbfe44f4a360d88b48e00de5216a79b7732796?s=96&d=mm&r=g","caption":"Redacci\u00f3n"},"url":"https:\/\/unaymilletras.com\/en\/author\/redaccion\/"}]}},"_links":{"self":[{"href":"https:\/\/unaymilletras.com\/en\/wp-json\/wp\/v2\/posts\/2830","targetHints":{"allow":["GET"]}}],"collection":[{"href":"https:\/\/unaymilletras.com\/en\/wp-json\/wp\/v2\/posts"}],"about":[{"href":"https:\/\/unaymilletras.com\/en\/wp-json\/wp\/v2\/types\/post"}],"author":[{"embeddable":true,"href":"https:\/\/unaymilletras.com\/en\/wp-json\/wp\/v2\/users\/6"}],"replies":[{"embeddable":true,"href":"https:\/\/unaymilletras.com\/en\/wp-json\/wp\/v2\/comments?post=2830"}],"version-history":[{"count":8,"href":"https:\/\/unaymilletras.com\/en\/wp-json\/wp\/v2\/posts\/2830\/revisions"}],"predecessor-version":[{"id":2839,"href":"https:\/\/unaymilletras.com\/en\/wp-json\/wp\/v2\/posts\/2830\/revisions\/2839"}],"wp:featuredmedia":[{"embeddable":true,"href":"https:\/\/unaymilletras.com\/en\/wp-json\/wp\/v2\/media\/2833"}],"wp:attachment":[{"href":"https:\/\/unaymilletras.com\/en\/wp-json\/wp\/v2\/media?parent=2830"}],"wp:term":[{"taxonomy":"category","embeddable":true,"href":"https:\/\/unaymilletras.com\/en\/wp-json\/wp\/v2\/categories?post=2830"},{"taxonomy":"post_tag","embeddable":true,"href":"https:\/\/unaymilletras.com\/en\/wp-json\/wp\/v2\/tags?post=2830"}],"curies":[{"name":"wp","href":"https:\/\/api.w.org\/{rel}","templated":true}]}}