{"id":2840,"date":"2024-07-10T13:33:57","date_gmt":"2024-07-10T11:33:57","guid":{"rendered":"https:\/\/unaymilletras.com\/?p=2840"},"modified":"2024-08-21T18:11:08","modified_gmt":"2024-08-21T16:11:08","slug":"sum-41-anade-fechas-para-su-tour-of-the-setting-sum","status":"publish","type":"post","link":"https:\/\/unaymilletras.com\/en\/sum-41-anade-fechas-para-su-tour-of-the-setting-sum\/","title":{"rendered":"Sum 41 a\u00f1ade fechas para su \u00abTour Of The Setting Sum\u00bb"},"content":{"rendered":"<div data-elementor-type=\"wp-post\" data-elementor-id=\"2840\" class=\"elementor elementor-2840\">\n\t\t\t\t\t\t<section class=\"elementor-section elementor-top-section elementor-element elementor-element-7355325 elementor-section-boxed elementor-section-height-default elementor-section-height-default\" data-id=\"7355325\" data-element_type=\"section\" data-e-type=\"section\">\n\t\t\t\t\t\t<div class=\"elementor-container elementor-column-gap-default\">\n\t\t\t\t\t<div class=\"elementor-column elementor-col-100 elementor-top-column elementor-element elementor-element-b211655\" data-id=\"b211655\" data-element_type=\"column\" data-e-type=\"column\">\n\t\t\t<div class=\"elementor-widget-wrap elementor-element-populated\">\n\t\t\t\t\t\t<div class=\"elementor-element elementor-element-4db60c1 elementor-widget elementor-widget-text-editor\" data-id=\"4db60c1\" data-element_type=\"widget\" data-e-type=\"widget\" data-widget_type=\"text-editor.default\">\n\t\t\t\t<div class=\"elementor-widget-container\">\n\t\t\t\t\t\t\t\t\t<h2 style=\"text-align: center;\"><span style=\"color: #808080;\"><em>La banda Sum 41 ofrecer\u00e1 dos conciertos en Madrid y Barcelona en noviembre de 2024, marcando el final de casi 30 a\u00f1os de carrera<\/em><\/span><\/h2>\t\t\t\t\t\t\t\t<\/div>\n\t\t\t\t<\/div>\n\t\t\t\t\t<\/div>\n\t\t<\/div>\n\t\t\t\t\t<\/div>\n\t\t<\/section>\n\t\t\t\t<section class=\"elementor-section elementor-top-section elementor-element elementor-element-4fb9ff5 elementor-section-boxed elementor-section-height-default elementor-section-height-default\" data-id=\"4fb9ff5\" data-element_type=\"section\" data-e-type=\"section\">\n\t\t\t\t\t\t<div class=\"elementor-container elementor-column-gap-default\">\n\t\t\t\t\t<div class=\"elementor-column elementor-col-100 elementor-top-column elementor-element elementor-element-79c873e\" data-id=\"79c873e\" data-element_type=\"column\" data-e-type=\"column\">\n\t\t\t<div class=\"elementor-widget-wrap elementor-element-populated\">\n\t\t\t\t\t\t<div class=\"elementor-element elementor-element-437330c elementor-widget elementor-widget-text-editor\" data-id=\"437330c\" data-element_type=\"widget\" data-e-type=\"widget\" data-widget_type=\"text-editor.default\">\n\t\t\t\t<div class=\"elementor-widget-container\">\n\t\t\t\t\t\t\t\t\t<p><strong>Sum 41<\/strong>\u00a0ha a\u00f1adido nuevas fechas a su gira de despedida <strong><em>Tour Of The Setting Sum<\/em><\/strong>. Los fans espa\u00f1oles tendr\u00e1n una \u00faltima oportunidad para disfrutar del potente directo de los autores de <em>In Too Deep<\/em>. Los conciertos ser\u00e1n el <strong>19 de noviembre de 2024<\/strong> en el <strong>WiZink Center<\/strong> de Madrid y el <strong>20 de noviembre<\/strong> en el <strong>Palau Sant Jordi<\/strong> de Barcelona. Los brit\u00e1nicos Neck Deep ser\u00e1n los artistas invitados en ambos shows.<\/p>\t\t\t\t\t\t\t\t<\/div>\n\t\t\t\t<\/div>\n\t\t\t\t\t<\/div>\n\t\t<\/div>\n\t\t\t\t\t<\/div>\n\t\t<\/section>\n\t\t\t\t<section class=\"elementor-section elementor-top-section elementor-element elementor-element-11927c8 elementor-section-boxed elementor-section-height-default elementor-section-height-default\" data-id=\"11927c8\" data-element_type=\"section\" data-e-type=\"section\">\n\t\t\t\t\t\t<div class=\"elementor-container elementor-column-gap-default\">\n\t\t\t\t\t<div class=\"elementor-column elementor-col-50 elementor-top-column elementor-element elementor-element-378eb6f\" data-id=\"378eb6f\" data-element_type=\"column\" data-e-type=\"column\">\n\t\t\t<div class=\"elementor-widget-wrap elementor-element-populated\">\n\t\t\t\t\t\t<div class=\"elementor-element elementor-element-b5dbe4a elementor-widget elementor-widget-image\" data-id=\"b5dbe4a\" data-element_type=\"widget\" data-e-type=\"widget\" data-widget_type=\"image.default\">\n\t\t\t\t<div class=\"elementor-widget-container\">\n\t\t\t\t\t\t\t\t\t\t\t\t\t\t\t<img fetchpriority=\"high\" decoding=\"async\" width=\"640\" height=\"881\" src=\"https:\/\/unaymilletras.com\/wp-content\/uploads\/2024\/07\/Sum--744x1024.jpeg\" class=\"attachment-large size-large wp-image-2842\" alt=\"Sum 41\" srcset=\"https:\/\/unaymilletras.com\/wp-content\/uploads\/2024\/07\/Sum--744x1024.jpeg 744w, https:\/\/unaymilletras.com\/wp-content\/uploads\/2024\/07\/Sum--218x300.jpeg 218w, https:\/\/unaymilletras.com\/wp-content\/uploads\/2024\/07\/Sum--768x1057.jpeg 768w, https:\/\/unaymilletras.com\/wp-content\/uploads\/2024\/07\/Sum--1116x1536.jpeg 1116w, https:\/\/unaymilletras.com\/wp-content\/uploads\/2024\/07\/Sum--1024x1409.jpeg 1024w, https:\/\/unaymilletras.com\/wp-content\/uploads\/2024\/07\/Sum--e1720467942829.jpeg 400w\" sizes=\"(max-width: 640px) 100vw, 640px\" \/>\t\t\t\t\t\t\t\t\t\t\t\t\t\t\t<\/div>\n\t\t\t\t<\/div>\n\t\t\t\t\t<\/div>\n\t\t<\/div>\n\t\t\t\t<div class=\"elementor-column elementor-col-50 elementor-top-column elementor-element elementor-element-40a45a5\" data-id=\"40a45a5\" data-element_type=\"column\" data-e-type=\"column\">\n\t\t\t<div class=\"elementor-widget-wrap elementor-element-populated\">\n\t\t\t\t\t\t<div class=\"elementor-element elementor-element-e735539 elementor-widget elementor-widget-text-editor\" data-id=\"e735539\" data-element_type=\"widget\" data-e-type=\"widget\" data-widget_type=\"text-editor.default\">\n\t\t\t\t<div class=\"elementor-widget-container\">\n\t\t\t\t\t\t\t\t\t<p>El vocalista Deryck Whibley expres\u00f3 su emoci\u00f3n por estas nuevas fechas: \u00abEstamos muy emocionados de anunciar nuevas fechas en Reino Unido y Europa para finales de este a\u00f1o. Nuestros fans en el extranjero han sido incre\u00edbles con nosotros a lo largo de todo este tiempo, por lo que estamos ansiosos por ofrecerles el mejor show de nuestras vidas y despedirnos en lo m\u00e1s alto.\u00bb<\/p><p>El \u00faltimo \u00e1lbum de Sum 41, <em>Heaven :x: Hell<\/em>, consta de dos discos: <em>Heaven<\/em>, con 10 temas de pop punk lleno de energ\u00eda, y <em>Hell<\/em>, con 10 himnos de heavy metal. Este trabajo refleja la habilidad de la banda para fusionar diferentes g\u00e9neros y su innovaci\u00f3n continua, incluso 27 a\u00f1os despu\u00e9s de su debut.<\/p>\t\t\t\t\t\t\t\t<\/div>\n\t\t\t\t<\/div>\n\t\t\t\t\t<\/div>\n\t\t<\/div>\n\t\t\t\t\t<\/div>\n\t\t<\/section>\n\t\t\t\t<section class=\"elementor-section elementor-top-section elementor-element elementor-element-09af79a elementor-section-boxed elementor-section-height-default elementor-section-height-default\" data-id=\"09af79a\" data-element_type=\"section\" data-e-type=\"section\">\n\t\t\t\t\t\t<div class=\"elementor-container elementor-column-gap-default\">\n\t\t\t\t\t<div class=\"elementor-column elementor-col-100 elementor-top-column elementor-element elementor-element-6b236af\" data-id=\"6b236af\" data-element_type=\"column\" data-e-type=\"column\">\n\t\t\t<div class=\"elementor-widget-wrap elementor-element-populated\">\n\t\t\t\t\t\t<div class=\"elementor-element elementor-element-adc1e94 elementor-widget elementor-widget-text-editor\" data-id=\"adc1e94\" data-element_type=\"widget\" data-e-type=\"widget\" data-widget_type=\"text-editor.default\">\n\t\t\t\t<div class=\"elementor-widget-container\">\n\t\t\t\t\t\t\t\t\t<p><span style=\"color: var( --e-global-color-text ); font-family: var( --e-global-typography-text-font-family ), Sans-serif; font-weight: var( --e-global-typography-text-font-weight );\">Las entradas para los conciertos en Madrid y Barcelona saldr\u00e1n a la venta el 12 de julio a las 12h en Livenation.es, Ticketmaster y El Corte Ingl\u00e9s, con preventas a partir del 10 de julio a las 10h en Livenation.es. Los precios comenzar\u00e1n desde 45\u20ac m\u00e1s gastos de distribuci\u00f3n. Esta gira de despedida promete ser un evento inolvidable para todos los seguidores de Sum 41.<\/span><br><\/p>\t\t\t\t\t\t\t\t<\/div>\n\t\t\t\t<\/div>\n\t\t\t\t\t<\/div>\n\t\t<\/div>\n\t\t\t\t\t<\/div>\n\t\t<\/section>\n\t\t\t\t<\/div>","protected":false},"excerpt":{"rendered":"<p>La banda Sum 41 ofrecer\u00e1 dos conciertos en Madrid y Barcelona en noviembre de 2024, marcando el final de casi 30 a\u00f1os de carrera Sum 41\u00a0ha a\u00f1adido nuevas fechas a su gira de despedida Tour Of The Setting Sum. Los fans espa\u00f1oles tendr\u00e1n una \u00faltima oportunidad para disfrutar del potente directo de los autores de [&hellip;]<\/p>\n","protected":false},"author":6,"featured_media":2842,"comment_status":"open","ping_status":"open","sticky":false,"template":"","format":"standard","meta":{"footnotes":""},"categories":[119,4],"tags":[],"class_list":["post-2840","post","type-post","status-publish","format-standard","has-post-thumbnail","hentry","category-eventos","category-musica"],"yoast_head":"<!-- This site is optimized with the Yoast SEO plugin v27.4 - https:\/\/yoast.com\/product\/yoast-seo-wordpress\/ -->\n<title>Sum 41 a\u00f1ade fechas para su &quot;Tour Of The Setting Sum&quot;<\/title>\n<meta name=\"description\" content=\"La banda canadiense Sum 41 dar\u00e1 dos conciertos en Madrid y Barcelona en noviembre de 2024, marcando el final de casi 30 a\u00f1os de carrera\" \/>\n<meta name=\"robots\" content=\"index, follow, max-snippet:-1, max-image-preview:large, max-video-preview:-1\" \/>\n<link rel=\"canonical\" href=\"https:\/\/unaymilletras.com\/en\/sum-41-anade-fechas-para-su-tour-of-the-setting-sum\/\" \/>\n<meta property=\"og:locale\" content=\"en_GB\" \/>\n<meta property=\"og:type\" content=\"article\" \/>\n<meta property=\"og:title\" content=\"Sum 41 a\u00f1ade fechas para su &quot;Tour Of The Setting Sum&quot;\" \/>\n<meta property=\"og:description\" content=\"La banda canadiense Sum 41 dar\u00e1 dos conciertos en Madrid y Barcelona en noviembre de 2024, marcando el final de casi 30 a\u00f1os de carrera\" \/>\n<meta property=\"og:url\" content=\"https:\/\/unaymilletras.com\/en\/sum-41-anade-fechas-para-su-tour-of-the-setting-sum\/\" \/>\n<meta property=\"og:site_name\" content=\"Una y Mil Letras\" \/>\n<meta property=\"article:published_time\" content=\"2024-07-10T11:33:57+00:00\" \/>\n<meta property=\"article:modified_time\" content=\"2024-08-21T16:11:08+00:00\" \/>\n<meta property=\"og:image\" content=\"http:\/\/unaymilletras.com\/wp-content\/uploads\/2024\/07\/Sum--e1720467942829.jpeg\" \/>\n\t<meta property=\"og:image:width\" content=\"400\" \/>\n\t<meta property=\"og:image:height\" content=\"550\" \/>\n\t<meta property=\"og:image:type\" content=\"image\/jpeg\" \/>\n<meta name=\"author\" content=\"Redacci\u00f3n\" \/>\n<meta name=\"twitter:card\" content=\"summary_large_image\" \/>\n<meta name=\"twitter:creator\" content=\"@UnaYMilLetras\" \/>\n<meta name=\"twitter:site\" content=\"@UnaYMilLetras\" \/>\n<meta name=\"twitter:label1\" content=\"Written by\" \/>\n\t<meta name=\"twitter:data1\" content=\"Redacci\u00f3n\" \/>\n\t<meta name=\"twitter:label2\" content=\"Estimated reading time\" \/>\n\t<meta name=\"twitter:data2\" content=\"2 minutes\" \/>\n<script type=\"application\/ld+json\" class=\"yoast-schema-graph\">{\"@context\":\"https:\\\/\\\/schema.org\",\"@graph\":[{\"@type\":\"Article\",\"@id\":\"https:\\\/\\\/unaymilletras.com\\\/sum-41-anade-fechas-para-su-tour-of-the-setting-sum\\\/#article\",\"isPartOf\":{\"@id\":\"https:\\\/\\\/unaymilletras.com\\\/sum-41-anade-fechas-para-su-tour-of-the-setting-sum\\\/\"},\"author\":{\"name\":\"Redacci\u00f3n\",\"@id\":\"http:\\\/\\\/unaymilletras.com\\\/#\\\/schema\\\/person\\\/0860dc8a218329991ee2c7591f4f849d\"},\"headline\":\"Sum 41 a\u00f1ade fechas para su \u00abTour Of The Setting Sum\u00bb\",\"datePublished\":\"2024-07-10T11:33:57+00:00\",\"dateModified\":\"2024-08-21T16:11:08+00:00\",\"mainEntityOfPage\":{\"@id\":\"https:\\\/\\\/unaymilletras.com\\\/sum-41-anade-fechas-para-su-tour-of-the-setting-sum\\\/\"},\"wordCount\":299,\"commentCount\":0,\"publisher\":{\"@id\":\"http:\\\/\\\/unaymilletras.com\\\/#organization\"},\"image\":{\"@id\":\"https:\\\/\\\/unaymilletras.com\\\/sum-41-anade-fechas-para-su-tour-of-the-setting-sum\\\/#primaryimage\"},\"thumbnailUrl\":\"https:\\\/\\\/unaymilletras.com\\\/wp-content\\\/uploads\\\/2024\\\/07\\\/Sum--e1720467942829.jpeg\",\"articleSection\":[\"Eventos\",\"M\u00fasica\"],\"inLanguage\":\"en-GB\",\"potentialAction\":[{\"@type\":\"CommentAction\",\"name\":\"Comment\",\"target\":[\"https:\\\/\\\/unaymilletras.com\\\/sum-41-anade-fechas-para-su-tour-of-the-setting-sum\\\/#respond\"]}]},{\"@type\":\"WebPage\",\"@id\":\"https:\\\/\\\/unaymilletras.com\\\/sum-41-anade-fechas-para-su-tour-of-the-setting-sum\\\/\",\"url\":\"https:\\\/\\\/unaymilletras.com\\\/sum-41-anade-fechas-para-su-tour-of-the-setting-sum\\\/\",\"name\":\"Sum 41 a\u00f1ade fechas para su \\\"Tour Of The Setting Sum\\\"\",\"isPartOf\":{\"@id\":\"http:\\\/\\\/unaymilletras.com\\\/#website\"},\"primaryImageOfPage\":{\"@id\":\"https:\\\/\\\/unaymilletras.com\\\/sum-41-anade-fechas-para-su-tour-of-the-setting-sum\\\/#primaryimage\"},\"image\":{\"@id\":\"https:\\\/\\\/unaymilletras.com\\\/sum-41-anade-fechas-para-su-tour-of-the-setting-sum\\\/#primaryimage\"},\"thumbnailUrl\":\"https:\\\/\\\/unaymilletras.com\\\/wp-content\\\/uploads\\\/2024\\\/07\\\/Sum--e1720467942829.jpeg\",\"datePublished\":\"2024-07-10T11:33:57+00:00\",\"dateModified\":\"2024-08-21T16:11:08+00:00\",\"description\":\"La banda canadiense Sum 41 dar\u00e1 dos conciertos en Madrid y Barcelona en noviembre de 2024, marcando el final de casi 30 a\u00f1os de carrera\",\"breadcrumb\":{\"@id\":\"https:\\\/\\\/unaymilletras.com\\\/sum-41-anade-fechas-para-su-tour-of-the-setting-sum\\\/#breadcrumb\"},\"inLanguage\":\"en-GB\",\"potentialAction\":[{\"@type\":\"ReadAction\",\"target\":[\"https:\\\/\\\/unaymilletras.com\\\/sum-41-anade-fechas-para-su-tour-of-the-setting-sum\\\/\"]}]},{\"@type\":\"ImageObject\",\"inLanguage\":\"en-GB\",\"@id\":\"https:\\\/\\\/unaymilletras.com\\\/sum-41-anade-fechas-para-su-tour-of-the-setting-sum\\\/#primaryimage\",\"url\":\"https:\\\/\\\/unaymilletras.com\\\/wp-content\\\/uploads\\\/2024\\\/07\\\/Sum--e1720467942829.jpeg\",\"contentUrl\":\"https:\\\/\\\/unaymilletras.com\\\/wp-content\\\/uploads\\\/2024\\\/07\\\/Sum--e1720467942829.jpeg\",\"width\":400,\"height\":550,\"caption\":\"Sum 41\"},{\"@type\":\"BreadcrumbList\",\"@id\":\"https:\\\/\\\/unaymilletras.com\\\/sum-41-anade-fechas-para-su-tour-of-the-setting-sum\\\/#breadcrumb\",\"itemListElement\":[{\"@type\":\"ListItem\",\"position\":1,\"name\":\"Home\",\"item\":\"http:\\\/\\\/unaymilletras.com\\\/\"},{\"@type\":\"ListItem\",\"position\":2,\"name\":\"Sum 41 a\u00f1ade fechas para su \u00abTour Of The Setting Sum\u00bb\"}]},{\"@type\":\"WebSite\",\"@id\":\"http:\\\/\\\/unaymilletras.com\\\/#website\",\"url\":\"http:\\\/\\\/unaymilletras.com\\\/\",\"name\":\"Una y Mil Letras\",\"description\":\"\",\"publisher\":{\"@id\":\"http:\\\/\\\/unaymilletras.com\\\/#organization\"},\"potentialAction\":[{\"@type\":\"SearchAction\",\"target\":{\"@type\":\"EntryPoint\",\"urlTemplate\":\"http:\\\/\\\/unaymilletras.com\\\/?s={search_term_string}\"},\"query-input\":{\"@type\":\"PropertyValueSpecification\",\"valueRequired\":true,\"valueName\":\"search_term_string\"}}],\"inLanguage\":\"en-GB\"},{\"@type\":\"Organization\",\"@id\":\"http:\\\/\\\/unaymilletras.com\\\/#organization\",\"name\":\"Una y Mil Letras\",\"url\":\"http:\\\/\\\/unaymilletras.com\\\/\",\"logo\":{\"@type\":\"ImageObject\",\"inLanguage\":\"en-GB\",\"@id\":\"http:\\\/\\\/unaymilletras.com\\\/#\\\/schema\\\/logo\\\/image\\\/\",\"url\":\"https:\\\/\\\/unaymilletras.com\\\/wp-content\\\/uploads\\\/2024\\\/06\\\/cropped-Logo-removebg-preview.png\",\"contentUrl\":\"https:\\\/\\\/unaymilletras.com\\\/wp-content\\\/uploads\\\/2024\\\/06\\\/cropped-Logo-removebg-preview.png\",\"width\":512,\"height\":512,\"caption\":\"Una y Mil Letras\"},\"image\":{\"@id\":\"http:\\\/\\\/unaymilletras.com\\\/#\\\/schema\\\/logo\\\/image\\\/\"},\"sameAs\":[\"https:\\\/\\\/x.com\\\/UnaYMilLetras\",\"https:\\\/\\\/instagram.com\\\/UnaYMilLetras\"]},{\"@type\":\"Person\",\"@id\":\"http:\\\/\\\/unaymilletras.com\\\/#\\\/schema\\\/person\\\/0860dc8a218329991ee2c7591f4f849d\",\"name\":\"Redacci\u00f3n\",\"image\":{\"@type\":\"ImageObject\",\"inLanguage\":\"en-GB\",\"@id\":\"https:\\\/\\\/secure.gravatar.com\\\/avatar\\\/d8f55e05a8b6597e45c55a1dcbdbfe44f4a360d88b48e00de5216a79b7732796?s=96&d=mm&r=g\",\"url\":\"https:\\\/\\\/secure.gravatar.com\\\/avatar\\\/d8f55e05a8b6597e45c55a1dcbdbfe44f4a360d88b48e00de5216a79b7732796?s=96&d=mm&r=g\",\"contentUrl\":\"https:\\\/\\\/secure.gravatar.com\\\/avatar\\\/d8f55e05a8b6597e45c55a1dcbdbfe44f4a360d88b48e00de5216a79b7732796?s=96&d=mm&r=g\",\"caption\":\"Redacci\u00f3n\"},\"url\":\"https:\\\/\\\/unaymilletras.com\\\/en\\\/author\\\/redaccion\\\/\"}]}<\/script>\n<!-- \/ Yoast SEO plugin. -->","yoast_head_json":{"title":"Sum 41 a\u00f1ade fechas para su \"Tour Of The Setting Sum\"","description":"La banda canadiense Sum 41 dar\u00e1 dos conciertos en Madrid y Barcelona en noviembre de 2024, marcando el final de casi 30 a\u00f1os de carrera","robots":{"index":"index","follow":"follow","max-snippet":"max-snippet:-1","max-image-preview":"max-image-preview:large","max-video-preview":"max-video-preview:-1"},"canonical":"https:\/\/unaymilletras.com\/en\/sum-41-anade-fechas-para-su-tour-of-the-setting-sum\/","og_locale":"en_GB","og_type":"article","og_title":"Sum 41 a\u00f1ade fechas para su \"Tour Of The Setting Sum\"","og_description":"La banda canadiense Sum 41 dar\u00e1 dos conciertos en Madrid y Barcelona en noviembre de 2024, marcando el final de casi 30 a\u00f1os de carrera","og_url":"https:\/\/unaymilletras.com\/en\/sum-41-anade-fechas-para-su-tour-of-the-setting-sum\/","og_site_name":"Una y Mil Letras","article_published_time":"2024-07-10T11:33:57+00:00","article_modified_time":"2024-08-21T16:11:08+00:00","og_image":[{"width":400,"height":550,"url":"http:\/\/unaymilletras.com\/wp-content\/uploads\/2024\/07\/Sum--e1720467942829.jpeg","type":"image\/jpeg"}],"author":"Redacci\u00f3n","twitter_card":"summary_large_image","twitter_creator":"@UnaYMilLetras","twitter_site":"@UnaYMilLetras","twitter_misc":{"Written by":"Redacci\u00f3n","Estimated reading time":"2 minutes"},"schema":{"@context":"https:\/\/schema.org","@graph":[{"@type":"Article","@id":"https:\/\/unaymilletras.com\/sum-41-anade-fechas-para-su-tour-of-the-setting-sum\/#article","isPartOf":{"@id":"https:\/\/unaymilletras.com\/sum-41-anade-fechas-para-su-tour-of-the-setting-sum\/"},"author":{"name":"Redacci\u00f3n","@id":"http:\/\/unaymilletras.com\/#\/schema\/person\/0860dc8a218329991ee2c7591f4f849d"},"headline":"Sum 41 a\u00f1ade fechas para su \u00abTour Of The Setting Sum\u00bb","datePublished":"2024-07-10T11:33:57+00:00","dateModified":"2024-08-21T16:11:08+00:00","mainEntityOfPage":{"@id":"https:\/\/unaymilletras.com\/sum-41-anade-fechas-para-su-tour-of-the-setting-sum\/"},"wordCount":299,"commentCount":0,"publisher":{"@id":"http:\/\/unaymilletras.com\/#organization"},"image":{"@id":"https:\/\/unaymilletras.com\/sum-41-anade-fechas-para-su-tour-of-the-setting-sum\/#primaryimage"},"thumbnailUrl":"https:\/\/unaymilletras.com\/wp-content\/uploads\/2024\/07\/Sum--e1720467942829.jpeg","articleSection":["Eventos","M\u00fasica"],"inLanguage":"en-GB","potentialAction":[{"@type":"CommentAction","name":"Comment","target":["https:\/\/unaymilletras.com\/sum-41-anade-fechas-para-su-tour-of-the-setting-sum\/#respond"]}]},{"@type":"WebPage","@id":"https:\/\/unaymilletras.com\/sum-41-anade-fechas-para-su-tour-of-the-setting-sum\/","url":"https:\/\/unaymilletras.com\/sum-41-anade-fechas-para-su-tour-of-the-setting-sum\/","name":"Sum 41 a\u00f1ade fechas para su \"Tour Of The Setting Sum\"","isPartOf":{"@id":"http:\/\/unaymilletras.com\/#website"},"primaryImageOfPage":{"@id":"https:\/\/unaymilletras.com\/sum-41-anade-fechas-para-su-tour-of-the-setting-sum\/#primaryimage"},"image":{"@id":"https:\/\/unaymilletras.com\/sum-41-anade-fechas-para-su-tour-of-the-setting-sum\/#primaryimage"},"thumbnailUrl":"https:\/\/unaymilletras.com\/wp-content\/uploads\/2024\/07\/Sum--e1720467942829.jpeg","datePublished":"2024-07-10T11:33:57+00:00","dateModified":"2024-08-21T16:11:08+00:00","description":"La banda canadiense Sum 41 dar\u00e1 dos conciertos en Madrid y Barcelona en noviembre de 2024, marcando el final de casi 30 a\u00f1os de carrera","breadcrumb":{"@id":"https:\/\/unaymilletras.com\/sum-41-anade-fechas-para-su-tour-of-the-setting-sum\/#breadcrumb"},"inLanguage":"en-GB","potentialAction":[{"@type":"ReadAction","target":["https:\/\/unaymilletras.com\/sum-41-anade-fechas-para-su-tour-of-the-setting-sum\/"]}]},{"@type":"ImageObject","inLanguage":"en-GB","@id":"https:\/\/unaymilletras.com\/sum-41-anade-fechas-para-su-tour-of-the-setting-sum\/#primaryimage","url":"https:\/\/unaymilletras.com\/wp-content\/uploads\/2024\/07\/Sum--e1720467942829.jpeg","contentUrl":"https:\/\/unaymilletras.com\/wp-content\/uploads\/2024\/07\/Sum--e1720467942829.jpeg","width":400,"height":550,"caption":"Sum 41"},{"@type":"BreadcrumbList","@id":"https:\/\/unaymilletras.com\/sum-41-anade-fechas-para-su-tour-of-the-setting-sum\/#breadcrumb","itemListElement":[{"@type":"ListItem","position":1,"name":"Home","item":"http:\/\/unaymilletras.com\/"},{"@type":"ListItem","position":2,"name":"Sum 41 a\u00f1ade fechas para su \u00abTour Of The Setting Sum\u00bb"}]},{"@type":"WebSite","@id":"http:\/\/unaymilletras.com\/#website","url":"http:\/\/unaymilletras.com\/","name":"Una y Mil Letras","description":"","publisher":{"@id":"http:\/\/unaymilletras.com\/#organization"},"potentialAction":[{"@type":"SearchAction","target":{"@type":"EntryPoint","urlTemplate":"http:\/\/unaymilletras.com\/?s={search_term_string}"},"query-input":{"@type":"PropertyValueSpecification","valueRequired":true,"valueName":"search_term_string"}}],"inLanguage":"en-GB"},{"@type":"Organization","@id":"http:\/\/unaymilletras.com\/#organization","name":"Una y Mil Letras","url":"http:\/\/unaymilletras.com\/","logo":{"@type":"ImageObject","inLanguage":"en-GB","@id":"http:\/\/unaymilletras.com\/#\/schema\/logo\/image\/","url":"https:\/\/unaymilletras.com\/wp-content\/uploads\/2024\/06\/cropped-Logo-removebg-preview.png","contentUrl":"https:\/\/unaymilletras.com\/wp-content\/uploads\/2024\/06\/cropped-Logo-removebg-preview.png","width":512,"height":512,"caption":"Una y Mil Letras"},"image":{"@id":"http:\/\/unaymilletras.com\/#\/schema\/logo\/image\/"},"sameAs":["https:\/\/x.com\/UnaYMilLetras","https:\/\/instagram.com\/UnaYMilLetras"]},{"@type":"Person","@id":"http:\/\/unaymilletras.com\/#\/schema\/person\/0860dc8a218329991ee2c7591f4f849d","name":"Redacci\u00f3n","image":{"@type":"ImageObject","inLanguage":"en-GB","@id":"https:\/\/secure.gravatar.com\/avatar\/d8f55e05a8b6597e45c55a1dcbdbfe44f4a360d88b48e00de5216a79b7732796?s=96&d=mm&r=g","url":"https:\/\/secure.gravatar.com\/avatar\/d8f55e05a8b6597e45c55a1dcbdbfe44f4a360d88b48e00de5216a79b7732796?s=96&d=mm&r=g","contentUrl":"https:\/\/secure.gravatar.com\/avatar\/d8f55e05a8b6597e45c55a1dcbdbfe44f4a360d88b48e00de5216a79b7732796?s=96&d=mm&r=g","caption":"Redacci\u00f3n"},"url":"https:\/\/unaymilletras.com\/en\/author\/redaccion\/"}]}},"_links":{"self":[{"href":"https:\/\/unaymilletras.com\/en\/wp-json\/wp\/v2\/posts\/2840","targetHints":{"allow":["GET"]}}],"collection":[{"href":"https:\/\/unaymilletras.com\/en\/wp-json\/wp\/v2\/posts"}],"about":[{"href":"https:\/\/unaymilletras.com\/en\/wp-json\/wp\/v2\/types\/post"}],"author":[{"embeddable":true,"href":"https:\/\/unaymilletras.com\/en\/wp-json\/wp\/v2\/users\/6"}],"replies":[{"embeddable":true,"href":"https:\/\/unaymilletras.com\/en\/wp-json\/wp\/v2\/comments?post=2840"}],"version-history":[{"count":5,"href":"https:\/\/unaymilletras.com\/en\/wp-json\/wp\/v2\/posts\/2840\/revisions"}],"predecessor-version":[{"id":2846,"href":"https:\/\/unaymilletras.com\/en\/wp-json\/wp\/v2\/posts\/2840\/revisions\/2846"}],"wp:featuredmedia":[{"embeddable":true,"href":"https:\/\/unaymilletras.com\/en\/wp-json\/wp\/v2\/media\/2842"}],"wp:attachment":[{"href":"https:\/\/unaymilletras.com\/en\/wp-json\/wp\/v2\/media?parent=2840"}],"wp:term":[{"taxonomy":"category","embeddable":true,"href":"https:\/\/unaymilletras.com\/en\/wp-json\/wp\/v2\/categories?post=2840"},{"taxonomy":"post_tag","embeddable":true,"href":"https:\/\/unaymilletras.com\/en\/wp-json\/wp\/v2\/tags?post=2840"}],"curies":[{"name":"wp","href":"https:\/\/api.w.org\/{rel}","templated":true}]}}