{"id":2854,"date":"2024-07-12T15:10:25","date_gmt":"2024-07-12T13:10:25","guid":{"rendered":"https:\/\/unaymilletras.com\/?p=2854"},"modified":"2024-08-21T18:10:58","modified_gmt":"2024-08-21T16:10:58","slug":"doble-concierto-de-travis-scott-en-el-wizink-center-de-madrid","status":"publish","type":"post","link":"https:\/\/unaymilletras.com\/en\/doble-concierto-de-travis-scott-en-el-wizink-center-de-madrid\/","title":{"rendered":"Doble concierto de Travis Scott en el WiZink Center de Madrid"},"content":{"rendered":"\t\t<div data-elementor-type=\"wp-post\" data-elementor-id=\"2854\" class=\"elementor elementor-2854\">\n\t\t\t\t\t\t<section class=\"elementor-section elementor-top-section elementor-element elementor-element-638e59f elementor-section-boxed elementor-section-height-default elementor-section-height-default\" data-id=\"638e59f\" data-element_type=\"section\" data-e-type=\"section\">\n\t\t\t\t\t\t<div class=\"elementor-container elementor-column-gap-default\">\n\t\t\t\t\t<div class=\"elementor-column elementor-col-100 elementor-top-column elementor-element elementor-element-0fa307e\" data-id=\"0fa307e\" data-element_type=\"column\" data-e-type=\"column\">\n\t\t\t<div class=\"elementor-widget-wrap elementor-element-populated\">\n\t\t\t\t\t\t<div class=\"elementor-element elementor-element-300779f elementor-widget elementor-widget-text-editor\" data-id=\"300779f\" data-element_type=\"widget\" data-e-type=\"widget\" data-widget_type=\"text-editor.default\">\n\t\t\t\t<div class=\"elementor-widget-container\">\n\t\t\t\t\t\t\t\t\t<h2 style=\"text-align: center;\"><span style=\"color: #808080;\"><em>El rapero estadounidense Travis Scott presentar\u00e1 UTOPIA el 30 y 31 de julio de <br \/><\/em><\/span><span style=\"color: #808080;\"><em>2024 en el WiZink Center de Madrid<\/em><\/span><\/h2>\t\t\t\t\t\t\t\t<\/div>\n\t\t\t\t<\/div>\n\t\t\t\t\t<\/div>\n\t\t<\/div>\n\t\t\t\t\t<\/div>\n\t\t<\/section>\n\t\t\t\t<section class=\"elementor-section elementor-top-section elementor-element elementor-element-00a8ef6 elementor-section-boxed elementor-section-height-default elementor-section-height-default\" data-id=\"00a8ef6\" data-element_type=\"section\" data-e-type=\"section\">\n\t\t\t\t\t\t<div class=\"elementor-container elementor-column-gap-default\">\n\t\t\t\t\t<div class=\"elementor-column elementor-col-100 elementor-top-column elementor-element elementor-element-48bd572\" data-id=\"48bd572\" data-element_type=\"column\" data-e-type=\"column\">\n\t\t\t<div class=\"elementor-widget-wrap elementor-element-populated\">\n\t\t\t\t\t\t<div class=\"elementor-element elementor-element-f994e01 elementor-widget elementor-widget-text-editor\" data-id=\"f994e01\" data-element_type=\"widget\" data-e-type=\"widget\" data-widget_type=\"text-editor.default\">\n\t\t\t\t<div class=\"elementor-widget-container\">\n\t\t\t\t\t\t\t\t\t<p><strong>Travis Scott<\/strong> ha a\u00f1adido a Madrid como parada en su<strong><em> UTOPIA &#8211; Circus Maximus World Tour<\/em><\/strong>. El artista actuar\u00e1 en el <strong>WiZink Center<\/strong> el <strong>30 y 31 de julio de 2024<\/strong>, ofreciendo a sus fans la oportunidad de disfrutar en directo de su \u00faltimo \u00e1lbum, <span style=\"color: #808080;\"><a style=\"color: #808080;\" href=\"https:\/\/unaymilletras.com\/travis-scott-crea-una-utopia\/\"><strong><em>UTOPIA<\/em><\/strong><\/a><\/span>.<\/p>\t\t\t\t\t\t\t\t<\/div>\n\t\t\t\t<\/div>\n\t\t\t\t\t<\/div>\n\t\t<\/div>\n\t\t\t\t\t<\/div>\n\t\t<\/section>\n\t\t\t\t<section class=\"elementor-section elementor-top-section elementor-element elementor-element-81e131b elementor-section-boxed elementor-section-height-default elementor-section-height-default\" data-id=\"81e131b\" data-element_type=\"section\" data-e-type=\"section\">\n\t\t\t\t\t\t<div class=\"elementor-container elementor-column-gap-default\">\n\t\t\t\t\t<div class=\"elementor-column elementor-col-100 elementor-top-column elementor-element elementor-element-c13308c\" data-id=\"c13308c\" data-element_type=\"column\" data-e-type=\"column\">\n\t\t\t<div class=\"elementor-widget-wrap elementor-element-populated\">\n\t\t\t\t\t\t<div class=\"elementor-element elementor-element-83eb746 elementor-widget elementor-widget-image\" data-id=\"83eb746\" data-element_type=\"widget\" data-e-type=\"widget\" data-widget_type=\"image.default\">\n\t\t\t\t<div class=\"elementor-widget-container\">\n\t\t\t\t\t\t\t\t\t\t\t\t\t\t\t<img fetchpriority=\"high\" decoding=\"async\" width=\"640\" height=\"360\" src=\"https:\/\/unaymilletras.com\/wp-content\/uploads\/2024\/07\/ts-monitor-1920x1080-30plus31.jpg\" class=\"attachment-large size-large wp-image-2855\" alt=\"Travis Scott\" srcset=\"https:\/\/unaymilletras.com\/wp-content\/uploads\/2024\/07\/ts-monitor-1920x1080-30plus31.jpg 750w, https:\/\/unaymilletras.com\/wp-content\/uploads\/2024\/07\/ts-monitor-1920x1080-30plus31-300x169.jpg 300w\" sizes=\"(max-width: 640px) 100vw, 640px\" \/>\t\t\t\t\t\t\t\t\t\t\t\t\t\t\t<\/div>\n\t\t\t\t<\/div>\n\t\t\t\t\t<\/div>\n\t\t<\/div>\n\t\t\t\t\t<\/div>\n\t\t<\/section>\n\t\t\t\t<section class=\"elementor-section elementor-top-section elementor-element elementor-element-839b606 elementor-section-boxed elementor-section-height-default elementor-section-height-default\" data-id=\"839b606\" data-element_type=\"section\" data-e-type=\"section\">\n\t\t\t\t\t\t<div class=\"elementor-container elementor-column-gap-default\">\n\t\t\t\t\t<div class=\"elementor-column elementor-col-100 elementor-top-column elementor-element elementor-element-f0a8e3e\" data-id=\"f0a8e3e\" data-element_type=\"column\" data-e-type=\"column\">\n\t\t\t<div class=\"elementor-widget-wrap elementor-element-populated\">\n\t\t\t\t\t\t<div class=\"elementor-element elementor-element-4d215aa elementor-widget elementor-widget-text-editor\" data-id=\"4d215aa\" data-element_type=\"widget\" data-e-type=\"widget\" data-widget_type=\"text-editor.default\">\n\t\t\t\t<div class=\"elementor-widget-container\">\n\t\t\t\t\t\t\t\t\t<div class=\"flex flex-grow flex-col max-w-full\"><div class=\"min-h-[20px] text-message flex flex-col items-start whitespace-pre-wrap break-words [.text-message+&amp;]:mt-5 juice:w-full juice:items-end overflow-x-auto gap-2\" dir=\"auto\" data-message-author-role=\"assistant\" data-message-id=\"25b1a278-0a23-4eac-9e9d-03c1dd7766da\"><div class=\"flex w-full flex-col gap-1 juice:empty:hidden juice:first:pt-[3px]\"><div class=\"markdown prose w-full break-words dark:prose-invert light\"><p><span style=\"color: #808080;\"><a style=\"color: #808080;\" href=\"https:\/\/open.spotify.com\/album\/18NOKLkZETa4sWwLMIm0UZ?autoplay=true\"><em>UTOPIA<\/em><\/a><\/span>, lanzado en 2023, ha sido aclamado por la cr\u00edtica y se convirti\u00f3 en el \u00e1lbum de hip-hop m\u00e1s vendido del a\u00f1o. El disco mantuvo el primer puesto en el Billboard Top 200 durante cuatro semanas consecutivas y ha acumulado m\u00e1s de 50.000 millones de reproducciones en todo el mundo. Spotify lo nombr\u00f3 el \u00e1lbum m\u00e1s escuchado en su primera semana de lanzamiento y Apple Music anunci\u00f3 que fue el trabajo con m\u00e1s reproducciones el primer d\u00eda de 2023.<\/p><p>Adem\u00e1s, 1,1 euros de cada entrada vendida para los conciertos en Madrid se destinar\u00e1n a la <strong>Fundaci\u00f3n Cactus Jack<\/strong>. Esta organizaci\u00f3n ben\u00e9fica, fundada por Travis Scott, tiene como misi\u00f3n ayudar a los j\u00f3venes de Houston. La fundaci\u00f3n realiza colectas de juguetes, ofrece programas de becas para estudiantes universitarios y ayuda a cubrir gastos de educaci\u00f3n.<\/p><p>La llegada de Travis Scott a Madrid promete ser uno de los eventos musicales m\u00e1s esperados del a\u00f1o, ofreciendo una experiencia inolvidable a sus seguidores mientras apoya una causa ben\u00e9fica.<\/p><\/div><\/div><\/div><\/div>\t\t\t\t\t\t\t\t<\/div>\n\t\t\t\t<\/div>\n\t\t\t\t\t<\/div>\n\t\t<\/div>\n\t\t\t\t\t<\/div>\n\t\t<\/section>\n\t\t\t\t<\/div>\n\t\t","protected":false},"excerpt":{"rendered":"<p>El rapero estadounidense Travis Scott presentar\u00e1 UTOPIA el 30 y 31 de julio de 2024 en el WiZink Center de Madrid Travis Scott ha a\u00f1adido a Madrid como parada en su UTOPIA &#8211; Circus Maximus World Tour. El artista actuar\u00e1 en el WiZink Center el 30 y 31 de julio de 2024, ofreciendo a sus [&hellip;]<\/p>\n","protected":false},"author":6,"featured_media":2855,"comment_status":"open","ping_status":"open","sticky":false,"template":"","format":"standard","meta":{"footnotes":""},"categories":[119,4],"tags":[],"class_list":["post-2854","post","type-post","status-publish","format-standard","has-post-thumbnail","hentry","category-eventos","category-musica"],"yoast_head":"<!-- This site is optimized with the Yoast SEO plugin v27.4 - https:\/\/yoast.com\/product\/yoast-seo-wordpress\/ -->\n<title>Doble concierto de Travis Scott en el WiZink Center de Madrid<\/title>\n<meta name=\"description\" content=\"El rapero estadounidense Travis Scott presentar\u00e1 UTOPIA el 30 y 31 de julio de 2024 en el WiZink Center de Madrid\" \/>\n<meta name=\"robots\" content=\"index, follow, max-snippet:-1, max-image-preview:large, max-video-preview:-1\" \/>\n<link rel=\"canonical\" href=\"https:\/\/unaymilletras.com\/en\/doble-concierto-de-travis-scott-en-el-wizink-center-de-madrid\/\" \/>\n<meta property=\"og:locale\" content=\"en_GB\" \/>\n<meta property=\"og:type\" content=\"article\" \/>\n<meta property=\"og:title\" content=\"Doble concierto de Travis Scott en el WiZink Center de Madrid\" \/>\n<meta property=\"og:description\" content=\"El rapero estadounidense Travis Scott presentar\u00e1 UTOPIA el 30 y 31 de julio de 2024 en el WiZink Center de Madrid\" \/>\n<meta property=\"og:url\" content=\"https:\/\/unaymilletras.com\/en\/doble-concierto-de-travis-scott-en-el-wizink-center-de-madrid\/\" \/>\n<meta property=\"og:site_name\" content=\"Una y Mil Letras\" \/>\n<meta property=\"article:published_time\" content=\"2024-07-12T13:10:25+00:00\" \/>\n<meta property=\"article:modified_time\" content=\"2024-08-21T16:10:58+00:00\" \/>\n<meta property=\"og:image\" content=\"http:\/\/unaymilletras.com\/wp-content\/uploads\/2024\/07\/ts-monitor-1920x1080-30plus31.jpg\" \/>\n\t<meta property=\"og:image:width\" content=\"750\" \/>\n\t<meta property=\"og:image:height\" content=\"422\" \/>\n\t<meta property=\"og:image:type\" content=\"image\/jpeg\" \/>\n<meta name=\"author\" content=\"Redacci\u00f3n\" \/>\n<meta name=\"twitter:card\" content=\"summary_large_image\" \/>\n<meta name=\"twitter:creator\" content=\"@UnaYMilLetras\" \/>\n<meta name=\"twitter:site\" content=\"@UnaYMilLetras\" \/>\n<meta name=\"twitter:label1\" content=\"Written by\" \/>\n\t<meta name=\"twitter:data1\" content=\"Redacci\u00f3n\" \/>\n\t<meta name=\"twitter:label2\" content=\"Estimated reading time\" \/>\n\t<meta name=\"twitter:data2\" content=\"2 minutes\" \/>\n<script type=\"application\/ld+json\" class=\"yoast-schema-graph\">{\"@context\":\"https:\\\/\\\/schema.org\",\"@graph\":[{\"@type\":\"Article\",\"@id\":\"https:\\\/\\\/unaymilletras.com\\\/doble-concierto-de-travis-scott-en-el-wizink-center-de-madrid\\\/#article\",\"isPartOf\":{\"@id\":\"https:\\\/\\\/unaymilletras.com\\\/doble-concierto-de-travis-scott-en-el-wizink-center-de-madrid\\\/\"},\"author\":{\"name\":\"Redacci\u00f3n\",\"@id\":\"http:\\\/\\\/unaymilletras.com\\\/#\\\/schema\\\/person\\\/0860dc8a218329991ee2c7591f4f849d\"},\"headline\":\"Doble concierto de Travis Scott en el WiZink Center de Madrid\",\"datePublished\":\"2024-07-12T13:10:25+00:00\",\"dateModified\":\"2024-08-21T16:10:58+00:00\",\"mainEntityOfPage\":{\"@id\":\"https:\\\/\\\/unaymilletras.com\\\/doble-concierto-de-travis-scott-en-el-wizink-center-de-madrid\\\/\"},\"wordCount\":251,\"commentCount\":0,\"publisher\":{\"@id\":\"http:\\\/\\\/unaymilletras.com\\\/#organization\"},\"image\":{\"@id\":\"https:\\\/\\\/unaymilletras.com\\\/doble-concierto-de-travis-scott-en-el-wizink-center-de-madrid\\\/#primaryimage\"},\"thumbnailUrl\":\"https:\\\/\\\/unaymilletras.com\\\/wp-content\\\/uploads\\\/2024\\\/07\\\/ts-monitor-1920x1080-30plus31.jpg\",\"articleSection\":[\"Eventos\",\"M\u00fasica\"],\"inLanguage\":\"en-GB\",\"potentialAction\":[{\"@type\":\"CommentAction\",\"name\":\"Comment\",\"target\":[\"https:\\\/\\\/unaymilletras.com\\\/doble-concierto-de-travis-scott-en-el-wizink-center-de-madrid\\\/#respond\"]}]},{\"@type\":\"WebPage\",\"@id\":\"https:\\\/\\\/unaymilletras.com\\\/doble-concierto-de-travis-scott-en-el-wizink-center-de-madrid\\\/\",\"url\":\"https:\\\/\\\/unaymilletras.com\\\/doble-concierto-de-travis-scott-en-el-wizink-center-de-madrid\\\/\",\"name\":\"Doble concierto de Travis Scott en el WiZink Center de Madrid\",\"isPartOf\":{\"@id\":\"http:\\\/\\\/unaymilletras.com\\\/#website\"},\"primaryImageOfPage\":{\"@id\":\"https:\\\/\\\/unaymilletras.com\\\/doble-concierto-de-travis-scott-en-el-wizink-center-de-madrid\\\/#primaryimage\"},\"image\":{\"@id\":\"https:\\\/\\\/unaymilletras.com\\\/doble-concierto-de-travis-scott-en-el-wizink-center-de-madrid\\\/#primaryimage\"},\"thumbnailUrl\":\"https:\\\/\\\/unaymilletras.com\\\/wp-content\\\/uploads\\\/2024\\\/07\\\/ts-monitor-1920x1080-30plus31.jpg\",\"datePublished\":\"2024-07-12T13:10:25+00:00\",\"dateModified\":\"2024-08-21T16:10:58+00:00\",\"description\":\"El rapero estadounidense Travis Scott presentar\u00e1 UTOPIA el 30 y 31 de julio de 2024 en el WiZink Center de Madrid\",\"breadcrumb\":{\"@id\":\"https:\\\/\\\/unaymilletras.com\\\/doble-concierto-de-travis-scott-en-el-wizink-center-de-madrid\\\/#breadcrumb\"},\"inLanguage\":\"en-GB\",\"potentialAction\":[{\"@type\":\"ReadAction\",\"target\":[\"https:\\\/\\\/unaymilletras.com\\\/doble-concierto-de-travis-scott-en-el-wizink-center-de-madrid\\\/\"]}]},{\"@type\":\"ImageObject\",\"inLanguage\":\"en-GB\",\"@id\":\"https:\\\/\\\/unaymilletras.com\\\/doble-concierto-de-travis-scott-en-el-wizink-center-de-madrid\\\/#primaryimage\",\"url\":\"https:\\\/\\\/unaymilletras.com\\\/wp-content\\\/uploads\\\/2024\\\/07\\\/ts-monitor-1920x1080-30plus31.jpg\",\"contentUrl\":\"https:\\\/\\\/unaymilletras.com\\\/wp-content\\\/uploads\\\/2024\\\/07\\\/ts-monitor-1920x1080-30plus31.jpg\",\"width\":750,\"height\":422,\"caption\":\"Travis Scott\"},{\"@type\":\"BreadcrumbList\",\"@id\":\"https:\\\/\\\/unaymilletras.com\\\/doble-concierto-de-travis-scott-en-el-wizink-center-de-madrid\\\/#breadcrumb\",\"itemListElement\":[{\"@type\":\"ListItem\",\"position\":1,\"name\":\"Home\",\"item\":\"http:\\\/\\\/unaymilletras.com\\\/\"},{\"@type\":\"ListItem\",\"position\":2,\"name\":\"Doble concierto de Travis Scott en el WiZink Center de Madrid\"}]},{\"@type\":\"WebSite\",\"@id\":\"http:\\\/\\\/unaymilletras.com\\\/#website\",\"url\":\"http:\\\/\\\/unaymilletras.com\\\/\",\"name\":\"Una y Mil Letras\",\"description\":\"\",\"publisher\":{\"@id\":\"http:\\\/\\\/unaymilletras.com\\\/#organization\"},\"potentialAction\":[{\"@type\":\"SearchAction\",\"target\":{\"@type\":\"EntryPoint\",\"urlTemplate\":\"http:\\\/\\\/unaymilletras.com\\\/?s={search_term_string}\"},\"query-input\":{\"@type\":\"PropertyValueSpecification\",\"valueRequired\":true,\"valueName\":\"search_term_string\"}}],\"inLanguage\":\"en-GB\"},{\"@type\":\"Organization\",\"@id\":\"http:\\\/\\\/unaymilletras.com\\\/#organization\",\"name\":\"Una y Mil Letras\",\"url\":\"http:\\\/\\\/unaymilletras.com\\\/\",\"logo\":{\"@type\":\"ImageObject\",\"inLanguage\":\"en-GB\",\"@id\":\"http:\\\/\\\/unaymilletras.com\\\/#\\\/schema\\\/logo\\\/image\\\/\",\"url\":\"https:\\\/\\\/unaymilletras.com\\\/wp-content\\\/uploads\\\/2024\\\/06\\\/cropped-Logo-removebg-preview.png\",\"contentUrl\":\"https:\\\/\\\/unaymilletras.com\\\/wp-content\\\/uploads\\\/2024\\\/06\\\/cropped-Logo-removebg-preview.png\",\"width\":512,\"height\":512,\"caption\":\"Una y Mil Letras\"},\"image\":{\"@id\":\"http:\\\/\\\/unaymilletras.com\\\/#\\\/schema\\\/logo\\\/image\\\/\"},\"sameAs\":[\"https:\\\/\\\/x.com\\\/UnaYMilLetras\",\"https:\\\/\\\/instagram.com\\\/UnaYMilLetras\"]},{\"@type\":\"Person\",\"@id\":\"http:\\\/\\\/unaymilletras.com\\\/#\\\/schema\\\/person\\\/0860dc8a218329991ee2c7591f4f849d\",\"name\":\"Redacci\u00f3n\",\"image\":{\"@type\":\"ImageObject\",\"inLanguage\":\"en-GB\",\"@id\":\"https:\\\/\\\/secure.gravatar.com\\\/avatar\\\/d8f55e05a8b6597e45c55a1dcbdbfe44f4a360d88b48e00de5216a79b7732796?s=96&d=mm&r=g\",\"url\":\"https:\\\/\\\/secure.gravatar.com\\\/avatar\\\/d8f55e05a8b6597e45c55a1dcbdbfe44f4a360d88b48e00de5216a79b7732796?s=96&d=mm&r=g\",\"contentUrl\":\"https:\\\/\\\/secure.gravatar.com\\\/avatar\\\/d8f55e05a8b6597e45c55a1dcbdbfe44f4a360d88b48e00de5216a79b7732796?s=96&d=mm&r=g\",\"caption\":\"Redacci\u00f3n\"},\"url\":\"https:\\\/\\\/unaymilletras.com\\\/en\\\/author\\\/redaccion\\\/\"}]}<\/script>\n<!-- \/ Yoast SEO plugin. -->","yoast_head_json":{"title":"Doble concierto de Travis Scott en el WiZink Center de Madrid","description":"El rapero estadounidense Travis Scott presentar\u00e1 UTOPIA el 30 y 31 de julio de 2024 en el WiZink Center de Madrid","robots":{"index":"index","follow":"follow","max-snippet":"max-snippet:-1","max-image-preview":"max-image-preview:large","max-video-preview":"max-video-preview:-1"},"canonical":"https:\/\/unaymilletras.com\/en\/doble-concierto-de-travis-scott-en-el-wizink-center-de-madrid\/","og_locale":"en_GB","og_type":"article","og_title":"Doble concierto de Travis Scott en el WiZink Center de Madrid","og_description":"El rapero estadounidense Travis Scott presentar\u00e1 UTOPIA el 30 y 31 de julio de 2024 en el WiZink Center de Madrid","og_url":"https:\/\/unaymilletras.com\/en\/doble-concierto-de-travis-scott-en-el-wizink-center-de-madrid\/","og_site_name":"Una y Mil Letras","article_published_time":"2024-07-12T13:10:25+00:00","article_modified_time":"2024-08-21T16:10:58+00:00","og_image":[{"width":750,"height":422,"url":"http:\/\/unaymilletras.com\/wp-content\/uploads\/2024\/07\/ts-monitor-1920x1080-30plus31.jpg","type":"image\/jpeg"}],"author":"Redacci\u00f3n","twitter_card":"summary_large_image","twitter_creator":"@UnaYMilLetras","twitter_site":"@UnaYMilLetras","twitter_misc":{"Written by":"Redacci\u00f3n","Estimated reading time":"2 minutes"},"schema":{"@context":"https:\/\/schema.org","@graph":[{"@type":"Article","@id":"https:\/\/unaymilletras.com\/doble-concierto-de-travis-scott-en-el-wizink-center-de-madrid\/#article","isPartOf":{"@id":"https:\/\/unaymilletras.com\/doble-concierto-de-travis-scott-en-el-wizink-center-de-madrid\/"},"author":{"name":"Redacci\u00f3n","@id":"http:\/\/unaymilletras.com\/#\/schema\/person\/0860dc8a218329991ee2c7591f4f849d"},"headline":"Doble concierto de Travis Scott en el WiZink Center de Madrid","datePublished":"2024-07-12T13:10:25+00:00","dateModified":"2024-08-21T16:10:58+00:00","mainEntityOfPage":{"@id":"https:\/\/unaymilletras.com\/doble-concierto-de-travis-scott-en-el-wizink-center-de-madrid\/"},"wordCount":251,"commentCount":0,"publisher":{"@id":"http:\/\/unaymilletras.com\/#organization"},"image":{"@id":"https:\/\/unaymilletras.com\/doble-concierto-de-travis-scott-en-el-wizink-center-de-madrid\/#primaryimage"},"thumbnailUrl":"https:\/\/unaymilletras.com\/wp-content\/uploads\/2024\/07\/ts-monitor-1920x1080-30plus31.jpg","articleSection":["Eventos","M\u00fasica"],"inLanguage":"en-GB","potentialAction":[{"@type":"CommentAction","name":"Comment","target":["https:\/\/unaymilletras.com\/doble-concierto-de-travis-scott-en-el-wizink-center-de-madrid\/#respond"]}]},{"@type":"WebPage","@id":"https:\/\/unaymilletras.com\/doble-concierto-de-travis-scott-en-el-wizink-center-de-madrid\/","url":"https:\/\/unaymilletras.com\/doble-concierto-de-travis-scott-en-el-wizink-center-de-madrid\/","name":"Doble concierto de Travis Scott en el WiZink Center de Madrid","isPartOf":{"@id":"http:\/\/unaymilletras.com\/#website"},"primaryImageOfPage":{"@id":"https:\/\/unaymilletras.com\/doble-concierto-de-travis-scott-en-el-wizink-center-de-madrid\/#primaryimage"},"image":{"@id":"https:\/\/unaymilletras.com\/doble-concierto-de-travis-scott-en-el-wizink-center-de-madrid\/#primaryimage"},"thumbnailUrl":"https:\/\/unaymilletras.com\/wp-content\/uploads\/2024\/07\/ts-monitor-1920x1080-30plus31.jpg","datePublished":"2024-07-12T13:10:25+00:00","dateModified":"2024-08-21T16:10:58+00:00","description":"El rapero estadounidense Travis Scott presentar\u00e1 UTOPIA el 30 y 31 de julio de 2024 en el WiZink Center de Madrid","breadcrumb":{"@id":"https:\/\/unaymilletras.com\/doble-concierto-de-travis-scott-en-el-wizink-center-de-madrid\/#breadcrumb"},"inLanguage":"en-GB","potentialAction":[{"@type":"ReadAction","target":["https:\/\/unaymilletras.com\/doble-concierto-de-travis-scott-en-el-wizink-center-de-madrid\/"]}]},{"@type":"ImageObject","inLanguage":"en-GB","@id":"https:\/\/unaymilletras.com\/doble-concierto-de-travis-scott-en-el-wizink-center-de-madrid\/#primaryimage","url":"https:\/\/unaymilletras.com\/wp-content\/uploads\/2024\/07\/ts-monitor-1920x1080-30plus31.jpg","contentUrl":"https:\/\/unaymilletras.com\/wp-content\/uploads\/2024\/07\/ts-monitor-1920x1080-30plus31.jpg","width":750,"height":422,"caption":"Travis Scott"},{"@type":"BreadcrumbList","@id":"https:\/\/unaymilletras.com\/doble-concierto-de-travis-scott-en-el-wizink-center-de-madrid\/#breadcrumb","itemListElement":[{"@type":"ListItem","position":1,"name":"Home","item":"http:\/\/unaymilletras.com\/"},{"@type":"ListItem","position":2,"name":"Doble concierto de Travis Scott en el WiZink Center de Madrid"}]},{"@type":"WebSite","@id":"http:\/\/unaymilletras.com\/#website","url":"http:\/\/unaymilletras.com\/","name":"Una y Mil Letras","description":"","publisher":{"@id":"http:\/\/unaymilletras.com\/#organization"},"potentialAction":[{"@type":"SearchAction","target":{"@type":"EntryPoint","urlTemplate":"http:\/\/unaymilletras.com\/?s={search_term_string}"},"query-input":{"@type":"PropertyValueSpecification","valueRequired":true,"valueName":"search_term_string"}}],"inLanguage":"en-GB"},{"@type":"Organization","@id":"http:\/\/unaymilletras.com\/#organization","name":"Una y Mil Letras","url":"http:\/\/unaymilletras.com\/","logo":{"@type":"ImageObject","inLanguage":"en-GB","@id":"http:\/\/unaymilletras.com\/#\/schema\/logo\/image\/","url":"https:\/\/unaymilletras.com\/wp-content\/uploads\/2024\/06\/cropped-Logo-removebg-preview.png","contentUrl":"https:\/\/unaymilletras.com\/wp-content\/uploads\/2024\/06\/cropped-Logo-removebg-preview.png","width":512,"height":512,"caption":"Una y Mil Letras"},"image":{"@id":"http:\/\/unaymilletras.com\/#\/schema\/logo\/image\/"},"sameAs":["https:\/\/x.com\/UnaYMilLetras","https:\/\/instagram.com\/UnaYMilLetras"]},{"@type":"Person","@id":"http:\/\/unaymilletras.com\/#\/schema\/person\/0860dc8a218329991ee2c7591f4f849d","name":"Redacci\u00f3n","image":{"@type":"ImageObject","inLanguage":"en-GB","@id":"https:\/\/secure.gravatar.com\/avatar\/d8f55e05a8b6597e45c55a1dcbdbfe44f4a360d88b48e00de5216a79b7732796?s=96&d=mm&r=g","url":"https:\/\/secure.gravatar.com\/avatar\/d8f55e05a8b6597e45c55a1dcbdbfe44f4a360d88b48e00de5216a79b7732796?s=96&d=mm&r=g","contentUrl":"https:\/\/secure.gravatar.com\/avatar\/d8f55e05a8b6597e45c55a1dcbdbfe44f4a360d88b48e00de5216a79b7732796?s=96&d=mm&r=g","caption":"Redacci\u00f3n"},"url":"https:\/\/unaymilletras.com\/en\/author\/redaccion\/"}]}},"_links":{"self":[{"href":"https:\/\/unaymilletras.com\/en\/wp-json\/wp\/v2\/posts\/2854","targetHints":{"allow":["GET"]}}],"collection":[{"href":"https:\/\/unaymilletras.com\/en\/wp-json\/wp\/v2\/posts"}],"about":[{"href":"https:\/\/unaymilletras.com\/en\/wp-json\/wp\/v2\/types\/post"}],"author":[{"embeddable":true,"href":"https:\/\/unaymilletras.com\/en\/wp-json\/wp\/v2\/users\/6"}],"replies":[{"embeddable":true,"href":"https:\/\/unaymilletras.com\/en\/wp-json\/wp\/v2\/comments?post=2854"}],"version-history":[{"count":7,"href":"https:\/\/unaymilletras.com\/en\/wp-json\/wp\/v2\/posts\/2854\/revisions"}],"predecessor-version":[{"id":2862,"href":"https:\/\/unaymilletras.com\/en\/wp-json\/wp\/v2\/posts\/2854\/revisions\/2862"}],"wp:featuredmedia":[{"embeddable":true,"href":"https:\/\/unaymilletras.com\/en\/wp-json\/wp\/v2\/media\/2855"}],"wp:attachment":[{"href":"https:\/\/unaymilletras.com\/en\/wp-json\/wp\/v2\/media?parent=2854"}],"wp:term":[{"taxonomy":"category","embeddable":true,"href":"https:\/\/unaymilletras.com\/en\/wp-json\/wp\/v2\/categories?post=2854"},{"taxonomy":"post_tag","embeddable":true,"href":"https:\/\/unaymilletras.com\/en\/wp-json\/wp\/v2\/tags?post=2854"}],"curies":[{"name":"wp","href":"https:\/\/api.w.org\/{rel}","templated":true}]}}