{"id":2884,"date":"2024-07-15T12:46:07","date_gmt":"2024-07-15T10:46:07","guid":{"rendered":"https:\/\/unaymilletras.com\/?p=2884"},"modified":"2024-08-21T18:10:42","modified_gmt":"2024-08-21T16:10:42","slug":"j-balvin-anuncia-nuevo-album-rayo-y-lanza-su-sencillo-gaga","status":"publish","type":"post","link":"https:\/\/unaymilletras.com\/en\/j-balvin-anuncia-nuevo-album-rayo-y-lanza-su-sencillo-gaga\/","title":{"rendered":"J Balvin anuncia nuevo \u00e1lbum \u00abRayo\u00bb y lanza su sencillo \u00abGaga\u00bb"},"content":{"rendered":"\t\t<div data-elementor-type=\"wp-post\" data-elementor-id=\"2884\" class=\"elementor elementor-2884\">\n\t\t\t\t\t\t<section class=\"elementor-section elementor-top-section elementor-element elementor-element-8934bd1 elementor-section-boxed elementor-section-height-default elementor-section-height-default\" data-id=\"8934bd1\" data-element_type=\"section\" data-e-type=\"section\">\n\t\t\t\t\t\t<div class=\"elementor-container elementor-column-gap-default\">\n\t\t\t\t\t<div class=\"elementor-column elementor-col-100 elementor-top-column elementor-element elementor-element-5f50d8c\" data-id=\"5f50d8c\" data-element_type=\"column\" data-e-type=\"column\">\n\t\t\t<div class=\"elementor-widget-wrap elementor-element-populated\">\n\t\t\t\t\t\t<div class=\"elementor-element elementor-element-f92febf elementor-widget elementor-widget-text-editor\" data-id=\"f92febf\" data-element_type=\"widget\" data-e-type=\"widget\" data-widget_type=\"text-editor.default\">\n\t\t\t\t<div class=\"elementor-widget-container\">\n\t\t\t\t\t\t\t\t\t<h2 style=\"text-align: center;\"><span style=\"color: #808080;\"><em>El esperado nuevo \u00e1lbum de J Balvin, saldr\u00e1 el 9 de agosto y el sencillo \u00abGaga\u00bb, junto a Saiko, ya est\u00e1 disponible<\/em><\/span><\/h2>\t\t\t\t\t\t\t\t<\/div>\n\t\t\t\t<\/div>\n\t\t\t\t\t<\/div>\n\t\t<\/div>\n\t\t\t\t\t<\/div>\n\t\t<\/section>\n\t\t\t\t<section class=\"elementor-section elementor-top-section elementor-element elementor-element-2814724 elementor-section-boxed elementor-section-height-default elementor-section-height-default\" data-id=\"2814724\" data-element_type=\"section\" data-e-type=\"section\">\n\t\t\t\t\t\t<div class=\"elementor-container elementor-column-gap-default\">\n\t\t\t\t\t<div class=\"elementor-column elementor-col-100 elementor-top-column elementor-element elementor-element-9149d71\" data-id=\"9149d71\" data-element_type=\"column\" data-e-type=\"column\">\n\t\t\t<div class=\"elementor-widget-wrap elementor-element-populated\">\n\t\t\t\t\t\t<div class=\"elementor-element elementor-element-fd9852f elementor-widget elementor-widget-text-editor\" data-id=\"fd9852f\" data-element_type=\"widget\" data-e-type=\"widget\" data-widget_type=\"text-editor.default\">\n\t\t\t\t<div class=\"elementor-widget-container\">\n\t\t\t\t\t\t\t\t\t<p><b>J Balvin<\/b> est\u00e1 de regreso con un nuevo proyecto que promete revolucionar la escena musical. Su pr\u00f3ximo \u00e1lbum, titulado <em><strong>Rayo<\/strong><\/em>, saldr\u00e1 a la luz el 9 de agosto y viene cargado de colaboraciones vibrantes y energ\u00e9ticas.<\/p><p>El esp\u00edritu colaborativo de Balvin se manifiesta en <em>Rayo,<\/em> un \u00e1lbum que mezcla grandes nombres del reggaet\u00f3n con talentos emergentes de todo el mundo. El disco incluye colaboraciones con leyendas como <strong>Chencho Corleone<\/strong> y <strong>Zion,<\/strong> as\u00ed como con estrellas en ascenso como <strong>Bad<\/strong>\u00a0Gyal y <strong><span style=\"color: #808080;\"><a style=\"color: #808080;\" href=\"https:\/\/unaymilletras.com\/quevedo-y-alvaro-diaz-la-colaboracion-que-todos-esperaban\/\">Quevedo<\/a><\/span>.<\/strong><\/p>\t\t\t\t\t\t\t\t<\/div>\n\t\t\t\t<\/div>\n\t\t\t\t\t<\/div>\n\t\t<\/div>\n\t\t\t\t\t<\/div>\n\t\t<\/section>\n\t\t\t\t<section class=\"elementor-section elementor-top-section elementor-element elementor-element-fdf6351 elementor-section-boxed elementor-section-height-default elementor-section-height-default\" data-id=\"fdf6351\" data-element_type=\"section\" data-e-type=\"section\">\n\t\t\t\t\t\t<div class=\"elementor-container elementor-column-gap-default\">\n\t\t\t\t\t<div class=\"elementor-column elementor-col-50 elementor-top-column elementor-element elementor-element-11c4f9e\" data-id=\"11c4f9e\" data-element_type=\"column\" data-e-type=\"column\">\n\t\t\t<div class=\"elementor-widget-wrap elementor-element-populated\">\n\t\t\t\t\t\t<div class=\"elementor-element elementor-element-d84e9d2 elementor-widget elementor-widget-text-editor\" data-id=\"d84e9d2\" data-element_type=\"widget\" data-e-type=\"widget\" data-widget_type=\"text-editor.default\">\n\t\t\t\t<div class=\"elementor-widget-container\">\n\t\t\t\t\t\t\t\t\t<p>Como adelanto del \u00e1lbum, Balvin ha lanzado el sencillo <span style=\"color: #808080;\"><a style=\"color: #808080;\" href=\"https:\/\/open.spotify.com\/intl-es\/track\/1CmXpRe5Z7bKhX9N0mzAZM?si=b7894401223b4f61\"><em>Gaga<\/em><\/a><\/span> en colaboraci\u00f3n con Saiko. Este tema ya est\u00e1 disponible en todas las plataformas digitales y viene acompa\u00f1ado de un impresionante video musical.<\/p><p>El \u00e1lbum <em>Rayo<\/em>\u00a0se presenta como una fiesta en casa, donde cada pista es una celebraci\u00f3n de la comunidad y la conexi\u00f3n humana. Con su caracter\u00edstico s\u00edmbolo del rayo, Balvin refleja un intercambio radiante de energ\u00eda entre viejos y nuevos amigos en el mundo de la m\u00fasica.<\/p>\t\t\t\t\t\t\t\t<\/div>\n\t\t\t\t<\/div>\n\t\t\t\t\t<\/div>\n\t\t<\/div>\n\t\t\t\t<div class=\"elementor-column elementor-col-50 elementor-top-column elementor-element elementor-element-5517731\" data-id=\"5517731\" data-element_type=\"column\" data-e-type=\"column\">\n\t\t\t<div class=\"elementor-widget-wrap elementor-element-populated\">\n\t\t\t\t\t\t<div class=\"elementor-element elementor-element-ace4579 elementor-widget elementor-widget-image\" data-id=\"ace4579\" data-element_type=\"widget\" data-e-type=\"widget\" data-widget_type=\"image.default\">\n\t\t\t\t<div class=\"elementor-widget-container\">\n\t\t\t\t\t\t\t\t\t\t\t\t\t\t\t<img fetchpriority=\"high\" decoding=\"async\" width=\"640\" height=\"640\" src=\"https:\/\/unaymilletras.com\/wp-content\/uploads\/2024\/07\/Rayo-ALBUM-Cover-1024x1024.jpg\" class=\"attachment-large size-large wp-image-2886\" alt=\"J Balvin\" srcset=\"https:\/\/unaymilletras.com\/wp-content\/uploads\/2024\/07\/Rayo-ALBUM-Cover-1024x1024.jpg 1024w, https:\/\/unaymilletras.com\/wp-content\/uploads\/2024\/07\/Rayo-ALBUM-Cover-300x300.jpg 300w, https:\/\/unaymilletras.com\/wp-content\/uploads\/2024\/07\/Rayo-ALBUM-Cover-150x150.jpg 150w, https:\/\/unaymilletras.com\/wp-content\/uploads\/2024\/07\/Rayo-ALBUM-Cover-768x768.jpg 768w, https:\/\/unaymilletras.com\/wp-content\/uploads\/2024\/07\/Rayo-ALBUM-Cover-e1721037134532.jpg 600w\" sizes=\"(max-width: 640px) 100vw, 640px\" \/>\t\t\t\t\t\t\t\t\t\t\t\t\t\t\t<\/div>\n\t\t\t\t<\/div>\n\t\t\t\t\t<\/div>\n\t\t<\/div>\n\t\t\t\t\t<\/div>\n\t\t<\/section>\n\t\t\t\t<section class=\"elementor-section elementor-top-section elementor-element elementor-element-64c6f83 elementor-section-boxed elementor-section-height-default elementor-section-height-default\" data-id=\"64c6f83\" data-element_type=\"section\" data-e-type=\"section\">\n\t\t\t\t\t\t<div class=\"elementor-container elementor-column-gap-default\">\n\t\t\t\t\t<div class=\"elementor-column elementor-col-100 elementor-top-column elementor-element elementor-element-63dea16\" data-id=\"63dea16\" data-element_type=\"column\" data-e-type=\"column\">\n\t\t\t<div class=\"elementor-widget-wrap elementor-element-populated\">\n\t\t\t\t\t\t<div class=\"elementor-element elementor-element-d3c2bd3 elementor-widget elementor-widget-text-editor\" data-id=\"d3c2bd3\" data-element_type=\"widget\" data-e-type=\"widget\" data-widget_type=\"text-editor.default\">\n\t\t\t\t<div class=\"elementor-widget-container\">\n\t\t\t\t\t\t\t\t\t<p><strong>Lista de Canciones de <em>Rayo:<\/em><\/strong><\/p><ol><li style=\"text-align: center;\"><em>Cosa de Locos<\/em><\/li><li style=\"text-align: center;\"><em>Polvo de tu Vida<\/em> con Chencho Corleone<\/li><li style=\"text-align: center;\"><em>Swat<\/em> con Luar La L<\/li><li style=\"text-align: center;\"><em>Bajo y Bater\u00eda<\/em><\/li><li style=\"text-align: center;\"><em>Doblexx\u00f3<\/em>\u00a0con Feid<\/li><li style=\"text-align: center;\"><em>3 Noches<\/em><\/li><li style=\"text-align: center;\"><em>Gaga <\/em>con SAIKO<\/li><li style=\"text-align: center;\"><em>Gato<\/em> con Bad Gyal<\/li><li style=\"text-align: center;\"><em>Lobo<\/em>\u00a0con Zion<\/li><li style=\"text-align: center;\"><em>La Noche<\/em> con Dei V<\/li><li style=\"text-align: center;\"><em>Origami<\/em>\u00a0con Ryan Castro y Blessd<\/li><li style=\"text-align: center;\"><em>S\u00f3lido<\/em><\/li><li style=\"text-align: center;\"><em>Stoker<\/em>\u00a0con Carin Le\u00f3n<\/li><li style=\"text-align: center;\"><em>Ganster<\/em><\/li><li style=\"text-align: center;\"><em>En Alta<\/em>\u00a0con Omar Courtz, YOVNGCHIMI, Quevedo, Mambo Kingz, DJ Luian<\/li><\/ol>\t\t\t\t\t\t\t\t<\/div>\n\t\t\t\t<\/div>\n\t\t\t\t\t<\/div>\n\t\t<\/div>\n\t\t\t\t\t<\/div>\n\t\t<\/section>\n\t\t\t\t<section class=\"elementor-section elementor-top-section elementor-element elementor-element-cbd6ed8 elementor-section-boxed elementor-section-height-default elementor-section-height-default\" data-id=\"cbd6ed8\" data-element_type=\"section\" data-e-type=\"section\">\n\t\t\t\t\t\t<div class=\"elementor-container elementor-column-gap-default\">\n\t\t\t\t\t<div class=\"elementor-column elementor-col-100 elementor-top-column elementor-element elementor-element-08bd648\" data-id=\"08bd648\" data-element_type=\"column\" data-e-type=\"column\">\n\t\t\t<div class=\"elementor-widget-wrap elementor-element-populated\">\n\t\t\t\t\t\t<div class=\"elementor-element elementor-element-29ebca5 elementor-widget elementor-widget-image\" data-id=\"29ebca5\" data-element_type=\"widget\" data-e-type=\"widget\" data-widget_type=\"image.default\">\n\t\t\t\t<div class=\"elementor-widget-container\">\n\t\t\t\t\t\t\t\t\t\t\t\t<figure class=\"wp-caption\">\n\t\t\t\t\t\t\t\t\t\t<img decoding=\"async\" width=\"640\" height=\"427\" src=\"https:\/\/unaymilletras.com\/wp-content\/uploads\/2024\/07\/SAIKO-J-Balvin-PHOTO-CREDIT_-Gaby-Deimeke-1024x683.jpg\" class=\"attachment-large size-large wp-image-2888\" alt=\"\" srcset=\"https:\/\/unaymilletras.com\/wp-content\/uploads\/2024\/07\/SAIKO-J-Balvin-PHOTO-CREDIT_-Gaby-Deimeke-1024x683.jpg 1024w, https:\/\/unaymilletras.com\/wp-content\/uploads\/2024\/07\/SAIKO-J-Balvin-PHOTO-CREDIT_-Gaby-Deimeke-300x200.jpg 300w, https:\/\/unaymilletras.com\/wp-content\/uploads\/2024\/07\/SAIKO-J-Balvin-PHOTO-CREDIT_-Gaby-Deimeke-768x512.jpg 768w, https:\/\/unaymilletras.com\/wp-content\/uploads\/2024\/07\/SAIKO-J-Balvin-PHOTO-CREDIT_-Gaby-Deimeke-1536x1024.jpg 1536w, https:\/\/unaymilletras.com\/wp-content\/uploads\/2024\/07\/SAIKO-J-Balvin-PHOTO-CREDIT_-Gaby-Deimeke-2048x1365.jpg 2048w, https:\/\/unaymilletras.com\/wp-content\/uploads\/2024\/07\/SAIKO-J-Balvin-PHOTO-CREDIT_-Gaby-Deimeke-scaled-e1721039815495.jpg 600w\" sizes=\"(max-width: 640px) 100vw, 640px\" \/>\t\t\t\t\t\t\t\t\t\t\t<figcaption class=\"widget-image-caption wp-caption-text\">Foto: Gaby Deimeke<\/figcaption>\n\t\t\t\t\t\t\t\t\t\t<\/figure>\n\t\t\t\t\t\t\t\t\t<\/div>\n\t\t\t\t<\/div>\n\t\t\t\t\t<\/div>\n\t\t<\/div>\n\t\t\t\t\t<\/div>\n\t\t<\/section>\n\t\t\t\t<section class=\"elementor-section elementor-top-section elementor-element elementor-element-917186e elementor-section-boxed elementor-section-height-default elementor-section-height-default\" data-id=\"917186e\" data-element_type=\"section\" data-e-type=\"section\">\n\t\t\t\t\t\t<div class=\"elementor-container elementor-column-gap-default\">\n\t\t\t\t\t<div class=\"elementor-column elementor-col-100 elementor-top-column elementor-element elementor-element-be51e69\" data-id=\"be51e69\" data-element_type=\"column\" data-e-type=\"column\">\n\t\t\t<div class=\"elementor-widget-wrap elementor-element-populated\">\n\t\t\t\t\t\t<div class=\"elementor-element elementor-element-24e6419 elementor-widget elementor-widget-text-editor\" data-id=\"24e6419\" data-element_type=\"widget\" data-e-type=\"widget\" data-widget_type=\"text-editor.default\">\n\t\t\t\t<div class=\"elementor-widget-container\">\n\t\t\t\t\t\t\t\t\t<div class=\"flex flex-grow flex-col max-w-full\"><div class=\"min-h-[20px] text-message flex flex-col items-start whitespace-pre-wrap break-words [.text-message+&amp;]:mt-5 juice:w-full juice:items-end overflow-x-auto gap-2\" dir=\"auto\" data-message-author-role=\"assistant\" data-message-id=\"54a0c212-79d7-4e2a-ab1c-5a5886caf42b\"><div class=\"flex w-full flex-col gap-1 juice:empty:hidden juice:first:pt-[3px]\"><div class=\"markdown prose w-full break-words dark:prose-invert light\"><p>Con <em>Rayo,<\/em> J Balvin demuestra una vez m\u00e1s su habilidad para unir a la gente a trav\u00e9s de la m\u00fasica, creando un \u00e1lbum que es tanto un homenaje a sus ra\u00edces como una mirada hacia el futuro del g\u00e9nero.<\/p><\/div><\/div><\/div><\/div>\t\t\t\t\t\t\t\t<\/div>\n\t\t\t\t<\/div>\n\t\t\t\t\t<\/div>\n\t\t<\/div>\n\t\t\t\t\t<\/div>\n\t\t<\/section>\n\t\t\t\t<\/div>\n\t\t","protected":false},"excerpt":{"rendered":"<p>El esperado nuevo \u00e1lbum de J Balvin, saldr\u00e1 el 9 de agosto y el sencillo \u00abGaga\u00bb, junto a Saiko, ya est\u00e1 disponible J Balvin est\u00e1 de regreso con un nuevo proyecto que promete revolucionar la escena musical. Su pr\u00f3ximo \u00e1lbum, titulado Rayo, saldr\u00e1 a la luz el 9 de agosto y viene cargado de colaboraciones [&hellip;]<\/p>\n","protected":false},"author":6,"featured_media":2886,"comment_status":"open","ping_status":"open","sticky":false,"template":"","format":"standard","meta":{"footnotes":""},"categories":[1],"tags":[],"class_list":["post-2884","post","type-post","status-publish","format-standard","has-post-thumbnail","hentry","category-uncategorized"],"yoast_head":"<!-- This site is optimized with the Yoast SEO plugin v27.4 - https:\/\/yoast.com\/product\/yoast-seo-wordpress\/ -->\n<title>J Balvin anuncia nuevo \u00e1lbum &quot;Rayo&quot; y lanza su sencillo &quot;Gaga&quot; &#8902; Una y Mil Letras<\/title>\n<meta name=\"description\" content=\"El esperado nuevo \u00e1lbum de J Balvin, saldr\u00e1 el 9 de agosto y el sencillo &quot;Gaga&quot;, junto a Saiko, ya est\u00e1 disponible\" \/>\n<meta name=\"robots\" content=\"index, follow, max-snippet:-1, max-image-preview:large, max-video-preview:-1\" \/>\n<link rel=\"canonical\" href=\"https:\/\/unaymilletras.com\/en\/j-balvin-anuncia-nuevo-album-rayo-y-lanza-su-sencillo-gaga\/\" \/>\n<meta property=\"og:locale\" content=\"en_GB\" \/>\n<meta property=\"og:type\" content=\"article\" \/>\n<meta property=\"og:title\" content=\"J Balvin anuncia nuevo \u00e1lbum &quot;Rayo&quot; y lanza su sencillo &quot;Gaga&quot; &#8902; Una y Mil Letras\" \/>\n<meta property=\"og:description\" content=\"El esperado nuevo \u00e1lbum de J Balvin, saldr\u00e1 el 9 de agosto y el sencillo &quot;Gaga&quot;, junto a Saiko, ya est\u00e1 disponible\" \/>\n<meta property=\"og:url\" content=\"https:\/\/unaymilletras.com\/en\/j-balvin-anuncia-nuevo-album-rayo-y-lanza-su-sencillo-gaga\/\" \/>\n<meta property=\"og:site_name\" content=\"Una y Mil Letras\" \/>\n<meta property=\"article:published_time\" content=\"2024-07-15T10:46:07+00:00\" \/>\n<meta property=\"article:modified_time\" content=\"2024-08-21T16:10:42+00:00\" \/>\n<meta property=\"og:image\" content=\"http:\/\/unaymilletras.com\/wp-content\/uploads\/2024\/07\/Rayo-ALBUM-Cover-e1721037134532.jpg\" \/>\n\t<meta property=\"og:image:width\" content=\"600\" \/>\n\t<meta property=\"og:image:height\" content=\"600\" \/>\n\t<meta property=\"og:image:type\" content=\"image\/jpeg\" \/>\n<meta name=\"author\" content=\"Redacci\u00f3n\" \/>\n<meta name=\"twitter:card\" content=\"summary_large_image\" \/>\n<meta name=\"twitter:creator\" content=\"@UnaYMilLetras\" \/>\n<meta name=\"twitter:site\" content=\"@UnaYMilLetras\" \/>\n<meta name=\"twitter:label1\" content=\"Written by\" \/>\n\t<meta name=\"twitter:data1\" content=\"Redacci\u00f3n\" \/>\n\t<meta name=\"twitter:label2\" content=\"Estimated reading time\" \/>\n\t<meta name=\"twitter:data2\" content=\"2 minutes\" \/>\n<script type=\"application\/ld+json\" class=\"yoast-schema-graph\">{\"@context\":\"https:\\\/\\\/schema.org\",\"@graph\":[{\"@type\":\"Article\",\"@id\":\"https:\\\/\\\/unaymilletras.com\\\/j-balvin-anuncia-nuevo-album-rayo-y-lanza-su-sencillo-gaga\\\/#article\",\"isPartOf\":{\"@id\":\"https:\\\/\\\/unaymilletras.com\\\/j-balvin-anuncia-nuevo-album-rayo-y-lanza-su-sencillo-gaga\\\/\"},\"author\":{\"name\":\"Redacci\u00f3n\",\"@id\":\"http:\\\/\\\/unaymilletras.com\\\/#\\\/schema\\\/person\\\/0860dc8a218329991ee2c7591f4f849d\"},\"headline\":\"J Balvin anuncia nuevo \u00e1lbum \u00abRayo\u00bb y lanza su sencillo \u00abGaga\u00bb\",\"datePublished\":\"2024-07-15T10:46:07+00:00\",\"dateModified\":\"2024-08-21T16:10:42+00:00\",\"mainEntityOfPage\":{\"@id\":\"https:\\\/\\\/unaymilletras.com\\\/j-balvin-anuncia-nuevo-album-rayo-y-lanza-su-sencillo-gaga\\\/\"},\"wordCount\":319,\"commentCount\":0,\"publisher\":{\"@id\":\"http:\\\/\\\/unaymilletras.com\\\/#organization\"},\"image\":{\"@id\":\"https:\\\/\\\/unaymilletras.com\\\/j-balvin-anuncia-nuevo-album-rayo-y-lanza-su-sencillo-gaga\\\/#primaryimage\"},\"thumbnailUrl\":\"https:\\\/\\\/unaymilletras.com\\\/wp-content\\\/uploads\\\/2024\\\/07\\\/Rayo-ALBUM-Cover-e1721037134532.jpg\",\"articleSection\":[\"Uncategorized\"],\"inLanguage\":\"en-GB\",\"potentialAction\":[{\"@type\":\"CommentAction\",\"name\":\"Comment\",\"target\":[\"https:\\\/\\\/unaymilletras.com\\\/j-balvin-anuncia-nuevo-album-rayo-y-lanza-su-sencillo-gaga\\\/#respond\"]}]},{\"@type\":\"WebPage\",\"@id\":\"https:\\\/\\\/unaymilletras.com\\\/j-balvin-anuncia-nuevo-album-rayo-y-lanza-su-sencillo-gaga\\\/\",\"url\":\"https:\\\/\\\/unaymilletras.com\\\/j-balvin-anuncia-nuevo-album-rayo-y-lanza-su-sencillo-gaga\\\/\",\"name\":\"J Balvin anuncia nuevo \u00e1lbum \\\"Rayo\\\" y lanza su sencillo \\\"Gaga\\\" &#8902; Una y Mil Letras\",\"isPartOf\":{\"@id\":\"http:\\\/\\\/unaymilletras.com\\\/#website\"},\"primaryImageOfPage\":{\"@id\":\"https:\\\/\\\/unaymilletras.com\\\/j-balvin-anuncia-nuevo-album-rayo-y-lanza-su-sencillo-gaga\\\/#primaryimage\"},\"image\":{\"@id\":\"https:\\\/\\\/unaymilletras.com\\\/j-balvin-anuncia-nuevo-album-rayo-y-lanza-su-sencillo-gaga\\\/#primaryimage\"},\"thumbnailUrl\":\"https:\\\/\\\/unaymilletras.com\\\/wp-content\\\/uploads\\\/2024\\\/07\\\/Rayo-ALBUM-Cover-e1721037134532.jpg\",\"datePublished\":\"2024-07-15T10:46:07+00:00\",\"dateModified\":\"2024-08-21T16:10:42+00:00\",\"description\":\"El esperado nuevo \u00e1lbum de J Balvin, saldr\u00e1 el 9 de agosto y el sencillo \\\"Gaga\\\", junto a Saiko, ya est\u00e1 disponible\",\"breadcrumb\":{\"@id\":\"https:\\\/\\\/unaymilletras.com\\\/j-balvin-anuncia-nuevo-album-rayo-y-lanza-su-sencillo-gaga\\\/#breadcrumb\"},\"inLanguage\":\"en-GB\",\"potentialAction\":[{\"@type\":\"ReadAction\",\"target\":[\"https:\\\/\\\/unaymilletras.com\\\/j-balvin-anuncia-nuevo-album-rayo-y-lanza-su-sencillo-gaga\\\/\"]}]},{\"@type\":\"ImageObject\",\"inLanguage\":\"en-GB\",\"@id\":\"https:\\\/\\\/unaymilletras.com\\\/j-balvin-anuncia-nuevo-album-rayo-y-lanza-su-sencillo-gaga\\\/#primaryimage\",\"url\":\"https:\\\/\\\/unaymilletras.com\\\/wp-content\\\/uploads\\\/2024\\\/07\\\/Rayo-ALBUM-Cover-e1721037134532.jpg\",\"contentUrl\":\"https:\\\/\\\/unaymilletras.com\\\/wp-content\\\/uploads\\\/2024\\\/07\\\/Rayo-ALBUM-Cover-e1721037134532.jpg\",\"width\":600,\"height\":600,\"caption\":\"J Balvin\"},{\"@type\":\"BreadcrumbList\",\"@id\":\"https:\\\/\\\/unaymilletras.com\\\/j-balvin-anuncia-nuevo-album-rayo-y-lanza-su-sencillo-gaga\\\/#breadcrumb\",\"itemListElement\":[{\"@type\":\"ListItem\",\"position\":1,\"name\":\"Home\",\"item\":\"http:\\\/\\\/unaymilletras.com\\\/\"},{\"@type\":\"ListItem\",\"position\":2,\"name\":\"J Balvin anuncia nuevo \u00e1lbum \u00abRayo\u00bb y lanza su sencillo \u00abGaga\u00bb\"}]},{\"@type\":\"WebSite\",\"@id\":\"http:\\\/\\\/unaymilletras.com\\\/#website\",\"url\":\"http:\\\/\\\/unaymilletras.com\\\/\",\"name\":\"Una y Mil Letras\",\"description\":\"\",\"publisher\":{\"@id\":\"http:\\\/\\\/unaymilletras.com\\\/#organization\"},\"potentialAction\":[{\"@type\":\"SearchAction\",\"target\":{\"@type\":\"EntryPoint\",\"urlTemplate\":\"http:\\\/\\\/unaymilletras.com\\\/?s={search_term_string}\"},\"query-input\":{\"@type\":\"PropertyValueSpecification\",\"valueRequired\":true,\"valueName\":\"search_term_string\"}}],\"inLanguage\":\"en-GB\"},{\"@type\":\"Organization\",\"@id\":\"http:\\\/\\\/unaymilletras.com\\\/#organization\",\"name\":\"Una y Mil Letras\",\"url\":\"http:\\\/\\\/unaymilletras.com\\\/\",\"logo\":{\"@type\":\"ImageObject\",\"inLanguage\":\"en-GB\",\"@id\":\"http:\\\/\\\/unaymilletras.com\\\/#\\\/schema\\\/logo\\\/image\\\/\",\"url\":\"https:\\\/\\\/unaymilletras.com\\\/wp-content\\\/uploads\\\/2024\\\/06\\\/cropped-Logo-removebg-preview.png\",\"contentUrl\":\"https:\\\/\\\/unaymilletras.com\\\/wp-content\\\/uploads\\\/2024\\\/06\\\/cropped-Logo-removebg-preview.png\",\"width\":512,\"height\":512,\"caption\":\"Una y Mil Letras\"},\"image\":{\"@id\":\"http:\\\/\\\/unaymilletras.com\\\/#\\\/schema\\\/logo\\\/image\\\/\"},\"sameAs\":[\"https:\\\/\\\/x.com\\\/UnaYMilLetras\",\"https:\\\/\\\/instagram.com\\\/UnaYMilLetras\"]},{\"@type\":\"Person\",\"@id\":\"http:\\\/\\\/unaymilletras.com\\\/#\\\/schema\\\/person\\\/0860dc8a218329991ee2c7591f4f849d\",\"name\":\"Redacci\u00f3n\",\"image\":{\"@type\":\"ImageObject\",\"inLanguage\":\"en-GB\",\"@id\":\"https:\\\/\\\/secure.gravatar.com\\\/avatar\\\/d8f55e05a8b6597e45c55a1dcbdbfe44f4a360d88b48e00de5216a79b7732796?s=96&d=mm&r=g\",\"url\":\"https:\\\/\\\/secure.gravatar.com\\\/avatar\\\/d8f55e05a8b6597e45c55a1dcbdbfe44f4a360d88b48e00de5216a79b7732796?s=96&d=mm&r=g\",\"contentUrl\":\"https:\\\/\\\/secure.gravatar.com\\\/avatar\\\/d8f55e05a8b6597e45c55a1dcbdbfe44f4a360d88b48e00de5216a79b7732796?s=96&d=mm&r=g\",\"caption\":\"Redacci\u00f3n\"},\"url\":\"https:\\\/\\\/unaymilletras.com\\\/en\\\/author\\\/redaccion\\\/\"}]}<\/script>\n<!-- \/ Yoast SEO plugin. -->","yoast_head_json":{"title":"J Balvin anuncia nuevo \u00e1lbum \"Rayo\" y lanza su sencillo \"Gaga\" &#8902; Una y Mil Letras","description":"El esperado nuevo \u00e1lbum de J Balvin, saldr\u00e1 el 9 de agosto y el sencillo \"Gaga\", junto a Saiko, ya est\u00e1 disponible","robots":{"index":"index","follow":"follow","max-snippet":"max-snippet:-1","max-image-preview":"max-image-preview:large","max-video-preview":"max-video-preview:-1"},"canonical":"https:\/\/unaymilletras.com\/en\/j-balvin-anuncia-nuevo-album-rayo-y-lanza-su-sencillo-gaga\/","og_locale":"en_GB","og_type":"article","og_title":"J Balvin anuncia nuevo \u00e1lbum \"Rayo\" y lanza su sencillo \"Gaga\" &#8902; Una y Mil Letras","og_description":"El esperado nuevo \u00e1lbum de J Balvin, saldr\u00e1 el 9 de agosto y el sencillo \"Gaga\", junto a Saiko, ya est\u00e1 disponible","og_url":"https:\/\/unaymilletras.com\/en\/j-balvin-anuncia-nuevo-album-rayo-y-lanza-su-sencillo-gaga\/","og_site_name":"Una y Mil Letras","article_published_time":"2024-07-15T10:46:07+00:00","article_modified_time":"2024-08-21T16:10:42+00:00","og_image":[{"width":600,"height":600,"url":"http:\/\/unaymilletras.com\/wp-content\/uploads\/2024\/07\/Rayo-ALBUM-Cover-e1721037134532.jpg","type":"image\/jpeg"}],"author":"Redacci\u00f3n","twitter_card":"summary_large_image","twitter_creator":"@UnaYMilLetras","twitter_site":"@UnaYMilLetras","twitter_misc":{"Written by":"Redacci\u00f3n","Estimated reading time":"2 minutes"},"schema":{"@context":"https:\/\/schema.org","@graph":[{"@type":"Article","@id":"https:\/\/unaymilletras.com\/j-balvin-anuncia-nuevo-album-rayo-y-lanza-su-sencillo-gaga\/#article","isPartOf":{"@id":"https:\/\/unaymilletras.com\/j-balvin-anuncia-nuevo-album-rayo-y-lanza-su-sencillo-gaga\/"},"author":{"name":"Redacci\u00f3n","@id":"http:\/\/unaymilletras.com\/#\/schema\/person\/0860dc8a218329991ee2c7591f4f849d"},"headline":"J Balvin anuncia nuevo \u00e1lbum \u00abRayo\u00bb y lanza su sencillo \u00abGaga\u00bb","datePublished":"2024-07-15T10:46:07+00:00","dateModified":"2024-08-21T16:10:42+00:00","mainEntityOfPage":{"@id":"https:\/\/unaymilletras.com\/j-balvin-anuncia-nuevo-album-rayo-y-lanza-su-sencillo-gaga\/"},"wordCount":319,"commentCount":0,"publisher":{"@id":"http:\/\/unaymilletras.com\/#organization"},"image":{"@id":"https:\/\/unaymilletras.com\/j-balvin-anuncia-nuevo-album-rayo-y-lanza-su-sencillo-gaga\/#primaryimage"},"thumbnailUrl":"https:\/\/unaymilletras.com\/wp-content\/uploads\/2024\/07\/Rayo-ALBUM-Cover-e1721037134532.jpg","articleSection":["Uncategorized"],"inLanguage":"en-GB","potentialAction":[{"@type":"CommentAction","name":"Comment","target":["https:\/\/unaymilletras.com\/j-balvin-anuncia-nuevo-album-rayo-y-lanza-su-sencillo-gaga\/#respond"]}]},{"@type":"WebPage","@id":"https:\/\/unaymilletras.com\/j-balvin-anuncia-nuevo-album-rayo-y-lanza-su-sencillo-gaga\/","url":"https:\/\/unaymilletras.com\/j-balvin-anuncia-nuevo-album-rayo-y-lanza-su-sencillo-gaga\/","name":"J Balvin anuncia nuevo \u00e1lbum \"Rayo\" y lanza su sencillo \"Gaga\" &#8902; Una y Mil Letras","isPartOf":{"@id":"http:\/\/unaymilletras.com\/#website"},"primaryImageOfPage":{"@id":"https:\/\/unaymilletras.com\/j-balvin-anuncia-nuevo-album-rayo-y-lanza-su-sencillo-gaga\/#primaryimage"},"image":{"@id":"https:\/\/unaymilletras.com\/j-balvin-anuncia-nuevo-album-rayo-y-lanza-su-sencillo-gaga\/#primaryimage"},"thumbnailUrl":"https:\/\/unaymilletras.com\/wp-content\/uploads\/2024\/07\/Rayo-ALBUM-Cover-e1721037134532.jpg","datePublished":"2024-07-15T10:46:07+00:00","dateModified":"2024-08-21T16:10:42+00:00","description":"El esperado nuevo \u00e1lbum de J Balvin, saldr\u00e1 el 9 de agosto y el sencillo \"Gaga\", junto a Saiko, ya est\u00e1 disponible","breadcrumb":{"@id":"https:\/\/unaymilletras.com\/j-balvin-anuncia-nuevo-album-rayo-y-lanza-su-sencillo-gaga\/#breadcrumb"},"inLanguage":"en-GB","potentialAction":[{"@type":"ReadAction","target":["https:\/\/unaymilletras.com\/j-balvin-anuncia-nuevo-album-rayo-y-lanza-su-sencillo-gaga\/"]}]},{"@type":"ImageObject","inLanguage":"en-GB","@id":"https:\/\/unaymilletras.com\/j-balvin-anuncia-nuevo-album-rayo-y-lanza-su-sencillo-gaga\/#primaryimage","url":"https:\/\/unaymilletras.com\/wp-content\/uploads\/2024\/07\/Rayo-ALBUM-Cover-e1721037134532.jpg","contentUrl":"https:\/\/unaymilletras.com\/wp-content\/uploads\/2024\/07\/Rayo-ALBUM-Cover-e1721037134532.jpg","width":600,"height":600,"caption":"J Balvin"},{"@type":"BreadcrumbList","@id":"https:\/\/unaymilletras.com\/j-balvin-anuncia-nuevo-album-rayo-y-lanza-su-sencillo-gaga\/#breadcrumb","itemListElement":[{"@type":"ListItem","position":1,"name":"Home","item":"http:\/\/unaymilletras.com\/"},{"@type":"ListItem","position":2,"name":"J Balvin anuncia nuevo \u00e1lbum \u00abRayo\u00bb y lanza su sencillo \u00abGaga\u00bb"}]},{"@type":"WebSite","@id":"http:\/\/unaymilletras.com\/#website","url":"http:\/\/unaymilletras.com\/","name":"Una y Mil Letras","description":"","publisher":{"@id":"http:\/\/unaymilletras.com\/#organization"},"potentialAction":[{"@type":"SearchAction","target":{"@type":"EntryPoint","urlTemplate":"http:\/\/unaymilletras.com\/?s={search_term_string}"},"query-input":{"@type":"PropertyValueSpecification","valueRequired":true,"valueName":"search_term_string"}}],"inLanguage":"en-GB"},{"@type":"Organization","@id":"http:\/\/unaymilletras.com\/#organization","name":"Una y Mil Letras","url":"http:\/\/unaymilletras.com\/","logo":{"@type":"ImageObject","inLanguage":"en-GB","@id":"http:\/\/unaymilletras.com\/#\/schema\/logo\/image\/","url":"https:\/\/unaymilletras.com\/wp-content\/uploads\/2024\/06\/cropped-Logo-removebg-preview.png","contentUrl":"https:\/\/unaymilletras.com\/wp-content\/uploads\/2024\/06\/cropped-Logo-removebg-preview.png","width":512,"height":512,"caption":"Una y Mil Letras"},"image":{"@id":"http:\/\/unaymilletras.com\/#\/schema\/logo\/image\/"},"sameAs":["https:\/\/x.com\/UnaYMilLetras","https:\/\/instagram.com\/UnaYMilLetras"]},{"@type":"Person","@id":"http:\/\/unaymilletras.com\/#\/schema\/person\/0860dc8a218329991ee2c7591f4f849d","name":"Redacci\u00f3n","image":{"@type":"ImageObject","inLanguage":"en-GB","@id":"https:\/\/secure.gravatar.com\/avatar\/d8f55e05a8b6597e45c55a1dcbdbfe44f4a360d88b48e00de5216a79b7732796?s=96&d=mm&r=g","url":"https:\/\/secure.gravatar.com\/avatar\/d8f55e05a8b6597e45c55a1dcbdbfe44f4a360d88b48e00de5216a79b7732796?s=96&d=mm&r=g","contentUrl":"https:\/\/secure.gravatar.com\/avatar\/d8f55e05a8b6597e45c55a1dcbdbfe44f4a360d88b48e00de5216a79b7732796?s=96&d=mm&r=g","caption":"Redacci\u00f3n"},"url":"https:\/\/unaymilletras.com\/en\/author\/redaccion\/"}]}},"_links":{"self":[{"href":"https:\/\/unaymilletras.com\/en\/wp-json\/wp\/v2\/posts\/2884","targetHints":{"allow":["GET"]}}],"collection":[{"href":"https:\/\/unaymilletras.com\/en\/wp-json\/wp\/v2\/posts"}],"about":[{"href":"https:\/\/unaymilletras.com\/en\/wp-json\/wp\/v2\/types\/post"}],"author":[{"embeddable":true,"href":"https:\/\/unaymilletras.com\/en\/wp-json\/wp\/v2\/users\/6"}],"replies":[{"embeddable":true,"href":"https:\/\/unaymilletras.com\/en\/wp-json\/wp\/v2\/comments?post=2884"}],"version-history":[{"count":4,"href":"https:\/\/unaymilletras.com\/en\/wp-json\/wp\/v2\/posts\/2884\/revisions"}],"predecessor-version":[{"id":2891,"href":"https:\/\/unaymilletras.com\/en\/wp-json\/wp\/v2\/posts\/2884\/revisions\/2891"}],"wp:featuredmedia":[{"embeddable":true,"href":"https:\/\/unaymilletras.com\/en\/wp-json\/wp\/v2\/media\/2886"}],"wp:attachment":[{"href":"https:\/\/unaymilletras.com\/en\/wp-json\/wp\/v2\/media?parent=2884"}],"wp:term":[{"taxonomy":"category","embeddable":true,"href":"https:\/\/unaymilletras.com\/en\/wp-json\/wp\/v2\/categories?post=2884"},{"taxonomy":"post_tag","embeddable":true,"href":"https:\/\/unaymilletras.com\/en\/wp-json\/wp\/v2\/tags?post=2884"}],"curies":[{"name":"wp","href":"https:\/\/api.w.org\/{rel}","templated":true}]}}