{"id":2921,"date":"2024-07-24T07:40:47","date_gmt":"2024-07-24T05:40:47","guid":{"rendered":"https:\/\/unaymilletras.com\/?p=2921"},"modified":"2024-08-21T18:10:18","modified_gmt":"2024-08-21T16:10:18","slug":"noan-y-alex-wall-presentan-me-matas-2-0","status":"publish","type":"post","link":"https:\/\/unaymilletras.com\/en\/noan-y-alex-wall-presentan-me-matas-2-0\/","title":{"rendered":"Noan y Alex Wall Presentan \u00abME MATA(S) 2.0\u00bb"},"content":{"rendered":"<div data-elementor-type=\"wp-post\" data-elementor-id=\"2921\" class=\"elementor elementor-2921\">\n\t\t\t\t\t\t<section class=\"elementor-section elementor-top-section elementor-element elementor-element-c62260d elementor-section-boxed elementor-section-height-default elementor-section-height-default\" data-id=\"c62260d\" data-element_type=\"section\" data-e-type=\"section\">\n\t\t\t\t\t\t<div class=\"elementor-container elementor-column-gap-default\">\n\t\t\t\t\t<div class=\"elementor-column elementor-col-100 elementor-top-column elementor-element elementor-element-d33191c\" data-id=\"d33191c\" data-element_type=\"column\" data-e-type=\"column\">\n\t\t\t<div class=\"elementor-widget-wrap elementor-element-populated\">\n\t\t\t\t\t\t<div class=\"elementor-element elementor-element-305bf8f elementor-widget elementor-widget-text-editor\" data-id=\"305bf8f\" data-element_type=\"widget\" data-e-type=\"widget\" data-widget_type=\"text-editor.default\">\n\t\t\t\t<div class=\"elementor-widget-container\">\n\t\t\t\t\t\t\t\t\t<h2 style=\"text-align: center;\"><em><span style=\"color: #808080;\">Para celebrar el segundo aniversario de \u00abME MATA(S)\u00bb, Noan y Alex Wall lanzan una versi\u00f3n m\u00e1s oscura y envolvente<\/span><\/em><\/h2>\t\t\t\t\t\t\t\t<\/div>\n\t\t\t\t<\/div>\n\t\t\t\t\t<\/div>\n\t\t<\/div>\n\t\t\t\t\t<\/div>\n\t\t<\/section>\n\t\t\t\t<section class=\"elementor-section elementor-top-section elementor-element elementor-element-e504e35 elementor-section-boxed elementor-section-height-default elementor-section-height-default\" data-id=\"e504e35\" data-element_type=\"section\" data-e-type=\"section\">\n\t\t\t\t\t\t<div class=\"elementor-container elementor-column-gap-default\">\n\t\t\t\t\t<div class=\"elementor-column elementor-col-100 elementor-top-column elementor-element elementor-element-4ea781d\" data-id=\"4ea781d\" data-element_type=\"column\" data-e-type=\"column\">\n\t\t\t<div class=\"elementor-widget-wrap elementor-element-populated\">\n\t\t\t\t\t\t<div class=\"elementor-element elementor-element-a0859d5 elementor-widget elementor-widget-text-editor\" data-id=\"a0859d5\" data-element_type=\"widget\" data-e-type=\"widget\" data-widget_type=\"text-editor.default\">\n\t\t\t\t<div class=\"elementor-widget-container\">\n\t\t\t\t\t\t\t\t\t<p><strong>Noan<\/strong> y <strong>Alex Wall<\/strong> han lanzado <strong><em>ME MATA(S) 2.0<\/em><\/strong>, una reinterpretaci\u00f3n de su exitoso single <em><strong>ME MATA(S)<\/strong><\/em>\u00a0que celebra su segundo aniversario. La canci\u00f3n original, con m\u00e1s de 10 millones de streams en plataformas digitales y miles de creaciones en <span style=\"color: #808080;\"><a style=\"color: #808080;\" href=\"https:\/\/unaymilletras.com\/en\/premios-tiktok-2023-celebrando-la-creatividad-en-espana\/\">TikTok<\/a><\/span>, se convirti\u00f3 en un himno generacional y un reclamo indispensable en sus conciertos.<\/p>\t\t\t\t\t\t\t\t<\/div>\n\t\t\t\t<\/div>\n\t\t\t\t\t<\/div>\n\t\t<\/div>\n\t\t\t\t\t<\/div>\n\t\t<\/section>\n\t\t\t\t<section class=\"elementor-section elementor-top-section elementor-element elementor-element-b114855 elementor-section-boxed elementor-section-height-default elementor-section-height-default\" data-id=\"b114855\" data-element_type=\"section\" data-e-type=\"section\">\n\t\t\t\t\t\t<div class=\"elementor-container elementor-column-gap-default\">\n\t\t\t\t\t<div class=\"elementor-column elementor-col-50 elementor-top-column elementor-element elementor-element-7ec442e\" data-id=\"7ec442e\" data-element_type=\"column\" data-e-type=\"column\">\n\t\t\t<div class=\"elementor-widget-wrap elementor-element-populated\">\n\t\t\t\t\t\t<div class=\"elementor-element elementor-element-9fe1b3e elementor-widget elementor-widget-text-editor\" data-id=\"9fe1b3e\" data-element_type=\"widget\" data-e-type=\"widget\" data-widget_type=\"text-editor.default\">\n\t\t\t\t<div class=\"elementor-widget-container\">\n\t\t\t\t\t\t\t\t\t<p>El tema, conocido por su pegajoso estribillo y su influencia en las redes sociales, ha sido revisitado por los artistas, quienes le han dado un giro m\u00e1s oscuro y profundo. Esta nueva versi\u00f3n mantiene la esencia original pero incorpora un sonido m\u00e1s europeo y cambios de tempo que a\u00f1aden una dimensi\u00f3n adicional a la canci\u00f3n.<\/p><p>Noan, en plena gira de verano con m\u00e1s de quince fechas, se prepara para lanzar su primer \u00e1lbum de estudio en septiembre. Junto a Alex Wall, decidi\u00f3 celebrar el impacto de <span style=\"color: #808080;\"><a style=\"color: #808080;\" href=\"https:\/\/open.spotify.com\/track\/6yFacR2XoribBixsZvXxvg?autoplay=true\"><em>ME MATA(S)<\/em>\u00a0<\/a><\/span>con esta nueva versi\u00f3n, que promete ser una de las canciones m\u00e1s interesantes del a\u00f1o, demostrando la versatilidad y creatividad de ambos artistas.<\/p>\t\t\t\t\t\t\t\t<\/div>\n\t\t\t\t<\/div>\n\t\t\t\t\t<\/div>\n\t\t<\/div>\n\t\t\t\t<div class=\"elementor-column elementor-col-50 elementor-top-column elementor-element elementor-element-d75b019\" data-id=\"d75b019\" data-element_type=\"column\" data-e-type=\"column\">\n\t\t\t<div class=\"elementor-widget-wrap elementor-element-populated\">\n\t\t\t\t\t\t<div class=\"elementor-element elementor-element-5bcc923 elementor-widget elementor-widget-image\" data-id=\"5bcc923\" data-element_type=\"widget\" data-e-type=\"widget\" data-widget_type=\"image.default\">\n\t\t\t\t<div class=\"elementor-widget-container\">\n\t\t\t\t\t\t\t\t\t\t\t\t\t\t\t<img fetchpriority=\"high\" decoding=\"async\" width=\"640\" height=\"640\" src=\"https:\/\/unaymilletras.com\/wp-content\/uploads\/2024\/07\/80147fe6-9513-0d47-a0ea-59b9e096-1024x1024.jpg\" class=\"attachment-large size-large wp-image-2924\" alt=\"\" srcset=\"https:\/\/unaymilletras.com\/wp-content\/uploads\/2024\/07\/80147fe6-9513-0d47-a0ea-59b9e096-1024x1024.jpg 1024w, https:\/\/unaymilletras.com\/wp-content\/uploads\/2024\/07\/80147fe6-9513-0d47-a0ea-59b9e096-300x300.jpg 300w, https:\/\/unaymilletras.com\/wp-content\/uploads\/2024\/07\/80147fe6-9513-0d47-a0ea-59b9e096-150x150.jpg 150w, https:\/\/unaymilletras.com\/wp-content\/uploads\/2024\/07\/80147fe6-9513-0d47-a0ea-59b9e096-768x768.jpg 768w, https:\/\/unaymilletras.com\/wp-content\/uploads\/2024\/07\/80147fe6-9513-0d47-a0ea-59b9e096-1536x1536.jpg 1536w, https:\/\/unaymilletras.com\/wp-content\/uploads\/2024\/07\/80147fe6-9513-0d47-a0ea-59b9e096-2048x2048.jpg 2048w, https:\/\/unaymilletras.com\/wp-content\/uploads\/2024\/07\/80147fe6-9513-0d47-a0ea-59b9e096-scaled-e1721799519350.jpg 600w\" sizes=\"(max-width: 640px) 100vw, 640px\" \/>\t\t\t\t\t\t\t\t\t\t\t\t\t\t\t<\/div>\n\t\t\t\t<\/div>\n\t\t\t\t\t<\/div>\n\t\t<\/div>\n\t\t\t\t\t<\/div>\n\t\t<\/section>\n\t\t\t\t<section class=\"elementor-section elementor-top-section elementor-element elementor-element-97b6a15 elementor-section-boxed elementor-section-height-default elementor-section-height-default\" data-id=\"97b6a15\" data-element_type=\"section\" data-e-type=\"section\">\n\t\t\t\t\t\t<div class=\"elementor-container elementor-column-gap-default\">\n\t\t\t\t\t<div class=\"elementor-column elementor-col-100 elementor-top-column elementor-element elementor-element-d6f0585\" data-id=\"d6f0585\" data-element_type=\"column\" data-e-type=\"column\">\n\t\t\t<div class=\"elementor-widget-wrap elementor-element-populated\">\n\t\t\t\t\t\t<div class=\"elementor-element elementor-element-5974812 elementor-widget elementor-widget-text-editor\" data-id=\"5974812\" data-element_type=\"widget\" data-e-type=\"widget\" data-widget_type=\"text-editor.default\">\n\t\t\t\t<div class=\"elementor-widget-container\">\n\t\t\t\t\t\t\t\t\t<p>Adem\u00e1s de <em>ME MATA(S) 2.0<\/em>, Noan presentar\u00e1 este viernes 26 de junio un nuevo tema titulado <em>Morenita del Sur<\/em>, en colaboraci\u00f3n con Marlena. La canci\u00f3n, fresca y veraniega, se espera que cautive tanto a los seguidores de ambos artistas como a los fans del festival Benidorm Fest.<\/p><p>El pr\u00f3ximo 21 de marzo, Noan presentar\u00e1 su esperado \u00e1lbum en La Sala de Madrid, un evento que sin duda atraer\u00e1 a numerosos fans deseosos de escuchar sus nuevas creaciones en vivo.<\/p>\t\t\t\t\t\t\t\t<\/div>\n\t\t\t\t<\/div>\n\t\t\t\t\t<\/div>\n\t\t<\/div>\n\t\t\t\t\t<\/div>\n\t\t<\/section>\n\t\t\t\t<\/div>","protected":false},"excerpt":{"rendered":"<p>Para celebrar el segundo aniversario de \u00abME MATA(S)\u00bb, Noan y Alex Wall lanzan una versi\u00f3n m\u00e1s oscura y envolvente Noan y Alex Wall han lanzado ME MATA(S) 2.0, una reinterpretaci\u00f3n de su exitoso single ME MATA(S)\u00a0que celebra su segundo aniversario. La canci\u00f3n original, con m\u00e1s de 10 millones de streams en plataformas digitales y miles [&hellip;]<\/p>\n","protected":false},"author":6,"featured_media":2924,"comment_status":"open","ping_status":"open","sticky":false,"template":"","format":"standard","meta":{"footnotes":""},"categories":[4],"tags":[],"class_list":["post-2921","post","type-post","status-publish","format-standard","has-post-thumbnail","hentry","category-musica"],"yoast_head":"<!-- This site is optimized with the Yoast SEO plugin v27.4 - https:\/\/yoast.com\/product\/yoast-seo-wordpress\/ -->\n<title>Noan y Alex Wall Presentan &quot;ME MATA(S) 2.0&quot; &#8902; Una y Mil Letras<\/title>\n<meta name=\"description\" content=\"Para celebrar el segundo aniversario de &quot;ME MATA(S)&quot;, Noan y Alex Wall lanzan una versi\u00f3n m\u00e1s oscura y envolvente\" \/>\n<meta name=\"robots\" content=\"index, follow, max-snippet:-1, max-image-preview:large, max-video-preview:-1\" \/>\n<link rel=\"canonical\" href=\"https:\/\/unaymilletras.com\/en\/noan-y-alex-wall-presentan-me-matas-2-0\/\" \/>\n<meta property=\"og:locale\" content=\"en_GB\" \/>\n<meta property=\"og:type\" content=\"article\" \/>\n<meta property=\"og:title\" content=\"Noan y Alex Wall Presentan &quot;ME MATA(S) 2.0&quot; &#8902; Una y Mil Letras\" \/>\n<meta property=\"og:description\" content=\"Para celebrar el segundo aniversario de &quot;ME MATA(S)&quot;, Noan y Alex Wall lanzan una versi\u00f3n m\u00e1s oscura y envolvente\" \/>\n<meta property=\"og:url\" content=\"https:\/\/unaymilletras.com\/en\/noan-y-alex-wall-presentan-me-matas-2-0\/\" \/>\n<meta property=\"og:site_name\" content=\"Una y Mil Letras\" \/>\n<meta property=\"article:published_time\" content=\"2024-07-24T05:40:47+00:00\" \/>\n<meta property=\"article:modified_time\" content=\"2024-08-21T16:10:18+00:00\" \/>\n<meta property=\"og:image\" content=\"http:\/\/unaymilletras.com\/wp-content\/uploads\/2024\/07\/80147fe6-9513-0d47-a0ea-59b9e096-scaled-e1721799519350.jpg\" \/>\n\t<meta property=\"og:image:width\" content=\"600\" \/>\n\t<meta property=\"og:image:height\" content=\"600\" \/>\n\t<meta property=\"og:image:type\" content=\"image\/jpeg\" \/>\n<meta name=\"author\" content=\"Redacci\u00f3n\" \/>\n<meta name=\"twitter:card\" content=\"summary_large_image\" \/>\n<meta name=\"twitter:creator\" content=\"@UnaYMilLetras\" \/>\n<meta name=\"twitter:site\" content=\"@UnaYMilLetras\" \/>\n<meta name=\"twitter:label1\" content=\"Written by\" \/>\n\t<meta name=\"twitter:data1\" content=\"Redacci\u00f3n\" \/>\n\t<meta name=\"twitter:label2\" content=\"Estimated reading time\" \/>\n\t<meta name=\"twitter:data2\" content=\"2 minutes\" \/>\n<script type=\"application\/ld+json\" class=\"yoast-schema-graph\">{\"@context\":\"https:\\\/\\\/schema.org\",\"@graph\":[{\"@type\":\"Article\",\"@id\":\"https:\\\/\\\/unaymilletras.com\\\/noan-y-alex-wall-presentan-me-matas-2-0\\\/#article\",\"isPartOf\":{\"@id\":\"https:\\\/\\\/unaymilletras.com\\\/noan-y-alex-wall-presentan-me-matas-2-0\\\/\"},\"author\":{\"name\":\"Redacci\u00f3n\",\"@id\":\"http:\\\/\\\/unaymilletras.com\\\/#\\\/schema\\\/person\\\/0860dc8a218329991ee2c7591f4f849d\"},\"headline\":\"Noan y Alex Wall Presentan \u00abME MATA(S) 2.0\u00bb\",\"datePublished\":\"2024-07-24T05:40:47+00:00\",\"dateModified\":\"2024-08-21T16:10:18+00:00\",\"mainEntityOfPage\":{\"@id\":\"https:\\\/\\\/unaymilletras.com\\\/noan-y-alex-wall-presentan-me-matas-2-0\\\/\"},\"wordCount\":290,\"commentCount\":0,\"publisher\":{\"@id\":\"http:\\\/\\\/unaymilletras.com\\\/#organization\"},\"image\":{\"@id\":\"https:\\\/\\\/unaymilletras.com\\\/noan-y-alex-wall-presentan-me-matas-2-0\\\/#primaryimage\"},\"thumbnailUrl\":\"https:\\\/\\\/unaymilletras.com\\\/wp-content\\\/uploads\\\/2024\\\/07\\\/80147fe6-9513-0d47-a0ea-59b9e096-scaled-e1721799519350.jpg\",\"articleSection\":[\"M\u00fasica\"],\"inLanguage\":\"en-GB\",\"potentialAction\":[{\"@type\":\"CommentAction\",\"name\":\"Comment\",\"target\":[\"https:\\\/\\\/unaymilletras.com\\\/noan-y-alex-wall-presentan-me-matas-2-0\\\/#respond\"]}]},{\"@type\":\"WebPage\",\"@id\":\"https:\\\/\\\/unaymilletras.com\\\/noan-y-alex-wall-presentan-me-matas-2-0\\\/\",\"url\":\"https:\\\/\\\/unaymilletras.com\\\/noan-y-alex-wall-presentan-me-matas-2-0\\\/\",\"name\":\"Noan y Alex Wall Presentan \\\"ME MATA(S) 2.0\\\" &#8902; Una y Mil Letras\",\"isPartOf\":{\"@id\":\"http:\\\/\\\/unaymilletras.com\\\/#website\"},\"primaryImageOfPage\":{\"@id\":\"https:\\\/\\\/unaymilletras.com\\\/noan-y-alex-wall-presentan-me-matas-2-0\\\/#primaryimage\"},\"image\":{\"@id\":\"https:\\\/\\\/unaymilletras.com\\\/noan-y-alex-wall-presentan-me-matas-2-0\\\/#primaryimage\"},\"thumbnailUrl\":\"https:\\\/\\\/unaymilletras.com\\\/wp-content\\\/uploads\\\/2024\\\/07\\\/80147fe6-9513-0d47-a0ea-59b9e096-scaled-e1721799519350.jpg\",\"datePublished\":\"2024-07-24T05:40:47+00:00\",\"dateModified\":\"2024-08-21T16:10:18+00:00\",\"description\":\"Para celebrar el segundo aniversario de \\\"ME MATA(S)\\\", Noan y Alex Wall lanzan una versi\u00f3n m\u00e1s oscura y envolvente\",\"breadcrumb\":{\"@id\":\"https:\\\/\\\/unaymilletras.com\\\/noan-y-alex-wall-presentan-me-matas-2-0\\\/#breadcrumb\"},\"inLanguage\":\"en-GB\",\"potentialAction\":[{\"@type\":\"ReadAction\",\"target\":[\"https:\\\/\\\/unaymilletras.com\\\/noan-y-alex-wall-presentan-me-matas-2-0\\\/\"]}]},{\"@type\":\"ImageObject\",\"inLanguage\":\"en-GB\",\"@id\":\"https:\\\/\\\/unaymilletras.com\\\/noan-y-alex-wall-presentan-me-matas-2-0\\\/#primaryimage\",\"url\":\"https:\\\/\\\/unaymilletras.com\\\/wp-content\\\/uploads\\\/2024\\\/07\\\/80147fe6-9513-0d47-a0ea-59b9e096-scaled-e1721799519350.jpg\",\"contentUrl\":\"https:\\\/\\\/unaymilletras.com\\\/wp-content\\\/uploads\\\/2024\\\/07\\\/80147fe6-9513-0d47-a0ea-59b9e096-scaled-e1721799519350.jpg\",\"width\":600,\"height\":600},{\"@type\":\"BreadcrumbList\",\"@id\":\"https:\\\/\\\/unaymilletras.com\\\/noan-y-alex-wall-presentan-me-matas-2-0\\\/#breadcrumb\",\"itemListElement\":[{\"@type\":\"ListItem\",\"position\":1,\"name\":\"Home\",\"item\":\"http:\\\/\\\/unaymilletras.com\\\/\"},{\"@type\":\"ListItem\",\"position\":2,\"name\":\"Noan y Alex Wall Presentan \u00abME MATA(S) 2.0\u00bb\"}]},{\"@type\":\"WebSite\",\"@id\":\"http:\\\/\\\/unaymilletras.com\\\/#website\",\"url\":\"http:\\\/\\\/unaymilletras.com\\\/\",\"name\":\"Una y Mil Letras\",\"description\":\"\",\"publisher\":{\"@id\":\"http:\\\/\\\/unaymilletras.com\\\/#organization\"},\"potentialAction\":[{\"@type\":\"SearchAction\",\"target\":{\"@type\":\"EntryPoint\",\"urlTemplate\":\"http:\\\/\\\/unaymilletras.com\\\/?s={search_term_string}\"},\"query-input\":{\"@type\":\"PropertyValueSpecification\",\"valueRequired\":true,\"valueName\":\"search_term_string\"}}],\"inLanguage\":\"en-GB\"},{\"@type\":\"Organization\",\"@id\":\"http:\\\/\\\/unaymilletras.com\\\/#organization\",\"name\":\"Una y Mil Letras\",\"url\":\"http:\\\/\\\/unaymilletras.com\\\/\",\"logo\":{\"@type\":\"ImageObject\",\"inLanguage\":\"en-GB\",\"@id\":\"http:\\\/\\\/unaymilletras.com\\\/#\\\/schema\\\/logo\\\/image\\\/\",\"url\":\"https:\\\/\\\/unaymilletras.com\\\/wp-content\\\/uploads\\\/2024\\\/06\\\/cropped-Logo-removebg-preview.png\",\"contentUrl\":\"https:\\\/\\\/unaymilletras.com\\\/wp-content\\\/uploads\\\/2024\\\/06\\\/cropped-Logo-removebg-preview.png\",\"width\":512,\"height\":512,\"caption\":\"Una y Mil Letras\"},\"image\":{\"@id\":\"http:\\\/\\\/unaymilletras.com\\\/#\\\/schema\\\/logo\\\/image\\\/\"},\"sameAs\":[\"https:\\\/\\\/x.com\\\/UnaYMilLetras\",\"https:\\\/\\\/instagram.com\\\/UnaYMilLetras\"]},{\"@type\":\"Person\",\"@id\":\"http:\\\/\\\/unaymilletras.com\\\/#\\\/schema\\\/person\\\/0860dc8a218329991ee2c7591f4f849d\",\"name\":\"Redacci\u00f3n\",\"image\":{\"@type\":\"ImageObject\",\"inLanguage\":\"en-GB\",\"@id\":\"https:\\\/\\\/secure.gravatar.com\\\/avatar\\\/d8f55e05a8b6597e45c55a1dcbdbfe44f4a360d88b48e00de5216a79b7732796?s=96&d=mm&r=g\",\"url\":\"https:\\\/\\\/secure.gravatar.com\\\/avatar\\\/d8f55e05a8b6597e45c55a1dcbdbfe44f4a360d88b48e00de5216a79b7732796?s=96&d=mm&r=g\",\"contentUrl\":\"https:\\\/\\\/secure.gravatar.com\\\/avatar\\\/d8f55e05a8b6597e45c55a1dcbdbfe44f4a360d88b48e00de5216a79b7732796?s=96&d=mm&r=g\",\"caption\":\"Redacci\u00f3n\"},\"url\":\"https:\\\/\\\/unaymilletras.com\\\/en\\\/author\\\/redaccion\\\/\"}]}<\/script>\n<!-- \/ Yoast SEO plugin. -->","yoast_head_json":{"title":"Noan y Alex Wall Presentan \"ME MATA(S) 2.0\" &#8902; Una y Mil Letras","description":"Para celebrar el segundo aniversario de \"ME MATA(S)\", Noan y Alex Wall lanzan una versi\u00f3n m\u00e1s oscura y envolvente","robots":{"index":"index","follow":"follow","max-snippet":"max-snippet:-1","max-image-preview":"max-image-preview:large","max-video-preview":"max-video-preview:-1"},"canonical":"https:\/\/unaymilletras.com\/en\/noan-y-alex-wall-presentan-me-matas-2-0\/","og_locale":"en_GB","og_type":"article","og_title":"Noan y Alex Wall Presentan \"ME MATA(S) 2.0\" &#8902; Una y Mil Letras","og_description":"Para celebrar el segundo aniversario de \"ME MATA(S)\", Noan y Alex Wall lanzan una versi\u00f3n m\u00e1s oscura y envolvente","og_url":"https:\/\/unaymilletras.com\/en\/noan-y-alex-wall-presentan-me-matas-2-0\/","og_site_name":"Una y Mil Letras","article_published_time":"2024-07-24T05:40:47+00:00","article_modified_time":"2024-08-21T16:10:18+00:00","og_image":[{"width":600,"height":600,"url":"http:\/\/unaymilletras.com\/wp-content\/uploads\/2024\/07\/80147fe6-9513-0d47-a0ea-59b9e096-scaled-e1721799519350.jpg","type":"image\/jpeg"}],"author":"Redacci\u00f3n","twitter_card":"summary_large_image","twitter_creator":"@UnaYMilLetras","twitter_site":"@UnaYMilLetras","twitter_misc":{"Written by":"Redacci\u00f3n","Estimated reading time":"2 minutes"},"schema":{"@context":"https:\/\/schema.org","@graph":[{"@type":"Article","@id":"https:\/\/unaymilletras.com\/noan-y-alex-wall-presentan-me-matas-2-0\/#article","isPartOf":{"@id":"https:\/\/unaymilletras.com\/noan-y-alex-wall-presentan-me-matas-2-0\/"},"author":{"name":"Redacci\u00f3n","@id":"http:\/\/unaymilletras.com\/#\/schema\/person\/0860dc8a218329991ee2c7591f4f849d"},"headline":"Noan y Alex Wall Presentan \u00abME MATA(S) 2.0\u00bb","datePublished":"2024-07-24T05:40:47+00:00","dateModified":"2024-08-21T16:10:18+00:00","mainEntityOfPage":{"@id":"https:\/\/unaymilletras.com\/noan-y-alex-wall-presentan-me-matas-2-0\/"},"wordCount":290,"commentCount":0,"publisher":{"@id":"http:\/\/unaymilletras.com\/#organization"},"image":{"@id":"https:\/\/unaymilletras.com\/noan-y-alex-wall-presentan-me-matas-2-0\/#primaryimage"},"thumbnailUrl":"https:\/\/unaymilletras.com\/wp-content\/uploads\/2024\/07\/80147fe6-9513-0d47-a0ea-59b9e096-scaled-e1721799519350.jpg","articleSection":["M\u00fasica"],"inLanguage":"en-GB","potentialAction":[{"@type":"CommentAction","name":"Comment","target":["https:\/\/unaymilletras.com\/noan-y-alex-wall-presentan-me-matas-2-0\/#respond"]}]},{"@type":"WebPage","@id":"https:\/\/unaymilletras.com\/noan-y-alex-wall-presentan-me-matas-2-0\/","url":"https:\/\/unaymilletras.com\/noan-y-alex-wall-presentan-me-matas-2-0\/","name":"Noan y Alex Wall Presentan \"ME MATA(S) 2.0\" &#8902; Una y Mil Letras","isPartOf":{"@id":"http:\/\/unaymilletras.com\/#website"},"primaryImageOfPage":{"@id":"https:\/\/unaymilletras.com\/noan-y-alex-wall-presentan-me-matas-2-0\/#primaryimage"},"image":{"@id":"https:\/\/unaymilletras.com\/noan-y-alex-wall-presentan-me-matas-2-0\/#primaryimage"},"thumbnailUrl":"https:\/\/unaymilletras.com\/wp-content\/uploads\/2024\/07\/80147fe6-9513-0d47-a0ea-59b9e096-scaled-e1721799519350.jpg","datePublished":"2024-07-24T05:40:47+00:00","dateModified":"2024-08-21T16:10:18+00:00","description":"Para celebrar el segundo aniversario de \"ME MATA(S)\", Noan y Alex Wall lanzan una versi\u00f3n m\u00e1s oscura y envolvente","breadcrumb":{"@id":"https:\/\/unaymilletras.com\/noan-y-alex-wall-presentan-me-matas-2-0\/#breadcrumb"},"inLanguage":"en-GB","potentialAction":[{"@type":"ReadAction","target":["https:\/\/unaymilletras.com\/noan-y-alex-wall-presentan-me-matas-2-0\/"]}]},{"@type":"ImageObject","inLanguage":"en-GB","@id":"https:\/\/unaymilletras.com\/noan-y-alex-wall-presentan-me-matas-2-0\/#primaryimage","url":"https:\/\/unaymilletras.com\/wp-content\/uploads\/2024\/07\/80147fe6-9513-0d47-a0ea-59b9e096-scaled-e1721799519350.jpg","contentUrl":"https:\/\/unaymilletras.com\/wp-content\/uploads\/2024\/07\/80147fe6-9513-0d47-a0ea-59b9e096-scaled-e1721799519350.jpg","width":600,"height":600},{"@type":"BreadcrumbList","@id":"https:\/\/unaymilletras.com\/noan-y-alex-wall-presentan-me-matas-2-0\/#breadcrumb","itemListElement":[{"@type":"ListItem","position":1,"name":"Home","item":"http:\/\/unaymilletras.com\/"},{"@type":"ListItem","position":2,"name":"Noan y Alex Wall Presentan \u00abME MATA(S) 2.0\u00bb"}]},{"@type":"WebSite","@id":"http:\/\/unaymilletras.com\/#website","url":"http:\/\/unaymilletras.com\/","name":"Una y Mil Letras","description":"","publisher":{"@id":"http:\/\/unaymilletras.com\/#organization"},"potentialAction":[{"@type":"SearchAction","target":{"@type":"EntryPoint","urlTemplate":"http:\/\/unaymilletras.com\/?s={search_term_string}"},"query-input":{"@type":"PropertyValueSpecification","valueRequired":true,"valueName":"search_term_string"}}],"inLanguage":"en-GB"},{"@type":"Organization","@id":"http:\/\/unaymilletras.com\/#organization","name":"Una y Mil Letras","url":"http:\/\/unaymilletras.com\/","logo":{"@type":"ImageObject","inLanguage":"en-GB","@id":"http:\/\/unaymilletras.com\/#\/schema\/logo\/image\/","url":"https:\/\/unaymilletras.com\/wp-content\/uploads\/2024\/06\/cropped-Logo-removebg-preview.png","contentUrl":"https:\/\/unaymilletras.com\/wp-content\/uploads\/2024\/06\/cropped-Logo-removebg-preview.png","width":512,"height":512,"caption":"Una y Mil Letras"},"image":{"@id":"http:\/\/unaymilletras.com\/#\/schema\/logo\/image\/"},"sameAs":["https:\/\/x.com\/UnaYMilLetras","https:\/\/instagram.com\/UnaYMilLetras"]},{"@type":"Person","@id":"http:\/\/unaymilletras.com\/#\/schema\/person\/0860dc8a218329991ee2c7591f4f849d","name":"Redacci\u00f3n","image":{"@type":"ImageObject","inLanguage":"en-GB","@id":"https:\/\/secure.gravatar.com\/avatar\/d8f55e05a8b6597e45c55a1dcbdbfe44f4a360d88b48e00de5216a79b7732796?s=96&d=mm&r=g","url":"https:\/\/secure.gravatar.com\/avatar\/d8f55e05a8b6597e45c55a1dcbdbfe44f4a360d88b48e00de5216a79b7732796?s=96&d=mm&r=g","contentUrl":"https:\/\/secure.gravatar.com\/avatar\/d8f55e05a8b6597e45c55a1dcbdbfe44f4a360d88b48e00de5216a79b7732796?s=96&d=mm&r=g","caption":"Redacci\u00f3n"},"url":"https:\/\/unaymilletras.com\/en\/author\/redaccion\/"}]}},"_links":{"self":[{"href":"https:\/\/unaymilletras.com\/en\/wp-json\/wp\/v2\/posts\/2921","targetHints":{"allow":["GET"]}}],"collection":[{"href":"https:\/\/unaymilletras.com\/en\/wp-json\/wp\/v2\/posts"}],"about":[{"href":"https:\/\/unaymilletras.com\/en\/wp-json\/wp\/v2\/types\/post"}],"author":[{"embeddable":true,"href":"https:\/\/unaymilletras.com\/en\/wp-json\/wp\/v2\/users\/6"}],"replies":[{"embeddable":true,"href":"https:\/\/unaymilletras.com\/en\/wp-json\/wp\/v2\/comments?post=2921"}],"version-history":[{"count":5,"href":"https:\/\/unaymilletras.com\/en\/wp-json\/wp\/v2\/posts\/2921\/revisions"}],"predecessor-version":[{"id":2927,"href":"https:\/\/unaymilletras.com\/en\/wp-json\/wp\/v2\/posts\/2921\/revisions\/2927"}],"wp:featuredmedia":[{"embeddable":true,"href":"https:\/\/unaymilletras.com\/en\/wp-json\/wp\/v2\/media\/2924"}],"wp:attachment":[{"href":"https:\/\/unaymilletras.com\/en\/wp-json\/wp\/v2\/media?parent=2921"}],"wp:term":[{"taxonomy":"category","embeddable":true,"href":"https:\/\/unaymilletras.com\/en\/wp-json\/wp\/v2\/categories?post=2921"},{"taxonomy":"post_tag","embeddable":true,"href":"https:\/\/unaymilletras.com\/en\/wp-json\/wp\/v2\/tags?post=2921"}],"curies":[{"name":"wp","href":"https:\/\/api.w.org\/{rel}","templated":true}]}}