{"id":2928,"date":"2024-07-24T12:00:00","date_gmt":"2024-07-24T10:00:00","guid":{"rendered":"https:\/\/unaymilletras.com\/?p=2928"},"modified":"2024-08-21T18:10:12","modified_gmt":"2024-08-21T16:10:12","slug":"ashe-el-trap-latino-de-la-pantera-como-tercer-adelanto-del-album","status":"publish","type":"post","link":"https:\/\/unaymilletras.com\/en\/ashe-el-trap-latino-de-la-pantera-como-tercer-adelanto-del-album\/","title":{"rendered":"Ash\u00e9: El trap latino de La Pantera como tercer adelanto del \u00e1lbum"},"content":{"rendered":"<div data-elementor-type=\"wp-post\" data-elementor-id=\"2928\" class=\"elementor elementor-2928\">\n\t\t\t\t\t\t<section class=\"elementor-section elementor-top-section elementor-element elementor-element-5951175 elementor-section-boxed elementor-section-height-default elementor-section-height-default\" data-id=\"5951175\" data-element_type=\"section\" data-e-type=\"section\">\n\t\t\t\t\t\t<div class=\"elementor-container elementor-column-gap-default\">\n\t\t\t\t\t<div class=\"elementor-column elementor-col-100 elementor-top-column elementor-element elementor-element-dec49de\" data-id=\"dec49de\" data-element_type=\"column\" data-e-type=\"column\">\n\t\t\t<div class=\"elementor-widget-wrap elementor-element-populated\">\n\t\t\t\t\t\t<div class=\"elementor-element elementor-element-dd580bb elementor-widget elementor-widget-text-editor\" data-id=\"dd580bb\" data-element_type=\"widget\" data-e-type=\"widget\" data-widget_type=\"text-editor.default\">\n\t\t\t\t<div class=\"elementor-widget-container\">\n\t\t\t\t\t\t\t\t\t<h2 style=\"text-align: center;\"><span style=\"color: #808080;\"><em>La Pantera lanza \u00abAsh\u00e9\u00bb, un single espiritual y vibrante antes del esperado \u00e1lbum que ver\u00e1 la luz en septiembre<\/em><\/span><\/h2>\t\t\t\t\t\t\t\t<\/div>\n\t\t\t\t<\/div>\n\t\t\t\t\t<\/div>\n\t\t<\/div>\n\t\t\t\t\t<\/div>\n\t\t<\/section>\n\t\t\t\t<section class=\"elementor-section elementor-top-section elementor-element elementor-element-405f4bd elementor-section-boxed elementor-section-height-default elementor-section-height-default\" data-id=\"405f4bd\" data-element_type=\"section\" data-e-type=\"section\">\n\t\t\t\t\t\t<div class=\"elementor-container elementor-column-gap-default\">\n\t\t\t\t\t<div class=\"elementor-column elementor-col-100 elementor-top-column elementor-element elementor-element-c346646\" data-id=\"c346646\" data-element_type=\"column\" data-e-type=\"column\">\n\t\t\t<div class=\"elementor-widget-wrap elementor-element-populated\">\n\t\t\t\t\t\t<div class=\"elementor-element elementor-element-910f844 elementor-widget elementor-widget-text-editor\" data-id=\"910f844\" data-element_type=\"widget\" data-e-type=\"widget\" data-widget_type=\"text-editor.default\">\n\t\t\t\t<div class=\"elementor-widget-container\">\n\t\t\t\t\t\t\t\t\t<p>El artista canario <strong>La Pantera<\/strong> ha lanzado <span style=\"color: #808080;\"><a style=\"color: #808080;\" href=\"https:\/\/www.youtube.com\/watch?v=SBTbOc3oOew\"><strong><em>Ash\u00e9<\/em><\/strong><\/a><\/span>, su tercer single adelanto, preparando el terreno para su esperado <span style=\"color: #808080;\"><a style=\"color: #808080;\" href=\"https:\/\/unaymilletras.com\/en\/joe-jonas-lanza-work-it-out-y-anuncia-su-proximo-album\/\">\u00e1lbum<\/a><\/span> que se estrenar\u00e1 a la vuelta del verano. Este nuevo tema, cuyo t\u00edtulo significa \u00abtodo lo bueno\u00bb o \u00abluz para ti\u00bb, busca transmitir un mensaje positivo y espiritual, reafirmando que nadie puede quitarle la luz que irradia.<\/p><p>Producido por Bdp Music y Pana YMB, <em>Ash\u00e9<\/em>\u00a0destaca por su beat envolvente y un coro celestial que acompa\u00f1an una melod\u00eda con una atm\u00f3sfera de suspense. Este trap latino no solo refleja la esencia de La Pantera, sino que tambi\u00e9n consolida su posici\u00f3n en la industria musical.<\/p><p>La direcci\u00f3n creativa y audiovisual del single estuvo a cargo de Zazo Canvas, quien ha trabajado en los anteriores lanzamientos del artista. Con <em>Ash\u00e9<\/em>, La Pantera se acerca al lanzamiento de su \u00e1lbum, que promete ser uno de los m\u00e1s esperados del a\u00f1o y saldr\u00e1 en septiembre.<\/p>\t\t\t\t\t\t\t\t<\/div>\n\t\t\t\t<\/div>\n\t\t\t\t\t<\/div>\n\t\t<\/div>\n\t\t\t\t\t<\/div>\n\t\t<\/section>\n\t\t\t\t<section class=\"elementor-section elementor-top-section elementor-element elementor-element-103b800 elementor-section-boxed elementor-section-height-default elementor-section-height-default\" data-id=\"103b800\" data-element_type=\"section\" data-e-type=\"section\">\n\t\t\t\t\t\t<div class=\"elementor-container elementor-column-gap-default\">\n\t\t\t\t\t<div class=\"elementor-column elementor-col-100 elementor-top-column elementor-element elementor-element-960001c\" data-id=\"960001c\" data-element_type=\"column\" data-e-type=\"column\">\n\t\t\t<div class=\"elementor-widget-wrap elementor-element-populated\">\n\t\t\t\t\t\t<div class=\"elementor-element elementor-element-92fec0d elementor-widget elementor-widget-image\" data-id=\"92fec0d\" data-element_type=\"widget\" data-e-type=\"widget\" data-widget_type=\"image.default\">\n\t\t\t\t<div class=\"elementor-widget-container\">\n\t\t\t\t\t\t\t\t\t\t\t\t\t\t\t<img fetchpriority=\"high\" decoding=\"async\" width=\"640\" height=\"325\" src=\"https:\/\/unaymilletras.com\/wp-content\/uploads\/2024\/07\/image-1024x520.jpg\" class=\"attachment-large size-large wp-image-2930\" alt=\"La pantera\" srcset=\"https:\/\/unaymilletras.com\/wp-content\/uploads\/2024\/07\/image-1024x520.jpg 1024w, https:\/\/unaymilletras.com\/wp-content\/uploads\/2024\/07\/image-300x152.jpg 300w, https:\/\/unaymilletras.com\/wp-content\/uploads\/2024\/07\/image-768x390.jpg 768w, https:\/\/unaymilletras.com\/wp-content\/uploads\/2024\/07\/image-1536x780.jpg 1536w, https:\/\/unaymilletras.com\/wp-content\/uploads\/2024\/07\/image-2048x1040.jpg 2048w, https:\/\/unaymilletras.com\/wp-content\/uploads\/2024\/07\/image-scaled-e1721800599329.jpg 600w\" sizes=\"(max-width: 640px) 100vw, 640px\" \/>\t\t\t\t\t\t\t\t\t\t\t\t\t\t\t<\/div>\n\t\t\t\t<\/div>\n\t\t\t\t\t<\/div>\n\t\t<\/div>\n\t\t\t\t\t<\/div>\n\t\t<\/section>\n\t\t\t\t<\/div>","protected":false},"excerpt":{"rendered":"<p>La Pantera lanza \u00abAsh\u00e9\u00bb, un single espiritual y vibrante antes del esperado \u00e1lbum que ver\u00e1 la luz en septiembre El artista canario La Pantera ha lanzado Ash\u00e9, su tercer single adelanto, preparando el terreno para su esperado \u00e1lbum que se estrenar\u00e1 a la vuelta del verano. Este nuevo tema, cuyo t\u00edtulo significa \u00abtodo lo bueno\u00bb [&hellip;]<\/p>\n","protected":false},"author":6,"featured_media":2930,"comment_status":"open","ping_status":"open","sticky":false,"template":"","format":"standard","meta":{"footnotes":""},"categories":[4],"tags":[],"class_list":["post-2928","post","type-post","status-publish","format-standard","has-post-thumbnail","hentry","category-musica"],"yoast_head":"<!-- This site is optimized with the Yoast SEO plugin v27.4 - https:\/\/yoast.com\/product\/yoast-seo-wordpress\/ -->\n<title>Ash\u00e9: El trap latino de La Pantera como tercer adelanto del \u00e1lbum<\/title>\n<meta name=\"description\" content=\"La Pantera lanza &quot;Ash\u00e9&quot;, un single espiritual y vibrante antes del esperado \u00e1lbum que ver\u00e1 la luz en septiembre\" \/>\n<meta name=\"robots\" content=\"index, follow, max-snippet:-1, max-image-preview:large, max-video-preview:-1\" \/>\n<link rel=\"canonical\" href=\"https:\/\/unaymilletras.com\/en\/ashe-el-trap-latino-de-la-pantera-como-tercer-adelanto-del-album\/\" \/>\n<meta property=\"og:locale\" content=\"en_GB\" \/>\n<meta property=\"og:type\" content=\"article\" \/>\n<meta property=\"og:title\" content=\"Ash\u00e9: El trap latino de La Pantera como tercer adelanto del \u00e1lbum\" \/>\n<meta property=\"og:description\" content=\"La Pantera lanza &quot;Ash\u00e9&quot;, un single espiritual y vibrante antes del esperado \u00e1lbum que ver\u00e1 la luz en septiembre\" \/>\n<meta property=\"og:url\" content=\"https:\/\/unaymilletras.com\/en\/ashe-el-trap-latino-de-la-pantera-como-tercer-adelanto-del-album\/\" \/>\n<meta property=\"og:site_name\" content=\"Una y Mil Letras\" \/>\n<meta property=\"article:published_time\" content=\"2024-07-24T10:00:00+00:00\" \/>\n<meta property=\"article:modified_time\" content=\"2024-08-21T16:10:12+00:00\" \/>\n<meta property=\"og:image\" content=\"http:\/\/unaymilletras.com\/wp-content\/uploads\/2024\/07\/image-scaled-e1721800599329.jpg\" \/>\n\t<meta property=\"og:image:width\" content=\"600\" \/>\n\t<meta property=\"og:image:height\" content=\"305\" \/>\n\t<meta property=\"og:image:type\" content=\"image\/jpeg\" \/>\n<meta name=\"author\" content=\"Redacci\u00f3n\" \/>\n<meta name=\"twitter:card\" content=\"summary_large_image\" \/>\n<meta name=\"twitter:creator\" content=\"@UnaYMilLetras\" \/>\n<meta name=\"twitter:site\" content=\"@UnaYMilLetras\" \/>\n<meta name=\"twitter:label1\" content=\"Written by\" \/>\n\t<meta name=\"twitter:data1\" content=\"Redacci\u00f3n\" \/>\n\t<meta name=\"twitter:label2\" content=\"Estimated reading time\" \/>\n\t<meta name=\"twitter:data2\" content=\"2 minutes\" \/>\n<script type=\"application\/ld+json\" class=\"yoast-schema-graph\">{\"@context\":\"https:\\\/\\\/schema.org\",\"@graph\":[{\"@type\":\"Article\",\"@id\":\"https:\\\/\\\/unaymilletras.com\\\/ashe-el-trap-latino-de-la-pantera-como-tercer-adelanto-del-album\\\/#article\",\"isPartOf\":{\"@id\":\"https:\\\/\\\/unaymilletras.com\\\/ashe-el-trap-latino-de-la-pantera-como-tercer-adelanto-del-album\\\/\"},\"author\":{\"name\":\"Redacci\u00f3n\",\"@id\":\"http:\\\/\\\/unaymilletras.com\\\/#\\\/schema\\\/person\\\/0860dc8a218329991ee2c7591f4f849d\"},\"headline\":\"Ash\u00e9: El trap latino de La Pantera como tercer adelanto del \u00e1lbum\",\"datePublished\":\"2024-07-24T10:00:00+00:00\",\"dateModified\":\"2024-08-21T16:10:12+00:00\",\"mainEntityOfPage\":{\"@id\":\"https:\\\/\\\/unaymilletras.com\\\/ashe-el-trap-latino-de-la-pantera-como-tercer-adelanto-del-album\\\/\"},\"wordCount\":190,\"commentCount\":0,\"publisher\":{\"@id\":\"http:\\\/\\\/unaymilletras.com\\\/#organization\"},\"image\":{\"@id\":\"https:\\\/\\\/unaymilletras.com\\\/ashe-el-trap-latino-de-la-pantera-como-tercer-adelanto-del-album\\\/#primaryimage\"},\"thumbnailUrl\":\"https:\\\/\\\/unaymilletras.com\\\/wp-content\\\/uploads\\\/2024\\\/07\\\/image-scaled-e1721800599329.jpg\",\"articleSection\":[\"M\u00fasica\"],\"inLanguage\":\"en-GB\",\"potentialAction\":[{\"@type\":\"CommentAction\",\"name\":\"Comment\",\"target\":[\"https:\\\/\\\/unaymilletras.com\\\/ashe-el-trap-latino-de-la-pantera-como-tercer-adelanto-del-album\\\/#respond\"]}]},{\"@type\":\"WebPage\",\"@id\":\"https:\\\/\\\/unaymilletras.com\\\/ashe-el-trap-latino-de-la-pantera-como-tercer-adelanto-del-album\\\/\",\"url\":\"https:\\\/\\\/unaymilletras.com\\\/ashe-el-trap-latino-de-la-pantera-como-tercer-adelanto-del-album\\\/\",\"name\":\"Ash\u00e9: El trap latino de La Pantera como tercer adelanto del \u00e1lbum\",\"isPartOf\":{\"@id\":\"http:\\\/\\\/unaymilletras.com\\\/#website\"},\"primaryImageOfPage\":{\"@id\":\"https:\\\/\\\/unaymilletras.com\\\/ashe-el-trap-latino-de-la-pantera-como-tercer-adelanto-del-album\\\/#primaryimage\"},\"image\":{\"@id\":\"https:\\\/\\\/unaymilletras.com\\\/ashe-el-trap-latino-de-la-pantera-como-tercer-adelanto-del-album\\\/#primaryimage\"},\"thumbnailUrl\":\"https:\\\/\\\/unaymilletras.com\\\/wp-content\\\/uploads\\\/2024\\\/07\\\/image-scaled-e1721800599329.jpg\",\"datePublished\":\"2024-07-24T10:00:00+00:00\",\"dateModified\":\"2024-08-21T16:10:12+00:00\",\"description\":\"La Pantera lanza \\\"Ash\u00e9\\\", un single espiritual y vibrante antes del esperado \u00e1lbum que ver\u00e1 la luz en septiembre\",\"breadcrumb\":{\"@id\":\"https:\\\/\\\/unaymilletras.com\\\/ashe-el-trap-latino-de-la-pantera-como-tercer-adelanto-del-album\\\/#breadcrumb\"},\"inLanguage\":\"en-GB\",\"potentialAction\":[{\"@type\":\"ReadAction\",\"target\":[\"https:\\\/\\\/unaymilletras.com\\\/ashe-el-trap-latino-de-la-pantera-como-tercer-adelanto-del-album\\\/\"]}]},{\"@type\":\"ImageObject\",\"inLanguage\":\"en-GB\",\"@id\":\"https:\\\/\\\/unaymilletras.com\\\/ashe-el-trap-latino-de-la-pantera-como-tercer-adelanto-del-album\\\/#primaryimage\",\"url\":\"https:\\\/\\\/unaymilletras.com\\\/wp-content\\\/uploads\\\/2024\\\/07\\\/image-scaled-e1721800599329.jpg\",\"contentUrl\":\"https:\\\/\\\/unaymilletras.com\\\/wp-content\\\/uploads\\\/2024\\\/07\\\/image-scaled-e1721800599329.jpg\",\"width\":600,\"height\":305,\"caption\":\"La pantera\"},{\"@type\":\"BreadcrumbList\",\"@id\":\"https:\\\/\\\/unaymilletras.com\\\/ashe-el-trap-latino-de-la-pantera-como-tercer-adelanto-del-album\\\/#breadcrumb\",\"itemListElement\":[{\"@type\":\"ListItem\",\"position\":1,\"name\":\"Home\",\"item\":\"http:\\\/\\\/unaymilletras.com\\\/\"},{\"@type\":\"ListItem\",\"position\":2,\"name\":\"Ash\u00e9: El trap latino de La Pantera como tercer adelanto del \u00e1lbum\"}]},{\"@type\":\"WebSite\",\"@id\":\"http:\\\/\\\/unaymilletras.com\\\/#website\",\"url\":\"http:\\\/\\\/unaymilletras.com\\\/\",\"name\":\"Una y Mil Letras\",\"description\":\"\",\"publisher\":{\"@id\":\"http:\\\/\\\/unaymilletras.com\\\/#organization\"},\"potentialAction\":[{\"@type\":\"SearchAction\",\"target\":{\"@type\":\"EntryPoint\",\"urlTemplate\":\"http:\\\/\\\/unaymilletras.com\\\/?s={search_term_string}\"},\"query-input\":{\"@type\":\"PropertyValueSpecification\",\"valueRequired\":true,\"valueName\":\"search_term_string\"}}],\"inLanguage\":\"en-GB\"},{\"@type\":\"Organization\",\"@id\":\"http:\\\/\\\/unaymilletras.com\\\/#organization\",\"name\":\"Una y Mil Letras\",\"url\":\"http:\\\/\\\/unaymilletras.com\\\/\",\"logo\":{\"@type\":\"ImageObject\",\"inLanguage\":\"en-GB\",\"@id\":\"http:\\\/\\\/unaymilletras.com\\\/#\\\/schema\\\/logo\\\/image\\\/\",\"url\":\"https:\\\/\\\/unaymilletras.com\\\/wp-content\\\/uploads\\\/2024\\\/06\\\/cropped-Logo-removebg-preview.png\",\"contentUrl\":\"https:\\\/\\\/unaymilletras.com\\\/wp-content\\\/uploads\\\/2024\\\/06\\\/cropped-Logo-removebg-preview.png\",\"width\":512,\"height\":512,\"caption\":\"Una y Mil Letras\"},\"image\":{\"@id\":\"http:\\\/\\\/unaymilletras.com\\\/#\\\/schema\\\/logo\\\/image\\\/\"},\"sameAs\":[\"https:\\\/\\\/x.com\\\/UnaYMilLetras\",\"https:\\\/\\\/instagram.com\\\/UnaYMilLetras\"]},{\"@type\":\"Person\",\"@id\":\"http:\\\/\\\/unaymilletras.com\\\/#\\\/schema\\\/person\\\/0860dc8a218329991ee2c7591f4f849d\",\"name\":\"Redacci\u00f3n\",\"image\":{\"@type\":\"ImageObject\",\"inLanguage\":\"en-GB\",\"@id\":\"https:\\\/\\\/secure.gravatar.com\\\/avatar\\\/d8f55e05a8b6597e45c55a1dcbdbfe44f4a360d88b48e00de5216a79b7732796?s=96&d=mm&r=g\",\"url\":\"https:\\\/\\\/secure.gravatar.com\\\/avatar\\\/d8f55e05a8b6597e45c55a1dcbdbfe44f4a360d88b48e00de5216a79b7732796?s=96&d=mm&r=g\",\"contentUrl\":\"https:\\\/\\\/secure.gravatar.com\\\/avatar\\\/d8f55e05a8b6597e45c55a1dcbdbfe44f4a360d88b48e00de5216a79b7732796?s=96&d=mm&r=g\",\"caption\":\"Redacci\u00f3n\"},\"url\":\"https:\\\/\\\/unaymilletras.com\\\/en\\\/author\\\/redaccion\\\/\"}]}<\/script>\n<!-- \/ Yoast SEO plugin. -->","yoast_head_json":{"title":"Ash\u00e9: El trap latino de La Pantera como tercer adelanto del \u00e1lbum","description":"La Pantera lanza \"Ash\u00e9\", un single espiritual y vibrante antes del esperado \u00e1lbum que ver\u00e1 la luz en septiembre","robots":{"index":"index","follow":"follow","max-snippet":"max-snippet:-1","max-image-preview":"max-image-preview:large","max-video-preview":"max-video-preview:-1"},"canonical":"https:\/\/unaymilletras.com\/en\/ashe-el-trap-latino-de-la-pantera-como-tercer-adelanto-del-album\/","og_locale":"en_GB","og_type":"article","og_title":"Ash\u00e9: El trap latino de La Pantera como tercer adelanto del \u00e1lbum","og_description":"La Pantera lanza \"Ash\u00e9\", un single espiritual y vibrante antes del esperado \u00e1lbum que ver\u00e1 la luz en septiembre","og_url":"https:\/\/unaymilletras.com\/en\/ashe-el-trap-latino-de-la-pantera-como-tercer-adelanto-del-album\/","og_site_name":"Una y Mil Letras","article_published_time":"2024-07-24T10:00:00+00:00","article_modified_time":"2024-08-21T16:10:12+00:00","og_image":[{"width":600,"height":305,"url":"http:\/\/unaymilletras.com\/wp-content\/uploads\/2024\/07\/image-scaled-e1721800599329.jpg","type":"image\/jpeg"}],"author":"Redacci\u00f3n","twitter_card":"summary_large_image","twitter_creator":"@UnaYMilLetras","twitter_site":"@UnaYMilLetras","twitter_misc":{"Written by":"Redacci\u00f3n","Estimated reading time":"2 minutes"},"schema":{"@context":"https:\/\/schema.org","@graph":[{"@type":"Article","@id":"https:\/\/unaymilletras.com\/ashe-el-trap-latino-de-la-pantera-como-tercer-adelanto-del-album\/#article","isPartOf":{"@id":"https:\/\/unaymilletras.com\/ashe-el-trap-latino-de-la-pantera-como-tercer-adelanto-del-album\/"},"author":{"name":"Redacci\u00f3n","@id":"http:\/\/unaymilletras.com\/#\/schema\/person\/0860dc8a218329991ee2c7591f4f849d"},"headline":"Ash\u00e9: El trap latino de La Pantera como tercer adelanto del \u00e1lbum","datePublished":"2024-07-24T10:00:00+00:00","dateModified":"2024-08-21T16:10:12+00:00","mainEntityOfPage":{"@id":"https:\/\/unaymilletras.com\/ashe-el-trap-latino-de-la-pantera-como-tercer-adelanto-del-album\/"},"wordCount":190,"commentCount":0,"publisher":{"@id":"http:\/\/unaymilletras.com\/#organization"},"image":{"@id":"https:\/\/unaymilletras.com\/ashe-el-trap-latino-de-la-pantera-como-tercer-adelanto-del-album\/#primaryimage"},"thumbnailUrl":"https:\/\/unaymilletras.com\/wp-content\/uploads\/2024\/07\/image-scaled-e1721800599329.jpg","articleSection":["M\u00fasica"],"inLanguage":"en-GB","potentialAction":[{"@type":"CommentAction","name":"Comment","target":["https:\/\/unaymilletras.com\/ashe-el-trap-latino-de-la-pantera-como-tercer-adelanto-del-album\/#respond"]}]},{"@type":"WebPage","@id":"https:\/\/unaymilletras.com\/ashe-el-trap-latino-de-la-pantera-como-tercer-adelanto-del-album\/","url":"https:\/\/unaymilletras.com\/ashe-el-trap-latino-de-la-pantera-como-tercer-adelanto-del-album\/","name":"Ash\u00e9: El trap latino de La Pantera como tercer adelanto del \u00e1lbum","isPartOf":{"@id":"http:\/\/unaymilletras.com\/#website"},"primaryImageOfPage":{"@id":"https:\/\/unaymilletras.com\/ashe-el-trap-latino-de-la-pantera-como-tercer-adelanto-del-album\/#primaryimage"},"image":{"@id":"https:\/\/unaymilletras.com\/ashe-el-trap-latino-de-la-pantera-como-tercer-adelanto-del-album\/#primaryimage"},"thumbnailUrl":"https:\/\/unaymilletras.com\/wp-content\/uploads\/2024\/07\/image-scaled-e1721800599329.jpg","datePublished":"2024-07-24T10:00:00+00:00","dateModified":"2024-08-21T16:10:12+00:00","description":"La Pantera lanza \"Ash\u00e9\", un single espiritual y vibrante antes del esperado \u00e1lbum que ver\u00e1 la luz en septiembre","breadcrumb":{"@id":"https:\/\/unaymilletras.com\/ashe-el-trap-latino-de-la-pantera-como-tercer-adelanto-del-album\/#breadcrumb"},"inLanguage":"en-GB","potentialAction":[{"@type":"ReadAction","target":["https:\/\/unaymilletras.com\/ashe-el-trap-latino-de-la-pantera-como-tercer-adelanto-del-album\/"]}]},{"@type":"ImageObject","inLanguage":"en-GB","@id":"https:\/\/unaymilletras.com\/ashe-el-trap-latino-de-la-pantera-como-tercer-adelanto-del-album\/#primaryimage","url":"https:\/\/unaymilletras.com\/wp-content\/uploads\/2024\/07\/image-scaled-e1721800599329.jpg","contentUrl":"https:\/\/unaymilletras.com\/wp-content\/uploads\/2024\/07\/image-scaled-e1721800599329.jpg","width":600,"height":305,"caption":"La pantera"},{"@type":"BreadcrumbList","@id":"https:\/\/unaymilletras.com\/ashe-el-trap-latino-de-la-pantera-como-tercer-adelanto-del-album\/#breadcrumb","itemListElement":[{"@type":"ListItem","position":1,"name":"Home","item":"http:\/\/unaymilletras.com\/"},{"@type":"ListItem","position":2,"name":"Ash\u00e9: El trap latino de La Pantera como tercer adelanto del \u00e1lbum"}]},{"@type":"WebSite","@id":"http:\/\/unaymilletras.com\/#website","url":"http:\/\/unaymilletras.com\/","name":"Una y Mil Letras","description":"","publisher":{"@id":"http:\/\/unaymilletras.com\/#organization"},"potentialAction":[{"@type":"SearchAction","target":{"@type":"EntryPoint","urlTemplate":"http:\/\/unaymilletras.com\/?s={search_term_string}"},"query-input":{"@type":"PropertyValueSpecification","valueRequired":true,"valueName":"search_term_string"}}],"inLanguage":"en-GB"},{"@type":"Organization","@id":"http:\/\/unaymilletras.com\/#organization","name":"Una y Mil Letras","url":"http:\/\/unaymilletras.com\/","logo":{"@type":"ImageObject","inLanguage":"en-GB","@id":"http:\/\/unaymilletras.com\/#\/schema\/logo\/image\/","url":"https:\/\/unaymilletras.com\/wp-content\/uploads\/2024\/06\/cropped-Logo-removebg-preview.png","contentUrl":"https:\/\/unaymilletras.com\/wp-content\/uploads\/2024\/06\/cropped-Logo-removebg-preview.png","width":512,"height":512,"caption":"Una y Mil Letras"},"image":{"@id":"http:\/\/unaymilletras.com\/#\/schema\/logo\/image\/"},"sameAs":["https:\/\/x.com\/UnaYMilLetras","https:\/\/instagram.com\/UnaYMilLetras"]},{"@type":"Person","@id":"http:\/\/unaymilletras.com\/#\/schema\/person\/0860dc8a218329991ee2c7591f4f849d","name":"Redacci\u00f3n","image":{"@type":"ImageObject","inLanguage":"en-GB","@id":"https:\/\/secure.gravatar.com\/avatar\/d8f55e05a8b6597e45c55a1dcbdbfe44f4a360d88b48e00de5216a79b7732796?s=96&d=mm&r=g","url":"https:\/\/secure.gravatar.com\/avatar\/d8f55e05a8b6597e45c55a1dcbdbfe44f4a360d88b48e00de5216a79b7732796?s=96&d=mm&r=g","contentUrl":"https:\/\/secure.gravatar.com\/avatar\/d8f55e05a8b6597e45c55a1dcbdbfe44f4a360d88b48e00de5216a79b7732796?s=96&d=mm&r=g","caption":"Redacci\u00f3n"},"url":"https:\/\/unaymilletras.com\/en\/author\/redaccion\/"}]}},"_links":{"self":[{"href":"https:\/\/unaymilletras.com\/en\/wp-json\/wp\/v2\/posts\/2928","targetHints":{"allow":["GET"]}}],"collection":[{"href":"https:\/\/unaymilletras.com\/en\/wp-json\/wp\/v2\/posts"}],"about":[{"href":"https:\/\/unaymilletras.com\/en\/wp-json\/wp\/v2\/types\/post"}],"author":[{"embeddable":true,"href":"https:\/\/unaymilletras.com\/en\/wp-json\/wp\/v2\/users\/6"}],"replies":[{"embeddable":true,"href":"https:\/\/unaymilletras.com\/en\/wp-json\/wp\/v2\/comments?post=2928"}],"version-history":[{"count":4,"href":"https:\/\/unaymilletras.com\/en\/wp-json\/wp\/v2\/posts\/2928\/revisions"}],"predecessor-version":[{"id":2933,"href":"https:\/\/unaymilletras.com\/en\/wp-json\/wp\/v2\/posts\/2928\/revisions\/2933"}],"wp:featuredmedia":[{"embeddable":true,"href":"https:\/\/unaymilletras.com\/en\/wp-json\/wp\/v2\/media\/2930"}],"wp:attachment":[{"href":"https:\/\/unaymilletras.com\/en\/wp-json\/wp\/v2\/media?parent=2928"}],"wp:term":[{"taxonomy":"category","embeddable":true,"href":"https:\/\/unaymilletras.com\/en\/wp-json\/wp\/v2\/categories?post=2928"},{"taxonomy":"post_tag","embeddable":true,"href":"https:\/\/unaymilletras.com\/en\/wp-json\/wp\/v2\/tags?post=2928"}],"curies":[{"name":"wp","href":"https:\/\/api.w.org\/{rel}","templated":true}]}}