{"id":2959,"date":"2024-08-13T12:05:26","date_gmt":"2024-08-13T10:05:26","guid":{"rendered":"https:\/\/unaymilletras.com\/?p=2959"},"modified":"2024-08-21T18:10:03","modified_gmt":"2024-08-21T16:10:03","slug":"nina-pastori-esta-en-la-recta-final-de-su-gira-camino-2024","status":"publish","type":"post","link":"https:\/\/unaymilletras.com\/en\/nina-pastori-esta-en-la-recta-final-de-su-gira-camino-2024\/","title":{"rendered":"Ni\u00f1a Pastori est\u00e1 en la recta final de su gira \u00abCamino 2024\u00bb"},"content":{"rendered":"<div data-elementor-type=\"wp-post\" data-elementor-id=\"2959\" class=\"elementor elementor-2959\">\n\t\t\t\t\t\t<section class=\"elementor-section elementor-top-section elementor-element elementor-element-f127c14 elementor-section-boxed elementor-section-height-default elementor-section-height-default\" data-id=\"f127c14\" data-element_type=\"section\" data-e-type=\"section\">\n\t\t\t\t\t\t<div class=\"elementor-container elementor-column-gap-default\">\n\t\t\t\t\t<div class=\"elementor-column elementor-col-100 elementor-top-column elementor-element elementor-element-7e1a355\" data-id=\"7e1a355\" data-element_type=\"column\" data-e-type=\"column\">\n\t\t\t<div class=\"elementor-widget-wrap elementor-element-populated\">\n\t\t\t\t\t\t<div class=\"elementor-element elementor-element-d35d3a5 elementor-widget elementor-widget-text-editor\" data-id=\"d35d3a5\" data-element_type=\"widget\" data-e-type=\"widget\" data-widget_type=\"text-editor.default\">\n\t\t\t\t<div class=\"elementor-widget-container\">\n\t\t\t\t\t\t\t\t\t<h2 style=\"text-align: center;\"><em><span style=\"color: #808080;\">Para celebrar sus m\u00e1s de 25 a\u00f1os en el flamenco, Ni\u00f1a Pastori est\u00e1 recorriendo Espa\u00f1a, M\u00e9xico y Estados Unidos <\/span><\/em><\/h2>\t\t\t\t\t\t\t\t<\/div>\n\t\t\t\t<\/div>\n\t\t\t\t\t<\/div>\n\t\t<\/div>\n\t\t\t\t\t<\/div>\n\t\t<\/section>\n\t\t\t\t<section class=\"elementor-section elementor-top-section elementor-element elementor-element-9edd0f9 elementor-section-boxed elementor-section-height-default elementor-section-height-default\" data-id=\"9edd0f9\" data-element_type=\"section\" data-e-type=\"section\">\n\t\t\t\t\t\t<div class=\"elementor-container elementor-column-gap-default\">\n\t\t\t\t\t<div class=\"elementor-column elementor-col-100 elementor-top-column elementor-element elementor-element-af2959b\" data-id=\"af2959b\" data-element_type=\"column\" data-e-type=\"column\">\n\t\t\t<div class=\"elementor-widget-wrap elementor-element-populated\">\n\t\t\t\t\t\t<div class=\"elementor-element elementor-element-1c4e042 elementor-widget elementor-widget-text-editor\" data-id=\"1c4e042\" data-element_type=\"widget\" data-e-type=\"widget\" data-widget_type=\"text-editor.default\">\n\t\t\t\t<div class=\"elementor-widget-container\">\n\t\t\t\t\t\t\t\t\t<p><b>Ni\u00f1a Pastori<\/b>, una de las figuras m\u00e1s destacadas del flamenco contempor\u00e1neo, se encuentra en la recta final de su gira \u00abCamino 2024\u00bb. Este evento no solo celebra sus m\u00e1s de 25 a\u00f1os de trayectoria, sino que tambi\u00e9n marca el fin de su carrera musical. Con gran emoci\u00f3n y nostalgia, la artista ha anunciado que este tour ser\u00e1 el \u00faltimo. Se despide as\u00ed de los escenarios en lo m\u00e1s alto.<\/p>\t\t\t\t\t\t\t\t<\/div>\n\t\t\t\t<\/div>\n\t\t\t\t\t<\/div>\n\t\t<\/div>\n\t\t\t\t\t<\/div>\n\t\t<\/section>\n\t\t\t\t<section class=\"elementor-section elementor-top-section elementor-element elementor-element-2c25331 elementor-section-boxed elementor-section-height-default elementor-section-height-default\" data-id=\"2c25331\" data-element_type=\"section\" data-e-type=\"section\">\n\t\t\t\t\t\t<div class=\"elementor-container elementor-column-gap-default\">\n\t\t\t\t\t<div class=\"elementor-column elementor-col-100 elementor-top-column elementor-element elementor-element-138b2a6\" data-id=\"138b2a6\" data-element_type=\"column\" data-e-type=\"column\">\n\t\t\t<div class=\"elementor-widget-wrap elementor-element-populated\">\n\t\t\t\t\t\t<div class=\"elementor-element elementor-element-d1c955c elementor-widget elementor-widget-image\" data-id=\"d1c955c\" data-element_type=\"widget\" data-e-type=\"widget\" data-widget_type=\"image.default\">\n\t\t\t\t<div class=\"elementor-widget-container\">\n\t\t\t\t\t\t\t\t\t\t\t\t\t\t\t<img fetchpriority=\"high\" decoding=\"async\" width=\"640\" height=\"640\" src=\"https:\/\/unaymilletras.com\/wp-content\/uploads\/2024\/08\/nina-1024x1024.jpeg\" class=\"attachment-large size-large wp-image-2963\" alt=\"Ni\u00f1a Pastori\" srcset=\"https:\/\/unaymilletras.com\/wp-content\/uploads\/2024\/08\/nina-1024x1023.jpeg 1024w, https:\/\/unaymilletras.com\/wp-content\/uploads\/2024\/08\/nina-300x300.jpeg 300w, https:\/\/unaymilletras.com\/wp-content\/uploads\/2024\/08\/nina-150x150.jpeg 150w, https:\/\/unaymilletras.com\/wp-content\/uploads\/2024\/08\/nina-768x767.jpeg 768w, https:\/\/unaymilletras.com\/wp-content\/uploads\/2024\/08\/nina-e1723543047733.jpeg 600w\" sizes=\"(max-width: 640px) 100vw, 640px\" \/>\t\t\t\t\t\t\t\t\t\t\t\t\t\t\t<\/div>\n\t\t\t\t<\/div>\n\t\t\t\t\t<\/div>\n\t\t<\/div>\n\t\t\t\t\t<\/div>\n\t\t<\/section>\n\t\t\t\t<section class=\"elementor-section elementor-top-section elementor-element elementor-element-81a298c elementor-section-boxed elementor-section-height-default elementor-section-height-default\" data-id=\"81a298c\" data-element_type=\"section\" data-e-type=\"section\">\n\t\t\t\t\t\t<div class=\"elementor-container elementor-column-gap-default\">\n\t\t\t\t\t<div class=\"elementor-column elementor-col-100 elementor-top-column elementor-element elementor-element-c9b3814\" data-id=\"c9b3814\" data-element_type=\"column\" data-e-type=\"column\">\n\t\t\t<div class=\"elementor-widget-wrap elementor-element-populated\">\n\t\t\t\t\t\t<div class=\"elementor-element elementor-element-8673db1 elementor-widget elementor-widget-text-editor\" data-id=\"8673db1\" data-element_type=\"widget\" data-e-type=\"widget\" data-widget_type=\"text-editor.default\">\n\t\t\t\t<div class=\"elementor-widget-container\">\n\t\t\t\t\t\t\t\t\t<p><b><i>Camino 2024<\/i><\/b>&nbsp;ha sido una gira cargada de simbolismo, recorriendo los principales escenarios de Espa\u00f1a, as\u00ed como algunas ciudades de M\u00e9xico y Estados Unidos. Este tour ha llevado al p\u00fablico un espect\u00e1culo \u00fanico, en el que Ni\u00f1a Pastori ha interpretado los grandes \u00e9xitos de su carrera adem\u00e1s de las canciones m\u00e1s representativas de su amplia discograf\u00eda. Con cada concierto, la artista gaditana ha celebrado su arte, su pasi\u00f3n y su amor por el flamenco, elementos que la han consagrado como una de las voces m\u00e1s queridas y respetadas en el panorama musical.<\/p>\n<p>\u00abEste tour es mi forma de agradecer a todos los que me han acompa\u00f1ado durante estos a\u00f1os. Ha sido un viaje incre\u00edble, lleno de momentos inolvidables y de una conexi\u00f3n especial con mi p\u00fablico\u00bb, expres\u00f3 Ni\u00f1a Pastori.<\/p>\t\t\t\t\t\t\t\t<\/div>\n\t\t\t\t<\/div>\n\t\t\t\t\t<\/div>\n\t\t<\/div>\n\t\t\t\t\t<\/div>\n\t\t<\/section>\n\t\t\t\t<section class=\"elementor-section elementor-top-section elementor-element elementor-element-511623d elementor-section-boxed elementor-section-height-default elementor-section-height-default\" data-id=\"511623d\" data-element_type=\"section\" data-e-type=\"section\">\n\t\t\t\t\t\t<div class=\"elementor-container elementor-column-gap-default\">\n\t\t\t\t\t<div class=\"elementor-column elementor-col-100 elementor-top-column elementor-element elementor-element-44cda72\" data-id=\"44cda72\" data-element_type=\"column\" data-e-type=\"column\">\n\t\t\t<div class=\"elementor-widget-wrap elementor-element-populated\">\n\t\t\t\t\t\t<div class=\"elementor-element elementor-element-fb31a89 elementor-widget elementor-widget-text-editor\" data-id=\"fb31a89\" data-element_type=\"widget\" data-e-type=\"widget\" data-widget_type=\"text-editor.default\">\n\t\t\t\t<div class=\"elementor-widget-container\">\n\t\t\t\t\t\t\t\t\t<blockquote><h5>\u00abSiento que ha llegado el momento de despedirme de los escenarios, y quiero hacerlo de la manera m\u00e1s especial posible, con ellos, que siempre han sido mi motor\u00bb<\/h5><\/blockquote>\t\t\t\t\t\t\t\t<\/div>\n\t\t\t\t<\/div>\n\t\t\t\t\t<\/div>\n\t\t<\/div>\n\t\t\t\t\t<\/div>\n\t\t<\/section>\n\t\t\t\t<section class=\"elementor-section elementor-top-section elementor-element elementor-element-2b34680 elementor-section-boxed elementor-section-height-default elementor-section-height-default\" data-id=\"2b34680\" data-element_type=\"section\" data-e-type=\"section\">\n\t\t\t\t\t\t<div class=\"elementor-container elementor-column-gap-default\">\n\t\t\t\t\t<div class=\"elementor-column elementor-col-100 elementor-top-column elementor-element elementor-element-bec3650\" data-id=\"bec3650\" data-element_type=\"column\" data-e-type=\"column\">\n\t\t\t<div class=\"elementor-widget-wrap elementor-element-populated\">\n\t\t\t\t\t\t<div class=\"elementor-element elementor-element-ecc02fc elementor-widget elementor-widget-text-editor\" data-id=\"ecc02fc\" data-element_type=\"widget\" data-e-type=\"widget\" data-widget_type=\"text-editor.default\">\n\t\t\t\t<div class=\"elementor-widget-container\">\n\t\t\t\t\t\t\t\t\t<p>La gira comenz\u00f3 en marzo de 2024. Ha sido un recorrido emocional y art\u00edstico, donde la cantante ha fusionado tradici\u00f3n y modernidad, conectando con nuevas generaciones y reafirmando su lugar en el flamenco. Cada actuaci\u00f3n ha sido un evento \u00fanico y lleno de emotividad. Tambi\u00e9n ha contado con la participaci\u00f3n de artistas invitados y m\u00fasicos de primer nivel, que han acompa\u00f1ado a Ni\u00f1a Pastori en este cierre de ciclo.<\/p><p style=\"text-align: center;\"><strong>PR\u00d3XIMAS FECHAS<\/strong><\/p><p style=\"text-align: center;\"><em><strong>FUENGIROLA<\/strong>\u00a0(Marenostrum) &#8211; 13 de agosto<\/em><br \/><em><strong>EL PUERTO DE SANTA MARIA<\/strong>\u00a0(Plaza de toros) &#8211; 16 de agosto<\/em><br \/><em><strong>C\u00d3RDOBA<\/strong>\u00a0(Teatro Axerqu\u00eda) &#8211; 6 de septiembre<\/em><br \/><em><strong>SEVILLA<\/strong>\u00a0(Plaza de toros de la Maestranza) &#8211; 7 de septiembre<\/em><br \/><em><strong><span style=\"color: #808080;\"><a style=\"color: #808080;\" href=\"https:\/\/www.wizinkcenter.es\/informacion?evento=ni-a-pastori-camino-fin-de-gira-2024\">MADRID<\/a><\/span>\u00a0<\/strong>(Wizink Center) &#8211; 22 de septiembre<\/em><br \/><em><strong>BARCELONA<\/strong>\u00a0(Palau Sant Jordi) &#8211; 28 de septiembre<\/em><\/p>\t\t\t\t\t\t\t\t<\/div>\n\t\t\t\t<\/div>\n\t\t\t\t\t<\/div>\n\t\t<\/div>\n\t\t\t\t\t<\/div>\n\t\t<\/section>\n\t\t\t\t<\/div>","protected":false},"excerpt":{"rendered":"<p>Para celebrar sus m\u00e1s de 25 a\u00f1os en el flamenco, Ni\u00f1a Pastori est\u00e1 recorriendo Espa\u00f1a, M\u00e9xico y Estados Unidos Ni\u00f1a Pastori, una de las figuras m\u00e1s destacadas del flamenco contempor\u00e1neo, se encuentra en la recta final de su gira \u00abCamino 2024\u00bb. Este evento no solo celebra sus m\u00e1s de 25 a\u00f1os de trayectoria, sino que [&hellip;]<\/p>\n","protected":false},"author":6,"featured_media":2963,"comment_status":"open","ping_status":"open","sticky":false,"template":"","format":"standard","meta":{"footnotes":""},"categories":[119,4],"tags":[],"class_list":["post-2959","post","type-post","status-publish","format-standard","has-post-thumbnail","hentry","category-eventos","category-musica"],"yoast_head":"<!-- This site is optimized with the Yoast SEO plugin v27.4 - https:\/\/yoast.com\/product\/yoast-seo-wordpress\/ -->\n<title>Ni\u00f1a Pastori est\u00e1 en la recta final de su gira &quot;Camino 2024&quot; &#8902; Una y Mil Letras<\/title>\n<meta name=\"description\" content=\"Para celebrar sus m\u00e1s de 25 a\u00f1os en el flamenco, Ni\u00f1a Pastori est\u00e1 recorriendo Espa\u00f1a, M\u00e9xico y Estados Unidos\" \/>\n<meta name=\"robots\" content=\"index, follow, max-snippet:-1, max-image-preview:large, max-video-preview:-1\" \/>\n<link rel=\"canonical\" href=\"https:\/\/unaymilletras.com\/en\/nina-pastori-esta-en-la-recta-final-de-su-gira-camino-2024\/\" \/>\n<meta property=\"og:locale\" content=\"en_GB\" \/>\n<meta property=\"og:type\" content=\"article\" \/>\n<meta property=\"og:title\" content=\"Ni\u00f1a Pastori est\u00e1 en la recta final de su gira &quot;Camino 2024&quot; &#8902; Una y Mil Letras\" \/>\n<meta property=\"og:description\" content=\"Para celebrar sus m\u00e1s de 25 a\u00f1os en el flamenco, Ni\u00f1a Pastori est\u00e1 recorriendo Espa\u00f1a, M\u00e9xico y Estados Unidos\" \/>\n<meta property=\"og:url\" content=\"https:\/\/unaymilletras.com\/en\/nina-pastori-esta-en-la-recta-final-de-su-gira-camino-2024\/\" \/>\n<meta property=\"og:site_name\" content=\"Una y Mil Letras\" \/>\n<meta property=\"article:published_time\" content=\"2024-08-13T10:05:26+00:00\" \/>\n<meta property=\"article:modified_time\" content=\"2024-08-21T16:10:03+00:00\" \/>\n<meta property=\"og:image\" content=\"http:\/\/unaymilletras.com\/wp-content\/uploads\/2024\/08\/nina-e1723543047733.jpeg\" \/>\n\t<meta property=\"og:image:width\" content=\"600\" \/>\n\t<meta property=\"og:image:height\" content=\"599\" \/>\n\t<meta property=\"og:image:type\" content=\"image\/jpeg\" \/>\n<meta name=\"author\" content=\"Redacci\u00f3n\" \/>\n<meta name=\"twitter:card\" content=\"summary_large_image\" \/>\n<meta name=\"twitter:creator\" content=\"@UnaYMilLetras\" \/>\n<meta name=\"twitter:site\" content=\"@UnaYMilLetras\" \/>\n<meta name=\"twitter:label1\" content=\"Written by\" \/>\n\t<meta name=\"twitter:data1\" content=\"Redacci\u00f3n\" \/>\n\t<meta name=\"twitter:label2\" content=\"Estimated reading time\" \/>\n\t<meta name=\"twitter:data2\" content=\"2 minutes\" \/>\n<script type=\"application\/ld+json\" class=\"yoast-schema-graph\">{\"@context\":\"https:\\\/\\\/schema.org\",\"@graph\":[{\"@type\":\"Article\",\"@id\":\"https:\\\/\\\/unaymilletras.com\\\/nina-pastori-esta-en-la-recta-final-de-su-gira-camino-2024\\\/#article\",\"isPartOf\":{\"@id\":\"https:\\\/\\\/unaymilletras.com\\\/nina-pastori-esta-en-la-recta-final-de-su-gira-camino-2024\\\/\"},\"author\":{\"name\":\"Redacci\u00f3n\",\"@id\":\"http:\\\/\\\/unaymilletras.com\\\/#\\\/schema\\\/person\\\/0860dc8a218329991ee2c7591f4f849d\"},\"headline\":\"Ni\u00f1a Pastori est\u00e1 en la recta final de su gira \u00abCamino 2024\u00bb\",\"datePublished\":\"2024-08-13T10:05:26+00:00\",\"dateModified\":\"2024-08-21T16:10:03+00:00\",\"mainEntityOfPage\":{\"@id\":\"https:\\\/\\\/unaymilletras.com\\\/nina-pastori-esta-en-la-recta-final-de-su-gira-camino-2024\\\/\"},\"wordCount\":410,\"commentCount\":0,\"publisher\":{\"@id\":\"http:\\\/\\\/unaymilletras.com\\\/#organization\"},\"image\":{\"@id\":\"https:\\\/\\\/unaymilletras.com\\\/nina-pastori-esta-en-la-recta-final-de-su-gira-camino-2024\\\/#primaryimage\"},\"thumbnailUrl\":\"https:\\\/\\\/unaymilletras.com\\\/wp-content\\\/uploads\\\/2024\\\/08\\\/nina-e1723543047733.jpeg\",\"articleSection\":[\"Eventos\",\"M\u00fasica\"],\"inLanguage\":\"en-GB\",\"potentialAction\":[{\"@type\":\"CommentAction\",\"name\":\"Comment\",\"target\":[\"https:\\\/\\\/unaymilletras.com\\\/nina-pastori-esta-en-la-recta-final-de-su-gira-camino-2024\\\/#respond\"]}]},{\"@type\":\"WebPage\",\"@id\":\"https:\\\/\\\/unaymilletras.com\\\/nina-pastori-esta-en-la-recta-final-de-su-gira-camino-2024\\\/\",\"url\":\"https:\\\/\\\/unaymilletras.com\\\/nina-pastori-esta-en-la-recta-final-de-su-gira-camino-2024\\\/\",\"name\":\"Ni\u00f1a Pastori est\u00e1 en la recta final de su gira \\\"Camino 2024\\\" &#8902; Una y Mil Letras\",\"isPartOf\":{\"@id\":\"http:\\\/\\\/unaymilletras.com\\\/#website\"},\"primaryImageOfPage\":{\"@id\":\"https:\\\/\\\/unaymilletras.com\\\/nina-pastori-esta-en-la-recta-final-de-su-gira-camino-2024\\\/#primaryimage\"},\"image\":{\"@id\":\"https:\\\/\\\/unaymilletras.com\\\/nina-pastori-esta-en-la-recta-final-de-su-gira-camino-2024\\\/#primaryimage\"},\"thumbnailUrl\":\"https:\\\/\\\/unaymilletras.com\\\/wp-content\\\/uploads\\\/2024\\\/08\\\/nina-e1723543047733.jpeg\",\"datePublished\":\"2024-08-13T10:05:26+00:00\",\"dateModified\":\"2024-08-21T16:10:03+00:00\",\"description\":\"Para celebrar sus m\u00e1s de 25 a\u00f1os en el flamenco, Ni\u00f1a Pastori est\u00e1 recorriendo Espa\u00f1a, M\u00e9xico y Estados Unidos\",\"breadcrumb\":{\"@id\":\"https:\\\/\\\/unaymilletras.com\\\/nina-pastori-esta-en-la-recta-final-de-su-gira-camino-2024\\\/#breadcrumb\"},\"inLanguage\":\"en-GB\",\"potentialAction\":[{\"@type\":\"ReadAction\",\"target\":[\"https:\\\/\\\/unaymilletras.com\\\/nina-pastori-esta-en-la-recta-final-de-su-gira-camino-2024\\\/\"]}]},{\"@type\":\"ImageObject\",\"inLanguage\":\"en-GB\",\"@id\":\"https:\\\/\\\/unaymilletras.com\\\/nina-pastori-esta-en-la-recta-final-de-su-gira-camino-2024\\\/#primaryimage\",\"url\":\"https:\\\/\\\/unaymilletras.com\\\/wp-content\\\/uploads\\\/2024\\\/08\\\/nina-e1723543047733.jpeg\",\"contentUrl\":\"https:\\\/\\\/unaymilletras.com\\\/wp-content\\\/uploads\\\/2024\\\/08\\\/nina-e1723543047733.jpeg\",\"width\":600,\"height\":599,\"caption\":\"Ni\u00f1a Pastori\"},{\"@type\":\"BreadcrumbList\",\"@id\":\"https:\\\/\\\/unaymilletras.com\\\/nina-pastori-esta-en-la-recta-final-de-su-gira-camino-2024\\\/#breadcrumb\",\"itemListElement\":[{\"@type\":\"ListItem\",\"position\":1,\"name\":\"Home\",\"item\":\"http:\\\/\\\/unaymilletras.com\\\/\"},{\"@type\":\"ListItem\",\"position\":2,\"name\":\"Ni\u00f1a Pastori est\u00e1 en la recta final de su gira \u00abCamino 2024\u00bb\"}]},{\"@type\":\"WebSite\",\"@id\":\"http:\\\/\\\/unaymilletras.com\\\/#website\",\"url\":\"http:\\\/\\\/unaymilletras.com\\\/\",\"name\":\"Una y Mil Letras\",\"description\":\"\",\"publisher\":{\"@id\":\"http:\\\/\\\/unaymilletras.com\\\/#organization\"},\"potentialAction\":[{\"@type\":\"SearchAction\",\"target\":{\"@type\":\"EntryPoint\",\"urlTemplate\":\"http:\\\/\\\/unaymilletras.com\\\/?s={search_term_string}\"},\"query-input\":{\"@type\":\"PropertyValueSpecification\",\"valueRequired\":true,\"valueName\":\"search_term_string\"}}],\"inLanguage\":\"en-GB\"},{\"@type\":\"Organization\",\"@id\":\"http:\\\/\\\/unaymilletras.com\\\/#organization\",\"name\":\"Una y Mil Letras\",\"url\":\"http:\\\/\\\/unaymilletras.com\\\/\",\"logo\":{\"@type\":\"ImageObject\",\"inLanguage\":\"en-GB\",\"@id\":\"http:\\\/\\\/unaymilletras.com\\\/#\\\/schema\\\/logo\\\/image\\\/\",\"url\":\"https:\\\/\\\/unaymilletras.com\\\/wp-content\\\/uploads\\\/2024\\\/06\\\/cropped-Logo-removebg-preview.png\",\"contentUrl\":\"https:\\\/\\\/unaymilletras.com\\\/wp-content\\\/uploads\\\/2024\\\/06\\\/cropped-Logo-removebg-preview.png\",\"width\":512,\"height\":512,\"caption\":\"Una y Mil Letras\"},\"image\":{\"@id\":\"http:\\\/\\\/unaymilletras.com\\\/#\\\/schema\\\/logo\\\/image\\\/\"},\"sameAs\":[\"https:\\\/\\\/x.com\\\/UnaYMilLetras\",\"https:\\\/\\\/instagram.com\\\/UnaYMilLetras\"]},{\"@type\":\"Person\",\"@id\":\"http:\\\/\\\/unaymilletras.com\\\/#\\\/schema\\\/person\\\/0860dc8a218329991ee2c7591f4f849d\",\"name\":\"Redacci\u00f3n\",\"image\":{\"@type\":\"ImageObject\",\"inLanguage\":\"en-GB\",\"@id\":\"https:\\\/\\\/secure.gravatar.com\\\/avatar\\\/d8f55e05a8b6597e45c55a1dcbdbfe44f4a360d88b48e00de5216a79b7732796?s=96&d=mm&r=g\",\"url\":\"https:\\\/\\\/secure.gravatar.com\\\/avatar\\\/d8f55e05a8b6597e45c55a1dcbdbfe44f4a360d88b48e00de5216a79b7732796?s=96&d=mm&r=g\",\"contentUrl\":\"https:\\\/\\\/secure.gravatar.com\\\/avatar\\\/d8f55e05a8b6597e45c55a1dcbdbfe44f4a360d88b48e00de5216a79b7732796?s=96&d=mm&r=g\",\"caption\":\"Redacci\u00f3n\"},\"url\":\"https:\\\/\\\/unaymilletras.com\\\/en\\\/author\\\/redaccion\\\/\"}]}<\/script>\n<!-- \/ Yoast SEO plugin. -->","yoast_head_json":{"title":"Ni\u00f1a Pastori est\u00e1 en la recta final de su gira \"Camino 2024\" &#8902; Una y Mil Letras","description":"Para celebrar sus m\u00e1s de 25 a\u00f1os en el flamenco, Ni\u00f1a Pastori est\u00e1 recorriendo Espa\u00f1a, M\u00e9xico y Estados Unidos","robots":{"index":"index","follow":"follow","max-snippet":"max-snippet:-1","max-image-preview":"max-image-preview:large","max-video-preview":"max-video-preview:-1"},"canonical":"https:\/\/unaymilletras.com\/en\/nina-pastori-esta-en-la-recta-final-de-su-gira-camino-2024\/","og_locale":"en_GB","og_type":"article","og_title":"Ni\u00f1a Pastori est\u00e1 en la recta final de su gira \"Camino 2024\" &#8902; Una y Mil Letras","og_description":"Para celebrar sus m\u00e1s de 25 a\u00f1os en el flamenco, Ni\u00f1a Pastori est\u00e1 recorriendo Espa\u00f1a, M\u00e9xico y Estados Unidos","og_url":"https:\/\/unaymilletras.com\/en\/nina-pastori-esta-en-la-recta-final-de-su-gira-camino-2024\/","og_site_name":"Una y Mil Letras","article_published_time":"2024-08-13T10:05:26+00:00","article_modified_time":"2024-08-21T16:10:03+00:00","og_image":[{"width":600,"height":599,"url":"http:\/\/unaymilletras.com\/wp-content\/uploads\/2024\/08\/nina-e1723543047733.jpeg","type":"image\/jpeg"}],"author":"Redacci\u00f3n","twitter_card":"summary_large_image","twitter_creator":"@UnaYMilLetras","twitter_site":"@UnaYMilLetras","twitter_misc":{"Written by":"Redacci\u00f3n","Estimated reading time":"2 minutes"},"schema":{"@context":"https:\/\/schema.org","@graph":[{"@type":"Article","@id":"https:\/\/unaymilletras.com\/nina-pastori-esta-en-la-recta-final-de-su-gira-camino-2024\/#article","isPartOf":{"@id":"https:\/\/unaymilletras.com\/nina-pastori-esta-en-la-recta-final-de-su-gira-camino-2024\/"},"author":{"name":"Redacci\u00f3n","@id":"http:\/\/unaymilletras.com\/#\/schema\/person\/0860dc8a218329991ee2c7591f4f849d"},"headline":"Ni\u00f1a Pastori est\u00e1 en la recta final de su gira \u00abCamino 2024\u00bb","datePublished":"2024-08-13T10:05:26+00:00","dateModified":"2024-08-21T16:10:03+00:00","mainEntityOfPage":{"@id":"https:\/\/unaymilletras.com\/nina-pastori-esta-en-la-recta-final-de-su-gira-camino-2024\/"},"wordCount":410,"commentCount":0,"publisher":{"@id":"http:\/\/unaymilletras.com\/#organization"},"image":{"@id":"https:\/\/unaymilletras.com\/nina-pastori-esta-en-la-recta-final-de-su-gira-camino-2024\/#primaryimage"},"thumbnailUrl":"https:\/\/unaymilletras.com\/wp-content\/uploads\/2024\/08\/nina-e1723543047733.jpeg","articleSection":["Eventos","M\u00fasica"],"inLanguage":"en-GB","potentialAction":[{"@type":"CommentAction","name":"Comment","target":["https:\/\/unaymilletras.com\/nina-pastori-esta-en-la-recta-final-de-su-gira-camino-2024\/#respond"]}]},{"@type":"WebPage","@id":"https:\/\/unaymilletras.com\/nina-pastori-esta-en-la-recta-final-de-su-gira-camino-2024\/","url":"https:\/\/unaymilletras.com\/nina-pastori-esta-en-la-recta-final-de-su-gira-camino-2024\/","name":"Ni\u00f1a Pastori est\u00e1 en la recta final de su gira \"Camino 2024\" &#8902; Una y Mil Letras","isPartOf":{"@id":"http:\/\/unaymilletras.com\/#website"},"primaryImageOfPage":{"@id":"https:\/\/unaymilletras.com\/nina-pastori-esta-en-la-recta-final-de-su-gira-camino-2024\/#primaryimage"},"image":{"@id":"https:\/\/unaymilletras.com\/nina-pastori-esta-en-la-recta-final-de-su-gira-camino-2024\/#primaryimage"},"thumbnailUrl":"https:\/\/unaymilletras.com\/wp-content\/uploads\/2024\/08\/nina-e1723543047733.jpeg","datePublished":"2024-08-13T10:05:26+00:00","dateModified":"2024-08-21T16:10:03+00:00","description":"Para celebrar sus m\u00e1s de 25 a\u00f1os en el flamenco, Ni\u00f1a Pastori est\u00e1 recorriendo Espa\u00f1a, M\u00e9xico y Estados Unidos","breadcrumb":{"@id":"https:\/\/unaymilletras.com\/nina-pastori-esta-en-la-recta-final-de-su-gira-camino-2024\/#breadcrumb"},"inLanguage":"en-GB","potentialAction":[{"@type":"ReadAction","target":["https:\/\/unaymilletras.com\/nina-pastori-esta-en-la-recta-final-de-su-gira-camino-2024\/"]}]},{"@type":"ImageObject","inLanguage":"en-GB","@id":"https:\/\/unaymilletras.com\/nina-pastori-esta-en-la-recta-final-de-su-gira-camino-2024\/#primaryimage","url":"https:\/\/unaymilletras.com\/wp-content\/uploads\/2024\/08\/nina-e1723543047733.jpeg","contentUrl":"https:\/\/unaymilletras.com\/wp-content\/uploads\/2024\/08\/nina-e1723543047733.jpeg","width":600,"height":599,"caption":"Ni\u00f1a Pastori"},{"@type":"BreadcrumbList","@id":"https:\/\/unaymilletras.com\/nina-pastori-esta-en-la-recta-final-de-su-gira-camino-2024\/#breadcrumb","itemListElement":[{"@type":"ListItem","position":1,"name":"Home","item":"http:\/\/unaymilletras.com\/"},{"@type":"ListItem","position":2,"name":"Ni\u00f1a Pastori est\u00e1 en la recta final de su gira \u00abCamino 2024\u00bb"}]},{"@type":"WebSite","@id":"http:\/\/unaymilletras.com\/#website","url":"http:\/\/unaymilletras.com\/","name":"Una y Mil Letras","description":"","publisher":{"@id":"http:\/\/unaymilletras.com\/#organization"},"potentialAction":[{"@type":"SearchAction","target":{"@type":"EntryPoint","urlTemplate":"http:\/\/unaymilletras.com\/?s={search_term_string}"},"query-input":{"@type":"PropertyValueSpecification","valueRequired":true,"valueName":"search_term_string"}}],"inLanguage":"en-GB"},{"@type":"Organization","@id":"http:\/\/unaymilletras.com\/#organization","name":"Una y Mil Letras","url":"http:\/\/unaymilletras.com\/","logo":{"@type":"ImageObject","inLanguage":"en-GB","@id":"http:\/\/unaymilletras.com\/#\/schema\/logo\/image\/","url":"https:\/\/unaymilletras.com\/wp-content\/uploads\/2024\/06\/cropped-Logo-removebg-preview.png","contentUrl":"https:\/\/unaymilletras.com\/wp-content\/uploads\/2024\/06\/cropped-Logo-removebg-preview.png","width":512,"height":512,"caption":"Una y Mil Letras"},"image":{"@id":"http:\/\/unaymilletras.com\/#\/schema\/logo\/image\/"},"sameAs":["https:\/\/x.com\/UnaYMilLetras","https:\/\/instagram.com\/UnaYMilLetras"]},{"@type":"Person","@id":"http:\/\/unaymilletras.com\/#\/schema\/person\/0860dc8a218329991ee2c7591f4f849d","name":"Redacci\u00f3n","image":{"@type":"ImageObject","inLanguage":"en-GB","@id":"https:\/\/secure.gravatar.com\/avatar\/d8f55e05a8b6597e45c55a1dcbdbfe44f4a360d88b48e00de5216a79b7732796?s=96&d=mm&r=g","url":"https:\/\/secure.gravatar.com\/avatar\/d8f55e05a8b6597e45c55a1dcbdbfe44f4a360d88b48e00de5216a79b7732796?s=96&d=mm&r=g","contentUrl":"https:\/\/secure.gravatar.com\/avatar\/d8f55e05a8b6597e45c55a1dcbdbfe44f4a360d88b48e00de5216a79b7732796?s=96&d=mm&r=g","caption":"Redacci\u00f3n"},"url":"https:\/\/unaymilletras.com\/en\/author\/redaccion\/"}]}},"_links":{"self":[{"href":"https:\/\/unaymilletras.com\/en\/wp-json\/wp\/v2\/posts\/2959","targetHints":{"allow":["GET"]}}],"collection":[{"href":"https:\/\/unaymilletras.com\/en\/wp-json\/wp\/v2\/posts"}],"about":[{"href":"https:\/\/unaymilletras.com\/en\/wp-json\/wp\/v2\/types\/post"}],"author":[{"embeddable":true,"href":"https:\/\/unaymilletras.com\/en\/wp-json\/wp\/v2\/users\/6"}],"replies":[{"embeddable":true,"href":"https:\/\/unaymilletras.com\/en\/wp-json\/wp\/v2\/comments?post=2959"}],"version-history":[{"count":6,"href":"https:\/\/unaymilletras.com\/en\/wp-json\/wp\/v2\/posts\/2959\/revisions"}],"predecessor-version":[{"id":2966,"href":"https:\/\/unaymilletras.com\/en\/wp-json\/wp\/v2\/posts\/2959\/revisions\/2966"}],"wp:featuredmedia":[{"embeddable":true,"href":"https:\/\/unaymilletras.com\/en\/wp-json\/wp\/v2\/media\/2963"}],"wp:attachment":[{"href":"https:\/\/unaymilletras.com\/en\/wp-json\/wp\/v2\/media?parent=2959"}],"wp:term":[{"taxonomy":"category","embeddable":true,"href":"https:\/\/unaymilletras.com\/en\/wp-json\/wp\/v2\/categories?post=2959"},{"taxonomy":"post_tag","embeddable":true,"href":"https:\/\/unaymilletras.com\/en\/wp-json\/wp\/v2\/tags?post=2959"}],"curies":[{"name":"wp","href":"https:\/\/api.w.org\/{rel}","templated":true}]}}