{"id":2975,"date":"2024-08-16T13:42:20","date_gmt":"2024-08-16T11:42:20","guid":{"rendered":"https:\/\/unaymilletras.com\/?p=2975"},"modified":"2024-08-21T18:09:47","modified_gmt":"2024-08-21T16:09:47","slug":"paul-thin-debuta-en-solitario-en-el-concert-music-festival","status":"publish","type":"post","link":"https:\/\/unaymilletras.com\/en\/paul-thin-debuta-en-solitario-en-el-concert-music-festival\/","title":{"rendered":"Paul Thin debuta en solitario en el Concert Music Festival"},"content":{"rendered":"\t\t<div data-elementor-type=\"wp-post\" data-elementor-id=\"2975\" class=\"elementor elementor-2975\">\n\t\t\t\t\t\t<section class=\"elementor-section elementor-top-section elementor-element elementor-element-cd1868d elementor-section-boxed elementor-section-height-default elementor-section-height-default\" data-id=\"cd1868d\" data-element_type=\"section\" data-e-type=\"section\">\n\t\t\t\t\t\t<div class=\"elementor-container elementor-column-gap-default\">\n\t\t\t\t\t<div class=\"elementor-column elementor-col-100 elementor-top-column elementor-element elementor-element-6a12d8b\" data-id=\"6a12d8b\" data-element_type=\"column\" data-e-type=\"column\">\n\t\t\t<div class=\"elementor-widget-wrap elementor-element-populated\">\n\t\t\t\t\t\t<div class=\"elementor-element elementor-element-21ec9f1 elementor-widget elementor-widget-text-editor\" data-id=\"21ec9f1\" data-element_type=\"widget\" data-e-type=\"widget\" data-widget_type=\"text-editor.default\">\n\t\t\t\t<div class=\"elementor-widget-container\">\n\t\t\t\t\t\t\t\t\t<h2 style=\"text-align: center;\"><em><span style=\"color: #808080;\">El \u00abSpawn Point Tour\u00bb es el punto de partida de la carrera en solitario de Paul Thin, donde ha dejado boquiabiertos a sus seguidores<\/span><\/em><\/h2>\t\t\t\t\t\t\t\t<\/div>\n\t\t\t\t<\/div>\n\t\t\t\t\t<\/div>\n\t\t<\/div>\n\t\t\t\t\t<\/div>\n\t\t<\/section>\n\t\t\t\t<section class=\"elementor-section elementor-top-section elementor-element elementor-element-d013a9d elementor-section-boxed elementor-section-height-default elementor-section-height-default\" data-id=\"d013a9d\" data-element_type=\"section\" data-e-type=\"section\">\n\t\t\t\t\t\t<div class=\"elementor-container elementor-column-gap-default\">\n\t\t\t\t\t<div class=\"elementor-column elementor-col-100 elementor-top-column elementor-element elementor-element-a45f2b9\" data-id=\"a45f2b9\" data-element_type=\"column\" data-e-type=\"column\">\n\t\t\t<div class=\"elementor-widget-wrap elementor-element-populated\">\n\t\t\t\t\t\t<div class=\"elementor-element elementor-element-1a47cf7 elementor-widget elementor-widget-text-editor\" data-id=\"1a47cf7\" data-element_type=\"widget\" data-e-type=\"widget\" data-widget_type=\"text-editor.default\">\n\t\t\t\t<div class=\"elementor-widget-container\">\n\t\t\t\t\t\t\t\t\t<p><strong>Paul Thin<\/strong> ha dado el salto a su carrera en solitario con un impresionante debut en el Concert Music Festival de Chiclana de la Frontera. Tras su paso por la academia de Operaci\u00f3n Triunfo y la gira de 2023, el joven granadino present\u00f3 su <em><strong>Spawn Point Tour<\/strong><\/em>\u00a0con un espect\u00e1culo que cautiv\u00f3 a sus seguidores.<\/p>\t\t\t\t\t\t\t\t<\/div>\n\t\t\t\t<\/div>\n\t\t\t\t\t<\/div>\n\t\t<\/div>\n\t\t\t\t\t<\/div>\n\t\t<\/section>\n\t\t\t\t<section class=\"elementor-section elementor-top-section elementor-element elementor-element-7a54eee elementor-section-boxed elementor-section-height-default elementor-section-height-default\" data-id=\"7a54eee\" data-element_type=\"section\" data-e-type=\"section\">\n\t\t\t\t\t\t<div class=\"elementor-container elementor-column-gap-default\">\n\t\t\t\t\t<div class=\"elementor-column elementor-col-100 elementor-top-column elementor-element elementor-element-d801c2e\" data-id=\"d801c2e\" data-element_type=\"column\" data-e-type=\"column\">\n\t\t\t<div class=\"elementor-widget-wrap elementor-element-populated\">\n\t\t\t\t\t\t<div class=\"elementor-element elementor-element-207844a elementor-widget elementor-widget-image\" data-id=\"207844a\" data-element_type=\"widget\" data-e-type=\"widget\" data-widget_type=\"image.default\">\n\t\t\t\t<div class=\"elementor-widget-container\">\n\t\t\t\t\t\t\t\t\t\t\t\t\t\t\t<img fetchpriority=\"high\" decoding=\"async\" width=\"640\" height=\"427\" src=\"https:\/\/unaymilletras.com\/wp-content\/uploads\/2024\/08\/paul.jpeg\" class=\"attachment-large size-large wp-image-2977\" alt=\"Paul Thin\" srcset=\"https:\/\/unaymilletras.com\/wp-content\/uploads\/2024\/08\/paul.jpeg 660w, https:\/\/unaymilletras.com\/wp-content\/uploads\/2024\/08\/paul-300x200.jpeg 300w\" sizes=\"(max-width: 640px) 100vw, 640px\" \/>\t\t\t\t\t\t\t\t\t\t\t\t\t\t\t<\/div>\n\t\t\t\t<\/div>\n\t\t\t\t\t<\/div>\n\t\t<\/div>\n\t\t\t\t\t<\/div>\n\t\t<\/section>\n\t\t\t\t<section class=\"elementor-section elementor-top-section elementor-element elementor-element-f630ece elementor-section-boxed elementor-section-height-default elementor-section-height-default\" data-id=\"f630ece\" data-element_type=\"section\" data-e-type=\"section\">\n\t\t\t\t\t\t<div class=\"elementor-container elementor-column-gap-default\">\n\t\t\t\t\t<div class=\"elementor-column elementor-col-100 elementor-top-column elementor-element elementor-element-605d683\" data-id=\"605d683\" data-element_type=\"column\" data-e-type=\"column\">\n\t\t\t<div class=\"elementor-widget-wrap elementor-element-populated\">\n\t\t\t\t\t\t<div class=\"elementor-element elementor-element-aba55d7 elementor-widget elementor-widget-text-editor\" data-id=\"aba55d7\" data-element_type=\"widget\" data-e-type=\"widget\" data-widget_type=\"text-editor.default\">\n\t\t\t\t<div class=\"elementor-widget-container\">\n\t\t\t\t\t\t\t\t\t<div class=\"flex max-w-full flex-col flex-grow\"><div class=\"min-h-[20px] text-message flex w-full flex-col items-end gap-2 whitespace-pre-wrap break-words [.text-message+&amp;]:mt-5 overflow-x-auto\" dir=\"auto\" data-message-author-role=\"assistant\" data-message-id=\"777c4fb3-497a-4f27-ae11-b7d63f6f0a87\"><div class=\"flex w-full flex-col gap-1 empty:hidden first:pt-[3px]\"><div class=\"markdown prose w-full break-words dark:prose-invert light\"><p>En su primer concierto en solitario, Paul Thin interpret\u00f3 por primera vez en directo temas como <strong><em>Alondra<\/em><\/strong>, <strong><em>La Camarera<\/em><\/strong> y <span style=\"color: #808080;\"><a style=\"color: #808080;\" href=\"https:\/\/open.spotify.com\/intl-es\/track\/0F4aB9CYfz4kx7DgSvQnnN?si=d87b70f7f79b46b2\"><strong><em>Lola<\/em><\/strong><\/a><\/span>, demostrando su capacidad para conectar con el p\u00fablico y llenar el escenario con su energ\u00eda. La puesta en escena fue uno de los puntos fuertes de la noche, con visuales impactantes, una iluminaci\u00f3n espectacular y una escenograf\u00eda que resalt\u00f3 cada momento del show.<\/p><p>El \u00e9xito de este primer concierto marca el inicio de un prometedor camino para Paul Thin, quien continuar\u00e1 su gira por algunos de los <span style=\"color: #808080;\"><a style=\"color: #808080;\" href=\"https:\/\/unaymilletras.com\/los40-primavera-pop-mas-artistas-y-nueva-edicion-en-rubi\/\">festivales<\/a><\/span> m\u00e1s importantes de Espa\u00f1a en 2024. Con esta actuaci\u00f3n, el artista dej\u00f3 claro que su talento y carisma seguir\u00e1n conquistando escenarios y corazones en todo el pa\u00eds.<\/p><\/div><\/div><\/div><\/div>\t\t\t\t\t\t\t\t<\/div>\n\t\t\t\t<\/div>\n\t\t\t\t\t<\/div>\n\t\t<\/div>\n\t\t\t\t\t<\/div>\n\t\t<\/section>\n\t\t\t\t<\/div>\n\t\t","protected":false},"excerpt":{"rendered":"<p>El \u00abSpawn Point Tour\u00bb es el punto de partida de la carrera en solitario de Paul Thin, donde ha dejado boquiabiertos a sus seguidores Paul Thin ha dado el salto a su carrera en solitario con un impresionante debut en el Concert Music Festival de Chiclana de la Frontera. Tras su paso por la academia [&hellip;]<\/p>\n","protected":false},"author":6,"featured_media":2977,"comment_status":"open","ping_status":"open","sticky":false,"template":"","format":"standard","meta":{"footnotes":""},"categories":[4,1],"tags":[],"class_list":["post-2975","post","type-post","status-publish","format-standard","has-post-thumbnail","hentry","category-musica","category-uncategorized"],"yoast_head":"<!-- This site is optimized with the Yoast SEO plugin v27.4 - https:\/\/yoast.com\/product\/yoast-seo-wordpress\/ -->\n<title>Paul Thin debuta en solitario en el Concert Music Festival<\/title>\n<meta name=\"description\" content=\"El &quot;Spawn Point Tour&quot; es el punto de partida de la carrera en solitario de Paul Thin, donde ha dejado boquiabiertos a sus seguidores\" \/>\n<meta name=\"robots\" content=\"index, follow, max-snippet:-1, max-image-preview:large, max-video-preview:-1\" \/>\n<link rel=\"canonical\" href=\"https:\/\/unaymilletras.com\/en\/paul-thin-debuta-en-solitario-en-el-concert-music-festival\/\" \/>\n<meta property=\"og:locale\" content=\"en_GB\" \/>\n<meta property=\"og:type\" content=\"article\" \/>\n<meta property=\"og:title\" content=\"Paul Thin debuta en solitario en el Concert Music Festival\" \/>\n<meta property=\"og:description\" content=\"El &quot;Spawn Point Tour&quot; es el punto de partida de la carrera en solitario de Paul Thin, donde ha dejado boquiabiertos a sus seguidores\" \/>\n<meta property=\"og:url\" content=\"https:\/\/unaymilletras.com\/en\/paul-thin-debuta-en-solitario-en-el-concert-music-festival\/\" \/>\n<meta property=\"og:site_name\" content=\"Una y Mil Letras\" \/>\n<meta property=\"article:published_time\" content=\"2024-08-16T11:42:20+00:00\" \/>\n<meta property=\"article:modified_time\" content=\"2024-08-21T16:09:47+00:00\" \/>\n<meta property=\"og:image\" content=\"http:\/\/unaymilletras.com\/wp-content\/uploads\/2024\/08\/paul.jpeg\" \/>\n\t<meta property=\"og:image:width\" content=\"660\" \/>\n\t<meta property=\"og:image:height\" content=\"440\" \/>\n\t<meta property=\"og:image:type\" content=\"image\/jpeg\" \/>\n<meta name=\"author\" content=\"Redacci\u00f3n\" \/>\n<meta name=\"twitter:card\" content=\"summary_large_image\" \/>\n<meta name=\"twitter:creator\" content=\"@UnaYMilLetras\" \/>\n<meta name=\"twitter:site\" content=\"@UnaYMilLetras\" \/>\n<meta name=\"twitter:label1\" content=\"Written by\" \/>\n\t<meta name=\"twitter:data1\" content=\"Redacci\u00f3n\" \/>\n\t<meta name=\"twitter:label2\" content=\"Estimated reading time\" \/>\n\t<meta name=\"twitter:data2\" content=\"2 minutes\" \/>\n<script type=\"application\/ld+json\" class=\"yoast-schema-graph\">{\"@context\":\"https:\\\/\\\/schema.org\",\"@graph\":[{\"@type\":\"Article\",\"@id\":\"https:\\\/\\\/unaymilletras.com\\\/paul-thin-debuta-en-solitario-en-el-concert-music-festival\\\/#article\",\"isPartOf\":{\"@id\":\"https:\\\/\\\/unaymilletras.com\\\/paul-thin-debuta-en-solitario-en-el-concert-music-festival\\\/\"},\"author\":{\"name\":\"Redacci\u00f3n\",\"@id\":\"http:\\\/\\\/unaymilletras.com\\\/#\\\/schema\\\/person\\\/0860dc8a218329991ee2c7591f4f849d\"},\"headline\":\"Paul Thin debuta en solitario en el Concert Music Festival\",\"datePublished\":\"2024-08-16T11:42:20+00:00\",\"dateModified\":\"2024-08-21T16:09:47+00:00\",\"mainEntityOfPage\":{\"@id\":\"https:\\\/\\\/unaymilletras.com\\\/paul-thin-debuta-en-solitario-en-el-concert-music-festival\\\/\"},\"wordCount\":214,\"commentCount\":0,\"publisher\":{\"@id\":\"http:\\\/\\\/unaymilletras.com\\\/#organization\"},\"image\":{\"@id\":\"https:\\\/\\\/unaymilletras.com\\\/paul-thin-debuta-en-solitario-en-el-concert-music-festival\\\/#primaryimage\"},\"thumbnailUrl\":\"https:\\\/\\\/unaymilletras.com\\\/wp-content\\\/uploads\\\/2024\\\/08\\\/paul.jpeg\",\"articleSection\":[\"M\u00fasica\",\"Uncategorized\"],\"inLanguage\":\"en-GB\",\"potentialAction\":[{\"@type\":\"CommentAction\",\"name\":\"Comment\",\"target\":[\"https:\\\/\\\/unaymilletras.com\\\/paul-thin-debuta-en-solitario-en-el-concert-music-festival\\\/#respond\"]}]},{\"@type\":\"WebPage\",\"@id\":\"https:\\\/\\\/unaymilletras.com\\\/paul-thin-debuta-en-solitario-en-el-concert-music-festival\\\/\",\"url\":\"https:\\\/\\\/unaymilletras.com\\\/paul-thin-debuta-en-solitario-en-el-concert-music-festival\\\/\",\"name\":\"Paul Thin debuta en solitario en el Concert Music Festival\",\"isPartOf\":{\"@id\":\"http:\\\/\\\/unaymilletras.com\\\/#website\"},\"primaryImageOfPage\":{\"@id\":\"https:\\\/\\\/unaymilletras.com\\\/paul-thin-debuta-en-solitario-en-el-concert-music-festival\\\/#primaryimage\"},\"image\":{\"@id\":\"https:\\\/\\\/unaymilletras.com\\\/paul-thin-debuta-en-solitario-en-el-concert-music-festival\\\/#primaryimage\"},\"thumbnailUrl\":\"https:\\\/\\\/unaymilletras.com\\\/wp-content\\\/uploads\\\/2024\\\/08\\\/paul.jpeg\",\"datePublished\":\"2024-08-16T11:42:20+00:00\",\"dateModified\":\"2024-08-21T16:09:47+00:00\",\"description\":\"El \\\"Spawn Point Tour\\\" es el punto de partida de la carrera en solitario de Paul Thin, donde ha dejado boquiabiertos a sus seguidores\",\"breadcrumb\":{\"@id\":\"https:\\\/\\\/unaymilletras.com\\\/paul-thin-debuta-en-solitario-en-el-concert-music-festival\\\/#breadcrumb\"},\"inLanguage\":\"en-GB\",\"potentialAction\":[{\"@type\":\"ReadAction\",\"target\":[\"https:\\\/\\\/unaymilletras.com\\\/paul-thin-debuta-en-solitario-en-el-concert-music-festival\\\/\"]}]},{\"@type\":\"ImageObject\",\"inLanguage\":\"en-GB\",\"@id\":\"https:\\\/\\\/unaymilletras.com\\\/paul-thin-debuta-en-solitario-en-el-concert-music-festival\\\/#primaryimage\",\"url\":\"https:\\\/\\\/unaymilletras.com\\\/wp-content\\\/uploads\\\/2024\\\/08\\\/paul.jpeg\",\"contentUrl\":\"https:\\\/\\\/unaymilletras.com\\\/wp-content\\\/uploads\\\/2024\\\/08\\\/paul.jpeg\",\"width\":660,\"height\":440,\"caption\":\"Foto: Christian Franco Lera\"},{\"@type\":\"BreadcrumbList\",\"@id\":\"https:\\\/\\\/unaymilletras.com\\\/paul-thin-debuta-en-solitario-en-el-concert-music-festival\\\/#breadcrumb\",\"itemListElement\":[{\"@type\":\"ListItem\",\"position\":1,\"name\":\"Home\",\"item\":\"http:\\\/\\\/unaymilletras.com\\\/\"},{\"@type\":\"ListItem\",\"position\":2,\"name\":\"Paul Thin debuta en solitario en el Concert Music Festival\"}]},{\"@type\":\"WebSite\",\"@id\":\"http:\\\/\\\/unaymilletras.com\\\/#website\",\"url\":\"http:\\\/\\\/unaymilletras.com\\\/\",\"name\":\"Una y Mil Letras\",\"description\":\"\",\"publisher\":{\"@id\":\"http:\\\/\\\/unaymilletras.com\\\/#organization\"},\"potentialAction\":[{\"@type\":\"SearchAction\",\"target\":{\"@type\":\"EntryPoint\",\"urlTemplate\":\"http:\\\/\\\/unaymilletras.com\\\/?s={search_term_string}\"},\"query-input\":{\"@type\":\"PropertyValueSpecification\",\"valueRequired\":true,\"valueName\":\"search_term_string\"}}],\"inLanguage\":\"en-GB\"},{\"@type\":\"Organization\",\"@id\":\"http:\\\/\\\/unaymilletras.com\\\/#organization\",\"name\":\"Una y Mil Letras\",\"url\":\"http:\\\/\\\/unaymilletras.com\\\/\",\"logo\":{\"@type\":\"ImageObject\",\"inLanguage\":\"en-GB\",\"@id\":\"http:\\\/\\\/unaymilletras.com\\\/#\\\/schema\\\/logo\\\/image\\\/\",\"url\":\"https:\\\/\\\/unaymilletras.com\\\/wp-content\\\/uploads\\\/2024\\\/06\\\/cropped-Logo-removebg-preview.png\",\"contentUrl\":\"https:\\\/\\\/unaymilletras.com\\\/wp-content\\\/uploads\\\/2024\\\/06\\\/cropped-Logo-removebg-preview.png\",\"width\":512,\"height\":512,\"caption\":\"Una y Mil Letras\"},\"image\":{\"@id\":\"http:\\\/\\\/unaymilletras.com\\\/#\\\/schema\\\/logo\\\/image\\\/\"},\"sameAs\":[\"https:\\\/\\\/x.com\\\/UnaYMilLetras\",\"https:\\\/\\\/instagram.com\\\/UnaYMilLetras\"]},{\"@type\":\"Person\",\"@id\":\"http:\\\/\\\/unaymilletras.com\\\/#\\\/schema\\\/person\\\/0860dc8a218329991ee2c7591f4f849d\",\"name\":\"Redacci\u00f3n\",\"image\":{\"@type\":\"ImageObject\",\"inLanguage\":\"en-GB\",\"@id\":\"https:\\\/\\\/secure.gravatar.com\\\/avatar\\\/d8f55e05a8b6597e45c55a1dcbdbfe44f4a360d88b48e00de5216a79b7732796?s=96&d=mm&r=g\",\"url\":\"https:\\\/\\\/secure.gravatar.com\\\/avatar\\\/d8f55e05a8b6597e45c55a1dcbdbfe44f4a360d88b48e00de5216a79b7732796?s=96&d=mm&r=g\",\"contentUrl\":\"https:\\\/\\\/secure.gravatar.com\\\/avatar\\\/d8f55e05a8b6597e45c55a1dcbdbfe44f4a360d88b48e00de5216a79b7732796?s=96&d=mm&r=g\",\"caption\":\"Redacci\u00f3n\"},\"url\":\"https:\\\/\\\/unaymilletras.com\\\/en\\\/author\\\/redaccion\\\/\"}]}<\/script>\n<!-- \/ Yoast SEO plugin. -->","yoast_head_json":{"title":"Paul Thin debuta en solitario en el Concert Music Festival","description":"El \"Spawn Point Tour\" es el punto de partida de la carrera en solitario de Paul Thin, donde ha dejado boquiabiertos a sus seguidores","robots":{"index":"index","follow":"follow","max-snippet":"max-snippet:-1","max-image-preview":"max-image-preview:large","max-video-preview":"max-video-preview:-1"},"canonical":"https:\/\/unaymilletras.com\/en\/paul-thin-debuta-en-solitario-en-el-concert-music-festival\/","og_locale":"en_GB","og_type":"article","og_title":"Paul Thin debuta en solitario en el Concert Music Festival","og_description":"El \"Spawn Point Tour\" es el punto de partida de la carrera en solitario de Paul Thin, donde ha dejado boquiabiertos a sus seguidores","og_url":"https:\/\/unaymilletras.com\/en\/paul-thin-debuta-en-solitario-en-el-concert-music-festival\/","og_site_name":"Una y Mil Letras","article_published_time":"2024-08-16T11:42:20+00:00","article_modified_time":"2024-08-21T16:09:47+00:00","og_image":[{"width":660,"height":440,"url":"http:\/\/unaymilletras.com\/wp-content\/uploads\/2024\/08\/paul.jpeg","type":"image\/jpeg"}],"author":"Redacci\u00f3n","twitter_card":"summary_large_image","twitter_creator":"@UnaYMilLetras","twitter_site":"@UnaYMilLetras","twitter_misc":{"Written by":"Redacci\u00f3n","Estimated reading time":"2 minutes"},"schema":{"@context":"https:\/\/schema.org","@graph":[{"@type":"Article","@id":"https:\/\/unaymilletras.com\/paul-thin-debuta-en-solitario-en-el-concert-music-festival\/#article","isPartOf":{"@id":"https:\/\/unaymilletras.com\/paul-thin-debuta-en-solitario-en-el-concert-music-festival\/"},"author":{"name":"Redacci\u00f3n","@id":"http:\/\/unaymilletras.com\/#\/schema\/person\/0860dc8a218329991ee2c7591f4f849d"},"headline":"Paul Thin debuta en solitario en el Concert Music Festival","datePublished":"2024-08-16T11:42:20+00:00","dateModified":"2024-08-21T16:09:47+00:00","mainEntityOfPage":{"@id":"https:\/\/unaymilletras.com\/paul-thin-debuta-en-solitario-en-el-concert-music-festival\/"},"wordCount":214,"commentCount":0,"publisher":{"@id":"http:\/\/unaymilletras.com\/#organization"},"image":{"@id":"https:\/\/unaymilletras.com\/paul-thin-debuta-en-solitario-en-el-concert-music-festival\/#primaryimage"},"thumbnailUrl":"https:\/\/unaymilletras.com\/wp-content\/uploads\/2024\/08\/paul.jpeg","articleSection":["M\u00fasica","Uncategorized"],"inLanguage":"en-GB","potentialAction":[{"@type":"CommentAction","name":"Comment","target":["https:\/\/unaymilletras.com\/paul-thin-debuta-en-solitario-en-el-concert-music-festival\/#respond"]}]},{"@type":"WebPage","@id":"https:\/\/unaymilletras.com\/paul-thin-debuta-en-solitario-en-el-concert-music-festival\/","url":"https:\/\/unaymilletras.com\/paul-thin-debuta-en-solitario-en-el-concert-music-festival\/","name":"Paul Thin debuta en solitario en el Concert Music Festival","isPartOf":{"@id":"http:\/\/unaymilletras.com\/#website"},"primaryImageOfPage":{"@id":"https:\/\/unaymilletras.com\/paul-thin-debuta-en-solitario-en-el-concert-music-festival\/#primaryimage"},"image":{"@id":"https:\/\/unaymilletras.com\/paul-thin-debuta-en-solitario-en-el-concert-music-festival\/#primaryimage"},"thumbnailUrl":"https:\/\/unaymilletras.com\/wp-content\/uploads\/2024\/08\/paul.jpeg","datePublished":"2024-08-16T11:42:20+00:00","dateModified":"2024-08-21T16:09:47+00:00","description":"El \"Spawn Point Tour\" es el punto de partida de la carrera en solitario de Paul Thin, donde ha dejado boquiabiertos a sus seguidores","breadcrumb":{"@id":"https:\/\/unaymilletras.com\/paul-thin-debuta-en-solitario-en-el-concert-music-festival\/#breadcrumb"},"inLanguage":"en-GB","potentialAction":[{"@type":"ReadAction","target":["https:\/\/unaymilletras.com\/paul-thin-debuta-en-solitario-en-el-concert-music-festival\/"]}]},{"@type":"ImageObject","inLanguage":"en-GB","@id":"https:\/\/unaymilletras.com\/paul-thin-debuta-en-solitario-en-el-concert-music-festival\/#primaryimage","url":"https:\/\/unaymilletras.com\/wp-content\/uploads\/2024\/08\/paul.jpeg","contentUrl":"https:\/\/unaymilletras.com\/wp-content\/uploads\/2024\/08\/paul.jpeg","width":660,"height":440,"caption":"Foto: Christian Franco Lera"},{"@type":"BreadcrumbList","@id":"https:\/\/unaymilletras.com\/paul-thin-debuta-en-solitario-en-el-concert-music-festival\/#breadcrumb","itemListElement":[{"@type":"ListItem","position":1,"name":"Home","item":"http:\/\/unaymilletras.com\/"},{"@type":"ListItem","position":2,"name":"Paul Thin debuta en solitario en el Concert Music Festival"}]},{"@type":"WebSite","@id":"http:\/\/unaymilletras.com\/#website","url":"http:\/\/unaymilletras.com\/","name":"Una y Mil Letras","description":"","publisher":{"@id":"http:\/\/unaymilletras.com\/#organization"},"potentialAction":[{"@type":"SearchAction","target":{"@type":"EntryPoint","urlTemplate":"http:\/\/unaymilletras.com\/?s={search_term_string}"},"query-input":{"@type":"PropertyValueSpecification","valueRequired":true,"valueName":"search_term_string"}}],"inLanguage":"en-GB"},{"@type":"Organization","@id":"http:\/\/unaymilletras.com\/#organization","name":"Una y Mil Letras","url":"http:\/\/unaymilletras.com\/","logo":{"@type":"ImageObject","inLanguage":"en-GB","@id":"http:\/\/unaymilletras.com\/#\/schema\/logo\/image\/","url":"https:\/\/unaymilletras.com\/wp-content\/uploads\/2024\/06\/cropped-Logo-removebg-preview.png","contentUrl":"https:\/\/unaymilletras.com\/wp-content\/uploads\/2024\/06\/cropped-Logo-removebg-preview.png","width":512,"height":512,"caption":"Una y Mil Letras"},"image":{"@id":"http:\/\/unaymilletras.com\/#\/schema\/logo\/image\/"},"sameAs":["https:\/\/x.com\/UnaYMilLetras","https:\/\/instagram.com\/UnaYMilLetras"]},{"@type":"Person","@id":"http:\/\/unaymilletras.com\/#\/schema\/person\/0860dc8a218329991ee2c7591f4f849d","name":"Redacci\u00f3n","image":{"@type":"ImageObject","inLanguage":"en-GB","@id":"https:\/\/secure.gravatar.com\/avatar\/d8f55e05a8b6597e45c55a1dcbdbfe44f4a360d88b48e00de5216a79b7732796?s=96&d=mm&r=g","url":"https:\/\/secure.gravatar.com\/avatar\/d8f55e05a8b6597e45c55a1dcbdbfe44f4a360d88b48e00de5216a79b7732796?s=96&d=mm&r=g","contentUrl":"https:\/\/secure.gravatar.com\/avatar\/d8f55e05a8b6597e45c55a1dcbdbfe44f4a360d88b48e00de5216a79b7732796?s=96&d=mm&r=g","caption":"Redacci\u00f3n"},"url":"https:\/\/unaymilletras.com\/en\/author\/redaccion\/"}]}},"_links":{"self":[{"href":"https:\/\/unaymilletras.com\/en\/wp-json\/wp\/v2\/posts\/2975","targetHints":{"allow":["GET"]}}],"collection":[{"href":"https:\/\/unaymilletras.com\/en\/wp-json\/wp\/v2\/posts"}],"about":[{"href":"https:\/\/unaymilletras.com\/en\/wp-json\/wp\/v2\/types\/post"}],"author":[{"embeddable":true,"href":"https:\/\/unaymilletras.com\/en\/wp-json\/wp\/v2\/users\/6"}],"replies":[{"embeddable":true,"href":"https:\/\/unaymilletras.com\/en\/wp-json\/wp\/v2\/comments?post=2975"}],"version-history":[{"count":7,"href":"https:\/\/unaymilletras.com\/en\/wp-json\/wp\/v2\/posts\/2975\/revisions"}],"predecessor-version":[{"id":2983,"href":"https:\/\/unaymilletras.com\/en\/wp-json\/wp\/v2\/posts\/2975\/revisions\/2983"}],"wp:featuredmedia":[{"embeddable":true,"href":"https:\/\/unaymilletras.com\/en\/wp-json\/wp\/v2\/media\/2977"}],"wp:attachment":[{"href":"https:\/\/unaymilletras.com\/en\/wp-json\/wp\/v2\/media?parent=2975"}],"wp:term":[{"taxonomy":"category","embeddable":true,"href":"https:\/\/unaymilletras.com\/en\/wp-json\/wp\/v2\/categories?post=2975"},{"taxonomy":"post_tag","embeddable":true,"href":"https:\/\/unaymilletras.com\/en\/wp-json\/wp\/v2\/tags?post=2975"}],"curies":[{"name":"wp","href":"https:\/\/api.w.org\/{rel}","templated":true}]}}