{"id":2989,"date":"2024-08-17T13:08:58","date_gmt":"2024-08-17T11:08:58","guid":{"rendered":"https:\/\/unaymilletras.com\/?p=2989"},"modified":"2024-08-21T18:09:32","modified_gmt":"2024-08-21T16:09:32","slug":"the-bear-tercera-temporada-ya-disponible-en-disney","status":"publish","type":"post","link":"https:\/\/unaymilletras.com\/en\/the-bear-tercera-temporada-ya-disponible-en-disney\/","title":{"rendered":"\u00abThe Bear\u00bb: tercera temporada ya disponible en Disney+"},"content":{"rendered":"<div data-elementor-type=\"wp-post\" data-elementor-id=\"2989\" class=\"elementor elementor-2989\">\n\t\t\t\t\t\t<section class=\"elementor-section elementor-top-section elementor-element elementor-element-11ac91b elementor-section-boxed elementor-section-height-default elementor-section-height-default\" data-id=\"11ac91b\" data-element_type=\"section\" data-e-type=\"section\">\n\t\t\t\t\t\t<div class=\"elementor-container elementor-column-gap-default\">\n\t\t\t\t\t<div class=\"elementor-column elementor-col-100 elementor-top-column elementor-element elementor-element-dfb3dde\" data-id=\"dfb3dde\" data-element_type=\"column\" data-e-type=\"column\">\n\t\t\t<div class=\"elementor-widget-wrap elementor-element-populated\">\n\t\t\t\t\t\t<div class=\"elementor-element elementor-element-58982c1 elementor-widget elementor-widget-text-editor\" data-id=\"58982c1\" data-element_type=\"widget\" data-e-type=\"widget\" data-widget_type=\"text-editor.default\">\n\t\t\t\t<div class=\"elementor-widget-container\">\n\t\t\t\t\t\t\t\t\t<h2 style=\"text-align: center;\"><span style=\"color: #808080;\"><em>La serie de FX, \u00abThe Bear\u00bb regresa con nuevos episodios que prometen emociones y desaf\u00edos en el mundo de la alta cocina<\/em><\/span><\/h2>\t\t\t\t\t\t\t\t<\/div>\n\t\t\t\t<\/div>\n\t\t\t\t\t<\/div>\n\t\t<\/div>\n\t\t\t\t\t<\/div>\n\t\t<\/section>\n\t\t\t\t<section class=\"elementor-section elementor-top-section elementor-element elementor-element-ddc2ef0 elementor-section-boxed elementor-section-height-default elementor-section-height-default\" data-id=\"ddc2ef0\" data-element_type=\"section\" data-e-type=\"section\">\n\t\t\t\t\t\t<div class=\"elementor-container elementor-column-gap-default\">\n\t\t\t\t\t<div class=\"elementor-column elementor-col-100 elementor-top-column elementor-element elementor-element-1984214\" data-id=\"1984214\" data-element_type=\"column\" data-e-type=\"column\">\n\t\t\t<div class=\"elementor-widget-wrap elementor-element-populated\">\n\t\t\t\t\t\t<div class=\"elementor-element elementor-element-e57b672 elementor-widget elementor-widget-text-editor\" data-id=\"e57b672\" data-element_type=\"widget\" data-e-type=\"widget\" data-widget_type=\"text-editor.default\">\n\t\t\t\t<div class=\"elementor-widget-container\">\n\t\t\t\t\t\t\t\t\t<p>La tercera temporada de <strong><em>The Bear<\/em><\/strong>, serie ganadora del Emmy\u00ae ya est\u00e1 disponible en <span style=\"color: #808080;\"><a style=\"color: #808080;\" href=\"https:\/\/www.disneyplus.com\/es-es\/series\/the-bear\/52m6nx7HoP5F\"><strong>Disney+<\/strong><\/a><\/span>. Esta nueva entrega sigue a Carmen \u00abCarmy\u00bb Berzatto, Sydney Adamu y Richard \u00abRichie\u00bb Jerimovich en su lucha por transformar su restaurante en un establecimiento de lujo.<\/p>\t\t\t\t\t\t\t\t<\/div>\n\t\t\t\t<\/div>\n\t\t\t\t\t<\/div>\n\t\t<\/div>\n\t\t\t\t\t<\/div>\n\t\t<\/section>\n\t\t\t\t<section class=\"elementor-section elementor-top-section elementor-element elementor-element-d0241b7 elementor-section-boxed elementor-section-height-default elementor-section-height-default\" data-id=\"d0241b7\" data-element_type=\"section\" data-e-type=\"section\">\n\t\t\t\t\t\t<div class=\"elementor-container elementor-column-gap-default\">\n\t\t\t\t\t<div class=\"elementor-column elementor-col-50 elementor-top-column elementor-element elementor-element-0032a7a\" data-id=\"0032a7a\" data-element_type=\"column\" data-e-type=\"column\">\n\t\t\t<div class=\"elementor-widget-wrap elementor-element-populated\">\n\t\t\t\t\t\t<div class=\"elementor-element elementor-element-1b00c8a elementor-widget elementor-widget-image\" data-id=\"1b00c8a\" data-element_type=\"widget\" data-e-type=\"widget\" data-widget_type=\"image.default\">\n\t\t\t\t<div class=\"elementor-widget-container\">\n\t\t\t\t\t\t\t\t\t\t\t\t\t\t\t<img fetchpriority=\"high\" decoding=\"async\" width=\"640\" height=\"800\" src=\"https:\/\/unaymilletras.com\/wp-content\/uploads\/2024\/08\/Bear_The_Season3_Social_Static_4x5_1080x1350__Date_es-ES-819x1024.png\" class=\"attachment-large size-large wp-image-2991\" alt=\"The Bear\" srcset=\"https:\/\/unaymilletras.com\/wp-content\/uploads\/2024\/08\/Bear_The_Season3_Social_Static_4x5_1080x1350__Date_es-ES-819x1024.png 819w, https:\/\/unaymilletras.com\/wp-content\/uploads\/2024\/08\/Bear_The_Season3_Social_Static_4x5_1080x1350__Date_es-ES-240x300.png 240w, https:\/\/unaymilletras.com\/wp-content\/uploads\/2024\/08\/Bear_The_Season3_Social_Static_4x5_1080x1350__Date_es-ES-768x960.png 768w, https:\/\/unaymilletras.com\/wp-content\/uploads\/2024\/08\/Bear_The_Season3_Social_Static_4x5_1080x1350__Date_es-ES-1024x1280.png 1024w, https:\/\/unaymilletras.com\/wp-content\/uploads\/2024\/08\/Bear_The_Season3_Social_Static_4x5_1080x1350__Date_es-ES-e1723892716735.png 600w\" sizes=\"(max-width: 640px) 100vw, 640px\" \/>\t\t\t\t\t\t\t\t\t\t\t\t\t\t\t<\/div>\n\t\t\t\t<\/div>\n\t\t\t\t\t<\/div>\n\t\t<\/div>\n\t\t\t\t<div class=\"elementor-column elementor-col-50 elementor-top-column elementor-element elementor-element-e721e1f\" data-id=\"e721e1f\" data-element_type=\"column\" data-e-type=\"column\">\n\t\t\t<div class=\"elementor-widget-wrap elementor-element-populated\">\n\t\t\t\t\t\t<div class=\"elementor-element elementor-element-e166a51 elementor-widget elementor-widget-text-editor\" data-id=\"e166a51\" data-element_type=\"widget\" data-e-type=\"widget\" data-widget_type=\"text-editor.default\">\n\t\t\t\t<div class=\"elementor-widget-container\">\n\t\t\t\t\t\t\t\t\t<p>En esta temporada, Carmy y su equipo enfrentan desaf\u00edos in\u00e9ditos mientras intentan mantener su negocio a flote y elevarlo a la cima del mundo culinario. Con un enfoque renovado, cada miembro del equipo se ver\u00e1 empujado a sus l\u00edmites en un sector tan competitivo como impredecible.<\/p><p>Adem\u00e1s de su elenco principal, la serie cuenta con la participaci\u00f3n de actores como Abby Elliott, Lionel Boyce y Liza Col\u00f3n-Zayas. As\u00ed como apariciones recurrentes de Oliver Platt y Molly Gordon. <em>The Bear<\/em>\u00a0ha sido reconocida por la cr\u00edtica internacional y ha ganado m\u00faltiples premios. Se ha consolidado como una de las mejores series de la televisi\u00f3n actual.<\/p>\t\t\t\t\t\t\t\t<\/div>\n\t\t\t\t<\/div>\n\t\t\t\t\t<\/div>\n\t\t<\/div>\n\t\t\t\t\t<\/div>\n\t\t<\/section>\n\t\t\t\t<section class=\"elementor-section elementor-top-section elementor-element elementor-element-e8c7bd9 elementor-section-boxed elementor-section-height-default elementor-section-height-default\" data-id=\"e8c7bd9\" data-element_type=\"section\" data-e-type=\"section\">\n\t\t\t\t\t\t<div class=\"elementor-container elementor-column-gap-default\">\n\t\t\t\t\t<div class=\"elementor-column elementor-col-100 elementor-top-column elementor-element elementor-element-9a5ed1e\" data-id=\"9a5ed1e\" data-element_type=\"column\" data-e-type=\"column\">\n\t\t\t<div class=\"elementor-widget-wrap elementor-element-populated\">\n\t\t\t\t\t\t<div class=\"elementor-element elementor-element-61f2570 elementor-widget elementor-widget-text-editor\" data-id=\"61f2570\" data-element_type=\"widget\" data-e-type=\"widget\" data-widget_type=\"text-editor.default\">\n\t\t\t\t<div class=\"elementor-widget-container\">\n\t\t\t\t\t\t\t\t\t<p>Creada por Christopher Storer y producida por FX Productions, sigue cosechando elogios y reconocimientos, incluyendo premios en los Emmy\u00ae, Globos de Oro y Premios del Sindicato de Actores, entre otros. Con todos los episodios ya disponibles en Disney+, los fan\u00e1ticos pueden sumergirse en esta nueva y emocionante temporada.<\/p>\t\t\t\t\t\t\t\t<\/div>\n\t\t\t\t<\/div>\n\t\t\t\t\t<\/div>\n\t\t<\/div>\n\t\t\t\t\t<\/div>\n\t\t<\/section>\n\t\t\t\t<\/div>","protected":false},"excerpt":{"rendered":"<p>La serie de FX, \u00abThe Bear\u00bb regresa con nuevos episodios que prometen emociones y desaf\u00edos en el mundo de la alta cocina La tercera temporada de The Bear, serie ganadora del Emmy\u00ae ya est\u00e1 disponible en Disney+. Esta nueva entrega sigue a Carmen \u00abCarmy\u00bb Berzatto, Sydney Adamu y Richard \u00abRichie\u00bb Jerimovich en su lucha por [&hellip;]<\/p>\n","protected":false},"author":6,"featured_media":2991,"comment_status":"open","ping_status":"open","sticky":false,"template":"","format":"standard","meta":{"footnotes":""},"categories":[117],"tags":[],"class_list":["post-2989","post","type-post","status-publish","format-standard","has-post-thumbnail","hentry","category-peliculas-y-series"],"yoast_head":"<!-- This site is optimized with the Yoast SEO plugin v27.4 - https:\/\/yoast.com\/product\/yoast-seo-wordpress\/ -->\n<title>&quot;The Bear&quot;: tercera temporada ya disponible en Disney+<\/title>\n<meta name=\"description\" content=\"La aclamada serie de FX, &quot;The Bear&quot; regresa con nuevos episodios que prometen emociones y desaf\u00edos en el mundo de la alta cocina\" \/>\n<meta name=\"robots\" content=\"index, follow, max-snippet:-1, max-image-preview:large, max-video-preview:-1\" \/>\n<link rel=\"canonical\" href=\"https:\/\/unaymilletras.com\/en\/the-bear-tercera-temporada-ya-disponible-en-disney\/\" \/>\n<meta property=\"og:locale\" content=\"en_GB\" \/>\n<meta property=\"og:type\" content=\"article\" \/>\n<meta property=\"og:title\" content=\"&quot;The Bear&quot;: tercera temporada ya disponible en Disney+\" \/>\n<meta property=\"og:description\" content=\"La aclamada serie de FX, &quot;The Bear&quot; regresa con nuevos episodios que prometen emociones y desaf\u00edos en el mundo de la alta cocina\" \/>\n<meta property=\"og:url\" content=\"https:\/\/unaymilletras.com\/en\/the-bear-tercera-temporada-ya-disponible-en-disney\/\" \/>\n<meta property=\"og:site_name\" content=\"Una y Mil Letras\" \/>\n<meta property=\"article:published_time\" content=\"2024-08-17T11:08:58+00:00\" \/>\n<meta property=\"article:modified_time\" content=\"2024-08-21T16:09:32+00:00\" \/>\n<meta property=\"og:image\" content=\"http:\/\/unaymilletras.com\/wp-content\/uploads\/2024\/08\/Bear_The_Season3_Social_Static_4x5_1080x1350__Date_es-ES-819x1024.png\" \/>\n\t<meta property=\"og:image:width\" content=\"819\" \/>\n\t<meta property=\"og:image:height\" content=\"1024\" \/>\n\t<meta property=\"og:image:type\" content=\"image\/png\" \/>\n<meta name=\"author\" content=\"Redacci\u00f3n\" \/>\n<meta name=\"twitter:card\" content=\"summary_large_image\" \/>\n<meta name=\"twitter:creator\" content=\"@UnaYMilLetras\" \/>\n<meta name=\"twitter:site\" content=\"@UnaYMilLetras\" \/>\n<meta name=\"twitter:label1\" content=\"Written by\" \/>\n\t<meta name=\"twitter:data1\" content=\"Redacci\u00f3n\" \/>\n\t<meta name=\"twitter:label2\" content=\"Estimated reading time\" \/>\n\t<meta name=\"twitter:data2\" content=\"2 minutes\" \/>\n<script type=\"application\/ld+json\" class=\"yoast-schema-graph\">{\"@context\":\"https:\\\/\\\/schema.org\",\"@graph\":[{\"@type\":\"Article\",\"@id\":\"https:\\\/\\\/unaymilletras.com\\\/the-bear-tercera-temporada-ya-disponible-en-disney\\\/#article\",\"isPartOf\":{\"@id\":\"https:\\\/\\\/unaymilletras.com\\\/the-bear-tercera-temporada-ya-disponible-en-disney\\\/\"},\"author\":{\"name\":\"Redacci\u00f3n\",\"@id\":\"http:\\\/\\\/unaymilletras.com\\\/#\\\/schema\\\/person\\\/0860dc8a218329991ee2c7591f4f849d\"},\"headline\":\"\u00abThe Bear\u00bb: tercera temporada ya disponible en Disney+\",\"datePublished\":\"2024-08-17T11:08:58+00:00\",\"dateModified\":\"2024-08-21T16:09:32+00:00\",\"mainEntityOfPage\":{\"@id\":\"https:\\\/\\\/unaymilletras.com\\\/the-bear-tercera-temporada-ya-disponible-en-disney\\\/\"},\"wordCount\":234,\"commentCount\":0,\"publisher\":{\"@id\":\"http:\\\/\\\/unaymilletras.com\\\/#organization\"},\"image\":{\"@id\":\"https:\\\/\\\/unaymilletras.com\\\/the-bear-tercera-temporada-ya-disponible-en-disney\\\/#primaryimage\"},\"thumbnailUrl\":\"https:\\\/\\\/unaymilletras.com\\\/wp-content\\\/uploads\\\/2024\\\/08\\\/Bear_The_Season3_Social_Static_4x5_1080x1350__Date_es-ES-e1723892716735.png\",\"articleSection\":[\"Pel\u00edculas y Series\"],\"inLanguage\":\"en-GB\",\"potentialAction\":[{\"@type\":\"CommentAction\",\"name\":\"Comment\",\"target\":[\"https:\\\/\\\/unaymilletras.com\\\/the-bear-tercera-temporada-ya-disponible-en-disney\\\/#respond\"]}]},{\"@type\":\"WebPage\",\"@id\":\"https:\\\/\\\/unaymilletras.com\\\/the-bear-tercera-temporada-ya-disponible-en-disney\\\/\",\"url\":\"https:\\\/\\\/unaymilletras.com\\\/the-bear-tercera-temporada-ya-disponible-en-disney\\\/\",\"name\":\"\\\"The Bear\\\": tercera temporada ya disponible en Disney+\",\"isPartOf\":{\"@id\":\"http:\\\/\\\/unaymilletras.com\\\/#website\"},\"primaryImageOfPage\":{\"@id\":\"https:\\\/\\\/unaymilletras.com\\\/the-bear-tercera-temporada-ya-disponible-en-disney\\\/#primaryimage\"},\"image\":{\"@id\":\"https:\\\/\\\/unaymilletras.com\\\/the-bear-tercera-temporada-ya-disponible-en-disney\\\/#primaryimage\"},\"thumbnailUrl\":\"https:\\\/\\\/unaymilletras.com\\\/wp-content\\\/uploads\\\/2024\\\/08\\\/Bear_The_Season3_Social_Static_4x5_1080x1350__Date_es-ES-e1723892716735.png\",\"datePublished\":\"2024-08-17T11:08:58+00:00\",\"dateModified\":\"2024-08-21T16:09:32+00:00\",\"description\":\"La aclamada serie de FX, \\\"The Bear\\\" regresa con nuevos episodios que prometen emociones y desaf\u00edos en el mundo de la alta cocina\",\"breadcrumb\":{\"@id\":\"https:\\\/\\\/unaymilletras.com\\\/the-bear-tercera-temporada-ya-disponible-en-disney\\\/#breadcrumb\"},\"inLanguage\":\"en-GB\",\"potentialAction\":[{\"@type\":\"ReadAction\",\"target\":[\"https:\\\/\\\/unaymilletras.com\\\/the-bear-tercera-temporada-ya-disponible-en-disney\\\/\"]}]},{\"@type\":\"ImageObject\",\"inLanguage\":\"en-GB\",\"@id\":\"https:\\\/\\\/unaymilletras.com\\\/the-bear-tercera-temporada-ya-disponible-en-disney\\\/#primaryimage\",\"url\":\"https:\\\/\\\/unaymilletras.com\\\/wp-content\\\/uploads\\\/2024\\\/08\\\/Bear_The_Season3_Social_Static_4x5_1080x1350__Date_es-ES-e1723892716735.png\",\"contentUrl\":\"https:\\\/\\\/unaymilletras.com\\\/wp-content\\\/uploads\\\/2024\\\/08\\\/Bear_The_Season3_Social_Static_4x5_1080x1350__Date_es-ES-e1723892716735.png\",\"width\":600,\"height\":750,\"caption\":\"The Bear\"},{\"@type\":\"BreadcrumbList\",\"@id\":\"https:\\\/\\\/unaymilletras.com\\\/the-bear-tercera-temporada-ya-disponible-en-disney\\\/#breadcrumb\",\"itemListElement\":[{\"@type\":\"ListItem\",\"position\":1,\"name\":\"Home\",\"item\":\"http:\\\/\\\/unaymilletras.com\\\/\"},{\"@type\":\"ListItem\",\"position\":2,\"name\":\"\u00abThe Bear\u00bb: tercera temporada ya disponible en Disney+\"}]},{\"@type\":\"WebSite\",\"@id\":\"http:\\\/\\\/unaymilletras.com\\\/#website\",\"url\":\"http:\\\/\\\/unaymilletras.com\\\/\",\"name\":\"Una y Mil Letras\",\"description\":\"\",\"publisher\":{\"@id\":\"http:\\\/\\\/unaymilletras.com\\\/#organization\"},\"potentialAction\":[{\"@type\":\"SearchAction\",\"target\":{\"@type\":\"EntryPoint\",\"urlTemplate\":\"http:\\\/\\\/unaymilletras.com\\\/?s={search_term_string}\"},\"query-input\":{\"@type\":\"PropertyValueSpecification\",\"valueRequired\":true,\"valueName\":\"search_term_string\"}}],\"inLanguage\":\"en-GB\"},{\"@type\":\"Organization\",\"@id\":\"http:\\\/\\\/unaymilletras.com\\\/#organization\",\"name\":\"Una y Mil Letras\",\"url\":\"http:\\\/\\\/unaymilletras.com\\\/\",\"logo\":{\"@type\":\"ImageObject\",\"inLanguage\":\"en-GB\",\"@id\":\"http:\\\/\\\/unaymilletras.com\\\/#\\\/schema\\\/logo\\\/image\\\/\",\"url\":\"https:\\\/\\\/unaymilletras.com\\\/wp-content\\\/uploads\\\/2024\\\/06\\\/cropped-Logo-removebg-preview.png\",\"contentUrl\":\"https:\\\/\\\/unaymilletras.com\\\/wp-content\\\/uploads\\\/2024\\\/06\\\/cropped-Logo-removebg-preview.png\",\"width\":512,\"height\":512,\"caption\":\"Una y Mil Letras\"},\"image\":{\"@id\":\"http:\\\/\\\/unaymilletras.com\\\/#\\\/schema\\\/logo\\\/image\\\/\"},\"sameAs\":[\"https:\\\/\\\/x.com\\\/UnaYMilLetras\",\"https:\\\/\\\/instagram.com\\\/UnaYMilLetras\"]},{\"@type\":\"Person\",\"@id\":\"http:\\\/\\\/unaymilletras.com\\\/#\\\/schema\\\/person\\\/0860dc8a218329991ee2c7591f4f849d\",\"name\":\"Redacci\u00f3n\",\"image\":{\"@type\":\"ImageObject\",\"inLanguage\":\"en-GB\",\"@id\":\"https:\\\/\\\/secure.gravatar.com\\\/avatar\\\/d8f55e05a8b6597e45c55a1dcbdbfe44f4a360d88b48e00de5216a79b7732796?s=96&d=mm&r=g\",\"url\":\"https:\\\/\\\/secure.gravatar.com\\\/avatar\\\/d8f55e05a8b6597e45c55a1dcbdbfe44f4a360d88b48e00de5216a79b7732796?s=96&d=mm&r=g\",\"contentUrl\":\"https:\\\/\\\/secure.gravatar.com\\\/avatar\\\/d8f55e05a8b6597e45c55a1dcbdbfe44f4a360d88b48e00de5216a79b7732796?s=96&d=mm&r=g\",\"caption\":\"Redacci\u00f3n\"},\"url\":\"https:\\\/\\\/unaymilletras.com\\\/en\\\/author\\\/redaccion\\\/\"}]}<\/script>\n<!-- \/ Yoast SEO plugin. -->","yoast_head_json":{"title":"\"The Bear\": tercera temporada ya disponible en Disney+","description":"La aclamada serie de FX, \"The Bear\" regresa con nuevos episodios que prometen emociones y desaf\u00edos en el mundo de la alta cocina","robots":{"index":"index","follow":"follow","max-snippet":"max-snippet:-1","max-image-preview":"max-image-preview:large","max-video-preview":"max-video-preview:-1"},"canonical":"https:\/\/unaymilletras.com\/en\/the-bear-tercera-temporada-ya-disponible-en-disney\/","og_locale":"en_GB","og_type":"article","og_title":"\"The Bear\": tercera temporada ya disponible en Disney+","og_description":"La aclamada serie de FX, \"The Bear\" regresa con nuevos episodios que prometen emociones y desaf\u00edos en el mundo de la alta cocina","og_url":"https:\/\/unaymilletras.com\/en\/the-bear-tercera-temporada-ya-disponible-en-disney\/","og_site_name":"Una y Mil Letras","article_published_time":"2024-08-17T11:08:58+00:00","article_modified_time":"2024-08-21T16:09:32+00:00","og_image":[{"width":819,"height":1024,"url":"http:\/\/unaymilletras.com\/wp-content\/uploads\/2024\/08\/Bear_The_Season3_Social_Static_4x5_1080x1350__Date_es-ES-819x1024.png","type":"image\/png"}],"author":"Redacci\u00f3n","twitter_card":"summary_large_image","twitter_creator":"@UnaYMilLetras","twitter_site":"@UnaYMilLetras","twitter_misc":{"Written by":"Redacci\u00f3n","Estimated reading time":"2 minutes"},"schema":{"@context":"https:\/\/schema.org","@graph":[{"@type":"Article","@id":"https:\/\/unaymilletras.com\/the-bear-tercera-temporada-ya-disponible-en-disney\/#article","isPartOf":{"@id":"https:\/\/unaymilletras.com\/the-bear-tercera-temporada-ya-disponible-en-disney\/"},"author":{"name":"Redacci\u00f3n","@id":"http:\/\/unaymilletras.com\/#\/schema\/person\/0860dc8a218329991ee2c7591f4f849d"},"headline":"\u00abThe Bear\u00bb: tercera temporada ya disponible en Disney+","datePublished":"2024-08-17T11:08:58+00:00","dateModified":"2024-08-21T16:09:32+00:00","mainEntityOfPage":{"@id":"https:\/\/unaymilletras.com\/the-bear-tercera-temporada-ya-disponible-en-disney\/"},"wordCount":234,"commentCount":0,"publisher":{"@id":"http:\/\/unaymilletras.com\/#organization"},"image":{"@id":"https:\/\/unaymilletras.com\/the-bear-tercera-temporada-ya-disponible-en-disney\/#primaryimage"},"thumbnailUrl":"https:\/\/unaymilletras.com\/wp-content\/uploads\/2024\/08\/Bear_The_Season3_Social_Static_4x5_1080x1350__Date_es-ES-e1723892716735.png","articleSection":["Pel\u00edculas y Series"],"inLanguage":"en-GB","potentialAction":[{"@type":"CommentAction","name":"Comment","target":["https:\/\/unaymilletras.com\/the-bear-tercera-temporada-ya-disponible-en-disney\/#respond"]}]},{"@type":"WebPage","@id":"https:\/\/unaymilletras.com\/the-bear-tercera-temporada-ya-disponible-en-disney\/","url":"https:\/\/unaymilletras.com\/the-bear-tercera-temporada-ya-disponible-en-disney\/","name":"\"The Bear\": tercera temporada ya disponible en Disney+","isPartOf":{"@id":"http:\/\/unaymilletras.com\/#website"},"primaryImageOfPage":{"@id":"https:\/\/unaymilletras.com\/the-bear-tercera-temporada-ya-disponible-en-disney\/#primaryimage"},"image":{"@id":"https:\/\/unaymilletras.com\/the-bear-tercera-temporada-ya-disponible-en-disney\/#primaryimage"},"thumbnailUrl":"https:\/\/unaymilletras.com\/wp-content\/uploads\/2024\/08\/Bear_The_Season3_Social_Static_4x5_1080x1350__Date_es-ES-e1723892716735.png","datePublished":"2024-08-17T11:08:58+00:00","dateModified":"2024-08-21T16:09:32+00:00","description":"La aclamada serie de FX, \"The Bear\" regresa con nuevos episodios que prometen emociones y desaf\u00edos en el mundo de la alta cocina","breadcrumb":{"@id":"https:\/\/unaymilletras.com\/the-bear-tercera-temporada-ya-disponible-en-disney\/#breadcrumb"},"inLanguage":"en-GB","potentialAction":[{"@type":"ReadAction","target":["https:\/\/unaymilletras.com\/the-bear-tercera-temporada-ya-disponible-en-disney\/"]}]},{"@type":"ImageObject","inLanguage":"en-GB","@id":"https:\/\/unaymilletras.com\/the-bear-tercera-temporada-ya-disponible-en-disney\/#primaryimage","url":"https:\/\/unaymilletras.com\/wp-content\/uploads\/2024\/08\/Bear_The_Season3_Social_Static_4x5_1080x1350__Date_es-ES-e1723892716735.png","contentUrl":"https:\/\/unaymilletras.com\/wp-content\/uploads\/2024\/08\/Bear_The_Season3_Social_Static_4x5_1080x1350__Date_es-ES-e1723892716735.png","width":600,"height":750,"caption":"The Bear"},{"@type":"BreadcrumbList","@id":"https:\/\/unaymilletras.com\/the-bear-tercera-temporada-ya-disponible-en-disney\/#breadcrumb","itemListElement":[{"@type":"ListItem","position":1,"name":"Home","item":"http:\/\/unaymilletras.com\/"},{"@type":"ListItem","position":2,"name":"\u00abThe Bear\u00bb: tercera temporada ya disponible en Disney+"}]},{"@type":"WebSite","@id":"http:\/\/unaymilletras.com\/#website","url":"http:\/\/unaymilletras.com\/","name":"Una y Mil Letras","description":"","publisher":{"@id":"http:\/\/unaymilletras.com\/#organization"},"potentialAction":[{"@type":"SearchAction","target":{"@type":"EntryPoint","urlTemplate":"http:\/\/unaymilletras.com\/?s={search_term_string}"},"query-input":{"@type":"PropertyValueSpecification","valueRequired":true,"valueName":"search_term_string"}}],"inLanguage":"en-GB"},{"@type":"Organization","@id":"http:\/\/unaymilletras.com\/#organization","name":"Una y Mil Letras","url":"http:\/\/unaymilletras.com\/","logo":{"@type":"ImageObject","inLanguage":"en-GB","@id":"http:\/\/unaymilletras.com\/#\/schema\/logo\/image\/","url":"https:\/\/unaymilletras.com\/wp-content\/uploads\/2024\/06\/cropped-Logo-removebg-preview.png","contentUrl":"https:\/\/unaymilletras.com\/wp-content\/uploads\/2024\/06\/cropped-Logo-removebg-preview.png","width":512,"height":512,"caption":"Una y Mil Letras"},"image":{"@id":"http:\/\/unaymilletras.com\/#\/schema\/logo\/image\/"},"sameAs":["https:\/\/x.com\/UnaYMilLetras","https:\/\/instagram.com\/UnaYMilLetras"]},{"@type":"Person","@id":"http:\/\/unaymilletras.com\/#\/schema\/person\/0860dc8a218329991ee2c7591f4f849d","name":"Redacci\u00f3n","image":{"@type":"ImageObject","inLanguage":"en-GB","@id":"https:\/\/secure.gravatar.com\/avatar\/d8f55e05a8b6597e45c55a1dcbdbfe44f4a360d88b48e00de5216a79b7732796?s=96&d=mm&r=g","url":"https:\/\/secure.gravatar.com\/avatar\/d8f55e05a8b6597e45c55a1dcbdbfe44f4a360d88b48e00de5216a79b7732796?s=96&d=mm&r=g","contentUrl":"https:\/\/secure.gravatar.com\/avatar\/d8f55e05a8b6597e45c55a1dcbdbfe44f4a360d88b48e00de5216a79b7732796?s=96&d=mm&r=g","caption":"Redacci\u00f3n"},"url":"https:\/\/unaymilletras.com\/en\/author\/redaccion\/"}]}},"_links":{"self":[{"href":"https:\/\/unaymilletras.com\/en\/wp-json\/wp\/v2\/posts\/2989","targetHints":{"allow":["GET"]}}],"collection":[{"href":"https:\/\/unaymilletras.com\/en\/wp-json\/wp\/v2\/posts"}],"about":[{"href":"https:\/\/unaymilletras.com\/en\/wp-json\/wp\/v2\/types\/post"}],"author":[{"embeddable":true,"href":"https:\/\/unaymilletras.com\/en\/wp-json\/wp\/v2\/users\/6"}],"replies":[{"embeddable":true,"href":"https:\/\/unaymilletras.com\/en\/wp-json\/wp\/v2\/comments?post=2989"}],"version-history":[{"count":5,"href":"https:\/\/unaymilletras.com\/en\/wp-json\/wp\/v2\/posts\/2989\/revisions"}],"predecessor-version":[{"id":2995,"href":"https:\/\/unaymilletras.com\/en\/wp-json\/wp\/v2\/posts\/2989\/revisions\/2995"}],"wp:featuredmedia":[{"embeddable":true,"href":"https:\/\/unaymilletras.com\/en\/wp-json\/wp\/v2\/media\/2991"}],"wp:attachment":[{"href":"https:\/\/unaymilletras.com\/en\/wp-json\/wp\/v2\/media?parent=2989"}],"wp:term":[{"taxonomy":"category","embeddable":true,"href":"https:\/\/unaymilletras.com\/en\/wp-json\/wp\/v2\/categories?post=2989"},{"taxonomy":"post_tag","embeddable":true,"href":"https:\/\/unaymilletras.com\/en\/wp-json\/wp\/v2\/tags?post=2989"}],"curies":[{"name":"wp","href":"https:\/\/api.w.org\/{rel}","templated":true}]}}