{"id":2997,"date":"2024-08-22T12:18:53","date_gmt":"2024-08-22T10:18:53","guid":{"rendered":"https:\/\/unaymilletras.com\/?p=2997"},"modified":"2024-08-22T12:23:50","modified_gmt":"2024-08-22T10:23:50","slug":"candela-gomez-reinterpreta-tambien-lloras-en-acustico","status":"publish","type":"post","link":"https:\/\/unaymilletras.com\/en\/candela-gomez-reinterpreta-tambien-lloras-en-acustico\/","title":{"rendered":"Candela G\u00f3mez reinterpreta \u00abTambi\u00e9n Lloras\u00bb en  ac\u00fastico"},"content":{"rendered":"\t\t<div data-elementor-type=\"wp-post\" data-elementor-id=\"2997\" class=\"elementor elementor-2997\">\n\t\t\t\t\t\t<section class=\"elementor-section elementor-top-section elementor-element elementor-element-551b5fe elementor-section-boxed elementor-section-height-default elementor-section-height-default\" data-id=\"551b5fe\" data-element_type=\"section\" data-e-type=\"section\">\n\t\t\t\t\t\t<div class=\"elementor-container elementor-column-gap-default\">\n\t\t\t\t\t<div class=\"elementor-column elementor-col-100 elementor-top-column elementor-element elementor-element-790bd86\" data-id=\"790bd86\" data-element_type=\"column\" data-e-type=\"column\">\n\t\t\t<div class=\"elementor-widget-wrap elementor-element-populated\">\n\t\t\t\t\t\t<div class=\"elementor-element elementor-element-47f5bd7 elementor-widget elementor-widget-text-editor\" data-id=\"47f5bd7\" data-element_type=\"widget\" data-e-type=\"widget\" data-widget_type=\"text-editor.default\">\n\t\t\t\t<div class=\"elementor-widget-container\">\n\t\t\t\t\t\t\t\t\t<h2 style=\"text-align: center;\"><span style=\"color: #808080;\"><em>La artista Candela G\u00f3mez sorprende con una interpretaci\u00f3n \u00edntima de su tema exclusivo se prepara para el cierre de su Gira COLIRIO<\/em><\/span><\/h2>\t\t\t\t\t\t\t\t<\/div>\n\t\t\t\t<\/div>\n\t\t\t\t\t<\/div>\n\t\t<\/div>\n\t\t\t\t\t<\/div>\n\t\t<\/section>\n\t\t\t\t<section class=\"elementor-section elementor-top-section elementor-element elementor-element-01b763c elementor-section-boxed elementor-section-height-default elementor-section-height-default\" data-id=\"01b763c\" data-element_type=\"section\" data-e-type=\"section\">\n\t\t\t\t\t\t<div class=\"elementor-container elementor-column-gap-default\">\n\t\t\t\t\t<div class=\"elementor-column elementor-col-100 elementor-top-column elementor-element elementor-element-bbe37ee\" data-id=\"bbe37ee\" data-element_type=\"column\" data-e-type=\"column\">\n\t\t\t<div class=\"elementor-widget-wrap elementor-element-populated\">\n\t\t\t\t\t\t<div class=\"elementor-element elementor-element-4928478 elementor-widget elementor-widget-text-editor\" data-id=\"4928478\" data-element_type=\"widget\" data-e-type=\"widget\" data-widget_type=\"text-editor.default\">\n\t\t\t\t<div class=\"elementor-widget-container\">\n\t\t\t\t\t\t\t\t\t<p><strong>Candela G\u00f3mez<\/strong> ha vuelto a emocionar a sus seguidores con una nueva interpretaci\u00f3n de <em><strong>Tambi\u00e9n Lloras<\/strong><\/em>, una canci\u00f3n que, hasta ahora, solo estaba disponible en el formato f\u00edsico de su primer EP, <em>COLIRIO<\/em>. Esta versi\u00f3n ac\u00fastica destaca por su sencillez y profundidad, con la voz de Candela y su inseparable guitarra llena de pegatinas como \u00fanicos protagonistas.<\/p>\t\t\t\t\t\t\t\t<\/div>\n\t\t\t\t<\/div>\n\t\t\t\t\t<\/div>\n\t\t<\/div>\n\t\t\t\t\t<\/div>\n\t\t<\/section>\n\t\t\t\t<section class=\"elementor-section elementor-top-section elementor-element elementor-element-fbe7d65 elementor-section-boxed elementor-section-height-default elementor-section-height-default\" data-id=\"fbe7d65\" data-element_type=\"section\" data-e-type=\"section\">\n\t\t\t\t\t\t<div class=\"elementor-container elementor-column-gap-default\">\n\t\t\t\t\t<div class=\"elementor-column elementor-col-50 elementor-top-column elementor-element elementor-element-8aba5d7\" data-id=\"8aba5d7\" data-element_type=\"column\" data-e-type=\"column\">\n\t\t\t<div class=\"elementor-widget-wrap elementor-element-populated\">\n\t\t\t\t\t\t<div class=\"elementor-element elementor-element-904089a elementor-widget elementor-widget-text-editor\" data-id=\"904089a\" data-element_type=\"widget\" data-e-type=\"widget\" data-widget_type=\"text-editor.default\">\n\t\t\t\t<div class=\"elementor-widget-container\">\n\t\t\t\t\t\t\t\t\t<p>El v\u00eddeo, grabado en un espacio minimalista envuelto en humo, muestra a Candela sentada en el suelo, acompa\u00f1ada \u00fanicamente por una vieja televisi\u00f3n. La interpretaci\u00f3n de <em>Tambi\u00e9n Lloras<\/em>\u00a0revela una faceta cruda y vulnerable de la artista, cuyas letras son conocidas por su capacidad para conectar profundamente con sus fans. Cada verso de la canci\u00f3n resuena con fuerza, transmitiendo emociones intensas que llegan directo al coraz\u00f3n.<\/p>\t\t\t\t\t\t\t\t<\/div>\n\t\t\t\t<\/div>\n\t\t\t\t\t<\/div>\n\t\t<\/div>\n\t\t\t\t<div class=\"elementor-column elementor-col-50 elementor-top-column elementor-element elementor-element-02b5128\" data-id=\"02b5128\" data-element_type=\"column\" data-e-type=\"column\">\n\t\t\t<div class=\"elementor-widget-wrap elementor-element-populated\">\n\t\t\t\t\t\t<div class=\"elementor-element elementor-element-d59cdf7 elementor-widget elementor-widget-image\" data-id=\"d59cdf7\" data-element_type=\"widget\" data-e-type=\"widget\" data-widget_type=\"image.default\">\n\t\t\t\t<div class=\"elementor-widget-container\">\n\t\t\t\t\t\t\t\t\t\t\t\t\t\t\t<img fetchpriority=\"high\" decoding=\"async\" width=\"640\" height=\"640\" src=\"https:\/\/unaymilletras.com\/wp-content\/uploads\/2024\/08\/w660_1085234_portada-tambin-llo.jpg\" class=\"attachment-large size-large wp-image-2999\" alt=\"Candela G\u00f3mez\" srcset=\"https:\/\/unaymilletras.com\/wp-content\/uploads\/2024\/08\/w660_1085234_portada-tambin-llo.jpg 660w, https:\/\/unaymilletras.com\/wp-content\/uploads\/2024\/08\/w660_1085234_portada-tambin-llo-300x300.jpg 300w, https:\/\/unaymilletras.com\/wp-content\/uploads\/2024\/08\/w660_1085234_portada-tambin-llo-150x150.jpg 150w\" sizes=\"(max-width: 640px) 100vw, 640px\" \/>\t\t\t\t\t\t\t\t\t\t\t\t\t\t\t<\/div>\n\t\t\t\t<\/div>\n\t\t\t\t\t<\/div>\n\t\t<\/div>\n\t\t\t\t\t<\/div>\n\t\t<\/section>\n\t\t\t\t<section class=\"elementor-section elementor-top-section elementor-element elementor-element-bb22ae5 elementor-section-boxed elementor-section-height-default elementor-section-height-default\" data-id=\"bb22ae5\" data-element_type=\"section\" data-e-type=\"section\">\n\t\t\t\t\t\t<div class=\"elementor-container elementor-column-gap-default\">\n\t\t\t\t\t<div class=\"elementor-column elementor-col-100 elementor-top-column elementor-element elementor-element-73a206f\" data-id=\"73a206f\" data-element_type=\"column\" data-e-type=\"column\">\n\t\t\t<div class=\"elementor-widget-wrap elementor-element-populated\">\n\t\t\t\t\t\t<div class=\"elementor-element elementor-element-930e51c elementor-widget elementor-widget-text-editor\" data-id=\"930e51c\" data-element_type=\"widget\" data-e-type=\"widget\" data-widget_type=\"text-editor.default\">\n\t\t\t\t<div class=\"elementor-widget-container\">\n\t\t\t\t\t\t\t\t\t<p>Desde el lanzamiento de <em>COLIRIO<\/em>, Candela G\u00f3mez se ha consolidado como una de las letristas m\u00e1s destacadas de su generaci\u00f3n, con composiciones que reflejan sus sentimientos m\u00e1s profundos y que han encontrado eco en su creciente base de seguidores. Su autenticidad y capacidad para transmitir emociones han hecho de ella una voz \u00fanica en el panorama musical actual.<\/p><div class=\"flex max-w-full flex-col flex-grow\"><div class=\"min-h-[20px] text-message flex w-full flex-col items-end gap-2 break-words [.text-message+&amp;]:mt-5 overflow-x-auto whitespace-pre-wrap\" dir=\"auto\" data-message-author-role=\"assistant\" data-message-id=\"92aedf51-193f-4f57-863a-7ae3f5b3553c\"><div class=\"flex w-full flex-col gap-1 empty:hidden first:pt-[3px]\"><div class=\"markdown prose w-full break-words dark:prose-invert light\"><p>La Gira COLIRIO est\u00e1 llegando a su fin, pero a\u00fan queda una \u00faltima oportunidad para disfrutar de Candela G\u00f3mez en directo. Su pr\u00f3xima actuaci\u00f3n ser\u00e1 el 30 de agosto en el <span style=\"color: #808080;\"><a style=\"color: #808080;\" href=\"https:\/\/festivalgigante.com\/\">festival Gigante<\/a><\/span> de Guadalajara, donde los fans podr\u00e1n vivir de cerca la magia de sus interpretaciones en vivo.<\/p><\/div><\/div><\/div><\/div>\t\t\t\t\t\t\t\t<\/div>\n\t\t\t\t<\/div>\n\t\t\t\t\t<\/div>\n\t\t<\/div>\n\t\t\t\t\t<\/div>\n\t\t<\/section>\n\t\t\t\t<\/div>\n\t\t","protected":false},"excerpt":{"rendered":"<p>La artista Candela G\u00f3mez sorprende con una interpretaci\u00f3n \u00edntima de su tema exclusivo se prepara para el cierre de su Gira COLIRIO Candela G\u00f3mez ha vuelto a emocionar a sus seguidores con una nueva interpretaci\u00f3n de Tambi\u00e9n Lloras, una canci\u00f3n que, hasta ahora, solo estaba disponible en el formato f\u00edsico de su primer EP, COLIRIO. [&hellip;]<\/p>\n","protected":false},"author":6,"featured_media":2999,"comment_status":"open","ping_status":"open","sticky":false,"template":"","format":"standard","meta":{"footnotes":""},"categories":[4],"tags":[],"class_list":["post-2997","post","type-post","status-publish","format-standard","has-post-thumbnail","hentry","category-musica"],"yoast_head":"<!-- This site is optimized with the Yoast SEO plugin v27.4 - https:\/\/yoast.com\/product\/yoast-seo-wordpress\/ -->\n<title>Candela G\u00f3mez reinterpreta &quot;Tambi\u00e9n Lloras&quot; en ac\u00fastico<\/title>\n<meta name=\"description\" content=\"La artista Candela G\u00f3mez sorprende con una interpretaci\u00f3n \u00edntima de su tema exclusivo mientras se prepara para el cierre de su Gira COLIRIO\" \/>\n<meta name=\"robots\" content=\"index, follow, max-snippet:-1, max-image-preview:large, max-video-preview:-1\" \/>\n<link rel=\"canonical\" href=\"https:\/\/unaymilletras.com\/en\/candela-gomez-reinterpreta-tambien-lloras-en-acustico\/\" \/>\n<meta property=\"og:locale\" content=\"en_GB\" \/>\n<meta property=\"og:type\" content=\"article\" \/>\n<meta property=\"og:title\" content=\"Candela G\u00f3mez reinterpreta &quot;Tambi\u00e9n Lloras&quot; en ac\u00fastico\" \/>\n<meta property=\"og:description\" content=\"La artista Candela G\u00f3mez sorprende con una interpretaci\u00f3n \u00edntima de su tema exclusivo mientras se prepara para el cierre de su Gira COLIRIO\" \/>\n<meta property=\"og:url\" content=\"https:\/\/unaymilletras.com\/en\/candela-gomez-reinterpreta-tambien-lloras-en-acustico\/\" \/>\n<meta property=\"og:site_name\" content=\"Una y Mil Letras\" \/>\n<meta property=\"article:published_time\" content=\"2024-08-22T10:18:53+00:00\" \/>\n<meta property=\"article:modified_time\" content=\"2024-08-22T10:23:50+00:00\" \/>\n<meta property=\"og:image\" content=\"http:\/\/unaymilletras.com\/wp-content\/uploads\/2024\/08\/w660_1085234_portada-tambin-llo.jpg\" \/>\n\t<meta property=\"og:image:width\" content=\"660\" \/>\n\t<meta property=\"og:image:height\" content=\"660\" \/>\n\t<meta property=\"og:image:type\" content=\"image\/jpeg\" \/>\n<meta name=\"author\" content=\"Redacci\u00f3n\" \/>\n<meta name=\"twitter:card\" content=\"summary_large_image\" \/>\n<meta name=\"twitter:creator\" content=\"@UnaYMilLetras\" \/>\n<meta name=\"twitter:site\" content=\"@UnaYMilLetras\" \/>\n<meta name=\"twitter:label1\" content=\"Written by\" \/>\n\t<meta name=\"twitter:data1\" content=\"Redacci\u00f3n\" \/>\n\t<meta name=\"twitter:label2\" content=\"Estimated reading time\" \/>\n\t<meta name=\"twitter:data2\" content=\"2 minutes\" \/>\n<script type=\"application\/ld+json\" class=\"yoast-schema-graph\">{\"@context\":\"https:\\\/\\\/schema.org\",\"@graph\":[{\"@type\":\"Article\",\"@id\":\"https:\\\/\\\/unaymilletras.com\\\/candela-gomez-reinterpreta-tambien-lloras-en-acustico\\\/#article\",\"isPartOf\":{\"@id\":\"https:\\\/\\\/unaymilletras.com\\\/candela-gomez-reinterpreta-tambien-lloras-en-acustico\\\/\"},\"author\":{\"name\":\"Redacci\u00f3n\",\"@id\":\"http:\\\/\\\/unaymilletras.com\\\/#\\\/schema\\\/person\\\/0860dc8a218329991ee2c7591f4f849d\"},\"headline\":\"Candela G\u00f3mez reinterpreta \u00abTambi\u00e9n Lloras\u00bb en ac\u00fastico\",\"datePublished\":\"2024-08-22T10:18:53+00:00\",\"dateModified\":\"2024-08-22T10:23:50+00:00\",\"mainEntityOfPage\":{\"@id\":\"https:\\\/\\\/unaymilletras.com\\\/candela-gomez-reinterpreta-tambien-lloras-en-acustico\\\/\"},\"wordCount\":286,\"commentCount\":0,\"publisher\":{\"@id\":\"http:\\\/\\\/unaymilletras.com\\\/#organization\"},\"image\":{\"@id\":\"https:\\\/\\\/unaymilletras.com\\\/candela-gomez-reinterpreta-tambien-lloras-en-acustico\\\/#primaryimage\"},\"thumbnailUrl\":\"https:\\\/\\\/unaymilletras.com\\\/wp-content\\\/uploads\\\/2024\\\/08\\\/w660_1085234_portada-tambin-llo.jpg\",\"articleSection\":[\"M\u00fasica\"],\"inLanguage\":\"en-GB\",\"potentialAction\":[{\"@type\":\"CommentAction\",\"name\":\"Comment\",\"target\":[\"https:\\\/\\\/unaymilletras.com\\\/candela-gomez-reinterpreta-tambien-lloras-en-acustico\\\/#respond\"]}]},{\"@type\":\"WebPage\",\"@id\":\"https:\\\/\\\/unaymilletras.com\\\/candela-gomez-reinterpreta-tambien-lloras-en-acustico\\\/\",\"url\":\"https:\\\/\\\/unaymilletras.com\\\/candela-gomez-reinterpreta-tambien-lloras-en-acustico\\\/\",\"name\":\"Candela G\u00f3mez reinterpreta \\\"Tambi\u00e9n Lloras\\\" en ac\u00fastico\",\"isPartOf\":{\"@id\":\"http:\\\/\\\/unaymilletras.com\\\/#website\"},\"primaryImageOfPage\":{\"@id\":\"https:\\\/\\\/unaymilletras.com\\\/candela-gomez-reinterpreta-tambien-lloras-en-acustico\\\/#primaryimage\"},\"image\":{\"@id\":\"https:\\\/\\\/unaymilletras.com\\\/candela-gomez-reinterpreta-tambien-lloras-en-acustico\\\/#primaryimage\"},\"thumbnailUrl\":\"https:\\\/\\\/unaymilletras.com\\\/wp-content\\\/uploads\\\/2024\\\/08\\\/w660_1085234_portada-tambin-llo.jpg\",\"datePublished\":\"2024-08-22T10:18:53+00:00\",\"dateModified\":\"2024-08-22T10:23:50+00:00\",\"description\":\"La artista Candela G\u00f3mez sorprende con una interpretaci\u00f3n \u00edntima de su tema exclusivo mientras se prepara para el cierre de su Gira COLIRIO\",\"breadcrumb\":{\"@id\":\"https:\\\/\\\/unaymilletras.com\\\/candela-gomez-reinterpreta-tambien-lloras-en-acustico\\\/#breadcrumb\"},\"inLanguage\":\"en-GB\",\"potentialAction\":[{\"@type\":\"ReadAction\",\"target\":[\"https:\\\/\\\/unaymilletras.com\\\/candela-gomez-reinterpreta-tambien-lloras-en-acustico\\\/\"]}]},{\"@type\":\"ImageObject\",\"inLanguage\":\"en-GB\",\"@id\":\"https:\\\/\\\/unaymilletras.com\\\/candela-gomez-reinterpreta-tambien-lloras-en-acustico\\\/#primaryimage\",\"url\":\"https:\\\/\\\/unaymilletras.com\\\/wp-content\\\/uploads\\\/2024\\\/08\\\/w660_1085234_portada-tambin-llo.jpg\",\"contentUrl\":\"https:\\\/\\\/unaymilletras.com\\\/wp-content\\\/uploads\\\/2024\\\/08\\\/w660_1085234_portada-tambin-llo.jpg\",\"width\":660,\"height\":660,\"caption\":\"Candela G\u00f3mez\"},{\"@type\":\"BreadcrumbList\",\"@id\":\"https:\\\/\\\/unaymilletras.com\\\/candela-gomez-reinterpreta-tambien-lloras-en-acustico\\\/#breadcrumb\",\"itemListElement\":[{\"@type\":\"ListItem\",\"position\":1,\"name\":\"Home\",\"item\":\"http:\\\/\\\/unaymilletras.com\\\/\"},{\"@type\":\"ListItem\",\"position\":2,\"name\":\"Candela G\u00f3mez reinterpreta \u00abTambi\u00e9n Lloras\u00bb en ac\u00fastico\"}]},{\"@type\":\"WebSite\",\"@id\":\"http:\\\/\\\/unaymilletras.com\\\/#website\",\"url\":\"http:\\\/\\\/unaymilletras.com\\\/\",\"name\":\"Una y Mil Letras\",\"description\":\"\",\"publisher\":{\"@id\":\"http:\\\/\\\/unaymilletras.com\\\/#organization\"},\"potentialAction\":[{\"@type\":\"SearchAction\",\"target\":{\"@type\":\"EntryPoint\",\"urlTemplate\":\"http:\\\/\\\/unaymilletras.com\\\/?s={search_term_string}\"},\"query-input\":{\"@type\":\"PropertyValueSpecification\",\"valueRequired\":true,\"valueName\":\"search_term_string\"}}],\"inLanguage\":\"en-GB\"},{\"@type\":\"Organization\",\"@id\":\"http:\\\/\\\/unaymilletras.com\\\/#organization\",\"name\":\"Una y Mil Letras\",\"url\":\"http:\\\/\\\/unaymilletras.com\\\/\",\"logo\":{\"@type\":\"ImageObject\",\"inLanguage\":\"en-GB\",\"@id\":\"http:\\\/\\\/unaymilletras.com\\\/#\\\/schema\\\/logo\\\/image\\\/\",\"url\":\"https:\\\/\\\/unaymilletras.com\\\/wp-content\\\/uploads\\\/2024\\\/06\\\/cropped-Logo-removebg-preview.png\",\"contentUrl\":\"https:\\\/\\\/unaymilletras.com\\\/wp-content\\\/uploads\\\/2024\\\/06\\\/cropped-Logo-removebg-preview.png\",\"width\":512,\"height\":512,\"caption\":\"Una y Mil Letras\"},\"image\":{\"@id\":\"http:\\\/\\\/unaymilletras.com\\\/#\\\/schema\\\/logo\\\/image\\\/\"},\"sameAs\":[\"https:\\\/\\\/x.com\\\/UnaYMilLetras\",\"https:\\\/\\\/instagram.com\\\/UnaYMilLetras\"]},{\"@type\":\"Person\",\"@id\":\"http:\\\/\\\/unaymilletras.com\\\/#\\\/schema\\\/person\\\/0860dc8a218329991ee2c7591f4f849d\",\"name\":\"Redacci\u00f3n\",\"image\":{\"@type\":\"ImageObject\",\"inLanguage\":\"en-GB\",\"@id\":\"https:\\\/\\\/secure.gravatar.com\\\/avatar\\\/d8f55e05a8b6597e45c55a1dcbdbfe44f4a360d88b48e00de5216a79b7732796?s=96&d=mm&r=g\",\"url\":\"https:\\\/\\\/secure.gravatar.com\\\/avatar\\\/d8f55e05a8b6597e45c55a1dcbdbfe44f4a360d88b48e00de5216a79b7732796?s=96&d=mm&r=g\",\"contentUrl\":\"https:\\\/\\\/secure.gravatar.com\\\/avatar\\\/d8f55e05a8b6597e45c55a1dcbdbfe44f4a360d88b48e00de5216a79b7732796?s=96&d=mm&r=g\",\"caption\":\"Redacci\u00f3n\"},\"url\":\"https:\\\/\\\/unaymilletras.com\\\/en\\\/author\\\/redaccion\\\/\"}]}<\/script>\n<!-- \/ Yoast SEO plugin. -->","yoast_head_json":{"title":"Candela G\u00f3mez reinterpreta \"Tambi\u00e9n Lloras\" en ac\u00fastico","description":"La artista Candela G\u00f3mez sorprende con una interpretaci\u00f3n \u00edntima de su tema exclusivo mientras se prepara para el cierre de su Gira COLIRIO","robots":{"index":"index","follow":"follow","max-snippet":"max-snippet:-1","max-image-preview":"max-image-preview:large","max-video-preview":"max-video-preview:-1"},"canonical":"https:\/\/unaymilletras.com\/en\/candela-gomez-reinterpreta-tambien-lloras-en-acustico\/","og_locale":"en_GB","og_type":"article","og_title":"Candela G\u00f3mez reinterpreta \"Tambi\u00e9n Lloras\" en ac\u00fastico","og_description":"La artista Candela G\u00f3mez sorprende con una interpretaci\u00f3n \u00edntima de su tema exclusivo mientras se prepara para el cierre de su Gira COLIRIO","og_url":"https:\/\/unaymilletras.com\/en\/candela-gomez-reinterpreta-tambien-lloras-en-acustico\/","og_site_name":"Una y Mil Letras","article_published_time":"2024-08-22T10:18:53+00:00","article_modified_time":"2024-08-22T10:23:50+00:00","og_image":[{"width":660,"height":660,"url":"http:\/\/unaymilletras.com\/wp-content\/uploads\/2024\/08\/w660_1085234_portada-tambin-llo.jpg","type":"image\/jpeg"}],"author":"Redacci\u00f3n","twitter_card":"summary_large_image","twitter_creator":"@UnaYMilLetras","twitter_site":"@UnaYMilLetras","twitter_misc":{"Written by":"Redacci\u00f3n","Estimated reading time":"2 minutes"},"schema":{"@context":"https:\/\/schema.org","@graph":[{"@type":"Article","@id":"https:\/\/unaymilletras.com\/candela-gomez-reinterpreta-tambien-lloras-en-acustico\/#article","isPartOf":{"@id":"https:\/\/unaymilletras.com\/candela-gomez-reinterpreta-tambien-lloras-en-acustico\/"},"author":{"name":"Redacci\u00f3n","@id":"http:\/\/unaymilletras.com\/#\/schema\/person\/0860dc8a218329991ee2c7591f4f849d"},"headline":"Candela G\u00f3mez reinterpreta \u00abTambi\u00e9n Lloras\u00bb en ac\u00fastico","datePublished":"2024-08-22T10:18:53+00:00","dateModified":"2024-08-22T10:23:50+00:00","mainEntityOfPage":{"@id":"https:\/\/unaymilletras.com\/candela-gomez-reinterpreta-tambien-lloras-en-acustico\/"},"wordCount":286,"commentCount":0,"publisher":{"@id":"http:\/\/unaymilletras.com\/#organization"},"image":{"@id":"https:\/\/unaymilletras.com\/candela-gomez-reinterpreta-tambien-lloras-en-acustico\/#primaryimage"},"thumbnailUrl":"https:\/\/unaymilletras.com\/wp-content\/uploads\/2024\/08\/w660_1085234_portada-tambin-llo.jpg","articleSection":["M\u00fasica"],"inLanguage":"en-GB","potentialAction":[{"@type":"CommentAction","name":"Comment","target":["https:\/\/unaymilletras.com\/candela-gomez-reinterpreta-tambien-lloras-en-acustico\/#respond"]}]},{"@type":"WebPage","@id":"https:\/\/unaymilletras.com\/candela-gomez-reinterpreta-tambien-lloras-en-acustico\/","url":"https:\/\/unaymilletras.com\/candela-gomez-reinterpreta-tambien-lloras-en-acustico\/","name":"Candela G\u00f3mez reinterpreta \"Tambi\u00e9n Lloras\" en ac\u00fastico","isPartOf":{"@id":"http:\/\/unaymilletras.com\/#website"},"primaryImageOfPage":{"@id":"https:\/\/unaymilletras.com\/candela-gomez-reinterpreta-tambien-lloras-en-acustico\/#primaryimage"},"image":{"@id":"https:\/\/unaymilletras.com\/candela-gomez-reinterpreta-tambien-lloras-en-acustico\/#primaryimage"},"thumbnailUrl":"https:\/\/unaymilletras.com\/wp-content\/uploads\/2024\/08\/w660_1085234_portada-tambin-llo.jpg","datePublished":"2024-08-22T10:18:53+00:00","dateModified":"2024-08-22T10:23:50+00:00","description":"La artista Candela G\u00f3mez sorprende con una interpretaci\u00f3n \u00edntima de su tema exclusivo mientras se prepara para el cierre de su Gira COLIRIO","breadcrumb":{"@id":"https:\/\/unaymilletras.com\/candela-gomez-reinterpreta-tambien-lloras-en-acustico\/#breadcrumb"},"inLanguage":"en-GB","potentialAction":[{"@type":"ReadAction","target":["https:\/\/unaymilletras.com\/candela-gomez-reinterpreta-tambien-lloras-en-acustico\/"]}]},{"@type":"ImageObject","inLanguage":"en-GB","@id":"https:\/\/unaymilletras.com\/candela-gomez-reinterpreta-tambien-lloras-en-acustico\/#primaryimage","url":"https:\/\/unaymilletras.com\/wp-content\/uploads\/2024\/08\/w660_1085234_portada-tambin-llo.jpg","contentUrl":"https:\/\/unaymilletras.com\/wp-content\/uploads\/2024\/08\/w660_1085234_portada-tambin-llo.jpg","width":660,"height":660,"caption":"Candela G\u00f3mez"},{"@type":"BreadcrumbList","@id":"https:\/\/unaymilletras.com\/candela-gomez-reinterpreta-tambien-lloras-en-acustico\/#breadcrumb","itemListElement":[{"@type":"ListItem","position":1,"name":"Home","item":"http:\/\/unaymilletras.com\/"},{"@type":"ListItem","position":2,"name":"Candela G\u00f3mez reinterpreta \u00abTambi\u00e9n Lloras\u00bb en ac\u00fastico"}]},{"@type":"WebSite","@id":"http:\/\/unaymilletras.com\/#website","url":"http:\/\/unaymilletras.com\/","name":"Una y Mil Letras","description":"","publisher":{"@id":"http:\/\/unaymilletras.com\/#organization"},"potentialAction":[{"@type":"SearchAction","target":{"@type":"EntryPoint","urlTemplate":"http:\/\/unaymilletras.com\/?s={search_term_string}"},"query-input":{"@type":"PropertyValueSpecification","valueRequired":true,"valueName":"search_term_string"}}],"inLanguage":"en-GB"},{"@type":"Organization","@id":"http:\/\/unaymilletras.com\/#organization","name":"Una y Mil Letras","url":"http:\/\/unaymilletras.com\/","logo":{"@type":"ImageObject","inLanguage":"en-GB","@id":"http:\/\/unaymilletras.com\/#\/schema\/logo\/image\/","url":"https:\/\/unaymilletras.com\/wp-content\/uploads\/2024\/06\/cropped-Logo-removebg-preview.png","contentUrl":"https:\/\/unaymilletras.com\/wp-content\/uploads\/2024\/06\/cropped-Logo-removebg-preview.png","width":512,"height":512,"caption":"Una y Mil Letras"},"image":{"@id":"http:\/\/unaymilletras.com\/#\/schema\/logo\/image\/"},"sameAs":["https:\/\/x.com\/UnaYMilLetras","https:\/\/instagram.com\/UnaYMilLetras"]},{"@type":"Person","@id":"http:\/\/unaymilletras.com\/#\/schema\/person\/0860dc8a218329991ee2c7591f4f849d","name":"Redacci\u00f3n","image":{"@type":"ImageObject","inLanguage":"en-GB","@id":"https:\/\/secure.gravatar.com\/avatar\/d8f55e05a8b6597e45c55a1dcbdbfe44f4a360d88b48e00de5216a79b7732796?s=96&d=mm&r=g","url":"https:\/\/secure.gravatar.com\/avatar\/d8f55e05a8b6597e45c55a1dcbdbfe44f4a360d88b48e00de5216a79b7732796?s=96&d=mm&r=g","contentUrl":"https:\/\/secure.gravatar.com\/avatar\/d8f55e05a8b6597e45c55a1dcbdbfe44f4a360d88b48e00de5216a79b7732796?s=96&d=mm&r=g","caption":"Redacci\u00f3n"},"url":"https:\/\/unaymilletras.com\/en\/author\/redaccion\/"}]}},"_links":{"self":[{"href":"https:\/\/unaymilletras.com\/en\/wp-json\/wp\/v2\/posts\/2997","targetHints":{"allow":["GET"]}}],"collection":[{"href":"https:\/\/unaymilletras.com\/en\/wp-json\/wp\/v2\/posts"}],"about":[{"href":"https:\/\/unaymilletras.com\/en\/wp-json\/wp\/v2\/types\/post"}],"author":[{"embeddable":true,"href":"https:\/\/unaymilletras.com\/en\/wp-json\/wp\/v2\/users\/6"}],"replies":[{"embeddable":true,"href":"https:\/\/unaymilletras.com\/en\/wp-json\/wp\/v2\/comments?post=2997"}],"version-history":[{"count":4,"href":"https:\/\/unaymilletras.com\/en\/wp-json\/wp\/v2\/posts\/2997\/revisions"}],"predecessor-version":[{"id":3002,"href":"https:\/\/unaymilletras.com\/en\/wp-json\/wp\/v2\/posts\/2997\/revisions\/3002"}],"wp:featuredmedia":[{"embeddable":true,"href":"https:\/\/unaymilletras.com\/en\/wp-json\/wp\/v2\/media\/2999"}],"wp:attachment":[{"href":"https:\/\/unaymilletras.com\/en\/wp-json\/wp\/v2\/media?parent=2997"}],"wp:term":[{"taxonomy":"category","embeddable":true,"href":"https:\/\/unaymilletras.com\/en\/wp-json\/wp\/v2\/categories?post=2997"},{"taxonomy":"post_tag","embeddable":true,"href":"https:\/\/unaymilletras.com\/en\/wp-json\/wp\/v2\/tags?post=2997"}],"curies":[{"name":"wp","href":"https:\/\/api.w.org\/{rel}","templated":true}]}}