{"id":3005,"date":"2024-08-26T16:04:35","date_gmt":"2024-08-26T14:04:35","guid":{"rendered":"https:\/\/unaymilletras.com\/?p=3005"},"modified":"2024-08-26T23:29:34","modified_gmt":"2024-08-26T21:29:34","slug":"myke-towers-vuelve-a-su-esencia-con-la-pantera-negra","status":"publish","type":"post","link":"https:\/\/unaymilletras.com\/en\/myke-towers-vuelve-a-su-esencia-con-la-pantera-negra\/","title":{"rendered":"Myke Towers vuelve a su esencia con \u201cLa pantera negra\u201d"},"content":{"rendered":"<div data-elementor-type=\"wp-post\" data-elementor-id=\"3005\" class=\"elementor elementor-3005\">\n\t\t\t\t\t\t<section class=\"elementor-section elementor-top-section elementor-element elementor-element-4df86bf elementor-section-boxed elementor-section-height-default elementor-section-height-default\" data-id=\"4df86bf\" data-element_type=\"section\" data-e-type=\"section\">\n\t\t\t\t\t\t<div class=\"elementor-container elementor-column-gap-default\">\n\t\t\t\t\t<div class=\"elementor-column elementor-col-100 elementor-top-column elementor-element elementor-element-594098a\" data-id=\"594098a\" data-element_type=\"column\" data-e-type=\"column\">\n\t\t\t<div class=\"elementor-widget-wrap elementor-element-populated\">\n\t\t\t\t\t\t<div class=\"elementor-element elementor-element-c48ff4c elementor-widget elementor-widget-text-editor\" data-id=\"c48ff4c\" data-element_type=\"widget\" data-e-type=\"widget\" data-widget_type=\"text-editor.default\">\n\t\t\t\t<div class=\"elementor-widget-container\">\n\t\t\t\t\t\t\t\t\t<h2 style=\"text-align: center;\"><span style=\"color: #808080;\"><i>Myke Towers<\/i><\/span><span style=\"color: #808080;\"><em>\u00a0vuelve a sus origenes musicales con uno de los \u00e1lbumes m\u00e1s esperados del a\u00f1o;\u00a0La pantera negra<\/em><\/span><\/h2>\t\t\t\t\t\t\t\t<\/div>\n\t\t\t\t<\/div>\n\t\t\t\t\t<\/div>\n\t\t<\/div>\n\t\t\t\t\t<\/div>\n\t\t<\/section>\n\t\t\t\t<section class=\"elementor-section elementor-top-section elementor-element elementor-element-7b75e609 elementor-section-boxed elementor-section-height-default elementor-section-height-default\" data-id=\"7b75e609\" data-element_type=\"section\" data-e-type=\"section\">\n\t\t\t\t\t\t<div class=\"elementor-container elementor-column-gap-default\">\n\t\t\t\t\t<div class=\"elementor-column elementor-col-100 elementor-top-column elementor-element elementor-element-7ca3383\" data-id=\"7ca3383\" data-element_type=\"column\" data-e-type=\"column\">\n\t\t\t<div class=\"elementor-widget-wrap elementor-element-populated\">\n\t\t\t\t\t\t<div class=\"elementor-element elementor-element-84c14e6 elementor-widget elementor-widget-text-editor\" data-id=\"84c14e6\" data-element_type=\"widget\" data-e-type=\"widget\" data-widget_type=\"text-editor.default\">\n\t\t\t\t<div class=\"elementor-widget-container\">\n\t\t\t\t\t\t\t\t\t<p><\/p>\n<p><span style=\"color: var( --e-global-color-text ); font-family: var( --e-global-typography-text-font-family ), Sans-serif; font-weight: var( --e-global-typography-text-font-weight );\">Nunca hay que olvidar de donde se viene. Eso lo hemos escuchado muchas veces a lo largo de nuestras vidas. Y, parece que Myke Towers tambi\u00e9n est\u00e1 de acuerdo con esta afirmaci\u00f3n.<\/span><\/p>\n<p><\/p>\n<p><\/p>\n<p>En 2016 conocimos al artista con el lanzamiento de su primer proyecto, <span style=\"color: var( --e-global-color-text ); font-family: var( --e-global-typography-text-font-family ), Sans-serif; font-weight: var( --e-global-typography-text-font-weight );\"><i>El final del principio<\/i>; un \u00e1lbum con letras autobiogr\u00e1ficas y ritmos boom-bap que (evocaban) al rap de toda la vida.\u00a0<\/span><\/p>\n<p><\/p>\n<p><\/p>\n<figure class=\"wp-block-image size-large\"><img fetchpriority=\"high\" decoding=\"async\" width=\"819\" height=\"1024\" class=\"wp-image-3007\" src=\"https:\/\/unaymilletras.com\/wp-content\/uploads\/2024\/08\/70CB087A-A24E-4394-9470-6B1854AAC2BC-819x1024.jpeg\" alt=\"\" \/><\/figure>\n<p><\/p>\n<p><\/p>\n<p>Pero, sin duda, su a\u00f1o fue el 2020 gracias a la publicaci\u00f3n de <span style=\"color: #808080;\"><a style=\"color: #808080;\" href=\"https:\/\/open.spotify.com\/intl-es\/album\/3dM5WCvdXdNqLE14d16GmJ?si=8a236e299f424cbc\"><i>Easy Money Baby<\/i><\/a><\/span>, un trabajo discogr\u00e1fico que lo llev\u00f3 a posicionarse en el <strong>n\u00famero uno de la lista Top Lat\u00edn \u00c1lbum<\/strong>. A partir de ah\u00ed, lo escuchamos de la mano de artistas como Bad Bunny o Camilo Cabello y en solitario con \u00e9xitos y \u00e1lbumes que no nos pudimos quitar de la cabeza como <i>La falda<\/i>.<\/p>\n<p><iframe title=\"Spotify Embed: Myke Towers\" style=\"border-radius: 12px\" width=\"100%\" height=\"352\" frameborder=\"0\" allowfullscreen allow=\"autoplay; clipboard-write; encrypted-media; fullscreen; picture-in-picture\" loading=\"lazy\" src=\"https:\/\/open.spotify.com\/embed\/artist\/7iK8PXO48WeuP03g8YR51W?si=qw1SfummSyGoW-ZjDGZKGQ&utm_source=oembed\"><\/iframe><\/p>\n<p><\/p>\n<p><\/p>\n<p>Ahora, nos regala <i>La pantera negra<\/i>, su sexto \u00e1lbum de estudio en los que echa la vista atr\u00e1s y regresa a sus or\u00edgenes musicales. Todo esto ya nos hab\u00eda conquistado de \u00e9l, pero ahora lo confirmamos; la esencia de Myke Towers est\u00e1 compuesta de rap y el reguet\u00f3n, rompiendo as\u00ed con los estereotipos de la m\u00fasica latina.<\/p>\n<p><\/p>\n<p><\/p>\n<p>Sin embargo, no nos pilla todo por sorpresa. Hace unos meses ya hab\u00eda dejado la puerta de este proyecto entreabierta al publicar <i>Adivino<\/i>, su innovadora y contundente colaboraci\u00f3n con Bad Bunny.\u00a0<\/p>\n<p><iframe title=\"Myke Towers, Bad Bunny - ADIVINO (Official Visualizer)\" width=\"640\" height=\"360\" src=\"https:\/\/www.youtube.com\/embed\/19fOoC8tcmY?feature=oembed\" frameborder=\"0\" allow=\"accelerometer; autoplay; clipboard-write; encrypted-media; gyroscope; picture-in-picture; web-share\" referrerpolicy=\"strict-origin-when-cross-origin\" allowfullscreen><\/iframe><\/p>\n<p><\/p>\n<p><\/p>\n<p>Y hablando de colaboraciones, esta no es la \u00fanica presente en <i>La pantera negra<\/i>. A esta producci\u00f3n se le suman artistas que reinan las listas de \u00e9xitos como <strong>Omar Montes, Peso Pluma, YOVNCHIMI o Jay Wheeler<\/strong>.\u00a0<\/p>\n<p><i>La Pantera Negra<\/i>\u00a0marca un a\u00f1o de triunfos para Myke, quien, tras colaboraciones de alto impacto con T\u00efesto y campa\u00f1as de la MLB, llega con nominaciones a los MTV VMAs y portadas en las principales revistas, listo para llevar su nuevo \u00e1lbum a los escenarios de Norteam\u00e9rica en una gira \u00e9pica producida por Live Nation.<\/p>\n<p><\/p>\n<p><\/p>\n<p><\/p>\t\t\t\t\t\t\t\t<\/div>\n\t\t\t\t<\/div>\n\t\t\t\t\t<\/div>\n\t\t<\/div>\n\t\t\t\t\t<\/div>\n\t\t<\/section>\n\t\t\t\t<\/div>","protected":false},"excerpt":{"rendered":"<p>Myke Towers\u00a0vuelve a sus origenes musicales con uno de los \u00e1lbumes m\u00e1s esperados del a\u00f1o;\u00a0La pantera negra Nunca hay que olvidar de donde se viene. Eso lo hemos escuchado muchas veces a lo largo de nuestras vidas. Y, parece que Myke Towers tambi\u00e9n est\u00e1 de acuerdo con esta afirmaci\u00f3n. En 2016 conocimos al artista con [&hellip;]<\/p>\n","protected":false},"author":5,"featured_media":3006,"comment_status":"open","ping_status":"open","sticky":false,"template":"","format":"standard","meta":{"footnotes":""},"categories":[4],"tags":[124,123],"class_list":["post-3005","post","type-post","status-publish","format-standard","has-post-thumbnail","hentry","category-musica","tag-la-pantera-negra","tag-myke-towers"],"yoast_head":"<!-- This site is optimized with the Yoast SEO plugin v27.4 - https:\/\/yoast.com\/product\/yoast-seo-wordpress\/ -->\n<title>Myke Towers vuelve a su esencia con \u201cLa pantera negra\u201d &#8902; Una y Mil Letras<\/title>\n<meta name=\"description\" content=\"Myke Towers vuelve a sus or\u00edgenes musicales con uno de los \u00e1lbumes m\u00e1s esperados del a\u00f1o; \u201cLa pantera negra\u201d\" \/>\n<meta name=\"robots\" content=\"index, follow, max-snippet:-1, max-image-preview:large, max-video-preview:-1\" \/>\n<link rel=\"canonical\" href=\"https:\/\/unaymilletras.com\/en\/myke-towers-vuelve-a-su-esencia-con-la-pantera-negra\/\" \/>\n<meta property=\"og:locale\" content=\"en_GB\" \/>\n<meta property=\"og:type\" content=\"article\" \/>\n<meta property=\"og:title\" content=\"Myke Towers vuelve a su esencia con \u201cLa pantera negra\u201d &#8902; Una y Mil Letras\" \/>\n<meta property=\"og:description\" content=\"Myke Towers vuelve a sus or\u00edgenes musicales con uno de los \u00e1lbumes m\u00e1s esperados del a\u00f1o; \u201cLa pantera negra\u201d\" \/>\n<meta property=\"og:url\" content=\"https:\/\/unaymilletras.com\/en\/myke-towers-vuelve-a-su-esencia-con-la-pantera-negra\/\" \/>\n<meta property=\"og:site_name\" content=\"Una y Mil Letras\" \/>\n<meta property=\"article:published_time\" content=\"2024-08-26T14:04:35+00:00\" \/>\n<meta property=\"article:modified_time\" content=\"2024-08-26T21:29:34+00:00\" \/>\n<meta property=\"og:image\" content=\"http:\/\/unaymilletras.com\/wp-content\/uploads\/2024\/08\/C363C8FE-A064-41D1-9BE0-5EA1AE16299B.jpeg\" \/>\n\t<meta property=\"og:image:width\" content=\"764\" \/>\n\t<meta property=\"og:image:height\" content=\"430\" \/>\n\t<meta property=\"og:image:type\" content=\"image\/jpeg\" \/>\n<meta name=\"author\" content=\"Luc\u00eda Fandi\u00f1o\" \/>\n<meta name=\"twitter:card\" content=\"summary_large_image\" \/>\n<meta name=\"twitter:creator\" content=\"@UnaYMilLetras\" \/>\n<meta name=\"twitter:site\" content=\"@UnaYMilLetras\" \/>\n<meta name=\"twitter:label1\" content=\"Written by\" \/>\n\t<meta name=\"twitter:data1\" content=\"Luc\u00eda Fandi\u00f1o\" \/>\n\t<meta name=\"twitter:label2\" content=\"Estimated reading time\" \/>\n\t<meta name=\"twitter:data2\" content=\"2 minutes\" \/>\n<script type=\"application\/ld+json\" class=\"yoast-schema-graph\">{\"@context\":\"https:\\\/\\\/schema.org\",\"@graph\":[{\"@type\":\"Article\",\"@id\":\"https:\\\/\\\/unaymilletras.com\\\/myke-towers-vuelve-a-su-esencia-con-la-pantera-negra\\\/#article\",\"isPartOf\":{\"@id\":\"https:\\\/\\\/unaymilletras.com\\\/myke-towers-vuelve-a-su-esencia-con-la-pantera-negra\\\/\"},\"author\":{\"name\":\"Luc\u00eda Fandi\u00f1o\",\"@id\":\"http:\\\/\\\/unaymilletras.com\\\/#\\\/schema\\\/person\\\/047a24f09ead3f0ba2387e5df86d9336\"},\"headline\":\"Myke Towers vuelve a su esencia con \u201cLa pantera negra\u201d\",\"datePublished\":\"2024-08-26T14:04:35+00:00\",\"dateModified\":\"2024-08-26T21:29:34+00:00\",\"mainEntityOfPage\":{\"@id\":\"https:\\\/\\\/unaymilletras.com\\\/myke-towers-vuelve-a-su-esencia-con-la-pantera-negra\\\/\"},\"wordCount\":383,\"commentCount\":0,\"publisher\":{\"@id\":\"http:\\\/\\\/unaymilletras.com\\\/#organization\"},\"image\":{\"@id\":\"https:\\\/\\\/unaymilletras.com\\\/myke-towers-vuelve-a-su-esencia-con-la-pantera-negra\\\/#primaryimage\"},\"thumbnailUrl\":\"https:\\\/\\\/unaymilletras.com\\\/wp-content\\\/uploads\\\/2024\\\/08\\\/C363C8FE-A064-41D1-9BE0-5EA1AE16299B.jpeg\",\"keywords\":[\"la pantera negra\",\"myke towers\"],\"articleSection\":[\"M\u00fasica\"],\"inLanguage\":\"en-GB\",\"potentialAction\":[{\"@type\":\"CommentAction\",\"name\":\"Comment\",\"target\":[\"https:\\\/\\\/unaymilletras.com\\\/myke-towers-vuelve-a-su-esencia-con-la-pantera-negra\\\/#respond\"]}]},{\"@type\":\"WebPage\",\"@id\":\"https:\\\/\\\/unaymilletras.com\\\/myke-towers-vuelve-a-su-esencia-con-la-pantera-negra\\\/\",\"url\":\"https:\\\/\\\/unaymilletras.com\\\/myke-towers-vuelve-a-su-esencia-con-la-pantera-negra\\\/\",\"name\":\"Myke Towers vuelve a su esencia con \u201cLa pantera negra\u201d &#8902; Una y Mil Letras\",\"isPartOf\":{\"@id\":\"http:\\\/\\\/unaymilletras.com\\\/#website\"},\"primaryImageOfPage\":{\"@id\":\"https:\\\/\\\/unaymilletras.com\\\/myke-towers-vuelve-a-su-esencia-con-la-pantera-negra\\\/#primaryimage\"},\"image\":{\"@id\":\"https:\\\/\\\/unaymilletras.com\\\/myke-towers-vuelve-a-su-esencia-con-la-pantera-negra\\\/#primaryimage\"},\"thumbnailUrl\":\"https:\\\/\\\/unaymilletras.com\\\/wp-content\\\/uploads\\\/2024\\\/08\\\/C363C8FE-A064-41D1-9BE0-5EA1AE16299B.jpeg\",\"datePublished\":\"2024-08-26T14:04:35+00:00\",\"dateModified\":\"2024-08-26T21:29:34+00:00\",\"description\":\"Myke Towers vuelve a sus or\u00edgenes musicales con uno de los \u00e1lbumes m\u00e1s esperados del a\u00f1o; \u201cLa pantera negra\u201d\",\"breadcrumb\":{\"@id\":\"https:\\\/\\\/unaymilletras.com\\\/myke-towers-vuelve-a-su-esencia-con-la-pantera-negra\\\/#breadcrumb\"},\"inLanguage\":\"en-GB\",\"potentialAction\":[{\"@type\":\"ReadAction\",\"target\":[\"https:\\\/\\\/unaymilletras.com\\\/myke-towers-vuelve-a-su-esencia-con-la-pantera-negra\\\/\"]}]},{\"@type\":\"ImageObject\",\"inLanguage\":\"en-GB\",\"@id\":\"https:\\\/\\\/unaymilletras.com\\\/myke-towers-vuelve-a-su-esencia-con-la-pantera-negra\\\/#primaryimage\",\"url\":\"https:\\\/\\\/unaymilletras.com\\\/wp-content\\\/uploads\\\/2024\\\/08\\\/C363C8FE-A064-41D1-9BE0-5EA1AE16299B.jpeg\",\"contentUrl\":\"https:\\\/\\\/unaymilletras.com\\\/wp-content\\\/uploads\\\/2024\\\/08\\\/C363C8FE-A064-41D1-9BE0-5EA1AE16299B.jpeg\",\"width\":764,\"height\":430,\"caption\":\"Screenshot\"},{\"@type\":\"BreadcrumbList\",\"@id\":\"https:\\\/\\\/unaymilletras.com\\\/myke-towers-vuelve-a-su-esencia-con-la-pantera-negra\\\/#breadcrumb\",\"itemListElement\":[{\"@type\":\"ListItem\",\"position\":1,\"name\":\"Home\",\"item\":\"http:\\\/\\\/unaymilletras.com\\\/\"},{\"@type\":\"ListItem\",\"position\":2,\"name\":\"Myke Towers vuelve a su esencia con \u201cLa pantera negra\u201d\"}]},{\"@type\":\"WebSite\",\"@id\":\"http:\\\/\\\/unaymilletras.com\\\/#website\",\"url\":\"http:\\\/\\\/unaymilletras.com\\\/\",\"name\":\"Una y Mil Letras\",\"description\":\"\",\"publisher\":{\"@id\":\"http:\\\/\\\/unaymilletras.com\\\/#organization\"},\"potentialAction\":[{\"@type\":\"SearchAction\",\"target\":{\"@type\":\"EntryPoint\",\"urlTemplate\":\"http:\\\/\\\/unaymilletras.com\\\/?s={search_term_string}\"},\"query-input\":{\"@type\":\"PropertyValueSpecification\",\"valueRequired\":true,\"valueName\":\"search_term_string\"}}],\"inLanguage\":\"en-GB\"},{\"@type\":\"Organization\",\"@id\":\"http:\\\/\\\/unaymilletras.com\\\/#organization\",\"name\":\"Una y Mil Letras\",\"url\":\"http:\\\/\\\/unaymilletras.com\\\/\",\"logo\":{\"@type\":\"ImageObject\",\"inLanguage\":\"en-GB\",\"@id\":\"http:\\\/\\\/unaymilletras.com\\\/#\\\/schema\\\/logo\\\/image\\\/\",\"url\":\"https:\\\/\\\/unaymilletras.com\\\/wp-content\\\/uploads\\\/2024\\\/06\\\/cropped-Logo-removebg-preview.png\",\"contentUrl\":\"https:\\\/\\\/unaymilletras.com\\\/wp-content\\\/uploads\\\/2024\\\/06\\\/cropped-Logo-removebg-preview.png\",\"width\":512,\"height\":512,\"caption\":\"Una y Mil Letras\"},\"image\":{\"@id\":\"http:\\\/\\\/unaymilletras.com\\\/#\\\/schema\\\/logo\\\/image\\\/\"},\"sameAs\":[\"https:\\\/\\\/x.com\\\/UnaYMilLetras\",\"https:\\\/\\\/instagram.com\\\/UnaYMilLetras\"]},{\"@type\":\"Person\",\"@id\":\"http:\\\/\\\/unaymilletras.com\\\/#\\\/schema\\\/person\\\/047a24f09ead3f0ba2387e5df86d9336\",\"name\":\"Luc\u00eda Fandi\u00f1o\",\"image\":{\"@type\":\"ImageObject\",\"inLanguage\":\"en-GB\",\"@id\":\"https:\\\/\\\/secure.gravatar.com\\\/avatar\\\/d22d9eea03f89c5d17f4b05c3efeb11bad23ff32b99e63bbf54232bc1b6a06b2?s=96&d=mm&r=g\",\"url\":\"https:\\\/\\\/secure.gravatar.com\\\/avatar\\\/d22d9eea03f89c5d17f4b05c3efeb11bad23ff32b99e63bbf54232bc1b6a06b2?s=96&d=mm&r=g\",\"contentUrl\":\"https:\\\/\\\/secure.gravatar.com\\\/avatar\\\/d22d9eea03f89c5d17f4b05c3efeb11bad23ff32b99e63bbf54232bc1b6a06b2?s=96&d=mm&r=g\",\"caption\":\"Luc\u00eda Fandi\u00f1o\"},\"sameAs\":[\"www.instagram.com\\\/luciaafandino\"],\"url\":\"https:\\\/\\\/unaymilletras.com\\\/en\\\/author\\\/luciaafandino\\\/\"}]}<\/script>\n<!-- \/ Yoast SEO plugin. -->","yoast_head_json":{"title":"Myke Towers vuelve a su esencia con \u201cLa pantera negra\u201d &#8902; Una y Mil Letras","description":"Myke Towers vuelve a sus or\u00edgenes musicales con uno de los \u00e1lbumes m\u00e1s esperados del a\u00f1o; \u201cLa pantera negra\u201d","robots":{"index":"index","follow":"follow","max-snippet":"max-snippet:-1","max-image-preview":"max-image-preview:large","max-video-preview":"max-video-preview:-1"},"canonical":"https:\/\/unaymilletras.com\/en\/myke-towers-vuelve-a-su-esencia-con-la-pantera-negra\/","og_locale":"en_GB","og_type":"article","og_title":"Myke Towers vuelve a su esencia con \u201cLa pantera negra\u201d &#8902; Una y Mil Letras","og_description":"Myke Towers vuelve a sus or\u00edgenes musicales con uno de los \u00e1lbumes m\u00e1s esperados del a\u00f1o; \u201cLa pantera negra\u201d","og_url":"https:\/\/unaymilletras.com\/en\/myke-towers-vuelve-a-su-esencia-con-la-pantera-negra\/","og_site_name":"Una y Mil Letras","article_published_time":"2024-08-26T14:04:35+00:00","article_modified_time":"2024-08-26T21:29:34+00:00","og_image":[{"width":764,"height":430,"url":"http:\/\/unaymilletras.com\/wp-content\/uploads\/2024\/08\/C363C8FE-A064-41D1-9BE0-5EA1AE16299B.jpeg","type":"image\/jpeg"}],"author":"Luc\u00eda Fandi\u00f1o","twitter_card":"summary_large_image","twitter_creator":"@UnaYMilLetras","twitter_site":"@UnaYMilLetras","twitter_misc":{"Written by":"Luc\u00eda Fandi\u00f1o","Estimated reading time":"2 minutes"},"schema":{"@context":"https:\/\/schema.org","@graph":[{"@type":"Article","@id":"https:\/\/unaymilletras.com\/myke-towers-vuelve-a-su-esencia-con-la-pantera-negra\/#article","isPartOf":{"@id":"https:\/\/unaymilletras.com\/myke-towers-vuelve-a-su-esencia-con-la-pantera-negra\/"},"author":{"name":"Luc\u00eda Fandi\u00f1o","@id":"http:\/\/unaymilletras.com\/#\/schema\/person\/047a24f09ead3f0ba2387e5df86d9336"},"headline":"Myke Towers vuelve a su esencia con \u201cLa pantera negra\u201d","datePublished":"2024-08-26T14:04:35+00:00","dateModified":"2024-08-26T21:29:34+00:00","mainEntityOfPage":{"@id":"https:\/\/unaymilletras.com\/myke-towers-vuelve-a-su-esencia-con-la-pantera-negra\/"},"wordCount":383,"commentCount":0,"publisher":{"@id":"http:\/\/unaymilletras.com\/#organization"},"image":{"@id":"https:\/\/unaymilletras.com\/myke-towers-vuelve-a-su-esencia-con-la-pantera-negra\/#primaryimage"},"thumbnailUrl":"https:\/\/unaymilletras.com\/wp-content\/uploads\/2024\/08\/C363C8FE-A064-41D1-9BE0-5EA1AE16299B.jpeg","keywords":["la pantera negra","myke towers"],"articleSection":["M\u00fasica"],"inLanguage":"en-GB","potentialAction":[{"@type":"CommentAction","name":"Comment","target":["https:\/\/unaymilletras.com\/myke-towers-vuelve-a-su-esencia-con-la-pantera-negra\/#respond"]}]},{"@type":"WebPage","@id":"https:\/\/unaymilletras.com\/myke-towers-vuelve-a-su-esencia-con-la-pantera-negra\/","url":"https:\/\/unaymilletras.com\/myke-towers-vuelve-a-su-esencia-con-la-pantera-negra\/","name":"Myke Towers vuelve a su esencia con \u201cLa pantera negra\u201d &#8902; Una y Mil Letras","isPartOf":{"@id":"http:\/\/unaymilletras.com\/#website"},"primaryImageOfPage":{"@id":"https:\/\/unaymilletras.com\/myke-towers-vuelve-a-su-esencia-con-la-pantera-negra\/#primaryimage"},"image":{"@id":"https:\/\/unaymilletras.com\/myke-towers-vuelve-a-su-esencia-con-la-pantera-negra\/#primaryimage"},"thumbnailUrl":"https:\/\/unaymilletras.com\/wp-content\/uploads\/2024\/08\/C363C8FE-A064-41D1-9BE0-5EA1AE16299B.jpeg","datePublished":"2024-08-26T14:04:35+00:00","dateModified":"2024-08-26T21:29:34+00:00","description":"Myke Towers vuelve a sus or\u00edgenes musicales con uno de los \u00e1lbumes m\u00e1s esperados del a\u00f1o; \u201cLa pantera negra\u201d","breadcrumb":{"@id":"https:\/\/unaymilletras.com\/myke-towers-vuelve-a-su-esencia-con-la-pantera-negra\/#breadcrumb"},"inLanguage":"en-GB","potentialAction":[{"@type":"ReadAction","target":["https:\/\/unaymilletras.com\/myke-towers-vuelve-a-su-esencia-con-la-pantera-negra\/"]}]},{"@type":"ImageObject","inLanguage":"en-GB","@id":"https:\/\/unaymilletras.com\/myke-towers-vuelve-a-su-esencia-con-la-pantera-negra\/#primaryimage","url":"https:\/\/unaymilletras.com\/wp-content\/uploads\/2024\/08\/C363C8FE-A064-41D1-9BE0-5EA1AE16299B.jpeg","contentUrl":"https:\/\/unaymilletras.com\/wp-content\/uploads\/2024\/08\/C363C8FE-A064-41D1-9BE0-5EA1AE16299B.jpeg","width":764,"height":430,"caption":"Screenshot"},{"@type":"BreadcrumbList","@id":"https:\/\/unaymilletras.com\/myke-towers-vuelve-a-su-esencia-con-la-pantera-negra\/#breadcrumb","itemListElement":[{"@type":"ListItem","position":1,"name":"Home","item":"http:\/\/unaymilletras.com\/"},{"@type":"ListItem","position":2,"name":"Myke Towers vuelve a su esencia con \u201cLa pantera negra\u201d"}]},{"@type":"WebSite","@id":"http:\/\/unaymilletras.com\/#website","url":"http:\/\/unaymilletras.com\/","name":"Una y Mil Letras","description":"","publisher":{"@id":"http:\/\/unaymilletras.com\/#organization"},"potentialAction":[{"@type":"SearchAction","target":{"@type":"EntryPoint","urlTemplate":"http:\/\/unaymilletras.com\/?s={search_term_string}"},"query-input":{"@type":"PropertyValueSpecification","valueRequired":true,"valueName":"search_term_string"}}],"inLanguage":"en-GB"},{"@type":"Organization","@id":"http:\/\/unaymilletras.com\/#organization","name":"Una y Mil Letras","url":"http:\/\/unaymilletras.com\/","logo":{"@type":"ImageObject","inLanguage":"en-GB","@id":"http:\/\/unaymilletras.com\/#\/schema\/logo\/image\/","url":"https:\/\/unaymilletras.com\/wp-content\/uploads\/2024\/06\/cropped-Logo-removebg-preview.png","contentUrl":"https:\/\/unaymilletras.com\/wp-content\/uploads\/2024\/06\/cropped-Logo-removebg-preview.png","width":512,"height":512,"caption":"Una y Mil Letras"},"image":{"@id":"http:\/\/unaymilletras.com\/#\/schema\/logo\/image\/"},"sameAs":["https:\/\/x.com\/UnaYMilLetras","https:\/\/instagram.com\/UnaYMilLetras"]},{"@type":"Person","@id":"http:\/\/unaymilletras.com\/#\/schema\/person\/047a24f09ead3f0ba2387e5df86d9336","name":"Luc\u00eda Fandi\u00f1o","image":{"@type":"ImageObject","inLanguage":"en-GB","@id":"https:\/\/secure.gravatar.com\/avatar\/d22d9eea03f89c5d17f4b05c3efeb11bad23ff32b99e63bbf54232bc1b6a06b2?s=96&d=mm&r=g","url":"https:\/\/secure.gravatar.com\/avatar\/d22d9eea03f89c5d17f4b05c3efeb11bad23ff32b99e63bbf54232bc1b6a06b2?s=96&d=mm&r=g","contentUrl":"https:\/\/secure.gravatar.com\/avatar\/d22d9eea03f89c5d17f4b05c3efeb11bad23ff32b99e63bbf54232bc1b6a06b2?s=96&d=mm&r=g","caption":"Luc\u00eda Fandi\u00f1o"},"sameAs":["www.instagram.com\/luciaafandino"],"url":"https:\/\/unaymilletras.com\/en\/author\/luciaafandino\/"}]}},"_links":{"self":[{"href":"https:\/\/unaymilletras.com\/en\/wp-json\/wp\/v2\/posts\/3005","targetHints":{"allow":["GET"]}}],"collection":[{"href":"https:\/\/unaymilletras.com\/en\/wp-json\/wp\/v2\/posts"}],"about":[{"href":"https:\/\/unaymilletras.com\/en\/wp-json\/wp\/v2\/types\/post"}],"author":[{"embeddable":true,"href":"https:\/\/unaymilletras.com\/en\/wp-json\/wp\/v2\/users\/5"}],"replies":[{"embeddable":true,"href":"https:\/\/unaymilletras.com\/en\/wp-json\/wp\/v2\/comments?post=3005"}],"version-history":[{"count":17,"href":"https:\/\/unaymilletras.com\/en\/wp-json\/wp\/v2\/posts\/3005\/revisions"}],"predecessor-version":[{"id":3028,"href":"https:\/\/unaymilletras.com\/en\/wp-json\/wp\/v2\/posts\/3005\/revisions\/3028"}],"wp:featuredmedia":[{"embeddable":true,"href":"https:\/\/unaymilletras.com\/en\/wp-json\/wp\/v2\/media\/3006"}],"wp:attachment":[{"href":"https:\/\/unaymilletras.com\/en\/wp-json\/wp\/v2\/media?parent=3005"}],"wp:term":[{"taxonomy":"category","embeddable":true,"href":"https:\/\/unaymilletras.com\/en\/wp-json\/wp\/v2\/categories?post=3005"},{"taxonomy":"post_tag","embeddable":true,"href":"https:\/\/unaymilletras.com\/en\/wp-json\/wp\/v2\/tags?post=3005"}],"curies":[{"name":"wp","href":"https:\/\/api.w.org\/{rel}","templated":true}]}}