{"id":301,"date":"2023-03-08T12:23:19","date_gmt":"2023-03-08T12:23:19","guid":{"rendered":"https:\/\/unaymilletras.wordpress.com\/?p=301"},"modified":"2023-05-06T14:08:01","modified_gmt":"2023-05-06T14:08:01","slug":"pablo-rouss-en-la-riviera-26-de-abril","status":"publish","type":"post","link":"https:\/\/unaymilletras.com\/en\/pablo-rouss-en-la-riviera-26-de-abril\/","title":{"rendered":"Pablo Rouss en la Riviera, 26 de abril"},"content":{"rendered":"<p class=\"has-text-align-center has-large-font-size\"><em>El artista y productor estrena \u00abCiclos\u00bb, su primer \u00e1lbum, en Madrid y contar\u00e1 con muchos artistas invitados<\/em><\/p>\n\n\n\n<p class=\"has-text-align-justify has-small-font-size\">El <strong>26 de abril<\/strong> tendr\u00e1 lugar en <strong>La Riviera<\/strong> el concierto presentaci\u00f3n de <em><strong>Ciclos<\/strong><\/em>, el primer disco de <strong>Pablo Rouss<\/strong>. El evento contar\u00e1 con 19 invitados con los que colabora en su \u00e1lbum que acompa\u00f1ar\u00e1n al artista encima del escenario. Se trata de un concierto \u00fanico que seg\u00fan asegura el protagonista en su Twitter \u00abva a ser \u00e9pico\u00bb. <\/p>\n\n\n\n<p class=\"has-text-align-justify has-small-font-size\"><em>Ciclos<\/em> es un disco en el que todas las canciones que lo componen son colaboraciones con otros artistas. En 17 canciones ha logrado reunirse en total con 22 artistas, con varios de los cuales ya hab\u00eda trabajado con anterioridad. El <strong>17 de febrero<\/strong> se conocieron tanto las canciones y los artistas que acompa\u00f1aban a Rouss en cada una de ellas, como la fecha de lanzamiento. Asimismo, ayer fue el d\u00eda en el se conoci\u00f3 el cartel completo de cantantes que le acompa\u00f1ar\u00edan en su concierto de presentaci\u00f3n. <\/p>\n\n\n\n<figure class=\"wp-block-image size-large is-resized\"><img fetchpriority=\"high\" decoding=\"async\" src=\"http:\/\/unaymilletras.com\/wp-content\/uploads\/2023\/03\/image-12.png?w=680\" alt=\"\" class=\"wp-image-308\" width=\"781\" height=\"781\" srcset=\"https:\/\/unaymilletras.com\/wp-content\/uploads\/2023\/03\/image-12.png 680w, https:\/\/unaymilletras.com\/wp-content\/uploads\/2023\/03\/image-12-300x300.png 300w, https:\/\/unaymilletras.com\/wp-content\/uploads\/2023\/03\/image-12-150x150.png 150w\" sizes=\"(max-width: 781px) 100vw, 781px\" \/><\/figure>\n\n\n\n<p class=\"has-text-align-justify has-small-font-size\"><strong>Walls<\/strong>, <strong>Enol<\/strong>, <strong>Delgao<\/strong> o <strong>Recycled J<\/strong> son algunos de los participantes del \u00e1lbum y tambi\u00e9n fueron los primeros confirmados para el concierto del 26 de abril. El productor ya hab\u00eda trabajado con anterioridad con varios de los artistas que colaboran en su disco. Adem\u00e1s, ha participado en la producci\u00f3n de canciones de artistas muy variados, como <strong>Lola \u00edndigo<\/strong>, <strong>Vanesa Mart\u00edn<\/strong> o <strong>Sebasti\u00e1n Yatra<\/strong>. Con este \u00faltimo trabaj\u00f3 para crear <em><strong>Tacones Rojos<\/strong><\/em>, la canci\u00f3n que le ha llevado a ganar dos <strong>Latin Grammys<\/strong>.<\/p>\n\n\n\n<figure class=\"wp-block-embed is-type-rich is-provider-twitter wp-block-embed-twitter\"><div class=\"wp-block-embed__wrapper\">\n<blockquote class=\"twitter-tweet\" data-width=\"550\" data-dnt=\"true\"><p lang=\"es\" dir=\"ltr\">De los d\u00edas mas emocionantes de mi vida sin duda.<br><br>Gracias a todas esas personas que me han dado oportunidades a lo largo de mi carrera porque gracias a ellas yo estoy hoy aqu\u00ed y gracias a mi madre, que estes donde estes ah\u00ed arriba, esto va por ti. Te Quiero \u2764\ufe0f <a href=\"https:\/\/t.co\/TOWWfmZtCw\">pic.twitter.com\/TOWWfmZtCw<\/a><\/p>&mdash; ROUSS (@PabloRouss) <a href=\"https:\/\/twitter.com\/PabloRouss\/status\/1593658847964516353?ref_src=twsrc%5Etfw\">November 18, 2022<\/a><\/blockquote><script async src=\"https:\/\/platform.twitter.com\/widgets.js\" charset=\"utf-8\"><\/script>\n<\/div><\/figure>","protected":false},"excerpt":{"rendered":"<p>El artista y productor estrena \u00abCiclos\u00bb, su primer \u00e1lbum, en Madrid y contar\u00e1 con muchos artistas invitados El 26 de abril tendr\u00e1 lugar en La Riviera el concierto presentaci\u00f3n de Ciclos, el primer disco de Pablo Rouss. El evento contar\u00e1 con 19 invitados con los que colabora en su \u00e1lbum que acompa\u00f1ar\u00e1n al artista encima [&hellip;]<\/p>\n","protected":false},"author":1,"featured_media":302,"comment_status":"open","ping_status":"open","sticky":false,"template":"","format":"standard","meta":{"footnotes":""},"categories":[4],"tags":[],"class_list":["post-301","post","type-post","status-publish","format-standard","has-post-thumbnail","hentry","category-musica"],"yoast_head":"<!-- This site is optimized with the Yoast SEO plugin v27.4 - https:\/\/yoast.com\/product\/yoast-seo-wordpress\/ -->\n<title>Pablo Rouss en la Riviera, 26 de abril &#8902; Una y Mil Letras<\/title>\n<meta name=\"robots\" content=\"index, follow, max-snippet:-1, max-image-preview:large, max-video-preview:-1\" \/>\n<link rel=\"canonical\" href=\"https:\/\/unaymilletras.com\/en\/pablo-rouss-en-la-riviera-26-de-abril\/\" \/>\n<meta property=\"og:locale\" content=\"en_GB\" \/>\n<meta property=\"og:type\" content=\"article\" \/>\n<meta property=\"og:title\" content=\"Pablo Rouss en la Riviera, 26 de abril &#8902; Una y Mil Letras\" \/>\n<meta property=\"og:description\" content=\"El artista y productor estrena \u00abCiclos\u00bb, su primer \u00e1lbum, en Madrid y contar\u00e1 con muchos artistas invitados El 26 de abril tendr\u00e1 lugar en La Riviera el concierto presentaci\u00f3n de Ciclos, el primer disco de Pablo Rouss. El evento contar\u00e1 con 19 invitados con los que colabora en su \u00e1lbum que acompa\u00f1ar\u00e1n al artista encima [&hellip;]\" \/>\n<meta property=\"og:url\" content=\"https:\/\/unaymilletras.com\/en\/pablo-rouss-en-la-riviera-26-de-abril\/\" \/>\n<meta property=\"og:site_name\" content=\"Una y Mil Letras\" \/>\n<meta property=\"article:published_time\" content=\"2023-03-08T12:23:19+00:00\" \/>\n<meta property=\"article:modified_time\" content=\"2023-05-06T14:08:01+00:00\" \/>\n<meta property=\"og:image\" content=\"https:\/\/unaymilletras.com\/wp-content\/uploads\/2023\/03\/fqeqoljwcaewh9z-e1679261648708.jpeg\" \/>\n\t<meta property=\"og:image:width\" content=\"600\" \/>\n\t<meta property=\"og:image:height\" content=\"750\" \/>\n\t<meta property=\"og:image:type\" content=\"image\/jpeg\" \/>\n<meta name=\"author\" content=\"Maria Gil Robledo\" \/>\n<meta name=\"twitter:card\" content=\"summary_large_image\" \/>\n<meta name=\"twitter:creator\" content=\"@UnaYMilLetras\" \/>\n<meta name=\"twitter:site\" content=\"@UnaYMilLetras\" \/>\n<meta name=\"twitter:label1\" content=\"Written by\" \/>\n\t<meta name=\"twitter:data1\" content=\"Maria Gil Robledo\" \/>\n\t<meta name=\"twitter:label2\" content=\"Estimated reading time\" \/>\n\t<meta name=\"twitter:data2\" content=\"1 minute\" \/>\n<script type=\"application\/ld+json\" class=\"yoast-schema-graph\">{\"@context\":\"https:\\\/\\\/schema.org\",\"@graph\":[{\"@type\":\"Article\",\"@id\":\"https:\\\/\\\/unaymilletras.com\\\/pablo-rouss-en-la-riviera-26-de-abril\\\/#article\",\"isPartOf\":{\"@id\":\"https:\\\/\\\/unaymilletras.com\\\/pablo-rouss-en-la-riviera-26-de-abril\\\/\"},\"author\":{\"name\":\"Maria Gil Robledo\",\"@id\":\"http:\\\/\\\/unaymilletras.com\\\/#\\\/schema\\\/person\\\/d55ba681b8a4e463d8982dbe36a5dc94\"},\"headline\":\"Pablo Rouss en la Riviera, 26 de abril\",\"datePublished\":\"2023-03-08T12:23:19+00:00\",\"dateModified\":\"2023-05-06T14:08:01+00:00\",\"mainEntityOfPage\":{\"@id\":\"https:\\\/\\\/unaymilletras.com\\\/pablo-rouss-en-la-riviera-26-de-abril\\\/\"},\"wordCount\":268,\"commentCount\":1,\"publisher\":{\"@id\":\"http:\\\/\\\/unaymilletras.com\\\/#organization\"},\"image\":{\"@id\":\"https:\\\/\\\/unaymilletras.com\\\/pablo-rouss-en-la-riviera-26-de-abril\\\/#primaryimage\"},\"thumbnailUrl\":\"https:\\\/\\\/unaymilletras.com\\\/wp-content\\\/uploads\\\/2023\\\/03\\\/fqeqoljwcaewh9z-e1679261648708.jpeg\",\"articleSection\":[\"M\u00fasica\"],\"inLanguage\":\"en-GB\",\"potentialAction\":[{\"@type\":\"CommentAction\",\"name\":\"Comment\",\"target\":[\"https:\\\/\\\/unaymilletras.com\\\/pablo-rouss-en-la-riviera-26-de-abril\\\/#respond\"]}]},{\"@type\":\"WebPage\",\"@id\":\"https:\\\/\\\/unaymilletras.com\\\/pablo-rouss-en-la-riviera-26-de-abril\\\/\",\"url\":\"https:\\\/\\\/unaymilletras.com\\\/pablo-rouss-en-la-riviera-26-de-abril\\\/\",\"name\":\"Pablo Rouss en la Riviera, 26 de abril &#8902; Una y Mil Letras\",\"isPartOf\":{\"@id\":\"http:\\\/\\\/unaymilletras.com\\\/#website\"},\"primaryImageOfPage\":{\"@id\":\"https:\\\/\\\/unaymilletras.com\\\/pablo-rouss-en-la-riviera-26-de-abril\\\/#primaryimage\"},\"image\":{\"@id\":\"https:\\\/\\\/unaymilletras.com\\\/pablo-rouss-en-la-riviera-26-de-abril\\\/#primaryimage\"},\"thumbnailUrl\":\"https:\\\/\\\/unaymilletras.com\\\/wp-content\\\/uploads\\\/2023\\\/03\\\/fqeqoljwcaewh9z-e1679261648708.jpeg\",\"datePublished\":\"2023-03-08T12:23:19+00:00\",\"dateModified\":\"2023-05-06T14:08:01+00:00\",\"breadcrumb\":{\"@id\":\"https:\\\/\\\/unaymilletras.com\\\/pablo-rouss-en-la-riviera-26-de-abril\\\/#breadcrumb\"},\"inLanguage\":\"en-GB\",\"potentialAction\":[{\"@type\":\"ReadAction\",\"target\":[\"https:\\\/\\\/unaymilletras.com\\\/pablo-rouss-en-la-riviera-26-de-abril\\\/\"]}]},{\"@type\":\"ImageObject\",\"inLanguage\":\"en-GB\",\"@id\":\"https:\\\/\\\/unaymilletras.com\\\/pablo-rouss-en-la-riviera-26-de-abril\\\/#primaryimage\",\"url\":\"https:\\\/\\\/unaymilletras.com\\\/wp-content\\\/uploads\\\/2023\\\/03\\\/fqeqoljwcaewh9z-e1679261648708.jpeg\",\"contentUrl\":\"https:\\\/\\\/unaymilletras.com\\\/wp-content\\\/uploads\\\/2023\\\/03\\\/fqeqoljwcaewh9z-e1679261648708.jpeg\",\"width\":600,\"height\":750},{\"@type\":\"BreadcrumbList\",\"@id\":\"https:\\\/\\\/unaymilletras.com\\\/pablo-rouss-en-la-riviera-26-de-abril\\\/#breadcrumb\",\"itemListElement\":[{\"@type\":\"ListItem\",\"position\":1,\"name\":\"Home\",\"item\":\"http:\\\/\\\/unaymilletras.com\\\/\"},{\"@type\":\"ListItem\",\"position\":2,\"name\":\"Pablo Rouss en la Riviera, 26 de abril\"}]},{\"@type\":\"WebSite\",\"@id\":\"http:\\\/\\\/unaymilletras.com\\\/#website\",\"url\":\"http:\\\/\\\/unaymilletras.com\\\/\",\"name\":\"Una y Mil Letras\",\"description\":\"\",\"publisher\":{\"@id\":\"http:\\\/\\\/unaymilletras.com\\\/#organization\"},\"potentialAction\":[{\"@type\":\"SearchAction\",\"target\":{\"@type\":\"EntryPoint\",\"urlTemplate\":\"http:\\\/\\\/unaymilletras.com\\\/?s={search_term_string}\"},\"query-input\":{\"@type\":\"PropertyValueSpecification\",\"valueRequired\":true,\"valueName\":\"search_term_string\"}}],\"inLanguage\":\"en-GB\"},{\"@type\":\"Organization\",\"@id\":\"http:\\\/\\\/unaymilletras.com\\\/#organization\",\"name\":\"Una y Mil Letras\",\"url\":\"http:\\\/\\\/unaymilletras.com\\\/\",\"logo\":{\"@type\":\"ImageObject\",\"inLanguage\":\"en-GB\",\"@id\":\"http:\\\/\\\/unaymilletras.com\\\/#\\\/schema\\\/logo\\\/image\\\/\",\"url\":\"https:\\\/\\\/unaymilletras.com\\\/wp-content\\\/uploads\\\/2024\\\/06\\\/cropped-Logo-removebg-preview.png\",\"contentUrl\":\"https:\\\/\\\/unaymilletras.com\\\/wp-content\\\/uploads\\\/2024\\\/06\\\/cropped-Logo-removebg-preview.png\",\"width\":512,\"height\":512,\"caption\":\"Una y Mil Letras\"},\"image\":{\"@id\":\"http:\\\/\\\/unaymilletras.com\\\/#\\\/schema\\\/logo\\\/image\\\/\"},\"sameAs\":[\"https:\\\/\\\/x.com\\\/UnaYMilLetras\",\"https:\\\/\\\/instagram.com\\\/UnaYMilLetras\"]},{\"@type\":\"Person\",\"@id\":\"http:\\\/\\\/unaymilletras.com\\\/#\\\/schema\\\/person\\\/d55ba681b8a4e463d8982dbe36a5dc94\",\"name\":\"Maria Gil Robledo\",\"image\":{\"@type\":\"ImageObject\",\"inLanguage\":\"en-GB\",\"@id\":\"https:\\\/\\\/secure.gravatar.com\\\/avatar\\\/4b8e5102e0015789407eb4870b12f0f2857952d83ca124058f92b764bd1840c3?s=96&d=mm&r=g\",\"url\":\"https:\\\/\\\/secure.gravatar.com\\\/avatar\\\/4b8e5102e0015789407eb4870b12f0f2857952d83ca124058f92b764bd1840c3?s=96&d=mm&r=g\",\"contentUrl\":\"https:\\\/\\\/secure.gravatar.com\\\/avatar\\\/4b8e5102e0015789407eb4870b12f0f2857952d83ca124058f92b764bd1840c3?s=96&d=mm&r=g\",\"caption\":\"Maria Gil Robledo\"},\"sameAs\":[\"http:\\\/\\\/unaymilletras.com\"],\"url\":\"https:\\\/\\\/unaymilletras.com\\\/en\\\/author\\\/mariiagiil02_\\\/\"}]}<\/script>\n<!-- \/ Yoast SEO plugin. -->","yoast_head_json":{"title":"Pablo Rouss en la Riviera, 26 de abril &#8902; Una y Mil Letras","robots":{"index":"index","follow":"follow","max-snippet":"max-snippet:-1","max-image-preview":"max-image-preview:large","max-video-preview":"max-video-preview:-1"},"canonical":"https:\/\/unaymilletras.com\/en\/pablo-rouss-en-la-riviera-26-de-abril\/","og_locale":"en_GB","og_type":"article","og_title":"Pablo Rouss en la Riviera, 26 de abril &#8902; Una y Mil Letras","og_description":"El artista y productor estrena \u00abCiclos\u00bb, su primer \u00e1lbum, en Madrid y contar\u00e1 con muchos artistas invitados El 26 de abril tendr\u00e1 lugar en La Riviera el concierto presentaci\u00f3n de Ciclos, el primer disco de Pablo Rouss. El evento contar\u00e1 con 19 invitados con los que colabora en su \u00e1lbum que acompa\u00f1ar\u00e1n al artista encima [&hellip;]","og_url":"https:\/\/unaymilletras.com\/en\/pablo-rouss-en-la-riviera-26-de-abril\/","og_site_name":"Una y Mil Letras","article_published_time":"2023-03-08T12:23:19+00:00","article_modified_time":"2023-05-06T14:08:01+00:00","og_image":[{"width":600,"height":750,"url":"https:\/\/unaymilletras.com\/wp-content\/uploads\/2023\/03\/fqeqoljwcaewh9z-e1679261648708.jpeg","type":"image\/jpeg"}],"author":"Maria Gil Robledo","twitter_card":"summary_large_image","twitter_creator":"@UnaYMilLetras","twitter_site":"@UnaYMilLetras","twitter_misc":{"Written by":"Maria Gil Robledo","Estimated reading time":"1 minute"},"schema":{"@context":"https:\/\/schema.org","@graph":[{"@type":"Article","@id":"https:\/\/unaymilletras.com\/pablo-rouss-en-la-riviera-26-de-abril\/#article","isPartOf":{"@id":"https:\/\/unaymilletras.com\/pablo-rouss-en-la-riviera-26-de-abril\/"},"author":{"name":"Maria Gil Robledo","@id":"http:\/\/unaymilletras.com\/#\/schema\/person\/d55ba681b8a4e463d8982dbe36a5dc94"},"headline":"Pablo Rouss en la Riviera, 26 de abril","datePublished":"2023-03-08T12:23:19+00:00","dateModified":"2023-05-06T14:08:01+00:00","mainEntityOfPage":{"@id":"https:\/\/unaymilletras.com\/pablo-rouss-en-la-riviera-26-de-abril\/"},"wordCount":268,"commentCount":1,"publisher":{"@id":"http:\/\/unaymilletras.com\/#organization"},"image":{"@id":"https:\/\/unaymilletras.com\/pablo-rouss-en-la-riviera-26-de-abril\/#primaryimage"},"thumbnailUrl":"https:\/\/unaymilletras.com\/wp-content\/uploads\/2023\/03\/fqeqoljwcaewh9z-e1679261648708.jpeg","articleSection":["M\u00fasica"],"inLanguage":"en-GB","potentialAction":[{"@type":"CommentAction","name":"Comment","target":["https:\/\/unaymilletras.com\/pablo-rouss-en-la-riviera-26-de-abril\/#respond"]}]},{"@type":"WebPage","@id":"https:\/\/unaymilletras.com\/pablo-rouss-en-la-riviera-26-de-abril\/","url":"https:\/\/unaymilletras.com\/pablo-rouss-en-la-riviera-26-de-abril\/","name":"Pablo Rouss en la Riviera, 26 de abril &#8902; Una y Mil Letras","isPartOf":{"@id":"http:\/\/unaymilletras.com\/#website"},"primaryImageOfPage":{"@id":"https:\/\/unaymilletras.com\/pablo-rouss-en-la-riviera-26-de-abril\/#primaryimage"},"image":{"@id":"https:\/\/unaymilletras.com\/pablo-rouss-en-la-riviera-26-de-abril\/#primaryimage"},"thumbnailUrl":"https:\/\/unaymilletras.com\/wp-content\/uploads\/2023\/03\/fqeqoljwcaewh9z-e1679261648708.jpeg","datePublished":"2023-03-08T12:23:19+00:00","dateModified":"2023-05-06T14:08:01+00:00","breadcrumb":{"@id":"https:\/\/unaymilletras.com\/pablo-rouss-en-la-riviera-26-de-abril\/#breadcrumb"},"inLanguage":"en-GB","potentialAction":[{"@type":"ReadAction","target":["https:\/\/unaymilletras.com\/pablo-rouss-en-la-riviera-26-de-abril\/"]}]},{"@type":"ImageObject","inLanguage":"en-GB","@id":"https:\/\/unaymilletras.com\/pablo-rouss-en-la-riviera-26-de-abril\/#primaryimage","url":"https:\/\/unaymilletras.com\/wp-content\/uploads\/2023\/03\/fqeqoljwcaewh9z-e1679261648708.jpeg","contentUrl":"https:\/\/unaymilletras.com\/wp-content\/uploads\/2023\/03\/fqeqoljwcaewh9z-e1679261648708.jpeg","width":600,"height":750},{"@type":"BreadcrumbList","@id":"https:\/\/unaymilletras.com\/pablo-rouss-en-la-riviera-26-de-abril\/#breadcrumb","itemListElement":[{"@type":"ListItem","position":1,"name":"Home","item":"http:\/\/unaymilletras.com\/"},{"@type":"ListItem","position":2,"name":"Pablo Rouss en la Riviera, 26 de abril"}]},{"@type":"WebSite","@id":"http:\/\/unaymilletras.com\/#website","url":"http:\/\/unaymilletras.com\/","name":"Una y Mil Letras","description":"","publisher":{"@id":"http:\/\/unaymilletras.com\/#organization"},"potentialAction":[{"@type":"SearchAction","target":{"@type":"EntryPoint","urlTemplate":"http:\/\/unaymilletras.com\/?s={search_term_string}"},"query-input":{"@type":"PropertyValueSpecification","valueRequired":true,"valueName":"search_term_string"}}],"inLanguage":"en-GB"},{"@type":"Organization","@id":"http:\/\/unaymilletras.com\/#organization","name":"Una y Mil Letras","url":"http:\/\/unaymilletras.com\/","logo":{"@type":"ImageObject","inLanguage":"en-GB","@id":"http:\/\/unaymilletras.com\/#\/schema\/logo\/image\/","url":"https:\/\/unaymilletras.com\/wp-content\/uploads\/2024\/06\/cropped-Logo-removebg-preview.png","contentUrl":"https:\/\/unaymilletras.com\/wp-content\/uploads\/2024\/06\/cropped-Logo-removebg-preview.png","width":512,"height":512,"caption":"Una y Mil Letras"},"image":{"@id":"http:\/\/unaymilletras.com\/#\/schema\/logo\/image\/"},"sameAs":["https:\/\/x.com\/UnaYMilLetras","https:\/\/instagram.com\/UnaYMilLetras"]},{"@type":"Person","@id":"http:\/\/unaymilletras.com\/#\/schema\/person\/d55ba681b8a4e463d8982dbe36a5dc94","name":"Maria Gil Robledo","image":{"@type":"ImageObject","inLanguage":"en-GB","@id":"https:\/\/secure.gravatar.com\/avatar\/4b8e5102e0015789407eb4870b12f0f2857952d83ca124058f92b764bd1840c3?s=96&d=mm&r=g","url":"https:\/\/secure.gravatar.com\/avatar\/4b8e5102e0015789407eb4870b12f0f2857952d83ca124058f92b764bd1840c3?s=96&d=mm&r=g","contentUrl":"https:\/\/secure.gravatar.com\/avatar\/4b8e5102e0015789407eb4870b12f0f2857952d83ca124058f92b764bd1840c3?s=96&d=mm&r=g","caption":"Maria Gil Robledo"},"sameAs":["http:\/\/unaymilletras.com"],"url":"https:\/\/unaymilletras.com\/en\/author\/mariiagiil02_\/"}]}},"_links":{"self":[{"href":"https:\/\/unaymilletras.com\/en\/wp-json\/wp\/v2\/posts\/301","targetHints":{"allow":["GET"]}}],"collection":[{"href":"https:\/\/unaymilletras.com\/en\/wp-json\/wp\/v2\/posts"}],"about":[{"href":"https:\/\/unaymilletras.com\/en\/wp-json\/wp\/v2\/types\/post"}],"author":[{"embeddable":true,"href":"https:\/\/unaymilletras.com\/en\/wp-json\/wp\/v2\/users\/1"}],"replies":[{"embeddable":true,"href":"https:\/\/unaymilletras.com\/en\/wp-json\/wp\/v2\/comments?post=301"}],"version-history":[{"count":1,"href":"https:\/\/unaymilletras.com\/en\/wp-json\/wp\/v2\/posts\/301\/revisions"}],"predecessor-version":[{"id":548,"href":"https:\/\/unaymilletras.com\/en\/wp-json\/wp\/v2\/posts\/301\/revisions\/548"}],"wp:featuredmedia":[{"embeddable":true,"href":"https:\/\/unaymilletras.com\/en\/wp-json\/wp\/v2\/media\/302"}],"wp:attachment":[{"href":"https:\/\/unaymilletras.com\/en\/wp-json\/wp\/v2\/media?parent=301"}],"wp:term":[{"taxonomy":"category","embeddable":true,"href":"https:\/\/unaymilletras.com\/en\/wp-json\/wp\/v2\/categories?post=301"},{"taxonomy":"post_tag","embeddable":true,"href":"https:\/\/unaymilletras.com\/en\/wp-json\/wp\/v2\/tags?post=301"}],"curies":[{"name":"wp","href":"https:\/\/api.w.org\/{rel}","templated":true}]}}