{"id":3030,"date":"2024-08-31T17:33:31","date_gmt":"2024-08-31T15:33:31","guid":{"rendered":"https:\/\/unaymilletras.com\/?p=3030"},"modified":"2024-09-10T14:22:19","modified_gmt":"2024-09-10T12:22:19","slug":"sebastian-yatra-saca-su-lado-romantico-con-los-domingos","status":"publish","type":"post","link":"https:\/\/unaymilletras.com\/en\/sebastian-yatra-saca-su-lado-romantico-con-los-domingos\/","title":{"rendered":"Sebasti\u00e1n Yatra saca su lado rom\u00e1ntico con &#8216;Los domingos&#8217;"},"content":{"rendered":"<div data-elementor-type=\"wp-post\" data-elementor-id=\"3030\" class=\"elementor elementor-3030\">\n\t\t\t\t\t\t<section class=\"elementor-section elementor-top-section elementor-element elementor-element-99bffcb elementor-section-boxed elementor-section-height-default elementor-section-height-default\" data-id=\"99bffcb\" data-element_type=\"section\" data-e-type=\"section\">\n\t\t\t\t\t\t<div class=\"elementor-container elementor-column-gap-default\">\n\t\t\t\t\t<div class=\"elementor-column elementor-col-100 elementor-top-column elementor-element elementor-element-5d54045\" data-id=\"5d54045\" data-element_type=\"column\" data-e-type=\"column\">\n\t\t\t<div class=\"elementor-widget-wrap elementor-element-populated\">\n\t\t\t\t\t\t<div class=\"elementor-element elementor-element-08a1071 elementor-widget elementor-widget-text-editor\" data-id=\"08a1071\" data-element_type=\"widget\" data-e-type=\"widget\" data-widget_type=\"text-editor.default\">\n\t\t\t\t<div class=\"elementor-widget-container\">\n\t\t\t\t\t\t\t\t\t<h2><span style=\"color: #808080;\"><em>El artista colombiano Sebasti\u00e1n Yatra vuelve a la escena de la mano de una nueva balada tan esperada como rom\u00e1ntica<\/em><\/span><\/h2>\t\t\t\t\t\t\t\t<\/div>\n\t\t\t\t<\/div>\n\t\t\t\t\t<\/div>\n\t\t<\/div>\n\t\t\t\t\t<\/div>\n\t\t<\/section>\n\t\t\t\t<section class=\"elementor-section elementor-top-section elementor-element elementor-element-577e59d7 elementor-section-boxed elementor-section-height-default elementor-section-height-default\" data-id=\"577e59d7\" data-element_type=\"section\" data-e-type=\"section\">\n\t\t\t\t\t\t<div class=\"elementor-container elementor-column-gap-default\">\n\t\t\t\t\t<div class=\"elementor-column elementor-col-100 elementor-top-column elementor-element elementor-element-da721ee\" data-id=\"da721ee\" data-element_type=\"column\" data-e-type=\"column\">\n\t\t\t<div class=\"elementor-widget-wrap elementor-element-populated\">\n\t\t\t\t\t\t<div class=\"elementor-element elementor-element-e6d0e09 elementor-widget elementor-widget-text-editor\" data-id=\"e6d0e09\" data-element_type=\"widget\" data-e-type=\"widget\" data-widget_type=\"text-editor.default\">\n\t\t\t\t<div class=\"elementor-widget-container\">\n\t\t\t\t\t\t\t\t\t<p><\/p>\n<p><span style=\"font-weight: var( --e-global-typography-text-font-weight ); color: #848282; font-family: var( --e-global-typography-text-font-family ), Sans-serif; font-size: 17px;\">Hace poco m\u00e1s de una semana, la Gran V\u00eda madrile\u00f1a se convirti\u00f3 en el epicentro de una sorpresa musical inolvidable. Sebasti\u00e1n Yatra dej\u00f3 boquiabiertos a sus seguidores y a los transe\u00fantes al presentar en primicia su nueva canci\u00f3n <\/span><em style=\"font-weight: var( --e-global-typography-text-font-weight ); color: #848282; font-family: var( --e-global-typography-text-font-family ), Sans-serif; font-size: 17px;\">Los Domingos<\/em><span style=\"font-weight: var( --e-global-typography-text-font-weight ); color: #848282; font-family: var( --e-global-typography-text-font-family ), Sans-serif; font-size: 17px;\">.<\/span><\/p>\n<p><\/p>\n<p>Todo esto comenz\u00f3 alrededor de las cuatro de la tarde cuando una limusina blanca capt\u00f3 la atenci\u00f3n de la gente con una intrigante pregunta; \u00ab\u00bfQuieres o\u00edr lo nuevo de Yatra?\u00bb. Lo que nadie se imaginaba era que, al entrar en ella, se encontrar\u00edan con el artista colombiano, quien les compartir\u00eda su nuevo sencillo.<\/p>\n<p><\/p>\n<p>Sin embargo, el momento m\u00e1s emocionante lleg\u00f3 cuando Sebasti\u00e1n Yatra, en pleno coraz\u00f3n de la Gran V\u00eda, decidi\u00f3 salir del veh\u00edculo e invitar personalmente a la gente a escuchar su pr\u00f3ximo tema. Esta inesperada aparici\u00f3n provoc\u00f3 tal aglomeraci\u00f3n que el tr\u00e1fico de la zona se detuvo y all\u00ed se cre\u00f3 una aut\u00e9ntica fiesta musical.<\/p>\n<p><\/p>\n<figure class=\"wp-block-image size-full\"><img fetchpriority=\"high\" decoding=\"async\" class=\"alignnone wp-image-3033\" style=\"object-fit: cover;\" src=\"https:\/\/unaymilletras.com\/wp-content\/uploads\/2024\/08\/unnamed-7-1.jpg\" alt=\"\" width=\"600\" height=\"365\" srcset=\"https:\/\/unaymilletras.com\/wp-content\/uploads\/2024\/08\/unnamed-7-1.jpg 660w, https:\/\/unaymilletras.com\/wp-content\/uploads\/2024\/08\/unnamed-7-1-300x182.jpg 300w\" sizes=\"(max-width: 600px) 100vw, 600px\" \/><\/figure>\n<p><\/p>\n<p>Ahora, Sebasti\u00e1n Yatra est\u00e1 de vuelta co<span style=\"color: #808080;\">n <a style=\"color: #808080;\" href=\"https:\/\/open.spotify.com\/intl-es\/album\/0evo6xjBKMBkUJ9yUQx1EZ?si=5Na8CdkqSx-89ZWcpOPWPA\"><em>Los Domingos<\/em><\/a>, una balada ac\u00fasti<\/span>ca que marca su regreso tras un tiempo sin lanzar nueva m\u00fasica. Con su inconfundible estilo rom\u00e1ntico, Yatra nos lleva a imaginar distintos escenarios de un posible reencuentro con la chica de sus sue\u00f1os, acompa\u00f1ando la historia con suaves acordes de guitarra y letras llenas de emoci\u00f3n. Asimismo, este sencillo ofrece un adelanto de lo que podemos esperar en su pr\u00f3ximo \u00e1lbum.<\/p>\n<p><\/p>\n<p>El lanzamiento de <em>Los Domingos<\/em> viene acompa\u00f1ado de un video musical dirigido por Pablo Curto. Adem\u00e1s, Yatra reafirma su compromiso con el apoyo a nuevos talentos musicales. Junto a la Fundaci\u00f3n Cultural Latin GRAMMY, otorg\u00f3 la Beca Sebasti\u00e1n Yatra al contrabajista cubano Leo Luna Roblejo, para que pueda estudiar en el Berklee College of Music.<\/p>\n<p><\/p>\t\t\t\t\t\t\t\t<\/div>\n\t\t\t\t<\/div>\n\t\t\t\t\t<\/div>\n\t\t<\/div>\n\t\t\t\t\t<\/div>\n\t\t<\/section>\n\t\t\t\t<section class=\"elementor-section elementor-top-section elementor-element elementor-element-bfee2ab elementor-section-boxed elementor-section-height-default elementor-section-height-default\" data-id=\"bfee2ab\" data-element_type=\"section\" data-e-type=\"section\">\n\t\t\t\t\t\t<div class=\"elementor-container elementor-column-gap-default\">\n\t\t\t\t\t<div class=\"elementor-column elementor-col-100 elementor-top-column elementor-element elementor-element-467a3f2\" data-id=\"467a3f2\" data-element_type=\"column\" data-e-type=\"column\">\n\t\t\t<div class=\"elementor-widget-wrap elementor-element-populated\">\n\t\t\t\t\t\t<div class=\"elementor-element elementor-element-376a789 elementor-widget elementor-widget-video\" data-id=\"376a789\" data-element_type=\"widget\" data-e-type=\"widget\" data-settings=\"{&quot;youtube_url&quot;:&quot;https:\\\/\\\/youtu.be\\\/i-py9qBPUdE?si=pyjsVBLwqflScw1U&quot;,&quot;video_type&quot;:&quot;youtube&quot;,&quot;controls&quot;:&quot;yes&quot;}\" data-widget_type=\"video.default\">\n\t\t\t\t<div class=\"elementor-widget-container\">\n\t\t\t\t\t\t\t<div class=\"elementor-wrapper elementor-open-inline\">\n\t\t\t<div class=\"elementor-video\"><\/div>\t\t<\/div>\n\t\t\t\t\t\t<\/div>\n\t\t\t\t<\/div>\n\t\t\t\t\t<\/div>\n\t\t<\/div>\n\t\t\t\t\t<\/div>\n\t\t<\/section>\n\t\t\t\t<section class=\"elementor-section elementor-top-section elementor-element elementor-element-4ae7f3e elementor-section-boxed elementor-section-height-default elementor-section-height-default\" data-id=\"4ae7f3e\" data-element_type=\"section\" data-e-type=\"section\">\n\t\t\t\t\t\t<div class=\"elementor-container elementor-column-gap-default\">\n\t\t\t\t\t<div class=\"elementor-column elementor-col-100 elementor-top-column elementor-element elementor-element-3dbf130\" data-id=\"3dbf130\" data-element_type=\"column\" data-e-type=\"column\">\n\t\t\t<div class=\"elementor-widget-wrap elementor-element-populated\">\n\t\t\t\t\t\t<div class=\"elementor-element elementor-element-648377f elementor-widget elementor-widget-text-editor\" data-id=\"648377f\" data-element_type=\"widget\" data-e-type=\"widget\" data-widget_type=\"text-editor.default\">\n\t\t\t\t<div class=\"elementor-widget-container\">\n\t\t\t\t\t\t\t\t\t<p>Con este regreso, Sebasti\u00e1n Yatra contin\u00faa consolid\u00e1ndose como una de las figuras m\u00e1s importantes del pop latino. Recientemente, rompi\u00f3 r\u00e9cords en su concierto en el <span style=\"color: #808080;\"><a style=\"color: #808080;\" href=\"https:\/\/unaymilletras.com\/en\/sebastian-yatra-actuara-en-christmas-by-starlite\/\">Starlite<\/a><\/span> de Marbella. Y, durante su presentaci\u00f3n en las Fiestas de San Gin\u00e9s en Arrecife, donde actu\u00f3 ante m\u00e1s de 65,000 personas, demostrando que su m\u00fasica sigue conquistando corazones alrededor del mundo<\/p>\t\t\t\t\t\t\t\t<\/div>\n\t\t\t\t<\/div>\n\t\t\t\t\t<\/div>\n\t\t<\/div>\n\t\t\t\t\t<\/div>\n\t\t<\/section>\n\t\t\t\t<\/div>","protected":false},"excerpt":{"rendered":"<p>El artista colombiano Sebasti\u00e1n Yatra vuelve a la escena de la mano de una nueva balada tan esperada como rom\u00e1ntica<\/p>","protected":false},"author":5,"featured_media":3035,"comment_status":"open","ping_status":"open","sticky":false,"template":"","format":"standard","meta":{"footnotes":""},"categories":[1],"tags":[],"class_list":["post-3030","post","type-post","status-publish","format-standard","has-post-thumbnail","hentry","category-uncategorized"],"yoast_head":"<!-- This site is optimized with the Yoast SEO plugin v27.4 - https:\/\/yoast.com\/product\/yoast-seo-wordpress\/ -->\n<title>Sebasti\u00e1n Yatra saca su lado rom\u00e1ntico con &#039;Los domingos&#039; &#8902; Una y Mil Letras<\/title>\n<meta name=\"description\" content=\"El artista colombiano Sebasti\u00e1n Yatra vuelve a la escena de la mano de una nueva balada tan esperada como rom\u00e1ntica\" \/>\n<meta name=\"robots\" content=\"index, follow, max-snippet:-1, max-image-preview:large, max-video-preview:-1\" \/>\n<link rel=\"canonical\" href=\"https:\/\/unaymilletras.com\/en\/sebastian-yatra-saca-su-lado-romantico-con-los-domingos\/\" \/>\n<meta property=\"og:locale\" content=\"en_GB\" \/>\n<meta property=\"og:type\" content=\"article\" \/>\n<meta property=\"og:title\" content=\"Sebasti\u00e1n Yatra saca su lado rom\u00e1ntico con &#039;Los domingos&#039; &#8902; Una y Mil Letras\" \/>\n<meta property=\"og:description\" content=\"El artista colombiano Sebasti\u00e1n Yatra vuelve a la escena de la mano de una nueva balada tan esperada como rom\u00e1ntica\" \/>\n<meta property=\"og:url\" content=\"https:\/\/unaymilletras.com\/en\/sebastian-yatra-saca-su-lado-romantico-con-los-domingos\/\" \/>\n<meta property=\"og:site_name\" content=\"Una y Mil Letras\" \/>\n<meta property=\"article:published_time\" content=\"2024-08-31T15:33:31+00:00\" \/>\n<meta property=\"article:modified_time\" content=\"2024-09-10T12:22:19+00:00\" \/>\n<meta property=\"og:image\" content=\"http:\/\/unaymilletras.com\/wp-content\/uploads\/2024\/08\/unnamed-8.jpg\" \/>\n\t<meta property=\"og:image:width\" content=\"660\" \/>\n\t<meta property=\"og:image:height\" content=\"371\" \/>\n\t<meta property=\"og:image:type\" content=\"image\/jpeg\" \/>\n<meta name=\"author\" content=\"Luc\u00eda Fandi\u00f1o\" \/>\n<meta name=\"twitter:card\" content=\"summary_large_image\" \/>\n<meta name=\"twitter:creator\" content=\"@UnaYMilLetras\" \/>\n<meta name=\"twitter:site\" content=\"@UnaYMilLetras\" \/>\n<meta name=\"twitter:label1\" content=\"Written by\" \/>\n\t<meta name=\"twitter:data1\" content=\"Luc\u00eda Fandi\u00f1o\" \/>\n\t<meta name=\"twitter:label2\" content=\"Estimated reading time\" \/>\n\t<meta name=\"twitter:data2\" content=\"2 minutes\" \/>\n<script type=\"application\/ld+json\" class=\"yoast-schema-graph\">{\"@context\":\"https:\\\/\\\/schema.org\",\"@graph\":[{\"@type\":\"Article\",\"@id\":\"https:\\\/\\\/unaymilletras.com\\\/sebastian-yatra-saca-su-lado-romantico-con-los-domingos\\\/#article\",\"isPartOf\":{\"@id\":\"https:\\\/\\\/unaymilletras.com\\\/sebastian-yatra-saca-su-lado-romantico-con-los-domingos\\\/\"},\"author\":{\"name\":\"Luc\u00eda Fandi\u00f1o\",\"@id\":\"http:\\\/\\\/unaymilletras.com\\\/#\\\/schema\\\/person\\\/047a24f09ead3f0ba2387e5df86d9336\"},\"headline\":\"Sebasti\u00e1n Yatra saca su lado rom\u00e1ntico con &#8216;Los domingos&#8217;\",\"datePublished\":\"2024-08-31T15:33:31+00:00\",\"dateModified\":\"2024-09-10T12:22:19+00:00\",\"mainEntityOfPage\":{\"@id\":\"https:\\\/\\\/unaymilletras.com\\\/sebastian-yatra-saca-su-lado-romantico-con-los-domingos\\\/\"},\"wordCount\":412,\"commentCount\":0,\"publisher\":{\"@id\":\"http:\\\/\\\/unaymilletras.com\\\/#organization\"},\"image\":{\"@id\":\"https:\\\/\\\/unaymilletras.com\\\/sebastian-yatra-saca-su-lado-romantico-con-los-domingos\\\/#primaryimage\"},\"thumbnailUrl\":\"https:\\\/\\\/unaymilletras.com\\\/wp-content\\\/uploads\\\/2024\\\/08\\\/unnamed-8.jpg\",\"articleSection\":[\"Uncategorized\"],\"inLanguage\":\"en-GB\",\"potentialAction\":[{\"@type\":\"CommentAction\",\"name\":\"Comment\",\"target\":[\"https:\\\/\\\/unaymilletras.com\\\/sebastian-yatra-saca-su-lado-romantico-con-los-domingos\\\/#respond\"]}]},{\"@type\":\"WebPage\",\"@id\":\"https:\\\/\\\/unaymilletras.com\\\/sebastian-yatra-saca-su-lado-romantico-con-los-domingos\\\/\",\"url\":\"https:\\\/\\\/unaymilletras.com\\\/sebastian-yatra-saca-su-lado-romantico-con-los-domingos\\\/\",\"name\":\"Sebasti\u00e1n Yatra saca su lado rom\u00e1ntico con 'Los domingos' &#8902; Una y Mil Letras\",\"isPartOf\":{\"@id\":\"http:\\\/\\\/unaymilletras.com\\\/#website\"},\"primaryImageOfPage\":{\"@id\":\"https:\\\/\\\/unaymilletras.com\\\/sebastian-yatra-saca-su-lado-romantico-con-los-domingos\\\/#primaryimage\"},\"image\":{\"@id\":\"https:\\\/\\\/unaymilletras.com\\\/sebastian-yatra-saca-su-lado-romantico-con-los-domingos\\\/#primaryimage\"},\"thumbnailUrl\":\"https:\\\/\\\/unaymilletras.com\\\/wp-content\\\/uploads\\\/2024\\\/08\\\/unnamed-8.jpg\",\"datePublished\":\"2024-08-31T15:33:31+00:00\",\"dateModified\":\"2024-09-10T12:22:19+00:00\",\"description\":\"El artista colombiano Sebasti\u00e1n Yatra vuelve a la escena de la mano de una nueva balada tan esperada como rom\u00e1ntica\",\"breadcrumb\":{\"@id\":\"https:\\\/\\\/unaymilletras.com\\\/sebastian-yatra-saca-su-lado-romantico-con-los-domingos\\\/#breadcrumb\"},\"inLanguage\":\"en-GB\",\"potentialAction\":[{\"@type\":\"ReadAction\",\"target\":[\"https:\\\/\\\/unaymilletras.com\\\/sebastian-yatra-saca-su-lado-romantico-con-los-domingos\\\/\"]}]},{\"@type\":\"ImageObject\",\"inLanguage\":\"en-GB\",\"@id\":\"https:\\\/\\\/unaymilletras.com\\\/sebastian-yatra-saca-su-lado-romantico-con-los-domingos\\\/#primaryimage\",\"url\":\"https:\\\/\\\/unaymilletras.com\\\/wp-content\\\/uploads\\\/2024\\\/08\\\/unnamed-8.jpg\",\"contentUrl\":\"https:\\\/\\\/unaymilletras.com\\\/wp-content\\\/uploads\\\/2024\\\/08\\\/unnamed-8.jpg\",\"width\":660,\"height\":371},{\"@type\":\"BreadcrumbList\",\"@id\":\"https:\\\/\\\/unaymilletras.com\\\/sebastian-yatra-saca-su-lado-romantico-con-los-domingos\\\/#breadcrumb\",\"itemListElement\":[{\"@type\":\"ListItem\",\"position\":1,\"name\":\"Home\",\"item\":\"http:\\\/\\\/unaymilletras.com\\\/\"},{\"@type\":\"ListItem\",\"position\":2,\"name\":\"Sebasti\u00e1n Yatra saca su lado rom\u00e1ntico con &#8216;Los domingos&#8217;\"}]},{\"@type\":\"WebSite\",\"@id\":\"http:\\\/\\\/unaymilletras.com\\\/#website\",\"url\":\"http:\\\/\\\/unaymilletras.com\\\/\",\"name\":\"Una y Mil Letras\",\"description\":\"\",\"publisher\":{\"@id\":\"http:\\\/\\\/unaymilletras.com\\\/#organization\"},\"potentialAction\":[{\"@type\":\"SearchAction\",\"target\":{\"@type\":\"EntryPoint\",\"urlTemplate\":\"http:\\\/\\\/unaymilletras.com\\\/?s={search_term_string}\"},\"query-input\":{\"@type\":\"PropertyValueSpecification\",\"valueRequired\":true,\"valueName\":\"search_term_string\"}}],\"inLanguage\":\"en-GB\"},{\"@type\":\"Organization\",\"@id\":\"http:\\\/\\\/unaymilletras.com\\\/#organization\",\"name\":\"Una y Mil Letras\",\"url\":\"http:\\\/\\\/unaymilletras.com\\\/\",\"logo\":{\"@type\":\"ImageObject\",\"inLanguage\":\"en-GB\",\"@id\":\"http:\\\/\\\/unaymilletras.com\\\/#\\\/schema\\\/logo\\\/image\\\/\",\"url\":\"https:\\\/\\\/unaymilletras.com\\\/wp-content\\\/uploads\\\/2024\\\/06\\\/cropped-Logo-removebg-preview.png\",\"contentUrl\":\"https:\\\/\\\/unaymilletras.com\\\/wp-content\\\/uploads\\\/2024\\\/06\\\/cropped-Logo-removebg-preview.png\",\"width\":512,\"height\":512,\"caption\":\"Una y Mil Letras\"},\"image\":{\"@id\":\"http:\\\/\\\/unaymilletras.com\\\/#\\\/schema\\\/logo\\\/image\\\/\"},\"sameAs\":[\"https:\\\/\\\/x.com\\\/UnaYMilLetras\",\"https:\\\/\\\/instagram.com\\\/UnaYMilLetras\"]},{\"@type\":\"Person\",\"@id\":\"http:\\\/\\\/unaymilletras.com\\\/#\\\/schema\\\/person\\\/047a24f09ead3f0ba2387e5df86d9336\",\"name\":\"Luc\u00eda Fandi\u00f1o\",\"image\":{\"@type\":\"ImageObject\",\"inLanguage\":\"en-GB\",\"@id\":\"https:\\\/\\\/secure.gravatar.com\\\/avatar\\\/d22d9eea03f89c5d17f4b05c3efeb11bad23ff32b99e63bbf54232bc1b6a06b2?s=96&d=mm&r=g\",\"url\":\"https:\\\/\\\/secure.gravatar.com\\\/avatar\\\/d22d9eea03f89c5d17f4b05c3efeb11bad23ff32b99e63bbf54232bc1b6a06b2?s=96&d=mm&r=g\",\"contentUrl\":\"https:\\\/\\\/secure.gravatar.com\\\/avatar\\\/d22d9eea03f89c5d17f4b05c3efeb11bad23ff32b99e63bbf54232bc1b6a06b2?s=96&d=mm&r=g\",\"caption\":\"Luc\u00eda Fandi\u00f1o\"},\"sameAs\":[\"www.instagram.com\\\/luciaafandino\"],\"url\":\"https:\\\/\\\/unaymilletras.com\\\/en\\\/author\\\/luciaafandino\\\/\"}]}<\/script>\n<!-- \/ Yoast SEO plugin. -->","yoast_head_json":{"title":"Sebasti\u00e1n Yatra saca su lado rom\u00e1ntico con 'Los domingos' &#8902; Una y Mil Letras","description":"El artista colombiano Sebasti\u00e1n Yatra vuelve a la escena de la mano de una nueva balada tan esperada como rom\u00e1ntica","robots":{"index":"index","follow":"follow","max-snippet":"max-snippet:-1","max-image-preview":"max-image-preview:large","max-video-preview":"max-video-preview:-1"},"canonical":"https:\/\/unaymilletras.com\/en\/sebastian-yatra-saca-su-lado-romantico-con-los-domingos\/","og_locale":"en_GB","og_type":"article","og_title":"Sebasti\u00e1n Yatra saca su lado rom\u00e1ntico con 'Los domingos' &#8902; Una y Mil Letras","og_description":"El artista colombiano Sebasti\u00e1n Yatra vuelve a la escena de la mano de una nueva balada tan esperada como rom\u00e1ntica","og_url":"https:\/\/unaymilletras.com\/en\/sebastian-yatra-saca-su-lado-romantico-con-los-domingos\/","og_site_name":"Una y Mil Letras","article_published_time":"2024-08-31T15:33:31+00:00","article_modified_time":"2024-09-10T12:22:19+00:00","og_image":[{"width":660,"height":371,"url":"http:\/\/unaymilletras.com\/wp-content\/uploads\/2024\/08\/unnamed-8.jpg","type":"image\/jpeg"}],"author":"Luc\u00eda Fandi\u00f1o","twitter_card":"summary_large_image","twitter_creator":"@UnaYMilLetras","twitter_site":"@UnaYMilLetras","twitter_misc":{"Written by":"Luc\u00eda Fandi\u00f1o","Estimated reading time":"2 minutes"},"schema":{"@context":"https:\/\/schema.org","@graph":[{"@type":"Article","@id":"https:\/\/unaymilletras.com\/sebastian-yatra-saca-su-lado-romantico-con-los-domingos\/#article","isPartOf":{"@id":"https:\/\/unaymilletras.com\/sebastian-yatra-saca-su-lado-romantico-con-los-domingos\/"},"author":{"name":"Luc\u00eda Fandi\u00f1o","@id":"http:\/\/unaymilletras.com\/#\/schema\/person\/047a24f09ead3f0ba2387e5df86d9336"},"headline":"Sebasti\u00e1n Yatra saca su lado rom\u00e1ntico con &#8216;Los domingos&#8217;","datePublished":"2024-08-31T15:33:31+00:00","dateModified":"2024-09-10T12:22:19+00:00","mainEntityOfPage":{"@id":"https:\/\/unaymilletras.com\/sebastian-yatra-saca-su-lado-romantico-con-los-domingos\/"},"wordCount":412,"commentCount":0,"publisher":{"@id":"http:\/\/unaymilletras.com\/#organization"},"image":{"@id":"https:\/\/unaymilletras.com\/sebastian-yatra-saca-su-lado-romantico-con-los-domingos\/#primaryimage"},"thumbnailUrl":"https:\/\/unaymilletras.com\/wp-content\/uploads\/2024\/08\/unnamed-8.jpg","articleSection":["Uncategorized"],"inLanguage":"en-GB","potentialAction":[{"@type":"CommentAction","name":"Comment","target":["https:\/\/unaymilletras.com\/sebastian-yatra-saca-su-lado-romantico-con-los-domingos\/#respond"]}]},{"@type":"WebPage","@id":"https:\/\/unaymilletras.com\/sebastian-yatra-saca-su-lado-romantico-con-los-domingos\/","url":"https:\/\/unaymilletras.com\/sebastian-yatra-saca-su-lado-romantico-con-los-domingos\/","name":"Sebasti\u00e1n Yatra saca su lado rom\u00e1ntico con 'Los domingos' &#8902; Una y Mil Letras","isPartOf":{"@id":"http:\/\/unaymilletras.com\/#website"},"primaryImageOfPage":{"@id":"https:\/\/unaymilletras.com\/sebastian-yatra-saca-su-lado-romantico-con-los-domingos\/#primaryimage"},"image":{"@id":"https:\/\/unaymilletras.com\/sebastian-yatra-saca-su-lado-romantico-con-los-domingos\/#primaryimage"},"thumbnailUrl":"https:\/\/unaymilletras.com\/wp-content\/uploads\/2024\/08\/unnamed-8.jpg","datePublished":"2024-08-31T15:33:31+00:00","dateModified":"2024-09-10T12:22:19+00:00","description":"El artista colombiano Sebasti\u00e1n Yatra vuelve a la escena de la mano de una nueva balada tan esperada como rom\u00e1ntica","breadcrumb":{"@id":"https:\/\/unaymilletras.com\/sebastian-yatra-saca-su-lado-romantico-con-los-domingos\/#breadcrumb"},"inLanguage":"en-GB","potentialAction":[{"@type":"ReadAction","target":["https:\/\/unaymilletras.com\/sebastian-yatra-saca-su-lado-romantico-con-los-domingos\/"]}]},{"@type":"ImageObject","inLanguage":"en-GB","@id":"https:\/\/unaymilletras.com\/sebastian-yatra-saca-su-lado-romantico-con-los-domingos\/#primaryimage","url":"https:\/\/unaymilletras.com\/wp-content\/uploads\/2024\/08\/unnamed-8.jpg","contentUrl":"https:\/\/unaymilletras.com\/wp-content\/uploads\/2024\/08\/unnamed-8.jpg","width":660,"height":371},{"@type":"BreadcrumbList","@id":"https:\/\/unaymilletras.com\/sebastian-yatra-saca-su-lado-romantico-con-los-domingos\/#breadcrumb","itemListElement":[{"@type":"ListItem","position":1,"name":"Home","item":"http:\/\/unaymilletras.com\/"},{"@type":"ListItem","position":2,"name":"Sebasti\u00e1n Yatra saca su lado rom\u00e1ntico con &#8216;Los domingos&#8217;"}]},{"@type":"WebSite","@id":"http:\/\/unaymilletras.com\/#website","url":"http:\/\/unaymilletras.com\/","name":"Una y Mil Letras","description":"","publisher":{"@id":"http:\/\/unaymilletras.com\/#organization"},"potentialAction":[{"@type":"SearchAction","target":{"@type":"EntryPoint","urlTemplate":"http:\/\/unaymilletras.com\/?s={search_term_string}"},"query-input":{"@type":"PropertyValueSpecification","valueRequired":true,"valueName":"search_term_string"}}],"inLanguage":"en-GB"},{"@type":"Organization","@id":"http:\/\/unaymilletras.com\/#organization","name":"Una y Mil Letras","url":"http:\/\/unaymilletras.com\/","logo":{"@type":"ImageObject","inLanguage":"en-GB","@id":"http:\/\/unaymilletras.com\/#\/schema\/logo\/image\/","url":"https:\/\/unaymilletras.com\/wp-content\/uploads\/2024\/06\/cropped-Logo-removebg-preview.png","contentUrl":"https:\/\/unaymilletras.com\/wp-content\/uploads\/2024\/06\/cropped-Logo-removebg-preview.png","width":512,"height":512,"caption":"Una y Mil Letras"},"image":{"@id":"http:\/\/unaymilletras.com\/#\/schema\/logo\/image\/"},"sameAs":["https:\/\/x.com\/UnaYMilLetras","https:\/\/instagram.com\/UnaYMilLetras"]},{"@type":"Person","@id":"http:\/\/unaymilletras.com\/#\/schema\/person\/047a24f09ead3f0ba2387e5df86d9336","name":"Luc\u00eda Fandi\u00f1o","image":{"@type":"ImageObject","inLanguage":"en-GB","@id":"https:\/\/secure.gravatar.com\/avatar\/d22d9eea03f89c5d17f4b05c3efeb11bad23ff32b99e63bbf54232bc1b6a06b2?s=96&d=mm&r=g","url":"https:\/\/secure.gravatar.com\/avatar\/d22d9eea03f89c5d17f4b05c3efeb11bad23ff32b99e63bbf54232bc1b6a06b2?s=96&d=mm&r=g","contentUrl":"https:\/\/secure.gravatar.com\/avatar\/d22d9eea03f89c5d17f4b05c3efeb11bad23ff32b99e63bbf54232bc1b6a06b2?s=96&d=mm&r=g","caption":"Luc\u00eda Fandi\u00f1o"},"sameAs":["www.instagram.com\/luciaafandino"],"url":"https:\/\/unaymilletras.com\/en\/author\/luciaafandino\/"}]}},"_links":{"self":[{"href":"https:\/\/unaymilletras.com\/en\/wp-json\/wp\/v2\/posts\/3030","targetHints":{"allow":["GET"]}}],"collection":[{"href":"https:\/\/unaymilletras.com\/en\/wp-json\/wp\/v2\/posts"}],"about":[{"href":"https:\/\/unaymilletras.com\/en\/wp-json\/wp\/v2\/types\/post"}],"author":[{"embeddable":true,"href":"https:\/\/unaymilletras.com\/en\/wp-json\/wp\/v2\/users\/5"}],"replies":[{"embeddable":true,"href":"https:\/\/unaymilletras.com\/en\/wp-json\/wp\/v2\/comments?post=3030"}],"version-history":[{"count":8,"href":"https:\/\/unaymilletras.com\/en\/wp-json\/wp\/v2\/posts\/3030\/revisions"}],"predecessor-version":[{"id":3054,"href":"https:\/\/unaymilletras.com\/en\/wp-json\/wp\/v2\/posts\/3030\/revisions\/3054"}],"wp:featuredmedia":[{"embeddable":true,"href":"https:\/\/unaymilletras.com\/en\/wp-json\/wp\/v2\/media\/3035"}],"wp:attachment":[{"href":"https:\/\/unaymilletras.com\/en\/wp-json\/wp\/v2\/media?parent=3030"}],"wp:term":[{"taxonomy":"category","embeddable":true,"href":"https:\/\/unaymilletras.com\/en\/wp-json\/wp\/v2\/categories?post=3030"},{"taxonomy":"post_tag","embeddable":true,"href":"https:\/\/unaymilletras.com\/en\/wp-json\/wp\/v2\/tags?post=3030"}],"curies":[{"name":"wp","href":"https:\/\/api.w.org\/{rel}","templated":true}]}}