{"id":3070,"date":"2024-09-18T17:13:43","date_gmt":"2024-09-18T15:13:43","guid":{"rendered":"https:\/\/unaymilletras.com\/?p=3070"},"modified":"2024-09-18T17:14:45","modified_gmt":"2024-09-18T15:14:45","slug":"culpa-tuya-ya-tiene-teaser","status":"publish","type":"post","link":"https:\/\/unaymilletras.com\/en\/culpa-tuya-ya-tiene-teaser\/","title":{"rendered":"&#8216;Culpa tuya&#8217; ya tiene teaser"},"content":{"rendered":"<div data-elementor-type=\"wp-post\" data-elementor-id=\"3070\" class=\"elementor elementor-3070\">\n\t\t\t\t\t\t<section class=\"elementor-section elementor-top-section elementor-element elementor-element-7f967f3 elementor-section-boxed elementor-section-height-default elementor-section-height-default\" data-id=\"7f967f3\" data-element_type=\"section\" data-e-type=\"section\">\n\t\t\t\t\t\t<div class=\"elementor-container elementor-column-gap-default\">\n\t\t\t\t\t<div class=\"elementor-column elementor-col-100 elementor-top-column elementor-element elementor-element-32851cc\" data-id=\"32851cc\" data-element_type=\"column\" data-e-type=\"column\">\n\t\t\t<div class=\"elementor-widget-wrap elementor-element-populated\">\n\t\t\t\t\t\t<div class=\"elementor-element elementor-element-5814408 elementor-widget elementor-widget-text-editor\" data-id=\"5814408\" data-element_type=\"widget\" data-e-type=\"widget\" data-widget_type=\"text-editor.default\">\n\t\t\t\t<div class=\"elementor-widget-container\">\n\t\t\t\t\t\t\t\t\t<h2 style=\"text-align: center;\"><span style=\"color: #808080;\"><em>La segunda entrega de la trilog\u00eda \u00abCulpables\u00bb, \u00abCulpa tuya\u00bb llegar\u00e1 el 27 de diciembre a m\u00e1s de 240 pa\u00edses<\/em><\/span><\/h2>\t\t\t\t\t\t\t\t<\/div>\n\t\t\t\t<\/div>\n\t\t\t\t\t<\/div>\n\t\t<\/div>\n\t\t\t\t\t<\/div>\n\t\t<\/section>\n\t\t\t\t<section class=\"elementor-section elementor-top-section elementor-element elementor-element-2e3a52f elementor-section-boxed elementor-section-height-default elementor-section-height-default\" data-id=\"2e3a52f\" data-element_type=\"section\" data-e-type=\"section\">\n\t\t\t\t\t\t<div class=\"elementor-container elementor-column-gap-default\">\n\t\t\t\t\t<div class=\"elementor-column elementor-col-100 elementor-top-column elementor-element elementor-element-3169396\" data-id=\"3169396\" data-element_type=\"column\" data-e-type=\"column\">\n\t\t\t<div class=\"elementor-widget-wrap elementor-element-populated\">\n\t\t\t\t\t\t<div class=\"elementor-element elementor-element-5aab45c elementor-widget elementor-widget-text-editor\" data-id=\"5aab45c\" data-element_type=\"widget\" data-e-type=\"widget\" data-widget_type=\"text-editor.default\">\n\t\t\t\t<div class=\"elementor-widget-container\">\n\t\t\t\t\t\t\t\t\t<p><strong>Prime Video<\/strong> ha revelado el teaser oficial de <strong><em>Culpa tuya<\/em><\/strong>, la secuela de la exitosa pel\u00edcula <strong><em>Culpa m\u00eda<\/em><\/strong>, que conquist\u00f3 al p\u00fablico internacional. La nueva entrega se estrenar\u00e1 el <span style=\"color: #808080;\"><a style=\"color: #808080;\" href=\"https:\/\/unaymilletras.com\/en\/culpa-tuya-se-estrenara-el-proximo-diciembre\/\">27 de diciembre,<\/a><\/span> continuando con la apasionante historia de Noah y Nick. Ambos personajes, interpretados por Nicole Wallace y Gabriel Guevara, ver\u00e1n su relaci\u00f3n enfrentarse a nuevos y complejos desaf\u00edos.<\/p>\t\t\t\t\t\t\t\t<\/div>\n\t\t\t\t<\/div>\n\t\t\t\t\t<\/div>\n\t\t<\/div>\n\t\t\t\t\t<\/div>\n\t\t<\/section>\n\t\t\t\t<section class=\"elementor-section elementor-top-section elementor-element elementor-element-a2394ae elementor-section-boxed elementor-section-height-default elementor-section-height-default\" data-id=\"a2394ae\" data-element_type=\"section\" data-e-type=\"section\">\n\t\t\t\t\t\t<div class=\"elementor-container elementor-column-gap-default\">\n\t\t\t\t\t<div class=\"elementor-column elementor-col-50 elementor-top-column elementor-element elementor-element-3f0fcd8\" data-id=\"3f0fcd8\" data-element_type=\"column\" data-e-type=\"column\">\n\t\t\t<div class=\"elementor-widget-wrap elementor-element-populated\">\n\t\t\t\t\t\t<div class=\"elementor-element elementor-element-d71226a elementor-widget elementor-widget-text-editor\" data-id=\"d71226a\" data-element_type=\"widget\" data-e-type=\"widget\" data-widget_type=\"text-editor.default\">\n\t\t\t\t<div class=\"elementor-widget-container\">\n\t\t\t\t\t\t\t\t\t<p>En <em>Culpa m\u00eda,&nbsp;<\/em>Noah se mudaba a la mansi\u00f3n de su nuevo padrastro y conoc\u00eda a Nick, su hermanastro, con quien no tard\u00f3 en iniciar una relaci\u00f3n prohibida y peligrosa. A pesar de las diferencias y secretos que los separaban, el romance entre ambos creci\u00f3 con intensidad. La pel\u00edcula cautiv\u00f3 a los fans de todo el mundo, convirti\u00e9ndose en un \u00e9xito rotundo en Prime Video.<\/p>\n<p><\/p>\t\t\t\t\t\t\t\t<\/div>\n\t\t\t\t<\/div>\n\t\t\t\t\t<\/div>\n\t\t<\/div>\n\t\t\t\t<div class=\"elementor-column elementor-col-50 elementor-top-column elementor-element elementor-element-ab60017\" data-id=\"ab60017\" data-element_type=\"column\" data-e-type=\"column\">\n\t\t\t<div class=\"elementor-widget-wrap elementor-element-populated\">\n\t\t\t\t\t\t<div class=\"elementor-element elementor-element-349c37a elementor-widget elementor-widget-image\" data-id=\"349c37a\" data-element_type=\"widget\" data-e-type=\"widget\" data-widget_type=\"image.default\">\n\t\t\t\t<div class=\"elementor-widget-container\">\n\t\t\t\t\t\t\t\t\t\t\t\t\t\t\t<img fetchpriority=\"high\" decoding=\"async\" width=\"640\" height=\"360\" src=\"https:\/\/unaymilletras.com\/wp-content\/uploads\/2024\/09\/DIA29_231026_CUTU_13509_1125-1024x576.jpg\" class=\"attachment-large size-large wp-image-3072\" alt=\"Culpa Tuya\" srcset=\"https:\/\/unaymilletras.com\/wp-content\/uploads\/2024\/09\/DIA29_231026_CUTU_13509_1125-1024x576.jpg 1024w, https:\/\/unaymilletras.com\/wp-content\/uploads\/2024\/09\/DIA29_231026_CUTU_13509_1125-300x169.jpg 300w, https:\/\/unaymilletras.com\/wp-content\/uploads\/2024\/09\/DIA29_231026_CUTU_13509_1125-768x432.jpg 768w, https:\/\/unaymilletras.com\/wp-content\/uploads\/2024\/09\/DIA29_231026_CUTU_13509_1125-1536x864.jpg 1536w, https:\/\/unaymilletras.com\/wp-content\/uploads\/2024\/09\/DIA29_231026_CUTU_13509_1125-18x10.jpg 18w, https:\/\/unaymilletras.com\/wp-content\/uploads\/2024\/09\/DIA29_231026_CUTU_13509_1125-1280x720.jpg 1280w, https:\/\/unaymilletras.com\/wp-content\/uploads\/2024\/09\/DIA29_231026_CUTU_13509_1125-e1726672214804.jpg 600w\" sizes=\"(max-width: 640px) 100vw, 640px\" \/>\t\t\t\t\t\t\t\t\t\t\t\t\t\t\t<\/div>\n\t\t\t\t<\/div>\n\t\t\t\t\t<\/div>\n\t\t<\/div>\n\t\t\t\t\t<\/div>\n\t\t<\/section>\n\t\t\t\t<section class=\"elementor-section elementor-top-section elementor-element elementor-element-ef6ff79 elementor-section-boxed elementor-section-height-default elementor-section-height-default\" data-id=\"ef6ff79\" data-element_type=\"section\" data-e-type=\"section\">\n\t\t\t\t\t\t<div class=\"elementor-container elementor-column-gap-default\">\n\t\t\t\t\t<div class=\"elementor-column elementor-col-100 elementor-top-column elementor-element elementor-element-1e3f304\" data-id=\"1e3f304\" data-element_type=\"column\" data-e-type=\"column\">\n\t\t\t<div class=\"elementor-widget-wrap elementor-element-populated\">\n\t\t\t\t\t\t<div class=\"elementor-element elementor-element-a40b566 elementor-widget elementor-widget-text-editor\" data-id=\"a40b566\" data-element_type=\"widget\" data-e-type=\"widget\" data-widget_type=\"text-editor.default\">\n\t\t\t\t<div class=\"elementor-widget-container\">\n\t\t\t\t\t\t\t\t\t<p>Ahora, en <em>Culpa tuya<\/em>, el amor entre Noah y Nick parece m\u00e1s fuerte que nunca, pero las presiones externas no tardar\u00e1n en aparecer. El trabajo de Nick y la entrada de Noah en la universidad abrir\u00e1n nuevas puertas, donde exnovias, venganzas y secretos familiares amenazar\u00e1n su relaci\u00f3n. La madre de Nick, interpretada por Goya Toledo, tambi\u00e9n tendr\u00e1 un papel clave en los conflictos familiares que surgir\u00e1n.<\/p>\n<p>El reparto se mantiene con figuras como Marta Hazas e Iv\u00e1n S\u00e1nchez, mientras que nuevos actores como \u00c1lex B\u00e9jar y Felipe Londo\u00f1o se suman a la historia para a\u00f1adir a\u00fan m\u00e1s tensi\u00f3n a esta emocionante secuela.<\/p>\t\t\t\t\t\t\t\t<\/div>\n\t\t\t\t<\/div>\n\t\t\t\t\t<\/div>\n\t\t<\/div>\n\t\t\t\t\t<\/div>\n\t\t<\/section>\n\t\t\t\t<section class=\"elementor-section elementor-top-section elementor-element elementor-element-7e77e23 elementor-section-boxed elementor-section-height-default elementor-section-height-default\" data-id=\"7e77e23\" data-element_type=\"section\" data-e-type=\"section\">\n\t\t\t\t\t\t<div class=\"elementor-container elementor-column-gap-default\">\n\t\t\t\t\t<div class=\"elementor-column elementor-col-100 elementor-top-column elementor-element elementor-element-34f5ce9\" data-id=\"34f5ce9\" data-element_type=\"column\" data-e-type=\"column\">\n\t\t\t<div class=\"elementor-widget-wrap elementor-element-populated\">\n\t\t\t\t\t\t<div class=\"elementor-element elementor-element-a303cc1 elementor-widget elementor-widget-video\" data-id=\"a303cc1\" data-element_type=\"widget\" data-e-type=\"widget\" data-settings=\"{&quot;youtube_url&quot;:&quot;https:\\\/\\\/www.youtube.com\\\/watch?v=Wp4S0-fWgI0&amp;ab_channel=PrimeVideo&quot;,&quot;video_type&quot;:&quot;youtube&quot;,&quot;controls&quot;:&quot;yes&quot;}\" data-widget_type=\"video.default\">\n\t\t\t\t<div class=\"elementor-widget-container\">\n\t\t\t\t\t\t\t<div class=\"elementor-wrapper elementor-open-inline\">\n\t\t\t<div class=\"elementor-video\"><\/div>\t\t<\/div>\n\t\t\t\t\t\t<\/div>\n\t\t\t\t<\/div>\n\t\t\t\t\t<\/div>\n\t\t<\/div>\n\t\t\t\t\t<\/div>\n\t\t<\/section>\n\t\t\t\t<section class=\"elementor-section elementor-top-section elementor-element elementor-element-5f5cd2c elementor-section-boxed elementor-section-height-default elementor-section-height-default\" data-id=\"5f5cd2c\" data-element_type=\"section\" data-e-type=\"section\">\n\t\t\t\t\t\t<div class=\"elementor-container elementor-column-gap-default\">\n\t\t\t\t\t<div class=\"elementor-column elementor-col-100 elementor-top-column elementor-element elementor-element-953ed6d\" data-id=\"953ed6d\" data-element_type=\"column\" data-e-type=\"column\">\n\t\t\t<div class=\"elementor-widget-wrap elementor-element-populated\">\n\t\t\t\t\t\t<div class=\"elementor-element elementor-element-397ece7 elementor-widget elementor-widget-text-editor\" data-id=\"397ece7\" data-element_type=\"widget\" data-e-type=\"widget\" data-widget_type=\"text-editor.default\">\n\t\t\t\t<div class=\"elementor-widget-container\">\n\t\t\t\t\t\t\t\t\t<p>Con la expectativa de que\u00a0<em>Culpa tuya<\/em>\u00a0siga los pasos de su predecesora, Prime Video est\u00e1 preparada para cerrar el a\u00f1o con uno de sus estrenos m\u00e1s esperados en m\u00e1s de 240 pa\u00edses.<\/p>\t\t\t\t\t\t\t\t<\/div>\n\t\t\t\t<\/div>\n\t\t\t\t\t<\/div>\n\t\t<\/div>\n\t\t\t\t\t<\/div>\n\t\t<\/section>\n\t\t\t\t<\/div>","protected":false},"excerpt":{"rendered":"<p>La segunda entrega de la trilog\u00eda \u00abCulpables\u00bb, \u00abCulpa tuya\u00bb llegar\u00e1 el 27 de diciembre a m\u00e1s de 240 pa\u00edses Prime Video ha revelado el teaser oficial de Culpa tuya, la secuela de la exitosa pel\u00edcula Culpa m\u00eda, que conquist\u00f3 al p\u00fablico internacional. La nueva entrega se estrenar\u00e1 el 27 de diciembre, continuando con la apasionante [&hellip;]<\/p>\n","protected":false},"author":6,"featured_media":3072,"comment_status":"open","ping_status":"open","sticky":false,"template":"","format":"standard","meta":{"footnotes":""},"categories":[117],"tags":[],"class_list":["post-3070","post","type-post","status-publish","format-standard","has-post-thumbnail","hentry","category-peliculas-y-series"],"yoast_head":"<!-- This site is optimized with the Yoast SEO plugin v27.4 - https:\/\/yoast.com\/product\/yoast-seo-wordpress\/ -->\n<title>&#039;Culpa tuya&#039; ya tiene teaser<\/title>\n<meta name=\"description\" content=\"La segunda entrega de la trilog\u00eda &quot;Culpables&quot;, &quot;Culpa tuya&quot; llegar\u00e1 el 27 de diciembre a m\u00e1s de 240 pa\u00edses\" \/>\n<meta name=\"robots\" content=\"index, follow, max-snippet:-1, max-image-preview:large, max-video-preview:-1\" \/>\n<link rel=\"canonical\" href=\"https:\/\/unaymilletras.com\/en\/culpa-tuya-ya-tiene-teaser\/\" \/>\n<meta property=\"og:locale\" content=\"en_GB\" \/>\n<meta property=\"og:type\" content=\"article\" \/>\n<meta property=\"og:title\" content=\"&#039;Culpa tuya&#039; ya tiene teaser\" \/>\n<meta property=\"og:description\" content=\"La segunda entrega de la trilog\u00eda &quot;Culpables&quot;, &quot;Culpa tuya&quot; llegar\u00e1 el 27 de diciembre a m\u00e1s de 240 pa\u00edses\" \/>\n<meta property=\"og:url\" content=\"https:\/\/unaymilletras.com\/en\/culpa-tuya-ya-tiene-teaser\/\" \/>\n<meta property=\"og:site_name\" content=\"Una y Mil Letras\" \/>\n<meta property=\"article:published_time\" content=\"2024-09-18T15:13:43+00:00\" \/>\n<meta property=\"article:modified_time\" content=\"2024-09-18T15:14:45+00:00\" \/>\n<meta property=\"og:image\" content=\"http:\/\/unaymilletras.com\/wp-content\/uploads\/2024\/09\/DIA29_231026_CUTU_13509_1125-e1726672214804.jpg\" \/>\n\t<meta property=\"og:image:width\" content=\"600\" \/>\n\t<meta property=\"og:image:height\" content=\"338\" \/>\n\t<meta property=\"og:image:type\" content=\"image\/jpeg\" \/>\n<meta name=\"author\" content=\"Redacci\u00f3n\" \/>\n<meta name=\"twitter:card\" content=\"summary_large_image\" \/>\n<meta name=\"twitter:creator\" content=\"@UnaYMilLetras\" \/>\n<meta name=\"twitter:site\" content=\"@UnaYMilLetras\" \/>\n<meta name=\"twitter:label1\" content=\"Written by\" \/>\n\t<meta name=\"twitter:data1\" content=\"Redacci\u00f3n\" \/>\n\t<meta name=\"twitter:label2\" content=\"Estimated reading time\" \/>\n\t<meta name=\"twitter:data2\" content=\"2 minutes\" \/>\n<script type=\"application\/ld+json\" class=\"yoast-schema-graph\">{\"@context\":\"https:\\\/\\\/schema.org\",\"@graph\":[{\"@type\":\"Article\",\"@id\":\"https:\\\/\\\/unaymilletras.com\\\/culpa-tuya-ya-tiene-teaser\\\/#article\",\"isPartOf\":{\"@id\":\"https:\\\/\\\/unaymilletras.com\\\/culpa-tuya-ya-tiene-teaser\\\/\"},\"author\":{\"name\":\"Redacci\u00f3n\",\"@id\":\"http:\\\/\\\/unaymilletras.com\\\/#\\\/schema\\\/person\\\/0860dc8a218329991ee2c7591f4f849d\"},\"headline\":\"&#8216;Culpa tuya&#8217; ya tiene teaser\",\"datePublished\":\"2024-09-18T15:13:43+00:00\",\"dateModified\":\"2024-09-18T15:14:45+00:00\",\"mainEntityOfPage\":{\"@id\":\"https:\\\/\\\/unaymilletras.com\\\/culpa-tuya-ya-tiene-teaser\\\/\"},\"wordCount\":325,\"commentCount\":0,\"publisher\":{\"@id\":\"http:\\\/\\\/unaymilletras.com\\\/#organization\"},\"image\":{\"@id\":\"https:\\\/\\\/unaymilletras.com\\\/culpa-tuya-ya-tiene-teaser\\\/#primaryimage\"},\"thumbnailUrl\":\"https:\\\/\\\/unaymilletras.com\\\/wp-content\\\/uploads\\\/2024\\\/09\\\/DIA29_231026_CUTU_13509_1125-e1726672214804.jpg\",\"articleSection\":[\"Pel\u00edculas y Series\"],\"inLanguage\":\"en-GB\",\"potentialAction\":[{\"@type\":\"CommentAction\",\"name\":\"Comment\",\"target\":[\"https:\\\/\\\/unaymilletras.com\\\/culpa-tuya-ya-tiene-teaser\\\/#respond\"]}]},{\"@type\":\"WebPage\",\"@id\":\"https:\\\/\\\/unaymilletras.com\\\/culpa-tuya-ya-tiene-teaser\\\/\",\"url\":\"https:\\\/\\\/unaymilletras.com\\\/culpa-tuya-ya-tiene-teaser\\\/\",\"name\":\"'Culpa tuya' ya tiene teaser\",\"isPartOf\":{\"@id\":\"http:\\\/\\\/unaymilletras.com\\\/#website\"},\"primaryImageOfPage\":{\"@id\":\"https:\\\/\\\/unaymilletras.com\\\/culpa-tuya-ya-tiene-teaser\\\/#primaryimage\"},\"image\":{\"@id\":\"https:\\\/\\\/unaymilletras.com\\\/culpa-tuya-ya-tiene-teaser\\\/#primaryimage\"},\"thumbnailUrl\":\"https:\\\/\\\/unaymilletras.com\\\/wp-content\\\/uploads\\\/2024\\\/09\\\/DIA29_231026_CUTU_13509_1125-e1726672214804.jpg\",\"datePublished\":\"2024-09-18T15:13:43+00:00\",\"dateModified\":\"2024-09-18T15:14:45+00:00\",\"description\":\"La segunda entrega de la trilog\u00eda \\\"Culpables\\\", \\\"Culpa tuya\\\" llegar\u00e1 el 27 de diciembre a m\u00e1s de 240 pa\u00edses\",\"breadcrumb\":{\"@id\":\"https:\\\/\\\/unaymilletras.com\\\/culpa-tuya-ya-tiene-teaser\\\/#breadcrumb\"},\"inLanguage\":\"en-GB\",\"potentialAction\":[{\"@type\":\"ReadAction\",\"target\":[\"https:\\\/\\\/unaymilletras.com\\\/culpa-tuya-ya-tiene-teaser\\\/\"]}]},{\"@type\":\"ImageObject\",\"inLanguage\":\"en-GB\",\"@id\":\"https:\\\/\\\/unaymilletras.com\\\/culpa-tuya-ya-tiene-teaser\\\/#primaryimage\",\"url\":\"https:\\\/\\\/unaymilletras.com\\\/wp-content\\\/uploads\\\/2024\\\/09\\\/DIA29_231026_CUTU_13509_1125-e1726672214804.jpg\",\"contentUrl\":\"https:\\\/\\\/unaymilletras.com\\\/wp-content\\\/uploads\\\/2024\\\/09\\\/DIA29_231026_CUTU_13509_1125-e1726672214804.jpg\",\"width\":600,\"height\":338,\"caption\":\"Culpa Tuya\"},{\"@type\":\"BreadcrumbList\",\"@id\":\"https:\\\/\\\/unaymilletras.com\\\/culpa-tuya-ya-tiene-teaser\\\/#breadcrumb\",\"itemListElement\":[{\"@type\":\"ListItem\",\"position\":1,\"name\":\"Home\",\"item\":\"http:\\\/\\\/unaymilletras.com\\\/\"},{\"@type\":\"ListItem\",\"position\":2,\"name\":\"&#8216;Culpa tuya&#8217; ya tiene teaser\"}]},{\"@type\":\"WebSite\",\"@id\":\"http:\\\/\\\/unaymilletras.com\\\/#website\",\"url\":\"http:\\\/\\\/unaymilletras.com\\\/\",\"name\":\"Una y Mil Letras\",\"description\":\"\",\"publisher\":{\"@id\":\"http:\\\/\\\/unaymilletras.com\\\/#organization\"},\"potentialAction\":[{\"@type\":\"SearchAction\",\"target\":{\"@type\":\"EntryPoint\",\"urlTemplate\":\"http:\\\/\\\/unaymilletras.com\\\/?s={search_term_string}\"},\"query-input\":{\"@type\":\"PropertyValueSpecification\",\"valueRequired\":true,\"valueName\":\"search_term_string\"}}],\"inLanguage\":\"en-GB\"},{\"@type\":\"Organization\",\"@id\":\"http:\\\/\\\/unaymilletras.com\\\/#organization\",\"name\":\"Una y Mil Letras\",\"url\":\"http:\\\/\\\/unaymilletras.com\\\/\",\"logo\":{\"@type\":\"ImageObject\",\"inLanguage\":\"en-GB\",\"@id\":\"http:\\\/\\\/unaymilletras.com\\\/#\\\/schema\\\/logo\\\/image\\\/\",\"url\":\"https:\\\/\\\/unaymilletras.com\\\/wp-content\\\/uploads\\\/2024\\\/06\\\/cropped-Logo-removebg-preview.png\",\"contentUrl\":\"https:\\\/\\\/unaymilletras.com\\\/wp-content\\\/uploads\\\/2024\\\/06\\\/cropped-Logo-removebg-preview.png\",\"width\":512,\"height\":512,\"caption\":\"Una y Mil Letras\"},\"image\":{\"@id\":\"http:\\\/\\\/unaymilletras.com\\\/#\\\/schema\\\/logo\\\/image\\\/\"},\"sameAs\":[\"https:\\\/\\\/x.com\\\/UnaYMilLetras\",\"https:\\\/\\\/instagram.com\\\/UnaYMilLetras\"]},{\"@type\":\"Person\",\"@id\":\"http:\\\/\\\/unaymilletras.com\\\/#\\\/schema\\\/person\\\/0860dc8a218329991ee2c7591f4f849d\",\"name\":\"Redacci\u00f3n\",\"image\":{\"@type\":\"ImageObject\",\"inLanguage\":\"en-GB\",\"@id\":\"https:\\\/\\\/secure.gravatar.com\\\/avatar\\\/d8f55e05a8b6597e45c55a1dcbdbfe44f4a360d88b48e00de5216a79b7732796?s=96&d=mm&r=g\",\"url\":\"https:\\\/\\\/secure.gravatar.com\\\/avatar\\\/d8f55e05a8b6597e45c55a1dcbdbfe44f4a360d88b48e00de5216a79b7732796?s=96&d=mm&r=g\",\"contentUrl\":\"https:\\\/\\\/secure.gravatar.com\\\/avatar\\\/d8f55e05a8b6597e45c55a1dcbdbfe44f4a360d88b48e00de5216a79b7732796?s=96&d=mm&r=g\",\"caption\":\"Redacci\u00f3n\"},\"url\":\"https:\\\/\\\/unaymilletras.com\\\/en\\\/author\\\/redaccion\\\/\"}]}<\/script>\n<!-- \/ Yoast SEO plugin. -->","yoast_head_json":{"title":"'Culpa tuya' ya tiene teaser","description":"La segunda entrega de la trilog\u00eda \"Culpables\", \"Culpa tuya\" llegar\u00e1 el 27 de diciembre a m\u00e1s de 240 pa\u00edses","robots":{"index":"index","follow":"follow","max-snippet":"max-snippet:-1","max-image-preview":"max-image-preview:large","max-video-preview":"max-video-preview:-1"},"canonical":"https:\/\/unaymilletras.com\/en\/culpa-tuya-ya-tiene-teaser\/","og_locale":"en_GB","og_type":"article","og_title":"'Culpa tuya' ya tiene teaser","og_description":"La segunda entrega de la trilog\u00eda \"Culpables\", \"Culpa tuya\" llegar\u00e1 el 27 de diciembre a m\u00e1s de 240 pa\u00edses","og_url":"https:\/\/unaymilletras.com\/en\/culpa-tuya-ya-tiene-teaser\/","og_site_name":"Una y Mil Letras","article_published_time":"2024-09-18T15:13:43+00:00","article_modified_time":"2024-09-18T15:14:45+00:00","og_image":[{"width":600,"height":338,"url":"http:\/\/unaymilletras.com\/wp-content\/uploads\/2024\/09\/DIA29_231026_CUTU_13509_1125-e1726672214804.jpg","type":"image\/jpeg"}],"author":"Redacci\u00f3n","twitter_card":"summary_large_image","twitter_creator":"@UnaYMilLetras","twitter_site":"@UnaYMilLetras","twitter_misc":{"Written by":"Redacci\u00f3n","Estimated reading time":"2 minutes"},"schema":{"@context":"https:\/\/schema.org","@graph":[{"@type":"Article","@id":"https:\/\/unaymilletras.com\/culpa-tuya-ya-tiene-teaser\/#article","isPartOf":{"@id":"https:\/\/unaymilletras.com\/culpa-tuya-ya-tiene-teaser\/"},"author":{"name":"Redacci\u00f3n","@id":"http:\/\/unaymilletras.com\/#\/schema\/person\/0860dc8a218329991ee2c7591f4f849d"},"headline":"&#8216;Culpa tuya&#8217; ya tiene teaser","datePublished":"2024-09-18T15:13:43+00:00","dateModified":"2024-09-18T15:14:45+00:00","mainEntityOfPage":{"@id":"https:\/\/unaymilletras.com\/culpa-tuya-ya-tiene-teaser\/"},"wordCount":325,"commentCount":0,"publisher":{"@id":"http:\/\/unaymilletras.com\/#organization"},"image":{"@id":"https:\/\/unaymilletras.com\/culpa-tuya-ya-tiene-teaser\/#primaryimage"},"thumbnailUrl":"https:\/\/unaymilletras.com\/wp-content\/uploads\/2024\/09\/DIA29_231026_CUTU_13509_1125-e1726672214804.jpg","articleSection":["Pel\u00edculas y Series"],"inLanguage":"en-GB","potentialAction":[{"@type":"CommentAction","name":"Comment","target":["https:\/\/unaymilletras.com\/culpa-tuya-ya-tiene-teaser\/#respond"]}]},{"@type":"WebPage","@id":"https:\/\/unaymilletras.com\/culpa-tuya-ya-tiene-teaser\/","url":"https:\/\/unaymilletras.com\/culpa-tuya-ya-tiene-teaser\/","name":"'Culpa tuya' ya tiene teaser","isPartOf":{"@id":"http:\/\/unaymilletras.com\/#website"},"primaryImageOfPage":{"@id":"https:\/\/unaymilletras.com\/culpa-tuya-ya-tiene-teaser\/#primaryimage"},"image":{"@id":"https:\/\/unaymilletras.com\/culpa-tuya-ya-tiene-teaser\/#primaryimage"},"thumbnailUrl":"https:\/\/unaymilletras.com\/wp-content\/uploads\/2024\/09\/DIA29_231026_CUTU_13509_1125-e1726672214804.jpg","datePublished":"2024-09-18T15:13:43+00:00","dateModified":"2024-09-18T15:14:45+00:00","description":"La segunda entrega de la trilog\u00eda \"Culpables\", \"Culpa tuya\" llegar\u00e1 el 27 de diciembre a m\u00e1s de 240 pa\u00edses","breadcrumb":{"@id":"https:\/\/unaymilletras.com\/culpa-tuya-ya-tiene-teaser\/#breadcrumb"},"inLanguage":"en-GB","potentialAction":[{"@type":"ReadAction","target":["https:\/\/unaymilletras.com\/culpa-tuya-ya-tiene-teaser\/"]}]},{"@type":"ImageObject","inLanguage":"en-GB","@id":"https:\/\/unaymilletras.com\/culpa-tuya-ya-tiene-teaser\/#primaryimage","url":"https:\/\/unaymilletras.com\/wp-content\/uploads\/2024\/09\/DIA29_231026_CUTU_13509_1125-e1726672214804.jpg","contentUrl":"https:\/\/unaymilletras.com\/wp-content\/uploads\/2024\/09\/DIA29_231026_CUTU_13509_1125-e1726672214804.jpg","width":600,"height":338,"caption":"Culpa Tuya"},{"@type":"BreadcrumbList","@id":"https:\/\/unaymilletras.com\/culpa-tuya-ya-tiene-teaser\/#breadcrumb","itemListElement":[{"@type":"ListItem","position":1,"name":"Home","item":"http:\/\/unaymilletras.com\/"},{"@type":"ListItem","position":2,"name":"&#8216;Culpa tuya&#8217; ya tiene teaser"}]},{"@type":"WebSite","@id":"http:\/\/unaymilletras.com\/#website","url":"http:\/\/unaymilletras.com\/","name":"Una y Mil Letras","description":"","publisher":{"@id":"http:\/\/unaymilletras.com\/#organization"},"potentialAction":[{"@type":"SearchAction","target":{"@type":"EntryPoint","urlTemplate":"http:\/\/unaymilletras.com\/?s={search_term_string}"},"query-input":{"@type":"PropertyValueSpecification","valueRequired":true,"valueName":"search_term_string"}}],"inLanguage":"en-GB"},{"@type":"Organization","@id":"http:\/\/unaymilletras.com\/#organization","name":"Una y Mil Letras","url":"http:\/\/unaymilletras.com\/","logo":{"@type":"ImageObject","inLanguage":"en-GB","@id":"http:\/\/unaymilletras.com\/#\/schema\/logo\/image\/","url":"https:\/\/unaymilletras.com\/wp-content\/uploads\/2024\/06\/cropped-Logo-removebg-preview.png","contentUrl":"https:\/\/unaymilletras.com\/wp-content\/uploads\/2024\/06\/cropped-Logo-removebg-preview.png","width":512,"height":512,"caption":"Una y Mil Letras"},"image":{"@id":"http:\/\/unaymilletras.com\/#\/schema\/logo\/image\/"},"sameAs":["https:\/\/x.com\/UnaYMilLetras","https:\/\/instagram.com\/UnaYMilLetras"]},{"@type":"Person","@id":"http:\/\/unaymilletras.com\/#\/schema\/person\/0860dc8a218329991ee2c7591f4f849d","name":"Redacci\u00f3n","image":{"@type":"ImageObject","inLanguage":"en-GB","@id":"https:\/\/secure.gravatar.com\/avatar\/d8f55e05a8b6597e45c55a1dcbdbfe44f4a360d88b48e00de5216a79b7732796?s=96&d=mm&r=g","url":"https:\/\/secure.gravatar.com\/avatar\/d8f55e05a8b6597e45c55a1dcbdbfe44f4a360d88b48e00de5216a79b7732796?s=96&d=mm&r=g","contentUrl":"https:\/\/secure.gravatar.com\/avatar\/d8f55e05a8b6597e45c55a1dcbdbfe44f4a360d88b48e00de5216a79b7732796?s=96&d=mm&r=g","caption":"Redacci\u00f3n"},"url":"https:\/\/unaymilletras.com\/en\/author\/redaccion\/"}]}},"_links":{"self":[{"href":"https:\/\/unaymilletras.com\/en\/wp-json\/wp\/v2\/posts\/3070","targetHints":{"allow":["GET"]}}],"collection":[{"href":"https:\/\/unaymilletras.com\/en\/wp-json\/wp\/v2\/posts"}],"about":[{"href":"https:\/\/unaymilletras.com\/en\/wp-json\/wp\/v2\/types\/post"}],"author":[{"embeddable":true,"href":"https:\/\/unaymilletras.com\/en\/wp-json\/wp\/v2\/users\/6"}],"replies":[{"embeddable":true,"href":"https:\/\/unaymilletras.com\/en\/wp-json\/wp\/v2\/comments?post=3070"}],"version-history":[{"count":5,"href":"https:\/\/unaymilletras.com\/en\/wp-json\/wp\/v2\/posts\/3070\/revisions"}],"predecessor-version":[{"id":3076,"href":"https:\/\/unaymilletras.com\/en\/wp-json\/wp\/v2\/posts\/3070\/revisions\/3076"}],"wp:featuredmedia":[{"embeddable":true,"href":"https:\/\/unaymilletras.com\/en\/wp-json\/wp\/v2\/media\/3072"}],"wp:attachment":[{"href":"https:\/\/unaymilletras.com\/en\/wp-json\/wp\/v2\/media?parent=3070"}],"wp:term":[{"taxonomy":"category","embeddable":true,"href":"https:\/\/unaymilletras.com\/en\/wp-json\/wp\/v2\/categories?post=3070"},{"taxonomy":"post_tag","embeddable":true,"href":"https:\/\/unaymilletras.com\/en\/wp-json\/wp\/v2\/tags?post=3070"}],"curies":[{"name":"wp","href":"https:\/\/api.w.org\/{rel}","templated":true}]}}