{"id":3077,"date":"2024-09-19T19:29:24","date_gmt":"2024-09-19T17:29:24","guid":{"rendered":"https:\/\/unaymilletras.com\/?p=3077"},"modified":"2024-09-19T19:30:01","modified_gmt":"2024-09-19T17:30:01","slug":"bea-estrena-el-primer-single-de-su-nuevo-proyecto-margaritas-en-tu-pelo","status":"publish","type":"post","link":"https:\/\/unaymilletras.com\/en\/bea-estrena-el-primer-single-de-su-nuevo-proyecto-margaritas-en-tu-pelo\/","title":{"rendered":"BEA estrena el primer single de su nuevo proyecto: \u00abMargaritas en tu pelo\u00bb"},"content":{"rendered":"<div data-elementor-type=\"wp-post\" data-elementor-id=\"3077\" class=\"elementor elementor-3077\">\n\t\t\t\t\t\t<section class=\"elementor-section elementor-top-section elementor-element elementor-element-d8e66f9 elementor-section-boxed elementor-section-height-default elementor-section-height-default\" data-id=\"d8e66f9\" data-element_type=\"section\" data-e-type=\"section\">\n\t\t\t\t\t\t<div class=\"elementor-container elementor-column-gap-default\">\n\t\t\t\t\t<div class=\"elementor-column elementor-col-100 elementor-top-column elementor-element elementor-element-7d98f2e\" data-id=\"7d98f2e\" data-element_type=\"column\" data-e-type=\"column\">\n\t\t\t<div class=\"elementor-widget-wrap elementor-element-populated\">\n\t\t\t\t\t\t<div class=\"elementor-element elementor-element-fdaf3cb elementor-widget elementor-widget-text-editor\" data-id=\"fdaf3cb\" data-element_type=\"widget\" data-e-type=\"widget\" data-widget_type=\"text-editor.default\">\n\t\t\t\t<div class=\"elementor-widget-container\">\n\t\t\t\t\t\t\t\t\t<p><strong>BEA<\/strong>, una de las voces m\u00e1s destacadas de <span style=\"color: #808080;\"><a style=\"color: #808080;\" href=\"https:\/\/unaymilletras.com\/en\/gala-7-de-operacion-triunfo-violeta-se-despide-y-bea-y-cris-enfrentan-la-nominacion\/\"><em>Operaci\u00f3n Triunfo 2023<\/em><\/a><\/span>, acaba de lanzar el primer single de su pr\u00f3ximo proyecto, <span style=\"color: #808080;\"><a style=\"color: #808080;\" href=\"https:\/\/open.spotify.com\/intl-es\/track\/7F0a5YcX8XZ6od3SyZApgA?si=e1d427fc1206415f\"><strong><em>Margaritas en tu pelo<\/em><\/strong><\/a><\/span>. Este nuevo tema muestra el enorme potencial de la cantante, conocida por su fuerza vocal y emotividad.<\/p>\t\t\t\t\t\t\t\t<\/div>\n\t\t\t\t<\/div>\n\t\t\t\t\t<\/div>\n\t\t<\/div>\n\t\t\t\t\t<\/div>\n\t\t<\/section>\n\t\t\t\t<section class=\"elementor-section elementor-top-section elementor-element elementor-element-4edd86d elementor-section-boxed elementor-section-height-default elementor-section-height-default\" data-id=\"4edd86d\" data-element_type=\"section\" data-e-type=\"section\">\n\t\t\t\t\t\t<div class=\"elementor-container elementor-column-gap-default\">\n\t\t\t\t\t<div class=\"elementor-column elementor-col-100 elementor-top-column elementor-element elementor-element-a1b0d42\" data-id=\"a1b0d42\" data-element_type=\"column\" data-e-type=\"column\">\n\t\t\t<div class=\"elementor-widget-wrap elementor-element-populated\">\n\t\t\t\t\t\t<div class=\"elementor-element elementor-element-7b0e9b7 elementor-widget elementor-widget-image\" data-id=\"7b0e9b7\" data-element_type=\"widget\" data-e-type=\"widget\" data-widget_type=\"image.default\">\n\t\t\t\t<div class=\"elementor-widget-container\">\n\t\t\t\t\t\t\t\t\t\t\t\t\t\t\t<img fetchpriority=\"high\" decoding=\"async\" width=\"640\" height=\"360\" src=\"https:\/\/unaymilletras.com\/wp-content\/uploads\/2024\/09\/w660_1085178_thumbnail-vevo.jpg\" class=\"attachment-large size-large wp-image-3079\" alt=\"BEA\" srcset=\"https:\/\/unaymilletras.com\/wp-content\/uploads\/2024\/09\/w660_1085178_thumbnail-vevo.jpg 660w, https:\/\/unaymilletras.com\/wp-content\/uploads\/2024\/09\/w660_1085178_thumbnail-vevo-300x169.jpg 300w, https:\/\/unaymilletras.com\/wp-content\/uploads\/2024\/09\/w660_1085178_thumbnail-vevo-18x10.jpg 18w\" sizes=\"(max-width: 640px) 100vw, 640px\" \/>\t\t\t\t\t\t\t\t\t\t\t\t\t\t\t<\/div>\n\t\t\t\t<\/div>\n\t\t\t\t\t<\/div>\n\t\t<\/div>\n\t\t\t\t\t<\/div>\n\t\t<\/section>\n\t\t\t\t<section class=\"elementor-section elementor-top-section elementor-element elementor-element-19bde01 elementor-section-boxed elementor-section-height-default elementor-section-height-default\" data-id=\"19bde01\" data-element_type=\"section\" data-e-type=\"section\">\n\t\t\t\t\t\t<div class=\"elementor-container elementor-column-gap-default\">\n\t\t\t\t\t<div class=\"elementor-column elementor-col-100 elementor-top-column elementor-element elementor-element-91db567\" data-id=\"91db567\" data-element_type=\"column\" data-e-type=\"column\">\n\t\t\t<div class=\"elementor-widget-wrap elementor-element-populated\">\n\t\t\t\t\t\t<div class=\"elementor-element elementor-element-be73d92 elementor-widget elementor-widget-text-editor\" data-id=\"be73d92\" data-element_type=\"widget\" data-e-type=\"widget\" data-widget_type=\"text-editor.default\">\n\t\t\t\t<div class=\"elementor-widget-container\">\n\t\t\t\t\t\t\t\t\t<p><em>Margaritas en tu pelo<\/em> es una balada que explora los sentimientos de p\u00e9rdida y nostalgia por un amor que ya no est\u00e1. Con una letra sincera y personal, BEA expresa la dificultad de aceptar la ausencia de esa persona especial, mientras lucha por revivir aquellos recuerdos felices que ahora parecen lejanos. El tema combina la poderosa voz de la artista con una atm\u00f3sfera org\u00e1nica, creada por una banda en vivo, que resalta su capacidad para adaptarse a distintos g\u00e9neros.<\/p><p>El lanzamiento va acompa\u00f1ado de un videoclip intimista, donde se recrea visualmente la historia de la canci\u00f3n. BEA aparece en un campo, sentada en un sof\u00e1 cubierto de margaritas, rodeada por un entorno de fantas\u00eda que refleja la melancol\u00eda del tema.<\/p><p>Con este single, BEA no solo muestra su talento como int\u00e9rprete, sino tambi\u00e9n su habilidad para conectar emocionalmente con el p\u00fablico a trav\u00e9s de letras honestas y profundas. <em>Margaritas en tu pelo<\/em> es solo el comienzo de un prometedor proyecto musical que la artista tiene preparado para los pr\u00f3ximos meses.<\/p>\t\t\t\t\t\t\t\t<\/div>\n\t\t\t\t<\/div>\n\t\t\t\t\t<\/div>\n\t\t<\/div>\n\t\t\t\t\t<\/div>\n\t\t<\/section>\n\t\t\t\t<\/div>","protected":false},"excerpt":{"rendered":"<p>BEA, una de las voces m\u00e1s destacadas de Operaci\u00f3n Triunfo 2023, acaba de lanzar el primer single de su pr\u00f3ximo proyecto, Margaritas en tu pelo. Este nuevo tema muestra el enorme potencial de la cantante, conocida por su fuerza vocal y emotividad. Margaritas en tu pelo es una balada que explora los sentimientos de p\u00e9rdida [&hellip;]<\/p>\n","protected":false},"author":6,"featured_media":3079,"comment_status":"open","ping_status":"open","sticky":false,"template":"","format":"standard","meta":{"footnotes":""},"categories":[4],"tags":[],"class_list":["post-3077","post","type-post","status-publish","format-standard","has-post-thumbnail","hentry","category-musica"],"yoast_head":"<!-- This site is optimized with the Yoast SEO plugin v27.4 - https:\/\/yoast.com\/product\/yoast-seo-wordpress\/ -->\n<title>BEA estrena el primer single de su nuevo proyecto: &quot;Margaritas en tu pelo&quot;<\/title>\n<meta name=\"description\" content=\"La exconcursante de OT 23 BEA contin\u00faa en su carrera con una emotiva canci\u00f3n de amor y desamor, la primera de su pr\u00f3ximo proyecto\" \/>\n<meta name=\"robots\" content=\"index, follow, max-snippet:-1, max-image-preview:large, max-video-preview:-1\" \/>\n<link rel=\"canonical\" href=\"https:\/\/unaymilletras.com\/en\/bea-estrena-el-primer-single-de-su-nuevo-proyecto-margaritas-en-tu-pelo\/\" \/>\n<meta property=\"og:locale\" content=\"en_GB\" \/>\n<meta property=\"og:type\" content=\"article\" \/>\n<meta property=\"og:title\" content=\"BEA estrena el primer single de su nuevo proyecto: &quot;Margaritas en tu pelo&quot;\" \/>\n<meta property=\"og:description\" content=\"La exconcursante de OT 23 BEA contin\u00faa en su carrera con una emotiva canci\u00f3n de amor y desamor, la primera de su pr\u00f3ximo proyecto\" \/>\n<meta property=\"og:url\" content=\"https:\/\/unaymilletras.com\/en\/bea-estrena-el-primer-single-de-su-nuevo-proyecto-margaritas-en-tu-pelo\/\" \/>\n<meta property=\"og:site_name\" content=\"Una y Mil Letras\" \/>\n<meta property=\"article:published_time\" content=\"2024-09-19T17:29:24+00:00\" \/>\n<meta property=\"article:modified_time\" content=\"2024-09-19T17:30:01+00:00\" \/>\n<meta property=\"og:image\" content=\"http:\/\/unaymilletras.com\/wp-content\/uploads\/2024\/09\/w660_1085178_thumbnail-vevo.jpg\" \/>\n\t<meta property=\"og:image:width\" content=\"660\" \/>\n\t<meta property=\"og:image:height\" content=\"371\" \/>\n\t<meta property=\"og:image:type\" content=\"image\/jpeg\" \/>\n<meta name=\"author\" content=\"Redacci\u00f3n\" \/>\n<meta name=\"twitter:card\" content=\"summary_large_image\" \/>\n<meta name=\"twitter:creator\" content=\"@UnaYMilLetras\" \/>\n<meta name=\"twitter:site\" content=\"@UnaYMilLetras\" \/>\n<meta name=\"twitter:label1\" content=\"Written by\" \/>\n\t<meta name=\"twitter:data1\" content=\"Redacci\u00f3n\" \/>\n\t<meta name=\"twitter:label2\" content=\"Estimated reading time\" \/>\n\t<meta name=\"twitter:data2\" content=\"2 minutes\" \/>\n<script type=\"application\/ld+json\" class=\"yoast-schema-graph\">{\"@context\":\"https:\\\/\\\/schema.org\",\"@graph\":[{\"@type\":\"Article\",\"@id\":\"https:\\\/\\\/unaymilletras.com\\\/bea-estrena-el-primer-single-de-su-nuevo-proyecto-margaritas-en-tu-pelo\\\/#article\",\"isPartOf\":{\"@id\":\"https:\\\/\\\/unaymilletras.com\\\/bea-estrena-el-primer-single-de-su-nuevo-proyecto-margaritas-en-tu-pelo\\\/\"},\"author\":{\"name\":\"Redacci\u00f3n\",\"@id\":\"http:\\\/\\\/unaymilletras.com\\\/#\\\/schema\\\/person\\\/0860dc8a218329991ee2c7591f4f849d\"},\"headline\":\"BEA estrena el primer single de su nuevo proyecto: \u00abMargaritas en tu pelo\u00bb\",\"datePublished\":\"2024-09-19T17:29:24+00:00\",\"dateModified\":\"2024-09-19T17:30:01+00:00\",\"mainEntityOfPage\":{\"@id\":\"https:\\\/\\\/unaymilletras.com\\\/bea-estrena-el-primer-single-de-su-nuevo-proyecto-margaritas-en-tu-pelo\\\/\"},\"wordCount\":240,\"commentCount\":0,\"publisher\":{\"@id\":\"http:\\\/\\\/unaymilletras.com\\\/#organization\"},\"image\":{\"@id\":\"https:\\\/\\\/unaymilletras.com\\\/bea-estrena-el-primer-single-de-su-nuevo-proyecto-margaritas-en-tu-pelo\\\/#primaryimage\"},\"thumbnailUrl\":\"https:\\\/\\\/unaymilletras.com\\\/wp-content\\\/uploads\\\/2024\\\/09\\\/w660_1085178_thumbnail-vevo.jpg\",\"articleSection\":[\"M\u00fasica\"],\"inLanguage\":\"en-GB\",\"potentialAction\":[{\"@type\":\"CommentAction\",\"name\":\"Comment\",\"target\":[\"https:\\\/\\\/unaymilletras.com\\\/bea-estrena-el-primer-single-de-su-nuevo-proyecto-margaritas-en-tu-pelo\\\/#respond\"]}]},{\"@type\":\"WebPage\",\"@id\":\"https:\\\/\\\/unaymilletras.com\\\/bea-estrena-el-primer-single-de-su-nuevo-proyecto-margaritas-en-tu-pelo\\\/\",\"url\":\"https:\\\/\\\/unaymilletras.com\\\/bea-estrena-el-primer-single-de-su-nuevo-proyecto-margaritas-en-tu-pelo\\\/\",\"name\":\"BEA estrena el primer single de su nuevo proyecto: \\\"Margaritas en tu pelo\\\"\",\"isPartOf\":{\"@id\":\"http:\\\/\\\/unaymilletras.com\\\/#website\"},\"primaryImageOfPage\":{\"@id\":\"https:\\\/\\\/unaymilletras.com\\\/bea-estrena-el-primer-single-de-su-nuevo-proyecto-margaritas-en-tu-pelo\\\/#primaryimage\"},\"image\":{\"@id\":\"https:\\\/\\\/unaymilletras.com\\\/bea-estrena-el-primer-single-de-su-nuevo-proyecto-margaritas-en-tu-pelo\\\/#primaryimage\"},\"thumbnailUrl\":\"https:\\\/\\\/unaymilletras.com\\\/wp-content\\\/uploads\\\/2024\\\/09\\\/w660_1085178_thumbnail-vevo.jpg\",\"datePublished\":\"2024-09-19T17:29:24+00:00\",\"dateModified\":\"2024-09-19T17:30:01+00:00\",\"description\":\"La exconcursante de OT 23 BEA contin\u00faa en su carrera con una emotiva canci\u00f3n de amor y desamor, la primera de su pr\u00f3ximo proyecto\",\"breadcrumb\":{\"@id\":\"https:\\\/\\\/unaymilletras.com\\\/bea-estrena-el-primer-single-de-su-nuevo-proyecto-margaritas-en-tu-pelo\\\/#breadcrumb\"},\"inLanguage\":\"en-GB\",\"potentialAction\":[{\"@type\":\"ReadAction\",\"target\":[\"https:\\\/\\\/unaymilletras.com\\\/bea-estrena-el-primer-single-de-su-nuevo-proyecto-margaritas-en-tu-pelo\\\/\"]}]},{\"@type\":\"ImageObject\",\"inLanguage\":\"en-GB\",\"@id\":\"https:\\\/\\\/unaymilletras.com\\\/bea-estrena-el-primer-single-de-su-nuevo-proyecto-margaritas-en-tu-pelo\\\/#primaryimage\",\"url\":\"https:\\\/\\\/unaymilletras.com\\\/wp-content\\\/uploads\\\/2024\\\/09\\\/w660_1085178_thumbnail-vevo.jpg\",\"contentUrl\":\"https:\\\/\\\/unaymilletras.com\\\/wp-content\\\/uploads\\\/2024\\\/09\\\/w660_1085178_thumbnail-vevo.jpg\",\"width\":660,\"height\":371,\"caption\":\"BEA\"},{\"@type\":\"BreadcrumbList\",\"@id\":\"https:\\\/\\\/unaymilletras.com\\\/bea-estrena-el-primer-single-de-su-nuevo-proyecto-margaritas-en-tu-pelo\\\/#breadcrumb\",\"itemListElement\":[{\"@type\":\"ListItem\",\"position\":1,\"name\":\"Home\",\"item\":\"http:\\\/\\\/unaymilletras.com\\\/\"},{\"@type\":\"ListItem\",\"position\":2,\"name\":\"BEA estrena el primer single de su nuevo proyecto: \u00abMargaritas en tu pelo\u00bb\"}]},{\"@type\":\"WebSite\",\"@id\":\"http:\\\/\\\/unaymilletras.com\\\/#website\",\"url\":\"http:\\\/\\\/unaymilletras.com\\\/\",\"name\":\"Una y Mil Letras\",\"description\":\"\",\"publisher\":{\"@id\":\"http:\\\/\\\/unaymilletras.com\\\/#organization\"},\"potentialAction\":[{\"@type\":\"SearchAction\",\"target\":{\"@type\":\"EntryPoint\",\"urlTemplate\":\"http:\\\/\\\/unaymilletras.com\\\/?s={search_term_string}\"},\"query-input\":{\"@type\":\"PropertyValueSpecification\",\"valueRequired\":true,\"valueName\":\"search_term_string\"}}],\"inLanguage\":\"en-GB\"},{\"@type\":\"Organization\",\"@id\":\"http:\\\/\\\/unaymilletras.com\\\/#organization\",\"name\":\"Una y Mil Letras\",\"url\":\"http:\\\/\\\/unaymilletras.com\\\/\",\"logo\":{\"@type\":\"ImageObject\",\"inLanguage\":\"en-GB\",\"@id\":\"http:\\\/\\\/unaymilletras.com\\\/#\\\/schema\\\/logo\\\/image\\\/\",\"url\":\"https:\\\/\\\/unaymilletras.com\\\/wp-content\\\/uploads\\\/2024\\\/06\\\/cropped-Logo-removebg-preview.png\",\"contentUrl\":\"https:\\\/\\\/unaymilletras.com\\\/wp-content\\\/uploads\\\/2024\\\/06\\\/cropped-Logo-removebg-preview.png\",\"width\":512,\"height\":512,\"caption\":\"Una y Mil Letras\"},\"image\":{\"@id\":\"http:\\\/\\\/unaymilletras.com\\\/#\\\/schema\\\/logo\\\/image\\\/\"},\"sameAs\":[\"https:\\\/\\\/x.com\\\/UnaYMilLetras\",\"https:\\\/\\\/instagram.com\\\/UnaYMilLetras\"]},{\"@type\":\"Person\",\"@id\":\"http:\\\/\\\/unaymilletras.com\\\/#\\\/schema\\\/person\\\/0860dc8a218329991ee2c7591f4f849d\",\"name\":\"Redacci\u00f3n\",\"image\":{\"@type\":\"ImageObject\",\"inLanguage\":\"en-GB\",\"@id\":\"https:\\\/\\\/secure.gravatar.com\\\/avatar\\\/d8f55e05a8b6597e45c55a1dcbdbfe44f4a360d88b48e00de5216a79b7732796?s=96&d=mm&r=g\",\"url\":\"https:\\\/\\\/secure.gravatar.com\\\/avatar\\\/d8f55e05a8b6597e45c55a1dcbdbfe44f4a360d88b48e00de5216a79b7732796?s=96&d=mm&r=g\",\"contentUrl\":\"https:\\\/\\\/secure.gravatar.com\\\/avatar\\\/d8f55e05a8b6597e45c55a1dcbdbfe44f4a360d88b48e00de5216a79b7732796?s=96&d=mm&r=g\",\"caption\":\"Redacci\u00f3n\"},\"url\":\"https:\\\/\\\/unaymilletras.com\\\/en\\\/author\\\/redaccion\\\/\"}]}<\/script>\n<!-- \/ Yoast SEO plugin. -->","yoast_head_json":{"title":"BEA estrena el primer single de su nuevo proyecto: \"Margaritas en tu pelo\"","description":"La exconcursante de OT 23 BEA contin\u00faa en su carrera con una emotiva canci\u00f3n de amor y desamor, la primera de su pr\u00f3ximo proyecto","robots":{"index":"index","follow":"follow","max-snippet":"max-snippet:-1","max-image-preview":"max-image-preview:large","max-video-preview":"max-video-preview:-1"},"canonical":"https:\/\/unaymilletras.com\/en\/bea-estrena-el-primer-single-de-su-nuevo-proyecto-margaritas-en-tu-pelo\/","og_locale":"en_GB","og_type":"article","og_title":"BEA estrena el primer single de su nuevo proyecto: \"Margaritas en tu pelo\"","og_description":"La exconcursante de OT 23 BEA contin\u00faa en su carrera con una emotiva canci\u00f3n de amor y desamor, la primera de su pr\u00f3ximo proyecto","og_url":"https:\/\/unaymilletras.com\/en\/bea-estrena-el-primer-single-de-su-nuevo-proyecto-margaritas-en-tu-pelo\/","og_site_name":"Una y Mil Letras","article_published_time":"2024-09-19T17:29:24+00:00","article_modified_time":"2024-09-19T17:30:01+00:00","og_image":[{"width":660,"height":371,"url":"http:\/\/unaymilletras.com\/wp-content\/uploads\/2024\/09\/w660_1085178_thumbnail-vevo.jpg","type":"image\/jpeg"}],"author":"Redacci\u00f3n","twitter_card":"summary_large_image","twitter_creator":"@UnaYMilLetras","twitter_site":"@UnaYMilLetras","twitter_misc":{"Written by":"Redacci\u00f3n","Estimated reading time":"2 minutes"},"schema":{"@context":"https:\/\/schema.org","@graph":[{"@type":"Article","@id":"https:\/\/unaymilletras.com\/bea-estrena-el-primer-single-de-su-nuevo-proyecto-margaritas-en-tu-pelo\/#article","isPartOf":{"@id":"https:\/\/unaymilletras.com\/bea-estrena-el-primer-single-de-su-nuevo-proyecto-margaritas-en-tu-pelo\/"},"author":{"name":"Redacci\u00f3n","@id":"http:\/\/unaymilletras.com\/#\/schema\/person\/0860dc8a218329991ee2c7591f4f849d"},"headline":"BEA estrena el primer single de su nuevo proyecto: \u00abMargaritas en tu pelo\u00bb","datePublished":"2024-09-19T17:29:24+00:00","dateModified":"2024-09-19T17:30:01+00:00","mainEntityOfPage":{"@id":"https:\/\/unaymilletras.com\/bea-estrena-el-primer-single-de-su-nuevo-proyecto-margaritas-en-tu-pelo\/"},"wordCount":240,"commentCount":0,"publisher":{"@id":"http:\/\/unaymilletras.com\/#organization"},"image":{"@id":"https:\/\/unaymilletras.com\/bea-estrena-el-primer-single-de-su-nuevo-proyecto-margaritas-en-tu-pelo\/#primaryimage"},"thumbnailUrl":"https:\/\/unaymilletras.com\/wp-content\/uploads\/2024\/09\/w660_1085178_thumbnail-vevo.jpg","articleSection":["M\u00fasica"],"inLanguage":"en-GB","potentialAction":[{"@type":"CommentAction","name":"Comment","target":["https:\/\/unaymilletras.com\/bea-estrena-el-primer-single-de-su-nuevo-proyecto-margaritas-en-tu-pelo\/#respond"]}]},{"@type":"WebPage","@id":"https:\/\/unaymilletras.com\/bea-estrena-el-primer-single-de-su-nuevo-proyecto-margaritas-en-tu-pelo\/","url":"https:\/\/unaymilletras.com\/bea-estrena-el-primer-single-de-su-nuevo-proyecto-margaritas-en-tu-pelo\/","name":"BEA estrena el primer single de su nuevo proyecto: \"Margaritas en tu pelo\"","isPartOf":{"@id":"http:\/\/unaymilletras.com\/#website"},"primaryImageOfPage":{"@id":"https:\/\/unaymilletras.com\/bea-estrena-el-primer-single-de-su-nuevo-proyecto-margaritas-en-tu-pelo\/#primaryimage"},"image":{"@id":"https:\/\/unaymilletras.com\/bea-estrena-el-primer-single-de-su-nuevo-proyecto-margaritas-en-tu-pelo\/#primaryimage"},"thumbnailUrl":"https:\/\/unaymilletras.com\/wp-content\/uploads\/2024\/09\/w660_1085178_thumbnail-vevo.jpg","datePublished":"2024-09-19T17:29:24+00:00","dateModified":"2024-09-19T17:30:01+00:00","description":"La exconcursante de OT 23 BEA contin\u00faa en su carrera con una emotiva canci\u00f3n de amor y desamor, la primera de su pr\u00f3ximo proyecto","breadcrumb":{"@id":"https:\/\/unaymilletras.com\/bea-estrena-el-primer-single-de-su-nuevo-proyecto-margaritas-en-tu-pelo\/#breadcrumb"},"inLanguage":"en-GB","potentialAction":[{"@type":"ReadAction","target":["https:\/\/unaymilletras.com\/bea-estrena-el-primer-single-de-su-nuevo-proyecto-margaritas-en-tu-pelo\/"]}]},{"@type":"ImageObject","inLanguage":"en-GB","@id":"https:\/\/unaymilletras.com\/bea-estrena-el-primer-single-de-su-nuevo-proyecto-margaritas-en-tu-pelo\/#primaryimage","url":"https:\/\/unaymilletras.com\/wp-content\/uploads\/2024\/09\/w660_1085178_thumbnail-vevo.jpg","contentUrl":"https:\/\/unaymilletras.com\/wp-content\/uploads\/2024\/09\/w660_1085178_thumbnail-vevo.jpg","width":660,"height":371,"caption":"BEA"},{"@type":"BreadcrumbList","@id":"https:\/\/unaymilletras.com\/bea-estrena-el-primer-single-de-su-nuevo-proyecto-margaritas-en-tu-pelo\/#breadcrumb","itemListElement":[{"@type":"ListItem","position":1,"name":"Home","item":"http:\/\/unaymilletras.com\/"},{"@type":"ListItem","position":2,"name":"BEA estrena el primer single de su nuevo proyecto: \u00abMargaritas en tu pelo\u00bb"}]},{"@type":"WebSite","@id":"http:\/\/unaymilletras.com\/#website","url":"http:\/\/unaymilletras.com\/","name":"Una y Mil Letras","description":"","publisher":{"@id":"http:\/\/unaymilletras.com\/#organization"},"potentialAction":[{"@type":"SearchAction","target":{"@type":"EntryPoint","urlTemplate":"http:\/\/unaymilletras.com\/?s={search_term_string}"},"query-input":{"@type":"PropertyValueSpecification","valueRequired":true,"valueName":"search_term_string"}}],"inLanguage":"en-GB"},{"@type":"Organization","@id":"http:\/\/unaymilletras.com\/#organization","name":"Una y Mil Letras","url":"http:\/\/unaymilletras.com\/","logo":{"@type":"ImageObject","inLanguage":"en-GB","@id":"http:\/\/unaymilletras.com\/#\/schema\/logo\/image\/","url":"https:\/\/unaymilletras.com\/wp-content\/uploads\/2024\/06\/cropped-Logo-removebg-preview.png","contentUrl":"https:\/\/unaymilletras.com\/wp-content\/uploads\/2024\/06\/cropped-Logo-removebg-preview.png","width":512,"height":512,"caption":"Una y Mil Letras"},"image":{"@id":"http:\/\/unaymilletras.com\/#\/schema\/logo\/image\/"},"sameAs":["https:\/\/x.com\/UnaYMilLetras","https:\/\/instagram.com\/UnaYMilLetras"]},{"@type":"Person","@id":"http:\/\/unaymilletras.com\/#\/schema\/person\/0860dc8a218329991ee2c7591f4f849d","name":"Redacci\u00f3n","image":{"@type":"ImageObject","inLanguage":"en-GB","@id":"https:\/\/secure.gravatar.com\/avatar\/d8f55e05a8b6597e45c55a1dcbdbfe44f4a360d88b48e00de5216a79b7732796?s=96&d=mm&r=g","url":"https:\/\/secure.gravatar.com\/avatar\/d8f55e05a8b6597e45c55a1dcbdbfe44f4a360d88b48e00de5216a79b7732796?s=96&d=mm&r=g","contentUrl":"https:\/\/secure.gravatar.com\/avatar\/d8f55e05a8b6597e45c55a1dcbdbfe44f4a360d88b48e00de5216a79b7732796?s=96&d=mm&r=g","caption":"Redacci\u00f3n"},"url":"https:\/\/unaymilletras.com\/en\/author\/redaccion\/"}]}},"_links":{"self":[{"href":"https:\/\/unaymilletras.com\/en\/wp-json\/wp\/v2\/posts\/3077","targetHints":{"allow":["GET"]}}],"collection":[{"href":"https:\/\/unaymilletras.com\/en\/wp-json\/wp\/v2\/posts"}],"about":[{"href":"https:\/\/unaymilletras.com\/en\/wp-json\/wp\/v2\/types\/post"}],"author":[{"embeddable":true,"href":"https:\/\/unaymilletras.com\/en\/wp-json\/wp\/v2\/users\/6"}],"replies":[{"embeddable":true,"href":"https:\/\/unaymilletras.com\/en\/wp-json\/wp\/v2\/comments?post=3077"}],"version-history":[{"count":5,"href":"https:\/\/unaymilletras.com\/en\/wp-json\/wp\/v2\/posts\/3077\/revisions"}],"predecessor-version":[{"id":3083,"href":"https:\/\/unaymilletras.com\/en\/wp-json\/wp\/v2\/posts\/3077\/revisions\/3083"}],"wp:featuredmedia":[{"embeddable":true,"href":"https:\/\/unaymilletras.com\/en\/wp-json\/wp\/v2\/media\/3079"}],"wp:attachment":[{"href":"https:\/\/unaymilletras.com\/en\/wp-json\/wp\/v2\/media?parent=3077"}],"wp:term":[{"taxonomy":"category","embeddable":true,"href":"https:\/\/unaymilletras.com\/en\/wp-json\/wp\/v2\/categories?post=3077"},{"taxonomy":"post_tag","embeddable":true,"href":"https:\/\/unaymilletras.com\/en\/wp-json\/wp\/v2\/tags?post=3077"}],"curies":[{"name":"wp","href":"https:\/\/api.w.org\/{rel}","templated":true}]}}