{"id":3084,"date":"2024-09-20T12:05:55","date_gmt":"2024-09-20T10:05:55","guid":{"rendered":"https:\/\/unaymilletras.com\/?p=3084"},"modified":"2024-09-20T12:24:43","modified_gmt":"2024-09-20T10:24:43","slug":"damiano-david-debuta-en-solitario-con-su-nuevo-single-silverlines","status":"publish","type":"post","link":"https:\/\/unaymilletras.com\/en\/damiano-david-debuta-en-solitario-con-su-nuevo-single-silverlines\/","title":{"rendered":"Damiano David debuta en solitario con su nuevo single &#8216;Silverlines&#8217;"},"content":{"rendered":"\t\t<div data-elementor-type=\"wp-post\" data-elementor-id=\"3084\" class=\"elementor elementor-3084\">\n\t\t\t\t\t\t<section class=\"elementor-section elementor-top-section elementor-element elementor-element-f184bc8 elementor-section-boxed elementor-section-height-default elementor-section-height-default\" data-id=\"f184bc8\" data-element_type=\"section\" data-e-type=\"section\">\n\t\t\t\t\t\t<div class=\"elementor-container elementor-column-gap-default\">\n\t\t\t\t\t<div class=\"elementor-column elementor-col-100 elementor-top-column elementor-element elementor-element-42446f6\" data-id=\"42446f6\" data-element_type=\"column\" data-e-type=\"column\">\n\t\t\t<div class=\"elementor-widget-wrap elementor-element-populated\">\n\t\t\t\t\t\t<div class=\"elementor-element elementor-element-efc7ea6 elementor-widget elementor-widget-text-editor\" data-id=\"efc7ea6\" data-element_type=\"widget\" data-e-type=\"widget\" data-widget_type=\"text-editor.default\">\n\t\t\t\t<div class=\"elementor-widget-container\">\n\t\t\t\t\t\t\t\t\t<h2 style=\"text-align: center;\"><span style=\"color: #808080;\"><em>El vocalista de M\u00e5neskin, Damiano david, lanza su primer proyecto en solitario el 27 <br \/><\/em><\/span><span style=\"color: #808080;\"><em>de septiembre<\/em><\/span><\/h2>\t\t\t\t\t\t\t\t<\/div>\n\t\t\t\t<\/div>\n\t\t\t\t\t<\/div>\n\t\t<\/div>\n\t\t\t\t\t<\/div>\n\t\t<\/section>\n\t\t\t\t<section class=\"elementor-section elementor-top-section elementor-element elementor-element-2dfc3eb elementor-section-boxed elementor-section-height-default elementor-section-height-default\" data-id=\"2dfc3eb\" data-element_type=\"section\" data-e-type=\"section\">\n\t\t\t\t\t\t<div class=\"elementor-container elementor-column-gap-default\">\n\t\t\t\t\t<div class=\"elementor-column elementor-col-100 elementor-top-column elementor-element elementor-element-514c017\" data-id=\"514c017\" data-element_type=\"column\" data-e-type=\"column\">\n\t\t\t<div class=\"elementor-widget-wrap elementor-element-populated\">\n\t\t\t\t\t\t<div class=\"elementor-element elementor-element-562ae69 elementor-widget elementor-widget-text-editor\" data-id=\"562ae69\" data-element_type=\"widget\" data-e-type=\"widget\" data-widget_type=\"text-editor.default\">\n\t\t\t\t<div class=\"elementor-widget-container\">\n\t\t\t\t\t\t\t\t\t<p><b>Damiano David<\/b>, conocido por ser la voz l\u00edder de M\u00e5neskin, ha anunciado su debut en solitario con el lanzamiento de <span style=\"color: #808080;\"><em><b><a style=\"color: #808080;\" href=\"https:\/\/open.spotify.com\/intl-es\/artist\/7AaGbSgUxJFuZ49VvclNH6?si=vc7qMiEwTNG_5chkCjNY-A\">Silverlines<\/a><\/b><\/em><\/span>, un single que ver\u00e1 la luz el 27 de septiembre. Este proyecto, producido por Labrinth, marca un nuevo cap\u00edtulo en la carrera del artista italiano.<\/p>\t\t\t\t\t\t\t\t<\/div>\n\t\t\t\t<\/div>\n\t\t\t\t\t<\/div>\n\t\t<\/div>\n\t\t\t\t\t<\/div>\n\t\t<\/section>\n\t\t\t\t<section class=\"elementor-section elementor-top-section elementor-element elementor-element-6168a4f elementor-section-boxed elementor-section-height-default elementor-section-height-default\" data-id=\"6168a4f\" data-element_type=\"section\" data-e-type=\"section\">\n\t\t\t\t\t\t<div class=\"elementor-container elementor-column-gap-default\">\n\t\t\t\t\t<div class=\"elementor-column elementor-col-50 elementor-top-column elementor-element elementor-element-abc31d3\" data-id=\"abc31d3\" data-element_type=\"column\" data-e-type=\"column\">\n\t\t\t<div class=\"elementor-widget-wrap elementor-element-populated\">\n\t\t\t\t\t\t<div class=\"elementor-element elementor-element-cf2bcb1 elementor-widget elementor-widget-text-editor\" data-id=\"cf2bcb1\" data-element_type=\"widget\" data-e-type=\"widget\" data-widget_type=\"text-editor.default\">\n\t\t\t\t<div class=\"elementor-widget-container\">\n\t\t\t\t\t\t\t\t\t<p>Con <em>Silverlines<\/em>, Damiano busca explorar una faceta m\u00e1s personal y vulnerable que no ha tenido oportunidad de mostrar en las canciones de M\u00e5neskin. En redes sociales, el cantante ya ha compartido su entusiasmo por esta nueva etapa, diciendo: \u00abHe viajado por todo el mundo para encontrar mi voz, solo para acabar donde todo empez\u00f3\u00bb.<\/p>\t\t\t\t\t\t\t\t<\/div>\n\t\t\t\t<\/div>\n\t\t\t\t\t<\/div>\n\t\t<\/div>\n\t\t\t\t<div class=\"elementor-column elementor-col-50 elementor-top-column elementor-element elementor-element-ad1cb34\" data-id=\"ad1cb34\" data-element_type=\"column\" data-e-type=\"column\">\n\t\t\t<div class=\"elementor-widget-wrap elementor-element-populated\">\n\t\t\t\t\t\t<div class=\"elementor-element elementor-element-88fc28d elementor-widget elementor-widget-image\" data-id=\"88fc28d\" data-element_type=\"widget\" data-e-type=\"widget\" data-widget_type=\"image.default\">\n\t\t\t\t<div class=\"elementor-widget-container\">\n\t\t\t\t\t\t\t\t\t\t\t\t<figure class=\"wp-caption\">\n\t\t\t\t\t\t\t\t\t\t<img fetchpriority=\"high\" decoding=\"async\" width=\"600\" height=\"450\" src=\"https:\/\/unaymilletras.com\/wp-content\/uploads\/2024\/09\/fa57dec0-d062-ff88-4920-d173a73b.jpg\" class=\"attachment-large size-large wp-image-3086\" alt=\"Damiano David\" srcset=\"https:\/\/unaymilletras.com\/wp-content\/uploads\/2024\/09\/fa57dec0-d062-ff88-4920-d173a73b.jpg 600w, https:\/\/unaymilletras.com\/wp-content\/uploads\/2024\/09\/fa57dec0-d062-ff88-4920-d173a73b-300x225.jpg 300w, https:\/\/unaymilletras.com\/wp-content\/uploads\/2024\/09\/fa57dec0-d062-ff88-4920-d173a73b-16x12.jpg 16w\" sizes=\"(max-width: 600px) 100vw, 600px\" \/>\t\t\t\t\t\t\t\t\t\t\t<figcaption class=\"widget-image-caption wp-caption-text\">Cr\u00e9dito: Petros Poulopoulos<\/figcaption>\n\t\t\t\t\t\t\t\t\t\t<\/figure>\n\t\t\t\t\t\t\t\t\t<\/div>\n\t\t\t\t<\/div>\n\t\t\t\t\t<\/div>\n\t\t<\/div>\n\t\t\t\t\t<\/div>\n\t\t<\/section>\n\t\t\t\t<section class=\"elementor-section elementor-top-section elementor-element elementor-element-5151710 elementor-section-boxed elementor-section-height-default elementor-section-height-default\" data-id=\"5151710\" data-element_type=\"section\" data-e-type=\"section\">\n\t\t\t\t\t\t<div class=\"elementor-container elementor-column-gap-default\">\n\t\t\t\t\t<div class=\"elementor-column elementor-col-100 elementor-top-column elementor-element elementor-element-297d496\" data-id=\"297d496\" data-element_type=\"column\" data-e-type=\"column\">\n\t\t\t<div class=\"elementor-widget-wrap elementor-element-populated\">\n\t\t\t\t\t\t<div class=\"elementor-element elementor-element-e0f1c17 elementor-widget elementor-widget-text-editor\" data-id=\"e0f1c17\" data-element_type=\"widget\" data-e-type=\"widget\" data-widget_type=\"text-editor.default\">\n\t\t\t\t<div class=\"elementor-widget-container\">\n\t\t\t\t\t\t\t\t\t<div class=\"flex max-w-full flex-col flex-grow\"><div class=\"min-h-[20px] text-message flex w-full flex-col items-end gap-2 whitespace-normal break-words [.text-message+&amp;]:mt-5\" dir=\"auto\" data-message-author-role=\"assistant\" data-message-id=\"c83c64a5-eba2-4414-92be-3d4cf7265076\"><div class=\"flex w-full flex-col gap-1 empty:hidden first:pt-[3px]\"><div class=\"markdown prose w-full break-words dark:prose-invert light\"><p>Damiano, aclamado por su carism\u00e1tica presencia esc\u00e9nica y su potente voz, ha logrado consolidarse como una de las figuras m\u00e1s influyentes en la m\u00fasica internacional. Con este nuevo single, busca afianzar a\u00fan m\u00e1s su trayectoria art\u00edstica, ahora desde una perspectiva m\u00e1s \u00edntima y personal.<\/p><\/div><\/div><\/div><\/div>\t\t\t\t\t\t\t\t<\/div>\n\t\t\t\t<\/div>\n\t\t\t\t\t<\/div>\n\t\t<\/div>\n\t\t\t\t\t<\/div>\n\t\t<\/section>\n\t\t\t\t<\/div>\n\t\t","protected":false},"excerpt":{"rendered":"<p>El vocalista de M\u00e5neskin, Damiano david, lanza su primer proyecto en solitario el 27 de septiembre Damiano David, conocido por ser la voz l\u00edder de M\u00e5neskin, ha anunciado su debut en solitario con el lanzamiento de Silverlines, un single que ver\u00e1 la luz el 27 de septiembre. Este proyecto, producido por Labrinth, marca un nuevo [&hellip;]<\/p>\n","protected":false},"author":6,"featured_media":3086,"comment_status":"open","ping_status":"open","sticky":false,"template":"","format":"standard","meta":{"footnotes":""},"categories":[4],"tags":[],"class_list":["post-3084","post","type-post","status-publish","format-standard","has-post-thumbnail","hentry","category-musica"],"yoast_head":"<!-- This site is optimized with the Yoast SEO plugin v27.4 - https:\/\/yoast.com\/product\/yoast-seo-wordpress\/ -->\n<title>Damiano David debuta en solitario con su nuevo single &#039;Silverlines&#039;<\/title>\n<meta name=\"description\" content=\"El vocalista de M\u00e5neskin, Damiano David, lanza su primer proyecto en solitario el 27 de septiembre, junto al productor ingl\u00e9s Labrinth\" \/>\n<meta name=\"robots\" content=\"index, follow, max-snippet:-1, max-image-preview:large, max-video-preview:-1\" \/>\n<link rel=\"canonical\" href=\"https:\/\/unaymilletras.com\/en\/damiano-david-debuta-en-solitario-con-su-nuevo-single-silverlines\/\" \/>\n<meta property=\"og:locale\" content=\"en_GB\" \/>\n<meta property=\"og:type\" content=\"article\" \/>\n<meta property=\"og:title\" content=\"Damiano David debuta en solitario con su nuevo single &#039;Silverlines&#039;\" \/>\n<meta property=\"og:description\" content=\"El vocalista de M\u00e5neskin, Damiano David, lanza su primer proyecto en solitario el 27 de septiembre, junto al productor ingl\u00e9s Labrinth\" \/>\n<meta property=\"og:url\" content=\"https:\/\/unaymilletras.com\/en\/damiano-david-debuta-en-solitario-con-su-nuevo-single-silverlines\/\" \/>\n<meta property=\"og:site_name\" content=\"Una y Mil Letras\" \/>\n<meta property=\"article:published_time\" content=\"2024-09-20T10:05:55+00:00\" \/>\n<meta property=\"article:modified_time\" content=\"2024-09-20T10:24:43+00:00\" \/>\n<meta property=\"og:image\" content=\"http:\/\/unaymilletras.com\/wp-content\/uploads\/2024\/09\/fa57dec0-d062-ff88-4920-d173a73b.jpg\" \/>\n\t<meta property=\"og:image:width\" content=\"600\" \/>\n\t<meta property=\"og:image:height\" content=\"450\" \/>\n\t<meta property=\"og:image:type\" content=\"image\/jpeg\" \/>\n<meta name=\"author\" content=\"Redacci\u00f3n\" \/>\n<meta name=\"twitter:card\" content=\"summary_large_image\" \/>\n<meta name=\"twitter:creator\" content=\"@UnaYMilLetras\" \/>\n<meta name=\"twitter:site\" content=\"@UnaYMilLetras\" \/>\n<meta name=\"twitter:label1\" content=\"Written by\" \/>\n\t<meta name=\"twitter:data1\" content=\"Redacci\u00f3n\" \/>\n\t<meta name=\"twitter:label2\" content=\"Estimated reading time\" \/>\n\t<meta name=\"twitter:data2\" content=\"1 minute\" \/>\n<script type=\"application\/ld+json\" class=\"yoast-schema-graph\">{\"@context\":\"https:\\\/\\\/schema.org\",\"@graph\":[{\"@type\":\"Article\",\"@id\":\"https:\\\/\\\/unaymilletras.com\\\/damiano-david-debuta-en-solitario-con-su-nuevo-single-silverlines\\\/#article\",\"isPartOf\":{\"@id\":\"https:\\\/\\\/unaymilletras.com\\\/damiano-david-debuta-en-solitario-con-su-nuevo-single-silverlines\\\/\"},\"author\":{\"name\":\"Redacci\u00f3n\",\"@id\":\"http:\\\/\\\/unaymilletras.com\\\/#\\\/schema\\\/person\\\/0860dc8a218329991ee2c7591f4f849d\"},\"headline\":\"Damiano David debuta en solitario con su nuevo single &#8216;Silverlines&#8217;\",\"datePublished\":\"2024-09-20T10:05:55+00:00\",\"dateModified\":\"2024-09-20T10:24:43+00:00\",\"mainEntityOfPage\":{\"@id\":\"https:\\\/\\\/unaymilletras.com\\\/damiano-david-debuta-en-solitario-con-su-nuevo-single-silverlines\\\/\"},\"wordCount\":186,\"commentCount\":0,\"publisher\":{\"@id\":\"http:\\\/\\\/unaymilletras.com\\\/#organization\"},\"image\":{\"@id\":\"https:\\\/\\\/unaymilletras.com\\\/damiano-david-debuta-en-solitario-con-su-nuevo-single-silverlines\\\/#primaryimage\"},\"thumbnailUrl\":\"https:\\\/\\\/unaymilletras.com\\\/wp-content\\\/uploads\\\/2024\\\/09\\\/fa57dec0-d062-ff88-4920-d173a73b.jpg\",\"articleSection\":[\"M\u00fasica\"],\"inLanguage\":\"en-GB\",\"potentialAction\":[{\"@type\":\"CommentAction\",\"name\":\"Comment\",\"target\":[\"https:\\\/\\\/unaymilletras.com\\\/damiano-david-debuta-en-solitario-con-su-nuevo-single-silverlines\\\/#respond\"]}]},{\"@type\":\"WebPage\",\"@id\":\"https:\\\/\\\/unaymilletras.com\\\/damiano-david-debuta-en-solitario-con-su-nuevo-single-silverlines\\\/\",\"url\":\"https:\\\/\\\/unaymilletras.com\\\/damiano-david-debuta-en-solitario-con-su-nuevo-single-silverlines\\\/\",\"name\":\"Damiano David debuta en solitario con su nuevo single 'Silverlines'\",\"isPartOf\":{\"@id\":\"http:\\\/\\\/unaymilletras.com\\\/#website\"},\"primaryImageOfPage\":{\"@id\":\"https:\\\/\\\/unaymilletras.com\\\/damiano-david-debuta-en-solitario-con-su-nuevo-single-silverlines\\\/#primaryimage\"},\"image\":{\"@id\":\"https:\\\/\\\/unaymilletras.com\\\/damiano-david-debuta-en-solitario-con-su-nuevo-single-silverlines\\\/#primaryimage\"},\"thumbnailUrl\":\"https:\\\/\\\/unaymilletras.com\\\/wp-content\\\/uploads\\\/2024\\\/09\\\/fa57dec0-d062-ff88-4920-d173a73b.jpg\",\"datePublished\":\"2024-09-20T10:05:55+00:00\",\"dateModified\":\"2024-09-20T10:24:43+00:00\",\"description\":\"El vocalista de M\u00e5neskin, Damiano David, lanza su primer proyecto en solitario el 27 de septiembre, junto al productor ingl\u00e9s Labrinth\",\"breadcrumb\":{\"@id\":\"https:\\\/\\\/unaymilletras.com\\\/damiano-david-debuta-en-solitario-con-su-nuevo-single-silverlines\\\/#breadcrumb\"},\"inLanguage\":\"en-GB\",\"potentialAction\":[{\"@type\":\"ReadAction\",\"target\":[\"https:\\\/\\\/unaymilletras.com\\\/damiano-david-debuta-en-solitario-con-su-nuevo-single-silverlines\\\/\"]}]},{\"@type\":\"ImageObject\",\"inLanguage\":\"en-GB\",\"@id\":\"https:\\\/\\\/unaymilletras.com\\\/damiano-david-debuta-en-solitario-con-su-nuevo-single-silverlines\\\/#primaryimage\",\"url\":\"https:\\\/\\\/unaymilletras.com\\\/wp-content\\\/uploads\\\/2024\\\/09\\\/fa57dec0-d062-ff88-4920-d173a73b.jpg\",\"contentUrl\":\"https:\\\/\\\/unaymilletras.com\\\/wp-content\\\/uploads\\\/2024\\\/09\\\/fa57dec0-d062-ff88-4920-d173a73b.jpg\",\"width\":600,\"height\":450,\"caption\":\"Cr\u00e9dito: Petros Poulopoulos\"},{\"@type\":\"BreadcrumbList\",\"@id\":\"https:\\\/\\\/unaymilletras.com\\\/damiano-david-debuta-en-solitario-con-su-nuevo-single-silverlines\\\/#breadcrumb\",\"itemListElement\":[{\"@type\":\"ListItem\",\"position\":1,\"name\":\"Home\",\"item\":\"http:\\\/\\\/unaymilletras.com\\\/\"},{\"@type\":\"ListItem\",\"position\":2,\"name\":\"Damiano David debuta en solitario con su nuevo single &#8216;Silverlines&#8217;\"}]},{\"@type\":\"WebSite\",\"@id\":\"http:\\\/\\\/unaymilletras.com\\\/#website\",\"url\":\"http:\\\/\\\/unaymilletras.com\\\/\",\"name\":\"Una y Mil Letras\",\"description\":\"\",\"publisher\":{\"@id\":\"http:\\\/\\\/unaymilletras.com\\\/#organization\"},\"potentialAction\":[{\"@type\":\"SearchAction\",\"target\":{\"@type\":\"EntryPoint\",\"urlTemplate\":\"http:\\\/\\\/unaymilletras.com\\\/?s={search_term_string}\"},\"query-input\":{\"@type\":\"PropertyValueSpecification\",\"valueRequired\":true,\"valueName\":\"search_term_string\"}}],\"inLanguage\":\"en-GB\"},{\"@type\":\"Organization\",\"@id\":\"http:\\\/\\\/unaymilletras.com\\\/#organization\",\"name\":\"Una y Mil Letras\",\"url\":\"http:\\\/\\\/unaymilletras.com\\\/\",\"logo\":{\"@type\":\"ImageObject\",\"inLanguage\":\"en-GB\",\"@id\":\"http:\\\/\\\/unaymilletras.com\\\/#\\\/schema\\\/logo\\\/image\\\/\",\"url\":\"https:\\\/\\\/unaymilletras.com\\\/wp-content\\\/uploads\\\/2024\\\/06\\\/cropped-Logo-removebg-preview.png\",\"contentUrl\":\"https:\\\/\\\/unaymilletras.com\\\/wp-content\\\/uploads\\\/2024\\\/06\\\/cropped-Logo-removebg-preview.png\",\"width\":512,\"height\":512,\"caption\":\"Una y Mil Letras\"},\"image\":{\"@id\":\"http:\\\/\\\/unaymilletras.com\\\/#\\\/schema\\\/logo\\\/image\\\/\"},\"sameAs\":[\"https:\\\/\\\/x.com\\\/UnaYMilLetras\",\"https:\\\/\\\/instagram.com\\\/UnaYMilLetras\"]},{\"@type\":\"Person\",\"@id\":\"http:\\\/\\\/unaymilletras.com\\\/#\\\/schema\\\/person\\\/0860dc8a218329991ee2c7591f4f849d\",\"name\":\"Redacci\u00f3n\",\"image\":{\"@type\":\"ImageObject\",\"inLanguage\":\"en-GB\",\"@id\":\"https:\\\/\\\/secure.gravatar.com\\\/avatar\\\/d8f55e05a8b6597e45c55a1dcbdbfe44f4a360d88b48e00de5216a79b7732796?s=96&d=mm&r=g\",\"url\":\"https:\\\/\\\/secure.gravatar.com\\\/avatar\\\/d8f55e05a8b6597e45c55a1dcbdbfe44f4a360d88b48e00de5216a79b7732796?s=96&d=mm&r=g\",\"contentUrl\":\"https:\\\/\\\/secure.gravatar.com\\\/avatar\\\/d8f55e05a8b6597e45c55a1dcbdbfe44f4a360d88b48e00de5216a79b7732796?s=96&d=mm&r=g\",\"caption\":\"Redacci\u00f3n\"},\"url\":\"https:\\\/\\\/unaymilletras.com\\\/en\\\/author\\\/redaccion\\\/\"}]}<\/script>\n<!-- \/ Yoast SEO plugin. -->","yoast_head_json":{"title":"Damiano David debuta en solitario con su nuevo single 'Silverlines'","description":"El vocalista de M\u00e5neskin, Damiano David, lanza su primer proyecto en solitario el 27 de septiembre, junto al productor ingl\u00e9s Labrinth","robots":{"index":"index","follow":"follow","max-snippet":"max-snippet:-1","max-image-preview":"max-image-preview:large","max-video-preview":"max-video-preview:-1"},"canonical":"https:\/\/unaymilletras.com\/en\/damiano-david-debuta-en-solitario-con-su-nuevo-single-silverlines\/","og_locale":"en_GB","og_type":"article","og_title":"Damiano David debuta en solitario con su nuevo single 'Silverlines'","og_description":"El vocalista de M\u00e5neskin, Damiano David, lanza su primer proyecto en solitario el 27 de septiembre, junto al productor ingl\u00e9s Labrinth","og_url":"https:\/\/unaymilletras.com\/en\/damiano-david-debuta-en-solitario-con-su-nuevo-single-silverlines\/","og_site_name":"Una y Mil Letras","article_published_time":"2024-09-20T10:05:55+00:00","article_modified_time":"2024-09-20T10:24:43+00:00","og_image":[{"width":600,"height":450,"url":"http:\/\/unaymilletras.com\/wp-content\/uploads\/2024\/09\/fa57dec0-d062-ff88-4920-d173a73b.jpg","type":"image\/jpeg"}],"author":"Redacci\u00f3n","twitter_card":"summary_large_image","twitter_creator":"@UnaYMilLetras","twitter_site":"@UnaYMilLetras","twitter_misc":{"Written by":"Redacci\u00f3n","Estimated reading time":"1 minute"},"schema":{"@context":"https:\/\/schema.org","@graph":[{"@type":"Article","@id":"https:\/\/unaymilletras.com\/damiano-david-debuta-en-solitario-con-su-nuevo-single-silverlines\/#article","isPartOf":{"@id":"https:\/\/unaymilletras.com\/damiano-david-debuta-en-solitario-con-su-nuevo-single-silverlines\/"},"author":{"name":"Redacci\u00f3n","@id":"http:\/\/unaymilletras.com\/#\/schema\/person\/0860dc8a218329991ee2c7591f4f849d"},"headline":"Damiano David debuta en solitario con su nuevo single &#8216;Silverlines&#8217;","datePublished":"2024-09-20T10:05:55+00:00","dateModified":"2024-09-20T10:24:43+00:00","mainEntityOfPage":{"@id":"https:\/\/unaymilletras.com\/damiano-david-debuta-en-solitario-con-su-nuevo-single-silverlines\/"},"wordCount":186,"commentCount":0,"publisher":{"@id":"http:\/\/unaymilletras.com\/#organization"},"image":{"@id":"https:\/\/unaymilletras.com\/damiano-david-debuta-en-solitario-con-su-nuevo-single-silverlines\/#primaryimage"},"thumbnailUrl":"https:\/\/unaymilletras.com\/wp-content\/uploads\/2024\/09\/fa57dec0-d062-ff88-4920-d173a73b.jpg","articleSection":["M\u00fasica"],"inLanguage":"en-GB","potentialAction":[{"@type":"CommentAction","name":"Comment","target":["https:\/\/unaymilletras.com\/damiano-david-debuta-en-solitario-con-su-nuevo-single-silverlines\/#respond"]}]},{"@type":"WebPage","@id":"https:\/\/unaymilletras.com\/damiano-david-debuta-en-solitario-con-su-nuevo-single-silverlines\/","url":"https:\/\/unaymilletras.com\/damiano-david-debuta-en-solitario-con-su-nuevo-single-silverlines\/","name":"Damiano David debuta en solitario con su nuevo single 'Silverlines'","isPartOf":{"@id":"http:\/\/unaymilletras.com\/#website"},"primaryImageOfPage":{"@id":"https:\/\/unaymilletras.com\/damiano-david-debuta-en-solitario-con-su-nuevo-single-silverlines\/#primaryimage"},"image":{"@id":"https:\/\/unaymilletras.com\/damiano-david-debuta-en-solitario-con-su-nuevo-single-silverlines\/#primaryimage"},"thumbnailUrl":"https:\/\/unaymilletras.com\/wp-content\/uploads\/2024\/09\/fa57dec0-d062-ff88-4920-d173a73b.jpg","datePublished":"2024-09-20T10:05:55+00:00","dateModified":"2024-09-20T10:24:43+00:00","description":"El vocalista de M\u00e5neskin, Damiano David, lanza su primer proyecto en solitario el 27 de septiembre, junto al productor ingl\u00e9s Labrinth","breadcrumb":{"@id":"https:\/\/unaymilletras.com\/damiano-david-debuta-en-solitario-con-su-nuevo-single-silverlines\/#breadcrumb"},"inLanguage":"en-GB","potentialAction":[{"@type":"ReadAction","target":["https:\/\/unaymilletras.com\/damiano-david-debuta-en-solitario-con-su-nuevo-single-silverlines\/"]}]},{"@type":"ImageObject","inLanguage":"en-GB","@id":"https:\/\/unaymilletras.com\/damiano-david-debuta-en-solitario-con-su-nuevo-single-silverlines\/#primaryimage","url":"https:\/\/unaymilletras.com\/wp-content\/uploads\/2024\/09\/fa57dec0-d062-ff88-4920-d173a73b.jpg","contentUrl":"https:\/\/unaymilletras.com\/wp-content\/uploads\/2024\/09\/fa57dec0-d062-ff88-4920-d173a73b.jpg","width":600,"height":450,"caption":"Cr\u00e9dito: Petros Poulopoulos"},{"@type":"BreadcrumbList","@id":"https:\/\/unaymilletras.com\/damiano-david-debuta-en-solitario-con-su-nuevo-single-silverlines\/#breadcrumb","itemListElement":[{"@type":"ListItem","position":1,"name":"Home","item":"http:\/\/unaymilletras.com\/"},{"@type":"ListItem","position":2,"name":"Damiano David debuta en solitario con su nuevo single &#8216;Silverlines&#8217;"}]},{"@type":"WebSite","@id":"http:\/\/unaymilletras.com\/#website","url":"http:\/\/unaymilletras.com\/","name":"Una y Mil Letras","description":"","publisher":{"@id":"http:\/\/unaymilletras.com\/#organization"},"potentialAction":[{"@type":"SearchAction","target":{"@type":"EntryPoint","urlTemplate":"http:\/\/unaymilletras.com\/?s={search_term_string}"},"query-input":{"@type":"PropertyValueSpecification","valueRequired":true,"valueName":"search_term_string"}}],"inLanguage":"en-GB"},{"@type":"Organization","@id":"http:\/\/unaymilletras.com\/#organization","name":"Una y Mil Letras","url":"http:\/\/unaymilletras.com\/","logo":{"@type":"ImageObject","inLanguage":"en-GB","@id":"http:\/\/unaymilletras.com\/#\/schema\/logo\/image\/","url":"https:\/\/unaymilletras.com\/wp-content\/uploads\/2024\/06\/cropped-Logo-removebg-preview.png","contentUrl":"https:\/\/unaymilletras.com\/wp-content\/uploads\/2024\/06\/cropped-Logo-removebg-preview.png","width":512,"height":512,"caption":"Una y Mil Letras"},"image":{"@id":"http:\/\/unaymilletras.com\/#\/schema\/logo\/image\/"},"sameAs":["https:\/\/x.com\/UnaYMilLetras","https:\/\/instagram.com\/UnaYMilLetras"]},{"@type":"Person","@id":"http:\/\/unaymilletras.com\/#\/schema\/person\/0860dc8a218329991ee2c7591f4f849d","name":"Redacci\u00f3n","image":{"@type":"ImageObject","inLanguage":"en-GB","@id":"https:\/\/secure.gravatar.com\/avatar\/d8f55e05a8b6597e45c55a1dcbdbfe44f4a360d88b48e00de5216a79b7732796?s=96&d=mm&r=g","url":"https:\/\/secure.gravatar.com\/avatar\/d8f55e05a8b6597e45c55a1dcbdbfe44f4a360d88b48e00de5216a79b7732796?s=96&d=mm&r=g","contentUrl":"https:\/\/secure.gravatar.com\/avatar\/d8f55e05a8b6597e45c55a1dcbdbfe44f4a360d88b48e00de5216a79b7732796?s=96&d=mm&r=g","caption":"Redacci\u00f3n"},"url":"https:\/\/unaymilletras.com\/en\/author\/redaccion\/"}]}},"_links":{"self":[{"href":"https:\/\/unaymilletras.com\/en\/wp-json\/wp\/v2\/posts\/3084","targetHints":{"allow":["GET"]}}],"collection":[{"href":"https:\/\/unaymilletras.com\/en\/wp-json\/wp\/v2\/posts"}],"about":[{"href":"https:\/\/unaymilletras.com\/en\/wp-json\/wp\/v2\/types\/post"}],"author":[{"embeddable":true,"href":"https:\/\/unaymilletras.com\/en\/wp-json\/wp\/v2\/users\/6"}],"replies":[{"embeddable":true,"href":"https:\/\/unaymilletras.com\/en\/wp-json\/wp\/v2\/comments?post=3084"}],"version-history":[{"count":5,"href":"https:\/\/unaymilletras.com\/en\/wp-json\/wp\/v2\/posts\/3084\/revisions"}],"predecessor-version":[{"id":3090,"href":"https:\/\/unaymilletras.com\/en\/wp-json\/wp\/v2\/posts\/3084\/revisions\/3090"}],"wp:featuredmedia":[{"embeddable":true,"href":"https:\/\/unaymilletras.com\/en\/wp-json\/wp\/v2\/media\/3086"}],"wp:attachment":[{"href":"https:\/\/unaymilletras.com\/en\/wp-json\/wp\/v2\/media?parent=3084"}],"wp:term":[{"taxonomy":"category","embeddable":true,"href":"https:\/\/unaymilletras.com\/en\/wp-json\/wp\/v2\/categories?post=3084"},{"taxonomy":"post_tag","embeddable":true,"href":"https:\/\/unaymilletras.com\/en\/wp-json\/wp\/v2\/tags?post=3084"}],"curies":[{"name":"wp","href":"https:\/\/api.w.org\/{rel}","templated":true}]}}