{"id":3091,"date":"2024-10-01T18:48:56","date_gmt":"2024-10-01T16:48:56","guid":{"rendered":"https:\/\/unaymilletras.com\/?p=3091"},"modified":"2024-10-01T18:54:49","modified_gmt":"2024-10-01T16:54:49","slug":"tiago-pzk-trae-su-gotti-a-tour-a-espana","status":"publish","type":"post","link":"https:\/\/unaymilletras.com\/en\/tiago-pzk-trae-su-gotti-a-tour-a-espana\/","title":{"rendered":"Tiago PZK trae su GOTTI A TOUR a Espa\u00f1a"},"content":{"rendered":"<div data-elementor-type=\"wp-post\" data-elementor-id=\"3091\" class=\"elementor elementor-3091\">\n\t\t\t\t\t\t<section class=\"elementor-section elementor-top-section elementor-element elementor-element-b8b1d47 elementor-section-boxed elementor-section-height-default elementor-section-height-default\" data-id=\"b8b1d47\" data-element_type=\"section\" data-e-type=\"section\">\n\t\t\t\t\t\t<div class=\"elementor-container elementor-column-gap-default\">\n\t\t\t\t\t<div class=\"elementor-column elementor-col-100 elementor-top-column elementor-element elementor-element-b2820da\" data-id=\"b2820da\" data-element_type=\"column\" data-e-type=\"column\">\n\t\t\t<div class=\"elementor-widget-wrap elementor-element-populated\">\n\t\t\t\t\t\t<div class=\"elementor-element elementor-element-94fb2cf elementor-widget elementor-widget-text-editor\" data-id=\"94fb2cf\" data-element_type=\"widget\" data-e-type=\"widget\" data-widget_type=\"text-editor.default\">\n\t\t\t\t<div class=\"elementor-widget-container\">\n\t\t\t\t\t\t\t\t\t<p style=\"text-align: center;\"><em><span style=\"font-size: 18pt;\"><span style=\"color: #808080;\">Espa\u00f1a y Barcelona son las ciudades elegidas por Tiago PZK para actuar el 14 y 16 de febrero<\/span><\/span><\/em><\/p>\t\t\t\t\t\t\t\t<\/div>\n\t\t\t\t<\/div>\n\t\t\t\t\t<\/div>\n\t\t<\/div>\n\t\t\t\t\t<\/div>\n\t\t<\/section>\n\t\t\t\t<section class=\"elementor-section elementor-top-section elementor-element elementor-element-fca0691 elementor-section-boxed elementor-section-height-default elementor-section-height-default\" data-id=\"fca0691\" data-element_type=\"section\" data-e-type=\"section\">\n\t\t\t\t\t\t<div class=\"elementor-container elementor-column-gap-default\">\n\t\t\t\t\t<div class=\"elementor-column elementor-col-100 elementor-top-column elementor-element elementor-element-41cce6b\" data-id=\"41cce6b\" data-element_type=\"column\" data-e-type=\"column\">\n\t\t\t<div class=\"elementor-widget-wrap elementor-element-populated\">\n\t\t\t\t\t\t<div class=\"elementor-element elementor-element-4e3179c elementor-widget elementor-widget-text-editor\" data-id=\"4e3179c\" data-element_type=\"widget\" data-e-type=\"widget\" data-widget_type=\"text-editor.default\">\n\t\t\t\t<div class=\"elementor-widget-container\">\n\t\t\t\t\t\t\t\t\t<p><b>Tiago PZK<\/b>, en pleno crecimiento, se propone dos nuevos retos: llenar el <b>WiZink Centrer<\/b> de <b>Madrid<\/b> y el <b>Palau Sant Jordi<\/b> de <b>Barcelona<\/b>. El artista acaba de anunciar que su Gotti A Tour pasar\u00e1 por ambas ciudades el 14 y 16 de febrero respectivamente. Con estas nuevas fechas, sube de nivel en los recintos espa\u00f1oles y va a por un nuevo logro.<\/p>\n<p>Las entradas se podr\u00e1n conseguir el pr\u00f3ximo jueves, <b>3 de octubre<\/b> en la web de Ticketmaster.<\/p>\t\t\t\t\t\t\t\t<\/div>\n\t\t\t\t<\/div>\n\t\t\t\t\t<\/div>\n\t\t<\/div>\n\t\t\t\t\t<\/div>\n\t\t<\/section>\n\t\t\t\t<section class=\"elementor-section elementor-top-section elementor-element elementor-element-a1df660 elementor-section-boxed elementor-section-height-default elementor-section-height-default\" data-id=\"a1df660\" data-element_type=\"section\" data-e-type=\"section\">\n\t\t\t\t\t\t<div class=\"elementor-container elementor-column-gap-default\">\n\t\t\t\t\t<div class=\"elementor-column elementor-col-50 elementor-top-column elementor-element elementor-element-db4f846\" data-id=\"db4f846\" data-element_type=\"column\" data-e-type=\"column\">\n\t\t\t<div class=\"elementor-widget-wrap elementor-element-populated\">\n\t\t\t\t\t\t<div class=\"elementor-element elementor-element-b5d5c88 elementor-widget elementor-widget-image\" data-id=\"b5d5c88\" data-element_type=\"widget\" data-e-type=\"widget\" data-widget_type=\"image.default\">\n\t\t\t\t<div class=\"elementor-widget-container\">\n\t\t\t\t\t\t\t\t\t\t\t\t\t\t\t<img fetchpriority=\"high\" decoding=\"async\" width=\"640\" height=\"631\" src=\"https:\/\/unaymilletras.com\/wp-content\/uploads\/2024\/10\/IMG_6161-1024x1009.jpg\" class=\"attachment-large size-large wp-image-3095\" alt=\"Tiago PZK\" srcset=\"https:\/\/unaymilletras.com\/wp-content\/uploads\/2024\/10\/IMG_6161-1024x1009.jpg 1024w, https:\/\/unaymilletras.com\/wp-content\/uploads\/2024\/10\/IMG_6161-300x296.jpg 300w, https:\/\/unaymilletras.com\/wp-content\/uploads\/2024\/10\/IMG_6161-768x757.jpg 768w, https:\/\/unaymilletras.com\/wp-content\/uploads\/2024\/10\/IMG_6161-12x12.jpg 12w, https:\/\/unaymilletras.com\/wp-content\/uploads\/2024\/10\/IMG_6161-e1727801574546.jpg 600w\" sizes=\"(max-width: 640px) 100vw, 640px\" \/>\t\t\t\t\t\t\t\t\t\t\t\t\t\t\t<\/div>\n\t\t\t\t<\/div>\n\t\t\t\t\t<\/div>\n\t\t<\/div>\n\t\t\t\t<div class=\"elementor-column elementor-col-50 elementor-top-column elementor-element elementor-element-37676aa\" data-id=\"37676aa\" data-element_type=\"column\" data-e-type=\"column\">\n\t\t\t<div class=\"elementor-widget-wrap elementor-element-populated\">\n\t\t\t\t\t\t<div class=\"elementor-element elementor-element-7c71518 elementor-widget elementor-widget-image\" data-id=\"7c71518\" data-element_type=\"widget\" data-e-type=\"widget\" data-widget_type=\"image.default\">\n\t\t\t\t<div class=\"elementor-widget-container\">\n\t\t\t\t\t\t\t\t\t\t\t\t\t\t\t<img decoding=\"async\" width=\"640\" height=\"629\" src=\"https:\/\/unaymilletras.com\/wp-content\/uploads\/2024\/10\/IMG_6162-1024x1006.jpg\" class=\"attachment-large size-large wp-image-3096\" alt=\"\" srcset=\"https:\/\/unaymilletras.com\/wp-content\/uploads\/2024\/10\/IMG_6162-1024x1006.jpg 1024w, https:\/\/unaymilletras.com\/wp-content\/uploads\/2024\/10\/IMG_6162-300x295.jpg 300w, https:\/\/unaymilletras.com\/wp-content\/uploads\/2024\/10\/IMG_6162-768x754.jpg 768w, https:\/\/unaymilletras.com\/wp-content\/uploads\/2024\/10\/IMG_6162-12x12.jpg 12w, https:\/\/unaymilletras.com\/wp-content\/uploads\/2024\/10\/IMG_6162-e1727801563271.jpg 600w\" sizes=\"(max-width: 640px) 100vw, 640px\" \/>\t\t\t\t\t\t\t\t\t\t\t\t\t\t\t<\/div>\n\t\t\t\t<\/div>\n\t\t\t\t\t<\/div>\n\t\t<\/div>\n\t\t\t\t\t<\/div>\n\t\t<\/section>\n\t\t\t\t<section class=\"elementor-section elementor-top-section elementor-element elementor-element-ea1f567 elementor-section-boxed elementor-section-height-default elementor-section-height-default\" data-id=\"ea1f567\" data-element_type=\"section\" data-e-type=\"section\">\n\t\t\t\t\t\t<div class=\"elementor-container elementor-column-gap-default\">\n\t\t\t\t\t<div class=\"elementor-column elementor-col-100 elementor-top-column elementor-element elementor-element-f5a2ce0\" data-id=\"f5a2ce0\" data-element_type=\"column\" data-e-type=\"column\">\n\t\t\t<div class=\"elementor-widget-wrap elementor-element-populated\">\n\t\t\t\t\t\t<div class=\"elementor-element elementor-element-25f0928 elementor-widget elementor-widget-text-editor\" data-id=\"25f0928\" data-element_type=\"widget\" data-e-type=\"widget\" data-widget_type=\"text-editor.default\">\n\t\t\t\t<div class=\"elementor-widget-container\">\n\t\t\t\t\t\t\t\t\t<p>El argentino ya se ha convertido en una de las grandes estrellas, no solo de su pa\u00eds, sino del mundo entero. Tiago PZK ha demostrado su talento en numerosas ocasiones y, gracias a ello, ha conseguido liderar las listas de \u00e9xitos en numerosas ocasiones.<\/p><p><span style=\"color: #808080;\">En 2022 ya visit\u00f3 Espa\u00f1a con su \u00faltimo tour. Seis fechas le llevaron por todo el pa\u00eds con el cartel de entradas agotadas. Ahora, ampl\u00eda los aforos para darle la oportunidad a sus miles de fans espa\u00f1oles. Tiago PZK est\u00e1 dispuesto a traer hasta nosotros canciones como <em><b>Entre Nosotros<\/b><\/em>, una de sus canciones junto a <a style=\"color: #808080;\" href=\"https:\/\/unaymilletras.com\/en\/sergio-dalma-celebrara-sus-35-anos-de-carrera-en-madrid\/\">Lit Killa<\/a>h; <em><b><a style=\"color: #808080;\" href=\"https:\/\/www.youtube.com\/watch?v=bL8lX4tP5jw\">Traductor<\/a><\/b><\/em>, junto a Myke Towers; o su reciente <em><b>Alegr\u00eda<\/b><\/em>, que ya es todo un himno.<\/span><\/p>\t\t\t\t\t\t\t\t<\/div>\n\t\t\t\t<\/div>\n\t\t\t\t\t<\/div>\n\t\t<\/div>\n\t\t\t\t\t<\/div>\n\t\t<\/section>\n\t\t\t\t<section class=\"elementor-section elementor-top-section elementor-element elementor-element-c6a4064 elementor-section-boxed elementor-section-height-default elementor-section-height-default\" data-id=\"c6a4064\" data-element_type=\"section\" data-e-type=\"section\">\n\t\t\t\t\t\t<div class=\"elementor-container elementor-column-gap-default\">\n\t\t\t\t\t<div class=\"elementor-column elementor-col-100 elementor-top-column elementor-element elementor-element-2b3e7c5\" data-id=\"2b3e7c5\" data-element_type=\"column\" data-e-type=\"column\">\n\t\t\t<div class=\"elementor-widget-wrap elementor-element-populated\">\n\t\t\t\t\t\t<div class=\"elementor-element elementor-element-daf2b68 elementor-widget elementor-widget-video\" data-id=\"daf2b68\" data-element_type=\"widget\" data-e-type=\"widget\" data-settings=\"{&quot;youtube_url&quot;:&quot;https:\\\/\\\/www.youtube.com\\\/watch?v=6-YPVUgAO3I&quot;,&quot;video_type&quot;:&quot;youtube&quot;,&quot;controls&quot;:&quot;yes&quot;}\" data-widget_type=\"video.default\">\n\t\t\t\t<div class=\"elementor-widget-container\">\n\t\t\t\t\t\t\t<div class=\"elementor-wrapper elementor-open-inline\">\n\t\t\t<div class=\"elementor-video\"><\/div>\t\t<\/div>\n\t\t\t\t\t\t<\/div>\n\t\t\t\t<\/div>\n\t\t\t\t\t<\/div>\n\t\t<\/div>\n\t\t\t\t\t<\/div>\n\t\t<\/section>\n\t\t\t\t<section class=\"elementor-section elementor-top-section elementor-element elementor-element-7c75822 elementor-section-boxed elementor-section-height-default elementor-section-height-default\" data-id=\"7c75822\" data-element_type=\"section\" data-e-type=\"section\">\n\t\t\t\t\t\t<div class=\"elementor-container elementor-column-gap-default\">\n\t\t\t\t\t<div class=\"elementor-column elementor-col-100 elementor-top-column elementor-element elementor-element-7f256db\" data-id=\"7f256db\" data-element_type=\"column\" data-e-type=\"column\">\n\t\t\t<div class=\"elementor-widget-wrap elementor-element-populated\">\n\t\t\t\t\t\t<div class=\"elementor-element elementor-element-f9e715f elementor-widget elementor-widget-text-editor\" data-id=\"f9e715f\" data-element_type=\"widget\" data-e-type=\"widget\" data-widget_type=\"text-editor.default\">\n\t\t\t\t<div class=\"elementor-widget-container\">\n\t\t\t\t\t\t\t\t\t<p>Adem\u00e1s, este verano muchos ya han podido ir calentando motores ya que ha formado parte del cartel de festivales en muchas ciudades espa\u00f1olas. En todos sus shows ha encontrado muchas personas que gritaban sus canciones. Ahora, el p\u00fablico ped\u00eda un concierto m\u00e1s \u00edntimo y personal y Tiago PZK no ha dudado en d\u00e1rselo.<\/p>\t\t\t\t\t\t\t\t<\/div>\n\t\t\t\t<\/div>\n\t\t\t\t\t<\/div>\n\t\t<\/div>\n\t\t\t\t\t<\/div>\n\t\t<\/section>\n\t\t\t\t<\/div>","protected":false},"excerpt":{"rendered":"<p>Espa\u00f1a y Barcelona son las ciudades elegidas por Tiago PZK para actuar el 14 y 16 de febrero Tiago PZK, en pleno crecimiento, se propone dos nuevos retos: llenar el WiZink Centrer de Madrid y el Palau Sant Jordi de Barcelona. El artista acaba de anunciar que su Gotti A Tour pasar\u00e1 por ambas ciudades [&hellip;]<\/p>\n","protected":false},"author":1,"featured_media":3093,"comment_status":"open","ping_status":"open","sticky":false,"template":"","format":"standard","meta":{"footnotes":""},"categories":[119,4],"tags":[],"class_list":["post-3091","post","type-post","status-publish","format-standard","has-post-thumbnail","hentry","category-eventos","category-musica"],"yoast_head":"<!-- This site is optimized with the Yoast SEO plugin v27.4 - https:\/\/yoast.com\/product\/yoast-seo-wordpress\/ -->\n<title>Tiago PZK trae su GOTTI A TOUR a Espa\u00f1a &#8902; Una y Mil Letras<\/title>\n<meta name=\"description\" content=\"Espa\u00f1a y Barcelona son las ciudades elegidas por Tiago PZK para actuar el 14 y 16 de febrero para ver a miles de fans...\" \/>\n<meta name=\"robots\" content=\"index, follow, max-snippet:-1, max-image-preview:large, max-video-preview:-1\" \/>\n<link rel=\"canonical\" href=\"https:\/\/unaymilletras.com\/en\/tiago-pzk-trae-su-gotti-a-tour-a-espana\/\" \/>\n<meta property=\"og:locale\" content=\"en_GB\" \/>\n<meta property=\"og:type\" content=\"article\" \/>\n<meta property=\"og:title\" content=\"Tiago PZK trae su GOTTI A TOUR a Espa\u00f1a &#8902; Una y Mil Letras\" \/>\n<meta property=\"og:description\" content=\"Espa\u00f1a y Barcelona son las ciudades elegidas por Tiago PZK para actuar el 14 y 16 de febrero para ver a miles de fans...\" \/>\n<meta property=\"og:url\" content=\"https:\/\/unaymilletras.com\/en\/tiago-pzk-trae-su-gotti-a-tour-a-espana\/\" \/>\n<meta property=\"og:site_name\" content=\"Una y Mil Letras\" \/>\n<meta property=\"article:published_time\" content=\"2024-10-01T16:48:56+00:00\" \/>\n<meta property=\"article:modified_time\" content=\"2024-10-01T16:54:49+00:00\" \/>\n<meta property=\"og:image\" content=\"http:\/\/unaymilletras.com\/wp-content\/uploads\/2024\/10\/ASSET.jpeg\" \/>\n\t<meta property=\"og:image:width\" content=\"900\" \/>\n\t<meta property=\"og:image:height\" content=\"1600\" \/>\n\t<meta property=\"og:image:type\" content=\"image\/jpeg\" \/>\n<meta name=\"author\" content=\"Maria Gil Robledo\" \/>\n<meta name=\"twitter:card\" content=\"summary_large_image\" \/>\n<meta name=\"twitter:creator\" content=\"@UnaYMilLetras\" \/>\n<meta name=\"twitter:site\" content=\"@UnaYMilLetras\" \/>\n<meta name=\"twitter:label1\" content=\"Written by\" \/>\n\t<meta name=\"twitter:data1\" content=\"Maria Gil Robledo\" \/>\n\t<meta name=\"twitter:label2\" content=\"Estimated reading time\" \/>\n\t<meta name=\"twitter:data2\" content=\"2 minutes\" \/>\n<script type=\"application\/ld+json\" class=\"yoast-schema-graph\">{\"@context\":\"https:\\\/\\\/schema.org\",\"@graph\":[{\"@type\":\"Article\",\"@id\":\"https:\\\/\\\/unaymilletras.com\\\/tiago-pzk-trae-su-gotti-a-tour-a-espana\\\/#article\",\"isPartOf\":{\"@id\":\"https:\\\/\\\/unaymilletras.com\\\/tiago-pzk-trae-su-gotti-a-tour-a-espana\\\/\"},\"author\":{\"name\":\"Maria Gil Robledo\",\"@id\":\"http:\\\/\\\/unaymilletras.com\\\/#\\\/schema\\\/person\\\/d55ba681b8a4e463d8982dbe36a5dc94\"},\"headline\":\"Tiago PZK trae su GOTTI A TOUR a Espa\u00f1a\",\"datePublished\":\"2024-10-01T16:48:56+00:00\",\"dateModified\":\"2024-10-01T16:54:49+00:00\",\"mainEntityOfPage\":{\"@id\":\"https:\\\/\\\/unaymilletras.com\\\/tiago-pzk-trae-su-gotti-a-tour-a-espana\\\/\"},\"wordCount\":292,\"commentCount\":0,\"publisher\":{\"@id\":\"http:\\\/\\\/unaymilletras.com\\\/#organization\"},\"image\":{\"@id\":\"https:\\\/\\\/unaymilletras.com\\\/tiago-pzk-trae-su-gotti-a-tour-a-espana\\\/#primaryimage\"},\"thumbnailUrl\":\"https:\\\/\\\/unaymilletras.com\\\/wp-content\\\/uploads\\\/2024\\\/10\\\/ASSET.jpeg\",\"articleSection\":[\"Eventos\",\"M\u00fasica\"],\"inLanguage\":\"en-GB\",\"potentialAction\":[{\"@type\":\"CommentAction\",\"name\":\"Comment\",\"target\":[\"https:\\\/\\\/unaymilletras.com\\\/tiago-pzk-trae-su-gotti-a-tour-a-espana\\\/#respond\"]}]},{\"@type\":\"WebPage\",\"@id\":\"https:\\\/\\\/unaymilletras.com\\\/tiago-pzk-trae-su-gotti-a-tour-a-espana\\\/\",\"url\":\"https:\\\/\\\/unaymilletras.com\\\/tiago-pzk-trae-su-gotti-a-tour-a-espana\\\/\",\"name\":\"Tiago PZK trae su GOTTI A TOUR a Espa\u00f1a &#8902; Una y Mil Letras\",\"isPartOf\":{\"@id\":\"http:\\\/\\\/unaymilletras.com\\\/#website\"},\"primaryImageOfPage\":{\"@id\":\"https:\\\/\\\/unaymilletras.com\\\/tiago-pzk-trae-su-gotti-a-tour-a-espana\\\/#primaryimage\"},\"image\":{\"@id\":\"https:\\\/\\\/unaymilletras.com\\\/tiago-pzk-trae-su-gotti-a-tour-a-espana\\\/#primaryimage\"},\"thumbnailUrl\":\"https:\\\/\\\/unaymilletras.com\\\/wp-content\\\/uploads\\\/2024\\\/10\\\/ASSET.jpeg\",\"datePublished\":\"2024-10-01T16:48:56+00:00\",\"dateModified\":\"2024-10-01T16:54:49+00:00\",\"description\":\"Espa\u00f1a y Barcelona son las ciudades elegidas por Tiago PZK para actuar el 14 y 16 de febrero para ver a miles de fans...\",\"breadcrumb\":{\"@id\":\"https:\\\/\\\/unaymilletras.com\\\/tiago-pzk-trae-su-gotti-a-tour-a-espana\\\/#breadcrumb\"},\"inLanguage\":\"en-GB\",\"potentialAction\":[{\"@type\":\"ReadAction\",\"target\":[\"https:\\\/\\\/unaymilletras.com\\\/tiago-pzk-trae-su-gotti-a-tour-a-espana\\\/\"]}]},{\"@type\":\"ImageObject\",\"inLanguage\":\"en-GB\",\"@id\":\"https:\\\/\\\/unaymilletras.com\\\/tiago-pzk-trae-su-gotti-a-tour-a-espana\\\/#primaryimage\",\"url\":\"https:\\\/\\\/unaymilletras.com\\\/wp-content\\\/uploads\\\/2024\\\/10\\\/ASSET.jpeg\",\"contentUrl\":\"https:\\\/\\\/unaymilletras.com\\\/wp-content\\\/uploads\\\/2024\\\/10\\\/ASSET.jpeg\",\"width\":900,\"height\":1600},{\"@type\":\"BreadcrumbList\",\"@id\":\"https:\\\/\\\/unaymilletras.com\\\/tiago-pzk-trae-su-gotti-a-tour-a-espana\\\/#breadcrumb\",\"itemListElement\":[{\"@type\":\"ListItem\",\"position\":1,\"name\":\"Home\",\"item\":\"http:\\\/\\\/unaymilletras.com\\\/\"},{\"@type\":\"ListItem\",\"position\":2,\"name\":\"Tiago PZK trae su GOTTI A TOUR a Espa\u00f1a\"}]},{\"@type\":\"WebSite\",\"@id\":\"http:\\\/\\\/unaymilletras.com\\\/#website\",\"url\":\"http:\\\/\\\/unaymilletras.com\\\/\",\"name\":\"Una y Mil Letras\",\"description\":\"\",\"publisher\":{\"@id\":\"http:\\\/\\\/unaymilletras.com\\\/#organization\"},\"potentialAction\":[{\"@type\":\"SearchAction\",\"target\":{\"@type\":\"EntryPoint\",\"urlTemplate\":\"http:\\\/\\\/unaymilletras.com\\\/?s={search_term_string}\"},\"query-input\":{\"@type\":\"PropertyValueSpecification\",\"valueRequired\":true,\"valueName\":\"search_term_string\"}}],\"inLanguage\":\"en-GB\"},{\"@type\":\"Organization\",\"@id\":\"http:\\\/\\\/unaymilletras.com\\\/#organization\",\"name\":\"Una y Mil Letras\",\"url\":\"http:\\\/\\\/unaymilletras.com\\\/\",\"logo\":{\"@type\":\"ImageObject\",\"inLanguage\":\"en-GB\",\"@id\":\"http:\\\/\\\/unaymilletras.com\\\/#\\\/schema\\\/logo\\\/image\\\/\",\"url\":\"https:\\\/\\\/unaymilletras.com\\\/wp-content\\\/uploads\\\/2024\\\/06\\\/cropped-Logo-removebg-preview.png\",\"contentUrl\":\"https:\\\/\\\/unaymilletras.com\\\/wp-content\\\/uploads\\\/2024\\\/06\\\/cropped-Logo-removebg-preview.png\",\"width\":512,\"height\":512,\"caption\":\"Una y Mil Letras\"},\"image\":{\"@id\":\"http:\\\/\\\/unaymilletras.com\\\/#\\\/schema\\\/logo\\\/image\\\/\"},\"sameAs\":[\"https:\\\/\\\/x.com\\\/UnaYMilLetras\",\"https:\\\/\\\/instagram.com\\\/UnaYMilLetras\"]},{\"@type\":\"Person\",\"@id\":\"http:\\\/\\\/unaymilletras.com\\\/#\\\/schema\\\/person\\\/d55ba681b8a4e463d8982dbe36a5dc94\",\"name\":\"Maria Gil Robledo\",\"image\":{\"@type\":\"ImageObject\",\"inLanguage\":\"en-GB\",\"@id\":\"https:\\\/\\\/secure.gravatar.com\\\/avatar\\\/4b8e5102e0015789407eb4870b12f0f2857952d83ca124058f92b764bd1840c3?s=96&d=mm&r=g\",\"url\":\"https:\\\/\\\/secure.gravatar.com\\\/avatar\\\/4b8e5102e0015789407eb4870b12f0f2857952d83ca124058f92b764bd1840c3?s=96&d=mm&r=g\",\"contentUrl\":\"https:\\\/\\\/secure.gravatar.com\\\/avatar\\\/4b8e5102e0015789407eb4870b12f0f2857952d83ca124058f92b764bd1840c3?s=96&d=mm&r=g\",\"caption\":\"Maria Gil Robledo\"},\"sameAs\":[\"http:\\\/\\\/unaymilletras.com\"],\"url\":\"https:\\\/\\\/unaymilletras.com\\\/en\\\/author\\\/mariiagiil02_\\\/\"}]}<\/script>\n<!-- \/ Yoast SEO plugin. -->","yoast_head_json":{"title":"Tiago PZK trae su GOTTI A TOUR a Espa\u00f1a &#8902; Una y Mil Letras","description":"Espa\u00f1a y Barcelona son las ciudades elegidas por Tiago PZK para actuar el 14 y 16 de febrero para ver a miles de fans...","robots":{"index":"index","follow":"follow","max-snippet":"max-snippet:-1","max-image-preview":"max-image-preview:large","max-video-preview":"max-video-preview:-1"},"canonical":"https:\/\/unaymilletras.com\/en\/tiago-pzk-trae-su-gotti-a-tour-a-espana\/","og_locale":"en_GB","og_type":"article","og_title":"Tiago PZK trae su GOTTI A TOUR a Espa\u00f1a &#8902; Una y Mil Letras","og_description":"Espa\u00f1a y Barcelona son las ciudades elegidas por Tiago PZK para actuar el 14 y 16 de febrero para ver a miles de fans...","og_url":"https:\/\/unaymilletras.com\/en\/tiago-pzk-trae-su-gotti-a-tour-a-espana\/","og_site_name":"Una y Mil Letras","article_published_time":"2024-10-01T16:48:56+00:00","article_modified_time":"2024-10-01T16:54:49+00:00","og_image":[{"width":900,"height":1600,"url":"http:\/\/unaymilletras.com\/wp-content\/uploads\/2024\/10\/ASSET.jpeg","type":"image\/jpeg"}],"author":"Maria Gil Robledo","twitter_card":"summary_large_image","twitter_creator":"@UnaYMilLetras","twitter_site":"@UnaYMilLetras","twitter_misc":{"Written by":"Maria Gil Robledo","Estimated reading time":"2 minutes"},"schema":{"@context":"https:\/\/schema.org","@graph":[{"@type":"Article","@id":"https:\/\/unaymilletras.com\/tiago-pzk-trae-su-gotti-a-tour-a-espana\/#article","isPartOf":{"@id":"https:\/\/unaymilletras.com\/tiago-pzk-trae-su-gotti-a-tour-a-espana\/"},"author":{"name":"Maria Gil Robledo","@id":"http:\/\/unaymilletras.com\/#\/schema\/person\/d55ba681b8a4e463d8982dbe36a5dc94"},"headline":"Tiago PZK trae su GOTTI A TOUR a Espa\u00f1a","datePublished":"2024-10-01T16:48:56+00:00","dateModified":"2024-10-01T16:54:49+00:00","mainEntityOfPage":{"@id":"https:\/\/unaymilletras.com\/tiago-pzk-trae-su-gotti-a-tour-a-espana\/"},"wordCount":292,"commentCount":0,"publisher":{"@id":"http:\/\/unaymilletras.com\/#organization"},"image":{"@id":"https:\/\/unaymilletras.com\/tiago-pzk-trae-su-gotti-a-tour-a-espana\/#primaryimage"},"thumbnailUrl":"https:\/\/unaymilletras.com\/wp-content\/uploads\/2024\/10\/ASSET.jpeg","articleSection":["Eventos","M\u00fasica"],"inLanguage":"en-GB","potentialAction":[{"@type":"CommentAction","name":"Comment","target":["https:\/\/unaymilletras.com\/tiago-pzk-trae-su-gotti-a-tour-a-espana\/#respond"]}]},{"@type":"WebPage","@id":"https:\/\/unaymilletras.com\/tiago-pzk-trae-su-gotti-a-tour-a-espana\/","url":"https:\/\/unaymilletras.com\/tiago-pzk-trae-su-gotti-a-tour-a-espana\/","name":"Tiago PZK trae su GOTTI A TOUR a Espa\u00f1a &#8902; Una y Mil Letras","isPartOf":{"@id":"http:\/\/unaymilletras.com\/#website"},"primaryImageOfPage":{"@id":"https:\/\/unaymilletras.com\/tiago-pzk-trae-su-gotti-a-tour-a-espana\/#primaryimage"},"image":{"@id":"https:\/\/unaymilletras.com\/tiago-pzk-trae-su-gotti-a-tour-a-espana\/#primaryimage"},"thumbnailUrl":"https:\/\/unaymilletras.com\/wp-content\/uploads\/2024\/10\/ASSET.jpeg","datePublished":"2024-10-01T16:48:56+00:00","dateModified":"2024-10-01T16:54:49+00:00","description":"Espa\u00f1a y Barcelona son las ciudades elegidas por Tiago PZK para actuar el 14 y 16 de febrero para ver a miles de fans...","breadcrumb":{"@id":"https:\/\/unaymilletras.com\/tiago-pzk-trae-su-gotti-a-tour-a-espana\/#breadcrumb"},"inLanguage":"en-GB","potentialAction":[{"@type":"ReadAction","target":["https:\/\/unaymilletras.com\/tiago-pzk-trae-su-gotti-a-tour-a-espana\/"]}]},{"@type":"ImageObject","inLanguage":"en-GB","@id":"https:\/\/unaymilletras.com\/tiago-pzk-trae-su-gotti-a-tour-a-espana\/#primaryimage","url":"https:\/\/unaymilletras.com\/wp-content\/uploads\/2024\/10\/ASSET.jpeg","contentUrl":"https:\/\/unaymilletras.com\/wp-content\/uploads\/2024\/10\/ASSET.jpeg","width":900,"height":1600},{"@type":"BreadcrumbList","@id":"https:\/\/unaymilletras.com\/tiago-pzk-trae-su-gotti-a-tour-a-espana\/#breadcrumb","itemListElement":[{"@type":"ListItem","position":1,"name":"Home","item":"http:\/\/unaymilletras.com\/"},{"@type":"ListItem","position":2,"name":"Tiago PZK trae su GOTTI A TOUR a Espa\u00f1a"}]},{"@type":"WebSite","@id":"http:\/\/unaymilletras.com\/#website","url":"http:\/\/unaymilletras.com\/","name":"Una y Mil Letras","description":"","publisher":{"@id":"http:\/\/unaymilletras.com\/#organization"},"potentialAction":[{"@type":"SearchAction","target":{"@type":"EntryPoint","urlTemplate":"http:\/\/unaymilletras.com\/?s={search_term_string}"},"query-input":{"@type":"PropertyValueSpecification","valueRequired":true,"valueName":"search_term_string"}}],"inLanguage":"en-GB"},{"@type":"Organization","@id":"http:\/\/unaymilletras.com\/#organization","name":"Una y Mil Letras","url":"http:\/\/unaymilletras.com\/","logo":{"@type":"ImageObject","inLanguage":"en-GB","@id":"http:\/\/unaymilletras.com\/#\/schema\/logo\/image\/","url":"https:\/\/unaymilletras.com\/wp-content\/uploads\/2024\/06\/cropped-Logo-removebg-preview.png","contentUrl":"https:\/\/unaymilletras.com\/wp-content\/uploads\/2024\/06\/cropped-Logo-removebg-preview.png","width":512,"height":512,"caption":"Una y Mil Letras"},"image":{"@id":"http:\/\/unaymilletras.com\/#\/schema\/logo\/image\/"},"sameAs":["https:\/\/x.com\/UnaYMilLetras","https:\/\/instagram.com\/UnaYMilLetras"]},{"@type":"Person","@id":"http:\/\/unaymilletras.com\/#\/schema\/person\/d55ba681b8a4e463d8982dbe36a5dc94","name":"Maria Gil Robledo","image":{"@type":"ImageObject","inLanguage":"en-GB","@id":"https:\/\/secure.gravatar.com\/avatar\/4b8e5102e0015789407eb4870b12f0f2857952d83ca124058f92b764bd1840c3?s=96&d=mm&r=g","url":"https:\/\/secure.gravatar.com\/avatar\/4b8e5102e0015789407eb4870b12f0f2857952d83ca124058f92b764bd1840c3?s=96&d=mm&r=g","contentUrl":"https:\/\/secure.gravatar.com\/avatar\/4b8e5102e0015789407eb4870b12f0f2857952d83ca124058f92b764bd1840c3?s=96&d=mm&r=g","caption":"Maria Gil Robledo"},"sameAs":["http:\/\/unaymilletras.com"],"url":"https:\/\/unaymilletras.com\/en\/author\/mariiagiil02_\/"}]}},"_links":{"self":[{"href":"https:\/\/unaymilletras.com\/en\/wp-json\/wp\/v2\/posts\/3091","targetHints":{"allow":["GET"]}}],"collection":[{"href":"https:\/\/unaymilletras.com\/en\/wp-json\/wp\/v2\/posts"}],"about":[{"href":"https:\/\/unaymilletras.com\/en\/wp-json\/wp\/v2\/types\/post"}],"author":[{"embeddable":true,"href":"https:\/\/unaymilletras.com\/en\/wp-json\/wp\/v2\/users\/1"}],"replies":[{"embeddable":true,"href":"https:\/\/unaymilletras.com\/en\/wp-json\/wp\/v2\/comments?post=3091"}],"version-history":[{"count":5,"href":"https:\/\/unaymilletras.com\/en\/wp-json\/wp\/v2\/posts\/3091\/revisions"}],"predecessor-version":[{"id":3099,"href":"https:\/\/unaymilletras.com\/en\/wp-json\/wp\/v2\/posts\/3091\/revisions\/3099"}],"wp:featuredmedia":[{"embeddable":true,"href":"https:\/\/unaymilletras.com\/en\/wp-json\/wp\/v2\/media\/3093"}],"wp:attachment":[{"href":"https:\/\/unaymilletras.com\/en\/wp-json\/wp\/v2\/media?parent=3091"}],"wp:term":[{"taxonomy":"category","embeddable":true,"href":"https:\/\/unaymilletras.com\/en\/wp-json\/wp\/v2\/categories?post=3091"},{"taxonomy":"post_tag","embeddable":true,"href":"https:\/\/unaymilletras.com\/en\/wp-json\/wp\/v2\/tags?post=3091"}],"curies":[{"name":"wp","href":"https:\/\/api.w.org\/{rel}","templated":true}]}}