{"id":312,"date":"2023-03-09T12:51:02","date_gmt":"2023-03-09T12:51:02","guid":{"rendered":"https:\/\/unaymilletras.wordpress.com\/?p=312"},"modified":"2023-05-06T14:08:05","modified_gmt":"2023-05-06T14:08:05","slug":"no-voy-a-llorar-nicki-nicole","status":"publish","type":"post","link":"https:\/\/unaymilletras.com\/en\/no-voy-a-llorar-nicki-nicole\/","title":{"rendered":"No voy a llorar, Nicki Nicole"},"content":{"rendered":"<p class=\"has-text-align-center has-large-font-size\"><em>El primer alma del disco de Nicki Nicole ya tiene fecha de salida<\/em><\/p>\n\n\n\n<p class=\"has-text-align-justify has-small-font-size\">Hoy se podr\u00e1 escuchar el nuevo tema de <strong><a href=\"https:\/\/open.spotify.com\/artist\/2UZIAOlrnyZmyzt1nuXr9y?si=YvDIl3ndQOuooJ--jZ6aug\">Nicki Nicole<\/a><\/strong>. El <strong>9 de marzo<\/strong> de madrugada ver\u00e1 la luz este nuevo sencillo de la artista, que formar\u00e1 parte de su nuevo \u00e1lbum, el cual a\u00fan no se sabe cu\u00e1ndo saldr\u00e1. <em><strong><a href=\"https:\/\/nickinicole.lnk.to\/NOvoyallorar_ps\">NO voy a llorar :&#8217;)<\/a><\/strong><\/em> es el t\u00edtulo que recibe. <\/p>\n\n\n\n<p class=\"has-small-font-size\"><strong>HORARIOS:<br><\/strong>ESP 1 AM \ud83c\uddea\ud83c\uddf8<br>ARG 9 PM \ud83c\udde6\ud83c\uddf7<br>MEX 6 PM \ud83c\uddf2\ud83c\uddfd<br>USA 7 PM (East) \ud83c\uddfa\ud83c\uddf8<\/p>\n\n\n\n<p class=\"has-text-align-justify has-small-font-size\">Despu\u00e9s de que Nicki filtrase una parte de uno de sus nuevos temas en un Live de <a href=\"https:\/\/www.instagram.com\/nicki.nicole\/\">Instagram<\/a>. Poco despu\u00e9s de que terminase public\u00f3 en esta misma red social el nombre de la canci\u00f3n junto a un carrusel de fotos y v\u00eddeos referentes al anuncio. <\/p>\n\n\n\n<p class=\"has-text-align-justify has-small-font-size\">En la primera de la im\u00e1genes se puede ver c\u00f3mo hay una nota escrita por ella que dice \u00abNo espero que entiendas mi equilibrio, para pisar sobre seguro necesito temblor. Solo as\u00ed intuyo el poder de lo estable, solo ese miedo me sabe a realidad\u00bb y tiene el t\u00edtulo de <strong>ALMA 1<\/strong>. Con ello podemos deducir que cada una de las canciones ser\u00e1n almas. Por \u00faltimo, en este carrusel se encontraba un v\u00eddeo en el que se puede leer <strong>\u00abDISCO 2023\u00bb<\/strong>, lo que confirma que su pr\u00f3ximo trabajo saldr\u00e1 este a\u00f1o.<\/p>\n\n\n\n<div class=\"wp-block-columns is-layout-flex wp-container-core-columns-is-layout-28f84493 wp-block-columns-is-layout-flex\">\n<div class=\"wp-block-column is-layout-flow wp-block-column-is-layout-flow\">\n<figure class=\"wp-block-embed is-type-rich is-provider-instagram wp-block-embed-instagram\"><div class=\"wp-block-embed__wrapper\">\nhttps:\/\/www.instagram.com\/p\/Cpd1hpyuOOG\/?utm_source=ig_web_copy_link\n<\/div><\/figure>\n<\/div>\n\n\n\n<div class=\"wp-block-column is-layout-flow wp-block-column-is-layout-flow\">\n<blockquote class=\"wp-block-quote is-layout-flow wp-block-quote-is-layout-flow\">\n<p><br><br><br><br><br><br><br>\u00abEsta canci\u00f3n son mis emociones sin miedo, el primer corte de lo que fue abrir mi alma hacia la m\u00fasica, sanar a trav\u00e9s de ella, y ahora poder compartirlo con ustedes\u00bb.<\/p>\n<cite>Nicki Nicole v\u00eda Instagram<br><br><br><br><br><br><br><br><br><\/cite><\/blockquote>\n<\/div>\n<\/div>","protected":false},"excerpt":{"rendered":"<p>El primer alma del disco de Nicki Nicole ya tiene fecha de salida Hoy se podr\u00e1 escuchar el nuevo tema de Nicki Nicole. El 9 de marzo de madrugada ver\u00e1 la luz este nuevo sencillo de la artista, que formar\u00e1 parte de su nuevo \u00e1lbum, el cual a\u00fan no se sabe cu\u00e1ndo saldr\u00e1. NO voy [&hellip;]<\/p>\n","protected":false},"author":1,"featured_media":333,"comment_status":"open","ping_status":"open","sticky":false,"template":"","format":"standard","meta":{"footnotes":""},"categories":[4],"tags":[],"class_list":["post-312","post","type-post","status-publish","format-standard","has-post-thumbnail","hentry","category-musica"],"yoast_head":"<!-- This site is optimized with the Yoast SEO plugin v27.4 - https:\/\/yoast.com\/product\/yoast-seo-wordpress\/ -->\n<title>No voy a llorar, Nicki Nicole &#8902; Una y Mil Letras<\/title>\n<meta name=\"robots\" content=\"index, follow, max-snippet:-1, max-image-preview:large, max-video-preview:-1\" \/>\n<link rel=\"canonical\" href=\"https:\/\/unaymilletras.com\/en\/no-voy-a-llorar-nicki-nicole\/\" \/>\n<meta property=\"og:locale\" content=\"en_GB\" \/>\n<meta property=\"og:type\" content=\"article\" \/>\n<meta property=\"og:title\" content=\"No voy a llorar, Nicki Nicole &#8902; Una y Mil Letras\" \/>\n<meta property=\"og:description\" content=\"El primer alma del disco de Nicki Nicole ya tiene fecha de salida Hoy se podr\u00e1 escuchar el nuevo tema de Nicki Nicole. El 9 de marzo de madrugada ver\u00e1 la luz este nuevo sencillo de la artista, que formar\u00e1 parte de su nuevo \u00e1lbum, el cual a\u00fan no se sabe cu\u00e1ndo saldr\u00e1. NO voy [&hellip;]\" \/>\n<meta property=\"og:url\" content=\"https:\/\/unaymilletras.com\/en\/no-voy-a-llorar-nicki-nicole\/\" \/>\n<meta property=\"og:site_name\" content=\"Una y Mil Letras\" \/>\n<meta property=\"article:published_time\" content=\"2023-03-09T12:51:02+00:00\" \/>\n<meta property=\"article:modified_time\" content=\"2023-05-06T14:08:05+00:00\" \/>\n<meta property=\"og:image\" content=\"https:\/\/unaymilletras.com\/wp-content\/uploads\/2023\/03\/fqqgyfrxoamxtep-e1679261636904.jpeg\" \/>\n\t<meta property=\"og:image:width\" content=\"600\" \/>\n\t<meta property=\"og:image:height\" content=\"593\" \/>\n\t<meta property=\"og:image:type\" content=\"image\/jpeg\" \/>\n<meta name=\"author\" content=\"Maria Gil Robledo\" \/>\n<meta name=\"twitter:card\" content=\"summary_large_image\" \/>\n<meta name=\"twitter:creator\" content=\"@UnaYMilLetras\" \/>\n<meta name=\"twitter:site\" content=\"@UnaYMilLetras\" \/>\n<meta name=\"twitter:label1\" content=\"Written by\" \/>\n\t<meta name=\"twitter:data1\" content=\"Maria Gil Robledo\" \/>\n\t<meta name=\"twitter:label2\" content=\"Estimated reading time\" \/>\n\t<meta name=\"twitter:data2\" content=\"1 minute\" \/>\n<script type=\"application\/ld+json\" class=\"yoast-schema-graph\">{\"@context\":\"https:\\\/\\\/schema.org\",\"@graph\":[{\"@type\":\"Article\",\"@id\":\"https:\\\/\\\/unaymilletras.com\\\/no-voy-a-llorar-nicki-nicole\\\/#article\",\"isPartOf\":{\"@id\":\"https:\\\/\\\/unaymilletras.com\\\/no-voy-a-llorar-nicki-nicole\\\/\"},\"author\":{\"name\":\"Maria Gil Robledo\",\"@id\":\"http:\\\/\\\/unaymilletras.com\\\/#\\\/schema\\\/person\\\/d55ba681b8a4e463d8982dbe36a5dc94\"},\"headline\":\"No voy a llorar, Nicki Nicole\",\"datePublished\":\"2023-03-09T12:51:02+00:00\",\"dateModified\":\"2023-05-06T14:08:05+00:00\",\"mainEntityOfPage\":{\"@id\":\"https:\\\/\\\/unaymilletras.com\\\/no-voy-a-llorar-nicki-nicole\\\/\"},\"wordCount\":277,\"commentCount\":0,\"publisher\":{\"@id\":\"http:\\\/\\\/unaymilletras.com\\\/#organization\"},\"image\":{\"@id\":\"https:\\\/\\\/unaymilletras.com\\\/no-voy-a-llorar-nicki-nicole\\\/#primaryimage\"},\"thumbnailUrl\":\"https:\\\/\\\/unaymilletras.com\\\/wp-content\\\/uploads\\\/2023\\\/03\\\/fqqgyfrxoamxtep-e1679261636904.jpeg\",\"articleSection\":[\"M\u00fasica\"],\"inLanguage\":\"en-GB\",\"potentialAction\":[{\"@type\":\"CommentAction\",\"name\":\"Comment\",\"target\":[\"https:\\\/\\\/unaymilletras.com\\\/no-voy-a-llorar-nicki-nicole\\\/#respond\"]}]},{\"@type\":\"WebPage\",\"@id\":\"https:\\\/\\\/unaymilletras.com\\\/no-voy-a-llorar-nicki-nicole\\\/\",\"url\":\"https:\\\/\\\/unaymilletras.com\\\/no-voy-a-llorar-nicki-nicole\\\/\",\"name\":\"No voy a llorar, Nicki Nicole &#8902; Una y Mil Letras\",\"isPartOf\":{\"@id\":\"http:\\\/\\\/unaymilletras.com\\\/#website\"},\"primaryImageOfPage\":{\"@id\":\"https:\\\/\\\/unaymilletras.com\\\/no-voy-a-llorar-nicki-nicole\\\/#primaryimage\"},\"image\":{\"@id\":\"https:\\\/\\\/unaymilletras.com\\\/no-voy-a-llorar-nicki-nicole\\\/#primaryimage\"},\"thumbnailUrl\":\"https:\\\/\\\/unaymilletras.com\\\/wp-content\\\/uploads\\\/2023\\\/03\\\/fqqgyfrxoamxtep-e1679261636904.jpeg\",\"datePublished\":\"2023-03-09T12:51:02+00:00\",\"dateModified\":\"2023-05-06T14:08:05+00:00\",\"breadcrumb\":{\"@id\":\"https:\\\/\\\/unaymilletras.com\\\/no-voy-a-llorar-nicki-nicole\\\/#breadcrumb\"},\"inLanguage\":\"en-GB\",\"potentialAction\":[{\"@type\":\"ReadAction\",\"target\":[\"https:\\\/\\\/unaymilletras.com\\\/no-voy-a-llorar-nicki-nicole\\\/\"]}]},{\"@type\":\"ImageObject\",\"inLanguage\":\"en-GB\",\"@id\":\"https:\\\/\\\/unaymilletras.com\\\/no-voy-a-llorar-nicki-nicole\\\/#primaryimage\",\"url\":\"https:\\\/\\\/unaymilletras.com\\\/wp-content\\\/uploads\\\/2023\\\/03\\\/fqqgyfrxoamxtep-e1679261636904.jpeg\",\"contentUrl\":\"https:\\\/\\\/unaymilletras.com\\\/wp-content\\\/uploads\\\/2023\\\/03\\\/fqqgyfrxoamxtep-e1679261636904.jpeg\",\"width\":600,\"height\":593},{\"@type\":\"BreadcrumbList\",\"@id\":\"https:\\\/\\\/unaymilletras.com\\\/no-voy-a-llorar-nicki-nicole\\\/#breadcrumb\",\"itemListElement\":[{\"@type\":\"ListItem\",\"position\":1,\"name\":\"Home\",\"item\":\"http:\\\/\\\/unaymilletras.com\\\/\"},{\"@type\":\"ListItem\",\"position\":2,\"name\":\"No voy a llorar, Nicki Nicole\"}]},{\"@type\":\"WebSite\",\"@id\":\"http:\\\/\\\/unaymilletras.com\\\/#website\",\"url\":\"http:\\\/\\\/unaymilletras.com\\\/\",\"name\":\"Una y Mil Letras\",\"description\":\"\",\"publisher\":{\"@id\":\"http:\\\/\\\/unaymilletras.com\\\/#organization\"},\"potentialAction\":[{\"@type\":\"SearchAction\",\"target\":{\"@type\":\"EntryPoint\",\"urlTemplate\":\"http:\\\/\\\/unaymilletras.com\\\/?s={search_term_string}\"},\"query-input\":{\"@type\":\"PropertyValueSpecification\",\"valueRequired\":true,\"valueName\":\"search_term_string\"}}],\"inLanguage\":\"en-GB\"},{\"@type\":\"Organization\",\"@id\":\"http:\\\/\\\/unaymilletras.com\\\/#organization\",\"name\":\"Una y Mil Letras\",\"url\":\"http:\\\/\\\/unaymilletras.com\\\/\",\"logo\":{\"@type\":\"ImageObject\",\"inLanguage\":\"en-GB\",\"@id\":\"http:\\\/\\\/unaymilletras.com\\\/#\\\/schema\\\/logo\\\/image\\\/\",\"url\":\"https:\\\/\\\/unaymilletras.com\\\/wp-content\\\/uploads\\\/2024\\\/06\\\/cropped-Logo-removebg-preview.png\",\"contentUrl\":\"https:\\\/\\\/unaymilletras.com\\\/wp-content\\\/uploads\\\/2024\\\/06\\\/cropped-Logo-removebg-preview.png\",\"width\":512,\"height\":512,\"caption\":\"Una y Mil Letras\"},\"image\":{\"@id\":\"http:\\\/\\\/unaymilletras.com\\\/#\\\/schema\\\/logo\\\/image\\\/\"},\"sameAs\":[\"https:\\\/\\\/x.com\\\/UnaYMilLetras\",\"https:\\\/\\\/instagram.com\\\/UnaYMilLetras\"]},{\"@type\":\"Person\",\"@id\":\"http:\\\/\\\/unaymilletras.com\\\/#\\\/schema\\\/person\\\/d55ba681b8a4e463d8982dbe36a5dc94\",\"name\":\"Maria Gil Robledo\",\"image\":{\"@type\":\"ImageObject\",\"inLanguage\":\"en-GB\",\"@id\":\"https:\\\/\\\/secure.gravatar.com\\\/avatar\\\/4b8e5102e0015789407eb4870b12f0f2857952d83ca124058f92b764bd1840c3?s=96&d=mm&r=g\",\"url\":\"https:\\\/\\\/secure.gravatar.com\\\/avatar\\\/4b8e5102e0015789407eb4870b12f0f2857952d83ca124058f92b764bd1840c3?s=96&d=mm&r=g\",\"contentUrl\":\"https:\\\/\\\/secure.gravatar.com\\\/avatar\\\/4b8e5102e0015789407eb4870b12f0f2857952d83ca124058f92b764bd1840c3?s=96&d=mm&r=g\",\"caption\":\"Maria Gil Robledo\"},\"sameAs\":[\"http:\\\/\\\/unaymilletras.com\"],\"url\":\"https:\\\/\\\/unaymilletras.com\\\/en\\\/author\\\/mariiagiil02_\\\/\"}]}<\/script>\n<!-- \/ Yoast SEO plugin. -->","yoast_head_json":{"title":"No voy a llorar, Nicki Nicole &#8902; Una y Mil Letras","robots":{"index":"index","follow":"follow","max-snippet":"max-snippet:-1","max-image-preview":"max-image-preview:large","max-video-preview":"max-video-preview:-1"},"canonical":"https:\/\/unaymilletras.com\/en\/no-voy-a-llorar-nicki-nicole\/","og_locale":"en_GB","og_type":"article","og_title":"No voy a llorar, Nicki Nicole &#8902; Una y Mil Letras","og_description":"El primer alma del disco de Nicki Nicole ya tiene fecha de salida Hoy se podr\u00e1 escuchar el nuevo tema de Nicki Nicole. El 9 de marzo de madrugada ver\u00e1 la luz este nuevo sencillo de la artista, que formar\u00e1 parte de su nuevo \u00e1lbum, el cual a\u00fan no se sabe cu\u00e1ndo saldr\u00e1. NO voy [&hellip;]","og_url":"https:\/\/unaymilletras.com\/en\/no-voy-a-llorar-nicki-nicole\/","og_site_name":"Una y Mil Letras","article_published_time":"2023-03-09T12:51:02+00:00","article_modified_time":"2023-05-06T14:08:05+00:00","og_image":[{"width":600,"height":593,"url":"https:\/\/unaymilletras.com\/wp-content\/uploads\/2023\/03\/fqqgyfrxoamxtep-e1679261636904.jpeg","type":"image\/jpeg"}],"author":"Maria Gil Robledo","twitter_card":"summary_large_image","twitter_creator":"@UnaYMilLetras","twitter_site":"@UnaYMilLetras","twitter_misc":{"Written by":"Maria Gil Robledo","Estimated reading time":"1 minute"},"schema":{"@context":"https:\/\/schema.org","@graph":[{"@type":"Article","@id":"https:\/\/unaymilletras.com\/no-voy-a-llorar-nicki-nicole\/#article","isPartOf":{"@id":"https:\/\/unaymilletras.com\/no-voy-a-llorar-nicki-nicole\/"},"author":{"name":"Maria Gil Robledo","@id":"http:\/\/unaymilletras.com\/#\/schema\/person\/d55ba681b8a4e463d8982dbe36a5dc94"},"headline":"No voy a llorar, Nicki Nicole","datePublished":"2023-03-09T12:51:02+00:00","dateModified":"2023-05-06T14:08:05+00:00","mainEntityOfPage":{"@id":"https:\/\/unaymilletras.com\/no-voy-a-llorar-nicki-nicole\/"},"wordCount":277,"commentCount":0,"publisher":{"@id":"http:\/\/unaymilletras.com\/#organization"},"image":{"@id":"https:\/\/unaymilletras.com\/no-voy-a-llorar-nicki-nicole\/#primaryimage"},"thumbnailUrl":"https:\/\/unaymilletras.com\/wp-content\/uploads\/2023\/03\/fqqgyfrxoamxtep-e1679261636904.jpeg","articleSection":["M\u00fasica"],"inLanguage":"en-GB","potentialAction":[{"@type":"CommentAction","name":"Comment","target":["https:\/\/unaymilletras.com\/no-voy-a-llorar-nicki-nicole\/#respond"]}]},{"@type":"WebPage","@id":"https:\/\/unaymilletras.com\/no-voy-a-llorar-nicki-nicole\/","url":"https:\/\/unaymilletras.com\/no-voy-a-llorar-nicki-nicole\/","name":"No voy a llorar, Nicki Nicole &#8902; Una y Mil Letras","isPartOf":{"@id":"http:\/\/unaymilletras.com\/#website"},"primaryImageOfPage":{"@id":"https:\/\/unaymilletras.com\/no-voy-a-llorar-nicki-nicole\/#primaryimage"},"image":{"@id":"https:\/\/unaymilletras.com\/no-voy-a-llorar-nicki-nicole\/#primaryimage"},"thumbnailUrl":"https:\/\/unaymilletras.com\/wp-content\/uploads\/2023\/03\/fqqgyfrxoamxtep-e1679261636904.jpeg","datePublished":"2023-03-09T12:51:02+00:00","dateModified":"2023-05-06T14:08:05+00:00","breadcrumb":{"@id":"https:\/\/unaymilletras.com\/no-voy-a-llorar-nicki-nicole\/#breadcrumb"},"inLanguage":"en-GB","potentialAction":[{"@type":"ReadAction","target":["https:\/\/unaymilletras.com\/no-voy-a-llorar-nicki-nicole\/"]}]},{"@type":"ImageObject","inLanguage":"en-GB","@id":"https:\/\/unaymilletras.com\/no-voy-a-llorar-nicki-nicole\/#primaryimage","url":"https:\/\/unaymilletras.com\/wp-content\/uploads\/2023\/03\/fqqgyfrxoamxtep-e1679261636904.jpeg","contentUrl":"https:\/\/unaymilletras.com\/wp-content\/uploads\/2023\/03\/fqqgyfrxoamxtep-e1679261636904.jpeg","width":600,"height":593},{"@type":"BreadcrumbList","@id":"https:\/\/unaymilletras.com\/no-voy-a-llorar-nicki-nicole\/#breadcrumb","itemListElement":[{"@type":"ListItem","position":1,"name":"Home","item":"http:\/\/unaymilletras.com\/"},{"@type":"ListItem","position":2,"name":"No voy a llorar, Nicki Nicole"}]},{"@type":"WebSite","@id":"http:\/\/unaymilletras.com\/#website","url":"http:\/\/unaymilletras.com\/","name":"Una y Mil Letras","description":"","publisher":{"@id":"http:\/\/unaymilletras.com\/#organization"},"potentialAction":[{"@type":"SearchAction","target":{"@type":"EntryPoint","urlTemplate":"http:\/\/unaymilletras.com\/?s={search_term_string}"},"query-input":{"@type":"PropertyValueSpecification","valueRequired":true,"valueName":"search_term_string"}}],"inLanguage":"en-GB"},{"@type":"Organization","@id":"http:\/\/unaymilletras.com\/#organization","name":"Una y Mil Letras","url":"http:\/\/unaymilletras.com\/","logo":{"@type":"ImageObject","inLanguage":"en-GB","@id":"http:\/\/unaymilletras.com\/#\/schema\/logo\/image\/","url":"https:\/\/unaymilletras.com\/wp-content\/uploads\/2024\/06\/cropped-Logo-removebg-preview.png","contentUrl":"https:\/\/unaymilletras.com\/wp-content\/uploads\/2024\/06\/cropped-Logo-removebg-preview.png","width":512,"height":512,"caption":"Una y Mil Letras"},"image":{"@id":"http:\/\/unaymilletras.com\/#\/schema\/logo\/image\/"},"sameAs":["https:\/\/x.com\/UnaYMilLetras","https:\/\/instagram.com\/UnaYMilLetras"]},{"@type":"Person","@id":"http:\/\/unaymilletras.com\/#\/schema\/person\/d55ba681b8a4e463d8982dbe36a5dc94","name":"Maria Gil Robledo","image":{"@type":"ImageObject","inLanguage":"en-GB","@id":"https:\/\/secure.gravatar.com\/avatar\/4b8e5102e0015789407eb4870b12f0f2857952d83ca124058f92b764bd1840c3?s=96&d=mm&r=g","url":"https:\/\/secure.gravatar.com\/avatar\/4b8e5102e0015789407eb4870b12f0f2857952d83ca124058f92b764bd1840c3?s=96&d=mm&r=g","contentUrl":"https:\/\/secure.gravatar.com\/avatar\/4b8e5102e0015789407eb4870b12f0f2857952d83ca124058f92b764bd1840c3?s=96&d=mm&r=g","caption":"Maria Gil Robledo"},"sameAs":["http:\/\/unaymilletras.com"],"url":"https:\/\/unaymilletras.com\/en\/author\/mariiagiil02_\/"}]}},"_links":{"self":[{"href":"https:\/\/unaymilletras.com\/en\/wp-json\/wp\/v2\/posts\/312","targetHints":{"allow":["GET"]}}],"collection":[{"href":"https:\/\/unaymilletras.com\/en\/wp-json\/wp\/v2\/posts"}],"about":[{"href":"https:\/\/unaymilletras.com\/en\/wp-json\/wp\/v2\/types\/post"}],"author":[{"embeddable":true,"href":"https:\/\/unaymilletras.com\/en\/wp-json\/wp\/v2\/users\/1"}],"replies":[{"embeddable":true,"href":"https:\/\/unaymilletras.com\/en\/wp-json\/wp\/v2\/comments?post=312"}],"version-history":[{"count":1,"href":"https:\/\/unaymilletras.com\/en\/wp-json\/wp\/v2\/posts\/312\/revisions"}],"predecessor-version":[{"id":549,"href":"https:\/\/unaymilletras.com\/en\/wp-json\/wp\/v2\/posts\/312\/revisions\/549"}],"wp:featuredmedia":[{"embeddable":true,"href":"https:\/\/unaymilletras.com\/en\/wp-json\/wp\/v2\/media\/333"}],"wp:attachment":[{"href":"https:\/\/unaymilletras.com\/en\/wp-json\/wp\/v2\/media?parent=312"}],"wp:term":[{"taxonomy":"category","embeddable":true,"href":"https:\/\/unaymilletras.com\/en\/wp-json\/wp\/v2\/categories?post=312"},{"taxonomy":"post_tag","embeddable":true,"href":"https:\/\/unaymilletras.com\/en\/wp-json\/wp\/v2\/tags?post=312"}],"curies":[{"name":"wp","href":"https:\/\/api.w.org\/{rel}","templated":true}]}}