{"id":3126,"date":"2024-10-08T00:21:17","date_gmt":"2024-10-07T22:21:17","guid":{"rendered":"https:\/\/unaymilletras.com\/?p=3126"},"modified":"2024-10-08T00:26:00","modified_gmt":"2024-10-07T22:26:00","slug":"milo-j-regresa-con-dos-conciertos-a-espana","status":"publish","type":"post","link":"https:\/\/unaymilletras.com\/en\/milo-j-regresa-con-dos-conciertos-a-espana\/","title":{"rendered":"Milo J regresa con dos conciertos a Espa\u00f1a"},"content":{"rendered":"<div data-elementor-type=\"wp-post\" data-elementor-id=\"3126\" class=\"elementor elementor-3126\">\n\t\t\t\t\t\t<section class=\"elementor-section elementor-top-section elementor-element elementor-element-483141a elementor-section-boxed elementor-section-height-default elementor-section-height-default\" data-id=\"483141a\" data-element_type=\"section\" data-e-type=\"section\">\n\t\t\t\t\t\t<div class=\"elementor-container elementor-column-gap-default\">\n\t\t\t\t\t<div class=\"elementor-column elementor-col-100 elementor-top-column elementor-element elementor-element-e119782\" data-id=\"e119782\" data-element_type=\"column\" data-e-type=\"column\">\n\t\t\t<div class=\"elementor-widget-wrap elementor-element-populated\">\n\t\t\t\t\t\t<div class=\"elementor-element elementor-element-8f7f859 elementor-widget elementor-widget-text-editor\" data-id=\"8f7f859\" data-element_type=\"widget\" data-e-type=\"widget\" data-widget_type=\"text-editor.default\">\n\t\t\t\t<div class=\"elementor-widget-container\">\n\t\t\t\t\t\t\t\t\t<h2 style=\"text-align: center;\"><span style=\"color: #808080;\"><em>Madrid y Barcelona acoger\u00e1n un a\u00f1o m\u00e1s a Milo J con su nuevo show y nuevas canciones, dispuesto a conquistar a Espa\u00f1a nuevamente<\/em><\/span><\/h2>\t\t\t\t\t\t\t\t<\/div>\n\t\t\t\t<\/div>\n\t\t\t\t\t<\/div>\n\t\t<\/div>\n\t\t\t\t\t<\/div>\n\t\t<\/section>\n\t\t\t\t<section class=\"elementor-section elementor-top-section elementor-element elementor-element-f80e1d4 elementor-section-boxed elementor-section-height-default elementor-section-height-default\" data-id=\"f80e1d4\" data-element_type=\"section\" data-e-type=\"section\">\n\t\t\t\t\t\t<div class=\"elementor-container elementor-column-gap-default\">\n\t\t\t\t\t<div class=\"elementor-column elementor-col-100 elementor-top-column elementor-element elementor-element-0fb8ba3\" data-id=\"0fb8ba3\" data-element_type=\"column\" data-e-type=\"column\">\n\t\t\t<div class=\"elementor-widget-wrap elementor-element-populated\">\n\t\t\t\t\t\t<div class=\"elementor-element elementor-element-769fbb0 elementor-widget elementor-widget-text-editor\" data-id=\"769fbb0\" data-element_type=\"widget\" data-e-type=\"widget\" data-widget_type=\"text-editor.default\">\n\t\t\t\t<div class=\"elementor-widget-container\">\n\t\t\t\t\t\t\t\t\t<p>El argentino Milo J acaba de anunciar dos nuevos shows en Espa\u00f1a para enero de 2025. El Palau Sant Jordi y el WiZink Center recibir\u00e1n al artista el 18 y 19 de enero respectivamente. Las entradas saldr\u00e1n a la venta el pr\u00f3ximo 9 de octubre a las 16h en Livenation.es y Ticketmaster.<\/p>\t\t\t\t\t\t\t\t<\/div>\n\t\t\t\t<\/div>\n\t\t\t\t\t<\/div>\n\t\t<\/div>\n\t\t\t\t\t<\/div>\n\t\t<\/section>\n\t\t\t\t<section class=\"elementor-section elementor-top-section elementor-element elementor-element-35b66d7 elementor-section-boxed elementor-section-height-default elementor-section-height-default\" data-id=\"35b66d7\" data-element_type=\"section\" data-e-type=\"section\">\n\t\t\t\t\t\t<div class=\"elementor-container elementor-column-gap-default\">\n\t\t\t\t\t<div class=\"elementor-column elementor-col-50 elementor-top-column elementor-element elementor-element-2f1aead\" data-id=\"2f1aead\" data-element_type=\"column\" data-e-type=\"column\">\n\t\t\t<div class=\"elementor-widget-wrap elementor-element-populated\">\n\t\t\t\t\t\t<div class=\"elementor-element elementor-element-fe52c2a elementor-widget elementor-widget-text-editor\" data-id=\"fe52c2a\" data-element_type=\"widget\" data-e-type=\"widget\" data-widget_type=\"text-editor.default\">\n\t\t\t\t<div class=\"elementor-widget-container\">\n\t\t\t\t\t\t\t\t\t<p>Los precios de las entradas ser\u00e1n desde 36\u20ac (sin incluir gastos de distribuci\u00f3n). Adem\u00e1s, ya est\u00e1 la preventa activa para todos aquellos que est\u00e9n registrados en la web de <span style=\"color: #808080;\"><a style=\"color: #808080;\" href=\"https:\/\/www.livenation.es\/show\/1521381\/milo-j\/madrid\/2025-01-19\/es\">Live Nation<\/a><\/span> o sean clientes del banco Santander.<\/p><p>Estos dos nuevos conciertos ser\u00e1n los m\u00e1s grandes de Milo J en Espa\u00f1a hasta la fecha. Adem\u00e1s, el argentino est\u00e1 a menos de 20 d\u00edas de actuar en el Estadio Mor\u00f3n de Argentina, todo un logro tambi\u00e9n en su pa\u00eds. Ahora, con casi 15 millones de oyentes mensuales Milo J est\u00e1 dispuesto a conquistar a m\u00e1s de 30.000 personas en dos de las ciudades espa\u00f1olas m\u00e1s importantes.<\/p>\t\t\t\t\t\t\t\t<\/div>\n\t\t\t\t<\/div>\n\t\t\t\t\t<\/div>\n\t\t<\/div>\n\t\t\t\t<div class=\"elementor-column elementor-col-50 elementor-top-column elementor-element elementor-element-8cbfa43\" data-id=\"8cbfa43\" data-element_type=\"column\" data-e-type=\"column\">\n\t\t\t<div class=\"elementor-widget-wrap elementor-element-populated\">\n\t\t\t\t\t\t<div class=\"elementor-element elementor-element-e4b93f2 elementor-widget elementor-widget-image\" data-id=\"e4b93f2\" data-element_type=\"widget\" data-e-type=\"widget\" data-widget_type=\"image.default\">\n\t\t\t\t<div class=\"elementor-widget-container\">\n\t\t\t\t\t\t\t\t\t\t\t\t\t\t\t<img fetchpriority=\"high\" decoding=\"async\" width=\"400\" height=\"566\" src=\"https:\/\/unaymilletras.com\/wp-content\/uploads\/2024\/10\/Imagen-1.png\" class=\"attachment-large size-large wp-image-3128\" alt=\"Milo J\" srcset=\"https:\/\/unaymilletras.com\/wp-content\/uploads\/2024\/10\/Imagen-1.png 400w, https:\/\/unaymilletras.com\/wp-content\/uploads\/2024\/10\/Imagen-1-212x300.png 212w, https:\/\/unaymilletras.com\/wp-content\/uploads\/2024\/10\/Imagen-1-8x12.png 8w\" sizes=\"(max-width: 400px) 100vw, 400px\" \/>\t\t\t\t\t\t\t\t\t\t\t\t\t\t\t<\/div>\n\t\t\t\t<\/div>\n\t\t\t\t\t<\/div>\n\t\t<\/div>\n\t\t\t\t\t<\/div>\n\t\t<\/section>\n\t\t\t\t<section class=\"elementor-section elementor-top-section elementor-element elementor-element-ac6aaa2 elementor-section-boxed elementor-section-height-default elementor-section-height-default\" data-id=\"ac6aaa2\" data-element_type=\"section\" data-e-type=\"section\">\n\t\t\t\t\t\t<div class=\"elementor-container elementor-column-gap-default\">\n\t\t\t\t\t<div class=\"elementor-column elementor-col-100 elementor-top-column elementor-element elementor-element-1026046\" data-id=\"1026046\" data-element_type=\"column\" data-e-type=\"column\">\n\t\t\t<div class=\"elementor-widget-wrap elementor-element-populated\">\n\t\t\t\t\t\t<div class=\"elementor-element elementor-element-941f6e6 elementor-widget elementor-widget-text-editor\" data-id=\"941f6e6\" data-element_type=\"widget\" data-e-type=\"widget\" data-widget_type=\"text-editor.default\">\n\t\t\t\t<div class=\"elementor-widget-container\">\n\t\t\t\t\t\t\t\t\t<p>El a\u00f1o pasado, cuando visit\u00f3 el pa\u00eds, consigui\u00f3 agotar todas las entradas en su <a href=\"https:\/\/unaymilletras.com\/en\/milo-j-termina-su-gira-en-madrid-tras-emocionar-a-6-ciudades-espanolas\/\">concierto<\/a> en la capital. Ahora, la joven promesa pretende conquistar el coraz\u00f3n de m\u00e1s seguidores, present\u00e1ndoles su nueva m\u00fasica en directo. El argentino, que con tan solo 17 a\u00f1os se ha convertido en uno de los artistas latinoamericanos m\u00e1s exitosos pretende seguir rompiendo barreras en su ascenso imparable.<\/p><p>Milo J tambi\u00e9n cuenta con el apoyo de algunos artistas con los que ha colaborado y que ya tienen experiencia en los escenarios espa\u00f1oles. Nicki Nicole o Bizarrap son algunos de ellos. Ya solo queda esperar para poder escuchar sus temas en directo una vez m\u00e1s.<\/p>\t\t\t\t\t\t\t\t<\/div>\n\t\t\t\t<\/div>\n\t\t\t\t\t<\/div>\n\t\t<\/div>\n\t\t\t\t\t<\/div>\n\t\t<\/section>\n\t\t\t\t<section class=\"elementor-section elementor-top-section elementor-element elementor-element-96b6956 elementor-section-boxed elementor-section-height-default elementor-section-height-default\" data-id=\"96b6956\" data-element_type=\"section\" data-e-type=\"section\">\n\t\t\t\t\t\t<div class=\"elementor-container elementor-column-gap-default\">\n\t\t\t\t\t<div class=\"elementor-column elementor-col-100 elementor-top-column elementor-element elementor-element-6cf3a4d\" data-id=\"6cf3a4d\" data-element_type=\"column\" data-e-type=\"column\">\n\t\t\t<div class=\"elementor-widget-wrap elementor-element-populated\">\n\t\t\t\t\t\t<div class=\"elementor-element elementor-element-c48d6f3 elementor-widget elementor-widget-video\" data-id=\"c48d6f3\" data-element_type=\"widget\" data-e-type=\"widget\" data-settings=\"{&quot;youtube_url&quot;:&quot;https:\\\/\\\/www.youtube.com\\\/watch?v=3BdTNRISww0&amp;ab_channel=MILOJ&quot;,&quot;video_type&quot;:&quot;youtube&quot;,&quot;controls&quot;:&quot;yes&quot;}\" data-widget_type=\"video.default\">\n\t\t\t\t<div class=\"elementor-widget-container\">\n\t\t\t\t\t\t\t<div class=\"elementor-wrapper elementor-open-inline\">\n\t\t\t<div class=\"elementor-video\"><\/div>\t\t<\/div>\n\t\t\t\t\t\t<\/div>\n\t\t\t\t<\/div>\n\t\t\t\t\t<\/div>\n\t\t<\/div>\n\t\t\t\t\t<\/div>\n\t\t<\/section>\n\t\t\t\t<\/div>","protected":false},"excerpt":{"rendered":"<p>Madrid y Barcelona acoger\u00e1n un a\u00f1o m\u00e1s a Milo J con su nuevo show y nuevas canciones, dispuesto a conquistar a Espa\u00f1a nuevamente El argentino Milo J acaba de anunciar dos nuevos shows en Espa\u00f1a para enero de 2025. El Palau Sant Jordi y el WiZink Center recibir\u00e1n al artista el 18 y 19 de [&hellip;]<\/p>\n","protected":false},"author":1,"featured_media":3128,"comment_status":"open","ping_status":"open","sticky":false,"template":"","format":"standard","meta":{"footnotes":""},"categories":[4],"tags":[],"class_list":["post-3126","post","type-post","status-publish","format-standard","has-post-thumbnail","hentry","category-musica"],"yoast_head":"<!-- This site is optimized with the Yoast SEO plugin v27.4 - https:\/\/yoast.com\/product\/yoast-seo-wordpress\/ -->\n<title>Milo J regresa con dos conciertos a Espa\u00f1a &#8902; Una y Mil Letras<\/title>\n<meta name=\"description\" content=\"Madrid y Barcelona acoger\u00e1n un a\u00f1o m\u00e1s a Milo J con su nuevo show y nuevas canciones, dispuesto a conquistar a Espa\u00f1a nuevamente\" \/>\n<meta name=\"robots\" content=\"index, follow, max-snippet:-1, max-image-preview:large, max-video-preview:-1\" \/>\n<link rel=\"canonical\" href=\"https:\/\/unaymilletras.com\/en\/milo-j-regresa-con-dos-conciertos-a-espana\/\" \/>\n<meta property=\"og:locale\" content=\"en_GB\" \/>\n<meta property=\"og:type\" content=\"article\" \/>\n<meta property=\"og:title\" content=\"Milo J regresa con dos conciertos a Espa\u00f1a &#8902; Una y Mil Letras\" \/>\n<meta property=\"og:description\" content=\"Madrid y Barcelona acoger\u00e1n un a\u00f1o m\u00e1s a Milo J con su nuevo show y nuevas canciones, dispuesto a conquistar a Espa\u00f1a nuevamente\" \/>\n<meta property=\"og:url\" content=\"https:\/\/unaymilletras.com\/en\/milo-j-regresa-con-dos-conciertos-a-espana\/\" \/>\n<meta property=\"og:site_name\" content=\"Una y Mil Letras\" \/>\n<meta property=\"article:published_time\" content=\"2024-10-07T22:21:17+00:00\" \/>\n<meta property=\"article:modified_time\" content=\"2024-10-07T22:26:00+00:00\" \/>\n<meta property=\"og:image\" content=\"http:\/\/unaymilletras.com\/wp-content\/uploads\/2024\/10\/Imagen-1.png\" \/>\n\t<meta property=\"og:image:width\" content=\"400\" \/>\n\t<meta property=\"og:image:height\" content=\"566\" \/>\n\t<meta property=\"og:image:type\" content=\"image\/png\" \/>\n<meta name=\"author\" content=\"Maria Gil Robledo\" \/>\n<meta name=\"twitter:card\" content=\"summary_large_image\" \/>\n<meta name=\"twitter:creator\" content=\"@UnaYMilLetras\" \/>\n<meta name=\"twitter:site\" content=\"@UnaYMilLetras\" \/>\n<meta name=\"twitter:label1\" content=\"Written by\" \/>\n\t<meta name=\"twitter:data1\" content=\"Maria Gil Robledo\" \/>\n\t<meta name=\"twitter:label2\" content=\"Estimated reading time\" \/>\n\t<meta name=\"twitter:data2\" content=\"2 minutes\" \/>\n<script type=\"application\/ld+json\" class=\"yoast-schema-graph\">{\"@context\":\"https:\\\/\\\/schema.org\",\"@graph\":[{\"@type\":\"Article\",\"@id\":\"https:\\\/\\\/unaymilletras.com\\\/milo-j-regresa-con-dos-conciertos-a-espana\\\/#article\",\"isPartOf\":{\"@id\":\"https:\\\/\\\/unaymilletras.com\\\/milo-j-regresa-con-dos-conciertos-a-espana\\\/\"},\"author\":{\"name\":\"Maria Gil Robledo\",\"@id\":\"http:\\\/\\\/unaymilletras.com\\\/#\\\/schema\\\/person\\\/d55ba681b8a4e463d8982dbe36a5dc94\"},\"headline\":\"Milo J regresa con dos conciertos a Espa\u00f1a\",\"datePublished\":\"2024-10-07T22:21:17+00:00\",\"dateModified\":\"2024-10-07T22:26:00+00:00\",\"mainEntityOfPage\":{\"@id\":\"https:\\\/\\\/unaymilletras.com\\\/milo-j-regresa-con-dos-conciertos-a-espana\\\/\"},\"wordCount\":332,\"commentCount\":0,\"publisher\":{\"@id\":\"http:\\\/\\\/unaymilletras.com\\\/#organization\"},\"image\":{\"@id\":\"https:\\\/\\\/unaymilletras.com\\\/milo-j-regresa-con-dos-conciertos-a-espana\\\/#primaryimage\"},\"thumbnailUrl\":\"https:\\\/\\\/unaymilletras.com\\\/wp-content\\\/uploads\\\/2024\\\/10\\\/Imagen-1.png\",\"articleSection\":[\"M\u00fasica\"],\"inLanguage\":\"en-GB\",\"potentialAction\":[{\"@type\":\"CommentAction\",\"name\":\"Comment\",\"target\":[\"https:\\\/\\\/unaymilletras.com\\\/milo-j-regresa-con-dos-conciertos-a-espana\\\/#respond\"]}]},{\"@type\":\"WebPage\",\"@id\":\"https:\\\/\\\/unaymilletras.com\\\/milo-j-regresa-con-dos-conciertos-a-espana\\\/\",\"url\":\"https:\\\/\\\/unaymilletras.com\\\/milo-j-regresa-con-dos-conciertos-a-espana\\\/\",\"name\":\"Milo J regresa con dos conciertos a Espa\u00f1a &#8902; Una y Mil Letras\",\"isPartOf\":{\"@id\":\"http:\\\/\\\/unaymilletras.com\\\/#website\"},\"primaryImageOfPage\":{\"@id\":\"https:\\\/\\\/unaymilletras.com\\\/milo-j-regresa-con-dos-conciertos-a-espana\\\/#primaryimage\"},\"image\":{\"@id\":\"https:\\\/\\\/unaymilletras.com\\\/milo-j-regresa-con-dos-conciertos-a-espana\\\/#primaryimage\"},\"thumbnailUrl\":\"https:\\\/\\\/unaymilletras.com\\\/wp-content\\\/uploads\\\/2024\\\/10\\\/Imagen-1.png\",\"datePublished\":\"2024-10-07T22:21:17+00:00\",\"dateModified\":\"2024-10-07T22:26:00+00:00\",\"description\":\"Madrid y Barcelona acoger\u00e1n un a\u00f1o m\u00e1s a Milo J con su nuevo show y nuevas canciones, dispuesto a conquistar a Espa\u00f1a nuevamente\",\"breadcrumb\":{\"@id\":\"https:\\\/\\\/unaymilletras.com\\\/milo-j-regresa-con-dos-conciertos-a-espana\\\/#breadcrumb\"},\"inLanguage\":\"en-GB\",\"potentialAction\":[{\"@type\":\"ReadAction\",\"target\":[\"https:\\\/\\\/unaymilletras.com\\\/milo-j-regresa-con-dos-conciertos-a-espana\\\/\"]}]},{\"@type\":\"ImageObject\",\"inLanguage\":\"en-GB\",\"@id\":\"https:\\\/\\\/unaymilletras.com\\\/milo-j-regresa-con-dos-conciertos-a-espana\\\/#primaryimage\",\"url\":\"https:\\\/\\\/unaymilletras.com\\\/wp-content\\\/uploads\\\/2024\\\/10\\\/Imagen-1.png\",\"contentUrl\":\"https:\\\/\\\/unaymilletras.com\\\/wp-content\\\/uploads\\\/2024\\\/10\\\/Imagen-1.png\",\"width\":400,\"height\":566,\"caption\":\"Milo J\"},{\"@type\":\"BreadcrumbList\",\"@id\":\"https:\\\/\\\/unaymilletras.com\\\/milo-j-regresa-con-dos-conciertos-a-espana\\\/#breadcrumb\",\"itemListElement\":[{\"@type\":\"ListItem\",\"position\":1,\"name\":\"Home\",\"item\":\"http:\\\/\\\/unaymilletras.com\\\/\"},{\"@type\":\"ListItem\",\"position\":2,\"name\":\"Milo J regresa con dos conciertos a Espa\u00f1a\"}]},{\"@type\":\"WebSite\",\"@id\":\"http:\\\/\\\/unaymilletras.com\\\/#website\",\"url\":\"http:\\\/\\\/unaymilletras.com\\\/\",\"name\":\"Una y Mil Letras\",\"description\":\"\",\"publisher\":{\"@id\":\"http:\\\/\\\/unaymilletras.com\\\/#organization\"},\"potentialAction\":[{\"@type\":\"SearchAction\",\"target\":{\"@type\":\"EntryPoint\",\"urlTemplate\":\"http:\\\/\\\/unaymilletras.com\\\/?s={search_term_string}\"},\"query-input\":{\"@type\":\"PropertyValueSpecification\",\"valueRequired\":true,\"valueName\":\"search_term_string\"}}],\"inLanguage\":\"en-GB\"},{\"@type\":\"Organization\",\"@id\":\"http:\\\/\\\/unaymilletras.com\\\/#organization\",\"name\":\"Una y Mil Letras\",\"url\":\"http:\\\/\\\/unaymilletras.com\\\/\",\"logo\":{\"@type\":\"ImageObject\",\"inLanguage\":\"en-GB\",\"@id\":\"http:\\\/\\\/unaymilletras.com\\\/#\\\/schema\\\/logo\\\/image\\\/\",\"url\":\"https:\\\/\\\/unaymilletras.com\\\/wp-content\\\/uploads\\\/2024\\\/06\\\/cropped-Logo-removebg-preview.png\",\"contentUrl\":\"https:\\\/\\\/unaymilletras.com\\\/wp-content\\\/uploads\\\/2024\\\/06\\\/cropped-Logo-removebg-preview.png\",\"width\":512,\"height\":512,\"caption\":\"Una y Mil Letras\"},\"image\":{\"@id\":\"http:\\\/\\\/unaymilletras.com\\\/#\\\/schema\\\/logo\\\/image\\\/\"},\"sameAs\":[\"https:\\\/\\\/x.com\\\/UnaYMilLetras\",\"https:\\\/\\\/instagram.com\\\/UnaYMilLetras\"]},{\"@type\":\"Person\",\"@id\":\"http:\\\/\\\/unaymilletras.com\\\/#\\\/schema\\\/person\\\/d55ba681b8a4e463d8982dbe36a5dc94\",\"name\":\"Maria Gil Robledo\",\"image\":{\"@type\":\"ImageObject\",\"inLanguage\":\"en-GB\",\"@id\":\"https:\\\/\\\/secure.gravatar.com\\\/avatar\\\/4b8e5102e0015789407eb4870b12f0f2857952d83ca124058f92b764bd1840c3?s=96&d=mm&r=g\",\"url\":\"https:\\\/\\\/secure.gravatar.com\\\/avatar\\\/4b8e5102e0015789407eb4870b12f0f2857952d83ca124058f92b764bd1840c3?s=96&d=mm&r=g\",\"contentUrl\":\"https:\\\/\\\/secure.gravatar.com\\\/avatar\\\/4b8e5102e0015789407eb4870b12f0f2857952d83ca124058f92b764bd1840c3?s=96&d=mm&r=g\",\"caption\":\"Maria Gil Robledo\"},\"sameAs\":[\"http:\\\/\\\/unaymilletras.com\"],\"url\":\"https:\\\/\\\/unaymilletras.com\\\/en\\\/author\\\/mariiagiil02_\\\/\"}]}<\/script>\n<!-- \/ Yoast SEO plugin. -->","yoast_head_json":{"title":"Milo J regresa con dos conciertos a Espa\u00f1a &#8902; Una y Mil Letras","description":"Madrid y Barcelona acoger\u00e1n un a\u00f1o m\u00e1s a Milo J con su nuevo show y nuevas canciones, dispuesto a conquistar a Espa\u00f1a nuevamente","robots":{"index":"index","follow":"follow","max-snippet":"max-snippet:-1","max-image-preview":"max-image-preview:large","max-video-preview":"max-video-preview:-1"},"canonical":"https:\/\/unaymilletras.com\/en\/milo-j-regresa-con-dos-conciertos-a-espana\/","og_locale":"en_GB","og_type":"article","og_title":"Milo J regresa con dos conciertos a Espa\u00f1a &#8902; Una y Mil Letras","og_description":"Madrid y Barcelona acoger\u00e1n un a\u00f1o m\u00e1s a Milo J con su nuevo show y nuevas canciones, dispuesto a conquistar a Espa\u00f1a nuevamente","og_url":"https:\/\/unaymilletras.com\/en\/milo-j-regresa-con-dos-conciertos-a-espana\/","og_site_name":"Una y Mil Letras","article_published_time":"2024-10-07T22:21:17+00:00","article_modified_time":"2024-10-07T22:26:00+00:00","og_image":[{"width":400,"height":566,"url":"http:\/\/unaymilletras.com\/wp-content\/uploads\/2024\/10\/Imagen-1.png","type":"image\/png"}],"author":"Maria Gil Robledo","twitter_card":"summary_large_image","twitter_creator":"@UnaYMilLetras","twitter_site":"@UnaYMilLetras","twitter_misc":{"Written by":"Maria Gil Robledo","Estimated reading time":"2 minutes"},"schema":{"@context":"https:\/\/schema.org","@graph":[{"@type":"Article","@id":"https:\/\/unaymilletras.com\/milo-j-regresa-con-dos-conciertos-a-espana\/#article","isPartOf":{"@id":"https:\/\/unaymilletras.com\/milo-j-regresa-con-dos-conciertos-a-espana\/"},"author":{"name":"Maria Gil Robledo","@id":"http:\/\/unaymilletras.com\/#\/schema\/person\/d55ba681b8a4e463d8982dbe36a5dc94"},"headline":"Milo J regresa con dos conciertos a Espa\u00f1a","datePublished":"2024-10-07T22:21:17+00:00","dateModified":"2024-10-07T22:26:00+00:00","mainEntityOfPage":{"@id":"https:\/\/unaymilletras.com\/milo-j-regresa-con-dos-conciertos-a-espana\/"},"wordCount":332,"commentCount":0,"publisher":{"@id":"http:\/\/unaymilletras.com\/#organization"},"image":{"@id":"https:\/\/unaymilletras.com\/milo-j-regresa-con-dos-conciertos-a-espana\/#primaryimage"},"thumbnailUrl":"https:\/\/unaymilletras.com\/wp-content\/uploads\/2024\/10\/Imagen-1.png","articleSection":["M\u00fasica"],"inLanguage":"en-GB","potentialAction":[{"@type":"CommentAction","name":"Comment","target":["https:\/\/unaymilletras.com\/milo-j-regresa-con-dos-conciertos-a-espana\/#respond"]}]},{"@type":"WebPage","@id":"https:\/\/unaymilletras.com\/milo-j-regresa-con-dos-conciertos-a-espana\/","url":"https:\/\/unaymilletras.com\/milo-j-regresa-con-dos-conciertos-a-espana\/","name":"Milo J regresa con dos conciertos a Espa\u00f1a &#8902; Una y Mil Letras","isPartOf":{"@id":"http:\/\/unaymilletras.com\/#website"},"primaryImageOfPage":{"@id":"https:\/\/unaymilletras.com\/milo-j-regresa-con-dos-conciertos-a-espana\/#primaryimage"},"image":{"@id":"https:\/\/unaymilletras.com\/milo-j-regresa-con-dos-conciertos-a-espana\/#primaryimage"},"thumbnailUrl":"https:\/\/unaymilletras.com\/wp-content\/uploads\/2024\/10\/Imagen-1.png","datePublished":"2024-10-07T22:21:17+00:00","dateModified":"2024-10-07T22:26:00+00:00","description":"Madrid y Barcelona acoger\u00e1n un a\u00f1o m\u00e1s a Milo J con su nuevo show y nuevas canciones, dispuesto a conquistar a Espa\u00f1a nuevamente","breadcrumb":{"@id":"https:\/\/unaymilletras.com\/milo-j-regresa-con-dos-conciertos-a-espana\/#breadcrumb"},"inLanguage":"en-GB","potentialAction":[{"@type":"ReadAction","target":["https:\/\/unaymilletras.com\/milo-j-regresa-con-dos-conciertos-a-espana\/"]}]},{"@type":"ImageObject","inLanguage":"en-GB","@id":"https:\/\/unaymilletras.com\/milo-j-regresa-con-dos-conciertos-a-espana\/#primaryimage","url":"https:\/\/unaymilletras.com\/wp-content\/uploads\/2024\/10\/Imagen-1.png","contentUrl":"https:\/\/unaymilletras.com\/wp-content\/uploads\/2024\/10\/Imagen-1.png","width":400,"height":566,"caption":"Milo J"},{"@type":"BreadcrumbList","@id":"https:\/\/unaymilletras.com\/milo-j-regresa-con-dos-conciertos-a-espana\/#breadcrumb","itemListElement":[{"@type":"ListItem","position":1,"name":"Home","item":"http:\/\/unaymilletras.com\/"},{"@type":"ListItem","position":2,"name":"Milo J regresa con dos conciertos a Espa\u00f1a"}]},{"@type":"WebSite","@id":"http:\/\/unaymilletras.com\/#website","url":"http:\/\/unaymilletras.com\/","name":"Una y Mil Letras","description":"","publisher":{"@id":"http:\/\/unaymilletras.com\/#organization"},"potentialAction":[{"@type":"SearchAction","target":{"@type":"EntryPoint","urlTemplate":"http:\/\/unaymilletras.com\/?s={search_term_string}"},"query-input":{"@type":"PropertyValueSpecification","valueRequired":true,"valueName":"search_term_string"}}],"inLanguage":"en-GB"},{"@type":"Organization","@id":"http:\/\/unaymilletras.com\/#organization","name":"Una y Mil Letras","url":"http:\/\/unaymilletras.com\/","logo":{"@type":"ImageObject","inLanguage":"en-GB","@id":"http:\/\/unaymilletras.com\/#\/schema\/logo\/image\/","url":"https:\/\/unaymilletras.com\/wp-content\/uploads\/2024\/06\/cropped-Logo-removebg-preview.png","contentUrl":"https:\/\/unaymilletras.com\/wp-content\/uploads\/2024\/06\/cropped-Logo-removebg-preview.png","width":512,"height":512,"caption":"Una y Mil Letras"},"image":{"@id":"http:\/\/unaymilletras.com\/#\/schema\/logo\/image\/"},"sameAs":["https:\/\/x.com\/UnaYMilLetras","https:\/\/instagram.com\/UnaYMilLetras"]},{"@type":"Person","@id":"http:\/\/unaymilletras.com\/#\/schema\/person\/d55ba681b8a4e463d8982dbe36a5dc94","name":"Maria Gil Robledo","image":{"@type":"ImageObject","inLanguage":"en-GB","@id":"https:\/\/secure.gravatar.com\/avatar\/4b8e5102e0015789407eb4870b12f0f2857952d83ca124058f92b764bd1840c3?s=96&d=mm&r=g","url":"https:\/\/secure.gravatar.com\/avatar\/4b8e5102e0015789407eb4870b12f0f2857952d83ca124058f92b764bd1840c3?s=96&d=mm&r=g","contentUrl":"https:\/\/secure.gravatar.com\/avatar\/4b8e5102e0015789407eb4870b12f0f2857952d83ca124058f92b764bd1840c3?s=96&d=mm&r=g","caption":"Maria Gil Robledo"},"sameAs":["http:\/\/unaymilletras.com"],"url":"https:\/\/unaymilletras.com\/en\/author\/mariiagiil02_\/"}]}},"_links":{"self":[{"href":"https:\/\/unaymilletras.com\/en\/wp-json\/wp\/v2\/posts\/3126","targetHints":{"allow":["GET"]}}],"collection":[{"href":"https:\/\/unaymilletras.com\/en\/wp-json\/wp\/v2\/posts"}],"about":[{"href":"https:\/\/unaymilletras.com\/en\/wp-json\/wp\/v2\/types\/post"}],"author":[{"embeddable":true,"href":"https:\/\/unaymilletras.com\/en\/wp-json\/wp\/v2\/users\/1"}],"replies":[{"embeddable":true,"href":"https:\/\/unaymilletras.com\/en\/wp-json\/wp\/v2\/comments?post=3126"}],"version-history":[{"count":4,"href":"https:\/\/unaymilletras.com\/en\/wp-json\/wp\/v2\/posts\/3126\/revisions"}],"predecessor-version":[{"id":3131,"href":"https:\/\/unaymilletras.com\/en\/wp-json\/wp\/v2\/posts\/3126\/revisions\/3131"}],"wp:featuredmedia":[{"embeddable":true,"href":"https:\/\/unaymilletras.com\/en\/wp-json\/wp\/v2\/media\/3128"}],"wp:attachment":[{"href":"https:\/\/unaymilletras.com\/en\/wp-json\/wp\/v2\/media?parent=3126"}],"wp:term":[{"taxonomy":"category","embeddable":true,"href":"https:\/\/unaymilletras.com\/en\/wp-json\/wp\/v2\/categories?post=3126"},{"taxonomy":"post_tag","embeddable":true,"href":"https:\/\/unaymilletras.com\/en\/wp-json\/wp\/v2\/tags?post=3126"}],"curies":[{"name":"wp","href":"https:\/\/api.w.org\/{rel}","templated":true}]}}