{"id":314,"date":"2023-03-08T21:53:48","date_gmt":"2023-03-08T20:53:48","guid":{"rendered":"https:\/\/unaymilletras.wordpress.com\/?p=314"},"modified":"2023-03-08T21:53:48","modified_gmt":"2023-03-08T20:53:48","slug":"ya-estan-los-artistas-confirmados-para-el-evento-de-scrapworld","status":"publish","type":"post","link":"https:\/\/unaymilletras.com\/en\/ya-estan-los-artistas-confirmados-para-el-evento-de-scrapworld\/","title":{"rendered":"Ya est\u00e1n los artistas confirmados para el evento de ScrapWorld"},"content":{"rendered":"<p class=\"has-text-align-center has-large-font-size\"><em>Moda y m\u00fasica juntas en Scrapworld<\/em><\/p>\n\n\n\n<p class=\"has-text-align-justify has-small-font-size\">A trav\u00e9s de su <a href=\"https:\/\/www.instagram.com\/scrapworldes\/\">Instagram<\/a>, <strong><a href=\"https:\/\/unaymilletras.wordpress.com\/2023\/03\/02\/porsche-x-scrapworld\/\">ScrapWorld<\/a> <\/strong>ha anunciado cuales ser\u00e1s las actuaciones que habr\u00e1 en su evento y qu\u00e9 d\u00edas ir\u00e1n cada uno de los artistas. Es el \u00faltimo detalle confirmado sobre el evento y, posiblemente, el que m\u00e1s expectaci\u00f3n ha creado entre los asistentes. <\/p>\n\n\n\n<p class=\"has-text-align-justify has-small-font-size\">En el cartel se pueden apreciar algunos de los nombres de los artistas del momento, como <strong><a href=\"https:\/\/open.spotify.com\/artist\/2O8vbr4RYPpk6MRA4fio7u?si=bHumbqJ_RK--rMWS888njA\">Saiko<\/a> <\/strong>o <strong><a href=\"https:\/\/open.spotify.com\/artist\/1MXug5KOetEEQjjvCPWwIm?si=UHGi9o3fT8yljvqgyhqOfg\">Gloosito<\/a><\/strong>, pero tambi\u00e9n el de antiguo <em>streamer<\/em> que ha decidido dedicarse a la m\u00fasica, como es el caso de <strong><a href=\"https:\/\/open.spotify.com\/artist\/2TzPi0fPdqVesjZ3Y2wY43?si=fPFsZJP_TPqB5P_66useYQ\">Orslok<\/a><\/strong>. Es un cartel muy completo y cuyos artistas se complementan con la tem\u00e1tica del evento. <\/p>\n\n\n\n<p class=\"has-text-align-justify has-small-font-size\"><strong><a href=\"https:\/\/open.spotify.com\/artist\/18qC8mrcJ9ZjChRDPvpadi?si=A26AM8Y1Re6n5f1rQgsPjQ\">Aleesha<\/a><\/strong>, <strong><a href=\"https:\/\/open.spotify.com\/artist\/2x6kZekpNZMll7Uq3M6ar5?si=QYwrpSs_T1ig7hdhZ02alg\">Hoke<\/a><\/strong>, <strong><a href=\"https:\/\/open.spotify.com\/artist\/1jB62pOe5WpGiHOBDtKBBG?si=gXlq0YnvSLyUqaTdIw0ArA\">La Zowi<\/a><\/strong>, <strong><a href=\"https:\/\/open.spotify.com\/artist\/28oQ6vi1R2m9mdSBnsAkUQ?si=lJvxnRBCT-64wYhv6PQ4lA\">Munic HB<\/a><\/strong>, <strong><a href=\"https:\/\/open.spotify.com\/artist\/768O5GliF0bqscyghggrbE?si=SuGjeDYiTBWiJd2shIOyZA\">Polim\u00e1 Westcoat<\/a><\/strong>, <strong><a href=\"https:\/\/open.spotify.com\/artist\/3ou3XMRNmyDSy6gnC1bSgN?si=73kML8uASBiVR81Bw7TOpg\">Taichu<\/a><\/strong>, <strong><a href=\"https:\/\/open.spotify.com\/artist\/6ddcxDK0BEkhe5LCdoA5Ki?si=-w_LmgsUT3CP7YtOerKs3Q\">Nickzzy<\/a><\/strong> y <strong><a href=\"https:\/\/open.spotify.com\/artist\/4YbohdhSehUUc7RT3STcKW?si=YmPwdEt4Qa2mSuZhkY6qCw\">Midas Alonso<\/a><\/strong>. A todos ellos se les podr\u00e1 ver actuando sobre el escenario de <a href=\"http:\/\/zalando.es\">Zalando<\/a> en el <strong><a href=\"https:\/\/bclever.ai\/eventos\/madrid\/scrapworld-2023\">ScrapWorld 2023<\/a><\/strong> los d\u00edas 25 y 26 de marzo en el<strong> Pabell\u00f3n de Cristal, en Madrid<\/strong>. Adem\u00e1s, el youtuber <strong><a href=\"https:\/\/www.youtube.com\/@byCalitos79\/videos\">ByCalitos<\/a> <\/strong>tambi\u00e9n ha publicado la noticia a trav\u00e9s de Twitter con un v\u00eddeo anuncio.<\/p>\n\n\n\n<figure class=\"wp-block-embed is-type-rich is-provider-twitter wp-block-embed-twitter\"><div class=\"wp-block-embed__wrapper\">\n<blockquote class=\"twitter-tweet\" data-width=\"550\" data-dnt=\"true\"><p lang=\"lt\" dir=\"ltr\">ARTISTAS 2023 \ud83c\udfaa\ud83c\udfa2\ud83c\udfa1\ud83c\udfa4 <a href=\"https:\/\/t.co\/9NHZAFP24f\">pic.twitter.com\/9NHZAFP24f<\/a><\/p>&mdash; Charlie! (@byCaLiTosYT) <a href=\"https:\/\/twitter.com\/byCaLiTosYT\/status\/1633474676373573634?ref_src=twsrc%5Etfw\">March 8, 2023<\/a><\/blockquote><script async src=\"https:\/\/platform.twitter.com\/widgets.js\" charset=\"utf-8\"><\/script>\n<\/div><\/figure>\n\n\n\n<p class=\"has-text-align-justify has-small-font-size\">Al lugar se puede llegar tanto en metro:&nbsp;Lago (l\u00ednea 10), Puerta del \u00c1ngel (l\u00ednea 6); como en bus<strong>,<\/strong>&nbsp;31, 33, 36, 39, 65. Asimismo, si vas en coche hay dos aparcamientos cercanos. El primero de ellos en Avenida de Portugal (7). y tambi\u00e9n Frente al n\u00famero 51. <\/p>\n\n\n\n<div class=\"wp-block-columns is-layout-flex wp-container-core-columns-is-layout-28f84493 wp-block-columns-is-layout-flex\">\n<div class=\"wp-block-column is-layout-flow wp-block-column-is-layout-flow\">\n<p class=\"has-text-align-center has-small-font-size\"><strong>S\u00c1BADO 25 DE MARZO<\/strong><br>&#8211; Aleesha<br>&#8211; Hoke<br>&#8211; Nickzzy<br>&#8211; Gloosito<br>&#8211; Munic HB<br>&#8211; Polim\u00e1 Westcoat<\/p>\n<\/div>\n\n\n\n<div class=\"wp-block-column is-layout-flow wp-block-column-is-layout-flow\">\n<p class=\"has-text-align-center has-small-font-size\"><strong>DOMINGO 26 DE MARZO<\/strong><br>&#8211; Orslok<br>&#8211; Taichu<br>&#8211; La Zowi<br>&#8211; Saiko<br>&#8211; Midas Alonso<\/p>\n<\/div>\n<\/div>","protected":false},"excerpt":{"rendered":"<p>Moda y m\u00fasica juntas en Scrapworld A trav\u00e9s de su Instagram, ScrapWorld ha anunciado cuales ser\u00e1s las actuaciones que habr\u00e1 en su evento y qu\u00e9 d\u00edas ir\u00e1n cada uno de los artistas. Es el \u00faltimo detalle confirmado sobre el evento y, posiblemente, el que m\u00e1s expectaci\u00f3n ha creado entre los asistentes. En el cartel se [&hellip;]<\/p>\n","protected":false},"author":1,"featured_media":320,"comment_status":"open","ping_status":"open","sticky":false,"template":"","format":"standard","meta":{"footnotes":""},"categories":[5],"tags":[],"class_list":["post-314","post","type-post","status-publish","format-standard","has-post-thumbnail","hentry","category-moda"],"yoast_head":"<!-- This site is optimized with the Yoast SEO plugin v27.4 - https:\/\/yoast.com\/product\/yoast-seo-wordpress\/ -->\n<title>Ya est\u00e1n los artistas confirmados para el evento de ScrapWorld &#8902; Una y Mil Letras<\/title>\n<meta name=\"robots\" content=\"index, follow, max-snippet:-1, max-image-preview:large, max-video-preview:-1\" \/>\n<link rel=\"canonical\" href=\"https:\/\/unaymilletras.com\/en\/ya-estan-los-artistas-confirmados-para-el-evento-de-scrapworld\/\" \/>\n<meta property=\"og:locale\" content=\"en_GB\" \/>\n<meta property=\"og:type\" content=\"article\" \/>\n<meta property=\"og:title\" content=\"Ya est\u00e1n los artistas confirmados para el evento de ScrapWorld &#8902; Una y Mil Letras\" \/>\n<meta property=\"og:description\" content=\"Moda y m\u00fasica juntas en Scrapworld A trav\u00e9s de su Instagram, ScrapWorld ha anunciado cuales ser\u00e1s las actuaciones que habr\u00e1 en su evento y qu\u00e9 d\u00edas ir\u00e1n cada uno de los artistas. Es el \u00faltimo detalle confirmado sobre el evento y, posiblemente, el que m\u00e1s expectaci\u00f3n ha creado entre los asistentes. En el cartel se [&hellip;]\" \/>\n<meta property=\"og:url\" content=\"https:\/\/unaymilletras.com\/en\/ya-estan-los-artistas-confirmados-para-el-evento-de-scrapworld\/\" \/>\n<meta property=\"og:site_name\" content=\"Una y Mil Letras\" \/>\n<meta property=\"article:published_time\" content=\"2023-03-08T20:53:48+00:00\" \/>\n<meta property=\"og:image\" content=\"https:\/\/unaymilletras.com\/wp-content\/uploads\/2023\/03\/screenshot-2023-03-08-at-21.17.50.jpeg\" \/>\n\t<meta property=\"og:image:width\" content=\"725\" \/>\n\t<meta property=\"og:image:height\" content=\"886\" \/>\n\t<meta property=\"og:image:type\" content=\"image\/jpeg\" \/>\n<meta name=\"author\" content=\"Maria Gil Robledo\" \/>\n<meta name=\"twitter:card\" content=\"summary_large_image\" \/>\n<meta name=\"twitter:creator\" content=\"@UnaYMilLetras\" \/>\n<meta name=\"twitter:site\" content=\"@UnaYMilLetras\" \/>\n<meta name=\"twitter:label1\" content=\"Written by\" \/>\n\t<meta name=\"twitter:data1\" content=\"Maria Gil Robledo\" \/>\n\t<meta name=\"twitter:label2\" content=\"Estimated reading time\" \/>\n\t<meta name=\"twitter:data2\" content=\"1 minute\" \/>\n<script type=\"application\/ld+json\" class=\"yoast-schema-graph\">{\"@context\":\"https:\\\/\\\/schema.org\",\"@graph\":[{\"@type\":\"Article\",\"@id\":\"https:\\\/\\\/unaymilletras.com\\\/ya-estan-los-artistas-confirmados-para-el-evento-de-scrapworld\\\/#article\",\"isPartOf\":{\"@id\":\"https:\\\/\\\/unaymilletras.com\\\/ya-estan-los-artistas-confirmados-para-el-evento-de-scrapworld\\\/\"},\"author\":{\"name\":\"Maria Gil Robledo\",\"@id\":\"http:\\\/\\\/unaymilletras.com\\\/#\\\/schema\\\/person\\\/d55ba681b8a4e463d8982dbe36a5dc94\"},\"headline\":\"Ya est\u00e1n los artistas confirmados para el evento de ScrapWorld\",\"datePublished\":\"2023-03-08T20:53:48+00:00\",\"mainEntityOfPage\":{\"@id\":\"https:\\\/\\\/unaymilletras.com\\\/ya-estan-los-artistas-confirmados-para-el-evento-de-scrapworld\\\/\"},\"wordCount\":264,\"commentCount\":0,\"publisher\":{\"@id\":\"http:\\\/\\\/unaymilletras.com\\\/#organization\"},\"image\":{\"@id\":\"https:\\\/\\\/unaymilletras.com\\\/ya-estan-los-artistas-confirmados-para-el-evento-de-scrapworld\\\/#primaryimage\"},\"thumbnailUrl\":\"https:\\\/\\\/unaymilletras.com\\\/wp-content\\\/uploads\\\/2023\\\/03\\\/screenshot-2023-03-08-at-21.17.50.jpeg\",\"articleSection\":[\"Moda\"],\"inLanguage\":\"en-GB\",\"potentialAction\":[{\"@type\":\"CommentAction\",\"name\":\"Comment\",\"target\":[\"https:\\\/\\\/unaymilletras.com\\\/ya-estan-los-artistas-confirmados-para-el-evento-de-scrapworld\\\/#respond\"]}]},{\"@type\":\"WebPage\",\"@id\":\"https:\\\/\\\/unaymilletras.com\\\/ya-estan-los-artistas-confirmados-para-el-evento-de-scrapworld\\\/\",\"url\":\"https:\\\/\\\/unaymilletras.com\\\/ya-estan-los-artistas-confirmados-para-el-evento-de-scrapworld\\\/\",\"name\":\"Ya est\u00e1n los artistas confirmados para el evento de ScrapWorld &#8902; Una y Mil Letras\",\"isPartOf\":{\"@id\":\"http:\\\/\\\/unaymilletras.com\\\/#website\"},\"primaryImageOfPage\":{\"@id\":\"https:\\\/\\\/unaymilletras.com\\\/ya-estan-los-artistas-confirmados-para-el-evento-de-scrapworld\\\/#primaryimage\"},\"image\":{\"@id\":\"https:\\\/\\\/unaymilletras.com\\\/ya-estan-los-artistas-confirmados-para-el-evento-de-scrapworld\\\/#primaryimage\"},\"thumbnailUrl\":\"https:\\\/\\\/unaymilletras.com\\\/wp-content\\\/uploads\\\/2023\\\/03\\\/screenshot-2023-03-08-at-21.17.50.jpeg\",\"datePublished\":\"2023-03-08T20:53:48+00:00\",\"breadcrumb\":{\"@id\":\"https:\\\/\\\/unaymilletras.com\\\/ya-estan-los-artistas-confirmados-para-el-evento-de-scrapworld\\\/#breadcrumb\"},\"inLanguage\":\"en-GB\",\"potentialAction\":[{\"@type\":\"ReadAction\",\"target\":[\"https:\\\/\\\/unaymilletras.com\\\/ya-estan-los-artistas-confirmados-para-el-evento-de-scrapworld\\\/\"]}]},{\"@type\":\"ImageObject\",\"inLanguage\":\"en-GB\",\"@id\":\"https:\\\/\\\/unaymilletras.com\\\/ya-estan-los-artistas-confirmados-para-el-evento-de-scrapworld\\\/#primaryimage\",\"url\":\"https:\\\/\\\/unaymilletras.com\\\/wp-content\\\/uploads\\\/2023\\\/03\\\/screenshot-2023-03-08-at-21.17.50.jpeg\",\"contentUrl\":\"https:\\\/\\\/unaymilletras.com\\\/wp-content\\\/uploads\\\/2023\\\/03\\\/screenshot-2023-03-08-at-21.17.50.jpeg\",\"width\":725,\"height\":886},{\"@type\":\"BreadcrumbList\",\"@id\":\"https:\\\/\\\/unaymilletras.com\\\/ya-estan-los-artistas-confirmados-para-el-evento-de-scrapworld\\\/#breadcrumb\",\"itemListElement\":[{\"@type\":\"ListItem\",\"position\":1,\"name\":\"Home\",\"item\":\"http:\\\/\\\/unaymilletras.com\\\/\"},{\"@type\":\"ListItem\",\"position\":2,\"name\":\"Ya est\u00e1n los artistas confirmados para el evento de ScrapWorld\"}]},{\"@type\":\"WebSite\",\"@id\":\"http:\\\/\\\/unaymilletras.com\\\/#website\",\"url\":\"http:\\\/\\\/unaymilletras.com\\\/\",\"name\":\"Una y Mil Letras\",\"description\":\"\",\"publisher\":{\"@id\":\"http:\\\/\\\/unaymilletras.com\\\/#organization\"},\"potentialAction\":[{\"@type\":\"SearchAction\",\"target\":{\"@type\":\"EntryPoint\",\"urlTemplate\":\"http:\\\/\\\/unaymilletras.com\\\/?s={search_term_string}\"},\"query-input\":{\"@type\":\"PropertyValueSpecification\",\"valueRequired\":true,\"valueName\":\"search_term_string\"}}],\"inLanguage\":\"en-GB\"},{\"@type\":\"Organization\",\"@id\":\"http:\\\/\\\/unaymilletras.com\\\/#organization\",\"name\":\"Una y Mil Letras\",\"url\":\"http:\\\/\\\/unaymilletras.com\\\/\",\"logo\":{\"@type\":\"ImageObject\",\"inLanguage\":\"en-GB\",\"@id\":\"http:\\\/\\\/unaymilletras.com\\\/#\\\/schema\\\/logo\\\/image\\\/\",\"url\":\"https:\\\/\\\/unaymilletras.com\\\/wp-content\\\/uploads\\\/2024\\\/06\\\/cropped-Logo-removebg-preview.png\",\"contentUrl\":\"https:\\\/\\\/unaymilletras.com\\\/wp-content\\\/uploads\\\/2024\\\/06\\\/cropped-Logo-removebg-preview.png\",\"width\":512,\"height\":512,\"caption\":\"Una y Mil Letras\"},\"image\":{\"@id\":\"http:\\\/\\\/unaymilletras.com\\\/#\\\/schema\\\/logo\\\/image\\\/\"},\"sameAs\":[\"https:\\\/\\\/x.com\\\/UnaYMilLetras\",\"https:\\\/\\\/instagram.com\\\/UnaYMilLetras\"]},{\"@type\":\"Person\",\"@id\":\"http:\\\/\\\/unaymilletras.com\\\/#\\\/schema\\\/person\\\/d55ba681b8a4e463d8982dbe36a5dc94\",\"name\":\"Maria Gil Robledo\",\"image\":{\"@type\":\"ImageObject\",\"inLanguage\":\"en-GB\",\"@id\":\"https:\\\/\\\/secure.gravatar.com\\\/avatar\\\/4b8e5102e0015789407eb4870b12f0f2857952d83ca124058f92b764bd1840c3?s=96&d=mm&r=g\",\"url\":\"https:\\\/\\\/secure.gravatar.com\\\/avatar\\\/4b8e5102e0015789407eb4870b12f0f2857952d83ca124058f92b764bd1840c3?s=96&d=mm&r=g\",\"contentUrl\":\"https:\\\/\\\/secure.gravatar.com\\\/avatar\\\/4b8e5102e0015789407eb4870b12f0f2857952d83ca124058f92b764bd1840c3?s=96&d=mm&r=g\",\"caption\":\"Maria Gil Robledo\"},\"sameAs\":[\"http:\\\/\\\/unaymilletras.com\"],\"url\":\"https:\\\/\\\/unaymilletras.com\\\/en\\\/author\\\/mariiagiil02_\\\/\"}]}<\/script>\n<!-- \/ Yoast SEO plugin. -->","yoast_head_json":{"title":"Ya est\u00e1n los artistas confirmados para el evento de ScrapWorld &#8902; Una y Mil Letras","robots":{"index":"index","follow":"follow","max-snippet":"max-snippet:-1","max-image-preview":"max-image-preview:large","max-video-preview":"max-video-preview:-1"},"canonical":"https:\/\/unaymilletras.com\/en\/ya-estan-los-artistas-confirmados-para-el-evento-de-scrapworld\/","og_locale":"en_GB","og_type":"article","og_title":"Ya est\u00e1n los artistas confirmados para el evento de ScrapWorld &#8902; Una y Mil Letras","og_description":"Moda y m\u00fasica juntas en Scrapworld A trav\u00e9s de su Instagram, ScrapWorld ha anunciado cuales ser\u00e1s las actuaciones que habr\u00e1 en su evento y qu\u00e9 d\u00edas ir\u00e1n cada uno de los artistas. Es el \u00faltimo detalle confirmado sobre el evento y, posiblemente, el que m\u00e1s expectaci\u00f3n ha creado entre los asistentes. En el cartel se [&hellip;]","og_url":"https:\/\/unaymilletras.com\/en\/ya-estan-los-artistas-confirmados-para-el-evento-de-scrapworld\/","og_site_name":"Una y Mil Letras","article_published_time":"2023-03-08T20:53:48+00:00","og_image":[{"width":725,"height":886,"url":"https:\/\/unaymilletras.com\/wp-content\/uploads\/2023\/03\/screenshot-2023-03-08-at-21.17.50.jpeg","type":"image\/jpeg"}],"author":"Maria Gil Robledo","twitter_card":"summary_large_image","twitter_creator":"@UnaYMilLetras","twitter_site":"@UnaYMilLetras","twitter_misc":{"Written by":"Maria Gil Robledo","Estimated reading time":"1 minute"},"schema":{"@context":"https:\/\/schema.org","@graph":[{"@type":"Article","@id":"https:\/\/unaymilletras.com\/ya-estan-los-artistas-confirmados-para-el-evento-de-scrapworld\/#article","isPartOf":{"@id":"https:\/\/unaymilletras.com\/ya-estan-los-artistas-confirmados-para-el-evento-de-scrapworld\/"},"author":{"name":"Maria Gil Robledo","@id":"http:\/\/unaymilletras.com\/#\/schema\/person\/d55ba681b8a4e463d8982dbe36a5dc94"},"headline":"Ya est\u00e1n los artistas confirmados para el evento de ScrapWorld","datePublished":"2023-03-08T20:53:48+00:00","mainEntityOfPage":{"@id":"https:\/\/unaymilletras.com\/ya-estan-los-artistas-confirmados-para-el-evento-de-scrapworld\/"},"wordCount":264,"commentCount":0,"publisher":{"@id":"http:\/\/unaymilletras.com\/#organization"},"image":{"@id":"https:\/\/unaymilletras.com\/ya-estan-los-artistas-confirmados-para-el-evento-de-scrapworld\/#primaryimage"},"thumbnailUrl":"https:\/\/unaymilletras.com\/wp-content\/uploads\/2023\/03\/screenshot-2023-03-08-at-21.17.50.jpeg","articleSection":["Moda"],"inLanguage":"en-GB","potentialAction":[{"@type":"CommentAction","name":"Comment","target":["https:\/\/unaymilletras.com\/ya-estan-los-artistas-confirmados-para-el-evento-de-scrapworld\/#respond"]}]},{"@type":"WebPage","@id":"https:\/\/unaymilletras.com\/ya-estan-los-artistas-confirmados-para-el-evento-de-scrapworld\/","url":"https:\/\/unaymilletras.com\/ya-estan-los-artistas-confirmados-para-el-evento-de-scrapworld\/","name":"Ya est\u00e1n los artistas confirmados para el evento de ScrapWorld &#8902; Una y Mil Letras","isPartOf":{"@id":"http:\/\/unaymilletras.com\/#website"},"primaryImageOfPage":{"@id":"https:\/\/unaymilletras.com\/ya-estan-los-artistas-confirmados-para-el-evento-de-scrapworld\/#primaryimage"},"image":{"@id":"https:\/\/unaymilletras.com\/ya-estan-los-artistas-confirmados-para-el-evento-de-scrapworld\/#primaryimage"},"thumbnailUrl":"https:\/\/unaymilletras.com\/wp-content\/uploads\/2023\/03\/screenshot-2023-03-08-at-21.17.50.jpeg","datePublished":"2023-03-08T20:53:48+00:00","breadcrumb":{"@id":"https:\/\/unaymilletras.com\/ya-estan-los-artistas-confirmados-para-el-evento-de-scrapworld\/#breadcrumb"},"inLanguage":"en-GB","potentialAction":[{"@type":"ReadAction","target":["https:\/\/unaymilletras.com\/ya-estan-los-artistas-confirmados-para-el-evento-de-scrapworld\/"]}]},{"@type":"ImageObject","inLanguage":"en-GB","@id":"https:\/\/unaymilletras.com\/ya-estan-los-artistas-confirmados-para-el-evento-de-scrapworld\/#primaryimage","url":"https:\/\/unaymilletras.com\/wp-content\/uploads\/2023\/03\/screenshot-2023-03-08-at-21.17.50.jpeg","contentUrl":"https:\/\/unaymilletras.com\/wp-content\/uploads\/2023\/03\/screenshot-2023-03-08-at-21.17.50.jpeg","width":725,"height":886},{"@type":"BreadcrumbList","@id":"https:\/\/unaymilletras.com\/ya-estan-los-artistas-confirmados-para-el-evento-de-scrapworld\/#breadcrumb","itemListElement":[{"@type":"ListItem","position":1,"name":"Home","item":"http:\/\/unaymilletras.com\/"},{"@type":"ListItem","position":2,"name":"Ya est\u00e1n los artistas confirmados para el evento de ScrapWorld"}]},{"@type":"WebSite","@id":"http:\/\/unaymilletras.com\/#website","url":"http:\/\/unaymilletras.com\/","name":"Una y Mil Letras","description":"","publisher":{"@id":"http:\/\/unaymilletras.com\/#organization"},"potentialAction":[{"@type":"SearchAction","target":{"@type":"EntryPoint","urlTemplate":"http:\/\/unaymilletras.com\/?s={search_term_string}"},"query-input":{"@type":"PropertyValueSpecification","valueRequired":true,"valueName":"search_term_string"}}],"inLanguage":"en-GB"},{"@type":"Organization","@id":"http:\/\/unaymilletras.com\/#organization","name":"Una y Mil Letras","url":"http:\/\/unaymilletras.com\/","logo":{"@type":"ImageObject","inLanguage":"en-GB","@id":"http:\/\/unaymilletras.com\/#\/schema\/logo\/image\/","url":"https:\/\/unaymilletras.com\/wp-content\/uploads\/2024\/06\/cropped-Logo-removebg-preview.png","contentUrl":"https:\/\/unaymilletras.com\/wp-content\/uploads\/2024\/06\/cropped-Logo-removebg-preview.png","width":512,"height":512,"caption":"Una y Mil Letras"},"image":{"@id":"http:\/\/unaymilletras.com\/#\/schema\/logo\/image\/"},"sameAs":["https:\/\/x.com\/UnaYMilLetras","https:\/\/instagram.com\/UnaYMilLetras"]},{"@type":"Person","@id":"http:\/\/unaymilletras.com\/#\/schema\/person\/d55ba681b8a4e463d8982dbe36a5dc94","name":"Maria Gil Robledo","image":{"@type":"ImageObject","inLanguage":"en-GB","@id":"https:\/\/secure.gravatar.com\/avatar\/4b8e5102e0015789407eb4870b12f0f2857952d83ca124058f92b764bd1840c3?s=96&d=mm&r=g","url":"https:\/\/secure.gravatar.com\/avatar\/4b8e5102e0015789407eb4870b12f0f2857952d83ca124058f92b764bd1840c3?s=96&d=mm&r=g","contentUrl":"https:\/\/secure.gravatar.com\/avatar\/4b8e5102e0015789407eb4870b12f0f2857952d83ca124058f92b764bd1840c3?s=96&d=mm&r=g","caption":"Maria Gil Robledo"},"sameAs":["http:\/\/unaymilletras.com"],"url":"https:\/\/unaymilletras.com\/en\/author\/mariiagiil02_\/"}]}},"_links":{"self":[{"href":"https:\/\/unaymilletras.com\/en\/wp-json\/wp\/v2\/posts\/314","targetHints":{"allow":["GET"]}}],"collection":[{"href":"https:\/\/unaymilletras.com\/en\/wp-json\/wp\/v2\/posts"}],"about":[{"href":"https:\/\/unaymilletras.com\/en\/wp-json\/wp\/v2\/types\/post"}],"author":[{"embeddable":true,"href":"https:\/\/unaymilletras.com\/en\/wp-json\/wp\/v2\/users\/1"}],"replies":[{"embeddable":true,"href":"https:\/\/unaymilletras.com\/en\/wp-json\/wp\/v2\/comments?post=314"}],"version-history":[{"count":0,"href":"https:\/\/unaymilletras.com\/en\/wp-json\/wp\/v2\/posts\/314\/revisions"}],"wp:featuredmedia":[{"embeddable":true,"href":"https:\/\/unaymilletras.com\/en\/wp-json\/wp\/v2\/media\/320"}],"wp:attachment":[{"href":"https:\/\/unaymilletras.com\/en\/wp-json\/wp\/v2\/media?parent=314"}],"wp:term":[{"taxonomy":"category","embeddable":true,"href":"https:\/\/unaymilletras.com\/en\/wp-json\/wp\/v2\/categories?post=314"},{"taxonomy":"post_tag","embeddable":true,"href":"https:\/\/unaymilletras.com\/en\/wp-json\/wp\/v2\/tags?post=314"}],"curies":[{"name":"wp","href":"https:\/\/api.w.org\/{rel}","templated":true}]}}