{"id":3175,"date":"2024-10-10T18:16:58","date_gmt":"2024-10-10T16:16:58","guid":{"rendered":"https:\/\/unaymilletras.com\/?p=3175"},"modified":"2024-10-10T18:22:25","modified_gmt":"2024-10-10T16:22:25","slug":"greeicy-y-jay-wheeler-el-duo-que-no-sabiamos-que-necesitabamos","status":"publish","type":"post","link":"https:\/\/unaymilletras.com\/en\/greeicy-y-jay-wheeler-el-duo-que-no-sabiamos-que-necesitabamos\/","title":{"rendered":"Greeicy y Jay Wheeler, el d\u00fao que no sab\u00edamos que necesit\u00e1bamos"},"content":{"rendered":"<div data-elementor-type=\"wp-post\" data-elementor-id=\"3175\" class=\"elementor elementor-3175\">\n\t\t\t\t\t\t<section class=\"elementor-section elementor-top-section elementor-element elementor-element-e514670 elementor-section-boxed elementor-section-height-default elementor-section-height-default\" data-id=\"e514670\" data-element_type=\"section\" data-e-type=\"section\">\n\t\t\t\t\t\t<div class=\"elementor-container elementor-column-gap-default\">\n\t\t\t\t\t<div class=\"elementor-column elementor-col-100 elementor-top-column elementor-element elementor-element-f4bb384\" data-id=\"f4bb384\" data-element_type=\"column\" data-e-type=\"column\">\n\t\t\t<div class=\"elementor-widget-wrap elementor-element-populated\">\n\t\t\t\t\t\t<div class=\"elementor-element elementor-element-9ace31d elementor-widget elementor-widget-text-editor\" data-id=\"9ace31d\" data-element_type=\"widget\" data-e-type=\"widget\" data-widget_type=\"text-editor.default\">\n\t\t\t\t<div class=\"elementor-widget-container\">\n\t\t\t\t\t\t\t\t\t<h2 style=\"text-align: center;\"><span style=\"color: #808080;\"><em>La canci\u00f3n que llevaba esperando dos a\u00f1os para ser escuchada, Greeicy y Jay Wheeler estrenen \u201cQu\u00e9 Te Pas\u00f3\u201d<\/em><\/span><\/h2>\t\t\t\t\t\t\t\t<\/div>\n\t\t\t\t<\/div>\n\t\t\t\t\t<\/div>\n\t\t<\/div>\n\t\t\t\t\t<\/div>\n\t\t<\/section>\n\t\t\t\t<section class=\"elementor-section elementor-top-section elementor-element elementor-element-b33673a elementor-section-boxed elementor-section-height-default elementor-section-height-default\" data-id=\"b33673a\" data-element_type=\"section\" data-e-type=\"section\">\n\t\t\t\t\t\t<div class=\"elementor-container elementor-column-gap-default\">\n\t\t\t\t\t<div class=\"elementor-column elementor-col-100 elementor-top-column elementor-element elementor-element-dd121a4\" data-id=\"dd121a4\" data-element_type=\"column\" data-e-type=\"column\">\n\t\t\t<div class=\"elementor-widget-wrap elementor-element-populated\">\n\t\t\t\t\t\t<div class=\"elementor-element elementor-element-0d8fa7f elementor-widget elementor-widget-text-editor\" data-id=\"0d8fa7f\" data-element_type=\"widget\" data-e-type=\"widget\" data-widget_type=\"text-editor.default\">\n\t\t\t\t<div class=\"elementor-widget-container\">\n\t\t\t\t\t\t\t\t\t<p><b>Jay Wheeler<\/b> y <b>Greeicy<\/b> han fusionado sus estilos inconfundibles en un pop latino y urbano adictivo a la vez que emocionante. El tema nos transporta al lugar en el que tanto viven los artistas: donde las emociones se desbordan y la m\u00fasica es el mejor lenguaje para expresarse. <em><b>Qu\u00e9 Te Pas\u00f3 <\/b><\/em>es la nueva canci\u00f3n de ambas estrellas latinas con la que pretenden conquistar todas las listas de \u00e9xitos.<\/p>\t\t\t\t\t\t\t\t<\/div>\n\t\t\t\t<\/div>\n\t\t\t\t\t<\/div>\n\t\t<\/div>\n\t\t\t\t\t<\/div>\n\t\t<\/section>\n\t\t\t\t<section class=\"elementor-section elementor-top-section elementor-element elementor-element-b1606d2 elementor-section-boxed elementor-section-height-default elementor-section-height-default\" data-id=\"b1606d2\" data-element_type=\"section\" data-e-type=\"section\">\n\t\t\t\t\t\t<div class=\"elementor-container elementor-column-gap-default\">\n\t\t\t\t\t<div class=\"elementor-column elementor-col-50 elementor-top-column elementor-element elementor-element-d268a6d\" data-id=\"d268a6d\" data-element_type=\"column\" data-e-type=\"column\">\n\t\t\t<div class=\"elementor-widget-wrap elementor-element-populated\">\n\t\t\t\t\t\t<div class=\"elementor-element elementor-element-3356c35 elementor-widget elementor-widget-image\" data-id=\"3356c35\" data-element_type=\"widget\" data-e-type=\"widget\" data-widget_type=\"image.default\">\n\t\t\t\t<div class=\"elementor-widget-container\">\n\t\t\t\t\t\t\t\t\t\t\t\t\t\t\t<img fetchpriority=\"high\" decoding=\"async\" width=\"640\" height=\"640\" src=\"https:\/\/unaymilletras.com\/wp-content\/uploads\/2024\/10\/COVER-1-1024x1024.jpg\" class=\"attachment-large size-large wp-image-3181\" alt=\"Greeicy\" srcset=\"https:\/\/unaymilletras.com\/wp-content\/uploads\/2024\/10\/COVER-1-1024x1024.jpg 1024w, https:\/\/unaymilletras.com\/wp-content\/uploads\/2024\/10\/COVER-1-300x300.jpg 300w, https:\/\/unaymilletras.com\/wp-content\/uploads\/2024\/10\/COVER-1-150x150.jpg 150w, https:\/\/unaymilletras.com\/wp-content\/uploads\/2024\/10\/COVER-1-768x768.jpg 768w, https:\/\/unaymilletras.com\/wp-content\/uploads\/2024\/10\/COVER-1-1536x1536.jpg 1536w, https:\/\/unaymilletras.com\/wp-content\/uploads\/2024\/10\/COVER-1-2048x2048.jpg 2048w, https:\/\/unaymilletras.com\/wp-content\/uploads\/2024\/10\/COVER-1-12x12.jpg 12w, https:\/\/unaymilletras.com\/wp-content\/uploads\/2024\/10\/COVER-1-scaled-e1728577115789.jpg 600w\" sizes=\"(max-width: 640px) 100vw, 640px\" \/>\t\t\t\t\t\t\t\t\t\t\t\t\t\t\t<\/div>\n\t\t\t\t<\/div>\n\t\t\t\t\t<\/div>\n\t\t<\/div>\n\t\t\t\t<div class=\"elementor-column elementor-col-50 elementor-top-column elementor-element elementor-element-a367ff7\" data-id=\"a367ff7\" data-element_type=\"column\" data-e-type=\"column\">\n\t\t\t<div class=\"elementor-widget-wrap elementor-element-populated\">\n\t\t\t\t\t\t<div class=\"elementor-element elementor-element-dfe5cc8 elementor-widget elementor-widget-text-editor\" data-id=\"dfe5cc8\" data-element_type=\"widget\" data-e-type=\"widget\" data-widget_type=\"text-editor.default\">\n\t\t\t\t<div class=\"elementor-widget-container\">\n\t\t\t\t\t\t\t\t\t<p>La colaboraci\u00f3n nace hace dos a\u00f1os, cuando Greeicy le mand\u00f3 el tema con el mensaje de \u201cCreo que encajar\u00edas perfectamente aqu\u00ed\u201d a Jay Wheeler. En cuanto el puertorrique\u00f1o la escuch\u00f3 no dud\u00f3 en sumarse al tema. As\u00ed naci\u00f3 este tema que tan bien refleja el talento innegable de ambos.<\/p><p><span style=\"color: #808080;\">Asimismo, esta canci\u00f3n es el reflejo de la admiraci\u00f3n que ambos sienten por el otro. De hecho, Greeicy ha comentado p\u00fablicamente ser fan de <a style=\"color: #808080;\" href=\"https:\/\/unaymilletras.com\/en\/jay-wheeler-y-zamira-enhorabuena\/\">Jay Wheeler<\/a>, y es algo que se ha notado en <em>Que Te Pas\u00f3<\/em>. Ahora que ya ha salido, pretende conquistar a todos aquellos que la escuchen.<\/span><\/p>\t\t\t\t\t\t\t\t<\/div>\n\t\t\t\t<\/div>\n\t\t\t\t\t<\/div>\n\t\t<\/div>\n\t\t\t\t\t<\/div>\n\t\t<\/section>\n\t\t\t\t<section class=\"elementor-section elementor-top-section elementor-element elementor-element-055015e elementor-section-boxed elementor-section-height-default elementor-section-height-default\" data-id=\"055015e\" data-element_type=\"section\" data-e-type=\"section\">\n\t\t\t\t\t\t<div class=\"elementor-container elementor-column-gap-default\">\n\t\t\t\t\t<div class=\"elementor-column elementor-col-100 elementor-top-column elementor-element elementor-element-0dac105\" data-id=\"0dac105\" data-element_type=\"column\" data-e-type=\"column\">\n\t\t\t<div class=\"elementor-widget-wrap elementor-element-populated\">\n\t\t\t\t\t\t<div class=\"elementor-element elementor-element-09039fc elementor-widget elementor-widget-text-editor\" data-id=\"09039fc\" data-element_type=\"widget\" data-e-type=\"widget\" data-widget_type=\"text-editor.default\">\n\t\t\t\t<div class=\"elementor-widget-container\">\n\t\t\t\t\t\t\t\t\t<p><span style=\"color: #808080;\">Greeicy continua en un ascenso imparable, llegando a posicionarse en los primeros puestos de la cartelera <a style=\"color: #808080;\" href=\"https:\/\/www.billboard.com\/\">Billboard<\/a>. Por su parte, Jay Wheeler no deja de sacar m\u00fasica, incrementando el n\u00famero de corazones conquistados y con una gira por Espa\u00f1a reci\u00e9n anunciada. Una mezcla emotiva que no sab\u00edamos que necesit\u00e1bamos.<\/span><\/p>\t\t\t\t\t\t\t\t<\/div>\n\t\t\t\t<\/div>\n\t\t\t\t\t<\/div>\n\t\t<\/div>\n\t\t\t\t\t<\/div>\n\t\t<\/section>\n\t\t\t\t<section class=\"elementor-section elementor-top-section elementor-element elementor-element-6eb3650 elementor-section-boxed elementor-section-height-default elementor-section-height-default\" data-id=\"6eb3650\" data-element_type=\"section\" data-e-type=\"section\">\n\t\t\t\t\t\t<div class=\"elementor-container elementor-column-gap-default\">\n\t\t\t\t\t<div class=\"elementor-column elementor-col-100 elementor-top-column elementor-element elementor-element-959893e\" data-id=\"959893e\" data-element_type=\"column\" data-e-type=\"column\">\n\t\t\t<div class=\"elementor-widget-wrap elementor-element-populated\">\n\t\t\t\t\t\t<div class=\"elementor-element elementor-element-3c80da1 elementor-widget elementor-widget-video\" data-id=\"3c80da1\" data-element_type=\"widget\" data-e-type=\"widget\" data-settings=\"{&quot;youtube_url&quot;:&quot;https:\\\/\\\/www.youtube.com\\\/watch?v=wJrSiDE2p9w&amp;ab_channel=GreeicyVEVO&quot;,&quot;video_type&quot;:&quot;youtube&quot;,&quot;controls&quot;:&quot;yes&quot;}\" data-widget_type=\"video.default\">\n\t\t\t\t<div class=\"elementor-widget-container\">\n\t\t\t\t\t\t\t<div class=\"elementor-wrapper elementor-open-inline\">\n\t\t\t<div class=\"elementor-video\"><\/div>\t\t<\/div>\n\t\t\t\t\t\t<\/div>\n\t\t\t\t<\/div>\n\t\t\t\t\t<\/div>\n\t\t<\/div>\n\t\t\t\t\t<\/div>\n\t\t<\/section>\n\t\t\t\t<\/div>","protected":false},"excerpt":{"rendered":"<p>La canci\u00f3n que llevaba esperando dos a\u00f1os para ser escuchada, Greeicy y Jay Wheeler estrenen \u201cQu\u00e9 Te Pas\u00f3\u201d Jay Wheeler y Greeicy han fusionado sus estilos inconfundibles en un pop latino y urbano adictivo a la vez que emocionante. El tema nos transporta al lugar en el que tanto viven los artistas: donde las emociones [&hellip;]<\/p>\n","protected":false},"author":1,"featured_media":3181,"comment_status":"open","ping_status":"open","sticky":false,"template":"","format":"standard","meta":{"footnotes":""},"categories":[4],"tags":[],"class_list":["post-3175","post","type-post","status-publish","format-standard","has-post-thumbnail","hentry","category-musica"],"yoast_head":"<!-- This site is optimized with the Yoast SEO plugin v27.4 - https:\/\/yoast.com\/product\/yoast-seo-wordpress\/ -->\n<title>Greeicy y Jay Wheeler, el d\u00fao que no sab\u00edamos que necesit\u00e1bamos<\/title>\n<meta name=\"description\" content=\"La canci\u00f3n que llevaba esperando dos a\u00f1os para ser escuchada, Greeicy y Jay Wheeler estrenen \u201cQu\u00e9 Te Pas\u00f3\u201d\" \/>\n<meta name=\"robots\" content=\"index, follow, max-snippet:-1, max-image-preview:large, max-video-preview:-1\" \/>\n<link rel=\"canonical\" href=\"https:\/\/unaymilletras.com\/en\/greeicy-y-jay-wheeler-el-duo-que-no-sabiamos-que-necesitabamos\/\" \/>\n<meta property=\"og:locale\" content=\"en_GB\" \/>\n<meta property=\"og:type\" content=\"article\" \/>\n<meta property=\"og:title\" content=\"Greeicy y Jay Wheeler, el d\u00fao que no sab\u00edamos que necesit\u00e1bamos\" \/>\n<meta property=\"og:description\" content=\"La canci\u00f3n que llevaba esperando dos a\u00f1os para ser escuchada, Greeicy y Jay Wheeler estrenen \u201cQu\u00e9 Te Pas\u00f3\u201d\" \/>\n<meta property=\"og:url\" content=\"https:\/\/unaymilletras.com\/en\/greeicy-y-jay-wheeler-el-duo-que-no-sabiamos-que-necesitabamos\/\" \/>\n<meta property=\"og:site_name\" content=\"Una y Mil Letras\" \/>\n<meta property=\"article:published_time\" content=\"2024-10-10T16:16:58+00:00\" \/>\n<meta property=\"article:modified_time\" content=\"2024-10-10T16:22:25+00:00\" \/>\n<meta property=\"og:image\" content=\"http:\/\/unaymilletras.com\/wp-content\/uploads\/2024\/10\/COVER-1-scaled-e1728577115789.jpg\" \/>\n\t<meta property=\"og:image:width\" content=\"600\" \/>\n\t<meta property=\"og:image:height\" content=\"600\" \/>\n\t<meta property=\"og:image:type\" content=\"image\/jpeg\" \/>\n<meta name=\"author\" content=\"Maria Gil Robledo\" \/>\n<meta name=\"twitter:card\" content=\"summary_large_image\" \/>\n<meta name=\"twitter:creator\" content=\"@UnaYMilLetras\" \/>\n<meta name=\"twitter:site\" content=\"@UnaYMilLetras\" \/>\n<meta name=\"twitter:label1\" content=\"Written by\" \/>\n\t<meta name=\"twitter:data1\" content=\"Maria Gil Robledo\" \/>\n\t<meta name=\"twitter:label2\" content=\"Estimated reading time\" \/>\n\t<meta name=\"twitter:data2\" content=\"2 minutes\" \/>\n<script type=\"application\/ld+json\" class=\"yoast-schema-graph\">{\"@context\":\"https:\\\/\\\/schema.org\",\"@graph\":[{\"@type\":\"Article\",\"@id\":\"https:\\\/\\\/unaymilletras.com\\\/greeicy-y-jay-wheeler-el-duo-que-no-sabiamos-que-necesitabamos\\\/#article\",\"isPartOf\":{\"@id\":\"https:\\\/\\\/unaymilletras.com\\\/greeicy-y-jay-wheeler-el-duo-que-no-sabiamos-que-necesitabamos\\\/\"},\"author\":{\"name\":\"Maria Gil Robledo\",\"@id\":\"http:\\\/\\\/unaymilletras.com\\\/#\\\/schema\\\/person\\\/d55ba681b8a4e463d8982dbe36a5dc94\"},\"headline\":\"Greeicy y Jay Wheeler, el d\u00fao que no sab\u00edamos que necesit\u00e1bamos\",\"datePublished\":\"2024-10-10T16:16:58+00:00\",\"dateModified\":\"2024-10-10T16:22:25+00:00\",\"mainEntityOfPage\":{\"@id\":\"https:\\\/\\\/unaymilletras.com\\\/greeicy-y-jay-wheeler-el-duo-que-no-sabiamos-que-necesitabamos\\\/\"},\"wordCount\":278,\"commentCount\":0,\"publisher\":{\"@id\":\"http:\\\/\\\/unaymilletras.com\\\/#organization\"},\"image\":{\"@id\":\"https:\\\/\\\/unaymilletras.com\\\/greeicy-y-jay-wheeler-el-duo-que-no-sabiamos-que-necesitabamos\\\/#primaryimage\"},\"thumbnailUrl\":\"https:\\\/\\\/unaymilletras.com\\\/wp-content\\\/uploads\\\/2024\\\/10\\\/COVER-1-scaled-e1728577115789.jpg\",\"articleSection\":[\"M\u00fasica\"],\"inLanguage\":\"en-GB\",\"potentialAction\":[{\"@type\":\"CommentAction\",\"name\":\"Comment\",\"target\":[\"https:\\\/\\\/unaymilletras.com\\\/greeicy-y-jay-wheeler-el-duo-que-no-sabiamos-que-necesitabamos\\\/#respond\"]}]},{\"@type\":\"WebPage\",\"@id\":\"https:\\\/\\\/unaymilletras.com\\\/greeicy-y-jay-wheeler-el-duo-que-no-sabiamos-que-necesitabamos\\\/\",\"url\":\"https:\\\/\\\/unaymilletras.com\\\/greeicy-y-jay-wheeler-el-duo-que-no-sabiamos-que-necesitabamos\\\/\",\"name\":\"Greeicy y Jay Wheeler, el d\u00fao que no sab\u00edamos que necesit\u00e1bamos\",\"isPartOf\":{\"@id\":\"http:\\\/\\\/unaymilletras.com\\\/#website\"},\"primaryImageOfPage\":{\"@id\":\"https:\\\/\\\/unaymilletras.com\\\/greeicy-y-jay-wheeler-el-duo-que-no-sabiamos-que-necesitabamos\\\/#primaryimage\"},\"image\":{\"@id\":\"https:\\\/\\\/unaymilletras.com\\\/greeicy-y-jay-wheeler-el-duo-que-no-sabiamos-que-necesitabamos\\\/#primaryimage\"},\"thumbnailUrl\":\"https:\\\/\\\/unaymilletras.com\\\/wp-content\\\/uploads\\\/2024\\\/10\\\/COVER-1-scaled-e1728577115789.jpg\",\"datePublished\":\"2024-10-10T16:16:58+00:00\",\"dateModified\":\"2024-10-10T16:22:25+00:00\",\"description\":\"La canci\u00f3n que llevaba esperando dos a\u00f1os para ser escuchada, Greeicy y Jay Wheeler estrenen \u201cQu\u00e9 Te Pas\u00f3\u201d\",\"breadcrumb\":{\"@id\":\"https:\\\/\\\/unaymilletras.com\\\/greeicy-y-jay-wheeler-el-duo-que-no-sabiamos-que-necesitabamos\\\/#breadcrumb\"},\"inLanguage\":\"en-GB\",\"potentialAction\":[{\"@type\":\"ReadAction\",\"target\":[\"https:\\\/\\\/unaymilletras.com\\\/greeicy-y-jay-wheeler-el-duo-que-no-sabiamos-que-necesitabamos\\\/\"]}]},{\"@type\":\"ImageObject\",\"inLanguage\":\"en-GB\",\"@id\":\"https:\\\/\\\/unaymilletras.com\\\/greeicy-y-jay-wheeler-el-duo-que-no-sabiamos-que-necesitabamos\\\/#primaryimage\",\"url\":\"https:\\\/\\\/unaymilletras.com\\\/wp-content\\\/uploads\\\/2024\\\/10\\\/COVER-1-scaled-e1728577115789.jpg\",\"contentUrl\":\"https:\\\/\\\/unaymilletras.com\\\/wp-content\\\/uploads\\\/2024\\\/10\\\/COVER-1-scaled-e1728577115789.jpg\",\"width\":600,\"height\":600,\"caption\":\"Greeicy\"},{\"@type\":\"BreadcrumbList\",\"@id\":\"https:\\\/\\\/unaymilletras.com\\\/greeicy-y-jay-wheeler-el-duo-que-no-sabiamos-que-necesitabamos\\\/#breadcrumb\",\"itemListElement\":[{\"@type\":\"ListItem\",\"position\":1,\"name\":\"Home\",\"item\":\"http:\\\/\\\/unaymilletras.com\\\/\"},{\"@type\":\"ListItem\",\"position\":2,\"name\":\"Greeicy y Jay Wheeler, el d\u00fao que no sab\u00edamos que necesit\u00e1bamos\"}]},{\"@type\":\"WebSite\",\"@id\":\"http:\\\/\\\/unaymilletras.com\\\/#website\",\"url\":\"http:\\\/\\\/unaymilletras.com\\\/\",\"name\":\"Una y Mil Letras\",\"description\":\"\",\"publisher\":{\"@id\":\"http:\\\/\\\/unaymilletras.com\\\/#organization\"},\"potentialAction\":[{\"@type\":\"SearchAction\",\"target\":{\"@type\":\"EntryPoint\",\"urlTemplate\":\"http:\\\/\\\/unaymilletras.com\\\/?s={search_term_string}\"},\"query-input\":{\"@type\":\"PropertyValueSpecification\",\"valueRequired\":true,\"valueName\":\"search_term_string\"}}],\"inLanguage\":\"en-GB\"},{\"@type\":\"Organization\",\"@id\":\"http:\\\/\\\/unaymilletras.com\\\/#organization\",\"name\":\"Una y Mil Letras\",\"url\":\"http:\\\/\\\/unaymilletras.com\\\/\",\"logo\":{\"@type\":\"ImageObject\",\"inLanguage\":\"en-GB\",\"@id\":\"http:\\\/\\\/unaymilletras.com\\\/#\\\/schema\\\/logo\\\/image\\\/\",\"url\":\"https:\\\/\\\/unaymilletras.com\\\/wp-content\\\/uploads\\\/2024\\\/06\\\/cropped-Logo-removebg-preview.png\",\"contentUrl\":\"https:\\\/\\\/unaymilletras.com\\\/wp-content\\\/uploads\\\/2024\\\/06\\\/cropped-Logo-removebg-preview.png\",\"width\":512,\"height\":512,\"caption\":\"Una y Mil Letras\"},\"image\":{\"@id\":\"http:\\\/\\\/unaymilletras.com\\\/#\\\/schema\\\/logo\\\/image\\\/\"},\"sameAs\":[\"https:\\\/\\\/x.com\\\/UnaYMilLetras\",\"https:\\\/\\\/instagram.com\\\/UnaYMilLetras\"]},{\"@type\":\"Person\",\"@id\":\"http:\\\/\\\/unaymilletras.com\\\/#\\\/schema\\\/person\\\/d55ba681b8a4e463d8982dbe36a5dc94\",\"name\":\"Maria Gil Robledo\",\"image\":{\"@type\":\"ImageObject\",\"inLanguage\":\"en-GB\",\"@id\":\"https:\\\/\\\/secure.gravatar.com\\\/avatar\\\/4b8e5102e0015789407eb4870b12f0f2857952d83ca124058f92b764bd1840c3?s=96&d=mm&r=g\",\"url\":\"https:\\\/\\\/secure.gravatar.com\\\/avatar\\\/4b8e5102e0015789407eb4870b12f0f2857952d83ca124058f92b764bd1840c3?s=96&d=mm&r=g\",\"contentUrl\":\"https:\\\/\\\/secure.gravatar.com\\\/avatar\\\/4b8e5102e0015789407eb4870b12f0f2857952d83ca124058f92b764bd1840c3?s=96&d=mm&r=g\",\"caption\":\"Maria Gil Robledo\"},\"sameAs\":[\"http:\\\/\\\/unaymilletras.com\"],\"url\":\"https:\\\/\\\/unaymilletras.com\\\/en\\\/author\\\/mariiagiil02_\\\/\"}]}<\/script>\n<!-- \/ Yoast SEO plugin. -->","yoast_head_json":{"title":"Greeicy y Jay Wheeler, el d\u00fao que no sab\u00edamos que necesit\u00e1bamos","description":"La canci\u00f3n que llevaba esperando dos a\u00f1os para ser escuchada, Greeicy y Jay Wheeler estrenen \u201cQu\u00e9 Te Pas\u00f3\u201d","robots":{"index":"index","follow":"follow","max-snippet":"max-snippet:-1","max-image-preview":"max-image-preview:large","max-video-preview":"max-video-preview:-1"},"canonical":"https:\/\/unaymilletras.com\/en\/greeicy-y-jay-wheeler-el-duo-que-no-sabiamos-que-necesitabamos\/","og_locale":"en_GB","og_type":"article","og_title":"Greeicy y Jay Wheeler, el d\u00fao que no sab\u00edamos que necesit\u00e1bamos","og_description":"La canci\u00f3n que llevaba esperando dos a\u00f1os para ser escuchada, Greeicy y Jay Wheeler estrenen \u201cQu\u00e9 Te Pas\u00f3\u201d","og_url":"https:\/\/unaymilletras.com\/en\/greeicy-y-jay-wheeler-el-duo-que-no-sabiamos-que-necesitabamos\/","og_site_name":"Una y Mil Letras","article_published_time":"2024-10-10T16:16:58+00:00","article_modified_time":"2024-10-10T16:22:25+00:00","og_image":[{"width":600,"height":600,"url":"http:\/\/unaymilletras.com\/wp-content\/uploads\/2024\/10\/COVER-1-scaled-e1728577115789.jpg","type":"image\/jpeg"}],"author":"Maria Gil Robledo","twitter_card":"summary_large_image","twitter_creator":"@UnaYMilLetras","twitter_site":"@UnaYMilLetras","twitter_misc":{"Written by":"Maria Gil Robledo","Estimated reading time":"2 minutes"},"schema":{"@context":"https:\/\/schema.org","@graph":[{"@type":"Article","@id":"https:\/\/unaymilletras.com\/greeicy-y-jay-wheeler-el-duo-que-no-sabiamos-que-necesitabamos\/#article","isPartOf":{"@id":"https:\/\/unaymilletras.com\/greeicy-y-jay-wheeler-el-duo-que-no-sabiamos-que-necesitabamos\/"},"author":{"name":"Maria Gil Robledo","@id":"http:\/\/unaymilletras.com\/#\/schema\/person\/d55ba681b8a4e463d8982dbe36a5dc94"},"headline":"Greeicy y Jay Wheeler, el d\u00fao que no sab\u00edamos que necesit\u00e1bamos","datePublished":"2024-10-10T16:16:58+00:00","dateModified":"2024-10-10T16:22:25+00:00","mainEntityOfPage":{"@id":"https:\/\/unaymilletras.com\/greeicy-y-jay-wheeler-el-duo-que-no-sabiamos-que-necesitabamos\/"},"wordCount":278,"commentCount":0,"publisher":{"@id":"http:\/\/unaymilletras.com\/#organization"},"image":{"@id":"https:\/\/unaymilletras.com\/greeicy-y-jay-wheeler-el-duo-que-no-sabiamos-que-necesitabamos\/#primaryimage"},"thumbnailUrl":"https:\/\/unaymilletras.com\/wp-content\/uploads\/2024\/10\/COVER-1-scaled-e1728577115789.jpg","articleSection":["M\u00fasica"],"inLanguage":"en-GB","potentialAction":[{"@type":"CommentAction","name":"Comment","target":["https:\/\/unaymilletras.com\/greeicy-y-jay-wheeler-el-duo-que-no-sabiamos-que-necesitabamos\/#respond"]}]},{"@type":"WebPage","@id":"https:\/\/unaymilletras.com\/greeicy-y-jay-wheeler-el-duo-que-no-sabiamos-que-necesitabamos\/","url":"https:\/\/unaymilletras.com\/greeicy-y-jay-wheeler-el-duo-que-no-sabiamos-que-necesitabamos\/","name":"Greeicy y Jay Wheeler, el d\u00fao que no sab\u00edamos que necesit\u00e1bamos","isPartOf":{"@id":"http:\/\/unaymilletras.com\/#website"},"primaryImageOfPage":{"@id":"https:\/\/unaymilletras.com\/greeicy-y-jay-wheeler-el-duo-que-no-sabiamos-que-necesitabamos\/#primaryimage"},"image":{"@id":"https:\/\/unaymilletras.com\/greeicy-y-jay-wheeler-el-duo-que-no-sabiamos-que-necesitabamos\/#primaryimage"},"thumbnailUrl":"https:\/\/unaymilletras.com\/wp-content\/uploads\/2024\/10\/COVER-1-scaled-e1728577115789.jpg","datePublished":"2024-10-10T16:16:58+00:00","dateModified":"2024-10-10T16:22:25+00:00","description":"La canci\u00f3n que llevaba esperando dos a\u00f1os para ser escuchada, Greeicy y Jay Wheeler estrenen \u201cQu\u00e9 Te Pas\u00f3\u201d","breadcrumb":{"@id":"https:\/\/unaymilletras.com\/greeicy-y-jay-wheeler-el-duo-que-no-sabiamos-que-necesitabamos\/#breadcrumb"},"inLanguage":"en-GB","potentialAction":[{"@type":"ReadAction","target":["https:\/\/unaymilletras.com\/greeicy-y-jay-wheeler-el-duo-que-no-sabiamos-que-necesitabamos\/"]}]},{"@type":"ImageObject","inLanguage":"en-GB","@id":"https:\/\/unaymilletras.com\/greeicy-y-jay-wheeler-el-duo-que-no-sabiamos-que-necesitabamos\/#primaryimage","url":"https:\/\/unaymilletras.com\/wp-content\/uploads\/2024\/10\/COVER-1-scaled-e1728577115789.jpg","contentUrl":"https:\/\/unaymilletras.com\/wp-content\/uploads\/2024\/10\/COVER-1-scaled-e1728577115789.jpg","width":600,"height":600,"caption":"Greeicy"},{"@type":"BreadcrumbList","@id":"https:\/\/unaymilletras.com\/greeicy-y-jay-wheeler-el-duo-que-no-sabiamos-que-necesitabamos\/#breadcrumb","itemListElement":[{"@type":"ListItem","position":1,"name":"Home","item":"http:\/\/unaymilletras.com\/"},{"@type":"ListItem","position":2,"name":"Greeicy y Jay Wheeler, el d\u00fao que no sab\u00edamos que necesit\u00e1bamos"}]},{"@type":"WebSite","@id":"http:\/\/unaymilletras.com\/#website","url":"http:\/\/unaymilletras.com\/","name":"Una y Mil Letras","description":"","publisher":{"@id":"http:\/\/unaymilletras.com\/#organization"},"potentialAction":[{"@type":"SearchAction","target":{"@type":"EntryPoint","urlTemplate":"http:\/\/unaymilletras.com\/?s={search_term_string}"},"query-input":{"@type":"PropertyValueSpecification","valueRequired":true,"valueName":"search_term_string"}}],"inLanguage":"en-GB"},{"@type":"Organization","@id":"http:\/\/unaymilletras.com\/#organization","name":"Una y Mil Letras","url":"http:\/\/unaymilletras.com\/","logo":{"@type":"ImageObject","inLanguage":"en-GB","@id":"http:\/\/unaymilletras.com\/#\/schema\/logo\/image\/","url":"https:\/\/unaymilletras.com\/wp-content\/uploads\/2024\/06\/cropped-Logo-removebg-preview.png","contentUrl":"https:\/\/unaymilletras.com\/wp-content\/uploads\/2024\/06\/cropped-Logo-removebg-preview.png","width":512,"height":512,"caption":"Una y Mil Letras"},"image":{"@id":"http:\/\/unaymilletras.com\/#\/schema\/logo\/image\/"},"sameAs":["https:\/\/x.com\/UnaYMilLetras","https:\/\/instagram.com\/UnaYMilLetras"]},{"@type":"Person","@id":"http:\/\/unaymilletras.com\/#\/schema\/person\/d55ba681b8a4e463d8982dbe36a5dc94","name":"Maria Gil Robledo","image":{"@type":"ImageObject","inLanguage":"en-GB","@id":"https:\/\/secure.gravatar.com\/avatar\/4b8e5102e0015789407eb4870b12f0f2857952d83ca124058f92b764bd1840c3?s=96&d=mm&r=g","url":"https:\/\/secure.gravatar.com\/avatar\/4b8e5102e0015789407eb4870b12f0f2857952d83ca124058f92b764bd1840c3?s=96&d=mm&r=g","contentUrl":"https:\/\/secure.gravatar.com\/avatar\/4b8e5102e0015789407eb4870b12f0f2857952d83ca124058f92b764bd1840c3?s=96&d=mm&r=g","caption":"Maria Gil Robledo"},"sameAs":["http:\/\/unaymilletras.com"],"url":"https:\/\/unaymilletras.com\/en\/author\/mariiagiil02_\/"}]}},"_links":{"self":[{"href":"https:\/\/unaymilletras.com\/en\/wp-json\/wp\/v2\/posts\/3175","targetHints":{"allow":["GET"]}}],"collection":[{"href":"https:\/\/unaymilletras.com\/en\/wp-json\/wp\/v2\/posts"}],"about":[{"href":"https:\/\/unaymilletras.com\/en\/wp-json\/wp\/v2\/types\/post"}],"author":[{"embeddable":true,"href":"https:\/\/unaymilletras.com\/en\/wp-json\/wp\/v2\/users\/1"}],"replies":[{"embeddable":true,"href":"https:\/\/unaymilletras.com\/en\/wp-json\/wp\/v2\/comments?post=3175"}],"version-history":[{"count":8,"href":"https:\/\/unaymilletras.com\/en\/wp-json\/wp\/v2\/posts\/3175\/revisions"}],"predecessor-version":[{"id":3184,"href":"https:\/\/unaymilletras.com\/en\/wp-json\/wp\/v2\/posts\/3175\/revisions\/3184"}],"wp:featuredmedia":[{"embeddable":true,"href":"https:\/\/unaymilletras.com\/en\/wp-json\/wp\/v2\/media\/3181"}],"wp:attachment":[{"href":"https:\/\/unaymilletras.com\/en\/wp-json\/wp\/v2\/media?parent=3175"}],"wp:term":[{"taxonomy":"category","embeddable":true,"href":"https:\/\/unaymilletras.com\/en\/wp-json\/wp\/v2\/categories?post=3175"},{"taxonomy":"post_tag","embeddable":true,"href":"https:\/\/unaymilletras.com\/en\/wp-json\/wp\/v2\/tags?post=3175"}],"curies":[{"name":"wp","href":"https:\/\/api.w.org\/{rel}","templated":true}]}}