{"id":3186,"date":"2024-10-11T13:34:44","date_gmt":"2024-10-11T11:34:44","guid":{"rendered":"https:\/\/unaymilletras.com\/?p=3186"},"modified":"2024-11-08T11:53:30","modified_gmt":"2024-11-08T10:53:30","slug":"marmi-nos-invita-a-la-casa-de-la-playa","status":"publish","type":"post","link":"https:\/\/unaymilletras.com\/en\/marmi-nos-invita-a-la-casa-de-la-playa\/","title":{"rendered":"Marmi nos invita a \u00abLa Casa de la Playa\u00bb"},"content":{"rendered":"\t\t<div data-elementor-type=\"wp-post\" data-elementor-id=\"3186\" class=\"elementor elementor-3186\">\n\t\t\t\t\t\t<section class=\"elementor-section elementor-top-section elementor-element elementor-element-07496b6 elementor-section-boxed elementor-section-height-default elementor-section-height-default\" data-id=\"07496b6\" data-element_type=\"section\" data-e-type=\"section\">\n\t\t\t\t\t\t<div class=\"elementor-container elementor-column-gap-default\">\n\t\t\t\t\t<div class=\"elementor-column elementor-col-100 elementor-top-column elementor-element elementor-element-f84e3ef\" data-id=\"f84e3ef\" data-element_type=\"column\" data-e-type=\"column\">\n\t\t\t<div class=\"elementor-widget-wrap elementor-element-populated\">\n\t\t\t\t\t\t<div class=\"elementor-element elementor-element-6dab522 elementor-widget elementor-widget-text-editor\" data-id=\"6dab522\" data-element_type=\"widget\" data-e-type=\"widget\" data-widget_type=\"text-editor.default\">\n\t\t\t\t<div class=\"elementor-widget-container\">\n\t\t\t\t\t\t\t\t\t<h2 style=\"text-align: center;\"><span style=\"color: #808080;\"><em>\u00abLa Casa de la Playa\u00bb es el primer \u00e1lbum de Marmi, un trabajo lleno de nostalgia y aventuras veraniegas<\/em><\/span><\/h2>\t\t\t\t\t\t\t\t<\/div>\n\t\t\t\t<\/div>\n\t\t\t\t\t<\/div>\n\t\t<\/div>\n\t\t\t\t\t<\/div>\n\t\t<\/section>\n\t\t\t\t<section class=\"elementor-section elementor-top-section elementor-element elementor-element-a7026ee elementor-section-boxed elementor-section-height-default elementor-section-height-default\" data-id=\"a7026ee\" data-element_type=\"section\" data-e-type=\"section\">\n\t\t\t\t\t\t<div class=\"elementor-container elementor-column-gap-default\">\n\t\t\t\t\t<div class=\"elementor-column elementor-col-100 elementor-top-column elementor-element elementor-element-5b79cec\" data-id=\"5b79cec\" data-element_type=\"column\" data-e-type=\"column\">\n\t\t\t<div class=\"elementor-widget-wrap elementor-element-populated\">\n\t\t\t\t\t\t<div class=\"elementor-element elementor-element-fce50ab elementor-widget elementor-widget-text-editor\" data-id=\"fce50ab\" data-element_type=\"widget\" data-e-type=\"widget\" data-widget_type=\"text-editor.default\">\n\t\t\t\t<div class=\"elementor-widget-container\">\n\t\t\t\t\t\t\t\t\t<p>El cantante <strong>Marmi<\/strong> nos invita a vivir la magia de los d\u00edas de verano con el lanzamiento de su primer \u00e1lbum, <strong><em>La Casa de la Playa<\/em><\/strong>. Este trabajo es una verdadera oda a esos momentos sin preocupaciones, donde el amor, la amistad y la nostalgia se mezclan con las emociones m\u00e1s puras de la juventud. Cada canci\u00f3n es un viaje que revive las aventuras de playa, los amores fugaces y las amistades que nos marcaron para siempre durante los veranos de nuestra vida.<\/p>\t\t\t\t\t\t\t\t<\/div>\n\t\t\t\t<\/div>\n\t\t\t\t\t<\/div>\n\t\t<\/div>\n\t\t\t\t\t<\/div>\n\t\t<\/section>\n\t\t\t\t<section class=\"elementor-section elementor-top-section elementor-element elementor-element-16e55e2 elementor-section-boxed elementor-section-height-default elementor-section-height-default\" data-id=\"16e55e2\" data-element_type=\"section\" data-e-type=\"section\">\n\t\t\t\t\t\t<div class=\"elementor-container elementor-column-gap-default\">\n\t\t\t\t\t<div class=\"elementor-column elementor-col-50 elementor-top-column elementor-element elementor-element-80442ed\" data-id=\"80442ed\" data-element_type=\"column\" data-e-type=\"column\">\n\t\t\t<div class=\"elementor-widget-wrap elementor-element-populated\">\n\t\t\t\t\t\t<div class=\"elementor-element elementor-element-1b52d5a elementor-widget elementor-widget-text-editor\" data-id=\"1b52d5a\" data-element_type=\"widget\" data-e-type=\"widget\" data-widget_type=\"text-editor.default\">\n\t\t\t\t<div class=\"elementor-widget-container\">\n\t\t\t\t\t\t\t\t\t<p><em>La Casa de la Playa<\/em> destaca por su sonido fresco, que combina el pop rock dosmilero con toques modernos, transportando al oyente a esas noches eternas de verano. Con temas como <em>Perdiendo los Frenos<\/em> y <em>Una Vida a Tu Lao<\/em>, Marmi deja claro que su direcci\u00f3n musical se basa en esos recuerdos que nos hacen sonre\u00edr al primer acorde de guitarra. Las melod\u00edas pegajosas y las letras sinceras crean el ambiente perfecto para cualquier fiesta en la playa, mientras que <em>El Forastero<\/em> muestra su lado m\u00e1s experimental, adentr\u00e1ndose en la rumba catalana para darle un giro inesperado a su sonido.<\/p>\t\t\t\t\t\t\t\t<\/div>\n\t\t\t\t<\/div>\n\t\t\t\t\t<\/div>\n\t\t<\/div>\n\t\t\t\t<div class=\"elementor-column elementor-col-50 elementor-top-column elementor-element elementor-element-50e23b4\" data-id=\"50e23b4\" data-element_type=\"column\" data-e-type=\"column\">\n\t\t\t<div class=\"elementor-widget-wrap elementor-element-populated\">\n\t\t\t\t\t\t<div class=\"elementor-element elementor-element-62fa973 elementor-widget elementor-widget-image\" data-id=\"62fa973\" data-element_type=\"widget\" data-e-type=\"widget\" data-widget_type=\"image.default\">\n\t\t\t\t<div class=\"elementor-widget-container\">\n\t\t\t\t\t\t\t\t\t\t\t\t\t\t\t<img fetchpriority=\"high\" decoding=\"async\" width=\"640\" height=\"635\" src=\"https:\/\/unaymilletras.com\/wp-content\/uploads\/2024\/10\/w660_1123074_portada-marmi.jpg\" class=\"attachment-large size-large wp-image-3188\" alt=\"Marmi\" srcset=\"https:\/\/unaymilletras.com\/wp-content\/uploads\/2024\/10\/w660_1123074_portada-marmi.jpg 660w, https:\/\/unaymilletras.com\/wp-content\/uploads\/2024\/10\/w660_1123074_portada-marmi-300x298.jpg 300w, https:\/\/unaymilletras.com\/wp-content\/uploads\/2024\/10\/w660_1123074_portada-marmi-150x150.jpg 150w, https:\/\/unaymilletras.com\/wp-content\/uploads\/2024\/10\/w660_1123074_portada-marmi-12x12.jpg 12w\" sizes=\"(max-width: 640px) 100vw, 640px\" \/>\t\t\t\t\t\t\t\t\t\t\t\t\t\t\t<\/div>\n\t\t\t\t<\/div>\n\t\t\t\t\t<\/div>\n\t\t<\/div>\n\t\t\t\t\t<\/div>\n\t\t<\/section>\n\t\t\t\t<section class=\"elementor-section elementor-top-section elementor-element elementor-element-ea56515 elementor-section-boxed elementor-section-height-default elementor-section-height-default\" data-id=\"ea56515\" data-element_type=\"section\" data-e-type=\"section\">\n\t\t\t\t\t\t<div class=\"elementor-container elementor-column-gap-default\">\n\t\t\t\t\t<div class=\"elementor-column elementor-col-100 elementor-top-column elementor-element elementor-element-344fe58\" data-id=\"344fe58\" data-element_type=\"column\" data-e-type=\"column\">\n\t\t\t<div class=\"elementor-widget-wrap elementor-element-populated\">\n\t\t\t\t\t\t<div class=\"elementor-element elementor-element-7c51867 elementor-widget elementor-widget-text-editor\" data-id=\"7c51867\" data-element_type=\"widget\" data-e-type=\"widget\" data-widget_type=\"text-editor.default\">\n\t\t\t\t<div class=\"elementor-widget-container\">\n\t\t\t\t\t\t\t\t\t<p><span style=\"color: #808080;\">El \u00e1lbum tambi\u00e9n cuenta con una colaboraci\u00f3n estelar con <strong><a style=\"color: #808080;\" href=\"https:\/\/unaymilletras.com\/boombastic-asturias-segundo-avance-y-revelacion-de-dias\/\">ENOL<\/a><\/strong> en el tema <em>Dua Lipa<\/em>, un tema explosivo que destaca por la qu\u00edmica entre ambos artistas y su energ\u00eda contagiosa. Con melod\u00edas llenas de ritmo y frescura, <em>Dua Lipa<\/em>\u00a0promete convertirse en uno de los hits del verano.<\/span><\/p>\t\t\t\t\t\t\t\t<\/div>\n\t\t\t\t<\/div>\n\t\t\t\t\t<\/div>\n\t\t<\/div>\n\t\t\t\t\t<\/div>\n\t\t<\/section>\n\t\t\t\t<section class=\"elementor-section elementor-top-section elementor-element elementor-element-7a5622e elementor-section-boxed elementor-section-height-default elementor-section-height-default\" data-id=\"7a5622e\" data-element_type=\"section\" data-e-type=\"section\">\n\t\t\t\t\t\t<div class=\"elementor-container elementor-column-gap-default\">\n\t\t\t\t\t<div class=\"elementor-column elementor-col-100 elementor-top-column elementor-element elementor-element-70b5e0e\" data-id=\"70b5e0e\" data-element_type=\"column\" data-e-type=\"column\">\n\t\t\t<div class=\"elementor-widget-wrap elementor-element-populated\">\n\t\t\t\t\t\t<div class=\"elementor-element elementor-element-e705bff elementor-widget elementor-widget-video\" data-id=\"e705bff\" data-element_type=\"widget\" data-e-type=\"widget\" data-settings=\"{&quot;youtube_url&quot;:&quot;https:\\\/\\\/www.youtube.com\\\/watch?v=jemL7Gz5GJQ&amp;ab_channel=MarmiVEVO&quot;,&quot;video_type&quot;:&quot;youtube&quot;,&quot;controls&quot;:&quot;yes&quot;}\" data-widget_type=\"video.default\">\n\t\t\t\t<div class=\"elementor-widget-container\">\n\t\t\t\t\t\t\t<div class=\"elementor-wrapper elementor-open-inline\">\n\t\t\t<div class=\"elementor-video\"><\/div>\t\t<\/div>\n\t\t\t\t\t\t<\/div>\n\t\t\t\t<\/div>\n\t\t\t\t\t<\/div>\n\t\t<\/div>\n\t\t\t\t\t<\/div>\n\t\t<\/section>\n\t\t\t\t<section class=\"elementor-section elementor-top-section elementor-element elementor-element-4982318 elementor-section-boxed elementor-section-height-default elementor-section-height-default\" data-id=\"4982318\" data-element_type=\"section\" data-e-type=\"section\">\n\t\t\t\t\t\t<div class=\"elementor-container elementor-column-gap-default\">\n\t\t\t\t\t<div class=\"elementor-column elementor-col-100 elementor-top-column elementor-element elementor-element-1536cd7\" data-id=\"1536cd7\" data-element_type=\"column\" data-e-type=\"column\">\n\t\t\t<div class=\"elementor-widget-wrap elementor-element-populated\">\n\t\t\t\t\t\t<div class=\"elementor-element elementor-element-77fbb37 elementor-widget elementor-widget-text-editor\" data-id=\"77fbb37\" data-element_type=\"widget\" data-e-type=\"widget\" data-widget_type=\"text-editor.default\">\n\t\t\t\t<div class=\"elementor-widget-container\">\n\t\t\t\t\t\t\t\t\t<div class=\"flex max-w-full flex-col flex-grow\"><div class=\"min-h-8 text-message flex w-full flex-col items-end gap-2 whitespace-normal break-words [.text-message+&amp;]:mt-5\" dir=\"auto\" data-message-author-role=\"assistant\" data-message-id=\"cab03404-6c6f-410b-97f9-eca8387d7e56\" data-message-model-slug=\"gpt-4o\"><div class=\"flex w-full flex-col gap-1 empty:hidden first:pt-[3px]\"><div class=\"markdown prose w-full break-words dark:prose-invert light\"><p><span style=\"color: #808080;\">Este primer trabajo de Marmi es m\u00e1s que un \u00e1lbum: es una ventana abierta a los recuerdos de juventud y un homenaje a los momentos inolvidables vividos junto al mar.<a style=\"color: #808080;\" href=\"https:\/\/open.spotify.com\/intl-es\/track\/24I08O6EAKFequo0G5IZrV?si=2b0e07ba7db94fe1\"> <em>La Casa de la Playa<\/em><\/a> llega como una promesa de que, aunque los d\u00edas de verano pasen, las emociones que nos dejaron nunca se desvanecen.<\/span><\/p><\/div><\/div><\/div><\/div>\t\t\t\t\t\t\t\t<\/div>\n\t\t\t\t<\/div>\n\t\t\t\t\t<\/div>\n\t\t<\/div>\n\t\t\t\t\t<\/div>\n\t\t<\/section>\n\t\t\t\t<\/div>\n\t\t","protected":false},"excerpt":{"rendered":"<p>\u00abLa Casa de la Playa\u00bb es el primer \u00e1lbum de Marmi, un trabajo lleno de nostalgia y aventuras veraniegas El cantante Marmi nos invita a vivir la magia de los d\u00edas de verano con el lanzamiento de su primer \u00e1lbum, La Casa de la Playa. Este trabajo es una verdadera oda a esos momentos sin [&hellip;]<\/p>\n","protected":false},"author":6,"featured_media":3188,"comment_status":"open","ping_status":"open","sticky":false,"template":"","format":"standard","meta":{"footnotes":""},"categories":[4],"tags":[],"class_list":["post-3186","post","type-post","status-publish","format-standard","has-post-thumbnail","hentry","category-musica"],"yoast_head":"<!-- This site is optimized with the Yoast SEO plugin v27.4 - https:\/\/yoast.com\/product\/yoast-seo-wordpress\/ -->\n<title>Marmi nos invita a &quot;La Casa de la Playa&quot;<\/title>\n<meta name=\"description\" content=\"&quot;La Casa de la Playa&quot; es el primer \u00e1lbum de Marmi, un trabajo lleno de nostalgia y aventuras veraniegas, ya disponible\" \/>\n<meta name=\"robots\" content=\"index, follow, max-snippet:-1, max-image-preview:large, max-video-preview:-1\" \/>\n<link rel=\"canonical\" href=\"https:\/\/unaymilletras.com\/en\/marmi-nos-invita-a-la-casa-de-la-playa\/\" \/>\n<meta property=\"og:locale\" content=\"en_GB\" \/>\n<meta property=\"og:type\" content=\"article\" \/>\n<meta property=\"og:title\" content=\"Marmi nos invita a &quot;La Casa de la Playa&quot;\" \/>\n<meta property=\"og:description\" content=\"&quot;La Casa de la Playa&quot; es el primer \u00e1lbum de Marmi, un trabajo lleno de nostalgia y aventuras veraniegas, ya disponible\" \/>\n<meta property=\"og:url\" content=\"https:\/\/unaymilletras.com\/en\/marmi-nos-invita-a-la-casa-de-la-playa\/\" \/>\n<meta property=\"og:site_name\" content=\"Una y Mil Letras\" \/>\n<meta property=\"article:published_time\" content=\"2024-10-11T11:34:44+00:00\" \/>\n<meta property=\"article:modified_time\" content=\"2024-11-08T10:53:30+00:00\" \/>\n<meta property=\"og:image\" content=\"http:\/\/unaymilletras.com\/wp-content\/uploads\/2024\/10\/w660_1123074_portada-marmi.jpg\" \/>\n\t<meta property=\"og:image:width\" content=\"660\" \/>\n\t<meta property=\"og:image:height\" content=\"655\" \/>\n\t<meta property=\"og:image:type\" content=\"image\/jpeg\" \/>\n<meta name=\"author\" content=\"Redacci\u00f3n\" \/>\n<meta name=\"twitter:card\" content=\"summary_large_image\" \/>\n<meta name=\"twitter:creator\" content=\"@UnaYMilLetras\" \/>\n<meta name=\"twitter:site\" content=\"@UnaYMilLetras\" \/>\n<meta name=\"twitter:label1\" content=\"Written by\" \/>\n\t<meta name=\"twitter:data1\" content=\"Redacci\u00f3n\" \/>\n\t<meta name=\"twitter:label2\" content=\"Estimated reading time\" \/>\n\t<meta name=\"twitter:data2\" content=\"2 minutes\" \/>\n<script type=\"application\/ld+json\" class=\"yoast-schema-graph\">{\"@context\":\"https:\\\/\\\/schema.org\",\"@graph\":[{\"@type\":\"Article\",\"@id\":\"https:\\\/\\\/unaymilletras.com\\\/marmi-nos-invita-a-la-casa-de-la-playa\\\/#article\",\"isPartOf\":{\"@id\":\"https:\\\/\\\/unaymilletras.com\\\/marmi-nos-invita-a-la-casa-de-la-playa\\\/\"},\"author\":{\"name\":\"Redacci\u00f3n\",\"@id\":\"http:\\\/\\\/unaymilletras.com\\\/#\\\/schema\\\/person\\\/0860dc8a218329991ee2c7591f4f849d\"},\"headline\":\"Marmi nos invita a \u00abLa Casa de la Playa\u00bb\",\"datePublished\":\"2024-10-11T11:34:44+00:00\",\"dateModified\":\"2024-11-08T10:53:30+00:00\",\"mainEntityOfPage\":{\"@id\":\"https:\\\/\\\/unaymilletras.com\\\/marmi-nos-invita-a-la-casa-de-la-playa\\\/\"},\"wordCount\":340,\"commentCount\":0,\"publisher\":{\"@id\":\"http:\\\/\\\/unaymilletras.com\\\/#organization\"},\"image\":{\"@id\":\"https:\\\/\\\/unaymilletras.com\\\/marmi-nos-invita-a-la-casa-de-la-playa\\\/#primaryimage\"},\"thumbnailUrl\":\"https:\\\/\\\/unaymilletras.com\\\/wp-content\\\/uploads\\\/2024\\\/10\\\/w660_1123074_portada-marmi.jpg\",\"articleSection\":[\"M\u00fasica\"],\"inLanguage\":\"en-GB\",\"potentialAction\":[{\"@type\":\"CommentAction\",\"name\":\"Comment\",\"target\":[\"https:\\\/\\\/unaymilletras.com\\\/marmi-nos-invita-a-la-casa-de-la-playa\\\/#respond\"]}]},{\"@type\":\"WebPage\",\"@id\":\"https:\\\/\\\/unaymilletras.com\\\/marmi-nos-invita-a-la-casa-de-la-playa\\\/\",\"url\":\"https:\\\/\\\/unaymilletras.com\\\/marmi-nos-invita-a-la-casa-de-la-playa\\\/\",\"name\":\"Marmi nos invita a \\\"La Casa de la Playa\\\"\",\"isPartOf\":{\"@id\":\"http:\\\/\\\/unaymilletras.com\\\/#website\"},\"primaryImageOfPage\":{\"@id\":\"https:\\\/\\\/unaymilletras.com\\\/marmi-nos-invita-a-la-casa-de-la-playa\\\/#primaryimage\"},\"image\":{\"@id\":\"https:\\\/\\\/unaymilletras.com\\\/marmi-nos-invita-a-la-casa-de-la-playa\\\/#primaryimage\"},\"thumbnailUrl\":\"https:\\\/\\\/unaymilletras.com\\\/wp-content\\\/uploads\\\/2024\\\/10\\\/w660_1123074_portada-marmi.jpg\",\"datePublished\":\"2024-10-11T11:34:44+00:00\",\"dateModified\":\"2024-11-08T10:53:30+00:00\",\"description\":\"\\\"La Casa de la Playa\\\" es el primer \u00e1lbum de Marmi, un trabajo lleno de nostalgia y aventuras veraniegas, ya disponible\",\"breadcrumb\":{\"@id\":\"https:\\\/\\\/unaymilletras.com\\\/marmi-nos-invita-a-la-casa-de-la-playa\\\/#breadcrumb\"},\"inLanguage\":\"en-GB\",\"potentialAction\":[{\"@type\":\"ReadAction\",\"target\":[\"https:\\\/\\\/unaymilletras.com\\\/marmi-nos-invita-a-la-casa-de-la-playa\\\/\"]}]},{\"@type\":\"ImageObject\",\"inLanguage\":\"en-GB\",\"@id\":\"https:\\\/\\\/unaymilletras.com\\\/marmi-nos-invita-a-la-casa-de-la-playa\\\/#primaryimage\",\"url\":\"https:\\\/\\\/unaymilletras.com\\\/wp-content\\\/uploads\\\/2024\\\/10\\\/w660_1123074_portada-marmi.jpg\",\"contentUrl\":\"https:\\\/\\\/unaymilletras.com\\\/wp-content\\\/uploads\\\/2024\\\/10\\\/w660_1123074_portada-marmi.jpg\",\"width\":660,\"height\":655,\"caption\":\"Marmi\"},{\"@type\":\"BreadcrumbList\",\"@id\":\"https:\\\/\\\/unaymilletras.com\\\/marmi-nos-invita-a-la-casa-de-la-playa\\\/#breadcrumb\",\"itemListElement\":[{\"@type\":\"ListItem\",\"position\":1,\"name\":\"Home\",\"item\":\"http:\\\/\\\/unaymilletras.com\\\/\"},{\"@type\":\"ListItem\",\"position\":2,\"name\":\"Marmi nos invita a \u00abLa Casa de la Playa\u00bb\"}]},{\"@type\":\"WebSite\",\"@id\":\"http:\\\/\\\/unaymilletras.com\\\/#website\",\"url\":\"http:\\\/\\\/unaymilletras.com\\\/\",\"name\":\"Una y Mil Letras\",\"description\":\"\",\"publisher\":{\"@id\":\"http:\\\/\\\/unaymilletras.com\\\/#organization\"},\"potentialAction\":[{\"@type\":\"SearchAction\",\"target\":{\"@type\":\"EntryPoint\",\"urlTemplate\":\"http:\\\/\\\/unaymilletras.com\\\/?s={search_term_string}\"},\"query-input\":{\"@type\":\"PropertyValueSpecification\",\"valueRequired\":true,\"valueName\":\"search_term_string\"}}],\"inLanguage\":\"en-GB\"},{\"@type\":\"Organization\",\"@id\":\"http:\\\/\\\/unaymilletras.com\\\/#organization\",\"name\":\"Una y Mil Letras\",\"url\":\"http:\\\/\\\/unaymilletras.com\\\/\",\"logo\":{\"@type\":\"ImageObject\",\"inLanguage\":\"en-GB\",\"@id\":\"http:\\\/\\\/unaymilletras.com\\\/#\\\/schema\\\/logo\\\/image\\\/\",\"url\":\"https:\\\/\\\/unaymilletras.com\\\/wp-content\\\/uploads\\\/2024\\\/06\\\/cropped-Logo-removebg-preview.png\",\"contentUrl\":\"https:\\\/\\\/unaymilletras.com\\\/wp-content\\\/uploads\\\/2024\\\/06\\\/cropped-Logo-removebg-preview.png\",\"width\":512,\"height\":512,\"caption\":\"Una y Mil Letras\"},\"image\":{\"@id\":\"http:\\\/\\\/unaymilletras.com\\\/#\\\/schema\\\/logo\\\/image\\\/\"},\"sameAs\":[\"https:\\\/\\\/x.com\\\/UnaYMilLetras\",\"https:\\\/\\\/instagram.com\\\/UnaYMilLetras\"]},{\"@type\":\"Person\",\"@id\":\"http:\\\/\\\/unaymilletras.com\\\/#\\\/schema\\\/person\\\/0860dc8a218329991ee2c7591f4f849d\",\"name\":\"Redacci\u00f3n\",\"image\":{\"@type\":\"ImageObject\",\"inLanguage\":\"en-GB\",\"@id\":\"https:\\\/\\\/secure.gravatar.com\\\/avatar\\\/d8f55e05a8b6597e45c55a1dcbdbfe44f4a360d88b48e00de5216a79b7732796?s=96&d=mm&r=g\",\"url\":\"https:\\\/\\\/secure.gravatar.com\\\/avatar\\\/d8f55e05a8b6597e45c55a1dcbdbfe44f4a360d88b48e00de5216a79b7732796?s=96&d=mm&r=g\",\"contentUrl\":\"https:\\\/\\\/secure.gravatar.com\\\/avatar\\\/d8f55e05a8b6597e45c55a1dcbdbfe44f4a360d88b48e00de5216a79b7732796?s=96&d=mm&r=g\",\"caption\":\"Redacci\u00f3n\"},\"url\":\"https:\\\/\\\/unaymilletras.com\\\/en\\\/author\\\/redaccion\\\/\"}]}<\/script>\n<!-- \/ Yoast SEO plugin. -->","yoast_head_json":{"title":"Marmi nos invita a \"La Casa de la Playa\"","description":"\"La Casa de la Playa\" es el primer \u00e1lbum de Marmi, un trabajo lleno de nostalgia y aventuras veraniegas, ya disponible","robots":{"index":"index","follow":"follow","max-snippet":"max-snippet:-1","max-image-preview":"max-image-preview:large","max-video-preview":"max-video-preview:-1"},"canonical":"https:\/\/unaymilletras.com\/en\/marmi-nos-invita-a-la-casa-de-la-playa\/","og_locale":"en_GB","og_type":"article","og_title":"Marmi nos invita a \"La Casa de la Playa\"","og_description":"\"La Casa de la Playa\" es el primer \u00e1lbum de Marmi, un trabajo lleno de nostalgia y aventuras veraniegas, ya disponible","og_url":"https:\/\/unaymilletras.com\/en\/marmi-nos-invita-a-la-casa-de-la-playa\/","og_site_name":"Una y Mil Letras","article_published_time":"2024-10-11T11:34:44+00:00","article_modified_time":"2024-11-08T10:53:30+00:00","og_image":[{"width":660,"height":655,"url":"http:\/\/unaymilletras.com\/wp-content\/uploads\/2024\/10\/w660_1123074_portada-marmi.jpg","type":"image\/jpeg"}],"author":"Redacci\u00f3n","twitter_card":"summary_large_image","twitter_creator":"@UnaYMilLetras","twitter_site":"@UnaYMilLetras","twitter_misc":{"Written by":"Redacci\u00f3n","Estimated reading time":"2 minutes"},"schema":{"@context":"https:\/\/schema.org","@graph":[{"@type":"Article","@id":"https:\/\/unaymilletras.com\/marmi-nos-invita-a-la-casa-de-la-playa\/#article","isPartOf":{"@id":"https:\/\/unaymilletras.com\/marmi-nos-invita-a-la-casa-de-la-playa\/"},"author":{"name":"Redacci\u00f3n","@id":"http:\/\/unaymilletras.com\/#\/schema\/person\/0860dc8a218329991ee2c7591f4f849d"},"headline":"Marmi nos invita a \u00abLa Casa de la Playa\u00bb","datePublished":"2024-10-11T11:34:44+00:00","dateModified":"2024-11-08T10:53:30+00:00","mainEntityOfPage":{"@id":"https:\/\/unaymilletras.com\/marmi-nos-invita-a-la-casa-de-la-playa\/"},"wordCount":340,"commentCount":0,"publisher":{"@id":"http:\/\/unaymilletras.com\/#organization"},"image":{"@id":"https:\/\/unaymilletras.com\/marmi-nos-invita-a-la-casa-de-la-playa\/#primaryimage"},"thumbnailUrl":"https:\/\/unaymilletras.com\/wp-content\/uploads\/2024\/10\/w660_1123074_portada-marmi.jpg","articleSection":["M\u00fasica"],"inLanguage":"en-GB","potentialAction":[{"@type":"CommentAction","name":"Comment","target":["https:\/\/unaymilletras.com\/marmi-nos-invita-a-la-casa-de-la-playa\/#respond"]}]},{"@type":"WebPage","@id":"https:\/\/unaymilletras.com\/marmi-nos-invita-a-la-casa-de-la-playa\/","url":"https:\/\/unaymilletras.com\/marmi-nos-invita-a-la-casa-de-la-playa\/","name":"Marmi nos invita a \"La Casa de la Playa\"","isPartOf":{"@id":"http:\/\/unaymilletras.com\/#website"},"primaryImageOfPage":{"@id":"https:\/\/unaymilletras.com\/marmi-nos-invita-a-la-casa-de-la-playa\/#primaryimage"},"image":{"@id":"https:\/\/unaymilletras.com\/marmi-nos-invita-a-la-casa-de-la-playa\/#primaryimage"},"thumbnailUrl":"https:\/\/unaymilletras.com\/wp-content\/uploads\/2024\/10\/w660_1123074_portada-marmi.jpg","datePublished":"2024-10-11T11:34:44+00:00","dateModified":"2024-11-08T10:53:30+00:00","description":"\"La Casa de la Playa\" es el primer \u00e1lbum de Marmi, un trabajo lleno de nostalgia y aventuras veraniegas, ya disponible","breadcrumb":{"@id":"https:\/\/unaymilletras.com\/marmi-nos-invita-a-la-casa-de-la-playa\/#breadcrumb"},"inLanguage":"en-GB","potentialAction":[{"@type":"ReadAction","target":["https:\/\/unaymilletras.com\/marmi-nos-invita-a-la-casa-de-la-playa\/"]}]},{"@type":"ImageObject","inLanguage":"en-GB","@id":"https:\/\/unaymilletras.com\/marmi-nos-invita-a-la-casa-de-la-playa\/#primaryimage","url":"https:\/\/unaymilletras.com\/wp-content\/uploads\/2024\/10\/w660_1123074_portada-marmi.jpg","contentUrl":"https:\/\/unaymilletras.com\/wp-content\/uploads\/2024\/10\/w660_1123074_portada-marmi.jpg","width":660,"height":655,"caption":"Marmi"},{"@type":"BreadcrumbList","@id":"https:\/\/unaymilletras.com\/marmi-nos-invita-a-la-casa-de-la-playa\/#breadcrumb","itemListElement":[{"@type":"ListItem","position":1,"name":"Home","item":"http:\/\/unaymilletras.com\/"},{"@type":"ListItem","position":2,"name":"Marmi nos invita a \u00abLa Casa de la Playa\u00bb"}]},{"@type":"WebSite","@id":"http:\/\/unaymilletras.com\/#website","url":"http:\/\/unaymilletras.com\/","name":"Una y Mil Letras","description":"","publisher":{"@id":"http:\/\/unaymilletras.com\/#organization"},"potentialAction":[{"@type":"SearchAction","target":{"@type":"EntryPoint","urlTemplate":"http:\/\/unaymilletras.com\/?s={search_term_string}"},"query-input":{"@type":"PropertyValueSpecification","valueRequired":true,"valueName":"search_term_string"}}],"inLanguage":"en-GB"},{"@type":"Organization","@id":"http:\/\/unaymilletras.com\/#organization","name":"Una y Mil Letras","url":"http:\/\/unaymilletras.com\/","logo":{"@type":"ImageObject","inLanguage":"en-GB","@id":"http:\/\/unaymilletras.com\/#\/schema\/logo\/image\/","url":"https:\/\/unaymilletras.com\/wp-content\/uploads\/2024\/06\/cropped-Logo-removebg-preview.png","contentUrl":"https:\/\/unaymilletras.com\/wp-content\/uploads\/2024\/06\/cropped-Logo-removebg-preview.png","width":512,"height":512,"caption":"Una y Mil Letras"},"image":{"@id":"http:\/\/unaymilletras.com\/#\/schema\/logo\/image\/"},"sameAs":["https:\/\/x.com\/UnaYMilLetras","https:\/\/instagram.com\/UnaYMilLetras"]},{"@type":"Person","@id":"http:\/\/unaymilletras.com\/#\/schema\/person\/0860dc8a218329991ee2c7591f4f849d","name":"Redacci\u00f3n","image":{"@type":"ImageObject","inLanguage":"en-GB","@id":"https:\/\/secure.gravatar.com\/avatar\/d8f55e05a8b6597e45c55a1dcbdbfe44f4a360d88b48e00de5216a79b7732796?s=96&d=mm&r=g","url":"https:\/\/secure.gravatar.com\/avatar\/d8f55e05a8b6597e45c55a1dcbdbfe44f4a360d88b48e00de5216a79b7732796?s=96&d=mm&r=g","contentUrl":"https:\/\/secure.gravatar.com\/avatar\/d8f55e05a8b6597e45c55a1dcbdbfe44f4a360d88b48e00de5216a79b7732796?s=96&d=mm&r=g","caption":"Redacci\u00f3n"},"url":"https:\/\/unaymilletras.com\/en\/author\/redaccion\/"}]}},"_links":{"self":[{"href":"https:\/\/unaymilletras.com\/en\/wp-json\/wp\/v2\/posts\/3186","targetHints":{"allow":["GET"]}}],"collection":[{"href":"https:\/\/unaymilletras.com\/en\/wp-json\/wp\/v2\/posts"}],"about":[{"href":"https:\/\/unaymilletras.com\/en\/wp-json\/wp\/v2\/types\/post"}],"author":[{"embeddable":true,"href":"https:\/\/unaymilletras.com\/en\/wp-json\/wp\/v2\/users\/6"}],"replies":[{"embeddable":true,"href":"https:\/\/unaymilletras.com\/en\/wp-json\/wp\/v2\/comments?post=3186"}],"version-history":[{"count":4,"href":"https:\/\/unaymilletras.com\/en\/wp-json\/wp\/v2\/posts\/3186\/revisions"}],"predecessor-version":[{"id":3191,"href":"https:\/\/unaymilletras.com\/en\/wp-json\/wp\/v2\/posts\/3186\/revisions\/3191"}],"wp:featuredmedia":[{"embeddable":true,"href":"https:\/\/unaymilletras.com\/en\/wp-json\/wp\/v2\/media\/3188"}],"wp:attachment":[{"href":"https:\/\/unaymilletras.com\/en\/wp-json\/wp\/v2\/media?parent=3186"}],"wp:term":[{"taxonomy":"category","embeddable":true,"href":"https:\/\/unaymilletras.com\/en\/wp-json\/wp\/v2\/categories?post=3186"},{"taxonomy":"post_tag","embeddable":true,"href":"https:\/\/unaymilletras.com\/en\/wp-json\/wp\/v2\/tags?post=3186"}],"curies":[{"name":"wp","href":"https:\/\/api.w.org\/{rel}","templated":true}]}}