{"id":3192,"date":"2024-10-12T12:00:00","date_gmt":"2024-10-12T10:00:00","guid":{"rendered":"https:\/\/unaymilletras.com\/?p=3192"},"modified":"2024-10-11T15:16:35","modified_gmt":"2024-10-11T13:16:35","slug":"malu-salgado-se-prepara-para-su-single-debut","status":"publish","type":"post","link":"https:\/\/unaymilletras.com\/en\/malu-salgado-se-prepara-para-su-single-debut\/","title":{"rendered":"Malu Salgado se prepara para su single debut"},"content":{"rendered":"\t\t<div data-elementor-type=\"wp-post\" data-elementor-id=\"3192\" class=\"elementor elementor-3192\">\n\t\t\t\t\t\t<section class=\"elementor-section elementor-top-section elementor-element elementor-element-fdc55ea elementor-section-boxed elementor-section-height-default elementor-section-height-default\" data-id=\"fdc55ea\" data-element_type=\"section\" data-e-type=\"section\">\n\t\t\t\t\t\t<div class=\"elementor-container elementor-column-gap-default\">\n\t\t\t\t\t<div class=\"elementor-column elementor-col-100 elementor-top-column elementor-element elementor-element-4b1fc21\" data-id=\"4b1fc21\" data-element_type=\"column\" data-e-type=\"column\">\n\t\t\t<div class=\"elementor-widget-wrap elementor-element-populated\">\n\t\t\t\t\t\t<div class=\"elementor-element elementor-element-857fd15 elementor-widget elementor-widget-text-editor\" data-id=\"857fd15\" data-element_type=\"widget\" data-e-type=\"widget\" data-widget_type=\"text-editor.default\">\n\t\t\t\t<div class=\"elementor-widget-container\">\n\t\t\t\t\t\t\t\t\t<h2 style=\"text-align: center;\"><span style=\"color: #808080;\"><em>La joven promesa Malu Salgado lanzar\u00e1 su primer sencillo en las pr\u00f3ximas semanas como adelanto de su esperado EP<\/em><\/span><\/h2>\t\t\t\t\t\t\t\t<\/div>\n\t\t\t\t<\/div>\n\t\t\t\t\t<\/div>\n\t\t<\/div>\n\t\t\t\t\t<\/div>\n\t\t<\/section>\n\t\t\t\t<section class=\"elementor-section elementor-top-section elementor-element elementor-element-4ad9a91 elementor-section-boxed elementor-section-height-default elementor-section-height-default\" data-id=\"4ad9a91\" data-element_type=\"section\" data-e-type=\"section\">\n\t\t\t\t\t\t<div class=\"elementor-container elementor-column-gap-default\">\n\t\t\t\t\t<div class=\"elementor-column elementor-col-100 elementor-top-column elementor-element elementor-element-e49d964\" data-id=\"e49d964\" data-element_type=\"column\" data-e-type=\"column\">\n\t\t\t<div class=\"elementor-widget-wrap elementor-element-populated\">\n\t\t\t\t\t\t<div class=\"elementor-element elementor-element-0a4e565 elementor-widget elementor-widget-text-editor\" data-id=\"0a4e565\" data-element_type=\"widget\" data-e-type=\"widget\" data-widget_type=\"text-editor.default\">\n\t\t\t\t<div class=\"elementor-widget-container\">\n\t\t\t\t\t\t\t\t\t<p><b>Malu Salgado<\/b>, una talentosa artista emergente, se prepara para revolucionar la industria musical con un estilo \u00fanico y una propuesta fresca. Con influencias que abarcan desde el flamenco hasta el pop y la bachata, Malu ha estado trabajando en su proyecto debut que ver\u00e1 la luz a <b>principios de 2025<\/b>. El EP contar\u00e1 con seis temas autobiogr\u00e1ficos que narran su experiencia con el amor, la familia y los desaf\u00edos que ha enfrentado desde 2020.<\/p>\t\t\t\t\t\t\t\t<\/div>\n\t\t\t\t<\/div>\n\t\t\t\t\t<\/div>\n\t\t<\/div>\n\t\t\t\t\t<\/div>\n\t\t<\/section>\n\t\t\t\t<section class=\"elementor-section elementor-top-section elementor-element elementor-element-2c3d35c elementor-section-boxed elementor-section-height-default elementor-section-height-default\" data-id=\"2c3d35c\" data-element_type=\"section\" data-e-type=\"section\">\n\t\t\t\t\t\t<div class=\"elementor-container elementor-column-gap-default\">\n\t\t\t\t\t<div class=\"elementor-column elementor-col-50 elementor-top-column elementor-element elementor-element-3febea3\" data-id=\"3febea3\" data-element_type=\"column\" data-e-type=\"column\">\n\t\t\t<div class=\"elementor-widget-wrap elementor-element-populated\">\n\t\t\t\t\t\t<div class=\"elementor-element elementor-element-a20aec8 elementor-widget elementor-widget-text-editor\" data-id=\"a20aec8\" data-element_type=\"widget\" data-e-type=\"widget\" data-widget_type=\"text-editor.default\">\n\t\t\t\t<div class=\"elementor-widget-container\">\n\t\t\t\t\t\t\t\t\t<p>Nacida en Espa\u00f1a y con un recorrido internacional que incluye ciudades como M\u00e1nchester y Dub\u00e1i, Malu combina en su m\u00fasica influencias culturales diversas que le otorgan una identidad art\u00edstica muy singular. Bajo la influencia de \u00edconos como Beyonc\u00e9, Rosal\u00eda y Michael Jackson, la joven cantante ha desarrollado un estilo que promete captar la atenci\u00f3n del p\u00fablico global.<\/p><div class=\"flex max-w-full flex-col flex-grow\"><div class=\"min-h-8 text-message flex w-full flex-col items-end gap-2 whitespace-normal break-words [.text-message+&amp;]:mt-5\" dir=\"auto\" data-message-author-role=\"assistant\" data-message-id=\"285d55d3-c984-437f-b4c2-084bbf0c210c\" data-message-model-slug=\"gpt-4o\"><div class=\"flex w-full flex-col gap-1 empty:hidden first:pt-[3px]\"><div class=\"markdown prose w-full break-words dark:prose-invert light\"><p>El EP, en el que ha trabajado con un equipo de renombrados profesionales como Carlos Santos y Rodrigo Crespo, ser\u00e1 una mezcla de estilos y emociones que reflejan su vida personal. Mientras tanto, Malu lanzar\u00e1 varios sencillos como adelanto de este prometedor proyecto, ofreciendo a sus seguidores una muestra de lo que est\u00e1 por venir.<\/p><\/div><\/div><\/div><\/div>\t\t\t\t\t\t\t\t<\/div>\n\t\t\t\t<\/div>\n\t\t\t\t\t<\/div>\n\t\t<\/div>\n\t\t\t\t<div class=\"elementor-column elementor-col-50 elementor-top-column elementor-element elementor-element-a1ce1c6\" data-id=\"a1ce1c6\" data-element_type=\"column\" data-e-type=\"column\">\n\t\t\t<div class=\"elementor-widget-wrap elementor-element-populated\">\n\t\t\t\t\t\t<div class=\"elementor-element elementor-element-16b947e elementor-widget elementor-widget-image\" data-id=\"16b947e\" data-element_type=\"widget\" data-e-type=\"widget\" data-widget_type=\"image.default\">\n\t\t\t\t<div class=\"elementor-widget-container\">\n\t\t\t\t\t\t\t\t\t\t\t\t\t\t\t<img fetchpriority=\"high\" decoding=\"async\" width=\"640\" height=\"853\" src=\"https:\/\/unaymilletras.com\/wp-content\/uploads\/2024\/10\/image00002-768x1024.jpg\" class=\"attachment-large size-large wp-image-3196\" alt=\"Malo Salgado\" srcset=\"https:\/\/unaymilletras.com\/wp-content\/uploads\/2024\/10\/image00002-768x1024.jpg 768w, https:\/\/unaymilletras.com\/wp-content\/uploads\/2024\/10\/image00002-225x300.jpg 225w, https:\/\/unaymilletras.com\/wp-content\/uploads\/2024\/10\/image00002-1152x1536.jpg 1152w, https:\/\/unaymilletras.com\/wp-content\/uploads\/2024\/10\/image00002-1536x2048.jpg 1536w, https:\/\/unaymilletras.com\/wp-content\/uploads\/2024\/10\/image00002-9x12.jpg 9w, https:\/\/unaymilletras.com\/wp-content\/uploads\/2024\/10\/image00002-1024x1366.jpg 1024w, https:\/\/unaymilletras.com\/wp-content\/uploads\/2024\/10\/image00002-scaled.jpg 1920w\" sizes=\"(max-width: 640px) 100vw, 640px\" \/>\t\t\t\t\t\t\t\t\t\t\t\t\t\t\t<\/div>\n\t\t\t\t<\/div>\n\t\t\t\t\t<\/div>\n\t\t<\/div>\n\t\t\t\t\t<\/div>\n\t\t<\/section>\n\t\t\t\t<\/div>\n\t\t","protected":false},"excerpt":{"rendered":"<p>La joven promesa Malu Salgado lanzar\u00e1 su primer sencillo en las pr\u00f3ximas semanas como adelanto de su esperado EP Malu Salgado, una talentosa artista emergente, se prepara para revolucionar la industria musical con un estilo \u00fanico y una propuesta fresca. Con influencias que abarcan desde el flamenco hasta el pop y la bachata, Malu ha [&hellip;]<\/p>\n","protected":false},"author":6,"featured_media":3196,"comment_status":"open","ping_status":"open","sticky":false,"template":"","format":"standard","meta":{"footnotes":""},"categories":[4],"tags":[],"class_list":["post-3192","post","type-post","status-publish","format-standard","has-post-thumbnail","hentry","category-musica"],"yoast_head":"<!-- This site is optimized with the Yoast SEO plugin v27.4 - https:\/\/yoast.com\/product\/yoast-seo-wordpress\/ -->\n<title>Malu Salgado se prepara para su single debut<\/title>\n<meta name=\"description\" content=\"La joven promesa Malu Salgado lanzar\u00e1 su primer sencillo en las pr\u00f3ximas semanas como adelanto de su esperado EP, previsto para 2025\" \/>\n<meta name=\"robots\" content=\"index, follow, max-snippet:-1, max-image-preview:large, max-video-preview:-1\" \/>\n<link rel=\"canonical\" href=\"https:\/\/unaymilletras.com\/en\/malu-salgado-se-prepara-para-su-single-debut\/\" \/>\n<meta property=\"og:locale\" content=\"en_GB\" \/>\n<meta property=\"og:type\" content=\"article\" \/>\n<meta property=\"og:title\" content=\"Malu Salgado se prepara para su single debut\" \/>\n<meta property=\"og:description\" content=\"La joven promesa Malu Salgado lanzar\u00e1 su primer sencillo en las pr\u00f3ximas semanas como adelanto de su esperado EP, previsto para 2025\" \/>\n<meta property=\"og:url\" content=\"https:\/\/unaymilletras.com\/en\/malu-salgado-se-prepara-para-su-single-debut\/\" \/>\n<meta property=\"og:site_name\" content=\"Una y Mil Letras\" \/>\n<meta property=\"article:published_time\" content=\"2024-10-12T10:00:00+00:00\" \/>\n<meta property=\"og:image\" content=\"https:\/\/unaymilletras.com\/wp-content\/uploads\/2024\/10\/image00002-scaled-e1728652496477.jpg\" \/>\n\t<meta property=\"og:image:width\" content=\"1920\" \/>\n\t<meta property=\"og:image:height\" content=\"2560\" \/>\n\t<meta property=\"og:image:type\" content=\"image\/jpeg\" \/>\n<meta name=\"author\" content=\"Redacci\u00f3n\" \/>\n<meta name=\"twitter:card\" content=\"summary_large_image\" \/>\n<meta name=\"twitter:creator\" content=\"@UnaYMilLetras\" \/>\n<meta name=\"twitter:site\" content=\"@UnaYMilLetras\" \/>\n<meta name=\"twitter:label1\" content=\"Written by\" \/>\n\t<meta name=\"twitter:data1\" content=\"Redacci\u00f3n\" \/>\n\t<meta name=\"twitter:label2\" content=\"Estimated reading time\" \/>\n\t<meta name=\"twitter:data2\" content=\"2 minutes\" \/>\n<script type=\"application\/ld+json\" class=\"yoast-schema-graph\">{\"@context\":\"https:\\\/\\\/schema.org\",\"@graph\":[{\"@type\":\"Article\",\"@id\":\"https:\\\/\\\/unaymilletras.com\\\/malu-salgado-se-prepara-para-su-single-debut\\\/#article\",\"isPartOf\":{\"@id\":\"https:\\\/\\\/unaymilletras.com\\\/malu-salgado-se-prepara-para-su-single-debut\\\/\"},\"author\":{\"name\":\"Redacci\u00f3n\",\"@id\":\"http:\\\/\\\/unaymilletras.com\\\/#\\\/schema\\\/person\\\/0860dc8a218329991ee2c7591f4f849d\"},\"headline\":\"Malu Salgado se prepara para su single debut\",\"datePublished\":\"2024-10-12T10:00:00+00:00\",\"mainEntityOfPage\":{\"@id\":\"https:\\\/\\\/unaymilletras.com\\\/malu-salgado-se-prepara-para-su-single-debut\\\/\"},\"wordCount\":222,\"commentCount\":0,\"publisher\":{\"@id\":\"http:\\\/\\\/unaymilletras.com\\\/#organization\"},\"image\":{\"@id\":\"https:\\\/\\\/unaymilletras.com\\\/malu-salgado-se-prepara-para-su-single-debut\\\/#primaryimage\"},\"thumbnailUrl\":\"https:\\\/\\\/unaymilletras.com\\\/wp-content\\\/uploads\\\/2024\\\/10\\\/image00002-scaled-e1728652496477.jpg\",\"articleSection\":[\"M\u00fasica\"],\"inLanguage\":\"en-GB\",\"potentialAction\":[{\"@type\":\"CommentAction\",\"name\":\"Comment\",\"target\":[\"https:\\\/\\\/unaymilletras.com\\\/malu-salgado-se-prepara-para-su-single-debut\\\/#respond\"]}]},{\"@type\":\"WebPage\",\"@id\":\"https:\\\/\\\/unaymilletras.com\\\/malu-salgado-se-prepara-para-su-single-debut\\\/\",\"url\":\"https:\\\/\\\/unaymilletras.com\\\/malu-salgado-se-prepara-para-su-single-debut\\\/\",\"name\":\"Malu Salgado se prepara para su single debut\",\"isPartOf\":{\"@id\":\"http:\\\/\\\/unaymilletras.com\\\/#website\"},\"primaryImageOfPage\":{\"@id\":\"https:\\\/\\\/unaymilletras.com\\\/malu-salgado-se-prepara-para-su-single-debut\\\/#primaryimage\"},\"image\":{\"@id\":\"https:\\\/\\\/unaymilletras.com\\\/malu-salgado-se-prepara-para-su-single-debut\\\/#primaryimage\"},\"thumbnailUrl\":\"https:\\\/\\\/unaymilletras.com\\\/wp-content\\\/uploads\\\/2024\\\/10\\\/image00002-scaled-e1728652496477.jpg\",\"datePublished\":\"2024-10-12T10:00:00+00:00\",\"description\":\"La joven promesa Malu Salgado lanzar\u00e1 su primer sencillo en las pr\u00f3ximas semanas como adelanto de su esperado EP, previsto para 2025\",\"breadcrumb\":{\"@id\":\"https:\\\/\\\/unaymilletras.com\\\/malu-salgado-se-prepara-para-su-single-debut\\\/#breadcrumb\"},\"inLanguage\":\"en-GB\",\"potentialAction\":[{\"@type\":\"ReadAction\",\"target\":[\"https:\\\/\\\/unaymilletras.com\\\/malu-salgado-se-prepara-para-su-single-debut\\\/\"]}]},{\"@type\":\"ImageObject\",\"inLanguage\":\"en-GB\",\"@id\":\"https:\\\/\\\/unaymilletras.com\\\/malu-salgado-se-prepara-para-su-single-debut\\\/#primaryimage\",\"url\":\"https:\\\/\\\/unaymilletras.com\\\/wp-content\\\/uploads\\\/2024\\\/10\\\/image00002-scaled-e1728652496477.jpg\",\"contentUrl\":\"https:\\\/\\\/unaymilletras.com\\\/wp-content\\\/uploads\\\/2024\\\/10\\\/image00002-scaled-e1728652496477.jpg\",\"width\":1920,\"height\":2560,\"caption\":\"Malo Salgado\"},{\"@type\":\"BreadcrumbList\",\"@id\":\"https:\\\/\\\/unaymilletras.com\\\/malu-salgado-se-prepara-para-su-single-debut\\\/#breadcrumb\",\"itemListElement\":[{\"@type\":\"ListItem\",\"position\":1,\"name\":\"Home\",\"item\":\"http:\\\/\\\/unaymilletras.com\\\/\"},{\"@type\":\"ListItem\",\"position\":2,\"name\":\"Malu Salgado se prepara para su single debut\"}]},{\"@type\":\"WebSite\",\"@id\":\"http:\\\/\\\/unaymilletras.com\\\/#website\",\"url\":\"http:\\\/\\\/unaymilletras.com\\\/\",\"name\":\"Una y Mil Letras\",\"description\":\"\",\"publisher\":{\"@id\":\"http:\\\/\\\/unaymilletras.com\\\/#organization\"},\"potentialAction\":[{\"@type\":\"SearchAction\",\"target\":{\"@type\":\"EntryPoint\",\"urlTemplate\":\"http:\\\/\\\/unaymilletras.com\\\/?s={search_term_string}\"},\"query-input\":{\"@type\":\"PropertyValueSpecification\",\"valueRequired\":true,\"valueName\":\"search_term_string\"}}],\"inLanguage\":\"en-GB\"},{\"@type\":\"Organization\",\"@id\":\"http:\\\/\\\/unaymilletras.com\\\/#organization\",\"name\":\"Una y Mil Letras\",\"url\":\"http:\\\/\\\/unaymilletras.com\\\/\",\"logo\":{\"@type\":\"ImageObject\",\"inLanguage\":\"en-GB\",\"@id\":\"http:\\\/\\\/unaymilletras.com\\\/#\\\/schema\\\/logo\\\/image\\\/\",\"url\":\"https:\\\/\\\/unaymilletras.com\\\/wp-content\\\/uploads\\\/2024\\\/06\\\/cropped-Logo-removebg-preview.png\",\"contentUrl\":\"https:\\\/\\\/unaymilletras.com\\\/wp-content\\\/uploads\\\/2024\\\/06\\\/cropped-Logo-removebg-preview.png\",\"width\":512,\"height\":512,\"caption\":\"Una y Mil Letras\"},\"image\":{\"@id\":\"http:\\\/\\\/unaymilletras.com\\\/#\\\/schema\\\/logo\\\/image\\\/\"},\"sameAs\":[\"https:\\\/\\\/x.com\\\/UnaYMilLetras\",\"https:\\\/\\\/instagram.com\\\/UnaYMilLetras\"]},{\"@type\":\"Person\",\"@id\":\"http:\\\/\\\/unaymilletras.com\\\/#\\\/schema\\\/person\\\/0860dc8a218329991ee2c7591f4f849d\",\"name\":\"Redacci\u00f3n\",\"image\":{\"@type\":\"ImageObject\",\"inLanguage\":\"en-GB\",\"@id\":\"https:\\\/\\\/secure.gravatar.com\\\/avatar\\\/d8f55e05a8b6597e45c55a1dcbdbfe44f4a360d88b48e00de5216a79b7732796?s=96&d=mm&r=g\",\"url\":\"https:\\\/\\\/secure.gravatar.com\\\/avatar\\\/d8f55e05a8b6597e45c55a1dcbdbfe44f4a360d88b48e00de5216a79b7732796?s=96&d=mm&r=g\",\"contentUrl\":\"https:\\\/\\\/secure.gravatar.com\\\/avatar\\\/d8f55e05a8b6597e45c55a1dcbdbfe44f4a360d88b48e00de5216a79b7732796?s=96&d=mm&r=g\",\"caption\":\"Redacci\u00f3n\"},\"url\":\"https:\\\/\\\/unaymilletras.com\\\/en\\\/author\\\/redaccion\\\/\"}]}<\/script>\n<!-- \/ Yoast SEO plugin. -->","yoast_head_json":{"title":"Malu Salgado se prepara para su single debut","description":"La joven promesa Malu Salgado lanzar\u00e1 su primer sencillo en las pr\u00f3ximas semanas como adelanto de su esperado EP, previsto para 2025","robots":{"index":"index","follow":"follow","max-snippet":"max-snippet:-1","max-image-preview":"max-image-preview:large","max-video-preview":"max-video-preview:-1"},"canonical":"https:\/\/unaymilletras.com\/en\/malu-salgado-se-prepara-para-su-single-debut\/","og_locale":"en_GB","og_type":"article","og_title":"Malu Salgado se prepara para su single debut","og_description":"La joven promesa Malu Salgado lanzar\u00e1 su primer sencillo en las pr\u00f3ximas semanas como adelanto de su esperado EP, previsto para 2025","og_url":"https:\/\/unaymilletras.com\/en\/malu-salgado-se-prepara-para-su-single-debut\/","og_site_name":"Una y Mil Letras","article_published_time":"2024-10-12T10:00:00+00:00","og_image":[{"width":1920,"height":2560,"url":"https:\/\/unaymilletras.com\/wp-content\/uploads\/2024\/10\/image00002-scaled-e1728652496477.jpg","type":"image\/jpeg"}],"author":"Redacci\u00f3n","twitter_card":"summary_large_image","twitter_creator":"@UnaYMilLetras","twitter_site":"@UnaYMilLetras","twitter_misc":{"Written by":"Redacci\u00f3n","Estimated reading time":"2 minutes"},"schema":{"@context":"https:\/\/schema.org","@graph":[{"@type":"Article","@id":"https:\/\/unaymilletras.com\/malu-salgado-se-prepara-para-su-single-debut\/#article","isPartOf":{"@id":"https:\/\/unaymilletras.com\/malu-salgado-se-prepara-para-su-single-debut\/"},"author":{"name":"Redacci\u00f3n","@id":"http:\/\/unaymilletras.com\/#\/schema\/person\/0860dc8a218329991ee2c7591f4f849d"},"headline":"Malu Salgado se prepara para su single debut","datePublished":"2024-10-12T10:00:00+00:00","mainEntityOfPage":{"@id":"https:\/\/unaymilletras.com\/malu-salgado-se-prepara-para-su-single-debut\/"},"wordCount":222,"commentCount":0,"publisher":{"@id":"http:\/\/unaymilletras.com\/#organization"},"image":{"@id":"https:\/\/unaymilletras.com\/malu-salgado-se-prepara-para-su-single-debut\/#primaryimage"},"thumbnailUrl":"https:\/\/unaymilletras.com\/wp-content\/uploads\/2024\/10\/image00002-scaled-e1728652496477.jpg","articleSection":["M\u00fasica"],"inLanguage":"en-GB","potentialAction":[{"@type":"CommentAction","name":"Comment","target":["https:\/\/unaymilletras.com\/malu-salgado-se-prepara-para-su-single-debut\/#respond"]}]},{"@type":"WebPage","@id":"https:\/\/unaymilletras.com\/malu-salgado-se-prepara-para-su-single-debut\/","url":"https:\/\/unaymilletras.com\/malu-salgado-se-prepara-para-su-single-debut\/","name":"Malu Salgado se prepara para su single debut","isPartOf":{"@id":"http:\/\/unaymilletras.com\/#website"},"primaryImageOfPage":{"@id":"https:\/\/unaymilletras.com\/malu-salgado-se-prepara-para-su-single-debut\/#primaryimage"},"image":{"@id":"https:\/\/unaymilletras.com\/malu-salgado-se-prepara-para-su-single-debut\/#primaryimage"},"thumbnailUrl":"https:\/\/unaymilletras.com\/wp-content\/uploads\/2024\/10\/image00002-scaled-e1728652496477.jpg","datePublished":"2024-10-12T10:00:00+00:00","description":"La joven promesa Malu Salgado lanzar\u00e1 su primer sencillo en las pr\u00f3ximas semanas como adelanto de su esperado EP, previsto para 2025","breadcrumb":{"@id":"https:\/\/unaymilletras.com\/malu-salgado-se-prepara-para-su-single-debut\/#breadcrumb"},"inLanguage":"en-GB","potentialAction":[{"@type":"ReadAction","target":["https:\/\/unaymilletras.com\/malu-salgado-se-prepara-para-su-single-debut\/"]}]},{"@type":"ImageObject","inLanguage":"en-GB","@id":"https:\/\/unaymilletras.com\/malu-salgado-se-prepara-para-su-single-debut\/#primaryimage","url":"https:\/\/unaymilletras.com\/wp-content\/uploads\/2024\/10\/image00002-scaled-e1728652496477.jpg","contentUrl":"https:\/\/unaymilletras.com\/wp-content\/uploads\/2024\/10\/image00002-scaled-e1728652496477.jpg","width":1920,"height":2560,"caption":"Malo Salgado"},{"@type":"BreadcrumbList","@id":"https:\/\/unaymilletras.com\/malu-salgado-se-prepara-para-su-single-debut\/#breadcrumb","itemListElement":[{"@type":"ListItem","position":1,"name":"Home","item":"http:\/\/unaymilletras.com\/"},{"@type":"ListItem","position":2,"name":"Malu Salgado se prepara para su single debut"}]},{"@type":"WebSite","@id":"http:\/\/unaymilletras.com\/#website","url":"http:\/\/unaymilletras.com\/","name":"Una y Mil Letras","description":"","publisher":{"@id":"http:\/\/unaymilletras.com\/#organization"},"potentialAction":[{"@type":"SearchAction","target":{"@type":"EntryPoint","urlTemplate":"http:\/\/unaymilletras.com\/?s={search_term_string}"},"query-input":{"@type":"PropertyValueSpecification","valueRequired":true,"valueName":"search_term_string"}}],"inLanguage":"en-GB"},{"@type":"Organization","@id":"http:\/\/unaymilletras.com\/#organization","name":"Una y Mil Letras","url":"http:\/\/unaymilletras.com\/","logo":{"@type":"ImageObject","inLanguage":"en-GB","@id":"http:\/\/unaymilletras.com\/#\/schema\/logo\/image\/","url":"https:\/\/unaymilletras.com\/wp-content\/uploads\/2024\/06\/cropped-Logo-removebg-preview.png","contentUrl":"https:\/\/unaymilletras.com\/wp-content\/uploads\/2024\/06\/cropped-Logo-removebg-preview.png","width":512,"height":512,"caption":"Una y Mil Letras"},"image":{"@id":"http:\/\/unaymilletras.com\/#\/schema\/logo\/image\/"},"sameAs":["https:\/\/x.com\/UnaYMilLetras","https:\/\/instagram.com\/UnaYMilLetras"]},{"@type":"Person","@id":"http:\/\/unaymilletras.com\/#\/schema\/person\/0860dc8a218329991ee2c7591f4f849d","name":"Redacci\u00f3n","image":{"@type":"ImageObject","inLanguage":"en-GB","@id":"https:\/\/secure.gravatar.com\/avatar\/d8f55e05a8b6597e45c55a1dcbdbfe44f4a360d88b48e00de5216a79b7732796?s=96&d=mm&r=g","url":"https:\/\/secure.gravatar.com\/avatar\/d8f55e05a8b6597e45c55a1dcbdbfe44f4a360d88b48e00de5216a79b7732796?s=96&d=mm&r=g","contentUrl":"https:\/\/secure.gravatar.com\/avatar\/d8f55e05a8b6597e45c55a1dcbdbfe44f4a360d88b48e00de5216a79b7732796?s=96&d=mm&r=g","caption":"Redacci\u00f3n"},"url":"https:\/\/unaymilletras.com\/en\/author\/redaccion\/"}]}},"_links":{"self":[{"href":"https:\/\/unaymilletras.com\/en\/wp-json\/wp\/v2\/posts\/3192","targetHints":{"allow":["GET"]}}],"collection":[{"href":"https:\/\/unaymilletras.com\/en\/wp-json\/wp\/v2\/posts"}],"about":[{"href":"https:\/\/unaymilletras.com\/en\/wp-json\/wp\/v2\/types\/post"}],"author":[{"embeddable":true,"href":"https:\/\/unaymilletras.com\/en\/wp-json\/wp\/v2\/users\/6"}],"replies":[{"embeddable":true,"href":"https:\/\/unaymilletras.com\/en\/wp-json\/wp\/v2\/comments?post=3192"}],"version-history":[{"count":5,"href":"https:\/\/unaymilletras.com\/en\/wp-json\/wp\/v2\/posts\/3192\/revisions"}],"predecessor-version":[{"id":3199,"href":"https:\/\/unaymilletras.com\/en\/wp-json\/wp\/v2\/posts\/3192\/revisions\/3199"}],"wp:featuredmedia":[{"embeddable":true,"href":"https:\/\/unaymilletras.com\/en\/wp-json\/wp\/v2\/media\/3196"}],"wp:attachment":[{"href":"https:\/\/unaymilletras.com\/en\/wp-json\/wp\/v2\/media?parent=3192"}],"wp:term":[{"taxonomy":"category","embeddable":true,"href":"https:\/\/unaymilletras.com\/en\/wp-json\/wp\/v2\/categories?post=3192"},{"taxonomy":"post_tag","embeddable":true,"href":"https:\/\/unaymilletras.com\/en\/wp-json\/wp\/v2\/tags?post=3192"}],"curies":[{"name":"wp","href":"https:\/\/api.w.org\/{rel}","templated":true}]}}