{"id":3200,"date":"2024-10-11T16:16:58","date_gmt":"2024-10-11T14:16:58","guid":{"rendered":"https:\/\/unaymilletras.com\/?p=3200"},"modified":"2024-10-11T16:18:30","modified_gmt":"2024-10-11T14:18:30","slug":"mafalda-cardenal-deslumbra-en-la-riviera","status":"publish","type":"post","link":"https:\/\/unaymilletras.com\/en\/mafalda-cardenal-deslumbra-en-la-riviera\/","title":{"rendered":"Mafalda Cardenal deslumbra en La Riviera"},"content":{"rendered":"<div data-elementor-type=\"wp-post\" data-elementor-id=\"3200\" class=\"elementor elementor-3200\">\n\t\t\t\t\t\t<section class=\"elementor-section elementor-top-section elementor-element elementor-element-b7fde42 elementor-section-boxed elementor-section-height-default elementor-section-height-default\" data-id=\"b7fde42\" data-element_type=\"section\" data-e-type=\"section\">\n\t\t\t\t\t\t<div class=\"elementor-container elementor-column-gap-default\">\n\t\t\t\t\t<div class=\"elementor-column elementor-col-100 elementor-top-column elementor-element elementor-element-ed199eb\" data-id=\"ed199eb\" data-element_type=\"column\" data-e-type=\"column\">\n\t\t\t<div class=\"elementor-widget-wrap elementor-element-populated\">\n\t\t\t\t\t\t<div class=\"elementor-element elementor-element-66d642c elementor-widget elementor-widget-text-editor\" data-id=\"66d642c\" data-element_type=\"widget\" data-e-type=\"widget\" data-widget_type=\"text-editor.default\">\n\t\t\t\t<div class=\"elementor-widget-container\">\n\t\t\t\t\t\t\t\t\t<h2 style=\"text-align: center;\"><em><span style=\"color: #808080;\">La artista de 22 a\u00f1os, Mafalda Cardenal, llena la ic\u00f3nica sala y confirma su conexi\u00f3n \u00fanica con una nueva generaci\u00f3n de seguidores<\/span><\/em><\/h2>\t\t\t\t\t\t\t\t<\/div>\n\t\t\t\t<\/div>\n\t\t\t\t\t<\/div>\n\t\t<\/div>\n\t\t\t\t\t<\/div>\n\t\t<\/section>\n\t\t\t\t<section class=\"elementor-section elementor-top-section elementor-element elementor-element-5063d6c elementor-section-boxed elementor-section-height-default elementor-section-height-default\" data-id=\"5063d6c\" data-element_type=\"section\" data-e-type=\"section\">\n\t\t\t\t\t\t<div class=\"elementor-container elementor-column-gap-default\">\n\t\t\t\t\t<div class=\"elementor-column elementor-col-100 elementor-top-column elementor-element elementor-element-11dc816\" data-id=\"11dc816\" data-element_type=\"column\" data-e-type=\"column\">\n\t\t\t<div class=\"elementor-widget-wrap elementor-element-populated\">\n\t\t\t\t\t\t<div class=\"elementor-element elementor-element-657d52c elementor-widget elementor-widget-text-editor\" data-id=\"657d52c\" data-element_type=\"widget\" data-e-type=\"widget\" data-widget_type=\"text-editor.default\">\n\t\t\t\t<div class=\"elementor-widget-container\">\n\t\t\t\t\t\t\t\t\t<p>El pasado jueves <strong>3 de octubre<\/strong>, <strong>Mafalda Cardenal<\/strong> marc\u00f3 un hito en su ascendente carrera al llenar la <strong>Sala La <span style=\"color: #808080;\"><a style=\"color: #808080;\" href=\"https:\/\/unaymilletras.com\/en\/marlena-proxima-parada-agotada-la-riviera\/\">Riviera<\/a><\/span><\/strong> de Madrid. Con solo 22 a\u00f1os, la artista revelaci\u00f3n del pop en espa\u00f1ol ofreci\u00f3 un show memorable ante 2.000 personas que corearon cada una de sus canciones, reafirmando su estatus como una de las voces m\u00e1s prometedoras de su generaci\u00f3n.<\/p>\t\t\t\t\t\t\t\t<\/div>\n\t\t\t\t<\/div>\n\t\t\t\t\t<\/div>\n\t\t<\/div>\n\t\t\t\t\t<\/div>\n\t\t<\/section>\n\t\t\t\t<section class=\"elementor-section elementor-top-section elementor-element elementor-element-226a5d5 elementor-section-boxed elementor-section-height-default elementor-section-height-default\" data-id=\"226a5d5\" data-element_type=\"section\" data-e-type=\"section\">\n\t\t\t\t\t\t<div class=\"elementor-container elementor-column-gap-default\">\n\t\t\t\t\t<div class=\"elementor-column elementor-col-100 elementor-top-column elementor-element elementor-element-d818ca5\" data-id=\"d818ca5\" data-element_type=\"column\" data-e-type=\"column\">\n\t\t\t<div class=\"elementor-widget-wrap elementor-element-populated\">\n\t\t\t\t\t\t<div class=\"elementor-element elementor-element-aadd643 elementor-widget elementor-widget-image\" data-id=\"aadd643\" data-element_type=\"widget\" data-e-type=\"widget\" data-widget_type=\"image.default\">\n\t\t\t\t<div class=\"elementor-widget-container\">\n\t\t\t\t\t\t\t\t\t\t\t\t\t\t\t<img fetchpriority=\"high\" decoding=\"async\" width=\"640\" height=\"427\" src=\"https:\/\/unaymilletras.com\/wp-content\/uploads\/2024\/10\/image-1024x683.jpg\" class=\"attachment-large size-large wp-image-3203\" alt=\"Mafalda Cardenal\" srcset=\"https:\/\/unaymilletras.com\/wp-content\/uploads\/2024\/10\/image-1024x683.jpg 1024w, https:\/\/unaymilletras.com\/wp-content\/uploads\/2024\/10\/image-300x200.jpg 300w, https:\/\/unaymilletras.com\/wp-content\/uploads\/2024\/10\/image-768x512.jpg 768w, https:\/\/unaymilletras.com\/wp-content\/uploads\/2024\/10\/image-1536x1024.jpg 1536w, https:\/\/unaymilletras.com\/wp-content\/uploads\/2024\/10\/image-2048x1365.jpg 2048w, https:\/\/unaymilletras.com\/wp-content\/uploads\/2024\/10\/image-18x12.jpg 18w, https:\/\/unaymilletras.com\/wp-content\/uploads\/2024\/10\/image-scaled-e1728656150175.jpg 600w\" sizes=\"(max-width: 640px) 100vw, 640px\" \/>\t\t\t\t\t\t\t\t\t\t\t\t\t\t\t<\/div>\n\t\t\t\t<\/div>\n\t\t\t\t\t<\/div>\n\t\t<\/div>\n\t\t\t\t\t<\/div>\n\t\t<\/section>\n\t\t\t\t<section class=\"elementor-section elementor-top-section elementor-element elementor-element-cb80b15 elementor-section-boxed elementor-section-height-default elementor-section-height-default\" data-id=\"cb80b15\" data-element_type=\"section\" data-e-type=\"section\">\n\t\t\t\t\t\t<div class=\"elementor-container elementor-column-gap-default\">\n\t\t\t\t\t<div class=\"elementor-column elementor-col-100 elementor-top-column elementor-element elementor-element-4839fd3\" data-id=\"4839fd3\" data-element_type=\"column\" data-e-type=\"column\">\n\t\t\t<div class=\"elementor-widget-wrap elementor-element-populated\">\n\t\t\t\t\t\t<div class=\"elementor-element elementor-element-025a0cf elementor-widget elementor-widget-text-editor\" data-id=\"025a0cf\" data-element_type=\"widget\" data-e-type=\"widget\" data-widget_type=\"text-editor.default\">\n\t\t\t\t<div class=\"elementor-widget-container\">\n\t\t\t\t\t\t\t\t\t<p><span style=\"color: #808080;\">El concierto, cargado de emoci\u00f3n y energ\u00eda, incluy\u00f3 algunos de los temas m\u00e1s conocidos de Mafalda, como <em>Pa que me cantes en el coche<\/em> y <em><a style=\"color: #808080;\" href=\"https:\/\/open.spotify.com\/intl-es\/track\/4WOLdudWcyjYUuRYGYd8uY?si=530e995a3276479f\">Solo un nombre<\/a><\/em>, su reciente \u00e9xito. La actuaci\u00f3n tambi\u00e9n sorprendi\u00f3 con el estreno de su balada <em>Vete a la luna<\/em>, y alcanz\u00f3 su punto m\u00e1s alto con la interpretaci\u00f3n de <em>Tu fan<\/em>, la canci\u00f3n que la catapult\u00f3 al estrellato con m\u00e1s de 80 millones de reproducciones en plataformas digitales.<\/span><\/p><p>La conexi\u00f3n de Mafalda con su p\u00fablico, que no dej\u00f3 de cantar y bailar durante todo el show, deja claro que su ascenso en la escena musical no tiene l\u00edmites. Su actuaci\u00f3n en La Riviera es solo el comienzo de lo que promete ser una carrera brillante en el pop en espa\u00f1ol.<\/p>\t\t\t\t\t\t\t\t<\/div>\n\t\t\t\t<\/div>\n\t\t\t\t\t<\/div>\n\t\t<\/div>\n\t\t\t\t\t<\/div>\n\t\t<\/section>\n\t\t\t\t<\/div>","protected":false},"excerpt":{"rendered":"<p>La artista de 22 a\u00f1os, Mafalda Cardenal, llena la ic\u00f3nica sala y confirma su conexi\u00f3n \u00fanica con una nueva generaci\u00f3n de seguidores El pasado jueves 3 de octubre, Mafalda Cardenal marc\u00f3 un hito en su ascendente carrera al llenar la Sala La Riviera de Madrid. Con solo 22 a\u00f1os, la artista revelaci\u00f3n del pop en [&hellip;]<\/p>\n","protected":false},"author":6,"featured_media":3203,"comment_status":"open","ping_status":"open","sticky":false,"template":"","format":"standard","meta":{"footnotes":""},"categories":[4],"tags":[],"class_list":["post-3200","post","type-post","status-publish","format-standard","has-post-thumbnail","hentry","category-musica"],"yoast_head":"<!-- This site is optimized with the Yoast SEO plugin v27.4 - https:\/\/yoast.com\/product\/yoast-seo-wordpress\/ -->\n<title>Mafalda Cardenal deslumbra en La Riviera &#8902; Una y Mil Letras<\/title>\n<meta name=\"description\" content=\"La artista de 22 a\u00f1os, Mafalda Cardenal, llena la ic\u00f3nica sala madrile\u00f1a y confirma su conexi\u00f3n \u00fanica con una nueva generaci\u00f3n de seguidores\" \/>\n<meta name=\"robots\" content=\"index, follow, max-snippet:-1, max-image-preview:large, max-video-preview:-1\" \/>\n<link rel=\"canonical\" href=\"https:\/\/unaymilletras.com\/en\/mafalda-cardenal-deslumbra-en-la-riviera\/\" \/>\n<meta property=\"og:locale\" content=\"en_GB\" \/>\n<meta property=\"og:type\" content=\"article\" \/>\n<meta property=\"og:title\" content=\"Mafalda Cardenal deslumbra en La Riviera &#8902; Una y Mil Letras\" \/>\n<meta property=\"og:description\" content=\"La artista de 22 a\u00f1os, Mafalda Cardenal, llena la ic\u00f3nica sala madrile\u00f1a y confirma su conexi\u00f3n \u00fanica con una nueva generaci\u00f3n de seguidores\" \/>\n<meta property=\"og:url\" content=\"https:\/\/unaymilletras.com\/en\/mafalda-cardenal-deslumbra-en-la-riviera\/\" \/>\n<meta property=\"og:site_name\" content=\"Una y Mil Letras\" \/>\n<meta property=\"article:published_time\" content=\"2024-10-11T14:16:58+00:00\" \/>\n<meta property=\"article:modified_time\" content=\"2024-10-11T14:18:30+00:00\" \/>\n<meta property=\"og:image\" content=\"http:\/\/unaymilletras.com\/wp-content\/uploads\/2024\/10\/image-scaled-e1728656150175.jpg\" \/>\n\t<meta property=\"og:image:width\" content=\"600\" \/>\n\t<meta property=\"og:image:height\" content=\"400\" \/>\n\t<meta property=\"og:image:type\" content=\"image\/jpeg\" \/>\n<meta name=\"author\" content=\"Redacci\u00f3n\" \/>\n<meta name=\"twitter:card\" content=\"summary_large_image\" \/>\n<meta name=\"twitter:creator\" content=\"@UnaYMilLetras\" \/>\n<meta name=\"twitter:site\" content=\"@UnaYMilLetras\" \/>\n<meta name=\"twitter:label1\" content=\"Written by\" \/>\n\t<meta name=\"twitter:data1\" content=\"Redacci\u00f3n\" \/>\n\t<meta name=\"twitter:label2\" content=\"Estimated reading time\" \/>\n\t<meta name=\"twitter:data2\" content=\"2 minutes\" \/>\n<script type=\"application\/ld+json\" class=\"yoast-schema-graph\">{\"@context\":\"https:\\\/\\\/schema.org\",\"@graph\":[{\"@type\":\"Article\",\"@id\":\"https:\\\/\\\/unaymilletras.com\\\/mafalda-cardenal-deslumbra-en-la-riviera\\\/#article\",\"isPartOf\":{\"@id\":\"https:\\\/\\\/unaymilletras.com\\\/mafalda-cardenal-deslumbra-en-la-riviera\\\/\"},\"author\":{\"name\":\"Redacci\u00f3n\",\"@id\":\"http:\\\/\\\/unaymilletras.com\\\/#\\\/schema\\\/person\\\/0860dc8a218329991ee2c7591f4f849d\"},\"headline\":\"Mafalda Cardenal deslumbra en La Riviera\",\"datePublished\":\"2024-10-11T14:16:58+00:00\",\"dateModified\":\"2024-10-11T14:18:30+00:00\",\"mainEntityOfPage\":{\"@id\":\"https:\\\/\\\/unaymilletras.com\\\/mafalda-cardenal-deslumbra-en-la-riviera\\\/\"},\"wordCount\":233,\"commentCount\":0,\"publisher\":{\"@id\":\"http:\\\/\\\/unaymilletras.com\\\/#organization\"},\"image\":{\"@id\":\"https:\\\/\\\/unaymilletras.com\\\/mafalda-cardenal-deslumbra-en-la-riviera\\\/#primaryimage\"},\"thumbnailUrl\":\"https:\\\/\\\/unaymilletras.com\\\/wp-content\\\/uploads\\\/2024\\\/10\\\/image-scaled-e1728656150175.jpg\",\"articleSection\":[\"M\u00fasica\"],\"inLanguage\":\"en-GB\",\"potentialAction\":[{\"@type\":\"CommentAction\",\"name\":\"Comment\",\"target\":[\"https:\\\/\\\/unaymilletras.com\\\/mafalda-cardenal-deslumbra-en-la-riviera\\\/#respond\"]}]},{\"@type\":\"WebPage\",\"@id\":\"https:\\\/\\\/unaymilletras.com\\\/mafalda-cardenal-deslumbra-en-la-riviera\\\/\",\"url\":\"https:\\\/\\\/unaymilletras.com\\\/mafalda-cardenal-deslumbra-en-la-riviera\\\/\",\"name\":\"Mafalda Cardenal deslumbra en La Riviera &#8902; Una y Mil Letras\",\"isPartOf\":{\"@id\":\"http:\\\/\\\/unaymilletras.com\\\/#website\"},\"primaryImageOfPage\":{\"@id\":\"https:\\\/\\\/unaymilletras.com\\\/mafalda-cardenal-deslumbra-en-la-riviera\\\/#primaryimage\"},\"image\":{\"@id\":\"https:\\\/\\\/unaymilletras.com\\\/mafalda-cardenal-deslumbra-en-la-riviera\\\/#primaryimage\"},\"thumbnailUrl\":\"https:\\\/\\\/unaymilletras.com\\\/wp-content\\\/uploads\\\/2024\\\/10\\\/image-scaled-e1728656150175.jpg\",\"datePublished\":\"2024-10-11T14:16:58+00:00\",\"dateModified\":\"2024-10-11T14:18:30+00:00\",\"description\":\"La artista de 22 a\u00f1os, Mafalda Cardenal, llena la ic\u00f3nica sala madrile\u00f1a y confirma su conexi\u00f3n \u00fanica con una nueva generaci\u00f3n de seguidores\",\"breadcrumb\":{\"@id\":\"https:\\\/\\\/unaymilletras.com\\\/mafalda-cardenal-deslumbra-en-la-riviera\\\/#breadcrumb\"},\"inLanguage\":\"en-GB\",\"potentialAction\":[{\"@type\":\"ReadAction\",\"target\":[\"https:\\\/\\\/unaymilletras.com\\\/mafalda-cardenal-deslumbra-en-la-riviera\\\/\"]}]},{\"@type\":\"ImageObject\",\"inLanguage\":\"en-GB\",\"@id\":\"https:\\\/\\\/unaymilletras.com\\\/mafalda-cardenal-deslumbra-en-la-riviera\\\/#primaryimage\",\"url\":\"https:\\\/\\\/unaymilletras.com\\\/wp-content\\\/uploads\\\/2024\\\/10\\\/image-scaled-e1728656150175.jpg\",\"contentUrl\":\"https:\\\/\\\/unaymilletras.com\\\/wp-content\\\/uploads\\\/2024\\\/10\\\/image-scaled-e1728656150175.jpg\",\"width\":600,\"height\":400,\"caption\":\"Mafalda Cardenal\"},{\"@type\":\"BreadcrumbList\",\"@id\":\"https:\\\/\\\/unaymilletras.com\\\/mafalda-cardenal-deslumbra-en-la-riviera\\\/#breadcrumb\",\"itemListElement\":[{\"@type\":\"ListItem\",\"position\":1,\"name\":\"Home\",\"item\":\"http:\\\/\\\/unaymilletras.com\\\/\"},{\"@type\":\"ListItem\",\"position\":2,\"name\":\"Mafalda Cardenal deslumbra en La Riviera\"}]},{\"@type\":\"WebSite\",\"@id\":\"http:\\\/\\\/unaymilletras.com\\\/#website\",\"url\":\"http:\\\/\\\/unaymilletras.com\\\/\",\"name\":\"Una y Mil Letras\",\"description\":\"\",\"publisher\":{\"@id\":\"http:\\\/\\\/unaymilletras.com\\\/#organization\"},\"potentialAction\":[{\"@type\":\"SearchAction\",\"target\":{\"@type\":\"EntryPoint\",\"urlTemplate\":\"http:\\\/\\\/unaymilletras.com\\\/?s={search_term_string}\"},\"query-input\":{\"@type\":\"PropertyValueSpecification\",\"valueRequired\":true,\"valueName\":\"search_term_string\"}}],\"inLanguage\":\"en-GB\"},{\"@type\":\"Organization\",\"@id\":\"http:\\\/\\\/unaymilletras.com\\\/#organization\",\"name\":\"Una y Mil Letras\",\"url\":\"http:\\\/\\\/unaymilletras.com\\\/\",\"logo\":{\"@type\":\"ImageObject\",\"inLanguage\":\"en-GB\",\"@id\":\"http:\\\/\\\/unaymilletras.com\\\/#\\\/schema\\\/logo\\\/image\\\/\",\"url\":\"https:\\\/\\\/unaymilletras.com\\\/wp-content\\\/uploads\\\/2024\\\/06\\\/cropped-Logo-removebg-preview.png\",\"contentUrl\":\"https:\\\/\\\/unaymilletras.com\\\/wp-content\\\/uploads\\\/2024\\\/06\\\/cropped-Logo-removebg-preview.png\",\"width\":512,\"height\":512,\"caption\":\"Una y Mil Letras\"},\"image\":{\"@id\":\"http:\\\/\\\/unaymilletras.com\\\/#\\\/schema\\\/logo\\\/image\\\/\"},\"sameAs\":[\"https:\\\/\\\/x.com\\\/UnaYMilLetras\",\"https:\\\/\\\/instagram.com\\\/UnaYMilLetras\"]},{\"@type\":\"Person\",\"@id\":\"http:\\\/\\\/unaymilletras.com\\\/#\\\/schema\\\/person\\\/0860dc8a218329991ee2c7591f4f849d\",\"name\":\"Redacci\u00f3n\",\"image\":{\"@type\":\"ImageObject\",\"inLanguage\":\"en-GB\",\"@id\":\"https:\\\/\\\/secure.gravatar.com\\\/avatar\\\/d8f55e05a8b6597e45c55a1dcbdbfe44f4a360d88b48e00de5216a79b7732796?s=96&d=mm&r=g\",\"url\":\"https:\\\/\\\/secure.gravatar.com\\\/avatar\\\/d8f55e05a8b6597e45c55a1dcbdbfe44f4a360d88b48e00de5216a79b7732796?s=96&d=mm&r=g\",\"contentUrl\":\"https:\\\/\\\/secure.gravatar.com\\\/avatar\\\/d8f55e05a8b6597e45c55a1dcbdbfe44f4a360d88b48e00de5216a79b7732796?s=96&d=mm&r=g\",\"caption\":\"Redacci\u00f3n\"},\"url\":\"https:\\\/\\\/unaymilletras.com\\\/en\\\/author\\\/redaccion\\\/\"}]}<\/script>\n<!-- \/ Yoast SEO plugin. -->","yoast_head_json":{"title":"Mafalda Cardenal deslumbra en La Riviera &#8902; Una y Mil Letras","description":"La artista de 22 a\u00f1os, Mafalda Cardenal, llena la ic\u00f3nica sala madrile\u00f1a y confirma su conexi\u00f3n \u00fanica con una nueva generaci\u00f3n de seguidores","robots":{"index":"index","follow":"follow","max-snippet":"max-snippet:-1","max-image-preview":"max-image-preview:large","max-video-preview":"max-video-preview:-1"},"canonical":"https:\/\/unaymilletras.com\/en\/mafalda-cardenal-deslumbra-en-la-riviera\/","og_locale":"en_GB","og_type":"article","og_title":"Mafalda Cardenal deslumbra en La Riviera &#8902; Una y Mil Letras","og_description":"La artista de 22 a\u00f1os, Mafalda Cardenal, llena la ic\u00f3nica sala madrile\u00f1a y confirma su conexi\u00f3n \u00fanica con una nueva generaci\u00f3n de seguidores","og_url":"https:\/\/unaymilletras.com\/en\/mafalda-cardenal-deslumbra-en-la-riviera\/","og_site_name":"Una y Mil Letras","article_published_time":"2024-10-11T14:16:58+00:00","article_modified_time":"2024-10-11T14:18:30+00:00","og_image":[{"width":600,"height":400,"url":"http:\/\/unaymilletras.com\/wp-content\/uploads\/2024\/10\/image-scaled-e1728656150175.jpg","type":"image\/jpeg"}],"author":"Redacci\u00f3n","twitter_card":"summary_large_image","twitter_creator":"@UnaYMilLetras","twitter_site":"@UnaYMilLetras","twitter_misc":{"Written by":"Redacci\u00f3n","Estimated reading time":"2 minutes"},"schema":{"@context":"https:\/\/schema.org","@graph":[{"@type":"Article","@id":"https:\/\/unaymilletras.com\/mafalda-cardenal-deslumbra-en-la-riviera\/#article","isPartOf":{"@id":"https:\/\/unaymilletras.com\/mafalda-cardenal-deslumbra-en-la-riviera\/"},"author":{"name":"Redacci\u00f3n","@id":"http:\/\/unaymilletras.com\/#\/schema\/person\/0860dc8a218329991ee2c7591f4f849d"},"headline":"Mafalda Cardenal deslumbra en La Riviera","datePublished":"2024-10-11T14:16:58+00:00","dateModified":"2024-10-11T14:18:30+00:00","mainEntityOfPage":{"@id":"https:\/\/unaymilletras.com\/mafalda-cardenal-deslumbra-en-la-riviera\/"},"wordCount":233,"commentCount":0,"publisher":{"@id":"http:\/\/unaymilletras.com\/#organization"},"image":{"@id":"https:\/\/unaymilletras.com\/mafalda-cardenal-deslumbra-en-la-riviera\/#primaryimage"},"thumbnailUrl":"https:\/\/unaymilletras.com\/wp-content\/uploads\/2024\/10\/image-scaled-e1728656150175.jpg","articleSection":["M\u00fasica"],"inLanguage":"en-GB","potentialAction":[{"@type":"CommentAction","name":"Comment","target":["https:\/\/unaymilletras.com\/mafalda-cardenal-deslumbra-en-la-riviera\/#respond"]}]},{"@type":"WebPage","@id":"https:\/\/unaymilletras.com\/mafalda-cardenal-deslumbra-en-la-riviera\/","url":"https:\/\/unaymilletras.com\/mafalda-cardenal-deslumbra-en-la-riviera\/","name":"Mafalda Cardenal deslumbra en La Riviera &#8902; Una y Mil Letras","isPartOf":{"@id":"http:\/\/unaymilletras.com\/#website"},"primaryImageOfPage":{"@id":"https:\/\/unaymilletras.com\/mafalda-cardenal-deslumbra-en-la-riviera\/#primaryimage"},"image":{"@id":"https:\/\/unaymilletras.com\/mafalda-cardenal-deslumbra-en-la-riviera\/#primaryimage"},"thumbnailUrl":"https:\/\/unaymilletras.com\/wp-content\/uploads\/2024\/10\/image-scaled-e1728656150175.jpg","datePublished":"2024-10-11T14:16:58+00:00","dateModified":"2024-10-11T14:18:30+00:00","description":"La artista de 22 a\u00f1os, Mafalda Cardenal, llena la ic\u00f3nica sala madrile\u00f1a y confirma su conexi\u00f3n \u00fanica con una nueva generaci\u00f3n de seguidores","breadcrumb":{"@id":"https:\/\/unaymilletras.com\/mafalda-cardenal-deslumbra-en-la-riviera\/#breadcrumb"},"inLanguage":"en-GB","potentialAction":[{"@type":"ReadAction","target":["https:\/\/unaymilletras.com\/mafalda-cardenal-deslumbra-en-la-riviera\/"]}]},{"@type":"ImageObject","inLanguage":"en-GB","@id":"https:\/\/unaymilletras.com\/mafalda-cardenal-deslumbra-en-la-riviera\/#primaryimage","url":"https:\/\/unaymilletras.com\/wp-content\/uploads\/2024\/10\/image-scaled-e1728656150175.jpg","contentUrl":"https:\/\/unaymilletras.com\/wp-content\/uploads\/2024\/10\/image-scaled-e1728656150175.jpg","width":600,"height":400,"caption":"Mafalda Cardenal"},{"@type":"BreadcrumbList","@id":"https:\/\/unaymilletras.com\/mafalda-cardenal-deslumbra-en-la-riviera\/#breadcrumb","itemListElement":[{"@type":"ListItem","position":1,"name":"Home","item":"http:\/\/unaymilletras.com\/"},{"@type":"ListItem","position":2,"name":"Mafalda Cardenal deslumbra en La Riviera"}]},{"@type":"WebSite","@id":"http:\/\/unaymilletras.com\/#website","url":"http:\/\/unaymilletras.com\/","name":"Una y Mil Letras","description":"","publisher":{"@id":"http:\/\/unaymilletras.com\/#organization"},"potentialAction":[{"@type":"SearchAction","target":{"@type":"EntryPoint","urlTemplate":"http:\/\/unaymilletras.com\/?s={search_term_string}"},"query-input":{"@type":"PropertyValueSpecification","valueRequired":true,"valueName":"search_term_string"}}],"inLanguage":"en-GB"},{"@type":"Organization","@id":"http:\/\/unaymilletras.com\/#organization","name":"Una y Mil Letras","url":"http:\/\/unaymilletras.com\/","logo":{"@type":"ImageObject","inLanguage":"en-GB","@id":"http:\/\/unaymilletras.com\/#\/schema\/logo\/image\/","url":"https:\/\/unaymilletras.com\/wp-content\/uploads\/2024\/06\/cropped-Logo-removebg-preview.png","contentUrl":"https:\/\/unaymilletras.com\/wp-content\/uploads\/2024\/06\/cropped-Logo-removebg-preview.png","width":512,"height":512,"caption":"Una y Mil Letras"},"image":{"@id":"http:\/\/unaymilletras.com\/#\/schema\/logo\/image\/"},"sameAs":["https:\/\/x.com\/UnaYMilLetras","https:\/\/instagram.com\/UnaYMilLetras"]},{"@type":"Person","@id":"http:\/\/unaymilletras.com\/#\/schema\/person\/0860dc8a218329991ee2c7591f4f849d","name":"Redacci\u00f3n","image":{"@type":"ImageObject","inLanguage":"en-GB","@id":"https:\/\/secure.gravatar.com\/avatar\/d8f55e05a8b6597e45c55a1dcbdbfe44f4a360d88b48e00de5216a79b7732796?s=96&d=mm&r=g","url":"https:\/\/secure.gravatar.com\/avatar\/d8f55e05a8b6597e45c55a1dcbdbfe44f4a360d88b48e00de5216a79b7732796?s=96&d=mm&r=g","contentUrl":"https:\/\/secure.gravatar.com\/avatar\/d8f55e05a8b6597e45c55a1dcbdbfe44f4a360d88b48e00de5216a79b7732796?s=96&d=mm&r=g","caption":"Redacci\u00f3n"},"url":"https:\/\/unaymilletras.com\/en\/author\/redaccion\/"}]}},"_links":{"self":[{"href":"https:\/\/unaymilletras.com\/en\/wp-json\/wp\/v2\/posts\/3200","targetHints":{"allow":["GET"]}}],"collection":[{"href":"https:\/\/unaymilletras.com\/en\/wp-json\/wp\/v2\/posts"}],"about":[{"href":"https:\/\/unaymilletras.com\/en\/wp-json\/wp\/v2\/types\/post"}],"author":[{"embeddable":true,"href":"https:\/\/unaymilletras.com\/en\/wp-json\/wp\/v2\/users\/6"}],"replies":[{"embeddable":true,"href":"https:\/\/unaymilletras.com\/en\/wp-json\/wp\/v2\/comments?post=3200"}],"version-history":[{"count":5,"href":"https:\/\/unaymilletras.com\/en\/wp-json\/wp\/v2\/posts\/3200\/revisions"}],"predecessor-version":[{"id":3206,"href":"https:\/\/unaymilletras.com\/en\/wp-json\/wp\/v2\/posts\/3200\/revisions\/3206"}],"wp:featuredmedia":[{"embeddable":true,"href":"https:\/\/unaymilletras.com\/en\/wp-json\/wp\/v2\/media\/3203"}],"wp:attachment":[{"href":"https:\/\/unaymilletras.com\/en\/wp-json\/wp\/v2\/media?parent=3200"}],"wp:term":[{"taxonomy":"category","embeddable":true,"href":"https:\/\/unaymilletras.com\/en\/wp-json\/wp\/v2\/categories?post=3200"},{"taxonomy":"post_tag","embeddable":true,"href":"https:\/\/unaymilletras.com\/en\/wp-json\/wp\/v2\/tags?post=3200"}],"curies":[{"name":"wp","href":"https:\/\/api.w.org\/{rel}","templated":true}]}}