{"id":3214,"date":"2024-10-14T13:58:18","date_gmt":"2024-10-14T11:58:18","guid":{"rendered":"https:\/\/unaymilletras.com\/?p=3214"},"modified":"2024-10-14T13:58:20","modified_gmt":"2024-10-14T11:58:20","slug":"la-oreja-de-van-gogh-se-despide-de-leire","status":"publish","type":"post","link":"https:\/\/unaymilletras.com\/en\/la-oreja-de-van-gogh-se-despide-de-leire\/","title":{"rendered":"La Oreja de Van Gogh se despide de Leire"},"content":{"rendered":"<div data-elementor-type=\"wp-post\" data-elementor-id=\"3214\" class=\"elementor elementor-3214\">\n\t\t\t\t\t\t<section class=\"elementor-section elementor-top-section elementor-element elementor-element-130b2fa elementor-section-boxed elementor-section-height-default elementor-section-height-default\" data-id=\"130b2fa\" data-element_type=\"section\" data-e-type=\"section\">\n\t\t\t\t\t\t<div class=\"elementor-container elementor-column-gap-default\">\n\t\t\t\t\t<div class=\"elementor-column elementor-col-100 elementor-top-column elementor-element elementor-element-4a555ae\" data-id=\"4a555ae\" data-element_type=\"column\" data-e-type=\"column\">\n\t\t\t<div class=\"elementor-widget-wrap elementor-element-populated\">\n\t\t\t\t\t\t<div class=\"elementor-element elementor-element-0fe8ea4 elementor-widget elementor-widget-text-editor\" data-id=\"0fe8ea4\" data-element_type=\"widget\" data-e-type=\"widget\" data-widget_type=\"text-editor.default\">\n\t\t\t\t<div class=\"elementor-widget-container\">\n\t\t\t\t\t\t\t\t\t<h2 style=\"text-align: center;\"><span style=\"color: #808080;\"><em>Tras 17 a\u00f1os, Leire y La Oreja de Van Gogh separan sus caminos despu\u00e9s de una dura reflexi\u00f3n<\/em><\/span><\/h2>\t\t\t\t\t\t\t\t<\/div>\n\t\t\t\t<\/div>\n\t\t\t\t\t<\/div>\n\t\t<\/div>\n\t\t\t\t\t<\/div>\n\t\t<\/section>\n\t\t\t\t<section class=\"elementor-section elementor-top-section elementor-element elementor-element-e1f245c elementor-section-boxed elementor-section-height-default elementor-section-height-default\" data-id=\"e1f245c\" data-element_type=\"section\" data-e-type=\"section\">\n\t\t\t\t\t\t<div class=\"elementor-container elementor-column-gap-default\">\n\t\t\t\t\t<div class=\"elementor-column elementor-col-100 elementor-top-column elementor-element elementor-element-1049d04\" data-id=\"1049d04\" data-element_type=\"column\" data-e-type=\"column\">\n\t\t\t<div class=\"elementor-widget-wrap elementor-element-populated\">\n\t\t\t\t\t\t<div class=\"elementor-element elementor-element-8b50ec5 elementor-widget elementor-widget-text-editor\" data-id=\"8b50ec5\" data-element_type=\"widget\" data-e-type=\"widget\" data-widget_type=\"text-editor.default\">\n\t\t\t\t<div class=\"elementor-widget-container\">\n\t\t\t\t\t\t\t\t\t<p>Tras 17 a\u00f1os llenos de m\u00fasica, \u00e9xitos y emociones, <b>La Oreja de Van Gogh<\/b> y su vocalista <b>Leire Mart\u00ednez <\/b>han anunciado su separaci\u00f3n. En un comunicado oficial, el grupo revel\u00f3 que, tras profundas conversaciones, no lograron conciliar sus diferentes formas de entender el futuro del proyecto. La banda ha agradecido a Leire por todos estos a\u00f1os de colaboraci\u00f3n y destac\u00f3 que esta etapa ser\u00e1 recordada con cari\u00f1o.<\/p>\t\t\t\t\t\t\t\t<\/div>\n\t\t\t\t<\/div>\n\t\t\t\t\t<\/div>\n\t\t<\/div>\n\t\t\t\t\t<\/div>\n\t\t<\/section>\n\t\t\t\t<section class=\"elementor-section elementor-top-section elementor-element elementor-element-e2e6d7b elementor-section-boxed elementor-section-height-default elementor-section-height-default\" data-id=\"e2e6d7b\" data-element_type=\"section\" data-e-type=\"section\">\n\t\t\t\t\t\t<div class=\"elementor-container elementor-column-gap-default\">\n\t\t\t\t\t<div class=\"elementor-column elementor-col-100 elementor-top-column elementor-element elementor-element-7713de3\" data-id=\"7713de3\" data-element_type=\"column\" data-e-type=\"column\">\n\t\t\t<div class=\"elementor-widget-wrap elementor-element-populated\">\n\t\t\t\t\t\t<div class=\"elementor-element elementor-element-b4eeb98 elementor-widget elementor-widget-image\" data-id=\"b4eeb98\" data-element_type=\"widget\" data-e-type=\"widget\" data-widget_type=\"image.default\">\n\t\t\t\t<div class=\"elementor-widget-container\">\n\t\t\t\t\t\t\t\t\t\t\t\t\t\t\t<img fetchpriority=\"high\" decoding=\"async\" width=\"640\" height=\"360\" src=\"https:\/\/unaymilletras.com\/wp-content\/uploads\/2024\/10\/2024100810154699616-1024x576.jpg\" class=\"attachment-large size-large wp-image-3216\" alt=\"La Oreja de Van Gogh\" srcset=\"https:\/\/unaymilletras.com\/wp-content\/uploads\/2024\/10\/2024100810154699616-1024x576.jpg 1024w, https:\/\/unaymilletras.com\/wp-content\/uploads\/2024\/10\/2024100810154699616-300x169.jpg 300w, https:\/\/unaymilletras.com\/wp-content\/uploads\/2024\/10\/2024100810154699616-768x432.jpg 768w, https:\/\/unaymilletras.com\/wp-content\/uploads\/2024\/10\/2024100810154699616-18x10.jpg 18w, https:\/\/unaymilletras.com\/wp-content\/uploads\/2024\/10\/2024100810154699616-e1728906903467.jpg 600w\" sizes=\"(max-width: 640px) 100vw, 640px\" \/>\t\t\t\t\t\t\t\t\t\t\t\t\t\t\t<\/div>\n\t\t\t\t<\/div>\n\t\t\t\t\t<\/div>\n\t\t<\/div>\n\t\t\t\t\t<\/div>\n\t\t<\/section>\n\t\t\t\t<section class=\"elementor-section elementor-top-section elementor-element elementor-element-a01faad elementor-section-boxed elementor-section-height-default elementor-section-height-default\" data-id=\"a01faad\" data-element_type=\"section\" data-e-type=\"section\">\n\t\t\t\t\t\t<div class=\"elementor-container elementor-column-gap-default\">\n\t\t\t\t\t<div class=\"elementor-column elementor-col-100 elementor-top-column elementor-element elementor-element-65efbd7\" data-id=\"65efbd7\" data-element_type=\"column\" data-e-type=\"column\">\n\t\t\t<div class=\"elementor-widget-wrap elementor-element-populated\">\n\t\t\t\t\t\t<div class=\"elementor-element elementor-element-904b873 elementor-widget elementor-widget-text-editor\" data-id=\"904b873\" data-element_type=\"widget\" data-e-type=\"widget\" data-widget_type=\"text-editor.default\">\n\t\t\t\t<div class=\"elementor-widget-container\">\n\t\t\t\t\t\t\t\t\t<h3>Un nuevo cap\u00edtulo<\/h3>\n<p>Leire Mart\u00ednez se uni\u00f3 a La Oreja de Van Gogh en 2008, tras la salida de Amaia Montero, la primera vocalista de la banda. Desde entonces, la cantante donostiarra ha sido la voz de muchos de los \u00e9xitos m\u00e1s recientes del grupo, aportando su estilo personal y consolidando su papel dentro de una de las bandas m\u00e1s importantes del panorama musical en espa\u00f1ol.<\/p>\n<p>El primer gran hito con Leire fue el \u00e1lbum <strong><i>A las cinco en el Astoria<\/i><\/strong>&nbsp;(2008), el cual fue un \u00e9xito de ventas y confirm\u00f3 que la banda segu\u00eda en plena forma pese al cambio de vocalista. Canciones como <strong><i>El \u00faltimo vals<\/i><\/strong>&nbsp;o <strong><i>Inmortal<\/i><\/strong>&nbsp;se convirtieron r\u00e1pidamente en hits, y el disco alcanz\u00f3 un gran \u00e9xito en Espa\u00f1a y Latinoam\u00e9rica, reafirmando a la banda como una de las m\u00e1s queridas por el p\u00fablico.<\/p>\n<p>A lo largo de estos a\u00f1os, el grupo lanz\u00f3 otros \u00e1lbumes importantes, como <strong><i>Cometas por el cielo<\/i><\/strong>&nbsp;(2011) y <strong><i>El planeta imaginario<\/i><\/strong>&nbsp;(2016), manteniendo siempre un estilo caracter\u00edstico que combina letras nost\u00e1lgicas con melod\u00edas pop mel\u00f3dicas. Durante la etapa con Leire, La Oreja de Van Gogh tambi\u00e9n recibi\u00f3 numerosos premios, incluyendo nominaciones a los Grammy Latinos y reconocimientos por sus giras internacionales.<\/p>\t\t\t\t\t\t\t\t<\/div>\n\t\t\t\t<\/div>\n\t\t\t\t\t<\/div>\n\t\t<\/div>\n\t\t\t\t\t<\/div>\n\t\t<\/section>\n\t\t\t\t<\/div>","protected":false},"excerpt":{"rendered":"<p>Tras 17 a\u00f1os, Leire y La Oreja de Van Gogh separan sus caminos despu\u00e9s de una dura reflexi\u00f3n Tras 17 a\u00f1os llenos de m\u00fasica, \u00e9xitos y emociones, La Oreja de Van Gogh y su vocalista Leire Mart\u00ednez han anunciado su separaci\u00f3n. En un comunicado oficial, el grupo revel\u00f3 que, tras profundas conversaciones, no lograron conciliar [&hellip;]<\/p>\n","protected":false},"author":1,"featured_media":3216,"comment_status":"open","ping_status":"open","sticky":false,"template":"","format":"standard","meta":{"footnotes":""},"categories":[4],"tags":[],"class_list":["post-3214","post","type-post","status-publish","format-standard","has-post-thumbnail","hentry","category-musica"],"yoast_head":"<!-- This site is optimized with the Yoast SEO plugin v27.4 - https:\/\/yoast.com\/product\/yoast-seo-wordpress\/ -->\n<title>La Oreja de Van Gogh se despide de Leire<\/title>\n<meta name=\"description\" content=\"Tras 17 a\u00f1os, Leire y La Oreja de Van Gogh anuncian la separaci\u00f3n de sus caminos despu\u00e9s de una dura reflexi\u00f3n\" \/>\n<meta name=\"robots\" content=\"index, follow, max-snippet:-1, max-image-preview:large, max-video-preview:-1\" \/>\n<link rel=\"canonical\" href=\"https:\/\/unaymilletras.com\/en\/la-oreja-de-van-gogh-se-despide-de-leire\/\" \/>\n<meta property=\"og:locale\" content=\"en_GB\" \/>\n<meta property=\"og:type\" content=\"article\" \/>\n<meta property=\"og:title\" content=\"La Oreja de Van Gogh se despide de Leire\" \/>\n<meta property=\"og:description\" content=\"Tras 17 a\u00f1os, Leire y La Oreja de Van Gogh anuncian la separaci\u00f3n de sus caminos despu\u00e9s de una dura reflexi\u00f3n\" \/>\n<meta property=\"og:url\" content=\"https:\/\/unaymilletras.com\/en\/la-oreja-de-van-gogh-se-despide-de-leire\/\" \/>\n<meta property=\"og:site_name\" content=\"Una y Mil Letras\" \/>\n<meta property=\"article:published_time\" content=\"2024-10-14T11:58:18+00:00\" \/>\n<meta property=\"article:modified_time\" content=\"2024-10-14T11:58:20+00:00\" \/>\n<meta property=\"og:image\" content=\"http:\/\/unaymilletras.com\/wp-content\/uploads\/2024\/10\/2024100810154699616-e1728906903467.jpg\" \/>\n\t<meta property=\"og:image:width\" content=\"600\" \/>\n\t<meta property=\"og:image:height\" content=\"338\" \/>\n\t<meta property=\"og:image:type\" content=\"image\/jpeg\" \/>\n<meta name=\"author\" content=\"Maria Gil Robledo\" \/>\n<meta name=\"twitter:card\" content=\"summary_large_image\" \/>\n<meta name=\"twitter:creator\" content=\"@UnaYMilLetras\" \/>\n<meta name=\"twitter:site\" content=\"@UnaYMilLetras\" \/>\n<meta name=\"twitter:label1\" content=\"Written by\" \/>\n\t<meta name=\"twitter:data1\" content=\"Maria Gil Robledo\" \/>\n\t<meta name=\"twitter:label2\" content=\"Estimated reading time\" \/>\n\t<meta name=\"twitter:data2\" content=\"2 minutes\" \/>\n<script type=\"application\/ld+json\" class=\"yoast-schema-graph\">{\"@context\":\"https:\\\/\\\/schema.org\",\"@graph\":[{\"@type\":\"Article\",\"@id\":\"https:\\\/\\\/unaymilletras.com\\\/la-oreja-de-van-gogh-se-despide-de-leire\\\/#article\",\"isPartOf\":{\"@id\":\"https:\\\/\\\/unaymilletras.com\\\/la-oreja-de-van-gogh-se-despide-de-leire\\\/\"},\"author\":{\"name\":\"Maria Gil Robledo\",\"@id\":\"http:\\\/\\\/unaymilletras.com\\\/#\\\/schema\\\/person\\\/d55ba681b8a4e463d8982dbe36a5dc94\"},\"headline\":\"La Oreja de Van Gogh se despide de Leire\",\"datePublished\":\"2024-10-14T11:58:18+00:00\",\"dateModified\":\"2024-10-14T11:58:20+00:00\",\"mainEntityOfPage\":{\"@id\":\"https:\\\/\\\/unaymilletras.com\\\/la-oreja-de-van-gogh-se-despide-de-leire\\\/\"},\"wordCount\":321,\"commentCount\":0,\"publisher\":{\"@id\":\"http:\\\/\\\/unaymilletras.com\\\/#organization\"},\"image\":{\"@id\":\"https:\\\/\\\/unaymilletras.com\\\/la-oreja-de-van-gogh-se-despide-de-leire\\\/#primaryimage\"},\"thumbnailUrl\":\"https:\\\/\\\/unaymilletras.com\\\/wp-content\\\/uploads\\\/2024\\\/10\\\/2024100810154699616-e1728906903467.jpg\",\"articleSection\":[\"M\u00fasica\"],\"inLanguage\":\"en-GB\",\"potentialAction\":[{\"@type\":\"CommentAction\",\"name\":\"Comment\",\"target\":[\"https:\\\/\\\/unaymilletras.com\\\/la-oreja-de-van-gogh-se-despide-de-leire\\\/#respond\"]}]},{\"@type\":\"WebPage\",\"@id\":\"https:\\\/\\\/unaymilletras.com\\\/la-oreja-de-van-gogh-se-despide-de-leire\\\/\",\"url\":\"https:\\\/\\\/unaymilletras.com\\\/la-oreja-de-van-gogh-se-despide-de-leire\\\/\",\"name\":\"La Oreja de Van Gogh se despide de Leire\",\"isPartOf\":{\"@id\":\"http:\\\/\\\/unaymilletras.com\\\/#website\"},\"primaryImageOfPage\":{\"@id\":\"https:\\\/\\\/unaymilletras.com\\\/la-oreja-de-van-gogh-se-despide-de-leire\\\/#primaryimage\"},\"image\":{\"@id\":\"https:\\\/\\\/unaymilletras.com\\\/la-oreja-de-van-gogh-se-despide-de-leire\\\/#primaryimage\"},\"thumbnailUrl\":\"https:\\\/\\\/unaymilletras.com\\\/wp-content\\\/uploads\\\/2024\\\/10\\\/2024100810154699616-e1728906903467.jpg\",\"datePublished\":\"2024-10-14T11:58:18+00:00\",\"dateModified\":\"2024-10-14T11:58:20+00:00\",\"description\":\"Tras 17 a\u00f1os, Leire y La Oreja de Van Gogh anuncian la separaci\u00f3n de sus caminos despu\u00e9s de una dura reflexi\u00f3n\",\"breadcrumb\":{\"@id\":\"https:\\\/\\\/unaymilletras.com\\\/la-oreja-de-van-gogh-se-despide-de-leire\\\/#breadcrumb\"},\"inLanguage\":\"en-GB\",\"potentialAction\":[{\"@type\":\"ReadAction\",\"target\":[\"https:\\\/\\\/unaymilletras.com\\\/la-oreja-de-van-gogh-se-despide-de-leire\\\/\"]}]},{\"@type\":\"ImageObject\",\"inLanguage\":\"en-GB\",\"@id\":\"https:\\\/\\\/unaymilletras.com\\\/la-oreja-de-van-gogh-se-despide-de-leire\\\/#primaryimage\",\"url\":\"https:\\\/\\\/unaymilletras.com\\\/wp-content\\\/uploads\\\/2024\\\/10\\\/2024100810154699616-e1728906903467.jpg\",\"contentUrl\":\"https:\\\/\\\/unaymilletras.com\\\/wp-content\\\/uploads\\\/2024\\\/10\\\/2024100810154699616-e1728906903467.jpg\",\"width\":600,\"height\":338,\"caption\":\"La Oreja de Van Gogh\"},{\"@type\":\"BreadcrumbList\",\"@id\":\"https:\\\/\\\/unaymilletras.com\\\/la-oreja-de-van-gogh-se-despide-de-leire\\\/#breadcrumb\",\"itemListElement\":[{\"@type\":\"ListItem\",\"position\":1,\"name\":\"Home\",\"item\":\"http:\\\/\\\/unaymilletras.com\\\/\"},{\"@type\":\"ListItem\",\"position\":2,\"name\":\"La Oreja de Van Gogh se despide de Leire\"}]},{\"@type\":\"WebSite\",\"@id\":\"http:\\\/\\\/unaymilletras.com\\\/#website\",\"url\":\"http:\\\/\\\/unaymilletras.com\\\/\",\"name\":\"Una y Mil Letras\",\"description\":\"\",\"publisher\":{\"@id\":\"http:\\\/\\\/unaymilletras.com\\\/#organization\"},\"potentialAction\":[{\"@type\":\"SearchAction\",\"target\":{\"@type\":\"EntryPoint\",\"urlTemplate\":\"http:\\\/\\\/unaymilletras.com\\\/?s={search_term_string}\"},\"query-input\":{\"@type\":\"PropertyValueSpecification\",\"valueRequired\":true,\"valueName\":\"search_term_string\"}}],\"inLanguage\":\"en-GB\"},{\"@type\":\"Organization\",\"@id\":\"http:\\\/\\\/unaymilletras.com\\\/#organization\",\"name\":\"Una y Mil Letras\",\"url\":\"http:\\\/\\\/unaymilletras.com\\\/\",\"logo\":{\"@type\":\"ImageObject\",\"inLanguage\":\"en-GB\",\"@id\":\"http:\\\/\\\/unaymilletras.com\\\/#\\\/schema\\\/logo\\\/image\\\/\",\"url\":\"https:\\\/\\\/unaymilletras.com\\\/wp-content\\\/uploads\\\/2024\\\/06\\\/cropped-Logo-removebg-preview.png\",\"contentUrl\":\"https:\\\/\\\/unaymilletras.com\\\/wp-content\\\/uploads\\\/2024\\\/06\\\/cropped-Logo-removebg-preview.png\",\"width\":512,\"height\":512,\"caption\":\"Una y Mil Letras\"},\"image\":{\"@id\":\"http:\\\/\\\/unaymilletras.com\\\/#\\\/schema\\\/logo\\\/image\\\/\"},\"sameAs\":[\"https:\\\/\\\/x.com\\\/UnaYMilLetras\",\"https:\\\/\\\/instagram.com\\\/UnaYMilLetras\"]},{\"@type\":\"Person\",\"@id\":\"http:\\\/\\\/unaymilletras.com\\\/#\\\/schema\\\/person\\\/d55ba681b8a4e463d8982dbe36a5dc94\",\"name\":\"Maria Gil Robledo\",\"image\":{\"@type\":\"ImageObject\",\"inLanguage\":\"en-GB\",\"@id\":\"https:\\\/\\\/secure.gravatar.com\\\/avatar\\\/4b8e5102e0015789407eb4870b12f0f2857952d83ca124058f92b764bd1840c3?s=96&d=mm&r=g\",\"url\":\"https:\\\/\\\/secure.gravatar.com\\\/avatar\\\/4b8e5102e0015789407eb4870b12f0f2857952d83ca124058f92b764bd1840c3?s=96&d=mm&r=g\",\"contentUrl\":\"https:\\\/\\\/secure.gravatar.com\\\/avatar\\\/4b8e5102e0015789407eb4870b12f0f2857952d83ca124058f92b764bd1840c3?s=96&d=mm&r=g\",\"caption\":\"Maria Gil Robledo\"},\"sameAs\":[\"http:\\\/\\\/unaymilletras.com\"],\"url\":\"https:\\\/\\\/unaymilletras.com\\\/en\\\/author\\\/mariiagiil02_\\\/\"}]}<\/script>\n<!-- \/ Yoast SEO plugin. -->","yoast_head_json":{"title":"La Oreja de Van Gogh se despide de Leire","description":"Tras 17 a\u00f1os, Leire y La Oreja de Van Gogh anuncian la separaci\u00f3n de sus caminos despu\u00e9s de una dura reflexi\u00f3n","robots":{"index":"index","follow":"follow","max-snippet":"max-snippet:-1","max-image-preview":"max-image-preview:large","max-video-preview":"max-video-preview:-1"},"canonical":"https:\/\/unaymilletras.com\/en\/la-oreja-de-van-gogh-se-despide-de-leire\/","og_locale":"en_GB","og_type":"article","og_title":"La Oreja de Van Gogh se despide de Leire","og_description":"Tras 17 a\u00f1os, Leire y La Oreja de Van Gogh anuncian la separaci\u00f3n de sus caminos despu\u00e9s de una dura reflexi\u00f3n","og_url":"https:\/\/unaymilletras.com\/en\/la-oreja-de-van-gogh-se-despide-de-leire\/","og_site_name":"Una y Mil Letras","article_published_time":"2024-10-14T11:58:18+00:00","article_modified_time":"2024-10-14T11:58:20+00:00","og_image":[{"width":600,"height":338,"url":"http:\/\/unaymilletras.com\/wp-content\/uploads\/2024\/10\/2024100810154699616-e1728906903467.jpg","type":"image\/jpeg"}],"author":"Maria Gil Robledo","twitter_card":"summary_large_image","twitter_creator":"@UnaYMilLetras","twitter_site":"@UnaYMilLetras","twitter_misc":{"Written by":"Maria Gil Robledo","Estimated reading time":"2 minutes"},"schema":{"@context":"https:\/\/schema.org","@graph":[{"@type":"Article","@id":"https:\/\/unaymilletras.com\/la-oreja-de-van-gogh-se-despide-de-leire\/#article","isPartOf":{"@id":"https:\/\/unaymilletras.com\/la-oreja-de-van-gogh-se-despide-de-leire\/"},"author":{"name":"Maria Gil Robledo","@id":"http:\/\/unaymilletras.com\/#\/schema\/person\/d55ba681b8a4e463d8982dbe36a5dc94"},"headline":"La Oreja de Van Gogh se despide de Leire","datePublished":"2024-10-14T11:58:18+00:00","dateModified":"2024-10-14T11:58:20+00:00","mainEntityOfPage":{"@id":"https:\/\/unaymilletras.com\/la-oreja-de-van-gogh-se-despide-de-leire\/"},"wordCount":321,"commentCount":0,"publisher":{"@id":"http:\/\/unaymilletras.com\/#organization"},"image":{"@id":"https:\/\/unaymilletras.com\/la-oreja-de-van-gogh-se-despide-de-leire\/#primaryimage"},"thumbnailUrl":"https:\/\/unaymilletras.com\/wp-content\/uploads\/2024\/10\/2024100810154699616-e1728906903467.jpg","articleSection":["M\u00fasica"],"inLanguage":"en-GB","potentialAction":[{"@type":"CommentAction","name":"Comment","target":["https:\/\/unaymilletras.com\/la-oreja-de-van-gogh-se-despide-de-leire\/#respond"]}]},{"@type":"WebPage","@id":"https:\/\/unaymilletras.com\/la-oreja-de-van-gogh-se-despide-de-leire\/","url":"https:\/\/unaymilletras.com\/la-oreja-de-van-gogh-se-despide-de-leire\/","name":"La Oreja de Van Gogh se despide de Leire","isPartOf":{"@id":"http:\/\/unaymilletras.com\/#website"},"primaryImageOfPage":{"@id":"https:\/\/unaymilletras.com\/la-oreja-de-van-gogh-se-despide-de-leire\/#primaryimage"},"image":{"@id":"https:\/\/unaymilletras.com\/la-oreja-de-van-gogh-se-despide-de-leire\/#primaryimage"},"thumbnailUrl":"https:\/\/unaymilletras.com\/wp-content\/uploads\/2024\/10\/2024100810154699616-e1728906903467.jpg","datePublished":"2024-10-14T11:58:18+00:00","dateModified":"2024-10-14T11:58:20+00:00","description":"Tras 17 a\u00f1os, Leire y La Oreja de Van Gogh anuncian la separaci\u00f3n de sus caminos despu\u00e9s de una dura reflexi\u00f3n","breadcrumb":{"@id":"https:\/\/unaymilletras.com\/la-oreja-de-van-gogh-se-despide-de-leire\/#breadcrumb"},"inLanguage":"en-GB","potentialAction":[{"@type":"ReadAction","target":["https:\/\/unaymilletras.com\/la-oreja-de-van-gogh-se-despide-de-leire\/"]}]},{"@type":"ImageObject","inLanguage":"en-GB","@id":"https:\/\/unaymilletras.com\/la-oreja-de-van-gogh-se-despide-de-leire\/#primaryimage","url":"https:\/\/unaymilletras.com\/wp-content\/uploads\/2024\/10\/2024100810154699616-e1728906903467.jpg","contentUrl":"https:\/\/unaymilletras.com\/wp-content\/uploads\/2024\/10\/2024100810154699616-e1728906903467.jpg","width":600,"height":338,"caption":"La Oreja de Van Gogh"},{"@type":"BreadcrumbList","@id":"https:\/\/unaymilletras.com\/la-oreja-de-van-gogh-se-despide-de-leire\/#breadcrumb","itemListElement":[{"@type":"ListItem","position":1,"name":"Home","item":"http:\/\/unaymilletras.com\/"},{"@type":"ListItem","position":2,"name":"La Oreja de Van Gogh se despide de Leire"}]},{"@type":"WebSite","@id":"http:\/\/unaymilletras.com\/#website","url":"http:\/\/unaymilletras.com\/","name":"Una y Mil Letras","description":"","publisher":{"@id":"http:\/\/unaymilletras.com\/#organization"},"potentialAction":[{"@type":"SearchAction","target":{"@type":"EntryPoint","urlTemplate":"http:\/\/unaymilletras.com\/?s={search_term_string}"},"query-input":{"@type":"PropertyValueSpecification","valueRequired":true,"valueName":"search_term_string"}}],"inLanguage":"en-GB"},{"@type":"Organization","@id":"http:\/\/unaymilletras.com\/#organization","name":"Una y Mil Letras","url":"http:\/\/unaymilletras.com\/","logo":{"@type":"ImageObject","inLanguage":"en-GB","@id":"http:\/\/unaymilletras.com\/#\/schema\/logo\/image\/","url":"https:\/\/unaymilletras.com\/wp-content\/uploads\/2024\/06\/cropped-Logo-removebg-preview.png","contentUrl":"https:\/\/unaymilletras.com\/wp-content\/uploads\/2024\/06\/cropped-Logo-removebg-preview.png","width":512,"height":512,"caption":"Una y Mil Letras"},"image":{"@id":"http:\/\/unaymilletras.com\/#\/schema\/logo\/image\/"},"sameAs":["https:\/\/x.com\/UnaYMilLetras","https:\/\/instagram.com\/UnaYMilLetras"]},{"@type":"Person","@id":"http:\/\/unaymilletras.com\/#\/schema\/person\/d55ba681b8a4e463d8982dbe36a5dc94","name":"Maria Gil Robledo","image":{"@type":"ImageObject","inLanguage":"en-GB","@id":"https:\/\/secure.gravatar.com\/avatar\/4b8e5102e0015789407eb4870b12f0f2857952d83ca124058f92b764bd1840c3?s=96&d=mm&r=g","url":"https:\/\/secure.gravatar.com\/avatar\/4b8e5102e0015789407eb4870b12f0f2857952d83ca124058f92b764bd1840c3?s=96&d=mm&r=g","contentUrl":"https:\/\/secure.gravatar.com\/avatar\/4b8e5102e0015789407eb4870b12f0f2857952d83ca124058f92b764bd1840c3?s=96&d=mm&r=g","caption":"Maria Gil Robledo"},"sameAs":["http:\/\/unaymilletras.com"],"url":"https:\/\/unaymilletras.com\/en\/author\/mariiagiil02_\/"}]}},"_links":{"self":[{"href":"https:\/\/unaymilletras.com\/en\/wp-json\/wp\/v2\/posts\/3214","targetHints":{"allow":["GET"]}}],"collection":[{"href":"https:\/\/unaymilletras.com\/en\/wp-json\/wp\/v2\/posts"}],"about":[{"href":"https:\/\/unaymilletras.com\/en\/wp-json\/wp\/v2\/types\/post"}],"author":[{"embeddable":true,"href":"https:\/\/unaymilletras.com\/en\/wp-json\/wp\/v2\/users\/1"}],"replies":[{"embeddable":true,"href":"https:\/\/unaymilletras.com\/en\/wp-json\/wp\/v2\/comments?post=3214"}],"version-history":[{"count":5,"href":"https:\/\/unaymilletras.com\/en\/wp-json\/wp\/v2\/posts\/3214\/revisions"}],"predecessor-version":[{"id":3220,"href":"https:\/\/unaymilletras.com\/en\/wp-json\/wp\/v2\/posts\/3214\/revisions\/3220"}],"wp:featuredmedia":[{"embeddable":true,"href":"https:\/\/unaymilletras.com\/en\/wp-json\/wp\/v2\/media\/3216"}],"wp:attachment":[{"href":"https:\/\/unaymilletras.com\/en\/wp-json\/wp\/v2\/media?parent=3214"}],"wp:term":[{"taxonomy":"category","embeddable":true,"href":"https:\/\/unaymilletras.com\/en\/wp-json\/wp\/v2\/categories?post=3214"},{"taxonomy":"post_tag","embeddable":true,"href":"https:\/\/unaymilletras.com\/en\/wp-json\/wp\/v2\/tags?post=3214"}],"curies":[{"name":"wp","href":"https:\/\/api.w.org\/{rel}","templated":true}]}}