{"id":3230,"date":"2024-10-17T21:47:37","date_gmt":"2024-10-17T19:47:37","guid":{"rendered":"https:\/\/unaymilletras.com\/?p=3230"},"modified":"2024-10-17T21:54:39","modified_gmt":"2024-10-17T19:54:39","slug":"yandel-lanza-su-esperado-album-elyte","status":"publish","type":"post","link":"https:\/\/unaymilletras.com\/en\/yandel-lanza-su-esperado-album-elyte\/","title":{"rendered":"Yandel lanza su esperado \u00e1lbum ELYTE"},"content":{"rendered":"<div data-elementor-type=\"wp-post\" data-elementor-id=\"3230\" class=\"elementor elementor-3230\">\n\t\t\t\t\t\t<section class=\"elementor-section elementor-top-section elementor-element elementor-element-43ca14c elementor-section-boxed elementor-section-height-default elementor-section-height-default\" data-id=\"43ca14c\" data-element_type=\"section\" data-e-type=\"section\">\n\t\t\t\t\t\t<div class=\"elementor-container elementor-column-gap-default\">\n\t\t\t\t\t<div class=\"elementor-column elementor-col-100 elementor-top-column elementor-element elementor-element-7b16921\" data-id=\"7b16921\" data-element_type=\"column\" data-e-type=\"column\">\n\t\t\t<div class=\"elementor-widget-wrap elementor-element-populated\">\n\t\t\t\t\t\t<div class=\"elementor-element elementor-element-b88daec elementor-widget elementor-widget-text-editor\" data-id=\"b88daec\" data-element_type=\"widget\" data-e-type=\"widget\" data-widget_type=\"text-editor.default\">\n\t\t\t\t<div class=\"elementor-widget-container\">\n\t\t\t\t\t\t\t\t\t<h2 style=\"text-align: center;\"><span style=\"color: #808080;\"><em>El artista puertorrique\u00f1o Yandel presenta un trabajo que fusiona la esencia de sus inicios con las tendencias actuales<\/em><\/span><\/h2>\t\t\t\t\t\t\t\t<\/div>\n\t\t\t\t<\/div>\n\t\t\t\t\t<\/div>\n\t\t<\/div>\n\t\t\t\t\t<\/div>\n\t\t<\/section>\n\t\t\t\t<section class=\"elementor-section elementor-top-section elementor-element elementor-element-4007aa8 elementor-section-boxed elementor-section-height-default elementor-section-height-default\" data-id=\"4007aa8\" data-element_type=\"section\" data-e-type=\"section\">\n\t\t\t\t\t\t<div class=\"elementor-container elementor-column-gap-default\">\n\t\t\t\t\t<div class=\"elementor-column elementor-col-100 elementor-top-column elementor-element elementor-element-54f2636\" data-id=\"54f2636\" data-element_type=\"column\" data-e-type=\"column\">\n\t\t\t<div class=\"elementor-widget-wrap elementor-element-populated\">\n\t\t\t\t\t\t<div class=\"elementor-element elementor-element-0a47f88 elementor-widget elementor-widget-text-editor\" data-id=\"0a47f88\" data-element_type=\"widget\" data-e-type=\"widget\" data-widget_type=\"text-editor.default\">\n\t\t\t\t<div class=\"elementor-widget-container\">\n\t\t\t\t\t\t\t\t\t<p>El \u00edcono del reggaet\u00f3n, <strong>Yandel<\/strong>, ha lanzado su und\u00e9cimo \u00e1lbum de estudio titulado <em>ELYTE. U<\/em>na obra que refleja su constante evoluci\u00f3n como artista y su capacidad para adaptarse a las nuevas tendencias sin perder su esencia. En un g\u00e9nero que ha crecido exponencialmente desde sus comienzos en Puerto Rico, Yandel ha sido testigo y protagonista de su transformaci\u00f3n. Por su parte,\u00a0<em>ELYTE<\/em> reafirma su posici\u00f3n como una figura central de este movimiento musical.<\/p><p>Con m\u00e1s de <strong>16 sencillos n\u00famero uno en la lista Top Latin Airplay<\/strong> de Billboard, Yandel contin\u00faa demostrando por qu\u00e9 su nombre es sin\u00f3nimo de reggaet\u00f3n de alta calidad. En <em>ELYTE<\/em>, el artista se rodea tanto de colegas de la vieja escuela como <strong>Tego Calder\u00f3n<\/strong> y <strong>Maldy<\/strong>, as\u00ed como de nuevas estrellas como <span style=\"color: #808080;\"><a style=\"color: #808080;\" href=\"https:\/\/unaymilletras.com\/en\/myke-towers-vuelve-a-su-esencia-con-la-pantera-negra\/\"><strong>Myke Towers<\/strong><\/a><\/span> y <strong>Jay Wheeler<\/strong>, creando una combinaci\u00f3n perfecta entre lo cl\u00e1sico y lo moderno.<\/p>\t\t\t\t\t\t\t\t<\/div>\n\t\t\t\t<\/div>\n\t\t\t\t\t<\/div>\n\t\t<\/div>\n\t\t\t\t\t<\/div>\n\t\t<\/section>\n\t\t\t\t<section class=\"elementor-section elementor-top-section elementor-element elementor-element-289513f elementor-section-boxed elementor-section-height-default elementor-section-height-default\" data-id=\"289513f\" data-element_type=\"section\" data-e-type=\"section\">\n\t\t\t\t\t\t<div class=\"elementor-container elementor-column-gap-default\">\n\t\t\t\t\t<div class=\"elementor-column elementor-col-50 elementor-top-column elementor-element elementor-element-dceca78\" data-id=\"dceca78\" data-element_type=\"column\" data-e-type=\"column\">\n\t\t\t<div class=\"elementor-widget-wrap elementor-element-populated\">\n\t\t\t\t\t\t<div class=\"elementor-element elementor-element-f83e810 elementor-widget elementor-widget-image\" data-id=\"f83e810\" data-element_type=\"widget\" data-e-type=\"widget\" data-widget_type=\"image.default\">\n\t\t\t\t<div class=\"elementor-widget-container\">\n\t\t\t\t\t\t\t\t\t\t\t\t\t\t\t<img fetchpriority=\"high\" decoding=\"async\" width=\"640\" height=\"640\" src=\"https:\/\/unaymilletras.com\/wp-content\/uploads\/2024\/10\/COVER-1024x1024.jpg\" class=\"attachment-large size-large wp-image-3233\" alt=\"Yandel\" srcset=\"https:\/\/unaymilletras.com\/wp-content\/uploads\/2024\/10\/COVER-1024x1024.jpg 1024w, https:\/\/unaymilletras.com\/wp-content\/uploads\/2024\/10\/COVER-300x300.jpg 300w, https:\/\/unaymilletras.com\/wp-content\/uploads\/2024\/10\/COVER-150x150.jpg 150w, https:\/\/unaymilletras.com\/wp-content\/uploads\/2024\/10\/COVER-768x768.jpg 768w, https:\/\/unaymilletras.com\/wp-content\/uploads\/2024\/10\/COVER-12x12.jpg 12w, https:\/\/unaymilletras.com\/wp-content\/uploads\/2024\/10\/COVER-e1729194600893.jpg 600w\" sizes=\"(max-width: 640px) 100vw, 640px\" \/>\t\t\t\t\t\t\t\t\t\t\t\t\t\t\t<\/div>\n\t\t\t\t<\/div>\n\t\t\t\t\t<\/div>\n\t\t<\/div>\n\t\t\t\t<div class=\"elementor-column elementor-col-50 elementor-top-column elementor-element elementor-element-a16b1d3\" data-id=\"a16b1d3\" data-element_type=\"column\" data-e-type=\"column\">\n\t\t\t<div class=\"elementor-widget-wrap elementor-element-populated\">\n\t\t\t\t\t\t<div class=\"elementor-element elementor-element-549afcc elementor-widget elementor-widget-text-editor\" data-id=\"549afcc\" data-element_type=\"widget\" data-e-type=\"widget\" data-widget_type=\"text-editor.default\">\n\t\t\t\t<div class=\"elementor-widget-container\">\n\t\t\t\t\t\t\t\t\t<p>A lo largo del \u00e1lbum, Yandel tambi\u00e9n destaca por su versatilidad. Temas como <em><strong>Old School<\/strong><\/em>, en colaboraci\u00f3n con <strong>Farruko<\/strong>, traen un aire de reggae. Pero no todo son colaboraciones: en solitario, Yandel brilla con pistas como <strong><em>La Malota<\/em><\/strong>, recordando a sus seguidores por qu\u00e9 su m\u00fasica ha perdurado en el tiempo.<\/p><p>Sin embargo, uno de los momentos m\u00e1s esperados del \u00e1lbum es <em><strong>H\u00e1blame Claro<\/strong><\/em>, donde Yandel se une con <strong>Feid<\/strong> para crear otro \u00e9xito garantizado. El perreo m\u00e1s intenso llega con <strong><em>Maquina<\/em><\/strong>, una fiesta de ritmos urbanos que cuenta con las voces de <strong>Maldy<\/strong> y <strong>Brray<\/strong>.<\/p>\t\t\t\t\t\t\t\t<\/div>\n\t\t\t\t<\/div>\n\t\t\t\t\t<\/div>\n\t\t<\/div>\n\t\t\t\t\t<\/div>\n\t\t<\/section>\n\t\t\t\t<section class=\"elementor-section elementor-top-section elementor-element elementor-element-83654b8 elementor-section-boxed elementor-section-height-default elementor-section-height-default\" data-id=\"83654b8\" data-element_type=\"section\" data-e-type=\"section\">\n\t\t\t\t\t\t<div class=\"elementor-container elementor-column-gap-default\">\n\t\t\t\t\t<div class=\"elementor-column elementor-col-100 elementor-top-column elementor-element elementor-element-57c0218\" data-id=\"57c0218\" data-element_type=\"column\" data-e-type=\"column\">\n\t\t\t<div class=\"elementor-widget-wrap elementor-element-populated\">\n\t\t\t\t\t\t<div class=\"elementor-element elementor-element-feac046 elementor-widget elementor-widget-text-editor\" data-id=\"feac046\" data-element_type=\"widget\" data-e-type=\"widget\" data-widget_type=\"text-editor.default\">\n\t\t\t\t<div class=\"elementor-widget-container\">\n\t\t\t\t\t\t\t\t\t<p>Por supuesto, no pod\u00eda faltar una colaboraci\u00f3n con uno de los grandes de la nueva ola del reggaet\u00f3n: <strong>J Balvin<\/strong>. En <em><strong>Afterparty<\/strong>,<\/em> ambos artistas se enfrentan en un tema vibrante y lleno de energ\u00eda que celebra el esp\u00edritu de fiesta que define a este g\u00e9nero.<\/p><p>Para cerrar el \u00e1lbum, <em><strong>Cuellito<\/strong><\/em>\u00a0entrega un reggaet\u00f3n sensual y directo, perfecto para dedicar a una pareja. Yandel demuestra, una vez m\u00e1s, que sabe c\u00f3mo capturar la esencia rom\u00e1ntica dentro de los ritmos del reggaet\u00f3n, manteniendo siempre su estilo \u00fanico y aut\u00e9ntico.<\/p>\t\t\t\t\t\t\t\t<\/div>\n\t\t\t\t<\/div>\n\t\t\t\t\t<\/div>\n\t\t<\/div>\n\t\t\t\t\t<\/div>\n\t\t<\/section>\n\t\t\t\t<\/div>","protected":false},"excerpt":{"rendered":"<p>El artista puertorrique\u00f1o Yandel presenta un trabajo que fusiona la esencia de sus inicios con las tendencias actuales El \u00edcono del reggaet\u00f3n, Yandel, ha lanzado su und\u00e9cimo \u00e1lbum de estudio titulado ELYTE. Una obra que refleja su constante evoluci\u00f3n como artista y su capacidad para adaptarse a las nuevas tendencias sin perder su esencia. En [&hellip;]<\/p>\n","protected":false},"author":6,"featured_media":3233,"comment_status":"open","ping_status":"open","sticky":false,"template":"","format":"standard","meta":{"footnotes":""},"categories":[4],"tags":[],"class_list":["post-3230","post","type-post","status-publish","format-standard","has-post-thumbnail","hentry","category-musica"],"yoast_head":"<!-- This site is optimized with the Yoast SEO plugin v27.4 - https:\/\/yoast.com\/product\/yoast-seo-wordpress\/ -->\n<title>Yandel lanza su esperado \u00e1lbum ELYTE<\/title>\n<meta name=\"description\" content=\"El artista puertorrique\u00f1o Yandel presenta un trabajo que fusiona la esencia de sus inicios con las tendencias actuales\" \/>\n<meta name=\"robots\" content=\"index, follow, max-snippet:-1, max-image-preview:large, max-video-preview:-1\" \/>\n<link rel=\"canonical\" href=\"https:\/\/unaymilletras.com\/en\/yandel-lanza-su-esperado-album-elyte\/\" \/>\n<meta property=\"og:locale\" content=\"en_GB\" \/>\n<meta property=\"og:type\" content=\"article\" \/>\n<meta property=\"og:title\" content=\"Yandel lanza su esperado \u00e1lbum ELYTE\" \/>\n<meta property=\"og:description\" content=\"El artista puertorrique\u00f1o Yandel presenta un trabajo que fusiona la esencia de sus inicios con las tendencias actuales\" \/>\n<meta property=\"og:url\" content=\"https:\/\/unaymilletras.com\/en\/yandel-lanza-su-esperado-album-elyte\/\" \/>\n<meta property=\"og:site_name\" content=\"Una y Mil Letras\" \/>\n<meta property=\"article:published_time\" content=\"2024-10-17T19:47:37+00:00\" \/>\n<meta property=\"article:modified_time\" content=\"2024-10-17T19:54:39+00:00\" \/>\n<meta property=\"og:image\" content=\"http:\/\/unaymilletras.com\/wp-content\/uploads\/2024\/10\/COVER-e1729194600893.jpg\" \/>\n\t<meta property=\"og:image:width\" content=\"600\" \/>\n\t<meta property=\"og:image:height\" content=\"600\" \/>\n\t<meta property=\"og:image:type\" content=\"image\/jpeg\" \/>\n<meta name=\"author\" content=\"Redacci\u00f3n\" \/>\n<meta name=\"twitter:card\" content=\"summary_large_image\" \/>\n<meta name=\"twitter:creator\" content=\"@UnaYMilLetras\" \/>\n<meta name=\"twitter:site\" content=\"@UnaYMilLetras\" \/>\n<meta name=\"twitter:label1\" content=\"Written by\" \/>\n\t<meta name=\"twitter:data1\" content=\"Redacci\u00f3n\" \/>\n\t<meta name=\"twitter:label2\" content=\"Estimated reading time\" \/>\n\t<meta name=\"twitter:data2\" content=\"2 minutes\" \/>\n<script type=\"application\/ld+json\" class=\"yoast-schema-graph\">{\"@context\":\"https:\\\/\\\/schema.org\",\"@graph\":[{\"@type\":\"Article\",\"@id\":\"https:\\\/\\\/unaymilletras.com\\\/yandel-lanza-su-esperado-album-elyte\\\/#article\",\"isPartOf\":{\"@id\":\"https:\\\/\\\/unaymilletras.com\\\/yandel-lanza-su-esperado-album-elyte\\\/\"},\"author\":{\"name\":\"Redacci\u00f3n\",\"@id\":\"http:\\\/\\\/unaymilletras.com\\\/#\\\/schema\\\/person\\\/0860dc8a218329991ee2c7591f4f849d\"},\"headline\":\"Yandel lanza su esperado \u00e1lbum ELYTE\",\"datePublished\":\"2024-10-17T19:47:37+00:00\",\"dateModified\":\"2024-10-17T19:54:39+00:00\",\"mainEntityOfPage\":{\"@id\":\"https:\\\/\\\/unaymilletras.com\\\/yandel-lanza-su-esperado-album-elyte\\\/\"},\"wordCount\":380,\"commentCount\":0,\"publisher\":{\"@id\":\"http:\\\/\\\/unaymilletras.com\\\/#organization\"},\"image\":{\"@id\":\"https:\\\/\\\/unaymilletras.com\\\/yandel-lanza-su-esperado-album-elyte\\\/#primaryimage\"},\"thumbnailUrl\":\"https:\\\/\\\/unaymilletras.com\\\/wp-content\\\/uploads\\\/2024\\\/10\\\/COVER-e1729194600893.jpg\",\"articleSection\":[\"M\u00fasica\"],\"inLanguage\":\"en-GB\",\"potentialAction\":[{\"@type\":\"CommentAction\",\"name\":\"Comment\",\"target\":[\"https:\\\/\\\/unaymilletras.com\\\/yandel-lanza-su-esperado-album-elyte\\\/#respond\"]}]},{\"@type\":\"WebPage\",\"@id\":\"https:\\\/\\\/unaymilletras.com\\\/yandel-lanza-su-esperado-album-elyte\\\/\",\"url\":\"https:\\\/\\\/unaymilletras.com\\\/yandel-lanza-su-esperado-album-elyte\\\/\",\"name\":\"Yandel lanza su esperado \u00e1lbum ELYTE\",\"isPartOf\":{\"@id\":\"http:\\\/\\\/unaymilletras.com\\\/#website\"},\"primaryImageOfPage\":{\"@id\":\"https:\\\/\\\/unaymilletras.com\\\/yandel-lanza-su-esperado-album-elyte\\\/#primaryimage\"},\"image\":{\"@id\":\"https:\\\/\\\/unaymilletras.com\\\/yandel-lanza-su-esperado-album-elyte\\\/#primaryimage\"},\"thumbnailUrl\":\"https:\\\/\\\/unaymilletras.com\\\/wp-content\\\/uploads\\\/2024\\\/10\\\/COVER-e1729194600893.jpg\",\"datePublished\":\"2024-10-17T19:47:37+00:00\",\"dateModified\":\"2024-10-17T19:54:39+00:00\",\"description\":\"El artista puertorrique\u00f1o Yandel presenta un trabajo que fusiona la esencia de sus inicios con las tendencias actuales\",\"breadcrumb\":{\"@id\":\"https:\\\/\\\/unaymilletras.com\\\/yandel-lanza-su-esperado-album-elyte\\\/#breadcrumb\"},\"inLanguage\":\"en-GB\",\"potentialAction\":[{\"@type\":\"ReadAction\",\"target\":[\"https:\\\/\\\/unaymilletras.com\\\/yandel-lanza-su-esperado-album-elyte\\\/\"]}]},{\"@type\":\"ImageObject\",\"inLanguage\":\"en-GB\",\"@id\":\"https:\\\/\\\/unaymilletras.com\\\/yandel-lanza-su-esperado-album-elyte\\\/#primaryimage\",\"url\":\"https:\\\/\\\/unaymilletras.com\\\/wp-content\\\/uploads\\\/2024\\\/10\\\/COVER-e1729194600893.jpg\",\"contentUrl\":\"https:\\\/\\\/unaymilletras.com\\\/wp-content\\\/uploads\\\/2024\\\/10\\\/COVER-e1729194600893.jpg\",\"width\":600,\"height\":600,\"caption\":\"Yandel\"},{\"@type\":\"BreadcrumbList\",\"@id\":\"https:\\\/\\\/unaymilletras.com\\\/yandel-lanza-su-esperado-album-elyte\\\/#breadcrumb\",\"itemListElement\":[{\"@type\":\"ListItem\",\"position\":1,\"name\":\"Home\",\"item\":\"http:\\\/\\\/unaymilletras.com\\\/\"},{\"@type\":\"ListItem\",\"position\":2,\"name\":\"Yandel lanza su esperado \u00e1lbum ELYTE\"}]},{\"@type\":\"WebSite\",\"@id\":\"http:\\\/\\\/unaymilletras.com\\\/#website\",\"url\":\"http:\\\/\\\/unaymilletras.com\\\/\",\"name\":\"Una y Mil Letras\",\"description\":\"\",\"publisher\":{\"@id\":\"http:\\\/\\\/unaymilletras.com\\\/#organization\"},\"potentialAction\":[{\"@type\":\"SearchAction\",\"target\":{\"@type\":\"EntryPoint\",\"urlTemplate\":\"http:\\\/\\\/unaymilletras.com\\\/?s={search_term_string}\"},\"query-input\":{\"@type\":\"PropertyValueSpecification\",\"valueRequired\":true,\"valueName\":\"search_term_string\"}}],\"inLanguage\":\"en-GB\"},{\"@type\":\"Organization\",\"@id\":\"http:\\\/\\\/unaymilletras.com\\\/#organization\",\"name\":\"Una y Mil Letras\",\"url\":\"http:\\\/\\\/unaymilletras.com\\\/\",\"logo\":{\"@type\":\"ImageObject\",\"inLanguage\":\"en-GB\",\"@id\":\"http:\\\/\\\/unaymilletras.com\\\/#\\\/schema\\\/logo\\\/image\\\/\",\"url\":\"https:\\\/\\\/unaymilletras.com\\\/wp-content\\\/uploads\\\/2024\\\/06\\\/cropped-Logo-removebg-preview.png\",\"contentUrl\":\"https:\\\/\\\/unaymilletras.com\\\/wp-content\\\/uploads\\\/2024\\\/06\\\/cropped-Logo-removebg-preview.png\",\"width\":512,\"height\":512,\"caption\":\"Una y Mil Letras\"},\"image\":{\"@id\":\"http:\\\/\\\/unaymilletras.com\\\/#\\\/schema\\\/logo\\\/image\\\/\"},\"sameAs\":[\"https:\\\/\\\/x.com\\\/UnaYMilLetras\",\"https:\\\/\\\/instagram.com\\\/UnaYMilLetras\"]},{\"@type\":\"Person\",\"@id\":\"http:\\\/\\\/unaymilletras.com\\\/#\\\/schema\\\/person\\\/0860dc8a218329991ee2c7591f4f849d\",\"name\":\"Redacci\u00f3n\",\"image\":{\"@type\":\"ImageObject\",\"inLanguage\":\"en-GB\",\"@id\":\"https:\\\/\\\/secure.gravatar.com\\\/avatar\\\/d8f55e05a8b6597e45c55a1dcbdbfe44f4a360d88b48e00de5216a79b7732796?s=96&d=mm&r=g\",\"url\":\"https:\\\/\\\/secure.gravatar.com\\\/avatar\\\/d8f55e05a8b6597e45c55a1dcbdbfe44f4a360d88b48e00de5216a79b7732796?s=96&d=mm&r=g\",\"contentUrl\":\"https:\\\/\\\/secure.gravatar.com\\\/avatar\\\/d8f55e05a8b6597e45c55a1dcbdbfe44f4a360d88b48e00de5216a79b7732796?s=96&d=mm&r=g\",\"caption\":\"Redacci\u00f3n\"},\"url\":\"https:\\\/\\\/unaymilletras.com\\\/en\\\/author\\\/redaccion\\\/\"}]}<\/script>\n<!-- \/ Yoast SEO plugin. -->","yoast_head_json":{"title":"Yandel lanza su esperado \u00e1lbum ELYTE","description":"El artista puertorrique\u00f1o Yandel presenta un trabajo que fusiona la esencia de sus inicios con las tendencias actuales","robots":{"index":"index","follow":"follow","max-snippet":"max-snippet:-1","max-image-preview":"max-image-preview:large","max-video-preview":"max-video-preview:-1"},"canonical":"https:\/\/unaymilletras.com\/en\/yandel-lanza-su-esperado-album-elyte\/","og_locale":"en_GB","og_type":"article","og_title":"Yandel lanza su esperado \u00e1lbum ELYTE","og_description":"El artista puertorrique\u00f1o Yandel presenta un trabajo que fusiona la esencia de sus inicios con las tendencias actuales","og_url":"https:\/\/unaymilletras.com\/en\/yandel-lanza-su-esperado-album-elyte\/","og_site_name":"Una y Mil Letras","article_published_time":"2024-10-17T19:47:37+00:00","article_modified_time":"2024-10-17T19:54:39+00:00","og_image":[{"width":600,"height":600,"url":"http:\/\/unaymilletras.com\/wp-content\/uploads\/2024\/10\/COVER-e1729194600893.jpg","type":"image\/jpeg"}],"author":"Redacci\u00f3n","twitter_card":"summary_large_image","twitter_creator":"@UnaYMilLetras","twitter_site":"@UnaYMilLetras","twitter_misc":{"Written by":"Redacci\u00f3n","Estimated reading time":"2 minutes"},"schema":{"@context":"https:\/\/schema.org","@graph":[{"@type":"Article","@id":"https:\/\/unaymilletras.com\/yandel-lanza-su-esperado-album-elyte\/#article","isPartOf":{"@id":"https:\/\/unaymilletras.com\/yandel-lanza-su-esperado-album-elyte\/"},"author":{"name":"Redacci\u00f3n","@id":"http:\/\/unaymilletras.com\/#\/schema\/person\/0860dc8a218329991ee2c7591f4f849d"},"headline":"Yandel lanza su esperado \u00e1lbum ELYTE","datePublished":"2024-10-17T19:47:37+00:00","dateModified":"2024-10-17T19:54:39+00:00","mainEntityOfPage":{"@id":"https:\/\/unaymilletras.com\/yandel-lanza-su-esperado-album-elyte\/"},"wordCount":380,"commentCount":0,"publisher":{"@id":"http:\/\/unaymilletras.com\/#organization"},"image":{"@id":"https:\/\/unaymilletras.com\/yandel-lanza-su-esperado-album-elyte\/#primaryimage"},"thumbnailUrl":"https:\/\/unaymilletras.com\/wp-content\/uploads\/2024\/10\/COVER-e1729194600893.jpg","articleSection":["M\u00fasica"],"inLanguage":"en-GB","potentialAction":[{"@type":"CommentAction","name":"Comment","target":["https:\/\/unaymilletras.com\/yandel-lanza-su-esperado-album-elyte\/#respond"]}]},{"@type":"WebPage","@id":"https:\/\/unaymilletras.com\/yandel-lanza-su-esperado-album-elyte\/","url":"https:\/\/unaymilletras.com\/yandel-lanza-su-esperado-album-elyte\/","name":"Yandel lanza su esperado \u00e1lbum ELYTE","isPartOf":{"@id":"http:\/\/unaymilletras.com\/#website"},"primaryImageOfPage":{"@id":"https:\/\/unaymilletras.com\/yandel-lanza-su-esperado-album-elyte\/#primaryimage"},"image":{"@id":"https:\/\/unaymilletras.com\/yandel-lanza-su-esperado-album-elyte\/#primaryimage"},"thumbnailUrl":"https:\/\/unaymilletras.com\/wp-content\/uploads\/2024\/10\/COVER-e1729194600893.jpg","datePublished":"2024-10-17T19:47:37+00:00","dateModified":"2024-10-17T19:54:39+00:00","description":"El artista puertorrique\u00f1o Yandel presenta un trabajo que fusiona la esencia de sus inicios con las tendencias actuales","breadcrumb":{"@id":"https:\/\/unaymilletras.com\/yandel-lanza-su-esperado-album-elyte\/#breadcrumb"},"inLanguage":"en-GB","potentialAction":[{"@type":"ReadAction","target":["https:\/\/unaymilletras.com\/yandel-lanza-su-esperado-album-elyte\/"]}]},{"@type":"ImageObject","inLanguage":"en-GB","@id":"https:\/\/unaymilletras.com\/yandel-lanza-su-esperado-album-elyte\/#primaryimage","url":"https:\/\/unaymilletras.com\/wp-content\/uploads\/2024\/10\/COVER-e1729194600893.jpg","contentUrl":"https:\/\/unaymilletras.com\/wp-content\/uploads\/2024\/10\/COVER-e1729194600893.jpg","width":600,"height":600,"caption":"Yandel"},{"@type":"BreadcrumbList","@id":"https:\/\/unaymilletras.com\/yandel-lanza-su-esperado-album-elyte\/#breadcrumb","itemListElement":[{"@type":"ListItem","position":1,"name":"Home","item":"http:\/\/unaymilletras.com\/"},{"@type":"ListItem","position":2,"name":"Yandel lanza su esperado \u00e1lbum ELYTE"}]},{"@type":"WebSite","@id":"http:\/\/unaymilletras.com\/#website","url":"http:\/\/unaymilletras.com\/","name":"Una y Mil Letras","description":"","publisher":{"@id":"http:\/\/unaymilletras.com\/#organization"},"potentialAction":[{"@type":"SearchAction","target":{"@type":"EntryPoint","urlTemplate":"http:\/\/unaymilletras.com\/?s={search_term_string}"},"query-input":{"@type":"PropertyValueSpecification","valueRequired":true,"valueName":"search_term_string"}}],"inLanguage":"en-GB"},{"@type":"Organization","@id":"http:\/\/unaymilletras.com\/#organization","name":"Una y Mil Letras","url":"http:\/\/unaymilletras.com\/","logo":{"@type":"ImageObject","inLanguage":"en-GB","@id":"http:\/\/unaymilletras.com\/#\/schema\/logo\/image\/","url":"https:\/\/unaymilletras.com\/wp-content\/uploads\/2024\/06\/cropped-Logo-removebg-preview.png","contentUrl":"https:\/\/unaymilletras.com\/wp-content\/uploads\/2024\/06\/cropped-Logo-removebg-preview.png","width":512,"height":512,"caption":"Una y Mil Letras"},"image":{"@id":"http:\/\/unaymilletras.com\/#\/schema\/logo\/image\/"},"sameAs":["https:\/\/x.com\/UnaYMilLetras","https:\/\/instagram.com\/UnaYMilLetras"]},{"@type":"Person","@id":"http:\/\/unaymilletras.com\/#\/schema\/person\/0860dc8a218329991ee2c7591f4f849d","name":"Redacci\u00f3n","image":{"@type":"ImageObject","inLanguage":"en-GB","@id":"https:\/\/secure.gravatar.com\/avatar\/d8f55e05a8b6597e45c55a1dcbdbfe44f4a360d88b48e00de5216a79b7732796?s=96&d=mm&r=g","url":"https:\/\/secure.gravatar.com\/avatar\/d8f55e05a8b6597e45c55a1dcbdbfe44f4a360d88b48e00de5216a79b7732796?s=96&d=mm&r=g","contentUrl":"https:\/\/secure.gravatar.com\/avatar\/d8f55e05a8b6597e45c55a1dcbdbfe44f4a360d88b48e00de5216a79b7732796?s=96&d=mm&r=g","caption":"Redacci\u00f3n"},"url":"https:\/\/unaymilletras.com\/en\/author\/redaccion\/"}]}},"_links":{"self":[{"href":"https:\/\/unaymilletras.com\/en\/wp-json\/wp\/v2\/posts\/3230","targetHints":{"allow":["GET"]}}],"collection":[{"href":"https:\/\/unaymilletras.com\/en\/wp-json\/wp\/v2\/posts"}],"about":[{"href":"https:\/\/unaymilletras.com\/en\/wp-json\/wp\/v2\/types\/post"}],"author":[{"embeddable":true,"href":"https:\/\/unaymilletras.com\/en\/wp-json\/wp\/v2\/users\/6"}],"replies":[{"embeddable":true,"href":"https:\/\/unaymilletras.com\/en\/wp-json\/wp\/v2\/comments?post=3230"}],"version-history":[{"count":5,"href":"https:\/\/unaymilletras.com\/en\/wp-json\/wp\/v2\/posts\/3230\/revisions"}],"predecessor-version":[{"id":3236,"href":"https:\/\/unaymilletras.com\/en\/wp-json\/wp\/v2\/posts\/3230\/revisions\/3236"}],"wp:featuredmedia":[{"embeddable":true,"href":"https:\/\/unaymilletras.com\/en\/wp-json\/wp\/v2\/media\/3233"}],"wp:attachment":[{"href":"https:\/\/unaymilletras.com\/en\/wp-json\/wp\/v2\/media?parent=3230"}],"wp:term":[{"taxonomy":"category","embeddable":true,"href":"https:\/\/unaymilletras.com\/en\/wp-json\/wp\/v2\/categories?post=3230"},{"taxonomy":"post_tag","embeddable":true,"href":"https:\/\/unaymilletras.com\/en\/wp-json\/wp\/v2\/tags?post=3230"}],"curies":[{"name":"wp","href":"https:\/\/api.w.org\/{rel}","templated":true}]}}