{"id":3253,"date":"2024-10-25T11:44:00","date_gmt":"2024-10-25T09:44:00","guid":{"rendered":"https:\/\/unaymilletras.com\/?p=3253"},"modified":"2024-10-25T11:59:27","modified_gmt":"2024-10-25T09:59:27","slug":"natos-y-waor-cierran-su-gira-en-acb-beats-por-navidad","status":"publish","type":"post","link":"https:\/\/unaymilletras.com\/en\/natos-y-waor-cierran-su-gira-en-acb-beats-por-navidad\/","title":{"rendered":"Natos y Waor cierran su gira en acb BEATS por Navidad"},"content":{"rendered":"\t\t<div data-elementor-type=\"wp-post\" data-elementor-id=\"3253\" class=\"elementor elementor-3253\">\n\t\t\t\t\t\t<section class=\"elementor-section elementor-top-section elementor-element elementor-element-02da267 elementor-section-boxed elementor-section-height-default elementor-section-height-default\" data-id=\"02da267\" data-element_type=\"section\" data-e-type=\"section\">\n\t\t\t\t\t\t<div class=\"elementor-container elementor-column-gap-default\">\n\t\t\t\t\t<div class=\"elementor-column elementor-col-100 elementor-top-column elementor-element elementor-element-0a7a807\" data-id=\"0a7a807\" data-element_type=\"column\" data-e-type=\"column\">\n\t\t\t<div class=\"elementor-widget-wrap elementor-element-populated\">\n\t\t\t\t\t\t<div class=\"elementor-element elementor-element-c7fb7b5 elementor-widget elementor-widget-text-editor\" data-id=\"c7fb7b5\" data-element_type=\"widget\" data-e-type=\"widget\" data-widget_type=\"text-editor.default\">\n\t\t\t\t<div class=\"elementor-widget-container\">\n\t\t\t\t\t\t\t\t\t<h2 style=\"text-align: center;\"><span style=\"color: #808080;\"><em>El d\u00fao madrile\u00f1o Natos y Waor pondr\u00e1 el broche de oro a su gira en el Ol\u00edmpic de Badalona el pr\u00f3ximo 14 de diciembre<\/em><\/span><\/h2>\t\t\t\t\t\t\t\t<\/div>\n\t\t\t\t<\/div>\n\t\t\t\t\t<\/div>\n\t\t<\/div>\n\t\t\t\t\t<\/div>\n\t\t<\/section>\n\t\t\t\t<section class=\"elementor-section elementor-top-section elementor-element elementor-element-d65c7c7 elementor-section-boxed elementor-section-height-default elementor-section-height-default\" data-id=\"d65c7c7\" data-element_type=\"section\" data-e-type=\"section\">\n\t\t\t\t\t\t<div class=\"elementor-container elementor-column-gap-default\">\n\t\t\t\t\t<div class=\"elementor-column elementor-col-100 elementor-top-column elementor-element elementor-element-cdbce19\" data-id=\"cdbce19\" data-element_type=\"column\" data-e-type=\"column\">\n\t\t\t<div class=\"elementor-widget-wrap elementor-element-populated\">\n\t\t\t\t\t\t<div class=\"elementor-element elementor-element-0f87b11 elementor-widget elementor-widget-text-editor\" data-id=\"0f87b11\" data-element_type=\"widget\" data-e-type=\"widget\" data-widget_type=\"text-editor.default\">\n\t\t\t\t<div class=\"elementor-widget-container\">\n\t\t\t\t\t\t\t\t\t<p>El d\u00fao madrile\u00f1o Natos y Waor pondr\u00e1 el broche final a su exitosa gira con un espectacular concierto en el <strong>Ol\u00edmpic de Badalona<\/strong> el pr\u00f3ximo 14 de diciembre. En el marco de <strong>acb BEATS<\/strong>, la apuesta conjunta de la acb y <strong>Never Say Never (NSN)<\/strong>, el grupo ser\u00e1 protagonista de una noche inolvidable que unir\u00e1 m\u00fasica y baloncesto durante la emocionante temporada navide\u00f1a.<\/p>\t\t\t\t\t\t\t\t<\/div>\n\t\t\t\t<\/div>\n\t\t\t\t\t<\/div>\n\t\t<\/div>\n\t\t\t\t\t<\/div>\n\t\t<\/section>\n\t\t\t\t<section class=\"elementor-section elementor-top-section elementor-element elementor-element-7351f46 elementor-section-boxed elementor-section-height-default elementor-section-height-default\" data-id=\"7351f46\" data-element_type=\"section\" data-e-type=\"section\">\n\t\t\t\t\t\t<div class=\"elementor-container elementor-column-gap-default\">\n\t\t\t\t\t<div class=\"elementor-column elementor-col-100 elementor-top-column elementor-element elementor-element-80bbb3f\" data-id=\"80bbb3f\" data-element_type=\"column\" data-e-type=\"column\">\n\t\t\t<div class=\"elementor-widget-wrap elementor-element-populated\">\n\t\t\t\t\t\t<div class=\"elementor-element elementor-element-b48e304 elementor-widget elementor-widget-image\" data-id=\"b48e304\" data-element_type=\"widget\" data-e-type=\"widget\" data-widget_type=\"image.default\">\n\t\t\t\t<div class=\"elementor-widget-container\">\n\t\t\t\t\t\t\t\t\t\t\t\t\t\t\t<img fetchpriority=\"high\" decoding=\"async\" width=\"640\" height=\"360\" src=\"https:\/\/unaymilletras.com\/wp-content\/uploads\/2024\/10\/b7c6df60-cde2-dca0-c91f-d3447029-1024x576.jpg\" class=\"attachment-large size-large wp-image-3255\" alt=\"Natos y Waor\" srcset=\"https:\/\/unaymilletras.com\/wp-content\/uploads\/2024\/10\/b7c6df60-cde2-dca0-c91f-d3447029-1024x576.jpg 1024w, https:\/\/unaymilletras.com\/wp-content\/uploads\/2024\/10\/b7c6df60-cde2-dca0-c91f-d3447029-300x169.jpg 300w, https:\/\/unaymilletras.com\/wp-content\/uploads\/2024\/10\/b7c6df60-cde2-dca0-c91f-d3447029-768x432.jpg 768w, https:\/\/unaymilletras.com\/wp-content\/uploads\/2024\/10\/b7c6df60-cde2-dca0-c91f-d3447029-1536x864.jpg 1536w, https:\/\/unaymilletras.com\/wp-content\/uploads\/2024\/10\/b7c6df60-cde2-dca0-c91f-d3447029-2048x1152.jpg 2048w, https:\/\/unaymilletras.com\/wp-content\/uploads\/2024\/10\/b7c6df60-cde2-dca0-c91f-d3447029-18x10.jpg 18w, https:\/\/unaymilletras.com\/wp-content\/uploads\/2024\/10\/b7c6df60-cde2-dca0-c91f-d3447029-1280x720.jpg 1280w, https:\/\/unaymilletras.com\/wp-content\/uploads\/2024\/10\/b7c6df60-cde2-dca0-c91f-d3447029-scaled-e1729849340920.jpg 600w\" sizes=\"(max-width: 640px) 100vw, 640px\" \/>\t\t\t\t\t\t\t\t\t\t\t\t\t\t\t<\/div>\n\t\t\t\t<\/div>\n\t\t\t\t\t<\/div>\n\t\t<\/div>\n\t\t\t\t\t<\/div>\n\t\t<\/section>\n\t\t\t\t<section class=\"elementor-section elementor-top-section elementor-element elementor-element-3fabdea elementor-section-boxed elementor-section-height-default elementor-section-height-default\" data-id=\"3fabdea\" data-element_type=\"section\" data-e-type=\"section\">\n\t\t\t\t\t\t<div class=\"elementor-container elementor-column-gap-default\">\n\t\t\t\t\t<div class=\"elementor-column elementor-col-100 elementor-top-column elementor-element elementor-element-6bfb8a6\" data-id=\"6bfb8a6\" data-element_type=\"column\" data-e-type=\"column\">\n\t\t\t<div class=\"elementor-widget-wrap elementor-element-populated\">\n\t\t\t\t\t\t<div class=\"elementor-element elementor-element-152df2f elementor-widget elementor-widget-text-editor\" data-id=\"152df2f\" data-element_type=\"widget\" data-e-type=\"widget\" data-widget_type=\"text-editor.default\">\n\t\t\t\t<div class=\"elementor-widget-container\">\n\t\t\t\t\t\t\t\t\t<div class=\"flex max-w-full flex-col flex-grow\"><div class=\"min-h-8 text-message flex w-full flex-col items-end gap-2 whitespace-normal break-words [.text-message+&amp;]:mt-5\" dir=\"auto\" data-message-author-role=\"assistant\" data-message-id=\"a8d2f2e7-9889-4a1b-ad02-e0e54295517a\" data-message-model-slug=\"gpt-4o\"><div class=\"flex w-full flex-col gap-1 empty:hidden first:pt-[3px]\"><div class=\"markdown prose w-full break-words dark:prose-invert light\"><p>Consolid\u00e1ndose como uno de los nombres m\u00e1s influyentes del rap en Espa\u00f1a, Natos y Waor no solo han brillado en su pa\u00eds, sino que tambi\u00e9n han llevado su m\u00fasica a escenarios internacionales en Argentina, M\u00e9xico, Colombia, Uruguay, Estados Unidos y m\u00e1s. Tras recorrer m\u00e1s de 50 ciudades y lanzar diez trabajos discogr\u00e1ficos, el d\u00fao llega a Badalona para culminar su gira, con la que han llenado salas y festivales tanto en Espa\u00f1a como en el extranjero.<\/p><p>El concierto forma parte del innovador concepto <strong>acb BEATS<\/strong>, que combina el espect\u00e1culo del baloncesto con la mejor m\u00fasica. Desde su debut en la <strong>Copa del Rey de M\u00e1laga<\/strong> con la actuaci\u00f3n de <strong><a href=\"https:\/\/unaymilletras.com\/lola-indigo-marca-mas-que-un-triple-en-malaga\/\"><span style=\"color: #808080;\">Lola \u00cdndigo<\/span><\/a><\/strong>, hasta la <strong>Fiesta Bresh<\/strong> en Murcia, acb BEATS se ha posicionado como una propuesta que enriquece los eventos deportivos con conciertos de primer nivel. Ahora, con Natos y Waor, promete ser uno de los grandes momentos de la Navidad acb.<\/p><p>Las entradas para este concierto ya est\u00e1n a la venta en la p\u00e1gina oficial de NSN, ofreciendo a los fan\u00e1ticos del rap y del baloncesto la oportunidad de disfrutar de un evento que marcar\u00e1 el inicio de una temporada navide\u00f1a \u00fanica en Badalona.<\/p><\/div><\/div><\/div><\/div>\t\t\t\t\t\t\t\t<\/div>\n\t\t\t\t<\/div>\n\t\t\t\t\t<\/div>\n\t\t<\/div>\n\t\t\t\t\t<\/div>\n\t\t<\/section>\n\t\t\t\t<\/div>\n\t\t","protected":false},"excerpt":{"rendered":"<p>El d\u00fao madrile\u00f1o Natos y Waor pondr\u00e1 el broche de oro a su gira en el Ol\u00edmpic de Badalona el pr\u00f3ximo 14 de diciembre El d\u00fao madrile\u00f1o Natos y Waor pondr\u00e1 el broche final a su exitosa gira con un espectacular concierto en el Ol\u00edmpic de Badalona el pr\u00f3ximo 14 de diciembre. En el marco [&hellip;]<\/p>\n","protected":false},"author":6,"featured_media":3255,"comment_status":"open","ping_status":"open","sticky":false,"template":"","format":"standard","meta":{"footnotes":""},"categories":[4],"tags":[],"class_list":["post-3253","post","type-post","status-publish","format-standard","has-post-thumbnail","hentry","category-musica"],"yoast_head":"<!-- This site is optimized with the Yoast SEO plugin v27.4 - https:\/\/yoast.com\/product\/yoast-seo-wordpress\/ -->\n<title>Natos y Waor cierran su gira en acb BEATS por Navidad<\/title>\n<meta name=\"description\" content=\"El d\u00fao madrile\u00f1o Natos y Waor pondr\u00e1 el broche de oro a su gira en el Ol\u00edmpic de Badalona el pr\u00f3ximo 14 de diciembre\" \/>\n<meta name=\"robots\" content=\"index, follow, max-snippet:-1, max-image-preview:large, max-video-preview:-1\" \/>\n<link rel=\"canonical\" href=\"https:\/\/unaymilletras.com\/en\/natos-y-waor-cierran-su-gira-en-acb-beats-por-navidad\/\" \/>\n<meta property=\"og:locale\" content=\"en_GB\" \/>\n<meta property=\"og:type\" content=\"article\" \/>\n<meta property=\"og:title\" content=\"Natos y Waor cierran su gira en acb BEATS por Navidad\" \/>\n<meta property=\"og:description\" content=\"El d\u00fao madrile\u00f1o Natos y Waor pondr\u00e1 el broche de oro a su gira en el Ol\u00edmpic de Badalona el pr\u00f3ximo 14 de diciembre\" \/>\n<meta property=\"og:url\" content=\"https:\/\/unaymilletras.com\/en\/natos-y-waor-cierran-su-gira-en-acb-beats-por-navidad\/\" \/>\n<meta property=\"og:site_name\" content=\"Una y Mil Letras\" \/>\n<meta property=\"article:published_time\" content=\"2024-10-25T09:44:00+00:00\" \/>\n<meta property=\"article:modified_time\" content=\"2024-10-25T09:59:27+00:00\" \/>\n<meta property=\"og:image\" content=\"http:\/\/unaymilletras.com\/wp-content\/uploads\/2024\/10\/b7c6df60-cde2-dca0-c91f-d3447029-scaled-e1729849340920.jpg\" \/>\n\t<meta property=\"og:image:width\" content=\"600\" \/>\n\t<meta property=\"og:image:height\" content=\"338\" \/>\n\t<meta property=\"og:image:type\" content=\"image\/jpeg\" \/>\n<meta name=\"author\" content=\"Redacci\u00f3n\" \/>\n<meta name=\"twitter:card\" content=\"summary_large_image\" \/>\n<meta name=\"twitter:creator\" content=\"@UnaYMilLetras\" \/>\n<meta name=\"twitter:site\" content=\"@UnaYMilLetras\" \/>\n<meta name=\"twitter:label1\" content=\"Written by\" \/>\n\t<meta name=\"twitter:data1\" content=\"Redacci\u00f3n\" \/>\n\t<meta name=\"twitter:label2\" content=\"Estimated reading time\" \/>\n\t<meta name=\"twitter:data2\" content=\"2 minutes\" \/>\n<script type=\"application\/ld+json\" class=\"yoast-schema-graph\">{\"@context\":\"https:\\\/\\\/schema.org\",\"@graph\":[{\"@type\":\"Article\",\"@id\":\"https:\\\/\\\/unaymilletras.com\\\/natos-y-waor-cierran-su-gira-en-acb-beats-por-navidad\\\/#article\",\"isPartOf\":{\"@id\":\"https:\\\/\\\/unaymilletras.com\\\/natos-y-waor-cierran-su-gira-en-acb-beats-por-navidad\\\/\"},\"author\":{\"name\":\"Redacci\u00f3n\",\"@id\":\"http:\\\/\\\/unaymilletras.com\\\/#\\\/schema\\\/person\\\/0860dc8a218329991ee2c7591f4f849d\"},\"headline\":\"Natos y Waor cierran su gira en acb BEATS por Navidad\",\"datePublished\":\"2024-10-25T09:44:00+00:00\",\"dateModified\":\"2024-10-25T09:59:27+00:00\",\"mainEntityOfPage\":{\"@id\":\"https:\\\/\\\/unaymilletras.com\\\/natos-y-waor-cierran-su-gira-en-acb-beats-por-navidad\\\/\"},\"wordCount\":319,\"commentCount\":0,\"publisher\":{\"@id\":\"http:\\\/\\\/unaymilletras.com\\\/#organization\"},\"image\":{\"@id\":\"https:\\\/\\\/unaymilletras.com\\\/natos-y-waor-cierran-su-gira-en-acb-beats-por-navidad\\\/#primaryimage\"},\"thumbnailUrl\":\"https:\\\/\\\/unaymilletras.com\\\/wp-content\\\/uploads\\\/2024\\\/10\\\/b7c6df60-cde2-dca0-c91f-d3447029-scaled-e1729849340920.jpg\",\"articleSection\":[\"M\u00fasica\"],\"inLanguage\":\"en-GB\",\"potentialAction\":[{\"@type\":\"CommentAction\",\"name\":\"Comment\",\"target\":[\"https:\\\/\\\/unaymilletras.com\\\/natos-y-waor-cierran-su-gira-en-acb-beats-por-navidad\\\/#respond\"]}]},{\"@type\":\"WebPage\",\"@id\":\"https:\\\/\\\/unaymilletras.com\\\/natos-y-waor-cierran-su-gira-en-acb-beats-por-navidad\\\/\",\"url\":\"https:\\\/\\\/unaymilletras.com\\\/natos-y-waor-cierran-su-gira-en-acb-beats-por-navidad\\\/\",\"name\":\"Natos y Waor cierran su gira en acb BEATS por Navidad\",\"isPartOf\":{\"@id\":\"http:\\\/\\\/unaymilletras.com\\\/#website\"},\"primaryImageOfPage\":{\"@id\":\"https:\\\/\\\/unaymilletras.com\\\/natos-y-waor-cierran-su-gira-en-acb-beats-por-navidad\\\/#primaryimage\"},\"image\":{\"@id\":\"https:\\\/\\\/unaymilletras.com\\\/natos-y-waor-cierran-su-gira-en-acb-beats-por-navidad\\\/#primaryimage\"},\"thumbnailUrl\":\"https:\\\/\\\/unaymilletras.com\\\/wp-content\\\/uploads\\\/2024\\\/10\\\/b7c6df60-cde2-dca0-c91f-d3447029-scaled-e1729849340920.jpg\",\"datePublished\":\"2024-10-25T09:44:00+00:00\",\"dateModified\":\"2024-10-25T09:59:27+00:00\",\"description\":\"El d\u00fao madrile\u00f1o Natos y Waor pondr\u00e1 el broche de oro a su gira en el Ol\u00edmpic de Badalona el pr\u00f3ximo 14 de diciembre\",\"breadcrumb\":{\"@id\":\"https:\\\/\\\/unaymilletras.com\\\/natos-y-waor-cierran-su-gira-en-acb-beats-por-navidad\\\/#breadcrumb\"},\"inLanguage\":\"en-GB\",\"potentialAction\":[{\"@type\":\"ReadAction\",\"target\":[\"https:\\\/\\\/unaymilletras.com\\\/natos-y-waor-cierran-su-gira-en-acb-beats-por-navidad\\\/\"]}]},{\"@type\":\"ImageObject\",\"inLanguage\":\"en-GB\",\"@id\":\"https:\\\/\\\/unaymilletras.com\\\/natos-y-waor-cierran-su-gira-en-acb-beats-por-navidad\\\/#primaryimage\",\"url\":\"https:\\\/\\\/unaymilletras.com\\\/wp-content\\\/uploads\\\/2024\\\/10\\\/b7c6df60-cde2-dca0-c91f-d3447029-scaled-e1729849340920.jpg\",\"contentUrl\":\"https:\\\/\\\/unaymilletras.com\\\/wp-content\\\/uploads\\\/2024\\\/10\\\/b7c6df60-cde2-dca0-c91f-d3447029-scaled-e1729849340920.jpg\",\"width\":600,\"height\":338,\"caption\":\"Natos y Waor\"},{\"@type\":\"BreadcrumbList\",\"@id\":\"https:\\\/\\\/unaymilletras.com\\\/natos-y-waor-cierran-su-gira-en-acb-beats-por-navidad\\\/#breadcrumb\",\"itemListElement\":[{\"@type\":\"ListItem\",\"position\":1,\"name\":\"Home\",\"item\":\"http:\\\/\\\/unaymilletras.com\\\/\"},{\"@type\":\"ListItem\",\"position\":2,\"name\":\"Natos y Waor cierran su gira en acb BEATS por Navidad\"}]},{\"@type\":\"WebSite\",\"@id\":\"http:\\\/\\\/unaymilletras.com\\\/#website\",\"url\":\"http:\\\/\\\/unaymilletras.com\\\/\",\"name\":\"Una y Mil Letras\",\"description\":\"\",\"publisher\":{\"@id\":\"http:\\\/\\\/unaymilletras.com\\\/#organization\"},\"potentialAction\":[{\"@type\":\"SearchAction\",\"target\":{\"@type\":\"EntryPoint\",\"urlTemplate\":\"http:\\\/\\\/unaymilletras.com\\\/?s={search_term_string}\"},\"query-input\":{\"@type\":\"PropertyValueSpecification\",\"valueRequired\":true,\"valueName\":\"search_term_string\"}}],\"inLanguage\":\"en-GB\"},{\"@type\":\"Organization\",\"@id\":\"http:\\\/\\\/unaymilletras.com\\\/#organization\",\"name\":\"Una y Mil Letras\",\"url\":\"http:\\\/\\\/unaymilletras.com\\\/\",\"logo\":{\"@type\":\"ImageObject\",\"inLanguage\":\"en-GB\",\"@id\":\"http:\\\/\\\/unaymilletras.com\\\/#\\\/schema\\\/logo\\\/image\\\/\",\"url\":\"https:\\\/\\\/unaymilletras.com\\\/wp-content\\\/uploads\\\/2024\\\/06\\\/cropped-Logo-removebg-preview.png\",\"contentUrl\":\"https:\\\/\\\/unaymilletras.com\\\/wp-content\\\/uploads\\\/2024\\\/06\\\/cropped-Logo-removebg-preview.png\",\"width\":512,\"height\":512,\"caption\":\"Una y Mil Letras\"},\"image\":{\"@id\":\"http:\\\/\\\/unaymilletras.com\\\/#\\\/schema\\\/logo\\\/image\\\/\"},\"sameAs\":[\"https:\\\/\\\/x.com\\\/UnaYMilLetras\",\"https:\\\/\\\/instagram.com\\\/UnaYMilLetras\"]},{\"@type\":\"Person\",\"@id\":\"http:\\\/\\\/unaymilletras.com\\\/#\\\/schema\\\/person\\\/0860dc8a218329991ee2c7591f4f849d\",\"name\":\"Redacci\u00f3n\",\"image\":{\"@type\":\"ImageObject\",\"inLanguage\":\"en-GB\",\"@id\":\"https:\\\/\\\/secure.gravatar.com\\\/avatar\\\/d8f55e05a8b6597e45c55a1dcbdbfe44f4a360d88b48e00de5216a79b7732796?s=96&d=mm&r=g\",\"url\":\"https:\\\/\\\/secure.gravatar.com\\\/avatar\\\/d8f55e05a8b6597e45c55a1dcbdbfe44f4a360d88b48e00de5216a79b7732796?s=96&d=mm&r=g\",\"contentUrl\":\"https:\\\/\\\/secure.gravatar.com\\\/avatar\\\/d8f55e05a8b6597e45c55a1dcbdbfe44f4a360d88b48e00de5216a79b7732796?s=96&d=mm&r=g\",\"caption\":\"Redacci\u00f3n\"},\"url\":\"https:\\\/\\\/unaymilletras.com\\\/en\\\/author\\\/redaccion\\\/\"}]}<\/script>\n<!-- \/ Yoast SEO plugin. -->","yoast_head_json":{"title":"Natos y Waor cierran su gira en acb BEATS por Navidad","description":"El d\u00fao madrile\u00f1o Natos y Waor pondr\u00e1 el broche de oro a su gira en el Ol\u00edmpic de Badalona el pr\u00f3ximo 14 de diciembre","robots":{"index":"index","follow":"follow","max-snippet":"max-snippet:-1","max-image-preview":"max-image-preview:large","max-video-preview":"max-video-preview:-1"},"canonical":"https:\/\/unaymilletras.com\/en\/natos-y-waor-cierran-su-gira-en-acb-beats-por-navidad\/","og_locale":"en_GB","og_type":"article","og_title":"Natos y Waor cierran su gira en acb BEATS por Navidad","og_description":"El d\u00fao madrile\u00f1o Natos y Waor pondr\u00e1 el broche de oro a su gira en el Ol\u00edmpic de Badalona el pr\u00f3ximo 14 de diciembre","og_url":"https:\/\/unaymilletras.com\/en\/natos-y-waor-cierran-su-gira-en-acb-beats-por-navidad\/","og_site_name":"Una y Mil Letras","article_published_time":"2024-10-25T09:44:00+00:00","article_modified_time":"2024-10-25T09:59:27+00:00","og_image":[{"width":600,"height":338,"url":"http:\/\/unaymilletras.com\/wp-content\/uploads\/2024\/10\/b7c6df60-cde2-dca0-c91f-d3447029-scaled-e1729849340920.jpg","type":"image\/jpeg"}],"author":"Redacci\u00f3n","twitter_card":"summary_large_image","twitter_creator":"@UnaYMilLetras","twitter_site":"@UnaYMilLetras","twitter_misc":{"Written by":"Redacci\u00f3n","Estimated reading time":"2 minutes"},"schema":{"@context":"https:\/\/schema.org","@graph":[{"@type":"Article","@id":"https:\/\/unaymilletras.com\/natos-y-waor-cierran-su-gira-en-acb-beats-por-navidad\/#article","isPartOf":{"@id":"https:\/\/unaymilletras.com\/natos-y-waor-cierran-su-gira-en-acb-beats-por-navidad\/"},"author":{"name":"Redacci\u00f3n","@id":"http:\/\/unaymilletras.com\/#\/schema\/person\/0860dc8a218329991ee2c7591f4f849d"},"headline":"Natos y Waor cierran su gira en acb BEATS por Navidad","datePublished":"2024-10-25T09:44:00+00:00","dateModified":"2024-10-25T09:59:27+00:00","mainEntityOfPage":{"@id":"https:\/\/unaymilletras.com\/natos-y-waor-cierran-su-gira-en-acb-beats-por-navidad\/"},"wordCount":319,"commentCount":0,"publisher":{"@id":"http:\/\/unaymilletras.com\/#organization"},"image":{"@id":"https:\/\/unaymilletras.com\/natos-y-waor-cierran-su-gira-en-acb-beats-por-navidad\/#primaryimage"},"thumbnailUrl":"https:\/\/unaymilletras.com\/wp-content\/uploads\/2024\/10\/b7c6df60-cde2-dca0-c91f-d3447029-scaled-e1729849340920.jpg","articleSection":["M\u00fasica"],"inLanguage":"en-GB","potentialAction":[{"@type":"CommentAction","name":"Comment","target":["https:\/\/unaymilletras.com\/natos-y-waor-cierran-su-gira-en-acb-beats-por-navidad\/#respond"]}]},{"@type":"WebPage","@id":"https:\/\/unaymilletras.com\/natos-y-waor-cierran-su-gira-en-acb-beats-por-navidad\/","url":"https:\/\/unaymilletras.com\/natos-y-waor-cierran-su-gira-en-acb-beats-por-navidad\/","name":"Natos y Waor cierran su gira en acb BEATS por Navidad","isPartOf":{"@id":"http:\/\/unaymilletras.com\/#website"},"primaryImageOfPage":{"@id":"https:\/\/unaymilletras.com\/natos-y-waor-cierran-su-gira-en-acb-beats-por-navidad\/#primaryimage"},"image":{"@id":"https:\/\/unaymilletras.com\/natos-y-waor-cierran-su-gira-en-acb-beats-por-navidad\/#primaryimage"},"thumbnailUrl":"https:\/\/unaymilletras.com\/wp-content\/uploads\/2024\/10\/b7c6df60-cde2-dca0-c91f-d3447029-scaled-e1729849340920.jpg","datePublished":"2024-10-25T09:44:00+00:00","dateModified":"2024-10-25T09:59:27+00:00","description":"El d\u00fao madrile\u00f1o Natos y Waor pondr\u00e1 el broche de oro a su gira en el Ol\u00edmpic de Badalona el pr\u00f3ximo 14 de diciembre","breadcrumb":{"@id":"https:\/\/unaymilletras.com\/natos-y-waor-cierran-su-gira-en-acb-beats-por-navidad\/#breadcrumb"},"inLanguage":"en-GB","potentialAction":[{"@type":"ReadAction","target":["https:\/\/unaymilletras.com\/natos-y-waor-cierran-su-gira-en-acb-beats-por-navidad\/"]}]},{"@type":"ImageObject","inLanguage":"en-GB","@id":"https:\/\/unaymilletras.com\/natos-y-waor-cierran-su-gira-en-acb-beats-por-navidad\/#primaryimage","url":"https:\/\/unaymilletras.com\/wp-content\/uploads\/2024\/10\/b7c6df60-cde2-dca0-c91f-d3447029-scaled-e1729849340920.jpg","contentUrl":"https:\/\/unaymilletras.com\/wp-content\/uploads\/2024\/10\/b7c6df60-cde2-dca0-c91f-d3447029-scaled-e1729849340920.jpg","width":600,"height":338,"caption":"Natos y Waor"},{"@type":"BreadcrumbList","@id":"https:\/\/unaymilletras.com\/natos-y-waor-cierran-su-gira-en-acb-beats-por-navidad\/#breadcrumb","itemListElement":[{"@type":"ListItem","position":1,"name":"Home","item":"http:\/\/unaymilletras.com\/"},{"@type":"ListItem","position":2,"name":"Natos y Waor cierran su gira en acb BEATS por Navidad"}]},{"@type":"WebSite","@id":"http:\/\/unaymilletras.com\/#website","url":"http:\/\/unaymilletras.com\/","name":"Una y Mil Letras","description":"","publisher":{"@id":"http:\/\/unaymilletras.com\/#organization"},"potentialAction":[{"@type":"SearchAction","target":{"@type":"EntryPoint","urlTemplate":"http:\/\/unaymilletras.com\/?s={search_term_string}"},"query-input":{"@type":"PropertyValueSpecification","valueRequired":true,"valueName":"search_term_string"}}],"inLanguage":"en-GB"},{"@type":"Organization","@id":"http:\/\/unaymilletras.com\/#organization","name":"Una y Mil Letras","url":"http:\/\/unaymilletras.com\/","logo":{"@type":"ImageObject","inLanguage":"en-GB","@id":"http:\/\/unaymilletras.com\/#\/schema\/logo\/image\/","url":"https:\/\/unaymilletras.com\/wp-content\/uploads\/2024\/06\/cropped-Logo-removebg-preview.png","contentUrl":"https:\/\/unaymilletras.com\/wp-content\/uploads\/2024\/06\/cropped-Logo-removebg-preview.png","width":512,"height":512,"caption":"Una y Mil Letras"},"image":{"@id":"http:\/\/unaymilletras.com\/#\/schema\/logo\/image\/"},"sameAs":["https:\/\/x.com\/UnaYMilLetras","https:\/\/instagram.com\/UnaYMilLetras"]},{"@type":"Person","@id":"http:\/\/unaymilletras.com\/#\/schema\/person\/0860dc8a218329991ee2c7591f4f849d","name":"Redacci\u00f3n","image":{"@type":"ImageObject","inLanguage":"en-GB","@id":"https:\/\/secure.gravatar.com\/avatar\/d8f55e05a8b6597e45c55a1dcbdbfe44f4a360d88b48e00de5216a79b7732796?s=96&d=mm&r=g","url":"https:\/\/secure.gravatar.com\/avatar\/d8f55e05a8b6597e45c55a1dcbdbfe44f4a360d88b48e00de5216a79b7732796?s=96&d=mm&r=g","contentUrl":"https:\/\/secure.gravatar.com\/avatar\/d8f55e05a8b6597e45c55a1dcbdbfe44f4a360d88b48e00de5216a79b7732796?s=96&d=mm&r=g","caption":"Redacci\u00f3n"},"url":"https:\/\/unaymilletras.com\/en\/author\/redaccion\/"}]}},"_links":{"self":[{"href":"https:\/\/unaymilletras.com\/en\/wp-json\/wp\/v2\/posts\/3253","targetHints":{"allow":["GET"]}}],"collection":[{"href":"https:\/\/unaymilletras.com\/en\/wp-json\/wp\/v2\/posts"}],"about":[{"href":"https:\/\/unaymilletras.com\/en\/wp-json\/wp\/v2\/types\/post"}],"author":[{"embeddable":true,"href":"https:\/\/unaymilletras.com\/en\/wp-json\/wp\/v2\/users\/6"}],"replies":[{"embeddable":true,"href":"https:\/\/unaymilletras.com\/en\/wp-json\/wp\/v2\/comments?post=3253"}],"version-history":[{"count":5,"href":"https:\/\/unaymilletras.com\/en\/wp-json\/wp\/v2\/posts\/3253\/revisions"}],"predecessor-version":[{"id":3259,"href":"https:\/\/unaymilletras.com\/en\/wp-json\/wp\/v2\/posts\/3253\/revisions\/3259"}],"wp:featuredmedia":[{"embeddable":true,"href":"https:\/\/unaymilletras.com\/en\/wp-json\/wp\/v2\/media\/3255"}],"wp:attachment":[{"href":"https:\/\/unaymilletras.com\/en\/wp-json\/wp\/v2\/media?parent=3253"}],"wp:term":[{"taxonomy":"category","embeddable":true,"href":"https:\/\/unaymilletras.com\/en\/wp-json\/wp\/v2\/categories?post=3253"},{"taxonomy":"post_tag","embeddable":true,"href":"https:\/\/unaymilletras.com\/en\/wp-json\/wp\/v2\/tags?post=3253"}],"curies":[{"name":"wp","href":"https:\/\/api.w.org\/{rel}","templated":true}]}}