{"id":3261,"date":"2024-10-27T15:01:34","date_gmt":"2024-10-27T14:01:34","guid":{"rendered":"https:\/\/unaymilletras.com\/?p=3261"},"modified":"2024-10-27T15:10:55","modified_gmt":"2024-10-27T14:10:55","slug":"moni-estrena-equivocarme-es-la-realidad-que-he-vivido-durante-todo-este-ano","status":"publish","type":"post","link":"https:\/\/unaymilletras.com\/en\/moni-estrena-equivocarme-es-la-realidad-que-he-vivido-durante-todo-este-ano\/","title":{"rendered":"Moni estrena \u00abEquivocarme\u00bb: \u00abEs la realidad que he vivido durante todo este a\u00f1o\u00bb"},"content":{"rendered":"<div data-elementor-type=\"wp-post\" data-elementor-id=\"3261\" class=\"elementor elementor-3261\">\n\t\t\t\t\t\t<section class=\"elementor-section elementor-top-section elementor-element elementor-element-41579d1 elementor-section-boxed elementor-section-height-default elementor-section-height-default\" data-id=\"41579d1\" data-element_type=\"section\" data-e-type=\"section\">\n\t\t\t\t\t\t<div class=\"elementor-container elementor-column-gap-default\">\n\t\t\t\t\t<div class=\"elementor-column elementor-col-100 elementor-top-column elementor-element elementor-element-79c26d1\" data-id=\"79c26d1\" data-element_type=\"column\" data-e-type=\"column\">\n\t\t\t<div class=\"elementor-widget-wrap elementor-element-populated\">\n\t\t\t\t\t\t<div class=\"elementor-element elementor-element-42c075f elementor-widget elementor-widget-text-editor\" data-id=\"42c075f\" data-element_type=\"widget\" data-e-type=\"widget\" data-widget_type=\"text-editor.default\">\n\t\t\t\t<div class=\"elementor-widget-container\">\n\t\t\t\t\t\t\t\t\t<h2 style=\"text-align: center;\"><em><span style=\"color: #808080;\">Moni estrena su nueva canci\u00f3n: \u00abEquivocarme\u00bb<\/span><\/em><\/h2>\t\t\t\t\t\t\t\t<\/div>\n\t\t\t\t<\/div>\n\t\t\t\t\t<\/div>\n\t\t<\/div>\n\t\t\t\t\t<\/div>\n\t\t<\/section>\n\t\t\t\t<section class=\"elementor-section elementor-top-section elementor-element elementor-element-218f38f elementor-section-boxed elementor-section-height-default elementor-section-height-default\" data-id=\"218f38f\" data-element_type=\"section\" data-e-type=\"section\">\n\t\t\t\t\t\t<div class=\"elementor-container elementor-column-gap-default\">\n\t\t\t\t\t<div class=\"elementor-column elementor-col-100 elementor-top-column elementor-element elementor-element-7a6ed35\" data-id=\"7a6ed35\" data-element_type=\"column\" data-e-type=\"column\">\n\t\t\t<div class=\"elementor-widget-wrap elementor-element-populated\">\n\t\t\t\t\t\t<div class=\"elementor-element elementor-element-b702436 elementor-widget elementor-widget-text-editor\" data-id=\"b702436\" data-element_type=\"widget\" data-e-type=\"widget\" data-widget_type=\"text-editor.default\">\n\t\t\t\t<div class=\"elementor-widget-container\">\n\t\t\t\t\t\t\t\t\t<p>Moni presenta su nuevo sencillo, <em><strong>Equivocarme<\/strong><\/em>, una emotiva reflexi\u00f3n sobre el amor y las segundas oportunidades. Tras \u00e9xitos como <em>Luz de Gas<\/em> y <em>El Juego<\/em>, la artista catalana sigue consolidando su estilo con una propuesta aut\u00e9ntica y sensible. <em>Equivocarme<\/em>\u00a0explora la complejidad de las relaciones, abordando la decisi\u00f3n de volver a apostar por el amor a pesar de las dudas y los riesgos.<\/p>\t\t\t\t\t\t\t\t<\/div>\n\t\t\t\t<\/div>\n\t\t\t\t\t<\/div>\n\t\t<\/div>\n\t\t\t\t\t<\/div>\n\t\t<\/section>\n\t\t\t\t<section class=\"elementor-section elementor-top-section elementor-element elementor-element-979ff1d elementor-section-boxed elementor-section-height-default elementor-section-height-default\" data-id=\"979ff1d\" data-element_type=\"section\" data-e-type=\"section\">\n\t\t\t\t\t\t<div class=\"elementor-container elementor-column-gap-default\">\n\t\t\t\t\t<div class=\"elementor-column elementor-col-100 elementor-top-column elementor-element elementor-element-9b777aa\" data-id=\"9b777aa\" data-element_type=\"column\" data-e-type=\"column\">\n\t\t\t<div class=\"elementor-widget-wrap elementor-element-populated\">\n\t\t\t\t\t\t<div class=\"elementor-element elementor-element-8a79ab4 elementor-widget elementor-widget-video\" data-id=\"8a79ab4\" data-element_type=\"widget\" data-e-type=\"widget\" data-settings=\"{&quot;youtube_url&quot;:&quot;https:\\\/\\\/youtu.be\\\/bPJ73YzXLJQ&quot;,&quot;video_type&quot;:&quot;youtube&quot;,&quot;controls&quot;:&quot;yes&quot;}\" data-widget_type=\"video.default\">\n\t\t\t\t<div class=\"elementor-widget-container\">\n\t\t\t\t\t\t\t<div class=\"elementor-wrapper elementor-open-inline\">\n\t\t\t<div class=\"elementor-video\"><\/div>\t\t<\/div>\n\t\t\t\t\t\t<\/div>\n\t\t\t\t<\/div>\n\t\t\t\t\t<\/div>\n\t\t<\/div>\n\t\t\t\t\t<\/div>\n\t\t<\/section>\n\t\t\t\t<section class=\"elementor-section elementor-top-section elementor-element elementor-element-9d5cd41 elementor-section-boxed elementor-section-height-default elementor-section-height-default\" data-id=\"9d5cd41\" data-element_type=\"section\" data-e-type=\"section\">\n\t\t\t\t\t\t<div class=\"elementor-container elementor-column-gap-default\">\n\t\t\t\t\t<div class=\"elementor-column elementor-col-100 elementor-top-column elementor-element elementor-element-3d5fed2\" data-id=\"3d5fed2\" data-element_type=\"column\" data-e-type=\"column\">\n\t\t\t<div class=\"elementor-widget-wrap elementor-element-populated\">\n\t\t\t\t\t\t<div class=\"elementor-element elementor-element-3bd1bc4 elementor-widget elementor-widget-text-editor\" data-id=\"3bd1bc4\" data-element_type=\"widget\" data-e-type=\"widget\" data-widget_type=\"text-editor.default\">\n\t\t\t\t<div class=\"elementor-widget-container\">\n\t\t\t\t\t\t\t\t\t<p><strong><em>\u00bfQu\u00e9 nos puedes contar de tu nuevo single, \u201cEquivocarme\u201d? \u00a0<br \/><\/em><\/strong>Me lo pas\u00e9 muy bien componiendo con mi equipo de aqu\u00ed, de Warner. Y que espero que a todo el mundo le est\u00e9 gustando que por lo que he visto en las m\u00e9tricas, parece que s\u00ed.<\/p><p><strong><em>\u00bfSueles equivocarte mucho?<br \/><\/em><\/strong>Bueno, igual que todos creo, \u00bfno? Intentamos hacer unos videos para TikTok que tratasen sobre distintas formas de equivocarse, aunque sean absurdas en tu d\u00eda a d\u00eda. Tenemos un video que es: cuando vas a abrir la puerta y tienes que empujar y tiras; o tirar el yogur al cesto de la ropa sucia. Esa din\u00e1mica.<\/p><p>Al final, creo que, aunque no seamos conscientes en el d\u00eda a d\u00eda, te puedes equivocar un mont\u00f3n de veces y no tiene por qu\u00e9 ser equivocaciones super graves.<\/p><p><strong><em>\u00bfCu\u00e1l dir\u00edas que ha sido tu mayor error?<br \/><\/em><\/strong>Ufff. Mi mayor error\u2026 No s\u00e9 qu\u00e9 decirte.<\/p><p>No me viene nada s\u00faper grande a la a la cabeza. Quiz\u00e1s el confiar en ciertas personas, no vamos a decir qui\u00e9nes.<\/p><p><strong><em>\u00bfY crees en las segundas oportunidades?<br \/><\/em><\/strong>S\u00ed. De hecho, <em>Equivocarme<\/em> se construye en torno a mi ruptura con mi ahora novio otra vez. Le he dado una segunda oportunidad. Y habla sobre sobre eso. Si va a ser una equivocaci\u00f3n, no lo va a ser\u2026 Al final nunca lo sabes si no lo intentas.<\/p><p>No suelo dar segundas oportunidades. No suelo hacerlo. Pero en ese momento hab\u00eda algo que a m\u00ed me dec\u00eda que deb\u00eda hacerlo. Y de ah\u00ed nace equivocarme.<\/p>\t\t\t\t\t\t\t\t<\/div>\n\t\t\t\t<\/div>\n\t\t\t\t\t<\/div>\n\t\t<\/div>\n\t\t\t\t\t<\/div>\n\t\t<\/section>\n\t\t\t\t<section class=\"elementor-section elementor-top-section elementor-element elementor-element-6366bf3 elementor-section-boxed elementor-section-height-default elementor-section-height-default\" data-id=\"6366bf3\" data-element_type=\"section\" data-e-type=\"section\">\n\t\t\t\t\t\t<div class=\"elementor-container elementor-column-gap-default\">\n\t\t\t\t\t<div class=\"elementor-column elementor-col-100 elementor-top-column elementor-element elementor-element-4ec854a\" data-id=\"4ec854a\" data-element_type=\"column\" data-e-type=\"column\">\n\t\t\t<div class=\"elementor-widget-wrap elementor-element-populated\">\n\t\t\t\t\t\t<div class=\"elementor-element elementor-element-f176736 elementor-widget elementor-widget-video\" data-id=\"f176736\" data-element_type=\"widget\" data-e-type=\"widget\" data-settings=\"{&quot;youtube_url&quot;:&quot;https:\\\/\\\/www.youtube.com\\\/watch?v=sanaxZ0t1SA&amp;ab_channel=WarnerMusicSpain&quot;,&quot;video_type&quot;:&quot;youtube&quot;,&quot;controls&quot;:&quot;yes&quot;}\" data-widget_type=\"video.default\">\n\t\t\t\t<div class=\"elementor-widget-container\">\n\t\t\t\t\t\t\t<div class=\"elementor-wrapper elementor-open-inline\">\n\t\t\t<div class=\"elementor-video\"><\/div>\t\t<\/div>\n\t\t\t\t\t\t<\/div>\n\t\t\t\t<\/div>\n\t\t\t\t\t<\/div>\n\t\t<\/div>\n\t\t\t\t\t<\/div>\n\t\t<\/section>\n\t\t\t\t<section class=\"elementor-section elementor-top-section elementor-element elementor-element-caf5ef4 elementor-section-boxed elementor-section-height-default elementor-section-height-default\" data-id=\"caf5ef4\" data-element_type=\"section\" data-e-type=\"section\">\n\t\t\t\t\t\t<div class=\"elementor-container elementor-column-gap-default\">\n\t\t\t\t\t<div class=\"elementor-column elementor-col-100 elementor-top-column elementor-element elementor-element-b678e3e\" data-id=\"b678e3e\" data-element_type=\"column\" data-e-type=\"column\">\n\t\t\t<div class=\"elementor-widget-wrap elementor-element-populated\">\n\t\t\t\t\t\t<div class=\"elementor-element elementor-element-9b2a46d elementor-widget elementor-widget-text-editor\" data-id=\"9b2a46d\" data-element_type=\"widget\" data-e-type=\"widget\" data-widget_type=\"text-editor.default\">\n\t\t\t\t<div class=\"elementor-widget-container\">\n\t\t\t\t\t\t\t\t\t<p><strong><em>Han sido muchos d\u00edas de trabajo, muchas veces os quedabais hasta tarde porque era c\u00f3mo lo pod\u00edais cuadrar. \u00bfC\u00f3mo lo has hecho?<br \/><\/em><\/strong>Yo creo que es muy importante tambi\u00e9n poner las cartas encima de la mesa desde el primer memento y decir, oye, chicos. Para m\u00ed la m\u00fasica es muy importante. Al final tambi\u00e9n persigo una carrera profesional musical, pero a la vez soy abogada.<\/p><p>Entonces yo, durante el d\u00eda trabajo, tengo mis horas de oficina y yo puedo, a partir de, por ejemplo, las siete, las ocho. Ellos ten\u00edan clases por la tarde tambi\u00e9n, entonces hab\u00eda veces que no pod\u00edamos quedar hasta que no terminaban ellos sus clases o yo terminaba de trabajar. Y est\u00e1bamos hasta muy tarde trabajando.<\/p><p>Pero bueno, afortunadamente nos sali\u00f3 todo bastante r\u00e1pido. La composici\u00f3n y todo. No tuvimos que sacrificar much\u00edsimos d\u00edas hasta la hasta las tantas de la noche.<\/p><p><strong><em>\u00bfCu\u00e1l dir\u00edas que ha sido tu mayor aprendizaje de este proceso?<br \/><\/em><\/strong>Creo que la paciencia, la paciencia con todo. O sea, en eso se resume, \u00bfno?<\/p><p>Paciencia a la hora de tratar con otra gente que estoy muy acostumbrada a trabajar sola. Y paciencia conmigo misma a la hora de tomar decisiones, pensar c\u00f3mo hacer las cosas, c\u00f3mo proceder despu\u00e9s de que se den determinadas situaciones. S\u00ed, yo creo que eso ser\u00eda.<\/p><p><strong><em>Eres catalana. \u00bfTe animar\u00edas a sacar alguna canci\u00f3n en catal\u00e1n?<br \/><\/em><\/strong>Ahora mismo no lo tengo previsto. Tengo una canci\u00f3n de hace much\u00edsimo tiempo, de cuando ten\u00eda 14 a\u00f1os. En mi concierto en la sala Fizz en Barcelona en septiembre la cant\u00e9 con Roger, que es con quien la compuse.<\/p><p>Es uno de mis productores. La compusimos siendo s\u00faper peque\u00f1os y creo que fue la canci\u00f3n que m\u00e1s gust\u00f3 de todo mi concierto. Bastante impactante porque es una canci\u00f3n que tiene bastante tiempo, la compusimos siendo unos ni\u00f1os.<\/p><p>Siempre he pensado que nuestras voces quedan muy bien. Si saco alguna canci\u00f3n en cat\u00e1n me gustar\u00eda que fuese esa.<\/p><p><strong><em>Si ya con 14 a\u00f1os ten\u00edas una canci\u00f3n hecha, \u00bfcon cu\u00e1ntos a\u00f1os empezaste la m\u00fasica?<br \/><\/em><\/strong>Pues yo cuando ten\u00eda 12 a\u00f1os, creo, empec\u00e9 con un grupo en Barcelona. Estaba con mi hermano y con tres chicos m\u00e1s, todos mayores que yo. Yo era oficialmente la letrista del grupo. Yo dir\u00eda que esos fueron mis comienzos, la m\u00fasica. Obviamente, previo a eso, a los nueve empec\u00e9 con clases de piano, pero hasta entonces no me lo tom\u00e9 como un poco m\u00e1s en serio<\/p><p><strong><em>\u00bfTe gusta m\u00e1s cantar en concierto o componer?<br \/><\/em><\/strong>Uff. Es que no hay concierto sin previa composici\u00f3n, entonces yo creo que cada cosa tiene su momento. Separarlas y disfrutar de ambas cosas creo que es muy importante y no te podr\u00eda decir. <\/p>\t\t\t\t\t\t\t\t<\/div>\n\t\t\t\t<\/div>\n\t\t\t\t\t<\/div>\n\t\t<\/div>\n\t\t\t\t\t<\/div>\n\t\t<\/section>\n\t\t\t\t<section class=\"elementor-section elementor-top-section elementor-element elementor-element-55c8ac8 elementor-section-boxed elementor-section-height-default elementor-section-height-default\" data-id=\"55c8ac8\" data-element_type=\"section\" data-e-type=\"section\">\n\t\t\t\t\t\t<div class=\"elementor-container elementor-column-gap-default\">\n\t\t\t\t\t<div class=\"elementor-column elementor-col-100 elementor-top-column elementor-element elementor-element-6689899\" data-id=\"6689899\" data-element_type=\"column\" data-e-type=\"column\">\n\t\t\t<div class=\"elementor-widget-wrap elementor-element-populated\">\n\t\t\t\t\t\t<div class=\"elementor-element elementor-element-801b69b elementor-widget elementor-widget-image\" data-id=\"801b69b\" data-element_type=\"widget\" data-e-type=\"widget\" data-widget_type=\"image.default\">\n\t\t\t\t<div class=\"elementor-widget-container\">\n\t\t\t\t\t\t\t\t\t\t\t\t\t\t\t<img fetchpriority=\"high\" decoding=\"async\" width=\"640\" height=\"427\" src=\"https:\/\/unaymilletras.com\/wp-content\/uploads\/2024\/10\/WhatsApp-Image-2024-10-26-at-11.24.17-1024x683.jpeg\" class=\"attachment-large size-large wp-image-3266\" alt=\"Moni\" srcset=\"https:\/\/unaymilletras.com\/wp-content\/uploads\/2024\/10\/WhatsApp-Image-2024-10-26-at-11.24.17-1024x683.jpeg 1024w, https:\/\/unaymilletras.com\/wp-content\/uploads\/2024\/10\/WhatsApp-Image-2024-10-26-at-11.24.17-300x200.jpeg 300w, https:\/\/unaymilletras.com\/wp-content\/uploads\/2024\/10\/WhatsApp-Image-2024-10-26-at-11.24.17-768x512.jpeg 768w, https:\/\/unaymilletras.com\/wp-content\/uploads\/2024\/10\/WhatsApp-Image-2024-10-26-at-11.24.17-1536x1024.jpeg 1536w, https:\/\/unaymilletras.com\/wp-content\/uploads\/2024\/10\/WhatsApp-Image-2024-10-26-at-11.24.17-2048x1365.jpeg 2048w, https:\/\/unaymilletras.com\/wp-content\/uploads\/2024\/10\/WhatsApp-Image-2024-10-26-at-11.24.17-18x12.jpeg 18w, https:\/\/unaymilletras.com\/wp-content\/uploads\/2024\/10\/WhatsApp-Image-2024-10-26-at-11.24.17-scaled-e1730037448449.jpeg 600w\" sizes=\"(max-width: 640px) 100vw, 640px\" \/>\t\t\t\t\t\t\t\t\t\t\t\t\t\t\t<\/div>\n\t\t\t\t<\/div>\n\t\t\t\t\t<\/div>\n\t\t<\/div>\n\t\t\t\t\t<\/div>\n\t\t<\/section>\n\t\t\t\t<section class=\"elementor-section elementor-top-section elementor-element elementor-element-b9dfac6 elementor-section-boxed elementor-section-height-default elementor-section-height-default\" data-id=\"b9dfac6\" data-element_type=\"section\" data-e-type=\"section\">\n\t\t\t\t\t\t<div class=\"elementor-container elementor-column-gap-default\">\n\t\t\t\t\t<div class=\"elementor-column elementor-col-100 elementor-top-column elementor-element elementor-element-df0e8cc\" data-id=\"df0e8cc\" data-element_type=\"column\" data-e-type=\"column\">\n\t\t\t<div class=\"elementor-widget-wrap elementor-element-populated\">\n\t\t\t\t\t\t<div class=\"elementor-element elementor-element-b0d3cd7 elementor-widget elementor-widget-text-editor\" data-id=\"b0d3cd7\" data-element_type=\"widget\" data-e-type=\"widget\" data-widget_type=\"text-editor.default\">\n\t\t\t\t<div class=\"elementor-widget-container\">\n\t\t\t\t\t\t\t\t\t<p class=\"Script\"><b><i>Ahora que has mencionado tu concierto en Barcelona, vi que hab\u00edas hecho un cartel s\u00faper chulo. \u00bfVamos a ver ese lado creativo en alg\u00fan pr\u00f3ximo concierto o en una portada de otro single? \u00bfEn alg\u00fan lado?<br \/><\/i><\/b>No s\u00e9 qu\u00e9 decirte. \u00bfSabes qu\u00e9 pasa? Que el concierto de la New Fizz yo sab\u00eda que iba a ser un concierto muy familiar, muy de gente a la que quiero. Entonces, para m\u00ed era muy importante poder inmortalizar los momentos.<\/p><p class=\"Script\" style=\"text-align: justify;\">Obviamente, todos los conciertos son importantes, \u00bfno? Pero, por ejemplo, tengo la suerte de tener todav\u00eda vivos a tres de mis abuelos. Los tres estaban all\u00ed. Entonces, como que sentimentalmente ese concierto para m\u00ed ten\u00eda un peso muy importante y quise hacerme ese recuerdo para poderlo tener en casa y mirarlo, no s\u00e9, cuando las cosas se ponen m\u00e1s dif\u00edciles.<\/p><p class=\"Script\" style=\"text-align: justify;\">Entonces, no s\u00e9 si se me van a ocurrir otras cosas que pueda trasladar a un formato de concierto que no es tan ac\u00fastico y tan \u00edntimo como aquel. Que pueda realmente encajar en un Caf\u00e9 La Palma que ese es mi pr\u00f3ximo concierto, y que pueda destacar. Que se le pueda dar el espacio que se merece a todo el lado art\u00edstico de lo que conlleva a hacer un mural de fotograf\u00edas.<\/p><p class=\"Script\"><b><i>Si tuvieses la oportunidad de ser telonera de cualquier cantante o show, \u00bfcu\u00e1l te gustar\u00eda?<br \/><\/i><\/b>Pues no s\u00e9 qu\u00e9 decirte. Probablemente Gracie Abrams. Ser\u00eda como muy top. Pero desgraciadamente no me han contactado para sus conciertos en Europa.<\/p><p class=\"Script\"><b><i>Has sacado muchos singles, \u00bfhabr\u00e1 disco\/EP o una gira? <br \/><\/i><\/b>Estaba en uno de mis objetivos 2025 sacar un EP, pero s\u00ed que es verdad que prefiero ahora mismo concentrar mis esfuerzos en peque\u00f1as cosas y hacerlas crecer. Entonces ya cuando tengan un rodaje m\u00e1s f\u00e1cil y haya m\u00e1s gente que me escuche, lanzarme a hacer algo que la gente realmente vaya a escuchar en el memento.<\/p><p class=\"Script\">S\u00ed que a m\u00ed hay algo de la m\u00fasica que me inquieta un poco: los tiempos. Puedes tener una canci\u00f3n que el mes que viene y decides sacarla sin pensarlo, o puedes sacar un \u00e1lbum en el que llevas mucho tiempo.<\/p><p class=\"Script\" style=\"text-align: justify;\">Entonces, me gustar\u00eda intentar mantener en la medida de lo posible la contemporaneidad de mi proyecto y que las cosas que yo comparto sean porque lo he pensado y tienen sentido en el momento que estoy viviendo.<\/p><p class=\"Script\">Obviamente equivocarme la escribimos febrero o marzo. Ya hace bastante tiempo. Pero es la realidad que he vivido durante todo este a\u00f1o, el volver con mi expareja y todo lo que eso conlleva.<\/p>\t\t\t\t\t\t\t\t<\/div>\n\t\t\t\t<\/div>\n\t\t\t\t\t<\/div>\n\t\t<\/div>\n\t\t\t\t\t<\/div>\n\t\t<\/section>\n\t\t\t\t<section class=\"elementor-section elementor-top-section elementor-element elementor-element-93fa25e elementor-section-boxed elementor-section-height-default elementor-section-height-default\" data-id=\"93fa25e\" data-element_type=\"section\" data-e-type=\"section\">\n\t\t\t\t\t\t<div class=\"elementor-container elementor-column-gap-default\">\n\t\t\t\t\t<div class=\"elementor-column elementor-col-50 elementor-top-column elementor-element elementor-element-ba9b693\" data-id=\"ba9b693\" data-element_type=\"column\" data-e-type=\"column\">\n\t\t\t<div class=\"elementor-widget-wrap elementor-element-populated\">\n\t\t\t\t\t\t<div class=\"elementor-element elementor-element-68ee62a elementor-widget elementor-widget-text-editor\" data-id=\"68ee62a\" data-element_type=\"widget\" data-e-type=\"widget\" data-widget_type=\"text-editor.default\">\n\t\t\t\t<div class=\"elementor-widget-container\">\n\t\t\t\t\t\t\t\t\t<p class=\"Script\"><b><i>\u00bfTe acuerdas cu\u00e1l fue tu primer objetivo dentro del mundo de la m\u00fasica?<br \/><\/i><\/b><span style=\"color: #808080;\">Pues h<\/span>asta hacer relativamente poco, no he tenido objetivos claros. Soy exigente conmigo misma, pero <span style=\"color: #808080;\"><a style=\"color: #808080;\" href=\"https:\/\/unaymilletras.com\/en\/neva-solo-quiero-que-la-gente-lo-disfrute-y-yo-tambien\/\">que<\/a><\/span> el equipo con el que he trabajado todo este tiempo lo han sido tambi\u00e9n bastante con el proyecto y las cosas que quer\u00edamos conseguir. Nos marcamos como objetivo un determinado n\u00famero de streams.<\/p><p class=\"Script\">Y eso ha sido como lo primero. Anteriormente no te podr\u00eda decir porque he ido haciendo cosas como muy sin pensar.<\/p>\t\t\t\t\t\t\t\t<\/div>\n\t\t\t\t<\/div>\n\t\t\t\t\t<\/div>\n\t\t<\/div>\n\t\t\t\t<div class=\"elementor-column elementor-col-50 elementor-top-column elementor-element elementor-element-9442760\" data-id=\"9442760\" data-element_type=\"column\" data-e-type=\"column\">\n\t\t\t<div class=\"elementor-widget-wrap elementor-element-populated\">\n\t\t\t\t\t\t<div class=\"elementor-element elementor-element-5561064 elementor-widget elementor-widget-image\" data-id=\"5561064\" data-element_type=\"widget\" data-e-type=\"widget\" data-widget_type=\"image.default\">\n\t\t\t\t<div class=\"elementor-widget-container\">\n\t\t\t\t\t\t\t\t\t\t\t\t\t\t\t<img decoding=\"async\" width=\"640\" height=\"427\" src=\"https:\/\/unaymilletras.com\/wp-content\/uploads\/2024\/10\/WhatsApp-Image-2024-10-26-at-11.24.17-1-1024x683.jpeg\" class=\"attachment-large size-large wp-image-3268\" alt=\"Moni\" srcset=\"https:\/\/unaymilletras.com\/wp-content\/uploads\/2024\/10\/WhatsApp-Image-2024-10-26-at-11.24.17-1-1024x683.jpeg 1024w, https:\/\/unaymilletras.com\/wp-content\/uploads\/2024\/10\/WhatsApp-Image-2024-10-26-at-11.24.17-1-300x200.jpeg 300w, https:\/\/unaymilletras.com\/wp-content\/uploads\/2024\/10\/WhatsApp-Image-2024-10-26-at-11.24.17-1-768x512.jpeg 768w, https:\/\/unaymilletras.com\/wp-content\/uploads\/2024\/10\/WhatsApp-Image-2024-10-26-at-11.24.17-1-1536x1024.jpeg 1536w, https:\/\/unaymilletras.com\/wp-content\/uploads\/2024\/10\/WhatsApp-Image-2024-10-26-at-11.24.17-1-2048x1365.jpeg 2048w, https:\/\/unaymilletras.com\/wp-content\/uploads\/2024\/10\/WhatsApp-Image-2024-10-26-at-11.24.17-1-18x12.jpeg 18w, https:\/\/unaymilletras.com\/wp-content\/uploads\/2024\/10\/WhatsApp-Image-2024-10-26-at-11.24.17-1-scaled-e1730038248863.jpeg 600w\" sizes=\"(max-width: 640px) 100vw, 640px\" \/>\t\t\t\t\t\t\t\t\t\t\t\t\t\t\t<\/div>\n\t\t\t\t<\/div>\n\t\t\t\t\t<\/div>\n\t\t<\/div>\n\t\t\t\t\t<\/div>\n\t\t<\/section>\n\t\t\t\t<section class=\"elementor-section elementor-top-section elementor-element elementor-element-6373029 elementor-section-boxed elementor-section-height-default elementor-section-height-default\" data-id=\"6373029\" data-element_type=\"section\" data-e-type=\"section\">\n\t\t\t\t\t\t<div class=\"elementor-container elementor-column-gap-default\">\n\t\t\t\t\t<div class=\"elementor-column elementor-col-100 elementor-top-column elementor-element elementor-element-609924b\" data-id=\"609924b\" data-element_type=\"column\" data-e-type=\"column\">\n\t\t\t<div class=\"elementor-widget-wrap elementor-element-populated\">\n\t\t\t\t\t\t<div class=\"elementor-element elementor-element-94efda3 elementor-widget elementor-widget-text-editor\" data-id=\"94efda3\" data-element_type=\"widget\" data-e-type=\"widget\" data-widget_type=\"text-editor.default\">\n\t\t\t\t<div class=\"elementor-widget-container\">\n\t\t\t\t\t\t\t\t\t<p class=\"Script\"><b><i>Y, \u00bfahora mismo tienes alguno que est\u00e9s persiguiendo? <br \/><\/i><\/b>Pues no. Yo creo que no. Al final el objetivo m\u00e1s general es que la m\u00fasica guste no y que la gente te escuche. Pero no tengo como metas concretas marcadas. Creo que en eso s\u00ed que necesitar\u00eda un poco m\u00e1s de asistencia jajaja.<\/p><p class=\"Script\"><b><i>Por \u00faltimo, recu\u00e9rdanos cuando es tu pr\u00f3ximo concierto. <br \/><\/i><\/b>Mi pr\u00f3ximo concierto es el 28 de noviembre, la sala Caf\u00e9 La Lalma y comparto cartel con otro artista que es muy amigo m\u00edo, que se llama Burgo y espero espero veros ah\u00ed.<\/p>\t\t\t\t\t\t\t\t<\/div>\n\t\t\t\t<\/div>\n\t\t\t\t\t<\/div>\n\t\t<\/div>\n\t\t\t\t\t<\/div>\n\t\t<\/section>\n\t\t\t\t<\/div>","protected":false},"excerpt":{"rendered":"<p>Moni estrena su nueva canci\u00f3n: \u00abEquivocarme\u00bb Moni presenta su nuevo sencillo, Equivocarme, una emotiva reflexi\u00f3n sobre el amor y las segundas oportunidades. Tras \u00e9xitos como Luz de Gas y El Juego, la artista catalana sigue consolidando su estilo con una propuesta aut\u00e9ntica y sensible. Equivocarme\u00a0explora la complejidad de las relaciones, abordando la decisi\u00f3n de volver [&hellip;]<\/p>\n","protected":false},"author":1,"featured_media":3268,"comment_status":"open","ping_status":"open","sticky":false,"template":"","format":"standard","meta":{"footnotes":""},"categories":[112,4],"tags":[],"class_list":["post-3261","post","type-post","status-publish","format-standard","has-post-thumbnail","hentry","category-entrevistas","category-musica"],"yoast_head":"<!-- This site is optimized with the Yoast SEO plugin v27.4 - https:\/\/yoast.com\/product\/yoast-seo-wordpress\/ -->\n<title>Moni estrena &quot;Equivocarme&quot;: &quot;Es la realidad que he vivido durante todo este a\u00f1o&quot;<\/title>\n<meta name=\"description\" content=\"Moni estrena su nueva canci\u00f3n, &quot;Equivocarme&quot;, en la que han trabajado durante varios meses compaginandolo con su profesi\u00f3n de abogada\" \/>\n<meta name=\"robots\" content=\"index, follow, max-snippet:-1, max-image-preview:large, max-video-preview:-1\" \/>\n<link rel=\"canonical\" href=\"https:\/\/unaymilletras.com\/en\/moni-estrena-equivocarme-es-la-realidad-que-he-vivido-durante-todo-este-ano\/\" \/>\n<meta property=\"og:locale\" content=\"en_GB\" \/>\n<meta property=\"og:type\" content=\"article\" \/>\n<meta property=\"og:title\" content=\"Moni estrena &quot;Equivocarme&quot;: &quot;Es la realidad que he vivido durante todo este a\u00f1o&quot;\" \/>\n<meta property=\"og:description\" content=\"Moni estrena su nueva canci\u00f3n, &quot;Equivocarme&quot;, en la que han trabajado durante varios meses compaginandolo con su profesi\u00f3n de abogada\" \/>\n<meta property=\"og:url\" content=\"https:\/\/unaymilletras.com\/en\/moni-estrena-equivocarme-es-la-realidad-que-he-vivido-durante-todo-este-ano\/\" \/>\n<meta property=\"og:site_name\" content=\"Una y Mil Letras\" \/>\n<meta property=\"article:published_time\" content=\"2024-10-27T14:01:34+00:00\" \/>\n<meta property=\"article:modified_time\" content=\"2024-10-27T14:10:55+00:00\" \/>\n<meta property=\"og:image\" content=\"http:\/\/unaymilletras.com\/wp-content\/uploads\/2024\/10\/WhatsApp-Image-2024-10-26-at-11.24.17-1-scaled-e1730038248863.jpeg\" \/>\n\t<meta property=\"og:image:width\" content=\"600\" \/>\n\t<meta property=\"og:image:height\" content=\"400\" \/>\n\t<meta property=\"og:image:type\" content=\"image\/jpeg\" \/>\n<meta name=\"author\" content=\"Maria Gil Robledo\" \/>\n<meta name=\"twitter:card\" content=\"summary_large_image\" \/>\n<meta name=\"twitter:creator\" content=\"@UnaYMilLetras\" \/>\n<meta name=\"twitter:site\" content=\"@UnaYMilLetras\" \/>\n<meta name=\"twitter:label1\" content=\"Written by\" \/>\n\t<meta name=\"twitter:data1\" content=\"Maria Gil Robledo\" \/>\n\t<meta name=\"twitter:label2\" content=\"Estimated reading time\" \/>\n\t<meta name=\"twitter:data2\" content=\"7 minutes\" \/>\n<script type=\"application\/ld+json\" class=\"yoast-schema-graph\">{\"@context\":\"https:\\\/\\\/schema.org\",\"@graph\":[{\"@type\":\"Article\",\"@id\":\"https:\\\/\\\/unaymilletras.com\\\/moni-estrena-equivocarme-es-la-realidad-que-he-vivido-durante-todo-este-ano\\\/#article\",\"isPartOf\":{\"@id\":\"https:\\\/\\\/unaymilletras.com\\\/moni-estrena-equivocarme-es-la-realidad-que-he-vivido-durante-todo-este-ano\\\/\"},\"author\":{\"name\":\"Maria Gil Robledo\",\"@id\":\"http:\\\/\\\/unaymilletras.com\\\/#\\\/schema\\\/person\\\/d55ba681b8a4e463d8982dbe36a5dc94\"},\"headline\":\"Moni estrena \u00abEquivocarme\u00bb: \u00abEs la realidad que he vivido durante todo este a\u00f1o\u00bb\",\"datePublished\":\"2024-10-27T14:01:34+00:00\",\"dateModified\":\"2024-10-27T14:10:55+00:00\",\"mainEntityOfPage\":{\"@id\":\"https:\\\/\\\/unaymilletras.com\\\/moni-estrena-equivocarme-es-la-realidad-que-he-vivido-durante-todo-este-ano\\\/\"},\"wordCount\":1512,\"commentCount\":0,\"publisher\":{\"@id\":\"http:\\\/\\\/unaymilletras.com\\\/#organization\"},\"image\":{\"@id\":\"https:\\\/\\\/unaymilletras.com\\\/moni-estrena-equivocarme-es-la-realidad-que-he-vivido-durante-todo-este-ano\\\/#primaryimage\"},\"thumbnailUrl\":\"https:\\\/\\\/unaymilletras.com\\\/wp-content\\\/uploads\\\/2024\\\/10\\\/WhatsApp-Image-2024-10-26-at-11.24.17-1-scaled-e1730038248863.jpeg\",\"articleSection\":[\"Entrevistas\",\"M\u00fasica\"],\"inLanguage\":\"en-GB\",\"potentialAction\":[{\"@type\":\"CommentAction\",\"name\":\"Comment\",\"target\":[\"https:\\\/\\\/unaymilletras.com\\\/moni-estrena-equivocarme-es-la-realidad-que-he-vivido-durante-todo-este-ano\\\/#respond\"]}]},{\"@type\":\"WebPage\",\"@id\":\"https:\\\/\\\/unaymilletras.com\\\/moni-estrena-equivocarme-es-la-realidad-que-he-vivido-durante-todo-este-ano\\\/\",\"url\":\"https:\\\/\\\/unaymilletras.com\\\/moni-estrena-equivocarme-es-la-realidad-que-he-vivido-durante-todo-este-ano\\\/\",\"name\":\"Moni estrena \\\"Equivocarme\\\": \\\"Es la realidad que he vivido durante todo este a\u00f1o\\\"\",\"isPartOf\":{\"@id\":\"http:\\\/\\\/unaymilletras.com\\\/#website\"},\"primaryImageOfPage\":{\"@id\":\"https:\\\/\\\/unaymilletras.com\\\/moni-estrena-equivocarme-es-la-realidad-que-he-vivido-durante-todo-este-ano\\\/#primaryimage\"},\"image\":{\"@id\":\"https:\\\/\\\/unaymilletras.com\\\/moni-estrena-equivocarme-es-la-realidad-que-he-vivido-durante-todo-este-ano\\\/#primaryimage\"},\"thumbnailUrl\":\"https:\\\/\\\/unaymilletras.com\\\/wp-content\\\/uploads\\\/2024\\\/10\\\/WhatsApp-Image-2024-10-26-at-11.24.17-1-scaled-e1730038248863.jpeg\",\"datePublished\":\"2024-10-27T14:01:34+00:00\",\"dateModified\":\"2024-10-27T14:10:55+00:00\",\"description\":\"Moni estrena su nueva canci\u00f3n, \\\"Equivocarme\\\", en la que han trabajado durante varios meses compaginandolo con su profesi\u00f3n de abogada\",\"breadcrumb\":{\"@id\":\"https:\\\/\\\/unaymilletras.com\\\/moni-estrena-equivocarme-es-la-realidad-que-he-vivido-durante-todo-este-ano\\\/#breadcrumb\"},\"inLanguage\":\"en-GB\",\"potentialAction\":[{\"@type\":\"ReadAction\",\"target\":[\"https:\\\/\\\/unaymilletras.com\\\/moni-estrena-equivocarme-es-la-realidad-que-he-vivido-durante-todo-este-ano\\\/\"]}]},{\"@type\":\"ImageObject\",\"inLanguage\":\"en-GB\",\"@id\":\"https:\\\/\\\/unaymilletras.com\\\/moni-estrena-equivocarme-es-la-realidad-que-he-vivido-durante-todo-este-ano\\\/#primaryimage\",\"url\":\"https:\\\/\\\/unaymilletras.com\\\/wp-content\\\/uploads\\\/2024\\\/10\\\/WhatsApp-Image-2024-10-26-at-11.24.17-1-scaled-e1730038248863.jpeg\",\"contentUrl\":\"https:\\\/\\\/unaymilletras.com\\\/wp-content\\\/uploads\\\/2024\\\/10\\\/WhatsApp-Image-2024-10-26-at-11.24.17-1-scaled-e1730038248863.jpeg\",\"width\":600,\"height\":400,\"caption\":\"Moni\"},{\"@type\":\"BreadcrumbList\",\"@id\":\"https:\\\/\\\/unaymilletras.com\\\/moni-estrena-equivocarme-es-la-realidad-que-he-vivido-durante-todo-este-ano\\\/#breadcrumb\",\"itemListElement\":[{\"@type\":\"ListItem\",\"position\":1,\"name\":\"Home\",\"item\":\"http:\\\/\\\/unaymilletras.com\\\/\"},{\"@type\":\"ListItem\",\"position\":2,\"name\":\"Moni estrena \u00abEquivocarme\u00bb: \u00abEs la realidad que he vivido durante todo este a\u00f1o\u00bb\"}]},{\"@type\":\"WebSite\",\"@id\":\"http:\\\/\\\/unaymilletras.com\\\/#website\",\"url\":\"http:\\\/\\\/unaymilletras.com\\\/\",\"name\":\"Una y Mil Letras\",\"description\":\"\",\"publisher\":{\"@id\":\"http:\\\/\\\/unaymilletras.com\\\/#organization\"},\"potentialAction\":[{\"@type\":\"SearchAction\",\"target\":{\"@type\":\"EntryPoint\",\"urlTemplate\":\"http:\\\/\\\/unaymilletras.com\\\/?s={search_term_string}\"},\"query-input\":{\"@type\":\"PropertyValueSpecification\",\"valueRequired\":true,\"valueName\":\"search_term_string\"}}],\"inLanguage\":\"en-GB\"},{\"@type\":\"Organization\",\"@id\":\"http:\\\/\\\/unaymilletras.com\\\/#organization\",\"name\":\"Una y Mil Letras\",\"url\":\"http:\\\/\\\/unaymilletras.com\\\/\",\"logo\":{\"@type\":\"ImageObject\",\"inLanguage\":\"en-GB\",\"@id\":\"http:\\\/\\\/unaymilletras.com\\\/#\\\/schema\\\/logo\\\/image\\\/\",\"url\":\"https:\\\/\\\/unaymilletras.com\\\/wp-content\\\/uploads\\\/2024\\\/06\\\/cropped-Logo-removebg-preview.png\",\"contentUrl\":\"https:\\\/\\\/unaymilletras.com\\\/wp-content\\\/uploads\\\/2024\\\/06\\\/cropped-Logo-removebg-preview.png\",\"width\":512,\"height\":512,\"caption\":\"Una y Mil Letras\"},\"image\":{\"@id\":\"http:\\\/\\\/unaymilletras.com\\\/#\\\/schema\\\/logo\\\/image\\\/\"},\"sameAs\":[\"https:\\\/\\\/x.com\\\/UnaYMilLetras\",\"https:\\\/\\\/instagram.com\\\/UnaYMilLetras\"]},{\"@type\":\"Person\",\"@id\":\"http:\\\/\\\/unaymilletras.com\\\/#\\\/schema\\\/person\\\/d55ba681b8a4e463d8982dbe36a5dc94\",\"name\":\"Maria Gil Robledo\",\"image\":{\"@type\":\"ImageObject\",\"inLanguage\":\"en-GB\",\"@id\":\"https:\\\/\\\/secure.gravatar.com\\\/avatar\\\/4b8e5102e0015789407eb4870b12f0f2857952d83ca124058f92b764bd1840c3?s=96&d=mm&r=g\",\"url\":\"https:\\\/\\\/secure.gravatar.com\\\/avatar\\\/4b8e5102e0015789407eb4870b12f0f2857952d83ca124058f92b764bd1840c3?s=96&d=mm&r=g\",\"contentUrl\":\"https:\\\/\\\/secure.gravatar.com\\\/avatar\\\/4b8e5102e0015789407eb4870b12f0f2857952d83ca124058f92b764bd1840c3?s=96&d=mm&r=g\",\"caption\":\"Maria Gil Robledo\"},\"sameAs\":[\"http:\\\/\\\/unaymilletras.com\"],\"url\":\"https:\\\/\\\/unaymilletras.com\\\/en\\\/author\\\/mariiagiil02_\\\/\"}]}<\/script>\n<!-- \/ Yoast SEO plugin. -->","yoast_head_json":{"title":"Moni estrena \"Equivocarme\": \"Es la realidad que he vivido durante todo este a\u00f1o\"","description":"Moni estrena su nueva canci\u00f3n, \"Equivocarme\", en la que han trabajado durante varios meses compaginandolo con su profesi\u00f3n de abogada","robots":{"index":"index","follow":"follow","max-snippet":"max-snippet:-1","max-image-preview":"max-image-preview:large","max-video-preview":"max-video-preview:-1"},"canonical":"https:\/\/unaymilletras.com\/en\/moni-estrena-equivocarme-es-la-realidad-que-he-vivido-durante-todo-este-ano\/","og_locale":"en_GB","og_type":"article","og_title":"Moni estrena \"Equivocarme\": \"Es la realidad que he vivido durante todo este a\u00f1o\"","og_description":"Moni estrena su nueva canci\u00f3n, \"Equivocarme\", en la que han trabajado durante varios meses compaginandolo con su profesi\u00f3n de abogada","og_url":"https:\/\/unaymilletras.com\/en\/moni-estrena-equivocarme-es-la-realidad-que-he-vivido-durante-todo-este-ano\/","og_site_name":"Una y Mil Letras","article_published_time":"2024-10-27T14:01:34+00:00","article_modified_time":"2024-10-27T14:10:55+00:00","og_image":[{"width":600,"height":400,"url":"http:\/\/unaymilletras.com\/wp-content\/uploads\/2024\/10\/WhatsApp-Image-2024-10-26-at-11.24.17-1-scaled-e1730038248863.jpeg","type":"image\/jpeg"}],"author":"Maria Gil Robledo","twitter_card":"summary_large_image","twitter_creator":"@UnaYMilLetras","twitter_site":"@UnaYMilLetras","twitter_misc":{"Written by":"Maria Gil Robledo","Estimated reading time":"7 minutes"},"schema":{"@context":"https:\/\/schema.org","@graph":[{"@type":"Article","@id":"https:\/\/unaymilletras.com\/moni-estrena-equivocarme-es-la-realidad-que-he-vivido-durante-todo-este-ano\/#article","isPartOf":{"@id":"https:\/\/unaymilletras.com\/moni-estrena-equivocarme-es-la-realidad-que-he-vivido-durante-todo-este-ano\/"},"author":{"name":"Maria Gil Robledo","@id":"http:\/\/unaymilletras.com\/#\/schema\/person\/d55ba681b8a4e463d8982dbe36a5dc94"},"headline":"Moni estrena \u00abEquivocarme\u00bb: \u00abEs la realidad que he vivido durante todo este a\u00f1o\u00bb","datePublished":"2024-10-27T14:01:34+00:00","dateModified":"2024-10-27T14:10:55+00:00","mainEntityOfPage":{"@id":"https:\/\/unaymilletras.com\/moni-estrena-equivocarme-es-la-realidad-que-he-vivido-durante-todo-este-ano\/"},"wordCount":1512,"commentCount":0,"publisher":{"@id":"http:\/\/unaymilletras.com\/#organization"},"image":{"@id":"https:\/\/unaymilletras.com\/moni-estrena-equivocarme-es-la-realidad-que-he-vivido-durante-todo-este-ano\/#primaryimage"},"thumbnailUrl":"https:\/\/unaymilletras.com\/wp-content\/uploads\/2024\/10\/WhatsApp-Image-2024-10-26-at-11.24.17-1-scaled-e1730038248863.jpeg","articleSection":["Entrevistas","M\u00fasica"],"inLanguage":"en-GB","potentialAction":[{"@type":"CommentAction","name":"Comment","target":["https:\/\/unaymilletras.com\/moni-estrena-equivocarme-es-la-realidad-que-he-vivido-durante-todo-este-ano\/#respond"]}]},{"@type":"WebPage","@id":"https:\/\/unaymilletras.com\/moni-estrena-equivocarme-es-la-realidad-que-he-vivido-durante-todo-este-ano\/","url":"https:\/\/unaymilletras.com\/moni-estrena-equivocarme-es-la-realidad-que-he-vivido-durante-todo-este-ano\/","name":"Moni estrena \"Equivocarme\": \"Es la realidad que he vivido durante todo este a\u00f1o\"","isPartOf":{"@id":"http:\/\/unaymilletras.com\/#website"},"primaryImageOfPage":{"@id":"https:\/\/unaymilletras.com\/moni-estrena-equivocarme-es-la-realidad-que-he-vivido-durante-todo-este-ano\/#primaryimage"},"image":{"@id":"https:\/\/unaymilletras.com\/moni-estrena-equivocarme-es-la-realidad-que-he-vivido-durante-todo-este-ano\/#primaryimage"},"thumbnailUrl":"https:\/\/unaymilletras.com\/wp-content\/uploads\/2024\/10\/WhatsApp-Image-2024-10-26-at-11.24.17-1-scaled-e1730038248863.jpeg","datePublished":"2024-10-27T14:01:34+00:00","dateModified":"2024-10-27T14:10:55+00:00","description":"Moni estrena su nueva canci\u00f3n, \"Equivocarme\", en la que han trabajado durante varios meses compaginandolo con su profesi\u00f3n de abogada","breadcrumb":{"@id":"https:\/\/unaymilletras.com\/moni-estrena-equivocarme-es-la-realidad-que-he-vivido-durante-todo-este-ano\/#breadcrumb"},"inLanguage":"en-GB","potentialAction":[{"@type":"ReadAction","target":["https:\/\/unaymilletras.com\/moni-estrena-equivocarme-es-la-realidad-que-he-vivido-durante-todo-este-ano\/"]}]},{"@type":"ImageObject","inLanguage":"en-GB","@id":"https:\/\/unaymilletras.com\/moni-estrena-equivocarme-es-la-realidad-que-he-vivido-durante-todo-este-ano\/#primaryimage","url":"https:\/\/unaymilletras.com\/wp-content\/uploads\/2024\/10\/WhatsApp-Image-2024-10-26-at-11.24.17-1-scaled-e1730038248863.jpeg","contentUrl":"https:\/\/unaymilletras.com\/wp-content\/uploads\/2024\/10\/WhatsApp-Image-2024-10-26-at-11.24.17-1-scaled-e1730038248863.jpeg","width":600,"height":400,"caption":"Moni"},{"@type":"BreadcrumbList","@id":"https:\/\/unaymilletras.com\/moni-estrena-equivocarme-es-la-realidad-que-he-vivido-durante-todo-este-ano\/#breadcrumb","itemListElement":[{"@type":"ListItem","position":1,"name":"Home","item":"http:\/\/unaymilletras.com\/"},{"@type":"ListItem","position":2,"name":"Moni estrena \u00abEquivocarme\u00bb: \u00abEs la realidad que he vivido durante todo este a\u00f1o\u00bb"}]},{"@type":"WebSite","@id":"http:\/\/unaymilletras.com\/#website","url":"http:\/\/unaymilletras.com\/","name":"Una y Mil Letras","description":"","publisher":{"@id":"http:\/\/unaymilletras.com\/#organization"},"potentialAction":[{"@type":"SearchAction","target":{"@type":"EntryPoint","urlTemplate":"http:\/\/unaymilletras.com\/?s={search_term_string}"},"query-input":{"@type":"PropertyValueSpecification","valueRequired":true,"valueName":"search_term_string"}}],"inLanguage":"en-GB"},{"@type":"Organization","@id":"http:\/\/unaymilletras.com\/#organization","name":"Una y Mil Letras","url":"http:\/\/unaymilletras.com\/","logo":{"@type":"ImageObject","inLanguage":"en-GB","@id":"http:\/\/unaymilletras.com\/#\/schema\/logo\/image\/","url":"https:\/\/unaymilletras.com\/wp-content\/uploads\/2024\/06\/cropped-Logo-removebg-preview.png","contentUrl":"https:\/\/unaymilletras.com\/wp-content\/uploads\/2024\/06\/cropped-Logo-removebg-preview.png","width":512,"height":512,"caption":"Una y Mil Letras"},"image":{"@id":"http:\/\/unaymilletras.com\/#\/schema\/logo\/image\/"},"sameAs":["https:\/\/x.com\/UnaYMilLetras","https:\/\/instagram.com\/UnaYMilLetras"]},{"@type":"Person","@id":"http:\/\/unaymilletras.com\/#\/schema\/person\/d55ba681b8a4e463d8982dbe36a5dc94","name":"Maria Gil Robledo","image":{"@type":"ImageObject","inLanguage":"en-GB","@id":"https:\/\/secure.gravatar.com\/avatar\/4b8e5102e0015789407eb4870b12f0f2857952d83ca124058f92b764bd1840c3?s=96&d=mm&r=g","url":"https:\/\/secure.gravatar.com\/avatar\/4b8e5102e0015789407eb4870b12f0f2857952d83ca124058f92b764bd1840c3?s=96&d=mm&r=g","contentUrl":"https:\/\/secure.gravatar.com\/avatar\/4b8e5102e0015789407eb4870b12f0f2857952d83ca124058f92b764bd1840c3?s=96&d=mm&r=g","caption":"Maria Gil Robledo"},"sameAs":["http:\/\/unaymilletras.com"],"url":"https:\/\/unaymilletras.com\/en\/author\/mariiagiil02_\/"}]}},"_links":{"self":[{"href":"https:\/\/unaymilletras.com\/en\/wp-json\/wp\/v2\/posts\/3261","targetHints":{"allow":["GET"]}}],"collection":[{"href":"https:\/\/unaymilletras.com\/en\/wp-json\/wp\/v2\/posts"}],"about":[{"href":"https:\/\/unaymilletras.com\/en\/wp-json\/wp\/v2\/types\/post"}],"author":[{"embeddable":true,"href":"https:\/\/unaymilletras.com\/en\/wp-json\/wp\/v2\/users\/1"}],"replies":[{"embeddable":true,"href":"https:\/\/unaymilletras.com\/en\/wp-json\/wp\/v2\/comments?post=3261"}],"version-history":[{"count":8,"href":"https:\/\/unaymilletras.com\/en\/wp-json\/wp\/v2\/posts\/3261\/revisions"}],"predecessor-version":[{"id":3271,"href":"https:\/\/unaymilletras.com\/en\/wp-json\/wp\/v2\/posts\/3261\/revisions\/3271"}],"wp:featuredmedia":[{"embeddable":true,"href":"https:\/\/unaymilletras.com\/en\/wp-json\/wp\/v2\/media\/3268"}],"wp:attachment":[{"href":"https:\/\/unaymilletras.com\/en\/wp-json\/wp\/v2\/media?parent=3261"}],"wp:term":[{"taxonomy":"category","embeddable":true,"href":"https:\/\/unaymilletras.com\/en\/wp-json\/wp\/v2\/categories?post=3261"},{"taxonomy":"post_tag","embeddable":true,"href":"https:\/\/unaymilletras.com\/en\/wp-json\/wp\/v2\/tags?post=3261"}],"curies":[{"name":"wp","href":"https:\/\/api.w.org\/{rel}","templated":true}]}}