{"id":3272,"date":"2024-10-30T20:45:05","date_gmt":"2024-10-30T19:45:05","guid":{"rendered":"https:\/\/unaymilletras.com\/?p=3272"},"modified":"2024-10-30T20:47:49","modified_gmt":"2024-10-30T19:47:49","slug":"duki-estrena-el-segundo-adelanto-de-ameri-junto-a-lia-kali","status":"publish","type":"post","link":"https:\/\/unaymilletras.com\/en\/duki-estrena-el-segundo-adelanto-de-ameri-junto-a-lia-kali\/","title":{"rendered":"Duki estrena el segundo adelanto de Ameri, junto a Lia Kali"},"content":{"rendered":"<div data-elementor-type=\"wp-post\" data-elementor-id=\"3272\" class=\"elementor elementor-3272\">\n\t\t\t\t\t\t<section class=\"elementor-section elementor-top-section elementor-element elementor-element-76b0a2e elementor-section-boxed elementor-section-height-default elementor-section-height-default\" data-id=\"76b0a2e\" data-element_type=\"section\" data-e-type=\"section\">\n\t\t\t\t\t\t<div class=\"elementor-container elementor-column-gap-default\">\n\t\t\t\t\t<div class=\"elementor-column elementor-col-100 elementor-top-column elementor-element elementor-element-9ef51de\" data-id=\"9ef51de\" data-element_type=\"column\" data-e-type=\"column\">\n\t\t\t<div class=\"elementor-widget-wrap elementor-element-populated\">\n\t\t\t\t\t\t<div class=\"elementor-element elementor-element-ce60553 elementor-widget elementor-widget-text-editor\" data-id=\"ce60553\" data-element_type=\"widget\" data-e-type=\"widget\" data-widget_type=\"text-editor.default\">\n\t\t\t\t<div class=\"elementor-widget-container\">\n\t\t\t\t\t\t\t\t\t<h2 style=\"text-align: center;\"><span style=\"color: #808080;\"><em>\u201cConstelaci\u00f3n\u201d es el segundo single del pr\u00f3ximo \u00e1lbum de Duki y se estrena tan solo un d\u00eda antes que el disco<\/em><\/span><\/h2>\t\t\t\t\t\t\t\t<\/div>\n\t\t\t\t<\/div>\n\t\t\t\t\t<\/div>\n\t\t<\/div>\n\t\t\t\t\t<\/div>\n\t\t<\/section>\n\t\t\t\t<section class=\"elementor-section elementor-top-section elementor-element elementor-element-f5fbbee elementor-section-boxed elementor-section-height-default elementor-section-height-default\" data-id=\"f5fbbee\" data-element_type=\"section\" data-e-type=\"section\">\n\t\t\t\t\t\t<div class=\"elementor-container elementor-column-gap-default\">\n\t\t\t\t\t<div class=\"elementor-column elementor-col-100 elementor-top-column elementor-element elementor-element-0f195f8\" data-id=\"0f195f8\" data-element_type=\"column\" data-e-type=\"column\">\n\t\t\t<div class=\"elementor-widget-wrap elementor-element-populated\">\n\t\t\t\t\t\t<div class=\"elementor-element elementor-element-3065718 elementor-widget elementor-widget-text-editor\" data-id=\"3065718\" data-element_type=\"widget\" data-e-type=\"widget\" data-widget_type=\"text-editor.default\">\n\t\t\t\t<div class=\"elementor-widget-container\">\n\t\t\t\t\t\t\t\t\t<p>El \u00e1lbum m\u00e1s importante de la carrera de <strong>Duki<\/strong> ver\u00e1 la luz ma\u00f1ana, 31 de octubre. Tan solo un d\u00eda antes el argentino ha querido regalarles a sus fans un \u00faltimo adelanto: <strong><em>Constelaci\u00f3n<\/em><\/strong>, junto a la espa\u00f1ola <strong>Lia<\/strong> <strong>Kali<\/strong>.<\/p><p>Este sencillo naci\u00f3 cuando Duki y <span style=\"color: #808080;\"><a style=\"color: #808080;\" href=\"https:\/\/open.spotify.com\/intl-es\/artist\/7rFHoDuiSlV0DGHxckjm89?si=852d33c07e1e4a67\">Lia Kali<\/a><\/span> empezaron una charla que acab\u00f3 en reflexi\u00f3n sobre el impacto que la fama ha tenido sobre ellos. El argentino narra que su \u00e9xito ha sido gracias a su esfuerzo, a la fakta de un plan B y por ello apostar todo en la m\u00fasica. Lia Kali le da una profundidad especial a esta canci\u00f3n. La espa\u00f1ola fusiona el soul con el flamenco y el rap, aportando su experiencia musical dando lugar a una colaboraci\u00f3n \u00fanica.<\/p>\t\t\t\t\t\t\t\t<\/div>\n\t\t\t\t<\/div>\n\t\t\t\t\t<\/div>\n\t\t<\/div>\n\t\t\t\t\t<\/div>\n\t\t<\/section>\n\t\t\t\t<section class=\"elementor-section elementor-top-section elementor-element elementor-element-259e93d elementor-section-boxed elementor-section-height-default elementor-section-height-default\" data-id=\"259e93d\" data-element_type=\"section\" data-e-type=\"section\">\n\t\t\t\t\t\t<div class=\"elementor-container elementor-column-gap-default\">\n\t\t\t\t\t<div class=\"elementor-column elementor-col-100 elementor-top-column elementor-element elementor-element-a3f6816\" data-id=\"a3f6816\" data-element_type=\"column\" data-e-type=\"column\">\n\t\t\t<div class=\"elementor-widget-wrap elementor-element-populated\">\n\t\t\t\t\t\t<div class=\"elementor-element elementor-element-6b014e7 elementor-widget elementor-widget-image\" data-id=\"6b014e7\" data-element_type=\"widget\" data-e-type=\"widget\" data-widget_type=\"image.default\">\n\t\t\t\t<div class=\"elementor-widget-container\">\n\t\t\t\t\t\t\t\t\t\t\t\t\t\t\t<img fetchpriority=\"high\" decoding=\"async\" width=\"640\" height=\"427\" src=\"https:\/\/unaymilletras.com\/wp-content\/uploads\/2024\/10\/FOTO-3_CONSTELACION-1024x683.jpg\" class=\"attachment-large size-large wp-image-3274\" alt=\"Duki\" srcset=\"https:\/\/unaymilletras.com\/wp-content\/uploads\/2024\/10\/FOTO-3_CONSTELACION-1024x683.jpg 1024w, https:\/\/unaymilletras.com\/wp-content\/uploads\/2024\/10\/FOTO-3_CONSTELACION-300x200.jpg 300w, https:\/\/unaymilletras.com\/wp-content\/uploads\/2024\/10\/FOTO-3_CONSTELACION-768x512.jpg 768w, https:\/\/unaymilletras.com\/wp-content\/uploads\/2024\/10\/FOTO-3_CONSTELACION-1536x1025.jpg 1536w, https:\/\/unaymilletras.com\/wp-content\/uploads\/2024\/10\/FOTO-3_CONSTELACION-2048x1366.jpg 2048w, https:\/\/unaymilletras.com\/wp-content\/uploads\/2024\/10\/FOTO-3_CONSTELACION-18x12.jpg 18w, https:\/\/unaymilletras.com\/wp-content\/uploads\/2024\/10\/FOTO-3_CONSTELACION-scaled-e1730317483746.jpg 600w\" sizes=\"(max-width: 640px) 100vw, 640px\" \/>\t\t\t\t\t\t\t\t\t\t\t\t\t\t\t<\/div>\n\t\t\t\t<\/div>\n\t\t\t\t\t<\/div>\n\t\t<\/div>\n\t\t\t\t\t<\/div>\n\t\t<\/section>\n\t\t\t\t<section class=\"elementor-section elementor-top-section elementor-element elementor-element-84dfb17 elementor-section-boxed elementor-section-height-default elementor-section-height-default\" data-id=\"84dfb17\" data-element_type=\"section\" data-e-type=\"section\">\n\t\t\t\t\t\t<div class=\"elementor-container elementor-column-gap-default\">\n\t\t\t\t\t<div class=\"elementor-column elementor-col-100 elementor-top-column elementor-element elementor-element-056723b\" data-id=\"056723b\" data-element_type=\"column\" data-e-type=\"column\">\n\t\t\t<div class=\"elementor-widget-wrap elementor-element-populated\">\n\t\t\t\t\t\t<div class=\"elementor-element elementor-element-4b5c082 elementor-widget elementor-widget-text-editor\" data-id=\"4b5c082\" data-element_type=\"widget\" data-e-type=\"widget\" data-widget_type=\"text-editor.default\">\n\t\t\t\t<div class=\"elementor-widget-container\">\n\t\t\t\t\t\t\t\t\t<p>\u201cParec\u00eda que ya nos conoc\u00edamos desde antes, un poco la canci\u00f3n fue eso, tener esa charla de reflexi\u00f3n entre los dos, todo lo que pens\u00e1bamos, toda la energ\u00eda y soltarla en la canci\u00f3n\u201d, asegur\u00f3 Duki. \u201cEl rodaje fue igual de m\u00e1gico que cuando creamos la canci\u00f3n. Los dos la sentimos much\u00edsimo y se nota. Estas canciones son eternas cuando son de verdad\u201d, concluy\u00f3 Lia Kali.<\/p><p>Este nuevo trabajo naci\u00f3 hace unos a\u00f1os y Duki tiene previsto mostrar una nueva faceta, seguir sorprendiendo como siempre ha hecho. Para ello, va a acercarse a todos aquellos que le escuchen de una forma m\u00e1s personal. Ya mostr\u00f3 un adelanto de lo que se ven\u00eda en <em>Barro<\/em>, el primero de sus singles. En esta nueva canci\u00f3n contaba la historia de su vida, sin tapujos y acompa\u00f1ado de un videoclip muy personal.<\/p>\t\t\t\t\t\t\t\t<\/div>\n\t\t\t\t<\/div>\n\t\t\t\t\t<\/div>\n\t\t<\/div>\n\t\t\t\t\t<\/div>\n\t\t<\/section>\n\t\t\t\t<section class=\"elementor-section elementor-top-section elementor-element elementor-element-2ca2b87 elementor-section-boxed elementor-section-height-default elementor-section-height-default\" data-id=\"2ca2b87\" data-element_type=\"section\" data-e-type=\"section\">\n\t\t\t\t\t\t<div class=\"elementor-container elementor-column-gap-default\">\n\t\t\t\t\t<div class=\"elementor-column elementor-col-100 elementor-top-column elementor-element elementor-element-a39d418\" data-id=\"a39d418\" data-element_type=\"column\" data-e-type=\"column\">\n\t\t\t<div class=\"elementor-widget-wrap elementor-element-populated\">\n\t\t\t\t\t\t<div class=\"elementor-element elementor-element-95c3af7 elementor-widget elementor-widget-video\" data-id=\"95c3af7\" data-element_type=\"widget\" data-e-type=\"widget\" data-settings=\"{&quot;youtube_url&quot;:&quot;https:\\\/\\\/www.youtube.com\\\/watch?v=KyhA6JGYK0g&amp;ab_channel=Duki&quot;,&quot;video_type&quot;:&quot;youtube&quot;,&quot;controls&quot;:&quot;yes&quot;}\" data-widget_type=\"video.default\">\n\t\t\t\t<div class=\"elementor-widget-container\">\n\t\t\t\t\t\t\t<div class=\"elementor-wrapper elementor-open-inline\">\n\t\t\t<div class=\"elementor-video\"><\/div>\t\t<\/div>\n\t\t\t\t\t\t<\/div>\n\t\t\t\t<\/div>\n\t\t\t\t\t<\/div>\n\t\t<\/div>\n\t\t\t\t\t<\/div>\n\t\t<\/section>\n\t\t\t\t<section class=\"elementor-section elementor-top-section elementor-element elementor-element-3d10fa4 elementor-section-boxed elementor-section-height-default elementor-section-height-default\" data-id=\"3d10fa4\" data-element_type=\"section\" data-e-type=\"section\">\n\t\t\t\t\t\t<div class=\"elementor-container elementor-column-gap-default\">\n\t\t\t\t\t<div class=\"elementor-column elementor-col-100 elementor-top-column elementor-element elementor-element-ac0fe80\" data-id=\"ac0fe80\" data-element_type=\"column\" data-e-type=\"column\">\n\t\t\t<div class=\"elementor-widget-wrap elementor-element-populated\">\n\t\t\t\t\t\t<div class=\"elementor-element elementor-element-1ae0f62 elementor-widget elementor-widget-text-editor\" data-id=\"1ae0f62\" data-element_type=\"widget\" data-e-type=\"widget\" data-widget_type=\"text-editor.default\">\n\t\t\t\t<div class=\"elementor-widget-container\">\n\t\t\t\t\t\t\t\t\t<p>Ahora, en <em>Constelaci\u00f3n<\/em>, narra y reflexiona sobre su trayectoria musical y la fama. \u00abConstelaci\u00f3n es una canci\u00f3n para escuchar solo, reflexivamente, siendo uno mismo\u00bb confes\u00f3 Duki durante el rodaje del videoclip. Un v\u00eddeo que se grab\u00f3 en las Salinas de Jujuy, un lugar que el artista describe como \u00abpara\u00edso argentino\u00bb.<\/p>\t\t\t\t\t\t\t\t<\/div>\n\t\t\t\t<\/div>\n\t\t\t\t\t<\/div>\n\t\t<\/div>\n\t\t\t\t\t<\/div>\n\t\t<\/section>\n\t\t\t\t<\/div>","protected":false},"excerpt":{"rendered":"<p>\u201cConstelaci\u00f3n\u201d es el segundo single del pr\u00f3ximo \u00e1lbum de Duki y se estrena tan solo un d\u00eda antes que el disco El \u00e1lbum m\u00e1s importante de la carrera de Duki ver\u00e1 la luz ma\u00f1ana, 31 de octubre. Tan solo un d\u00eda antes el argentino ha querido regalarles a sus fans un \u00faltimo adelanto: Constelaci\u00f3n, junto [&hellip;]<\/p>\n","protected":false},"author":1,"featured_media":3274,"comment_status":"open","ping_status":"open","sticky":false,"template":"","format":"standard","meta":{"footnotes":""},"categories":[4],"tags":[],"class_list":["post-3272","post","type-post","status-publish","format-standard","has-post-thumbnail","hentry","category-musica"],"yoast_head":"<!-- This site is optimized with the Yoast SEO plugin v27.4 - https:\/\/yoast.com\/product\/yoast-seo-wordpress\/ -->\n<title>Duki estrena el segundo adelanto de Ameri, junto a Lia Kali<\/title>\n<meta name=\"description\" content=\"\u201cConstelaci\u00f3n\u201d es el segundo single del pr\u00f3ximo \u00e1lbum de Duki y se estrena tan solo un d\u00eda antes que el disco\" \/>\n<meta name=\"robots\" content=\"index, follow, max-snippet:-1, max-image-preview:large, max-video-preview:-1\" \/>\n<link rel=\"canonical\" href=\"https:\/\/unaymilletras.com\/en\/duki-estrena-el-segundo-adelanto-de-ameri-junto-a-lia-kali\/\" \/>\n<meta property=\"og:locale\" content=\"en_GB\" \/>\n<meta property=\"og:type\" content=\"article\" \/>\n<meta property=\"og:title\" content=\"Duki estrena el segundo adelanto de Ameri, junto a Lia Kali\" \/>\n<meta property=\"og:description\" content=\"\u201cConstelaci\u00f3n\u201d es el segundo single del pr\u00f3ximo \u00e1lbum de Duki y se estrena tan solo un d\u00eda antes que el disco\" \/>\n<meta property=\"og:url\" content=\"https:\/\/unaymilletras.com\/en\/duki-estrena-el-segundo-adelanto-de-ameri-junto-a-lia-kali\/\" \/>\n<meta property=\"og:site_name\" content=\"Una y Mil Letras\" \/>\n<meta property=\"article:published_time\" content=\"2024-10-30T19:45:05+00:00\" \/>\n<meta property=\"article:modified_time\" content=\"2024-10-30T19:47:49+00:00\" \/>\n<meta property=\"og:image\" content=\"http:\/\/unaymilletras.com\/wp-content\/uploads\/2024\/10\/FOTO-3_CONSTELACION-scaled-e1730317483746.jpg\" \/>\n\t<meta property=\"og:image:width\" content=\"600\" \/>\n\t<meta property=\"og:image:height\" content=\"400\" \/>\n\t<meta property=\"og:image:type\" content=\"image\/jpeg\" \/>\n<meta name=\"author\" content=\"Maria Gil Robledo\" \/>\n<meta name=\"twitter:card\" content=\"summary_large_image\" \/>\n<meta name=\"twitter:creator\" content=\"@UnaYMilLetras\" \/>\n<meta name=\"twitter:site\" content=\"@UnaYMilLetras\" \/>\n<meta name=\"twitter:label1\" content=\"Written by\" \/>\n\t<meta name=\"twitter:data1\" content=\"Maria Gil Robledo\" \/>\n\t<meta name=\"twitter:label2\" content=\"Estimated reading time\" \/>\n\t<meta name=\"twitter:data2\" content=\"2 minutes\" \/>\n<script type=\"application\/ld+json\" class=\"yoast-schema-graph\">{\"@context\":\"https:\\\/\\\/schema.org\",\"@graph\":[{\"@type\":\"Article\",\"@id\":\"https:\\\/\\\/unaymilletras.com\\\/duki-estrena-el-segundo-adelanto-de-ameri-junto-a-lia-kali\\\/#article\",\"isPartOf\":{\"@id\":\"https:\\\/\\\/unaymilletras.com\\\/duki-estrena-el-segundo-adelanto-de-ameri-junto-a-lia-kali\\\/\"},\"author\":{\"name\":\"Maria Gil Robledo\",\"@id\":\"http:\\\/\\\/unaymilletras.com\\\/#\\\/schema\\\/person\\\/d55ba681b8a4e463d8982dbe36a5dc94\"},\"headline\":\"Duki estrena el segundo adelanto de Ameri, junto a Lia Kali\",\"datePublished\":\"2024-10-30T19:45:05+00:00\",\"dateModified\":\"2024-10-30T19:47:49+00:00\",\"mainEntityOfPage\":{\"@id\":\"https:\\\/\\\/unaymilletras.com\\\/duki-estrena-el-segundo-adelanto-de-ameri-junto-a-lia-kali\\\/\"},\"wordCount\":384,\"commentCount\":0,\"publisher\":{\"@id\":\"http:\\\/\\\/unaymilletras.com\\\/#organization\"},\"image\":{\"@id\":\"https:\\\/\\\/unaymilletras.com\\\/duki-estrena-el-segundo-adelanto-de-ameri-junto-a-lia-kali\\\/#primaryimage\"},\"thumbnailUrl\":\"https:\\\/\\\/unaymilletras.com\\\/wp-content\\\/uploads\\\/2024\\\/10\\\/FOTO-3_CONSTELACION-scaled-e1730317483746.jpg\",\"articleSection\":[\"M\u00fasica\"],\"inLanguage\":\"en-GB\",\"potentialAction\":[{\"@type\":\"CommentAction\",\"name\":\"Comment\",\"target\":[\"https:\\\/\\\/unaymilletras.com\\\/duki-estrena-el-segundo-adelanto-de-ameri-junto-a-lia-kali\\\/#respond\"]}]},{\"@type\":\"WebPage\",\"@id\":\"https:\\\/\\\/unaymilletras.com\\\/duki-estrena-el-segundo-adelanto-de-ameri-junto-a-lia-kali\\\/\",\"url\":\"https:\\\/\\\/unaymilletras.com\\\/duki-estrena-el-segundo-adelanto-de-ameri-junto-a-lia-kali\\\/\",\"name\":\"Duki estrena el segundo adelanto de Ameri, junto a Lia Kali\",\"isPartOf\":{\"@id\":\"http:\\\/\\\/unaymilletras.com\\\/#website\"},\"primaryImageOfPage\":{\"@id\":\"https:\\\/\\\/unaymilletras.com\\\/duki-estrena-el-segundo-adelanto-de-ameri-junto-a-lia-kali\\\/#primaryimage\"},\"image\":{\"@id\":\"https:\\\/\\\/unaymilletras.com\\\/duki-estrena-el-segundo-adelanto-de-ameri-junto-a-lia-kali\\\/#primaryimage\"},\"thumbnailUrl\":\"https:\\\/\\\/unaymilletras.com\\\/wp-content\\\/uploads\\\/2024\\\/10\\\/FOTO-3_CONSTELACION-scaled-e1730317483746.jpg\",\"datePublished\":\"2024-10-30T19:45:05+00:00\",\"dateModified\":\"2024-10-30T19:47:49+00:00\",\"description\":\"\u201cConstelaci\u00f3n\u201d es el segundo single del pr\u00f3ximo \u00e1lbum de Duki y se estrena tan solo un d\u00eda antes que el disco\",\"breadcrumb\":{\"@id\":\"https:\\\/\\\/unaymilletras.com\\\/duki-estrena-el-segundo-adelanto-de-ameri-junto-a-lia-kali\\\/#breadcrumb\"},\"inLanguage\":\"en-GB\",\"potentialAction\":[{\"@type\":\"ReadAction\",\"target\":[\"https:\\\/\\\/unaymilletras.com\\\/duki-estrena-el-segundo-adelanto-de-ameri-junto-a-lia-kali\\\/\"]}]},{\"@type\":\"ImageObject\",\"inLanguage\":\"en-GB\",\"@id\":\"https:\\\/\\\/unaymilletras.com\\\/duki-estrena-el-segundo-adelanto-de-ameri-junto-a-lia-kali\\\/#primaryimage\",\"url\":\"https:\\\/\\\/unaymilletras.com\\\/wp-content\\\/uploads\\\/2024\\\/10\\\/FOTO-3_CONSTELACION-scaled-e1730317483746.jpg\",\"contentUrl\":\"https:\\\/\\\/unaymilletras.com\\\/wp-content\\\/uploads\\\/2024\\\/10\\\/FOTO-3_CONSTELACION-scaled-e1730317483746.jpg\",\"width\":600,\"height\":400,\"caption\":\"Duki\"},{\"@type\":\"BreadcrumbList\",\"@id\":\"https:\\\/\\\/unaymilletras.com\\\/duki-estrena-el-segundo-adelanto-de-ameri-junto-a-lia-kali\\\/#breadcrumb\",\"itemListElement\":[{\"@type\":\"ListItem\",\"position\":1,\"name\":\"Home\",\"item\":\"http:\\\/\\\/unaymilletras.com\\\/\"},{\"@type\":\"ListItem\",\"position\":2,\"name\":\"Duki estrena el segundo adelanto de Ameri, junto a Lia Kali\"}]},{\"@type\":\"WebSite\",\"@id\":\"http:\\\/\\\/unaymilletras.com\\\/#website\",\"url\":\"http:\\\/\\\/unaymilletras.com\\\/\",\"name\":\"Una y Mil Letras\",\"description\":\"\",\"publisher\":{\"@id\":\"http:\\\/\\\/unaymilletras.com\\\/#organization\"},\"potentialAction\":[{\"@type\":\"SearchAction\",\"target\":{\"@type\":\"EntryPoint\",\"urlTemplate\":\"http:\\\/\\\/unaymilletras.com\\\/?s={search_term_string}\"},\"query-input\":{\"@type\":\"PropertyValueSpecification\",\"valueRequired\":true,\"valueName\":\"search_term_string\"}}],\"inLanguage\":\"en-GB\"},{\"@type\":\"Organization\",\"@id\":\"http:\\\/\\\/unaymilletras.com\\\/#organization\",\"name\":\"Una y Mil Letras\",\"url\":\"http:\\\/\\\/unaymilletras.com\\\/\",\"logo\":{\"@type\":\"ImageObject\",\"inLanguage\":\"en-GB\",\"@id\":\"http:\\\/\\\/unaymilletras.com\\\/#\\\/schema\\\/logo\\\/image\\\/\",\"url\":\"https:\\\/\\\/unaymilletras.com\\\/wp-content\\\/uploads\\\/2024\\\/06\\\/cropped-Logo-removebg-preview.png\",\"contentUrl\":\"https:\\\/\\\/unaymilletras.com\\\/wp-content\\\/uploads\\\/2024\\\/06\\\/cropped-Logo-removebg-preview.png\",\"width\":512,\"height\":512,\"caption\":\"Una y Mil Letras\"},\"image\":{\"@id\":\"http:\\\/\\\/unaymilletras.com\\\/#\\\/schema\\\/logo\\\/image\\\/\"},\"sameAs\":[\"https:\\\/\\\/x.com\\\/UnaYMilLetras\",\"https:\\\/\\\/instagram.com\\\/UnaYMilLetras\"]},{\"@type\":\"Person\",\"@id\":\"http:\\\/\\\/unaymilletras.com\\\/#\\\/schema\\\/person\\\/d55ba681b8a4e463d8982dbe36a5dc94\",\"name\":\"Maria Gil Robledo\",\"image\":{\"@type\":\"ImageObject\",\"inLanguage\":\"en-GB\",\"@id\":\"https:\\\/\\\/secure.gravatar.com\\\/avatar\\\/4b8e5102e0015789407eb4870b12f0f2857952d83ca124058f92b764bd1840c3?s=96&d=mm&r=g\",\"url\":\"https:\\\/\\\/secure.gravatar.com\\\/avatar\\\/4b8e5102e0015789407eb4870b12f0f2857952d83ca124058f92b764bd1840c3?s=96&d=mm&r=g\",\"contentUrl\":\"https:\\\/\\\/secure.gravatar.com\\\/avatar\\\/4b8e5102e0015789407eb4870b12f0f2857952d83ca124058f92b764bd1840c3?s=96&d=mm&r=g\",\"caption\":\"Maria Gil Robledo\"},\"sameAs\":[\"http:\\\/\\\/unaymilletras.com\"],\"url\":\"https:\\\/\\\/unaymilletras.com\\\/en\\\/author\\\/mariiagiil02_\\\/\"}]}<\/script>\n<!-- \/ Yoast SEO plugin. -->","yoast_head_json":{"title":"Duki estrena el segundo adelanto de Ameri, junto a Lia Kali","description":"\u201cConstelaci\u00f3n\u201d es el segundo single del pr\u00f3ximo \u00e1lbum de Duki y se estrena tan solo un d\u00eda antes que el disco","robots":{"index":"index","follow":"follow","max-snippet":"max-snippet:-1","max-image-preview":"max-image-preview:large","max-video-preview":"max-video-preview:-1"},"canonical":"https:\/\/unaymilletras.com\/en\/duki-estrena-el-segundo-adelanto-de-ameri-junto-a-lia-kali\/","og_locale":"en_GB","og_type":"article","og_title":"Duki estrena el segundo adelanto de Ameri, junto a Lia Kali","og_description":"\u201cConstelaci\u00f3n\u201d es el segundo single del pr\u00f3ximo \u00e1lbum de Duki y se estrena tan solo un d\u00eda antes que el disco","og_url":"https:\/\/unaymilletras.com\/en\/duki-estrena-el-segundo-adelanto-de-ameri-junto-a-lia-kali\/","og_site_name":"Una y Mil Letras","article_published_time":"2024-10-30T19:45:05+00:00","article_modified_time":"2024-10-30T19:47:49+00:00","og_image":[{"width":600,"height":400,"url":"http:\/\/unaymilletras.com\/wp-content\/uploads\/2024\/10\/FOTO-3_CONSTELACION-scaled-e1730317483746.jpg","type":"image\/jpeg"}],"author":"Maria Gil Robledo","twitter_card":"summary_large_image","twitter_creator":"@UnaYMilLetras","twitter_site":"@UnaYMilLetras","twitter_misc":{"Written by":"Maria Gil Robledo","Estimated reading time":"2 minutes"},"schema":{"@context":"https:\/\/schema.org","@graph":[{"@type":"Article","@id":"https:\/\/unaymilletras.com\/duki-estrena-el-segundo-adelanto-de-ameri-junto-a-lia-kali\/#article","isPartOf":{"@id":"https:\/\/unaymilletras.com\/duki-estrena-el-segundo-adelanto-de-ameri-junto-a-lia-kali\/"},"author":{"name":"Maria Gil Robledo","@id":"http:\/\/unaymilletras.com\/#\/schema\/person\/d55ba681b8a4e463d8982dbe36a5dc94"},"headline":"Duki estrena el segundo adelanto de Ameri, junto a Lia Kali","datePublished":"2024-10-30T19:45:05+00:00","dateModified":"2024-10-30T19:47:49+00:00","mainEntityOfPage":{"@id":"https:\/\/unaymilletras.com\/duki-estrena-el-segundo-adelanto-de-ameri-junto-a-lia-kali\/"},"wordCount":384,"commentCount":0,"publisher":{"@id":"http:\/\/unaymilletras.com\/#organization"},"image":{"@id":"https:\/\/unaymilletras.com\/duki-estrena-el-segundo-adelanto-de-ameri-junto-a-lia-kali\/#primaryimage"},"thumbnailUrl":"https:\/\/unaymilletras.com\/wp-content\/uploads\/2024\/10\/FOTO-3_CONSTELACION-scaled-e1730317483746.jpg","articleSection":["M\u00fasica"],"inLanguage":"en-GB","potentialAction":[{"@type":"CommentAction","name":"Comment","target":["https:\/\/unaymilletras.com\/duki-estrena-el-segundo-adelanto-de-ameri-junto-a-lia-kali\/#respond"]}]},{"@type":"WebPage","@id":"https:\/\/unaymilletras.com\/duki-estrena-el-segundo-adelanto-de-ameri-junto-a-lia-kali\/","url":"https:\/\/unaymilletras.com\/duki-estrena-el-segundo-adelanto-de-ameri-junto-a-lia-kali\/","name":"Duki estrena el segundo adelanto de Ameri, junto a Lia Kali","isPartOf":{"@id":"http:\/\/unaymilletras.com\/#website"},"primaryImageOfPage":{"@id":"https:\/\/unaymilletras.com\/duki-estrena-el-segundo-adelanto-de-ameri-junto-a-lia-kali\/#primaryimage"},"image":{"@id":"https:\/\/unaymilletras.com\/duki-estrena-el-segundo-adelanto-de-ameri-junto-a-lia-kali\/#primaryimage"},"thumbnailUrl":"https:\/\/unaymilletras.com\/wp-content\/uploads\/2024\/10\/FOTO-3_CONSTELACION-scaled-e1730317483746.jpg","datePublished":"2024-10-30T19:45:05+00:00","dateModified":"2024-10-30T19:47:49+00:00","description":"\u201cConstelaci\u00f3n\u201d es el segundo single del pr\u00f3ximo \u00e1lbum de Duki y se estrena tan solo un d\u00eda antes que el disco","breadcrumb":{"@id":"https:\/\/unaymilletras.com\/duki-estrena-el-segundo-adelanto-de-ameri-junto-a-lia-kali\/#breadcrumb"},"inLanguage":"en-GB","potentialAction":[{"@type":"ReadAction","target":["https:\/\/unaymilletras.com\/duki-estrena-el-segundo-adelanto-de-ameri-junto-a-lia-kali\/"]}]},{"@type":"ImageObject","inLanguage":"en-GB","@id":"https:\/\/unaymilletras.com\/duki-estrena-el-segundo-adelanto-de-ameri-junto-a-lia-kali\/#primaryimage","url":"https:\/\/unaymilletras.com\/wp-content\/uploads\/2024\/10\/FOTO-3_CONSTELACION-scaled-e1730317483746.jpg","contentUrl":"https:\/\/unaymilletras.com\/wp-content\/uploads\/2024\/10\/FOTO-3_CONSTELACION-scaled-e1730317483746.jpg","width":600,"height":400,"caption":"Duki"},{"@type":"BreadcrumbList","@id":"https:\/\/unaymilletras.com\/duki-estrena-el-segundo-adelanto-de-ameri-junto-a-lia-kali\/#breadcrumb","itemListElement":[{"@type":"ListItem","position":1,"name":"Home","item":"http:\/\/unaymilletras.com\/"},{"@type":"ListItem","position":2,"name":"Duki estrena el segundo adelanto de Ameri, junto a Lia Kali"}]},{"@type":"WebSite","@id":"http:\/\/unaymilletras.com\/#website","url":"http:\/\/unaymilletras.com\/","name":"Una y Mil Letras","description":"","publisher":{"@id":"http:\/\/unaymilletras.com\/#organization"},"potentialAction":[{"@type":"SearchAction","target":{"@type":"EntryPoint","urlTemplate":"http:\/\/unaymilletras.com\/?s={search_term_string}"},"query-input":{"@type":"PropertyValueSpecification","valueRequired":true,"valueName":"search_term_string"}}],"inLanguage":"en-GB"},{"@type":"Organization","@id":"http:\/\/unaymilletras.com\/#organization","name":"Una y Mil Letras","url":"http:\/\/unaymilletras.com\/","logo":{"@type":"ImageObject","inLanguage":"en-GB","@id":"http:\/\/unaymilletras.com\/#\/schema\/logo\/image\/","url":"https:\/\/unaymilletras.com\/wp-content\/uploads\/2024\/06\/cropped-Logo-removebg-preview.png","contentUrl":"https:\/\/unaymilletras.com\/wp-content\/uploads\/2024\/06\/cropped-Logo-removebg-preview.png","width":512,"height":512,"caption":"Una y Mil Letras"},"image":{"@id":"http:\/\/unaymilletras.com\/#\/schema\/logo\/image\/"},"sameAs":["https:\/\/x.com\/UnaYMilLetras","https:\/\/instagram.com\/UnaYMilLetras"]},{"@type":"Person","@id":"http:\/\/unaymilletras.com\/#\/schema\/person\/d55ba681b8a4e463d8982dbe36a5dc94","name":"Maria Gil Robledo","image":{"@type":"ImageObject","inLanguage":"en-GB","@id":"https:\/\/secure.gravatar.com\/avatar\/4b8e5102e0015789407eb4870b12f0f2857952d83ca124058f92b764bd1840c3?s=96&d=mm&r=g","url":"https:\/\/secure.gravatar.com\/avatar\/4b8e5102e0015789407eb4870b12f0f2857952d83ca124058f92b764bd1840c3?s=96&d=mm&r=g","contentUrl":"https:\/\/secure.gravatar.com\/avatar\/4b8e5102e0015789407eb4870b12f0f2857952d83ca124058f92b764bd1840c3?s=96&d=mm&r=g","caption":"Maria Gil Robledo"},"sameAs":["http:\/\/unaymilletras.com"],"url":"https:\/\/unaymilletras.com\/en\/author\/mariiagiil02_\/"}]}},"_links":{"self":[{"href":"https:\/\/unaymilletras.com\/en\/wp-json\/wp\/v2\/posts\/3272","targetHints":{"allow":["GET"]}}],"collection":[{"href":"https:\/\/unaymilletras.com\/en\/wp-json\/wp\/v2\/posts"}],"about":[{"href":"https:\/\/unaymilletras.com\/en\/wp-json\/wp\/v2\/types\/post"}],"author":[{"embeddable":true,"href":"https:\/\/unaymilletras.com\/en\/wp-json\/wp\/v2\/users\/1"}],"replies":[{"embeddable":true,"href":"https:\/\/unaymilletras.com\/en\/wp-json\/wp\/v2\/comments?post=3272"}],"version-history":[{"count":5,"href":"https:\/\/unaymilletras.com\/en\/wp-json\/wp\/v2\/posts\/3272\/revisions"}],"predecessor-version":[{"id":3278,"href":"https:\/\/unaymilletras.com\/en\/wp-json\/wp\/v2\/posts\/3272\/revisions\/3278"}],"wp:featuredmedia":[{"embeddable":true,"href":"https:\/\/unaymilletras.com\/en\/wp-json\/wp\/v2\/media\/3274"}],"wp:attachment":[{"href":"https:\/\/unaymilletras.com\/en\/wp-json\/wp\/v2\/media?parent=3272"}],"wp:term":[{"taxonomy":"category","embeddable":true,"href":"https:\/\/unaymilletras.com\/en\/wp-json\/wp\/v2\/categories?post=3272"},{"taxonomy":"post_tag","embeddable":true,"href":"https:\/\/unaymilletras.com\/en\/wp-json\/wp\/v2\/tags?post=3272"}],"curies":[{"name":"wp","href":"https:\/\/api.w.org\/{rel}","templated":true}]}}