{"id":3279,"date":"2024-11-06T22:05:34","date_gmt":"2024-11-06T21:05:34","guid":{"rendered":"https:\/\/unaymilletras.com\/?p=3279"},"modified":"2024-11-06T22:21:54","modified_gmt":"2024-11-06T21:21:54","slug":"som-valencia-conciertos-solidarios-por-la-dana","status":"publish","type":"post","link":"https:\/\/unaymilletras.com\/en\/som-valencia-conciertos-solidarios-por-la-dana\/","title":{"rendered":"SOM VAL\u00c8NCIA: conciertos solidarios por la DANA"},"content":{"rendered":"<div data-elementor-type=\"wp-post\" data-elementor-id=\"3279\" class=\"elementor elementor-3279\">\n\t\t\t\t\t\t<section class=\"elementor-section elementor-top-section elementor-element elementor-element-c1c5370 elementor-section-boxed elementor-section-height-default elementor-section-height-default\" data-id=\"c1c5370\" data-element_type=\"section\" data-e-type=\"section\">\n\t\t\t\t\t\t<div class=\"elementor-container elementor-column-gap-default\">\n\t\t\t\t\t<div class=\"elementor-column elementor-col-100 elementor-top-column elementor-element elementor-element-0bcde05\" data-id=\"0bcde05\" data-element_type=\"column\" data-e-type=\"column\">\n\t\t\t<div class=\"elementor-widget-wrap elementor-element-populated\">\n\t\t\t\t\t\t<div class=\"elementor-element elementor-element-f105359 elementor-widget elementor-widget-text-editor\" data-id=\"f105359\" data-element_type=\"widget\" data-e-type=\"widget\" data-widget_type=\"text-editor.default\">\n\t\t\t\t<div class=\"elementor-widget-container\">\n\t\t\t\t\t\t\t\t\t<h2 style=\"text-align: center;\"><span style=\"color: #808080;\">Conciertos ben\u00e9ficos recaudar\u00e1n fondos para ayudar a la poblaci\u00f3n de Valencia a trav\u00e9s de la Fundaci\u00f3n Horta Sud con SOM VAL\u00c8NCIA<\/span><\/h2>\t\t\t\t\t\t\t\t<\/div>\n\t\t\t\t<\/div>\n\t\t\t\t\t<\/div>\n\t\t<\/div>\n\t\t\t\t\t<\/div>\n\t\t<\/section>\n\t\t\t\t<section class=\"elementor-section elementor-top-section elementor-element elementor-element-f3c8698 elementor-section-boxed elementor-section-height-default elementor-section-height-default\" data-id=\"f3c8698\" data-element_type=\"section\" data-e-type=\"section\">\n\t\t\t\t\t\t<div class=\"elementor-container elementor-column-gap-default\">\n\t\t\t\t\t<div class=\"elementor-column elementor-col-100 elementor-top-column elementor-element elementor-element-b211a38\" data-id=\"b211a38\" data-element_type=\"column\" data-e-type=\"column\">\n\t\t\t<div class=\"elementor-widget-wrap elementor-element-populated\">\n\t\t\t\t\t\t<div class=\"elementor-element elementor-element-7840922 elementor-widget elementor-widget-text-editor\" data-id=\"7840922\" data-element_type=\"widget\" data-e-type=\"widget\" data-widget_type=\"text-editor.default\">\n\t\t\t\t<div class=\"elementor-widget-container\">\n\t\t\t\t\t\t\t\t\t<p>La industria musical espa\u00f1ola ha unido fuerzas para dar vida a <strong>SOM VAL\u00c8NCIA. <\/strong>Se trata de\u00a0una iniciativa solidaria de conciertos que comenzar\u00e1 el 11 de noviembre en distintas ciudades del pa\u00eds. Impulsada inicialmente por el sello Hidden Track Records, SOM VAL\u00c8NCIA busca recaudar fondos para apoyar a Valencia y otras \u00e1reas afectadas por la reciente DANA.<\/p>\t\t\t\t\t\t\t\t<\/div>\n\t\t\t\t<\/div>\n\t\t\t\t\t<\/div>\n\t\t<\/div>\n\t\t\t\t\t<\/div>\n\t\t<\/section>\n\t\t\t\t<section class=\"elementor-section elementor-top-section elementor-element elementor-element-0930f31 elementor-section-boxed elementor-section-height-default elementor-section-height-default\" data-id=\"0930f31\" data-element_type=\"section\" data-e-type=\"section\">\n\t\t\t\t\t\t<div class=\"elementor-container elementor-column-gap-default\">\n\t\t\t\t\t<div class=\"elementor-column elementor-col-33 elementor-top-column elementor-element elementor-element-0e49534\" data-id=\"0e49534\" data-element_type=\"column\" data-e-type=\"column\">\n\t\t\t<div class=\"elementor-widget-wrap elementor-element-populated\">\n\t\t\t\t\t\t<div class=\"elementor-element elementor-element-1aa58f2 elementor-widget elementor-widget-image\" data-id=\"1aa58f2\" data-element_type=\"widget\" data-e-type=\"widget\" data-widget_type=\"image.default\">\n\t\t\t\t<div class=\"elementor-widget-container\">\n\t\t\t\t\t\t\t\t\t\t\t\t\t\t\t<img fetchpriority=\"high\" decoding=\"async\" width=\"640\" height=\"640\" src=\"https:\/\/unaymilletras.com\/wp-content\/uploads\/2024\/11\/IG_Lineups_generico_02-1024x1024.png\" class=\"attachment-large size-large wp-image-3281\" alt=\"SOM VAL\u00c8NCIA\" srcset=\"https:\/\/unaymilletras.com\/wp-content\/uploads\/2024\/11\/IG_Lineups_generico_02-1024x1024.png 1024w, https:\/\/unaymilletras.com\/wp-content\/uploads\/2024\/11\/IG_Lineups_generico_02-300x300.png 300w, https:\/\/unaymilletras.com\/wp-content\/uploads\/2024\/11\/IG_Lineups_generico_02-150x150.png 150w, https:\/\/unaymilletras.com\/wp-content\/uploads\/2024\/11\/IG_Lineups_generico_02-768x768.png 768w, https:\/\/unaymilletras.com\/wp-content\/uploads\/2024\/11\/IG_Lineups_generico_02-12x12.png 12w, https:\/\/unaymilletras.com\/wp-content\/uploads\/2024\/11\/IG_Lineups_generico_02-e1730927879837.png 600w\" sizes=\"(max-width: 640px) 100vw, 640px\" \/>\t\t\t\t\t\t\t\t\t\t\t\t\t\t\t<\/div>\n\t\t\t\t<\/div>\n\t\t\t\t\t<\/div>\n\t\t<\/div>\n\t\t\t\t<div class=\"elementor-column elementor-col-33 elementor-top-column elementor-element elementor-element-72d2283\" data-id=\"72d2283\" data-element_type=\"column\" data-e-type=\"column\">\n\t\t\t<div class=\"elementor-widget-wrap elementor-element-populated\">\n\t\t\t\t\t\t<div class=\"elementor-element elementor-element-9c8a850 elementor-widget elementor-widget-image\" data-id=\"9c8a850\" data-element_type=\"widget\" data-e-type=\"widget\" data-widget_type=\"image.default\">\n\t\t\t\t<div class=\"elementor-widget-container\">\n\t\t\t\t\t\t\t\t\t\t\t\t\t\t\t<img decoding=\"async\" width=\"640\" height=\"640\" src=\"https:\/\/unaymilletras.com\/wp-content\/uploads\/2024\/11\/IG_Lineups_generico_03-1024x1024.png\" class=\"attachment-large size-large wp-image-3282\" alt=\"SOM VAL\u00c8NCIA\" srcset=\"https:\/\/unaymilletras.com\/wp-content\/uploads\/2024\/11\/IG_Lineups_generico_03-1024x1024.png 1024w, https:\/\/unaymilletras.com\/wp-content\/uploads\/2024\/11\/IG_Lineups_generico_03-300x300.png 300w, https:\/\/unaymilletras.com\/wp-content\/uploads\/2024\/11\/IG_Lineups_generico_03-150x150.png 150w, https:\/\/unaymilletras.com\/wp-content\/uploads\/2024\/11\/IG_Lineups_generico_03-768x768.png 768w, https:\/\/unaymilletras.com\/wp-content\/uploads\/2024\/11\/IG_Lineups_generico_03-12x12.png 12w, https:\/\/unaymilletras.com\/wp-content\/uploads\/2024\/11\/IG_Lineups_generico_03-e1730927856469.png 600w\" sizes=\"(max-width: 640px) 100vw, 640px\" \/>\t\t\t\t\t\t\t\t\t\t\t\t\t\t\t<\/div>\n\t\t\t\t<\/div>\n\t\t\t\t\t<\/div>\n\t\t<\/div>\n\t\t\t\t<div class=\"elementor-column elementor-col-33 elementor-top-column elementor-element elementor-element-513be5a\" data-id=\"513be5a\" data-element_type=\"column\" data-e-type=\"column\">\n\t\t\t<div class=\"elementor-widget-wrap elementor-element-populated\">\n\t\t\t\t\t\t<div class=\"elementor-element elementor-element-3d69912 elementor-widget elementor-widget-image\" data-id=\"3d69912\" data-element_type=\"widget\" data-e-type=\"widget\" data-widget_type=\"image.default\">\n\t\t\t\t<div class=\"elementor-widget-container\">\n\t\t\t\t\t\t\t\t\t\t\t\t\t\t\t<img decoding=\"async\" width=\"640\" height=\"640\" src=\"https:\/\/unaymilletras.com\/wp-content\/uploads\/2024\/11\/IG_Lineups_generico_04-1024x1024.png\" class=\"attachment-large size-large wp-image-3283\" alt=\"\" srcset=\"https:\/\/unaymilletras.com\/wp-content\/uploads\/2024\/11\/IG_Lineups_generico_04-1024x1024.png 1024w, https:\/\/unaymilletras.com\/wp-content\/uploads\/2024\/11\/IG_Lineups_generico_04-300x300.png 300w, https:\/\/unaymilletras.com\/wp-content\/uploads\/2024\/11\/IG_Lineups_generico_04-150x150.png 150w, https:\/\/unaymilletras.com\/wp-content\/uploads\/2024\/11\/IG_Lineups_generico_04-768x768.png 768w, https:\/\/unaymilletras.com\/wp-content\/uploads\/2024\/11\/IG_Lineups_generico_04-12x12.png 12w, https:\/\/unaymilletras.com\/wp-content\/uploads\/2024\/11\/IG_Lineups_generico_04-e1730927868774.png 600w\" sizes=\"(max-width: 640px) 100vw, 640px\" \/>\t\t\t\t\t\t\t\t\t\t\t\t\t\t\t<\/div>\n\t\t\t\t<\/div>\n\t\t\t\t\t<\/div>\n\t\t<\/div>\n\t\t\t\t\t<\/div>\n\t\t<\/section>\n\t\t\t\t<section class=\"elementor-section elementor-top-section elementor-element elementor-element-568855b elementor-section-boxed elementor-section-height-default elementor-section-height-default\" data-id=\"568855b\" data-element_type=\"section\" data-e-type=\"section\">\n\t\t\t\t\t\t<div class=\"elementor-container elementor-column-gap-default\">\n\t\t\t\t\t<div class=\"elementor-column elementor-col-100 elementor-top-column elementor-element elementor-element-554d35e\" data-id=\"554d35e\" data-element_type=\"column\" data-e-type=\"column\">\n\t\t\t<div class=\"elementor-widget-wrap elementor-element-populated\">\n\t\t\t\t\t\t<div class=\"elementor-element elementor-element-f59e536 elementor-widget elementor-widget-text-editor\" data-id=\"f59e536\" data-element_type=\"widget\" data-e-type=\"widget\" data-widget_type=\"text-editor.default\">\n\t\t\t\t<div class=\"elementor-widget-container\">\n\t\t\t\t\t\t\t\t\t<p>Los conciertos se realizar\u00e1n en m\u00faltiples ciudades como&nbsp;<strong>Barcelona, Madrid, Sevilla, Donosti, Zaragoza, Bilbao y Granada<\/strong>, entre otras. Contar\u00e1n con la participaci\u00f3n de una amplia variedad de artistas y profesionales de la m\u00fasica, quienes han decidido unirse para contribuir a esta causa solidaria. La&nbsp;<strong>Fundaci\u00f3n Horta Sud<\/strong>&nbsp;se encargar\u00e1 de distribuir los fondos recaudados para atender las necesidades de las comunidades m\u00e1s afectadas.<\/p>\t\t\t\t\t\t\t\t<\/div>\n\t\t\t\t<\/div>\n\t\t\t\t\t<\/div>\n\t\t<\/div>\n\t\t\t\t\t<\/div>\n\t\t<\/section>\n\t\t\t\t<section class=\"elementor-section elementor-top-section elementor-element elementor-element-82b155b elementor-section-boxed elementor-section-height-default elementor-section-height-default\" data-id=\"82b155b\" data-element_type=\"section\" data-e-type=\"section\">\n\t\t\t\t\t\t<div class=\"elementor-container elementor-column-gap-default\">\n\t\t\t\t\t<div class=\"elementor-column elementor-col-100 elementor-top-column elementor-element elementor-element-535cee5\" data-id=\"535cee5\" data-element_type=\"column\" data-e-type=\"column\">\n\t\t\t<div class=\"elementor-widget-wrap elementor-element-populated\">\n\t\t\t\t\t\t<div class=\"elementor-element elementor-element-f23638c elementor-widget elementor-widget-text-editor\" data-id=\"f23638c\" data-element_type=\"widget\" data-e-type=\"widget\" data-widget_type=\"text-editor.default\">\n\t\t\t\t<div class=\"elementor-widget-container\">\n\t\t\t\t\t\t\t\t\t<p><strong>Entradas y fila cero disponibles<br \/><\/strong>Las entradas, con precios que oscilan entre 15 y 20 euros, estar\u00e1n a la venta a partir del 7 de noviembre en la plataforma <strong>DICE. <\/strong>Gestionar\u00e1 los tickets sin comisi\u00f3n y tambi\u00e9n cubrir\u00e1 el costo de la transacci\u00f3n bancaria para asegurar que cada c\u00e9ntimo recaudado llegue a los damnificados. Adem\u00e1s, se habilitar\u00e1 una \u201cfila cero\u201d para quienes deseen colaborar con un importe adicional.<\/p><p>SOM VAL\u00c8NCIA se extiende m\u00e1s all\u00e1 de los conciertos principales, ofreciendo la posibilidad de que cualquier entidad o sala en Espa\u00f1a organice su propio evento en nombre de la iniciativa. As\u00ed, tanto peque\u00f1as salas como grandes festivales podr\u00e1n sumarse a este esfuerzo colectivo, aportando los beneficios de sus eventos a la causa.<\/p><p><strong>Solidaridad a gran escala<br \/><\/strong>Gracias a la red de asociaciones de la Fundaci\u00f3n Horta Sud, se garantizar\u00e1 que los recursos lleguen a las familias afectadas de forma directa y justa. Los fondos se destinar\u00e1n a art\u00edculos de primera necesidad como alimentos, electrodom\u00e9sticos y suministros de limpieza. La fundaci\u00f3n, exenta de comisiones, tambi\u00e9n informar\u00e1 a trav\u00e9s de <a href=\"http:\/\/somvalencia.org\"><strong>somvalencia.org<\/strong><\/a> sobre el destino de cada donaci\u00f3n.<\/p><p>Con un calendario de eventos que promete movilizar a miles de personas, SOM VAL\u00c8NCIA demuestra el poder de la m\u00fasica para unir, apoyar y ofrecer esperanza a quienes m\u00e1s lo necesitan.<\/p>\t\t\t\t\t\t\t\t<\/div>\n\t\t\t\t<\/div>\n\t\t\t\t\t<\/div>\n\t\t<\/div>\n\t\t\t\t\t<\/div>\n\t\t<\/section>\n\t\t\t\t<\/div>","protected":false},"excerpt":{"rendered":"<p>Conciertos ben\u00e9ficos recaudar\u00e1n fondos para ayudar a la poblaci\u00f3n de Valencia a trav\u00e9s de la Fundaci\u00f3n Horta Sud con SOM VAL\u00c8NCIA La industria musical espa\u00f1ola ha unido fuerzas para dar vida a SOM VAL\u00c8NCIA. Se trata de\u00a0una iniciativa solidaria de conciertos que comenzar\u00e1 el 11 de noviembre en distintas ciudades del pa\u00eds. Impulsada inicialmente por [&hellip;]<\/p>\n","protected":false},"author":6,"featured_media":3282,"comment_status":"open","ping_status":"open","sticky":false,"template":"","format":"standard","meta":{"footnotes":""},"categories":[119,4],"tags":[],"class_list":["post-3279","post","type-post","status-publish","format-standard","has-post-thumbnail","hentry","category-eventos","category-musica"],"yoast_head":"<!-- This site is optimized with the Yoast SEO plugin v27.4 - https:\/\/yoast.com\/product\/yoast-seo-wordpress\/ -->\n<title>SOM VAL\u00c8NCIA: conciertos solidarios por la DANA &#8902; Una y Mil Letras<\/title>\n<meta name=\"description\" content=\"Conciertos ben\u00e9ficos recaudar\u00e1n fondos para ayudar a la poblaci\u00f3n de Valencia a trav\u00e9s de la Fundaci\u00f3n Horta Sud con SOM VAL\u00c8NCIA\" \/>\n<meta name=\"robots\" content=\"index, follow, max-snippet:-1, max-image-preview:large, max-video-preview:-1\" \/>\n<link rel=\"canonical\" href=\"https:\/\/unaymilletras.com\/en\/som-valencia-conciertos-solidarios-por-la-dana\/\" \/>\n<meta property=\"og:locale\" content=\"en_GB\" \/>\n<meta property=\"og:type\" content=\"article\" \/>\n<meta property=\"og:title\" content=\"SOM VAL\u00c8NCIA: conciertos solidarios por la DANA &#8902; Una y Mil Letras\" \/>\n<meta property=\"og:description\" content=\"Conciertos ben\u00e9ficos recaudar\u00e1n fondos para ayudar a la poblaci\u00f3n de Valencia a trav\u00e9s de la Fundaci\u00f3n Horta Sud con SOM VAL\u00c8NCIA\" \/>\n<meta property=\"og:url\" content=\"https:\/\/unaymilletras.com\/en\/som-valencia-conciertos-solidarios-por-la-dana\/\" \/>\n<meta property=\"og:site_name\" content=\"Una y Mil Letras\" \/>\n<meta property=\"article:published_time\" content=\"2024-11-06T21:05:34+00:00\" \/>\n<meta property=\"article:modified_time\" content=\"2024-11-06T21:21:54+00:00\" \/>\n<meta property=\"og:image\" content=\"http:\/\/unaymilletras.com\/wp-content\/uploads\/2024\/11\/IG_Lineups_generico_03-e1730927856469.png\" \/>\n\t<meta property=\"og:image:width\" content=\"600\" \/>\n\t<meta property=\"og:image:height\" content=\"600\" \/>\n\t<meta property=\"og:image:type\" content=\"image\/png\" \/>\n<meta name=\"author\" content=\"Redacci\u00f3n\" \/>\n<meta name=\"twitter:card\" content=\"summary_large_image\" \/>\n<meta name=\"twitter:creator\" content=\"@UnaYMilLetras\" \/>\n<meta name=\"twitter:site\" content=\"@UnaYMilLetras\" \/>\n<meta name=\"twitter:label1\" content=\"Written by\" \/>\n\t<meta name=\"twitter:data1\" content=\"Redacci\u00f3n\" \/>\n\t<meta name=\"twitter:label2\" content=\"Estimated reading time\" \/>\n\t<meta name=\"twitter:data2\" content=\"3 minutes\" \/>\n<script type=\"application\/ld+json\" class=\"yoast-schema-graph\">{\"@context\":\"https:\\\/\\\/schema.org\",\"@graph\":[{\"@type\":\"Article\",\"@id\":\"https:\\\/\\\/unaymilletras.com\\\/som-valencia-conciertos-solidarios-por-la-dana\\\/#article\",\"isPartOf\":{\"@id\":\"https:\\\/\\\/unaymilletras.com\\\/som-valencia-conciertos-solidarios-por-la-dana\\\/\"},\"author\":{\"name\":\"Redacci\u00f3n\",\"@id\":\"http:\\\/\\\/unaymilletras.com\\\/#\\\/schema\\\/person\\\/0860dc8a218329991ee2c7591f4f849d\"},\"headline\":\"SOM VAL\u00c8NCIA: conciertos solidarios por la DANA\",\"datePublished\":\"2024-11-06T21:05:34+00:00\",\"dateModified\":\"2024-11-06T21:21:54+00:00\",\"mainEntityOfPage\":{\"@id\":\"https:\\\/\\\/unaymilletras.com\\\/som-valencia-conciertos-solidarios-por-la-dana\\\/\"},\"wordCount\":402,\"commentCount\":0,\"publisher\":{\"@id\":\"http:\\\/\\\/unaymilletras.com\\\/#organization\"},\"image\":{\"@id\":\"https:\\\/\\\/unaymilletras.com\\\/som-valencia-conciertos-solidarios-por-la-dana\\\/#primaryimage\"},\"thumbnailUrl\":\"https:\\\/\\\/unaymilletras.com\\\/wp-content\\\/uploads\\\/2024\\\/11\\\/IG_Lineups_generico_03-e1730927856469.png\",\"articleSection\":[\"Eventos\",\"M\u00fasica\"],\"inLanguage\":\"en-GB\",\"potentialAction\":[{\"@type\":\"CommentAction\",\"name\":\"Comment\",\"target\":[\"https:\\\/\\\/unaymilletras.com\\\/som-valencia-conciertos-solidarios-por-la-dana\\\/#respond\"]}]},{\"@type\":\"WebPage\",\"@id\":\"https:\\\/\\\/unaymilletras.com\\\/som-valencia-conciertos-solidarios-por-la-dana\\\/\",\"url\":\"https:\\\/\\\/unaymilletras.com\\\/som-valencia-conciertos-solidarios-por-la-dana\\\/\",\"name\":\"SOM VAL\u00c8NCIA: conciertos solidarios por la DANA &#8902; Una y Mil Letras\",\"isPartOf\":{\"@id\":\"http:\\\/\\\/unaymilletras.com\\\/#website\"},\"primaryImageOfPage\":{\"@id\":\"https:\\\/\\\/unaymilletras.com\\\/som-valencia-conciertos-solidarios-por-la-dana\\\/#primaryimage\"},\"image\":{\"@id\":\"https:\\\/\\\/unaymilletras.com\\\/som-valencia-conciertos-solidarios-por-la-dana\\\/#primaryimage\"},\"thumbnailUrl\":\"https:\\\/\\\/unaymilletras.com\\\/wp-content\\\/uploads\\\/2024\\\/11\\\/IG_Lineups_generico_03-e1730927856469.png\",\"datePublished\":\"2024-11-06T21:05:34+00:00\",\"dateModified\":\"2024-11-06T21:21:54+00:00\",\"description\":\"Conciertos ben\u00e9ficos recaudar\u00e1n fondos para ayudar a la poblaci\u00f3n de Valencia a trav\u00e9s de la Fundaci\u00f3n Horta Sud con SOM VAL\u00c8NCIA\",\"breadcrumb\":{\"@id\":\"https:\\\/\\\/unaymilletras.com\\\/som-valencia-conciertos-solidarios-por-la-dana\\\/#breadcrumb\"},\"inLanguage\":\"en-GB\",\"potentialAction\":[{\"@type\":\"ReadAction\",\"target\":[\"https:\\\/\\\/unaymilletras.com\\\/som-valencia-conciertos-solidarios-por-la-dana\\\/\"]}]},{\"@type\":\"ImageObject\",\"inLanguage\":\"en-GB\",\"@id\":\"https:\\\/\\\/unaymilletras.com\\\/som-valencia-conciertos-solidarios-por-la-dana\\\/#primaryimage\",\"url\":\"https:\\\/\\\/unaymilletras.com\\\/wp-content\\\/uploads\\\/2024\\\/11\\\/IG_Lineups_generico_03-e1730927856469.png\",\"contentUrl\":\"https:\\\/\\\/unaymilletras.com\\\/wp-content\\\/uploads\\\/2024\\\/11\\\/IG_Lineups_generico_03-e1730927856469.png\",\"width\":600,\"height\":600,\"caption\":\"SOM VAL\u00c8NCIA\"},{\"@type\":\"BreadcrumbList\",\"@id\":\"https:\\\/\\\/unaymilletras.com\\\/som-valencia-conciertos-solidarios-por-la-dana\\\/#breadcrumb\",\"itemListElement\":[{\"@type\":\"ListItem\",\"position\":1,\"name\":\"Home\",\"item\":\"http:\\\/\\\/unaymilletras.com\\\/\"},{\"@type\":\"ListItem\",\"position\":2,\"name\":\"SOM VAL\u00c8NCIA: conciertos solidarios por la DANA\"}]},{\"@type\":\"WebSite\",\"@id\":\"http:\\\/\\\/unaymilletras.com\\\/#website\",\"url\":\"http:\\\/\\\/unaymilletras.com\\\/\",\"name\":\"Una y Mil Letras\",\"description\":\"\",\"publisher\":{\"@id\":\"http:\\\/\\\/unaymilletras.com\\\/#organization\"},\"potentialAction\":[{\"@type\":\"SearchAction\",\"target\":{\"@type\":\"EntryPoint\",\"urlTemplate\":\"http:\\\/\\\/unaymilletras.com\\\/?s={search_term_string}\"},\"query-input\":{\"@type\":\"PropertyValueSpecification\",\"valueRequired\":true,\"valueName\":\"search_term_string\"}}],\"inLanguage\":\"en-GB\"},{\"@type\":\"Organization\",\"@id\":\"http:\\\/\\\/unaymilletras.com\\\/#organization\",\"name\":\"Una y Mil Letras\",\"url\":\"http:\\\/\\\/unaymilletras.com\\\/\",\"logo\":{\"@type\":\"ImageObject\",\"inLanguage\":\"en-GB\",\"@id\":\"http:\\\/\\\/unaymilletras.com\\\/#\\\/schema\\\/logo\\\/image\\\/\",\"url\":\"https:\\\/\\\/unaymilletras.com\\\/wp-content\\\/uploads\\\/2024\\\/06\\\/cropped-Logo-removebg-preview.png\",\"contentUrl\":\"https:\\\/\\\/unaymilletras.com\\\/wp-content\\\/uploads\\\/2024\\\/06\\\/cropped-Logo-removebg-preview.png\",\"width\":512,\"height\":512,\"caption\":\"Una y Mil Letras\"},\"image\":{\"@id\":\"http:\\\/\\\/unaymilletras.com\\\/#\\\/schema\\\/logo\\\/image\\\/\"},\"sameAs\":[\"https:\\\/\\\/x.com\\\/UnaYMilLetras\",\"https:\\\/\\\/instagram.com\\\/UnaYMilLetras\"]},{\"@type\":\"Person\",\"@id\":\"http:\\\/\\\/unaymilletras.com\\\/#\\\/schema\\\/person\\\/0860dc8a218329991ee2c7591f4f849d\",\"name\":\"Redacci\u00f3n\",\"image\":{\"@type\":\"ImageObject\",\"inLanguage\":\"en-GB\",\"@id\":\"https:\\\/\\\/secure.gravatar.com\\\/avatar\\\/d8f55e05a8b6597e45c55a1dcbdbfe44f4a360d88b48e00de5216a79b7732796?s=96&d=mm&r=g\",\"url\":\"https:\\\/\\\/secure.gravatar.com\\\/avatar\\\/d8f55e05a8b6597e45c55a1dcbdbfe44f4a360d88b48e00de5216a79b7732796?s=96&d=mm&r=g\",\"contentUrl\":\"https:\\\/\\\/secure.gravatar.com\\\/avatar\\\/d8f55e05a8b6597e45c55a1dcbdbfe44f4a360d88b48e00de5216a79b7732796?s=96&d=mm&r=g\",\"caption\":\"Redacci\u00f3n\"},\"url\":\"https:\\\/\\\/unaymilletras.com\\\/en\\\/author\\\/redaccion\\\/\"}]}<\/script>\n<!-- \/ Yoast SEO plugin. -->","yoast_head_json":{"title":"SOM VAL\u00c8NCIA: conciertos solidarios por la DANA &#8902; Una y Mil Letras","description":"Conciertos ben\u00e9ficos recaudar\u00e1n fondos para ayudar a la poblaci\u00f3n de Valencia a trav\u00e9s de la Fundaci\u00f3n Horta Sud con SOM VAL\u00c8NCIA","robots":{"index":"index","follow":"follow","max-snippet":"max-snippet:-1","max-image-preview":"max-image-preview:large","max-video-preview":"max-video-preview:-1"},"canonical":"https:\/\/unaymilletras.com\/en\/som-valencia-conciertos-solidarios-por-la-dana\/","og_locale":"en_GB","og_type":"article","og_title":"SOM VAL\u00c8NCIA: conciertos solidarios por la DANA &#8902; Una y Mil Letras","og_description":"Conciertos ben\u00e9ficos recaudar\u00e1n fondos para ayudar a la poblaci\u00f3n de Valencia a trav\u00e9s de la Fundaci\u00f3n Horta Sud con SOM VAL\u00c8NCIA","og_url":"https:\/\/unaymilletras.com\/en\/som-valencia-conciertos-solidarios-por-la-dana\/","og_site_name":"Una y Mil Letras","article_published_time":"2024-11-06T21:05:34+00:00","article_modified_time":"2024-11-06T21:21:54+00:00","og_image":[{"width":600,"height":600,"url":"http:\/\/unaymilletras.com\/wp-content\/uploads\/2024\/11\/IG_Lineups_generico_03-e1730927856469.png","type":"image\/png"}],"author":"Redacci\u00f3n","twitter_card":"summary_large_image","twitter_creator":"@UnaYMilLetras","twitter_site":"@UnaYMilLetras","twitter_misc":{"Written by":"Redacci\u00f3n","Estimated reading time":"3 minutes"},"schema":{"@context":"https:\/\/schema.org","@graph":[{"@type":"Article","@id":"https:\/\/unaymilletras.com\/som-valencia-conciertos-solidarios-por-la-dana\/#article","isPartOf":{"@id":"https:\/\/unaymilletras.com\/som-valencia-conciertos-solidarios-por-la-dana\/"},"author":{"name":"Redacci\u00f3n","@id":"http:\/\/unaymilletras.com\/#\/schema\/person\/0860dc8a218329991ee2c7591f4f849d"},"headline":"SOM VAL\u00c8NCIA: conciertos solidarios por la DANA","datePublished":"2024-11-06T21:05:34+00:00","dateModified":"2024-11-06T21:21:54+00:00","mainEntityOfPage":{"@id":"https:\/\/unaymilletras.com\/som-valencia-conciertos-solidarios-por-la-dana\/"},"wordCount":402,"commentCount":0,"publisher":{"@id":"http:\/\/unaymilletras.com\/#organization"},"image":{"@id":"https:\/\/unaymilletras.com\/som-valencia-conciertos-solidarios-por-la-dana\/#primaryimage"},"thumbnailUrl":"https:\/\/unaymilletras.com\/wp-content\/uploads\/2024\/11\/IG_Lineups_generico_03-e1730927856469.png","articleSection":["Eventos","M\u00fasica"],"inLanguage":"en-GB","potentialAction":[{"@type":"CommentAction","name":"Comment","target":["https:\/\/unaymilletras.com\/som-valencia-conciertos-solidarios-por-la-dana\/#respond"]}]},{"@type":"WebPage","@id":"https:\/\/unaymilletras.com\/som-valencia-conciertos-solidarios-por-la-dana\/","url":"https:\/\/unaymilletras.com\/som-valencia-conciertos-solidarios-por-la-dana\/","name":"SOM VAL\u00c8NCIA: conciertos solidarios por la DANA &#8902; Una y Mil Letras","isPartOf":{"@id":"http:\/\/unaymilletras.com\/#website"},"primaryImageOfPage":{"@id":"https:\/\/unaymilletras.com\/som-valencia-conciertos-solidarios-por-la-dana\/#primaryimage"},"image":{"@id":"https:\/\/unaymilletras.com\/som-valencia-conciertos-solidarios-por-la-dana\/#primaryimage"},"thumbnailUrl":"https:\/\/unaymilletras.com\/wp-content\/uploads\/2024\/11\/IG_Lineups_generico_03-e1730927856469.png","datePublished":"2024-11-06T21:05:34+00:00","dateModified":"2024-11-06T21:21:54+00:00","description":"Conciertos ben\u00e9ficos recaudar\u00e1n fondos para ayudar a la poblaci\u00f3n de Valencia a trav\u00e9s de la Fundaci\u00f3n Horta Sud con SOM VAL\u00c8NCIA","breadcrumb":{"@id":"https:\/\/unaymilletras.com\/som-valencia-conciertos-solidarios-por-la-dana\/#breadcrumb"},"inLanguage":"en-GB","potentialAction":[{"@type":"ReadAction","target":["https:\/\/unaymilletras.com\/som-valencia-conciertos-solidarios-por-la-dana\/"]}]},{"@type":"ImageObject","inLanguage":"en-GB","@id":"https:\/\/unaymilletras.com\/som-valencia-conciertos-solidarios-por-la-dana\/#primaryimage","url":"https:\/\/unaymilletras.com\/wp-content\/uploads\/2024\/11\/IG_Lineups_generico_03-e1730927856469.png","contentUrl":"https:\/\/unaymilletras.com\/wp-content\/uploads\/2024\/11\/IG_Lineups_generico_03-e1730927856469.png","width":600,"height":600,"caption":"SOM VAL\u00c8NCIA"},{"@type":"BreadcrumbList","@id":"https:\/\/unaymilletras.com\/som-valencia-conciertos-solidarios-por-la-dana\/#breadcrumb","itemListElement":[{"@type":"ListItem","position":1,"name":"Home","item":"http:\/\/unaymilletras.com\/"},{"@type":"ListItem","position":2,"name":"SOM VAL\u00c8NCIA: conciertos solidarios por la DANA"}]},{"@type":"WebSite","@id":"http:\/\/unaymilletras.com\/#website","url":"http:\/\/unaymilletras.com\/","name":"Una y Mil Letras","description":"","publisher":{"@id":"http:\/\/unaymilletras.com\/#organization"},"potentialAction":[{"@type":"SearchAction","target":{"@type":"EntryPoint","urlTemplate":"http:\/\/unaymilletras.com\/?s={search_term_string}"},"query-input":{"@type":"PropertyValueSpecification","valueRequired":true,"valueName":"search_term_string"}}],"inLanguage":"en-GB"},{"@type":"Organization","@id":"http:\/\/unaymilletras.com\/#organization","name":"Una y Mil Letras","url":"http:\/\/unaymilletras.com\/","logo":{"@type":"ImageObject","inLanguage":"en-GB","@id":"http:\/\/unaymilletras.com\/#\/schema\/logo\/image\/","url":"https:\/\/unaymilletras.com\/wp-content\/uploads\/2024\/06\/cropped-Logo-removebg-preview.png","contentUrl":"https:\/\/unaymilletras.com\/wp-content\/uploads\/2024\/06\/cropped-Logo-removebg-preview.png","width":512,"height":512,"caption":"Una y Mil Letras"},"image":{"@id":"http:\/\/unaymilletras.com\/#\/schema\/logo\/image\/"},"sameAs":["https:\/\/x.com\/UnaYMilLetras","https:\/\/instagram.com\/UnaYMilLetras"]},{"@type":"Person","@id":"http:\/\/unaymilletras.com\/#\/schema\/person\/0860dc8a218329991ee2c7591f4f849d","name":"Redacci\u00f3n","image":{"@type":"ImageObject","inLanguage":"en-GB","@id":"https:\/\/secure.gravatar.com\/avatar\/d8f55e05a8b6597e45c55a1dcbdbfe44f4a360d88b48e00de5216a79b7732796?s=96&d=mm&r=g","url":"https:\/\/secure.gravatar.com\/avatar\/d8f55e05a8b6597e45c55a1dcbdbfe44f4a360d88b48e00de5216a79b7732796?s=96&d=mm&r=g","contentUrl":"https:\/\/secure.gravatar.com\/avatar\/d8f55e05a8b6597e45c55a1dcbdbfe44f4a360d88b48e00de5216a79b7732796?s=96&d=mm&r=g","caption":"Redacci\u00f3n"},"url":"https:\/\/unaymilletras.com\/en\/author\/redaccion\/"}]}},"_links":{"self":[{"href":"https:\/\/unaymilletras.com\/en\/wp-json\/wp\/v2\/posts\/3279","targetHints":{"allow":["GET"]}}],"collection":[{"href":"https:\/\/unaymilletras.com\/en\/wp-json\/wp\/v2\/posts"}],"about":[{"href":"https:\/\/unaymilletras.com\/en\/wp-json\/wp\/v2\/types\/post"}],"author":[{"embeddable":true,"href":"https:\/\/unaymilletras.com\/en\/wp-json\/wp\/v2\/users\/6"}],"replies":[{"embeddable":true,"href":"https:\/\/unaymilletras.com\/en\/wp-json\/wp\/v2\/comments?post=3279"}],"version-history":[{"count":7,"href":"https:\/\/unaymilletras.com\/en\/wp-json\/wp\/v2\/posts\/3279\/revisions"}],"predecessor-version":[{"id":3289,"href":"https:\/\/unaymilletras.com\/en\/wp-json\/wp\/v2\/posts\/3279\/revisions\/3289"}],"wp:featuredmedia":[{"embeddable":true,"href":"https:\/\/unaymilletras.com\/en\/wp-json\/wp\/v2\/media\/3282"}],"wp:attachment":[{"href":"https:\/\/unaymilletras.com\/en\/wp-json\/wp\/v2\/media?parent=3279"}],"wp:term":[{"taxonomy":"category","embeddable":true,"href":"https:\/\/unaymilletras.com\/en\/wp-json\/wp\/v2\/categories?post=3279"},{"taxonomy":"post_tag","embeddable":true,"href":"https:\/\/unaymilletras.com\/en\/wp-json\/wp\/v2\/tags?post=3279"}],"curies":[{"name":"wp","href":"https:\/\/api.w.org\/{rel}","templated":true}]}}