{"id":3290,"date":"2024-11-07T15:08:27","date_gmt":"2024-11-07T14:08:27","guid":{"rendered":"https:\/\/unaymilletras.com\/?p=3290"},"modified":"2024-11-08T11:52:58","modified_gmt":"2024-11-08T10:52:58","slug":"nina-pastori-lanza-feliz-navidad-acompanado-de-una-gira-por","status":"publish","type":"post","link":"https:\/\/unaymilletras.com\/en\/nina-pastori-lanza-feliz-navidad-acompanado-de-una-gira-por\/","title":{"rendered":"Ni\u00f1a Pastori lanza \u00abFeliz Navidad\u00bb acompa\u00f1ado de una gira por"},"content":{"rendered":"\t\t<div data-elementor-type=\"wp-post\" data-elementor-id=\"3290\" class=\"elementor elementor-3290\">\n\t\t\t\t\t\t<section class=\"elementor-section elementor-top-section elementor-element elementor-element-74162ee elementor-section-boxed elementor-section-height-default elementor-section-height-default\" data-id=\"74162ee\" data-element_type=\"section\" data-e-type=\"section\">\n\t\t\t\t\t\t<div class=\"elementor-container elementor-column-gap-default\">\n\t\t\t\t\t<div class=\"elementor-column elementor-col-100 elementor-top-column elementor-element elementor-element-e71f334\" data-id=\"e71f334\" data-element_type=\"column\" data-e-type=\"column\">\n\t\t\t<div class=\"elementor-widget-wrap elementor-element-populated\">\n\t\t\t\t\t\t<div class=\"elementor-element elementor-element-3a51b68 elementor-widget elementor-widget-text-editor\" data-id=\"3a51b68\" data-element_type=\"widget\" data-e-type=\"widget\" data-widget_type=\"text-editor.default\">\n\t\t\t\t<div class=\"elementor-widget-container\">\n\t\t\t\t\t\t\t\t\t<h2 style=\"text-align: center;\"><em><span style=\"color: #808080;\">La artista gaditana Ni\u00f1a Pastori celebra su \u00e9poca favorita con una colecci\u00f3n de villancicos y dos temas in\u00e9ditos<\/span><\/em><\/h2>\t\t\t\t\t\t\t\t<\/div>\n\t\t\t\t<\/div>\n\t\t\t\t\t<\/div>\n\t\t<\/div>\n\t\t\t\t\t<\/div>\n\t\t<\/section>\n\t\t\t\t<section class=\"elementor-section elementor-top-section elementor-element elementor-element-2dc76f2 elementor-section-boxed elementor-section-height-default elementor-section-height-default\" data-id=\"2dc76f2\" data-element_type=\"section\" data-e-type=\"section\">\n\t\t\t\t\t\t<div class=\"elementor-container elementor-column-gap-default\">\n\t\t\t\t\t<div class=\"elementor-column elementor-col-100 elementor-top-column elementor-element elementor-element-fae2be7\" data-id=\"fae2be7\" data-element_type=\"column\" data-e-type=\"column\">\n\t\t\t<div class=\"elementor-widget-wrap elementor-element-populated\">\n\t\t\t\t\t\t<div class=\"elementor-element elementor-element-f4f0f09 elementor-widget elementor-widget-text-editor\" data-id=\"f4f0f09\" data-element_type=\"widget\" data-e-type=\"widget\" data-widget_type=\"text-editor.default\">\n\t\t\t\t<div class=\"elementor-widget-container\">\n\t\t\t\t\t\t\t\t\t<p>La magia de la Navidad llega adelantada este a\u00f1o con el nuevo \u00e1lbum de <strong>Ni\u00f1a Pastori, <em>Feliz Navidad<\/em><\/strong>, que ver\u00e1 la luz el pr\u00f3ximo 1 de noviembre. Con este disco, la reconocida cantante gaditana cumple uno de sus mayores sue\u00f1os: lanzar un \u00e1lbum navide\u00f1o que re\u00fane su esencia flamenca con la tradici\u00f3n de los villancicos. <em>Feliz Navidad<\/em> cuenta con 10 canciones, entre ellas dos temas in\u00e9ditos, <em>Hoy es Navidad<\/em> y <em>Ya vienen los reyes<\/em>, que prometen convertirse en nuevos cl\u00e1sicos de la temporada.<\/p>\t\t\t\t\t\t\t\t<\/div>\n\t\t\t\t<\/div>\n\t\t\t\t\t<\/div>\n\t\t<\/div>\n\t\t\t\t\t<\/div>\n\t\t<\/section>\n\t\t\t\t<section class=\"elementor-section elementor-top-section elementor-element elementor-element-cea944f elementor-section-boxed elementor-section-height-default elementor-section-height-default\" data-id=\"cea944f\" data-element_type=\"section\" data-e-type=\"section\">\n\t\t\t\t\t\t<div class=\"elementor-container elementor-column-gap-default\">\n\t\t\t\t\t<div class=\"elementor-column elementor-col-50 elementor-top-column elementor-element elementor-element-e14aa1b\" data-id=\"e14aa1b\" data-element_type=\"column\" data-e-type=\"column\">\n\t\t\t<div class=\"elementor-widget-wrap elementor-element-populated\">\n\t\t\t\t\t\t<div class=\"elementor-element elementor-element-52e7221 elementor-widget elementor-widget-image\" data-id=\"52e7221\" data-element_type=\"widget\" data-e-type=\"widget\" data-widget_type=\"image.default\">\n\t\t\t\t<div class=\"elementor-widget-container\">\n\t\t\t\t\t\t\t\t\t\t\t\t\t\t\t<img fetchpriority=\"high\" decoding=\"async\" width=\"640\" height=\"802\" src=\"https:\/\/unaymilletras.com\/wp-content\/uploads\/2024\/11\/gira-nina-817x1024.jpg\" class=\"attachment-large size-large wp-image-3292\" alt=\"\" srcset=\"https:\/\/unaymilletras.com\/wp-content\/uploads\/2024\/11\/gira-nina-817x1024.jpg 817w, https:\/\/unaymilletras.com\/wp-content\/uploads\/2024\/11\/gira-nina-239x300.jpg 239w, https:\/\/unaymilletras.com\/wp-content\/uploads\/2024\/11\/gira-nina-768x962.jpg 768w, https:\/\/unaymilletras.com\/wp-content\/uploads\/2024\/11\/gira-nina-10x12.jpg 10w, https:\/\/unaymilletras.com\/wp-content\/uploads\/2024\/11\/gira-nina-e1730988257917.jpg 600w\" sizes=\"(max-width: 640px) 100vw, 640px\" \/>\t\t\t\t\t\t\t\t\t\t\t\t\t\t\t<\/div>\n\t\t\t\t<\/div>\n\t\t\t\t\t<\/div>\n\t\t<\/div>\n\t\t\t\t<div class=\"elementor-column elementor-col-50 elementor-top-column elementor-element elementor-element-804dab2\" data-id=\"804dab2\" data-element_type=\"column\" data-e-type=\"column\">\n\t\t\t<div class=\"elementor-widget-wrap elementor-element-populated\">\n\t\t\t\t\t\t<div class=\"elementor-element elementor-element-aa0d6ae elementor-widget elementor-widget-text-editor\" data-id=\"aa0d6ae\" data-element_type=\"widget\" data-e-type=\"widget\" data-widget_type=\"text-editor.default\">\n\t\t\t\t<div class=\"elementor-widget-container\">\n\t\t\t\t\t\t\t\t\t<p>La producci\u00f3n ha contado con la colaboraci\u00f3n de Chaboli y el talentoso m\u00fasico cubano Luis Guerra, quienes han dado forma a este \u00e1lbum en los estudios Pachamama de C\u00e1diz y 5020 de Madrid. Con arreglos especialmente creados para destacar el estilo inconfundible de Ni\u00f1a Pastori, el disco reinterpreta grandes cl\u00e1sicos como <em>Navidad, navidad<\/em>, <em>Blanca Navidad <\/em>y<em> Noche de paz<\/em>, acerc\u00e1ndolos al p\u00fablico desde una perspectiva \u00fanica y flamenca.<\/p><p>Adem\u00e1s del lanzamiento de <em>Feliz Navidad<\/em>, Ni\u00f1a Pastori ha preparado una gira especial con la que recorrer\u00e1 una veintena de ciudades en toda Espa\u00f1a, muchas de ellas ya con entradas agotadas. Y para compartir a\u00fan m\u00e1s esta ilusi\u00f3n con sus seguidores, la artista realizar\u00e1 dos firmas de discos: el 7 de noviembre en El Corte Ingl\u00e9s Bah\u00eda C\u00e1diz y el 8 de noviembre en El Corte Ingl\u00e9s de Marbella, donde los fans podr\u00e1n llevarse su \u00e1lbum autografiado.<\/p>\t\t\t\t\t\t\t\t<\/div>\n\t\t\t\t<\/div>\n\t\t\t\t\t<\/div>\n\t\t<\/div>\n\t\t\t\t\t<\/div>\n\t\t<\/section>\n\t\t\t\t<section class=\"elementor-section elementor-top-section elementor-element elementor-element-aabd474 elementor-section-boxed elementor-section-height-default elementor-section-height-default\" data-id=\"aabd474\" data-element_type=\"section\" data-e-type=\"section\">\n\t\t\t\t\t\t<div class=\"elementor-container elementor-column-gap-default\">\n\t\t\t\t\t<div class=\"elementor-column elementor-col-100 elementor-top-column elementor-element elementor-element-f828206\" data-id=\"f828206\" data-element_type=\"column\" data-e-type=\"column\">\n\t\t\t<div class=\"elementor-widget-wrap elementor-element-populated\">\n\t\t\t\t\t\t<div class=\"elementor-element elementor-element-55311ce elementor-widget elementor-widget-text-editor\" data-id=\"55311ce\" data-element_type=\"widget\" data-e-type=\"widget\" data-widget_type=\"text-editor.default\">\n\t\t\t\t<div class=\"elementor-widget-container\">\n\t\t\t\t\t\t\t\t\t<div class=\"flex max-w-full flex-col flex-grow\"><div class=\"min-h-8 text-message flex w-full flex-col items-end gap-2 whitespace-normal break-words [.text-message+&amp;]:mt-5\" dir=\"auto\" data-message-author-role=\"assistant\" data-message-id=\"78a9e37b-c669-4e59-801c-2abc092b2d41\" data-message-model-slug=\"gpt-4o\"><div class=\"flex w-full flex-col gap-1 empty:hidden first:pt-[3px]\"><div class=\"markdown prose w-full break-words dark:prose-invert light\"><p>Con <em>Feliz Navidad<\/em> y su <span style=\"color: #808080;\"><a style=\"color: #808080;\" href=\"https:\/\/unaymilletras.com\/nina-pastori-esta-en-la-recta-final-de-su-gira-camino-2024\/\">gira<\/a><\/span>, Ni\u00f1a Pastori se prepara para hacer de esta Navidad una celebraci\u00f3n inolvidable para todos los que la siguen.<\/p><\/div><\/div><\/div><\/div>\t\t\t\t\t\t\t\t<\/div>\n\t\t\t\t<\/div>\n\t\t\t\t\t<\/div>\n\t\t<\/div>\n\t\t\t\t\t<\/div>\n\t\t<\/section>\n\t\t\t\t<\/div>\n\t\t","protected":false},"excerpt":{"rendered":"<p>La artista gaditana Ni\u00f1a Pastori celebra su \u00e9poca favorita con una colecci\u00f3n de villancicos y dos temas in\u00e9ditos La magia de la Navidad llega adelantada este a\u00f1o con el nuevo \u00e1lbum de Ni\u00f1a Pastori, Feliz Navidad, que ver\u00e1 la luz el pr\u00f3ximo 1 de noviembre. Con este disco, la reconocida cantante gaditana cumple uno de [&hellip;]<\/p>\n","protected":false},"author":6,"featured_media":3292,"comment_status":"open","ping_status":"open","sticky":false,"template":"","format":"standard","meta":{"footnotes":""},"categories":[119,4],"tags":[],"class_list":["post-3290","post","type-post","status-publish","format-standard","has-post-thumbnail","hentry","category-eventos","category-musica"],"yoast_head":"<!-- This site is optimized with the Yoast SEO plugin v27.4 - https:\/\/yoast.com\/product\/yoast-seo-wordpress\/ -->\n<title>Ni\u00f1a Pastori lanza &quot;Feliz Navidad&quot; acompa\u00f1ado de una gira por<\/title>\n<meta name=\"description\" content=\"La artista gaditana Ni\u00f1a Pastori celebra su \u00e9poca favorita con una colecci\u00f3n de villancicos y dos temas in\u00e9ditos\" \/>\n<meta name=\"robots\" content=\"index, follow, max-snippet:-1, max-image-preview:large, max-video-preview:-1\" \/>\n<link rel=\"canonical\" href=\"https:\/\/unaymilletras.com\/en\/nina-pastori-lanza-feliz-navidad-acompanado-de-una-gira-por\/\" \/>\n<meta property=\"og:locale\" content=\"en_GB\" \/>\n<meta property=\"og:type\" content=\"article\" \/>\n<meta property=\"og:title\" content=\"Ni\u00f1a Pastori lanza &quot;Feliz Navidad&quot; acompa\u00f1ado de una gira por\" \/>\n<meta property=\"og:description\" content=\"La artista gaditana Ni\u00f1a Pastori celebra su \u00e9poca favorita con una colecci\u00f3n de villancicos y dos temas in\u00e9ditos\" \/>\n<meta property=\"og:url\" content=\"https:\/\/unaymilletras.com\/en\/nina-pastori-lanza-feliz-navidad-acompanado-de-una-gira-por\/\" \/>\n<meta property=\"og:site_name\" content=\"Una y Mil Letras\" \/>\n<meta property=\"article:published_time\" content=\"2024-11-07T14:08:27+00:00\" \/>\n<meta property=\"article:modified_time\" content=\"2024-11-08T10:52:58+00:00\" \/>\n<meta property=\"og:image\" content=\"http:\/\/unaymilletras.com\/wp-content\/uploads\/2024\/11\/gira-nina-e1730988257917.jpg\" \/>\n\t<meta property=\"og:image:width\" content=\"600\" \/>\n\t<meta property=\"og:image:height\" content=\"752\" \/>\n\t<meta property=\"og:image:type\" content=\"image\/jpeg\" \/>\n<meta name=\"author\" content=\"Redacci\u00f3n\" \/>\n<meta name=\"twitter:card\" content=\"summary_large_image\" \/>\n<meta name=\"twitter:creator\" content=\"@UnaYMilLetras\" \/>\n<meta name=\"twitter:site\" content=\"@UnaYMilLetras\" \/>\n<meta name=\"twitter:label1\" content=\"Written by\" \/>\n\t<meta name=\"twitter:data1\" content=\"Redacci\u00f3n\" \/>\n\t<meta name=\"twitter:label2\" content=\"Estimated reading time\" \/>\n\t<meta name=\"twitter:data2\" content=\"2 minutes\" \/>\n<script type=\"application\/ld+json\" class=\"yoast-schema-graph\">{\"@context\":\"https:\\\/\\\/schema.org\",\"@graph\":[{\"@type\":\"Article\",\"@id\":\"https:\\\/\\\/unaymilletras.com\\\/nina-pastori-lanza-feliz-navidad-acompanado-de-una-gira-por\\\/#article\",\"isPartOf\":{\"@id\":\"https:\\\/\\\/unaymilletras.com\\\/nina-pastori-lanza-feliz-navidad-acompanado-de-una-gira-por\\\/\"},\"author\":{\"name\":\"Redacci\u00f3n\",\"@id\":\"http:\\\/\\\/unaymilletras.com\\\/#\\\/schema\\\/person\\\/0860dc8a218329991ee2c7591f4f849d\"},\"headline\":\"Ni\u00f1a Pastori lanza \u00abFeliz Navidad\u00bb acompa\u00f1ado de una gira por\",\"datePublished\":\"2024-11-07T14:08:27+00:00\",\"dateModified\":\"2024-11-08T10:52:58+00:00\",\"mainEntityOfPage\":{\"@id\":\"https:\\\/\\\/unaymilletras.com\\\/nina-pastori-lanza-feliz-navidad-acompanado-de-una-gira-por\\\/\"},\"wordCount\":310,\"commentCount\":0,\"publisher\":{\"@id\":\"http:\\\/\\\/unaymilletras.com\\\/#organization\"},\"image\":{\"@id\":\"https:\\\/\\\/unaymilletras.com\\\/nina-pastori-lanza-feliz-navidad-acompanado-de-una-gira-por\\\/#primaryimage\"},\"thumbnailUrl\":\"https:\\\/\\\/unaymilletras.com\\\/wp-content\\\/uploads\\\/2024\\\/11\\\/gira-nina-e1730988257917.jpg\",\"articleSection\":[\"Eventos\",\"M\u00fasica\"],\"inLanguage\":\"en-GB\",\"potentialAction\":[{\"@type\":\"CommentAction\",\"name\":\"Comment\",\"target\":[\"https:\\\/\\\/unaymilletras.com\\\/nina-pastori-lanza-feliz-navidad-acompanado-de-una-gira-por\\\/#respond\"]}]},{\"@type\":\"WebPage\",\"@id\":\"https:\\\/\\\/unaymilletras.com\\\/nina-pastori-lanza-feliz-navidad-acompanado-de-una-gira-por\\\/\",\"url\":\"https:\\\/\\\/unaymilletras.com\\\/nina-pastori-lanza-feliz-navidad-acompanado-de-una-gira-por\\\/\",\"name\":\"Ni\u00f1a Pastori lanza \\\"Feliz Navidad\\\" acompa\u00f1ado de una gira por\",\"isPartOf\":{\"@id\":\"http:\\\/\\\/unaymilletras.com\\\/#website\"},\"primaryImageOfPage\":{\"@id\":\"https:\\\/\\\/unaymilletras.com\\\/nina-pastori-lanza-feliz-navidad-acompanado-de-una-gira-por\\\/#primaryimage\"},\"image\":{\"@id\":\"https:\\\/\\\/unaymilletras.com\\\/nina-pastori-lanza-feliz-navidad-acompanado-de-una-gira-por\\\/#primaryimage\"},\"thumbnailUrl\":\"https:\\\/\\\/unaymilletras.com\\\/wp-content\\\/uploads\\\/2024\\\/11\\\/gira-nina-e1730988257917.jpg\",\"datePublished\":\"2024-11-07T14:08:27+00:00\",\"dateModified\":\"2024-11-08T10:52:58+00:00\",\"description\":\"La artista gaditana Ni\u00f1a Pastori celebra su \u00e9poca favorita con una colecci\u00f3n de villancicos y dos temas in\u00e9ditos\",\"breadcrumb\":{\"@id\":\"https:\\\/\\\/unaymilletras.com\\\/nina-pastori-lanza-feliz-navidad-acompanado-de-una-gira-por\\\/#breadcrumb\"},\"inLanguage\":\"en-GB\",\"potentialAction\":[{\"@type\":\"ReadAction\",\"target\":[\"https:\\\/\\\/unaymilletras.com\\\/nina-pastori-lanza-feliz-navidad-acompanado-de-una-gira-por\\\/\"]}]},{\"@type\":\"ImageObject\",\"inLanguage\":\"en-GB\",\"@id\":\"https:\\\/\\\/unaymilletras.com\\\/nina-pastori-lanza-feliz-navidad-acompanado-de-una-gira-por\\\/#primaryimage\",\"url\":\"https:\\\/\\\/unaymilletras.com\\\/wp-content\\\/uploads\\\/2024\\\/11\\\/gira-nina-e1730988257917.jpg\",\"contentUrl\":\"https:\\\/\\\/unaymilletras.com\\\/wp-content\\\/uploads\\\/2024\\\/11\\\/gira-nina-e1730988257917.jpg\",\"width\":600,\"height\":752},{\"@type\":\"BreadcrumbList\",\"@id\":\"https:\\\/\\\/unaymilletras.com\\\/nina-pastori-lanza-feliz-navidad-acompanado-de-una-gira-por\\\/#breadcrumb\",\"itemListElement\":[{\"@type\":\"ListItem\",\"position\":1,\"name\":\"Home\",\"item\":\"http:\\\/\\\/unaymilletras.com\\\/\"},{\"@type\":\"ListItem\",\"position\":2,\"name\":\"Ni\u00f1a Pastori lanza \u00abFeliz Navidad\u00bb acompa\u00f1ado de una gira por\"}]},{\"@type\":\"WebSite\",\"@id\":\"http:\\\/\\\/unaymilletras.com\\\/#website\",\"url\":\"http:\\\/\\\/unaymilletras.com\\\/\",\"name\":\"Una y Mil Letras\",\"description\":\"\",\"publisher\":{\"@id\":\"http:\\\/\\\/unaymilletras.com\\\/#organization\"},\"potentialAction\":[{\"@type\":\"SearchAction\",\"target\":{\"@type\":\"EntryPoint\",\"urlTemplate\":\"http:\\\/\\\/unaymilletras.com\\\/?s={search_term_string}\"},\"query-input\":{\"@type\":\"PropertyValueSpecification\",\"valueRequired\":true,\"valueName\":\"search_term_string\"}}],\"inLanguage\":\"en-GB\"},{\"@type\":\"Organization\",\"@id\":\"http:\\\/\\\/unaymilletras.com\\\/#organization\",\"name\":\"Una y Mil Letras\",\"url\":\"http:\\\/\\\/unaymilletras.com\\\/\",\"logo\":{\"@type\":\"ImageObject\",\"inLanguage\":\"en-GB\",\"@id\":\"http:\\\/\\\/unaymilletras.com\\\/#\\\/schema\\\/logo\\\/image\\\/\",\"url\":\"https:\\\/\\\/unaymilletras.com\\\/wp-content\\\/uploads\\\/2024\\\/06\\\/cropped-Logo-removebg-preview.png\",\"contentUrl\":\"https:\\\/\\\/unaymilletras.com\\\/wp-content\\\/uploads\\\/2024\\\/06\\\/cropped-Logo-removebg-preview.png\",\"width\":512,\"height\":512,\"caption\":\"Una y Mil Letras\"},\"image\":{\"@id\":\"http:\\\/\\\/unaymilletras.com\\\/#\\\/schema\\\/logo\\\/image\\\/\"},\"sameAs\":[\"https:\\\/\\\/x.com\\\/UnaYMilLetras\",\"https:\\\/\\\/instagram.com\\\/UnaYMilLetras\"]},{\"@type\":\"Person\",\"@id\":\"http:\\\/\\\/unaymilletras.com\\\/#\\\/schema\\\/person\\\/0860dc8a218329991ee2c7591f4f849d\",\"name\":\"Redacci\u00f3n\",\"image\":{\"@type\":\"ImageObject\",\"inLanguage\":\"en-GB\",\"@id\":\"https:\\\/\\\/secure.gravatar.com\\\/avatar\\\/d8f55e05a8b6597e45c55a1dcbdbfe44f4a360d88b48e00de5216a79b7732796?s=96&d=mm&r=g\",\"url\":\"https:\\\/\\\/secure.gravatar.com\\\/avatar\\\/d8f55e05a8b6597e45c55a1dcbdbfe44f4a360d88b48e00de5216a79b7732796?s=96&d=mm&r=g\",\"contentUrl\":\"https:\\\/\\\/secure.gravatar.com\\\/avatar\\\/d8f55e05a8b6597e45c55a1dcbdbfe44f4a360d88b48e00de5216a79b7732796?s=96&d=mm&r=g\",\"caption\":\"Redacci\u00f3n\"},\"url\":\"https:\\\/\\\/unaymilletras.com\\\/en\\\/author\\\/redaccion\\\/\"}]}<\/script>\n<!-- \/ Yoast SEO plugin. -->","yoast_head_json":{"title":"Ni\u00f1a Pastori lanza \"Feliz Navidad\" acompa\u00f1ado de una gira por","description":"La artista gaditana Ni\u00f1a Pastori celebra su \u00e9poca favorita con una colecci\u00f3n de villancicos y dos temas in\u00e9ditos","robots":{"index":"index","follow":"follow","max-snippet":"max-snippet:-1","max-image-preview":"max-image-preview:large","max-video-preview":"max-video-preview:-1"},"canonical":"https:\/\/unaymilletras.com\/en\/nina-pastori-lanza-feliz-navidad-acompanado-de-una-gira-por\/","og_locale":"en_GB","og_type":"article","og_title":"Ni\u00f1a Pastori lanza \"Feliz Navidad\" acompa\u00f1ado de una gira por","og_description":"La artista gaditana Ni\u00f1a Pastori celebra su \u00e9poca favorita con una colecci\u00f3n de villancicos y dos temas in\u00e9ditos","og_url":"https:\/\/unaymilletras.com\/en\/nina-pastori-lanza-feliz-navidad-acompanado-de-una-gira-por\/","og_site_name":"Una y Mil Letras","article_published_time":"2024-11-07T14:08:27+00:00","article_modified_time":"2024-11-08T10:52:58+00:00","og_image":[{"width":600,"height":752,"url":"http:\/\/unaymilletras.com\/wp-content\/uploads\/2024\/11\/gira-nina-e1730988257917.jpg","type":"image\/jpeg"}],"author":"Redacci\u00f3n","twitter_card":"summary_large_image","twitter_creator":"@UnaYMilLetras","twitter_site":"@UnaYMilLetras","twitter_misc":{"Written by":"Redacci\u00f3n","Estimated reading time":"2 minutes"},"schema":{"@context":"https:\/\/schema.org","@graph":[{"@type":"Article","@id":"https:\/\/unaymilletras.com\/nina-pastori-lanza-feliz-navidad-acompanado-de-una-gira-por\/#article","isPartOf":{"@id":"https:\/\/unaymilletras.com\/nina-pastori-lanza-feliz-navidad-acompanado-de-una-gira-por\/"},"author":{"name":"Redacci\u00f3n","@id":"http:\/\/unaymilletras.com\/#\/schema\/person\/0860dc8a218329991ee2c7591f4f849d"},"headline":"Ni\u00f1a Pastori lanza \u00abFeliz Navidad\u00bb acompa\u00f1ado de una gira por","datePublished":"2024-11-07T14:08:27+00:00","dateModified":"2024-11-08T10:52:58+00:00","mainEntityOfPage":{"@id":"https:\/\/unaymilletras.com\/nina-pastori-lanza-feliz-navidad-acompanado-de-una-gira-por\/"},"wordCount":310,"commentCount":0,"publisher":{"@id":"http:\/\/unaymilletras.com\/#organization"},"image":{"@id":"https:\/\/unaymilletras.com\/nina-pastori-lanza-feliz-navidad-acompanado-de-una-gira-por\/#primaryimage"},"thumbnailUrl":"https:\/\/unaymilletras.com\/wp-content\/uploads\/2024\/11\/gira-nina-e1730988257917.jpg","articleSection":["Eventos","M\u00fasica"],"inLanguage":"en-GB","potentialAction":[{"@type":"CommentAction","name":"Comment","target":["https:\/\/unaymilletras.com\/nina-pastori-lanza-feliz-navidad-acompanado-de-una-gira-por\/#respond"]}]},{"@type":"WebPage","@id":"https:\/\/unaymilletras.com\/nina-pastori-lanza-feliz-navidad-acompanado-de-una-gira-por\/","url":"https:\/\/unaymilletras.com\/nina-pastori-lanza-feliz-navidad-acompanado-de-una-gira-por\/","name":"Ni\u00f1a Pastori lanza \"Feliz Navidad\" acompa\u00f1ado de una gira por","isPartOf":{"@id":"http:\/\/unaymilletras.com\/#website"},"primaryImageOfPage":{"@id":"https:\/\/unaymilletras.com\/nina-pastori-lanza-feliz-navidad-acompanado-de-una-gira-por\/#primaryimage"},"image":{"@id":"https:\/\/unaymilletras.com\/nina-pastori-lanza-feliz-navidad-acompanado-de-una-gira-por\/#primaryimage"},"thumbnailUrl":"https:\/\/unaymilletras.com\/wp-content\/uploads\/2024\/11\/gira-nina-e1730988257917.jpg","datePublished":"2024-11-07T14:08:27+00:00","dateModified":"2024-11-08T10:52:58+00:00","description":"La artista gaditana Ni\u00f1a Pastori celebra su \u00e9poca favorita con una colecci\u00f3n de villancicos y dos temas in\u00e9ditos","breadcrumb":{"@id":"https:\/\/unaymilletras.com\/nina-pastori-lanza-feliz-navidad-acompanado-de-una-gira-por\/#breadcrumb"},"inLanguage":"en-GB","potentialAction":[{"@type":"ReadAction","target":["https:\/\/unaymilletras.com\/nina-pastori-lanza-feliz-navidad-acompanado-de-una-gira-por\/"]}]},{"@type":"ImageObject","inLanguage":"en-GB","@id":"https:\/\/unaymilletras.com\/nina-pastori-lanza-feliz-navidad-acompanado-de-una-gira-por\/#primaryimage","url":"https:\/\/unaymilletras.com\/wp-content\/uploads\/2024\/11\/gira-nina-e1730988257917.jpg","contentUrl":"https:\/\/unaymilletras.com\/wp-content\/uploads\/2024\/11\/gira-nina-e1730988257917.jpg","width":600,"height":752},{"@type":"BreadcrumbList","@id":"https:\/\/unaymilletras.com\/nina-pastori-lanza-feliz-navidad-acompanado-de-una-gira-por\/#breadcrumb","itemListElement":[{"@type":"ListItem","position":1,"name":"Home","item":"http:\/\/unaymilletras.com\/"},{"@type":"ListItem","position":2,"name":"Ni\u00f1a Pastori lanza \u00abFeliz Navidad\u00bb acompa\u00f1ado de una gira por"}]},{"@type":"WebSite","@id":"http:\/\/unaymilletras.com\/#website","url":"http:\/\/unaymilletras.com\/","name":"Una y Mil Letras","description":"","publisher":{"@id":"http:\/\/unaymilletras.com\/#organization"},"potentialAction":[{"@type":"SearchAction","target":{"@type":"EntryPoint","urlTemplate":"http:\/\/unaymilletras.com\/?s={search_term_string}"},"query-input":{"@type":"PropertyValueSpecification","valueRequired":true,"valueName":"search_term_string"}}],"inLanguage":"en-GB"},{"@type":"Organization","@id":"http:\/\/unaymilletras.com\/#organization","name":"Una y Mil Letras","url":"http:\/\/unaymilletras.com\/","logo":{"@type":"ImageObject","inLanguage":"en-GB","@id":"http:\/\/unaymilletras.com\/#\/schema\/logo\/image\/","url":"https:\/\/unaymilletras.com\/wp-content\/uploads\/2024\/06\/cropped-Logo-removebg-preview.png","contentUrl":"https:\/\/unaymilletras.com\/wp-content\/uploads\/2024\/06\/cropped-Logo-removebg-preview.png","width":512,"height":512,"caption":"Una y Mil Letras"},"image":{"@id":"http:\/\/unaymilletras.com\/#\/schema\/logo\/image\/"},"sameAs":["https:\/\/x.com\/UnaYMilLetras","https:\/\/instagram.com\/UnaYMilLetras"]},{"@type":"Person","@id":"http:\/\/unaymilletras.com\/#\/schema\/person\/0860dc8a218329991ee2c7591f4f849d","name":"Redacci\u00f3n","image":{"@type":"ImageObject","inLanguage":"en-GB","@id":"https:\/\/secure.gravatar.com\/avatar\/d8f55e05a8b6597e45c55a1dcbdbfe44f4a360d88b48e00de5216a79b7732796?s=96&d=mm&r=g","url":"https:\/\/secure.gravatar.com\/avatar\/d8f55e05a8b6597e45c55a1dcbdbfe44f4a360d88b48e00de5216a79b7732796?s=96&d=mm&r=g","contentUrl":"https:\/\/secure.gravatar.com\/avatar\/d8f55e05a8b6597e45c55a1dcbdbfe44f4a360d88b48e00de5216a79b7732796?s=96&d=mm&r=g","caption":"Redacci\u00f3n"},"url":"https:\/\/unaymilletras.com\/en\/author\/redaccion\/"}]}},"_links":{"self":[{"href":"https:\/\/unaymilletras.com\/en\/wp-json\/wp\/v2\/posts\/3290","targetHints":{"allow":["GET"]}}],"collection":[{"href":"https:\/\/unaymilletras.com\/en\/wp-json\/wp\/v2\/posts"}],"about":[{"href":"https:\/\/unaymilletras.com\/en\/wp-json\/wp\/v2\/types\/post"}],"author":[{"embeddable":true,"href":"https:\/\/unaymilletras.com\/en\/wp-json\/wp\/v2\/users\/6"}],"replies":[{"embeddable":true,"href":"https:\/\/unaymilletras.com\/en\/wp-json\/wp\/v2\/comments?post=3290"}],"version-history":[{"count":7,"href":"https:\/\/unaymilletras.com\/en\/wp-json\/wp\/v2\/posts\/3290\/revisions"}],"predecessor-version":[{"id":3298,"href":"https:\/\/unaymilletras.com\/en\/wp-json\/wp\/v2\/posts\/3290\/revisions\/3298"}],"wp:featuredmedia":[{"embeddable":true,"href":"https:\/\/unaymilletras.com\/en\/wp-json\/wp\/v2\/media\/3292"}],"wp:attachment":[{"href":"https:\/\/unaymilletras.com\/en\/wp-json\/wp\/v2\/media?parent=3290"}],"wp:term":[{"taxonomy":"category","embeddable":true,"href":"https:\/\/unaymilletras.com\/en\/wp-json\/wp\/v2\/categories?post=3290"},{"taxonomy":"post_tag","embeddable":true,"href":"https:\/\/unaymilletras.com\/en\/wp-json\/wp\/v2\/tags?post=3290"}],"curies":[{"name":"wp","href":"https:\/\/api.w.org\/{rel}","templated":true}]}}