{"id":3299,"date":"2024-11-07T19:30:00","date_gmt":"2024-11-07T18:30:00","guid":{"rendered":"https:\/\/unaymilletras.com\/?p=3299"},"modified":"2024-11-08T11:52:44","modified_gmt":"2024-11-08T10:52:44","slug":"jay-wheeler-vuelve-a-espana-con-su-trappii-tour","status":"publish","type":"post","link":"https:\/\/unaymilletras.com\/en\/jay-wheeler-vuelve-a-espana-con-su-trappii-tour\/","title":{"rendered":"Jay Wheeler vuelve a Espa\u00f1a con su TRAPPii Tour"},"content":{"rendered":"<div data-elementor-type=\"wp-post\" data-elementor-id=\"3299\" class=\"elementor elementor-3299\">\n\t\t\t\t\t\t<section class=\"elementor-section elementor-top-section elementor-element elementor-element-de6543f elementor-section-boxed elementor-section-height-default elementor-section-height-default\" data-id=\"de6543f\" data-element_type=\"section\" data-e-type=\"section\">\n\t\t\t\t\t\t<div class=\"elementor-container elementor-column-gap-default\">\n\t\t\t\t\t<div class=\"elementor-column elementor-col-100 elementor-top-column elementor-element elementor-element-0fc424e\" data-id=\"0fc424e\" data-element_type=\"column\" data-e-type=\"column\">\n\t\t\t<div class=\"elementor-widget-wrap elementor-element-populated\">\n\t\t\t\t\t\t<div class=\"elementor-element elementor-element-7f1cb3f elementor-widget elementor-widget-text-editor\" data-id=\"7f1cb3f\" data-element_type=\"widget\" data-e-type=\"widget\" data-widget_type=\"text-editor.default\">\n\t\t\t\t<div class=\"elementor-widget-container\">\n\t\t\t\t\t\t\t\t\t<h2 style=\"text-align: center;\"><span style=\"color: #808080;\"><em>El 16 de diciembre Jay Wheeler volver\u00e1 a actuar en el WiZink Center de Madrid, un a\u00f1o despu\u00e9s de su \u00faltimo show <\/em><\/span><\/h2>\t\t\t\t\t\t\t\t<\/div>\n\t\t\t\t<\/div>\n\t\t\t\t\t<\/div>\n\t\t<\/div>\n\t\t\t\t\t<\/div>\n\t\t<\/section>\n\t\t\t\t<section class=\"elementor-section elementor-top-section elementor-element elementor-element-edc0d3f elementor-section-boxed elementor-section-height-default elementor-section-height-default\" data-id=\"edc0d3f\" data-element_type=\"section\" data-e-type=\"section\">\n\t\t\t\t\t\t<div class=\"elementor-container elementor-column-gap-default\">\n\t\t\t\t\t<div class=\"elementor-column elementor-col-100 elementor-top-column elementor-element elementor-element-2c2589f\" data-id=\"2c2589f\" data-element_type=\"column\" data-e-type=\"column\">\n\t\t\t<div class=\"elementor-widget-wrap elementor-element-populated\">\n\t\t\t\t\t\t<div class=\"elementor-element elementor-element-af03990 elementor-widget elementor-widget-text-editor\" data-id=\"af03990\" data-element_type=\"widget\" data-e-type=\"widget\" data-widget_type=\"text-editor.default\">\n\t\t\t\t<div class=\"elementor-widget-container\">\n\t\t\t\t\t\t\t\t\t<p>Un a\u00f1o despu\u00e9s de su \u00faltimo concierto, <strong>Jay Wheeler<\/strong> volver\u00e1 a pisar el escenario del <strong>WiZink Center<\/strong> de Madrid el 16 de diciembre. Esta gira, que presenta su \u00e1lbum\u00a0<strong><em>Trappii<\/em>,<\/strong> ha cosechado \u00e9xitos desde su inicio en junio con un <em>sold out<\/em> en The Theater en Madison Square Garden de Nueva York. Desde entonces, ha agotado entradas en m\u00e1s de 25 ciudades, consolidando su estatus como una de las figuras m\u00e1s influyentes de la m\u00fasica latina actual.<\/p>\t\t\t\t\t\t\t\t<\/div>\n\t\t\t\t<\/div>\n\t\t\t\t\t<\/div>\n\t\t<\/div>\n\t\t\t\t\t<\/div>\n\t\t<\/section>\n\t\t\t\t<section class=\"elementor-section elementor-top-section elementor-element elementor-element-794cba9 elementor-section-boxed elementor-section-height-default elementor-section-height-default\" data-id=\"794cba9\" data-element_type=\"section\" data-e-type=\"section\">\n\t\t\t\t\t\t<div class=\"elementor-container elementor-column-gap-default\">\n\t\t\t\t\t<div class=\"elementor-column elementor-col-100 elementor-top-column elementor-element elementor-element-4c25002\" data-id=\"4c25002\" data-element_type=\"column\" data-e-type=\"column\">\n\t\t\t<div class=\"elementor-widget-wrap elementor-element-populated\">\n\t\t\t\t\t\t<div class=\"elementor-element elementor-element-8c56b3f elementor-widget elementor-widget-image\" data-id=\"8c56b3f\" data-element_type=\"widget\" data-e-type=\"widget\" data-widget_type=\"image.default\">\n\t\t\t\t<div class=\"elementor-widget-container\">\n\t\t\t\t\t\t\t\t\t\t\t\t\t\t\t<img fetchpriority=\"high\" decoding=\"async\" width=\"640\" height=\"360\" src=\"https:\/\/unaymilletras.com\/wp-content\/uploads\/2024\/11\/JW-Monitor-1920x1080-1-1024x576.jpg\" class=\"attachment-large size-large wp-image-3301\" alt=\"Jay Wheeler\" srcset=\"https:\/\/unaymilletras.com\/wp-content\/uploads\/2024\/11\/JW-Monitor-1920x1080-1-1024x576.jpg 1024w, https:\/\/unaymilletras.com\/wp-content\/uploads\/2024\/11\/JW-Monitor-1920x1080-1-300x169.jpg 300w, https:\/\/unaymilletras.com\/wp-content\/uploads\/2024\/11\/JW-Monitor-1920x1080-1-768x432.jpg 768w, https:\/\/unaymilletras.com\/wp-content\/uploads\/2024\/11\/JW-Monitor-1920x1080-1-1536x864.jpg 1536w, https:\/\/unaymilletras.com\/wp-content\/uploads\/2024\/11\/JW-Monitor-1920x1080-1-18x10.jpg 18w, https:\/\/unaymilletras.com\/wp-content\/uploads\/2024\/11\/JW-Monitor-1920x1080-1-1280x720.jpg 1280w, https:\/\/unaymilletras.com\/wp-content\/uploads\/2024\/11\/JW-Monitor-1920x1080-1-e1730996165199.jpg 600w\" sizes=\"(max-width: 640px) 100vw, 640px\" \/>\t\t\t\t\t\t\t\t\t\t\t\t\t\t\t<\/div>\n\t\t\t\t<\/div>\n\t\t\t\t\t<\/div>\n\t\t<\/div>\n\t\t\t\t\t<\/div>\n\t\t<\/section>\n\t\t\t\t<section class=\"elementor-section elementor-top-section elementor-element elementor-element-176a9bc elementor-section-boxed elementor-section-height-default elementor-section-height-default\" data-id=\"176a9bc\" data-element_type=\"section\" data-e-type=\"section\">\n\t\t\t\t\t\t<div class=\"elementor-container elementor-column-gap-default\">\n\t\t\t\t\t<div class=\"elementor-column elementor-col-100 elementor-top-column elementor-element elementor-element-039831e\" data-id=\"039831e\" data-element_type=\"column\" data-e-type=\"column\">\n\t\t\t<div class=\"elementor-widget-wrap elementor-element-populated\">\n\t\t\t\t\t\t<div class=\"elementor-element elementor-element-ae36bb1 elementor-widget elementor-widget-text-editor\" data-id=\"ae36bb1\" data-element_type=\"widget\" data-e-type=\"widget\" data-widget_type=\"text-editor.default\">\n\t\t\t\t<div class=\"elementor-widget-container\">\n\t\t\t\t\t\t\t\t\t<p>En su espect\u00e1culo en Madrid, los fans disfrutar\u00e1n de un concierto lleno de energ\u00eda en el que Jay Wheeler interpretar\u00e1 sus <span style=\"color: #808080;\"><a style=\"color: #808080;\" href=\"https:\/\/unaymilletras.com\/en\/greeicy-y-jay-wheeler-el-duo-que-no-sabiamos-que-necesitabamos\/\">temas<\/a><\/span> m\u00e1s populares del \u00e1lbum. Incluir\u00e1\u00a0\u00e9xitos que dominan las listas de reproducci\u00f3n globales. \u201cEstoy sumamente emocionado de llevar <em>Trappii Tour<\/em> a Europa y compartir esta nueva experiencia con mis fans\u201d, expres\u00f3 el cantante.<\/p><p>Las <span style=\"color: #808080;\"><a style=\"color: #808080;\" href=\"https:\/\/www.ticketmaster.es\/artist\/jay-wheeler-entradas\/1070392\">entradas<\/a><\/span>, que parten desde los 55 \u20ac, ya est\u00e1n disponibles e incluyen opciones VIP. Adem\u00e1s del talento musical de Jay Wheeler, su impacto se extiende fuera de los escenarios: es embajador de la organizaci\u00f3n Easter Seals en apoyo a los ni\u00f1os con autismo y ha colaborado en campa\u00f1as de gran visibilidad, como la reciente Grandma McFlurry de McDonald&#8217;s en EE. UU.<\/p>\t\t\t\t\t\t\t\t<\/div>\n\t\t\t\t<\/div>\n\t\t\t\t\t<\/div>\n\t\t<\/div>\n\t\t\t\t\t<\/div>\n\t\t<\/section>\n\t\t\t\t<\/div>","protected":false},"excerpt":{"rendered":"<p>El 16 de diciembre Jay Wheeler volver\u00e1 a actuar en el WiZink Center de Madrid, un a\u00f1o despu\u00e9s de su \u00faltimo show Un a\u00f1o despu\u00e9s de su \u00faltimo concierto, Jay Wheeler volver\u00e1 a pisar el escenario del WiZink Center de Madrid el 16 de diciembre. Esta gira, que presenta su \u00e1lbum\u00a0Trappii, ha cosechado \u00e9xitos desde [&hellip;]<\/p>\n","protected":false},"author":6,"featured_media":3302,"comment_status":"open","ping_status":"open","sticky":false,"template":"","format":"standard","meta":{"footnotes":""},"categories":[119,4],"tags":[],"class_list":["post-3299","post","type-post","status-publish","format-standard","has-post-thumbnail","hentry","category-eventos","category-musica"],"yoast_head":"<!-- This site is optimized with the Yoast SEO plugin v27.4 - https:\/\/yoast.com\/product\/yoast-seo-wordpress\/ -->\n<title>Jay Wheeler vuelve a Espa\u00f1a con su TRAPPii Tour<\/title>\n<meta name=\"description\" content=\"El 16 de diciembre Jay Wheeler volver\u00e1 a actuar en el WiZink Center de Madrid, un a\u00f1o despu\u00e9s de su \u00faltimo show\" \/>\n<meta name=\"robots\" content=\"index, follow, max-snippet:-1, max-image-preview:large, max-video-preview:-1\" \/>\n<link rel=\"canonical\" href=\"https:\/\/unaymilletras.com\/en\/jay-wheeler-vuelve-a-espana-con-su-trappii-tour\/\" \/>\n<meta property=\"og:locale\" content=\"en_GB\" \/>\n<meta property=\"og:type\" content=\"article\" \/>\n<meta property=\"og:title\" content=\"Jay Wheeler vuelve a Espa\u00f1a con su TRAPPii Tour\" \/>\n<meta property=\"og:description\" content=\"El 16 de diciembre Jay Wheeler volver\u00e1 a actuar en el WiZink Center de Madrid, un a\u00f1o despu\u00e9s de su \u00faltimo show\" \/>\n<meta property=\"og:url\" content=\"https:\/\/unaymilletras.com\/en\/jay-wheeler-vuelve-a-espana-con-su-trappii-tour\/\" \/>\n<meta property=\"og:site_name\" content=\"Una y Mil Letras\" \/>\n<meta property=\"article:published_time\" content=\"2024-11-07T18:30:00+00:00\" \/>\n<meta property=\"article:modified_time\" content=\"2024-11-08T10:52:44+00:00\" \/>\n<meta property=\"og:image\" content=\"http:\/\/unaymilletras.com\/wp-content\/uploads\/2024\/11\/JW-Post-1080x1350-1-e1730996327662.jpg\" \/>\n\t<meta property=\"og:image:width\" content=\"600\" \/>\n\t<meta property=\"og:image:height\" content=\"750\" \/>\n\t<meta property=\"og:image:type\" content=\"image\/jpeg\" \/>\n<meta name=\"author\" content=\"Redacci\u00f3n\" \/>\n<meta name=\"twitter:card\" content=\"summary_large_image\" \/>\n<meta name=\"twitter:creator\" content=\"@UnaYMilLetras\" \/>\n<meta name=\"twitter:site\" content=\"@UnaYMilLetras\" \/>\n<meta name=\"twitter:label1\" content=\"Written by\" \/>\n\t<meta name=\"twitter:data1\" content=\"Redacci\u00f3n\" \/>\n\t<meta name=\"twitter:label2\" content=\"Estimated reading time\" \/>\n\t<meta name=\"twitter:data2\" content=\"2 minutes\" \/>\n<script type=\"application\/ld+json\" class=\"yoast-schema-graph\">{\"@context\":\"https:\\\/\\\/schema.org\",\"@graph\":[{\"@type\":\"Article\",\"@id\":\"https:\\\/\\\/unaymilletras.com\\\/jay-wheeler-vuelve-a-espana-con-su-trappii-tour\\\/#article\",\"isPartOf\":{\"@id\":\"https:\\\/\\\/unaymilletras.com\\\/jay-wheeler-vuelve-a-espana-con-su-trappii-tour\\\/\"},\"author\":{\"name\":\"Redacci\u00f3n\",\"@id\":\"http:\\\/\\\/unaymilletras.com\\\/#\\\/schema\\\/person\\\/0860dc8a218329991ee2c7591f4f849d\"},\"headline\":\"Jay Wheeler vuelve a Espa\u00f1a con su TRAPPii Tour\",\"datePublished\":\"2024-11-07T18:30:00+00:00\",\"dateModified\":\"2024-11-08T10:52:44+00:00\",\"mainEntityOfPage\":{\"@id\":\"https:\\\/\\\/unaymilletras.com\\\/jay-wheeler-vuelve-a-espana-con-su-trappii-tour\\\/\"},\"wordCount\":239,\"commentCount\":0,\"publisher\":{\"@id\":\"http:\\\/\\\/unaymilletras.com\\\/#organization\"},\"image\":{\"@id\":\"https:\\\/\\\/unaymilletras.com\\\/jay-wheeler-vuelve-a-espana-con-su-trappii-tour\\\/#primaryimage\"},\"thumbnailUrl\":\"https:\\\/\\\/unaymilletras.com\\\/wp-content\\\/uploads\\\/2024\\\/11\\\/JW-Post-1080x1350-1-e1730996327662.jpg\",\"articleSection\":[\"Eventos\",\"M\u00fasica\"],\"inLanguage\":\"en-GB\",\"potentialAction\":[{\"@type\":\"CommentAction\",\"name\":\"Comment\",\"target\":[\"https:\\\/\\\/unaymilletras.com\\\/jay-wheeler-vuelve-a-espana-con-su-trappii-tour\\\/#respond\"]}]},{\"@type\":\"WebPage\",\"@id\":\"https:\\\/\\\/unaymilletras.com\\\/jay-wheeler-vuelve-a-espana-con-su-trappii-tour\\\/\",\"url\":\"https:\\\/\\\/unaymilletras.com\\\/jay-wheeler-vuelve-a-espana-con-su-trappii-tour\\\/\",\"name\":\"Jay Wheeler vuelve a Espa\u00f1a con su TRAPPii Tour\",\"isPartOf\":{\"@id\":\"http:\\\/\\\/unaymilletras.com\\\/#website\"},\"primaryImageOfPage\":{\"@id\":\"https:\\\/\\\/unaymilletras.com\\\/jay-wheeler-vuelve-a-espana-con-su-trappii-tour\\\/#primaryimage\"},\"image\":{\"@id\":\"https:\\\/\\\/unaymilletras.com\\\/jay-wheeler-vuelve-a-espana-con-su-trappii-tour\\\/#primaryimage\"},\"thumbnailUrl\":\"https:\\\/\\\/unaymilletras.com\\\/wp-content\\\/uploads\\\/2024\\\/11\\\/JW-Post-1080x1350-1-e1730996327662.jpg\",\"datePublished\":\"2024-11-07T18:30:00+00:00\",\"dateModified\":\"2024-11-08T10:52:44+00:00\",\"description\":\"El 16 de diciembre Jay Wheeler volver\u00e1 a actuar en el WiZink Center de Madrid, un a\u00f1o despu\u00e9s de su \u00faltimo show\",\"breadcrumb\":{\"@id\":\"https:\\\/\\\/unaymilletras.com\\\/jay-wheeler-vuelve-a-espana-con-su-trappii-tour\\\/#breadcrumb\"},\"inLanguage\":\"en-GB\",\"potentialAction\":[{\"@type\":\"ReadAction\",\"target\":[\"https:\\\/\\\/unaymilletras.com\\\/jay-wheeler-vuelve-a-espana-con-su-trappii-tour\\\/\"]}]},{\"@type\":\"ImageObject\",\"inLanguage\":\"en-GB\",\"@id\":\"https:\\\/\\\/unaymilletras.com\\\/jay-wheeler-vuelve-a-espana-con-su-trappii-tour\\\/#primaryimage\",\"url\":\"https:\\\/\\\/unaymilletras.com\\\/wp-content\\\/uploads\\\/2024\\\/11\\\/JW-Post-1080x1350-1-e1730996327662.jpg\",\"contentUrl\":\"https:\\\/\\\/unaymilletras.com\\\/wp-content\\\/uploads\\\/2024\\\/11\\\/JW-Post-1080x1350-1-e1730996327662.jpg\",\"width\":600,\"height\":750,\"caption\":\"Jay Wheeler\"},{\"@type\":\"BreadcrumbList\",\"@id\":\"https:\\\/\\\/unaymilletras.com\\\/jay-wheeler-vuelve-a-espana-con-su-trappii-tour\\\/#breadcrumb\",\"itemListElement\":[{\"@type\":\"ListItem\",\"position\":1,\"name\":\"Home\",\"item\":\"http:\\\/\\\/unaymilletras.com\\\/\"},{\"@type\":\"ListItem\",\"position\":2,\"name\":\"Jay Wheeler vuelve a Espa\u00f1a con su TRAPPii Tour\"}]},{\"@type\":\"WebSite\",\"@id\":\"http:\\\/\\\/unaymilletras.com\\\/#website\",\"url\":\"http:\\\/\\\/unaymilletras.com\\\/\",\"name\":\"Una y Mil Letras\",\"description\":\"\",\"publisher\":{\"@id\":\"http:\\\/\\\/unaymilletras.com\\\/#organization\"},\"potentialAction\":[{\"@type\":\"SearchAction\",\"target\":{\"@type\":\"EntryPoint\",\"urlTemplate\":\"http:\\\/\\\/unaymilletras.com\\\/?s={search_term_string}\"},\"query-input\":{\"@type\":\"PropertyValueSpecification\",\"valueRequired\":true,\"valueName\":\"search_term_string\"}}],\"inLanguage\":\"en-GB\"},{\"@type\":\"Organization\",\"@id\":\"http:\\\/\\\/unaymilletras.com\\\/#organization\",\"name\":\"Una y Mil Letras\",\"url\":\"http:\\\/\\\/unaymilletras.com\\\/\",\"logo\":{\"@type\":\"ImageObject\",\"inLanguage\":\"en-GB\",\"@id\":\"http:\\\/\\\/unaymilletras.com\\\/#\\\/schema\\\/logo\\\/image\\\/\",\"url\":\"https:\\\/\\\/unaymilletras.com\\\/wp-content\\\/uploads\\\/2024\\\/06\\\/cropped-Logo-removebg-preview.png\",\"contentUrl\":\"https:\\\/\\\/unaymilletras.com\\\/wp-content\\\/uploads\\\/2024\\\/06\\\/cropped-Logo-removebg-preview.png\",\"width\":512,\"height\":512,\"caption\":\"Una y Mil Letras\"},\"image\":{\"@id\":\"http:\\\/\\\/unaymilletras.com\\\/#\\\/schema\\\/logo\\\/image\\\/\"},\"sameAs\":[\"https:\\\/\\\/x.com\\\/UnaYMilLetras\",\"https:\\\/\\\/instagram.com\\\/UnaYMilLetras\"]},{\"@type\":\"Person\",\"@id\":\"http:\\\/\\\/unaymilletras.com\\\/#\\\/schema\\\/person\\\/0860dc8a218329991ee2c7591f4f849d\",\"name\":\"Redacci\u00f3n\",\"image\":{\"@type\":\"ImageObject\",\"inLanguage\":\"en-GB\",\"@id\":\"https:\\\/\\\/secure.gravatar.com\\\/avatar\\\/d8f55e05a8b6597e45c55a1dcbdbfe44f4a360d88b48e00de5216a79b7732796?s=96&d=mm&r=g\",\"url\":\"https:\\\/\\\/secure.gravatar.com\\\/avatar\\\/d8f55e05a8b6597e45c55a1dcbdbfe44f4a360d88b48e00de5216a79b7732796?s=96&d=mm&r=g\",\"contentUrl\":\"https:\\\/\\\/secure.gravatar.com\\\/avatar\\\/d8f55e05a8b6597e45c55a1dcbdbfe44f4a360d88b48e00de5216a79b7732796?s=96&d=mm&r=g\",\"caption\":\"Redacci\u00f3n\"},\"url\":\"https:\\\/\\\/unaymilletras.com\\\/en\\\/author\\\/redaccion\\\/\"}]}<\/script>\n<!-- \/ Yoast SEO plugin. -->","yoast_head_json":{"title":"Jay Wheeler vuelve a Espa\u00f1a con su TRAPPii Tour","description":"El 16 de diciembre Jay Wheeler volver\u00e1 a actuar en el WiZink Center de Madrid, un a\u00f1o despu\u00e9s de su \u00faltimo show","robots":{"index":"index","follow":"follow","max-snippet":"max-snippet:-1","max-image-preview":"max-image-preview:large","max-video-preview":"max-video-preview:-1"},"canonical":"https:\/\/unaymilletras.com\/en\/jay-wheeler-vuelve-a-espana-con-su-trappii-tour\/","og_locale":"en_GB","og_type":"article","og_title":"Jay Wheeler vuelve a Espa\u00f1a con su TRAPPii Tour","og_description":"El 16 de diciembre Jay Wheeler volver\u00e1 a actuar en el WiZink Center de Madrid, un a\u00f1o despu\u00e9s de su \u00faltimo show","og_url":"https:\/\/unaymilletras.com\/en\/jay-wheeler-vuelve-a-espana-con-su-trappii-tour\/","og_site_name":"Una y Mil Letras","article_published_time":"2024-11-07T18:30:00+00:00","article_modified_time":"2024-11-08T10:52:44+00:00","og_image":[{"width":600,"height":750,"url":"http:\/\/unaymilletras.com\/wp-content\/uploads\/2024\/11\/JW-Post-1080x1350-1-e1730996327662.jpg","type":"image\/jpeg"}],"author":"Redacci\u00f3n","twitter_card":"summary_large_image","twitter_creator":"@UnaYMilLetras","twitter_site":"@UnaYMilLetras","twitter_misc":{"Written by":"Redacci\u00f3n","Estimated reading time":"2 minutes"},"schema":{"@context":"https:\/\/schema.org","@graph":[{"@type":"Article","@id":"https:\/\/unaymilletras.com\/jay-wheeler-vuelve-a-espana-con-su-trappii-tour\/#article","isPartOf":{"@id":"https:\/\/unaymilletras.com\/jay-wheeler-vuelve-a-espana-con-su-trappii-tour\/"},"author":{"name":"Redacci\u00f3n","@id":"http:\/\/unaymilletras.com\/#\/schema\/person\/0860dc8a218329991ee2c7591f4f849d"},"headline":"Jay Wheeler vuelve a Espa\u00f1a con su TRAPPii Tour","datePublished":"2024-11-07T18:30:00+00:00","dateModified":"2024-11-08T10:52:44+00:00","mainEntityOfPage":{"@id":"https:\/\/unaymilletras.com\/jay-wheeler-vuelve-a-espana-con-su-trappii-tour\/"},"wordCount":239,"commentCount":0,"publisher":{"@id":"http:\/\/unaymilletras.com\/#organization"},"image":{"@id":"https:\/\/unaymilletras.com\/jay-wheeler-vuelve-a-espana-con-su-trappii-tour\/#primaryimage"},"thumbnailUrl":"https:\/\/unaymilletras.com\/wp-content\/uploads\/2024\/11\/JW-Post-1080x1350-1-e1730996327662.jpg","articleSection":["Eventos","M\u00fasica"],"inLanguage":"en-GB","potentialAction":[{"@type":"CommentAction","name":"Comment","target":["https:\/\/unaymilletras.com\/jay-wheeler-vuelve-a-espana-con-su-trappii-tour\/#respond"]}]},{"@type":"WebPage","@id":"https:\/\/unaymilletras.com\/jay-wheeler-vuelve-a-espana-con-su-trappii-tour\/","url":"https:\/\/unaymilletras.com\/jay-wheeler-vuelve-a-espana-con-su-trappii-tour\/","name":"Jay Wheeler vuelve a Espa\u00f1a con su TRAPPii Tour","isPartOf":{"@id":"http:\/\/unaymilletras.com\/#website"},"primaryImageOfPage":{"@id":"https:\/\/unaymilletras.com\/jay-wheeler-vuelve-a-espana-con-su-trappii-tour\/#primaryimage"},"image":{"@id":"https:\/\/unaymilletras.com\/jay-wheeler-vuelve-a-espana-con-su-trappii-tour\/#primaryimage"},"thumbnailUrl":"https:\/\/unaymilletras.com\/wp-content\/uploads\/2024\/11\/JW-Post-1080x1350-1-e1730996327662.jpg","datePublished":"2024-11-07T18:30:00+00:00","dateModified":"2024-11-08T10:52:44+00:00","description":"El 16 de diciembre Jay Wheeler volver\u00e1 a actuar en el WiZink Center de Madrid, un a\u00f1o despu\u00e9s de su \u00faltimo show","breadcrumb":{"@id":"https:\/\/unaymilletras.com\/jay-wheeler-vuelve-a-espana-con-su-trappii-tour\/#breadcrumb"},"inLanguage":"en-GB","potentialAction":[{"@type":"ReadAction","target":["https:\/\/unaymilletras.com\/jay-wheeler-vuelve-a-espana-con-su-trappii-tour\/"]}]},{"@type":"ImageObject","inLanguage":"en-GB","@id":"https:\/\/unaymilletras.com\/jay-wheeler-vuelve-a-espana-con-su-trappii-tour\/#primaryimage","url":"https:\/\/unaymilletras.com\/wp-content\/uploads\/2024\/11\/JW-Post-1080x1350-1-e1730996327662.jpg","contentUrl":"https:\/\/unaymilletras.com\/wp-content\/uploads\/2024\/11\/JW-Post-1080x1350-1-e1730996327662.jpg","width":600,"height":750,"caption":"Jay Wheeler"},{"@type":"BreadcrumbList","@id":"https:\/\/unaymilletras.com\/jay-wheeler-vuelve-a-espana-con-su-trappii-tour\/#breadcrumb","itemListElement":[{"@type":"ListItem","position":1,"name":"Home","item":"http:\/\/unaymilletras.com\/"},{"@type":"ListItem","position":2,"name":"Jay Wheeler vuelve a Espa\u00f1a con su TRAPPii Tour"}]},{"@type":"WebSite","@id":"http:\/\/unaymilletras.com\/#website","url":"http:\/\/unaymilletras.com\/","name":"Una y Mil Letras","description":"","publisher":{"@id":"http:\/\/unaymilletras.com\/#organization"},"potentialAction":[{"@type":"SearchAction","target":{"@type":"EntryPoint","urlTemplate":"http:\/\/unaymilletras.com\/?s={search_term_string}"},"query-input":{"@type":"PropertyValueSpecification","valueRequired":true,"valueName":"search_term_string"}}],"inLanguage":"en-GB"},{"@type":"Organization","@id":"http:\/\/unaymilletras.com\/#organization","name":"Una y Mil Letras","url":"http:\/\/unaymilletras.com\/","logo":{"@type":"ImageObject","inLanguage":"en-GB","@id":"http:\/\/unaymilletras.com\/#\/schema\/logo\/image\/","url":"https:\/\/unaymilletras.com\/wp-content\/uploads\/2024\/06\/cropped-Logo-removebg-preview.png","contentUrl":"https:\/\/unaymilletras.com\/wp-content\/uploads\/2024\/06\/cropped-Logo-removebg-preview.png","width":512,"height":512,"caption":"Una y Mil Letras"},"image":{"@id":"http:\/\/unaymilletras.com\/#\/schema\/logo\/image\/"},"sameAs":["https:\/\/x.com\/UnaYMilLetras","https:\/\/instagram.com\/UnaYMilLetras"]},{"@type":"Person","@id":"http:\/\/unaymilletras.com\/#\/schema\/person\/0860dc8a218329991ee2c7591f4f849d","name":"Redacci\u00f3n","image":{"@type":"ImageObject","inLanguage":"en-GB","@id":"https:\/\/secure.gravatar.com\/avatar\/d8f55e05a8b6597e45c55a1dcbdbfe44f4a360d88b48e00de5216a79b7732796?s=96&d=mm&r=g","url":"https:\/\/secure.gravatar.com\/avatar\/d8f55e05a8b6597e45c55a1dcbdbfe44f4a360d88b48e00de5216a79b7732796?s=96&d=mm&r=g","contentUrl":"https:\/\/secure.gravatar.com\/avatar\/d8f55e05a8b6597e45c55a1dcbdbfe44f4a360d88b48e00de5216a79b7732796?s=96&d=mm&r=g","caption":"Redacci\u00f3n"},"url":"https:\/\/unaymilletras.com\/en\/author\/redaccion\/"}]}},"_links":{"self":[{"href":"https:\/\/unaymilletras.com\/en\/wp-json\/wp\/v2\/posts\/3299","targetHints":{"allow":["GET"]}}],"collection":[{"href":"https:\/\/unaymilletras.com\/en\/wp-json\/wp\/v2\/posts"}],"about":[{"href":"https:\/\/unaymilletras.com\/en\/wp-json\/wp\/v2\/types\/post"}],"author":[{"embeddable":true,"href":"https:\/\/unaymilletras.com\/en\/wp-json\/wp\/v2\/users\/6"}],"replies":[{"embeddable":true,"href":"https:\/\/unaymilletras.com\/en\/wp-json\/wp\/v2\/comments?post=3299"}],"version-history":[{"count":4,"href":"https:\/\/unaymilletras.com\/en\/wp-json\/wp\/v2\/posts\/3299\/revisions"}],"predecessor-version":[{"id":3305,"href":"https:\/\/unaymilletras.com\/en\/wp-json\/wp\/v2\/posts\/3299\/revisions\/3305"}],"wp:featuredmedia":[{"embeddable":true,"href":"https:\/\/unaymilletras.com\/en\/wp-json\/wp\/v2\/media\/3302"}],"wp:attachment":[{"href":"https:\/\/unaymilletras.com\/en\/wp-json\/wp\/v2\/media?parent=3299"}],"wp:term":[{"taxonomy":"category","embeddable":true,"href":"https:\/\/unaymilletras.com\/en\/wp-json\/wp\/v2\/categories?post=3299"},{"taxonomy":"post_tag","embeddable":true,"href":"https:\/\/unaymilletras.com\/en\/wp-json\/wp\/v2\/tags?post=3299"}],"curies":[{"name":"wp","href":"https:\/\/api.w.org\/{rel}","templated":true}]}}