{"id":3317,"date":"2024-11-16T11:00:00","date_gmt":"2024-11-16T10:00:00","guid":{"rendered":"https:\/\/unaymilletras.com\/?p=3317"},"modified":"2024-11-15T12:00:34","modified_gmt":"2024-11-15T11:00:34","slug":"tate-mcrae-vuelve-a-madrid-con-su-gira-mundial","status":"publish","type":"post","link":"https:\/\/unaymilletras.com\/en\/tate-mcrae-vuelve-a-madrid-con-su-gira-mundial\/","title":{"rendered":"Tate McRae vuelve a Madrid con su gira mundial"},"content":{"rendered":"<div data-elementor-type=\"wp-post\" data-elementor-id=\"3317\" class=\"elementor elementor-3317\">\n\t\t\t\t\t\t<section class=\"elementor-section elementor-top-section elementor-element elementor-element-880c8d3 elementor-section-boxed elementor-section-height-default elementor-section-height-default\" data-id=\"880c8d3\" data-element_type=\"section\" data-e-type=\"section\">\n\t\t\t\t\t\t<div class=\"elementor-container elementor-column-gap-default\">\n\t\t\t\t\t<div class=\"elementor-column elementor-col-100 elementor-top-column elementor-element elementor-element-a00390f\" data-id=\"a00390f\" data-element_type=\"column\" data-e-type=\"column\">\n\t\t\t<div class=\"elementor-widget-wrap elementor-element-populated\">\n\t\t\t\t\t\t<div class=\"elementor-element elementor-element-6253205 elementor-widget elementor-widget-text-editor\" data-id=\"6253205\" data-element_type=\"widget\" data-e-type=\"widget\" data-widget_type=\"text-editor.default\">\n\t\t\t\t<div class=\"elementor-widget-container\">\n\t\t\t\t\t\t\t\t\t<h2 style=\"text-align: center;\"><span style=\"color: #808080;\"><em>Tate McRae estrena single, anuncia nuevo \u00e1lbum para febrero y pone fecha en Madrid para su pr\u00f3xima gira mundial<\/em><\/span><\/h2>\t\t\t\t\t\t\t\t<\/div>\n\t\t\t\t<\/div>\n\t\t\t\t\t<\/div>\n\t\t<\/div>\n\t\t\t\t\t<\/div>\n\t\t<\/section>\n\t\t\t\t<section class=\"elementor-section elementor-top-section elementor-element elementor-element-074643f elementor-section-boxed elementor-section-height-default elementor-section-height-default\" data-id=\"074643f\" data-element_type=\"section\" data-e-type=\"section\">\n\t\t\t\t\t\t<div class=\"elementor-container elementor-column-gap-default\">\n\t\t\t\t\t<div class=\"elementor-column elementor-col-100 elementor-top-column elementor-element elementor-element-678130f\" data-id=\"678130f\" data-element_type=\"column\" data-e-type=\"column\">\n\t\t\t<div class=\"elementor-widget-wrap elementor-element-populated\">\n\t\t\t\t\t\t<div class=\"elementor-element elementor-element-d721c17 elementor-widget elementor-widget-text-editor\" data-id=\"d721c17\" data-element_type=\"widget\" data-e-type=\"widget\" data-widget_type=\"text-editor.default\">\n\t\t\t\t<div class=\"elementor-widget-container\">\n\t\t\t\t\t\t\t\t\t<p><b>Tate McRae<\/b>\u00a0ha confirmado su regreso a Espa\u00f1a con un \u00fanico concierto en el <b>Palacio <span style=\"color: #808080;\"><a style=\"color: #808080;\" href=\"https:\/\/unaymilletras.com\/en\/big-time-rush-traslada-su-show-al-palacio-vistalegre\/\">Vistalegre<\/a><\/span><\/b> de Madrid el pr\u00f3ximo<b> 9 de mayo de 2025<\/b>. La artista presentar\u00e1 su gira <em><b>Miss Possessive Tour<\/b><\/em>, su proyecto m\u00e1s ambicioso hasta la fecha, en el que los asistentes podr\u00e1n disfrutar de un espect\u00e1culo totalmente renovado y atrevido, con canciones de su nuevo \u00e1lbum <em><b>So Close To What<\/b><\/em>, que ver\u00e1 la luz el <b>21 de febrero<\/b>.<\/p>\t\t\t\t\t\t\t\t<\/div>\n\t\t\t\t<\/div>\n\t\t\t\t\t<\/div>\n\t\t<\/div>\n\t\t\t\t\t<\/div>\n\t\t<\/section>\n\t\t\t\t<section class=\"elementor-section elementor-top-section elementor-element elementor-element-aa02f6e elementor-section-boxed elementor-section-height-default elementor-section-height-default\" data-id=\"aa02f6e\" data-element_type=\"section\" data-e-type=\"section\">\n\t\t\t\t\t\t<div class=\"elementor-container elementor-column-gap-default\">\n\t\t\t\t\t<div class=\"elementor-column elementor-col-50 elementor-top-column elementor-element elementor-element-b81d818\" data-id=\"b81d818\" data-element_type=\"column\" data-e-type=\"column\">\n\t\t\t<div class=\"elementor-widget-wrap elementor-element-populated\">\n\t\t\t\t\t\t<div class=\"elementor-element elementor-element-bcb9cc4 elementor-widget elementor-widget-image\" data-id=\"bcb9cc4\" data-element_type=\"widget\" data-e-type=\"widget\" data-widget_type=\"image.default\">\n\t\t\t\t<div class=\"elementor-widget-container\">\n\t\t\t\t\t\t\t\t\t\t\t\t\t\t\t<img fetchpriority=\"high\" decoding=\"async\" width=\"640\" height=\"913\" src=\"https:\/\/unaymilletras.com\/wp-content\/uploads\/2024\/11\/8ff15c98-9b58-203f-f77c-9d858b9b-718x1024.jpg\" class=\"attachment-large size-large wp-image-3319\" alt=\"Tate McRae\" srcset=\"https:\/\/unaymilletras.com\/wp-content\/uploads\/2024\/11\/8ff15c98-9b58-203f-f77c-9d858b9b-718x1024.jpg 718w, https:\/\/unaymilletras.com\/wp-content\/uploads\/2024\/11\/8ff15c98-9b58-203f-f77c-9d858b9b-210x300.jpg 210w, https:\/\/unaymilletras.com\/wp-content\/uploads\/2024\/11\/8ff15c98-9b58-203f-f77c-9d858b9b-768x1096.jpg 768w, https:\/\/unaymilletras.com\/wp-content\/uploads\/2024\/11\/8ff15c98-9b58-203f-f77c-9d858b9b-1076x1536.jpg 1076w, https:\/\/unaymilletras.com\/wp-content\/uploads\/2024\/11\/8ff15c98-9b58-203f-f77c-9d858b9b-1435x2048.jpg 1435w, https:\/\/unaymilletras.com\/wp-content\/uploads\/2024\/11\/8ff15c98-9b58-203f-f77c-9d858b9b-8x12.jpg 8w, https:\/\/unaymilletras.com\/wp-content\/uploads\/2024\/11\/8ff15c98-9b58-203f-f77c-9d858b9b-1024x1461.jpg 1024w, https:\/\/unaymilletras.com\/wp-content\/uploads\/2024\/11\/8ff15c98-9b58-203f-f77c-9d858b9b-e1731668130306.jpg 600w\" sizes=\"(max-width: 640px) 100vw, 640px\" \/>\t\t\t\t\t\t\t\t\t\t\t\t\t\t\t<\/div>\n\t\t\t\t<\/div>\n\t\t\t\t\t<\/div>\n\t\t<\/div>\n\t\t\t\t<div class=\"elementor-column elementor-col-50 elementor-top-column elementor-element elementor-element-73e731e\" data-id=\"73e731e\" data-element_type=\"column\" data-e-type=\"column\">\n\t\t\t<div class=\"elementor-widget-wrap elementor-element-populated\">\n\t\t\t\t\t\t<div class=\"elementor-element elementor-element-62a115a elementor-widget elementor-widget-text-editor\" data-id=\"62a115a\" data-element_type=\"widget\" data-e-type=\"widget\" data-widget_type=\"text-editor.default\">\n\t\t\t\t<div class=\"elementor-widget-container\">\n\t\t\t\t\t\t\t\t\t<p>Adem\u00e1s, Tate McRae ha lanzado su nuevo single <strong><em>2 hands<\/em><\/strong>, un adelanto del \u00e1lbum que ver\u00e1 la luz en febrero. El tema muestra un lado m\u00e1s fresco y cercano de la cantante, explorando la emoci\u00f3n del enamoramiento. \u201cLa canci\u00f3n capta el sentimiento de estar cerca de alguien que te hace sentir pleno\u201d, explica Tate.<\/p><p>Su pr\u00f3ximo \u00e1lbum, <strong><em>So Close To What<\/em><\/strong>, es una introspecci\u00f3n emocional que aborda temas como el amor, el autodescubrimiento y la incertidumbre de crecer. Con letras sinceras y melod\u00edas irresistibles, promete consolidar a\u00fan m\u00e1s su posici\u00f3n como una de las figuras m\u00e1s relevantes del pop global. Este lanzamiento llega tras el \u00e9xito de su segundo \u00e1lbum, <em>THINK LATER<\/em>, que debut\u00f3 en el #4 de Billboard y acumul\u00f3 m\u00e1s de 3,7 mil millones de reproducciones. Su sencillo <em>greedy<\/em> alcanz\u00f3 el n\u00famero uno en la lista Billboard Global 200 y la lista Global de Spotify.<\/p>\t\t\t\t\t\t\t\t<\/div>\n\t\t\t\t<\/div>\n\t\t\t\t\t<\/div>\n\t\t<\/div>\n\t\t\t\t\t<\/div>\n\t\t<\/section>\n\t\t\t\t<section class=\"elementor-section elementor-top-section elementor-element elementor-element-188b8d1 elementor-section-boxed elementor-section-height-default elementor-section-height-default\" data-id=\"188b8d1\" data-element_type=\"section\" data-e-type=\"section\">\n\t\t\t\t\t\t<div class=\"elementor-container elementor-column-gap-default\">\n\t\t\t\t\t<div class=\"elementor-column elementor-col-100 elementor-top-column elementor-element elementor-element-36c4d29\" data-id=\"36c4d29\" data-element_type=\"column\" data-e-type=\"column\">\n\t\t\t<div class=\"elementor-widget-wrap elementor-element-populated\">\n\t\t\t\t\t\t<div class=\"elementor-element elementor-element-f566886 elementor-widget elementor-widget-text-editor\" data-id=\"f566886\" data-element_type=\"widget\" data-e-type=\"widget\" data-widget_type=\"text-editor.default\">\n\t\t\t\t<div class=\"elementor-widget-container\">\n\t\t\t\t\t\t\t\t\t<p><strong>Entradas para el concierto en Madrid<\/strong><br \/>Las entradas para el concierto del 9 de mayo estar\u00e1n disponibles desde el 22 de noviembre a las 9:00 a.m. en Livenation.es, Ticketmaster y El Corte Ingl\u00e9s, con precios a partir de 45\u20ac (m\u00e1s gastos de distribuci\u00f3n). Tambi\u00e9n habr\u00e1 una preventa exclusiva el 21 de noviembre a trav\u00e9s de Live Nation.<\/p>\t\t\t\t\t\t\t\t<\/div>\n\t\t\t\t<\/div>\n\t\t\t\t\t<\/div>\n\t\t<\/div>\n\t\t\t\t\t<\/div>\n\t\t<\/section>\n\t\t\t\t<\/div>","protected":false},"excerpt":{"rendered":"<p>Tate McRae estrena single, anuncia nuevo \u00e1lbum para febrero y pone fecha en Madrid para su pr\u00f3xima gira mundial Tate McRae\u00a0ha confirmado su regreso a Espa\u00f1a con un \u00fanico concierto en el Palacio Vistalegre de Madrid el pr\u00f3ximo 9 de mayo de 2025. La artista presentar\u00e1 su gira Miss Possessive Tour, su proyecto m\u00e1s ambicioso [&hellip;]<\/p>\n","protected":false},"author":6,"featured_media":3319,"comment_status":"open","ping_status":"open","sticky":false,"template":"","format":"standard","meta":{"footnotes":""},"categories":[119,4],"tags":[],"class_list":["post-3317","post","type-post","status-publish","format-standard","has-post-thumbnail","hentry","category-eventos","category-musica"],"yoast_head":"<!-- This site is optimized with the Yoast SEO plugin v27.4 - https:\/\/yoast.com\/product\/yoast-seo-wordpress\/ -->\n<title>Tate McRae vuelve a Madrid con su gira mundial<\/title>\n<meta name=\"description\" content=\"Tate McRae estrena single, anuncia nuevo \u00e1lbum para febrero y pone fecha en Madrid para su pr\u00f3xima gira mundial\" \/>\n<meta name=\"robots\" content=\"index, follow, max-snippet:-1, max-image-preview:large, max-video-preview:-1\" \/>\n<link rel=\"canonical\" href=\"https:\/\/unaymilletras.com\/en\/tate-mcrae-vuelve-a-madrid-con-su-gira-mundial\/\" \/>\n<meta property=\"og:locale\" content=\"en_GB\" \/>\n<meta property=\"og:type\" content=\"article\" \/>\n<meta property=\"og:title\" content=\"Tate McRae vuelve a Madrid con su gira mundial\" \/>\n<meta property=\"og:description\" content=\"Tate McRae estrena single, anuncia nuevo \u00e1lbum para febrero y pone fecha en Madrid para su pr\u00f3xima gira mundial\" \/>\n<meta property=\"og:url\" content=\"https:\/\/unaymilletras.com\/en\/tate-mcrae-vuelve-a-madrid-con-su-gira-mundial\/\" \/>\n<meta property=\"og:site_name\" content=\"Una y Mil Letras\" \/>\n<meta property=\"article:published_time\" content=\"2024-11-16T10:00:00+00:00\" \/>\n<meta property=\"og:image\" content=\"https:\/\/unaymilletras.com\/wp-content\/uploads\/2024\/11\/8ff15c98-9b58-203f-f77c-9d858b9b-e1731668130306.jpg\" \/>\n\t<meta property=\"og:image:width\" content=\"600\" \/>\n\t<meta property=\"og:image:height\" content=\"856\" \/>\n\t<meta property=\"og:image:type\" content=\"image\/jpeg\" \/>\n<meta name=\"author\" content=\"Redacci\u00f3n\" \/>\n<meta name=\"twitter:card\" content=\"summary_large_image\" \/>\n<meta name=\"twitter:creator\" content=\"@UnaYMilLetras\" \/>\n<meta name=\"twitter:site\" content=\"@UnaYMilLetras\" \/>\n<meta name=\"twitter:label1\" content=\"Written by\" \/>\n\t<meta name=\"twitter:data1\" content=\"Redacci\u00f3n\" \/>\n\t<meta name=\"twitter:label2\" content=\"Estimated reading time\" \/>\n\t<meta name=\"twitter:data2\" content=\"2 minutes\" \/>\n<script type=\"application\/ld+json\" class=\"yoast-schema-graph\">{\"@context\":\"https:\\\/\\\/schema.org\",\"@graph\":[{\"@type\":\"Article\",\"@id\":\"https:\\\/\\\/unaymilletras.com\\\/tate-mcrae-vuelve-a-madrid-con-su-gira-mundial\\\/#article\",\"isPartOf\":{\"@id\":\"https:\\\/\\\/unaymilletras.com\\\/tate-mcrae-vuelve-a-madrid-con-su-gira-mundial\\\/\"},\"author\":{\"name\":\"Redacci\u00f3n\",\"@id\":\"http:\\\/\\\/unaymilletras.com\\\/#\\\/schema\\\/person\\\/0860dc8a218329991ee2c7591f4f849d\"},\"headline\":\"Tate McRae vuelve a Madrid con su gira mundial\",\"datePublished\":\"2024-11-16T10:00:00+00:00\",\"mainEntityOfPage\":{\"@id\":\"https:\\\/\\\/unaymilletras.com\\\/tate-mcrae-vuelve-a-madrid-con-su-gira-mundial\\\/\"},\"wordCount\":319,\"commentCount\":0,\"publisher\":{\"@id\":\"http:\\\/\\\/unaymilletras.com\\\/#organization\"},\"image\":{\"@id\":\"https:\\\/\\\/unaymilletras.com\\\/tate-mcrae-vuelve-a-madrid-con-su-gira-mundial\\\/#primaryimage\"},\"thumbnailUrl\":\"https:\\\/\\\/unaymilletras.com\\\/wp-content\\\/uploads\\\/2024\\\/11\\\/8ff15c98-9b58-203f-f77c-9d858b9b-e1731668130306.jpg\",\"articleSection\":[\"Eventos\",\"M\u00fasica\"],\"inLanguage\":\"en-GB\",\"potentialAction\":[{\"@type\":\"CommentAction\",\"name\":\"Comment\",\"target\":[\"https:\\\/\\\/unaymilletras.com\\\/tate-mcrae-vuelve-a-madrid-con-su-gira-mundial\\\/#respond\"]}]},{\"@type\":\"WebPage\",\"@id\":\"https:\\\/\\\/unaymilletras.com\\\/tate-mcrae-vuelve-a-madrid-con-su-gira-mundial\\\/\",\"url\":\"https:\\\/\\\/unaymilletras.com\\\/tate-mcrae-vuelve-a-madrid-con-su-gira-mundial\\\/\",\"name\":\"Tate McRae vuelve a Madrid con su gira mundial\",\"isPartOf\":{\"@id\":\"http:\\\/\\\/unaymilletras.com\\\/#website\"},\"primaryImageOfPage\":{\"@id\":\"https:\\\/\\\/unaymilletras.com\\\/tate-mcrae-vuelve-a-madrid-con-su-gira-mundial\\\/#primaryimage\"},\"image\":{\"@id\":\"https:\\\/\\\/unaymilletras.com\\\/tate-mcrae-vuelve-a-madrid-con-su-gira-mundial\\\/#primaryimage\"},\"thumbnailUrl\":\"https:\\\/\\\/unaymilletras.com\\\/wp-content\\\/uploads\\\/2024\\\/11\\\/8ff15c98-9b58-203f-f77c-9d858b9b-e1731668130306.jpg\",\"datePublished\":\"2024-11-16T10:00:00+00:00\",\"description\":\"Tate McRae estrena single, anuncia nuevo \u00e1lbum para febrero y pone fecha en Madrid para su pr\u00f3xima gira mundial\",\"breadcrumb\":{\"@id\":\"https:\\\/\\\/unaymilletras.com\\\/tate-mcrae-vuelve-a-madrid-con-su-gira-mundial\\\/#breadcrumb\"},\"inLanguage\":\"en-GB\",\"potentialAction\":[{\"@type\":\"ReadAction\",\"target\":[\"https:\\\/\\\/unaymilletras.com\\\/tate-mcrae-vuelve-a-madrid-con-su-gira-mundial\\\/\"]}]},{\"@type\":\"ImageObject\",\"inLanguage\":\"en-GB\",\"@id\":\"https:\\\/\\\/unaymilletras.com\\\/tate-mcrae-vuelve-a-madrid-con-su-gira-mundial\\\/#primaryimage\",\"url\":\"https:\\\/\\\/unaymilletras.com\\\/wp-content\\\/uploads\\\/2024\\\/11\\\/8ff15c98-9b58-203f-f77c-9d858b9b-e1731668130306.jpg\",\"contentUrl\":\"https:\\\/\\\/unaymilletras.com\\\/wp-content\\\/uploads\\\/2024\\\/11\\\/8ff15c98-9b58-203f-f77c-9d858b9b-e1731668130306.jpg\",\"width\":600,\"height\":856,\"caption\":\"Tate McRae\"},{\"@type\":\"BreadcrumbList\",\"@id\":\"https:\\\/\\\/unaymilletras.com\\\/tate-mcrae-vuelve-a-madrid-con-su-gira-mundial\\\/#breadcrumb\",\"itemListElement\":[{\"@type\":\"ListItem\",\"position\":1,\"name\":\"Home\",\"item\":\"http:\\\/\\\/unaymilletras.com\\\/\"},{\"@type\":\"ListItem\",\"position\":2,\"name\":\"Tate McRae vuelve a Madrid con su gira mundial\"}]},{\"@type\":\"WebSite\",\"@id\":\"http:\\\/\\\/unaymilletras.com\\\/#website\",\"url\":\"http:\\\/\\\/unaymilletras.com\\\/\",\"name\":\"Una y Mil Letras\",\"description\":\"\",\"publisher\":{\"@id\":\"http:\\\/\\\/unaymilletras.com\\\/#organization\"},\"potentialAction\":[{\"@type\":\"SearchAction\",\"target\":{\"@type\":\"EntryPoint\",\"urlTemplate\":\"http:\\\/\\\/unaymilletras.com\\\/?s={search_term_string}\"},\"query-input\":{\"@type\":\"PropertyValueSpecification\",\"valueRequired\":true,\"valueName\":\"search_term_string\"}}],\"inLanguage\":\"en-GB\"},{\"@type\":\"Organization\",\"@id\":\"http:\\\/\\\/unaymilletras.com\\\/#organization\",\"name\":\"Una y Mil Letras\",\"url\":\"http:\\\/\\\/unaymilletras.com\\\/\",\"logo\":{\"@type\":\"ImageObject\",\"inLanguage\":\"en-GB\",\"@id\":\"http:\\\/\\\/unaymilletras.com\\\/#\\\/schema\\\/logo\\\/image\\\/\",\"url\":\"https:\\\/\\\/unaymilletras.com\\\/wp-content\\\/uploads\\\/2024\\\/06\\\/cropped-Logo-removebg-preview.png\",\"contentUrl\":\"https:\\\/\\\/unaymilletras.com\\\/wp-content\\\/uploads\\\/2024\\\/06\\\/cropped-Logo-removebg-preview.png\",\"width\":512,\"height\":512,\"caption\":\"Una y Mil Letras\"},\"image\":{\"@id\":\"http:\\\/\\\/unaymilletras.com\\\/#\\\/schema\\\/logo\\\/image\\\/\"},\"sameAs\":[\"https:\\\/\\\/x.com\\\/UnaYMilLetras\",\"https:\\\/\\\/instagram.com\\\/UnaYMilLetras\"]},{\"@type\":\"Person\",\"@id\":\"http:\\\/\\\/unaymilletras.com\\\/#\\\/schema\\\/person\\\/0860dc8a218329991ee2c7591f4f849d\",\"name\":\"Redacci\u00f3n\",\"image\":{\"@type\":\"ImageObject\",\"inLanguage\":\"en-GB\",\"@id\":\"https:\\\/\\\/secure.gravatar.com\\\/avatar\\\/d8f55e05a8b6597e45c55a1dcbdbfe44f4a360d88b48e00de5216a79b7732796?s=96&d=mm&r=g\",\"url\":\"https:\\\/\\\/secure.gravatar.com\\\/avatar\\\/d8f55e05a8b6597e45c55a1dcbdbfe44f4a360d88b48e00de5216a79b7732796?s=96&d=mm&r=g\",\"contentUrl\":\"https:\\\/\\\/secure.gravatar.com\\\/avatar\\\/d8f55e05a8b6597e45c55a1dcbdbfe44f4a360d88b48e00de5216a79b7732796?s=96&d=mm&r=g\",\"caption\":\"Redacci\u00f3n\"},\"url\":\"https:\\\/\\\/unaymilletras.com\\\/en\\\/author\\\/redaccion\\\/\"}]}<\/script>\n<!-- \/ Yoast SEO plugin. -->","yoast_head_json":{"title":"Tate McRae vuelve a Madrid con su gira mundial","description":"Tate McRae estrena single, anuncia nuevo \u00e1lbum para febrero y pone fecha en Madrid para su pr\u00f3xima gira mundial","robots":{"index":"index","follow":"follow","max-snippet":"max-snippet:-1","max-image-preview":"max-image-preview:large","max-video-preview":"max-video-preview:-1"},"canonical":"https:\/\/unaymilletras.com\/en\/tate-mcrae-vuelve-a-madrid-con-su-gira-mundial\/","og_locale":"en_GB","og_type":"article","og_title":"Tate McRae vuelve a Madrid con su gira mundial","og_description":"Tate McRae estrena single, anuncia nuevo \u00e1lbum para febrero y pone fecha en Madrid para su pr\u00f3xima gira mundial","og_url":"https:\/\/unaymilletras.com\/en\/tate-mcrae-vuelve-a-madrid-con-su-gira-mundial\/","og_site_name":"Una y Mil Letras","article_published_time":"2024-11-16T10:00:00+00:00","og_image":[{"width":600,"height":856,"url":"https:\/\/unaymilletras.com\/wp-content\/uploads\/2024\/11\/8ff15c98-9b58-203f-f77c-9d858b9b-e1731668130306.jpg","type":"image\/jpeg"}],"author":"Redacci\u00f3n","twitter_card":"summary_large_image","twitter_creator":"@UnaYMilLetras","twitter_site":"@UnaYMilLetras","twitter_misc":{"Written by":"Redacci\u00f3n","Estimated reading time":"2 minutes"},"schema":{"@context":"https:\/\/schema.org","@graph":[{"@type":"Article","@id":"https:\/\/unaymilletras.com\/tate-mcrae-vuelve-a-madrid-con-su-gira-mundial\/#article","isPartOf":{"@id":"https:\/\/unaymilletras.com\/tate-mcrae-vuelve-a-madrid-con-su-gira-mundial\/"},"author":{"name":"Redacci\u00f3n","@id":"http:\/\/unaymilletras.com\/#\/schema\/person\/0860dc8a218329991ee2c7591f4f849d"},"headline":"Tate McRae vuelve a Madrid con su gira mundial","datePublished":"2024-11-16T10:00:00+00:00","mainEntityOfPage":{"@id":"https:\/\/unaymilletras.com\/tate-mcrae-vuelve-a-madrid-con-su-gira-mundial\/"},"wordCount":319,"commentCount":0,"publisher":{"@id":"http:\/\/unaymilletras.com\/#organization"},"image":{"@id":"https:\/\/unaymilletras.com\/tate-mcrae-vuelve-a-madrid-con-su-gira-mundial\/#primaryimage"},"thumbnailUrl":"https:\/\/unaymilletras.com\/wp-content\/uploads\/2024\/11\/8ff15c98-9b58-203f-f77c-9d858b9b-e1731668130306.jpg","articleSection":["Eventos","M\u00fasica"],"inLanguage":"en-GB","potentialAction":[{"@type":"CommentAction","name":"Comment","target":["https:\/\/unaymilletras.com\/tate-mcrae-vuelve-a-madrid-con-su-gira-mundial\/#respond"]}]},{"@type":"WebPage","@id":"https:\/\/unaymilletras.com\/tate-mcrae-vuelve-a-madrid-con-su-gira-mundial\/","url":"https:\/\/unaymilletras.com\/tate-mcrae-vuelve-a-madrid-con-su-gira-mundial\/","name":"Tate McRae vuelve a Madrid con su gira mundial","isPartOf":{"@id":"http:\/\/unaymilletras.com\/#website"},"primaryImageOfPage":{"@id":"https:\/\/unaymilletras.com\/tate-mcrae-vuelve-a-madrid-con-su-gira-mundial\/#primaryimage"},"image":{"@id":"https:\/\/unaymilletras.com\/tate-mcrae-vuelve-a-madrid-con-su-gira-mundial\/#primaryimage"},"thumbnailUrl":"https:\/\/unaymilletras.com\/wp-content\/uploads\/2024\/11\/8ff15c98-9b58-203f-f77c-9d858b9b-e1731668130306.jpg","datePublished":"2024-11-16T10:00:00+00:00","description":"Tate McRae estrena single, anuncia nuevo \u00e1lbum para febrero y pone fecha en Madrid para su pr\u00f3xima gira mundial","breadcrumb":{"@id":"https:\/\/unaymilletras.com\/tate-mcrae-vuelve-a-madrid-con-su-gira-mundial\/#breadcrumb"},"inLanguage":"en-GB","potentialAction":[{"@type":"ReadAction","target":["https:\/\/unaymilletras.com\/tate-mcrae-vuelve-a-madrid-con-su-gira-mundial\/"]}]},{"@type":"ImageObject","inLanguage":"en-GB","@id":"https:\/\/unaymilletras.com\/tate-mcrae-vuelve-a-madrid-con-su-gira-mundial\/#primaryimage","url":"https:\/\/unaymilletras.com\/wp-content\/uploads\/2024\/11\/8ff15c98-9b58-203f-f77c-9d858b9b-e1731668130306.jpg","contentUrl":"https:\/\/unaymilletras.com\/wp-content\/uploads\/2024\/11\/8ff15c98-9b58-203f-f77c-9d858b9b-e1731668130306.jpg","width":600,"height":856,"caption":"Tate McRae"},{"@type":"BreadcrumbList","@id":"https:\/\/unaymilletras.com\/tate-mcrae-vuelve-a-madrid-con-su-gira-mundial\/#breadcrumb","itemListElement":[{"@type":"ListItem","position":1,"name":"Home","item":"http:\/\/unaymilletras.com\/"},{"@type":"ListItem","position":2,"name":"Tate McRae vuelve a Madrid con su gira mundial"}]},{"@type":"WebSite","@id":"http:\/\/unaymilletras.com\/#website","url":"http:\/\/unaymilletras.com\/","name":"Una y Mil Letras","description":"","publisher":{"@id":"http:\/\/unaymilletras.com\/#organization"},"potentialAction":[{"@type":"SearchAction","target":{"@type":"EntryPoint","urlTemplate":"http:\/\/unaymilletras.com\/?s={search_term_string}"},"query-input":{"@type":"PropertyValueSpecification","valueRequired":true,"valueName":"search_term_string"}}],"inLanguage":"en-GB"},{"@type":"Organization","@id":"http:\/\/unaymilletras.com\/#organization","name":"Una y Mil Letras","url":"http:\/\/unaymilletras.com\/","logo":{"@type":"ImageObject","inLanguage":"en-GB","@id":"http:\/\/unaymilletras.com\/#\/schema\/logo\/image\/","url":"https:\/\/unaymilletras.com\/wp-content\/uploads\/2024\/06\/cropped-Logo-removebg-preview.png","contentUrl":"https:\/\/unaymilletras.com\/wp-content\/uploads\/2024\/06\/cropped-Logo-removebg-preview.png","width":512,"height":512,"caption":"Una y Mil Letras"},"image":{"@id":"http:\/\/unaymilletras.com\/#\/schema\/logo\/image\/"},"sameAs":["https:\/\/x.com\/UnaYMilLetras","https:\/\/instagram.com\/UnaYMilLetras"]},{"@type":"Person","@id":"http:\/\/unaymilletras.com\/#\/schema\/person\/0860dc8a218329991ee2c7591f4f849d","name":"Redacci\u00f3n","image":{"@type":"ImageObject","inLanguage":"en-GB","@id":"https:\/\/secure.gravatar.com\/avatar\/d8f55e05a8b6597e45c55a1dcbdbfe44f4a360d88b48e00de5216a79b7732796?s=96&d=mm&r=g","url":"https:\/\/secure.gravatar.com\/avatar\/d8f55e05a8b6597e45c55a1dcbdbfe44f4a360d88b48e00de5216a79b7732796?s=96&d=mm&r=g","contentUrl":"https:\/\/secure.gravatar.com\/avatar\/d8f55e05a8b6597e45c55a1dcbdbfe44f4a360d88b48e00de5216a79b7732796?s=96&d=mm&r=g","caption":"Redacci\u00f3n"},"url":"https:\/\/unaymilletras.com\/en\/author\/redaccion\/"}]}},"_links":{"self":[{"href":"https:\/\/unaymilletras.com\/en\/wp-json\/wp\/v2\/posts\/3317","targetHints":{"allow":["GET"]}}],"collection":[{"href":"https:\/\/unaymilletras.com\/en\/wp-json\/wp\/v2\/posts"}],"about":[{"href":"https:\/\/unaymilletras.com\/en\/wp-json\/wp\/v2\/types\/post"}],"author":[{"embeddable":true,"href":"https:\/\/unaymilletras.com\/en\/wp-json\/wp\/v2\/users\/6"}],"replies":[{"embeddable":true,"href":"https:\/\/unaymilletras.com\/en\/wp-json\/wp\/v2\/comments?post=3317"}],"version-history":[{"count":4,"href":"https:\/\/unaymilletras.com\/en\/wp-json\/wp\/v2\/posts\/3317\/revisions"}],"predecessor-version":[{"id":3322,"href":"https:\/\/unaymilletras.com\/en\/wp-json\/wp\/v2\/posts\/3317\/revisions\/3322"}],"wp:featuredmedia":[{"embeddable":true,"href":"https:\/\/unaymilletras.com\/en\/wp-json\/wp\/v2\/media\/3319"}],"wp:attachment":[{"href":"https:\/\/unaymilletras.com\/en\/wp-json\/wp\/v2\/media?parent=3317"}],"wp:term":[{"taxonomy":"category","embeddable":true,"href":"https:\/\/unaymilletras.com\/en\/wp-json\/wp\/v2\/categories?post=3317"},{"taxonomy":"post_tag","embeddable":true,"href":"https:\/\/unaymilletras.com\/en\/wp-json\/wp\/v2\/tags?post=3317"}],"curies":[{"name":"wp","href":"https:\/\/api.w.org\/{rel}","templated":true}]}}