{"id":3332,"date":"2024-11-15T16:30:00","date_gmt":"2024-11-15T15:30:00","guid":{"rendered":"https:\/\/unaymilletras.com\/?p=3332"},"modified":"2024-11-15T15:29:48","modified_gmt":"2024-11-15T14:29:48","slug":"ela-taubert-latin-grammy-a-mejor-nuevo-artista-y-estrena-colaboracion-con-joe-jonas","status":"publish","type":"post","link":"https:\/\/unaymilletras.com\/en\/ela-taubert-latin-grammy-a-mejor-nuevo-artista-y-estrena-colaboracion-con-joe-jonas\/","title":{"rendered":"ELA Taubert, Latin GRAMMY\u00ae a Mejor Nuevo Artista y estrena colaboraci\u00f3n con Joe Jonas"},"content":{"rendered":"<div data-elementor-type=\"wp-post\" data-elementor-id=\"3332\" class=\"elementor elementor-3332\">\n\t\t\t\t\t\t<section class=\"elementor-section elementor-top-section elementor-element elementor-element-90a6ed9 elementor-section-boxed elementor-section-height-default elementor-section-height-default\" data-id=\"90a6ed9\" data-element_type=\"section\" data-e-type=\"section\">\n\t\t\t\t\t\t<div class=\"elementor-container elementor-column-gap-default\">\n\t\t\t\t\t<div class=\"elementor-column elementor-col-100 elementor-top-column elementor-element elementor-element-1584cbe\" data-id=\"1584cbe\" data-element_type=\"column\" data-e-type=\"column\">\n\t\t\t<div class=\"elementor-widget-wrap elementor-element-populated\">\n\t\t\t\t\t\t<div class=\"elementor-element elementor-element-e5f9560 elementor-widget elementor-widget-text-editor\" data-id=\"e5f9560\" data-element_type=\"widget\" data-e-type=\"widget\" data-widget_type=\"text-editor.default\">\n\t\t\t\t<div class=\"elementor-widget-container\">\n\t\t\t\t\t\t\t\t\t<h2 style=\"text-align: center;\"><em><span style=\"color: #808080;\">La cantautora Ela Taubert deslumbra con su actuaci\u00f3n junto Joe Jonas en la celebraci\u00f3n del 25 aniversario de los Latin GRAMMYs<\/span><\/em><\/h2>\t\t\t\t\t\t\t\t<\/div>\n\t\t\t\t<\/div>\n\t\t\t\t\t<\/div>\n\t\t<\/div>\n\t\t\t\t\t<\/div>\n\t\t<\/section>\n\t\t\t\t<section class=\"elementor-section elementor-top-section elementor-element elementor-element-9936d9c elementor-section-boxed elementor-section-height-default elementor-section-height-default\" data-id=\"9936d9c\" data-element_type=\"section\" data-e-type=\"section\">\n\t\t\t\t\t\t<div class=\"elementor-container elementor-column-gap-default\">\n\t\t\t\t\t<div class=\"elementor-column elementor-col-100 elementor-top-column elementor-element elementor-element-e4058ab\" data-id=\"e4058ab\" data-element_type=\"column\" data-e-type=\"column\">\n\t\t\t<div class=\"elementor-widget-wrap elementor-element-populated\">\n\t\t\t\t\t\t<div class=\"elementor-element elementor-element-f5a922e elementor-widget elementor-widget-text-editor\" data-id=\"f5a922e\" data-element_type=\"widget\" data-e-type=\"widget\" data-widget_type=\"text-editor.default\">\n\t\t\t\t<div class=\"elementor-widget-container\">\n\t\t\t\t\t\t\t\t\t<p><strong>Ela Taubert<\/strong> se ha consolidado como una de las promesas m\u00e1s destacadas de la m\u00fasica latina tras recibir el codiciado premio a <strong>Mejor Nuevo Artista<\/strong> en los <strong>Latin GRAMMYs\u00ae 2024<\/strong>. Durante la gala celebrada en el Kaseya Center de Miami, la joven artista agradeci\u00f3 emocionada a quienes la han acompa\u00f1ado en su ascenso, destacando especialmente a su madre y su equipo. \u00abGracias a todos los que creen en mi m\u00fasica, esto es solo el comienzo\u00bb, expres\u00f3 ELA al recibir el galard\u00f3n.<\/p>\t\t\t\t\t\t\t\t<\/div>\n\t\t\t\t<\/div>\n\t\t\t\t\t<\/div>\n\t\t<\/div>\n\t\t\t\t\t<\/div>\n\t\t<\/section>\n\t\t\t\t<section class=\"elementor-section elementor-top-section elementor-element elementor-element-9ecf9a1 elementor-section-boxed elementor-section-height-default elementor-section-height-default\" data-id=\"9ecf9a1\" data-element_type=\"section\" data-e-type=\"section\">\n\t\t\t\t\t\t<div class=\"elementor-container elementor-column-gap-default\">\n\t\t\t\t\t<div class=\"elementor-column elementor-col-100 elementor-top-column elementor-element elementor-element-7fee3e2\" data-id=\"7fee3e2\" data-element_type=\"column\" data-e-type=\"column\">\n\t\t\t<div class=\"elementor-widget-wrap elementor-element-populated\">\n\t\t\t\t\t\t<div class=\"elementor-element elementor-element-4590039 elementor-widget elementor-widget-image\" data-id=\"4590039\" data-element_type=\"widget\" data-e-type=\"widget\" data-widget_type=\"image.default\">\n\t\t\t\t<div class=\"elementor-widget-container\">\n\t\t\t\t\t\t\t\t\t\t\t\t\t\t\t<img fetchpriority=\"high\" decoding=\"async\" width=\"640\" height=\"432\" src=\"https:\/\/unaymilletras.com\/wp-content\/uploads\/2024\/11\/w660_1157329_gettyimages-2184871.jpg\" class=\"attachment-large size-large wp-image-3334\" alt=\"Ela Taubert\" srcset=\"https:\/\/unaymilletras.com\/wp-content\/uploads\/2024\/11\/w660_1157329_gettyimages-2184871.jpg 660w, https:\/\/unaymilletras.com\/wp-content\/uploads\/2024\/11\/w660_1157329_gettyimages-2184871-300x203.jpg 300w, https:\/\/unaymilletras.com\/wp-content\/uploads\/2024\/11\/w660_1157329_gettyimages-2184871-18x12.jpg 18w\" sizes=\"(max-width: 640px) 100vw, 640px\" \/>\t\t\t\t\t\t\t\t\t\t\t\t\t\t\t<\/div>\n\t\t\t\t<\/div>\n\t\t\t\t\t<\/div>\n\t\t<\/div>\n\t\t\t\t\t<\/div>\n\t\t<\/section>\n\t\t\t\t<section class=\"elementor-section elementor-top-section elementor-element elementor-element-0606cbc elementor-section-boxed elementor-section-height-default elementor-section-height-default\" data-id=\"0606cbc\" data-element_type=\"section\" data-e-type=\"section\">\n\t\t\t\t\t\t<div class=\"elementor-container elementor-column-gap-default\">\n\t\t\t\t\t<div class=\"elementor-column elementor-col-100 elementor-top-column elementor-element elementor-element-0159f3e\" data-id=\"0159f3e\" data-element_type=\"column\" data-e-type=\"column\">\n\t\t\t<div class=\"elementor-widget-wrap elementor-element-populated\">\n\t\t\t\t\t\t<div class=\"elementor-element elementor-element-6c48e33 elementor-widget elementor-widget-text-editor\" data-id=\"6c48e33\" data-element_type=\"widget\" data-e-type=\"widget\" data-widget_type=\"text-editor.default\">\n\t\t\t\t<div class=\"elementor-widget-container\">\n\t\t\t\t\t\t\t\t\t<p>La noche tambi\u00e9n fue testigo de un momento inolvidable: el debut en vivo de <strong><em>\u00bfC\u00f3mo Pas\u00f3?<\/em><\/strong> con <span style=\"color: #808080;\"><a style=\"color: #808080;\" href=\"https:\/\/unaymilletras.com\/en\/joe-jonas-lanza-work-it-out-y-anuncia-su-proximo-album\/\"><strong>Joe Jonas<\/strong><\/a><\/span>, un remix de su \u00e9xito global que ya acumula m\u00e1s de 250 millones de reproducciones. Con esta colaboraci\u00f3n, Ela combina su inconfundible estilo con la voz del l\u00edder de los Jonas Brothers, creando un himno biling\u00fce sobre el amor y el desamor que promete conquistar tanto al p\u00fablico latino como al internacional.<\/p>\t\t\t\t\t\t\t\t<\/div>\n\t\t\t\t<\/div>\n\t\t\t\t\t<\/div>\n\t\t<\/div>\n\t\t\t\t\t<\/div>\n\t\t<\/section>\n\t\t\t\t<section class=\"elementor-section elementor-top-section elementor-element elementor-element-dde3648 elementor-section-boxed elementor-section-height-default elementor-section-height-default\" data-id=\"dde3648\" data-element_type=\"section\" data-e-type=\"section\">\n\t\t\t\t\t\t<div class=\"elementor-container elementor-column-gap-default\">\n\t\t\t\t\t<div class=\"elementor-column elementor-col-50 elementor-top-column elementor-element elementor-element-c854c4f\" data-id=\"c854c4f\" data-element_type=\"column\" data-e-type=\"column\">\n\t\t\t<div class=\"elementor-widget-wrap elementor-element-populated\">\n\t\t\t\t\t\t<div class=\"elementor-element elementor-element-f1fbbb7 elementor-widget elementor-widget-image\" data-id=\"f1fbbb7\" data-element_type=\"widget\" data-e-type=\"widget\" data-widget_type=\"image.default\">\n\t\t\t\t<div class=\"elementor-widget-container\">\n\t\t\t\t\t\t\t\t\t\t\t\t\t\t\t<img decoding=\"async\" width=\"640\" height=\"960\" src=\"https:\/\/unaymilletras.com\/wp-content\/uploads\/2024\/11\/w660_1157331_ela-x-joe.jpg\" class=\"attachment-large size-large wp-image-3335\" alt=\"Ela Taubert y Joe Jonas\" srcset=\"https:\/\/unaymilletras.com\/wp-content\/uploads\/2024\/11\/w660_1157331_ela-x-joe.jpg 660w, https:\/\/unaymilletras.com\/wp-content\/uploads\/2024\/11\/w660_1157331_ela-x-joe-200x300.jpg 200w, https:\/\/unaymilletras.com\/wp-content\/uploads\/2024\/11\/w660_1157331_ela-x-joe-8x12.jpg 8w\" sizes=\"(max-width: 640px) 100vw, 640px\" \/>\t\t\t\t\t\t\t\t\t\t\t\t\t\t\t<\/div>\n\t\t\t\t<\/div>\n\t\t\t\t\t<\/div>\n\t\t<\/div>\n\t\t\t\t<div class=\"elementor-column elementor-col-50 elementor-top-column elementor-element elementor-element-4cb75eb\" data-id=\"4cb75eb\" data-element_type=\"column\" data-e-type=\"column\">\n\t\t\t<div class=\"elementor-widget-wrap elementor-element-populated\">\n\t\t\t\t\t\t<div class=\"elementor-element elementor-element-acd4ce5 elementor-widget elementor-widget-text-editor\" data-id=\"acd4ce5\" data-element_type=\"widget\" data-e-type=\"widget\" data-widget_type=\"text-editor.default\">\n\t\t\t\t<div class=\"elementor-widget-container\">\n\t\t\t\t\t\t\t\t\t<p>La actuaci\u00f3n de Ela en los Latin GRAMMYs\u00ae culmina una semana llena de logros para la joven artista. Adem\u00e1s de participar en la gala de los Mejores Nuevos Artistas y ser nombrada una de las Artistas DSCVR en la mira de VEVO para 2025, ELA protagoniz\u00f3 su primera portada editorial con <em>Galore<\/em>, que la destac\u00f3 como una figura clave en la evoluci\u00f3n de la m\u00fasica latina.<\/p>\n<p>ELA Taubert es la segunda graduada consecutiva de la Art House Academy, fundada por el productor Julio Reyes Copello, en ganar el premio a Mejor Nuevo Artista. Este reconocimiento subraya su crecimiento art\u00edstico y el impacto de un talento que apenas comienza a desplegar todo su potencial.<\/p>\n<p>Actualmente, Ela trabaja en su \u00e1lbum debut, prometiendo nuevas sorpresas para un 2025 que marcar\u00e1 otro cap\u00edtulo crucial en su carrera.<\/p>\t\t\t\t\t\t\t\t<\/div>\n\t\t\t\t<\/div>\n\t\t\t\t\t<\/div>\n\t\t<\/div>\n\t\t\t\t\t<\/div>\n\t\t<\/section>\n\t\t\t\t<\/div>","protected":false},"excerpt":{"rendered":"<p>La cantautora Ela Taubert deslumbra con su actuaci\u00f3n junto Joe Jonas en la celebraci\u00f3n del 25 aniversario de los Latin GRAMMYs Ela Taubert se ha consolidado como una de las promesas m\u00e1s destacadas de la m\u00fasica latina tras recibir el codiciado premio a Mejor Nuevo Artista en los Latin GRAMMYs\u00ae 2024. Durante la gala celebrada [&hellip;]<\/p>\n","protected":false},"author":6,"featured_media":3334,"comment_status":"open","ping_status":"open","sticky":false,"template":"","format":"standard","meta":{"footnotes":""},"categories":[4],"tags":[],"class_list":["post-3332","post","type-post","status-publish","format-standard","has-post-thumbnail","hentry","category-musica"],"yoast_head":"<!-- This site is optimized with the Yoast SEO plugin v27.4 - https:\/\/yoast.com\/product\/yoast-seo-wordpress\/ -->\n<title>ELA Taubert, Latin GRAMMY\u00ae a Mejor Nuevo Artista y estrena colaboraci\u00f3n con Joe Jonas<\/title>\n<meta name=\"description\" content=\"La cantautora colombiana Ela Taubert deslumbra con su actuaci\u00f3n junto Joe Jonas durante la celebraci\u00f3n del 25 aniversario de los Latin GRAMMY\" \/>\n<meta name=\"robots\" content=\"index, follow, max-snippet:-1, max-image-preview:large, max-video-preview:-1\" \/>\n<link rel=\"canonical\" href=\"https:\/\/unaymilletras.com\/en\/ela-taubert-latin-grammy-a-mejor-nuevo-artista-y-estrena-colaboracion-con-joe-jonas\/\" \/>\n<meta property=\"og:locale\" content=\"en_GB\" \/>\n<meta property=\"og:type\" content=\"article\" \/>\n<meta property=\"og:title\" content=\"ELA Taubert, Latin GRAMMY\u00ae a Mejor Nuevo Artista y estrena colaboraci\u00f3n con Joe Jonas\" \/>\n<meta property=\"og:description\" content=\"La cantautora colombiana Ela Taubert deslumbra con su actuaci\u00f3n junto Joe Jonas durante la celebraci\u00f3n del 25 aniversario de los Latin GRAMMY\" \/>\n<meta property=\"og:url\" content=\"https:\/\/unaymilletras.com\/en\/ela-taubert-latin-grammy-a-mejor-nuevo-artista-y-estrena-colaboracion-con-joe-jonas\/\" \/>\n<meta property=\"og:site_name\" content=\"Una y Mil Letras\" \/>\n<meta property=\"article:published_time\" content=\"2024-11-15T15:30:00+00:00\" \/>\n<meta property=\"og:image\" content=\"https:\/\/unaymilletras.com\/wp-content\/uploads\/2024\/11\/w660_1157329_gettyimages-2184871.jpg\" \/>\n\t<meta property=\"og:image:width\" content=\"660\" \/>\n\t<meta property=\"og:image:height\" content=\"446\" \/>\n\t<meta property=\"og:image:type\" content=\"image\/jpeg\" \/>\n<meta name=\"author\" content=\"Redacci\u00f3n\" \/>\n<meta name=\"twitter:card\" content=\"summary_large_image\" \/>\n<meta name=\"twitter:creator\" content=\"@UnaYMilLetras\" \/>\n<meta name=\"twitter:site\" content=\"@UnaYMilLetras\" \/>\n<meta name=\"twitter:label1\" content=\"Written by\" \/>\n\t<meta name=\"twitter:data1\" content=\"Redacci\u00f3n\" \/>\n\t<meta name=\"twitter:label2\" content=\"Estimated reading time\" \/>\n\t<meta name=\"twitter:data2\" content=\"3 minutes\" \/>\n<script type=\"application\/ld+json\" class=\"yoast-schema-graph\">{\"@context\":\"https:\\\/\\\/schema.org\",\"@graph\":[{\"@type\":\"Article\",\"@id\":\"https:\\\/\\\/unaymilletras.com\\\/ela-taubert-latin-grammy-a-mejor-nuevo-artista-y-estrena-colaboracion-con-joe-jonas\\\/#article\",\"isPartOf\":{\"@id\":\"https:\\\/\\\/unaymilletras.com\\\/ela-taubert-latin-grammy-a-mejor-nuevo-artista-y-estrena-colaboracion-con-joe-jonas\\\/\"},\"author\":{\"name\":\"Redacci\u00f3n\",\"@id\":\"http:\\\/\\\/unaymilletras.com\\\/#\\\/schema\\\/person\\\/0860dc8a218329991ee2c7591f4f849d\"},\"headline\":\"ELA Taubert, Latin GRAMMY\u00ae a Mejor Nuevo Artista y estrena colaboraci\u00f3n con Joe Jonas\",\"datePublished\":\"2024-11-15T15:30:00+00:00\",\"mainEntityOfPage\":{\"@id\":\"https:\\\/\\\/unaymilletras.com\\\/ela-taubert-latin-grammy-a-mejor-nuevo-artista-y-estrena-colaboracion-con-joe-jonas\\\/\"},\"wordCount\":337,\"commentCount\":0,\"publisher\":{\"@id\":\"http:\\\/\\\/unaymilletras.com\\\/#organization\"},\"image\":{\"@id\":\"https:\\\/\\\/unaymilletras.com\\\/ela-taubert-latin-grammy-a-mejor-nuevo-artista-y-estrena-colaboracion-con-joe-jonas\\\/#primaryimage\"},\"thumbnailUrl\":\"https:\\\/\\\/unaymilletras.com\\\/wp-content\\\/uploads\\\/2024\\\/11\\\/w660_1157329_gettyimages-2184871.jpg\",\"articleSection\":[\"M\u00fasica\"],\"inLanguage\":\"en-GB\",\"potentialAction\":[{\"@type\":\"CommentAction\",\"name\":\"Comment\",\"target\":[\"https:\\\/\\\/unaymilletras.com\\\/ela-taubert-latin-grammy-a-mejor-nuevo-artista-y-estrena-colaboracion-con-joe-jonas\\\/#respond\"]}]},{\"@type\":\"WebPage\",\"@id\":\"https:\\\/\\\/unaymilletras.com\\\/ela-taubert-latin-grammy-a-mejor-nuevo-artista-y-estrena-colaboracion-con-joe-jonas\\\/\",\"url\":\"https:\\\/\\\/unaymilletras.com\\\/ela-taubert-latin-grammy-a-mejor-nuevo-artista-y-estrena-colaboracion-con-joe-jonas\\\/\",\"name\":\"ELA Taubert, Latin GRAMMY\u00ae a Mejor Nuevo Artista y estrena colaboraci\u00f3n con Joe Jonas\",\"isPartOf\":{\"@id\":\"http:\\\/\\\/unaymilletras.com\\\/#website\"},\"primaryImageOfPage\":{\"@id\":\"https:\\\/\\\/unaymilletras.com\\\/ela-taubert-latin-grammy-a-mejor-nuevo-artista-y-estrena-colaboracion-con-joe-jonas\\\/#primaryimage\"},\"image\":{\"@id\":\"https:\\\/\\\/unaymilletras.com\\\/ela-taubert-latin-grammy-a-mejor-nuevo-artista-y-estrena-colaboracion-con-joe-jonas\\\/#primaryimage\"},\"thumbnailUrl\":\"https:\\\/\\\/unaymilletras.com\\\/wp-content\\\/uploads\\\/2024\\\/11\\\/w660_1157329_gettyimages-2184871.jpg\",\"datePublished\":\"2024-11-15T15:30:00+00:00\",\"description\":\"La cantautora colombiana Ela Taubert deslumbra con su actuaci\u00f3n junto Joe Jonas durante la celebraci\u00f3n del 25 aniversario de los Latin GRAMMY\",\"breadcrumb\":{\"@id\":\"https:\\\/\\\/unaymilletras.com\\\/ela-taubert-latin-grammy-a-mejor-nuevo-artista-y-estrena-colaboracion-con-joe-jonas\\\/#breadcrumb\"},\"inLanguage\":\"en-GB\",\"potentialAction\":[{\"@type\":\"ReadAction\",\"target\":[\"https:\\\/\\\/unaymilletras.com\\\/ela-taubert-latin-grammy-a-mejor-nuevo-artista-y-estrena-colaboracion-con-joe-jonas\\\/\"]}]},{\"@type\":\"ImageObject\",\"inLanguage\":\"en-GB\",\"@id\":\"https:\\\/\\\/unaymilletras.com\\\/ela-taubert-latin-grammy-a-mejor-nuevo-artista-y-estrena-colaboracion-con-joe-jonas\\\/#primaryimage\",\"url\":\"https:\\\/\\\/unaymilletras.com\\\/wp-content\\\/uploads\\\/2024\\\/11\\\/w660_1157329_gettyimages-2184871.jpg\",\"contentUrl\":\"https:\\\/\\\/unaymilletras.com\\\/wp-content\\\/uploads\\\/2024\\\/11\\\/w660_1157329_gettyimages-2184871.jpg\",\"width\":660,\"height\":446,\"caption\":\"Ela Taubert\"},{\"@type\":\"BreadcrumbList\",\"@id\":\"https:\\\/\\\/unaymilletras.com\\\/ela-taubert-latin-grammy-a-mejor-nuevo-artista-y-estrena-colaboracion-con-joe-jonas\\\/#breadcrumb\",\"itemListElement\":[{\"@type\":\"ListItem\",\"position\":1,\"name\":\"Home\",\"item\":\"http:\\\/\\\/unaymilletras.com\\\/\"},{\"@type\":\"ListItem\",\"position\":2,\"name\":\"ELA Taubert, Latin GRAMMY\u00ae a Mejor Nuevo Artista y estrena colaboraci\u00f3n con Joe Jonas\"}]},{\"@type\":\"WebSite\",\"@id\":\"http:\\\/\\\/unaymilletras.com\\\/#website\",\"url\":\"http:\\\/\\\/unaymilletras.com\\\/\",\"name\":\"Una y Mil Letras\",\"description\":\"\",\"publisher\":{\"@id\":\"http:\\\/\\\/unaymilletras.com\\\/#organization\"},\"potentialAction\":[{\"@type\":\"SearchAction\",\"target\":{\"@type\":\"EntryPoint\",\"urlTemplate\":\"http:\\\/\\\/unaymilletras.com\\\/?s={search_term_string}\"},\"query-input\":{\"@type\":\"PropertyValueSpecification\",\"valueRequired\":true,\"valueName\":\"search_term_string\"}}],\"inLanguage\":\"en-GB\"},{\"@type\":\"Organization\",\"@id\":\"http:\\\/\\\/unaymilletras.com\\\/#organization\",\"name\":\"Una y Mil Letras\",\"url\":\"http:\\\/\\\/unaymilletras.com\\\/\",\"logo\":{\"@type\":\"ImageObject\",\"inLanguage\":\"en-GB\",\"@id\":\"http:\\\/\\\/unaymilletras.com\\\/#\\\/schema\\\/logo\\\/image\\\/\",\"url\":\"https:\\\/\\\/unaymilletras.com\\\/wp-content\\\/uploads\\\/2024\\\/06\\\/cropped-Logo-removebg-preview.png\",\"contentUrl\":\"https:\\\/\\\/unaymilletras.com\\\/wp-content\\\/uploads\\\/2024\\\/06\\\/cropped-Logo-removebg-preview.png\",\"width\":512,\"height\":512,\"caption\":\"Una y Mil Letras\"},\"image\":{\"@id\":\"http:\\\/\\\/unaymilletras.com\\\/#\\\/schema\\\/logo\\\/image\\\/\"},\"sameAs\":[\"https:\\\/\\\/x.com\\\/UnaYMilLetras\",\"https:\\\/\\\/instagram.com\\\/UnaYMilLetras\"]},{\"@type\":\"Person\",\"@id\":\"http:\\\/\\\/unaymilletras.com\\\/#\\\/schema\\\/person\\\/0860dc8a218329991ee2c7591f4f849d\",\"name\":\"Redacci\u00f3n\",\"image\":{\"@type\":\"ImageObject\",\"inLanguage\":\"en-GB\",\"@id\":\"https:\\\/\\\/secure.gravatar.com\\\/avatar\\\/d8f55e05a8b6597e45c55a1dcbdbfe44f4a360d88b48e00de5216a79b7732796?s=96&d=mm&r=g\",\"url\":\"https:\\\/\\\/secure.gravatar.com\\\/avatar\\\/d8f55e05a8b6597e45c55a1dcbdbfe44f4a360d88b48e00de5216a79b7732796?s=96&d=mm&r=g\",\"contentUrl\":\"https:\\\/\\\/secure.gravatar.com\\\/avatar\\\/d8f55e05a8b6597e45c55a1dcbdbfe44f4a360d88b48e00de5216a79b7732796?s=96&d=mm&r=g\",\"caption\":\"Redacci\u00f3n\"},\"url\":\"https:\\\/\\\/unaymilletras.com\\\/en\\\/author\\\/redaccion\\\/\"}]}<\/script>\n<!-- \/ Yoast SEO plugin. -->","yoast_head_json":{"title":"ELA Taubert, Latin GRAMMY\u00ae a Mejor Nuevo Artista y estrena colaboraci\u00f3n con Joe Jonas","description":"La cantautora colombiana Ela Taubert deslumbra con su actuaci\u00f3n junto Joe Jonas durante la celebraci\u00f3n del 25 aniversario de los Latin GRAMMY","robots":{"index":"index","follow":"follow","max-snippet":"max-snippet:-1","max-image-preview":"max-image-preview:large","max-video-preview":"max-video-preview:-1"},"canonical":"https:\/\/unaymilletras.com\/en\/ela-taubert-latin-grammy-a-mejor-nuevo-artista-y-estrena-colaboracion-con-joe-jonas\/","og_locale":"en_GB","og_type":"article","og_title":"ELA Taubert, Latin GRAMMY\u00ae a Mejor Nuevo Artista y estrena colaboraci\u00f3n con Joe Jonas","og_description":"La cantautora colombiana Ela Taubert deslumbra con su actuaci\u00f3n junto Joe Jonas durante la celebraci\u00f3n del 25 aniversario de los Latin GRAMMY","og_url":"https:\/\/unaymilletras.com\/en\/ela-taubert-latin-grammy-a-mejor-nuevo-artista-y-estrena-colaboracion-con-joe-jonas\/","og_site_name":"Una y Mil Letras","article_published_time":"2024-11-15T15:30:00+00:00","og_image":[{"width":660,"height":446,"url":"https:\/\/unaymilletras.com\/wp-content\/uploads\/2024\/11\/w660_1157329_gettyimages-2184871.jpg","type":"image\/jpeg"}],"author":"Redacci\u00f3n","twitter_card":"summary_large_image","twitter_creator":"@UnaYMilLetras","twitter_site":"@UnaYMilLetras","twitter_misc":{"Written by":"Redacci\u00f3n","Estimated reading time":"3 minutes"},"schema":{"@context":"https:\/\/schema.org","@graph":[{"@type":"Article","@id":"https:\/\/unaymilletras.com\/ela-taubert-latin-grammy-a-mejor-nuevo-artista-y-estrena-colaboracion-con-joe-jonas\/#article","isPartOf":{"@id":"https:\/\/unaymilletras.com\/ela-taubert-latin-grammy-a-mejor-nuevo-artista-y-estrena-colaboracion-con-joe-jonas\/"},"author":{"name":"Redacci\u00f3n","@id":"http:\/\/unaymilletras.com\/#\/schema\/person\/0860dc8a218329991ee2c7591f4f849d"},"headline":"ELA Taubert, Latin GRAMMY\u00ae a Mejor Nuevo Artista y estrena colaboraci\u00f3n con Joe Jonas","datePublished":"2024-11-15T15:30:00+00:00","mainEntityOfPage":{"@id":"https:\/\/unaymilletras.com\/ela-taubert-latin-grammy-a-mejor-nuevo-artista-y-estrena-colaboracion-con-joe-jonas\/"},"wordCount":337,"commentCount":0,"publisher":{"@id":"http:\/\/unaymilletras.com\/#organization"},"image":{"@id":"https:\/\/unaymilletras.com\/ela-taubert-latin-grammy-a-mejor-nuevo-artista-y-estrena-colaboracion-con-joe-jonas\/#primaryimage"},"thumbnailUrl":"https:\/\/unaymilletras.com\/wp-content\/uploads\/2024\/11\/w660_1157329_gettyimages-2184871.jpg","articleSection":["M\u00fasica"],"inLanguage":"en-GB","potentialAction":[{"@type":"CommentAction","name":"Comment","target":["https:\/\/unaymilletras.com\/ela-taubert-latin-grammy-a-mejor-nuevo-artista-y-estrena-colaboracion-con-joe-jonas\/#respond"]}]},{"@type":"WebPage","@id":"https:\/\/unaymilletras.com\/ela-taubert-latin-grammy-a-mejor-nuevo-artista-y-estrena-colaboracion-con-joe-jonas\/","url":"https:\/\/unaymilletras.com\/ela-taubert-latin-grammy-a-mejor-nuevo-artista-y-estrena-colaboracion-con-joe-jonas\/","name":"ELA Taubert, Latin GRAMMY\u00ae a Mejor Nuevo Artista y estrena colaboraci\u00f3n con Joe Jonas","isPartOf":{"@id":"http:\/\/unaymilletras.com\/#website"},"primaryImageOfPage":{"@id":"https:\/\/unaymilletras.com\/ela-taubert-latin-grammy-a-mejor-nuevo-artista-y-estrena-colaboracion-con-joe-jonas\/#primaryimage"},"image":{"@id":"https:\/\/unaymilletras.com\/ela-taubert-latin-grammy-a-mejor-nuevo-artista-y-estrena-colaboracion-con-joe-jonas\/#primaryimage"},"thumbnailUrl":"https:\/\/unaymilletras.com\/wp-content\/uploads\/2024\/11\/w660_1157329_gettyimages-2184871.jpg","datePublished":"2024-11-15T15:30:00+00:00","description":"La cantautora colombiana Ela Taubert deslumbra con su actuaci\u00f3n junto Joe Jonas durante la celebraci\u00f3n del 25 aniversario de los Latin GRAMMY","breadcrumb":{"@id":"https:\/\/unaymilletras.com\/ela-taubert-latin-grammy-a-mejor-nuevo-artista-y-estrena-colaboracion-con-joe-jonas\/#breadcrumb"},"inLanguage":"en-GB","potentialAction":[{"@type":"ReadAction","target":["https:\/\/unaymilletras.com\/ela-taubert-latin-grammy-a-mejor-nuevo-artista-y-estrena-colaboracion-con-joe-jonas\/"]}]},{"@type":"ImageObject","inLanguage":"en-GB","@id":"https:\/\/unaymilletras.com\/ela-taubert-latin-grammy-a-mejor-nuevo-artista-y-estrena-colaboracion-con-joe-jonas\/#primaryimage","url":"https:\/\/unaymilletras.com\/wp-content\/uploads\/2024\/11\/w660_1157329_gettyimages-2184871.jpg","contentUrl":"https:\/\/unaymilletras.com\/wp-content\/uploads\/2024\/11\/w660_1157329_gettyimages-2184871.jpg","width":660,"height":446,"caption":"Ela Taubert"},{"@type":"BreadcrumbList","@id":"https:\/\/unaymilletras.com\/ela-taubert-latin-grammy-a-mejor-nuevo-artista-y-estrena-colaboracion-con-joe-jonas\/#breadcrumb","itemListElement":[{"@type":"ListItem","position":1,"name":"Home","item":"http:\/\/unaymilletras.com\/"},{"@type":"ListItem","position":2,"name":"ELA Taubert, Latin GRAMMY\u00ae a Mejor Nuevo Artista y estrena colaboraci\u00f3n con Joe Jonas"}]},{"@type":"WebSite","@id":"http:\/\/unaymilletras.com\/#website","url":"http:\/\/unaymilletras.com\/","name":"Una y Mil Letras","description":"","publisher":{"@id":"http:\/\/unaymilletras.com\/#organization"},"potentialAction":[{"@type":"SearchAction","target":{"@type":"EntryPoint","urlTemplate":"http:\/\/unaymilletras.com\/?s={search_term_string}"},"query-input":{"@type":"PropertyValueSpecification","valueRequired":true,"valueName":"search_term_string"}}],"inLanguage":"en-GB"},{"@type":"Organization","@id":"http:\/\/unaymilletras.com\/#organization","name":"Una y Mil Letras","url":"http:\/\/unaymilletras.com\/","logo":{"@type":"ImageObject","inLanguage":"en-GB","@id":"http:\/\/unaymilletras.com\/#\/schema\/logo\/image\/","url":"https:\/\/unaymilletras.com\/wp-content\/uploads\/2024\/06\/cropped-Logo-removebg-preview.png","contentUrl":"https:\/\/unaymilletras.com\/wp-content\/uploads\/2024\/06\/cropped-Logo-removebg-preview.png","width":512,"height":512,"caption":"Una y Mil Letras"},"image":{"@id":"http:\/\/unaymilletras.com\/#\/schema\/logo\/image\/"},"sameAs":["https:\/\/x.com\/UnaYMilLetras","https:\/\/instagram.com\/UnaYMilLetras"]},{"@type":"Person","@id":"http:\/\/unaymilletras.com\/#\/schema\/person\/0860dc8a218329991ee2c7591f4f849d","name":"Redacci\u00f3n","image":{"@type":"ImageObject","inLanguage":"en-GB","@id":"https:\/\/secure.gravatar.com\/avatar\/d8f55e05a8b6597e45c55a1dcbdbfe44f4a360d88b48e00de5216a79b7732796?s=96&d=mm&r=g","url":"https:\/\/secure.gravatar.com\/avatar\/d8f55e05a8b6597e45c55a1dcbdbfe44f4a360d88b48e00de5216a79b7732796?s=96&d=mm&r=g","contentUrl":"https:\/\/secure.gravatar.com\/avatar\/d8f55e05a8b6597e45c55a1dcbdbfe44f4a360d88b48e00de5216a79b7732796?s=96&d=mm&r=g","caption":"Redacci\u00f3n"},"url":"https:\/\/unaymilletras.com\/en\/author\/redaccion\/"}]}},"_links":{"self":[{"href":"https:\/\/unaymilletras.com\/en\/wp-json\/wp\/v2\/posts\/3332","targetHints":{"allow":["GET"]}}],"collection":[{"href":"https:\/\/unaymilletras.com\/en\/wp-json\/wp\/v2\/posts"}],"about":[{"href":"https:\/\/unaymilletras.com\/en\/wp-json\/wp\/v2\/types\/post"}],"author":[{"embeddable":true,"href":"https:\/\/unaymilletras.com\/en\/wp-json\/wp\/v2\/users\/6"}],"replies":[{"embeddable":true,"href":"https:\/\/unaymilletras.com\/en\/wp-json\/wp\/v2\/comments?post=3332"}],"version-history":[{"count":4,"href":"https:\/\/unaymilletras.com\/en\/wp-json\/wp\/v2\/posts\/3332\/revisions"}],"predecessor-version":[{"id":3338,"href":"https:\/\/unaymilletras.com\/en\/wp-json\/wp\/v2\/posts\/3332\/revisions\/3338"}],"wp:featuredmedia":[{"embeddable":true,"href":"https:\/\/unaymilletras.com\/en\/wp-json\/wp\/v2\/media\/3334"}],"wp:attachment":[{"href":"https:\/\/unaymilletras.com\/en\/wp-json\/wp\/v2\/media?parent=3332"}],"wp:term":[{"taxonomy":"category","embeddable":true,"href":"https:\/\/unaymilletras.com\/en\/wp-json\/wp\/v2\/categories?post=3332"},{"taxonomy":"post_tag","embeddable":true,"href":"https:\/\/unaymilletras.com\/en\/wp-json\/wp\/v2\/tags?post=3332"}],"curies":[{"name":"wp","href":"https:\/\/api.w.org\/{rel}","templated":true}]}}