{"id":3339,"date":"2024-11-16T18:33:04","date_gmt":"2024-11-16T17:33:04","guid":{"rendered":"https:\/\/unaymilletras.com\/?p=3339"},"modified":"2024-11-16T18:39:58","modified_gmt":"2024-11-16T17:39:58","slug":"funzo-baby-loud-el-ultimo-y-se-van","status":"publish","type":"post","link":"https:\/\/unaymilletras.com\/en\/funzo-baby-loud-el-ultimo-y-se-van\/","title":{"rendered":"Funzo &amp; Baby Loud: El \u00faltimo y se van"},"content":{"rendered":"<div data-elementor-type=\"wp-post\" data-elementor-id=\"3339\" class=\"elementor elementor-3339\">\n\t\t\t\t\t\t<section class=\"elementor-section elementor-top-section elementor-element elementor-element-a5943aa elementor-section-boxed elementor-section-height-default elementor-section-height-default\" data-id=\"a5943aa\" data-element_type=\"section\" data-e-type=\"section\">\n\t\t\t\t\t\t<div class=\"elementor-container elementor-column-gap-default\">\n\t\t\t\t\t<div class=\"elementor-column elementor-col-100 elementor-top-column elementor-element elementor-element-6fc1bf3\" data-id=\"6fc1bf3\" data-element_type=\"column\" data-e-type=\"column\">\n\t\t\t<div class=\"elementor-widget-wrap elementor-element-populated\">\n\t\t\t\t\t\t<div class=\"elementor-element elementor-element-2a8341e elementor-widget elementor-widget-text-editor\" data-id=\"2a8341e\" data-element_type=\"widget\" data-e-type=\"widget\" data-widget_type=\"text-editor.default\">\n\t\t\t\t<div class=\"elementor-widget-container\">\n\t\t\t\t\t\t\t\t\t<h2 style=\"text-align: center;\"><span style=\"color: #808080;\"><em>Adi\u00f3s a Funzo y Baby Loud con \u00abEl \u00daltimo y Nos Vamos\u00bb, un concierto especial que cerrar\u00e1 su trayectoria juntos<\/em> <\/span><\/h2>\t\t\t\t\t\t\t\t<\/div>\n\t\t\t\t<\/div>\n\t\t\t\t\t<\/div>\n\t\t<\/div>\n\t\t\t\t\t<\/div>\n\t\t<\/section>\n\t\t\t\t<section class=\"elementor-section elementor-top-section elementor-element elementor-element-f66ab30 elementor-section-boxed elementor-section-height-default elementor-section-height-default\" data-id=\"f66ab30\" data-element_type=\"section\" data-e-type=\"section\">\n\t\t\t\t\t\t<div class=\"elementor-container elementor-column-gap-default\">\n\t\t\t\t\t<div class=\"elementor-column elementor-col-100 elementor-top-column elementor-element elementor-element-fa59d7a\" data-id=\"fa59d7a\" data-element_type=\"column\" data-e-type=\"column\">\n\t\t\t<div class=\"elementor-widget-wrap elementor-element-populated\">\n\t\t\t\t\t\t<div class=\"elementor-element elementor-element-795e1b2 elementor-widget elementor-widget-text-editor\" data-id=\"795e1b2\" data-element_type=\"widget\" data-e-type=\"widget\" data-widget_type=\"text-editor.default\">\n\t\t\t\t<div class=\"elementor-widget-container\">\n\t\t\t\t\t\t\t\t\t<p>El pr\u00f3ximo <strong>24 de noviembre<\/strong>, <strong>Funzo y Baby Loud<\/strong> pondr\u00e1n punto final a su carrera como d\u00fao con un emotivo concierto en el <strong>WiZink Center<\/strong> de Madrid. Bajo el t\u00edtulo <strong><em>El \u00daltimo y Nos Vamos<\/em><\/strong>, el espect\u00e1culo promete ser un cierre a la altura de una trayectoria que ha marcado la escena musical urbana en Espa\u00f1a.<\/p>\t\t\t\t\t\t\t\t<\/div>\n\t\t\t\t<\/div>\n\t\t\t\t\t<\/div>\n\t\t<\/div>\n\t\t\t\t\t<\/div>\n\t\t<\/section>\n\t\t\t\t<section class=\"elementor-section elementor-top-section elementor-element elementor-element-df6fdb6 elementor-section-boxed elementor-section-height-default elementor-section-height-default\" data-id=\"df6fdb6\" data-element_type=\"section\" data-e-type=\"section\">\n\t\t\t\t\t\t<div class=\"elementor-container elementor-column-gap-default\">\n\t\t\t\t\t<div class=\"elementor-column elementor-col-100 elementor-top-column elementor-element elementor-element-a5933c0\" data-id=\"a5933c0\" data-element_type=\"column\" data-e-type=\"column\">\n\t\t\t<div class=\"elementor-widget-wrap elementor-element-populated\">\n\t\t\t\t\t\t<div class=\"elementor-element elementor-element-62d29c6 elementor-widget elementor-widget-image\" data-id=\"62d29c6\" data-element_type=\"widget\" data-e-type=\"widget\" data-widget_type=\"image.default\">\n\t\t\t\t<div class=\"elementor-widget-container\">\n\t\t\t\t\t\t\t\t\t\t\t\t\t\t\t<img fetchpriority=\"high\" decoding=\"async\" width=\"640\" height=\"306\" src=\"https:\/\/unaymilletras.com\/wp-content\/uploads\/2024\/11\/20240711093848-evento.jpg\" class=\"attachment-large size-large wp-image-3341\" alt=\"Funzo y Baby Loud\" srcset=\"https:\/\/unaymilletras.com\/wp-content\/uploads\/2024\/11\/20240711093848-evento.jpg 940w, https:\/\/unaymilletras.com\/wp-content\/uploads\/2024\/11\/20240711093848-evento-300x144.jpg 300w, https:\/\/unaymilletras.com\/wp-content\/uploads\/2024\/11\/20240711093848-evento-768x368.jpg 768w, https:\/\/unaymilletras.com\/wp-content\/uploads\/2024\/11\/20240711093848-evento-18x9.jpg 18w\" sizes=\"(max-width: 640px) 100vw, 640px\" \/>\t\t\t\t\t\t\t\t\t\t\t\t\t\t\t<\/div>\n\t\t\t\t<\/div>\n\t\t\t\t\t<\/div>\n\t\t<\/div>\n\t\t\t\t\t<\/div>\n\t\t<\/section>\n\t\t\t\t<section class=\"elementor-section elementor-top-section elementor-element elementor-element-11dc52e elementor-section-boxed elementor-section-height-default elementor-section-height-default\" data-id=\"11dc52e\" data-element_type=\"section\" data-e-type=\"section\">\n\t\t\t\t\t\t<div class=\"elementor-container elementor-column-gap-default\">\n\t\t\t\t\t<div class=\"elementor-column elementor-col-100 elementor-top-column elementor-element elementor-element-e94b766\" data-id=\"e94b766\" data-element_type=\"column\" data-e-type=\"column\">\n\t\t\t<div class=\"elementor-widget-wrap elementor-element-populated\">\n\t\t\t\t\t\t<div class=\"elementor-element elementor-element-94be4c8 elementor-widget elementor-widget-text-editor\" data-id=\"94be4c8\" data-element_type=\"widget\" data-e-type=\"widget\" data-widget_type=\"text-editor.default\">\n\t\t\t\t<div class=\"elementor-widget-container\">\n\t\t\t\t\t\t\t\t\t<p>Tras siete a\u00f1os de carrera, los hermanos Adri\u00e1n y Juan Carlos Gomis han decidido tomar caminos separados. En su mejor momento profesional, con \u00e9xitos como el disco <span style=\"color: #808080;\"><a style=\"color: #808080;\" href=\"https:\/\/unaymilletras.com\/en\/el-album-de-despedida-de-funzo-y-baby-loud-ya-esta-disponible\/\"><em>Palante<\/em><\/a><\/span> y una gira de festivales repleta de seguidores, el d\u00fao celebrar\u00e1 este evento como el broche de oro a un proyecto que ha conquistado a miles de fans.<\/p><p>El <span style=\"color: #808080;\"><a style=\"color: #808080;\" href=\"https:\/\/www.wizinkcenter.es\/informacion?evento=funzo-baby-loud-el-ltimo-y-nos-vamos\">concierto<\/a><\/span> en Madrid, que se realizar\u00e1 en un horario poco habitual (13:00 horas), busca facilitar la asistencia de seguidores de fuera de la ciudad. Con un aforo mayor que en su anterior paso por la capital, Funzo &amp; Baby Loud pretenden ofrecer a su p\u00fablico un espect\u00e1culo inolvidable.<\/p><p><strong>Una gira para la historia<\/strong><br \/>Este concierto ser\u00e1 parte del cierre de la gira <em>Negative Cloud Pa Siempre<\/em>, que arranc\u00f3 el 9 de marzo tambi\u00e9n en Madrid. La gira ha recorrido m\u00e1s de 17 ciudades y se ampli\u00f3 debido al gran \u00e9xito de taquilla y a la demanda de sus fans. Antes del evento en el WiZink Center, el 26 de octubre, el d\u00fao tambi\u00e9n se despedir\u00e1 en el Palau Ol\u00edmpic de Badalona.<\/p><p>Con temas emblem\u00e1ticos como <em>Poca Suerte<\/em>, <em>Joven Para Siempre<\/em> o <em>Batm\u00f3vil<\/em>, Funzo &amp; Baby Loud prometen un setlist cargado de emoci\u00f3n. Repasar\u00e1n los momentos m\u00e1s destacados de su carrera. Seg\u00fan el propio d\u00fao, \u201cquer\u00edamos cerrar este cap\u00edtulo por todo lo alto, con dos estadios repletos para celebrar la vida y el fin de este proyecto\u201d.<\/p>\t\t\t\t\t\t\t\t<\/div>\n\t\t\t\t<\/div>\n\t\t\t\t\t<\/div>\n\t\t<\/div>\n\t\t\t\t\t<\/div>\n\t\t<\/section>\n\t\t\t\t<\/div>","protected":false},"excerpt":{"rendered":"<p>Adi\u00f3s a Funzo y Baby Loud con \u00abEl \u00daltimo y Nos Vamos\u00bb, un concierto especial que cerrar\u00e1 su trayectoria juntos El pr\u00f3ximo 24 de noviembre, Funzo y Baby Loud pondr\u00e1n punto final a su carrera como d\u00fao con un emotivo concierto en el WiZink Center de Madrid. Bajo el t\u00edtulo El \u00daltimo y Nos Vamos, [&hellip;]<\/p>\n","protected":false},"author":6,"featured_media":3341,"comment_status":"open","ping_status":"open","sticky":false,"template":"","format":"standard","meta":{"footnotes":""},"categories":[4],"tags":[],"class_list":["post-3339","post","type-post","status-publish","format-standard","has-post-thumbnail","hentry","category-musica"],"yoast_head":"<!-- This site is optimized with the Yoast SEO plugin v27.4 - https:\/\/yoast.com\/product\/yoast-seo-wordpress\/ -->\n<title>Funzo &amp; Baby Loud: El \u00faltimo y se van &#8902; Una y Mil Letras<\/title>\n<meta name=\"description\" content=\"El d\u00fao alicantino dice adi\u00f3s con \u00abEl \u00daltimo y Nos Vamos\u00bb a Funzo y Baby Loud, un concierto especial que cerrar\u00e1 su trayectoria juntos\" \/>\n<meta name=\"robots\" content=\"index, follow, max-snippet:-1, max-image-preview:large, max-video-preview:-1\" \/>\n<link rel=\"canonical\" href=\"https:\/\/unaymilletras.com\/en\/funzo-baby-loud-el-ultimo-y-se-van\/\" \/>\n<meta property=\"og:locale\" content=\"en_GB\" \/>\n<meta property=\"og:type\" content=\"article\" \/>\n<meta property=\"og:title\" content=\"Funzo &amp; Baby Loud: El \u00faltimo y se van &#8902; Una y Mil Letras\" \/>\n<meta property=\"og:description\" content=\"El d\u00fao alicantino dice adi\u00f3s con \u00abEl \u00daltimo y Nos Vamos\u00bb a Funzo y Baby Loud, un concierto especial que cerrar\u00e1 su trayectoria juntos\" \/>\n<meta property=\"og:url\" content=\"https:\/\/unaymilletras.com\/en\/funzo-baby-loud-el-ultimo-y-se-van\/\" \/>\n<meta property=\"og:site_name\" content=\"Una y Mil Letras\" \/>\n<meta property=\"article:published_time\" content=\"2024-11-16T17:33:04+00:00\" \/>\n<meta property=\"article:modified_time\" content=\"2024-11-16T17:39:58+00:00\" \/>\n<meta property=\"og:image\" content=\"http:\/\/unaymilletras.com\/wp-content\/uploads\/2024\/11\/20240711093848-evento.jpg\" \/>\n\t<meta property=\"og:image:width\" content=\"940\" \/>\n\t<meta property=\"og:image:height\" content=\"450\" \/>\n\t<meta property=\"og:image:type\" content=\"image\/jpeg\" \/>\n<meta name=\"author\" content=\"Redacci\u00f3n\" \/>\n<meta name=\"twitter:card\" content=\"summary_large_image\" \/>\n<meta name=\"twitter:creator\" content=\"@UnaYMilLetras\" \/>\n<meta name=\"twitter:site\" content=\"@UnaYMilLetras\" \/>\n<meta name=\"twitter:label1\" content=\"Written by\" \/>\n\t<meta name=\"twitter:data1\" content=\"Redacci\u00f3n\" \/>\n\t<meta name=\"twitter:label2\" content=\"Estimated reading time\" \/>\n\t<meta name=\"twitter:data2\" content=\"2 minutes\" \/>\n<script type=\"application\/ld+json\" class=\"yoast-schema-graph\">{\"@context\":\"https:\\\/\\\/schema.org\",\"@graph\":[{\"@type\":\"Article\",\"@id\":\"https:\\\/\\\/unaymilletras.com\\\/funzo-baby-loud-el-ultimo-y-se-van\\\/#article\",\"isPartOf\":{\"@id\":\"https:\\\/\\\/unaymilletras.com\\\/funzo-baby-loud-el-ultimo-y-se-van\\\/\"},\"author\":{\"name\":\"Redacci\u00f3n\",\"@id\":\"http:\\\/\\\/unaymilletras.com\\\/#\\\/schema\\\/person\\\/0860dc8a218329991ee2c7591f4f849d\"},\"headline\":\"Funzo &amp; Baby Loud: El \u00faltimo y se van\",\"datePublished\":\"2024-11-16T17:33:04+00:00\",\"dateModified\":\"2024-11-16T17:39:58+00:00\",\"mainEntityOfPage\":{\"@id\":\"https:\\\/\\\/unaymilletras.com\\\/funzo-baby-loud-el-ultimo-y-se-van\\\/\"},\"wordCount\":339,\"commentCount\":0,\"publisher\":{\"@id\":\"http:\\\/\\\/unaymilletras.com\\\/#organization\"},\"image\":{\"@id\":\"https:\\\/\\\/unaymilletras.com\\\/funzo-baby-loud-el-ultimo-y-se-van\\\/#primaryimage\"},\"thumbnailUrl\":\"https:\\\/\\\/unaymilletras.com\\\/wp-content\\\/uploads\\\/2024\\\/11\\\/20240711093848-evento.jpg\",\"articleSection\":[\"M\u00fasica\"],\"inLanguage\":\"en-GB\",\"potentialAction\":[{\"@type\":\"CommentAction\",\"name\":\"Comment\",\"target\":[\"https:\\\/\\\/unaymilletras.com\\\/funzo-baby-loud-el-ultimo-y-se-van\\\/#respond\"]}]},{\"@type\":\"WebPage\",\"@id\":\"https:\\\/\\\/unaymilletras.com\\\/funzo-baby-loud-el-ultimo-y-se-van\\\/\",\"url\":\"https:\\\/\\\/unaymilletras.com\\\/funzo-baby-loud-el-ultimo-y-se-van\\\/\",\"name\":\"Funzo &amp; Baby Loud: El \u00faltimo y se van &#8902; Una y Mil Letras\",\"isPartOf\":{\"@id\":\"http:\\\/\\\/unaymilletras.com\\\/#website\"},\"primaryImageOfPage\":{\"@id\":\"https:\\\/\\\/unaymilletras.com\\\/funzo-baby-loud-el-ultimo-y-se-van\\\/#primaryimage\"},\"image\":{\"@id\":\"https:\\\/\\\/unaymilletras.com\\\/funzo-baby-loud-el-ultimo-y-se-van\\\/#primaryimage\"},\"thumbnailUrl\":\"https:\\\/\\\/unaymilletras.com\\\/wp-content\\\/uploads\\\/2024\\\/11\\\/20240711093848-evento.jpg\",\"datePublished\":\"2024-11-16T17:33:04+00:00\",\"dateModified\":\"2024-11-16T17:39:58+00:00\",\"description\":\"El d\u00fao alicantino dice adi\u00f3s con \u00abEl \u00daltimo y Nos Vamos\u00bb a Funzo y Baby Loud, un concierto especial que cerrar\u00e1 su trayectoria juntos\",\"breadcrumb\":{\"@id\":\"https:\\\/\\\/unaymilletras.com\\\/funzo-baby-loud-el-ultimo-y-se-van\\\/#breadcrumb\"},\"inLanguage\":\"en-GB\",\"potentialAction\":[{\"@type\":\"ReadAction\",\"target\":[\"https:\\\/\\\/unaymilletras.com\\\/funzo-baby-loud-el-ultimo-y-se-van\\\/\"]}]},{\"@type\":\"ImageObject\",\"inLanguage\":\"en-GB\",\"@id\":\"https:\\\/\\\/unaymilletras.com\\\/funzo-baby-loud-el-ultimo-y-se-van\\\/#primaryimage\",\"url\":\"https:\\\/\\\/unaymilletras.com\\\/wp-content\\\/uploads\\\/2024\\\/11\\\/20240711093848-evento.jpg\",\"contentUrl\":\"https:\\\/\\\/unaymilletras.com\\\/wp-content\\\/uploads\\\/2024\\\/11\\\/20240711093848-evento.jpg\",\"width\":940,\"height\":450,\"caption\":\"Funzo y Baby Loud\"},{\"@type\":\"BreadcrumbList\",\"@id\":\"https:\\\/\\\/unaymilletras.com\\\/funzo-baby-loud-el-ultimo-y-se-van\\\/#breadcrumb\",\"itemListElement\":[{\"@type\":\"ListItem\",\"position\":1,\"name\":\"Home\",\"item\":\"http:\\\/\\\/unaymilletras.com\\\/\"},{\"@type\":\"ListItem\",\"position\":2,\"name\":\"Funzo &amp; Baby Loud: El \u00faltimo y se van\"}]},{\"@type\":\"WebSite\",\"@id\":\"http:\\\/\\\/unaymilletras.com\\\/#website\",\"url\":\"http:\\\/\\\/unaymilletras.com\\\/\",\"name\":\"Una y Mil Letras\",\"description\":\"\",\"publisher\":{\"@id\":\"http:\\\/\\\/unaymilletras.com\\\/#organization\"},\"potentialAction\":[{\"@type\":\"SearchAction\",\"target\":{\"@type\":\"EntryPoint\",\"urlTemplate\":\"http:\\\/\\\/unaymilletras.com\\\/?s={search_term_string}\"},\"query-input\":{\"@type\":\"PropertyValueSpecification\",\"valueRequired\":true,\"valueName\":\"search_term_string\"}}],\"inLanguage\":\"en-GB\"},{\"@type\":\"Organization\",\"@id\":\"http:\\\/\\\/unaymilletras.com\\\/#organization\",\"name\":\"Una y Mil Letras\",\"url\":\"http:\\\/\\\/unaymilletras.com\\\/\",\"logo\":{\"@type\":\"ImageObject\",\"inLanguage\":\"en-GB\",\"@id\":\"http:\\\/\\\/unaymilletras.com\\\/#\\\/schema\\\/logo\\\/image\\\/\",\"url\":\"https:\\\/\\\/unaymilletras.com\\\/wp-content\\\/uploads\\\/2024\\\/06\\\/cropped-Logo-removebg-preview.png\",\"contentUrl\":\"https:\\\/\\\/unaymilletras.com\\\/wp-content\\\/uploads\\\/2024\\\/06\\\/cropped-Logo-removebg-preview.png\",\"width\":512,\"height\":512,\"caption\":\"Una y Mil Letras\"},\"image\":{\"@id\":\"http:\\\/\\\/unaymilletras.com\\\/#\\\/schema\\\/logo\\\/image\\\/\"},\"sameAs\":[\"https:\\\/\\\/x.com\\\/UnaYMilLetras\",\"https:\\\/\\\/instagram.com\\\/UnaYMilLetras\"]},{\"@type\":\"Person\",\"@id\":\"http:\\\/\\\/unaymilletras.com\\\/#\\\/schema\\\/person\\\/0860dc8a218329991ee2c7591f4f849d\",\"name\":\"Redacci\u00f3n\",\"image\":{\"@type\":\"ImageObject\",\"inLanguage\":\"en-GB\",\"@id\":\"https:\\\/\\\/secure.gravatar.com\\\/avatar\\\/d8f55e05a8b6597e45c55a1dcbdbfe44f4a360d88b48e00de5216a79b7732796?s=96&d=mm&r=g\",\"url\":\"https:\\\/\\\/secure.gravatar.com\\\/avatar\\\/d8f55e05a8b6597e45c55a1dcbdbfe44f4a360d88b48e00de5216a79b7732796?s=96&d=mm&r=g\",\"contentUrl\":\"https:\\\/\\\/secure.gravatar.com\\\/avatar\\\/d8f55e05a8b6597e45c55a1dcbdbfe44f4a360d88b48e00de5216a79b7732796?s=96&d=mm&r=g\",\"caption\":\"Redacci\u00f3n\"},\"url\":\"https:\\\/\\\/unaymilletras.com\\\/en\\\/author\\\/redaccion\\\/\"}]}<\/script>\n<!-- \/ Yoast SEO plugin. -->","yoast_head_json":{"title":"Funzo &amp; Baby Loud: El \u00faltimo y se van &#8902; Una y Mil Letras","description":"El d\u00fao alicantino dice adi\u00f3s con \u00abEl \u00daltimo y Nos Vamos\u00bb a Funzo y Baby Loud, un concierto especial que cerrar\u00e1 su trayectoria juntos","robots":{"index":"index","follow":"follow","max-snippet":"max-snippet:-1","max-image-preview":"max-image-preview:large","max-video-preview":"max-video-preview:-1"},"canonical":"https:\/\/unaymilletras.com\/en\/funzo-baby-loud-el-ultimo-y-se-van\/","og_locale":"en_GB","og_type":"article","og_title":"Funzo &amp; Baby Loud: El \u00faltimo y se van &#8902; Una y Mil Letras","og_description":"El d\u00fao alicantino dice adi\u00f3s con \u00abEl \u00daltimo y Nos Vamos\u00bb a Funzo y Baby Loud, un concierto especial que cerrar\u00e1 su trayectoria juntos","og_url":"https:\/\/unaymilletras.com\/en\/funzo-baby-loud-el-ultimo-y-se-van\/","og_site_name":"Una y Mil Letras","article_published_time":"2024-11-16T17:33:04+00:00","article_modified_time":"2024-11-16T17:39:58+00:00","og_image":[{"width":940,"height":450,"url":"http:\/\/unaymilletras.com\/wp-content\/uploads\/2024\/11\/20240711093848-evento.jpg","type":"image\/jpeg"}],"author":"Redacci\u00f3n","twitter_card":"summary_large_image","twitter_creator":"@UnaYMilLetras","twitter_site":"@UnaYMilLetras","twitter_misc":{"Written by":"Redacci\u00f3n","Estimated reading time":"2 minutes"},"schema":{"@context":"https:\/\/schema.org","@graph":[{"@type":"Article","@id":"https:\/\/unaymilletras.com\/funzo-baby-loud-el-ultimo-y-se-van\/#article","isPartOf":{"@id":"https:\/\/unaymilletras.com\/funzo-baby-loud-el-ultimo-y-se-van\/"},"author":{"name":"Redacci\u00f3n","@id":"http:\/\/unaymilletras.com\/#\/schema\/person\/0860dc8a218329991ee2c7591f4f849d"},"headline":"Funzo &amp; Baby Loud: El \u00faltimo y se van","datePublished":"2024-11-16T17:33:04+00:00","dateModified":"2024-11-16T17:39:58+00:00","mainEntityOfPage":{"@id":"https:\/\/unaymilletras.com\/funzo-baby-loud-el-ultimo-y-se-van\/"},"wordCount":339,"commentCount":0,"publisher":{"@id":"http:\/\/unaymilletras.com\/#organization"},"image":{"@id":"https:\/\/unaymilletras.com\/funzo-baby-loud-el-ultimo-y-se-van\/#primaryimage"},"thumbnailUrl":"https:\/\/unaymilletras.com\/wp-content\/uploads\/2024\/11\/20240711093848-evento.jpg","articleSection":["M\u00fasica"],"inLanguage":"en-GB","potentialAction":[{"@type":"CommentAction","name":"Comment","target":["https:\/\/unaymilletras.com\/funzo-baby-loud-el-ultimo-y-se-van\/#respond"]}]},{"@type":"WebPage","@id":"https:\/\/unaymilletras.com\/funzo-baby-loud-el-ultimo-y-se-van\/","url":"https:\/\/unaymilletras.com\/funzo-baby-loud-el-ultimo-y-se-van\/","name":"Funzo &amp; Baby Loud: El \u00faltimo y se van &#8902; Una y Mil Letras","isPartOf":{"@id":"http:\/\/unaymilletras.com\/#website"},"primaryImageOfPage":{"@id":"https:\/\/unaymilletras.com\/funzo-baby-loud-el-ultimo-y-se-van\/#primaryimage"},"image":{"@id":"https:\/\/unaymilletras.com\/funzo-baby-loud-el-ultimo-y-se-van\/#primaryimage"},"thumbnailUrl":"https:\/\/unaymilletras.com\/wp-content\/uploads\/2024\/11\/20240711093848-evento.jpg","datePublished":"2024-11-16T17:33:04+00:00","dateModified":"2024-11-16T17:39:58+00:00","description":"El d\u00fao alicantino dice adi\u00f3s con \u00abEl \u00daltimo y Nos Vamos\u00bb a Funzo y Baby Loud, un concierto especial que cerrar\u00e1 su trayectoria juntos","breadcrumb":{"@id":"https:\/\/unaymilletras.com\/funzo-baby-loud-el-ultimo-y-se-van\/#breadcrumb"},"inLanguage":"en-GB","potentialAction":[{"@type":"ReadAction","target":["https:\/\/unaymilletras.com\/funzo-baby-loud-el-ultimo-y-se-van\/"]}]},{"@type":"ImageObject","inLanguage":"en-GB","@id":"https:\/\/unaymilletras.com\/funzo-baby-loud-el-ultimo-y-se-van\/#primaryimage","url":"https:\/\/unaymilletras.com\/wp-content\/uploads\/2024\/11\/20240711093848-evento.jpg","contentUrl":"https:\/\/unaymilletras.com\/wp-content\/uploads\/2024\/11\/20240711093848-evento.jpg","width":940,"height":450,"caption":"Funzo y Baby Loud"},{"@type":"BreadcrumbList","@id":"https:\/\/unaymilletras.com\/funzo-baby-loud-el-ultimo-y-se-van\/#breadcrumb","itemListElement":[{"@type":"ListItem","position":1,"name":"Home","item":"http:\/\/unaymilletras.com\/"},{"@type":"ListItem","position":2,"name":"Funzo &amp; Baby Loud: El \u00faltimo y se van"}]},{"@type":"WebSite","@id":"http:\/\/unaymilletras.com\/#website","url":"http:\/\/unaymilletras.com\/","name":"Una y Mil Letras","description":"","publisher":{"@id":"http:\/\/unaymilletras.com\/#organization"},"potentialAction":[{"@type":"SearchAction","target":{"@type":"EntryPoint","urlTemplate":"http:\/\/unaymilletras.com\/?s={search_term_string}"},"query-input":{"@type":"PropertyValueSpecification","valueRequired":true,"valueName":"search_term_string"}}],"inLanguage":"en-GB"},{"@type":"Organization","@id":"http:\/\/unaymilletras.com\/#organization","name":"Una y Mil Letras","url":"http:\/\/unaymilletras.com\/","logo":{"@type":"ImageObject","inLanguage":"en-GB","@id":"http:\/\/unaymilletras.com\/#\/schema\/logo\/image\/","url":"https:\/\/unaymilletras.com\/wp-content\/uploads\/2024\/06\/cropped-Logo-removebg-preview.png","contentUrl":"https:\/\/unaymilletras.com\/wp-content\/uploads\/2024\/06\/cropped-Logo-removebg-preview.png","width":512,"height":512,"caption":"Una y Mil Letras"},"image":{"@id":"http:\/\/unaymilletras.com\/#\/schema\/logo\/image\/"},"sameAs":["https:\/\/x.com\/UnaYMilLetras","https:\/\/instagram.com\/UnaYMilLetras"]},{"@type":"Person","@id":"http:\/\/unaymilletras.com\/#\/schema\/person\/0860dc8a218329991ee2c7591f4f849d","name":"Redacci\u00f3n","image":{"@type":"ImageObject","inLanguage":"en-GB","@id":"https:\/\/secure.gravatar.com\/avatar\/d8f55e05a8b6597e45c55a1dcbdbfe44f4a360d88b48e00de5216a79b7732796?s=96&d=mm&r=g","url":"https:\/\/secure.gravatar.com\/avatar\/d8f55e05a8b6597e45c55a1dcbdbfe44f4a360d88b48e00de5216a79b7732796?s=96&d=mm&r=g","contentUrl":"https:\/\/secure.gravatar.com\/avatar\/d8f55e05a8b6597e45c55a1dcbdbfe44f4a360d88b48e00de5216a79b7732796?s=96&d=mm&r=g","caption":"Redacci\u00f3n"},"url":"https:\/\/unaymilletras.com\/en\/author\/redaccion\/"}]}},"_links":{"self":[{"href":"https:\/\/unaymilletras.com\/en\/wp-json\/wp\/v2\/posts\/3339","targetHints":{"allow":["GET"]}}],"collection":[{"href":"https:\/\/unaymilletras.com\/en\/wp-json\/wp\/v2\/posts"}],"about":[{"href":"https:\/\/unaymilletras.com\/en\/wp-json\/wp\/v2\/types\/post"}],"author":[{"embeddable":true,"href":"https:\/\/unaymilletras.com\/en\/wp-json\/wp\/v2\/users\/6"}],"replies":[{"embeddable":true,"href":"https:\/\/unaymilletras.com\/en\/wp-json\/wp\/v2\/comments?post=3339"}],"version-history":[{"count":7,"href":"https:\/\/unaymilletras.com\/en\/wp-json\/wp\/v2\/posts\/3339\/revisions"}],"predecessor-version":[{"id":3347,"href":"https:\/\/unaymilletras.com\/en\/wp-json\/wp\/v2\/posts\/3339\/revisions\/3347"}],"wp:featuredmedia":[{"embeddable":true,"href":"https:\/\/unaymilletras.com\/en\/wp-json\/wp\/v2\/media\/3341"}],"wp:attachment":[{"href":"https:\/\/unaymilletras.com\/en\/wp-json\/wp\/v2\/media?parent=3339"}],"wp:term":[{"taxonomy":"category","embeddable":true,"href":"https:\/\/unaymilletras.com\/en\/wp-json\/wp\/v2\/categories?post=3339"},{"taxonomy":"post_tag","embeddable":true,"href":"https:\/\/unaymilletras.com\/en\/wp-json\/wp\/v2\/tags?post=3339"}],"curies":[{"name":"wp","href":"https:\/\/api.w.org\/{rel}","templated":true}]}}