{"id":3348,"date":"2024-11-18T13:53:15","date_gmt":"2024-11-18T12:53:15","guid":{"rendered":"https:\/\/unaymilletras.com\/?p=3348"},"modified":"2024-11-18T13:58:56","modified_gmt":"2024-11-18T12:58:56","slug":"duki-pasara-por-espana-con-su-esperado-ameri-world-tour","status":"publish","type":"post","link":"https:\/\/unaymilletras.com\/en\/duki-pasara-por-espana-con-su-esperado-ameri-world-tour\/","title":{"rendered":"Duki pasar\u00e1 por Espa\u00f1a con su esperado AMERI World Tour"},"content":{"rendered":"\t\t<div data-elementor-type=\"wp-post\" data-elementor-id=\"3348\" class=\"elementor elementor-3348\">\n\t\t\t\t\t\t<section class=\"elementor-section elementor-top-section elementor-element elementor-element-3e1e312 elementor-section-boxed elementor-section-height-default elementor-section-height-default\" data-id=\"3e1e312\" data-element_type=\"section\" data-e-type=\"section\">\n\t\t\t\t\t\t<div class=\"elementor-container elementor-column-gap-default\">\n\t\t\t\t\t<div class=\"elementor-column elementor-col-100 elementor-top-column elementor-element elementor-element-586b907\" data-id=\"586b907\" data-element_type=\"column\" data-e-type=\"column\">\n\t\t\t<div class=\"elementor-widget-wrap elementor-element-populated\">\n\t\t\t\t\t\t<div class=\"elementor-element elementor-element-cd4ac77 elementor-widget elementor-widget-text-editor\" data-id=\"cd4ac77\" data-element_type=\"widget\" data-e-type=\"widget\" data-widget_type=\"text-editor.default\">\n\t\t\t\t<div class=\"elementor-widget-container\">\n\t\t\t\t\t\t\t\t\t<div class=\"wDYxhc\" lang=\"es-ES\" data-md=\"61\"><h2 class=\"LGOjhe\" style=\"text-align: center;\" data-attrid=\"wa:\/description\" data-hveid=\"CB0QAA\"><span style=\"color: #808080;\"><em>Tras estrenar el disco m\u00e1s importante de su carrera, Duki actuar\u00e1 en A Coru\u00f1a, Barcelona y Madrid en oto\u00f1o de 2025<\/em><\/span><\/h2><\/div>\t\t\t\t\t\t\t\t<\/div>\n\t\t\t\t<\/div>\n\t\t\t\t\t<\/div>\n\t\t<\/div>\n\t\t\t\t\t<\/div>\n\t\t<\/section>\n\t\t\t\t<section class=\"elementor-section elementor-top-section elementor-element elementor-element-955fd02 elementor-section-boxed elementor-section-height-default elementor-section-height-default\" data-id=\"955fd02\" data-element_type=\"section\" data-e-type=\"section\">\n\t\t\t\t\t\t<div class=\"elementor-container elementor-column-gap-default\">\n\t\t\t\t\t<div class=\"elementor-column elementor-col-100 elementor-top-column elementor-element elementor-element-e9c6ba4\" data-id=\"e9c6ba4\" data-element_type=\"column\" data-e-type=\"column\">\n\t\t\t<div class=\"elementor-widget-wrap elementor-element-populated\">\n\t\t\t\t\t\t<div class=\"elementor-element elementor-element-64a60b4 elementor-widget elementor-widget-text-editor\" data-id=\"64a60b4\" data-element_type=\"widget\" data-e-type=\"widget\" data-widget_type=\"text-editor.default\">\n\t\t\t\t<div class=\"elementor-widget-container\">\n\t\t\t\t\t\t\t\t\t<p><b>Duki<\/b>, una de las figuras m\u00e1s influyentes de la m\u00fasica urbana a nivel mundial, ha confirmado su regreso a Espa\u00f1a con el <em><b>AMERI World Tour<\/b><\/em>. La gira, que recorrer\u00e1 15 pa\u00edses, incluir\u00e1 paradas en <b>Sevilla<\/b>, <b>A Coru\u00f1a<\/b>, <b>Barcelona<\/b> y <b>Madrid<\/b> en octubre de 2025. Este ambicioso tour, el m\u00e1s grande de su carrera, sigue el lanzamiento de su reciente \u00e1lbum <em><b>AMERI<\/b><\/em>, un trabajo que refleja su evoluci\u00f3n art\u00edstica.<\/p>\t\t\t\t\t\t\t\t<\/div>\n\t\t\t\t<\/div>\n\t\t\t\t\t<\/div>\n\t\t<\/div>\n\t\t\t\t\t<\/div>\n\t\t<\/section>\n\t\t\t\t<section class=\"elementor-section elementor-top-section elementor-element elementor-element-ed4cd94 elementor-section-boxed elementor-section-height-default elementor-section-height-default\" data-id=\"ed4cd94\" data-element_type=\"section\" data-e-type=\"section\">\n\t\t\t\t\t\t<div class=\"elementor-container elementor-column-gap-default\">\n\t\t\t\t\t<div class=\"elementor-column elementor-col-50 elementor-top-column elementor-element elementor-element-4dcd598\" data-id=\"4dcd598\" data-element_type=\"column\" data-e-type=\"column\">\n\t\t\t<div class=\"elementor-widget-wrap elementor-element-populated\">\n\t\t\t\t\t\t<div class=\"elementor-element elementor-element-2a9cece elementor-widget elementor-widget-text-editor\" data-id=\"2a9cece\" data-element_type=\"widget\" data-e-type=\"widget\" data-widget_type=\"text-editor.default\">\n\t\t\t\t<div class=\"elementor-widget-container\">\n\t\t\t\t\t\t\t\t\t<p>El \u00e1lbum <em>AMERI<\/em>\u00a0ha recibido elogios de la cr\u00edtica y ha capturado la atenci\u00f3n de millones de seguidores. Este proyecto cuenta con 15 canciones y colaboraciones de peso, como Myke Towers, Arc\u00e1ngel, Wiz Khalifa, Feid, Judeline, <span style=\"color: #808080;\"><a style=\"color: #808080;\" href=\"https:\/\/unaymilletras.com\/duki-estrena-el-segundo-adelanto-de-ameri-junto-a-lia-kali\/\">Lia Kali<\/a><\/span>, Morad y Bizarrap. Cada tema es un testimonio del alcance global de Duki, quien ha logrado traspasar las fronteras del reguet\u00f3n y el trap. Se ha posicionado como un referente musical tanto en Am\u00e9rica Latina como en Europa<\/p>\t\t\t\t\t\t\t\t<\/div>\n\t\t\t\t<\/div>\n\t\t\t\t\t<\/div>\n\t\t<\/div>\n\t\t\t\t<div class=\"elementor-column elementor-col-50 elementor-top-column elementor-element elementor-element-ba585aa\" data-id=\"ba585aa\" data-element_type=\"column\" data-e-type=\"column\">\n\t\t\t<div class=\"elementor-widget-wrap elementor-element-populated\">\n\t\t\t\t\t\t<div class=\"elementor-element elementor-element-2c25b25 elementor-widget elementor-widget-image\" data-id=\"2c25b25\" data-element_type=\"widget\" data-e-type=\"widget\" data-widget_type=\"image.default\">\n\t\t\t\t<div class=\"elementor-widget-container\">\n\t\t\t\t\t\t\t\t\t\t\t\t\t\t\t<img fetchpriority=\"high\" decoding=\"async\" width=\"640\" height=\"640\" src=\"https:\/\/unaymilletras.com\/wp-content\/uploads\/2024\/11\/AD_4nXcZkudvQmSmh12as5epyaEyzg0-1024x1024.jpg\" class=\"attachment-large size-large wp-image-3350\" alt=\"Duki\" srcset=\"https:\/\/unaymilletras.com\/wp-content\/uploads\/2024\/11\/AD_4nXcZkudvQmSmh12as5epyaEyzg0-1024x1024.jpg 1024w, https:\/\/unaymilletras.com\/wp-content\/uploads\/2024\/11\/AD_4nXcZkudvQmSmh12as5epyaEyzg0-300x300.jpg 300w, https:\/\/unaymilletras.com\/wp-content\/uploads\/2024\/11\/AD_4nXcZkudvQmSmh12as5epyaEyzg0-150x150.jpg 150w, https:\/\/unaymilletras.com\/wp-content\/uploads\/2024\/11\/AD_4nXcZkudvQmSmh12as5epyaEyzg0-768x768.jpg 768w, https:\/\/unaymilletras.com\/wp-content\/uploads\/2024\/11\/AD_4nXcZkudvQmSmh12as5epyaEyzg0-1536x1536.jpg 1536w, https:\/\/unaymilletras.com\/wp-content\/uploads\/2024\/11\/AD_4nXcZkudvQmSmh12as5epyaEyzg0-12x12.jpg 12w, https:\/\/unaymilletras.com\/wp-content\/uploads\/2024\/11\/AD_4nXcZkudvQmSmh12as5epyaEyzg0-e1731933828284.jpg 600w\" sizes=\"(max-width: 640px) 100vw, 640px\" \/>\t\t\t\t\t\t\t\t\t\t\t\t\t\t\t<\/div>\n\t\t\t\t<\/div>\n\t\t\t\t\t<\/div>\n\t\t<\/div>\n\t\t\t\t\t<\/div>\n\t\t<\/section>\n\t\t\t\t<section class=\"elementor-section elementor-top-section elementor-element elementor-element-09681a7 elementor-section-boxed elementor-section-height-default elementor-section-height-default\" data-id=\"09681a7\" data-element_type=\"section\" data-e-type=\"section\">\n\t\t\t\t\t\t<div class=\"elementor-container elementor-column-gap-default\">\n\t\t\t\t\t<div class=\"elementor-column elementor-col-100 elementor-top-column elementor-element elementor-element-96d40fb\" data-id=\"96d40fb\" data-element_type=\"column\" data-e-type=\"column\">\n\t\t\t<div class=\"elementor-widget-wrap elementor-element-populated\">\n\t\t\t\t\t\t<div class=\"elementor-element elementor-element-6222025 elementor-widget elementor-widget-text-editor\" data-id=\"6222025\" data-element_type=\"widget\" data-e-type=\"widget\" data-widget_type=\"text-editor.default\">\n\t\t\t\t<div class=\"elementor-widget-container\">\n\t\t\t\t\t\t\t\t\t<p>Espa\u00f1a ocupa un lugar especial en la trayectoria de Duki. Adem\u00e1s de colaborar con artistas locales como Morad y Judeline, el argentino ha dejado huella con actuaciones memorables, como su hist\u00f3rico concierto en el Estadio Santiago Bernab\u00e9u. Esta conexi\u00f3n con el p\u00fablico espa\u00f1ol ser\u00e1 protagonista nuevamente cuando el artista se presente en el pa\u00eds con su gira mundial. Pasar\u00e1 por el Live Sur Stadium de Sevilla el 10 de octubre, el Coliseum de A Coru\u00f1a el 12 de octubre, el Palau Sant Jordi de Barcelona el 24 de octubre y el WiZink Center de Madrid el 28 y 29 de octubre.<\/p>\t\t\t\t\t\t\t\t<\/div>\n\t\t\t\t<\/div>\n\t\t\t\t\t<\/div>\n\t\t<\/div>\n\t\t\t\t\t<\/div>\n\t\t<\/section>\n\t\t\t\t<section class=\"elementor-section elementor-top-section elementor-element elementor-element-bc884c0 elementor-section-boxed elementor-section-height-default elementor-section-height-default\" data-id=\"bc884c0\" data-element_type=\"section\" data-e-type=\"section\">\n\t\t\t\t\t\t<div class=\"elementor-container elementor-column-gap-default\">\n\t\t\t\t\t<div class=\"elementor-column elementor-col-50 elementor-top-column elementor-element elementor-element-adc01ae\" data-id=\"adc01ae\" data-element_type=\"column\" data-e-type=\"column\">\n\t\t\t<div class=\"elementor-widget-wrap elementor-element-populated\">\n\t\t\t\t\t\t<div class=\"elementor-element elementor-element-2554f73 elementor-widget elementor-widget-image\" data-id=\"2554f73\" data-element_type=\"widget\" data-e-type=\"widget\" data-widget_type=\"image.default\">\n\t\t\t\t<div class=\"elementor-widget-container\">\n\t\t\t\t\t\t\t\t\t\t\t\t\t\t\t<img decoding=\"async\" width=\"640\" height=\"920\" src=\"https:\/\/unaymilletras.com\/wp-content\/uploads\/2024\/11\/Captura-de-pantalla-2024-11-18-a-las-13.53.03-712x1024.png\" class=\"attachment-large size-large wp-image-3351\" alt=\"Duki\" srcset=\"https:\/\/unaymilletras.com\/wp-content\/uploads\/2024\/11\/Captura-de-pantalla-2024-11-18-a-las-13.53.03-712x1024.png 712w, https:\/\/unaymilletras.com\/wp-content\/uploads\/2024\/11\/Captura-de-pantalla-2024-11-18-a-las-13.53.03-208x300.png 208w, https:\/\/unaymilletras.com\/wp-content\/uploads\/2024\/11\/Captura-de-pantalla-2024-11-18-a-las-13.53.03-768x1105.png 768w, https:\/\/unaymilletras.com\/wp-content\/uploads\/2024\/11\/Captura-de-pantalla-2024-11-18-a-las-13.53.03-8x12.png 8w, https:\/\/unaymilletras.com\/wp-content\/uploads\/2024\/11\/Captura-de-pantalla-2024-11-18-a-las-13.53.03-1024x1474.png 1024w, https:\/\/unaymilletras.com\/wp-content\/uploads\/2024\/11\/Captura-de-pantalla-2024-11-18-a-las-13.53.03-e1731934425659.png 600w\" sizes=\"(max-width: 640px) 100vw, 640px\" \/>\t\t\t\t\t\t\t\t\t\t\t\t\t\t\t<\/div>\n\t\t\t\t<\/div>\n\t\t\t\t\t<\/div>\n\t\t<\/div>\n\t\t\t\t<div class=\"elementor-column elementor-col-50 elementor-top-column elementor-element elementor-element-77eb118\" data-id=\"77eb118\" data-element_type=\"column\" data-e-type=\"column\">\n\t\t\t<div class=\"elementor-widget-wrap elementor-element-populated\">\n\t\t\t\t\t\t<div class=\"elementor-element elementor-element-96e7c67 elementor-widget elementor-widget-text-editor\" data-id=\"96e7c67\" data-element_type=\"widget\" data-e-type=\"widget\" data-widget_type=\"text-editor.default\">\n\t\t\t\t<div class=\"elementor-widget-container\">\n\t\t\t\t\t\t\t\t\t<p>Parte del dinero recaudado con las entradas se destinar\u00e1 a ayudar a las personas afectadas por la DANA, reflejando el compromiso social de Duki con sus seguidores en Espa\u00f1a. Adem\u00e1s, a las cuatro fechas iniciales, se suma un segundo WiZink Center el 28 de octubre. Las entradas ya se han agotado para el primer show en Madrid, Sevilla y Coru\u00f1a.<\/p><p>El <span style=\"color: #808080;\"><a style=\"color: #808080;\" href=\"https:\/\/www.livenation.es\/show\/1528110\/duki-ameri-world-tour\/madrid\/2025-10-28\/es\"><em>AMERI World Tour<\/em><\/a><\/span> promete ser un espect\u00e1culo sin precedentes. Con una producci\u00f3n de alto nivel, Duki combinar\u00e1 los \u00e9xitos de su nuevo \u00e1lbum con los temas ic\u00f3nicos que lo han consolidado como uno de los m\u00e1ximos exponentes del trap y el reguet\u00f3n. Este tour no solo celebra el \u00e9xito de <em>AMERI<\/em>, sino que marca un nuevo cap\u00edtulo en la carrera del artista, quien sigue ampliando los l\u00edmites de la m\u00fasica urbana y conquistando escenarios internacionales.<\/p>\t\t\t\t\t\t\t\t<\/div>\n\t\t\t\t<\/div>\n\t\t\t\t\t<\/div>\n\t\t<\/div>\n\t\t\t\t\t<\/div>\n\t\t<\/section>\n\t\t\t\t<section class=\"elementor-section elementor-top-section elementor-element elementor-element-66b4fde elementor-section-boxed elementor-section-height-default elementor-section-height-default\" data-id=\"66b4fde\" data-element_type=\"section\" data-e-type=\"section\">\n\t\t\t\t\t\t<div class=\"elementor-container elementor-column-gap-default\">\n\t\t\t\t\t<div class=\"elementor-column elementor-col-100 elementor-top-column elementor-element elementor-element-396edf3\" data-id=\"396edf3\" data-element_type=\"column\" data-e-type=\"column\">\n\t\t\t<div class=\"elementor-widget-wrap elementor-element-populated\">\n\t\t\t\t\t\t<div class=\"elementor-element elementor-element-4e9d66a elementor-widget elementor-widget-text-editor\" data-id=\"4e9d66a\" data-element_type=\"widget\" data-e-type=\"widget\" data-widget_type=\"text-editor.default\">\n\t\t\t\t<div class=\"elementor-widget-container\">\n\t\t\t\t\t\t\t\t\t<div class=\"flex max-w-full flex-col flex-grow\"><div class=\"min-h-8 text-message flex w-full flex-col items-end gap-2 whitespace-normal break-words [.text-message+&amp;]:mt-5\" dir=\"auto\" data-message-author-role=\"assistant\" data-message-id=\"58e02f8e-6fa1-4086-bbea-0a7d4cc04579\" data-message-model-slug=\"gpt-4o\"><div class=\"flex w-full flex-col gap-1 empty:hidden first:pt-[3px]\"><div class=\"markdown prose w-full break-words dark:prose-invert light\"><p>La gira de Duki en Espa\u00f1a ser\u00e1 una oportunidad \u00fanica para disfrutar de un artista que no deja de redefinir la m\u00fasica latina. En octubre de 2025, el p\u00fablico espa\u00f1ol ser\u00e1 testigo de un show que promete emociones, energ\u00eda y la fuerza de un g\u00e9nero en constante evoluci\u00f3n.<\/p><\/div><\/div><\/div><\/div>\t\t\t\t\t\t\t\t<\/div>\n\t\t\t\t<\/div>\n\t\t\t\t\t<\/div>\n\t\t<\/div>\n\t\t\t\t\t<\/div>\n\t\t<\/section>\n\t\t\t\t<\/div>\n\t\t","protected":false},"excerpt":{"rendered":"<p>Tras estrenar el disco m\u00e1s importante de su carrera, Duki actuar\u00e1 en A Coru\u00f1a, Barcelona y Madrid en oto\u00f1o de 2025 Duki, una de las figuras m\u00e1s influyentes de la m\u00fasica urbana a nivel mundial, ha confirmado su regreso a Espa\u00f1a con el AMERI World Tour. La gira, que recorrer\u00e1 15 pa\u00edses, incluir\u00e1 paradas en [&hellip;]<\/p>\n","protected":false},"author":6,"featured_media":3351,"comment_status":"open","ping_status":"open","sticky":false,"template":"","format":"standard","meta":{"footnotes":""},"categories":[4],"tags":[],"class_list":["post-3348","post","type-post","status-publish","format-standard","has-post-thumbnail","hentry","category-musica"],"yoast_head":"<!-- This site is optimized with the Yoast SEO plugin v27.4 - https:\/\/yoast.com\/product\/yoast-seo-wordpress\/ -->\n<title>Duki pasar\u00e1 por Espa\u00f1a con su esperado AMERI World Tour<\/title>\n<meta name=\"description\" content=\"Tras estrenar el disco m\u00e1s importante de su carrera, Duki actuar\u00e1 en A Coru\u00f1a, Barcelona y Madrid en oto\u00f1o de 2025\" \/>\n<meta name=\"robots\" content=\"index, follow, max-snippet:-1, max-image-preview:large, max-video-preview:-1\" \/>\n<link rel=\"canonical\" href=\"https:\/\/unaymilletras.com\/en\/duki-pasara-por-espana-con-su-esperado-ameri-world-tour\/\" \/>\n<meta property=\"og:locale\" content=\"en_GB\" \/>\n<meta property=\"og:type\" content=\"article\" \/>\n<meta property=\"og:title\" content=\"Duki pasar\u00e1 por Espa\u00f1a con su esperado AMERI World Tour\" \/>\n<meta property=\"og:description\" content=\"Tras estrenar el disco m\u00e1s importante de su carrera, Duki actuar\u00e1 en A Coru\u00f1a, Barcelona y Madrid en oto\u00f1o de 2025\" \/>\n<meta property=\"og:url\" content=\"https:\/\/unaymilletras.com\/en\/duki-pasara-por-espana-con-su-esperado-ameri-world-tour\/\" \/>\n<meta property=\"og:site_name\" content=\"Una y Mil Letras\" \/>\n<meta property=\"article:published_time\" content=\"2024-11-18T12:53:15+00:00\" \/>\n<meta property=\"article:modified_time\" content=\"2024-11-18T12:58:56+00:00\" \/>\n<meta property=\"og:image\" content=\"http:\/\/unaymilletras.com\/wp-content\/uploads\/2024\/11\/Captura-de-pantalla-2024-11-18-a-las-13.53.03-e1731934425659.png\" \/>\n\t<meta property=\"og:image:width\" content=\"600\" \/>\n\t<meta property=\"og:image:height\" content=\"863\" \/>\n\t<meta property=\"og:image:type\" content=\"image\/png\" \/>\n<meta name=\"author\" content=\"Redacci\u00f3n\" \/>\n<meta name=\"twitter:card\" content=\"summary_large_image\" \/>\n<meta name=\"twitter:creator\" content=\"@UnaYMilLetras\" \/>\n<meta name=\"twitter:site\" content=\"@UnaYMilLetras\" \/>\n<meta name=\"twitter:label1\" content=\"Written by\" \/>\n\t<meta name=\"twitter:data1\" content=\"Redacci\u00f3n\" \/>\n\t<meta name=\"twitter:label2\" content=\"Estimated reading time\" \/>\n\t<meta name=\"twitter:data2\" content=\"3 minutes\" \/>\n<script type=\"application\/ld+json\" class=\"yoast-schema-graph\">{\"@context\":\"https:\\\/\\\/schema.org\",\"@graph\":[{\"@type\":\"Article\",\"@id\":\"https:\\\/\\\/unaymilletras.com\\\/duki-pasara-por-espana-con-su-esperado-ameri-world-tour\\\/#article\",\"isPartOf\":{\"@id\":\"https:\\\/\\\/unaymilletras.com\\\/duki-pasara-por-espana-con-su-esperado-ameri-world-tour\\\/\"},\"author\":{\"name\":\"Redacci\u00f3n\",\"@id\":\"http:\\\/\\\/unaymilletras.com\\\/#\\\/schema\\\/person\\\/0860dc8a218329991ee2c7591f4f849d\"},\"headline\":\"Duki pasar\u00e1 por Espa\u00f1a con su esperado AMERI World Tour\",\"datePublished\":\"2024-11-18T12:53:15+00:00\",\"dateModified\":\"2024-11-18T12:58:56+00:00\",\"mainEntityOfPage\":{\"@id\":\"https:\\\/\\\/unaymilletras.com\\\/duki-pasara-por-espana-con-su-esperado-ameri-world-tour\\\/\"},\"wordCount\":493,\"commentCount\":0,\"publisher\":{\"@id\":\"http:\\\/\\\/unaymilletras.com\\\/#organization\"},\"image\":{\"@id\":\"https:\\\/\\\/unaymilletras.com\\\/duki-pasara-por-espana-con-su-esperado-ameri-world-tour\\\/#primaryimage\"},\"thumbnailUrl\":\"https:\\\/\\\/unaymilletras.com\\\/wp-content\\\/uploads\\\/2024\\\/11\\\/Captura-de-pantalla-2024-11-18-a-las-13.53.03-e1731934425659.png\",\"articleSection\":[\"M\u00fasica\"],\"inLanguage\":\"en-GB\",\"potentialAction\":[{\"@type\":\"CommentAction\",\"name\":\"Comment\",\"target\":[\"https:\\\/\\\/unaymilletras.com\\\/duki-pasara-por-espana-con-su-esperado-ameri-world-tour\\\/#respond\"]}]},{\"@type\":\"WebPage\",\"@id\":\"https:\\\/\\\/unaymilletras.com\\\/duki-pasara-por-espana-con-su-esperado-ameri-world-tour\\\/\",\"url\":\"https:\\\/\\\/unaymilletras.com\\\/duki-pasara-por-espana-con-su-esperado-ameri-world-tour\\\/\",\"name\":\"Duki pasar\u00e1 por Espa\u00f1a con su esperado AMERI World Tour\",\"isPartOf\":{\"@id\":\"http:\\\/\\\/unaymilletras.com\\\/#website\"},\"primaryImageOfPage\":{\"@id\":\"https:\\\/\\\/unaymilletras.com\\\/duki-pasara-por-espana-con-su-esperado-ameri-world-tour\\\/#primaryimage\"},\"image\":{\"@id\":\"https:\\\/\\\/unaymilletras.com\\\/duki-pasara-por-espana-con-su-esperado-ameri-world-tour\\\/#primaryimage\"},\"thumbnailUrl\":\"https:\\\/\\\/unaymilletras.com\\\/wp-content\\\/uploads\\\/2024\\\/11\\\/Captura-de-pantalla-2024-11-18-a-las-13.53.03-e1731934425659.png\",\"datePublished\":\"2024-11-18T12:53:15+00:00\",\"dateModified\":\"2024-11-18T12:58:56+00:00\",\"description\":\"Tras estrenar el disco m\u00e1s importante de su carrera, Duki actuar\u00e1 en A Coru\u00f1a, Barcelona y Madrid en oto\u00f1o de 2025\",\"breadcrumb\":{\"@id\":\"https:\\\/\\\/unaymilletras.com\\\/duki-pasara-por-espana-con-su-esperado-ameri-world-tour\\\/#breadcrumb\"},\"inLanguage\":\"en-GB\",\"potentialAction\":[{\"@type\":\"ReadAction\",\"target\":[\"https:\\\/\\\/unaymilletras.com\\\/duki-pasara-por-espana-con-su-esperado-ameri-world-tour\\\/\"]}]},{\"@type\":\"ImageObject\",\"inLanguage\":\"en-GB\",\"@id\":\"https:\\\/\\\/unaymilletras.com\\\/duki-pasara-por-espana-con-su-esperado-ameri-world-tour\\\/#primaryimage\",\"url\":\"https:\\\/\\\/unaymilletras.com\\\/wp-content\\\/uploads\\\/2024\\\/11\\\/Captura-de-pantalla-2024-11-18-a-las-13.53.03-e1731934425659.png\",\"contentUrl\":\"https:\\\/\\\/unaymilletras.com\\\/wp-content\\\/uploads\\\/2024\\\/11\\\/Captura-de-pantalla-2024-11-18-a-las-13.53.03-e1731934425659.png\",\"width\":600,\"height\":863,\"caption\":\"Duki\"},{\"@type\":\"BreadcrumbList\",\"@id\":\"https:\\\/\\\/unaymilletras.com\\\/duki-pasara-por-espana-con-su-esperado-ameri-world-tour\\\/#breadcrumb\",\"itemListElement\":[{\"@type\":\"ListItem\",\"position\":1,\"name\":\"Home\",\"item\":\"http:\\\/\\\/unaymilletras.com\\\/\"},{\"@type\":\"ListItem\",\"position\":2,\"name\":\"Duki pasar\u00e1 por Espa\u00f1a con su esperado AMERI World Tour\"}]},{\"@type\":\"WebSite\",\"@id\":\"http:\\\/\\\/unaymilletras.com\\\/#website\",\"url\":\"http:\\\/\\\/unaymilletras.com\\\/\",\"name\":\"Una y Mil Letras\",\"description\":\"\",\"publisher\":{\"@id\":\"http:\\\/\\\/unaymilletras.com\\\/#organization\"},\"potentialAction\":[{\"@type\":\"SearchAction\",\"target\":{\"@type\":\"EntryPoint\",\"urlTemplate\":\"http:\\\/\\\/unaymilletras.com\\\/?s={search_term_string}\"},\"query-input\":{\"@type\":\"PropertyValueSpecification\",\"valueRequired\":true,\"valueName\":\"search_term_string\"}}],\"inLanguage\":\"en-GB\"},{\"@type\":\"Organization\",\"@id\":\"http:\\\/\\\/unaymilletras.com\\\/#organization\",\"name\":\"Una y Mil Letras\",\"url\":\"http:\\\/\\\/unaymilletras.com\\\/\",\"logo\":{\"@type\":\"ImageObject\",\"inLanguage\":\"en-GB\",\"@id\":\"http:\\\/\\\/unaymilletras.com\\\/#\\\/schema\\\/logo\\\/image\\\/\",\"url\":\"https:\\\/\\\/unaymilletras.com\\\/wp-content\\\/uploads\\\/2024\\\/06\\\/cropped-Logo-removebg-preview.png\",\"contentUrl\":\"https:\\\/\\\/unaymilletras.com\\\/wp-content\\\/uploads\\\/2024\\\/06\\\/cropped-Logo-removebg-preview.png\",\"width\":512,\"height\":512,\"caption\":\"Una y Mil Letras\"},\"image\":{\"@id\":\"http:\\\/\\\/unaymilletras.com\\\/#\\\/schema\\\/logo\\\/image\\\/\"},\"sameAs\":[\"https:\\\/\\\/x.com\\\/UnaYMilLetras\",\"https:\\\/\\\/instagram.com\\\/UnaYMilLetras\"]},{\"@type\":\"Person\",\"@id\":\"http:\\\/\\\/unaymilletras.com\\\/#\\\/schema\\\/person\\\/0860dc8a218329991ee2c7591f4f849d\",\"name\":\"Redacci\u00f3n\",\"image\":{\"@type\":\"ImageObject\",\"inLanguage\":\"en-GB\",\"@id\":\"https:\\\/\\\/secure.gravatar.com\\\/avatar\\\/d8f55e05a8b6597e45c55a1dcbdbfe44f4a360d88b48e00de5216a79b7732796?s=96&d=mm&r=g\",\"url\":\"https:\\\/\\\/secure.gravatar.com\\\/avatar\\\/d8f55e05a8b6597e45c55a1dcbdbfe44f4a360d88b48e00de5216a79b7732796?s=96&d=mm&r=g\",\"contentUrl\":\"https:\\\/\\\/secure.gravatar.com\\\/avatar\\\/d8f55e05a8b6597e45c55a1dcbdbfe44f4a360d88b48e00de5216a79b7732796?s=96&d=mm&r=g\",\"caption\":\"Redacci\u00f3n\"},\"url\":\"https:\\\/\\\/unaymilletras.com\\\/en\\\/author\\\/redaccion\\\/\"}]}<\/script>\n<!-- \/ Yoast SEO plugin. -->","yoast_head_json":{"title":"Duki pasar\u00e1 por Espa\u00f1a con su esperado AMERI World Tour","description":"Tras estrenar el disco m\u00e1s importante de su carrera, Duki actuar\u00e1 en A Coru\u00f1a, Barcelona y Madrid en oto\u00f1o de 2025","robots":{"index":"index","follow":"follow","max-snippet":"max-snippet:-1","max-image-preview":"max-image-preview:large","max-video-preview":"max-video-preview:-1"},"canonical":"https:\/\/unaymilletras.com\/en\/duki-pasara-por-espana-con-su-esperado-ameri-world-tour\/","og_locale":"en_GB","og_type":"article","og_title":"Duki pasar\u00e1 por Espa\u00f1a con su esperado AMERI World Tour","og_description":"Tras estrenar el disco m\u00e1s importante de su carrera, Duki actuar\u00e1 en A Coru\u00f1a, Barcelona y Madrid en oto\u00f1o de 2025","og_url":"https:\/\/unaymilletras.com\/en\/duki-pasara-por-espana-con-su-esperado-ameri-world-tour\/","og_site_name":"Una y Mil Letras","article_published_time":"2024-11-18T12:53:15+00:00","article_modified_time":"2024-11-18T12:58:56+00:00","og_image":[{"width":600,"height":863,"url":"http:\/\/unaymilletras.com\/wp-content\/uploads\/2024\/11\/Captura-de-pantalla-2024-11-18-a-las-13.53.03-e1731934425659.png","type":"image\/png"}],"author":"Redacci\u00f3n","twitter_card":"summary_large_image","twitter_creator":"@UnaYMilLetras","twitter_site":"@UnaYMilLetras","twitter_misc":{"Written by":"Redacci\u00f3n","Estimated reading time":"3 minutes"},"schema":{"@context":"https:\/\/schema.org","@graph":[{"@type":"Article","@id":"https:\/\/unaymilletras.com\/duki-pasara-por-espana-con-su-esperado-ameri-world-tour\/#article","isPartOf":{"@id":"https:\/\/unaymilletras.com\/duki-pasara-por-espana-con-su-esperado-ameri-world-tour\/"},"author":{"name":"Redacci\u00f3n","@id":"http:\/\/unaymilletras.com\/#\/schema\/person\/0860dc8a218329991ee2c7591f4f849d"},"headline":"Duki pasar\u00e1 por Espa\u00f1a con su esperado AMERI World Tour","datePublished":"2024-11-18T12:53:15+00:00","dateModified":"2024-11-18T12:58:56+00:00","mainEntityOfPage":{"@id":"https:\/\/unaymilletras.com\/duki-pasara-por-espana-con-su-esperado-ameri-world-tour\/"},"wordCount":493,"commentCount":0,"publisher":{"@id":"http:\/\/unaymilletras.com\/#organization"},"image":{"@id":"https:\/\/unaymilletras.com\/duki-pasara-por-espana-con-su-esperado-ameri-world-tour\/#primaryimage"},"thumbnailUrl":"https:\/\/unaymilletras.com\/wp-content\/uploads\/2024\/11\/Captura-de-pantalla-2024-11-18-a-las-13.53.03-e1731934425659.png","articleSection":["M\u00fasica"],"inLanguage":"en-GB","potentialAction":[{"@type":"CommentAction","name":"Comment","target":["https:\/\/unaymilletras.com\/duki-pasara-por-espana-con-su-esperado-ameri-world-tour\/#respond"]}]},{"@type":"WebPage","@id":"https:\/\/unaymilletras.com\/duki-pasara-por-espana-con-su-esperado-ameri-world-tour\/","url":"https:\/\/unaymilletras.com\/duki-pasara-por-espana-con-su-esperado-ameri-world-tour\/","name":"Duki pasar\u00e1 por Espa\u00f1a con su esperado AMERI World Tour","isPartOf":{"@id":"http:\/\/unaymilletras.com\/#website"},"primaryImageOfPage":{"@id":"https:\/\/unaymilletras.com\/duki-pasara-por-espana-con-su-esperado-ameri-world-tour\/#primaryimage"},"image":{"@id":"https:\/\/unaymilletras.com\/duki-pasara-por-espana-con-su-esperado-ameri-world-tour\/#primaryimage"},"thumbnailUrl":"https:\/\/unaymilletras.com\/wp-content\/uploads\/2024\/11\/Captura-de-pantalla-2024-11-18-a-las-13.53.03-e1731934425659.png","datePublished":"2024-11-18T12:53:15+00:00","dateModified":"2024-11-18T12:58:56+00:00","description":"Tras estrenar el disco m\u00e1s importante de su carrera, Duki actuar\u00e1 en A Coru\u00f1a, Barcelona y Madrid en oto\u00f1o de 2025","breadcrumb":{"@id":"https:\/\/unaymilletras.com\/duki-pasara-por-espana-con-su-esperado-ameri-world-tour\/#breadcrumb"},"inLanguage":"en-GB","potentialAction":[{"@type":"ReadAction","target":["https:\/\/unaymilletras.com\/duki-pasara-por-espana-con-su-esperado-ameri-world-tour\/"]}]},{"@type":"ImageObject","inLanguage":"en-GB","@id":"https:\/\/unaymilletras.com\/duki-pasara-por-espana-con-su-esperado-ameri-world-tour\/#primaryimage","url":"https:\/\/unaymilletras.com\/wp-content\/uploads\/2024\/11\/Captura-de-pantalla-2024-11-18-a-las-13.53.03-e1731934425659.png","contentUrl":"https:\/\/unaymilletras.com\/wp-content\/uploads\/2024\/11\/Captura-de-pantalla-2024-11-18-a-las-13.53.03-e1731934425659.png","width":600,"height":863,"caption":"Duki"},{"@type":"BreadcrumbList","@id":"https:\/\/unaymilletras.com\/duki-pasara-por-espana-con-su-esperado-ameri-world-tour\/#breadcrumb","itemListElement":[{"@type":"ListItem","position":1,"name":"Home","item":"http:\/\/unaymilletras.com\/"},{"@type":"ListItem","position":2,"name":"Duki pasar\u00e1 por Espa\u00f1a con su esperado AMERI World Tour"}]},{"@type":"WebSite","@id":"http:\/\/unaymilletras.com\/#website","url":"http:\/\/unaymilletras.com\/","name":"Una y Mil Letras","description":"","publisher":{"@id":"http:\/\/unaymilletras.com\/#organization"},"potentialAction":[{"@type":"SearchAction","target":{"@type":"EntryPoint","urlTemplate":"http:\/\/unaymilletras.com\/?s={search_term_string}"},"query-input":{"@type":"PropertyValueSpecification","valueRequired":true,"valueName":"search_term_string"}}],"inLanguage":"en-GB"},{"@type":"Organization","@id":"http:\/\/unaymilletras.com\/#organization","name":"Una y Mil Letras","url":"http:\/\/unaymilletras.com\/","logo":{"@type":"ImageObject","inLanguage":"en-GB","@id":"http:\/\/unaymilletras.com\/#\/schema\/logo\/image\/","url":"https:\/\/unaymilletras.com\/wp-content\/uploads\/2024\/06\/cropped-Logo-removebg-preview.png","contentUrl":"https:\/\/unaymilletras.com\/wp-content\/uploads\/2024\/06\/cropped-Logo-removebg-preview.png","width":512,"height":512,"caption":"Una y Mil Letras"},"image":{"@id":"http:\/\/unaymilletras.com\/#\/schema\/logo\/image\/"},"sameAs":["https:\/\/x.com\/UnaYMilLetras","https:\/\/instagram.com\/UnaYMilLetras"]},{"@type":"Person","@id":"http:\/\/unaymilletras.com\/#\/schema\/person\/0860dc8a218329991ee2c7591f4f849d","name":"Redacci\u00f3n","image":{"@type":"ImageObject","inLanguage":"en-GB","@id":"https:\/\/secure.gravatar.com\/avatar\/d8f55e05a8b6597e45c55a1dcbdbfe44f4a360d88b48e00de5216a79b7732796?s=96&d=mm&r=g","url":"https:\/\/secure.gravatar.com\/avatar\/d8f55e05a8b6597e45c55a1dcbdbfe44f4a360d88b48e00de5216a79b7732796?s=96&d=mm&r=g","contentUrl":"https:\/\/secure.gravatar.com\/avatar\/d8f55e05a8b6597e45c55a1dcbdbfe44f4a360d88b48e00de5216a79b7732796?s=96&d=mm&r=g","caption":"Redacci\u00f3n"},"url":"https:\/\/unaymilletras.com\/en\/author\/redaccion\/"}]}},"_links":{"self":[{"href":"https:\/\/unaymilletras.com\/en\/wp-json\/wp\/v2\/posts\/3348","targetHints":{"allow":["GET"]}}],"collection":[{"href":"https:\/\/unaymilletras.com\/en\/wp-json\/wp\/v2\/posts"}],"about":[{"href":"https:\/\/unaymilletras.com\/en\/wp-json\/wp\/v2\/types\/post"}],"author":[{"embeddable":true,"href":"https:\/\/unaymilletras.com\/en\/wp-json\/wp\/v2\/users\/6"}],"replies":[{"embeddable":true,"href":"https:\/\/unaymilletras.com\/en\/wp-json\/wp\/v2\/comments?post=3348"}],"version-history":[{"count":7,"href":"https:\/\/unaymilletras.com\/en\/wp-json\/wp\/v2\/posts\/3348\/revisions"}],"predecessor-version":[{"id":3357,"href":"https:\/\/unaymilletras.com\/en\/wp-json\/wp\/v2\/posts\/3348\/revisions\/3357"}],"wp:featuredmedia":[{"embeddable":true,"href":"https:\/\/unaymilletras.com\/en\/wp-json\/wp\/v2\/media\/3351"}],"wp:attachment":[{"href":"https:\/\/unaymilletras.com\/en\/wp-json\/wp\/v2\/media?parent=3348"}],"wp:term":[{"taxonomy":"category","embeddable":true,"href":"https:\/\/unaymilletras.com\/en\/wp-json\/wp\/v2\/categories?post=3348"},{"taxonomy":"post_tag","embeddable":true,"href":"https:\/\/unaymilletras.com\/en\/wp-json\/wp\/v2\/tags?post=3348"}],"curies":[{"name":"wp","href":"https:\/\/api.w.org\/{rel}","templated":true}]}}