{"id":3360,"date":"2024-11-25T13:19:40","date_gmt":"2024-11-25T12:19:40","guid":{"rendered":"https:\/\/unaymilletras.com\/?p=3360"},"modified":"2024-11-25T13:29:07","modified_gmt":"2024-11-25T12:29:07","slug":"manuel-turizo-lanza-su-nuevo-album-201","status":"publish","type":"post","link":"https:\/\/unaymilletras.com\/en\/manuel-turizo-lanza-su-nuevo-album-201\/","title":{"rendered":"Manuel Turizo lanza su nuevo \u00e1lbum 201"},"content":{"rendered":"\t\t<div data-elementor-type=\"wp-post\" data-elementor-id=\"3360\" class=\"elementor elementor-3360\">\n\t\t\t\t\t\t<section class=\"elementor-section elementor-top-section elementor-element elementor-element-872de6d elementor-section-boxed elementor-section-height-default elementor-section-height-default\" data-id=\"872de6d\" data-element_type=\"section\" data-e-type=\"section\">\n\t\t\t\t\t\t<div class=\"elementor-container elementor-column-gap-default\">\n\t\t\t\t\t<div class=\"elementor-column elementor-col-100 elementor-top-column elementor-element elementor-element-946c783\" data-id=\"946c783\" data-element_type=\"column\" data-e-type=\"column\">\n\t\t\t<div class=\"elementor-widget-wrap elementor-element-populated\">\n\t\t\t\t\t\t<div class=\"elementor-element elementor-element-3f1bec7 elementor-widget elementor-widget-text-editor\" data-id=\"3f1bec7\" data-element_type=\"widget\" data-e-type=\"widget\" data-widget_type=\"text-editor.default\">\n\t\t\t\t<div class=\"elementor-widget-container\">\n\t\t\t\t\t\t\t\t\t<h2 style=\"text-align: center;\"><em><span style=\"color: #808080;\">El cuarto trabajo de estudio de Manuel Turizo fusiona g\u00e9neros y cuenta con importantes colaboraciones internacionales<\/span><\/em><\/h2>\t\t\t\t\t\t\t\t<\/div>\n\t\t\t\t<\/div>\n\t\t\t\t\t<\/div>\n\t\t<\/div>\n\t\t\t\t\t<\/div>\n\t\t<\/section>\n\t\t\t\t<section class=\"elementor-section elementor-top-section elementor-element elementor-element-ce192a1 elementor-section-boxed elementor-section-height-default elementor-section-height-default\" data-id=\"ce192a1\" data-element_type=\"section\" data-e-type=\"section\">\n\t\t\t\t\t\t<div class=\"elementor-container elementor-column-gap-default\">\n\t\t\t\t\t<div class=\"elementor-column elementor-col-100 elementor-top-column elementor-element elementor-element-8c3458a\" data-id=\"8c3458a\" data-element_type=\"column\" data-e-type=\"column\">\n\t\t\t<div class=\"elementor-widget-wrap elementor-element-populated\">\n\t\t\t\t\t\t<div class=\"elementor-element elementor-element-d2a9400 elementor-widget elementor-widget-text-editor\" data-id=\"d2a9400\" data-element_type=\"widget\" data-e-type=\"widget\" data-widget_type=\"text-editor.default\">\n\t\t\t\t<div class=\"elementor-widget-container\">\n\t\t\t\t\t\t\t\t\t<p><b>Manuel Turizo<\/b>, una de las figuras m\u00e1s destacadas de la m\u00fasica latina, estrena su cuarto \u00e1lbum de estudio, <em><b>201<\/b><\/em>. Este proyecto, cuyo t\u00edtulo rinde homenaje al apartamento de su infancia en Monter\u00eda, Colombia, refleja la evoluci\u00f3n art\u00edstica y personal del cantante.\u00a0<span style=\"color: #808080;\"><a style=\"color: #808080;\" href=\"https:\/\/open.spotify.com\/intl-es\/album\/3w4tn0BuFHNjiqGMevGaz9?si=w3d1SaX7RyO8XvX1_rFI4g\"><em>201<\/em><\/a><\/span> consta de 12 canciones que mezclan ritmos urbanos, sonidos tropicales y texturas innovadoras, demostrando la versatilidad del artista y su capacidad para romper barreras entre g\u00e9neros.<\/p>\t\t\t\t\t\t\t\t<\/div>\n\t\t\t\t<\/div>\n\t\t\t\t\t<\/div>\n\t\t<\/div>\n\t\t\t\t\t<\/div>\n\t\t<\/section>\n\t\t\t\t<section class=\"elementor-section elementor-top-section elementor-element elementor-element-c6afa69 elementor-section-boxed elementor-section-height-default elementor-section-height-default\" data-id=\"c6afa69\" data-element_type=\"section\" data-e-type=\"section\">\n\t\t\t\t\t\t<div class=\"elementor-container elementor-column-gap-default\">\n\t\t\t\t\t<div class=\"elementor-column elementor-col-50 elementor-top-column elementor-element elementor-element-793460d\" data-id=\"793460d\" data-element_type=\"column\" data-e-type=\"column\">\n\t\t\t<div class=\"elementor-widget-wrap elementor-element-populated\">\n\t\t\t\t\t\t<div class=\"elementor-element elementor-element-3d23ce8 elementor-widget elementor-widget-image\" data-id=\"3d23ce8\" data-element_type=\"widget\" data-e-type=\"widget\" data-widget_type=\"image.default\">\n\t\t\t\t<div class=\"elementor-widget-container\">\n\t\t\t\t\t\t\t\t\t\t\t\t\t\t\t<img fetchpriority=\"high\" decoding=\"async\" width=\"640\" height=\"640\" src=\"https:\/\/unaymilletras.com\/wp-content\/uploads\/2024\/11\/image.jpg\" class=\"attachment-large size-large wp-image-3362\" alt=\"\" srcset=\"https:\/\/unaymilletras.com\/wp-content\/uploads\/2024\/11\/image.jpg 885w, https:\/\/unaymilletras.com\/wp-content\/uploads\/2024\/11\/image-300x300.jpg 300w, https:\/\/unaymilletras.com\/wp-content\/uploads\/2024\/11\/image-150x150.jpg 150w, https:\/\/unaymilletras.com\/wp-content\/uploads\/2024\/11\/image-768x768.jpg 768w, https:\/\/unaymilletras.com\/wp-content\/uploads\/2024\/11\/image-12x12.jpg 12w\" sizes=\"(max-width: 640px) 100vw, 640px\" \/>\t\t\t\t\t\t\t\t\t\t\t\t\t\t\t<\/div>\n\t\t\t\t<\/div>\n\t\t\t\t\t<\/div>\n\t\t<\/div>\n\t\t\t\t<div class=\"elementor-column elementor-col-50 elementor-top-column elementor-element elementor-element-751b552\" data-id=\"751b552\" data-element_type=\"column\" data-e-type=\"column\">\n\t\t\t<div class=\"elementor-widget-wrap elementor-element-populated\">\n\t\t\t\t\t\t<div class=\"elementor-element elementor-element-0b2e92a elementor-widget elementor-widget-text-editor\" data-id=\"0b2e92a\" data-element_type=\"widget\" data-e-type=\"widget\" data-widget_type=\"text-editor.default\">\n\t\t\t\t<div class=\"elementor-widget-container\">\n\t\t\t\t\t\t\t\t\t<p>El disco incluye colaboraciones de figuras destacadas de la m\u00fasica latina, como <b>Kapo<\/b> en <em><b>Qu\u00e9 Pecao<\/b><\/em>, un tema ya certificado Disco de Oro en Espa\u00f1a; <b>Elder Day\u00e1n D\u00edaz<\/b> en la sentida <em><b>La Ex de Mi Amigo<\/b><\/em>; y <b>Yandel<\/b> en la en\u00e9rgica <em><b>Mamasota<\/b><\/em>. Otros artistas como el <b>Grupo Frontera<\/b>, <span style=\"color: #808080;\"><a style=\"color: #808080;\" href=\"https:\/\/unaymilletras.com\/lola-indigo-y-saiko-completan-grx\/\"><b>Saiko<\/b><\/a><\/span> y el brasile\u00f1o <b>Alok<\/b> tambi\u00e9n aportan su estilo \u00fanico a canciones que van desde baladas introspectivas hasta himnos listos para las pistas de baile. La producci\u00f3n estuvo a cargo de su hermano Juli\u00e1n Turizo y reconocidos nombres de la industria como Edgar Barrera y Slow Mike, logrando un resultado que fusiona lo cl\u00e1sico con lo innovador.<\/p>\t\t\t\t\t\t\t\t<\/div>\n\t\t\t\t<\/div>\n\t\t\t\t\t<\/div>\n\t\t<\/div>\n\t\t\t\t\t<\/div>\n\t\t<\/section>\n\t\t\t\t<section class=\"elementor-section elementor-top-section elementor-element elementor-element-8e8800a elementor-section-boxed elementor-section-height-default elementor-section-height-default\" data-id=\"8e8800a\" data-element_type=\"section\" data-e-type=\"section\">\n\t\t\t\t\t\t<div class=\"elementor-container elementor-column-gap-default\">\n\t\t\t\t\t<div class=\"elementor-column elementor-col-100 elementor-top-column elementor-element elementor-element-70412ef\" data-id=\"70412ef\" data-element_type=\"column\" data-e-type=\"column\">\n\t\t\t<div class=\"elementor-widget-wrap elementor-element-populated\">\n\t\t\t\t\t\t<div class=\"elementor-element elementor-element-0e267eb elementor-widget elementor-widget-text-editor\" data-id=\"0e267eb\" data-element_type=\"widget\" data-e-type=\"widget\" data-widget_type=\"text-editor.default\">\n\t\t\t\t<div class=\"elementor-widget-container\">\n\t\t\t\t\t\t\t\t\t<p>El lanzamiento de <em>201<\/em> llega tras un a\u00f1o excepcional para Turizo. Su \u00e9xito <em>La Bachata<\/em> rompi\u00f3 r\u00e9cords al convertirse en la canci\u00f3n latina en solitario m\u00e1s escuchada de la historia de Spotify, con casi 2.000 millones de reproducciones, y recibi\u00f3 m\u00faltiples certificaciones, incluyendo 26 veces Platino en Latinoam\u00e9rica. Adem\u00e1s, sus colaboraciones con Marshmello en <em>El Merengue<\/em> y con Shakira en <em>Copa Vac\u00eda<\/em> han dominado las listas globales, consolidando su estatus como una de las voces m\u00e1s influyentes de la m\u00fasica latina.<\/p><p>Manuel Turizo ha llevado su talento a los escenarios m\u00e1s importantes del mundo, con actuaciones en <em>The Tonight Show Starring Jimmy Fallon<\/em> y eventos de alto perfil como los Premios Billboard de la M\u00fasica Latina. Su presencia en la moda, colaborando con marcas como Dior y Fendi, tambi\u00e9n subraya su versatilidad como artista e \u00edcono cultural.<\/p>\t\t\t\t\t\t\t\t<\/div>\n\t\t\t\t<\/div>\n\t\t\t\t\t<\/div>\n\t\t<\/div>\n\t\t\t\t\t<\/div>\n\t\t<\/section>\n\t\t\t\t<section class=\"elementor-section elementor-top-section elementor-element elementor-element-56bfaef elementor-section-boxed elementor-section-height-default elementor-section-height-default\" data-id=\"56bfaef\" data-element_type=\"section\" data-e-type=\"section\">\n\t\t\t\t\t\t<div class=\"elementor-container elementor-column-gap-default\">\n\t\t\t\t\t<div class=\"elementor-column elementor-col-100 elementor-top-column elementor-element elementor-element-b27273d\" data-id=\"b27273d\" data-element_type=\"column\" data-e-type=\"column\">\n\t\t\t<div class=\"elementor-widget-wrap elementor-element-populated\">\n\t\t\t\t\t\t<div class=\"elementor-element elementor-element-bd87a44 elementor-widget elementor-widget-video\" data-id=\"bd87a44\" data-element_type=\"widget\" data-e-type=\"widget\" data-settings=\"{&quot;youtube_url&quot;:&quot;https:\\\/\\\/www.youtube.com\\\/watch?v=NF3SXFnrumE&amp;ab_channel=ManuelTurizo&quot;,&quot;video_type&quot;:&quot;youtube&quot;,&quot;controls&quot;:&quot;yes&quot;}\" data-widget_type=\"video.default\">\n\t\t\t\t<div class=\"elementor-widget-container\">\n\t\t\t\t\t\t\t<div class=\"elementor-wrapper elementor-open-inline\">\n\t\t\t<div class=\"elementor-video\"><\/div>\t\t<\/div>\n\t\t\t\t\t\t<\/div>\n\t\t\t\t<\/div>\n\t\t\t\t\t<\/div>\n\t\t<\/div>\n\t\t\t\t\t<\/div>\n\t\t<\/section>\n\t\t\t\t<section class=\"elementor-section elementor-top-section elementor-element elementor-element-bf50965 elementor-section-boxed elementor-section-height-default elementor-section-height-default\" data-id=\"bf50965\" data-element_type=\"section\" data-e-type=\"section\">\n\t\t\t\t\t\t<div class=\"elementor-container elementor-column-gap-default\">\n\t\t\t\t\t<div class=\"elementor-column elementor-col-100 elementor-top-column elementor-element elementor-element-259cd44\" data-id=\"259cd44\" data-element_type=\"column\" data-e-type=\"column\">\n\t\t\t<div class=\"elementor-widget-wrap elementor-element-populated\">\n\t\t\t\t\t\t<div class=\"elementor-element elementor-element-3b88d79 elementor-widget elementor-widget-text-editor\" data-id=\"3b88d79\" data-element_type=\"widget\" data-e-type=\"widget\" data-widget_type=\"text-editor.default\">\n\t\t\t\t<div class=\"elementor-widget-container\">\n\t\t\t\t\t\t\t\t\t<div class=\"flex max-w-full flex-col flex-grow\"><div class=\"min-h-8 text-message flex w-full flex-col items-end gap-2 whitespace-normal break-words [.text-message+&amp;]:mt-5\" dir=\"auto\" data-message-author-role=\"assistant\" data-message-id=\"c9ade327-215e-4cd8-8b71-6657784c1116\" data-message-model-slug=\"gpt-4o\"><div class=\"flex w-full flex-col gap-1 empty:hidden first:pt-[3px]\"><div class=\"markdown prose w-full break-words dark:prose-invert light\"><p>Con este nuevo \u00e1lbum, Turizo sigue expandiendo los l\u00edmites de la m\u00fasica latina mientras mantiene su conexi\u00f3n con sus ra\u00edces colombianas. <em>201<\/em> es una obra que promete resonar tanto en las listas de \u00e9xitos como en el coraz\u00f3n de sus fans, consolidando a\u00fan m\u00e1s su legado musical.<\/p><\/div><\/div><\/div><\/div>\t\t\t\t\t\t\t\t<\/div>\n\t\t\t\t<\/div>\n\t\t\t\t\t<\/div>\n\t\t<\/div>\n\t\t\t\t\t<\/div>\n\t\t<\/section>\n\t\t\t\t<\/div>\n\t\t","protected":false},"excerpt":{"rendered":"<p>El cuarto trabajo de estudio de Manuel Turizo fusiona g\u00e9neros y cuenta con importantes colaboraciones internacionales Manuel Turizo, una de las figuras m\u00e1s destacadas de la m\u00fasica latina, estrena su cuarto \u00e1lbum de estudio, 201. Este proyecto, cuyo t\u00edtulo rinde homenaje al apartamento de su infancia en Monter\u00eda, Colombia, refleja la evoluci\u00f3n art\u00edstica y personal [&hellip;]<\/p>\n","protected":false},"author":6,"featured_media":3362,"comment_status":"open","ping_status":"open","sticky":false,"template":"","format":"standard","meta":{"footnotes":""},"categories":[1],"tags":[],"class_list":["post-3360","post","type-post","status-publish","format-standard","has-post-thumbnail","hentry","category-uncategorized"],"yoast_head":"<!-- This site is optimized with the Yoast SEO plugin v27.4 - https:\/\/yoast.com\/product\/yoast-seo-wordpress\/ -->\n<title>Manuel Turizo lanza su nuevo \u00e1lbum 201 &#8902; Una y Mil Letras<\/title>\n<meta name=\"description\" content=\"El cuarto trabajo de estudio de Manuel Turizo fusiona g\u00e9neros y cuenta con destacadas colaboraciones internacionales\" \/>\n<meta name=\"robots\" content=\"index, follow, max-snippet:-1, max-image-preview:large, max-video-preview:-1\" \/>\n<link rel=\"canonical\" href=\"https:\/\/unaymilletras.com\/en\/manuel-turizo-lanza-su-nuevo-album-201\/\" \/>\n<meta property=\"og:locale\" content=\"en_GB\" \/>\n<meta property=\"og:type\" content=\"article\" \/>\n<meta property=\"og:title\" content=\"Manuel Turizo lanza su nuevo \u00e1lbum 201 &#8902; Una y Mil Letras\" \/>\n<meta property=\"og:description\" content=\"El cuarto trabajo de estudio de Manuel Turizo fusiona g\u00e9neros y cuenta con destacadas colaboraciones internacionales\" \/>\n<meta property=\"og:url\" content=\"https:\/\/unaymilletras.com\/en\/manuel-turizo-lanza-su-nuevo-album-201\/\" \/>\n<meta property=\"og:site_name\" content=\"Una y Mil Letras\" \/>\n<meta property=\"article:published_time\" content=\"2024-11-25T12:19:40+00:00\" \/>\n<meta property=\"article:modified_time\" content=\"2024-11-25T12:29:07+00:00\" \/>\n<meta property=\"og:image\" content=\"http:\/\/unaymilletras.com\/wp-content\/uploads\/2024\/11\/image.jpg\" \/>\n\t<meta property=\"og:image:width\" content=\"885\" \/>\n\t<meta property=\"og:image:height\" content=\"885\" \/>\n\t<meta property=\"og:image:type\" content=\"image\/jpeg\" \/>\n<meta name=\"author\" content=\"Redacci\u00f3n\" \/>\n<meta name=\"twitter:card\" content=\"summary_large_image\" \/>\n<meta name=\"twitter:creator\" content=\"@UnaYMilLetras\" \/>\n<meta name=\"twitter:site\" content=\"@UnaYMilLetras\" \/>\n<meta name=\"twitter:label1\" content=\"Written by\" \/>\n\t<meta name=\"twitter:data1\" content=\"Redacci\u00f3n\" \/>\n\t<meta name=\"twitter:label2\" content=\"Estimated reading time\" \/>\n\t<meta name=\"twitter:data2\" content=\"2 minutes\" \/>\n<script type=\"application\/ld+json\" class=\"yoast-schema-graph\">{\"@context\":\"https:\\\/\\\/schema.org\",\"@graph\":[{\"@type\":\"Article\",\"@id\":\"https:\\\/\\\/unaymilletras.com\\\/manuel-turizo-lanza-su-nuevo-album-201\\\/#article\",\"isPartOf\":{\"@id\":\"https:\\\/\\\/unaymilletras.com\\\/manuel-turizo-lanza-su-nuevo-album-201\\\/\"},\"author\":{\"name\":\"Redacci\u00f3n\",\"@id\":\"http:\\\/\\\/unaymilletras.com\\\/#\\\/schema\\\/person\\\/0860dc8a218329991ee2c7591f4f849d\"},\"headline\":\"Manuel Turizo lanza su nuevo \u00e1lbum 201\",\"datePublished\":\"2024-11-25T12:19:40+00:00\",\"dateModified\":\"2024-11-25T12:29:07+00:00\",\"mainEntityOfPage\":{\"@id\":\"https:\\\/\\\/unaymilletras.com\\\/manuel-turizo-lanza-su-nuevo-album-201\\\/\"},\"wordCount\":420,\"commentCount\":0,\"publisher\":{\"@id\":\"http:\\\/\\\/unaymilletras.com\\\/#organization\"},\"image\":{\"@id\":\"https:\\\/\\\/unaymilletras.com\\\/manuel-turizo-lanza-su-nuevo-album-201\\\/#primaryimage\"},\"thumbnailUrl\":\"https:\\\/\\\/unaymilletras.com\\\/wp-content\\\/uploads\\\/2024\\\/11\\\/image.jpg\",\"articleSection\":[\"Uncategorized\"],\"inLanguage\":\"en-GB\",\"potentialAction\":[{\"@type\":\"CommentAction\",\"name\":\"Comment\",\"target\":[\"https:\\\/\\\/unaymilletras.com\\\/manuel-turizo-lanza-su-nuevo-album-201\\\/#respond\"]}]},{\"@type\":\"WebPage\",\"@id\":\"https:\\\/\\\/unaymilletras.com\\\/manuel-turizo-lanza-su-nuevo-album-201\\\/\",\"url\":\"https:\\\/\\\/unaymilletras.com\\\/manuel-turizo-lanza-su-nuevo-album-201\\\/\",\"name\":\"Manuel Turizo lanza su nuevo \u00e1lbum 201 &#8902; Una y Mil Letras\",\"isPartOf\":{\"@id\":\"http:\\\/\\\/unaymilletras.com\\\/#website\"},\"primaryImageOfPage\":{\"@id\":\"https:\\\/\\\/unaymilletras.com\\\/manuel-turizo-lanza-su-nuevo-album-201\\\/#primaryimage\"},\"image\":{\"@id\":\"https:\\\/\\\/unaymilletras.com\\\/manuel-turizo-lanza-su-nuevo-album-201\\\/#primaryimage\"},\"thumbnailUrl\":\"https:\\\/\\\/unaymilletras.com\\\/wp-content\\\/uploads\\\/2024\\\/11\\\/image.jpg\",\"datePublished\":\"2024-11-25T12:19:40+00:00\",\"dateModified\":\"2024-11-25T12:29:07+00:00\",\"description\":\"El cuarto trabajo de estudio de Manuel Turizo fusiona g\u00e9neros y cuenta con destacadas colaboraciones internacionales\",\"breadcrumb\":{\"@id\":\"https:\\\/\\\/unaymilletras.com\\\/manuel-turizo-lanza-su-nuevo-album-201\\\/#breadcrumb\"},\"inLanguage\":\"en-GB\",\"potentialAction\":[{\"@type\":\"ReadAction\",\"target\":[\"https:\\\/\\\/unaymilletras.com\\\/manuel-turizo-lanza-su-nuevo-album-201\\\/\"]}]},{\"@type\":\"ImageObject\",\"inLanguage\":\"en-GB\",\"@id\":\"https:\\\/\\\/unaymilletras.com\\\/manuel-turizo-lanza-su-nuevo-album-201\\\/#primaryimage\",\"url\":\"https:\\\/\\\/unaymilletras.com\\\/wp-content\\\/uploads\\\/2024\\\/11\\\/image.jpg\",\"contentUrl\":\"https:\\\/\\\/unaymilletras.com\\\/wp-content\\\/uploads\\\/2024\\\/11\\\/image.jpg\",\"width\":885,\"height\":885},{\"@type\":\"BreadcrumbList\",\"@id\":\"https:\\\/\\\/unaymilletras.com\\\/manuel-turizo-lanza-su-nuevo-album-201\\\/#breadcrumb\",\"itemListElement\":[{\"@type\":\"ListItem\",\"position\":1,\"name\":\"Home\",\"item\":\"http:\\\/\\\/unaymilletras.com\\\/\"},{\"@type\":\"ListItem\",\"position\":2,\"name\":\"Manuel Turizo lanza su nuevo \u00e1lbum 201\"}]},{\"@type\":\"WebSite\",\"@id\":\"http:\\\/\\\/unaymilletras.com\\\/#website\",\"url\":\"http:\\\/\\\/unaymilletras.com\\\/\",\"name\":\"Una y Mil Letras\",\"description\":\"\",\"publisher\":{\"@id\":\"http:\\\/\\\/unaymilletras.com\\\/#organization\"},\"potentialAction\":[{\"@type\":\"SearchAction\",\"target\":{\"@type\":\"EntryPoint\",\"urlTemplate\":\"http:\\\/\\\/unaymilletras.com\\\/?s={search_term_string}\"},\"query-input\":{\"@type\":\"PropertyValueSpecification\",\"valueRequired\":true,\"valueName\":\"search_term_string\"}}],\"inLanguage\":\"en-GB\"},{\"@type\":\"Organization\",\"@id\":\"http:\\\/\\\/unaymilletras.com\\\/#organization\",\"name\":\"Una y Mil Letras\",\"url\":\"http:\\\/\\\/unaymilletras.com\\\/\",\"logo\":{\"@type\":\"ImageObject\",\"inLanguage\":\"en-GB\",\"@id\":\"http:\\\/\\\/unaymilletras.com\\\/#\\\/schema\\\/logo\\\/image\\\/\",\"url\":\"https:\\\/\\\/unaymilletras.com\\\/wp-content\\\/uploads\\\/2024\\\/06\\\/cropped-Logo-removebg-preview.png\",\"contentUrl\":\"https:\\\/\\\/unaymilletras.com\\\/wp-content\\\/uploads\\\/2024\\\/06\\\/cropped-Logo-removebg-preview.png\",\"width\":512,\"height\":512,\"caption\":\"Una y Mil Letras\"},\"image\":{\"@id\":\"http:\\\/\\\/unaymilletras.com\\\/#\\\/schema\\\/logo\\\/image\\\/\"},\"sameAs\":[\"https:\\\/\\\/x.com\\\/UnaYMilLetras\",\"https:\\\/\\\/instagram.com\\\/UnaYMilLetras\"]},{\"@type\":\"Person\",\"@id\":\"http:\\\/\\\/unaymilletras.com\\\/#\\\/schema\\\/person\\\/0860dc8a218329991ee2c7591f4f849d\",\"name\":\"Redacci\u00f3n\",\"image\":{\"@type\":\"ImageObject\",\"inLanguage\":\"en-GB\",\"@id\":\"https:\\\/\\\/secure.gravatar.com\\\/avatar\\\/d8f55e05a8b6597e45c55a1dcbdbfe44f4a360d88b48e00de5216a79b7732796?s=96&d=mm&r=g\",\"url\":\"https:\\\/\\\/secure.gravatar.com\\\/avatar\\\/d8f55e05a8b6597e45c55a1dcbdbfe44f4a360d88b48e00de5216a79b7732796?s=96&d=mm&r=g\",\"contentUrl\":\"https:\\\/\\\/secure.gravatar.com\\\/avatar\\\/d8f55e05a8b6597e45c55a1dcbdbfe44f4a360d88b48e00de5216a79b7732796?s=96&d=mm&r=g\",\"caption\":\"Redacci\u00f3n\"},\"url\":\"https:\\\/\\\/unaymilletras.com\\\/en\\\/author\\\/redaccion\\\/\"}]}<\/script>\n<!-- \/ Yoast SEO plugin. -->","yoast_head_json":{"title":"Manuel Turizo lanza su nuevo \u00e1lbum 201 &#8902; Una y Mil Letras","description":"El cuarto trabajo de estudio de Manuel Turizo fusiona g\u00e9neros y cuenta con destacadas colaboraciones internacionales","robots":{"index":"index","follow":"follow","max-snippet":"max-snippet:-1","max-image-preview":"max-image-preview:large","max-video-preview":"max-video-preview:-1"},"canonical":"https:\/\/unaymilletras.com\/en\/manuel-turizo-lanza-su-nuevo-album-201\/","og_locale":"en_GB","og_type":"article","og_title":"Manuel Turizo lanza su nuevo \u00e1lbum 201 &#8902; Una y Mil Letras","og_description":"El cuarto trabajo de estudio de Manuel Turizo fusiona g\u00e9neros y cuenta con destacadas colaboraciones internacionales","og_url":"https:\/\/unaymilletras.com\/en\/manuel-turizo-lanza-su-nuevo-album-201\/","og_site_name":"Una y Mil Letras","article_published_time":"2024-11-25T12:19:40+00:00","article_modified_time":"2024-11-25T12:29:07+00:00","og_image":[{"width":885,"height":885,"url":"http:\/\/unaymilletras.com\/wp-content\/uploads\/2024\/11\/image.jpg","type":"image\/jpeg"}],"author":"Redacci\u00f3n","twitter_card":"summary_large_image","twitter_creator":"@UnaYMilLetras","twitter_site":"@UnaYMilLetras","twitter_misc":{"Written by":"Redacci\u00f3n","Estimated reading time":"2 minutes"},"schema":{"@context":"https:\/\/schema.org","@graph":[{"@type":"Article","@id":"https:\/\/unaymilletras.com\/manuel-turizo-lanza-su-nuevo-album-201\/#article","isPartOf":{"@id":"https:\/\/unaymilletras.com\/manuel-turizo-lanza-su-nuevo-album-201\/"},"author":{"name":"Redacci\u00f3n","@id":"http:\/\/unaymilletras.com\/#\/schema\/person\/0860dc8a218329991ee2c7591f4f849d"},"headline":"Manuel Turizo lanza su nuevo \u00e1lbum 201","datePublished":"2024-11-25T12:19:40+00:00","dateModified":"2024-11-25T12:29:07+00:00","mainEntityOfPage":{"@id":"https:\/\/unaymilletras.com\/manuel-turizo-lanza-su-nuevo-album-201\/"},"wordCount":420,"commentCount":0,"publisher":{"@id":"http:\/\/unaymilletras.com\/#organization"},"image":{"@id":"https:\/\/unaymilletras.com\/manuel-turizo-lanza-su-nuevo-album-201\/#primaryimage"},"thumbnailUrl":"https:\/\/unaymilletras.com\/wp-content\/uploads\/2024\/11\/image.jpg","articleSection":["Uncategorized"],"inLanguage":"en-GB","potentialAction":[{"@type":"CommentAction","name":"Comment","target":["https:\/\/unaymilletras.com\/manuel-turizo-lanza-su-nuevo-album-201\/#respond"]}]},{"@type":"WebPage","@id":"https:\/\/unaymilletras.com\/manuel-turizo-lanza-su-nuevo-album-201\/","url":"https:\/\/unaymilletras.com\/manuel-turizo-lanza-su-nuevo-album-201\/","name":"Manuel Turizo lanza su nuevo \u00e1lbum 201 &#8902; Una y Mil Letras","isPartOf":{"@id":"http:\/\/unaymilletras.com\/#website"},"primaryImageOfPage":{"@id":"https:\/\/unaymilletras.com\/manuel-turizo-lanza-su-nuevo-album-201\/#primaryimage"},"image":{"@id":"https:\/\/unaymilletras.com\/manuel-turizo-lanza-su-nuevo-album-201\/#primaryimage"},"thumbnailUrl":"https:\/\/unaymilletras.com\/wp-content\/uploads\/2024\/11\/image.jpg","datePublished":"2024-11-25T12:19:40+00:00","dateModified":"2024-11-25T12:29:07+00:00","description":"El cuarto trabajo de estudio de Manuel Turizo fusiona g\u00e9neros y cuenta con destacadas colaboraciones internacionales","breadcrumb":{"@id":"https:\/\/unaymilletras.com\/manuel-turizo-lanza-su-nuevo-album-201\/#breadcrumb"},"inLanguage":"en-GB","potentialAction":[{"@type":"ReadAction","target":["https:\/\/unaymilletras.com\/manuel-turizo-lanza-su-nuevo-album-201\/"]}]},{"@type":"ImageObject","inLanguage":"en-GB","@id":"https:\/\/unaymilletras.com\/manuel-turizo-lanza-su-nuevo-album-201\/#primaryimage","url":"https:\/\/unaymilletras.com\/wp-content\/uploads\/2024\/11\/image.jpg","contentUrl":"https:\/\/unaymilletras.com\/wp-content\/uploads\/2024\/11\/image.jpg","width":885,"height":885},{"@type":"BreadcrumbList","@id":"https:\/\/unaymilletras.com\/manuel-turizo-lanza-su-nuevo-album-201\/#breadcrumb","itemListElement":[{"@type":"ListItem","position":1,"name":"Home","item":"http:\/\/unaymilletras.com\/"},{"@type":"ListItem","position":2,"name":"Manuel Turizo lanza su nuevo \u00e1lbum 201"}]},{"@type":"WebSite","@id":"http:\/\/unaymilletras.com\/#website","url":"http:\/\/unaymilletras.com\/","name":"Una y Mil Letras","description":"","publisher":{"@id":"http:\/\/unaymilletras.com\/#organization"},"potentialAction":[{"@type":"SearchAction","target":{"@type":"EntryPoint","urlTemplate":"http:\/\/unaymilletras.com\/?s={search_term_string}"},"query-input":{"@type":"PropertyValueSpecification","valueRequired":true,"valueName":"search_term_string"}}],"inLanguage":"en-GB"},{"@type":"Organization","@id":"http:\/\/unaymilletras.com\/#organization","name":"Una y Mil Letras","url":"http:\/\/unaymilletras.com\/","logo":{"@type":"ImageObject","inLanguage":"en-GB","@id":"http:\/\/unaymilletras.com\/#\/schema\/logo\/image\/","url":"https:\/\/unaymilletras.com\/wp-content\/uploads\/2024\/06\/cropped-Logo-removebg-preview.png","contentUrl":"https:\/\/unaymilletras.com\/wp-content\/uploads\/2024\/06\/cropped-Logo-removebg-preview.png","width":512,"height":512,"caption":"Una y Mil Letras"},"image":{"@id":"http:\/\/unaymilletras.com\/#\/schema\/logo\/image\/"},"sameAs":["https:\/\/x.com\/UnaYMilLetras","https:\/\/instagram.com\/UnaYMilLetras"]},{"@type":"Person","@id":"http:\/\/unaymilletras.com\/#\/schema\/person\/0860dc8a218329991ee2c7591f4f849d","name":"Redacci\u00f3n","image":{"@type":"ImageObject","inLanguage":"en-GB","@id":"https:\/\/secure.gravatar.com\/avatar\/d8f55e05a8b6597e45c55a1dcbdbfe44f4a360d88b48e00de5216a79b7732796?s=96&d=mm&r=g","url":"https:\/\/secure.gravatar.com\/avatar\/d8f55e05a8b6597e45c55a1dcbdbfe44f4a360d88b48e00de5216a79b7732796?s=96&d=mm&r=g","contentUrl":"https:\/\/secure.gravatar.com\/avatar\/d8f55e05a8b6597e45c55a1dcbdbfe44f4a360d88b48e00de5216a79b7732796?s=96&d=mm&r=g","caption":"Redacci\u00f3n"},"url":"https:\/\/unaymilletras.com\/en\/author\/redaccion\/"}]}},"_links":{"self":[{"href":"https:\/\/unaymilletras.com\/en\/wp-json\/wp\/v2\/posts\/3360","targetHints":{"allow":["GET"]}}],"collection":[{"href":"https:\/\/unaymilletras.com\/en\/wp-json\/wp\/v2\/posts"}],"about":[{"href":"https:\/\/unaymilletras.com\/en\/wp-json\/wp\/v2\/types\/post"}],"author":[{"embeddable":true,"href":"https:\/\/unaymilletras.com\/en\/wp-json\/wp\/v2\/users\/6"}],"replies":[{"embeddable":true,"href":"https:\/\/unaymilletras.com\/en\/wp-json\/wp\/v2\/comments?post=3360"}],"version-history":[{"count":7,"href":"https:\/\/unaymilletras.com\/en\/wp-json\/wp\/v2\/posts\/3360\/revisions"}],"predecessor-version":[{"id":3368,"href":"https:\/\/unaymilletras.com\/en\/wp-json\/wp\/v2\/posts\/3360\/revisions\/3368"}],"wp:featuredmedia":[{"embeddable":true,"href":"https:\/\/unaymilletras.com\/en\/wp-json\/wp\/v2\/media\/3362"}],"wp:attachment":[{"href":"https:\/\/unaymilletras.com\/en\/wp-json\/wp\/v2\/media?parent=3360"}],"wp:term":[{"taxonomy":"category","embeddable":true,"href":"https:\/\/unaymilletras.com\/en\/wp-json\/wp\/v2\/categories?post=3360"},{"taxonomy":"post_tag","embeddable":true,"href":"https:\/\/unaymilletras.com\/en\/wp-json\/wp\/v2\/tags?post=3360"}],"curies":[{"name":"wp","href":"https:\/\/api.w.org\/{rel}","templated":true}]}}