{"id":3369,"date":"2024-11-26T13:59:52","date_gmt":"2024-11-26T12:59:52","guid":{"rendered":"https:\/\/unaymilletras.com\/?p=3369"},"modified":"2024-11-26T20:12:00","modified_gmt":"2024-11-26T19:12:00","slug":"david-otero-anuncia-su-gira-naturalmente-acustico","status":"publish","type":"post","link":"https:\/\/unaymilletras.com\/en\/david-otero-anuncia-su-gira-naturalmente-acustico\/","title":{"rendered":"David Otero anuncia su gira \u00abNaturalmente Ac\u00fastico\u00bb"},"content":{"rendered":"<div data-elementor-type=\"wp-post\" data-elementor-id=\"3369\" class=\"elementor elementor-3369\">\n\t\t\t\t\t\t<section class=\"elementor-section elementor-top-section elementor-element elementor-element-d0e618a elementor-section-boxed elementor-section-height-default elementor-section-height-default\" data-id=\"d0e618a\" data-element_type=\"section\" data-e-type=\"section\">\n\t\t\t\t\t\t<div class=\"elementor-container elementor-column-gap-default\">\n\t\t\t\t\t<div class=\"elementor-column elementor-col-100 elementor-top-column elementor-element elementor-element-d98af11\" data-id=\"d98af11\" data-element_type=\"column\" data-e-type=\"column\">\n\t\t\t<div class=\"elementor-widget-wrap elementor-element-populated\">\n\t\t\t\t\t\t<div class=\"elementor-element elementor-element-282309d elementor-widget elementor-widget-text-editor\" data-id=\"282309d\" data-element_type=\"widget\" data-e-type=\"widget\" data-widget_type=\"text-editor.default\">\n\t\t\t\t<div class=\"elementor-widget-container\">\n\t\t\t\t\t\t\t\t\t<h2 style=\"text-align: center;\"><span style=\"color: #808080;\"><em>El artista madrile\u00f1o David Otero llevar\u00e1 su m\u00fasica en un formato \u00edntimo a 14 ciudades espa\u00f1olas el pr\u00f3ximo a\u00f1o<\/em><\/span><\/h2>\t\t\t\t\t\t\t\t<\/div>\n\t\t\t\t<\/div>\n\t\t\t\t\t<\/div>\n\t\t<\/div>\n\t\t\t\t\t<\/div>\n\t\t<\/section>\n\t\t\t\t<section class=\"elementor-section elementor-top-section elementor-element elementor-element-f3f8441 elementor-section-boxed elementor-section-height-default elementor-section-height-default\" data-id=\"f3f8441\" data-element_type=\"section\" data-e-type=\"section\">\n\t\t\t\t\t\t<div class=\"elementor-container elementor-column-gap-default\">\n\t\t\t\t\t<div class=\"elementor-column elementor-col-100 elementor-top-column elementor-element elementor-element-3129150\" data-id=\"3129150\" data-element_type=\"column\" data-e-type=\"column\">\n\t\t\t<div class=\"elementor-widget-wrap elementor-element-populated\">\n\t\t\t\t\t\t<div class=\"elementor-element elementor-element-ec5f576 elementor-widget elementor-widget-text-editor\" data-id=\"ec5f576\" data-element_type=\"widget\" data-e-type=\"widget\" data-widget_type=\"text-editor.default\">\n\t\t\t\t<div class=\"elementor-widget-container\">\n\t\t\t\t\t\t\t\t\t<p>David Otero, una de las figuras m\u00e1s queridas del pop espa\u00f1ol, ha anunciado las fechas de su nueva gira <em>Naturalmente Ac\u00fastico<\/em>. Este proyecto especial permitir\u00e1 a sus seguidores disfrutar de su m\u00fasica en un formato cercano y aut\u00e9ntico, con conciertos ac\u00fasticos en 14 ciudades de Espa\u00f1a, comenzando en Toledo el 31 de enero y finalizando en Zaragoza el 3 de abril.<\/p>\t\t\t\t\t\t\t\t<\/div>\n\t\t\t\t<\/div>\n\t\t\t\t\t<\/div>\n\t\t<\/div>\n\t\t\t\t\t<\/div>\n\t\t<\/section>\n\t\t\t\t<section class=\"elementor-section elementor-top-section elementor-element elementor-element-2d5f7b5 elementor-section-boxed elementor-section-height-default elementor-section-height-default\" data-id=\"2d5f7b5\" data-element_type=\"section\" data-e-type=\"section\">\n\t\t\t\t\t\t<div class=\"elementor-container elementor-column-gap-default\">\n\t\t\t\t\t<div class=\"elementor-column elementor-col-50 elementor-top-column elementor-element elementor-element-39614ff\" data-id=\"39614ff\" data-element_type=\"column\" data-e-type=\"column\">\n\t\t\t<div class=\"elementor-widget-wrap elementor-element-populated\">\n\t\t\t\t\t\t<div class=\"elementor-element elementor-element-3f8d9af elementor-widget elementor-widget-image\" data-id=\"3f8d9af\" data-element_type=\"widget\" data-e-type=\"widget\" data-widget_type=\"image.default\">\n\t\t\t\t<div class=\"elementor-widget-container\">\n\t\t\t\t\t\t\t\t\t\t\t\t\t\t\t<img fetchpriority=\"high\" decoding=\"async\" width=\"640\" height=\"1010\" src=\"https:\/\/unaymilletras.com\/wp-content\/uploads\/2024\/11\/image-1-649x1024.jpg\" class=\"attachment-large size-large wp-image-3371\" alt=\"David Otero\" srcset=\"https:\/\/unaymilletras.com\/wp-content\/uploads\/2024\/11\/image-1-649x1024.jpg 649w, https:\/\/unaymilletras.com\/wp-content\/uploads\/2024\/11\/image-1-190x300.jpg 190w, https:\/\/unaymilletras.com\/wp-content\/uploads\/2024\/11\/image-1-768x1212.jpg 768w, https:\/\/unaymilletras.com\/wp-content\/uploads\/2024\/11\/image-1-8x12.jpg 8w, https:\/\/unaymilletras.com\/wp-content\/uploads\/2024\/11\/image-1.jpg 882w\" sizes=\"(max-width: 640px) 100vw, 640px\" \/>\t\t\t\t\t\t\t\t\t\t\t\t\t\t\t<\/div>\n\t\t\t\t<\/div>\n\t\t\t\t\t<\/div>\n\t\t<\/div>\n\t\t\t\t<div class=\"elementor-column elementor-col-50 elementor-top-column elementor-element elementor-element-c60ede4\" data-id=\"c60ede4\" data-element_type=\"column\" data-e-type=\"column\">\n\t\t\t<div class=\"elementor-widget-wrap elementor-element-populated\">\n\t\t\t\t\t\t<div class=\"elementor-element elementor-element-c21fbb0 elementor-widget elementor-widget-text-editor\" data-id=\"c21fbb0\" data-element_type=\"widget\" data-e-type=\"widget\" data-widget_type=\"text-editor.default\">\n\t\t\t\t<div class=\"elementor-widget-container\">\n\t\t\t\t\t\t\t\t\t<p>El anuncio llega tras dos noches inolvidables en Barcelona y <span style=\"color: #808080;\"><a style=\"color: #808080;\" href=\"https:\/\/unaymilletras.com\/en\/tate-mcrae-vuelve-a-madrid-con-su-gira-mundial\/\">Madrid<\/a><\/span>, donde el artista emocion\u00f3 a su p\u00fablico en la Sala Apolo y La Sala del WiZink, esta \u00faltima con un sold out que reflej\u00f3 el entusiasmo de sus fans. Con un directo potente y visuales que acompa\u00f1aron cada tema a la perfecci\u00f3n, Otero interpret\u00f3 tanto \u00e9xitos de su etapa como solista como canciones ic\u00f3nicas de su \u00e9poca en El Canto Del Loco, reafirmando su capacidad para conectar profundamente con su audiencia.<\/p><p>El madrile\u00f1o est\u00e1 viviendo un a\u00f1o lleno de \u00e9xitos gracias a su sexto \u00e1lbum de estudio, <em>Inteligencia Natural<\/em>, un trabajo que explora su madurez art\u00edstica con letras introspectivas y melod\u00edas cuidadas. Adem\u00e1s, en octubre fue nominado a los prestigiosos Los40 Music Awards 2024 en dos categor\u00edas: \u00abMejor Artista o Grupo en Directo\u00bb y \u00abMejor Artista Los40 Summer Live\u00bb, destacando su impacto en la escena musical actual.<\/p>\t\t\t\t\t\t\t\t<\/div>\n\t\t\t\t<\/div>\n\t\t\t\t\t<\/div>\n\t\t<\/div>\n\t\t\t\t\t<\/div>\n\t\t<\/section>\n\t\t\t\t<section class=\"elementor-section elementor-top-section elementor-element elementor-element-86c838b elementor-section-boxed elementor-section-height-default elementor-section-height-default\" data-id=\"86c838b\" data-element_type=\"section\" data-e-type=\"section\">\n\t\t\t\t\t\t<div class=\"elementor-container elementor-column-gap-default\">\n\t\t\t\t\t<div class=\"elementor-column elementor-col-100 elementor-top-column elementor-element elementor-element-d4686c1\" data-id=\"d4686c1\" data-element_type=\"column\" data-e-type=\"column\">\n\t\t\t<div class=\"elementor-widget-wrap elementor-element-populated\">\n\t\t\t\t\t\t<div class=\"elementor-element elementor-element-233501f elementor-widget elementor-widget-text-editor\" data-id=\"233501f\" data-element_type=\"widget\" data-e-type=\"widget\" data-widget_type=\"text-editor.default\">\n\t\t\t\t<div class=\"elementor-widget-container\">\n\t\t\t\t\t\t\t\t\t<p>Las <span style=\"color: #808080;\"><a style=\"color: #808080;\" href=\"https:\/\/www.wegow.com\/es\/paginas\/david-otero-naturalmente-acustico-2025\">entradas<\/a><\/span> para <em>Naturalmente Ac\u00fastico <\/em>ya est\u00e1n disponibles. Esta gira promete ofrecer una experiencia \u00fanica, permitiendo a los asistentes disfrutar de la m\u00fasica de Otero en su estado m\u00e1s puro, en un formato que busca la cercan\u00eda y la conexi\u00f3n emocional con su p\u00fablico.<\/p><h5><span style=\"color: #808080;\">Fechas de la gira <em>Naturalmente Ac\u00fastico<\/em>:<\/span><\/h5><ul><li>Toledo: 31 de enero<\/li><li>Albacete: 8 de febrero<\/li><li>Alicante: 14 de febrero<\/li><li>Murcia: 15 de febrero<\/li><li>C\u00e1diz: 22 de febrero<\/li><li>Sevilla: 23 de febrero<\/li><li>Salamanca: 7 de marzo<\/li><li>Zamora: 8 de marzo<\/li><li>M\u00e1laga: 13 de marzo<\/li><li>Granada: 14 de marzo<\/li><li>Valladolid: 22 de marzo<\/li><li>Le\u00f3n: 27 de marzo<\/li><li>Santiago de Compostela: 29 de marzo<\/li><li>Zaragoza: 3 de abril<\/li><\/ul>\t\t\t\t\t\t\t\t<\/div>\n\t\t\t\t<\/div>\n\t\t\t\t\t<\/div>\n\t\t<\/div>\n\t\t\t\t\t<\/div>\n\t\t<\/section>\n\t\t\t\t<\/div>","protected":false},"excerpt":{"rendered":"<p>El artista madrile\u00f1o David Otero llevar\u00e1 su m\u00fasica en un formato \u00edntimo a 14 ciudades espa\u00f1olas el pr\u00f3ximo a\u00f1o David Otero, una de las figuras m\u00e1s queridas del pop espa\u00f1ol, ha anunciado las fechas de su nueva gira Naturalmente Ac\u00fastico. Este proyecto especial permitir\u00e1 a sus seguidores disfrutar de su m\u00fasica en un formato cercano [&hellip;]<\/p>\n","protected":false},"author":6,"featured_media":3371,"comment_status":"open","ping_status":"open","sticky":false,"template":"","format":"standard","meta":{"footnotes":""},"categories":[4],"tags":[],"class_list":["post-3369","post","type-post","status-publish","format-standard","has-post-thumbnail","hentry","category-musica"],"yoast_head":"<!-- This site is optimized with the Yoast SEO plugin v27.4 - https:\/\/yoast.com\/product\/yoast-seo-wordpress\/ -->\n<title>David Otero anuncia su gira &quot;Naturalmente Ac\u00fastico&quot; &#8902; Una y Mil Letras<\/title>\n<meta name=\"description\" content=\"El artista madrile\u00f1o David Otero llevar\u00e1 su m\u00fasica en un formato \u00edntimo a 14 ciudades espa\u00f1olas el pr\u00f3ximo a\u00f1o\" \/>\n<meta name=\"robots\" content=\"index, follow, max-snippet:-1, max-image-preview:large, max-video-preview:-1\" \/>\n<link rel=\"canonical\" href=\"https:\/\/unaymilletras.com\/en\/david-otero-anuncia-su-gira-naturalmente-acustico\/\" \/>\n<meta property=\"og:locale\" content=\"en_GB\" \/>\n<meta property=\"og:type\" content=\"article\" \/>\n<meta property=\"og:title\" content=\"David Otero anuncia su gira &quot;Naturalmente Ac\u00fastico&quot; &#8902; Una y Mil Letras\" \/>\n<meta property=\"og:description\" content=\"El artista madrile\u00f1o David Otero llevar\u00e1 su m\u00fasica en un formato \u00edntimo a 14 ciudades espa\u00f1olas el pr\u00f3ximo a\u00f1o\" \/>\n<meta property=\"og:url\" content=\"https:\/\/unaymilletras.com\/en\/david-otero-anuncia-su-gira-naturalmente-acustico\/\" \/>\n<meta property=\"og:site_name\" content=\"Una y Mil Letras\" \/>\n<meta property=\"article:published_time\" content=\"2024-11-26T12:59:52+00:00\" \/>\n<meta property=\"article:modified_time\" content=\"2024-11-26T19:12:00+00:00\" \/>\n<meta property=\"og:image\" content=\"http:\/\/unaymilletras.com\/wp-content\/uploads\/2024\/11\/image-1.jpg\" \/>\n\t<meta property=\"og:image:width\" content=\"882\" \/>\n\t<meta property=\"og:image:height\" content=\"1392\" \/>\n\t<meta property=\"og:image:type\" content=\"image\/jpeg\" \/>\n<meta name=\"author\" content=\"Redacci\u00f3n\" \/>\n<meta name=\"twitter:card\" content=\"summary_large_image\" \/>\n<meta name=\"twitter:creator\" content=\"@UnaYMilLetras\" \/>\n<meta name=\"twitter:site\" content=\"@UnaYMilLetras\" \/>\n<meta name=\"twitter:label1\" content=\"Written by\" \/>\n\t<meta name=\"twitter:data1\" content=\"Redacci\u00f3n\" \/>\n\t<meta name=\"twitter:label2\" content=\"Estimated reading time\" \/>\n\t<meta name=\"twitter:data2\" content=\"2 minutes\" \/>\n<script type=\"application\/ld+json\" class=\"yoast-schema-graph\">{\"@context\":\"https:\\\/\\\/schema.org\",\"@graph\":[{\"@type\":\"Article\",\"@id\":\"https:\\\/\\\/unaymilletras.com\\\/david-otero-anuncia-su-gira-naturalmente-acustico\\\/#article\",\"isPartOf\":{\"@id\":\"https:\\\/\\\/unaymilletras.com\\\/david-otero-anuncia-su-gira-naturalmente-acustico\\\/\"},\"author\":{\"name\":\"Redacci\u00f3n\",\"@id\":\"http:\\\/\\\/unaymilletras.com\\\/#\\\/schema\\\/person\\\/0860dc8a218329991ee2c7591f4f849d\"},\"headline\":\"David Otero anuncia su gira \u00abNaturalmente Ac\u00fastico\u00bb\",\"datePublished\":\"2024-11-26T12:59:52+00:00\",\"dateModified\":\"2024-11-26T19:12:00+00:00\",\"mainEntityOfPage\":{\"@id\":\"https:\\\/\\\/unaymilletras.com\\\/david-otero-anuncia-su-gira-naturalmente-acustico\\\/\"},\"wordCount\":358,\"commentCount\":0,\"publisher\":{\"@id\":\"http:\\\/\\\/unaymilletras.com\\\/#organization\"},\"image\":{\"@id\":\"https:\\\/\\\/unaymilletras.com\\\/david-otero-anuncia-su-gira-naturalmente-acustico\\\/#primaryimage\"},\"thumbnailUrl\":\"https:\\\/\\\/unaymilletras.com\\\/wp-content\\\/uploads\\\/2024\\\/11\\\/image-1.jpg\",\"articleSection\":[\"M\u00fasica\"],\"inLanguage\":\"en-GB\",\"potentialAction\":[{\"@type\":\"CommentAction\",\"name\":\"Comment\",\"target\":[\"https:\\\/\\\/unaymilletras.com\\\/david-otero-anuncia-su-gira-naturalmente-acustico\\\/#respond\"]}]},{\"@type\":\"WebPage\",\"@id\":\"https:\\\/\\\/unaymilletras.com\\\/david-otero-anuncia-su-gira-naturalmente-acustico\\\/\",\"url\":\"https:\\\/\\\/unaymilletras.com\\\/david-otero-anuncia-su-gira-naturalmente-acustico\\\/\",\"name\":\"David Otero anuncia su gira \\\"Naturalmente Ac\u00fastico\\\" &#8902; Una y Mil Letras\",\"isPartOf\":{\"@id\":\"http:\\\/\\\/unaymilletras.com\\\/#website\"},\"primaryImageOfPage\":{\"@id\":\"https:\\\/\\\/unaymilletras.com\\\/david-otero-anuncia-su-gira-naturalmente-acustico\\\/#primaryimage\"},\"image\":{\"@id\":\"https:\\\/\\\/unaymilletras.com\\\/david-otero-anuncia-su-gira-naturalmente-acustico\\\/#primaryimage\"},\"thumbnailUrl\":\"https:\\\/\\\/unaymilletras.com\\\/wp-content\\\/uploads\\\/2024\\\/11\\\/image-1.jpg\",\"datePublished\":\"2024-11-26T12:59:52+00:00\",\"dateModified\":\"2024-11-26T19:12:00+00:00\",\"description\":\"El artista madrile\u00f1o David Otero llevar\u00e1 su m\u00fasica en un formato \u00edntimo a 14 ciudades espa\u00f1olas el pr\u00f3ximo a\u00f1o\",\"breadcrumb\":{\"@id\":\"https:\\\/\\\/unaymilletras.com\\\/david-otero-anuncia-su-gira-naturalmente-acustico\\\/#breadcrumb\"},\"inLanguage\":\"en-GB\",\"potentialAction\":[{\"@type\":\"ReadAction\",\"target\":[\"https:\\\/\\\/unaymilletras.com\\\/david-otero-anuncia-su-gira-naturalmente-acustico\\\/\"]}]},{\"@type\":\"ImageObject\",\"inLanguage\":\"en-GB\",\"@id\":\"https:\\\/\\\/unaymilletras.com\\\/david-otero-anuncia-su-gira-naturalmente-acustico\\\/#primaryimage\",\"url\":\"https:\\\/\\\/unaymilletras.com\\\/wp-content\\\/uploads\\\/2024\\\/11\\\/image-1.jpg\",\"contentUrl\":\"https:\\\/\\\/unaymilletras.com\\\/wp-content\\\/uploads\\\/2024\\\/11\\\/image-1.jpg\",\"width\":882,\"height\":1392,\"caption\":\"David Otero\"},{\"@type\":\"BreadcrumbList\",\"@id\":\"https:\\\/\\\/unaymilletras.com\\\/david-otero-anuncia-su-gira-naturalmente-acustico\\\/#breadcrumb\",\"itemListElement\":[{\"@type\":\"ListItem\",\"position\":1,\"name\":\"Home\",\"item\":\"http:\\\/\\\/unaymilletras.com\\\/\"},{\"@type\":\"ListItem\",\"position\":2,\"name\":\"David Otero anuncia su gira \u00abNaturalmente Ac\u00fastico\u00bb\"}]},{\"@type\":\"WebSite\",\"@id\":\"http:\\\/\\\/unaymilletras.com\\\/#website\",\"url\":\"http:\\\/\\\/unaymilletras.com\\\/\",\"name\":\"Una y Mil Letras\",\"description\":\"\",\"publisher\":{\"@id\":\"http:\\\/\\\/unaymilletras.com\\\/#organization\"},\"potentialAction\":[{\"@type\":\"SearchAction\",\"target\":{\"@type\":\"EntryPoint\",\"urlTemplate\":\"http:\\\/\\\/unaymilletras.com\\\/?s={search_term_string}\"},\"query-input\":{\"@type\":\"PropertyValueSpecification\",\"valueRequired\":true,\"valueName\":\"search_term_string\"}}],\"inLanguage\":\"en-GB\"},{\"@type\":\"Organization\",\"@id\":\"http:\\\/\\\/unaymilletras.com\\\/#organization\",\"name\":\"Una y Mil Letras\",\"url\":\"http:\\\/\\\/unaymilletras.com\\\/\",\"logo\":{\"@type\":\"ImageObject\",\"inLanguage\":\"en-GB\",\"@id\":\"http:\\\/\\\/unaymilletras.com\\\/#\\\/schema\\\/logo\\\/image\\\/\",\"url\":\"https:\\\/\\\/unaymilletras.com\\\/wp-content\\\/uploads\\\/2024\\\/06\\\/cropped-Logo-removebg-preview.png\",\"contentUrl\":\"https:\\\/\\\/unaymilletras.com\\\/wp-content\\\/uploads\\\/2024\\\/06\\\/cropped-Logo-removebg-preview.png\",\"width\":512,\"height\":512,\"caption\":\"Una y Mil Letras\"},\"image\":{\"@id\":\"http:\\\/\\\/unaymilletras.com\\\/#\\\/schema\\\/logo\\\/image\\\/\"},\"sameAs\":[\"https:\\\/\\\/x.com\\\/UnaYMilLetras\",\"https:\\\/\\\/instagram.com\\\/UnaYMilLetras\"]},{\"@type\":\"Person\",\"@id\":\"http:\\\/\\\/unaymilletras.com\\\/#\\\/schema\\\/person\\\/0860dc8a218329991ee2c7591f4f849d\",\"name\":\"Redacci\u00f3n\",\"image\":{\"@type\":\"ImageObject\",\"inLanguage\":\"en-GB\",\"@id\":\"https:\\\/\\\/secure.gravatar.com\\\/avatar\\\/d8f55e05a8b6597e45c55a1dcbdbfe44f4a360d88b48e00de5216a79b7732796?s=96&d=mm&r=g\",\"url\":\"https:\\\/\\\/secure.gravatar.com\\\/avatar\\\/d8f55e05a8b6597e45c55a1dcbdbfe44f4a360d88b48e00de5216a79b7732796?s=96&d=mm&r=g\",\"contentUrl\":\"https:\\\/\\\/secure.gravatar.com\\\/avatar\\\/d8f55e05a8b6597e45c55a1dcbdbfe44f4a360d88b48e00de5216a79b7732796?s=96&d=mm&r=g\",\"caption\":\"Redacci\u00f3n\"},\"url\":\"https:\\\/\\\/unaymilletras.com\\\/en\\\/author\\\/redaccion\\\/\"}]}<\/script>\n<!-- \/ Yoast SEO plugin. -->","yoast_head_json":{"title":"David Otero anuncia su gira \"Naturalmente Ac\u00fastico\" &#8902; Una y Mil Letras","description":"El artista madrile\u00f1o David Otero llevar\u00e1 su m\u00fasica en un formato \u00edntimo a 14 ciudades espa\u00f1olas el pr\u00f3ximo a\u00f1o","robots":{"index":"index","follow":"follow","max-snippet":"max-snippet:-1","max-image-preview":"max-image-preview:large","max-video-preview":"max-video-preview:-1"},"canonical":"https:\/\/unaymilletras.com\/en\/david-otero-anuncia-su-gira-naturalmente-acustico\/","og_locale":"en_GB","og_type":"article","og_title":"David Otero anuncia su gira \"Naturalmente Ac\u00fastico\" &#8902; Una y Mil Letras","og_description":"El artista madrile\u00f1o David Otero llevar\u00e1 su m\u00fasica en un formato \u00edntimo a 14 ciudades espa\u00f1olas el pr\u00f3ximo a\u00f1o","og_url":"https:\/\/unaymilletras.com\/en\/david-otero-anuncia-su-gira-naturalmente-acustico\/","og_site_name":"Una y Mil Letras","article_published_time":"2024-11-26T12:59:52+00:00","article_modified_time":"2024-11-26T19:12:00+00:00","og_image":[{"width":882,"height":1392,"url":"http:\/\/unaymilletras.com\/wp-content\/uploads\/2024\/11\/image-1.jpg","type":"image\/jpeg"}],"author":"Redacci\u00f3n","twitter_card":"summary_large_image","twitter_creator":"@UnaYMilLetras","twitter_site":"@UnaYMilLetras","twitter_misc":{"Written by":"Redacci\u00f3n","Estimated reading time":"2 minutes"},"schema":{"@context":"https:\/\/schema.org","@graph":[{"@type":"Article","@id":"https:\/\/unaymilletras.com\/david-otero-anuncia-su-gira-naturalmente-acustico\/#article","isPartOf":{"@id":"https:\/\/unaymilletras.com\/david-otero-anuncia-su-gira-naturalmente-acustico\/"},"author":{"name":"Redacci\u00f3n","@id":"http:\/\/unaymilletras.com\/#\/schema\/person\/0860dc8a218329991ee2c7591f4f849d"},"headline":"David Otero anuncia su gira \u00abNaturalmente Ac\u00fastico\u00bb","datePublished":"2024-11-26T12:59:52+00:00","dateModified":"2024-11-26T19:12:00+00:00","mainEntityOfPage":{"@id":"https:\/\/unaymilletras.com\/david-otero-anuncia-su-gira-naturalmente-acustico\/"},"wordCount":358,"commentCount":0,"publisher":{"@id":"http:\/\/unaymilletras.com\/#organization"},"image":{"@id":"https:\/\/unaymilletras.com\/david-otero-anuncia-su-gira-naturalmente-acustico\/#primaryimage"},"thumbnailUrl":"https:\/\/unaymilletras.com\/wp-content\/uploads\/2024\/11\/image-1.jpg","articleSection":["M\u00fasica"],"inLanguage":"en-GB","potentialAction":[{"@type":"CommentAction","name":"Comment","target":["https:\/\/unaymilletras.com\/david-otero-anuncia-su-gira-naturalmente-acustico\/#respond"]}]},{"@type":"WebPage","@id":"https:\/\/unaymilletras.com\/david-otero-anuncia-su-gira-naturalmente-acustico\/","url":"https:\/\/unaymilletras.com\/david-otero-anuncia-su-gira-naturalmente-acustico\/","name":"David Otero anuncia su gira \"Naturalmente Ac\u00fastico\" &#8902; Una y Mil Letras","isPartOf":{"@id":"http:\/\/unaymilletras.com\/#website"},"primaryImageOfPage":{"@id":"https:\/\/unaymilletras.com\/david-otero-anuncia-su-gira-naturalmente-acustico\/#primaryimage"},"image":{"@id":"https:\/\/unaymilletras.com\/david-otero-anuncia-su-gira-naturalmente-acustico\/#primaryimage"},"thumbnailUrl":"https:\/\/unaymilletras.com\/wp-content\/uploads\/2024\/11\/image-1.jpg","datePublished":"2024-11-26T12:59:52+00:00","dateModified":"2024-11-26T19:12:00+00:00","description":"El artista madrile\u00f1o David Otero llevar\u00e1 su m\u00fasica en un formato \u00edntimo a 14 ciudades espa\u00f1olas el pr\u00f3ximo a\u00f1o","breadcrumb":{"@id":"https:\/\/unaymilletras.com\/david-otero-anuncia-su-gira-naturalmente-acustico\/#breadcrumb"},"inLanguage":"en-GB","potentialAction":[{"@type":"ReadAction","target":["https:\/\/unaymilletras.com\/david-otero-anuncia-su-gira-naturalmente-acustico\/"]}]},{"@type":"ImageObject","inLanguage":"en-GB","@id":"https:\/\/unaymilletras.com\/david-otero-anuncia-su-gira-naturalmente-acustico\/#primaryimage","url":"https:\/\/unaymilletras.com\/wp-content\/uploads\/2024\/11\/image-1.jpg","contentUrl":"https:\/\/unaymilletras.com\/wp-content\/uploads\/2024\/11\/image-1.jpg","width":882,"height":1392,"caption":"David Otero"},{"@type":"BreadcrumbList","@id":"https:\/\/unaymilletras.com\/david-otero-anuncia-su-gira-naturalmente-acustico\/#breadcrumb","itemListElement":[{"@type":"ListItem","position":1,"name":"Home","item":"http:\/\/unaymilletras.com\/"},{"@type":"ListItem","position":2,"name":"David Otero anuncia su gira \u00abNaturalmente Ac\u00fastico\u00bb"}]},{"@type":"WebSite","@id":"http:\/\/unaymilletras.com\/#website","url":"http:\/\/unaymilletras.com\/","name":"Una y Mil Letras","description":"","publisher":{"@id":"http:\/\/unaymilletras.com\/#organization"},"potentialAction":[{"@type":"SearchAction","target":{"@type":"EntryPoint","urlTemplate":"http:\/\/unaymilletras.com\/?s={search_term_string}"},"query-input":{"@type":"PropertyValueSpecification","valueRequired":true,"valueName":"search_term_string"}}],"inLanguage":"en-GB"},{"@type":"Organization","@id":"http:\/\/unaymilletras.com\/#organization","name":"Una y Mil Letras","url":"http:\/\/unaymilletras.com\/","logo":{"@type":"ImageObject","inLanguage":"en-GB","@id":"http:\/\/unaymilletras.com\/#\/schema\/logo\/image\/","url":"https:\/\/unaymilletras.com\/wp-content\/uploads\/2024\/06\/cropped-Logo-removebg-preview.png","contentUrl":"https:\/\/unaymilletras.com\/wp-content\/uploads\/2024\/06\/cropped-Logo-removebg-preview.png","width":512,"height":512,"caption":"Una y Mil Letras"},"image":{"@id":"http:\/\/unaymilletras.com\/#\/schema\/logo\/image\/"},"sameAs":["https:\/\/x.com\/UnaYMilLetras","https:\/\/instagram.com\/UnaYMilLetras"]},{"@type":"Person","@id":"http:\/\/unaymilletras.com\/#\/schema\/person\/0860dc8a218329991ee2c7591f4f849d","name":"Redacci\u00f3n","image":{"@type":"ImageObject","inLanguage":"en-GB","@id":"https:\/\/secure.gravatar.com\/avatar\/d8f55e05a8b6597e45c55a1dcbdbfe44f4a360d88b48e00de5216a79b7732796?s=96&d=mm&r=g","url":"https:\/\/secure.gravatar.com\/avatar\/d8f55e05a8b6597e45c55a1dcbdbfe44f4a360d88b48e00de5216a79b7732796?s=96&d=mm&r=g","contentUrl":"https:\/\/secure.gravatar.com\/avatar\/d8f55e05a8b6597e45c55a1dcbdbfe44f4a360d88b48e00de5216a79b7732796?s=96&d=mm&r=g","caption":"Redacci\u00f3n"},"url":"https:\/\/unaymilletras.com\/en\/author\/redaccion\/"}]}},"_links":{"self":[{"href":"https:\/\/unaymilletras.com\/en\/wp-json\/wp\/v2\/posts\/3369","targetHints":{"allow":["GET"]}}],"collection":[{"href":"https:\/\/unaymilletras.com\/en\/wp-json\/wp\/v2\/posts"}],"about":[{"href":"https:\/\/unaymilletras.com\/en\/wp-json\/wp\/v2\/types\/post"}],"author":[{"embeddable":true,"href":"https:\/\/unaymilletras.com\/en\/wp-json\/wp\/v2\/users\/6"}],"replies":[{"embeddable":true,"href":"https:\/\/unaymilletras.com\/en\/wp-json\/wp\/v2\/comments?post=3369"}],"version-history":[{"count":7,"href":"https:\/\/unaymilletras.com\/en\/wp-json\/wp\/v2\/posts\/3369\/revisions"}],"predecessor-version":[{"id":3377,"href":"https:\/\/unaymilletras.com\/en\/wp-json\/wp\/v2\/posts\/3369\/revisions\/3377"}],"wp:featuredmedia":[{"embeddable":true,"href":"https:\/\/unaymilletras.com\/en\/wp-json\/wp\/v2\/media\/3371"}],"wp:attachment":[{"href":"https:\/\/unaymilletras.com\/en\/wp-json\/wp\/v2\/media?parent=3369"}],"wp:term":[{"taxonomy":"category","embeddable":true,"href":"https:\/\/unaymilletras.com\/en\/wp-json\/wp\/v2\/categories?post=3369"},{"taxonomy":"post_tag","embeddable":true,"href":"https:\/\/unaymilletras.com\/en\/wp-json\/wp\/v2\/tags?post=3369"}],"curies":[{"name":"wp","href":"https:\/\/api.w.org\/{rel}","templated":true}]}}