{"id":3378,"date":"2024-11-27T11:00:00","date_gmt":"2024-11-27T10:00:00","guid":{"rendered":"https:\/\/unaymilletras.com\/?p=3378"},"modified":"2024-11-26T20:12:22","modified_gmt":"2024-11-26T19:12:22","slug":"pascal-lanza-un-nuevo-sencillo-junto-a-polo-nandez","status":"publish","type":"post","link":"https:\/\/unaymilletras.com\/en\/pascal-lanza-un-nuevo-sencillo-junto-a-polo-nandez\/","title":{"rendered":"Pascal lanza un nuevo sencillo junto a Polo N\u00e1ndez"},"content":{"rendered":"<div data-elementor-type=\"wp-post\" data-elementor-id=\"3378\" class=\"elementor elementor-3378\">\n\t\t\t\t\t\t<section class=\"elementor-section elementor-top-section elementor-element elementor-element-b8ae358 elementor-section-boxed elementor-section-height-default elementor-section-height-default\" data-id=\"b8ae358\" data-element_type=\"section\" data-e-type=\"section\">\n\t\t\t\t\t\t<div class=\"elementor-container elementor-column-gap-default\">\n\t\t\t\t\t<div class=\"elementor-column elementor-col-100 elementor-top-column elementor-element elementor-element-9a6c8e6\" data-id=\"9a6c8e6\" data-element_type=\"column\" data-e-type=\"column\">\n\t\t\t<div class=\"elementor-widget-wrap elementor-element-populated\">\n\t\t\t\t\t\t<div class=\"elementor-element elementor-element-ddddfe9 elementor-widget elementor-widget-text-editor\" data-id=\"ddddfe9\" data-element_type=\"widget\" data-e-type=\"widget\" data-widget_type=\"text-editor.default\">\n\t\t\t\t<div class=\"elementor-widget-container\">\n\t\t\t\t\t\t\t\t\t<h2 style=\"text-align: center;\"><span style=\"color: #808080;\"><em>El artista peruano Pascal consolida su \u00e9xito internacional con \u00abBorracho El Coraz\u00f3n\u00bb tras el triunfo de \u00abNos Duele Tanto\u00bb<\/em><\/span><\/h2>\t\t\t\t\t\t\t\t<\/div>\n\t\t\t\t<\/div>\n\t\t\t\t\t<\/div>\n\t\t<\/div>\n\t\t\t\t\t<\/div>\n\t\t<\/section>\n\t\t\t\t<section class=\"elementor-section elementor-top-section elementor-element elementor-element-e10ac32 elementor-section-boxed elementor-section-height-default elementor-section-height-default\" data-id=\"e10ac32\" data-element_type=\"section\" data-e-type=\"section\">\n\t\t\t\t\t\t<div class=\"elementor-container elementor-column-gap-default\">\n\t\t\t\t\t<div class=\"elementor-column elementor-col-100 elementor-top-column elementor-element elementor-element-c03a62d\" data-id=\"c03a62d\" data-element_type=\"column\" data-e-type=\"column\">\n\t\t\t<div class=\"elementor-widget-wrap elementor-element-populated\">\n\t\t\t\t\t\t<div class=\"elementor-element elementor-element-4d54b26 elementor-widget elementor-widget-text-editor\" data-id=\"4d54b26\" data-element_type=\"widget\" data-e-type=\"widget\" data-widget_type=\"text-editor.default\">\n\t\t\t\t<div class=\"elementor-widget-container\">\n\t\t\t\t\t\t\t\t\t<p><strong>Pascal<\/strong>, la joven promesa peruana que est\u00e1 dejando huella en la escena musical internacional, celebra un momento clave en su carrera. Su sencillo <strong><em>Nos Duele Tanto<\/em><\/strong> ha recibido el Disco de Platino en Per\u00fa, consolid\u00e1ndose como uno de los temas m\u00e1s destacados del a\u00f1o. Adem\u00e1s, el artista ha estrenado su nueva canci\u00f3n <strong><em>Borracho El Coraz\u00f3n<\/em><\/strong>, un dueto con el espa\u00f1ol <span style=\"color: #808080;\"><a style=\"color: #808080;\" href=\"https:\/\/unaymilletras.com\/en\/polo-nandez\/\"><strong>Polo N\u00e1ndez<\/strong><\/a><\/span> que promete conquistar nuevas audiencias.<\/p><p><em>Nos Duele Tanto<\/em>\u00a0lleva m\u00e1s de 20 semanas en el Top 50 de Spotify Per\u00fa y se ha convertido en el \u00fanico tema de un solista peruano dentro de esta prestigiosa lista. Su \u00e9xito no se limita a su pa\u00eds natal, ya que tambi\u00e9n ha logrado posicionarse en el Top 50 del airplay en M\u00e9xico, un mercado clave para la m\u00fasica latina.<\/p>\t\t\t\t\t\t\t\t<\/div>\n\t\t\t\t<\/div>\n\t\t\t\t\t<\/div>\n\t\t<\/div>\n\t\t\t\t\t<\/div>\n\t\t<\/section>\n\t\t\t\t<section class=\"elementor-section elementor-top-section elementor-element elementor-element-4918c97 elementor-section-boxed elementor-section-height-default elementor-section-height-default\" data-id=\"4918c97\" data-element_type=\"section\" data-e-type=\"section\">\n\t\t\t\t\t\t<div class=\"elementor-container elementor-column-gap-default\">\n\t\t\t\t\t<div class=\"elementor-column elementor-col-100 elementor-top-column elementor-element elementor-element-55c904a\" data-id=\"55c904a\" data-element_type=\"column\" data-e-type=\"column\">\n\t\t\t<div class=\"elementor-widget-wrap elementor-element-populated\">\n\t\t\t\t\t\t<div class=\"elementor-element elementor-element-9056f61 elementor-widget elementor-widget-image\" data-id=\"9056f61\" data-element_type=\"widget\" data-e-type=\"widget\" data-widget_type=\"image.default\">\n\t\t\t\t<div class=\"elementor-widget-container\">\n\t\t\t\t\t\t\t\t\t\t\t\t\t\t\t<img fetchpriority=\"high\" decoding=\"async\" width=\"640\" height=\"636\" src=\"https:\/\/unaymilletras.com\/wp-content\/uploads\/2024\/11\/Captura-de-pantalla-2024-11-26-a-las-20.02.46-1024x1018.png\" class=\"attachment-large size-large wp-image-3380\" alt=\"Pascal\" srcset=\"https:\/\/unaymilletras.com\/wp-content\/uploads\/2024\/11\/Captura-de-pantalla-2024-11-26-a-las-20.02.46-1024x1018.png 1024w, https:\/\/unaymilletras.com\/wp-content\/uploads\/2024\/11\/Captura-de-pantalla-2024-11-26-a-las-20.02.46-300x298.png 300w, https:\/\/unaymilletras.com\/wp-content\/uploads\/2024\/11\/Captura-de-pantalla-2024-11-26-a-las-20.02.46-150x150.png 150w, https:\/\/unaymilletras.com\/wp-content\/uploads\/2024\/11\/Captura-de-pantalla-2024-11-26-a-las-20.02.46-768x764.png 768w, https:\/\/unaymilletras.com\/wp-content\/uploads\/2024\/11\/Captura-de-pantalla-2024-11-26-a-las-20.02.46-12x12.png 12w, https:\/\/unaymilletras.com\/wp-content\/uploads\/2024\/11\/Captura-de-pantalla-2024-11-26-a-las-20.02.46-e1732648182640.png 600w\" sizes=\"(max-width: 640px) 100vw, 640px\" \/>\t\t\t\t\t\t\t\t\t\t\t\t\t\t\t<\/div>\n\t\t\t\t<\/div>\n\t\t\t\t\t<\/div>\n\t\t<\/div>\n\t\t\t\t\t<\/div>\n\t\t<\/section>\n\t\t\t\t<section class=\"elementor-section elementor-top-section elementor-element elementor-element-88e150b elementor-section-boxed elementor-section-height-default elementor-section-height-default\" data-id=\"88e150b\" data-element_type=\"section\" data-e-type=\"section\">\n\t\t\t\t\t\t<div class=\"elementor-container elementor-column-gap-default\">\n\t\t\t\t\t<div class=\"elementor-column elementor-col-100 elementor-top-column elementor-element elementor-element-5142387\" data-id=\"5142387\" data-element_type=\"column\" data-e-type=\"column\">\n\t\t\t<div class=\"elementor-widget-wrap elementor-element-populated\">\n\t\t\t\t\t\t<div class=\"elementor-element elementor-element-fed0dd6 elementor-widget elementor-widget-text-editor\" data-id=\"fed0dd6\" data-element_type=\"widget\" data-e-type=\"widget\" data-widget_type=\"text-editor.default\">\n\t\t\t\t<div class=\"elementor-widget-container\">\n\t\t\t\t\t\t\t\t\t<p>Con <em>Borracho El Coraz\u00f3n<\/em>, Pascal da un paso m\u00e1s en su mete\u00f3rico ascenso. Este sencillo, lanzado bajo el sello internacional Serving Sounds, combina su caracter\u00edstica voz emotiva con la energ\u00eda de Polo N\u00e1ndez, creando un tema que refleja los sentimientos intensos y universales que Pascal sabe transmitir tan bien.<\/p>\n<p>El artista ha estado trabajando intensamente para promocionar su m\u00fasica a nivel global. Recientemente, visit\u00f3 Espa\u00f1a, donde particip\u00f3 en eventos destacados como los Premios Los40 Music Awards. Posteriormente, asisti\u00f3 a actividades en torno a los Latin Grammy en Miami, fortaleciendo su presencia en el \u00e1mbito internacional. En diciembre, Pascal continuar\u00e1 con su agenda de promoci\u00f3n en M\u00e9xico, reforzando el impacto que ha logrado con <em>Nos Duele Tanto<\/em>.<\/p>\n<p>Pascal se perfila como una de las revelaciones m\u00e1s importantes de 2024, gracias a su carisma, potente voz y capacidad para conectar profundamente con el p\u00fablico. Su nuevo lanzamiento y los logros alcanzados hasta ahora son solo el inicio de una carrera prometedora en el panorama musical<\/p>\t\t\t\t\t\t\t\t<\/div>\n\t\t\t\t<\/div>\n\t\t\t\t\t<\/div>\n\t\t<\/div>\n\t\t\t\t\t<\/div>\n\t\t<\/section>\n\t\t\t\t<\/div>","protected":false},"excerpt":{"rendered":"<p>El artista peruano Pascal consolida su \u00e9xito internacional con \u00abBorracho El Coraz\u00f3n\u00bb tras el triunfo de \u00abNos Duele Tanto\u00bb Pascal, la joven promesa peruana que est\u00e1 dejando huella en la escena musical internacional, celebra un momento clave en su carrera. Su sencillo Nos Duele Tanto ha recibido el Disco de Platino en Per\u00fa, consolid\u00e1ndose como [&hellip;]<\/p>\n","protected":false},"author":6,"featured_media":3380,"comment_status":"open","ping_status":"open","sticky":false,"template":"","format":"standard","meta":{"footnotes":""},"categories":[4],"tags":[],"class_list":["post-3378","post","type-post","status-publish","format-standard","has-post-thumbnail","hentry","category-musica"],"yoast_head":"<!-- This site is optimized with the Yoast SEO plugin v27.4 - https:\/\/yoast.com\/product\/yoast-seo-wordpress\/ -->\n<title>Pascal lanza un nuevo sencillo junto a Polo N\u00e1ndez<\/title>\n<meta name=\"description\" content=\"El artista peruano Pascal consolida su \u00e9xito internacional con &quot;Borracho El Coraz\u00f3n&quot; tras el triunfo de &quot;Nos Duele Tanto&quot;\" \/>\n<meta name=\"robots\" content=\"index, follow, max-snippet:-1, max-image-preview:large, max-video-preview:-1\" \/>\n<link rel=\"canonical\" href=\"https:\/\/unaymilletras.com\/en\/pascal-lanza-un-nuevo-sencillo-junto-a-polo-nandez\/\" \/>\n<meta property=\"og:locale\" content=\"en_GB\" \/>\n<meta property=\"og:type\" content=\"article\" \/>\n<meta property=\"og:title\" content=\"Pascal lanza un nuevo sencillo junto a Polo N\u00e1ndez\" \/>\n<meta property=\"og:description\" content=\"El artista peruano Pascal consolida su \u00e9xito internacional con &quot;Borracho El Coraz\u00f3n&quot; tras el triunfo de &quot;Nos Duele Tanto&quot;\" \/>\n<meta property=\"og:url\" content=\"https:\/\/unaymilletras.com\/en\/pascal-lanza-un-nuevo-sencillo-junto-a-polo-nandez\/\" \/>\n<meta property=\"og:site_name\" content=\"Una y Mil Letras\" \/>\n<meta property=\"article:published_time\" content=\"2024-11-27T10:00:00+00:00\" \/>\n<meta property=\"og:image\" content=\"https:\/\/unaymilletras.com\/wp-content\/uploads\/2024\/11\/Captura-de-pantalla-2024-11-26-a-las-20.02.46-e1732648182640.png\" \/>\n\t<meta property=\"og:image:width\" content=\"600\" \/>\n\t<meta property=\"og:image:height\" content=\"597\" \/>\n\t<meta property=\"og:image:type\" content=\"image\/png\" \/>\n<meta name=\"author\" content=\"Redacci\u00f3n\" \/>\n<meta name=\"twitter:card\" content=\"summary_large_image\" \/>\n<meta name=\"twitter:creator\" content=\"@UnaYMilLetras\" \/>\n<meta name=\"twitter:site\" content=\"@UnaYMilLetras\" \/>\n<meta name=\"twitter:label1\" content=\"Written by\" \/>\n\t<meta name=\"twitter:data1\" content=\"Redacci\u00f3n\" \/>\n\t<meta name=\"twitter:label2\" content=\"Estimated reading time\" \/>\n\t<meta name=\"twitter:data2\" content=\"2 minutes\" \/>\n<script type=\"application\/ld+json\" class=\"yoast-schema-graph\">{\"@context\":\"https:\\\/\\\/schema.org\",\"@graph\":[{\"@type\":\"Article\",\"@id\":\"https:\\\/\\\/unaymilletras.com\\\/pascal-lanza-un-nuevo-sencillo-junto-a-polo-nandez\\\/#article\",\"isPartOf\":{\"@id\":\"https:\\\/\\\/unaymilletras.com\\\/pascal-lanza-un-nuevo-sencillo-junto-a-polo-nandez\\\/\"},\"author\":{\"name\":\"Redacci\u00f3n\",\"@id\":\"http:\\\/\\\/unaymilletras.com\\\/#\\\/schema\\\/person\\\/0860dc8a218329991ee2c7591f4f849d\"},\"headline\":\"Pascal lanza un nuevo sencillo junto a Polo N\u00e1ndez\",\"datePublished\":\"2024-11-27T10:00:00+00:00\",\"mainEntityOfPage\":{\"@id\":\"https:\\\/\\\/unaymilletras.com\\\/pascal-lanza-un-nuevo-sencillo-junto-a-polo-nandez\\\/\"},\"wordCount\":343,\"commentCount\":0,\"publisher\":{\"@id\":\"http:\\\/\\\/unaymilletras.com\\\/#organization\"},\"image\":{\"@id\":\"https:\\\/\\\/unaymilletras.com\\\/pascal-lanza-un-nuevo-sencillo-junto-a-polo-nandez\\\/#primaryimage\"},\"thumbnailUrl\":\"https:\\\/\\\/unaymilletras.com\\\/wp-content\\\/uploads\\\/2024\\\/11\\\/Captura-de-pantalla-2024-11-26-a-las-20.02.46-e1732648182640.png\",\"articleSection\":[\"M\u00fasica\"],\"inLanguage\":\"en-GB\",\"potentialAction\":[{\"@type\":\"CommentAction\",\"name\":\"Comment\",\"target\":[\"https:\\\/\\\/unaymilletras.com\\\/pascal-lanza-un-nuevo-sencillo-junto-a-polo-nandez\\\/#respond\"]}]},{\"@type\":\"WebPage\",\"@id\":\"https:\\\/\\\/unaymilletras.com\\\/pascal-lanza-un-nuevo-sencillo-junto-a-polo-nandez\\\/\",\"url\":\"https:\\\/\\\/unaymilletras.com\\\/pascal-lanza-un-nuevo-sencillo-junto-a-polo-nandez\\\/\",\"name\":\"Pascal lanza un nuevo sencillo junto a Polo N\u00e1ndez\",\"isPartOf\":{\"@id\":\"http:\\\/\\\/unaymilletras.com\\\/#website\"},\"primaryImageOfPage\":{\"@id\":\"https:\\\/\\\/unaymilletras.com\\\/pascal-lanza-un-nuevo-sencillo-junto-a-polo-nandez\\\/#primaryimage\"},\"image\":{\"@id\":\"https:\\\/\\\/unaymilletras.com\\\/pascal-lanza-un-nuevo-sencillo-junto-a-polo-nandez\\\/#primaryimage\"},\"thumbnailUrl\":\"https:\\\/\\\/unaymilletras.com\\\/wp-content\\\/uploads\\\/2024\\\/11\\\/Captura-de-pantalla-2024-11-26-a-las-20.02.46-e1732648182640.png\",\"datePublished\":\"2024-11-27T10:00:00+00:00\",\"description\":\"El artista peruano Pascal consolida su \u00e9xito internacional con \\\"Borracho El Coraz\u00f3n\\\" tras el triunfo de \\\"Nos Duele Tanto\\\"\",\"breadcrumb\":{\"@id\":\"https:\\\/\\\/unaymilletras.com\\\/pascal-lanza-un-nuevo-sencillo-junto-a-polo-nandez\\\/#breadcrumb\"},\"inLanguage\":\"en-GB\",\"potentialAction\":[{\"@type\":\"ReadAction\",\"target\":[\"https:\\\/\\\/unaymilletras.com\\\/pascal-lanza-un-nuevo-sencillo-junto-a-polo-nandez\\\/\"]}]},{\"@type\":\"ImageObject\",\"inLanguage\":\"en-GB\",\"@id\":\"https:\\\/\\\/unaymilletras.com\\\/pascal-lanza-un-nuevo-sencillo-junto-a-polo-nandez\\\/#primaryimage\",\"url\":\"https:\\\/\\\/unaymilletras.com\\\/wp-content\\\/uploads\\\/2024\\\/11\\\/Captura-de-pantalla-2024-11-26-a-las-20.02.46-e1732648182640.png\",\"contentUrl\":\"https:\\\/\\\/unaymilletras.com\\\/wp-content\\\/uploads\\\/2024\\\/11\\\/Captura-de-pantalla-2024-11-26-a-las-20.02.46-e1732648182640.png\",\"width\":600,\"height\":597,\"caption\":\"Pascal\"},{\"@type\":\"BreadcrumbList\",\"@id\":\"https:\\\/\\\/unaymilletras.com\\\/pascal-lanza-un-nuevo-sencillo-junto-a-polo-nandez\\\/#breadcrumb\",\"itemListElement\":[{\"@type\":\"ListItem\",\"position\":1,\"name\":\"Home\",\"item\":\"http:\\\/\\\/unaymilletras.com\\\/\"},{\"@type\":\"ListItem\",\"position\":2,\"name\":\"Pascal lanza un nuevo sencillo junto a Polo N\u00e1ndez\"}]},{\"@type\":\"WebSite\",\"@id\":\"http:\\\/\\\/unaymilletras.com\\\/#website\",\"url\":\"http:\\\/\\\/unaymilletras.com\\\/\",\"name\":\"Una y Mil Letras\",\"description\":\"\",\"publisher\":{\"@id\":\"http:\\\/\\\/unaymilletras.com\\\/#organization\"},\"potentialAction\":[{\"@type\":\"SearchAction\",\"target\":{\"@type\":\"EntryPoint\",\"urlTemplate\":\"http:\\\/\\\/unaymilletras.com\\\/?s={search_term_string}\"},\"query-input\":{\"@type\":\"PropertyValueSpecification\",\"valueRequired\":true,\"valueName\":\"search_term_string\"}}],\"inLanguage\":\"en-GB\"},{\"@type\":\"Organization\",\"@id\":\"http:\\\/\\\/unaymilletras.com\\\/#organization\",\"name\":\"Una y Mil Letras\",\"url\":\"http:\\\/\\\/unaymilletras.com\\\/\",\"logo\":{\"@type\":\"ImageObject\",\"inLanguage\":\"en-GB\",\"@id\":\"http:\\\/\\\/unaymilletras.com\\\/#\\\/schema\\\/logo\\\/image\\\/\",\"url\":\"https:\\\/\\\/unaymilletras.com\\\/wp-content\\\/uploads\\\/2024\\\/06\\\/cropped-Logo-removebg-preview.png\",\"contentUrl\":\"https:\\\/\\\/unaymilletras.com\\\/wp-content\\\/uploads\\\/2024\\\/06\\\/cropped-Logo-removebg-preview.png\",\"width\":512,\"height\":512,\"caption\":\"Una y Mil Letras\"},\"image\":{\"@id\":\"http:\\\/\\\/unaymilletras.com\\\/#\\\/schema\\\/logo\\\/image\\\/\"},\"sameAs\":[\"https:\\\/\\\/x.com\\\/UnaYMilLetras\",\"https:\\\/\\\/instagram.com\\\/UnaYMilLetras\"]},{\"@type\":\"Person\",\"@id\":\"http:\\\/\\\/unaymilletras.com\\\/#\\\/schema\\\/person\\\/0860dc8a218329991ee2c7591f4f849d\",\"name\":\"Redacci\u00f3n\",\"image\":{\"@type\":\"ImageObject\",\"inLanguage\":\"en-GB\",\"@id\":\"https:\\\/\\\/secure.gravatar.com\\\/avatar\\\/d8f55e05a8b6597e45c55a1dcbdbfe44f4a360d88b48e00de5216a79b7732796?s=96&d=mm&r=g\",\"url\":\"https:\\\/\\\/secure.gravatar.com\\\/avatar\\\/d8f55e05a8b6597e45c55a1dcbdbfe44f4a360d88b48e00de5216a79b7732796?s=96&d=mm&r=g\",\"contentUrl\":\"https:\\\/\\\/secure.gravatar.com\\\/avatar\\\/d8f55e05a8b6597e45c55a1dcbdbfe44f4a360d88b48e00de5216a79b7732796?s=96&d=mm&r=g\",\"caption\":\"Redacci\u00f3n\"},\"url\":\"https:\\\/\\\/unaymilletras.com\\\/en\\\/author\\\/redaccion\\\/\"}]}<\/script>\n<!-- \/ Yoast SEO plugin. -->","yoast_head_json":{"title":"Pascal lanza un nuevo sencillo junto a Polo N\u00e1ndez","description":"El artista peruano Pascal consolida su \u00e9xito internacional con \"Borracho El Coraz\u00f3n\" tras el triunfo de \"Nos Duele Tanto\"","robots":{"index":"index","follow":"follow","max-snippet":"max-snippet:-1","max-image-preview":"max-image-preview:large","max-video-preview":"max-video-preview:-1"},"canonical":"https:\/\/unaymilletras.com\/en\/pascal-lanza-un-nuevo-sencillo-junto-a-polo-nandez\/","og_locale":"en_GB","og_type":"article","og_title":"Pascal lanza un nuevo sencillo junto a Polo N\u00e1ndez","og_description":"El artista peruano Pascal consolida su \u00e9xito internacional con \"Borracho El Coraz\u00f3n\" tras el triunfo de \"Nos Duele Tanto\"","og_url":"https:\/\/unaymilletras.com\/en\/pascal-lanza-un-nuevo-sencillo-junto-a-polo-nandez\/","og_site_name":"Una y Mil Letras","article_published_time":"2024-11-27T10:00:00+00:00","og_image":[{"width":600,"height":597,"url":"https:\/\/unaymilletras.com\/wp-content\/uploads\/2024\/11\/Captura-de-pantalla-2024-11-26-a-las-20.02.46-e1732648182640.png","type":"image\/png"}],"author":"Redacci\u00f3n","twitter_card":"summary_large_image","twitter_creator":"@UnaYMilLetras","twitter_site":"@UnaYMilLetras","twitter_misc":{"Written by":"Redacci\u00f3n","Estimated reading time":"2 minutes"},"schema":{"@context":"https:\/\/schema.org","@graph":[{"@type":"Article","@id":"https:\/\/unaymilletras.com\/pascal-lanza-un-nuevo-sencillo-junto-a-polo-nandez\/#article","isPartOf":{"@id":"https:\/\/unaymilletras.com\/pascal-lanza-un-nuevo-sencillo-junto-a-polo-nandez\/"},"author":{"name":"Redacci\u00f3n","@id":"http:\/\/unaymilletras.com\/#\/schema\/person\/0860dc8a218329991ee2c7591f4f849d"},"headline":"Pascal lanza un nuevo sencillo junto a Polo N\u00e1ndez","datePublished":"2024-11-27T10:00:00+00:00","mainEntityOfPage":{"@id":"https:\/\/unaymilletras.com\/pascal-lanza-un-nuevo-sencillo-junto-a-polo-nandez\/"},"wordCount":343,"commentCount":0,"publisher":{"@id":"http:\/\/unaymilletras.com\/#organization"},"image":{"@id":"https:\/\/unaymilletras.com\/pascal-lanza-un-nuevo-sencillo-junto-a-polo-nandez\/#primaryimage"},"thumbnailUrl":"https:\/\/unaymilletras.com\/wp-content\/uploads\/2024\/11\/Captura-de-pantalla-2024-11-26-a-las-20.02.46-e1732648182640.png","articleSection":["M\u00fasica"],"inLanguage":"en-GB","potentialAction":[{"@type":"CommentAction","name":"Comment","target":["https:\/\/unaymilletras.com\/pascal-lanza-un-nuevo-sencillo-junto-a-polo-nandez\/#respond"]}]},{"@type":"WebPage","@id":"https:\/\/unaymilletras.com\/pascal-lanza-un-nuevo-sencillo-junto-a-polo-nandez\/","url":"https:\/\/unaymilletras.com\/pascal-lanza-un-nuevo-sencillo-junto-a-polo-nandez\/","name":"Pascal lanza un nuevo sencillo junto a Polo N\u00e1ndez","isPartOf":{"@id":"http:\/\/unaymilletras.com\/#website"},"primaryImageOfPage":{"@id":"https:\/\/unaymilletras.com\/pascal-lanza-un-nuevo-sencillo-junto-a-polo-nandez\/#primaryimage"},"image":{"@id":"https:\/\/unaymilletras.com\/pascal-lanza-un-nuevo-sencillo-junto-a-polo-nandez\/#primaryimage"},"thumbnailUrl":"https:\/\/unaymilletras.com\/wp-content\/uploads\/2024\/11\/Captura-de-pantalla-2024-11-26-a-las-20.02.46-e1732648182640.png","datePublished":"2024-11-27T10:00:00+00:00","description":"El artista peruano Pascal consolida su \u00e9xito internacional con \"Borracho El Coraz\u00f3n\" tras el triunfo de \"Nos Duele Tanto\"","breadcrumb":{"@id":"https:\/\/unaymilletras.com\/pascal-lanza-un-nuevo-sencillo-junto-a-polo-nandez\/#breadcrumb"},"inLanguage":"en-GB","potentialAction":[{"@type":"ReadAction","target":["https:\/\/unaymilletras.com\/pascal-lanza-un-nuevo-sencillo-junto-a-polo-nandez\/"]}]},{"@type":"ImageObject","inLanguage":"en-GB","@id":"https:\/\/unaymilletras.com\/pascal-lanza-un-nuevo-sencillo-junto-a-polo-nandez\/#primaryimage","url":"https:\/\/unaymilletras.com\/wp-content\/uploads\/2024\/11\/Captura-de-pantalla-2024-11-26-a-las-20.02.46-e1732648182640.png","contentUrl":"https:\/\/unaymilletras.com\/wp-content\/uploads\/2024\/11\/Captura-de-pantalla-2024-11-26-a-las-20.02.46-e1732648182640.png","width":600,"height":597,"caption":"Pascal"},{"@type":"BreadcrumbList","@id":"https:\/\/unaymilletras.com\/pascal-lanza-un-nuevo-sencillo-junto-a-polo-nandez\/#breadcrumb","itemListElement":[{"@type":"ListItem","position":1,"name":"Home","item":"http:\/\/unaymilletras.com\/"},{"@type":"ListItem","position":2,"name":"Pascal lanza un nuevo sencillo junto a Polo N\u00e1ndez"}]},{"@type":"WebSite","@id":"http:\/\/unaymilletras.com\/#website","url":"http:\/\/unaymilletras.com\/","name":"Una y Mil Letras","description":"","publisher":{"@id":"http:\/\/unaymilletras.com\/#organization"},"potentialAction":[{"@type":"SearchAction","target":{"@type":"EntryPoint","urlTemplate":"http:\/\/unaymilletras.com\/?s={search_term_string}"},"query-input":{"@type":"PropertyValueSpecification","valueRequired":true,"valueName":"search_term_string"}}],"inLanguage":"en-GB"},{"@type":"Organization","@id":"http:\/\/unaymilletras.com\/#organization","name":"Una y Mil Letras","url":"http:\/\/unaymilletras.com\/","logo":{"@type":"ImageObject","inLanguage":"en-GB","@id":"http:\/\/unaymilletras.com\/#\/schema\/logo\/image\/","url":"https:\/\/unaymilletras.com\/wp-content\/uploads\/2024\/06\/cropped-Logo-removebg-preview.png","contentUrl":"https:\/\/unaymilletras.com\/wp-content\/uploads\/2024\/06\/cropped-Logo-removebg-preview.png","width":512,"height":512,"caption":"Una y Mil Letras"},"image":{"@id":"http:\/\/unaymilletras.com\/#\/schema\/logo\/image\/"},"sameAs":["https:\/\/x.com\/UnaYMilLetras","https:\/\/instagram.com\/UnaYMilLetras"]},{"@type":"Person","@id":"http:\/\/unaymilletras.com\/#\/schema\/person\/0860dc8a218329991ee2c7591f4f849d","name":"Redacci\u00f3n","image":{"@type":"ImageObject","inLanguage":"en-GB","@id":"https:\/\/secure.gravatar.com\/avatar\/d8f55e05a8b6597e45c55a1dcbdbfe44f4a360d88b48e00de5216a79b7732796?s=96&d=mm&r=g","url":"https:\/\/secure.gravatar.com\/avatar\/d8f55e05a8b6597e45c55a1dcbdbfe44f4a360d88b48e00de5216a79b7732796?s=96&d=mm&r=g","contentUrl":"https:\/\/secure.gravatar.com\/avatar\/d8f55e05a8b6597e45c55a1dcbdbfe44f4a360d88b48e00de5216a79b7732796?s=96&d=mm&r=g","caption":"Redacci\u00f3n"},"url":"https:\/\/unaymilletras.com\/en\/author\/redaccion\/"}]}},"_links":{"self":[{"href":"https:\/\/unaymilletras.com\/en\/wp-json\/wp\/v2\/posts\/3378","targetHints":{"allow":["GET"]}}],"collection":[{"href":"https:\/\/unaymilletras.com\/en\/wp-json\/wp\/v2\/posts"}],"about":[{"href":"https:\/\/unaymilletras.com\/en\/wp-json\/wp\/v2\/types\/post"}],"author":[{"embeddable":true,"href":"https:\/\/unaymilletras.com\/en\/wp-json\/wp\/v2\/users\/6"}],"replies":[{"embeddable":true,"href":"https:\/\/unaymilletras.com\/en\/wp-json\/wp\/v2\/comments?post=3378"}],"version-history":[{"count":7,"href":"https:\/\/unaymilletras.com\/en\/wp-json\/wp\/v2\/posts\/3378\/revisions"}],"predecessor-version":[{"id":3386,"href":"https:\/\/unaymilletras.com\/en\/wp-json\/wp\/v2\/posts\/3378\/revisions\/3386"}],"wp:featuredmedia":[{"embeddable":true,"href":"https:\/\/unaymilletras.com\/en\/wp-json\/wp\/v2\/media\/3380"}],"wp:attachment":[{"href":"https:\/\/unaymilletras.com\/en\/wp-json\/wp\/v2\/media?parent=3378"}],"wp:term":[{"taxonomy":"category","embeddable":true,"href":"https:\/\/unaymilletras.com\/en\/wp-json\/wp\/v2\/categories?post=3378"},{"taxonomy":"post_tag","embeddable":true,"href":"https:\/\/unaymilletras.com\/en\/wp-json\/wp\/v2\/tags?post=3378"}],"curies":[{"name":"wp","href":"https:\/\/api.w.org\/{rel}","templated":true}]}}