{"id":3387,"date":"2024-11-28T14:16:14","date_gmt":"2024-11-28T13:16:14","guid":{"rendered":"https:\/\/unaymilletras.com\/?p=3387"},"modified":"2024-11-28T14:19:31","modified_gmt":"2024-11-28T13:19:31","slug":"myke-towers-anuncia-su-tour-europa-2025","status":"publish","type":"post","link":"https:\/\/unaymilletras.com\/en\/myke-towers-anuncia-su-tour-europa-2025\/","title":{"rendered":"Myke Towers anuncia su Tour Europa 2025"},"content":{"rendered":"\t\t<div data-elementor-type=\"wp-post\" data-elementor-id=\"3387\" class=\"elementor elementor-3387\">\n\t\t\t\t\t\t<section class=\"elementor-section elementor-top-section elementor-element elementor-element-fdc3ec3 elementor-section-boxed elementor-section-height-default elementor-section-height-default\" data-id=\"fdc3ec3\" data-element_type=\"section\" data-e-type=\"section\">\n\t\t\t\t\t\t<div class=\"elementor-container elementor-column-gap-default\">\n\t\t\t\t\t<div class=\"elementor-column elementor-col-100 elementor-top-column elementor-element elementor-element-696528d\" data-id=\"696528d\" data-element_type=\"column\" data-e-type=\"column\">\n\t\t\t<div class=\"elementor-widget-wrap elementor-element-populated\">\n\t\t\t\t\t\t<div class=\"elementor-element elementor-element-0e97129 elementor-widget elementor-widget-text-editor\" data-id=\"0e97129\" data-element_type=\"widget\" data-e-type=\"widget\" data-widget_type=\"text-editor.default\">\n\t\t\t\t<div class=\"elementor-widget-container\">\n\t\t\t\t\t\t\t\t\t<h2 style=\"text-align: center;\"><span style=\"color: #808080;\"><em>La superestrella puertorrique\u00f1a, Myke Towers prepara un show que promete ser inolvidable y con el que recorrer\u00e1 todo el pa\u00eds<\/em><\/span><\/h2>\t\t\t\t\t\t\t\t<\/div>\n\t\t\t\t<\/div>\n\t\t\t\t\t<\/div>\n\t\t<\/div>\n\t\t\t\t\t<\/div>\n\t\t<\/section>\n\t\t\t\t<section class=\"elementor-section elementor-top-section elementor-element elementor-element-ecba164 elementor-section-boxed elementor-section-height-default elementor-section-height-default\" data-id=\"ecba164\" data-element_type=\"section\" data-e-type=\"section\">\n\t\t\t\t\t\t<div class=\"elementor-container elementor-column-gap-default\">\n\t\t\t\t\t<div class=\"elementor-column elementor-col-100 elementor-top-column elementor-element elementor-element-4833dbf\" data-id=\"4833dbf\" data-element_type=\"column\" data-e-type=\"column\">\n\t\t\t<div class=\"elementor-widget-wrap elementor-element-populated\">\n\t\t\t\t\t\t<div class=\"elementor-element elementor-element-22fd8b0 elementor-widget elementor-widget-text-editor\" data-id=\"22fd8b0\" data-element_type=\"widget\" data-e-type=\"widget\" data-widget_type=\"text-editor.default\">\n\t\t\t\t<div class=\"elementor-widget-container\">\n\t\t\t\t\t\t\t\t\t<p>Myke Towers, uno de los nombres m\u00e1s importantes de la m\u00fasica latina, llevar\u00e1 su electrizante Tour Europa 2025 a las principales ciudades del continente. Con fechas confirmadas en Londres, Par\u00eds, Z\u00farich, Madrid, Barcelona, Valencia, Sevilla, Zaragoza y muchas m\u00e1s, el artista puertorrique\u00f1o promete noches llenas de ritmo, energ\u00eda y los \u00e9xitos que lo han convertido en un fen\u00f3meno global.<\/p>\t\t\t\t\t\t\t\t<\/div>\n\t\t\t\t<\/div>\n\t\t\t\t\t<\/div>\n\t\t<\/div>\n\t\t\t\t\t<\/div>\n\t\t<\/section>\n\t\t\t\t<section class=\"elementor-section elementor-top-section elementor-element elementor-element-cf62ae0 elementor-section-boxed elementor-section-height-default elementor-section-height-default\" data-id=\"cf62ae0\" data-element_type=\"section\" data-e-type=\"section\">\n\t\t\t\t\t\t<div class=\"elementor-container elementor-column-gap-default\">\n\t\t\t\t\t<div class=\"elementor-column elementor-col-50 elementor-top-column elementor-element elementor-element-fc643a2\" data-id=\"fc643a2\" data-element_type=\"column\" data-e-type=\"column\">\n\t\t\t<div class=\"elementor-widget-wrap elementor-element-populated\">\n\t\t\t\t\t\t<div class=\"elementor-element elementor-element-4b89615 elementor-widget elementor-widget-text-editor\" data-id=\"4b89615\" data-element_type=\"widget\" data-e-type=\"widget\" data-widget_type=\"text-editor.default\">\n\t\t\t\t<div class=\"elementor-widget-container\">\n\t\t\t\t\t\t\t\t\t<p>La gira incluir\u00e1 un repertorio inigualable con los recientes \u00e9xitos de su \u00e1lbum <em>La Pantera Negra Deluxe<\/em>, como <em>Adivino<\/em>, <em>Degenere<\/em> y <em>Tambi\u00e9n<\/em>, adem\u00e1s de cl\u00e1sicos que marcaron su trayectoria como <em>Diosa<\/em>, <em>Girl<\/em>, <em>La Falda<\/em> y <em>Lala<\/em>. Cada show promete convertirse en una fiesta inolvidable donde el talento y la energ\u00eda de Myke Towers ser\u00e1n los protagonistas.<\/p><p>Las entradas para el Tour Europa 2025 estar\u00e1n disponibles a partir del 4 de diciembre, con una preventa exclusiva el 3 de diciembre para los fans m\u00e1s fieles. Este tour es una oportunidad \u00fanica para disfrutar en directo de uno de los artistas m\u00e1s aclamados del momento, que no deja de romper barreras y conquistar nuevos p\u00fablicos.<\/p>\t\t\t\t\t\t\t\t<\/div>\n\t\t\t\t<\/div>\n\t\t\t\t\t<\/div>\n\t\t<\/div>\n\t\t\t\t<div class=\"elementor-column elementor-col-50 elementor-top-column elementor-element elementor-element-1389c57\" data-id=\"1389c57\" data-element_type=\"column\" data-e-type=\"column\">\n\t\t\t<div class=\"elementor-widget-wrap elementor-element-populated\">\n\t\t\t\t\t\t<div class=\"elementor-element elementor-element-f2f4e4c elementor-widget elementor-widget-image\" data-id=\"f2f4e4c\" data-element_type=\"widget\" data-e-type=\"widget\" data-widget_type=\"image.default\">\n\t\t\t\t<div class=\"elementor-widget-container\">\n\t\t\t\t\t\t\t\t\t\t\t\t\t\t\t<img fetchpriority=\"high\" decoding=\"async\" width=\"640\" height=\"640\" src=\"https:\/\/unaymilletras.com\/wp-content\/uploads\/2024\/11\/WhatsApp-Image-2024-11-27-at-22.01.10-1024x1024.jpeg\" class=\"attachment-large size-large wp-image-3389\" alt=\"Myke Towers\" srcset=\"https:\/\/unaymilletras.com\/wp-content\/uploads\/2024\/11\/WhatsApp-Image-2024-11-27-at-22.01.10-1024x1024.jpeg 1024w, https:\/\/unaymilletras.com\/wp-content\/uploads\/2024\/11\/WhatsApp-Image-2024-11-27-at-22.01.10-300x300.jpeg 300w, https:\/\/unaymilletras.com\/wp-content\/uploads\/2024\/11\/WhatsApp-Image-2024-11-27-at-22.01.10-150x150.jpeg 150w, https:\/\/unaymilletras.com\/wp-content\/uploads\/2024\/11\/WhatsApp-Image-2024-11-27-at-22.01.10-768x768.jpeg 768w, https:\/\/unaymilletras.com\/wp-content\/uploads\/2024\/11\/WhatsApp-Image-2024-11-27-at-22.01.10-1536x1536.jpeg 1536w, https:\/\/unaymilletras.com\/wp-content\/uploads\/2024\/11\/WhatsApp-Image-2024-11-27-at-22.01.10-12x12.jpeg 12w, https:\/\/unaymilletras.com\/wp-content\/uploads\/2024\/11\/WhatsApp-Image-2024-11-27-at-22.01.10-e1732799851413.jpeg 600w\" sizes=\"(max-width: 640px) 100vw, 640px\" \/>\t\t\t\t\t\t\t\t\t\t\t\t\t\t\t<\/div>\n\t\t\t\t<\/div>\n\t\t\t\t\t<\/div>\n\t\t<\/div>\n\t\t\t\t\t<\/div>\n\t\t<\/section>\n\t\t\t\t<section class=\"elementor-section elementor-top-section elementor-element elementor-element-67e69aa elementor-section-boxed elementor-section-height-default elementor-section-height-default\" data-id=\"67e69aa\" data-element_type=\"section\" data-e-type=\"section\">\n\t\t\t\t\t\t<div class=\"elementor-container elementor-column-gap-default\">\n\t\t\t\t\t<div class=\"elementor-column elementor-col-100 elementor-top-column elementor-element elementor-element-b64152d\" data-id=\"b64152d\" data-element_type=\"column\" data-e-type=\"column\">\n\t\t\t<div class=\"elementor-widget-wrap elementor-element-populated\">\n\t\t\t\t\t\t<div class=\"elementor-element elementor-element-ee99298 elementor-widget elementor-widget-text-editor\" data-id=\"ee99298\" data-element_type=\"widget\" data-e-type=\"widget\" data-widget_type=\"text-editor.default\">\n\t\t\t\t<div class=\"elementor-widget-container\">\n\t\t\t\t\t\t\t\t\t<p>Tras un a\u00f1o de \u00e9xitos abrumadores, que incluy\u00f3 ser uno de los m\u00e1ximos galardonados en Los 40 Music Awards 2024 y una destacada actuaci\u00f3n en los Latin Grammy, Myke Towers contin\u00faa consolidando su lugar como una de las figuras m\u00e1s influyentes del reguet\u00f3n. En Espa\u00f1a, es el artista m\u00e1s escuchado, con seis canciones en el Top 50 de plataformas digitales, lideradas por su hit mundial <em>Degenere<\/em>.<\/p><div class=\"flex max-w-full flex-col flex-grow\"><div class=\"min-h-8 text-message flex w-full flex-col items-end gap-2 whitespace-normal break-words [.text-message+&amp;]:mt-5\" dir=\"auto\" data-message-author-role=\"assistant\" data-message-id=\"076c237b-4af3-4a7c-9de3-85be89c52ce4\" data-message-model-slug=\"gpt-4o\"><div class=\"flex w-full flex-col gap-1 empty:hidden first:pt-[3px]\"><div class=\"markdown prose w-full break-words dark:prose-invert light\"><p><span style=\"color: #808080;\">Myke Towers, con su carisma y un cat\u00e1logo lleno de \u00e9xitos, se prepara para convertir cada ciudad en la que act\u00fae en el epicentro de la m\u00fasica latina, prometiendo noches memorables para sus seguidores en toda <a style=\"color: #808080;\" href=\"https:\/\/unaymilletras.com\/duki-pasara-por-espana-con-su-esperado-ameri-world-tour\/\">Europa<\/a>.<\/span><\/p><\/div><\/div><\/div><\/div>\t\t\t\t\t\t\t\t<\/div>\n\t\t\t\t<\/div>\n\t\t\t\t\t<\/div>\n\t\t<\/div>\n\t\t\t\t\t<\/div>\n\t\t<\/section>\n\t\t\t\t<\/div>\n\t\t","protected":false},"excerpt":{"rendered":"<p>La superestrella puertorrique\u00f1a, Myke Towers prepara un show que promete ser inolvidable y con el que recorrer\u00e1 todo el pa\u00eds Myke Towers, uno de los nombres m\u00e1s importantes de la m\u00fasica latina, llevar\u00e1 su electrizante Tour Europa 2025 a las principales ciudades del continente. Con fechas confirmadas en Londres, Par\u00eds, Z\u00farich, Madrid, Barcelona, Valencia, Sevilla, [&hellip;]<\/p>\n","protected":false},"author":6,"featured_media":3389,"comment_status":"open","ping_status":"open","sticky":false,"template":"","format":"standard","meta":{"footnotes":""},"categories":[4],"tags":[],"class_list":["post-3387","post","type-post","status-publish","format-standard","has-post-thumbnail","hentry","category-musica"],"yoast_head":"<!-- This site is optimized with the Yoast SEO plugin v27.4 - https:\/\/yoast.com\/product\/yoast-seo-wordpress\/ -->\n<title>Myke Towers anuncia su Tour Europa 2025<\/title>\n<meta name=\"description\" content=\"La superestrella puertorrique\u00f1a, Myke Towers prepara un show que promete ser inolvidable y con el que recorrer\u00e1 todo el pa\u00eds\" \/>\n<meta name=\"robots\" content=\"index, follow, max-snippet:-1, max-image-preview:large, max-video-preview:-1\" \/>\n<link rel=\"canonical\" href=\"https:\/\/unaymilletras.com\/en\/myke-towers-anuncia-su-tour-europa-2025\/\" \/>\n<meta property=\"og:locale\" content=\"en_GB\" \/>\n<meta property=\"og:type\" content=\"article\" \/>\n<meta property=\"og:title\" content=\"Myke Towers anuncia su Tour Europa 2025\" \/>\n<meta property=\"og:description\" content=\"La superestrella puertorrique\u00f1a, Myke Towers prepara un show que promete ser inolvidable y con el que recorrer\u00e1 todo el pa\u00eds\" \/>\n<meta property=\"og:url\" content=\"https:\/\/unaymilletras.com\/en\/myke-towers-anuncia-su-tour-europa-2025\/\" \/>\n<meta property=\"og:site_name\" content=\"Una y Mil Letras\" \/>\n<meta property=\"article:published_time\" content=\"2024-11-28T13:16:14+00:00\" \/>\n<meta property=\"article:modified_time\" content=\"2024-11-28T13:19:31+00:00\" \/>\n<meta property=\"og:image\" content=\"http:\/\/unaymilletras.com\/wp-content\/uploads\/2024\/11\/WhatsApp-Image-2024-11-27-at-22.01.10-e1732799851413.jpeg\" \/>\n\t<meta property=\"og:image:width\" content=\"600\" \/>\n\t<meta property=\"og:image:height\" content=\"600\" \/>\n\t<meta property=\"og:image:type\" content=\"image\/jpeg\" \/>\n<meta name=\"author\" content=\"Redacci\u00f3n\" \/>\n<meta name=\"twitter:card\" content=\"summary_large_image\" \/>\n<meta name=\"twitter:creator\" content=\"@UnaYMilLetras\" \/>\n<meta name=\"twitter:site\" content=\"@UnaYMilLetras\" \/>\n<meta name=\"twitter:label1\" content=\"Written by\" \/>\n\t<meta name=\"twitter:data1\" content=\"Redacci\u00f3n\" \/>\n\t<meta name=\"twitter:label2\" content=\"Estimated reading time\" \/>\n\t<meta name=\"twitter:data2\" content=\"2 minutes\" \/>\n<script type=\"application\/ld+json\" class=\"yoast-schema-graph\">{\"@context\":\"https:\\\/\\\/schema.org\",\"@graph\":[{\"@type\":\"Article\",\"@id\":\"https:\\\/\\\/unaymilletras.com\\\/myke-towers-anuncia-su-tour-europa-2025\\\/#article\",\"isPartOf\":{\"@id\":\"https:\\\/\\\/unaymilletras.com\\\/myke-towers-anuncia-su-tour-europa-2025\\\/\"},\"author\":{\"name\":\"Redacci\u00f3n\",\"@id\":\"http:\\\/\\\/unaymilletras.com\\\/#\\\/schema\\\/person\\\/0860dc8a218329991ee2c7591f4f849d\"},\"headline\":\"Myke Towers anuncia su Tour Europa 2025\",\"datePublished\":\"2024-11-28T13:16:14+00:00\",\"dateModified\":\"2024-11-28T13:19:31+00:00\",\"mainEntityOfPage\":{\"@id\":\"https:\\\/\\\/unaymilletras.com\\\/myke-towers-anuncia-su-tour-europa-2025\\\/\"},\"wordCount\":324,\"commentCount\":0,\"publisher\":{\"@id\":\"http:\\\/\\\/unaymilletras.com\\\/#organization\"},\"image\":{\"@id\":\"https:\\\/\\\/unaymilletras.com\\\/myke-towers-anuncia-su-tour-europa-2025\\\/#primaryimage\"},\"thumbnailUrl\":\"https:\\\/\\\/unaymilletras.com\\\/wp-content\\\/uploads\\\/2024\\\/11\\\/WhatsApp-Image-2024-11-27-at-22.01.10-e1732799851413.jpeg\",\"articleSection\":[\"M\u00fasica\"],\"inLanguage\":\"en-GB\",\"potentialAction\":[{\"@type\":\"CommentAction\",\"name\":\"Comment\",\"target\":[\"https:\\\/\\\/unaymilletras.com\\\/myke-towers-anuncia-su-tour-europa-2025\\\/#respond\"]}]},{\"@type\":\"WebPage\",\"@id\":\"https:\\\/\\\/unaymilletras.com\\\/myke-towers-anuncia-su-tour-europa-2025\\\/\",\"url\":\"https:\\\/\\\/unaymilletras.com\\\/myke-towers-anuncia-su-tour-europa-2025\\\/\",\"name\":\"Myke Towers anuncia su Tour Europa 2025\",\"isPartOf\":{\"@id\":\"http:\\\/\\\/unaymilletras.com\\\/#website\"},\"primaryImageOfPage\":{\"@id\":\"https:\\\/\\\/unaymilletras.com\\\/myke-towers-anuncia-su-tour-europa-2025\\\/#primaryimage\"},\"image\":{\"@id\":\"https:\\\/\\\/unaymilletras.com\\\/myke-towers-anuncia-su-tour-europa-2025\\\/#primaryimage\"},\"thumbnailUrl\":\"https:\\\/\\\/unaymilletras.com\\\/wp-content\\\/uploads\\\/2024\\\/11\\\/WhatsApp-Image-2024-11-27-at-22.01.10-e1732799851413.jpeg\",\"datePublished\":\"2024-11-28T13:16:14+00:00\",\"dateModified\":\"2024-11-28T13:19:31+00:00\",\"description\":\"La superestrella puertorrique\u00f1a, Myke Towers prepara un show que promete ser inolvidable y con el que recorrer\u00e1 todo el pa\u00eds\",\"breadcrumb\":{\"@id\":\"https:\\\/\\\/unaymilletras.com\\\/myke-towers-anuncia-su-tour-europa-2025\\\/#breadcrumb\"},\"inLanguage\":\"en-GB\",\"potentialAction\":[{\"@type\":\"ReadAction\",\"target\":[\"https:\\\/\\\/unaymilletras.com\\\/myke-towers-anuncia-su-tour-europa-2025\\\/\"]}]},{\"@type\":\"ImageObject\",\"inLanguage\":\"en-GB\",\"@id\":\"https:\\\/\\\/unaymilletras.com\\\/myke-towers-anuncia-su-tour-europa-2025\\\/#primaryimage\",\"url\":\"https:\\\/\\\/unaymilletras.com\\\/wp-content\\\/uploads\\\/2024\\\/11\\\/WhatsApp-Image-2024-11-27-at-22.01.10-e1732799851413.jpeg\",\"contentUrl\":\"https:\\\/\\\/unaymilletras.com\\\/wp-content\\\/uploads\\\/2024\\\/11\\\/WhatsApp-Image-2024-11-27-at-22.01.10-e1732799851413.jpeg\",\"width\":600,\"height\":600,\"caption\":\"Myke Towers\"},{\"@type\":\"BreadcrumbList\",\"@id\":\"https:\\\/\\\/unaymilletras.com\\\/myke-towers-anuncia-su-tour-europa-2025\\\/#breadcrumb\",\"itemListElement\":[{\"@type\":\"ListItem\",\"position\":1,\"name\":\"Home\",\"item\":\"http:\\\/\\\/unaymilletras.com\\\/\"},{\"@type\":\"ListItem\",\"position\":2,\"name\":\"Myke Towers anuncia su Tour Europa 2025\"}]},{\"@type\":\"WebSite\",\"@id\":\"http:\\\/\\\/unaymilletras.com\\\/#website\",\"url\":\"http:\\\/\\\/unaymilletras.com\\\/\",\"name\":\"Una y Mil Letras\",\"description\":\"\",\"publisher\":{\"@id\":\"http:\\\/\\\/unaymilletras.com\\\/#organization\"},\"potentialAction\":[{\"@type\":\"SearchAction\",\"target\":{\"@type\":\"EntryPoint\",\"urlTemplate\":\"http:\\\/\\\/unaymilletras.com\\\/?s={search_term_string}\"},\"query-input\":{\"@type\":\"PropertyValueSpecification\",\"valueRequired\":true,\"valueName\":\"search_term_string\"}}],\"inLanguage\":\"en-GB\"},{\"@type\":\"Organization\",\"@id\":\"http:\\\/\\\/unaymilletras.com\\\/#organization\",\"name\":\"Una y Mil Letras\",\"url\":\"http:\\\/\\\/unaymilletras.com\\\/\",\"logo\":{\"@type\":\"ImageObject\",\"inLanguage\":\"en-GB\",\"@id\":\"http:\\\/\\\/unaymilletras.com\\\/#\\\/schema\\\/logo\\\/image\\\/\",\"url\":\"https:\\\/\\\/unaymilletras.com\\\/wp-content\\\/uploads\\\/2024\\\/06\\\/cropped-Logo-removebg-preview.png\",\"contentUrl\":\"https:\\\/\\\/unaymilletras.com\\\/wp-content\\\/uploads\\\/2024\\\/06\\\/cropped-Logo-removebg-preview.png\",\"width\":512,\"height\":512,\"caption\":\"Una y Mil Letras\"},\"image\":{\"@id\":\"http:\\\/\\\/unaymilletras.com\\\/#\\\/schema\\\/logo\\\/image\\\/\"},\"sameAs\":[\"https:\\\/\\\/x.com\\\/UnaYMilLetras\",\"https:\\\/\\\/instagram.com\\\/UnaYMilLetras\"]},{\"@type\":\"Person\",\"@id\":\"http:\\\/\\\/unaymilletras.com\\\/#\\\/schema\\\/person\\\/0860dc8a218329991ee2c7591f4f849d\",\"name\":\"Redacci\u00f3n\",\"image\":{\"@type\":\"ImageObject\",\"inLanguage\":\"en-GB\",\"@id\":\"https:\\\/\\\/secure.gravatar.com\\\/avatar\\\/d8f55e05a8b6597e45c55a1dcbdbfe44f4a360d88b48e00de5216a79b7732796?s=96&d=mm&r=g\",\"url\":\"https:\\\/\\\/secure.gravatar.com\\\/avatar\\\/d8f55e05a8b6597e45c55a1dcbdbfe44f4a360d88b48e00de5216a79b7732796?s=96&d=mm&r=g\",\"contentUrl\":\"https:\\\/\\\/secure.gravatar.com\\\/avatar\\\/d8f55e05a8b6597e45c55a1dcbdbfe44f4a360d88b48e00de5216a79b7732796?s=96&d=mm&r=g\",\"caption\":\"Redacci\u00f3n\"},\"url\":\"https:\\\/\\\/unaymilletras.com\\\/en\\\/author\\\/redaccion\\\/\"}]}<\/script>\n<!-- \/ Yoast SEO plugin. -->","yoast_head_json":{"title":"Myke Towers anuncia su Tour Europa 2025","description":"La superestrella puertorrique\u00f1a, Myke Towers prepara un show que promete ser inolvidable y con el que recorrer\u00e1 todo el pa\u00eds","robots":{"index":"index","follow":"follow","max-snippet":"max-snippet:-1","max-image-preview":"max-image-preview:large","max-video-preview":"max-video-preview:-1"},"canonical":"https:\/\/unaymilletras.com\/en\/myke-towers-anuncia-su-tour-europa-2025\/","og_locale":"en_GB","og_type":"article","og_title":"Myke Towers anuncia su Tour Europa 2025","og_description":"La superestrella puertorrique\u00f1a, Myke Towers prepara un show que promete ser inolvidable y con el que recorrer\u00e1 todo el pa\u00eds","og_url":"https:\/\/unaymilletras.com\/en\/myke-towers-anuncia-su-tour-europa-2025\/","og_site_name":"Una y Mil Letras","article_published_time":"2024-11-28T13:16:14+00:00","article_modified_time":"2024-11-28T13:19:31+00:00","og_image":[{"width":600,"height":600,"url":"http:\/\/unaymilletras.com\/wp-content\/uploads\/2024\/11\/WhatsApp-Image-2024-11-27-at-22.01.10-e1732799851413.jpeg","type":"image\/jpeg"}],"author":"Redacci\u00f3n","twitter_card":"summary_large_image","twitter_creator":"@UnaYMilLetras","twitter_site":"@UnaYMilLetras","twitter_misc":{"Written by":"Redacci\u00f3n","Estimated reading time":"2 minutes"},"schema":{"@context":"https:\/\/schema.org","@graph":[{"@type":"Article","@id":"https:\/\/unaymilletras.com\/myke-towers-anuncia-su-tour-europa-2025\/#article","isPartOf":{"@id":"https:\/\/unaymilletras.com\/myke-towers-anuncia-su-tour-europa-2025\/"},"author":{"name":"Redacci\u00f3n","@id":"http:\/\/unaymilletras.com\/#\/schema\/person\/0860dc8a218329991ee2c7591f4f849d"},"headline":"Myke Towers anuncia su Tour Europa 2025","datePublished":"2024-11-28T13:16:14+00:00","dateModified":"2024-11-28T13:19:31+00:00","mainEntityOfPage":{"@id":"https:\/\/unaymilletras.com\/myke-towers-anuncia-su-tour-europa-2025\/"},"wordCount":324,"commentCount":0,"publisher":{"@id":"http:\/\/unaymilletras.com\/#organization"},"image":{"@id":"https:\/\/unaymilletras.com\/myke-towers-anuncia-su-tour-europa-2025\/#primaryimage"},"thumbnailUrl":"https:\/\/unaymilletras.com\/wp-content\/uploads\/2024\/11\/WhatsApp-Image-2024-11-27-at-22.01.10-e1732799851413.jpeg","articleSection":["M\u00fasica"],"inLanguage":"en-GB","potentialAction":[{"@type":"CommentAction","name":"Comment","target":["https:\/\/unaymilletras.com\/myke-towers-anuncia-su-tour-europa-2025\/#respond"]}]},{"@type":"WebPage","@id":"https:\/\/unaymilletras.com\/myke-towers-anuncia-su-tour-europa-2025\/","url":"https:\/\/unaymilletras.com\/myke-towers-anuncia-su-tour-europa-2025\/","name":"Myke Towers anuncia su Tour Europa 2025","isPartOf":{"@id":"http:\/\/unaymilletras.com\/#website"},"primaryImageOfPage":{"@id":"https:\/\/unaymilletras.com\/myke-towers-anuncia-su-tour-europa-2025\/#primaryimage"},"image":{"@id":"https:\/\/unaymilletras.com\/myke-towers-anuncia-su-tour-europa-2025\/#primaryimage"},"thumbnailUrl":"https:\/\/unaymilletras.com\/wp-content\/uploads\/2024\/11\/WhatsApp-Image-2024-11-27-at-22.01.10-e1732799851413.jpeg","datePublished":"2024-11-28T13:16:14+00:00","dateModified":"2024-11-28T13:19:31+00:00","description":"La superestrella puertorrique\u00f1a, Myke Towers prepara un show que promete ser inolvidable y con el que recorrer\u00e1 todo el pa\u00eds","breadcrumb":{"@id":"https:\/\/unaymilletras.com\/myke-towers-anuncia-su-tour-europa-2025\/#breadcrumb"},"inLanguage":"en-GB","potentialAction":[{"@type":"ReadAction","target":["https:\/\/unaymilletras.com\/myke-towers-anuncia-su-tour-europa-2025\/"]}]},{"@type":"ImageObject","inLanguage":"en-GB","@id":"https:\/\/unaymilletras.com\/myke-towers-anuncia-su-tour-europa-2025\/#primaryimage","url":"https:\/\/unaymilletras.com\/wp-content\/uploads\/2024\/11\/WhatsApp-Image-2024-11-27-at-22.01.10-e1732799851413.jpeg","contentUrl":"https:\/\/unaymilletras.com\/wp-content\/uploads\/2024\/11\/WhatsApp-Image-2024-11-27-at-22.01.10-e1732799851413.jpeg","width":600,"height":600,"caption":"Myke Towers"},{"@type":"BreadcrumbList","@id":"https:\/\/unaymilletras.com\/myke-towers-anuncia-su-tour-europa-2025\/#breadcrumb","itemListElement":[{"@type":"ListItem","position":1,"name":"Home","item":"http:\/\/unaymilletras.com\/"},{"@type":"ListItem","position":2,"name":"Myke Towers anuncia su Tour Europa 2025"}]},{"@type":"WebSite","@id":"http:\/\/unaymilletras.com\/#website","url":"http:\/\/unaymilletras.com\/","name":"Una y Mil Letras","description":"","publisher":{"@id":"http:\/\/unaymilletras.com\/#organization"},"potentialAction":[{"@type":"SearchAction","target":{"@type":"EntryPoint","urlTemplate":"http:\/\/unaymilletras.com\/?s={search_term_string}"},"query-input":{"@type":"PropertyValueSpecification","valueRequired":true,"valueName":"search_term_string"}}],"inLanguage":"en-GB"},{"@type":"Organization","@id":"http:\/\/unaymilletras.com\/#organization","name":"Una y Mil Letras","url":"http:\/\/unaymilletras.com\/","logo":{"@type":"ImageObject","inLanguage":"en-GB","@id":"http:\/\/unaymilletras.com\/#\/schema\/logo\/image\/","url":"https:\/\/unaymilletras.com\/wp-content\/uploads\/2024\/06\/cropped-Logo-removebg-preview.png","contentUrl":"https:\/\/unaymilletras.com\/wp-content\/uploads\/2024\/06\/cropped-Logo-removebg-preview.png","width":512,"height":512,"caption":"Una y Mil Letras"},"image":{"@id":"http:\/\/unaymilletras.com\/#\/schema\/logo\/image\/"},"sameAs":["https:\/\/x.com\/UnaYMilLetras","https:\/\/instagram.com\/UnaYMilLetras"]},{"@type":"Person","@id":"http:\/\/unaymilletras.com\/#\/schema\/person\/0860dc8a218329991ee2c7591f4f849d","name":"Redacci\u00f3n","image":{"@type":"ImageObject","inLanguage":"en-GB","@id":"https:\/\/secure.gravatar.com\/avatar\/d8f55e05a8b6597e45c55a1dcbdbfe44f4a360d88b48e00de5216a79b7732796?s=96&d=mm&r=g","url":"https:\/\/secure.gravatar.com\/avatar\/d8f55e05a8b6597e45c55a1dcbdbfe44f4a360d88b48e00de5216a79b7732796?s=96&d=mm&r=g","contentUrl":"https:\/\/secure.gravatar.com\/avatar\/d8f55e05a8b6597e45c55a1dcbdbfe44f4a360d88b48e00de5216a79b7732796?s=96&d=mm&r=g","caption":"Redacci\u00f3n"},"url":"https:\/\/unaymilletras.com\/en\/author\/redaccion\/"}]}},"_links":{"self":[{"href":"https:\/\/unaymilletras.com\/en\/wp-json\/wp\/v2\/posts\/3387","targetHints":{"allow":["GET"]}}],"collection":[{"href":"https:\/\/unaymilletras.com\/en\/wp-json\/wp\/v2\/posts"}],"about":[{"href":"https:\/\/unaymilletras.com\/en\/wp-json\/wp\/v2\/types\/post"}],"author":[{"embeddable":true,"href":"https:\/\/unaymilletras.com\/en\/wp-json\/wp\/v2\/users\/6"}],"replies":[{"embeddable":true,"href":"https:\/\/unaymilletras.com\/en\/wp-json\/wp\/v2\/comments?post=3387"}],"version-history":[{"count":7,"href":"https:\/\/unaymilletras.com\/en\/wp-json\/wp\/v2\/posts\/3387\/revisions"}],"predecessor-version":[{"id":3395,"href":"https:\/\/unaymilletras.com\/en\/wp-json\/wp\/v2\/posts\/3387\/revisions\/3395"}],"wp:featuredmedia":[{"embeddable":true,"href":"https:\/\/unaymilletras.com\/en\/wp-json\/wp\/v2\/media\/3389"}],"wp:attachment":[{"href":"https:\/\/unaymilletras.com\/en\/wp-json\/wp\/v2\/media?parent=3387"}],"wp:term":[{"taxonomy":"category","embeddable":true,"href":"https:\/\/unaymilletras.com\/en\/wp-json\/wp\/v2\/categories?post=3387"},{"taxonomy":"post_tag","embeddable":true,"href":"https:\/\/unaymilletras.com\/en\/wp-json\/wp\/v2\/tags?post=3387"}],"curies":[{"name":"wp","href":"https:\/\/api.w.org\/{rel}","templated":true}]}}