{"id":3407,"date":"2024-12-02T10:00:00","date_gmt":"2024-12-02T09:00:00","guid":{"rendered":"https:\/\/unaymilletras.com\/?p=3407"},"modified":"2024-12-01T22:48:16","modified_gmt":"2024-12-01T21:48:16","slug":"jc-reyes-anuncia-su-primer-gran-tour-km-33-tour","status":"publish","type":"post","link":"https:\/\/unaymilletras.com\/en\/jc-reyes-anuncia-su-primer-gran-tour-km-33-tour\/","title":{"rendered":"JC Reyes anuncia su primer gran tour: KM 33 Tour"},"content":{"rendered":"\t\t<div data-elementor-type=\"wp-post\" data-elementor-id=\"3407\" class=\"elementor elementor-3407\">\n\t\t\t\t\t\t<section class=\"elementor-section elementor-top-section elementor-element elementor-element-ea6382d elementor-section-boxed elementor-section-height-default elementor-section-height-default\" data-id=\"ea6382d\" data-element_type=\"section\" data-e-type=\"section\">\n\t\t\t\t\t\t<div class=\"elementor-container elementor-column-gap-default\">\n\t\t\t\t\t<div class=\"elementor-column elementor-col-100 elementor-top-column elementor-element elementor-element-8b00134\" data-id=\"8b00134\" data-element_type=\"column\" data-e-type=\"column\">\n\t\t\t<div class=\"elementor-widget-wrap elementor-element-populated\">\n\t\t\t\t\t\t<div class=\"elementor-element elementor-element-a562cf5 elementor-widget elementor-widget-text-editor\" data-id=\"a562cf5\" data-element_type=\"widget\" data-e-type=\"widget\" data-widget_type=\"text-editor.default\">\n\t\t\t\t<div class=\"elementor-widget-container\">\n\t\t\t\t\t\t\t\t\t<h2 style=\"text-align: center;\"><span style=\"color: #808080;\"><em>El sevillano JC Reyes llevar\u00e1 su \u00faltimo \u00e1lbum a los principales escenarios de Espa\u00f1a con un espect\u00e1culo cargado de energ\u00eda y autenticidad<\/em><\/span><\/h2>\t\t\t\t\t\t\t\t<\/div>\n\t\t\t\t<\/div>\n\t\t\t\t\t<\/div>\n\t\t<\/div>\n\t\t\t\t\t<\/div>\n\t\t<\/section>\n\t\t\t\t<section class=\"elementor-section elementor-top-section elementor-element elementor-element-5e97a16 elementor-section-boxed elementor-section-height-default elementor-section-height-default\" data-id=\"5e97a16\" data-element_type=\"section\" data-e-type=\"section\">\n\t\t\t\t\t\t<div class=\"elementor-container elementor-column-gap-default\">\n\t\t\t\t\t<div class=\"elementor-column elementor-col-100 elementor-top-column elementor-element elementor-element-0e03223\" data-id=\"0e03223\" data-element_type=\"column\" data-e-type=\"column\">\n\t\t\t<div class=\"elementor-widget-wrap elementor-element-populated\">\n\t\t\t\t\t\t<div class=\"elementor-element elementor-element-9d13f9e elementor-widget elementor-widget-text-editor\" data-id=\"9d13f9e\" data-element_type=\"widget\" data-e-type=\"widget\" data-widget_type=\"text-editor.default\">\n\t\t\t\t<div class=\"elementor-widget-container\">\n\t\t\t\t\t\t\t\t\t<p><b>JC Reyes<\/b>, una de las figuras m\u00e1s destacadas del panorama urbano actual, ha anunciado las primeras fechas de su esperada gira <em><b>KM 33 Tour<\/b><\/em>. Este recorrido marcar\u00e1 un hito en su carrera, llevando el directo de su \u00faltimo \u00e1lbum, <em><b>KM 33<\/b><\/em>, a grandes recintos de toda Espa\u00f1a. Las entradas ya est\u00e1n disponibles en <span style=\"color: #808080;\"><a style=\"color: #808080;\" href=\"https:\/\/www.ticketmaster.es\/artist\/jc-reyes-entradas\/1304993\"><b>Ticketmaster<\/b><\/a><\/span>.<\/p>\t\t\t\t\t\t\t\t<\/div>\n\t\t\t\t<\/div>\n\t\t\t\t\t<\/div>\n\t\t<\/div>\n\t\t\t\t\t<\/div>\n\t\t<\/section>\n\t\t\t\t<section class=\"elementor-section elementor-top-section elementor-element elementor-element-655a6f3 elementor-section-boxed elementor-section-height-default elementor-section-height-default\" data-id=\"655a6f3\" data-element_type=\"section\" data-e-type=\"section\">\n\t\t\t\t\t\t<div class=\"elementor-container elementor-column-gap-default\">\n\t\t\t\t\t<div class=\"elementor-column elementor-col-50 elementor-top-column elementor-element elementor-element-452e597\" data-id=\"452e597\" data-element_type=\"column\" data-e-type=\"column\">\n\t\t\t<div class=\"elementor-widget-wrap elementor-element-populated\">\n\t\t\t\t\t\t<div class=\"elementor-element elementor-element-2148b1c elementor-widget elementor-widget-image\" data-id=\"2148b1c\" data-element_type=\"widget\" data-e-type=\"widget\" data-widget_type=\"image.default\">\n\t\t\t\t<div class=\"elementor-widget-container\">\n\t\t\t\t\t\t\t\t\t\t\t\t\t\t\t<img fetchpriority=\"high\" decoding=\"async\" width=\"640\" height=\"640\" src=\"https:\/\/unaymilletras.com\/wp-content\/uploads\/2024\/12\/c10a39fa-e3e4-93c5-f328-4d4ee9c9-1024x1024.jpg\" class=\"attachment-large size-large wp-image-3409\" alt=\"\" srcset=\"https:\/\/unaymilletras.com\/wp-content\/uploads\/2024\/12\/c10a39fa-e3e4-93c5-f328-4d4ee9c9-1024x1024.jpg 1024w, https:\/\/unaymilletras.com\/wp-content\/uploads\/2024\/12\/c10a39fa-e3e4-93c5-f328-4d4ee9c9-300x300.jpg 300w, https:\/\/unaymilletras.com\/wp-content\/uploads\/2024\/12\/c10a39fa-e3e4-93c5-f328-4d4ee9c9-150x150.jpg 150w, https:\/\/unaymilletras.com\/wp-content\/uploads\/2024\/12\/c10a39fa-e3e4-93c5-f328-4d4ee9c9-768x768.jpg 768w, https:\/\/unaymilletras.com\/wp-content\/uploads\/2024\/12\/c10a39fa-e3e4-93c5-f328-4d4ee9c9-1536x1536.jpg 1536w, https:\/\/unaymilletras.com\/wp-content\/uploads\/2024\/12\/c10a39fa-e3e4-93c5-f328-4d4ee9c9-2048x2048.jpg 2048w, https:\/\/unaymilletras.com\/wp-content\/uploads\/2024\/12\/c10a39fa-e3e4-93c5-f328-4d4ee9c9-12x12.jpg 12w, https:\/\/unaymilletras.com\/wp-content\/uploads\/2024\/12\/c10a39fa-e3e4-93c5-f328-4d4ee9c9-e1733089421479.jpg 600w\" sizes=\"(max-width: 640px) 100vw, 640px\" \/>\t\t\t\t\t\t\t\t\t\t\t\t\t\t\t<\/div>\n\t\t\t\t<\/div>\n\t\t\t\t\t<\/div>\n\t\t<\/div>\n\t\t\t\t<div class=\"elementor-column elementor-col-50 elementor-top-column elementor-element elementor-element-2713d00\" data-id=\"2713d00\" data-element_type=\"column\" data-e-type=\"column\">\n\t\t\t<div class=\"elementor-widget-wrap elementor-element-populated\">\n\t\t\t\t\t\t<div class=\"elementor-element elementor-element-47af352 elementor-widget elementor-widget-text-editor\" data-id=\"47af352\" data-element_type=\"widget\" data-e-type=\"widget\" data-widget_type=\"text-editor.default\">\n\t\t\t\t<div class=\"elementor-widget-container\">\n\t\t\t\t\t\t\t\t\t<p>Con un estilo \u00fanico y una capacidad inigualable para conectar con su p\u00fablico, JC Reyes se ha consolidado como un referente de la m\u00fasica urbana. Sus \u00e9xitos acumulan cientos de millones de reproducciones y le han valido m\u00faltiples Discos de Oro y Platino. Adem\u00e1s, su \u00faltimo trabajo discogr\u00e1fico fue reconocido como el lanzamiento m\u00e1s destacado de la semana a nivel nacional por las principales plataformas de streaming.<\/p>\t\t\t\t\t\t\t\t<\/div>\n\t\t\t\t<\/div>\n\t\t\t\t\t<\/div>\n\t\t<\/div>\n\t\t\t\t\t<\/div>\n\t\t<\/section>\n\t\t\t\t<section class=\"elementor-section elementor-top-section elementor-element elementor-element-b1204b7 elementor-section-boxed elementor-section-height-default elementor-section-height-default\" data-id=\"b1204b7\" data-element_type=\"section\" data-e-type=\"section\">\n\t\t\t\t\t\t<div class=\"elementor-container elementor-column-gap-default\">\n\t\t\t\t\t<div class=\"elementor-column elementor-col-100 elementor-top-column elementor-element elementor-element-0db7d10\" data-id=\"0db7d10\" data-element_type=\"column\" data-e-type=\"column\">\n\t\t\t<div class=\"elementor-widget-wrap elementor-element-populated\">\n\t\t\t\t\t\t<div class=\"elementor-element elementor-element-01743f4 elementor-widget elementor-widget-text-editor\" data-id=\"01743f4\" data-element_type=\"widget\" data-e-type=\"widget\" data-widget_type=\"text-editor.default\">\n\t\t\t\t<div class=\"elementor-widget-container\">\n\t\t\t\t\t\t\t\t\t<p>La gira\u00a0<em>KM 33 Tour<\/em>\u00a0promete ser un <span style=\"color: #808080;\"><a style=\"color: #808080;\" href=\"https:\/\/unaymilletras.com\/boombastic-asturias-segundo-avance-y-revelacion-de-dias\/\">espect\u00e1culo<\/a><\/span> vibrante y sin filtros, donde los fans podr\u00e1n disfrutar de un JC Reyes en estado puro. Entre las fechas confirmadas destacan conciertos en el <b>WiZink Center<\/b> de <b>Madrid<\/b> el <b>22 de marzo<\/b>, el <b>Estadio La Cartuja<\/b> de <b>Sevilla<\/b> el <b>28 de junio<\/b> y el <b>Bilbao Arena<\/b> el <b>31 de mayo<\/b>. En total, el tour incluye diez paradas iniciales, con m\u00e1s fechas por anunciar pr\u00f3ximamente.<\/p><div class=\"flex max-w-full flex-col flex-grow\"><div class=\"min-h-8 text-message flex w-full flex-col items-end gap-2 whitespace-normal break-words [.text-message+&amp;]:mt-5\" dir=\"auto\" data-message-author-role=\"assistant\" data-message-id=\"a96912a0-017b-4135-ad3d-0fcd538881da\" data-message-model-slug=\"gpt-4o\"><div class=\"flex w-full flex-col gap-1 empty:hidden first:pt-[3px]\"><div class=\"markdown prose w-full break-words dark:prose-invert light\"><p>Con este tour, JC Reyes reafirma su posici\u00f3n como uno de los artistas m\u00e1s relevantes del g\u00e9nero urbano en Espa\u00f1a, listo para conquistar cada escenario con su arrolladora energ\u00eda y su inconfundible estilo.<\/p><\/div><\/div><\/div><\/div>\t\t\t\t\t\t\t\t<\/div>\n\t\t\t\t<\/div>\n\t\t\t\t\t<\/div>\n\t\t<\/div>\n\t\t\t\t\t<\/div>\n\t\t<\/section>\n\t\t\t\t<\/div>\n\t\t","protected":false},"excerpt":{"rendered":"<p>El sevillano JC Reyes llevar\u00e1 su \u00faltimo \u00e1lbum a los principales escenarios de Espa\u00f1a con un espect\u00e1culo cargado de energ\u00eda y autenticidad JC Reyes, una de las figuras m\u00e1s destacadas del panorama urbano actual, ha anunciado las primeras fechas de su esperada gira KM 33 Tour. Este recorrido marcar\u00e1 un hito en su carrera, llevando [&hellip;]<\/p>\n","protected":false},"author":6,"featured_media":3409,"comment_status":"open","ping_status":"open","sticky":false,"template":"","format":"standard","meta":{"footnotes":""},"categories":[4],"tags":[],"class_list":["post-3407","post","type-post","status-publish","format-standard","has-post-thumbnail","hentry","category-musica"],"yoast_head":"<!-- This site is optimized with the Yoast SEO plugin v27.4 - https:\/\/yoast.com\/product\/yoast-seo-wordpress\/ -->\n<title>JC Reyes anuncia su primer gran tour: KM 33 Tour &#8902; Una y Mil Letras<\/title>\n<meta name=\"description\" content=\"El sevillano JC Reyes llevar\u00e1 su \u00faltimo \u00e1lbum a los principales escenarios de Espa\u00f1a con un espect\u00e1culo cargado de energ\u00eda y autenticidad\" \/>\n<meta name=\"robots\" content=\"index, follow, max-snippet:-1, max-image-preview:large, max-video-preview:-1\" \/>\n<link rel=\"canonical\" href=\"https:\/\/unaymilletras.com\/en\/jc-reyes-anuncia-su-primer-gran-tour-km-33-tour\/\" \/>\n<meta property=\"og:locale\" content=\"en_GB\" \/>\n<meta property=\"og:type\" content=\"article\" \/>\n<meta property=\"og:title\" content=\"JC Reyes anuncia su primer gran tour: KM 33 Tour &#8902; Una y Mil Letras\" \/>\n<meta property=\"og:description\" content=\"El sevillano JC Reyes llevar\u00e1 su \u00faltimo \u00e1lbum a los principales escenarios de Espa\u00f1a con un espect\u00e1culo cargado de energ\u00eda y autenticidad\" \/>\n<meta property=\"og:url\" content=\"https:\/\/unaymilletras.com\/en\/jc-reyes-anuncia-su-primer-gran-tour-km-33-tour\/\" \/>\n<meta property=\"og:site_name\" content=\"Una y Mil Letras\" \/>\n<meta property=\"article:published_time\" content=\"2024-12-02T09:00:00+00:00\" \/>\n<meta property=\"og:image\" content=\"https:\/\/unaymilletras.com\/wp-content\/uploads\/2024\/12\/c10a39fa-e3e4-93c5-f328-4d4ee9c9-e1733089421479.jpg\" \/>\n\t<meta property=\"og:image:width\" content=\"600\" \/>\n\t<meta property=\"og:image:height\" content=\"600\" \/>\n\t<meta property=\"og:image:type\" content=\"image\/jpeg\" \/>\n<meta name=\"author\" content=\"Redacci\u00f3n\" \/>\n<meta name=\"twitter:card\" content=\"summary_large_image\" \/>\n<meta name=\"twitter:creator\" content=\"@UnaYMilLetras\" \/>\n<meta name=\"twitter:site\" content=\"@UnaYMilLetras\" \/>\n<meta name=\"twitter:label1\" content=\"Written by\" \/>\n\t<meta name=\"twitter:data1\" content=\"Redacci\u00f3n\" \/>\n\t<meta name=\"twitter:label2\" content=\"Estimated reading time\" \/>\n\t<meta name=\"twitter:data2\" content=\"2 minutes\" \/>\n<script type=\"application\/ld+json\" class=\"yoast-schema-graph\">{\"@context\":\"https:\\\/\\\/schema.org\",\"@graph\":[{\"@type\":\"Article\",\"@id\":\"https:\\\/\\\/unaymilletras.com\\\/jc-reyes-anuncia-su-primer-gran-tour-km-33-tour\\\/#article\",\"isPartOf\":{\"@id\":\"https:\\\/\\\/unaymilletras.com\\\/jc-reyes-anuncia-su-primer-gran-tour-km-33-tour\\\/\"},\"author\":{\"name\":\"Redacci\u00f3n\",\"@id\":\"http:\\\/\\\/unaymilletras.com\\\/#\\\/schema\\\/person\\\/0860dc8a218329991ee2c7591f4f849d\"},\"headline\":\"JC Reyes anuncia su primer gran tour: KM 33 Tour\",\"datePublished\":\"2024-12-02T09:00:00+00:00\",\"mainEntityOfPage\":{\"@id\":\"https:\\\/\\\/unaymilletras.com\\\/jc-reyes-anuncia-su-primer-gran-tour-km-33-tour\\\/\"},\"wordCount\":273,\"commentCount\":0,\"publisher\":{\"@id\":\"http:\\\/\\\/unaymilletras.com\\\/#organization\"},\"image\":{\"@id\":\"https:\\\/\\\/unaymilletras.com\\\/jc-reyes-anuncia-su-primer-gran-tour-km-33-tour\\\/#primaryimage\"},\"thumbnailUrl\":\"https:\\\/\\\/unaymilletras.com\\\/wp-content\\\/uploads\\\/2024\\\/12\\\/c10a39fa-e3e4-93c5-f328-4d4ee9c9-e1733089421479.jpg\",\"articleSection\":[\"M\u00fasica\"],\"inLanguage\":\"en-GB\",\"potentialAction\":[{\"@type\":\"CommentAction\",\"name\":\"Comment\",\"target\":[\"https:\\\/\\\/unaymilletras.com\\\/jc-reyes-anuncia-su-primer-gran-tour-km-33-tour\\\/#respond\"]}]},{\"@type\":\"WebPage\",\"@id\":\"https:\\\/\\\/unaymilletras.com\\\/jc-reyes-anuncia-su-primer-gran-tour-km-33-tour\\\/\",\"url\":\"https:\\\/\\\/unaymilletras.com\\\/jc-reyes-anuncia-su-primer-gran-tour-km-33-tour\\\/\",\"name\":\"JC Reyes anuncia su primer gran tour: KM 33 Tour &#8902; Una y Mil Letras\",\"isPartOf\":{\"@id\":\"http:\\\/\\\/unaymilletras.com\\\/#website\"},\"primaryImageOfPage\":{\"@id\":\"https:\\\/\\\/unaymilletras.com\\\/jc-reyes-anuncia-su-primer-gran-tour-km-33-tour\\\/#primaryimage\"},\"image\":{\"@id\":\"https:\\\/\\\/unaymilletras.com\\\/jc-reyes-anuncia-su-primer-gran-tour-km-33-tour\\\/#primaryimage\"},\"thumbnailUrl\":\"https:\\\/\\\/unaymilletras.com\\\/wp-content\\\/uploads\\\/2024\\\/12\\\/c10a39fa-e3e4-93c5-f328-4d4ee9c9-e1733089421479.jpg\",\"datePublished\":\"2024-12-02T09:00:00+00:00\",\"description\":\"El sevillano JC Reyes llevar\u00e1 su \u00faltimo \u00e1lbum a los principales escenarios de Espa\u00f1a con un espect\u00e1culo cargado de energ\u00eda y autenticidad\",\"breadcrumb\":{\"@id\":\"https:\\\/\\\/unaymilletras.com\\\/jc-reyes-anuncia-su-primer-gran-tour-km-33-tour\\\/#breadcrumb\"},\"inLanguage\":\"en-GB\",\"potentialAction\":[{\"@type\":\"ReadAction\",\"target\":[\"https:\\\/\\\/unaymilletras.com\\\/jc-reyes-anuncia-su-primer-gran-tour-km-33-tour\\\/\"]}]},{\"@type\":\"ImageObject\",\"inLanguage\":\"en-GB\",\"@id\":\"https:\\\/\\\/unaymilletras.com\\\/jc-reyes-anuncia-su-primer-gran-tour-km-33-tour\\\/#primaryimage\",\"url\":\"https:\\\/\\\/unaymilletras.com\\\/wp-content\\\/uploads\\\/2024\\\/12\\\/c10a39fa-e3e4-93c5-f328-4d4ee9c9-e1733089421479.jpg\",\"contentUrl\":\"https:\\\/\\\/unaymilletras.com\\\/wp-content\\\/uploads\\\/2024\\\/12\\\/c10a39fa-e3e4-93c5-f328-4d4ee9c9-e1733089421479.jpg\",\"width\":600,\"height\":600},{\"@type\":\"BreadcrumbList\",\"@id\":\"https:\\\/\\\/unaymilletras.com\\\/jc-reyes-anuncia-su-primer-gran-tour-km-33-tour\\\/#breadcrumb\",\"itemListElement\":[{\"@type\":\"ListItem\",\"position\":1,\"name\":\"Home\",\"item\":\"http:\\\/\\\/unaymilletras.com\\\/\"},{\"@type\":\"ListItem\",\"position\":2,\"name\":\"JC Reyes anuncia su primer gran tour: KM 33 Tour\"}]},{\"@type\":\"WebSite\",\"@id\":\"http:\\\/\\\/unaymilletras.com\\\/#website\",\"url\":\"http:\\\/\\\/unaymilletras.com\\\/\",\"name\":\"Una y Mil Letras\",\"description\":\"\",\"publisher\":{\"@id\":\"http:\\\/\\\/unaymilletras.com\\\/#organization\"},\"potentialAction\":[{\"@type\":\"SearchAction\",\"target\":{\"@type\":\"EntryPoint\",\"urlTemplate\":\"http:\\\/\\\/unaymilletras.com\\\/?s={search_term_string}\"},\"query-input\":{\"@type\":\"PropertyValueSpecification\",\"valueRequired\":true,\"valueName\":\"search_term_string\"}}],\"inLanguage\":\"en-GB\"},{\"@type\":\"Organization\",\"@id\":\"http:\\\/\\\/unaymilletras.com\\\/#organization\",\"name\":\"Una y Mil Letras\",\"url\":\"http:\\\/\\\/unaymilletras.com\\\/\",\"logo\":{\"@type\":\"ImageObject\",\"inLanguage\":\"en-GB\",\"@id\":\"http:\\\/\\\/unaymilletras.com\\\/#\\\/schema\\\/logo\\\/image\\\/\",\"url\":\"https:\\\/\\\/unaymilletras.com\\\/wp-content\\\/uploads\\\/2024\\\/06\\\/cropped-Logo-removebg-preview.png\",\"contentUrl\":\"https:\\\/\\\/unaymilletras.com\\\/wp-content\\\/uploads\\\/2024\\\/06\\\/cropped-Logo-removebg-preview.png\",\"width\":512,\"height\":512,\"caption\":\"Una y Mil Letras\"},\"image\":{\"@id\":\"http:\\\/\\\/unaymilletras.com\\\/#\\\/schema\\\/logo\\\/image\\\/\"},\"sameAs\":[\"https:\\\/\\\/x.com\\\/UnaYMilLetras\",\"https:\\\/\\\/instagram.com\\\/UnaYMilLetras\"]},{\"@type\":\"Person\",\"@id\":\"http:\\\/\\\/unaymilletras.com\\\/#\\\/schema\\\/person\\\/0860dc8a218329991ee2c7591f4f849d\",\"name\":\"Redacci\u00f3n\",\"image\":{\"@type\":\"ImageObject\",\"inLanguage\":\"en-GB\",\"@id\":\"https:\\\/\\\/secure.gravatar.com\\\/avatar\\\/d8f55e05a8b6597e45c55a1dcbdbfe44f4a360d88b48e00de5216a79b7732796?s=96&d=mm&r=g\",\"url\":\"https:\\\/\\\/secure.gravatar.com\\\/avatar\\\/d8f55e05a8b6597e45c55a1dcbdbfe44f4a360d88b48e00de5216a79b7732796?s=96&d=mm&r=g\",\"contentUrl\":\"https:\\\/\\\/secure.gravatar.com\\\/avatar\\\/d8f55e05a8b6597e45c55a1dcbdbfe44f4a360d88b48e00de5216a79b7732796?s=96&d=mm&r=g\",\"caption\":\"Redacci\u00f3n\"},\"url\":\"https:\\\/\\\/unaymilletras.com\\\/en\\\/author\\\/redaccion\\\/\"}]}<\/script>\n<!-- \/ Yoast SEO plugin. -->","yoast_head_json":{"title":"JC Reyes anuncia su primer gran tour: KM 33 Tour &#8902; Una y Mil Letras","description":"El sevillano JC Reyes llevar\u00e1 su \u00faltimo \u00e1lbum a los principales escenarios de Espa\u00f1a con un espect\u00e1culo cargado de energ\u00eda y autenticidad","robots":{"index":"index","follow":"follow","max-snippet":"max-snippet:-1","max-image-preview":"max-image-preview:large","max-video-preview":"max-video-preview:-1"},"canonical":"https:\/\/unaymilletras.com\/en\/jc-reyes-anuncia-su-primer-gran-tour-km-33-tour\/","og_locale":"en_GB","og_type":"article","og_title":"JC Reyes anuncia su primer gran tour: KM 33 Tour &#8902; Una y Mil Letras","og_description":"El sevillano JC Reyes llevar\u00e1 su \u00faltimo \u00e1lbum a los principales escenarios de Espa\u00f1a con un espect\u00e1culo cargado de energ\u00eda y autenticidad","og_url":"https:\/\/unaymilletras.com\/en\/jc-reyes-anuncia-su-primer-gran-tour-km-33-tour\/","og_site_name":"Una y Mil Letras","article_published_time":"2024-12-02T09:00:00+00:00","og_image":[{"width":600,"height":600,"url":"https:\/\/unaymilletras.com\/wp-content\/uploads\/2024\/12\/c10a39fa-e3e4-93c5-f328-4d4ee9c9-e1733089421479.jpg","type":"image\/jpeg"}],"author":"Redacci\u00f3n","twitter_card":"summary_large_image","twitter_creator":"@UnaYMilLetras","twitter_site":"@UnaYMilLetras","twitter_misc":{"Written by":"Redacci\u00f3n","Estimated reading time":"2 minutes"},"schema":{"@context":"https:\/\/schema.org","@graph":[{"@type":"Article","@id":"https:\/\/unaymilletras.com\/jc-reyes-anuncia-su-primer-gran-tour-km-33-tour\/#article","isPartOf":{"@id":"https:\/\/unaymilletras.com\/jc-reyes-anuncia-su-primer-gran-tour-km-33-tour\/"},"author":{"name":"Redacci\u00f3n","@id":"http:\/\/unaymilletras.com\/#\/schema\/person\/0860dc8a218329991ee2c7591f4f849d"},"headline":"JC Reyes anuncia su primer gran tour: KM 33 Tour","datePublished":"2024-12-02T09:00:00+00:00","mainEntityOfPage":{"@id":"https:\/\/unaymilletras.com\/jc-reyes-anuncia-su-primer-gran-tour-km-33-tour\/"},"wordCount":273,"commentCount":0,"publisher":{"@id":"http:\/\/unaymilletras.com\/#organization"},"image":{"@id":"https:\/\/unaymilletras.com\/jc-reyes-anuncia-su-primer-gran-tour-km-33-tour\/#primaryimage"},"thumbnailUrl":"https:\/\/unaymilletras.com\/wp-content\/uploads\/2024\/12\/c10a39fa-e3e4-93c5-f328-4d4ee9c9-e1733089421479.jpg","articleSection":["M\u00fasica"],"inLanguage":"en-GB","potentialAction":[{"@type":"CommentAction","name":"Comment","target":["https:\/\/unaymilletras.com\/jc-reyes-anuncia-su-primer-gran-tour-km-33-tour\/#respond"]}]},{"@type":"WebPage","@id":"https:\/\/unaymilletras.com\/jc-reyes-anuncia-su-primer-gran-tour-km-33-tour\/","url":"https:\/\/unaymilletras.com\/jc-reyes-anuncia-su-primer-gran-tour-km-33-tour\/","name":"JC Reyes anuncia su primer gran tour: KM 33 Tour &#8902; Una y Mil Letras","isPartOf":{"@id":"http:\/\/unaymilletras.com\/#website"},"primaryImageOfPage":{"@id":"https:\/\/unaymilletras.com\/jc-reyes-anuncia-su-primer-gran-tour-km-33-tour\/#primaryimage"},"image":{"@id":"https:\/\/unaymilletras.com\/jc-reyes-anuncia-su-primer-gran-tour-km-33-tour\/#primaryimage"},"thumbnailUrl":"https:\/\/unaymilletras.com\/wp-content\/uploads\/2024\/12\/c10a39fa-e3e4-93c5-f328-4d4ee9c9-e1733089421479.jpg","datePublished":"2024-12-02T09:00:00+00:00","description":"El sevillano JC Reyes llevar\u00e1 su \u00faltimo \u00e1lbum a los principales escenarios de Espa\u00f1a con un espect\u00e1culo cargado de energ\u00eda y autenticidad","breadcrumb":{"@id":"https:\/\/unaymilletras.com\/jc-reyes-anuncia-su-primer-gran-tour-km-33-tour\/#breadcrumb"},"inLanguage":"en-GB","potentialAction":[{"@type":"ReadAction","target":["https:\/\/unaymilletras.com\/jc-reyes-anuncia-su-primer-gran-tour-km-33-tour\/"]}]},{"@type":"ImageObject","inLanguage":"en-GB","@id":"https:\/\/unaymilletras.com\/jc-reyes-anuncia-su-primer-gran-tour-km-33-tour\/#primaryimage","url":"https:\/\/unaymilletras.com\/wp-content\/uploads\/2024\/12\/c10a39fa-e3e4-93c5-f328-4d4ee9c9-e1733089421479.jpg","contentUrl":"https:\/\/unaymilletras.com\/wp-content\/uploads\/2024\/12\/c10a39fa-e3e4-93c5-f328-4d4ee9c9-e1733089421479.jpg","width":600,"height":600},{"@type":"BreadcrumbList","@id":"https:\/\/unaymilletras.com\/jc-reyes-anuncia-su-primer-gran-tour-km-33-tour\/#breadcrumb","itemListElement":[{"@type":"ListItem","position":1,"name":"Home","item":"http:\/\/unaymilletras.com\/"},{"@type":"ListItem","position":2,"name":"JC Reyes anuncia su primer gran tour: KM 33 Tour"}]},{"@type":"WebSite","@id":"http:\/\/unaymilletras.com\/#website","url":"http:\/\/unaymilletras.com\/","name":"Una y Mil Letras","description":"","publisher":{"@id":"http:\/\/unaymilletras.com\/#organization"},"potentialAction":[{"@type":"SearchAction","target":{"@type":"EntryPoint","urlTemplate":"http:\/\/unaymilletras.com\/?s={search_term_string}"},"query-input":{"@type":"PropertyValueSpecification","valueRequired":true,"valueName":"search_term_string"}}],"inLanguage":"en-GB"},{"@type":"Organization","@id":"http:\/\/unaymilletras.com\/#organization","name":"Una y Mil Letras","url":"http:\/\/unaymilletras.com\/","logo":{"@type":"ImageObject","inLanguage":"en-GB","@id":"http:\/\/unaymilletras.com\/#\/schema\/logo\/image\/","url":"https:\/\/unaymilletras.com\/wp-content\/uploads\/2024\/06\/cropped-Logo-removebg-preview.png","contentUrl":"https:\/\/unaymilletras.com\/wp-content\/uploads\/2024\/06\/cropped-Logo-removebg-preview.png","width":512,"height":512,"caption":"Una y Mil Letras"},"image":{"@id":"http:\/\/unaymilletras.com\/#\/schema\/logo\/image\/"},"sameAs":["https:\/\/x.com\/UnaYMilLetras","https:\/\/instagram.com\/UnaYMilLetras"]},{"@type":"Person","@id":"http:\/\/unaymilletras.com\/#\/schema\/person\/0860dc8a218329991ee2c7591f4f849d","name":"Redacci\u00f3n","image":{"@type":"ImageObject","inLanguage":"en-GB","@id":"https:\/\/secure.gravatar.com\/avatar\/d8f55e05a8b6597e45c55a1dcbdbfe44f4a360d88b48e00de5216a79b7732796?s=96&d=mm&r=g","url":"https:\/\/secure.gravatar.com\/avatar\/d8f55e05a8b6597e45c55a1dcbdbfe44f4a360d88b48e00de5216a79b7732796?s=96&d=mm&r=g","contentUrl":"https:\/\/secure.gravatar.com\/avatar\/d8f55e05a8b6597e45c55a1dcbdbfe44f4a360d88b48e00de5216a79b7732796?s=96&d=mm&r=g","caption":"Redacci\u00f3n"},"url":"https:\/\/unaymilletras.com\/en\/author\/redaccion\/"}]}},"_links":{"self":[{"href":"https:\/\/unaymilletras.com\/en\/wp-json\/wp\/v2\/posts\/3407","targetHints":{"allow":["GET"]}}],"collection":[{"href":"https:\/\/unaymilletras.com\/en\/wp-json\/wp\/v2\/posts"}],"about":[{"href":"https:\/\/unaymilletras.com\/en\/wp-json\/wp\/v2\/types\/post"}],"author":[{"embeddable":true,"href":"https:\/\/unaymilletras.com\/en\/wp-json\/wp\/v2\/users\/6"}],"replies":[{"embeddable":true,"href":"https:\/\/unaymilletras.com\/en\/wp-json\/wp\/v2\/comments?post=3407"}],"version-history":[{"count":4,"href":"https:\/\/unaymilletras.com\/en\/wp-json\/wp\/v2\/posts\/3407\/revisions"}],"predecessor-version":[{"id":3412,"href":"https:\/\/unaymilletras.com\/en\/wp-json\/wp\/v2\/posts\/3407\/revisions\/3412"}],"wp:featuredmedia":[{"embeddable":true,"href":"https:\/\/unaymilletras.com\/en\/wp-json\/wp\/v2\/media\/3409"}],"wp:attachment":[{"href":"https:\/\/unaymilletras.com\/en\/wp-json\/wp\/v2\/media?parent=3407"}],"wp:term":[{"taxonomy":"category","embeddable":true,"href":"https:\/\/unaymilletras.com\/en\/wp-json\/wp\/v2\/categories?post=3407"},{"taxonomy":"post_tag","embeddable":true,"href":"https:\/\/unaymilletras.com\/en\/wp-json\/wp\/v2\/tags?post=3407"}],"curies":[{"name":"wp","href":"https:\/\/api.w.org\/{rel}","templated":true}]}}