{"id":3413,"date":"2024-12-02T18:00:00","date_gmt":"2024-12-02T17:00:00","guid":{"rendered":"https:\/\/unaymilletras.com\/?p=3413"},"modified":"2024-12-02T17:48:14","modified_gmt":"2024-12-02T16:48:14","slug":"paulo-londra-y-su-esperado-regreso-a-espana","status":"publish","type":"post","link":"https:\/\/unaymilletras.com\/en\/paulo-londra-y-su-esperado-regreso-a-espana\/","title":{"rendered":"Paulo Londra y su esperado regreso a Espa\u00f1a"},"content":{"rendered":"\t\t<div data-elementor-type=\"wp-post\" data-elementor-id=\"3413\" class=\"elementor elementor-3413\">\n\t\t\t\t\t\t<section class=\"elementor-section elementor-top-section elementor-element elementor-element-9c18a38 elementor-section-boxed elementor-section-height-default elementor-section-height-default\" data-id=\"9c18a38\" data-element_type=\"section\" data-e-type=\"section\">\n\t\t\t\t\t\t<div class=\"elementor-container elementor-column-gap-default\">\n\t\t\t\t\t<div class=\"elementor-column elementor-col-100 elementor-top-column elementor-element elementor-element-1cd826a\" data-id=\"1cd826a\" data-element_type=\"column\" data-e-type=\"column\">\n\t\t\t<div class=\"elementor-widget-wrap elementor-element-populated\">\n\t\t\t\t\t\t<div class=\"elementor-element elementor-element-1335e79 elementor-widget elementor-widget-text-editor\" data-id=\"1335e79\" data-element_type=\"widget\" data-e-type=\"widget\" data-widget_type=\"text-editor.default\">\n\t\t\t\t<div class=\"elementor-widget-container\">\n\t\t\t\t\t\t\t\t\t<h2 style=\"text-align: center;\"><span style=\"color: #808080;\"><em>El artista argentino Paulo Londra por fin vuelve a Espa\u00f1a con dos fechas en abril: Palau Sant Jordi y al WiZink Center<\/em><\/span><\/h2>\t\t\t\t\t\t\t\t<\/div>\n\t\t\t\t<\/div>\n\t\t\t\t\t<\/div>\n\t\t<\/div>\n\t\t\t\t\t<\/div>\n\t\t<\/section>\n\t\t\t\t<section class=\"elementor-section elementor-top-section elementor-element elementor-element-2280812 elementor-section-boxed elementor-section-height-default elementor-section-height-default\" data-id=\"2280812\" data-element_type=\"section\" data-e-type=\"section\">\n\t\t\t\t\t\t<div class=\"elementor-container elementor-column-gap-default\">\n\t\t\t\t\t<div class=\"elementor-column elementor-col-100 elementor-top-column elementor-element elementor-element-c0ee120\" data-id=\"c0ee120\" data-element_type=\"column\" data-e-type=\"column\">\n\t\t\t<div class=\"elementor-widget-wrap elementor-element-populated\">\n\t\t\t\t\t\t<div class=\"elementor-element elementor-element-24270f8 elementor-widget elementor-widget-text-editor\" data-id=\"24270f8\" data-element_type=\"widget\" data-e-type=\"widget\" data-widget_type=\"text-editor.default\">\n\t\t\t\t<div class=\"elementor-widget-container\">\n\t\t\t\t\t\t\t\t\t<p><b>Paulo Londra<\/b>, uno de los referentes m\u00e1s importantes de la m\u00fasica urbana internacional, regresa a Espa\u00f1a en 2025 para ofrecer dos conciertos \u00fanicos. El argentino actuar\u00e1 el 25 de abril en el Palau Sant Jordi de Barcelona y el 27 de abril en el WiZink Center de Madrid. Las entradas estar\u00e1n disponibles a partir del mi\u00e9rcoles 4 de diciembre en Live Nation y Ticketmaster. Adem\u00e1s, contar\u00e1 con una preventa exclusiva el martes 3 de diciembre para los clientes del banco Santander.<\/p>\t\t\t\t\t\t\t\t<\/div>\n\t\t\t\t<\/div>\n\t\t\t\t\t<\/div>\n\t\t<\/div>\n\t\t\t\t\t<\/div>\n\t\t<\/section>\n\t\t\t\t<section class=\"elementor-section elementor-top-section elementor-element elementor-element-78efa6f elementor-section-boxed elementor-section-height-default elementor-section-height-default\" data-id=\"78efa6f\" data-element_type=\"section\" data-e-type=\"section\">\n\t\t\t\t\t\t<div class=\"elementor-container elementor-column-gap-default\">\n\t\t\t\t\t<div class=\"elementor-column elementor-col-50 elementor-top-column elementor-element elementor-element-b7b777d\" data-id=\"b7b777d\" data-element_type=\"column\" data-e-type=\"column\">\n\t\t\t<div class=\"elementor-widget-wrap elementor-element-populated\">\n\t\t\t\t\t\t<div class=\"elementor-element elementor-element-3f13975 elementor-widget elementor-widget-image\" data-id=\"3f13975\" data-element_type=\"widget\" data-e-type=\"widget\" data-widget_type=\"image.default\">\n\t\t\t\t<div class=\"elementor-widget-container\">\n\t\t\t\t\t\t\t\t\t\t\t\t\t\t\t<img fetchpriority=\"high\" decoding=\"async\" width=\"640\" height=\"800\" src=\"https:\/\/unaymilletras.com\/wp-content\/uploads\/2024\/12\/POST-ESPANA-819x1024.jpeg\" class=\"attachment-large size-large wp-image-3415\" alt=\"Paulo Londra\" srcset=\"https:\/\/unaymilletras.com\/wp-content\/uploads\/2024\/12\/POST-ESPANA-819x1024.jpeg 819w, https:\/\/unaymilletras.com\/wp-content\/uploads\/2024\/12\/POST-ESPANA-240x300.jpeg 240w, https:\/\/unaymilletras.com\/wp-content\/uploads\/2024\/12\/POST-ESPANA-768x960.jpeg 768w, https:\/\/unaymilletras.com\/wp-content\/uploads\/2024\/12\/POST-ESPANA-10x12.jpeg 10w, https:\/\/unaymilletras.com\/wp-content\/uploads\/2024\/12\/POST-ESPANA-1024x1280.jpeg 1024w, https:\/\/unaymilletras.com\/wp-content\/uploads\/2024\/12\/POST-ESPANA-e1733157765661.jpeg 600w\" sizes=\"(max-width: 640px) 100vw, 640px\" \/>\t\t\t\t\t\t\t\t\t\t\t\t\t\t\t<\/div>\n\t\t\t\t<\/div>\n\t\t\t\t\t<\/div>\n\t\t<\/div>\n\t\t\t\t<div class=\"elementor-column elementor-col-50 elementor-top-column elementor-element elementor-element-f8edbcd\" data-id=\"f8edbcd\" data-element_type=\"column\" data-e-type=\"column\">\n\t\t\t<div class=\"elementor-widget-wrap elementor-element-populated\">\n\t\t\t\t\t\t<div class=\"elementor-element elementor-element-51ab155 elementor-widget elementor-widget-text-editor\" data-id=\"51ab155\" data-element_type=\"widget\" data-e-type=\"widget\" data-widget_type=\"text-editor.default\">\n\t\t\t\t<div class=\"elementor-widget-container\">\n\t\t\t\t\t\t\t\t\t<p>La noticia llega tras el \u00e9xito arrollador de Paulo Londra en su regreso a la escena musical espa\u00f1ola este 2024. Su presentaci\u00f3n en <em>La Velada del A\u00f1o<\/em> en el Estadio Santiago Bernab\u00e9u dej\u00f3 una huella imborrable. En Barcelona, agot\u00f3 las entradas para su \u00edntimo show en la sala Razzmatazz en menos de un minuto, mientras que su aparici\u00f3n sorpresa en el Festival Boombastic de Asturias desat\u00f3 la ovaci\u00f3n del p\u00fablico.<\/p><p>Paulo Londra contin\u00faa siendo el pionero argentino que ha roto barreras en la m\u00fasica urbana internacional. Sus \u00e9xitos recientes, como <span style=\"color: #808080;\"><a style=\"color: #808080;\" href=\"https:\/\/unaymilletras.com\/paulo-londra-estrena-recien-soltera-un-merengue-que-promete-hacerte-bailar\/\"><em>Reci\u00e9n Soltera<\/em><\/a><\/span>, <em>Princesa<\/em> junto a Luck Ra y Valentino Merlo, y el vibrante <em>Perreito pa llorar<\/em> con Lola Indigo, forman parte de un repertorio que ha cautivado a sus seguidores. Se espera que estos temas, junto a cl\u00e1sicos como <em>Ad\u00e1n y Eva<\/em>, hagan vibrar los escenarios en abril.<\/p>\t\t\t\t\t\t\t\t<\/div>\n\t\t\t\t<\/div>\n\t\t\t\t\t<\/div>\n\t\t<\/div>\n\t\t\t\t\t<\/div>\n\t\t<\/section>\n\t\t\t\t<section class=\"elementor-section elementor-top-section elementor-element elementor-element-0b4b452 elementor-section-boxed elementor-section-height-default elementor-section-height-default\" data-id=\"0b4b452\" data-element_type=\"section\" data-e-type=\"section\">\n\t\t\t\t\t\t<div class=\"elementor-container elementor-column-gap-default\">\n\t\t\t\t\t<div class=\"elementor-column elementor-col-100 elementor-top-column elementor-element elementor-element-c4e3eef\" data-id=\"c4e3eef\" data-element_type=\"column\" data-e-type=\"column\">\n\t\t\t<div class=\"elementor-widget-wrap elementor-element-populated\">\n\t\t\t\t\t\t<div class=\"elementor-element elementor-element-a066cc4 elementor-widget elementor-widget-text-editor\" data-id=\"a066cc4\" data-element_type=\"widget\" data-e-type=\"widget\" data-widget_type=\"text-editor.default\">\n\t\t\t\t<div class=\"elementor-widget-container\">\n\t\t\t\t\t\t\t\t\t<div class=\"flex max-w-full flex-col flex-grow\">\n<div class=\"min-h-8 text-message flex w-full flex-col items-end gap-2 whitespace-normal break-words [.text-message+&amp;]:mt-5\" dir=\"auto\" data-message-author-role=\"assistant\" data-message-id=\"df4abf62-7687-4963-91c1-eb40c2dbe1ce\" data-message-model-slug=\"gpt-4o\">\n<div class=\"flex w-full flex-col gap-1 empty:hidden first:pt-[3px]\">\n<div class=\"markdown prose w-full break-words dark:prose-invert light\">\n<p>Desde el lanzamiento de su emblem\u00e1tico \u00e1lbum <em><b>Homerun<\/b><\/em> hasta sus colaboraciones con figuras globales como Ed Sheeran, Travis Barker y Timbaland, Londra ha demostrado ser un artista clave en la exportaci\u00f3n del trap y rap argentino. Su impacto internacional ha sido tal que en 2022 interpret\u00f3 <em>The World is Yours To Take<\/em>, la canci\u00f3n oficial del Mundial de F\u00fatbol de la FIFA, junto al rapero Lil Baby.<\/p>\n<p>Con estos dos conciertos, Paulo Londra reafirma su conexi\u00f3n especial con el p\u00fablico espa\u00f1ol y promete noches inolvidables en Barcelona y Madrid. Las entradas tendr\u00e1n precios desde 35 euros m\u00e1s gastos de distribuci\u00f3n, y dado el fervor por el artista, se espera que se agoten r\u00e1pidamente.<\/p>\n<\/div>\n<\/div>\n<\/div>\n<\/div>\t\t\t\t\t\t\t\t<\/div>\n\t\t\t\t<\/div>\n\t\t\t\t\t<\/div>\n\t\t<\/div>\n\t\t\t\t\t<\/div>\n\t\t<\/section>\n\t\t\t\t<\/div>\n\t\t","protected":false},"excerpt":{"rendered":"<p>El artista argentino Paulo Londra por fin vuelve a Espa\u00f1a con dos fechas en abril: Palau Sant Jordi y al WiZink Center Paulo Londra, uno de los referentes m\u00e1s importantes de la m\u00fasica urbana internacional, regresa a Espa\u00f1a en 2025 para ofrecer dos conciertos \u00fanicos. El argentino actuar\u00e1 el 25 de abril en el Palau [&hellip;]<\/p>\n","protected":false},"author":6,"featured_media":3415,"comment_status":"open","ping_status":"open","sticky":false,"template":"","format":"standard","meta":{"footnotes":""},"categories":[4],"tags":[],"class_list":["post-3413","post","type-post","status-publish","format-standard","has-post-thumbnail","hentry","category-musica"],"yoast_head":"<!-- This site is optimized with the Yoast SEO plugin v27.4 - https:\/\/yoast.com\/product\/yoast-seo-wordpress\/ -->\n<title>Paulo Londra y su esperado regreso a Espa\u00f1a<\/title>\n<meta name=\"description\" content=\"El artista argentino Paulo Londra por fin vuelve a Espa\u00f1a con dos fechas en abril: Palau Sant Jordi y al WiZink Center\" \/>\n<meta name=\"robots\" content=\"index, follow, max-snippet:-1, max-image-preview:large, max-video-preview:-1\" \/>\n<link rel=\"canonical\" href=\"https:\/\/unaymilletras.com\/en\/paulo-londra-y-su-esperado-regreso-a-espana\/\" \/>\n<meta property=\"og:locale\" content=\"en_GB\" \/>\n<meta property=\"og:type\" content=\"article\" \/>\n<meta property=\"og:title\" content=\"Paulo Londra y su esperado regreso a Espa\u00f1a\" \/>\n<meta property=\"og:description\" content=\"El artista argentino Paulo Londra por fin vuelve a Espa\u00f1a con dos fechas en abril: Palau Sant Jordi y al WiZink Center\" \/>\n<meta property=\"og:url\" content=\"https:\/\/unaymilletras.com\/en\/paulo-londra-y-su-esperado-regreso-a-espana\/\" \/>\n<meta property=\"og:site_name\" content=\"Una y Mil Letras\" \/>\n<meta property=\"article:published_time\" content=\"2024-12-02T17:00:00+00:00\" \/>\n<meta property=\"og:image\" content=\"https:\/\/unaymilletras.com\/wp-content\/uploads\/2024\/12\/POST-ESPANA-e1733157765661.jpeg\" \/>\n\t<meta property=\"og:image:width\" content=\"600\" \/>\n\t<meta property=\"og:image:height\" content=\"750\" \/>\n\t<meta property=\"og:image:type\" content=\"image\/jpeg\" \/>\n<meta name=\"author\" content=\"Redacci\u00f3n\" \/>\n<meta name=\"twitter:card\" content=\"summary_large_image\" \/>\n<meta name=\"twitter:creator\" content=\"@UnaYMilLetras\" \/>\n<meta name=\"twitter:site\" content=\"@UnaYMilLetras\" \/>\n<meta name=\"twitter:label1\" content=\"Written by\" \/>\n\t<meta name=\"twitter:data1\" content=\"Redacci\u00f3n\" \/>\n\t<meta name=\"twitter:label2\" content=\"Estimated reading time\" \/>\n\t<meta name=\"twitter:data2\" content=\"3 minutes\" \/>\n<script type=\"application\/ld+json\" class=\"yoast-schema-graph\">{\"@context\":\"https:\\\/\\\/schema.org\",\"@graph\":[{\"@type\":\"Article\",\"@id\":\"https:\\\/\\\/unaymilletras.com\\\/paulo-londra-y-su-esperado-regreso-a-espana\\\/#article\",\"isPartOf\":{\"@id\":\"https:\\\/\\\/unaymilletras.com\\\/paulo-londra-y-su-esperado-regreso-a-espana\\\/\"},\"author\":{\"name\":\"Redacci\u00f3n\",\"@id\":\"http:\\\/\\\/unaymilletras.com\\\/#\\\/schema\\\/person\\\/0860dc8a218329991ee2c7591f4f849d\"},\"headline\":\"Paulo Londra y su esperado regreso a Espa\u00f1a\",\"datePublished\":\"2024-12-02T17:00:00+00:00\",\"mainEntityOfPage\":{\"@id\":\"https:\\\/\\\/unaymilletras.com\\\/paulo-londra-y-su-esperado-regreso-a-espana\\\/\"},\"wordCount\":385,\"commentCount\":0,\"publisher\":{\"@id\":\"http:\\\/\\\/unaymilletras.com\\\/#organization\"},\"image\":{\"@id\":\"https:\\\/\\\/unaymilletras.com\\\/paulo-londra-y-su-esperado-regreso-a-espana\\\/#primaryimage\"},\"thumbnailUrl\":\"https:\\\/\\\/unaymilletras.com\\\/wp-content\\\/uploads\\\/2024\\\/12\\\/POST-ESPANA-e1733157765661.jpeg\",\"articleSection\":[\"M\u00fasica\"],\"inLanguage\":\"en-GB\",\"potentialAction\":[{\"@type\":\"CommentAction\",\"name\":\"Comment\",\"target\":[\"https:\\\/\\\/unaymilletras.com\\\/paulo-londra-y-su-esperado-regreso-a-espana\\\/#respond\"]}]},{\"@type\":\"WebPage\",\"@id\":\"https:\\\/\\\/unaymilletras.com\\\/paulo-londra-y-su-esperado-regreso-a-espana\\\/\",\"url\":\"https:\\\/\\\/unaymilletras.com\\\/paulo-londra-y-su-esperado-regreso-a-espana\\\/\",\"name\":\"Paulo Londra y su esperado regreso a Espa\u00f1a\",\"isPartOf\":{\"@id\":\"http:\\\/\\\/unaymilletras.com\\\/#website\"},\"primaryImageOfPage\":{\"@id\":\"https:\\\/\\\/unaymilletras.com\\\/paulo-londra-y-su-esperado-regreso-a-espana\\\/#primaryimage\"},\"image\":{\"@id\":\"https:\\\/\\\/unaymilletras.com\\\/paulo-londra-y-su-esperado-regreso-a-espana\\\/#primaryimage\"},\"thumbnailUrl\":\"https:\\\/\\\/unaymilletras.com\\\/wp-content\\\/uploads\\\/2024\\\/12\\\/POST-ESPANA-e1733157765661.jpeg\",\"datePublished\":\"2024-12-02T17:00:00+00:00\",\"description\":\"El artista argentino Paulo Londra por fin vuelve a Espa\u00f1a con dos fechas en abril: Palau Sant Jordi y al WiZink Center\",\"breadcrumb\":{\"@id\":\"https:\\\/\\\/unaymilletras.com\\\/paulo-londra-y-su-esperado-regreso-a-espana\\\/#breadcrumb\"},\"inLanguage\":\"en-GB\",\"potentialAction\":[{\"@type\":\"ReadAction\",\"target\":[\"https:\\\/\\\/unaymilletras.com\\\/paulo-londra-y-su-esperado-regreso-a-espana\\\/\"]}]},{\"@type\":\"ImageObject\",\"inLanguage\":\"en-GB\",\"@id\":\"https:\\\/\\\/unaymilletras.com\\\/paulo-londra-y-su-esperado-regreso-a-espana\\\/#primaryimage\",\"url\":\"https:\\\/\\\/unaymilletras.com\\\/wp-content\\\/uploads\\\/2024\\\/12\\\/POST-ESPANA-e1733157765661.jpeg\",\"contentUrl\":\"https:\\\/\\\/unaymilletras.com\\\/wp-content\\\/uploads\\\/2024\\\/12\\\/POST-ESPANA-e1733157765661.jpeg\",\"width\":600,\"height\":750,\"caption\":\"Paulo Londra\"},{\"@type\":\"BreadcrumbList\",\"@id\":\"https:\\\/\\\/unaymilletras.com\\\/paulo-londra-y-su-esperado-regreso-a-espana\\\/#breadcrumb\",\"itemListElement\":[{\"@type\":\"ListItem\",\"position\":1,\"name\":\"Home\",\"item\":\"http:\\\/\\\/unaymilletras.com\\\/\"},{\"@type\":\"ListItem\",\"position\":2,\"name\":\"Paulo Londra y su esperado regreso a Espa\u00f1a\"}]},{\"@type\":\"WebSite\",\"@id\":\"http:\\\/\\\/unaymilletras.com\\\/#website\",\"url\":\"http:\\\/\\\/unaymilletras.com\\\/\",\"name\":\"Una y Mil Letras\",\"description\":\"\",\"publisher\":{\"@id\":\"http:\\\/\\\/unaymilletras.com\\\/#organization\"},\"potentialAction\":[{\"@type\":\"SearchAction\",\"target\":{\"@type\":\"EntryPoint\",\"urlTemplate\":\"http:\\\/\\\/unaymilletras.com\\\/?s={search_term_string}\"},\"query-input\":{\"@type\":\"PropertyValueSpecification\",\"valueRequired\":true,\"valueName\":\"search_term_string\"}}],\"inLanguage\":\"en-GB\"},{\"@type\":\"Organization\",\"@id\":\"http:\\\/\\\/unaymilletras.com\\\/#organization\",\"name\":\"Una y Mil Letras\",\"url\":\"http:\\\/\\\/unaymilletras.com\\\/\",\"logo\":{\"@type\":\"ImageObject\",\"inLanguage\":\"en-GB\",\"@id\":\"http:\\\/\\\/unaymilletras.com\\\/#\\\/schema\\\/logo\\\/image\\\/\",\"url\":\"https:\\\/\\\/unaymilletras.com\\\/wp-content\\\/uploads\\\/2024\\\/06\\\/cropped-Logo-removebg-preview.png\",\"contentUrl\":\"https:\\\/\\\/unaymilletras.com\\\/wp-content\\\/uploads\\\/2024\\\/06\\\/cropped-Logo-removebg-preview.png\",\"width\":512,\"height\":512,\"caption\":\"Una y Mil Letras\"},\"image\":{\"@id\":\"http:\\\/\\\/unaymilletras.com\\\/#\\\/schema\\\/logo\\\/image\\\/\"},\"sameAs\":[\"https:\\\/\\\/x.com\\\/UnaYMilLetras\",\"https:\\\/\\\/instagram.com\\\/UnaYMilLetras\"]},{\"@type\":\"Person\",\"@id\":\"http:\\\/\\\/unaymilletras.com\\\/#\\\/schema\\\/person\\\/0860dc8a218329991ee2c7591f4f849d\",\"name\":\"Redacci\u00f3n\",\"image\":{\"@type\":\"ImageObject\",\"inLanguage\":\"en-GB\",\"@id\":\"https:\\\/\\\/secure.gravatar.com\\\/avatar\\\/d8f55e05a8b6597e45c55a1dcbdbfe44f4a360d88b48e00de5216a79b7732796?s=96&d=mm&r=g\",\"url\":\"https:\\\/\\\/secure.gravatar.com\\\/avatar\\\/d8f55e05a8b6597e45c55a1dcbdbfe44f4a360d88b48e00de5216a79b7732796?s=96&d=mm&r=g\",\"contentUrl\":\"https:\\\/\\\/secure.gravatar.com\\\/avatar\\\/d8f55e05a8b6597e45c55a1dcbdbfe44f4a360d88b48e00de5216a79b7732796?s=96&d=mm&r=g\",\"caption\":\"Redacci\u00f3n\"},\"url\":\"https:\\\/\\\/unaymilletras.com\\\/en\\\/author\\\/redaccion\\\/\"}]}<\/script>\n<!-- \/ Yoast SEO plugin. -->","yoast_head_json":{"title":"Paulo Londra y su esperado regreso a Espa\u00f1a","description":"El artista argentino Paulo Londra por fin vuelve a Espa\u00f1a con dos fechas en abril: Palau Sant Jordi y al WiZink Center","robots":{"index":"index","follow":"follow","max-snippet":"max-snippet:-1","max-image-preview":"max-image-preview:large","max-video-preview":"max-video-preview:-1"},"canonical":"https:\/\/unaymilletras.com\/en\/paulo-londra-y-su-esperado-regreso-a-espana\/","og_locale":"en_GB","og_type":"article","og_title":"Paulo Londra y su esperado regreso a Espa\u00f1a","og_description":"El artista argentino Paulo Londra por fin vuelve a Espa\u00f1a con dos fechas en abril: Palau Sant Jordi y al WiZink Center","og_url":"https:\/\/unaymilletras.com\/en\/paulo-londra-y-su-esperado-regreso-a-espana\/","og_site_name":"Una y Mil Letras","article_published_time":"2024-12-02T17:00:00+00:00","og_image":[{"width":600,"height":750,"url":"https:\/\/unaymilletras.com\/wp-content\/uploads\/2024\/12\/POST-ESPANA-e1733157765661.jpeg","type":"image\/jpeg"}],"author":"Redacci\u00f3n","twitter_card":"summary_large_image","twitter_creator":"@UnaYMilLetras","twitter_site":"@UnaYMilLetras","twitter_misc":{"Written by":"Redacci\u00f3n","Estimated reading time":"3 minutes"},"schema":{"@context":"https:\/\/schema.org","@graph":[{"@type":"Article","@id":"https:\/\/unaymilletras.com\/paulo-londra-y-su-esperado-regreso-a-espana\/#article","isPartOf":{"@id":"https:\/\/unaymilletras.com\/paulo-londra-y-su-esperado-regreso-a-espana\/"},"author":{"name":"Redacci\u00f3n","@id":"http:\/\/unaymilletras.com\/#\/schema\/person\/0860dc8a218329991ee2c7591f4f849d"},"headline":"Paulo Londra y su esperado regreso a Espa\u00f1a","datePublished":"2024-12-02T17:00:00+00:00","mainEntityOfPage":{"@id":"https:\/\/unaymilletras.com\/paulo-londra-y-su-esperado-regreso-a-espana\/"},"wordCount":385,"commentCount":0,"publisher":{"@id":"http:\/\/unaymilletras.com\/#organization"},"image":{"@id":"https:\/\/unaymilletras.com\/paulo-londra-y-su-esperado-regreso-a-espana\/#primaryimage"},"thumbnailUrl":"https:\/\/unaymilletras.com\/wp-content\/uploads\/2024\/12\/POST-ESPANA-e1733157765661.jpeg","articleSection":["M\u00fasica"],"inLanguage":"en-GB","potentialAction":[{"@type":"CommentAction","name":"Comment","target":["https:\/\/unaymilletras.com\/paulo-londra-y-su-esperado-regreso-a-espana\/#respond"]}]},{"@type":"WebPage","@id":"https:\/\/unaymilletras.com\/paulo-londra-y-su-esperado-regreso-a-espana\/","url":"https:\/\/unaymilletras.com\/paulo-londra-y-su-esperado-regreso-a-espana\/","name":"Paulo Londra y su esperado regreso a Espa\u00f1a","isPartOf":{"@id":"http:\/\/unaymilletras.com\/#website"},"primaryImageOfPage":{"@id":"https:\/\/unaymilletras.com\/paulo-londra-y-su-esperado-regreso-a-espana\/#primaryimage"},"image":{"@id":"https:\/\/unaymilletras.com\/paulo-londra-y-su-esperado-regreso-a-espana\/#primaryimage"},"thumbnailUrl":"https:\/\/unaymilletras.com\/wp-content\/uploads\/2024\/12\/POST-ESPANA-e1733157765661.jpeg","datePublished":"2024-12-02T17:00:00+00:00","description":"El artista argentino Paulo Londra por fin vuelve a Espa\u00f1a con dos fechas en abril: Palau Sant Jordi y al WiZink Center","breadcrumb":{"@id":"https:\/\/unaymilletras.com\/paulo-londra-y-su-esperado-regreso-a-espana\/#breadcrumb"},"inLanguage":"en-GB","potentialAction":[{"@type":"ReadAction","target":["https:\/\/unaymilletras.com\/paulo-londra-y-su-esperado-regreso-a-espana\/"]}]},{"@type":"ImageObject","inLanguage":"en-GB","@id":"https:\/\/unaymilletras.com\/paulo-londra-y-su-esperado-regreso-a-espana\/#primaryimage","url":"https:\/\/unaymilletras.com\/wp-content\/uploads\/2024\/12\/POST-ESPANA-e1733157765661.jpeg","contentUrl":"https:\/\/unaymilletras.com\/wp-content\/uploads\/2024\/12\/POST-ESPANA-e1733157765661.jpeg","width":600,"height":750,"caption":"Paulo Londra"},{"@type":"BreadcrumbList","@id":"https:\/\/unaymilletras.com\/paulo-londra-y-su-esperado-regreso-a-espana\/#breadcrumb","itemListElement":[{"@type":"ListItem","position":1,"name":"Home","item":"http:\/\/unaymilletras.com\/"},{"@type":"ListItem","position":2,"name":"Paulo Londra y su esperado regreso a Espa\u00f1a"}]},{"@type":"WebSite","@id":"http:\/\/unaymilletras.com\/#website","url":"http:\/\/unaymilletras.com\/","name":"Una y Mil Letras","description":"","publisher":{"@id":"http:\/\/unaymilletras.com\/#organization"},"potentialAction":[{"@type":"SearchAction","target":{"@type":"EntryPoint","urlTemplate":"http:\/\/unaymilletras.com\/?s={search_term_string}"},"query-input":{"@type":"PropertyValueSpecification","valueRequired":true,"valueName":"search_term_string"}}],"inLanguage":"en-GB"},{"@type":"Organization","@id":"http:\/\/unaymilletras.com\/#organization","name":"Una y Mil Letras","url":"http:\/\/unaymilletras.com\/","logo":{"@type":"ImageObject","inLanguage":"en-GB","@id":"http:\/\/unaymilletras.com\/#\/schema\/logo\/image\/","url":"https:\/\/unaymilletras.com\/wp-content\/uploads\/2024\/06\/cropped-Logo-removebg-preview.png","contentUrl":"https:\/\/unaymilletras.com\/wp-content\/uploads\/2024\/06\/cropped-Logo-removebg-preview.png","width":512,"height":512,"caption":"Una y Mil Letras"},"image":{"@id":"http:\/\/unaymilletras.com\/#\/schema\/logo\/image\/"},"sameAs":["https:\/\/x.com\/UnaYMilLetras","https:\/\/instagram.com\/UnaYMilLetras"]},{"@type":"Person","@id":"http:\/\/unaymilletras.com\/#\/schema\/person\/0860dc8a218329991ee2c7591f4f849d","name":"Redacci\u00f3n","image":{"@type":"ImageObject","inLanguage":"en-GB","@id":"https:\/\/secure.gravatar.com\/avatar\/d8f55e05a8b6597e45c55a1dcbdbfe44f4a360d88b48e00de5216a79b7732796?s=96&d=mm&r=g","url":"https:\/\/secure.gravatar.com\/avatar\/d8f55e05a8b6597e45c55a1dcbdbfe44f4a360d88b48e00de5216a79b7732796?s=96&d=mm&r=g","contentUrl":"https:\/\/secure.gravatar.com\/avatar\/d8f55e05a8b6597e45c55a1dcbdbfe44f4a360d88b48e00de5216a79b7732796?s=96&d=mm&r=g","caption":"Redacci\u00f3n"},"url":"https:\/\/unaymilletras.com\/en\/author\/redaccion\/"}]}},"_links":{"self":[{"href":"https:\/\/unaymilletras.com\/en\/wp-json\/wp\/v2\/posts\/3413","targetHints":{"allow":["GET"]}}],"collection":[{"href":"https:\/\/unaymilletras.com\/en\/wp-json\/wp\/v2\/posts"}],"about":[{"href":"https:\/\/unaymilletras.com\/en\/wp-json\/wp\/v2\/types\/post"}],"author":[{"embeddable":true,"href":"https:\/\/unaymilletras.com\/en\/wp-json\/wp\/v2\/users\/6"}],"replies":[{"embeddable":true,"href":"https:\/\/unaymilletras.com\/en\/wp-json\/wp\/v2\/comments?post=3413"}],"version-history":[{"count":4,"href":"https:\/\/unaymilletras.com\/en\/wp-json\/wp\/v2\/posts\/3413\/revisions"}],"predecessor-version":[{"id":3418,"href":"https:\/\/unaymilletras.com\/en\/wp-json\/wp\/v2\/posts\/3413\/revisions\/3418"}],"wp:featuredmedia":[{"embeddable":true,"href":"https:\/\/unaymilletras.com\/en\/wp-json\/wp\/v2\/media\/3415"}],"wp:attachment":[{"href":"https:\/\/unaymilletras.com\/en\/wp-json\/wp\/v2\/media?parent=3413"}],"wp:term":[{"taxonomy":"category","embeddable":true,"href":"https:\/\/unaymilletras.com\/en\/wp-json\/wp\/v2\/categories?post=3413"},{"taxonomy":"post_tag","embeddable":true,"href":"https:\/\/unaymilletras.com\/en\/wp-json\/wp\/v2\/tags?post=3413"}],"curies":[{"name":"wp","href":"https:\/\/api.w.org\/{rel}","templated":true}]}}