{"id":3429,"date":"2024-12-08T11:36:47","date_gmt":"2024-12-08T10:36:47","guid":{"rendered":"https:\/\/unaymilletras.com\/?p=3429"},"modified":"2025-08-09T12:02:40","modified_gmt":"2025-08-09T10:02:40","slug":"rosario-celebra-su-legado-con-universo-de-ley","status":"publish","type":"post","link":"https:\/\/unaymilletras.com\/en\/rosario-celebra-su-legado-con-universo-de-ley\/","title":{"rendered":"Rosario celebra su legado con \u00abUniverso de Ley\u00bb"},"content":{"rendered":"\t\t<div data-elementor-type=\"wp-post\" data-elementor-id=\"3429\" class=\"elementor elementor-3429\">\n\t\t\t\t\t\t<section class=\"elementor-section elementor-top-section elementor-element elementor-element-cf07219 elementor-section-boxed elementor-section-height-default elementor-section-height-default\" data-id=\"cf07219\" data-element_type=\"section\" data-e-type=\"section\">\n\t\t\t\t\t\t<div class=\"elementor-container elementor-column-gap-default\">\n\t\t\t\t\t<div class=\"elementor-column elementor-col-100 elementor-top-column elementor-element elementor-element-d538336\" data-id=\"d538336\" data-element_type=\"column\" data-e-type=\"column\">\n\t\t\t<div class=\"elementor-widget-wrap elementor-element-populated\">\n\t\t\t\t\t\t<div class=\"elementor-element elementor-element-de640f9 elementor-widget elementor-widget-text-editor\" data-id=\"de640f9\" data-element_type=\"widget\" data-e-type=\"widget\" data-widget_type=\"text-editor.default\">\n\t\t\t\t<div class=\"elementor-widget-container\">\n\t\t\t\t\t\t\t\t\t<h2 style=\"text-align: center;\"><span style=\"color: #808080;\"><em>Vuelven los mayores \u00e9xitos de Rosario con colaboraciones\u00a0 como Alejandro Sanz, Sebasti\u00e1n Yatra y Estopa<\/em><\/span><\/h2>\t\t\t\t\t\t\t\t<\/div>\n\t\t\t\t<\/div>\n\t\t\t\t\t<\/div>\n\t\t<\/div>\n\t\t\t\t\t<\/div>\n\t\t<\/section>\n\t\t\t\t<section class=\"elementor-section elementor-top-section elementor-element elementor-element-e0575ac elementor-section-boxed elementor-section-height-default elementor-section-height-default\" data-id=\"e0575ac\" data-element_type=\"section\" data-e-type=\"section\">\n\t\t\t\t\t\t<div class=\"elementor-container elementor-column-gap-default\">\n\t\t\t\t\t<div class=\"elementor-column elementor-col-100 elementor-top-column elementor-element elementor-element-4c621d6\" data-id=\"4c621d6\" data-element_type=\"column\" data-e-type=\"column\">\n\t\t\t<div class=\"elementor-widget-wrap elementor-element-populated\">\n\t\t\t\t\t\t<div class=\"elementor-element elementor-element-329d025 elementor-widget elementor-widget-text-editor\" data-id=\"329d025\" data-element_type=\"widget\" data-e-type=\"widget\" data-widget_type=\"text-editor.default\">\n\t\t\t\t<div class=\"elementor-widget-container\">\n\t\t\t\t\t\t\t\t\t<p>Rosario, una de las voces m\u00e1s ic\u00f3nicas de la m\u00fasica espa\u00f1ola, presenta hoy <em><strong>Universo de Ley<\/strong><\/em>, un \u00e1lbum que rinde homenaje a su trayectoria de m\u00e1s de 33 a\u00f1os. Este trabajo re\u00fane nuevas versiones de sus \u00e9xitos m\u00e1s recordados, principalmente de sus tres primeros discos, reinterpretados en colaboraci\u00f3n con grandes artistas internacionales.<\/p><p>El proyecto cuenta con colaboraciones de lujo que incluyen a Alejandro Sanz, Man\u00e1, Sebasti\u00e1n Yatra, Fito P\u00e1ez, Gipsy Kings, Ketama, Ni\u00f1a Pastori, Carlos Vives, Natalia Lafourcade, Mal\u00fa, Mon Laferte y Diego El Cigala, entre otros. Cada uno de ellos, seg\u00fan Rosario, representa una influencia en su vida y su m\u00fasica, formando parte esencial de su \u00abuniverso\u00bb.<\/p>\t\t\t\t\t\t\t\t<\/div>\n\t\t\t\t<\/div>\n\t\t\t\t\t<\/div>\n\t\t<\/div>\n\t\t\t\t\t<\/div>\n\t\t<\/section>\n\t\t\t\t<section class=\"elementor-section elementor-top-section elementor-element elementor-element-99b0ddd elementor-section-boxed elementor-section-height-default elementor-section-height-default\" data-id=\"99b0ddd\" data-element_type=\"section\" data-e-type=\"section\">\n\t\t\t\t\t\t<div class=\"elementor-container elementor-column-gap-default\">\n\t\t\t\t\t<div class=\"elementor-column elementor-col-50 elementor-top-column elementor-element elementor-element-fa59bef\" data-id=\"fa59bef\" data-element_type=\"column\" data-e-type=\"column\">\n\t\t\t<div class=\"elementor-widget-wrap elementor-element-populated\">\n\t\t\t\t\t\t<div class=\"elementor-element elementor-element-0a6166d elementor-widget elementor-widget-image\" data-id=\"0a6166d\" data-element_type=\"widget\" data-e-type=\"widget\" data-widget_type=\"image.default\">\n\t\t\t\t<div class=\"elementor-widget-container\">\n\t\t\t\t\t\t\t\t\t\t\t\t\t\t\t<img fetchpriority=\"high\" decoding=\"async\" width=\"640\" height=\"640\" src=\"https:\/\/unaymilletras.com\/wp-content\/uploads\/2024\/12\/1172427_portada-disco-udl-1024x1024.jpg\" class=\"attachment-large size-large wp-image-3431\" alt=\"Rosario\" srcset=\"https:\/\/unaymilletras.com\/wp-content\/uploads\/2024\/12\/1172427_portada-disco-udl-1024x1024.jpg 1024w, https:\/\/unaymilletras.com\/wp-content\/uploads\/2024\/12\/1172427_portada-disco-udl-300x300.jpg 300w, https:\/\/unaymilletras.com\/wp-content\/uploads\/2024\/12\/1172427_portada-disco-udl-150x150.jpg 150w, https:\/\/unaymilletras.com\/wp-content\/uploads\/2024\/12\/1172427_portada-disco-udl-768x768.jpg 768w, https:\/\/unaymilletras.com\/wp-content\/uploads\/2024\/12\/1172427_portada-disco-udl-1536x1536.jpg 1536w, https:\/\/unaymilletras.com\/wp-content\/uploads\/2024\/12\/1172427_portada-disco-udl-12x12.jpg 12w, https:\/\/unaymilletras.com\/wp-content\/uploads\/2024\/12\/1172427_portada-disco-udl-e1733653992343.jpg 600w\" sizes=\"(max-width: 640px) 100vw, 640px\" \/>\t\t\t\t\t\t\t\t\t\t\t\t\t\t\t<\/div>\n\t\t\t\t<\/div>\n\t\t\t\t\t<\/div>\n\t\t<\/div>\n\t\t\t\t<div class=\"elementor-column elementor-col-50 elementor-top-column elementor-element elementor-element-916bf89\" data-id=\"916bf89\" data-element_type=\"column\" data-e-type=\"column\">\n\t\t\t<div class=\"elementor-widget-wrap elementor-element-populated\">\n\t\t\t\t\t\t<div class=\"elementor-element elementor-element-8f1293c elementor-widget elementor-widget-text-editor\" data-id=\"8f1293c\" data-element_type=\"widget\" data-e-type=\"widget\" data-widget_type=\"text-editor.default\">\n\t\t\t\t<div class=\"elementor-widget-container\">\n\t\t\t\t\t\t\t\t\t<p>La producci\u00f3n del disco ha sido un reto personal para la artista, quien cont\u00f3 con la direcci\u00f3n de Fernando Ill\u00e1n, su productor de siempre, y la incorporaci\u00f3n de V\u00edctor Mart\u00ednez, conocido por su trabajo con C. Tangana. \u00abQuer\u00eda dar una nueva vida a estas canciones que han sido mi identidad. V\u00edctor aport\u00f3 un sonido fresco, con graves m\u00e1s contundentes y una base moderna que actualiza el alma de los temas. Todo lo que est\u00e1 en este disco tiene verdad, no hay trampa ni cart\u00f3n\u00bb, explica Rosario.<\/p><p>\u00a0<\/p>\t\t\t\t\t\t\t\t<\/div>\n\t\t\t\t<\/div>\n\t\t\t\t\t<\/div>\n\t\t<\/div>\n\t\t\t\t\t<\/div>\n\t\t<\/section>\n\t\t\t\t<section class=\"elementor-section elementor-top-section elementor-element elementor-element-66b61e4 elementor-section-boxed elementor-section-height-default elementor-section-height-default\" data-id=\"66b61e4\" data-element_type=\"section\" data-e-type=\"section\">\n\t\t\t\t\t\t<div class=\"elementor-container elementor-column-gap-default\">\n\t\t\t\t\t<div class=\"elementor-column elementor-col-100 elementor-top-column elementor-element elementor-element-5a1db65\" data-id=\"5a1db65\" data-element_type=\"column\" data-e-type=\"column\">\n\t\t\t<div class=\"elementor-widget-wrap elementor-element-populated\">\n\t\t\t\t\t\t<div class=\"elementor-element elementor-element-2ea7eb6 elementor-widget elementor-widget-text-editor\" data-id=\"2ea7eb6\" data-element_type=\"widget\" data-e-type=\"widget\" data-widget_type=\"text-editor.default\">\n\t\t\t\t<div class=\"elementor-widget-container\">\n\t\t\t\t\t\t\t\t\t<div class=\"flex max-w-full flex-col flex-grow\">\n<div class=\"min-h-8 text-message flex w-full flex-col items-end gap-2 whitespace-normal break-words text-start [.text-message+&amp;]:mt-5\" dir=\"auto\" data-message-author-role=\"assistant\" data-message-id=\"7f47a61d-0c1f-45cd-9d13-7804045345c8\" data-message-model-slug=\"gpt-4o\">\n<div class=\"flex w-full flex-col gap-1 empty:hidden first:pt-[3px]\">\n<div class=\"markdown prose w-full break-words dark:prose-invert light\">\n<p style=\"text-align: left;\">Entre las canciones seleccionadas destacan cl\u00e1sicos que marcaron su carrera, ahora reinterpretados con la misma pasi\u00f3n y autenticidad que la caracterizan. Para Rosario, este \u00e1lbum no es solo una mirada al pasado, sino tambi\u00e9n un acto de agradecimiento a su p\u00fablico y a su propia trayectoria: \u00abSiento que he llegado a la meta. Este disco es mi forma de dar gracias a la vida por tantos a\u00f1os de m\u00fasica, premios y cari\u00f1o del p\u00fablico.\u00bb<\/p>\n<p>Desde que decidi\u00f3 prescindir del apellido Flores en la portada de sus discos, Rosario ha demostrado ser una artista \u00fanica, fiel a s\u00ed misma y sin necesidad de estrategias comerciales. Su autenticidad, tanto en su voz como en su presencia, la ha consolidado como una leyenda viva de la m\u00fasica espa\u00f1ola.<\/p>\n<\/div>\n<\/div>\n<\/div>\n<\/div>\t\t\t\t\t\t\t\t<\/div>\n\t\t\t\t<\/div>\n\t\t\t\t\t<\/div>\n\t\t<\/div>\n\t\t\t\t\t<\/div>\n\t\t<\/section>\n\t\t\t\t<section class=\"elementor-section elementor-top-section elementor-element elementor-element-99366d8 elementor-section-boxed elementor-section-height-default elementor-section-height-default\" data-id=\"99366d8\" data-element_type=\"section\" data-e-type=\"section\">\n\t\t\t\t\t\t<div class=\"elementor-container elementor-column-gap-default\">\n\t\t\t\t\t<div class=\"elementor-column elementor-col-100 elementor-top-column elementor-element elementor-element-eb51d8f\" data-id=\"eb51d8f\" data-element_type=\"column\" data-e-type=\"column\">\n\t\t\t<div class=\"elementor-widget-wrap elementor-element-populated\">\n\t\t\t\t\t\t<div class=\"elementor-element elementor-element-7312049 elementor-widget elementor-widget-text-editor\" data-id=\"7312049\" data-element_type=\"widget\" data-e-type=\"widget\" data-widget_type=\"text-editor.default\">\n\t\t\t\t<div class=\"elementor-widget-container\">\n\t\t\t\t\t\t\t\t\t<p><em>\u00abUniverso de Ley\u00bb<\/em>\u00a0no solo celebra el pasado de Rosario, sino que tambi\u00e9n reafirma su lugar en el presente como una figura indispensable de la m\u00fasica en espa\u00f1ol. \u00abSoy artista porque la vida estaba escrita as\u00ed para m\u00ed. Es mi verdad y la sigo defendiendo\u00bb, concluye.<\/p><p>El disco ya est\u00e1 disponible en plataformas digitales y en formato f\u00edsico, invitando a los fans a redescubrir a Rosario en todo su esplendor, rodeada de las voces y ritmos que han dado forma a su inconfundible estilo.<\/p>\t\t\t\t\t\t\t\t<\/div>\n\t\t\t\t<\/div>\n\t\t\t\t\t<\/div>\n\t\t<\/div>\n\t\t\t\t\t<\/div>\n\t\t<\/section>\n\t\t\t\t<\/div>\n\t\t","protected":false},"excerpt":{"rendered":"<p>Vuelven los mayores \u00e9xitos de Rosario con colaboraciones\u00a0 como Alejandro Sanz, Sebasti\u00e1n Yatra y Estopa Rosario, una de las voces m\u00e1s ic\u00f3nicas de la m\u00fasica espa\u00f1ola, presenta hoy Universo de Ley, un \u00e1lbum que rinde homenaje a su trayectoria de m\u00e1s de 33 a\u00f1os. Este trabajo re\u00fane nuevas versiones de sus \u00e9xitos m\u00e1s recordados, principalmente [&hellip;]<\/p>\n","protected":false},"author":6,"featured_media":3431,"comment_status":"open","ping_status":"open","sticky":false,"template":"","format":"standard","meta":{"footnotes":""},"categories":[4],"tags":[],"class_list":["post-3429","post","type-post","status-publish","format-standard","has-post-thumbnail","hentry","category-musica"],"yoast_head":"<!-- This site is optimized with the Yoast SEO plugin v27.4 - https:\/\/yoast.com\/product\/yoast-seo-wordpress\/ -->\n<title>Rosario celebra su legado con &quot;Universo de Ley&quot;<\/title>\n<meta name=\"description\" content=\"Vuelven los mayores \u00e9xitos de Rosario con colaboraciones estelares de figuras como Alejandro Sanz, Sebasti\u00e1n Yatra y Estopa, entre otros\" \/>\n<meta name=\"robots\" content=\"index, follow, max-snippet:-1, max-image-preview:large, max-video-preview:-1\" \/>\n<link rel=\"canonical\" href=\"https:\/\/unaymilletras.com\/en\/rosario-celebra-su-legado-con-universo-de-ley\/\" \/>\n<meta property=\"og:locale\" content=\"en_GB\" \/>\n<meta property=\"og:type\" content=\"article\" \/>\n<meta property=\"og:title\" content=\"Rosario celebra su legado con &quot;Universo de Ley&quot;\" \/>\n<meta property=\"og:description\" content=\"Vuelven los mayores \u00e9xitos de Rosario con colaboraciones estelares de figuras como Alejandro Sanz, Sebasti\u00e1n Yatra y Estopa, entre otros\" \/>\n<meta property=\"og:url\" content=\"https:\/\/unaymilletras.com\/en\/rosario-celebra-su-legado-con-universo-de-ley\/\" \/>\n<meta property=\"og:site_name\" content=\"Una y Mil Letras\" \/>\n<meta property=\"article:published_time\" content=\"2024-12-08T10:36:47+00:00\" \/>\n<meta property=\"article:modified_time\" content=\"2025-08-09T10:02:40+00:00\" \/>\n<meta property=\"og:image\" content=\"http:\/\/unaymilletras.com\/wp-content\/uploads\/2024\/12\/1172427_portada-disco-udl-e1733653992343.jpg\" \/>\n\t<meta property=\"og:image:width\" content=\"600\" \/>\n\t<meta property=\"og:image:height\" content=\"600\" \/>\n\t<meta property=\"og:image:type\" content=\"image\/jpeg\" \/>\n<meta name=\"author\" content=\"Redacci\u00f3n\" \/>\n<meta name=\"twitter:card\" content=\"summary_large_image\" \/>\n<meta name=\"twitter:creator\" content=\"@UnaYMilLetras\" \/>\n<meta name=\"twitter:site\" content=\"@UnaYMilLetras\" \/>\n<meta name=\"twitter:label1\" content=\"Written by\" \/>\n\t<meta name=\"twitter:data1\" content=\"Redacci\u00f3n\" \/>\n\t<meta name=\"twitter:label2\" content=\"Estimated reading time\" \/>\n\t<meta name=\"twitter:data2\" content=\"3 minutes\" \/>\n<script type=\"application\/ld+json\" class=\"yoast-schema-graph\">{\"@context\":\"https:\\\/\\\/schema.org\",\"@graph\":[{\"@type\":\"Article\",\"@id\":\"https:\\\/\\\/unaymilletras.com\\\/rosario-celebra-su-legado-con-universo-de-ley\\\/#article\",\"isPartOf\":{\"@id\":\"https:\\\/\\\/unaymilletras.com\\\/rosario-celebra-su-legado-con-universo-de-ley\\\/\"},\"author\":{\"name\":\"Redacci\u00f3n\",\"@id\":\"http:\\\/\\\/unaymilletras.com\\\/#\\\/schema\\\/person\\\/0860dc8a218329991ee2c7591f4f849d\"},\"headline\":\"Rosario celebra su legado con \u00abUniverso de Ley\u00bb\",\"datePublished\":\"2024-12-08T10:36:47+00:00\",\"dateModified\":\"2025-08-09T10:02:40+00:00\",\"mainEntityOfPage\":{\"@id\":\"https:\\\/\\\/unaymilletras.com\\\/rosario-celebra-su-legado-con-universo-de-ley\\\/\"},\"wordCount\":464,\"commentCount\":0,\"publisher\":{\"@id\":\"http:\\\/\\\/unaymilletras.com\\\/#organization\"},\"image\":{\"@id\":\"https:\\\/\\\/unaymilletras.com\\\/rosario-celebra-su-legado-con-universo-de-ley\\\/#primaryimage\"},\"thumbnailUrl\":\"https:\\\/\\\/unaymilletras.com\\\/wp-content\\\/uploads\\\/2024\\\/12\\\/1172427_portada-disco-udl-e1733653992343.jpg\",\"articleSection\":[\"M\u00fasica\"],\"inLanguage\":\"en-GB\",\"potentialAction\":[{\"@type\":\"CommentAction\",\"name\":\"Comment\",\"target\":[\"https:\\\/\\\/unaymilletras.com\\\/rosario-celebra-su-legado-con-universo-de-ley\\\/#respond\"]}]},{\"@type\":\"WebPage\",\"@id\":\"https:\\\/\\\/unaymilletras.com\\\/rosario-celebra-su-legado-con-universo-de-ley\\\/\",\"url\":\"https:\\\/\\\/unaymilletras.com\\\/rosario-celebra-su-legado-con-universo-de-ley\\\/\",\"name\":\"Rosario celebra su legado con \\\"Universo de Ley\\\"\",\"isPartOf\":{\"@id\":\"http:\\\/\\\/unaymilletras.com\\\/#website\"},\"primaryImageOfPage\":{\"@id\":\"https:\\\/\\\/unaymilletras.com\\\/rosario-celebra-su-legado-con-universo-de-ley\\\/#primaryimage\"},\"image\":{\"@id\":\"https:\\\/\\\/unaymilletras.com\\\/rosario-celebra-su-legado-con-universo-de-ley\\\/#primaryimage\"},\"thumbnailUrl\":\"https:\\\/\\\/unaymilletras.com\\\/wp-content\\\/uploads\\\/2024\\\/12\\\/1172427_portada-disco-udl-e1733653992343.jpg\",\"datePublished\":\"2024-12-08T10:36:47+00:00\",\"dateModified\":\"2025-08-09T10:02:40+00:00\",\"description\":\"Vuelven los mayores \u00e9xitos de Rosario con colaboraciones estelares de figuras como Alejandro Sanz, Sebasti\u00e1n Yatra y Estopa, entre otros\",\"breadcrumb\":{\"@id\":\"https:\\\/\\\/unaymilletras.com\\\/rosario-celebra-su-legado-con-universo-de-ley\\\/#breadcrumb\"},\"inLanguage\":\"en-GB\",\"potentialAction\":[{\"@type\":\"ReadAction\",\"target\":[\"https:\\\/\\\/unaymilletras.com\\\/rosario-celebra-su-legado-con-universo-de-ley\\\/\"]}]},{\"@type\":\"ImageObject\",\"inLanguage\":\"en-GB\",\"@id\":\"https:\\\/\\\/unaymilletras.com\\\/rosario-celebra-su-legado-con-universo-de-ley\\\/#primaryimage\",\"url\":\"https:\\\/\\\/unaymilletras.com\\\/wp-content\\\/uploads\\\/2024\\\/12\\\/1172427_portada-disco-udl-e1733653992343.jpg\",\"contentUrl\":\"https:\\\/\\\/unaymilletras.com\\\/wp-content\\\/uploads\\\/2024\\\/12\\\/1172427_portada-disco-udl-e1733653992343.jpg\",\"width\":600,\"height\":600,\"caption\":\"Rosario\"},{\"@type\":\"BreadcrumbList\",\"@id\":\"https:\\\/\\\/unaymilletras.com\\\/rosario-celebra-su-legado-con-universo-de-ley\\\/#breadcrumb\",\"itemListElement\":[{\"@type\":\"ListItem\",\"position\":1,\"name\":\"Home\",\"item\":\"http:\\\/\\\/unaymilletras.com\\\/\"},{\"@type\":\"ListItem\",\"position\":2,\"name\":\"Rosario celebra su legado con \u00abUniverso de Ley\u00bb\"}]},{\"@type\":\"WebSite\",\"@id\":\"http:\\\/\\\/unaymilletras.com\\\/#website\",\"url\":\"http:\\\/\\\/unaymilletras.com\\\/\",\"name\":\"Una y Mil Letras\",\"description\":\"\",\"publisher\":{\"@id\":\"http:\\\/\\\/unaymilletras.com\\\/#organization\"},\"potentialAction\":[{\"@type\":\"SearchAction\",\"target\":{\"@type\":\"EntryPoint\",\"urlTemplate\":\"http:\\\/\\\/unaymilletras.com\\\/?s={search_term_string}\"},\"query-input\":{\"@type\":\"PropertyValueSpecification\",\"valueRequired\":true,\"valueName\":\"search_term_string\"}}],\"inLanguage\":\"en-GB\"},{\"@type\":\"Organization\",\"@id\":\"http:\\\/\\\/unaymilletras.com\\\/#organization\",\"name\":\"Una y Mil Letras\",\"url\":\"http:\\\/\\\/unaymilletras.com\\\/\",\"logo\":{\"@type\":\"ImageObject\",\"inLanguage\":\"en-GB\",\"@id\":\"http:\\\/\\\/unaymilletras.com\\\/#\\\/schema\\\/logo\\\/image\\\/\",\"url\":\"https:\\\/\\\/unaymilletras.com\\\/wp-content\\\/uploads\\\/2024\\\/06\\\/cropped-Logo-removebg-preview.png\",\"contentUrl\":\"https:\\\/\\\/unaymilletras.com\\\/wp-content\\\/uploads\\\/2024\\\/06\\\/cropped-Logo-removebg-preview.png\",\"width\":512,\"height\":512,\"caption\":\"Una y Mil Letras\"},\"image\":{\"@id\":\"http:\\\/\\\/unaymilletras.com\\\/#\\\/schema\\\/logo\\\/image\\\/\"},\"sameAs\":[\"https:\\\/\\\/x.com\\\/UnaYMilLetras\",\"https:\\\/\\\/instagram.com\\\/UnaYMilLetras\"]},{\"@type\":\"Person\",\"@id\":\"http:\\\/\\\/unaymilletras.com\\\/#\\\/schema\\\/person\\\/0860dc8a218329991ee2c7591f4f849d\",\"name\":\"Redacci\u00f3n\",\"image\":{\"@type\":\"ImageObject\",\"inLanguage\":\"en-GB\",\"@id\":\"https:\\\/\\\/secure.gravatar.com\\\/avatar\\\/d8f55e05a8b6597e45c55a1dcbdbfe44f4a360d88b48e00de5216a79b7732796?s=96&d=mm&r=g\",\"url\":\"https:\\\/\\\/secure.gravatar.com\\\/avatar\\\/d8f55e05a8b6597e45c55a1dcbdbfe44f4a360d88b48e00de5216a79b7732796?s=96&d=mm&r=g\",\"contentUrl\":\"https:\\\/\\\/secure.gravatar.com\\\/avatar\\\/d8f55e05a8b6597e45c55a1dcbdbfe44f4a360d88b48e00de5216a79b7732796?s=96&d=mm&r=g\",\"caption\":\"Redacci\u00f3n\"},\"url\":\"https:\\\/\\\/unaymilletras.com\\\/en\\\/author\\\/redaccion\\\/\"}]}<\/script>\n<!-- \/ Yoast SEO plugin. -->","yoast_head_json":{"title":"Rosario celebra su legado con \"Universo de Ley\"","description":"Vuelven los mayores \u00e9xitos de Rosario con colaboraciones estelares de figuras como Alejandro Sanz, Sebasti\u00e1n Yatra y Estopa, entre otros","robots":{"index":"index","follow":"follow","max-snippet":"max-snippet:-1","max-image-preview":"max-image-preview:large","max-video-preview":"max-video-preview:-1"},"canonical":"https:\/\/unaymilletras.com\/en\/rosario-celebra-su-legado-con-universo-de-ley\/","og_locale":"en_GB","og_type":"article","og_title":"Rosario celebra su legado con \"Universo de Ley\"","og_description":"Vuelven los mayores \u00e9xitos de Rosario con colaboraciones estelares de figuras como Alejandro Sanz, Sebasti\u00e1n Yatra y Estopa, entre otros","og_url":"https:\/\/unaymilletras.com\/en\/rosario-celebra-su-legado-con-universo-de-ley\/","og_site_name":"Una y Mil Letras","article_published_time":"2024-12-08T10:36:47+00:00","article_modified_time":"2025-08-09T10:02:40+00:00","og_image":[{"width":600,"height":600,"url":"http:\/\/unaymilletras.com\/wp-content\/uploads\/2024\/12\/1172427_portada-disco-udl-e1733653992343.jpg","type":"image\/jpeg"}],"author":"Redacci\u00f3n","twitter_card":"summary_large_image","twitter_creator":"@UnaYMilLetras","twitter_site":"@UnaYMilLetras","twitter_misc":{"Written by":"Redacci\u00f3n","Estimated reading time":"3 minutes"},"schema":{"@context":"https:\/\/schema.org","@graph":[{"@type":"Article","@id":"https:\/\/unaymilletras.com\/rosario-celebra-su-legado-con-universo-de-ley\/#article","isPartOf":{"@id":"https:\/\/unaymilletras.com\/rosario-celebra-su-legado-con-universo-de-ley\/"},"author":{"name":"Redacci\u00f3n","@id":"http:\/\/unaymilletras.com\/#\/schema\/person\/0860dc8a218329991ee2c7591f4f849d"},"headline":"Rosario celebra su legado con \u00abUniverso de Ley\u00bb","datePublished":"2024-12-08T10:36:47+00:00","dateModified":"2025-08-09T10:02:40+00:00","mainEntityOfPage":{"@id":"https:\/\/unaymilletras.com\/rosario-celebra-su-legado-con-universo-de-ley\/"},"wordCount":464,"commentCount":0,"publisher":{"@id":"http:\/\/unaymilletras.com\/#organization"},"image":{"@id":"https:\/\/unaymilletras.com\/rosario-celebra-su-legado-con-universo-de-ley\/#primaryimage"},"thumbnailUrl":"https:\/\/unaymilletras.com\/wp-content\/uploads\/2024\/12\/1172427_portada-disco-udl-e1733653992343.jpg","articleSection":["M\u00fasica"],"inLanguage":"en-GB","potentialAction":[{"@type":"CommentAction","name":"Comment","target":["https:\/\/unaymilletras.com\/rosario-celebra-su-legado-con-universo-de-ley\/#respond"]}]},{"@type":"WebPage","@id":"https:\/\/unaymilletras.com\/rosario-celebra-su-legado-con-universo-de-ley\/","url":"https:\/\/unaymilletras.com\/rosario-celebra-su-legado-con-universo-de-ley\/","name":"Rosario celebra su legado con \"Universo de Ley\"","isPartOf":{"@id":"http:\/\/unaymilletras.com\/#website"},"primaryImageOfPage":{"@id":"https:\/\/unaymilletras.com\/rosario-celebra-su-legado-con-universo-de-ley\/#primaryimage"},"image":{"@id":"https:\/\/unaymilletras.com\/rosario-celebra-su-legado-con-universo-de-ley\/#primaryimage"},"thumbnailUrl":"https:\/\/unaymilletras.com\/wp-content\/uploads\/2024\/12\/1172427_portada-disco-udl-e1733653992343.jpg","datePublished":"2024-12-08T10:36:47+00:00","dateModified":"2025-08-09T10:02:40+00:00","description":"Vuelven los mayores \u00e9xitos de Rosario con colaboraciones estelares de figuras como Alejandro Sanz, Sebasti\u00e1n Yatra y Estopa, entre otros","breadcrumb":{"@id":"https:\/\/unaymilletras.com\/rosario-celebra-su-legado-con-universo-de-ley\/#breadcrumb"},"inLanguage":"en-GB","potentialAction":[{"@type":"ReadAction","target":["https:\/\/unaymilletras.com\/rosario-celebra-su-legado-con-universo-de-ley\/"]}]},{"@type":"ImageObject","inLanguage":"en-GB","@id":"https:\/\/unaymilletras.com\/rosario-celebra-su-legado-con-universo-de-ley\/#primaryimage","url":"https:\/\/unaymilletras.com\/wp-content\/uploads\/2024\/12\/1172427_portada-disco-udl-e1733653992343.jpg","contentUrl":"https:\/\/unaymilletras.com\/wp-content\/uploads\/2024\/12\/1172427_portada-disco-udl-e1733653992343.jpg","width":600,"height":600,"caption":"Rosario"},{"@type":"BreadcrumbList","@id":"https:\/\/unaymilletras.com\/rosario-celebra-su-legado-con-universo-de-ley\/#breadcrumb","itemListElement":[{"@type":"ListItem","position":1,"name":"Home","item":"http:\/\/unaymilletras.com\/"},{"@type":"ListItem","position":2,"name":"Rosario celebra su legado con \u00abUniverso de Ley\u00bb"}]},{"@type":"WebSite","@id":"http:\/\/unaymilletras.com\/#website","url":"http:\/\/unaymilletras.com\/","name":"Una y Mil Letras","description":"","publisher":{"@id":"http:\/\/unaymilletras.com\/#organization"},"potentialAction":[{"@type":"SearchAction","target":{"@type":"EntryPoint","urlTemplate":"http:\/\/unaymilletras.com\/?s={search_term_string}"},"query-input":{"@type":"PropertyValueSpecification","valueRequired":true,"valueName":"search_term_string"}}],"inLanguage":"en-GB"},{"@type":"Organization","@id":"http:\/\/unaymilletras.com\/#organization","name":"Una y Mil Letras","url":"http:\/\/unaymilletras.com\/","logo":{"@type":"ImageObject","inLanguage":"en-GB","@id":"http:\/\/unaymilletras.com\/#\/schema\/logo\/image\/","url":"https:\/\/unaymilletras.com\/wp-content\/uploads\/2024\/06\/cropped-Logo-removebg-preview.png","contentUrl":"https:\/\/unaymilletras.com\/wp-content\/uploads\/2024\/06\/cropped-Logo-removebg-preview.png","width":512,"height":512,"caption":"Una y Mil Letras"},"image":{"@id":"http:\/\/unaymilletras.com\/#\/schema\/logo\/image\/"},"sameAs":["https:\/\/x.com\/UnaYMilLetras","https:\/\/instagram.com\/UnaYMilLetras"]},{"@type":"Person","@id":"http:\/\/unaymilletras.com\/#\/schema\/person\/0860dc8a218329991ee2c7591f4f849d","name":"Redacci\u00f3n","image":{"@type":"ImageObject","inLanguage":"en-GB","@id":"https:\/\/secure.gravatar.com\/avatar\/d8f55e05a8b6597e45c55a1dcbdbfe44f4a360d88b48e00de5216a79b7732796?s=96&d=mm&r=g","url":"https:\/\/secure.gravatar.com\/avatar\/d8f55e05a8b6597e45c55a1dcbdbfe44f4a360d88b48e00de5216a79b7732796?s=96&d=mm&r=g","contentUrl":"https:\/\/secure.gravatar.com\/avatar\/d8f55e05a8b6597e45c55a1dcbdbfe44f4a360d88b48e00de5216a79b7732796?s=96&d=mm&r=g","caption":"Redacci\u00f3n"},"url":"https:\/\/unaymilletras.com\/en\/author\/redaccion\/"}]}},"_links":{"self":[{"href":"https:\/\/unaymilletras.com\/en\/wp-json\/wp\/v2\/posts\/3429","targetHints":{"allow":["GET"]}}],"collection":[{"href":"https:\/\/unaymilletras.com\/en\/wp-json\/wp\/v2\/posts"}],"about":[{"href":"https:\/\/unaymilletras.com\/en\/wp-json\/wp\/v2\/types\/post"}],"author":[{"embeddable":true,"href":"https:\/\/unaymilletras.com\/en\/wp-json\/wp\/v2\/users\/6"}],"replies":[{"embeddable":true,"href":"https:\/\/unaymilletras.com\/en\/wp-json\/wp\/v2\/comments?post=3429"}],"version-history":[{"count":7,"href":"https:\/\/unaymilletras.com\/en\/wp-json\/wp\/v2\/posts\/3429\/revisions"}],"predecessor-version":[{"id":3437,"href":"https:\/\/unaymilletras.com\/en\/wp-json\/wp\/v2\/posts\/3429\/revisions\/3437"}],"wp:featuredmedia":[{"embeddable":true,"href":"https:\/\/unaymilletras.com\/en\/wp-json\/wp\/v2\/media\/3431"}],"wp:attachment":[{"href":"https:\/\/unaymilletras.com\/en\/wp-json\/wp\/v2\/media?parent=3429"}],"wp:term":[{"taxonomy":"category","embeddable":true,"href":"https:\/\/unaymilletras.com\/en\/wp-json\/wp\/v2\/categories?post=3429"},{"taxonomy":"post_tag","embeddable":true,"href":"https:\/\/unaymilletras.com\/en\/wp-json\/wp\/v2\/tags?post=3429"}],"curies":[{"name":"wp","href":"https:\/\/api.w.org\/{rel}","templated":true}]}}