{"id":3451,"date":"2024-12-13T00:00:00","date_gmt":"2024-12-12T23:00:00","guid":{"rendered":"https:\/\/unaymilletras.com\/?p=3451"},"modified":"2024-12-12T22:37:20","modified_gmt":"2024-12-12T21:37:20","slug":"gordo-lanza-su-nuevo-ep-no-hay-verano-sin-gordo","status":"publish","type":"post","link":"https:\/\/unaymilletras.com\/en\/gordo-lanza-su-nuevo-ep-no-hay-verano-sin-gordo\/","title":{"rendered":"Gordo lanza su nuevo EP \u00abNo Hay Verano Sin Gordo\u00bb"},"content":{"rendered":"<div data-elementor-type=\"wp-post\" data-elementor-id=\"3451\" class=\"elementor elementor-3451\">\n\t\t\t\t\t\t<section class=\"elementor-section elementor-top-section elementor-element elementor-element-33bcd7d elementor-section-boxed elementor-section-height-default elementor-section-height-default\" data-id=\"33bcd7d\" data-element_type=\"section\" data-e-type=\"section\">\n\t\t\t\t\t\t<div class=\"elementor-container elementor-column-gap-default\">\n\t\t\t\t\t<div class=\"elementor-column elementor-col-100 elementor-top-column elementor-element elementor-element-7b2e04a\" data-id=\"7b2e04a\" data-element_type=\"column\" data-e-type=\"column\">\n\t\t\t<div class=\"elementor-widget-wrap elementor-element-populated\">\n\t\t\t\t\t\t<div class=\"elementor-element elementor-element-8f9f173 elementor-widget elementor-widget-text-editor\" data-id=\"8f9f173\" data-element_type=\"widget\" data-e-type=\"widget\" data-widget_type=\"text-editor.default\">\n\t\t\t\t<div class=\"elementor-widget-container\">\n\t\t\t\t\t\t\t\t\t<h2 style=\"text-align: center;\"><span style=\"color: #808080;\"><em>El productor hispano m\u00e1s influyente, Gordo, une fuerzas con Bad Gyal, Emilia y Eladio Carri\u00f3n en su nuevo EP<\/em><\/span><\/h2>\t\t\t\t\t\t\t\t<\/div>\n\t\t\t\t<\/div>\n\t\t\t\t\t<\/div>\n\t\t<\/div>\n\t\t\t\t\t<\/div>\n\t\t<\/section>\n\t\t\t\t<section class=\"elementor-section elementor-top-section elementor-element elementor-element-ea5f5da elementor-section-boxed elementor-section-height-default elementor-section-height-default\" data-id=\"ea5f5da\" data-element_type=\"section\" data-e-type=\"section\">\n\t\t\t\t\t\t<div class=\"elementor-container elementor-column-gap-default\">\n\t\t\t\t\t<div class=\"elementor-column elementor-col-100 elementor-top-column elementor-element elementor-element-508d906\" data-id=\"508d906\" data-element_type=\"column\" data-e-type=\"column\">\n\t\t\t<div class=\"elementor-widget-wrap elementor-element-populated\">\n\t\t\t\t\t\t<div class=\"elementor-element elementor-element-3d68ebe elementor-widget elementor-widget-text-editor\" data-id=\"3d68ebe\" data-element_type=\"widget\" data-e-type=\"widget\" data-widget_type=\"text-editor.default\">\n\t\t\t\t<div class=\"elementor-widget-container\">\n\t\t\t\t\t\t\t\t\t<p><b>Gordo<\/b>, el DJ y productor musical nominado al Grammy, ha lanzado su esperado EP <em><b>No Hay Verano Sin Gordo<\/b><\/em>. Una obra que fusiona el house underground con los ritmos latinos m\u00e1s aut\u00e9nticos. El proyecto re\u00fane a artistas de cinco pa\u00edses, incluyendo a <b>Bad Gyal<\/b>, <b>Eladio Carri\u00f3n<\/b>, <b>Emilia<\/b>, <b>Sfera Ebbasta<\/b> y <b>MC GW<\/b>, para crear un sonido que trasciende fronteras.<\/p>\n<p>El single principal, <em><b>Wet<\/b><\/em>, es una colaboraci\u00f3n explosiva con Bad Gyal que destaca por su energ\u00eda y estilo \u00fanicos. Cada uno de los seis temas del EP refleja la habilidad de Gordo para integrar la esencia de la m\u00fasica electr\u00f3nica con influencias culturales que conectan con una audiencia global.<\/p>\t\t\t\t\t\t\t\t<\/div>\n\t\t\t\t<\/div>\n\t\t\t\t\t<\/div>\n\t\t<\/div>\n\t\t\t\t\t<\/div>\n\t\t<\/section>\n\t\t\t\t<section class=\"elementor-section elementor-top-section elementor-element elementor-element-2e50cc2 elementor-section-boxed elementor-section-height-default elementor-section-height-default\" data-id=\"2e50cc2\" data-element_type=\"section\" data-e-type=\"section\">\n\t\t\t\t\t\t<div class=\"elementor-container elementor-column-gap-default\">\n\t\t\t\t\t<div class=\"elementor-column elementor-col-50 elementor-top-column elementor-element elementor-element-f2cb041\" data-id=\"f2cb041\" data-element_type=\"column\" data-e-type=\"column\">\n\t\t\t<div class=\"elementor-widget-wrap elementor-element-populated\">\n\t\t\t\t\t\t<div class=\"elementor-element elementor-element-b83d20d elementor-widget elementor-widget-image\" data-id=\"b83d20d\" data-element_type=\"widget\" data-e-type=\"widget\" data-widget_type=\"image.default\">\n\t\t\t\t<div class=\"elementor-widget-container\">\n\t\t\t\t\t\t\t\t\t\t\t\t\t\t\t<img fetchpriority=\"high\" decoding=\"async\" width=\"640\" height=\"640\" src=\"https:\/\/unaymilletras.com\/wp-content\/uploads\/2024\/12\/Gordo-1024x1024.png\" class=\"attachment-large size-large wp-image-3453\" alt=\"Gordo\" srcset=\"https:\/\/unaymilletras.com\/wp-content\/uploads\/2024\/12\/Gordo-1024x1024.png 1024w, https:\/\/unaymilletras.com\/wp-content\/uploads\/2024\/12\/Gordo-300x300.png 300w, https:\/\/unaymilletras.com\/wp-content\/uploads\/2024\/12\/Gordo-150x150.png 150w, https:\/\/unaymilletras.com\/wp-content\/uploads\/2024\/12\/Gordo-768x768.png 768w, https:\/\/unaymilletras.com\/wp-content\/uploads\/2024\/12\/Gordo-1536x1536.png 1536w, https:\/\/unaymilletras.com\/wp-content\/uploads\/2024\/12\/Gordo-2048x2048.png 2048w, https:\/\/unaymilletras.com\/wp-content\/uploads\/2024\/12\/Gordo-12x12.png 12w, https:\/\/unaymilletras.com\/wp-content\/uploads\/2024\/12\/Gordo-e1734039278124.png 600w\" sizes=\"(max-width: 640px) 100vw, 640px\" \/>\t\t\t\t\t\t\t\t\t\t\t\t\t\t\t<\/div>\n\t\t\t\t<\/div>\n\t\t\t\t\t<\/div>\n\t\t<\/div>\n\t\t\t\t<div class=\"elementor-column elementor-col-50 elementor-top-column elementor-element elementor-element-be99d14\" data-id=\"be99d14\" data-element_type=\"column\" data-e-type=\"column\">\n\t\t\t<div class=\"elementor-widget-wrap elementor-element-populated\">\n\t\t\t\t\t\t<div class=\"elementor-element elementor-element-06993da elementor-widget elementor-widget-image\" data-id=\"06993da\" data-element_type=\"widget\" data-e-type=\"widget\" data-widget_type=\"image.default\">\n\t\t\t\t<div class=\"elementor-widget-container\">\n\t\t\t\t\t\t\t\t\t\t\t\t\t\t\t<img decoding=\"async\" width=\"640\" height=\"640\" src=\"https:\/\/unaymilletras.com\/wp-content\/uploads\/2024\/12\/Portada-_No-hay-verano-sin-GORDO_-1024x1024.jpeg\" class=\"attachment-large size-large wp-image-3454\" alt=\"Gordo\" srcset=\"https:\/\/unaymilletras.com\/wp-content\/uploads\/2024\/12\/Portada-_No-hay-verano-sin-GORDO_-1024x1024.jpeg 1024w, https:\/\/unaymilletras.com\/wp-content\/uploads\/2024\/12\/Portada-_No-hay-verano-sin-GORDO_-300x300.jpeg 300w, https:\/\/unaymilletras.com\/wp-content\/uploads\/2024\/12\/Portada-_No-hay-verano-sin-GORDO_-150x150.jpeg 150w, https:\/\/unaymilletras.com\/wp-content\/uploads\/2024\/12\/Portada-_No-hay-verano-sin-GORDO_-768x768.jpeg 768w, https:\/\/unaymilletras.com\/wp-content\/uploads\/2024\/12\/Portada-_No-hay-verano-sin-GORDO_-1536x1536.jpeg 1536w, https:\/\/unaymilletras.com\/wp-content\/uploads\/2024\/12\/Portada-_No-hay-verano-sin-GORDO_-2048x2048.jpeg 2048w, https:\/\/unaymilletras.com\/wp-content\/uploads\/2024\/12\/Portada-_No-hay-verano-sin-GORDO_-12x12.jpeg 12w, https:\/\/unaymilletras.com\/wp-content\/uploads\/2024\/12\/Portada-_No-hay-verano-sin-GORDO_-scaled-e1734039291870.jpeg 600w\" sizes=\"(max-width: 640px) 100vw, 640px\" \/>\t\t\t\t\t\t\t\t\t\t\t\t\t\t\t<\/div>\n\t\t\t\t<\/div>\n\t\t\t\t\t<\/div>\n\t\t<\/div>\n\t\t\t\t\t<\/div>\n\t\t<\/section>\n\t\t\t\t<section class=\"elementor-section elementor-top-section elementor-element elementor-element-57d764b elementor-section-boxed elementor-section-height-default elementor-section-height-default\" data-id=\"57d764b\" data-element_type=\"section\" data-e-type=\"section\">\n\t\t\t\t\t\t<div class=\"elementor-container elementor-column-gap-default\">\n\t\t\t\t\t<div class=\"elementor-column elementor-col-100 elementor-top-column elementor-element elementor-element-4193682\" data-id=\"4193682\" data-element_type=\"column\" data-e-type=\"column\">\n\t\t\t<div class=\"elementor-widget-wrap elementor-element-populated\">\n\t\t\t\t\t\t<div class=\"elementor-element elementor-element-7d28300 elementor-widget elementor-widget-text-editor\" data-id=\"7d28300\" data-element_type=\"widget\" data-e-type=\"widget\" data-widget_type=\"text-editor.default\">\n\t\t\t\t<div class=\"elementor-widget-container\">\n\t\t\t\t\t\t\t\t\t<p><em>\u00abNo Hay Verano Sin Gordo es m\u00e1s que m\u00fasica; es una celebraci\u00f3n de nuestras ra\u00edces y diversidad,\u00bb<\/em> explica el DJ, quien contin\u00faa marcando tendencias en la escena musical internacional tras \u00e9xitos anteriores como <em>Diamante<\/em>.<\/p><p>Con una carrera que incluye actuaciones memorables en escenarios ic\u00f3nicos como Coachella, Tomorrowland y Pacha Ibiza, Gordo se ha consolidado como una de las figuras m\u00e1s influyentes de la m\u00fasica electr\u00f3nica. Su reciente gira por Sudam\u00e9rica, que recorri\u00f3 m\u00e1s de 25 ciudades en 15 pa\u00edses, reafirma su conexi\u00f3n con el p\u00fablico y su capacidad para construir una comunidad global vibrante.<\/p><p>El EP, que tambi\u00e9n incluye temas como <em>Olvidarte<\/em> con Emilia y <em>Outside<\/em> con Eladio Carri\u00f3n, muestra la versatilidad de Gordo al colaborar con artistas que aportan frescura y autenticidad a cada producci\u00f3n. A trav\u00e9s de estos sonidos, el productor invita a los oyentes a explorar su identidad y celebrar la riqueza cultural que une a las personas.<\/p><p>Con <em>No Hay Verano Sin Gordo<\/em>, Gordo no solo ofrece una experiencia musical innovadora, sino que refuerza su lugar como puente entre la m\u00fasica house y la cultura latina. Este lanzamiento confirma que su impacto en la industria contin\u00faa creciendo, estableciendo un est\u00e1ndar para la m\u00fasica electr\u00f3nica con influencias globales.<\/p>\t\t\t\t\t\t\t\t<\/div>\n\t\t\t\t<\/div>\n\t\t\t\t\t<\/div>\n\t\t<\/div>\n\t\t\t\t\t<\/div>\n\t\t<\/section>\n\t\t\t\t<\/div>","protected":false},"excerpt":{"rendered":"<p>El productor hispano m\u00e1s influyente, Gordo, une fuerzas con Bad Gyal, Emilia y Eladio Carri\u00f3n en su nuevo EP Gordo, el DJ y productor musical nominado al Grammy, ha lanzado su esperado EP No Hay Verano Sin Gordo. Una obra que fusiona el house underground con los ritmos latinos m\u00e1s aut\u00e9nticos. El proyecto re\u00fane a [&hellip;]<\/p>\n","protected":false},"author":6,"featured_media":3453,"comment_status":"closed","ping_status":"closed","sticky":false,"template":"","format":"standard","meta":{"footnotes":""},"categories":[4],"tags":[],"class_list":["post-3451","post","type-post","status-publish","format-standard","has-post-thumbnail","hentry","category-musica"],"yoast_head":"<!-- This site is optimized with the Yoast SEO plugin v27.4 - https:\/\/yoast.com\/product\/yoast-seo-wordpress\/ -->\n<title>Gordo lanza su nuevo EP &quot;No Hay Verano Sin Gordo&quot;<\/title>\n<meta name=\"description\" content=\"El productor hispano m\u00e1s influyente, Gordo, une fuerzas con Bad Gyal, Emilia y Eladio Carri\u00f3n en un EP que celebra la diversidad cultural\" \/>\n<meta name=\"robots\" content=\"index, follow, max-snippet:-1, max-image-preview:large, max-video-preview:-1\" \/>\n<link rel=\"canonical\" href=\"https:\/\/unaymilletras.com\/en\/gordo-lanza-su-nuevo-ep-no-hay-verano-sin-gordo\/\" \/>\n<meta property=\"og:locale\" content=\"en_GB\" \/>\n<meta property=\"og:type\" content=\"article\" \/>\n<meta property=\"og:title\" content=\"Gordo lanza su nuevo EP &quot;No Hay Verano Sin Gordo&quot;\" \/>\n<meta property=\"og:description\" content=\"El productor hispano m\u00e1s influyente, Gordo, une fuerzas con Bad Gyal, Emilia y Eladio Carri\u00f3n en un EP que celebra la diversidad cultural\" \/>\n<meta property=\"og:url\" content=\"https:\/\/unaymilletras.com\/en\/gordo-lanza-su-nuevo-ep-no-hay-verano-sin-gordo\/\" \/>\n<meta property=\"og:site_name\" content=\"Una y Mil Letras\" \/>\n<meta property=\"article:published_time\" content=\"2024-12-12T23:00:00+00:00\" \/>\n<meta property=\"og:image\" content=\"https:\/\/unaymilletras.com\/wp-content\/uploads\/2024\/12\/Gordo-e1734039278124.png\" \/>\n\t<meta property=\"og:image:width\" content=\"600\" \/>\n\t<meta property=\"og:image:height\" content=\"600\" \/>\n\t<meta property=\"og:image:type\" content=\"image\/png\" \/>\n<meta name=\"author\" content=\"Redacci\u00f3n\" \/>\n<meta name=\"twitter:card\" content=\"summary_large_image\" \/>\n<meta name=\"twitter:creator\" content=\"@UnaYMilLetras\" \/>\n<meta name=\"twitter:site\" content=\"@UnaYMilLetras\" \/>\n<meta name=\"twitter:label1\" content=\"Written by\" \/>\n\t<meta name=\"twitter:data1\" content=\"Redacci\u00f3n\" \/>\n\t<meta name=\"twitter:label2\" content=\"Estimated reading time\" \/>\n\t<meta name=\"twitter:data2\" content=\"2 minutes\" \/>\n<script type=\"application\/ld+json\" class=\"yoast-schema-graph\">{\"@context\":\"https:\\\/\\\/schema.org\",\"@graph\":[{\"@type\":\"Article\",\"@id\":\"https:\\\/\\\/unaymilletras.com\\\/gordo-lanza-su-nuevo-ep-no-hay-verano-sin-gordo\\\/#article\",\"isPartOf\":{\"@id\":\"https:\\\/\\\/unaymilletras.com\\\/gordo-lanza-su-nuevo-ep-no-hay-verano-sin-gordo\\\/\"},\"author\":{\"name\":\"Redacci\u00f3n\",\"@id\":\"http:\\\/\\\/unaymilletras.com\\\/#\\\/schema\\\/person\\\/0860dc8a218329991ee2c7591f4f849d\"},\"headline\":\"Gordo lanza su nuevo EP \u00abNo Hay Verano Sin Gordo\u00bb\",\"datePublished\":\"2024-12-12T23:00:00+00:00\",\"mainEntityOfPage\":{\"@id\":\"https:\\\/\\\/unaymilletras.com\\\/gordo-lanza-su-nuevo-ep-no-hay-verano-sin-gordo\\\/\"},\"wordCount\":370,\"publisher\":{\"@id\":\"http:\\\/\\\/unaymilletras.com\\\/#organization\"},\"image\":{\"@id\":\"https:\\\/\\\/unaymilletras.com\\\/gordo-lanza-su-nuevo-ep-no-hay-verano-sin-gordo\\\/#primaryimage\"},\"thumbnailUrl\":\"https:\\\/\\\/unaymilletras.com\\\/wp-content\\\/uploads\\\/2024\\\/12\\\/Gordo-e1734039278124.png\",\"articleSection\":[\"M\u00fasica\"],\"inLanguage\":\"en-GB\"},{\"@type\":\"WebPage\",\"@id\":\"https:\\\/\\\/unaymilletras.com\\\/gordo-lanza-su-nuevo-ep-no-hay-verano-sin-gordo\\\/\",\"url\":\"https:\\\/\\\/unaymilletras.com\\\/gordo-lanza-su-nuevo-ep-no-hay-verano-sin-gordo\\\/\",\"name\":\"Gordo lanza su nuevo EP \\\"No Hay Verano Sin Gordo\\\"\",\"isPartOf\":{\"@id\":\"http:\\\/\\\/unaymilletras.com\\\/#website\"},\"primaryImageOfPage\":{\"@id\":\"https:\\\/\\\/unaymilletras.com\\\/gordo-lanza-su-nuevo-ep-no-hay-verano-sin-gordo\\\/#primaryimage\"},\"image\":{\"@id\":\"https:\\\/\\\/unaymilletras.com\\\/gordo-lanza-su-nuevo-ep-no-hay-verano-sin-gordo\\\/#primaryimage\"},\"thumbnailUrl\":\"https:\\\/\\\/unaymilletras.com\\\/wp-content\\\/uploads\\\/2024\\\/12\\\/Gordo-e1734039278124.png\",\"datePublished\":\"2024-12-12T23:00:00+00:00\",\"description\":\"El productor hispano m\u00e1s influyente, Gordo, une fuerzas con Bad Gyal, Emilia y Eladio Carri\u00f3n en un EP que celebra la diversidad cultural\",\"breadcrumb\":{\"@id\":\"https:\\\/\\\/unaymilletras.com\\\/gordo-lanza-su-nuevo-ep-no-hay-verano-sin-gordo\\\/#breadcrumb\"},\"inLanguage\":\"en-GB\",\"potentialAction\":[{\"@type\":\"ReadAction\",\"target\":[\"https:\\\/\\\/unaymilletras.com\\\/gordo-lanza-su-nuevo-ep-no-hay-verano-sin-gordo\\\/\"]}]},{\"@type\":\"ImageObject\",\"inLanguage\":\"en-GB\",\"@id\":\"https:\\\/\\\/unaymilletras.com\\\/gordo-lanza-su-nuevo-ep-no-hay-verano-sin-gordo\\\/#primaryimage\",\"url\":\"https:\\\/\\\/unaymilletras.com\\\/wp-content\\\/uploads\\\/2024\\\/12\\\/Gordo-e1734039278124.png\",\"contentUrl\":\"https:\\\/\\\/unaymilletras.com\\\/wp-content\\\/uploads\\\/2024\\\/12\\\/Gordo-e1734039278124.png\",\"width\":600,\"height\":600,\"caption\":\"Gordo\"},{\"@type\":\"BreadcrumbList\",\"@id\":\"https:\\\/\\\/unaymilletras.com\\\/gordo-lanza-su-nuevo-ep-no-hay-verano-sin-gordo\\\/#breadcrumb\",\"itemListElement\":[{\"@type\":\"ListItem\",\"position\":1,\"name\":\"Home\",\"item\":\"http:\\\/\\\/unaymilletras.com\\\/\"},{\"@type\":\"ListItem\",\"position\":2,\"name\":\"Gordo lanza su nuevo EP \u00abNo Hay Verano Sin Gordo\u00bb\"}]},{\"@type\":\"WebSite\",\"@id\":\"http:\\\/\\\/unaymilletras.com\\\/#website\",\"url\":\"http:\\\/\\\/unaymilletras.com\\\/\",\"name\":\"Una y Mil Letras\",\"description\":\"\",\"publisher\":{\"@id\":\"http:\\\/\\\/unaymilletras.com\\\/#organization\"},\"potentialAction\":[{\"@type\":\"SearchAction\",\"target\":{\"@type\":\"EntryPoint\",\"urlTemplate\":\"http:\\\/\\\/unaymilletras.com\\\/?s={search_term_string}\"},\"query-input\":{\"@type\":\"PropertyValueSpecification\",\"valueRequired\":true,\"valueName\":\"search_term_string\"}}],\"inLanguage\":\"en-GB\"},{\"@type\":\"Organization\",\"@id\":\"http:\\\/\\\/unaymilletras.com\\\/#organization\",\"name\":\"Una y Mil Letras\",\"url\":\"http:\\\/\\\/unaymilletras.com\\\/\",\"logo\":{\"@type\":\"ImageObject\",\"inLanguage\":\"en-GB\",\"@id\":\"http:\\\/\\\/unaymilletras.com\\\/#\\\/schema\\\/logo\\\/image\\\/\",\"url\":\"https:\\\/\\\/unaymilletras.com\\\/wp-content\\\/uploads\\\/2024\\\/06\\\/cropped-Logo-removebg-preview.png\",\"contentUrl\":\"https:\\\/\\\/unaymilletras.com\\\/wp-content\\\/uploads\\\/2024\\\/06\\\/cropped-Logo-removebg-preview.png\",\"width\":512,\"height\":512,\"caption\":\"Una y Mil Letras\"},\"image\":{\"@id\":\"http:\\\/\\\/unaymilletras.com\\\/#\\\/schema\\\/logo\\\/image\\\/\"},\"sameAs\":[\"https:\\\/\\\/x.com\\\/UnaYMilLetras\",\"https:\\\/\\\/instagram.com\\\/UnaYMilLetras\"]},{\"@type\":\"Person\",\"@id\":\"http:\\\/\\\/unaymilletras.com\\\/#\\\/schema\\\/person\\\/0860dc8a218329991ee2c7591f4f849d\",\"name\":\"Redacci\u00f3n\",\"image\":{\"@type\":\"ImageObject\",\"inLanguage\":\"en-GB\",\"@id\":\"https:\\\/\\\/secure.gravatar.com\\\/avatar\\\/d8f55e05a8b6597e45c55a1dcbdbfe44f4a360d88b48e00de5216a79b7732796?s=96&d=mm&r=g\",\"url\":\"https:\\\/\\\/secure.gravatar.com\\\/avatar\\\/d8f55e05a8b6597e45c55a1dcbdbfe44f4a360d88b48e00de5216a79b7732796?s=96&d=mm&r=g\",\"contentUrl\":\"https:\\\/\\\/secure.gravatar.com\\\/avatar\\\/d8f55e05a8b6597e45c55a1dcbdbfe44f4a360d88b48e00de5216a79b7732796?s=96&d=mm&r=g\",\"caption\":\"Redacci\u00f3n\"},\"url\":\"https:\\\/\\\/unaymilletras.com\\\/en\\\/author\\\/redaccion\\\/\"}]}<\/script>\n<!-- \/ Yoast SEO plugin. -->","yoast_head_json":{"title":"Gordo lanza su nuevo EP \"No Hay Verano Sin Gordo\"","description":"El productor hispano m\u00e1s influyente, Gordo, une fuerzas con Bad Gyal, Emilia y Eladio Carri\u00f3n en un EP que celebra la diversidad cultural","robots":{"index":"index","follow":"follow","max-snippet":"max-snippet:-1","max-image-preview":"max-image-preview:large","max-video-preview":"max-video-preview:-1"},"canonical":"https:\/\/unaymilletras.com\/en\/gordo-lanza-su-nuevo-ep-no-hay-verano-sin-gordo\/","og_locale":"en_GB","og_type":"article","og_title":"Gordo lanza su nuevo EP \"No Hay Verano Sin Gordo\"","og_description":"El productor hispano m\u00e1s influyente, Gordo, une fuerzas con Bad Gyal, Emilia y Eladio Carri\u00f3n en un EP que celebra la diversidad cultural","og_url":"https:\/\/unaymilletras.com\/en\/gordo-lanza-su-nuevo-ep-no-hay-verano-sin-gordo\/","og_site_name":"Una y Mil Letras","article_published_time":"2024-12-12T23:00:00+00:00","og_image":[{"width":600,"height":600,"url":"https:\/\/unaymilletras.com\/wp-content\/uploads\/2024\/12\/Gordo-e1734039278124.png","type":"image\/png"}],"author":"Redacci\u00f3n","twitter_card":"summary_large_image","twitter_creator":"@UnaYMilLetras","twitter_site":"@UnaYMilLetras","twitter_misc":{"Written by":"Redacci\u00f3n","Estimated reading time":"2 minutes"},"schema":{"@context":"https:\/\/schema.org","@graph":[{"@type":"Article","@id":"https:\/\/unaymilletras.com\/gordo-lanza-su-nuevo-ep-no-hay-verano-sin-gordo\/#article","isPartOf":{"@id":"https:\/\/unaymilletras.com\/gordo-lanza-su-nuevo-ep-no-hay-verano-sin-gordo\/"},"author":{"name":"Redacci\u00f3n","@id":"http:\/\/unaymilletras.com\/#\/schema\/person\/0860dc8a218329991ee2c7591f4f849d"},"headline":"Gordo lanza su nuevo EP \u00abNo Hay Verano Sin Gordo\u00bb","datePublished":"2024-12-12T23:00:00+00:00","mainEntityOfPage":{"@id":"https:\/\/unaymilletras.com\/gordo-lanza-su-nuevo-ep-no-hay-verano-sin-gordo\/"},"wordCount":370,"publisher":{"@id":"http:\/\/unaymilletras.com\/#organization"},"image":{"@id":"https:\/\/unaymilletras.com\/gordo-lanza-su-nuevo-ep-no-hay-verano-sin-gordo\/#primaryimage"},"thumbnailUrl":"https:\/\/unaymilletras.com\/wp-content\/uploads\/2024\/12\/Gordo-e1734039278124.png","articleSection":["M\u00fasica"],"inLanguage":"en-GB"},{"@type":"WebPage","@id":"https:\/\/unaymilletras.com\/gordo-lanza-su-nuevo-ep-no-hay-verano-sin-gordo\/","url":"https:\/\/unaymilletras.com\/gordo-lanza-su-nuevo-ep-no-hay-verano-sin-gordo\/","name":"Gordo lanza su nuevo EP \"No Hay Verano Sin Gordo\"","isPartOf":{"@id":"http:\/\/unaymilletras.com\/#website"},"primaryImageOfPage":{"@id":"https:\/\/unaymilletras.com\/gordo-lanza-su-nuevo-ep-no-hay-verano-sin-gordo\/#primaryimage"},"image":{"@id":"https:\/\/unaymilletras.com\/gordo-lanza-su-nuevo-ep-no-hay-verano-sin-gordo\/#primaryimage"},"thumbnailUrl":"https:\/\/unaymilletras.com\/wp-content\/uploads\/2024\/12\/Gordo-e1734039278124.png","datePublished":"2024-12-12T23:00:00+00:00","description":"El productor hispano m\u00e1s influyente, Gordo, une fuerzas con Bad Gyal, Emilia y Eladio Carri\u00f3n en un EP que celebra la diversidad cultural","breadcrumb":{"@id":"https:\/\/unaymilletras.com\/gordo-lanza-su-nuevo-ep-no-hay-verano-sin-gordo\/#breadcrumb"},"inLanguage":"en-GB","potentialAction":[{"@type":"ReadAction","target":["https:\/\/unaymilletras.com\/gordo-lanza-su-nuevo-ep-no-hay-verano-sin-gordo\/"]}]},{"@type":"ImageObject","inLanguage":"en-GB","@id":"https:\/\/unaymilletras.com\/gordo-lanza-su-nuevo-ep-no-hay-verano-sin-gordo\/#primaryimage","url":"https:\/\/unaymilletras.com\/wp-content\/uploads\/2024\/12\/Gordo-e1734039278124.png","contentUrl":"https:\/\/unaymilletras.com\/wp-content\/uploads\/2024\/12\/Gordo-e1734039278124.png","width":600,"height":600,"caption":"Gordo"},{"@type":"BreadcrumbList","@id":"https:\/\/unaymilletras.com\/gordo-lanza-su-nuevo-ep-no-hay-verano-sin-gordo\/#breadcrumb","itemListElement":[{"@type":"ListItem","position":1,"name":"Home","item":"http:\/\/unaymilletras.com\/"},{"@type":"ListItem","position":2,"name":"Gordo lanza su nuevo EP \u00abNo Hay Verano Sin Gordo\u00bb"}]},{"@type":"WebSite","@id":"http:\/\/unaymilletras.com\/#website","url":"http:\/\/unaymilletras.com\/","name":"Una y Mil Letras","description":"","publisher":{"@id":"http:\/\/unaymilletras.com\/#organization"},"potentialAction":[{"@type":"SearchAction","target":{"@type":"EntryPoint","urlTemplate":"http:\/\/unaymilletras.com\/?s={search_term_string}"},"query-input":{"@type":"PropertyValueSpecification","valueRequired":true,"valueName":"search_term_string"}}],"inLanguage":"en-GB"},{"@type":"Organization","@id":"http:\/\/unaymilletras.com\/#organization","name":"Una y Mil Letras","url":"http:\/\/unaymilletras.com\/","logo":{"@type":"ImageObject","inLanguage":"en-GB","@id":"http:\/\/unaymilletras.com\/#\/schema\/logo\/image\/","url":"https:\/\/unaymilletras.com\/wp-content\/uploads\/2024\/06\/cropped-Logo-removebg-preview.png","contentUrl":"https:\/\/unaymilletras.com\/wp-content\/uploads\/2024\/06\/cropped-Logo-removebg-preview.png","width":512,"height":512,"caption":"Una y Mil Letras"},"image":{"@id":"http:\/\/unaymilletras.com\/#\/schema\/logo\/image\/"},"sameAs":["https:\/\/x.com\/UnaYMilLetras","https:\/\/instagram.com\/UnaYMilLetras"]},{"@type":"Person","@id":"http:\/\/unaymilletras.com\/#\/schema\/person\/0860dc8a218329991ee2c7591f4f849d","name":"Redacci\u00f3n","image":{"@type":"ImageObject","inLanguage":"en-GB","@id":"https:\/\/secure.gravatar.com\/avatar\/d8f55e05a8b6597e45c55a1dcbdbfe44f4a360d88b48e00de5216a79b7732796?s=96&d=mm&r=g","url":"https:\/\/secure.gravatar.com\/avatar\/d8f55e05a8b6597e45c55a1dcbdbfe44f4a360d88b48e00de5216a79b7732796?s=96&d=mm&r=g","contentUrl":"https:\/\/secure.gravatar.com\/avatar\/d8f55e05a8b6597e45c55a1dcbdbfe44f4a360d88b48e00de5216a79b7732796?s=96&d=mm&r=g","caption":"Redacci\u00f3n"},"url":"https:\/\/unaymilletras.com\/en\/author\/redaccion\/"}]}},"_links":{"self":[{"href":"https:\/\/unaymilletras.com\/en\/wp-json\/wp\/v2\/posts\/3451","targetHints":{"allow":["GET"]}}],"collection":[{"href":"https:\/\/unaymilletras.com\/en\/wp-json\/wp\/v2\/posts"}],"about":[{"href":"https:\/\/unaymilletras.com\/en\/wp-json\/wp\/v2\/types\/post"}],"author":[{"embeddable":true,"href":"https:\/\/unaymilletras.com\/en\/wp-json\/wp\/v2\/users\/6"}],"replies":[{"embeddable":true,"href":"https:\/\/unaymilletras.com\/en\/wp-json\/wp\/v2\/comments?post=3451"}],"version-history":[{"count":4,"href":"https:\/\/unaymilletras.com\/en\/wp-json\/wp\/v2\/posts\/3451\/revisions"}],"predecessor-version":[{"id":3457,"href":"https:\/\/unaymilletras.com\/en\/wp-json\/wp\/v2\/posts\/3451\/revisions\/3457"}],"wp:featuredmedia":[{"embeddable":true,"href":"https:\/\/unaymilletras.com\/en\/wp-json\/wp\/v2\/media\/3453"}],"wp:attachment":[{"href":"https:\/\/unaymilletras.com\/en\/wp-json\/wp\/v2\/media?parent=3451"}],"wp:term":[{"taxonomy":"category","embeddable":true,"href":"https:\/\/unaymilletras.com\/en\/wp-json\/wp\/v2\/categories?post=3451"},{"taxonomy":"post_tag","embeddable":true,"href":"https:\/\/unaymilletras.com\/en\/wp-json\/wp\/v2\/tags?post=3451"}],"curies":[{"name":"wp","href":"https:\/\/api.w.org\/{rel}","templated":true}]}}