{"id":3467,"date":"2024-12-13T15:50:24","date_gmt":"2024-12-13T14:50:24","guid":{"rendered":"https:\/\/unaymilletras.com\/?p=3467"},"modified":"2025-08-09T12:02:32","modified_gmt":"2025-08-09T10:02:32","slug":"starlite-christmas-vuelve-a-madrid-con-mas-musica-y-sorpresas","status":"publish","type":"post","link":"https:\/\/unaymilletras.com\/en\/starlite-christmas-vuelve-a-madrid-con-mas-musica-y-sorpresas\/","title":{"rendered":"STARLITE Christmas vuelve a Madrid con m\u00e1s m\u00fasica y sorpresas"},"content":{"rendered":"\t\t<div data-elementor-type=\"wp-post\" data-elementor-id=\"3467\" class=\"elementor elementor-3467\">\n\t\t\t\t\t\t<section class=\"elementor-section elementor-top-section elementor-element elementor-element-5fe6645 elementor-section-boxed elementor-section-height-default elementor-section-height-default\" data-id=\"5fe6645\" data-element_type=\"section\" data-e-type=\"section\">\n\t\t\t\t\t\t<div class=\"elementor-container elementor-column-gap-default\">\n\t\t\t\t\t<div class=\"elementor-column elementor-col-100 elementor-top-column elementor-element elementor-element-71915f6\" data-id=\"71915f6\" data-element_type=\"column\" data-e-type=\"column\">\n\t\t\t<div class=\"elementor-widget-wrap elementor-element-populated\">\n\t\t\t\t\t\t<div class=\"elementor-element elementor-element-3d27aba elementor-widget elementor-widget-text-editor\" data-id=\"3d27aba\" data-element_type=\"widget\" data-e-type=\"widget\" data-widget_type=\"text-editor.default\">\n\t\t\t\t<div class=\"elementor-widget-container\">\n\t\t\t\t\t\t\t\t\t<h2 style=\"text-align: center;\"><span style=\"color: #808080;\"><em>Alejandro Fern\u00e1ndez, Camilo, Estopa y Black Eyed Peas entre otros estar\u00e1n en la segunda edici\u00f3n de STARLITE Christmas<\/em><\/span><\/h2>\t\t\t\t\t\t\t\t<\/div>\n\t\t\t\t<\/div>\n\t\t\t\t\t<\/div>\n\t\t<\/div>\n\t\t\t\t\t<\/div>\n\t\t<\/section>\n\t\t\t\t<section class=\"elementor-section elementor-top-section elementor-element elementor-element-847fdf3 elementor-section-boxed elementor-section-height-default elementor-section-height-default\" data-id=\"847fdf3\" data-element_type=\"section\" data-e-type=\"section\">\n\t\t\t\t\t\t<div class=\"elementor-container elementor-column-gap-default\">\n\t\t\t\t\t<div class=\"elementor-column elementor-col-100 elementor-top-column elementor-element elementor-element-e7dd454\" data-id=\"e7dd454\" data-element_type=\"column\" data-e-type=\"column\">\n\t\t\t<div class=\"elementor-widget-wrap elementor-element-populated\">\n\t\t\t\t\t\t<div class=\"elementor-element elementor-element-68ba443 elementor-widget elementor-widget-text-editor\" data-id=\"68ba443\" data-element_type=\"widget\" data-e-type=\"widget\" data-widget_type=\"text-editor.default\">\n\t\t\t\t<div class=\"elementor-widget-container\">\n\t\t\t\t\t\t\t\t\t<p>Starlite Christmas vuelve a Madrid con una oferta inigualable para esta Navidad. Entre el 12 y el 31 de diciembre, los pabellones 12 y 14 de IFEMA ser\u00e1n el escenario de una celebraci\u00f3n m\u00e1gica, que este a\u00f1o dobla su tama\u00f1o para brindar m\u00e1s conciertos, gastronom\u00eda y actividades. Este evento, inspirado en el ic\u00f3nico Starlite Occident de Marbella, combina tecnolog\u00eda de vanguardia, una cartelera de estrellas y una experiencia de entretenimiento sin precedentes.<\/p><p>Entre los artistas confirmados destacan nombres como Alejandro Fern\u00e1ndez (12 de diciembre), Vanesa Mart\u00edn (13), Ni\u00f1a Pastori (14), Il Divo (15), Grupo Frontera (17), Black Eyed Peas (18), Camilo (20 y 21), Isabel Pantoja (26), Taburete (27) y Estopa (28), entre otros. Las entradas ya est\u00e1n disponibles en ChristmasStarlite.com.<\/p>\t\t\t\t\t\t\t\t<\/div>\n\t\t\t\t<\/div>\n\t\t\t\t\t<\/div>\n\t\t<\/div>\n\t\t\t\t\t<\/div>\n\t\t<\/section>\n\t\t\t\t<section class=\"elementor-section elementor-top-section elementor-element elementor-element-d022905 elementor-section-boxed elementor-section-height-default elementor-section-height-default\" data-id=\"d022905\" data-element_type=\"section\" data-e-type=\"section\">\n\t\t\t\t\t\t<div class=\"elementor-container elementor-column-gap-default\">\n\t\t\t\t\t<div class=\"elementor-column elementor-col-100 elementor-top-column elementor-element elementor-element-08ca4d6\" data-id=\"08ca4d6\" data-element_type=\"column\" data-e-type=\"column\">\n\t\t\t<div class=\"elementor-widget-wrap elementor-element-populated\">\n\t\t\t\t\t\t<div class=\"elementor-element elementor-element-c10c718 elementor-widget elementor-widget-image\" data-id=\"c10c718\" data-element_type=\"widget\" data-e-type=\"widget\" data-widget_type=\"image.default\">\n\t\t\t\t<div class=\"elementor-widget-container\">\n\t\t\t\t\t\t\t\t\t\t\t\t\t\t\t<img fetchpriority=\"high\" decoding=\"async\" width=\"640\" height=\"427\" src=\"https:\/\/unaymilletras.com\/wp-content\/uploads\/2024\/12\/STARLITE-Christmas-2-1024x683.jpg\" class=\"attachment-large size-large wp-image-3469\" alt=\"STARLITE Christmas\" srcset=\"https:\/\/unaymilletras.com\/wp-content\/uploads\/2024\/12\/STARLITE-Christmas-2-1024x683.jpg 1024w, https:\/\/unaymilletras.com\/wp-content\/uploads\/2024\/12\/STARLITE-Christmas-2-300x200.jpg 300w, https:\/\/unaymilletras.com\/wp-content\/uploads\/2024\/12\/STARLITE-Christmas-2-768x512.jpg 768w, https:\/\/unaymilletras.com\/wp-content\/uploads\/2024\/12\/STARLITE-Christmas-2-1536x1025.jpg 1536w, https:\/\/unaymilletras.com\/wp-content\/uploads\/2024\/12\/STARLITE-Christmas-2-2048x1366.jpg 2048w, https:\/\/unaymilletras.com\/wp-content\/uploads\/2024\/12\/STARLITE-Christmas-2-18x12.jpg 18w, https:\/\/unaymilletras.com\/wp-content\/uploads\/2024\/12\/STARLITE-Christmas-2-scaled-e1734102764380.jpg 600w\" sizes=\"(max-width: 640px) 100vw, 640px\" \/>\t\t\t\t\t\t\t\t\t\t\t\t\t\t\t<\/div>\n\t\t\t\t<\/div>\n\t\t\t\t\t<\/div>\n\t\t<\/div>\n\t\t\t\t\t<\/div>\n\t\t<\/section>\n\t\t\t\t<section class=\"elementor-section elementor-top-section elementor-element elementor-element-2542f57 elementor-section-boxed elementor-section-height-default elementor-section-height-default\" data-id=\"2542f57\" data-element_type=\"section\" data-e-type=\"section\">\n\t\t\t\t\t\t<div class=\"elementor-container elementor-column-gap-default\">\n\t\t\t\t\t<div class=\"elementor-column elementor-col-100 elementor-top-column elementor-element elementor-element-af32712\" data-id=\"af32712\" data-element_type=\"column\" data-e-type=\"column\">\n\t\t\t<div class=\"elementor-widget-wrap elementor-element-populated\">\n\t\t\t\t\t\t<div class=\"elementor-element elementor-element-da5542d elementor-widget elementor-widget-text-editor\" data-id=\"da5542d\" data-element_type=\"widget\" data-e-type=\"widget\" data-widget_type=\"text-editor.default\">\n\t\t\t\t<div class=\"elementor-widget-container\">\n\t\t\t\t\t\t\t\t\t<div class=\"flex max-w-full flex-col flex-grow\"><div class=\"min-h-8 text-message flex w-full flex-col items-end gap-2 whitespace-normal break-words text-start [.text-message+&amp;]:mt-5\" dir=\"auto\" data-message-author-role=\"assistant\" data-message-id=\"c6cdbc79-fdaf-4969-83a8-68e8d5aefdec\" data-message-model-slug=\"gpt-4o\"><div class=\"flex w-full flex-col gap-1 empty:hidden first:pt-[3px]\"><div class=\"markdown prose w-full break-words dark:prose-invert light\"><p style=\"text-align: left;\">Adem\u00e1s de los conciertos, los asistentes podr\u00e1n disfrutar de after parties con reconocidos DJs como Nano y una gran fiesta de Nochevieja que incluir\u00e1 un concierto de Hombres G, cotill\u00f3n, barra libre y la actuaci\u00f3n de Juan Mag\u00e1n.<\/p><p style=\"text-align: left;\"><strong>Un fest\u00edn gastron\u00f3mico para todos los gustos<br \/><\/strong>Starlite Christmas tambi\u00e9n ofrece un recorrido por la gastronom\u00eda mundial, con opciones que van desde el restaurante Nikkei Tanabata hasta la trattoria italiana Raffaella y el mexicano \u00c1nima. El Food Hall y los espacios VIP ampl\u00edan la oferta para convertir cada visita en una experiencia culinaria de lujo.<\/p><p style=\"text-align: left;\"><strong>Impacto cultural y econ\u00f3mico para Madrid<br \/><\/strong>Este evento no solo promete diversi\u00f3n y entretenimiento, sino tambi\u00e9n un impacto econ\u00f3mico significativo, con la creaci\u00f3n de m\u00e1s de 1.000 empleos y una proyecci\u00f3n internacional que refuerza la posici\u00f3n de Madrid como epicentro cultural y tur\u00edstico.<\/p><p style=\"text-align: left;\">Starlite Christmas transforma la Navidad en Madrid en una experiencia inolvidable, acercando a los asistentes a las estrellas a trav\u00e9s de su innovador sistema de sonido HOLOPLOT y un dise\u00f1o esc\u00e9nico de vanguardia. Una cita imprescindible para estas fiestas.<\/p><\/div><\/div><\/div><\/div>\t\t\t\t\t\t\t\t<\/div>\n\t\t\t\t<\/div>\n\t\t\t\t\t<\/div>\n\t\t<\/div>\n\t\t\t\t\t<\/div>\n\t\t<\/section>\n\t\t\t\t<\/div>\n\t\t","protected":false},"excerpt":{"rendered":"<p>Alejandro Fern\u00e1ndez, Camilo, Estopa y Black Eyed Peas entre otros estar\u00e1n en la segunda edici\u00f3n de STARLITE Christmas Starlite Christmas vuelve a Madrid con una oferta inigualable para esta Navidad. Entre el 12 y el 31 de diciembre, los pabellones 12 y 14 de IFEMA ser\u00e1n el escenario de una celebraci\u00f3n m\u00e1gica, que este a\u00f1o [&hellip;]<\/p>\n","protected":false},"author":6,"featured_media":3469,"comment_status":"closed","ping_status":"closed","sticky":false,"template":"","format":"standard","meta":{"footnotes":""},"categories":[4],"tags":[],"class_list":["post-3467","post","type-post","status-publish","format-standard","has-post-thumbnail","hentry","category-musica"],"yoast_head":"<!-- This site is optimized with the Yoast SEO plugin v27.4 - https:\/\/yoast.com\/product\/yoast-seo-wordpress\/ -->\n<title>STARLITE Christmas vuelve a Madrid con m\u00e1s m\u00fasica y sorpresas<\/title>\n<meta name=\"description\" content=\"Alejandro Fern\u00e1ndez, Camilo, Estopa y Black Eyed Peas entre otros estar\u00e1n en la segunda edici\u00f3n de STARLITE Christmas\" \/>\n<meta name=\"robots\" content=\"index, follow, max-snippet:-1, max-image-preview:large, max-video-preview:-1\" \/>\n<link rel=\"canonical\" href=\"https:\/\/unaymilletras.com\/en\/starlite-christmas-vuelve-a-madrid-con-mas-musica-y-sorpresas\/\" \/>\n<meta property=\"og:locale\" content=\"en_GB\" \/>\n<meta property=\"og:type\" content=\"article\" \/>\n<meta property=\"og:title\" content=\"STARLITE Christmas vuelve a Madrid con m\u00e1s m\u00fasica y sorpresas\" \/>\n<meta property=\"og:description\" content=\"Alejandro Fern\u00e1ndez, Camilo, Estopa y Black Eyed Peas entre otros estar\u00e1n en la segunda edici\u00f3n de STARLITE Christmas\" \/>\n<meta property=\"og:url\" content=\"https:\/\/unaymilletras.com\/en\/starlite-christmas-vuelve-a-madrid-con-mas-musica-y-sorpresas\/\" \/>\n<meta property=\"og:site_name\" content=\"Una y Mil Letras\" \/>\n<meta property=\"article:published_time\" content=\"2024-12-13T14:50:24+00:00\" \/>\n<meta property=\"article:modified_time\" content=\"2025-08-09T10:02:32+00:00\" \/>\n<meta property=\"og:image\" content=\"http:\/\/unaymilletras.com\/wp-content\/uploads\/2024\/12\/STARLITE-Christmas-2-scaled-e1734102764380.jpg\" \/>\n\t<meta property=\"og:image:width\" content=\"600\" \/>\n\t<meta property=\"og:image:height\" content=\"400\" \/>\n\t<meta property=\"og:image:type\" content=\"image\/jpeg\" \/>\n<meta name=\"author\" content=\"Redacci\u00f3n\" \/>\n<meta name=\"twitter:card\" content=\"summary_large_image\" \/>\n<meta name=\"twitter:creator\" content=\"@UnaYMilLetras\" \/>\n<meta name=\"twitter:site\" content=\"@UnaYMilLetras\" \/>\n<meta name=\"twitter:label1\" content=\"Written by\" \/>\n\t<meta name=\"twitter:data1\" content=\"Redacci\u00f3n\" \/>\n\t<meta name=\"twitter:label2\" content=\"Estimated reading time\" \/>\n\t<meta name=\"twitter:data2\" content=\"2 minutes\" \/>\n<script type=\"application\/ld+json\" class=\"yoast-schema-graph\">{\"@context\":\"https:\\\/\\\/schema.org\",\"@graph\":[{\"@type\":\"Article\",\"@id\":\"https:\\\/\\\/unaymilletras.com\\\/starlite-christmas-vuelve-a-madrid-con-mas-musica-y-sorpresas\\\/#article\",\"isPartOf\":{\"@id\":\"https:\\\/\\\/unaymilletras.com\\\/starlite-christmas-vuelve-a-madrid-con-mas-musica-y-sorpresas\\\/\"},\"author\":{\"name\":\"Redacci\u00f3n\",\"@id\":\"http:\\\/\\\/unaymilletras.com\\\/#\\\/schema\\\/person\\\/0860dc8a218329991ee2c7591f4f849d\"},\"headline\":\"STARLITE Christmas vuelve a Madrid con m\u00e1s m\u00fasica y sorpresas\",\"datePublished\":\"2024-12-13T14:50:24+00:00\",\"dateModified\":\"2025-08-09T10:02:32+00:00\",\"mainEntityOfPage\":{\"@id\":\"https:\\\/\\\/unaymilletras.com\\\/starlite-christmas-vuelve-a-madrid-con-mas-musica-y-sorpresas\\\/\"},\"wordCount\":349,\"publisher\":{\"@id\":\"http:\\\/\\\/unaymilletras.com\\\/#organization\"},\"image\":{\"@id\":\"https:\\\/\\\/unaymilletras.com\\\/starlite-christmas-vuelve-a-madrid-con-mas-musica-y-sorpresas\\\/#primaryimage\"},\"thumbnailUrl\":\"https:\\\/\\\/unaymilletras.com\\\/wp-content\\\/uploads\\\/2024\\\/12\\\/STARLITE-Christmas-2-scaled-e1734102764380.jpg\",\"articleSection\":[\"M\u00fasica\"],\"inLanguage\":\"en-GB\"},{\"@type\":\"WebPage\",\"@id\":\"https:\\\/\\\/unaymilletras.com\\\/starlite-christmas-vuelve-a-madrid-con-mas-musica-y-sorpresas\\\/\",\"url\":\"https:\\\/\\\/unaymilletras.com\\\/starlite-christmas-vuelve-a-madrid-con-mas-musica-y-sorpresas\\\/\",\"name\":\"STARLITE Christmas vuelve a Madrid con m\u00e1s m\u00fasica y sorpresas\",\"isPartOf\":{\"@id\":\"http:\\\/\\\/unaymilletras.com\\\/#website\"},\"primaryImageOfPage\":{\"@id\":\"https:\\\/\\\/unaymilletras.com\\\/starlite-christmas-vuelve-a-madrid-con-mas-musica-y-sorpresas\\\/#primaryimage\"},\"image\":{\"@id\":\"https:\\\/\\\/unaymilletras.com\\\/starlite-christmas-vuelve-a-madrid-con-mas-musica-y-sorpresas\\\/#primaryimage\"},\"thumbnailUrl\":\"https:\\\/\\\/unaymilletras.com\\\/wp-content\\\/uploads\\\/2024\\\/12\\\/STARLITE-Christmas-2-scaled-e1734102764380.jpg\",\"datePublished\":\"2024-12-13T14:50:24+00:00\",\"dateModified\":\"2025-08-09T10:02:32+00:00\",\"description\":\"Alejandro Fern\u00e1ndez, Camilo, Estopa y Black Eyed Peas entre otros estar\u00e1n en la segunda edici\u00f3n de STARLITE Christmas\",\"breadcrumb\":{\"@id\":\"https:\\\/\\\/unaymilletras.com\\\/starlite-christmas-vuelve-a-madrid-con-mas-musica-y-sorpresas\\\/#breadcrumb\"},\"inLanguage\":\"en-GB\",\"potentialAction\":[{\"@type\":\"ReadAction\",\"target\":[\"https:\\\/\\\/unaymilletras.com\\\/starlite-christmas-vuelve-a-madrid-con-mas-musica-y-sorpresas\\\/\"]}]},{\"@type\":\"ImageObject\",\"inLanguage\":\"en-GB\",\"@id\":\"https:\\\/\\\/unaymilletras.com\\\/starlite-christmas-vuelve-a-madrid-con-mas-musica-y-sorpresas\\\/#primaryimage\",\"url\":\"https:\\\/\\\/unaymilletras.com\\\/wp-content\\\/uploads\\\/2024\\\/12\\\/STARLITE-Christmas-2-scaled-e1734102764380.jpg\",\"contentUrl\":\"https:\\\/\\\/unaymilletras.com\\\/wp-content\\\/uploads\\\/2024\\\/12\\\/STARLITE-Christmas-2-scaled-e1734102764380.jpg\",\"width\":600,\"height\":400,\"caption\":\"STARLITE Christmas\"},{\"@type\":\"BreadcrumbList\",\"@id\":\"https:\\\/\\\/unaymilletras.com\\\/starlite-christmas-vuelve-a-madrid-con-mas-musica-y-sorpresas\\\/#breadcrumb\",\"itemListElement\":[{\"@type\":\"ListItem\",\"position\":1,\"name\":\"Home\",\"item\":\"http:\\\/\\\/unaymilletras.com\\\/\"},{\"@type\":\"ListItem\",\"position\":2,\"name\":\"STARLITE Christmas vuelve a Madrid con m\u00e1s m\u00fasica y sorpresas\"}]},{\"@type\":\"WebSite\",\"@id\":\"http:\\\/\\\/unaymilletras.com\\\/#website\",\"url\":\"http:\\\/\\\/unaymilletras.com\\\/\",\"name\":\"Una y Mil Letras\",\"description\":\"\",\"publisher\":{\"@id\":\"http:\\\/\\\/unaymilletras.com\\\/#organization\"},\"potentialAction\":[{\"@type\":\"SearchAction\",\"target\":{\"@type\":\"EntryPoint\",\"urlTemplate\":\"http:\\\/\\\/unaymilletras.com\\\/?s={search_term_string}\"},\"query-input\":{\"@type\":\"PropertyValueSpecification\",\"valueRequired\":true,\"valueName\":\"search_term_string\"}}],\"inLanguage\":\"en-GB\"},{\"@type\":\"Organization\",\"@id\":\"http:\\\/\\\/unaymilletras.com\\\/#organization\",\"name\":\"Una y Mil Letras\",\"url\":\"http:\\\/\\\/unaymilletras.com\\\/\",\"logo\":{\"@type\":\"ImageObject\",\"inLanguage\":\"en-GB\",\"@id\":\"http:\\\/\\\/unaymilletras.com\\\/#\\\/schema\\\/logo\\\/image\\\/\",\"url\":\"https:\\\/\\\/unaymilletras.com\\\/wp-content\\\/uploads\\\/2024\\\/06\\\/cropped-Logo-removebg-preview.png\",\"contentUrl\":\"https:\\\/\\\/unaymilletras.com\\\/wp-content\\\/uploads\\\/2024\\\/06\\\/cropped-Logo-removebg-preview.png\",\"width\":512,\"height\":512,\"caption\":\"Una y Mil Letras\"},\"image\":{\"@id\":\"http:\\\/\\\/unaymilletras.com\\\/#\\\/schema\\\/logo\\\/image\\\/\"},\"sameAs\":[\"https:\\\/\\\/x.com\\\/UnaYMilLetras\",\"https:\\\/\\\/instagram.com\\\/UnaYMilLetras\"]},{\"@type\":\"Person\",\"@id\":\"http:\\\/\\\/unaymilletras.com\\\/#\\\/schema\\\/person\\\/0860dc8a218329991ee2c7591f4f849d\",\"name\":\"Redacci\u00f3n\",\"image\":{\"@type\":\"ImageObject\",\"inLanguage\":\"en-GB\",\"@id\":\"https:\\\/\\\/secure.gravatar.com\\\/avatar\\\/d8f55e05a8b6597e45c55a1dcbdbfe44f4a360d88b48e00de5216a79b7732796?s=96&d=mm&r=g\",\"url\":\"https:\\\/\\\/secure.gravatar.com\\\/avatar\\\/d8f55e05a8b6597e45c55a1dcbdbfe44f4a360d88b48e00de5216a79b7732796?s=96&d=mm&r=g\",\"contentUrl\":\"https:\\\/\\\/secure.gravatar.com\\\/avatar\\\/d8f55e05a8b6597e45c55a1dcbdbfe44f4a360d88b48e00de5216a79b7732796?s=96&d=mm&r=g\",\"caption\":\"Redacci\u00f3n\"},\"url\":\"https:\\\/\\\/unaymilletras.com\\\/en\\\/author\\\/redaccion\\\/\"}]}<\/script>\n<!-- \/ Yoast SEO plugin. -->","yoast_head_json":{"title":"STARLITE Christmas vuelve a Madrid con m\u00e1s m\u00fasica y sorpresas","description":"Alejandro Fern\u00e1ndez, Camilo, Estopa y Black Eyed Peas entre otros estar\u00e1n en la segunda edici\u00f3n de STARLITE Christmas","robots":{"index":"index","follow":"follow","max-snippet":"max-snippet:-1","max-image-preview":"max-image-preview:large","max-video-preview":"max-video-preview:-1"},"canonical":"https:\/\/unaymilletras.com\/en\/starlite-christmas-vuelve-a-madrid-con-mas-musica-y-sorpresas\/","og_locale":"en_GB","og_type":"article","og_title":"STARLITE Christmas vuelve a Madrid con m\u00e1s m\u00fasica y sorpresas","og_description":"Alejandro Fern\u00e1ndez, Camilo, Estopa y Black Eyed Peas entre otros estar\u00e1n en la segunda edici\u00f3n de STARLITE Christmas","og_url":"https:\/\/unaymilletras.com\/en\/starlite-christmas-vuelve-a-madrid-con-mas-musica-y-sorpresas\/","og_site_name":"Una y Mil Letras","article_published_time":"2024-12-13T14:50:24+00:00","article_modified_time":"2025-08-09T10:02:32+00:00","og_image":[{"width":600,"height":400,"url":"http:\/\/unaymilletras.com\/wp-content\/uploads\/2024\/12\/STARLITE-Christmas-2-scaled-e1734102764380.jpg","type":"image\/jpeg"}],"author":"Redacci\u00f3n","twitter_card":"summary_large_image","twitter_creator":"@UnaYMilLetras","twitter_site":"@UnaYMilLetras","twitter_misc":{"Written by":"Redacci\u00f3n","Estimated reading time":"2 minutes"},"schema":{"@context":"https:\/\/schema.org","@graph":[{"@type":"Article","@id":"https:\/\/unaymilletras.com\/starlite-christmas-vuelve-a-madrid-con-mas-musica-y-sorpresas\/#article","isPartOf":{"@id":"https:\/\/unaymilletras.com\/starlite-christmas-vuelve-a-madrid-con-mas-musica-y-sorpresas\/"},"author":{"name":"Redacci\u00f3n","@id":"http:\/\/unaymilletras.com\/#\/schema\/person\/0860dc8a218329991ee2c7591f4f849d"},"headline":"STARLITE Christmas vuelve a Madrid con m\u00e1s m\u00fasica y sorpresas","datePublished":"2024-12-13T14:50:24+00:00","dateModified":"2025-08-09T10:02:32+00:00","mainEntityOfPage":{"@id":"https:\/\/unaymilletras.com\/starlite-christmas-vuelve-a-madrid-con-mas-musica-y-sorpresas\/"},"wordCount":349,"publisher":{"@id":"http:\/\/unaymilletras.com\/#organization"},"image":{"@id":"https:\/\/unaymilletras.com\/starlite-christmas-vuelve-a-madrid-con-mas-musica-y-sorpresas\/#primaryimage"},"thumbnailUrl":"https:\/\/unaymilletras.com\/wp-content\/uploads\/2024\/12\/STARLITE-Christmas-2-scaled-e1734102764380.jpg","articleSection":["M\u00fasica"],"inLanguage":"en-GB"},{"@type":"WebPage","@id":"https:\/\/unaymilletras.com\/starlite-christmas-vuelve-a-madrid-con-mas-musica-y-sorpresas\/","url":"https:\/\/unaymilletras.com\/starlite-christmas-vuelve-a-madrid-con-mas-musica-y-sorpresas\/","name":"STARLITE Christmas vuelve a Madrid con m\u00e1s m\u00fasica y sorpresas","isPartOf":{"@id":"http:\/\/unaymilletras.com\/#website"},"primaryImageOfPage":{"@id":"https:\/\/unaymilletras.com\/starlite-christmas-vuelve-a-madrid-con-mas-musica-y-sorpresas\/#primaryimage"},"image":{"@id":"https:\/\/unaymilletras.com\/starlite-christmas-vuelve-a-madrid-con-mas-musica-y-sorpresas\/#primaryimage"},"thumbnailUrl":"https:\/\/unaymilletras.com\/wp-content\/uploads\/2024\/12\/STARLITE-Christmas-2-scaled-e1734102764380.jpg","datePublished":"2024-12-13T14:50:24+00:00","dateModified":"2025-08-09T10:02:32+00:00","description":"Alejandro Fern\u00e1ndez, Camilo, Estopa y Black Eyed Peas entre otros estar\u00e1n en la segunda edici\u00f3n de STARLITE Christmas","breadcrumb":{"@id":"https:\/\/unaymilletras.com\/starlite-christmas-vuelve-a-madrid-con-mas-musica-y-sorpresas\/#breadcrumb"},"inLanguage":"en-GB","potentialAction":[{"@type":"ReadAction","target":["https:\/\/unaymilletras.com\/starlite-christmas-vuelve-a-madrid-con-mas-musica-y-sorpresas\/"]}]},{"@type":"ImageObject","inLanguage":"en-GB","@id":"https:\/\/unaymilletras.com\/starlite-christmas-vuelve-a-madrid-con-mas-musica-y-sorpresas\/#primaryimage","url":"https:\/\/unaymilletras.com\/wp-content\/uploads\/2024\/12\/STARLITE-Christmas-2-scaled-e1734102764380.jpg","contentUrl":"https:\/\/unaymilletras.com\/wp-content\/uploads\/2024\/12\/STARLITE-Christmas-2-scaled-e1734102764380.jpg","width":600,"height":400,"caption":"STARLITE Christmas"},{"@type":"BreadcrumbList","@id":"https:\/\/unaymilletras.com\/starlite-christmas-vuelve-a-madrid-con-mas-musica-y-sorpresas\/#breadcrumb","itemListElement":[{"@type":"ListItem","position":1,"name":"Home","item":"http:\/\/unaymilletras.com\/"},{"@type":"ListItem","position":2,"name":"STARLITE Christmas vuelve a Madrid con m\u00e1s m\u00fasica y sorpresas"}]},{"@type":"WebSite","@id":"http:\/\/unaymilletras.com\/#website","url":"http:\/\/unaymilletras.com\/","name":"Una y Mil Letras","description":"","publisher":{"@id":"http:\/\/unaymilletras.com\/#organization"},"potentialAction":[{"@type":"SearchAction","target":{"@type":"EntryPoint","urlTemplate":"http:\/\/unaymilletras.com\/?s={search_term_string}"},"query-input":{"@type":"PropertyValueSpecification","valueRequired":true,"valueName":"search_term_string"}}],"inLanguage":"en-GB"},{"@type":"Organization","@id":"http:\/\/unaymilletras.com\/#organization","name":"Una y Mil Letras","url":"http:\/\/unaymilletras.com\/","logo":{"@type":"ImageObject","inLanguage":"en-GB","@id":"http:\/\/unaymilletras.com\/#\/schema\/logo\/image\/","url":"https:\/\/unaymilletras.com\/wp-content\/uploads\/2024\/06\/cropped-Logo-removebg-preview.png","contentUrl":"https:\/\/unaymilletras.com\/wp-content\/uploads\/2024\/06\/cropped-Logo-removebg-preview.png","width":512,"height":512,"caption":"Una y Mil Letras"},"image":{"@id":"http:\/\/unaymilletras.com\/#\/schema\/logo\/image\/"},"sameAs":["https:\/\/x.com\/UnaYMilLetras","https:\/\/instagram.com\/UnaYMilLetras"]},{"@type":"Person","@id":"http:\/\/unaymilletras.com\/#\/schema\/person\/0860dc8a218329991ee2c7591f4f849d","name":"Redacci\u00f3n","image":{"@type":"ImageObject","inLanguage":"en-GB","@id":"https:\/\/secure.gravatar.com\/avatar\/d8f55e05a8b6597e45c55a1dcbdbfe44f4a360d88b48e00de5216a79b7732796?s=96&d=mm&r=g","url":"https:\/\/secure.gravatar.com\/avatar\/d8f55e05a8b6597e45c55a1dcbdbfe44f4a360d88b48e00de5216a79b7732796?s=96&d=mm&r=g","contentUrl":"https:\/\/secure.gravatar.com\/avatar\/d8f55e05a8b6597e45c55a1dcbdbfe44f4a360d88b48e00de5216a79b7732796?s=96&d=mm&r=g","caption":"Redacci\u00f3n"},"url":"https:\/\/unaymilletras.com\/en\/author\/redaccion\/"}]}},"_links":{"self":[{"href":"https:\/\/unaymilletras.com\/en\/wp-json\/wp\/v2\/posts\/3467","targetHints":{"allow":["GET"]}}],"collection":[{"href":"https:\/\/unaymilletras.com\/en\/wp-json\/wp\/v2\/posts"}],"about":[{"href":"https:\/\/unaymilletras.com\/en\/wp-json\/wp\/v2\/types\/post"}],"author":[{"embeddable":true,"href":"https:\/\/unaymilletras.com\/en\/wp-json\/wp\/v2\/users\/6"}],"replies":[{"embeddable":true,"href":"https:\/\/unaymilletras.com\/en\/wp-json\/wp\/v2\/comments?post=3467"}],"version-history":[{"count":7,"href":"https:\/\/unaymilletras.com\/en\/wp-json\/wp\/v2\/posts\/3467\/revisions"}],"predecessor-version":[{"id":3475,"href":"https:\/\/unaymilletras.com\/en\/wp-json\/wp\/v2\/posts\/3467\/revisions\/3475"}],"wp:featuredmedia":[{"embeddable":true,"href":"https:\/\/unaymilletras.com\/en\/wp-json\/wp\/v2\/media\/3469"}],"wp:attachment":[{"href":"https:\/\/unaymilletras.com\/en\/wp-json\/wp\/v2\/media?parent=3467"}],"wp:term":[{"taxonomy":"category","embeddable":true,"href":"https:\/\/unaymilletras.com\/en\/wp-json\/wp\/v2\/categories?post=3467"},{"taxonomy":"post_tag","embeddable":true,"href":"https:\/\/unaymilletras.com\/en\/wp-json\/wp\/v2\/tags?post=3467"}],"curies":[{"name":"wp","href":"https:\/\/api.w.org\/{rel}","templated":true}]}}