{"id":3485,"date":"2024-12-15T14:00:00","date_gmt":"2024-12-15T13:00:00","guid":{"rendered":"https:\/\/unaymilletras.com\/?p=3485"},"modified":"2024-12-14T13:52:37","modified_gmt":"2024-12-14T12:52:37","slug":"joaquina-lanza-su-nuevo-single-y-anuncia-su-primer-album","status":"publish","type":"post","link":"https:\/\/unaymilletras.com\/en\/joaquina-lanza-su-nuevo-single-y-anuncia-su-primer-album\/","title":{"rendered":"Joaquina lanza su nuevo single y anuncia su primer \u00e1lbum"},"content":{"rendered":"<div data-elementor-type=\"wp-post\" data-elementor-id=\"3485\" class=\"elementor elementor-3485\">\n\t\t\t\t\t\t<section class=\"elementor-section elementor-top-section elementor-element elementor-element-afef20c elementor-section-boxed elementor-section-height-default elementor-section-height-default\" data-id=\"afef20c\" data-element_type=\"section\" data-e-type=\"section\">\n\t\t\t\t\t\t<div class=\"elementor-container elementor-column-gap-default\">\n\t\t\t\t\t<div class=\"elementor-column elementor-col-100 elementor-top-column elementor-element elementor-element-ae9351b\" data-id=\"ae9351b\" data-element_type=\"column\" data-e-type=\"column\">\n\t\t\t<div class=\"elementor-widget-wrap elementor-element-populated\">\n\t\t\t\t\t\t<div class=\"elementor-element elementor-element-95f4fc2 elementor-widget elementor-widget-text-editor\" data-id=\"95f4fc2\" data-element_type=\"widget\" data-e-type=\"widget\" data-widget_type=\"text-editor.default\">\n\t\t\t\t<div class=\"elementor-widget-container\">\n\t\t\t\t\t\t\t\t\t<h2 style=\"text-align: center;\"><span style=\"color: #808080;\"><em>El \u00e1lbum debut de la ganadora m\u00e1s joven del Latin Grammy, Joaquina, llegar\u00e1 el 31 de enero de 2025<\/em><\/span><\/h2>\t\t\t\t\t\t\t\t<\/div>\n\t\t\t\t<\/div>\n\t\t\t\t\t<\/div>\n\t\t<\/div>\n\t\t\t\t\t<\/div>\n\t\t<\/section>\n\t\t\t\t<section class=\"elementor-section elementor-top-section elementor-element elementor-element-b7d7dad elementor-section-boxed elementor-section-height-default elementor-section-height-default\" data-id=\"b7d7dad\" data-element_type=\"section\" data-e-type=\"section\">\n\t\t\t\t\t\t<div class=\"elementor-container elementor-column-gap-default\">\n\t\t\t\t\t<div class=\"elementor-column elementor-col-100 elementor-top-column elementor-element elementor-element-309f33e\" data-id=\"309f33e\" data-element_type=\"column\" data-e-type=\"column\">\n\t\t\t<div class=\"elementor-widget-wrap elementor-element-populated\">\n\t\t\t\t\t\t<div class=\"elementor-element elementor-element-36b9d89 elementor-widget elementor-widget-text-editor\" data-id=\"36b9d89\" data-element_type=\"widget\" data-e-type=\"widget\" data-widget_type=\"text-editor.default\">\n\t\t\t\t<div class=\"elementor-widget-container\">\n\t\t\t\t\t\t\t\t\t<p><strong>Joaquina<\/strong>\u00a0presenta <strong><em>Aeropuerto<\/em><\/strong>, el primer adelanto de su esperado \u00e1lbum debut <strong><em>Al Romper La Burbuja<\/em><\/strong>. Con esta canci\u00f3n, Joaquina sigue consolid\u00e1ndose como una voz destacada de su generaci\u00f3n, explorando temas profundos y personales con su caracter\u00edstica sensibilidad art\u00edstica.<\/p>\t\t\t\t\t\t\t\t<\/div>\n\t\t\t\t<\/div>\n\t\t\t\t\t<\/div>\n\t\t<\/div>\n\t\t\t\t\t<\/div>\n\t\t<\/section>\n\t\t\t\t<section class=\"elementor-section elementor-top-section elementor-element elementor-element-911121d elementor-section-boxed elementor-section-height-default elementor-section-height-default\" data-id=\"911121d\" data-element_type=\"section\" data-e-type=\"section\">\n\t\t\t\t\t\t<div class=\"elementor-container elementor-column-gap-default\">\n\t\t\t\t\t<div class=\"elementor-column elementor-col-50 elementor-top-column elementor-element elementor-element-1f34737\" data-id=\"1f34737\" data-element_type=\"column\" data-e-type=\"column\">\n\t\t\t<div class=\"elementor-widget-wrap elementor-element-populated\">\n\t\t\t\t\t\t<div class=\"elementor-element elementor-element-1913dfd elementor-widget elementor-widget-text-editor\" data-id=\"1913dfd\" data-element_type=\"widget\" data-e-type=\"widget\" data-widget_type=\"text-editor.default\">\n\t\t\t\t<div class=\"elementor-widget-container\">\n\t\t\t\t\t\t\t\t\t<p><em>\u00abAeropuerto es una carta de amor para quienes est\u00e1n lejos, record\u00e1ndoles que siempre llevamos un pedazo de ellos con nosotros,\u00bb<\/em> comenta la cantante sobre el single, inspirado en una emotiva visita a su bisabuela en Navidad. La canci\u00f3n captura la mezcla de alegr\u00eda y nostalgia que acompa\u00f1a a los recuerdos familiares al mismo tiempo que reflexiona sobre los cambios inevitables de la vida.<\/p><p>El lanzamiento tambi\u00e9n marca el anuncio de <em>Al Romper La Burbuja<\/em>. Este trabajo estar\u00e1 disponible el 31 de enero y recopila algunos de los \u00e9xitos recientes de la artista junto con nuevas composiciones que reflejan sus experiencias de transici\u00f3n y autodescubrimiento.<\/p>\t\t\t\t\t\t\t\t<\/div>\n\t\t\t\t<\/div>\n\t\t\t\t\t<\/div>\n\t\t<\/div>\n\t\t\t\t<div class=\"elementor-column elementor-col-50 elementor-top-column elementor-element elementor-element-9cc1894\" data-id=\"9cc1894\" data-element_type=\"column\" data-e-type=\"column\">\n\t\t\t<div class=\"elementor-widget-wrap elementor-element-populated\">\n\t\t\t\t\t\t<div class=\"elementor-element elementor-element-bd1a529 elementor-widget elementor-widget-image\" data-id=\"bd1a529\" data-element_type=\"widget\" data-e-type=\"widget\" data-widget_type=\"image.default\">\n\t\t\t\t<div class=\"elementor-widget-container\">\n\t\t\t\t\t\t\t\t\t\t\t\t\t\t\t<img fetchpriority=\"high\" decoding=\"async\" width=\"640\" height=\"904\" src=\"https:\/\/unaymilletras.com\/wp-content\/uploads\/2024\/12\/1174773_joaquina-aeropuerto-2-725x1024.jpg\" class=\"attachment-large size-large wp-image-3487\" alt=\"Joaquina\" srcset=\"https:\/\/unaymilletras.com\/wp-content\/uploads\/2024\/12\/1174773_joaquina-aeropuerto-2-725x1024.jpg 725w, https:\/\/unaymilletras.com\/wp-content\/uploads\/2024\/12\/1174773_joaquina-aeropuerto-2-212x300.jpg 212w, https:\/\/unaymilletras.com\/wp-content\/uploads\/2024\/12\/1174773_joaquina-aeropuerto-2-768x1085.jpg 768w, https:\/\/unaymilletras.com\/wp-content\/uploads\/2024\/12\/1174773_joaquina-aeropuerto-2-8x12.jpg 8w, https:\/\/unaymilletras.com\/wp-content\/uploads\/2024\/12\/1174773_joaquina-aeropuerto-2.jpg 954w\" sizes=\"(max-width: 640px) 100vw, 640px\" \/>\t\t\t\t\t\t\t\t\t\t\t\t\t\t\t<\/div>\n\t\t\t\t<\/div>\n\t\t\t\t\t<\/div>\n\t\t<\/div>\n\t\t\t\t\t<\/div>\n\t\t<\/section>\n\t\t\t\t<section class=\"elementor-section elementor-top-section elementor-element elementor-element-4ca19dc elementor-section-boxed elementor-section-height-default elementor-section-height-default\" data-id=\"4ca19dc\" data-element_type=\"section\" data-e-type=\"section\">\n\t\t\t\t\t\t<div class=\"elementor-container elementor-column-gap-default\">\n\t\t\t\t\t<div class=\"elementor-column elementor-col-100 elementor-top-column elementor-element elementor-element-76b4e20\" data-id=\"76b4e20\" data-element_type=\"column\" data-e-type=\"column\">\n\t\t\t<div class=\"elementor-widget-wrap elementor-element-populated\">\n\t\t\t\t\t\t<div class=\"elementor-element elementor-element-439ee27 elementor-widget elementor-widget-text-editor\" data-id=\"439ee27\" data-element_type=\"widget\" data-e-type=\"widget\" data-widget_type=\"text-editor.default\">\n\t\t\t\t<div class=\"elementor-widget-container\">\n\t\t\t\t\t\t\t\t\t<p><em>\u00abEscrib\u00ed este \u00e1lbum mayormente a los 19 a\u00f1os, en una etapa de transici\u00f3n donde aprend\u00eda a ser adulta y reflexionaba sobre qui\u00e9n quiero ser,\u00bb<\/em> explica Joaquina. Sus influencias abarcan desde poetas y cantautores legendarios hasta su propia experiencia bicultural, lo que se traduce en un \u00e1lbum cargado de autenticidad y profundidad emocional.<\/p><p>Tras el \u00e9xito rotundo de sus anteriores conciertos con entradas agotadas, Joaquina llevar\u00e1 <em>Al Romper La Burbuja<\/em> a los escenarios de Espa\u00f1a. La artista actuar\u00e1 en la sala BUT de Madrid y en Paral\u00b7lel 62 de Barcelona, prometiendo un directo que har\u00e1 justicia a la intensidad y honestidad de su m\u00fasica.<\/p><p>El p\u00fablico espera con entusiasmo este nuevo cap\u00edtulo en la carrera de Joaquina, una artista que, a sus 20 a\u00f1os, ya se ha ganado un lugar privilegiado en la m\u00fasica latina.<\/p>\t\t\t\t\t\t\t\t<\/div>\n\t\t\t\t<\/div>\n\t\t\t\t\t<\/div>\n\t\t<\/div>\n\t\t\t\t\t<\/div>\n\t\t<\/section>\n\t\t\t\t<\/div>","protected":false},"excerpt":{"rendered":"<p>El \u00e1lbum debut de la ganadora m\u00e1s joven del Latin Grammy, Joaquina, llegar\u00e1 el 31 de enero de 2025 Joaquina\u00a0presenta Aeropuerto, el primer adelanto de su esperado \u00e1lbum debut Al Romper La Burbuja. Con esta canci\u00f3n, Joaquina sigue consolid\u00e1ndose como una voz destacada de su generaci\u00f3n, explorando temas profundos y personales con su caracter\u00edstica sensibilidad [&hellip;]<\/p>\n","protected":false},"author":6,"featured_media":3487,"comment_status":"closed","ping_status":"closed","sticky":false,"template":"","format":"standard","meta":{"footnotes":""},"categories":[4],"tags":[],"class_list":["post-3485","post","type-post","status-publish","format-standard","has-post-thumbnail","hentry","category-musica"],"yoast_head":"<!-- This site is optimized with the Yoast SEO plugin v27.4 - https:\/\/yoast.com\/product\/yoast-seo-wordpress\/ -->\n<title>Joaquina lanza su nuevo single y anuncia su primer \u00e1lbum<\/title>\n<meta name=\"description\" content=\"El \u00e1lbum debut de la ganadora m\u00e1s joven del Latin Grammy, Joaquina, llegar\u00e1 el 31 de enero de 2025 y Aeropuerto es su primer adelanto\" \/>\n<meta name=\"robots\" content=\"index, follow, max-snippet:-1, max-image-preview:large, max-video-preview:-1\" \/>\n<link rel=\"canonical\" href=\"https:\/\/unaymilletras.com\/en\/joaquina-lanza-su-nuevo-single-y-anuncia-su-primer-album\/\" \/>\n<meta property=\"og:locale\" content=\"en_GB\" \/>\n<meta property=\"og:type\" content=\"article\" \/>\n<meta property=\"og:title\" content=\"Joaquina lanza su nuevo single y anuncia su primer \u00e1lbum\" \/>\n<meta property=\"og:description\" content=\"El \u00e1lbum debut de la ganadora m\u00e1s joven del Latin Grammy, Joaquina, llegar\u00e1 el 31 de enero de 2025 y Aeropuerto es su primer adelanto\" \/>\n<meta property=\"og:url\" content=\"https:\/\/unaymilletras.com\/en\/joaquina-lanza-su-nuevo-single-y-anuncia-su-primer-album\/\" \/>\n<meta property=\"og:site_name\" content=\"Una y Mil Letras\" \/>\n<meta property=\"article:published_time\" content=\"2024-12-15T13:00:00+00:00\" \/>\n<meta property=\"og:image\" content=\"https:\/\/unaymilletras.com\/wp-content\/uploads\/2024\/12\/1174773_joaquina-aeropuerto-2.jpg\" \/>\n\t<meta property=\"og:image:width\" content=\"954\" \/>\n\t<meta property=\"og:image:height\" content=\"1348\" \/>\n\t<meta property=\"og:image:type\" content=\"image\/jpeg\" \/>\n<meta name=\"author\" content=\"Redacci\u00f3n\" \/>\n<meta name=\"twitter:card\" content=\"summary_large_image\" \/>\n<meta name=\"twitter:creator\" content=\"@UnaYMilLetras\" \/>\n<meta name=\"twitter:site\" content=\"@UnaYMilLetras\" \/>\n<meta name=\"twitter:label1\" content=\"Written by\" \/>\n\t<meta name=\"twitter:data1\" content=\"Redacci\u00f3n\" \/>\n\t<meta name=\"twitter:label2\" content=\"Estimated reading time\" \/>\n\t<meta name=\"twitter:data2\" content=\"2 minutes\" \/>\n<script type=\"application\/ld+json\" class=\"yoast-schema-graph\">{\"@context\":\"https:\\\/\\\/schema.org\",\"@graph\":[{\"@type\":\"Article\",\"@id\":\"https:\\\/\\\/unaymilletras.com\\\/joaquina-lanza-su-nuevo-single-y-anuncia-su-primer-album\\\/#article\",\"isPartOf\":{\"@id\":\"https:\\\/\\\/unaymilletras.com\\\/joaquina-lanza-su-nuevo-single-y-anuncia-su-primer-album\\\/\"},\"author\":{\"name\":\"Redacci\u00f3n\",\"@id\":\"http:\\\/\\\/unaymilletras.com\\\/#\\\/schema\\\/person\\\/0860dc8a218329991ee2c7591f4f849d\"},\"headline\":\"Joaquina lanza su nuevo single y anuncia su primer \u00e1lbum\",\"datePublished\":\"2024-12-15T13:00:00+00:00\",\"mainEntityOfPage\":{\"@id\":\"https:\\\/\\\/unaymilletras.com\\\/joaquina-lanza-su-nuevo-single-y-anuncia-su-primer-album\\\/\"},\"wordCount\":323,\"publisher\":{\"@id\":\"http:\\\/\\\/unaymilletras.com\\\/#organization\"},\"image\":{\"@id\":\"https:\\\/\\\/unaymilletras.com\\\/joaquina-lanza-su-nuevo-single-y-anuncia-su-primer-album\\\/#primaryimage\"},\"thumbnailUrl\":\"https:\\\/\\\/unaymilletras.com\\\/wp-content\\\/uploads\\\/2024\\\/12\\\/1174773_joaquina-aeropuerto-2.jpg\",\"articleSection\":[\"M\u00fasica\"],\"inLanguage\":\"en-GB\"},{\"@type\":\"WebPage\",\"@id\":\"https:\\\/\\\/unaymilletras.com\\\/joaquina-lanza-su-nuevo-single-y-anuncia-su-primer-album\\\/\",\"url\":\"https:\\\/\\\/unaymilletras.com\\\/joaquina-lanza-su-nuevo-single-y-anuncia-su-primer-album\\\/\",\"name\":\"Joaquina lanza su nuevo single y anuncia su primer \u00e1lbum\",\"isPartOf\":{\"@id\":\"http:\\\/\\\/unaymilletras.com\\\/#website\"},\"primaryImageOfPage\":{\"@id\":\"https:\\\/\\\/unaymilletras.com\\\/joaquina-lanza-su-nuevo-single-y-anuncia-su-primer-album\\\/#primaryimage\"},\"image\":{\"@id\":\"https:\\\/\\\/unaymilletras.com\\\/joaquina-lanza-su-nuevo-single-y-anuncia-su-primer-album\\\/#primaryimage\"},\"thumbnailUrl\":\"https:\\\/\\\/unaymilletras.com\\\/wp-content\\\/uploads\\\/2024\\\/12\\\/1174773_joaquina-aeropuerto-2.jpg\",\"datePublished\":\"2024-12-15T13:00:00+00:00\",\"description\":\"El \u00e1lbum debut de la ganadora m\u00e1s joven del Latin Grammy, Joaquina, llegar\u00e1 el 31 de enero de 2025 y Aeropuerto es su primer adelanto\",\"breadcrumb\":{\"@id\":\"https:\\\/\\\/unaymilletras.com\\\/joaquina-lanza-su-nuevo-single-y-anuncia-su-primer-album\\\/#breadcrumb\"},\"inLanguage\":\"en-GB\",\"potentialAction\":[{\"@type\":\"ReadAction\",\"target\":[\"https:\\\/\\\/unaymilletras.com\\\/joaquina-lanza-su-nuevo-single-y-anuncia-su-primer-album\\\/\"]}]},{\"@type\":\"ImageObject\",\"inLanguage\":\"en-GB\",\"@id\":\"https:\\\/\\\/unaymilletras.com\\\/joaquina-lanza-su-nuevo-single-y-anuncia-su-primer-album\\\/#primaryimage\",\"url\":\"https:\\\/\\\/unaymilletras.com\\\/wp-content\\\/uploads\\\/2024\\\/12\\\/1174773_joaquina-aeropuerto-2.jpg\",\"contentUrl\":\"https:\\\/\\\/unaymilletras.com\\\/wp-content\\\/uploads\\\/2024\\\/12\\\/1174773_joaquina-aeropuerto-2.jpg\",\"width\":954,\"height\":1348,\"caption\":\"Joaquina\"},{\"@type\":\"BreadcrumbList\",\"@id\":\"https:\\\/\\\/unaymilletras.com\\\/joaquina-lanza-su-nuevo-single-y-anuncia-su-primer-album\\\/#breadcrumb\",\"itemListElement\":[{\"@type\":\"ListItem\",\"position\":1,\"name\":\"Home\",\"item\":\"http:\\\/\\\/unaymilletras.com\\\/\"},{\"@type\":\"ListItem\",\"position\":2,\"name\":\"Joaquina lanza su nuevo single y anuncia su primer \u00e1lbum\"}]},{\"@type\":\"WebSite\",\"@id\":\"http:\\\/\\\/unaymilletras.com\\\/#website\",\"url\":\"http:\\\/\\\/unaymilletras.com\\\/\",\"name\":\"Una y Mil Letras\",\"description\":\"\",\"publisher\":{\"@id\":\"http:\\\/\\\/unaymilletras.com\\\/#organization\"},\"potentialAction\":[{\"@type\":\"SearchAction\",\"target\":{\"@type\":\"EntryPoint\",\"urlTemplate\":\"http:\\\/\\\/unaymilletras.com\\\/?s={search_term_string}\"},\"query-input\":{\"@type\":\"PropertyValueSpecification\",\"valueRequired\":true,\"valueName\":\"search_term_string\"}}],\"inLanguage\":\"en-GB\"},{\"@type\":\"Organization\",\"@id\":\"http:\\\/\\\/unaymilletras.com\\\/#organization\",\"name\":\"Una y Mil Letras\",\"url\":\"http:\\\/\\\/unaymilletras.com\\\/\",\"logo\":{\"@type\":\"ImageObject\",\"inLanguage\":\"en-GB\",\"@id\":\"http:\\\/\\\/unaymilletras.com\\\/#\\\/schema\\\/logo\\\/image\\\/\",\"url\":\"https:\\\/\\\/unaymilletras.com\\\/wp-content\\\/uploads\\\/2024\\\/06\\\/cropped-Logo-removebg-preview.png\",\"contentUrl\":\"https:\\\/\\\/unaymilletras.com\\\/wp-content\\\/uploads\\\/2024\\\/06\\\/cropped-Logo-removebg-preview.png\",\"width\":512,\"height\":512,\"caption\":\"Una y Mil Letras\"},\"image\":{\"@id\":\"http:\\\/\\\/unaymilletras.com\\\/#\\\/schema\\\/logo\\\/image\\\/\"},\"sameAs\":[\"https:\\\/\\\/x.com\\\/UnaYMilLetras\",\"https:\\\/\\\/instagram.com\\\/UnaYMilLetras\"]},{\"@type\":\"Person\",\"@id\":\"http:\\\/\\\/unaymilletras.com\\\/#\\\/schema\\\/person\\\/0860dc8a218329991ee2c7591f4f849d\",\"name\":\"Redacci\u00f3n\",\"image\":{\"@type\":\"ImageObject\",\"inLanguage\":\"en-GB\",\"@id\":\"https:\\\/\\\/secure.gravatar.com\\\/avatar\\\/d8f55e05a8b6597e45c55a1dcbdbfe44f4a360d88b48e00de5216a79b7732796?s=96&d=mm&r=g\",\"url\":\"https:\\\/\\\/secure.gravatar.com\\\/avatar\\\/d8f55e05a8b6597e45c55a1dcbdbfe44f4a360d88b48e00de5216a79b7732796?s=96&d=mm&r=g\",\"contentUrl\":\"https:\\\/\\\/secure.gravatar.com\\\/avatar\\\/d8f55e05a8b6597e45c55a1dcbdbfe44f4a360d88b48e00de5216a79b7732796?s=96&d=mm&r=g\",\"caption\":\"Redacci\u00f3n\"},\"url\":\"https:\\\/\\\/unaymilletras.com\\\/en\\\/author\\\/redaccion\\\/\"}]}<\/script>\n<!-- \/ Yoast SEO plugin. -->","yoast_head_json":{"title":"Joaquina lanza su nuevo single y anuncia su primer \u00e1lbum","description":"El \u00e1lbum debut de la ganadora m\u00e1s joven del Latin Grammy, Joaquina, llegar\u00e1 el 31 de enero de 2025 y Aeropuerto es su primer adelanto","robots":{"index":"index","follow":"follow","max-snippet":"max-snippet:-1","max-image-preview":"max-image-preview:large","max-video-preview":"max-video-preview:-1"},"canonical":"https:\/\/unaymilletras.com\/en\/joaquina-lanza-su-nuevo-single-y-anuncia-su-primer-album\/","og_locale":"en_GB","og_type":"article","og_title":"Joaquina lanza su nuevo single y anuncia su primer \u00e1lbum","og_description":"El \u00e1lbum debut de la ganadora m\u00e1s joven del Latin Grammy, Joaquina, llegar\u00e1 el 31 de enero de 2025 y Aeropuerto es su primer adelanto","og_url":"https:\/\/unaymilletras.com\/en\/joaquina-lanza-su-nuevo-single-y-anuncia-su-primer-album\/","og_site_name":"Una y Mil Letras","article_published_time":"2024-12-15T13:00:00+00:00","og_image":[{"width":954,"height":1348,"url":"https:\/\/unaymilletras.com\/wp-content\/uploads\/2024\/12\/1174773_joaquina-aeropuerto-2.jpg","type":"image\/jpeg"}],"author":"Redacci\u00f3n","twitter_card":"summary_large_image","twitter_creator":"@UnaYMilLetras","twitter_site":"@UnaYMilLetras","twitter_misc":{"Written by":"Redacci\u00f3n","Estimated reading time":"2 minutes"},"schema":{"@context":"https:\/\/schema.org","@graph":[{"@type":"Article","@id":"https:\/\/unaymilletras.com\/joaquina-lanza-su-nuevo-single-y-anuncia-su-primer-album\/#article","isPartOf":{"@id":"https:\/\/unaymilletras.com\/joaquina-lanza-su-nuevo-single-y-anuncia-su-primer-album\/"},"author":{"name":"Redacci\u00f3n","@id":"http:\/\/unaymilletras.com\/#\/schema\/person\/0860dc8a218329991ee2c7591f4f849d"},"headline":"Joaquina lanza su nuevo single y anuncia su primer \u00e1lbum","datePublished":"2024-12-15T13:00:00+00:00","mainEntityOfPage":{"@id":"https:\/\/unaymilletras.com\/joaquina-lanza-su-nuevo-single-y-anuncia-su-primer-album\/"},"wordCount":323,"publisher":{"@id":"http:\/\/unaymilletras.com\/#organization"},"image":{"@id":"https:\/\/unaymilletras.com\/joaquina-lanza-su-nuevo-single-y-anuncia-su-primer-album\/#primaryimage"},"thumbnailUrl":"https:\/\/unaymilletras.com\/wp-content\/uploads\/2024\/12\/1174773_joaquina-aeropuerto-2.jpg","articleSection":["M\u00fasica"],"inLanguage":"en-GB"},{"@type":"WebPage","@id":"https:\/\/unaymilletras.com\/joaquina-lanza-su-nuevo-single-y-anuncia-su-primer-album\/","url":"https:\/\/unaymilletras.com\/joaquina-lanza-su-nuevo-single-y-anuncia-su-primer-album\/","name":"Joaquina lanza su nuevo single y anuncia su primer \u00e1lbum","isPartOf":{"@id":"http:\/\/unaymilletras.com\/#website"},"primaryImageOfPage":{"@id":"https:\/\/unaymilletras.com\/joaquina-lanza-su-nuevo-single-y-anuncia-su-primer-album\/#primaryimage"},"image":{"@id":"https:\/\/unaymilletras.com\/joaquina-lanza-su-nuevo-single-y-anuncia-su-primer-album\/#primaryimage"},"thumbnailUrl":"https:\/\/unaymilletras.com\/wp-content\/uploads\/2024\/12\/1174773_joaquina-aeropuerto-2.jpg","datePublished":"2024-12-15T13:00:00+00:00","description":"El \u00e1lbum debut de la ganadora m\u00e1s joven del Latin Grammy, Joaquina, llegar\u00e1 el 31 de enero de 2025 y Aeropuerto es su primer adelanto","breadcrumb":{"@id":"https:\/\/unaymilletras.com\/joaquina-lanza-su-nuevo-single-y-anuncia-su-primer-album\/#breadcrumb"},"inLanguage":"en-GB","potentialAction":[{"@type":"ReadAction","target":["https:\/\/unaymilletras.com\/joaquina-lanza-su-nuevo-single-y-anuncia-su-primer-album\/"]}]},{"@type":"ImageObject","inLanguage":"en-GB","@id":"https:\/\/unaymilletras.com\/joaquina-lanza-su-nuevo-single-y-anuncia-su-primer-album\/#primaryimage","url":"https:\/\/unaymilletras.com\/wp-content\/uploads\/2024\/12\/1174773_joaquina-aeropuerto-2.jpg","contentUrl":"https:\/\/unaymilletras.com\/wp-content\/uploads\/2024\/12\/1174773_joaquina-aeropuerto-2.jpg","width":954,"height":1348,"caption":"Joaquina"},{"@type":"BreadcrumbList","@id":"https:\/\/unaymilletras.com\/joaquina-lanza-su-nuevo-single-y-anuncia-su-primer-album\/#breadcrumb","itemListElement":[{"@type":"ListItem","position":1,"name":"Home","item":"http:\/\/unaymilletras.com\/"},{"@type":"ListItem","position":2,"name":"Joaquina lanza su nuevo single y anuncia su primer \u00e1lbum"}]},{"@type":"WebSite","@id":"http:\/\/unaymilletras.com\/#website","url":"http:\/\/unaymilletras.com\/","name":"Una y Mil Letras","description":"","publisher":{"@id":"http:\/\/unaymilletras.com\/#organization"},"potentialAction":[{"@type":"SearchAction","target":{"@type":"EntryPoint","urlTemplate":"http:\/\/unaymilletras.com\/?s={search_term_string}"},"query-input":{"@type":"PropertyValueSpecification","valueRequired":true,"valueName":"search_term_string"}}],"inLanguage":"en-GB"},{"@type":"Organization","@id":"http:\/\/unaymilletras.com\/#organization","name":"Una y Mil Letras","url":"http:\/\/unaymilletras.com\/","logo":{"@type":"ImageObject","inLanguage":"en-GB","@id":"http:\/\/unaymilletras.com\/#\/schema\/logo\/image\/","url":"https:\/\/unaymilletras.com\/wp-content\/uploads\/2024\/06\/cropped-Logo-removebg-preview.png","contentUrl":"https:\/\/unaymilletras.com\/wp-content\/uploads\/2024\/06\/cropped-Logo-removebg-preview.png","width":512,"height":512,"caption":"Una y Mil Letras"},"image":{"@id":"http:\/\/unaymilletras.com\/#\/schema\/logo\/image\/"},"sameAs":["https:\/\/x.com\/UnaYMilLetras","https:\/\/instagram.com\/UnaYMilLetras"]},{"@type":"Person","@id":"http:\/\/unaymilletras.com\/#\/schema\/person\/0860dc8a218329991ee2c7591f4f849d","name":"Redacci\u00f3n","image":{"@type":"ImageObject","inLanguage":"en-GB","@id":"https:\/\/secure.gravatar.com\/avatar\/d8f55e05a8b6597e45c55a1dcbdbfe44f4a360d88b48e00de5216a79b7732796?s=96&d=mm&r=g","url":"https:\/\/secure.gravatar.com\/avatar\/d8f55e05a8b6597e45c55a1dcbdbfe44f4a360d88b48e00de5216a79b7732796?s=96&d=mm&r=g","contentUrl":"https:\/\/secure.gravatar.com\/avatar\/d8f55e05a8b6597e45c55a1dcbdbfe44f4a360d88b48e00de5216a79b7732796?s=96&d=mm&r=g","caption":"Redacci\u00f3n"},"url":"https:\/\/unaymilletras.com\/en\/author\/redaccion\/"}]}},"_links":{"self":[{"href":"https:\/\/unaymilletras.com\/en\/wp-json\/wp\/v2\/posts\/3485","targetHints":{"allow":["GET"]}}],"collection":[{"href":"https:\/\/unaymilletras.com\/en\/wp-json\/wp\/v2\/posts"}],"about":[{"href":"https:\/\/unaymilletras.com\/en\/wp-json\/wp\/v2\/types\/post"}],"author":[{"embeddable":true,"href":"https:\/\/unaymilletras.com\/en\/wp-json\/wp\/v2\/users\/6"}],"replies":[{"embeddable":true,"href":"https:\/\/unaymilletras.com\/en\/wp-json\/wp\/v2\/comments?post=3485"}],"version-history":[{"count":7,"href":"https:\/\/unaymilletras.com\/en\/wp-json\/wp\/v2\/posts\/3485\/revisions"}],"predecessor-version":[{"id":3493,"href":"https:\/\/unaymilletras.com\/en\/wp-json\/wp\/v2\/posts\/3485\/revisions\/3493"}],"wp:featuredmedia":[{"embeddable":true,"href":"https:\/\/unaymilletras.com\/en\/wp-json\/wp\/v2\/media\/3487"}],"wp:attachment":[{"href":"https:\/\/unaymilletras.com\/en\/wp-json\/wp\/v2\/media?parent=3485"}],"wp:term":[{"taxonomy":"category","embeddable":true,"href":"https:\/\/unaymilletras.com\/en\/wp-json\/wp\/v2\/categories?post=3485"},{"taxonomy":"post_tag","embeddable":true,"href":"https:\/\/unaymilletras.com\/en\/wp-json\/wp\/v2\/tags?post=3485"}],"curies":[{"name":"wp","href":"https:\/\/api.w.org\/{rel}","templated":true}]}}